{"id":5052,"date":"2024-02-26T19:11:50","date_gmt":"2024-02-27T01:11:50","guid":{"rendered":"https:\/\/soymigrante.com\/revista\/?p=5052"},"modified":"2024-11-01T02:47:40","modified_gmt":"2024-11-01T08:47:40","slug":"brenda-romero-migrante-quetzaltenango-washington-fiestas-decorados-creatividad","status":"publish","type":"post","link":"https:\/\/soymigrante.com\/revista\/brenda-romero-migrante-quetzaltenango-washington-fiestas-decorados-creatividad\/","title":{"rendered":"La migrante Brenda Romero le pone el alma a las fiestas en Washington D.C."},"content":{"rendered":"\t\t<div data-elementor-type=\"wp-post\" data-elementor-id=\"5052\" class=\"elementor elementor-5052\" data-elementor-post-type=\"post\">\n\t\t\t\t\t\t<section data-particle_enable=\"false\" data-particle-mobile-disabled=\"false\" class=\"elementor-section elementor-top-section elementor-element elementor-element-d1b21b2 elementor-section-boxed elementor-section-height-default elementor-section-height-default\" data-id=\"d1b21b2\" data-element_type=\"section\" data-e-type=\"section\">\n\t\t\t\t\t\t<div class=\"elementor-container elementor-column-gap-default\">\n\t\t\t\t\t<div class=\"elementor-column elementor-col-100 elementor-top-column elementor-element elementor-element-8de6a0d\" data-id=\"8de6a0d\" data-element_type=\"column\" data-e-type=\"column\">\n\t\t\t<div class=\"elementor-widget-wrap elementor-element-populated\">\n\t\t\t\t\t\t<div class=\"elementor-element elementor-element-94fbd74 elementor-widget elementor-widget-heading\" data-id=\"94fbd74\" data-element_type=\"widget\" data-e-type=\"widget\" data-widget_type=\"heading.default\">\n\t\t\t\t\t<h1 class=\"elementor-heading-title elementor-size-default\">Brenda Romero es  originaria de San Juan Ostuncalco, Quetzaltenango. Es t\u00e9cnica en  laboratorio  biol\u00f3gico, labora en una cl\u00ednica ortop\u00e9dica pero como buena migrante emprendi\u00f3 un negocio llamado Decorados 502, en el que ofrece accesorios y mobiliarios de fiesta en el \u00e1rea de Washington D.C.\n<\/h1>\t\t\t\t<\/div>\n\t\t\t\t\t<\/div>\n\t\t<\/div>\n\t\t\t\t\t<\/div>\n\t\t<\/section>\n\t\t\t\t<section data-particle_enable=\"false\" data-particle-mobile-disabled=\"false\" class=\"elementor-section elementor-top-section elementor-element elementor-element-8a370dc elementor-section-boxed elementor-section-height-default elementor-section-height-default\" data-id=\"8a370dc\" data-element_type=\"section\" data-e-type=\"section\">\n\t\t\t\t\t\t<div class=\"elementor-container elementor-column-gap-default\">\n\t\t\t\t\t<div class=\"elementor-column elementor-col-100 elementor-top-column elementor-element elementor-element-a91d4cf\" data-id=\"a91d4cf\" data-element_type=\"column\" data-e-type=\"column\">\n\t\t\t<div class=\"elementor-widget-wrap elementor-element-populated\">\n\t\t\t\t\t\t<div class=\"elementor-element elementor-element-5ad7664 elementor-widget elementor-widget-image\" data-id=\"5ad7664\" data-element_type=\"widget\" data-e-type=\"widget\" data-widget_type=\"image.default\">\n\t\t\t\t\t\t\t\t\t\t\t\t<figure class=\"wp-caption\">\n\t\t\t\t\t\t\t\t\t\t<img fetchpriority=\"high\" decoding=\"async\" width=\"366\" height=\"327\" src=\"https:\/\/soymigrante.com\/revista\/wp-content\/uploads\/2024\/02\/brenda.webp\" class=\"attachment-large size-large wp-image-5081\" alt=\"Brenda Romero siempre disfrut\u00f3 de las manualidades y aunque tiene un empleo fijo, emprendi\u00f3 el negocio de decoraciones para plasmar su creatividad y generarse un ingreso adicional.\" srcset=\"https:\/\/soymigrante.com\/revista\/wp-content\/uploads\/2024\/02\/brenda.webp 366w, https:\/\/soymigrante.com\/revista\/wp-content\/uploads\/2024\/02\/brenda-300x268.webp 300w\" sizes=\"(max-width: 366px) 100vw, 366px\" \/>\t\t\t\t\t\t\t\t\t\t\t<figcaption class=\"widget-image-caption wp-caption-text\">Brenda Romero siempre disfrut\u00f3 de las manualidades y aunque tiene un empleo fijo, emprendi\u00f3 el negocio de decoraciones para plasmar su creatividad y generarse un ingreso adicional.<\/figcaption>\n\t\t\t\t\t\t\t\t\t\t<\/figure>\n\t\t\t\t\t\t\t\t\t<\/div>\n\t\t\t\t\t<\/div>\n\t\t<\/div>\n\t\t\t\t\t<\/div>\n\t\t<\/section>\n\t\t\t\t<section data-particle_enable=\"false\" data-particle-mobile-disabled=\"false\" class=\"elementor-section elementor-top-section elementor-element elementor-element-3fd66ef elementor-section-boxed elementor-section-height-default elementor-section-height-default\" data-id=\"3fd66ef\" data-element_type=\"section\" data-e-type=\"section\">\n\t\t\t\t\t\t<div class=\"elementor-container elementor-column-gap-default\">\n\t\t\t\t\t<div class=\"elementor-column elementor-col-100 elementor-top-column elementor-element elementor-element-9f32027\" data-id=\"9f32027\" data-element_type=\"column\" data-e-type=\"column\">\n\t\t\t<div class=\"elementor-widget-wrap elementor-element-populated\">\n\t\t\t\t\t\t<div class=\"elementor-element elementor-element-07053d4 elementor-widget elementor-widget-heading\" data-id=\"07053d4\" data-element_type=\"widget\" data-e-type=\"widget\" data-widget_type=\"heading.default\">\n\t\t\t\t\t<h2 class=\"elementor-heading-title elementor-size-default\">La ni\u00f1a de Ostuncalco<\/h2>\t\t\t\t<\/div>\n\t\t\t\t\t<\/div>\n\t\t<\/div>\n\t\t\t\t\t<\/div>\n\t\t<\/section>\n\t\t\t\t<section data-particle_enable=\"false\" data-particle-mobile-disabled=\"false\" class=\"elementor-section elementor-top-section elementor-element elementor-element-9ba7d93 elementor-section-boxed elementor-section-height-default elementor-section-height-default\" data-id=\"9ba7d93\" data-element_type=\"section\" data-e-type=\"section\">\n\t\t\t\t\t\t<div class=\"elementor-container elementor-column-gap-default\">\n\t\t\t\t\t<div class=\"elementor-column elementor-col-100 elementor-top-column elementor-element elementor-element-a44d7d4\" data-id=\"a44d7d4\" data-element_type=\"column\" data-e-type=\"column\">\n\t\t\t<div class=\"elementor-widget-wrap elementor-element-populated\">\n\t\t\t\t\t\t<div class=\"elementor-element elementor-element-e22cb06 elementor-widget elementor-widget-text-editor\" data-id=\"e22cb06\" data-element_type=\"widget\" data-e-type=\"widget\" data-widget_type=\"text-editor.default\">\n\t\t\t\t\t\t\t\t\t<p><span style=\"font-weight: 400;\">Brenda Romero M\u00e9ndez naci\u00f3 en\u00a0 San Juan Ostuncalco, Quetzaltenango, Guatemala. A muy corta edad qued\u00f3 al cuidado de sus abuelos debido a que su mam\u00e1, Rosenda M\u00e9ndez,\u00a0 migr\u00f3 a Estados Unidos. Tiempo despu\u00e9s le toc\u00f3 el turno de convertirse en migrante. No fue f\u00e1cil, sobre todo porque a personas muy queridas ya no las volvi\u00f3 a ver.<\/span><\/p><p><span style=\"font-family: Roboto, sans-serif; font-size: 16px; font-style: normal; font-variant-ligatures: normal; font-variant-caps: normal; font-weight: 400;\">\u201cMi mam\u00e1 estaba en Estados Unidos y regres\u00f3 a Guatemala para llevarme con ella en 2004. Una parte dif\u00edcil fue dejar a mis abuelos y t\u00edos, lamentablemente algunos de ellos ya fallecieron\u201d. En 2023 Brenda regres\u00f3 de visita a su tierra, una experiencia de alegr\u00eda que a la vez le motiv\u00f3 nostalgia, porque de alguna manera s\u00ed era el mismo pueblo pero a la vez ya no exist\u00eda aquel lugar donde creci\u00f3.<\/span><span style=\"font-weight: 400;\"><br \/><\/span><\/p><p>Desde su llegada radica en el \u00e1rea de Washington D.C., lugar donde pudo estudiar y lleg\u00f3 a obtener el t\u00edtulo universitario de especialista en laboratorio cl\u00ednico. De joven, para aprotar al hogar tuvo que laborar en restaurantes y actualmente se desempe\u00f1a en el \u00e1rea administrativa de una cl\u00ednica ortop\u00e9dica.\u00a0<\/p><p>Form\u00f3 una familia junto a Carlos Mendoza, su esposo, quien se dedica a la construcci\u00f3n.\u00a0<span style=\"font-family: Roboto, sans-serif; font-size: 16px; font-style: normal; font-variant-ligatures: normal; font-variant-caps: normal; font-weight: 400; color: var( --e-global-color-text );\">\u00a0Comparten sue\u00f1os de superaci\u00f3n y fue as\u00ed como emprendieron una empresa que provee adornos y mobiliario para fiestas y eventos. Se llama DecoracionesGT 502.\u00a0\u00a0<\/span><\/p>\t\t\t\t\t\t\t\t<\/div>\n\t\t\t\t\t<\/div>\n\t\t<\/div>\n\t\t\t\t\t<\/div>\n\t\t<\/section>\n\t\t\t\t<section data-particle_enable=\"false\" data-particle-mobile-disabled=\"false\" class=\"elementor-section elementor-top-section elementor-element elementor-element-fc3149e elementor-section-boxed elementor-section-height-default elementor-section-height-default\" data-id=\"fc3149e\" data-element_type=\"section\" data-e-type=\"section\">\n\t\t\t\t\t\t<div class=\"elementor-container elementor-column-gap-default\">\n\t\t\t\t\t<div class=\"elementor-column elementor-col-100 elementor-top-column elementor-element elementor-element-8701481\" data-id=\"8701481\" data-element_type=\"column\" data-e-type=\"column\">\n\t\t\t<div class=\"elementor-widget-wrap elementor-element-populated\">\n\t\t\t\t\t\t<div class=\"elementor-element elementor-element-948aaa2 elementor-widget elementor-widget-image\" data-id=\"948aaa2\" data-element_type=\"widget\" data-e-type=\"widget\" data-widget_type=\"image.default\">\n\t\t\t\t\t\t\t\t\t\t\t\t<figure class=\"wp-caption\">\n\t\t\t\t\t\t\t\t\t\t<img decoding=\"async\" width=\"768\" height=\"832\" src=\"https:\/\/soymigrante.com\/revista\/wp-content\/uploads\/2024\/02\/emprendimiento-768x832.webp\" class=\"attachment-medium_large size-medium_large wp-image-5003\" alt=\"Brenda Romera ha motivado e involucrado a sus hijos para que aporten ideas y tambi\u00e9n sus manos en la elaboraci\u00f3n de ambientes festivos frescos y creativos.\" srcset=\"https:\/\/soymigrante.com\/revista\/wp-content\/uploads\/2024\/02\/emprendimiento-768x832.webp 768w, https:\/\/soymigrante.com\/revista\/wp-content\/uploads\/2024\/02\/emprendimiento-945x1024.webp 945w, https:\/\/soymigrante.com\/revista\/wp-content\/uploads\/2024\/02\/emprendimiento-750x813.webp 750w, https:\/\/soymigrante.com\/revista\/wp-content\/uploads\/2024\/02\/emprendimiento-1140x1235.webp 1140w\" sizes=\"(max-width: 768px) 100vw, 768px\" \/>\t\t\t\t\t\t\t\t\t\t\t<figcaption class=\"widget-image-caption wp-caption-text\">Brenda Romera ha motivado e involucrado a sus hijos para que aporten ideas y tambi\u00e9n sus manos en la elaboraci\u00f3n de ambientes festivos frescos y creativos.<\/figcaption>\n\t\t\t\t\t\t\t\t\t\t<\/figure>\n\t\t\t\t\t\t\t\t\t<\/div>\n\t\t\t\t\t<\/div>\n\t\t<\/div>\n\t\t\t\t\t<\/div>\n\t\t<\/section>\n\t\t\t\t<section data-particle_enable=\"false\" data-particle-mobile-disabled=\"false\" class=\"elementor-section elementor-top-section elementor-element elementor-element-c924d6a elementor-section-boxed elementor-section-height-default elementor-section-height-default\" data-id=\"c924d6a\" data-element_type=\"section\" data-e-type=\"section\">\n\t\t\t\t\t\t<div class=\"elementor-container elementor-column-gap-default\">\n\t\t\t\t\t<div class=\"elementor-column elementor-col-100 elementor-top-column elementor-element elementor-element-e4fb1fe\" data-id=\"e4fb1fe\" data-element_type=\"column\" data-e-type=\"column\">\n\t\t\t<div class=\"elementor-widget-wrap elementor-element-populated\">\n\t\t\t\t\t\t<div class=\"elementor-element elementor-element-18e9d5c elementor-widget elementor-widget-heading\" data-id=\"18e9d5c\" data-element_type=\"widget\" data-e-type=\"widget\" data-widget_type=\"heading.default\">\n\t\t\t\t\t<h2 class=\"elementor-heading-title elementor-size-default\">Como si fuera para su propia fiesta<\/h2>\t\t\t\t<\/div>\n\t\t\t\t\t<\/div>\n\t\t<\/div>\n\t\t\t\t\t<\/div>\n\t\t<\/section>\n\t\t\t\t<section data-particle_enable=\"false\" data-particle-mobile-disabled=\"false\" class=\"elementor-section elementor-top-section elementor-element elementor-element-96a0311 elementor-section-boxed elementor-section-height-default elementor-section-height-default\" data-id=\"96a0311\" data-element_type=\"section\" data-e-type=\"section\">\n\t\t\t\t\t\t<div class=\"elementor-container elementor-column-gap-default\">\n\t\t\t\t\t<div class=\"elementor-column elementor-col-100 elementor-top-column elementor-element elementor-element-6adebbf\" data-id=\"6adebbf\" data-element_type=\"column\" data-e-type=\"column\">\n\t\t\t<div class=\"elementor-widget-wrap elementor-element-populated\">\n\t\t\t\t\t\t<div class=\"elementor-element elementor-element-505f77d elementor-widget elementor-widget-text-editor\" data-id=\"505f77d\" data-element_type=\"widget\" data-e-type=\"widget\" data-widget_type=\"text-editor.default\">\n\t\t\t\t\t\t\t\t\t<p><span style=\"font-weight: 400;\">El concepto de Decoraciones GT 502 surgi\u00f3 de una idea muy sencilla: ofrecer a los clientes un ambiente festivo, original y familiar tal como la propia Brenda lo har\u00eda para una celebraci\u00f3n en su casa.\u00a0<\/span><span style=\"font-weight: 400; color: var( --e-global-color-text );\">\u00a0\u201cDesde siempre me llama atenci\u00f3n las decoraciones. En las fiestas me encargaba de elaborar los arreglos, y fue as\u00ed ccomo encontr\u00e9 la oportunidad de crear este negocio\u201d.<\/span><\/p><p><span style=\"font-weight: 400;\">El nombre fue idea de Brenda y Carlos, debido a su cercan\u00eda y frecuentes encargos de la comunidad migrante guatemalteca, sin embargo tambi\u00e9n reciben contrataciones de hogares migrantes de otros pa\u00edses. Para fortalecer su ingenio y aprender sobre tendencias y materiales modernos tom\u00f3 cursos de artesan\u00eda y manualidades. Aprovech\u00f3 tutoriales de video en Facebook y YouTube para elaborar sus propios conceptos y complacer los pedidos e ideas de los clientes.<\/span><\/p><p><span style=\"font-weight: 400; color: var( --e-global-color-text );\">Comenzaron a recibir encargos y esto gener\u00f3 la necesidad de m\u00e1s espacio de trabajo y bodega. Se cambiaron de casa. Empezaron vendiendo pi\u00f1atas, decorados artesanales y bolsas para sorpresas con dulces. Pero luego poco a poco les ped\u00edan mesas, sillas, manteles, toldos en eventos\u00a0 de cumplea\u00f1os, bodas,\u00a0<\/span><span style=\"color: var( --e-global-color-text ); font-weight: 400;\">15 a\u00f1os, bautizos y m\u00e1s.\u00a0<\/span><\/p><p><span style=\"font-weight: 400;\">\u201cLo m\u00e1s dif\u00edcil para m\u00ed fue encontrar un espacio para trabajar. Nuestro sue\u00f1o ahora es tener una tienda f\u00edsica y expandirnos a otros estados y brindar espacios laborales\u201d. Carlos Mendoza, Jessica Gir\u00f3n, Aguilar, y familiares son responsables del funcionamiento de esta empresa.<\/span><\/p>\t\t\t\t\t\t\t\t<\/div>\n\t\t\t\t\t<\/div>\n\t\t<\/div>\n\t\t\t\t\t<\/div>\n\t\t<\/section>\n\t\t\t\t<section data-particle_enable=\"false\" data-particle-mobile-disabled=\"false\" class=\"elementor-section elementor-top-section elementor-element elementor-element-d64d0ca elementor-section-boxed elementor-section-height-default elementor-section-height-default\" data-id=\"d64d0ca\" data-element_type=\"section\" data-e-type=\"section\">\n\t\t\t\t\t\t<div class=\"elementor-container elementor-column-gap-default\">\n\t\t\t\t\t<div class=\"elementor-column elementor-col-100 elementor-top-column elementor-element elementor-element-fe686bc\" data-id=\"fe686bc\" data-element_type=\"column\" data-e-type=\"column\">\n\t\t\t<div class=\"elementor-widget-wrap elementor-element-populated\">\n\t\t\t\t\t\t<div class=\"elementor-element elementor-element-c5d02a2 elementor-widget elementor-widget-image\" data-id=\"c5d02a2\" data-element_type=\"widget\" data-e-type=\"widget\" data-widget_type=\"image.default\">\n\t\t\t\t\t\t\t\t\t\t\t\t<figure class=\"wp-caption\">\n\t\t\t\t\t\t\t\t\t\t<img decoding=\"async\" width=\"768\" height=\"832\" src=\"https:\/\/soymigrante.com\/revista\/wp-content\/uploads\/2024\/02\/decoraciones-502-768x832.webp\" class=\"attachment-medium_large size-medium_large wp-image-5006\" alt=\"Al comienzo ofrec\u00edan el servicio de decoraci\u00f3n de centros de mesas, pi\u00f1atas y bolsas sorpresa. Con el crecimiento ampl\u00edan servicios de mesas, manteler\u00eda y otros.\" srcset=\"https:\/\/soymigrante.com\/revista\/wp-content\/uploads\/2024\/02\/decoraciones-502-768x832.webp 768w, https:\/\/soymigrante.com\/revista\/wp-content\/uploads\/2024\/02\/decoraciones-502-277x300.webp 277w, https:\/\/soymigrante.com\/revista\/wp-content\/uploads\/2024\/02\/decoraciones-502-945x1024.webp 945w, https:\/\/soymigrante.com\/revista\/wp-content\/uploads\/2024\/02\/decoraciones-502-750x813.webp 750w, https:\/\/soymigrante.com\/revista\/wp-content\/uploads\/2024\/02\/decoraciones-502-1140x1235.webp 1140w, https:\/\/soymigrante.com\/revista\/wp-content\/uploads\/2024\/02\/decoraciones-502.webp 1200w\" sizes=\"(max-width: 768px) 100vw, 768px\" \/>\t\t\t\t\t\t\t\t\t\t\t<figcaption class=\"widget-image-caption wp-caption-text\">Al comienzo ofrec\u00edan el servicio de decoraci\u00f3n de centros de mesas, pi\u00f1atas y bolsas sorpresa. Con el crecimiento ampl\u00edan servicios de mesas, manteler\u00eda y otros.<\/figcaption>\n\t\t\t\t\t\t\t\t\t\t<\/figure>\n\t\t\t\t\t\t\t\t\t<\/div>\n\t\t\t\t\t<\/div>\n\t\t<\/div>\n\t\t\t\t\t<\/div>\n\t\t<\/section>\n\t\t\t\t<section data-particle_enable=\"false\" data-particle-mobile-disabled=\"false\" class=\"elementor-section elementor-top-section elementor-element elementor-element-30a2a86 elementor-section-boxed elementor-section-height-default elementor-section-height-default\" data-id=\"30a2a86\" data-element_type=\"section\" data-e-type=\"section\">\n\t\t\t\t\t\t<div class=\"elementor-container elementor-column-gap-default\">\n\t\t\t\t\t<div class=\"elementor-column elementor-col-100 elementor-top-column elementor-element elementor-element-880cf3d\" data-id=\"880cf3d\" data-element_type=\"column\" data-e-type=\"column\">\n\t\t\t<div class=\"elementor-widget-wrap elementor-element-populated\">\n\t\t\t\t\t\t<div class=\"elementor-element elementor-element-d62bb79 elementor-widget elementor-widget-heading\" data-id=\"d62bb79\" data-element_type=\"widget\" data-e-type=\"widget\" data-widget_type=\"heading.default\">\n\t\t\t\t\t<h2 class=\"elementor-heading-title elementor-size-default\">Trabajan con emociones y sue\u00f1os <\/h2>\t\t\t\t<\/div>\n\t\t\t\t\t<\/div>\n\t\t<\/div>\n\t\t\t\t\t<\/div>\n\t\t<\/section>\n\t\t\t\t<section data-particle_enable=\"false\" data-particle-mobile-disabled=\"false\" class=\"elementor-section elementor-top-section elementor-element elementor-element-77ad90f elementor-section-boxed elementor-section-height-default elementor-section-height-default\" data-id=\"77ad90f\" data-element_type=\"section\" data-e-type=\"section\">\n\t\t\t\t\t\t<div class=\"elementor-container elementor-column-gap-default\">\n\t\t\t\t\t<div class=\"elementor-column elementor-col-100 elementor-top-column elementor-element elementor-element-ee5301c\" data-id=\"ee5301c\" data-element_type=\"column\" data-e-type=\"column\">\n\t\t\t<div class=\"elementor-widget-wrap elementor-element-populated\">\n\t\t\t\t\t\t<div class=\"elementor-element elementor-element-4aac665 elementor-widget elementor-widget-text-editor\" data-id=\"4aac665\" data-element_type=\"widget\" data-e-type=\"widget\" data-widget_type=\"text-editor.default\">\n\t\t\t\t\t\t\t\t\t<p><span style=\"font-weight: 400;\">Una de los compromisos de Brenda y su equipo es transmitir la sensaci\u00f3n de una fiesta guatemalteca a trav\u00e9s de las decoraciones tradicionales de su pa\u00eds. \u201cMi mayor satisfacci\u00f3n es brindarles un buen servicio y cumplir las ideas de la clientela\u201d<\/span><\/p><p><span style=\"font-weight: 400;\">El crecimiento empresarial tambi\u00e9n se debe a Oliver Aguilar, quien est\u00e1 a cargo de la promoci\u00f3n. \u201cTrabajo la parte de redes sociales de la p\u00e1gina y as\u00ed logramos conseguir clientes\u201d.\u00a0\u00a0<\/span><span style=\"font-weight: 400; color: var( --e-global-color-text );\">Facebook y Tik Tok son medios por los que conecta con la comunidad migrante guatemalteca.\u00a0<\/span><\/p><p><span style=\"font-weight: 400; color: var( --e-global-color-text );\">El trabajo de Decoraciones GT 502 satisface una necesidad econ\u00f3mica de familia y tambi\u00e9n una necesidad de ambiente alegre, con eficiencia, para migrantes que desean conmemorar una fecha especial. \u201cEste es un ejemplo para los hijos de Brenda, que vean que existe un esfuerzo por un mejor futuro\u201d, agrega Oliver.<\/span><\/p>\t\t\t\t\t\t\t\t<\/div>\n\t\t\t\t\t<\/div>\n\t\t<\/div>\n\t\t\t\t\t<\/div>\n\t\t<\/section>\n\t\t\t\t<section data-particle_enable=\"false\" data-particle-mobile-disabled=\"false\" class=\"elementor-section elementor-top-section elementor-element elementor-element-1ebb5fe elementor-section-boxed elementor-section-height-default elementor-section-height-default\" data-id=\"1ebb5fe\" data-element_type=\"section\" data-e-type=\"section\">\n\t\t\t\t\t\t<div class=\"elementor-container elementor-column-gap-default\">\n\t\t\t\t\t<div class=\"elementor-column elementor-col-100 elementor-top-column elementor-element elementor-element-5cddf0e\" data-id=\"5cddf0e\" data-element_type=\"column\" data-e-type=\"column\">\n\t\t\t<div class=\"elementor-widget-wrap elementor-element-populated\">\n\t\t\t\t\t\t<div class=\"elementor-element elementor-element-d310ec2 elementor-arrows-position-inside elementor-pagination-position-outside elementor-widget elementor-widget-image-carousel\" data-id=\"d310ec2\" data-element_type=\"widget\" data-e-type=\"widget\" data-settings=\"{&quot;slides_to_show&quot;:&quot;1&quot;,&quot;navigation&quot;:&quot;both&quot;,&quot;autoplay&quot;:&quot;yes&quot;,&quot;pause_on_hover&quot;:&quot;yes&quot;,&quot;pause_on_interaction&quot;:&quot;yes&quot;,&quot;autoplay_speed&quot;:5000,&quot;infinite&quot;:&quot;yes&quot;,&quot;effect&quot;:&quot;slide&quot;,&quot;speed&quot;:500}\" data-widget_type=\"image-carousel.default\">\n\t\t\t\t\t\t\t<div class=\"elementor-image-carousel-wrapper swiper\" role=\"region\" aria-roledescription=\"carousel\" aria-label=\"Carrusel de im\u00e1genes\" dir=\"ltr\">\n\t\t\t<div class=\"elementor-image-carousel swiper-wrapper\" aria-live=\"off\">\n\t\t\t\t\t\t\t\t<div class=\"swiper-slide\" role=\"group\" aria-roledescription=\"slide\" aria-label=\"1 de 14\"><figure class=\"swiper-slide-inner\"><img decoding=\"async\" class=\"swiper-slide-image\" src=\"https:\/\/soymigrante.com\/revista\/wp-content\/uploads\/2024\/02\/baby-shower-768x1152.webp\" alt=\"baby shower\" \/><\/figure><\/div><div class=\"swiper-slide\" role=\"group\" aria-roledescription=\"slide\" aria-label=\"2 de 14\"><figure class=\"swiper-slide-inner\"><img decoding=\"async\" class=\"swiper-slide-image\" src=\"https:\/\/soymigrante.com\/revista\/wp-content\/uploads\/2024\/02\/cumpleanos-ninas-768x1152.webp\" alt=\"cumplea\u00f1os ni\u00f1as\" \/><\/figure><\/div><div class=\"swiper-slide\" role=\"group\" aria-roledescription=\"slide\" aria-label=\"3 de 14\"><figure class=\"swiper-slide-inner\"><img decoding=\"async\" class=\"swiper-slide-image\" src=\"https:\/\/soymigrante.com\/revista\/wp-content\/uploads\/2024\/02\/decoracion-768x1152.webp\" alt=\"decoraci\u00f3n de cumplea\u00f1os\" \/><\/figure><\/div><div class=\"swiper-slide\" role=\"group\" aria-roledescription=\"slide\" aria-label=\"4 de 14\"><figure class=\"swiper-slide-inner\"><img decoding=\"async\" class=\"swiper-slide-image\" src=\"https:\/\/soymigrante.com\/revista\/wp-content\/uploads\/2024\/02\/fiesta-de-cumpleanos-768x1152.webp\" alt=\"Decoraci\u00f3n infantil\" \/><\/figure><\/div><div class=\"swiper-slide\" role=\"group\" aria-roledescription=\"slide\" aria-label=\"5 de 14\"><figure class=\"swiper-slide-inner\"><img decoding=\"async\" class=\"swiper-slide-image\" src=\"https:\/\/soymigrante.com\/revista\/wp-content\/uploads\/2024\/02\/cumpleanos-768x1152.webp\" alt=\"Decoraci\u00f3n personalizada\" \/><\/figure><\/div><div class=\"swiper-slide\" role=\"group\" aria-roledescription=\"slide\" aria-label=\"6 de 14\"><figure class=\"swiper-slide-inner\"><img decoding=\"async\" class=\"swiper-slide-image\" src=\"https:\/\/soymigrante.com\/revista\/wp-content\/uploads\/2024\/02\/fiesta-768x1152.webp\" alt=\"celebraci\u00f3n\" \/><\/figure><\/div><div class=\"swiper-slide\" role=\"group\" aria-roledescription=\"slide\" aria-label=\"7 de 14\"><figure class=\"swiper-slide-inner\"><img decoding=\"async\" class=\"swiper-slide-image\" src=\"https:\/\/soymigrante.com\/revista\/wp-content\/uploads\/2024\/02\/celebracion-768x1152.webp\" alt=\"celebraci\u00f3n 100k\" \/><\/figure><\/div><div class=\"swiper-slide\" role=\"group\" aria-roledescription=\"slide\" aria-label=\"8 de 14\"><figure class=\"swiper-slide-inner\"><img decoding=\"async\" class=\"swiper-slide-image\" src=\"https:\/\/soymigrante.com\/revista\/wp-content\/uploads\/2024\/02\/cumpleanos-siete-768x1152.webp\" alt=\"Pi\u00f1atas tradicionales\" \/><\/figure><\/div><div class=\"swiper-slide\" role=\"group\" aria-roledescription=\"slide\" aria-label=\"9 de 14\"><figure class=\"swiper-slide-inner\"><img decoding=\"async\" class=\"swiper-slide-image\" src=\"https:\/\/soymigrante.com\/revista\/wp-content\/uploads\/2024\/02\/pinatas-768x1152.webp\" alt=\"pi\u00f1atas\" \/><\/figure><\/div><div class=\"swiper-slide\" role=\"group\" aria-roledescription=\"slide\" aria-label=\"10 de 14\"><figure class=\"swiper-slide-inner\"><img decoding=\"async\" class=\"swiper-slide-image\" src=\"https:\/\/soymigrante.com\/revista\/wp-content\/uploads\/2024\/02\/266-768x1152.webp\" alt=\"Arreglos personales\" \/><\/figure><\/div><div class=\"swiper-slide\" role=\"group\" aria-roledescription=\"slide\" aria-label=\"11 de 14\"><figure class=\"swiper-slide-inner\"><img decoding=\"async\" class=\"swiper-slide-image\" src=\"https:\/\/soymigrante.com\/revista\/wp-content\/uploads\/2024\/02\/arreglos-pesonales-768x1152.webp\" alt=\"Arreglos personales\" \/><\/figure><\/div><div class=\"swiper-slide\" role=\"group\" aria-roledescription=\"slide\" aria-label=\"12 de 14\"><figure class=\"swiper-slide-inner\"><img decoding=\"async\" class=\"swiper-slide-image\" src=\"https:\/\/soymigrante.com\/revista\/wp-content\/uploads\/2024\/02\/celebracion-personal-768x1152.webp\" alt=\"Arreglos personales\" \/><\/figure><\/div><div class=\"swiper-slide\" role=\"group\" aria-roledescription=\"slide\" aria-label=\"13 de 14\"><figure class=\"swiper-slide-inner\"><img decoding=\"async\" class=\"swiper-slide-image\" src=\"https:\/\/soymigrante.com\/revista\/wp-content\/uploads\/2024\/02\/peluches-768x1152.webp\" alt=\"Arreglos personales\" \/><\/figure><\/div><div class=\"swiper-slide\" role=\"group\" aria-roledescription=\"slide\" aria-label=\"14 de 14\"><figure class=\"swiper-slide-inner\"><img decoding=\"async\" class=\"swiper-slide-image\" src=\"https:\/\/soymigrante.com\/revista\/wp-content\/uploads\/2024\/02\/personales-768x1152.webp\" alt=\"Arreglos personales\" \/><\/figure><\/div>\t\t\t<\/div>\n\t\t\t\t\t\t\t\t\t\t\t\t<div class=\"elementor-swiper-button elementor-swiper-button-prev\" role=\"button\" tabindex=\"0\">\n\t\t\t\t\t\t<i aria-hidden=\"true\" class=\"eicon-chevron-left\"><\/i>\t\t\t\t\t<\/div>\n\t\t\t\t\t<div class=\"elementor-swiper-button elementor-swiper-button-next\" role=\"button\" tabindex=\"0\">\n\t\t\t\t\t\t<i aria-hidden=\"true\" class=\"eicon-chevron-right\"><\/i>\t\t\t\t\t<\/div>\n\t\t\t\t\n\t\t\t\t\t\t\t\t\t<div class=\"swiper-pagination\"><\/div>\n\t\t\t\t\t\t\t\t\t<\/div>\n\t\t\t\t\t\t<\/div>\n\t\t\t\t\t<\/div>\n\t\t<\/div>\n\t\t\t\t\t<\/div>\n\t\t<\/section>\n\t\t\t\t<section data-particle_enable=\"false\" data-particle-mobile-disabled=\"false\" class=\"elementor-section elementor-top-section elementor-element elementor-element-6b8a6b4 elementor-section-boxed elementor-section-height-default elementor-section-height-default\" data-id=\"6b8a6b4\" data-element_type=\"section\" data-e-type=\"section\">\n\t\t\t\t\t\t<div class=\"elementor-container elementor-column-gap-default\">\n\t\t\t\t\t<div class=\"elementor-column elementor-col-100 elementor-top-column elementor-element elementor-element-9e3521c\" data-id=\"9e3521c\" data-element_type=\"column\" data-e-type=\"column\">\n\t\t\t<div class=\"elementor-widget-wrap elementor-element-populated\">\n\t\t\t\t\t\t<div class=\"elementor-element elementor-element-7b8f310 elementor-widget elementor-widget-heading\" data-id=\"7b8f310\" data-element_type=\"widget\" data-e-type=\"widget\" data-widget_type=\"heading.default\">\n\t\t\t\t\t<h2 class=\"elementor-heading-title elementor-size-default\">Migrante y mujer guatemalteca\n<\/h2>\t\t\t\t<\/div>\n\t\t\t\t\t<\/div>\n\t\t<\/div>\n\t\t\t\t\t<\/div>\n\t\t<\/section>\n\t\t\t\t<section data-particle_enable=\"false\" data-particle-mobile-disabled=\"false\" class=\"elementor-section elementor-top-section elementor-element elementor-element-5c625d1 elementor-section-boxed elementor-section-height-default elementor-section-height-default\" data-id=\"5c625d1\" data-element_type=\"section\" data-e-type=\"section\">\n\t\t\t\t\t\t<div class=\"elementor-container elementor-column-gap-default\">\n\t\t\t\t\t<div class=\"elementor-column elementor-col-100 elementor-top-column elementor-element elementor-element-2bdefa9\" data-id=\"2bdefa9\" data-element_type=\"column\" data-e-type=\"column\">\n\t\t\t<div class=\"elementor-widget-wrap elementor-element-populated\">\n\t\t\t\t\t\t<div class=\"elementor-element elementor-element-a8a27db elementor-widget elementor-widget-text-editor\" data-id=\"a8a27db\" data-element_type=\"widget\" data-e-type=\"widget\" data-widget_type=\"text-editor.default\">\n\t\t\t\t\t\t\t\t\t<p><span style=\"font-weight: 400;\">\u00a0Brenda se siente orgulllosa de ser guatemalteca, de ser migrante y de ser emprendedora. Aunque lleva dos d\u00e9cadas en Estados Unidos a\u00fan mantiene una actitud de rechazo a la discriminaci\u00f3n y los estereotipos de g\u00e9nero que, por incre\u00edble que parezca, persisten en la comunidad estadounidesnse. \u201cEs un reto no solo por ser inmigrante sino por ser mujer, por que a\u00fain se necesita dignificar el aporte de las migrantes. Por eso Brenda es un ejemplo de superaci\u00f3n \u201d asegura Oliver.<\/span><\/p><p><span style=\"font-weight: 400;\">\u201cEn alg\u00fan momento el negocio crecer\u00e1 y este ser\u00e1 el legado que los hijos administrar\u00e1n y ellos deben estar orgullosos de su fundaci\u00f3n. Es un negocio establecido por\u00a0 padres migrantes\u201d agrega el tambi\u00e9n migrante, quien revela que por momentos las dificultades de recursos financieros han amenazado la continuida del emprendimiento. Pero siguen adelante.\u00a0<\/span><\/p><p><span style=\"font-weight: 400;\">\u201cCada paso que damos es gracias al apoyo incondicional de mi esposo, mi familia y el mi peque\u00f1o equipo de trabajo\u201d dijo: Brenda, cuya mayor fuerza y entusiasmo provienen de su deseo de sacar adelante a su familia.<\/span><\/p>\t\t\t\t\t\t\t\t<\/div>\n\t\t\t\t\t<\/div>\n\t\t<\/div>\n\t\t\t\t\t<\/div>\n\t\t<\/section>\n\t\t\t\t<section data-particle_enable=\"false\" data-particle-mobile-disabled=\"false\" class=\"elementor-section elementor-top-section elementor-element elementor-element-eff58e4 elementor-section-boxed elementor-section-height-default elementor-section-height-default\" data-id=\"eff58e4\" data-element_type=\"section\" data-e-type=\"section\">\n\t\t\t\t\t\t<div class=\"elementor-container elementor-column-gap-default\">\n\t\t\t\t\t<div class=\"elementor-column elementor-col-100 elementor-top-column elementor-element elementor-element-b56e772\" data-id=\"b56e772\" data-element_type=\"column\" data-e-type=\"column\">\n\t\t\t<div class=\"elementor-widget-wrap elementor-element-populated\">\n\t\t\t\t\t\t<div class=\"elementor-element elementor-element-707563e elementor-widget elementor-widget-facebook-embed\" data-id=\"707563e\" data-element_type=\"widget\" data-e-type=\"widget\" data-widget_type=\"facebook-embed.default\">\n\t\t\t\t\t<div style=\"min-height: 1px\" class=\"elementor-facebook-widget fb-post\" data-href=\"https:\/\/www.facebook.com\/reel\/1528051101372809?mibextid=oFDknk\" data-show-text=\"true\"><\/div>\t\t\t\t<\/div>\n\t\t\t\t\t<\/div>\n\t\t<\/div>\n\t\t\t\t\t<\/div>\n\t\t<\/section>\n\t\t\t\t<section data-particle_enable=\"false\" data-particle-mobile-disabled=\"false\" class=\"elementor-section elementor-top-section elementor-element elementor-element-6eef4fa elementor-section-boxed elementor-section-height-default elementor-section-height-default\" data-id=\"6eef4fa\" data-element_type=\"section\" data-e-type=\"section\">\n\t\t\t\t\t\t<div class=\"elementor-container elementor-column-gap-default\">\n\t\t\t\t\t<div class=\"elementor-column elementor-col-100 elementor-top-column elementor-element elementor-element-1cf6f48\" data-id=\"1cf6f48\" data-element_type=\"column\" data-e-type=\"column\">\n\t\t\t<div class=\"elementor-widget-wrap elementor-element-populated\">\n\t\t\t\t\t\t<div class=\"elementor-element elementor-element-c484dad elementor-testimonial--skin-default elementor-testimonial--layout-image_inline elementor-testimonial--align-center elementor-arrows-yes elementor-pagination-type-bullets elementor-widget elementor-widget-testimonial-carousel\" data-id=\"c484dad\" data-element_type=\"widget\" data-e-type=\"widget\" data-settings=\"{&quot;show_arrows&quot;:&quot;yes&quot;,&quot;pagination&quot;:&quot;bullets&quot;,&quot;speed&quot;:500,&quot;autoplay&quot;:&quot;yes&quot;,&quot;autoplay_speed&quot;:5000,&quot;loop&quot;:&quot;yes&quot;,&quot;pause_on_hover&quot;:&quot;yes&quot;,&quot;pause_on_interaction&quot;:&quot;yes&quot;,&quot;space_between&quot;:{&quot;unit&quot;:&quot;px&quot;,&quot;size&quot;:10,&quot;sizes&quot;:[]},&quot;space_between_tablet&quot;:{&quot;unit&quot;:&quot;px&quot;,&quot;size&quot;:10,&quot;sizes&quot;:[]},&quot;space_between_mobile&quot;:{&quot;unit&quot;:&quot;px&quot;,&quot;size&quot;:10,&quot;sizes&quot;:[]}}\" data-widget_type=\"testimonial-carousel.default\">\n\t\t\t\t\t\t\t\t\t\t<div class=\"elementor-main-swiper swiper\" role=\"region\" aria-roledescription=\"carousel\" aria-label=\"Diapositivas\">\n\t\t\t\t<div class=\"swiper-wrapper\">\n\t\t\t\t\t\t\t\t\t\t\t<div class=\"swiper-slide\" role=\"group\" aria-roledescription=\"slide\">\n\t\t\t\t\t\t\t\t\t<div class=\"elementor-testimonial\">\n\t\t\t\t\t\t\t<div class=\"elementor-testimonial__content\">\n\t\t\t\t\t<div class=\"elementor-testimonial__text\">\n\t\t\t\t\t\t\u201cPara las personas que han dejado su pa\u00eds y a su familia recordarles que no est\u00e1n solos, muchos padecen de soledad, pero creo que todos tenemos un prop\u00f3sito por el cual debemos luchar, Dios est\u00e1 con nosotros\u201d\n\t\t\t\t\t<\/div>\n\t\t\t\t\t\t\t\t\t<\/div>\n\t\t\t\t\t\t<div class=\"elementor-testimonial__footer\">\n\t\t\t\t\t\t\t\t\t<div class=\"elementor-testimonial__image\">\n\t\t\t\t\t\t<img decoding=\"async\" src=\"https:\/\/soymigrante.com\/revista\/wp-content\/uploads\/2024\/02\/Brenda-Romero-e1708979314707.webp\" alt=\"Brenda Romero inicio su emprendimiento Decoraciones GT 502 en 2020\">\n\t\t\t\t\t\t\t\t\t\t\t<\/div>\n\t\t\t\t\t\t\t\t<cite class=\"elementor-testimonial__cite\"><span class=\"elementor-testimonial__name\">Brenda Romero<\/span><span class=\"elementor-testimonial__title\">Decoradora y migrante guatemalteca<\/span><\/cite>\t\t\t<\/div>\n\t\t<\/div>\n\t\t\t\t\t\t\t\t<\/div>\n\t\t\t\t\t\t\t\t\t<\/div>\n\t\t\t\t\t\t\t<\/div>\n\t\t\t\t\t\t\t\t<\/div>\n\t\t\t\t\t<\/div>\n\t\t<\/div>\n\t\t\t\t\t<\/div>\n\t\t<\/section>\n\t\t\t\t<section data-particle_enable=\"false\" data-particle-mobile-disabled=\"false\" class=\"elementor-section elementor-top-section elementor-element elementor-element-13b78dd elementor-section-boxed elementor-section-height-default elementor-section-height-default\" data-id=\"13b78dd\" data-element_type=\"section\" data-e-type=\"section\">\n\t\t\t\t\t\t<div class=\"elementor-container elementor-column-gap-default\">\n\t\t\t\t\t<div class=\"elementor-column elementor-col-100 elementor-top-column elementor-element elementor-element-f5f78aa\" data-id=\"f5f78aa\" data-element_type=\"column\" data-e-type=\"column\">\n\t\t\t<div class=\"elementor-widget-wrap elementor-element-populated\">\n\t\t\t\t\t\t<div class=\"elementor-element elementor-element-87f87b9 elementor-widget elementor-widget-image\" data-id=\"87f87b9\" data-element_type=\"widget\" data-e-type=\"widget\" data-widget_type=\"image.default\">\n\t\t\t\t\t\t\t\t\t\t\t\t<figure class=\"wp-caption\">\n\t\t\t\t\t\t\t\t\t\t<img loading=\"lazy\" decoding=\"async\" width=\"768\" height=\"832\" src=\"https:\/\/soymigrante.com\/revista\/wp-content\/uploads\/2024\/02\/baby-shower-768x832.webp\" class=\"attachment-medium_large size-medium_large wp-image-5011\" alt=\"El trabajo y la dedicaci\u00f3n se refleja en la creatividad y calidad de los servicios de Decoraciones GT 502. Brenda busca el crecimiento profesional con el equipo de trabajo y preparaci\u00f3n personal\" srcset=\"https:\/\/soymigrante.com\/revista\/wp-content\/uploads\/2024\/02\/baby-shower-768x832.webp 768w, https:\/\/soymigrante.com\/revista\/wp-content\/uploads\/2024\/02\/baby-shower-277x300.webp 277w, https:\/\/soymigrante.com\/revista\/wp-content\/uploads\/2024\/02\/baby-shower-945x1024.webp 945w, https:\/\/soymigrante.com\/revista\/wp-content\/uploads\/2024\/02\/baby-shower-750x813.webp 750w, https:\/\/soymigrante.com\/revista\/wp-content\/uploads\/2024\/02\/baby-shower-1140x1235.webp 1140w, https:\/\/soymigrante.com\/revista\/wp-content\/uploads\/2024\/02\/baby-shower.webp 1200w\" sizes=\"(max-width: 768px) 100vw, 768px\" \/>\t\t\t\t\t\t\t\t\t\t\t<figcaption class=\"widget-image-caption wp-caption-text\">El trabajo y la dedicaci\u00f3n se refleja en la creatividad y calidad de los servicios de Decoraciones GT 502. Brenda busca el crecimiento profesional con el equipo de trabajo y preparaci\u00f3n personal <\/figcaption>\n\t\t\t\t\t\t\t\t\t\t<\/figure>\n\t\t\t\t\t\t\t\t\t<\/div>\n\t\t\t\t\t<\/div>\n\t\t<\/div>\n\t\t\t\t\t<\/div>\n\t\t<\/section>\n\t\t\t\t<section data-particle_enable=\"false\" data-particle-mobile-disabled=\"false\" class=\"elementor-section elementor-top-section elementor-element elementor-element-fa9efad elementor-section-boxed elementor-section-height-default elementor-section-height-default\" data-id=\"fa9efad\" data-element_type=\"section\" data-e-type=\"section\">\n\t\t\t\t\t\t<div class=\"elementor-container elementor-column-gap-default\">\n\t\t\t\t\t<div class=\"elementor-column elementor-col-100 elementor-top-column elementor-element elementor-element-6349587\" data-id=\"6349587\" data-element_type=\"column\" data-e-type=\"column\">\n\t\t\t<div class=\"elementor-widget-wrap elementor-element-populated\">\n\t\t\t\t\t\t<div class=\"elementor-element elementor-element-531b1da elementor-widget elementor-widget-heading\" data-id=\"531b1da\" data-element_type=\"widget\" data-e-type=\"widget\" data-widget_type=\"heading.default\">\n\t\t\t\t\t<h2 class=\"elementor-heading-title elementor-size-default\">Lee m\u00e1s historias de \u00e9xito...<\/h2>\t\t\t\t<\/div>\n\t\t\t\t\t<\/div>\n\t\t<\/div>\n\t\t\t\t\t<\/div>\n\t\t<\/section>\n\t\t\t\t<section data-particle_enable=\"false\" data-particle-mobile-disabled=\"false\" class=\"elementor-section elementor-top-section elementor-element elementor-element-20fe43d elementor-section-boxed elementor-section-height-default elementor-section-height-default\" data-id=\"20fe43d\" data-element_type=\"section\" data-e-type=\"section\">\n\t\t\t\t\t\t<div class=\"elementor-container elementor-column-gap-default\">\n\t\t\t\t\t<div class=\"elementor-column elementor-col-100 elementor-top-column elementor-element elementor-element-ae9f846\" data-id=\"ae9f846\" data-element_type=\"column\" data-e-type=\"column\">\n\t\t\t<div class=\"elementor-widget-wrap elementor-element-populated\">\n\t\t\t\t\t\t<div class=\"elementor-element elementor-element-a3dad4a elementor-grid-eael-col-2 elementor-grid-tablet-eael-col-2 elementor-grid-mobile-eael-col-1 elementor-widget elementor-widget-eael-post-grid\" data-id=\"a3dad4a\" data-element_type=\"widget\" data-e-type=\"widget\" data-settings=\"{&quot;eael_post_grid_columns&quot;:&quot;eael-col-2&quot;,&quot;eael_post_grid_columns_tablet&quot;:&quot;eael-col-2&quot;,&quot;eael_post_grid_columns_mobile&quot;:&quot;eael-col-1&quot;}\" data-widget_type=\"eael-post-grid.default\">\n\t\t\t\t\t<div id=\"eael-post-grid-a3dad4a\" class=\"eael-post-grid-container\">\n            <div class=\"eael-post-grid eael-post-appender eael-post-appender-a3dad4a eael-post-grid-style-one\" data-layout-mode=\"masonry\"><article class=\"eael-grid-post  eael-post-grid-column eael-pg-post-3220 category-exitos-guatemala\" data-id=\"3220\">\n        <div class=\"eael-grid-post-holder\">\n            <div class=\"eael-grid-post-holder-inner\"><div class=\"eael-entry-media\"><div class=\"eael-entry-overlay fade-in\"><i class=\"fas fa-long-arrow-alt-right\" aria-hidden=\"true\"><\/i><a href=\"https:\/\/soymigrante.com\/revista\/el-sueno-migrante-de-yara-reynolds-se-dibuja-con-sombrero\/\"><\/a><\/div><div class=\"eael-entry-thumbnail \">\n                <img loading=\"lazy\" decoding=\"async\" width=\"300\" height=\"300\" src=\"https:\/\/soymigrante.com\/revista\/wp-content\/uploads\/2023\/11\/yara-reynolds-sombreros-6-300x300.jpg\" class=\"attachment-medium size-medium wp-image-30122\" alt=\"Sombreros de charro artesanales hechos a mano en diversos colores y dise\u00f1os para celebraci\u00f3n y cultura mexicana.\" srcset=\"https:\/\/soymigrante.com\/revista\/wp-content\/uploads\/2023\/11\/yara-reynolds-sombreros-6-300x300.jpg 300w, https:\/\/soymigrante.com\/revista\/wp-content\/uploads\/2023\/11\/yara-reynolds-sombreros-6-150x150.jpg 150w, https:\/\/soymigrante.com\/revista\/wp-content\/uploads\/2023\/11\/yara-reynolds-sombreros-6-768x768.jpg 768w, https:\/\/soymigrante.com\/revista\/wp-content\/uploads\/2023\/11\/yara-reynolds-sombreros-6-75x75.webp 75w, https:\/\/soymigrante.com\/revista\/wp-content\/uploads\/2023\/11\/yara-reynolds-sombreros-6-750x750.webp 750w, https:\/\/soymigrante.com\/revista\/wp-content\/uploads\/2023\/11\/yara-reynolds-sombreros-6.webp 978w\" sizes=\"(max-width: 300px) 100vw, 300px\" \/>\n            <\/div>\n        <\/div><div class=\"eael-entry-wrapper\"><header class=\"eael-entry-header\"><h2 class=\"eael-entry-title\"><a class=\"eael-grid-post-link\" href=\"https:\/\/soymigrante.com\/revista\/el-sueno-migrante-de-yara-reynolds-se-dibuja-con-sombrero\/\" title=\"El sue\u00f1o migrante de Yara crea y luce creativos sombrero y zapatos en Alabama\">El sue\u00f1o migrante de Yara crea y luce creativos sombrero y zapatos en Alabama<\/a><\/h2><\/header><\/div><\/div>\n        <\/div>\n    <\/article><article class=\"eael-grid-post  eael-post-grid-column eael-pg-post-4859 category-exitos\" data-id=\"4859\">\n        <div class=\"eael-grid-post-holder\">\n            <div class=\"eael-grid-post-holder-inner\"><div class=\"eael-entry-media\"><div class=\"eael-entry-overlay fade-in\"><i class=\"fas fa-long-arrow-alt-right\" aria-hidden=\"true\"><\/i><a href=\"https:\/\/soymigrante.com\/revista\/el-tacuazin-migrante-construye-casas-y-tambien-una-comunidad-digital\/\"><\/a><\/div><div class=\"eael-entry-thumbnail \">\n                <img loading=\"lazy\" decoding=\"async\" width=\"300\" height=\"300\" src=\"https:\/\/soymigrante.com\/revista\/wp-content\/uploads\/2024\/02\/tacuaro-3-300x300.webp\" class=\"attachment-medium size-medium wp-image-5027\" alt=\"\" srcset=\"https:\/\/soymigrante.com\/revista\/wp-content\/uploads\/2024\/02\/tacuaro-3-300x300.webp 300w, https:\/\/soymigrante.com\/revista\/wp-content\/uploads\/2024\/02\/tacuaro-3-150x150.webp 150w, https:\/\/soymigrante.com\/revista\/wp-content\/uploads\/2024\/02\/tacuaro-3-75x75.webp 75w, https:\/\/soymigrante.com\/revista\/wp-content\/uploads\/2024\/02\/tacuaro-3.webp 586w\" sizes=\"(max-width: 300px) 100vw, 300px\" \/>\n            <\/div>\n        <\/div><div class=\"eael-entry-wrapper\"><header class=\"eael-entry-header\"><h2 class=\"eael-entry-title\"><a class=\"eael-grid-post-link\" href=\"https:\/\/soymigrante.com\/revista\/el-tacuazin-migrante-construye-casas-y-tambien-una-comunidad-digital\/\" title=\"El Tacuaz\u00edn migrante construye casas y tambi\u00e9n una comunidad virtual con humor\">El Tacuaz\u00edn migrante construye casas y tambi\u00e9n una comunidad virtual con humor<\/a><\/h2><\/header><\/div><\/div>\n        <\/div>\n    <\/article><article class=\"eael-grid-post  eael-post-grid-column eael-pg-post-4982 category-exitos\" data-id=\"4982\">\n        <div class=\"eael-grid-post-holder\">\n            <div class=\"eael-grid-post-holder-inner\"><div class=\"eael-entry-media\"><div class=\"eael-entry-overlay fade-in\"><i class=\"fas fa-long-arrow-alt-right\" aria-hidden=\"true\"><\/i><a href=\"https:\/\/soymigrante.com\/revista\/mawil-el-migrante-guatemalteco-a-la-pantalla-en-california\/\"><\/a><\/div><div class=\"eael-entry-thumbnail \">\n                <img loading=\"lazy\" decoding=\"async\" width=\"300\" height=\"287\" src=\"https:\/\/soymigrante.com\/revista\/wp-content\/uploads\/2024\/02\/mawilon-300x287.webp\" class=\"attachment-medium size-medium wp-image-4992\" alt=\"Mawil Soluna migrante guatemalteco presentador en Telemundo\" srcset=\"https:\/\/soymigrante.com\/revista\/wp-content\/uploads\/2024\/02\/mawilon-300x287.webp 300w, https:\/\/soymigrante.com\/revista\/wp-content\/uploads\/2024\/02\/mawilon-768x736.webp 768w, https:\/\/soymigrante.com\/revista\/wp-content\/uploads\/2024\/02\/mawilon-750x719.webp 750w, https:\/\/soymigrante.com\/revista\/wp-content\/uploads\/2024\/02\/mawilon.webp 1000w\" sizes=\"(max-width: 300px) 100vw, 300px\" \/>\n            <\/div>\n        <\/div><div class=\"eael-entry-wrapper\"><header class=\"eael-entry-header\"><h2 class=\"eael-entry-title\"><a class=\"eael-grid-post-link\" href=\"https:\/\/soymigrante.com\/revista\/mawil-el-migrante-guatemalteco-a-la-pantalla-en-california\/\" title=\"El largo pero exitoso camino del migrante guatemalteco Mawil Soluna a la TV\">El largo pero exitoso camino del migrante guatemalteco Mawil Soluna a la TV<\/a><\/h2><\/header><\/div><\/div>\n        <\/div>\n    <\/article><article class=\"eael-grid-post  eael-post-grid-column eael-pg-post-4741 category-exitos\" data-id=\"4741\">\n        <div class=\"eael-grid-post-holder\">\n            <div class=\"eael-grid-post-holder-inner\"><div class=\"eael-entry-media\"><div class=\"eael-entry-overlay fade-in\"><i class=\"fas fa-long-arrow-alt-right\" aria-hidden=\"true\"><\/i><a href=\"https:\/\/soymigrante.com\/revista\/actor-maya-guatemalteco-dionicio-virvez-aconseja-nunca-rendirse-al-buscar-un-sueno\/\"><\/a><\/div><div class=\"eael-entry-thumbnail \">\n                <img loading=\"lazy\" decoding=\"async\" width=\"300\" height=\"215\" src=\"https:\/\/soymigrante.com\/revista\/wp-content\/uploads\/2024\/02\/dionix-300x215.webp\" class=\"attachment-medium size-medium wp-image-4751\" alt=\"\" srcset=\"https:\/\/soymigrante.com\/revista\/wp-content\/uploads\/2024\/02\/dionix-300x215.webp 300w, https:\/\/soymigrante.com\/revista\/wp-content\/uploads\/2024\/02\/dionix-1024x733.webp 1024w, https:\/\/soymigrante.com\/revista\/wp-content\/uploads\/2024\/02\/dionix-768x550.webp 768w, https:\/\/soymigrante.com\/revista\/wp-content\/uploads\/2024\/02\/dionix-1536x1099.webp 1536w, https:\/\/soymigrante.com\/revista\/wp-content\/uploads\/2024\/02\/dionix-120x86.webp 120w, https:\/\/soymigrante.com\/revista\/wp-content\/uploads\/2024\/02\/dionix-350x250.webp 350w, https:\/\/soymigrante.com\/revista\/wp-content\/uploads\/2024\/02\/dionix-750x537.webp 750w, https:\/\/soymigrante.com\/revista\/wp-content\/uploads\/2024\/02\/dionix-1140x816.webp 1140w, https:\/\/soymigrante.com\/revista\/wp-content\/uploads\/2024\/02\/dionix.webp 1601w\" sizes=\"(max-width: 300px) 100vw, 300px\" \/>\n            <\/div>\n        <\/div><div class=\"eael-entry-wrapper\"><header class=\"eael-entry-header\"><h2 class=\"eael-entry-title\"><a class=\"eael-grid-post-link\" href=\"https:\/\/soymigrante.com\/revista\/actor-maya-guatemalteco-dionicio-virvez-aconseja-nunca-rendirse-al-buscar-un-sueno\/\" title=\"Acci\u00f3n, drama y ficci\u00f3n cruzan la vida del actor migrante maya Dionicio Virvez\">Acci\u00f3n, drama y ficci\u00f3n cruzan la vida del actor migrante maya Dionicio Virvez<\/a><\/h2><\/header><\/div><\/div>\n        <\/div>\n    <\/article><article class=\"eael-grid-post  eael-post-grid-column eael-pg-post-4361 category-exitos\" data-id=\"4361\">\n        <div class=\"eael-grid-post-holder\">\n            <div class=\"eael-grid-post-holder-inner\"><div class=\"eael-entry-media\"><div class=\"eael-entry-overlay fade-in\"><i class=\"fas fa-long-arrow-alt-right\" aria-hidden=\"true\"><\/i><a href=\"https:\/\/soymigrante.com\/revista\/paulino-migrante-experto-tecnologia-defensor-comunidad-guatemalteca\/\"><\/a><\/div><div class=\"eael-entry-thumbnail \">\n                <img loading=\"lazy\" decoding=\"async\" width=\"300\" height=\"300\" src=\"https:\/\/soymigrante.com\/revista\/wp-content\/uploads\/2024\/01\/Juramentacion-de-la-Junta-por-circunscripcion-electoral-centro-de-tribunal-supremo-electoral-300x300.webp\" class=\"attachment-medium size-medium wp-image-4324\" alt=\"Paulino Garcia es originario de Totonicap\u00e1n, Guatemala. cumpli\u00f3 el sue\u00f1o de convertirse en un ingeniero en sistemas y por compromiso social se involucro como voluntario en varias organizaciones de atenci\u00f3n a la comunidad migrante\" srcset=\"https:\/\/soymigrante.com\/revista\/wp-content\/uploads\/2024\/01\/Juramentacion-de-la-Junta-por-circunscripcion-electoral-centro-de-tribunal-supremo-electoral-300x300.webp 300w, https:\/\/soymigrante.com\/revista\/wp-content\/uploads\/2024\/01\/Juramentacion-de-la-Junta-por-circunscripcion-electoral-centro-de-tribunal-supremo-electoral-1024x1024.webp 1024w, https:\/\/soymigrante.com\/revista\/wp-content\/uploads\/2024\/01\/Juramentacion-de-la-Junta-por-circunscripcion-electoral-centro-de-tribunal-supremo-electoral-150x150.webp 150w, https:\/\/soymigrante.com\/revista\/wp-content\/uploads\/2024\/01\/Juramentacion-de-la-Junta-por-circunscripcion-electoral-centro-de-tribunal-supremo-electoral-768x768.webp 768w, https:\/\/soymigrante.com\/revista\/wp-content\/uploads\/2024\/01\/Juramentacion-de-la-Junta-por-circunscripcion-electoral-centro-de-tribunal-supremo-electoral-75x75.webp 75w, https:\/\/soymigrante.com\/revista\/wp-content\/uploads\/2024\/01\/Juramentacion-de-la-Junta-por-circunscripcion-electoral-centro-de-tribunal-supremo-electoral-750x750.webp 750w, https:\/\/soymigrante.com\/revista\/wp-content\/uploads\/2024\/01\/Juramentacion-de-la-Junta-por-circunscripcion-electoral-centro-de-tribunal-supremo-electoral-1140x1140.webp 1140w, https:\/\/soymigrante.com\/revista\/wp-content\/uploads\/2024\/01\/Juramentacion-de-la-Junta-por-circunscripcion-electoral-centro-de-tribunal-supremo-electoral-600x600.webp 600w, https:\/\/soymigrante.com\/revista\/wp-content\/uploads\/2024\/01\/Juramentacion-de-la-Junta-por-circunscripcion-electoral-centro-de-tribunal-supremo-electoral.webp 1200w\" sizes=\"(max-width: 300px) 100vw, 300px\" \/>\n            <\/div>\n        <\/div><div class=\"eael-entry-wrapper\"><header class=\"eael-entry-header\"><h2 class=\"eael-entry-title\"><a class=\"eael-grid-post-link\" href=\"https:\/\/soymigrante.com\/revista\/paulino-migrante-experto-tecnologia-defensor-comunidad-guatemalteca\/\" title=\"Paulino Garc\u00eda: un migrante programado para servir a la comunidad guatemalteca\">Paulino Garc\u00eda: un migrante programado para servir a la comunidad guatemalteca<\/a><\/h2><\/header><\/div><\/div>\n        <\/div>\n    <\/article><article class=\"eael-grid-post  eael-post-grid-column eael-pg-post-1283 category-exitos tags-california\" data-id=\"1283\">\n        <div class=\"eael-grid-post-holder\">\n            <div class=\"eael-grid-post-holder-inner\"><div class=\"eael-entry-media\"><div class=\"eael-entry-overlay fade-in\"><i class=\"fas fa-long-arrow-alt-right\" aria-hidden=\"true\"><\/i><a href=\"https:\/\/soymigrante.com\/revista\/cantautor-guatemalteco-migrante-gustavo-septimo\/\"><\/a><\/div><div class=\"eael-entry-thumbnail \">\n                <img loading=\"lazy\" decoding=\"async\" width=\"300\" height=\"300\" src=\"https:\/\/soymigrante.com\/revista\/wp-content\/uploads\/2023\/06\/Gustavo-VII-cantautor-guatemalteco-migrante-residente-en-Los-Angeles-4-1-300x300.webp\" class=\"attachment-medium size-medium wp-image-1304\" alt=\"\" srcset=\"https:\/\/soymigrante.com\/revista\/wp-content\/uploads\/2023\/06\/Gustavo-VII-cantautor-guatemalteco-migrante-residente-en-Los-Angeles-4-1-300x300.webp 300w, https:\/\/soymigrante.com\/revista\/wp-content\/uploads\/2023\/06\/Gustavo-VII-cantautor-guatemalteco-migrante-residente-en-Los-Angeles-4-1-150x150.webp 150w, https:\/\/soymigrante.com\/revista\/wp-content\/uploads\/2023\/06\/Gustavo-VII-cantautor-guatemalteco-migrante-residente-en-Los-Angeles-4-1-75x75.webp 75w, https:\/\/soymigrante.com\/revista\/wp-content\/uploads\/2023\/06\/Gustavo-VII-cantautor-guatemalteco-migrante-residente-en-Los-Angeles-4-1-600x600.jpg 600w, https:\/\/soymigrante.com\/revista\/wp-content\/uploads\/2023\/06\/Gustavo-VII-cantautor-guatemalteco-migrante-residente-en-Los-Angeles-4-1.webp 750w\" sizes=\"(max-width: 300px) 100vw, 300px\" \/>\n            <\/div>\n        <\/div><div class=\"eael-entry-wrapper\"><header class=\"eael-entry-header\"><h2 class=\"eael-entry-title\"><a class=\"eael-grid-post-link\" href=\"https:\/\/soymigrante.com\/revista\/cantautor-guatemalteco-migrante-gustavo-septimo\/\" title=\"Canci\u00f3n de vida, amor y servicio del artista migrante Gustavo VII\">Canci\u00f3n de vida, amor y servicio del artista migrante Gustavo VII<\/a><\/h2><\/header><\/div><\/div>\n        <\/div>\n    <\/article><\/div>\n            <div class=\"clearfix\"><\/div>\n        <\/div>\t\t\t\t<\/div>\n\t\t\t\t\t<\/div>\n\t\t<\/div>\n\t\t\t\t\t<\/div>\n\t\t<\/section>\n\t\t\t\t<\/div>\n\t\t","protected":false},"excerpt":{"rendered":"<p>Brenda Romero es originaria de San Juan Ostuncalco, Quetzaltenango. Es t\u00e9cnica en laboratorio biol\u00f3gico, labora en una cl\u00ednica ortop\u00e9dica pero como buena migrante emprendi\u00f3 un negocio llamado Decorados 502, en el que ofrece accesorios y mobiliarios de fiesta en el \u00e1rea de Washington D.C. Brenda Romero siempre disfrut\u00f3 de las manualidades y aunque tiene un [&hellip;]<\/p>\n","protected":false},"author":10,"featured_media":5058,"comment_status":"open","ping_status":"open","sticky":false,"template":"","format":"standard","meta":{"_acf_changed":false,"_eb_attr":"","footnotes":""},"categories":[50],"tags":[],"class_list":["post-5052","post","type-post","status-publish","format-standard","has-post-thumbnail","hentry","category-exitos"],"acf":[],"aioseo_notices":[],"aioseo_head":"\n\t\t<!-- All in One SEO Pro 4.9.6.2 - aioseo.com -->\n\t<meta name=\"description\" content=\"Artista polifac\u00e9tico: cantante, compositor, promotor cultural y mucho m\u00e1s. Gustavo VII lleva 49 a\u00f1os de camino musical, pero sobre todo de impulsar valores de identidad guatemalteca y talentos de la m\u00fasica de Guatemala desde Los Angeles, donde reside. Todav\u00eda no cumpl\u00eda 15 a\u00f1os Gustavo Castillo cuando se present\u00f3 en televisi\u00f3n, en un programa del canal\" \/>\n\t<meta name=\"robots\" content=\"max-snippet:-1, max-image-preview:large, max-video-preview:-1\" \/>\n\t<meta name=\"author\" content=\"Gustavo Montenegro\"\/>\n\t<link rel=\"canonical\" href=\"https:\/\/soymigrante.com\/revista\/cantautor-guatemalteco-migrante-gustavo-septimo\/\" \/>\n\t<meta name=\"generator\" content=\"All in One SEO Pro (AIOSEO) 4.9.6.2\" \/>\n\n\t\t<link rel=\"preconnect\" href=\"https:\/\/fonts.googleapis.com\" crossorigin>\n<link rel=\"preconnect\" href=\"https:\/\/fonts.gstatic.com\" crossorigin>\n\t\t<meta property=\"og:locale\" content=\"es_ES\" \/>\n\t\t<meta property=\"og:site_name\" content=\"SoyMigrante.com REVISTA \u2013 Nuestra misi\u00f3n es reconocer y dignificar al migrante.\" \/>\n\t\t<meta property=\"og:type\" content=\"article\" \/>\n\t\t<meta property=\"og:title\" content=\"Canci\u00f3n de vida, amor y servicio del artista migrante Gustavo VII\" \/>\n\t\t<meta property=\"og:description\" content=\"Artista polifac\u00e9tico: cantante, compositor, promotor cultural y mucho m\u00e1s. Gustavo VII lleva 49 a\u00f1os de camino musical, pero sobre todo de impulsar valores de identidad guatemalteca y talentos de la m\u00fasica de Guatemala desde Los Angeles, donde reside. Todav\u00eda no cumpl\u00eda 15 a\u00f1os Gustavo Castillo cuando se present\u00f3 en televisi\u00f3n, en un programa del canal\" \/>\n\t\t<meta property=\"og:url\" content=\"https:\/\/soymigrante.com\/revista\/cantautor-guatemalteco-migrante-gustavo-septimo\/\" \/>\n\t\t<meta property=\"og:image\" content=\"https:\/\/soymigrante.com\/revista\/wp-content\/uploads\/2023\/06\/Gustavo-VII-cantautor-guatemalteco-migrante-residente-en-Los-Angeles-4-1.webp\" \/>\n\t\t<meta property=\"og:image:secure_url\" content=\"https:\/\/soymigrante.com\/revista\/wp-content\/uploads\/2023\/06\/Gustavo-VII-cantautor-guatemalteco-migrante-residente-en-Los-Angeles-4-1.webp\" \/>\n\t\t<meta property=\"og:image:width\" content=\"750\" \/>\n\t\t<meta property=\"og:image:height\" content=\"751\" \/>\n\t\t<meta property=\"article:published_time\" content=\"2023-06-08T23:26:29+00:00\" \/>\n\t\t<meta property=\"article:modified_time\" content=\"2026-03-11T22:35:10+00:00\" \/>\n\t\t<meta property=\"article:publisher\" content=\"https:\/\/www.facebook.com\/soymigrantecom\" \/>\n\t\t<meta name=\"twitter:card\" content=\"summary_large_image\" \/>\n\t\t<meta name=\"twitter:site\" content=\"@SoyMigrante_com\" \/>\n\t\t<meta name=\"twitter:title\" content=\"Canci\u00f3n de vida, amor y servicio del artista migrante Gustavo VII\" \/>\n\t\t<meta name=\"twitter:description\" content=\"Artista polifac\u00e9tico: cantante, compositor, promotor cultural y mucho m\u00e1s. Gustavo VII lleva 49 a\u00f1os de camino musical, pero sobre todo de impulsar valores de identidad guatemalteca y talentos de la m\u00fasica de Guatemala desde Los Angeles, donde reside. Todav\u00eda no cumpl\u00eda 15 a\u00f1os Gustavo Castillo cuando se present\u00f3 en televisi\u00f3n, en un programa del canal\" \/>\n\t\t<meta name=\"twitter:creator\" content=\"@SoyMigrante_com\" \/>\n\t\t<meta name=\"twitter:image\" content=\"https:\/\/soymigrante.com\/revista\/wp-content\/uploads\/2023\/06\/Gustavo-VII-cantautor-guatemalteco-migrante-residente-en-Los-Angeles-4-1.webp\" \/>\n\t\t<!-- All in One SEO Pro -->\r\n\t\t<title>Canci\u00f3n de vida, amor y servicio del artista migrante Gustavo VII<\/title>\n\n","aioseo_head_json":{"title":"Canci\u00f3n de vida, amor y servicio del artista migrante Gustavo VII","description":"Artista polifac\u00e9tico: cantante, compositor, promotor cultural y mucho m\u00e1s. Gustavo VII lleva 49 a\u00f1os de camino musical, pero sobre todo de impulsar valores de identidad guatemalteca y talentos de la m\u00fasica de Guatemala desde Los Angeles, donde reside. Todav\u00eda no cumpl\u00eda 15 a\u00f1os Gustavo Castillo cuando se present\u00f3 en televisi\u00f3n, en un programa del canal","canonical_url":"https:\/\/soymigrante.com\/revista\/cantautor-guatemalteco-migrante-gustavo-septimo\/","robots":"max-snippet:-1, max-image-preview:large, max-video-preview:-1","keywords":"","webmasterTools":{"miscellaneous":"&lt;link rel=\"preconnect\" href=\"https:\/\/fonts.googleapis.com\" crossorigin&gt;\n&lt;link rel=\"preconnect\" href=\"https:\/\/fonts.gstatic.com\" crossorigin&gt;"},"schema":null,"og:locale":"es_ES","og:site_name":"SoyMigrante.com REVISTA \u2013 Nuestra misi\u00f3n es reconocer y dignificar al migrante.","og:type":"article","og:title":"Canci\u00f3n de vida, amor y servicio del artista migrante Gustavo VII","og:description":"Artista polifac\u00e9tico: cantante, compositor, promotor cultural y mucho m\u00e1s. Gustavo VII lleva 49 a\u00f1os de camino musical, pero sobre todo de impulsar valores de identidad guatemalteca y talentos de la m\u00fasica de Guatemala desde Los Angeles, donde reside. Todav\u00eda no cumpl\u00eda 15 a\u00f1os Gustavo Castillo cuando se present\u00f3 en televisi\u00f3n, en un programa del canal","og:url":"https:\/\/soymigrante.com\/revista\/cantautor-guatemalteco-migrante-gustavo-septimo\/","og:image":"https:\/\/soymigrante.com\/revista\/wp-content\/uploads\/2023\/06\/Gustavo-VII-cantautor-guatemalteco-migrante-residente-en-Los-Angeles-4-1.webp","og:image:secure_url":"https:\/\/soymigrante.com\/revista\/wp-content\/uploads\/2023\/06\/Gustavo-VII-cantautor-guatemalteco-migrante-residente-en-Los-Angeles-4-1.webp","og:image:width":750,"og:image:height":751,"article:published_time":"2023-06-08T23:26:29+00:00","article:modified_time":"2026-03-11T22:35:10+00:00","article:publisher":"https:\/\/www.facebook.com\/soymigrantecom","twitter:card":"summary_large_image","twitter:site":"@SoyMigrante_com","twitter:title":"Canci\u00f3n de vida, amor y servicio del artista migrante Gustavo VII","twitter:description":"Artista polifac\u00e9tico: cantante, compositor, promotor cultural y mucho m\u00e1s. Gustavo VII lleva 49 a\u00f1os de camino musical, pero sobre todo de impulsar valores de identidad guatemalteca y talentos de la m\u00fasica de Guatemala desde Los Angeles, donde reside. Todav\u00eda no cumpl\u00eda 15 a\u00f1os Gustavo Castillo cuando se present\u00f3 en televisi\u00f3n, en un programa del canal","twitter:creator":"@SoyMigrante_com","twitter:image":"https:\/\/soymigrante.com\/revista\/wp-content\/uploads\/2023\/06\/Gustavo-VII-cantautor-guatemalteco-migrante-residente-en-Los-Angeles-4-1.webp"},"aioseo_meta_data":{"post_id":"5052","title":"Migrante guatemalteca con creatividad sin fronteras","description":"Brenda migrante y creativa decoradora de fiestas inspira a emprendedores en Washington, EE.UU. y adorna las fiestas de familias guatemaltecas","keywords":[],"keyphrases":{"focus":{"keyphrase":"migrante","score":82,"analysis":{"keyphraseInTitle":{"score":9,"maxScore":9,"error":0},"keyphraseInDescription":{"score":9,"maxScore":9,"error":0},"keyphraseLength":{"score":9,"maxScore":9,"error":0,"length":1},"keyphraseInURL":{"score":5,"maxScore":5,"error":0},"keyphraseInIntroduction":{"score":3,"maxScore":9,"error":1},"keyphraseInSubHeadings":{"score":3,"maxScore":9,"error":1},"keyphraseInImageAlt":{"score":9,"maxScore":9,"error":0},"keywordDensity":{"type":"best","score":9,"maxScore":9,"error":0}}},"additional":[]},"primary_term":null,"canonical_url":null,"og_title":null,"og_description":null,"og_object_type":"default","og_image_type":"default","og_image_url":null,"og_image_width":null,"og_image_height":null,"og_image_custom_url":null,"og_image_custom_fields":null,"og_video":"","og_custom_url":null,"og_article_section":null,"og_article_tags":[],"twitter_use_og":false,"twitter_card":"default","twitter_image_type":"default","twitter_image_url":null,"twitter_image_custom_url":null,"twitter_image_custom_fields":null,"twitter_title":null,"twitter_description":null,"schema":{"blockGraphs":[],"customGraphs":[],"default":{"data":{"Article":[],"Course":[],"Dataset":[],"FAQPage":[],"Movie":[],"Person":[],"Product":[],"ProductReview":[],"Car":[],"Recipe":[],"Service":[],"SoftwareApplication":[],"WebPage":[]},"graphName":"BlogPosting","isEnabled":true},"graphs":[]},"schema_type":"default","schema_type_options":null,"pillar_content":false,"robots_default":true,"robots_noindex":false,"robots_noarchive":false,"robots_nosnippet":false,"robots_nofollow":false,"robots_noimageindex":false,"robots_noodp":false,"robots_notranslate":false,"robots_max_snippet":"-1","robots_max_videopreview":"-1","robots_max_imagepreview":"large","priority":null,"frequency":"default","local_seo":null,"seo_analyzer_scan_date":"2025-10-08 21:13:53","breadcrumb_settings":null,"limit_modified_date":false,"reviewed_by":null,"open_ai":null,"ai":null,"created":"2024-02-26 19:33:54","updated":"2026-02-04 10:54:55"},"aioseo_breadcrumb":"<div class=\"aioseo-breadcrumbs\"><span class=\"aioseo-breadcrumb\">\n\t<a href=\"https:\/\/soymigrante.com\/revista\" title=\"Home\">Home<\/a>\n<\/span><span class=\"aioseo-breadcrumb-separator\">\u00bb<\/span><span class=\"aioseo-breadcrumb\">\n\t<a href=\"https:\/\/soymigrante.com\/revista\/category\/exitos\/\" title=\"\u00c9xitos\">\u00c9xitos<\/a>\n<\/span><span class=\"aioseo-breadcrumb-separator\">\u00bb<\/span><span class=\"aioseo-breadcrumb\">\n\tLa migrante Brenda Romero le pone el alma a las fiestas en Washington D.C.\n<\/span><\/div>","aioseo_breadcrumb_json":[{"label":"Home","link":"https:\/\/soymigrante.com\/revista"},{"label":"\u00c9xitos","link":"https:\/\/soymigrante.com\/revista\/category\/exitos\/"},{"label":"La migrante Brenda Romero le pone el alma a las fiestas en Washington D.C.","link":"https:\/\/soymigrante.com\/revista\/brenda-romero-migrante-quetzaltenango-washington-fiestas-decorados-creatividad\/"}],"_links":{"self":[{"href":"https:\/\/soymigrante.com\/revista\/wp-json\/wp\/v2\/posts\/5052","targetHints":{"allow":["GET"]}}],"collection":[{"href":"https:\/\/soymigrante.com\/revista\/wp-json\/wp\/v2\/posts"}],"about":[{"href":"https:\/\/soymigrante.com\/revista\/wp-json\/wp\/v2\/types\/post"}],"author":[{"embeddable":true,"href":"https:\/\/soymigrante.com\/revista\/wp-json\/wp\/v2\/users\/10"}],"replies":[{"embeddable":true,"href":"https:\/\/soymigrante.com\/revista\/wp-json\/wp\/v2\/comments?post=5052"}],"version-history":[{"count":0,"href":"https:\/\/soymigrante.com\/revista\/wp-json\/wp\/v2\/posts\/5052\/revisions"}],"wp:featuredmedia":[{"embeddable":true,"href":"https:\/\/soymigrante.com\/revista\/wp-json\/wp\/v2\/media\/5058"}],"wp:attachment":[{"href":"https:\/\/soymigrante.com\/revista\/wp-json\/wp\/v2\/media?parent=5052"}],"wp:term":[{"taxonomy":"category","embeddable":true,"href":"https:\/\/soymigrante.com\/revista\/wp-json\/wp\/v2\/categories?post=5052"},{"taxonomy":"post_tag","embeddable":true,"href":"https:\/\/soymigrante.com\/revista\/wp-json\/wp\/v2\/tags?post=5052"}],"curies":[{"name":"wp","href":"https:\/\/api.w.org\/{rel}","templated":true}]}}