{"id":5051,"date":"2024-02-26T13:36:52","date_gmt":"2024-02-26T19:36:52","guid":{"rendered":"https:\/\/soymigrante.com\/revista\/?p=5051"},"modified":"2024-11-01T06:31:13","modified_gmt":"2024-11-01T12:31:13","slug":"ano-electoral-ee-uu-votos-voces-y-puntos-de-vista-migrantes-cuentan","status":"publish","type":"post","link":"https:\/\/soymigrante.com\/revista\/ano-electoral-ee-uu-votos-voces-y-puntos-de-vista-migrantes-cuentan\/","title":{"rendered":"A\u00f1o electoral EE.UU: Votos, voces y puntos de vista migrantes cuentan"},"content":{"rendered":"\t\t<div data-elementor-type=\"wp-post\" data-elementor-id=\"5051\" class=\"elementor elementor-5051\" data-elementor-post-type=\"post\">\n\t\t\t\t\t\t<section data-particle_enable=\"false\" data-particle-mobile-disabled=\"false\" class=\"elementor-section elementor-top-section elementor-element elementor-element-6ad99d1 elementor-section-boxed elementor-section-height-default elementor-section-height-default\" data-id=\"6ad99d1\" data-element_type=\"section\" data-e-type=\"section\">\n\t\t\t\t\t\t<div class=\"elementor-container elementor-column-gap-default\">\n\t\t\t\t\t<div class=\"elementor-column elementor-col-100 elementor-top-column elementor-element elementor-element-46bfb87\" data-id=\"46bfb87\" data-element_type=\"column\" data-e-type=\"column\">\n\t\t\t<div class=\"elementor-widget-wrap elementor-element-populated\">\n\t\t\t\t\t\t<div class=\"elementor-element elementor-element-1cf20ce elementor-widget elementor-widget-heading\" data-id=\"1cf20ce\" data-element_type=\"widget\" data-e-type=\"widget\" data-widget_type=\"heading.default\">\n\t\t\t\t\t<h1 class=\"elementor-heading-title elementor-size-default\">Solo los migrantes conocen sus necesidades, temores y realidades: por eso es clave la participaci\u00f3n pol\u00edtica, ya sea a trav\u00e9s del voto, de la expresi\u00f3n abierta o incluso de lograr cargos p\u00fablicos, afirma  Sayu Bhojwani, impulsora de la inclusi\u00f3n y derechos de minor\u00edas en EE.UU.<\/h1>\t\t\t\t<\/div>\n\t\t\t\t\t<\/div>\n\t\t<\/div>\n\t\t\t\t\t<\/div>\n\t\t<\/section>\n\t\t\t\t<section data-particle_enable=\"false\" data-particle-mobile-disabled=\"false\" class=\"elementor-section elementor-top-section elementor-element elementor-element-164342a elementor-section-boxed elementor-section-height-default elementor-section-height-default\" data-id=\"164342a\" data-element_type=\"section\" data-e-type=\"section\">\n\t\t\t\t\t\t<div class=\"elementor-container elementor-column-gap-default\">\n\t\t\t\t\t<div class=\"elementor-column elementor-col-100 elementor-top-column elementor-element elementor-element-ef265cc\" data-id=\"ef265cc\" data-element_type=\"column\" data-e-type=\"column\">\n\t\t\t<div class=\"elementor-widget-wrap elementor-element-populated\">\n\t\t\t\t\t\t<div class=\"elementor-element elementor-element-c44a766 elementor-widget elementor-widget-video\" data-id=\"c44a766\" data-element_type=\"widget\" data-e-type=\"widget\" data-settings=\"{&quot;youtube_url&quot;:&quot;https:\\\/\\\/youtu.be\\\/0d6iSvF1UmA?si=bZu8lG4_DblTq-dw&quot;,&quot;video_type&quot;:&quot;youtube&quot;,&quot;controls&quot;:&quot;yes&quot;}\" data-widget_type=\"video.default\">\n\t\t\t\t\t\t\t<div class=\"elementor-wrapper elementor-open-inline\">\n\t\t\t<div class=\"elementor-video\"><\/div>\t\t<\/div>\n\t\t\t\t\t\t<\/div>\n\t\t\t\t\t<\/div>\n\t\t<\/div>\n\t\t\t\t\t<\/div>\n\t\t<\/section>\n\t\t\t\t<section data-particle_enable=\"false\" data-particle-mobile-disabled=\"false\" class=\"elementor-section elementor-top-section elementor-element elementor-element-20a0631 elementor-section-boxed elementor-section-height-default elementor-section-height-default\" data-id=\"20a0631\" data-element_type=\"section\" data-e-type=\"section\">\n\t\t\t\t\t\t<div class=\"elementor-container elementor-column-gap-default\">\n\t\t\t\t\t<div class=\"elementor-column elementor-col-100 elementor-top-column elementor-element elementor-element-8a08712\" data-id=\"8a08712\" data-element_type=\"column\" data-e-type=\"column\">\n\t\t\t<div class=\"elementor-widget-wrap elementor-element-populated\">\n\t\t\t\t\t\t<div class=\"elementor-element elementor-element-2739b74 elementor-widget elementor-widget-text-editor\" data-id=\"2739b74\" data-element_type=\"widget\" data-e-type=\"widget\" data-widget_type=\"text-editor.default\">\n\t\t\t\t\t\t\t\t\t<p>Sayu Bhojwani naci\u00f3 en India y a los 4 a\u00f1os su familia migr\u00f3 a Belice, pa\u00eds vecino de Guatemala, desde donde posteriormente migr\u00f3 de nuevo para estudiar en Estados Unidos. Fue la primera comisionada de Asuntos Migratorios de la ciudad de Nueva York.\u00a0<\/p><p>En una conferencia Ted de 2016, Sayu expone su sue\u00f1o de un entorno m\u00e1s inclusivo para los migrantes y la necesidad de tener m\u00e1s representaci\u00f3n en cargos p\u00fablicos, pero esa visi\u00f3n solo se realiza si los migrantes se interesan en hacerlo. Esta es una s\u00edntesis que debe animar, inspirar e invitar a la acci\u00f3n positiva.<\/p>\t\t\t\t\t\t\t\t<\/div>\n\t\t\t\t\t<\/div>\n\t\t<\/div>\n\t\t\t\t\t<\/div>\n\t\t<\/section>\n\t\t\t\t<section data-particle_enable=\"false\" data-particle-mobile-disabled=\"false\" class=\"elementor-section elementor-top-section elementor-element elementor-element-a6c9ee5 elementor-section-boxed elementor-section-height-default elementor-section-height-default\" data-id=\"a6c9ee5\" data-element_type=\"section\" data-e-type=\"section\">\n\t\t\t\t\t\t<div class=\"elementor-container elementor-column-gap-default\">\n\t\t\t\t\t<div class=\"elementor-column elementor-col-100 elementor-top-column elementor-element elementor-element-b548d6d\" data-id=\"b548d6d\" data-element_type=\"column\" data-e-type=\"column\">\n\t\t\t<div class=\"elementor-widget-wrap elementor-element-populated\">\n\t\t\t\t\t\t<div class=\"elementor-element elementor-element-c48d8b8 elementor-widget elementor-widget-heading\" data-id=\"c48d8b8\" data-element_type=\"widget\" data-e-type=\"widget\" data-widget_type=\"heading.default\">\n\t\t\t\t\t<h2 class=\"elementor-heading-title elementor-size-default\">\"Mi viaje no ha sido f\u00e1cil\" <\/h2>\t\t\t\t<\/div>\n\t\t\t\t\t<\/div>\n\t\t<\/div>\n\t\t\t\t\t<\/div>\n\t\t<\/section>\n\t\t\t\t<section data-particle_enable=\"false\" data-particle-mobile-disabled=\"false\" class=\"elementor-section elementor-top-section elementor-element elementor-element-0dbcfb4 elementor-section-boxed elementor-section-height-default elementor-section-height-default\" data-id=\"0dbcfb4\" data-element_type=\"section\" data-e-type=\"section\">\n\t\t\t\t\t\t<div class=\"elementor-container elementor-column-gap-default\">\n\t\t\t\t\t<div class=\"elementor-column elementor-col-100 elementor-top-column elementor-element elementor-element-cfc35d3\" data-id=\"cfc35d3\" data-element_type=\"column\" data-e-type=\"column\">\n\t\t\t<div class=\"elementor-widget-wrap elementor-element-populated\">\n\t\t\t\t\t\t<div class=\"elementor-element elementor-element-b2564af elementor-widget elementor-widget-text-editor\" data-id=\"b2564af\" data-element_type=\"widget\" data-e-type=\"widget\" data-widget_type=\"text-editor.default\">\n\t\t\t\t\t\t\t\t\t<p>&#8220;llegu\u00e9 a EE.UU. a los 17 a\u00f1os. Soy uno de los 84 millones de estadounidenses inmigrantes o hijos de inmigrantes. Cada uno de nosotros ten\u00eda un sue\u00f1o cuando venimos aqu\u00ed, un sue\u00f1o que, por lo general, debe ser reescrito y siempre reeditado. La revisi\u00f3n de mi sue\u00f1o me llev\u00f3 al trabajo que hago hoy en d\u00eda: esto es, capacitar a los inmigrantes para postularse a cargos p\u00fablicos.\u00a0<span style=\"color: var( --e-global-color-text );\">No quiero que piensen que fue un juego de ni\u00f1os, que EE.UU. me abri\u00f3 los brazos y me dio la bienvenida. Todav\u00eda no lo hace. Y he aprendido algunas lecciones en el camino&#8221;.<\/span><\/p><p><span style=\"color: var( --e-global-color-text );\">&#8220;Vine porque quer\u00eda estudiar literatura inglesa&#8230;. me llev\u00f3 un tiempo para entender que las cosas no iban a cambiar. La puerta que pens\u00e9 que estaba abierta estaba en realidad solo levemente entreabierta, esta puerta de EE.UU. se abrir\u00eda m\u00e1s si uno ten\u00eda el nombre correcto, el color de la piel correcto, las redes adecuadas, pero podr\u00eda cerrarse de golpe&#8230; Y simplemente no pod\u00eda aceptarlo&#8221;.<\/span><\/p>\t\t\t\t\t\t\t\t<\/div>\n\t\t\t\t\t<\/div>\n\t\t<\/div>\n\t\t\t\t\t<\/div>\n\t\t<\/section>\n\t\t\t\t<section data-particle_enable=\"false\" data-particle-mobile-disabled=\"false\" class=\"elementor-section elementor-top-section elementor-element elementor-element-427db84 elementor-section-boxed elementor-section-height-default elementor-section-height-default\" data-id=\"427db84\" data-element_type=\"section\" data-e-type=\"section\">\n\t\t\t\t\t\t<div class=\"elementor-container elementor-column-gap-default\">\n\t\t\t\t\t<div class=\"elementor-column elementor-col-100 elementor-top-column elementor-element elementor-element-ec794e8\" data-id=\"ec794e8\" data-element_type=\"column\" data-e-type=\"column\">\n\t\t\t<div class=\"elementor-widget-wrap elementor-element-populated\">\n\t\t\t\t\t\t<div class=\"elementor-element elementor-element-fec52af elementor-widget elementor-widget-image\" data-id=\"fec52af\" data-element_type=\"widget\" data-e-type=\"widget\" data-widget_type=\"image.default\">\n\t\t\t\t\t\t\t\t\t\t\t\t<figure class=\"wp-caption\">\n\t\t\t\t\t\t\t\t\t\t<img fetchpriority=\"high\" decoding=\"async\" width=\"642\" height=\"470\" src=\"https:\/\/soymigrante.com\/revista\/wp-content\/uploads\/2024\/02\/Captura-de-pantalla-2024-02-26-131228.webp\" class=\"attachment-large size-large wp-image-5059\" alt=\"La integraci\u00f3n de los migrantes a la vida estadounidense abarca la posibilidad de elegir, pero incluso sin un estatus migratorio legal se puede hacer escuchar la voz de las necesidades comunitarias.\" srcset=\"https:\/\/soymigrante.com\/revista\/wp-content\/uploads\/2024\/02\/Captura-de-pantalla-2024-02-26-131228.webp 642w, https:\/\/soymigrante.com\/revista\/wp-content\/uploads\/2024\/02\/Captura-de-pantalla-2024-02-26-131228-300x220.webp 300w\" sizes=\"(max-width: 642px) 100vw, 642px\" title=\"La integraci\u00f3n de los migrantes a la vida estadounidense abarca la posibilidad de elegir, pero incluso sin un estatus migratorio legal se puede hacer escuchar la voz de las necesidades comunitarias. \u2013 SoyMigrante.com REVISTA\" \/>\t\t\t\t\t\t\t\t\t\t\t<figcaption class=\"widget-image-caption wp-caption-text\">La integraci\u00f3n de los migrantes a la vida estadounidense abarca la posibilidad de elegir, pero incluso sin un estatus migratorio legal se puede hacer escuchar la voz de las necesidades comunitarias.<\/figcaption>\n\t\t\t\t\t\t\t\t\t\t<\/figure>\n\t\t\t\t\t\t\t\t\t<\/div>\n\t\t\t\t\t<\/div>\n\t\t<\/div>\n\t\t\t\t\t<\/div>\n\t\t<\/section>\n\t\t\t\t<section data-particle_enable=\"false\" data-particle-mobile-disabled=\"false\" class=\"elementor-section elementor-top-section elementor-element elementor-element-f5bc94d elementor-section-boxed elementor-section-height-default elementor-section-height-default\" data-id=\"f5bc94d\" data-element_type=\"section\" data-e-type=\"section\">\n\t\t\t\t\t\t<div class=\"elementor-container elementor-column-gap-default\">\n\t\t\t\t\t<div class=\"elementor-column elementor-col-100 elementor-top-column elementor-element elementor-element-ae1a39c\" data-id=\"ae1a39c\" data-element_type=\"column\" data-e-type=\"column\">\n\t\t\t<div class=\"elementor-widget-wrap elementor-element-populated\">\n\t\t\t\t\t\t<div class=\"elementor-element elementor-element-a86e729 elementor-widget elementor-widget-heading\" data-id=\"a86e729\" data-element_type=\"widget\" data-e-type=\"widget\" data-widget_type=\"heading.default\">\n\t\t\t\t\t<h2 class=\"elementor-heading-title elementor-size-default\">Si no defiendes tus derechos \u00bfqui\u00e9n lo har\u00e1?<\/h2>\t\t\t\t<\/div>\n\t\t\t\t\t<\/div>\n\t\t<\/div>\n\t\t\t\t\t<\/div>\n\t\t<\/section>\n\t\t\t\t<section data-particle_enable=\"false\" data-particle-mobile-disabled=\"false\" class=\"elementor-section elementor-top-section elementor-element elementor-element-dfc183b elementor-section-boxed elementor-section-height-default elementor-section-height-default\" data-id=\"dfc183b\" data-element_type=\"section\" data-e-type=\"section\">\n\t\t\t\t\t\t<div class=\"elementor-container elementor-column-gap-default\">\n\t\t\t\t\t<div class=\"elementor-column elementor-col-100 elementor-top-column elementor-element elementor-element-0bda024\" data-id=\"0bda024\" data-element_type=\"column\" data-e-type=\"column\">\n\t\t\t<div class=\"elementor-widget-wrap elementor-element-populated\">\n\t\t\t\t\t\t<div class=\"elementor-element elementor-element-3a454bd elementor-widget elementor-widget-text-editor\" data-id=\"3a454bd\" data-element_type=\"widget\" data-e-type=\"widget\" data-widget_type=\"text-editor.default\">\n\t\t\t\t\t\t\t\t\t<p>&#8220;Empec\u00e9 una carrera como empresaria social, en una organizaci\u00f3n para j\u00f3venes. Me convert\u00ed en defensora de asi\u00e1ticos del sur y otros inmigrantes. Presionaba a miembros del Congreso en cuestiones de pol\u00edtica.\u00a0 As\u00ed en el a\u00f1o 2000, cuando se anunci\u00f3 que la tasa de solicitud de ciudadan\u00eda iba a ser m\u00e1s del doble de USD 95 a USD 225, decid\u00ed que era el momento de solicitarla antes de que ya no me lo pudiera permitir. &#8230;.en diciembre de 2000, me un\u00ed a cientos de otros inmigrantes en una sala en Brooklyn donde garantizamos nuestra lealtad a un pa\u00eds que hab\u00edamos considerado durante mucho tiempo el hogar. Mi viaje de estudiante internacional a ciudadana estadounidense me tom\u00f3 16 a\u00f1os, un tiempo corto, al compararlo con historias de otros migrantes&#8221;.<\/p><p><span style=\"color: var( --e-global-color-text );\">&#8220;Los ataques del 11-S de 2001 cambiaron el panorama de la inmigraci\u00f3n en las siguientes d\u00e9cadas. Mi ciudad, Nueva York, estaba tambale\u00e1ndose y recuper\u00e1ndose.\u00a0 Los votantes eligieron a Michael Bloomberg alcalde de la ciudad de Nueva York. Surgi\u00f3 la Oficina de Asuntos de Inmigraci\u00f3n para la Ciudad de Nueva York. Cinco meses despu\u00e9s de esa elecci\u00f3n, el alcalde me nombr\u00f3 como primera Comisionada en Asuntos de Inmigraci\u00f3n&#8221;.<\/span><\/p>\t\t\t\t\t\t\t\t<\/div>\n\t\t\t\t\t<\/div>\n\t\t<\/div>\n\t\t\t\t\t<\/div>\n\t\t<\/section>\n\t\t\t\t<section data-particle_enable=\"false\" data-particle-mobile-disabled=\"false\" class=\"elementor-section elementor-top-section elementor-element elementor-element-a7bbe33 elementor-section-boxed elementor-section-height-default elementor-section-height-default\" data-id=\"a7bbe33\" data-element_type=\"section\" data-e-type=\"section\">\n\t\t\t\t\t\t<div class=\"elementor-container elementor-column-gap-default\">\n\t\t\t\t\t<div class=\"elementor-column elementor-col-100 elementor-top-column elementor-element elementor-element-29b27c4\" data-id=\"29b27c4\" data-element_type=\"column\" data-e-type=\"column\">\n\t\t\t<div class=\"elementor-widget-wrap elementor-element-populated\">\n\t\t\t\t\t\t<div class=\"elementor-element elementor-element-77bade7 elementor-widget elementor-widget-image\" data-id=\"77bade7\" data-element_type=\"widget\" data-e-type=\"widget\" data-widget_type=\"image.default\">\n\t\t\t\t\t\t\t\t\t\t\t\t<figure class=\"wp-caption\">\n\t\t\t\t\t\t\t\t\t\t<img decoding=\"async\" width=\"768\" height=\"512\" src=\"https:\/\/soymigrante.com\/revista\/wp-content\/uploads\/2023\/06\/UNION-OF-INMOKALEE-WORKERS-7-DE-JUNIO-1024x683.webp\" class=\"attachment-large size-large wp-image-1348\" alt=\"Uni\u00f3n de Trabajadores de Inmokalee, Florida, protesta contra la ley antimigrante SB1718. Guatemaltecos tambi\u00e9n participaron en esta marcha de 2023.\" srcset=\"https:\/\/soymigrante.com\/revista\/wp-content\/uploads\/2023\/06\/UNION-OF-INMOKALEE-WORKERS-7-DE-JUNIO-1024x683.webp 1024w, https:\/\/soymigrante.com\/revista\/wp-content\/uploads\/2023\/06\/UNION-OF-INMOKALEE-WORKERS-7-DE-JUNIO-300x200.webp 300w, https:\/\/soymigrante.com\/revista\/wp-content\/uploads\/2023\/06\/UNION-OF-INMOKALEE-WORKERS-7-DE-JUNIO-768x512.webp 768w, https:\/\/soymigrante.com\/revista\/wp-content\/uploads\/2023\/06\/UNION-OF-INMOKALEE-WORKERS-7-DE-JUNIO-1536x1024.webp 1536w, https:\/\/soymigrante.com\/revista\/wp-content\/uploads\/2023\/06\/UNION-OF-INMOKALEE-WORKERS-7-DE-JUNIO-scaled.webp 1920w, https:\/\/soymigrante.com\/revista\/wp-content\/uploads\/2023\/06\/UNION-OF-INMOKALEE-WORKERS-7-DE-JUNIO-750x500.webp 750w, https:\/\/soymigrante.com\/revista\/wp-content\/uploads\/2023\/06\/UNION-OF-INMOKALEE-WORKERS-7-DE-JUNIO-1140x760.webp 1140w, https:\/\/soymigrante.com\/revista\/wp-content\/uploads\/2023\/06\/UNION-OF-INMOKALEE-WORKERS-7-DE-JUNIO-600x400.webp 600w\" sizes=\"(max-width: 768px) 100vw, 768px\" title=\"Uni\u00f3n de Trabajadores de Inmokalee, Florida, protesta contra la ley antimigrante SB1718. Guatemaltecos tambi\u00e9n participaron en esta marcha de 2023. \u2013 SoyMigrante.com REVISTA\" \/>\t\t\t\t\t\t\t\t\t\t\t<figcaption class=\"widget-image-caption wp-caption-text\">Uni\u00f3n de Trabajadores de Inmokalee, Florida, protesta contra la ley antimigrante SB1718. Guatemaltecos tambi\u00e9n participaron en esta marcha de 2023.<\/figcaption>\n\t\t\t\t\t\t\t\t\t\t<\/figure>\n\t\t\t\t\t\t\t\t\t<\/div>\n\t\t\t\t\t<\/div>\n\t\t<\/div>\n\t\t\t\t\t<\/div>\n\t\t<\/section>\n\t\t\t\t<section data-particle_enable=\"false\" data-particle-mobile-disabled=\"false\" class=\"elementor-section elementor-top-section elementor-element elementor-element-b2d9b63 elementor-section-boxed elementor-section-height-default elementor-section-height-default\" data-id=\"b2d9b63\" data-element_type=\"section\" data-e-type=\"section\">\n\t\t\t\t\t\t<div class=\"elementor-container elementor-column-gap-default\">\n\t\t\t\t\t<div class=\"elementor-column elementor-col-100 elementor-top-column elementor-element elementor-element-a2f6608\" data-id=\"a2f6608\" data-element_type=\"column\" data-e-type=\"column\">\n\t\t\t<div class=\"elementor-widget-wrap elementor-element-populated\">\n\t\t\t\t\t\t<div class=\"elementor-element elementor-element-c3dcd2a elementor-widget elementor-widget-heading\" data-id=\"c3dcd2a\" data-element_type=\"widget\" data-e-type=\"widget\" data-widget_type=\"heading.default\">\n\t\t\t\t\t<h2 class=\"elementor-heading-title elementor-size-default\">Duros aprendizajes sirvieron<\/h2>\t\t\t\t<\/div>\n\t\t\t\t\t<\/div>\n\t\t<\/div>\n\t\t\t\t\t<\/div>\n\t\t<\/section>\n\t\t\t\t<section data-particle_enable=\"false\" data-particle-mobile-disabled=\"false\" class=\"elementor-section elementor-top-section elementor-element elementor-element-986a426 elementor-section-boxed elementor-section-height-default elementor-section-height-default\" data-id=\"986a426\" data-element_type=\"section\" data-e-type=\"section\">\n\t\t\t\t\t\t<div class=\"elementor-container elementor-column-gap-default\">\n\t\t\t\t\t<div class=\"elementor-column elementor-col-100 elementor-top-column elementor-element elementor-element-a499340\" data-id=\"a499340\" data-element_type=\"column\" data-e-type=\"column\">\n\t\t\t<div class=\"elementor-widget-wrap elementor-element-populated\">\n\t\t\t\t\t\t<div class=\"elementor-element elementor-element-4dc7e30 elementor-widget elementor-widget-text-editor\" data-id=\"4dc7e30\" data-element_type=\"widget\" data-e-type=\"widget\" data-widget_type=\"text-editor.default\">\n\t\t\t\t\t\t\t\t\t<p><span style=\"color: var( --e-global-color-text );\">&#8220;Dos cosas aprend\u00ed al convertirme en comisionada. En primer lugar, los neoyorquinos bien intencionados que estaban en el gobierno de la ciudad ocupando posiciones del gobierno no ten\u00edan ni idea de lo asustados que estaban los inmigrantes por la aplicaci\u00f3n de la ley. La mayor\u00eda de nosotros no sabe muy bien la diferencia entre un sheriff, la polic\u00eda local y el FBI. Y la mayor\u00eda de nosotros, cuando vemos a alguien en uniforme que pasa por los barrios sentimos curiosidad, por no decir preocupaci\u00f3n&#8221;.\u00a0<\/span><\/p><p><span style=\"color: var( --e-global-color-text );\">&#8220;As\u00ed que si eres un padre indocumentado, todos los d\u00edas al decir adi\u00f3s a tus hijos, para enviarlos a la escuela e ir a trabajar, no sabes cu\u00e1les son las posibilidades de volver a verlos al final del d\u00eda. Debido a que una redada en tu lugar de trabajo o un encuentro casual con la polic\u00eda local, podr\u00eda cambiar el curso de tu vida para siempre&#8221;.<\/span><\/p><p><span style=\"color: var( --e-global-color-text );\">&#8220;Lo segundo que he aprendido es que cuando la gente como yo, que entend\u00eda el miedo, que hab\u00eda aprendido un nuevo idioma, que hab\u00eda navegado nuevos sistemas, cuando la gente como nosotros estaba sentada en la mesa, defend\u00edamos las necesidades de nuestras comunidades de una manera que nadie pudiera o quisiera hacerlo. Comprend\u00ed lo que era la sensaci\u00f3n de miedo. La gente en mi familia lo experimentaba. Los j\u00f3venes con quienes hab\u00eda trabajado, eran acosados no solo por sus compa\u00f1eros, sino tambi\u00e9n por sus profesores&#8221;<\/span><\/p><div>\u00a0<\/div>\t\t\t\t\t\t\t\t<\/div>\n\t\t\t\t\t<\/div>\n\t\t<\/div>\n\t\t\t\t\t<\/div>\n\t\t<\/section>\n\t\t\t\t<section data-particle_enable=\"false\" data-particle-mobile-disabled=\"false\" class=\"elementor-section elementor-top-section elementor-element elementor-element-0ea9c85 elementor-section-boxed elementor-section-height-default elementor-section-height-default\" data-id=\"0ea9c85\" data-element_type=\"section\" data-e-type=\"section\">\n\t\t\t\t\t\t<div class=\"elementor-container elementor-column-gap-default\">\n\t\t\t\t\t<div class=\"elementor-column elementor-col-100 elementor-top-column elementor-element elementor-element-66d980d\" data-id=\"66d980d\" data-element_type=\"column\" data-e-type=\"column\">\n\t\t\t<div class=\"elementor-widget-wrap elementor-element-populated\">\n\t\t\t\t\t\t<div class=\"elementor-element elementor-element-2563384 elementor-widget elementor-widget-image\" data-id=\"2563384\" data-element_type=\"widget\" data-e-type=\"widget\" data-widget_type=\"image.default\">\n\t\t\t\t\t\t\t\t\t\t\t\t\t\t\t<img decoding=\"async\" width=\"768\" height=\"409\" src=\"https:\/\/soymigrante.com\/revista\/wp-content\/uploads\/2024\/02\/Captura-de-pantalla-2024-02-26-131055.webp\" class=\"attachment-large size-large wp-image-5060\" alt=\"\" srcset=\"https:\/\/soymigrante.com\/revista\/wp-content\/uploads\/2024\/02\/Captura-de-pantalla-2024-02-26-131055.webp 821w, https:\/\/soymigrante.com\/revista\/wp-content\/uploads\/2024\/02\/Captura-de-pantalla-2024-02-26-131055-300x160.webp 300w, https:\/\/soymigrante.com\/revista\/wp-content\/uploads\/2024\/02\/Captura-de-pantalla-2024-02-26-131055-768x409.webp 768w, https:\/\/soymigrante.com\/revista\/wp-content\/uploads\/2024\/02\/Captura-de-pantalla-2024-02-26-131055-750x399.webp 750w\" sizes=\"(max-width: 768px) 100vw, 768px\" title=\"Captura de pantalla 2024-02-26 131055 \u2013 SoyMigrante.com REVISTA\" \/>\t\t\t\t\t\t\t\t\t\t\t\t\t\t\t<\/div>\n\t\t\t\t\t<\/div>\n\t\t<\/div>\n\t\t\t\t\t<\/div>\n\t\t<\/section>\n\t\t\t\t<section data-particle_enable=\"false\" data-particle-mobile-disabled=\"false\" class=\"elementor-section elementor-top-section elementor-element elementor-element-5965209 elementor-section-boxed elementor-section-height-default elementor-section-height-default\" data-id=\"5965209\" data-element_type=\"section\" data-e-type=\"section\">\n\t\t\t\t\t\t<div class=\"elementor-container elementor-column-gap-default\">\n\t\t\t\t\t<div class=\"elementor-column elementor-col-100 elementor-top-column elementor-element elementor-element-e3bdba3\" data-id=\"e3bdba3\" data-element_type=\"column\" data-e-type=\"column\">\n\t\t\t<div class=\"elementor-widget-wrap elementor-element-populated\">\n\t\t\t\t\t\t<div class=\"elementor-element elementor-element-b4652b9 elementor-widget elementor-widget-heading\" data-id=\"b4652b9\" data-element_type=\"widget\" data-e-type=\"widget\" data-widget_type=\"heading.default\">\n\t\t\t\t\t<h2 class=\"elementor-heading-title elementor-size-default\">Voz, voto y punto de vista s\u00ed cuentan<\/h2>\t\t\t\t<\/div>\n\t\t\t\t\t<\/div>\n\t\t<\/div>\n\t\t\t\t\t<\/div>\n\t\t<\/section>\n\t\t\t\t<section data-particle_enable=\"false\" data-particle-mobile-disabled=\"false\" class=\"elementor-section elementor-top-section elementor-element elementor-element-0f4662a elementor-section-boxed elementor-section-height-default elementor-section-height-default\" data-id=\"0f4662a\" data-element_type=\"section\" data-e-type=\"section\">\n\t\t\t\t\t\t<div class=\"elementor-container elementor-column-gap-default\">\n\t\t\t\t\t<div class=\"elementor-column elementor-col-100 elementor-top-column elementor-element elementor-element-36d525a\" data-id=\"36d525a\" data-element_type=\"column\" data-e-type=\"column\">\n\t\t\t<div class=\"elementor-widget-wrap elementor-element-populated\">\n\t\t\t\t\t\t<div class=\"elementor-element elementor-element-39c0688 elementor-widget elementor-widget-text-editor\" data-id=\"39c0688\" data-element_type=\"widget\" data-e-type=\"widget\" data-widget_type=\"text-editor.default\">\n\t\t\t\t\t\t\t\t\t<p>&#8220;Son estas tres cosas: los votos, las voces y los puntos de vista de los inmigrantes, lo que creo puede ayudar a hacer m\u00e1s fuerte nuestra democracia. De hecho (los migrantes) tenemos el poder para cambiar el resultado de las elecciones, llevar nuevos temas al debate pol\u00edtico y cambiar la cara del liderazgo estatal, rancio e insulso que tenemos hoy en nuestro pa\u00eds.<\/p><p>\u00a0<\/p><h4>Pero \u00bfc\u00f3mo hacemos eso?\u00a0<\/h4><p>&#8220;Hablemos primero de los votos. Lo que no ser\u00e1 ninguna sorpresa para Uds. es que la mayor\u00eda de los votantes en EE.UU. son blancos. Pero tal vez le sorprenda saber que uno de cada tres votantes son afrodescendientes, latinos o asi\u00e1ticos. Pero no solo importa qui\u00e9n puede votar, es importante qui\u00e9n vota. As\u00ed en el a\u00f1o 2012 la mitad de los votantes latinos y asi\u00e1ticos de EE.UU. no votaron. Y estos votos importan no solo en las elecciones presidenciales. tambi\u00e9n son importantes en las elecciones locales y estatales&#8221;.\u00a0<\/p>\t\t\t\t\t\t\t\t<\/div>\n\t\t\t\t\t<\/div>\n\t\t<\/div>\n\t\t\t\t\t<\/div>\n\t\t<\/section>\n\t\t\t\t<section data-particle_enable=\"false\" data-particle-mobile-disabled=\"false\" class=\"elementor-section elementor-top-section elementor-element elementor-element-f2c6958 elementor-section-boxed elementor-section-height-default elementor-section-height-default\" data-id=\"f2c6958\" data-element_type=\"section\" data-e-type=\"section\">\n\t\t\t\t\t\t<div class=\"elementor-container elementor-column-gap-default\">\n\t\t\t\t\t<div class=\"elementor-column elementor-col-100 elementor-top-column elementor-element elementor-element-89b8ea9\" data-id=\"89b8ea9\" data-element_type=\"column\" data-e-type=\"column\">\n\t\t\t<div class=\"elementor-widget-wrap elementor-element-populated\">\n\t\t\t\t\t\t<div class=\"elementor-element elementor-element-400c2bb elementor-grid-eael-col-1 elementor-grid-tablet-eael-col-2 elementor-grid-mobile-eael-col-1 elementor-widget elementor-widget-eael-post-grid\" data-id=\"400c2bb\" data-element_type=\"widget\" data-e-type=\"widget\" data-settings=\"{&quot;eael_post_grid_columns&quot;:&quot;eael-col-1&quot;,&quot;eael_post_grid_columns_tablet&quot;:&quot;eael-col-2&quot;,&quot;eael_post_grid_columns_mobile&quot;:&quot;eael-col-1&quot;}\" data-widget_type=\"eael-post-grid.default\">\n\t\t\t\t\t<div id=\"eael-post-grid-400c2bb\" class=\"eael-post-grid-container\">\n            <div class=\"eael-post-grid eael-post-appender eael-post-appender-400c2bb eael-post-grid-style-one\" data-layout-mode=\"masonry\"><article class=\"eael-grid-post  eael-post-grid-column eael-pg-post-3559 category-exitos\" data-id=\"3559\">\n        <div class=\"eael-grid-post-holder\">\n            <div class=\"eael-grid-post-holder-inner\"><div class=\"eael-entry-media\"><div class=\"eael-entry-overlay fade-in\"><i class=\"far fa-hand-pointer\" aria-hidden=\"true\"><\/i><a href=\"https:\/\/soymigrante.com\/revista\/migrante-mynor-aguirre-impulsa-la-unidad-de-los-guatemaltecos-en-estados-unidos\/\"><\/a><\/div><div class=\"eael-entry-thumbnail \">\n                <img loading=\"lazy\" decoding=\"async\" width=\"708\" height=\"636\" src=\"https:\/\/soymigrante.com\/revista\/wp-content\/uploads\/2023\/11\/mynor.webp\" class=\"attachment-large size-large wp-image-3563\" alt=\"Mynor Aguirre, migrante y l\u00edder guatemalteco en Washington Estados Unidos\" srcset=\"https:\/\/soymigrante.com\/revista\/wp-content\/uploads\/2023\/11\/mynor.webp 708w, https:\/\/soymigrante.com\/revista\/wp-content\/uploads\/2023\/11\/mynor-300x269.webp 300w\" sizes=\"(max-width: 708px) 100vw, 708px\" \/>\n            <\/div>\n        <\/div><div class=\"eael-entry-wrapper\"><header class=\"eael-entry-header\"><h2 class=\"eael-entry-title\"><a class=\"eael-grid-post-link\" href=\"https:\/\/soymigrante.com\/revista\/migrante-mynor-aguirre-impulsa-la-unidad-de-los-guatemaltecos-en-estados-unidos\/\" title=\"En los zapatos del l\u00edder migrante guatemalteco Mynor Aguirre\">En los zapatos del l\u00edder migrante guatemalteco Mynor Aguirre<\/a><\/h2><\/header><div class=\"eael-entry-content\">\n                        <div class=\"eael-grid-post-excerpt\"><a href=\"https:\/\/soymigrante.com\/revista\/migrante-mynor-aguirre-impulsa-la-unidad-de-los-guatemaltecos-en-estados-unidos\/\" class=\"eael-post-elements-readmore-btn\">Leer m\u00e1s<\/a><\/div>\n                    <\/div><\/div><\/div>\n        <\/div>\n    <\/article><\/div>\n            <div class=\"clearfix\"><\/div>\n        <\/div>\t\t\t\t<\/div>\n\t\t\t\t\t<\/div>\n\t\t<\/div>\n\t\t\t\t\t<\/div>\n\t\t<\/section>\n\t\t\t\t<section data-particle_enable=\"false\" data-particle-mobile-disabled=\"false\" class=\"elementor-section elementor-top-section elementor-element elementor-element-80019a4 elementor-section-boxed elementor-section-height-default elementor-section-height-default\" data-id=\"80019a4\" data-element_type=\"section\" data-e-type=\"section\">\n\t\t\t\t\t\t<div class=\"elementor-container elementor-column-gap-default\">\n\t\t\t\t\t<div class=\"elementor-column elementor-col-100 elementor-top-column elementor-element elementor-element-2230320\" data-id=\"2230320\" data-element_type=\"column\" data-e-type=\"column\">\n\t\t\t<div class=\"elementor-widget-wrap elementor-element-populated\">\n\t\t\t\t\t\t<div class=\"elementor-element elementor-element-78661d5 elementor-widget elementor-widget-heading\" data-id=\"78661d5\" data-element_type=\"widget\" data-e-type=\"widget\" data-widget_type=\"heading.default\">\n\t\t\t\t\t<h2 class=\"elementor-heading-title elementor-size-default\">\"Los migrantes hemos luchado por estar aqu\u00ed\"<\/h2>\t\t\t\t<\/div>\n\t\t\t\t\t<\/div>\n\t\t<\/div>\n\t\t\t\t\t<\/div>\n\t\t<\/section>\n\t\t\t\t<section data-particle_enable=\"false\" data-particle-mobile-disabled=\"false\" class=\"elementor-section elementor-top-section elementor-element elementor-element-de3cd5c elementor-section-boxed elementor-section-height-default elementor-section-height-default\" data-id=\"de3cd5c\" data-element_type=\"section\" data-e-type=\"section\">\n\t\t\t\t\t\t<div class=\"elementor-container elementor-column-gap-default\">\n\t\t\t\t\t<div class=\"elementor-column elementor-col-100 elementor-top-column elementor-element elementor-element-3f99305\" data-id=\"3f99305\" data-element_type=\"column\" data-e-type=\"column\">\n\t\t\t<div class=\"elementor-widget-wrap elementor-element-populated\">\n\t\t\t\t\t\t<div class=\"elementor-element elementor-element-cec78d0 elementor-widget elementor-widget-text-editor\" data-id=\"cec78d0\" data-element_type=\"widget\" data-e-type=\"widget\" data-widget_type=\"text-editor.default\">\n\t\t\t\t\t\t\t\t\t<p>&#8220;En 2015, Lan Diep, el hijo mayor de refugiados pol\u00edticos de Vietnam se present\u00f3 para un esca\u00f1o del Consejo de la Ciudad de San Jos\u00e9. \u00c9l perdi\u00f3 esa elecci\u00f3n por 13 votos. Este a\u00f1o, sac\u00f3 brillo a los zapatos de campa\u00f1a y volvi\u00f3 a presentarse para ese esca\u00f1o y esta vez gan\u00f3 por 12 votos. Cada uno de nuestros votos importan. Y cuando personas como Lan est\u00e1n en la mesa pol\u00edtica, pueden marcar la diferencia. Necesitamos esas voces&#8221;<\/p><p>&#8220;Hay m\u00e1s de 500 mil oficinas locales y estatales en EE.UU. Menos del 2 % de ellas est\u00e1n en manos de los asi\u00e1ticos o latinos de EE.UU. los dos grupos mayoritarios de\u00a0 migrantes en el pa\u00eds&#8230;.<span style=\"color: var( --e-global-color-text );\">Hemos luchado para estar aqu\u00ed. Hemos alcanzado oportunidades econ\u00f3micas y educativas. Hemos alcanzado la libertad pol\u00edtica y religiosa. Hemos venido en b\u00fasqueda del amor. Esa dedicaci\u00f3n, ese compromiso con EE.UU. lo llevamos tambi\u00e9n al servicio p\u00fablico&#8221;.<\/span><\/p><p><span style=\"color: var( --e-global-color-text );\">&#8220;Los votos, voces y los puntos de vista de los inmigrantes es en lo que todos debemos trabajar para incluir en la democracia estadounidense. No es solo mi trabajo. Es tambi\u00e9n el suyo. Y no va a ser f\u00e1cil&#8221;.<\/span><\/p><p>&#8220;2016 fue un a\u00f1o de elecciones muy duras, un recordatorio de que las personas con mi historia de inmigraci\u00f3n podr\u00edan ser eliminadas por el capricho de un l\u00edder. Pero he luchado para estar en este pa\u00eds y sigo haci\u00e9ndolo cada d\u00eda. As\u00ed que mi optimismo nunca flaquea, porque s\u00e9 que hay millones de inmigrantes como yo, ante m\u00ed, detr\u00e1s de m\u00ed y a mi alrededor. Tambi\u00e9n es nuestro pa\u00eds&#8221;.<\/p>\t\t\t\t\t\t\t\t<\/div>\n\t\t\t\t\t<\/div>\n\t\t<\/div>\n\t\t\t\t\t<\/div>\n\t\t<\/section>\n\t\t\t\t<section data-particle_enable=\"false\" data-particle-mobile-disabled=\"false\" class=\"elementor-section elementor-top-section elementor-element elementor-element-7dcdb41 elementor-section-boxed elementor-section-height-default elementor-section-height-default\" data-id=\"7dcdb41\" data-element_type=\"section\" data-e-type=\"section\">\n\t\t\t\t\t\t<div class=\"elementor-container elementor-column-gap-default\">\n\t\t\t\t\t<div class=\"elementor-column elementor-col-100 elementor-top-column elementor-element elementor-element-c9e405c\" data-id=\"c9e405c\" data-element_type=\"column\" data-e-type=\"column\">\n\t\t\t<div class=\"elementor-widget-wrap elementor-element-populated\">\n\t\t\t\t\t\t<div class=\"elementor-element elementor-element-8bd56d1 elementor-widget elementor-widget-heading\" data-id=\"8bd56d1\" data-element_type=\"widget\" data-e-type=\"widget\" data-widget_type=\"heading.default\">\n\t\t\t\t\t<h2 class=\"elementor-heading-title elementor-size-default\">M\u00e1s historias de inspiraci\u00f3n <\/h2>\t\t\t\t<\/div>\n\t\t\t\t\t<\/div>\n\t\t<\/div>\n\t\t\t\t\t<\/div>\n\t\t<\/section>\n\t\t\t\t<section data-particle_enable=\"false\" data-particle-mobile-disabled=\"false\" class=\"elementor-section elementor-top-section elementor-element elementor-element-131c7d6 elementor-section-boxed elementor-section-height-default elementor-section-height-default\" data-id=\"131c7d6\" data-element_type=\"section\" data-e-type=\"section\">\n\t\t\t\t\t\t<div class=\"elementor-container elementor-column-gap-default\">\n\t\t\t\t\t<div class=\"elementor-column elementor-col-100 elementor-top-column elementor-element elementor-element-5c091d9\" data-id=\"5c091d9\" data-element_type=\"column\" data-e-type=\"column\">\n\t\t\t<div class=\"elementor-widget-wrap elementor-element-populated\">\n\t\t\t\t\t\t<div class=\"elementor-element elementor-element-e0e7e64 elementor-widget elementor-widget-blfe-post-grid\" data-id=\"e0e7e64\" data-element_type=\"widget\" data-e-type=\"widget\" data-settings=\"{&quot;columns&quot;:&quot;3&quot;,&quot;columns_tablet&quot;:&quot;6&quot;,&quot;columns_mobile&quot;:&quot;12&quot;,&quot;hero1_layout_column_gap&quot;:{&quot;unit&quot;:&quot;px&quot;,&quot;size&quot;:30,&quot;sizes&quot;:[]},&quot;hero1_layout_column_gap_tablet&quot;:{&quot;unit&quot;:&quot;px&quot;,&quot;size&quot;:&quot;&quot;,&quot;sizes&quot;:[]},&quot;hero1_layout_column_gap_mobile&quot;:{&quot;unit&quot;:&quot;px&quot;,&quot;size&quot;:&quot;&quot;,&quot;sizes&quot;:[]},&quot;hero1_layout_row_gap&quot;:{&quot;unit&quot;:&quot;px&quot;,&quot;size&quot;:30,&quot;sizes&quot;:[]},&quot;hero1_layout_row_gap_tablet&quot;:{&quot;unit&quot;:&quot;px&quot;,&quot;size&quot;:&quot;&quot;,&quot;sizes&quot;:[]},&quot;hero1_layout_row_gap_mobile&quot;:{&quot;unit&quot;:&quot;px&quot;,&quot;size&quot;:&quot;&quot;,&quot;sizes&quot;:[]}}\" data-widget_type=\"blfe-post-grid.hero1\">\n\t\t\t\t<div class=\"elementor-widget-container\">\n\t\t\t\t\t\n                        <div class=\"blfe-post-grid-container \">\n            \n                <div data-skin=\"hero1\" class=\"blfe-row blfe-posts-inner blfe-hero1 blfe-posts-inner blfe-col-3 blfe-col-tab-6 blfe-col-mob-12     \">\n                            <div class=\"blfe-post-grid-item\">\n            <div class=\"blfe-post-grid-item-inner blfe-modern-zoom\">\n                        <div class=\"blfe-post-grid-bg-image\">\n            <a class=\"blfe-post-grid-image-inner\" href=\"https:\/\/soymigrante.com\/revista\/la-empresaria-francesca-kennedy-y-su-conexion-inquebrantable-con-atitlan\/\" title=\"La empresaria Francesca Kennedy y su conexi\u00f3n inquebrantable con Atitl\u00e1n\" rel=\"nofollow\" target=\"_blank\"><img decoding=\"async\" src=\"https:\/\/soymigrante.com\/revista\/wp-content\/uploads\/2024\/09\/ayuda-francesca-kennedy-soy-migrante-atitlan2-1.webp\" alt=\"La empresaria Francesca Kennedy y su conexi\u00f3n inquebrantable con Atitl\u00e1n\"\/><\/a>        <\/div>\n                        <div class=\"blfe-post-grid-details\">\n                    <div class=\"blfe-post-grid-details-inner\">\n                        <span class=\"blfe-post-category\"><a href=\"https:\/\/soymigrante.com\/revista\/category\/exitos\/\">\u00c9xitos<\/a><\/span>                        <h3 class=\"blfe-post-grid-title\">\n            <a href=\"https:\/\/soymigrante.com\/revista\/la-empresaria-francesca-kennedy-y-su-conexion-inquebrantable-con-atitlan\/\" title=\"La empresaria Francesca Kennedy y su conexi\u00f3n inquebrantable con Atitl\u00e1n\" rel=\"nofollow\" target=\"_blank\">La empresaria Francesca Kennedy y su conexi\u00f3n inquebrantable con Atitl\u00e1n<\/a>\n            <\/h3>                                                            <div class=\"blfe-post-grid-meta\">\n                <span class=\"blfe-post-grid-time\"><i class=\"fas fa-book-reader\"><\/i>7 Min read<\/span>            <\/div>\n                                                        <\/div>\n                <\/div>\n\n            <\/div>\n        <\/div>\n                <div class=\"blfe-post-grid-item\">\n            <div class=\"blfe-post-grid-item-inner blfe-modern-zoom\">\n                        <div class=\"blfe-post-grid-bg-image\">\n            <a class=\"blfe-post-grid-image-inner\" href=\"https:\/\/soymigrante.com\/revista\/pablo-pineda-un-aliado-humanitario-en-chicago-con-su-restaurante-latin-patio\/\" title=\"El guatemalteco Pablo Pineda es un aliado humanitario de los migrantes en Chicago\" rel=\"nofollow\" target=\"_blank\"><img decoding=\"async\" src=\"https:\/\/soymigrante.com\/revista\/wp-content\/uploads\/2024\/09\/Pablo-Pineda-lider-comunitario-Illinois-Chicago2-e1728048176842.webp\" alt=\"El guatemalteco Pablo Pineda es un aliado humanitario de los migrantes en Chicago\"\/><\/a>        <\/div>\n                        <div class=\"blfe-post-grid-details\">\n                    <div class=\"blfe-post-grid-details-inner\">\n                        <span class=\"blfe-post-category\"><a href=\"https:\/\/soymigrante.com\/revista\/category\/exitos\/\">\u00c9xitos<\/a><\/span>                        <h3 class=\"blfe-post-grid-title\">\n            <a href=\"https:\/\/soymigrante.com\/revista\/pablo-pineda-un-aliado-humanitario-en-chicago-con-su-restaurante-latin-patio\/\" title=\"El guatemalteco Pablo Pineda es un aliado humanitario de los migrantes en Chicago\" rel=\"nofollow\" target=\"_blank\">El guatemalteco Pablo Pineda es un aliado humanitario de los migrantes en Chicago<\/a>\n            <\/h3>                                                            <div class=\"blfe-post-grid-meta\">\n                <span class=\"blfe-post-grid-time\"><i class=\"fas fa-book-reader\"><\/i>7 Min read<\/span>            <\/div>\n                                                        <\/div>\n                <\/div>\n\n            <\/div>\n        <\/div>\n                <div class=\"blfe-post-grid-item\">\n            <div class=\"blfe-post-grid-item-inner blfe-modern-zoom\">\n                        <div class=\"blfe-post-grid-bg-image\">\n            <a class=\"blfe-post-grid-image-inner\" href=\"https:\/\/soymigrante.com\/revista\/esvin-gomez-retalteco-migrante-impulsa-el-movimiento-tps-en-california\/\" title=\"&#8220;Lo vamos a lograr&#8221;: Esvin G\u00f3mez, migrante retalteco apoya el movimiento TPS en California\" rel=\"nofollow\" target=\"_blank\"><img decoding=\"async\" src=\"https:\/\/soymigrante.com\/revista\/wp-content\/uploads\/2024\/09\/Esvin-Gomez-defiende-el-TPS-en-USA3-e1727724241599.webp\" alt=\"&#8220;Lo vamos a lograr&#8221;: Esvin G\u00f3mez, migrante retalteco apoya el movimiento TPS en California\"\/><\/a>        <\/div>\n                        <div class=\"blfe-post-grid-details\">\n                    <div class=\"blfe-post-grid-details-inner\">\n                        <span class=\"blfe-post-category\"><a href=\"https:\/\/soymigrante.com\/revista\/category\/exitos\/\">\u00c9xitos<\/a><\/span>                        <h3 class=\"blfe-post-grid-title\">\n            <a href=\"https:\/\/soymigrante.com\/revista\/esvin-gomez-retalteco-migrante-impulsa-el-movimiento-tps-en-california\/\" title=\"&#8220;Lo vamos a lograr&#8221;: Esvin G\u00f3mez, migrante retalteco apoya el movimiento TPS en California\" rel=\"nofollow\" target=\"_blank\">&#8220;Lo vamos a lograr&#8221;: Esvin G\u00f3mez, migrante retalteco apoya el movimiento TPS en California<\/a>\n            <\/h3>                                                            <div class=\"blfe-post-grid-meta\">\n                <span class=\"blfe-post-grid-time\"><i class=\"fas fa-book-reader\"><\/i>6 Min read<\/span>            <\/div>\n                                                        <\/div>\n                <\/div>\n\n            <\/div>\n        <\/div>\n                <div class=\"blfe-post-grid-item\">\n            <div class=\"blfe-post-grid-item-inner blfe-modern-zoom\">\n                        <div class=\"blfe-post-grid-bg-image\">\n            <a class=\"blfe-post-grid-image-inner\" href=\"https:\/\/soymigrante.com\/revista\/thelma-carrera-cocina-con-el-sabor-de-la-generosidad-en-connecticut\/\" title=\"Thelma Carrera cocina con el sabor de la generosidad en Connecticut\" rel=\"nofollow\" target=\"_blank\"><img decoding=\"async\" src=\"https:\/\/soymigrante.com\/revista\/wp-content\/uploads\/2024\/09\/thelma-carrera-soy-migrante3-copia.webp\" alt=\"Thelma Carrera cocina con el sabor de la generosidad en Connecticut\"\/><\/a>        <\/div>\n                        <div class=\"blfe-post-grid-details\">\n                    <div class=\"blfe-post-grid-details-inner\">\n                        <span class=\"blfe-post-category\"><a href=\"https:\/\/soymigrante.com\/revista\/category\/exitos\/\">\u00c9xitos<\/a><\/span>                        <h3 class=\"blfe-post-grid-title\">\n            <a href=\"https:\/\/soymigrante.com\/revista\/thelma-carrera-cocina-con-el-sabor-de-la-generosidad-en-connecticut\/\" title=\"Thelma Carrera cocina con el sabor de la generosidad en Connecticut\" rel=\"nofollow\" target=\"_blank\">Thelma Carrera cocina con el sabor de la generosidad en Connecticut<\/a>\n            <\/h3>                                                            <div class=\"blfe-post-grid-meta\">\n                <span class=\"blfe-post-grid-time\"><i class=\"fas fa-book-reader\"><\/i>6 Min read<\/span>            <\/div>\n                                                        <\/div>\n                <\/div>\n\n            <\/div>\n        <\/div>\n                <div class=\"blfe-post-grid-item\">\n            <div class=\"blfe-post-grid-item-inner blfe-modern-zoom\">\n                        <div class=\"blfe-post-grid-bg-image\">\n            <a class=\"blfe-post-grid-image-inner\" href=\"https:\/\/soymigrante.com\/revista\/es-un-honor-ser-guatemalteco-rudy-perez-subjefe-de-policia-en-minneapolis-minnesota\/\" title=\"\u201cEs un honor ser guatemalteco\u201d: Rudy P\u00e9rez, subjefe de polic\u00eda en Minneapolis, Minnesota.\" rel=\"nofollow\" target=\"_blank\"><img decoding=\"async\" src=\"https:\/\/soymigrante.com\/revista\/wp-content\/uploads\/2024\/10\/Rudy-Perez-subjefe-policial-guatemalteco-americano-1.webp\" alt=\"\u201cEs un honor ser guatemalteco\u201d: Rudy P\u00e9rez, subjefe de polic\u00eda en Minneapolis, Minnesota.\"\/><\/a>        <\/div>\n                        <div class=\"blfe-post-grid-details\">\n                    <div class=\"blfe-post-grid-details-inner\">\n                        <span class=\"blfe-post-category\"><a href=\"https:\/\/soymigrante.com\/revista\/category\/exitos\/\">\u00c9xitos<\/a><\/span>                        <h3 class=\"blfe-post-grid-title\">\n            <a href=\"https:\/\/soymigrante.com\/revista\/es-un-honor-ser-guatemalteco-rudy-perez-subjefe-de-policia-en-minneapolis-minnesota\/\" title=\"\u201cEs un honor ser guatemalteco\u201d: Rudy P\u00e9rez, subjefe de polic\u00eda en Minneapolis, Minnesota.\" rel=\"nofollow\" target=\"_blank\">\u201cEs un honor ser guatemalteco\u201d: Rudy P\u00e9rez, subjefe de polic\u00eda en Minneapolis, Minnesota.<\/a>\n            <\/h3>                                                            <div class=\"blfe-post-grid-meta\">\n                <span class=\"blfe-post-grid-time\"><i class=\"fas fa-book-reader\"><\/i>8 Min read<\/span>            <\/div>\n                                                        <\/div>\n                <\/div>\n\n            <\/div>\n        <\/div>\n                <div class=\"blfe-post-grid-item\">\n            <div class=\"blfe-post-grid-item-inner blfe-modern-zoom\">\n                        <div class=\"blfe-post-grid-bg-image\">\n            <a class=\"blfe-post-grid-image-inner\" href=\"https:\/\/soymigrante.com\/revista\/de-monjas-a-stamford-connecticut-maria-sandoval-preside-el-grupo-quetzal\/\" title=\"De Monjas a Stamford, Connecticut: Mar\u00eda Sandoval preside el Grupo Quetzal\" rel=\"nofollow\" target=\"_blank\"><img decoding=\"async\" src=\"https:\/\/soymigrante.com\/revista\/wp-content\/uploads\/2024\/10\/Maria-Sandoval-Grupo-Quetzal-soy-migrante-1.webp\" alt=\"De Monjas a Stamford, Connecticut: Mar\u00eda Sandoval preside el Grupo Quetzal\"\/><\/a>        <\/div>\n                        <div class=\"blfe-post-grid-details\">\n                    <div class=\"blfe-post-grid-details-inner\">\n                        <span class=\"blfe-post-category\"><a href=\"https:\/\/soymigrante.com\/revista\/category\/exitos\/\">\u00c9xitos<\/a><\/span>                        <h3 class=\"blfe-post-grid-title\">\n            <a href=\"https:\/\/soymigrante.com\/revista\/de-monjas-a-stamford-connecticut-maria-sandoval-preside-el-grupo-quetzal\/\" title=\"De Monjas a Stamford, Connecticut: Mar\u00eda Sandoval preside el Grupo Quetzal\" rel=\"nofollow\" target=\"_blank\">De Monjas a Stamford, Connecticut: Mar\u00eda Sandoval preside el Grupo Quetzal<\/a>\n            <\/h3>                                                            <div class=\"blfe-post-grid-meta\">\n                <span class=\"blfe-post-grid-time\"><i class=\"fas fa-book-reader\"><\/i>4 Min read<\/span>            <\/div>\n                                                        <\/div>\n                <\/div>\n\n            <\/div>\n        <\/div>\n                        <\/div>\n\n                        <\/div>\n            \n                        <div class=\"blfe-post-footer\">\n                        <\/div>\n            \t\t\t\t<\/div>\n\t\t\t\t<\/div>\n\t\t\t\t\t<\/div>\n\t\t<\/div>\n\t\t\t\t\t<\/div>\n\t\t<\/section>\n\t\t\t\t<\/div>\n\t\t","protected":false},"excerpt":{"rendered":"<p>Solo los migrantes conocen sus necesidades, temores y realidades: por eso es clave la participaci\u00f3n pol\u00edtica, ya sea a trav\u00e9s del voto, de la expresi\u00f3n abierta o incluso de lograr cargos p\u00fablicos, afirma Sayu Bhojwani, impulsora de la inclusi\u00f3n y derechos de minor\u00edas en EE.UU. https:\/\/youtu.be\/0d6iSvF1UmA?si=bZu8lG4_DblTq-dw Sayu Bhojwani naci\u00f3 en India y a los 4 [&hellip;]<\/p>\n","protected":false},"author":1,"featured_media":5053,"comment_status":"open","ping_status":"open","sticky":false,"template":"","format":"standard","meta":{"_acf_changed":false,"_eb_attr":"","footnotes":""},"categories":[54],"tags":[],"class_list":["post-5051","post","type-post","status-publish","format-standard","has-post-thumbnail","hentry","category-estamos-unidos"],"acf":[],"aioseo_notices":[],"aioseo_head":"\n\t\t<!-- All in One SEO Pro 4.9.6.2 - aioseo.com -->\n\t<meta name=\"description\" content=\"Mar\u00eda Sandoval es una guatemalteca que vive desde hace 36 a\u00f1os en Connecticut, EE. UU., impulsa las tradiciones y pone en pr\u00e1ctica los valores\" \/>\n\t<meta name=\"robots\" content=\"max-snippet:-1, max-image-preview:large, max-video-preview:-1\" \/>\n\t<meta name=\"author\" content=\"Beatriz Tercero\"\/>\n\t<link rel=\"canonical\" href=\"https:\/\/soymigrante.com\/revista\/de-monjas-a-stamford-connecticut-maria-sandoval-preside-el-grupo-quetzal\/\" \/>\n\t<meta name=\"generator\" content=\"All in One SEO Pro (AIOSEO) 4.9.6.2\" \/>\n\n\t\t<link rel=\"preconnect\" href=\"https:\/\/fonts.googleapis.com\" crossorigin>\n<link rel=\"preconnect\" href=\"https:\/\/fonts.gstatic.com\" crossorigin>\n\t\t<meta property=\"og:locale\" content=\"es_ES\" \/>\n\t\t<meta property=\"og:site_name\" content=\"SoyMigrante.com REVISTA \u2013 Nuestra misi\u00f3n es reconocer y dignificar al migrante.\" \/>\n\t\t<meta property=\"og:type\" content=\"article\" \/>\n\t\t<meta property=\"og:title\" content=\"Mar\u00eda Sandoval preside el Grupo Quetzal en USA\" \/>\n\t\t<meta property=\"og:description\" content=\"Mar\u00eda Sandoval es una guatemalteca que vive desde hace 36 a\u00f1os en Connecticut, EE. UU., impulsa las tradiciones y pone en pr\u00e1ctica los valores\" \/>\n\t\t<meta property=\"og:url\" content=\"https:\/\/soymigrante.com\/revista\/de-monjas-a-stamford-connecticut-maria-sandoval-preside-el-grupo-quetzal\/\" \/>\n\t\t<meta property=\"og:image\" content=\"https:\/\/soymigrante.com\/revista\/wp-content\/uploads\/2024\/10\/Maria-Sandoval-Grupo-Quetzal-soy-migrante-1.webp\" \/>\n\t\t<meta property=\"og:image:secure_url\" content=\"https:\/\/soymigrante.com\/revista\/wp-content\/uploads\/2024\/10\/Maria-Sandoval-Grupo-Quetzal-soy-migrante-1.webp\" \/>\n\t\t<meta property=\"og:image:width\" content=\"1514\" \/>\n\t\t<meta property=\"og:image:height\" content=\"1514\" \/>\n\t\t<meta property=\"article:published_time\" content=\"2024-10-14T14:21:28+00:00\" \/>\n\t\t<meta property=\"article:modified_time\" content=\"2024-10-18T02:09:10+00:00\" \/>\n\t\t<meta property=\"article:publisher\" content=\"https:\/\/www.facebook.com\/soymigrantecom\" \/>\n\t\t<meta name=\"twitter:card\" content=\"summary_large_image\" \/>\n\t\t<meta name=\"twitter:site\" content=\"@SoyMigrante_com\" \/>\n\t\t<meta name=\"twitter:title\" content=\"Mar\u00eda Sandoval preside el Grupo Quetzal en USA\" \/>\n\t\t<meta name=\"twitter:description\" content=\"Mar\u00eda Sandoval es una guatemalteca que vive desde hace 36 a\u00f1os en Connecticut, EE. UU., impulsa las tradiciones y pone en pr\u00e1ctica los valores\" \/>\n\t\t<meta name=\"twitter:creator\" content=\"@SoyMigrante_com\" \/>\n\t\t<meta name=\"twitter:image\" content=\"https:\/\/soymigrante.com\/revista\/wp-content\/uploads\/2024\/10\/Maria-Sandoval-Grupo-Quetzal-soy-migrante-1.webp\" \/>\n\t\t<!-- All in One SEO Pro -->\r\n\t\t<title>Mar\u00eda Sandoval preside el Grupo Quetzal en USA<\/title>\n\n","aioseo_head_json":{"title":"Mar\u00eda Sandoval preside el Grupo Quetzal en USA","description":"Mar\u00eda Sandoval es una guatemalteca que vive desde hace 36 a\u00f1os en Connecticut, EE. UU., impulsa las tradiciones y pone en pr\u00e1ctica los valores","canonical_url":"https:\/\/soymigrante.com\/revista\/de-monjas-a-stamford-connecticut-maria-sandoval-preside-el-grupo-quetzal\/","robots":"max-snippet:-1, max-image-preview:large, max-video-preview:-1","keywords":"","webmasterTools":{"miscellaneous":"&lt;link rel=\"preconnect\" href=\"https:\/\/fonts.googleapis.com\" crossorigin&gt;\n&lt;link rel=\"preconnect\" href=\"https:\/\/fonts.gstatic.com\" crossorigin&gt;"},"schema":null,"og:locale":"es_ES","og:site_name":"SoyMigrante.com REVISTA \u2013 Nuestra misi\u00f3n es reconocer y dignificar al migrante.","og:type":"article","og:title":"Mar\u00eda Sandoval preside el Grupo Quetzal en USA","og:description":"Mar\u00eda Sandoval es una guatemalteca que vive desde hace 36 a\u00f1os en Connecticut, EE. UU., impulsa las tradiciones y pone en pr\u00e1ctica los valores","og:url":"https:\/\/soymigrante.com\/revista\/de-monjas-a-stamford-connecticut-maria-sandoval-preside-el-grupo-quetzal\/","og:image":"https:\/\/soymigrante.com\/revista\/wp-content\/uploads\/2024\/10\/Maria-Sandoval-Grupo-Quetzal-soy-migrante-1.webp","og:image:secure_url":"https:\/\/soymigrante.com\/revista\/wp-content\/uploads\/2024\/10\/Maria-Sandoval-Grupo-Quetzal-soy-migrante-1.webp","og:image:width":1514,"og:image:height":1514,"article:published_time":"2024-10-14T14:21:28+00:00","article:modified_time":"2024-10-18T02:09:10+00:00","article:publisher":"https:\/\/www.facebook.com\/soymigrantecom","twitter:card":"summary_large_image","twitter:site":"@SoyMigrante_com","twitter:title":"Mar\u00eda Sandoval preside el Grupo Quetzal en USA","twitter:description":"Mar\u00eda Sandoval es una guatemalteca que vive desde hace 36 a\u00f1os en Connecticut, EE. UU., impulsa las tradiciones y pone en pr\u00e1ctica los valores","twitter:creator":"@SoyMigrante_com","twitter:image":"https:\/\/soymigrante.com\/revista\/wp-content\/uploads\/2024\/10\/Maria-Sandoval-Grupo-Quetzal-soy-migrante-1.webp"},"aioseo_meta_data":{"post_id":"5051","title":null,"description":null,"keywords":[],"keyphrases":{"focus":{"keyphrase":"Migrantes","score":82,"analysis":{"keyphraseInTitle":{"score":9,"maxScore":9,"error":0},"keyphraseInDescription":{"score":9,"maxScore":9,"error":0},"keyphraseLength":{"score":9,"maxScore":9,"error":0,"length":1},"keyphraseInURL":{"score":5,"maxScore":5,"error":0},"keyphraseInIntroduction":{"score":3,"maxScore":9,"error":1},"keyphraseInSubHeadings":{"score":3,"maxScore":9,"error":1},"keyphraseInImageAlt":{"score":9,"maxScore":9,"error":0},"keywordDensity":{"type":"best","score":9,"maxScore":9,"error":0}}},"additional":[]},"primary_term":null,"canonical_url":null,"og_title":null,"og_description":null,"og_object_type":"default","og_image_type":"default","og_image_url":null,"og_image_width":null,"og_image_height":null,"og_image_custom_url":null,"og_image_custom_fields":null,"og_video":"","og_custom_url":null,"og_article_section":null,"og_article_tags":[],"twitter_use_og":false,"twitter_card":"default","twitter_image_type":"default","twitter_image_url":null,"twitter_image_custom_url":null,"twitter_image_custom_fields":null,"twitter_title":null,"twitter_description":null,"schema":{"blockGraphs":[],"customGraphs":[],"default":{"data":{"Article":[],"Course":[],"Dataset":[],"FAQPage":[],"Movie":[],"Person":[],"Product":[],"ProductReview":[],"Car":[],"Recipe":[],"Service":[],"SoftwareApplication":[],"WebPage":[]},"graphName":"BlogPosting","isEnabled":true},"graphs":[]},"schema_type":"default","schema_type_options":null,"pillar_content":false,"robots_default":true,"robots_noindex":false,"robots_noarchive":false,"robots_nosnippet":false,"robots_nofollow":false,"robots_noimageindex":false,"robots_noodp":false,"robots_notranslate":false,"robots_max_snippet":"-1","robots_max_videopreview":"-1","robots_max_imagepreview":"large","priority":null,"frequency":"default","local_seo":null,"seo_analyzer_scan_date":"2025-10-08 21:13:53","breadcrumb_settings":null,"limit_modified_date":false,"reviewed_by":null,"open_ai":null,"ai":null,"created":"2024-02-26 19:28:08","updated":"2026-02-04 10:54:55"},"aioseo_breadcrumb":"<div class=\"aioseo-breadcrumbs\"><span class=\"aioseo-breadcrumb\">\n\t<a href=\"https:\/\/soymigrante.com\/revista\" title=\"Home\">Home<\/a>\n<\/span><span class=\"aioseo-breadcrumb-separator\">\u00bb<\/span><span class=\"aioseo-breadcrumb\">\n\t<a href=\"https:\/\/soymigrante.com\/revista\/category\/estamos-unidos\/\" title=\"Estamos Unidos\">Estamos Unidos<\/a>\n<\/span><span class=\"aioseo-breadcrumb-separator\">\u00bb<\/span><span class=\"aioseo-breadcrumb\">\n\tA\u00f1o electoral EE.UU: Votos, voces y puntos de vista migrantes cuentan\n<\/span><\/div>","aioseo_breadcrumb_json":[{"label":"Home","link":"https:\/\/soymigrante.com\/revista"},{"label":"Estamos Unidos","link":"https:\/\/soymigrante.com\/revista\/category\/estamos-unidos\/"},{"label":"A\u00f1o electoral EE.UU: Votos, voces y puntos de vista migrantes cuentan","link":"https:\/\/soymigrante.com\/revista\/ano-electoral-ee-uu-votos-voces-y-puntos-de-vista-migrantes-cuentan\/"}],"_links":{"self":[{"href":"https:\/\/soymigrante.com\/revista\/wp-json\/wp\/v2\/posts\/5051","targetHints":{"allow":["GET"]}}],"collection":[{"href":"https:\/\/soymigrante.com\/revista\/wp-json\/wp\/v2\/posts"}],"about":[{"href":"https:\/\/soymigrante.com\/revista\/wp-json\/wp\/v2\/types\/post"}],"author":[{"embeddable":true,"href":"https:\/\/soymigrante.com\/revista\/wp-json\/wp\/v2\/users\/1"}],"replies":[{"embeddable":true,"href":"https:\/\/soymigrante.com\/revista\/wp-json\/wp\/v2\/comments?post=5051"}],"version-history":[{"count":0,"href":"https:\/\/soymigrante.com\/revista\/wp-json\/wp\/v2\/posts\/5051\/revisions"}],"wp:featuredmedia":[{"embeddable":true,"href":"https:\/\/soymigrante.com\/revista\/wp-json\/wp\/v2\/media\/5053"}],"wp:attachment":[{"href":"https:\/\/soymigrante.com\/revista\/wp-json\/wp\/v2\/media?parent=5051"}],"wp:term":[{"taxonomy":"category","embeddable":true,"href":"https:\/\/soymigrante.com\/revista\/wp-json\/wp\/v2\/categories?post=5051"},{"taxonomy":"post_tag","embeddable":true,"href":"https:\/\/soymigrante.com\/revista\/wp-json\/wp\/v2\/tags?post=5051"}],"curies":[{"name":"wp","href":"https:\/\/api.w.org\/{rel}","templated":true}]}}