{"id":5013,"date":"2024-02-22T17:53:11","date_gmt":"2024-02-22T23:53:11","guid":{"rendered":"https:\/\/soymigrante.com\/revista\/?p=5013"},"modified":"2024-11-06T09:58:33","modified_gmt":"2024-11-06T15:58:33","slug":"migrante-guatemalteco-industria-herreria","status":"publish","type":"post","link":"https:\/\/soymigrante.com\/revista\/migrante-guatemalteco-industria-herreria\/","title":{"rendered":"Voluntad migrante de acero: Diego Manuel arranc\u00f3 su \u00e9xito desde cero"},"content":{"rendered":"\t\t<div data-elementor-type=\"wp-post\" data-elementor-id=\"5013\" class=\"elementor elementor-5013\" data-elementor-post-type=\"post\">\n\t\t\t\t\t\t<section data-particle_enable=\"false\" data-particle-mobile-disabled=\"false\" class=\"elementor-section elementor-top-section elementor-element elementor-element-77e7829 elementor-section-boxed elementor-section-height-default elementor-section-height-default\" data-id=\"77e7829\" data-element_type=\"section\" data-e-type=\"section\">\n\t\t\t\t\t\t<div class=\"elementor-container elementor-column-gap-default\">\n\t\t\t\t\t<div class=\"elementor-column elementor-col-100 elementor-top-column elementor-element elementor-element-4614f6a\" data-id=\"4614f6a\" data-element_type=\"column\" data-e-type=\"column\">\n\t\t\t<div class=\"elementor-widget-wrap elementor-element-populated\">\n\t\t\t\t\t\t<div class=\"elementor-element elementor-element-cd10ba7 elementor-widget elementor-widget-heading\" data-id=\"cd10ba7\" data-element_type=\"widget\" data-e-type=\"widget\" data-widget_type=\"heading.default\">\n\t\t\t\t\t<h1 class=\"elementor-heading-title elementor-size-default\">Originario de Santa Eulalia, Huehuetenango, Diego Manuel no sab\u00eda de construcci\u00f3n o de herrer\u00eda, pero fund\u00f3 su exitosa empresa, The Steel Fabrication, a los 10 a\u00f1os  de haber llegado a Alabama, EE. UU. \nEsta es la conversaci\u00f3n<\/h1>\t\t\t\t<\/div>\n\t\t\t\t\t<\/div>\n\t\t<\/div>\n\t\t\t\t\t<\/div>\n\t\t<\/section>\n\t\t\t\t<section data-particle_enable=\"false\" data-particle-mobile-disabled=\"false\" class=\"elementor-section elementor-top-section elementor-element elementor-element-8064fe6 elementor-section-boxed elementor-section-height-default elementor-section-height-default\" data-id=\"8064fe6\" data-element_type=\"section\" data-e-type=\"section\">\n\t\t\t\t\t\t<div class=\"elementor-container elementor-column-gap-default\">\n\t\t\t\t\t<div class=\"elementor-column elementor-col-100 elementor-top-column elementor-element elementor-element-3164b90\" data-id=\"3164b90\" data-element_type=\"column\" data-e-type=\"column\">\n\t\t\t<div class=\"elementor-widget-wrap elementor-element-populated\">\n\t\t\t\t\t\t<div class=\"elementor-element elementor-element-1a7bc09 elementor-widget elementor-widget-text-editor\" data-id=\"1a7bc09\" data-element_type=\"widget\" data-e-type=\"widget\" data-widget_type=\"text-editor.default\">\n\t\t\t\t\t\t\t\t\t<p>La historia de Diego Manuel se ha forjado a fuerza de adversidad. Logr\u00f3 convertir dificultades en escalones as\u00ed como hoy convierte el metal en escaleras, ventanas, puertas, tanques, estructuras de gran tama\u00f1o en su exitoso emprendimiento The Steel Fabrication, en Birmingham Alabama, fundado en 2016.&nbsp;<\/p><p>\u00c9l mismo lo dice: empez\u00f3 de cero, pero con voluntad y sobre todo &#8220;mucha necesidad&#8221; se traz\u00f3 metas que no solo se cumplieron, sino que fueron rebasadas.<\/p><p>En esta es la conversaci\u00f3n. Se oye el bullicio de sierras en pleno corte de hierro. Pero luego cierra su puerta y queda lejos. Diego tiene seis trabajadores a los que ense\u00f1a las claves que aprendi\u00f3 con la vida, pero sobre todo a que &#8220;trabajen como si fuera para su propia casa, porque no saben con cu\u00e1nto esfuerzo el cliente gan\u00f3 su dinero con el cual nos paga a nosotros&#8221;.<br><span style=\"color: rgb(0, 0, 0); font-family: Mulish, sans-serif; font-size: 1.25em; font-weight: 700;\">Diego, \u00bfc\u00f3mo fueron tus primeros d\u00edas y semanas en Estados Unidos?<\/span><br><\/p>\n<p>Un poquito dif\u00edcil. Uno reci\u00e9n llegado no sabe nada de ingl\u00e9s y se encuentra en un lugar donde uno no est\u00e1 acostumbrado.<\/p>\n<h4>\u00bfCu\u00e1les fueron los primeros trabajos?&nbsp;<\/h4>\n<p>Bueno yo llegu\u00e9 en 2006. Ten\u00eda un hermano aqu\u00ed que trabajaba en la construcci\u00f3n. Hac\u00edan casas y empec\u00e9 a trabajar con \u00e9l. Me toc\u00f3 empezar pegando ladrillos. Me qued\u00e9 unos dos a\u00f1os con \u00e9l. Pero en 2008 empez\u00f3 la recesi\u00f3n y de pronto ya no hab\u00eda nada de trabajo. Buscaba y nada.<\/p>\t\t\t\t\t\t\t\t<\/div>\n\t\t\t\t\t<\/div>\n\t\t<\/div>\n\t\t\t\t\t<\/div>\n\t\t<\/section>\n\t\t\t\t<section data-particle_enable=\"false\" data-particle-mobile-disabled=\"false\" class=\"elementor-section elementor-top-section elementor-element elementor-element-02f17b4 elementor-section-boxed elementor-section-height-default elementor-section-height-default\" data-id=\"02f17b4\" data-element_type=\"section\" data-e-type=\"section\">\n\t\t\t\t\t\t<div class=\"elementor-container elementor-column-gap-default\">\n\t\t\t\t\t<div class=\"elementor-column elementor-col-100 elementor-top-column elementor-element elementor-element-c7c6ae8\" data-id=\"c7c6ae8\" data-element_type=\"column\" data-e-type=\"column\">\n\t\t\t<div class=\"elementor-widget-wrap elementor-element-populated\">\n\t\t\t\t\t\t<div class=\"elementor-element elementor-element-3ef93c4 elementor-widget elementor-widget-heading\" data-id=\"3ef93c4\" data-element_type=\"widget\" data-e-type=\"widget\" data-widget_type=\"heading.default\">\n\t\t\t\t\t<h2 class=\"elementor-heading-title elementor-size-default\">\"La necesidad obliga\": Diego Manuel<\/h2>\t\t\t\t<\/div>\n\t\t\t\t\t<\/div>\n\t\t<\/div>\n\t\t\t\t\t<\/div>\n\t\t<\/section>\n\t\t\t\t<section data-particle_enable=\"false\" data-particle-mobile-disabled=\"false\" class=\"elementor-section elementor-top-section elementor-element elementor-element-c24cf99 elementor-section-boxed elementor-section-height-default elementor-section-height-default\" data-id=\"c24cf99\" data-element_type=\"section\" data-e-type=\"section\">\n\t\t\t\t\t\t<div class=\"elementor-container elementor-column-gap-default\">\n\t\t\t\t\t<div class=\"elementor-column elementor-col-100 elementor-top-column elementor-element elementor-element-3d752e2\" data-id=\"3d752e2\" data-element_type=\"column\" data-e-type=\"column\">\n\t\t\t<div class=\"elementor-widget-wrap elementor-element-populated\">\n\t\t\t\t\t\t<div class=\"elementor-element elementor-element-64af329 elementor-widget elementor-widget-facebook-embed\" data-id=\"64af329\" data-element_type=\"widget\" data-e-type=\"widget\" data-widget_type=\"facebook-embed.default\">\n\t\t\t\t\t<div style=\"min-height: 1px\" class=\"elementor-facebook-widget fb-post\" data-href=\"https:\/\/www.facebook.com\/diegoIronWorks\/videos\/1687104424945282\" data-show-text=\"false\"><\/div>\t\t\t\t<\/div>\n\t\t\t\t\t<\/div>\n\t\t<\/div>\n\t\t\t\t\t<\/div>\n\t\t<\/section>\n\t\t\t\t<section data-particle_enable=\"false\" data-particle-mobile-disabled=\"false\" class=\"elementor-section elementor-top-section elementor-element elementor-element-68b0666 elementor-section-boxed elementor-section-height-default elementor-section-height-default\" data-id=\"68b0666\" data-element_type=\"section\" data-e-type=\"section\">\n\t\t\t\t\t\t<div class=\"elementor-container elementor-column-gap-default\">\n\t\t\t\t\t<div class=\"elementor-column elementor-col-100 elementor-top-column elementor-element elementor-element-e00508b\" data-id=\"e00508b\" data-element_type=\"column\" data-e-type=\"column\">\n\t\t\t<div class=\"elementor-widget-wrap elementor-element-populated\">\n\t\t\t\t\t\t<div class=\"elementor-element elementor-element-168c163 elementor-widget elementor-widget-text-editor\" data-id=\"168c163\" data-element_type=\"widget\" data-e-type=\"widget\" data-widget_type=\"text-editor.default\">\n\t\t\t\t\t\t\t\t\t<p>As\u00ed fue el comienzo del emprendimiento en herrer\u00eda de Diego Manuel, en 2016. Poco despu\u00e9s su marca pasar\u00eda a ser The Steel Fabrication..<\/p>\t\t\t\t\t\t\t\t<\/div>\n\t\t\t\t\t<\/div>\n\t\t<\/div>\n\t\t\t\t\t<\/div>\n\t\t<\/section>\n\t\t\t\t<section data-particle_enable=\"false\" data-particle-mobile-disabled=\"false\" class=\"elementor-section elementor-top-section elementor-element elementor-element-ac22895 elementor-section-boxed elementor-section-height-default elementor-section-height-default\" data-id=\"ac22895\" data-element_type=\"section\" data-e-type=\"section\">\n\t\t\t\t\t\t<div class=\"elementor-container elementor-column-gap-default\">\n\t\t\t\t\t<div class=\"elementor-column elementor-col-100 elementor-top-column elementor-element elementor-element-e6e5156\" data-id=\"e6e5156\" data-element_type=\"column\" data-e-type=\"column\">\n\t\t\t<div class=\"elementor-widget-wrap elementor-element-populated\">\n\t\t\t\t\t\t<div class=\"elementor-element elementor-element-e36a849 elementor-widget elementor-widget-text-editor\" data-id=\"e36a849\" data-element_type=\"widget\" data-e-type=\"widget\" data-widget_type=\"text-editor.default\">\n\t\t\t\t\t\t\t\t\t<h4>\u00bfTen\u00edas experiencia en construcci\u00f3n aqu\u00ed de Guatemala?<\/h4>\n<p>No mucho. Yo empec\u00e9 a trabajar desde los 12 a\u00f1os y pues s\u00ed hab\u00eda desempe\u00f1ado elgunos oficios, pero sobre todo la agricultura. Pero experiencia, nada, porque en Estados Unidos todo es diferente, se trabaja distinto. Cero experiencia.<\/p>\n<h4><span style=\"color: var( --e-global-color-text );\">Mencionas que trabajas desde los 12. \u00bfC\u00f3mo fue tu educaci\u00f3n?<\/span><\/h4>\n<p>S\u00f3lo llegu\u00e9 a sexto grado fue todo lo que estudi\u00e9. No porque yo quisiera dejar la escuela. Yo quer\u00eda seguir estudiando, pero por la situaci\u00f3n econ\u00f3mica de mi familia no se pudo m\u00e1s. Me dediqu\u00e9 a trabajar en el campo y ah\u00ed depend\u00eda de lo que saliera. Ganaba poco.<\/p>\n<h4><span style=\"color: var( --e-global-color-text );\">\u00bfC\u00f3mo llega la decisi\u00f3n de migrar a Estados Unidos?<\/span><\/h4>\n<p>La necesidad obliga. Quer\u00eda buscar un buen futuro. Porque en los a\u00f1os 2004 o 2005, quer\u00eda lograr construir algo propio, pero no se pod\u00eda hacer nada.&nbsp;<span style=\"color: var( --e-global-color-text );\">Mi hermano ya estaba en EStados Unidos y contaba que hac\u00eda trabajitos en construcci\u00f3n y con eso ayudaba a la casa. As\u00ed surgi\u00f3 la idea de buscar en otro lado c\u00f3mo vivir un poquito mejor la vida.&nbsp;<\/span><\/p>\n<p><span style=\"color: var( --e-global-color-text );\">S\u00f3lo llegu\u00e9 a sexto grado fue todo lo que estudi\u00e9. No porque yo quisiera dejar la escuela. Yo quer\u00eda seguir estudiando, pero por la situaci\u00f3n econ\u00f3mica de mi familia no se pudo m\u00e1s. Me dediqu\u00e9 a trabajar en el campo y ah\u00ed depend\u00eda de lo que saliera. Ganaba poco.<\/span><\/p>\t\t\t\t\t\t\t\t<\/div>\n\t\t\t\t\t<\/div>\n\t\t<\/div>\n\t\t\t\t\t<\/div>\n\t\t<\/section>\n\t\t\t\t<section data-particle_enable=\"false\" data-particle-mobile-disabled=\"false\" class=\"elementor-section elementor-top-section elementor-element elementor-element-209575c elementor-section-boxed elementor-section-height-default elementor-section-height-default\" data-id=\"209575c\" data-element_type=\"section\" data-e-type=\"section\">\n\t\t\t\t\t\t<div class=\"elementor-container elementor-column-gap-default\">\n\t\t\t\t\t<div class=\"elementor-column elementor-col-100 elementor-top-column elementor-element elementor-element-f851327\" data-id=\"f851327\" data-element_type=\"column\" data-e-type=\"column\">\n\t\t\t<div class=\"elementor-widget-wrap elementor-element-populated\">\n\t\t\t\t\t\t<div class=\"elementor-element elementor-element-94bba10 elementor-widget elementor-widget-image\" data-id=\"94bba10\" data-element_type=\"widget\" data-e-type=\"widget\" data-widget_type=\"image.default\">\n\t\t\t\t\t\t\t\t\t\t\t\t<figure class=\"wp-caption\">\n\t\t\t\t\t\t\t\t\t\t<img fetchpriority=\"high\" decoding=\"async\" width=\"557\" height=\"583\" src=\"https:\/\/soymigrante.com\/revista\/wp-content\/uploads\/2024\/02\/Captura-de-pantalla-2024-02-21-233355.webp\" class=\"attachment-large size-large wp-image-5017\" alt=\"Diego Manuel lleg\u00f3 a Estados Unidos en 2006, a los 18 a\u00f1os. Diez a\u00f1os despu\u00e9s, en 2016 fundaba su compa\u00f1\u00eda The Steel Fabrication. Atiende esta entrevista desde su oficina, en Birmingham, Alabama,\" srcset=\"https:\/\/soymigrante.com\/revista\/wp-content\/uploads\/2024\/02\/Captura-de-pantalla-2024-02-21-233355.webp 557w, https:\/\/soymigrante.com\/revista\/wp-content\/uploads\/2024\/02\/Captura-de-pantalla-2024-02-21-233355-287x300.webp 287w\" sizes=\"(max-width: 557px) 100vw, 557px\" title=\"Diego Manuel lleg\u00f3 a Estados Unidos en 2006, a los 18 a\u00f1os. Diez a\u00f1os despu\u00e9s, en 2016 fundaba su compa\u00f1\u00eda The Steel Fabrication. Atiende esta entrevista desde su oficina, en Birmingham, Alabama, \u2013 SoyMigrante.com REVISTA\" \/>\t\t\t\t\t\t\t\t\t\t\t<figcaption class=\"widget-image-caption wp-caption-text\">Diego Manuel lleg\u00f3 a Estados Unidos en 2006, a los 18 a\u00f1os. Diez a\u00f1os despu\u00e9s, en 2016 fundaba su compa\u00f1\u00eda The Steel Fabrication. Atiende esta entrevista desde su oficina, en Birmingham, Alabama,<\/figcaption>\n\t\t\t\t\t\t\t\t\t\t<\/figure>\n\t\t\t\t\t\t\t\t\t<\/div>\n\t\t\t\t\t<\/div>\n\t\t<\/div>\n\t\t\t\t\t<\/div>\n\t\t<\/section>\n\t\t\t\t<section data-particle_enable=\"false\" data-particle-mobile-disabled=\"false\" class=\"elementor-section elementor-top-section elementor-element elementor-element-bdf32a6 elementor-section-boxed elementor-section-height-default elementor-section-height-default\" data-id=\"bdf32a6\" data-element_type=\"section\" data-e-type=\"section\">\n\t\t\t\t\t\t<div class=\"elementor-container elementor-column-gap-default\">\n\t\t\t\t\t<div class=\"elementor-column elementor-col-100 elementor-top-column elementor-element elementor-element-f2a6afb\" data-id=\"f2a6afb\" data-element_type=\"column\" data-e-type=\"column\">\n\t\t\t<div class=\"elementor-widget-wrap elementor-element-populated\">\n\t\t\t\t\t\t<div class=\"elementor-element elementor-element-e4d8587 elementor-widget elementor-widget-text-editor\" data-id=\"e4d8587\" data-element_type=\"widget\" data-e-type=\"widget\" data-widget_type=\"text-editor.default\">\n\t\t\t\t\t\t\t\t\t<h4>Migrar es una decisi\u00f3n complicada<\/h4><p><span style=\"color: var( --e-global-color-text );\">Exactamente. Es muy dif\u00edcil de dejar todo, tanto m\u00e1s a los padres, los hermanos, todo. Fue una decisi\u00f3n dif\u00edcil. Y ya aqu\u00ed, me dio alegr\u00eda ver a familiares que ten\u00eda a\u00f1os que no os miraba, pero triste porque pensaba en aquellos que dej\u00e9.<\/span><\/p><h4>\u00bfC\u00f3mo llega el trabajo de herrer\u00eda a tu vida?<\/h4><p>Cuando no hab\u00eda trabajo, en el 2008, un amigo me avis\u00f3 que estaban contratando gente en un taller de un se\u00f1or que elaboraba estructuras met\u00e1licas.\u00a0<\/p><h4>\u00bfY sab\u00edas algo de eso o toc\u00f3 empezar de cero?<\/h4><p>Empec\u00e9 de cero otra vez. No sab\u00eda. Pero la necesidad obliga\u00a0 a aprender y r\u00e1pido. Lo m\u00e1s dif\u00edcil fue, otra vez, el ingl\u00e9s. En la construcci\u00f3n hablabamos en espa\u00f1ol, pero el se\u00f1or del taller no. Era americano y no hablaba espa\u00f1ol y yo muy poco ingl\u00e9s. Pero ten\u00eda necesidad de pagar la renta, la comida y poder enviar algo a la familia.<\/p><h4>\u00bfY cu\u00e1l fue la clave para llegar a dominar la herrer\u00eda?<\/h4><p>Ten\u00eda ganas de trabajar y estaba empe\u00f1ado en aprender. En la primera semana aprend\u00ed a soldar. Hac\u00eda peque\u00f1as piezas, pero me fijaba en la gente que trabajaba all\u00ed. Aprend\u00ed al ojo y lo intentaba. El m\u00edster miraba mis ganas de trabajar: fue lo que m\u00e1s le agrad\u00f3 y tambi\u00e9n me fue explicando.<\/p><h4>\u00bfY c\u00f3mo se llamaba ese m\u00edster?<\/h4><p><span style=\"color: var( --e-global-color-text );\">Franco Woodson.\u00a0\u00a0<\/span><span style=\"color: var( --e-global-color-text );\">Yo me esforc\u00e9 tambi\u00e9n en aprender ingl\u00e9s para poder hablarle y entenderle. D\u00eda a d\u00eda miraba pel\u00edculas en ingl\u00e9s con los t\u00edtulos en ingl\u00e9s, escuchaba la radio donde hablaban en ingl\u00e9s, la m\u00fasica en ingl\u00e9s y empec\u00e9 a hablarlo.\u00a0<\/span><\/p><p><span style=\"color: var( --e-global-color-text );\">Era duro practicar porque trabajaba de 7 de la ma\u00f1ana a 5 de la tarde, me pon\u00eda a ver la pel\u00edcula. Al principio no entend\u00eda nada. Pero poco a voco vas pescando una palabra, otra y otra&#8230;<\/span><\/p><div>\u00a0<\/div>\t\t\t\t\t\t\t\t<\/div>\n\t\t\t\t\t<\/div>\n\t\t<\/div>\n\t\t\t\t\t<\/div>\n\t\t<\/section>\n\t\t\t\t<section data-particle_enable=\"false\" data-particle-mobile-disabled=\"false\" class=\"elementor-section elementor-top-section elementor-element elementor-element-350f295 elementor-section-boxed elementor-section-height-default elementor-section-height-default\" data-id=\"350f295\" data-element_type=\"section\" data-e-type=\"section\">\n\t\t\t\t\t\t<div class=\"elementor-container elementor-column-gap-default\">\n\t\t\t\t\t<div class=\"elementor-column elementor-col-100 elementor-top-column elementor-element elementor-element-5b17af4\" data-id=\"5b17af4\" data-element_type=\"column\" data-e-type=\"column\">\n\t\t\t<div class=\"elementor-widget-wrap elementor-element-populated\">\n\t\t\t\t\t\t<div class=\"elementor-element elementor-element-dafd9ba elementor-widget elementor-widget-heading\" data-id=\"dafd9ba\" data-element_type=\"widget\" data-e-type=\"widget\" data-widget_type=\"heading.default\">\n\t\t\t\t\t<h2 class=\"elementor-heading-title elementor-size-default\">Nace un emprendimiento guatemalteco en los Estados Unidos<\/h2>\t\t\t\t<\/div>\n\t\t\t\t\t<\/div>\n\t\t<\/div>\n\t\t\t\t\t<\/div>\n\t\t<\/section>\n\t\t\t\t<section data-particle_enable=\"false\" data-particle-mobile-disabled=\"false\" class=\"elementor-section elementor-top-section elementor-element elementor-element-9a83ead elementor-section-boxed elementor-section-height-default elementor-section-height-default\" data-id=\"9a83ead\" data-element_type=\"section\" data-e-type=\"section\">\n\t\t\t\t\t\t<div class=\"elementor-container elementor-column-gap-default\">\n\t\t\t\t\t<div class=\"elementor-column elementor-col-100 elementor-top-column elementor-element elementor-element-15bb370\" data-id=\"15bb370\" data-element_type=\"column\" data-e-type=\"column\">\n\t\t\t<div class=\"elementor-widget-wrap elementor-element-populated\">\n\t\t\t\t\t\t<div class=\"elementor-element elementor-element-e5062cf elementor-widget elementor-widget-facebook-embed\" data-id=\"e5062cf\" data-element_type=\"widget\" data-e-type=\"widget\" data-widget_type=\"facebook-embed.default\">\n\t\t\t\t\t<div style=\"min-height: 1px\" class=\"elementor-facebook-widget fb-video\" data-href=\"https:\/\/www.facebook.com\/diegoIronWorks\/videos\/622683139208828\/\" data-show-text=\"false\" data-allowfullscreen=\"false\" data-autoplay=\"false\" data-show-captions=\"false\"><\/div>\t\t\t\t<\/div>\n\t\t\t\t\t<\/div>\n\t\t<\/div>\n\t\t\t\t\t<\/div>\n\t\t<\/section>\n\t\t\t\t<section data-particle_enable=\"false\" data-particle-mobile-disabled=\"false\" class=\"elementor-section elementor-top-section elementor-element elementor-element-5e0381a elementor-section-boxed elementor-section-height-default elementor-section-height-default\" data-id=\"5e0381a\" data-element_type=\"section\" data-e-type=\"section\">\n\t\t\t\t\t\t<div class=\"elementor-container elementor-column-gap-default\">\n\t\t\t\t\t<div class=\"elementor-column elementor-col-100 elementor-top-column elementor-element elementor-element-1bb5626\" data-id=\"1bb5626\" data-element_type=\"column\" data-e-type=\"column\">\n\t\t\t<div class=\"elementor-widget-wrap elementor-element-populated\">\n\t\t\t\t\t\t<div class=\"elementor-element elementor-element-0662f11 elementor-widget elementor-widget-text-editor\" data-id=\"0662f11\" data-element_type=\"widget\" data-e-type=\"widget\" data-widget_type=\"text-editor.default\">\n\t\t\t\t\t\t\t\t\t<h4>&#8216;\u00bfCu\u00e1ndo nace The Steel Fabrication?<\/h4><p>Fue en 2016.\u00a0 E<span style=\"color: var( --e-global-color-text );\">ra tiempo de cambiar. Desde que empec\u00e9 con Franco tambi\u00e9n comenc\u00e9 a comprar mis herramientas. Despu\u00e9s del trabajo me iba con alg\u00fan amigo que necesitaba un trabajito de soldadura, poner alguna puerta. Aprend\u00eda m\u00e1s y agarraba clientes, que a la vez me recomendaban con otros nuevos.<\/span><\/p><p>Aqu\u00ed en Alabama hay mucho trailer, carritos de carga, veh\u00edculos con baranda. Me fij\u00e9 que hab\u00eda algunos con un barrote faltante o despegado. &#8220;Oye amigo, yo te puedo reparar eso&#8221;, les dec\u00eda.\u00a0\u00a0<span style=\"color: var( --e-global-color-text );\">Estaba atento a ver alguien con un carro de metal y cuando lo miraba, yo\u00a0<\/span><span style=\"color: var( --e-global-color-text );\">sacaba mis tarjetitas. Yo dise\u00f1\u00e9 mis tarjetas, las imprim\u00ed y siempre las repart\u00ed. -&#8220;Mira a\u00fan no tienes la puerta despegada ahorita, pero en un futuro va a necesitar soldadura. me puedes llamar&#8221;, les dec\u00eda y as\u00ed fui haciendo clientes<\/span><\/p><h4><span style=\"color: var( --e-global-color-text );\">\u00bfY qu\u00e9 tipo de trabajos hace hoy <i>The Steel Fabrication<\/i>?<\/span><\/h4><p>De todo, pero lo que m\u00e1s nos piden son barandales, cercas y estructuras met\u00e1licas para sostener escaleras. Tambi\u00e9n estructuras para bodegas o\u00a0 cobertizos. Temgp seis personas trabajando conmigo.<\/p>\t\t\t\t\t\t\t\t<\/div>\n\t\t\t\t\t<\/div>\n\t\t<\/div>\n\t\t\t\t\t<\/div>\n\t\t<\/section>\n\t\t\t\t<section data-particle_enable=\"false\" data-particle-mobile-disabled=\"false\" class=\"elementor-section elementor-top-section elementor-element elementor-element-4f0ef9e elementor-section-boxed elementor-section-height-default elementor-section-height-default\" data-id=\"4f0ef9e\" data-element_type=\"section\" data-e-type=\"section\">\n\t\t\t\t\t\t<div class=\"elementor-container elementor-column-gap-default\">\n\t\t\t\t\t<div class=\"elementor-column elementor-col-100 elementor-top-column elementor-element elementor-element-459df51\" data-id=\"459df51\" data-element_type=\"column\" data-e-type=\"column\">\n\t\t\t<div class=\"elementor-widget-wrap elementor-element-populated\">\n\t\t\t\t\t\t<div class=\"elementor-element elementor-element-7d6a6ba elementor-arrows-position-inside elementor-pagination-position-outside elementor-widget elementor-widget-image-carousel\" data-id=\"7d6a6ba\" data-element_type=\"widget\" data-e-type=\"widget\" data-settings=\"{&quot;slides_to_show&quot;:&quot;1&quot;,&quot;autoplay_speed&quot;:1000,&quot;speed&quot;:200,&quot;navigation&quot;:&quot;both&quot;,&quot;autoplay&quot;:&quot;yes&quot;,&quot;pause_on_hover&quot;:&quot;yes&quot;,&quot;pause_on_interaction&quot;:&quot;yes&quot;,&quot;infinite&quot;:&quot;yes&quot;,&quot;effect&quot;:&quot;slide&quot;}\" data-widget_type=\"image-carousel.default\">\n\t\t\t\t\t\t\t<div class=\"elementor-image-carousel-wrapper swiper\" role=\"region\" aria-roledescription=\"carousel\" aria-label=\"Carrusel de im\u00e1genes\" dir=\"ltr\">\n\t\t\t<div class=\"elementor-image-carousel swiper-wrapper\" aria-live=\"off\">\n\t\t\t\t\t\t\t\t<div class=\"swiper-slide\" role=\"group\" aria-roledescription=\"slide\" aria-label=\"1 de 7\"><figure class=\"swiper-slide-inner\"><img decoding=\"async\" class=\"swiper-slide-image\" src=\"https:\/\/soymigrante.com\/revista\/wp-content\/uploads\/2024\/02\/diego-maneuln5-1024x683.webp\" alt=\"Diego Manuel y su equipo dise\u00f1an, elaboran e instalan todo trabajo de herrer\u00eda que les encarguen. Barandas, puertas, estructuras y en este caso, una escalera exterior.\" \/><figcaption class=\"elementor-image-carousel-caption\">Diego Manuel y su equipo dise\u00f1an, elaboran e instalan todo trabajo de herrer\u00eda que les encarguen. Barandas, puertas, estructuras y en este caso, una escalera exterior.<\/figcaption><\/figure><\/div><div class=\"swiper-slide\" role=\"group\" aria-roledescription=\"slide\" aria-label=\"2 de 7\"><figure class=\"swiper-slide-inner\"><img decoding=\"async\" class=\"swiper-slide-image\" src=\"https:\/\/soymigrante.com\/revista\/wp-content\/uploads\/2024\/02\/diego-manuel-6-1-1024x576.webp\" alt=\"Diego Manuel y su equipo dise\u00f1an, elaboran e instalan todo trabajo de herrer\u00eda que les encarguen. Barandas, puertas, estructuras y en este caso, una escalera exterior.\" \/><figcaption class=\"elementor-image-carousel-caption\">Diego Manuel y su equipo dise\u00f1an, elaboran e instalan todo trabajo de herrer\u00eda que les encarguen. Barandas, puertas, estructuras y en este caso, una escalera exterior.<\/figcaption><\/figure><\/div><div class=\"swiper-slide\" role=\"group\" aria-roledescription=\"slide\" aria-label=\"3 de 7\"><figure class=\"swiper-slide-inner\"><img decoding=\"async\" class=\"swiper-slide-image\" src=\"https:\/\/soymigrante.com\/revista\/wp-content\/uploads\/2024\/02\/diego-manjuel4-1024x683.webp\" alt=\"Diego Manuel y su equipo dise\u00f1an, elaboran e instalan todo trabajo de herrer\u00eda que les encarguen. Barandas, puertas, estructuras y en este caso, una escalera exterior.\" \/><figcaption class=\"elementor-image-carousel-caption\">Diego Manuel y su equipo dise\u00f1an, elaboran e instalan todo trabajo de herrer\u00eda que les encarguen. Barandas, puertas, estructuras y en este caso, una escalera exterior.<\/figcaption><\/figure><\/div><div class=\"swiper-slide\" role=\"group\" aria-roledescription=\"slide\" aria-label=\"4 de 7\"><figure class=\"swiper-slide-inner\"><img decoding=\"async\" class=\"swiper-slide-image\" src=\"https:\/\/soymigrante.com\/revista\/wp-content\/uploads\/2024\/02\/digo-manuel-3-1024x683.webp\" alt=\"Diego Manuel y su equipo dise\u00f1an, elaboran e instalan todo trabajo de herrer\u00eda que les encarguen. Barandas, puertas, estructuras y en este caso, una escalera exterior.\" \/><figcaption class=\"elementor-image-carousel-caption\">Diego Manuel y su equipo dise\u00f1an, elaboran e instalan todo trabajo de herrer\u00eda que les encarguen. Barandas, puertas, estructuras y en este caso, una escalera exterior.<\/figcaption><\/figure><\/div><div class=\"swiper-slide\" role=\"group\" aria-roledescription=\"slide\" aria-label=\"5 de 7\"><figure class=\"swiper-slide-inner\"><img decoding=\"async\" class=\"swiper-slide-image\" src=\"https:\/\/soymigrante.com\/revista\/wp-content\/uploads\/2024\/02\/diego-manuel-3-1024x683.webp\" alt=\"Diego Manuel y su equipo dise\u00f1an, elaboran e instalan todo trabajo de herrer\u00eda que les encarguen. Barandas, puertas, estructuras y en este caso, una escalera exterior.\" \/><figcaption class=\"elementor-image-carousel-caption\">Diego Manuel y su equipo dise\u00f1an, elaboran e instalan todo trabajo de herrer\u00eda que les encarguen. Barandas, puertas, estructuras y en este caso, una escalera exterior.<\/figcaption><\/figure><\/div><div class=\"swiper-slide\" role=\"group\" aria-roledescription=\"slide\" aria-label=\"6 de 7\"><figure class=\"swiper-slide-inner\"><img decoding=\"async\" class=\"swiper-slide-image\" src=\"https:\/\/soymigrante.com\/revista\/wp-content\/uploads\/2024\/02\/diegonauel-5-1024x683.webp\" alt=\"Diego Manuel y su equipo dise\u00f1an, elaboran e instalan todo trabajo de herrer\u00eda que les encarguen. Barandas, puertas, estructuras y en este caso, una escalera exterior.\" \/><figcaption class=\"elementor-image-carousel-caption\">Diego Manuel y su equipo dise\u00f1an, elaboran e instalan todo trabajo de herrer\u00eda que les encarguen. Barandas, puertas, estructuras y en este caso, una escalera exterior.<\/figcaption><\/figure><\/div><div class=\"swiper-slide\" role=\"group\" aria-roledescription=\"slide\" aria-label=\"7 de 7\"><figure class=\"swiper-slide-inner\"><img decoding=\"async\" class=\"swiper-slide-image\" src=\"https:\/\/soymigrante.com\/revista\/wp-content\/uploads\/2024\/02\/diego-manueln-4-1024x683.webp\" alt=\"Diego Manuel y su equipo dise\u00f1an, elaboran e instalan todo trabajo de herrer\u00eda que les encarguen. Barandas, puertas, estructuras y en este caso, una escalera exterior.\" \/><figcaption class=\"elementor-image-carousel-caption\">Diego Manuel y su equipo dise\u00f1an, elaboran e instalan todo trabajo de herrer\u00eda que les encarguen. Barandas, puertas, estructuras y en este caso, una escalera exterior.<\/figcaption><\/figure><\/div>\t\t\t<\/div>\n\t\t\t\t\t\t\t\t\t\t\t\t<div class=\"elementor-swiper-button elementor-swiper-button-prev\" role=\"button\" tabindex=\"0\">\n\t\t\t\t\t\t<i aria-hidden=\"true\" class=\"eicon-chevron-left\"><\/i>\t\t\t\t\t<\/div>\n\t\t\t\t\t<div class=\"elementor-swiper-button elementor-swiper-button-next\" role=\"button\" tabindex=\"0\">\n\t\t\t\t\t\t<i aria-hidden=\"true\" class=\"eicon-chevron-right\"><\/i>\t\t\t\t\t<\/div>\n\t\t\t\t\n\t\t\t\t\t\t\t\t\t<div class=\"swiper-pagination\"><\/div>\n\t\t\t\t\t\t\t\t\t<\/div>\n\t\t\t\t\t\t<\/div>\n\t\t\t\t\t<\/div>\n\t\t<\/div>\n\t\t\t\t\t<\/div>\n\t\t<\/section>\n\t\t\t\t<section data-particle_enable=\"false\" data-particle-mobile-disabled=\"false\" class=\"elementor-section elementor-top-section elementor-element elementor-element-0c0c4bb elementor-section-boxed elementor-section-height-default elementor-section-height-default\" data-id=\"0c0c4bb\" data-element_type=\"section\" data-e-type=\"section\">\n\t\t\t\t\t\t<div class=\"elementor-container elementor-column-gap-default\">\n\t\t\t\t\t<div class=\"elementor-column elementor-col-100 elementor-top-column elementor-element elementor-element-743bfe2\" data-id=\"743bfe2\" data-element_type=\"column\" data-e-type=\"column\">\n\t\t\t<div class=\"elementor-widget-wrap elementor-element-populated\">\n\t\t\t\t\t\t<div class=\"elementor-element elementor-element-59f6f24 elementor-widget elementor-widget-text-editor\" data-id=\"59f6f24\" data-element_type=\"widget\" data-e-type=\"widget\" data-widget_type=\"text-editor.default\">\n\t\t\t\t\t\t\t\t\t<p>&#8216;<span style=\"color: #000000; font-family: Mulish, sans-serif; font-size: 1.25em; font-weight: bold;\">\u00bfY te ha tocado ense\u00f1arles as\u00ed como te ense\u00f1aron?<\/span><\/p>\n<p>Siempre siempre.<b> Les aconsejo que nosotros no sabemos c\u00f3mo los clientes ganan su dinero, con qu\u00e9 esfuerzo y trabajos. Entonces, si ellos conf\u00edan sus proyectos a nosotros, tenemos que dejarlo con tanta calidad como si fuera para nosotros.<\/b> La calidad es lo que importa, la calidad manda y que siempre se debe hacer bien.<\/p>\n<p>Tambi\u00e9n cada lunes tenemos junta para ver los trabajos y les encargo tener siempre su protecci\u00f3n de o\u00eddos, ojos, guantes.La seguridad ees clave en nuestro trabajo. Tambi\u00e9n el trabajo en equipo, quie nos ayudemos y nos cuidemos.<\/p>\n<h4><b>\u00bfCu\u00e1l es tu gran sue\u00f1o?<\/b><\/h4>\n<p>Viajar a Guatemala. No puedo regresar el tiempo, pero todav\u00eda est\u00e1n mis pap\u00e1s all\u00e1 y quiero verlos. Nicol\u00e1s Manuel y mi mam\u00e1 se llama Genara Diez. Espero poder lograrlo pronto.<\/p>\t\t\t\t\t\t\t\t<\/div>\n\t\t\t\t\t<\/div>\n\t\t<\/div>\n\t\t\t\t\t<\/div>\n\t\t<\/section>\n\t\t\t\t<section data-particle_enable=\"false\" data-particle-mobile-disabled=\"false\" class=\"elementor-section elementor-top-section elementor-element elementor-element-56cc4a1 elementor-section-boxed elementor-section-height-default elementor-section-height-default\" data-id=\"56cc4a1\" data-element_type=\"section\" data-e-type=\"section\">\n\t\t\t\t\t\t<div class=\"elementor-container elementor-column-gap-default\">\n\t\t\t\t\t<div class=\"elementor-column elementor-col-100 elementor-top-column elementor-element elementor-element-87e79af\" data-id=\"87e79af\" data-element_type=\"column\" data-e-type=\"column\">\n\t\t\t<div class=\"elementor-widget-wrap elementor-element-populated\">\n\t\t\t\t\t\t<div class=\"elementor-element elementor-element-0e9ff4b elementor-grid-3 elementor-grid-tablet-2 elementor-grid-mobile-1 elementor-invisible elementor-widget elementor-widget-elementor-blog-posts\" data-id=\"0e9ff4b\" data-element_type=\"widget\" data-e-type=\"widget\" data-settings=\"{&quot;_animation&quot;:&quot;rotateInDownLeft&quot;,&quot;columns&quot;:&quot;3&quot;,&quot;columns_tablet&quot;:&quot;2&quot;,&quot;columns_mobile&quot;:&quot;1&quot;}\" data-widget_type=\"elementor-blog-posts.default\">\n\t\t\t\t<div class=\"elementor-widget-container\">\n\t\t\t\t\t\t\t<div class=\"wpcap-grid\">\n\t\t\t\t\t\t<div class=\"wpcap-grid-container elementor-grid wpcap-grid-desktop-3 wpcap-grid-tablet-2 wpcap-grid-mobile-1\">\n\n\t\t\t\t\n        <article id=\"post-24715\" class=\"wpcap-post post-24715 post type-post status-publish format-standard has-post-thumbnail hentry category-guate-nuestra tag-departamentos-de-guatemala\">\n         \n            <div class=\"post-grid-inner\">\n            \t\n                \t\t<h3 class=\"title\">\n\t\t\t<a href=\"https:\/\/soymigrante.com\/revista\/departamentos-de-guatemala-retalhuleu-tiene-148-anos-de-historia\/\">Departamentos de Guatemala: Retalhuleu, n\u00facleo tur\u00edstico con 148 a\u00f1os de historia<\/a>\n\t\t<\/h3>\n\t\t                \n                            \t\n                \t\t\t<div class=\"post-grid-thumbnail\">\n\t\t\t\t<a href=\"https:\/\/soymigrante.com\/revista\/departamentos-de-guatemala-retalhuleu-tiene-148-anos-de-historia\/\">\n\t\t\t\t\t<img decoding=\"async\" width=\"1920\" height=\"1920\" src=\"https:\/\/soymigrante.com\/revista\/wp-content\/uploads\/2024\/09\/IMG_2712-copia.webp\" class=\"attachment-full size-full wp-post-image\" alt=\"Torre de la Independencia en la Ciudad de M\u00e9xico, s\u00edmbolo de historia y cultura mexicana. Ubicaci\u00f3n central, rodeada de \u00e1reas verdes y edificios tradicionales, ideal para visitantes y residentes.\" srcset=\"https:\/\/soymigrante.com\/revista\/wp-content\/uploads\/2024\/09\/IMG_2712-copia.webp 1920w, https:\/\/soymigrante.com\/revista\/wp-content\/uploads\/2024\/09\/IMG_2712-copia-300x300.webp 300w, https:\/\/soymigrante.com\/revista\/wp-content\/uploads\/2024\/09\/IMG_2712-copia-1024x1024.webp 1024w, https:\/\/soymigrante.com\/revista\/wp-content\/uploads\/2024\/09\/IMG_2712-copia-150x150.webp 150w, https:\/\/soymigrante.com\/revista\/wp-content\/uploads\/2024\/09\/IMG_2712-copia-768x768.webp 768w, https:\/\/soymigrante.com\/revista\/wp-content\/uploads\/2024\/09\/IMG_2712-copia-1536x1536.webp 1536w, https:\/\/soymigrante.com\/revista\/wp-content\/uploads\/2024\/09\/IMG_2712-copia-75x75.webp 75w, https:\/\/soymigrante.com\/revista\/wp-content\/uploads\/2024\/09\/IMG_2712-copia-750x750.webp 750w, https:\/\/soymigrante.com\/revista\/wp-content\/uploads\/2024\/09\/IMG_2712-copia-1140x1140.jpg 1140w\" sizes=\"(max-width: 1920px) 100vw, 1920px\" \/>\t\t\t\t<\/a>\n\t\t\t<\/div>\n        \n                <div class=\"post-grid-text-wrap\">\n\t                \t                \t\t<a class=\"read-more-btn\" href=\"https:\/\/soymigrante.com\/revista\/departamentos-de-guatemala-retalhuleu-tiene-148-anos-de-historia\/\">Conoce la historia<\/a>\n\t\t                <\/div>\n\n            <\/div><!-- .blog-inner -->\n           \n        <\/article>\n\n        \n        <article id=\"post-7108\" class=\"wpcap-post post-7108 post type-post status-publish format-standard has-post-thumbnail hentry category-estamos-unidos\">\n         \n            <div class=\"post-grid-inner\">\n            \t\n                \t\t<h3 class=\"title\">\n\t\t\t<a href=\"https:\/\/soymigrante.com\/revista\/migrantes-guatemaltecos-en-40-estados-de-ee-uu-se-unen-en-busca-de-un-tps\/\">Migrantes guatemaltecos en 40 Estados de EE.UU. unen esfuerzos por un TPS<\/a>\n\t\t<\/h3>\n\t\t                \n                            \t\n                \t\t\t<div class=\"post-grid-thumbnail\">\n\t\t\t\t<a href=\"https:\/\/soymigrante.com\/revista\/migrantes-guatemaltecos-en-40-estados-de-ee-uu-se-unen-en-busca-de-un-tps\/\">\n\t\t\t\t\t<img decoding=\"async\" width=\"857\" height=\"857\" src=\"https:\/\/soymigrante.com\/revista\/wp-content\/uploads\/2024\/06\/Captura-de-pantalla-2024-06-24-002314.webp\" class=\"attachment-full size-full wp-post-image\" alt=\"Guatemaltecos migrantes en manifestaci\u00f3n por derechos laborales en Washington, protestando por TPS y justicia migratoria en EE. UU. y Guatemala.\" srcset=\"https:\/\/soymigrante.com\/revista\/wp-content\/uploads\/2024\/06\/Captura-de-pantalla-2024-06-24-002314.webp 857w, https:\/\/soymigrante.com\/revista\/wp-content\/uploads\/2024\/06\/Captura-de-pantalla-2024-06-24-002314-300x300.webp 300w, https:\/\/soymigrante.com\/revista\/wp-content\/uploads\/2024\/06\/Captura-de-pantalla-2024-06-24-002314-150x150.webp 150w, https:\/\/soymigrante.com\/revista\/wp-content\/uploads\/2024\/06\/Captura-de-pantalla-2024-06-24-002314-768x768.webp 768w, https:\/\/soymigrante.com\/revista\/wp-content\/uploads\/2024\/06\/Captura-de-pantalla-2024-06-24-002314-75x75.webp 75w, https:\/\/soymigrante.com\/revista\/wp-content\/uploads\/2024\/06\/Captura-de-pantalla-2024-06-24-002314-750x750.webp 750w\" sizes=\"(max-width: 857px) 100vw, 857px\" \/>\t\t\t\t<\/a>\n\t\t\t<\/div>\n        \n                <div class=\"post-grid-text-wrap\">\n\t                \t                \t\t<a class=\"read-more-btn\" href=\"https:\/\/soymigrante.com\/revista\/migrantes-guatemaltecos-en-40-estados-de-ee-uu-se-unen-en-busca-de-un-tps\/\">Conoce la historia<\/a>\n\t\t                <\/div>\n\n            <\/div><!-- .blog-inner -->\n           \n        <\/article>\n\n        \n        <article id=\"post-54031\" class=\"wpcap-post post-54031 post type-post status-publish format-standard has-post-thumbnail hentry category-exitos category-guatemala\">\n         \n            <div class=\"post-grid-inner\">\n            \t\n                \t\t<h3 class=\"title\">\n\t\t\t<a href=\"https:\/\/soymigrante.com\/revista\/dana-garcia-esquivel-de-familia-migrante-guatemalteca-en-conecticut-ingresa-a-programa-de-la-universidad-yale\/\">Dana Garc\u00eda Esquivel, de familia migrante guatemalteca en Conecticut, ingresa a programa de la Universidad Yale<\/a>\n\t\t<\/h3>\n\t\t                \n                            \t\n                \t\t\t<div class=\"post-grid-thumbnail\">\n\t\t\t\t<a href=\"https:\/\/soymigrante.com\/revista\/dana-garcia-esquivel-de-familia-migrante-guatemalteca-en-conecticut-ingresa-a-programa-de-la-universidad-yale\/\">\n\t\t\t\t\t<img loading=\"lazy\" decoding=\"async\" width=\"1200\" height=\"1200\" src=\"https:\/\/soymigrante.com\/revista\/wp-content\/uploads\/2026\/03\/dana-garcia-esquivel-estudiante-familia-migrante-guatemalteca-connecticut-va-a-programa-universidad-de-yale-2.png\" class=\"attachment-full size-full wp-post-image\" alt=\"dana garcia esquivel estudiante familia migrante guatemalteca connecticut va a programa universidad de yale 2\" srcset=\"https:\/\/soymigrante.com\/revista\/wp-content\/uploads\/2026\/03\/dana-garcia-esquivel-estudiante-familia-migrante-guatemalteca-connecticut-va-a-programa-universidad-de-yale-2.png 1200w, https:\/\/soymigrante.com\/revista\/wp-content\/uploads\/2026\/03\/dana-garcia-esquivel-estudiante-familia-migrante-guatemalteca-connecticut-va-a-programa-universidad-de-yale-2-300x300.png 300w, https:\/\/soymigrante.com\/revista\/wp-content\/uploads\/2026\/03\/dana-garcia-esquivel-estudiante-familia-migrante-guatemalteca-connecticut-va-a-programa-universidad-de-yale-2-1024x1024.png 1024w, https:\/\/soymigrante.com\/revista\/wp-content\/uploads\/2026\/03\/dana-garcia-esquivel-estudiante-familia-migrante-guatemalteca-connecticut-va-a-programa-universidad-de-yale-2-150x150.png 150w, https:\/\/soymigrante.com\/revista\/wp-content\/uploads\/2026\/03\/dana-garcia-esquivel-estudiante-familia-migrante-guatemalteca-connecticut-va-a-programa-universidad-de-yale-2-768x768.png 768w, https:\/\/soymigrante.com\/revista\/wp-content\/uploads\/2026\/03\/dana-garcia-esquivel-estudiante-familia-migrante-guatemalteca-connecticut-va-a-programa-universidad-de-yale-2-75x75.png 75w, https:\/\/soymigrante.com\/revista\/wp-content\/uploads\/2026\/03\/dana-garcia-esquivel-estudiante-familia-migrante-guatemalteca-connecticut-va-a-programa-universidad-de-yale-2-750x750.png 750w, https:\/\/soymigrante.com\/revista\/wp-content\/uploads\/2026\/03\/dana-garcia-esquivel-estudiante-familia-migrante-guatemalteca-connecticut-va-a-programa-universidad-de-yale-2-1140x1140.png 1140w\" sizes=\"(max-width: 1200px) 100vw, 1200px\" \/>\t\t\t\t<\/a>\n\t\t\t<\/div>\n        \n                <div class=\"post-grid-text-wrap\">\n\t                \t                \t\t<a class=\"read-more-btn\" href=\"https:\/\/soymigrante.com\/revista\/dana-garcia-esquivel-de-familia-migrante-guatemalteca-en-conecticut-ingresa-a-programa-de-la-universidad-yale\/\">Conoce la historia<\/a>\n\t\t                <\/div>\n\n            <\/div><!-- .blog-inner -->\n           \n        <\/article>\n\n        \n\t\t\t<\/div>\n\t\t<\/div>\n\t\t\t\t\t\t<\/div>\n\t\t\t\t<\/div>\n\t\t\t\t\t<\/div>\n\t\t<\/div>\n\t\t\t\t\t<\/div>\n\t\t<\/section>\n\t\t\t\t<\/div>\n\t\t","protected":false},"excerpt":{"rendered":"<p>Originario de Santa Eulalia, Huehuetenango, Diego Manuel no sab\u00eda de construcci\u00f3n o de herrer\u00eda, pero fund\u00f3 su exitosa empresa, The Steel Fabrication, a los 10 a\u00f1os de haber llegado a Alabama, EE. UU. Esta es la conversaci\u00f3n La historia de Diego Manuel se ha forjado a fuerza de adversidad. Logr\u00f3 convertir dificultades en escalones as\u00ed [&hellip;]<\/p>\n","protected":false},"author":7,"featured_media":5015,"comment_status":"open","ping_status":"open","sticky":false,"template":"","format":"standard","meta":{"_acf_changed":false,"_eb_attr":"","footnotes":""},"categories":[50],"tags":[],"class_list":["post-5013","post","type-post","status-publish","format-standard","has-post-thumbnail","hentry","category-exitos"],"acf":[],"aioseo_notices":[],"aioseo_head":"\n\t\t<!-- All in One SEO Pro 4.9.6.2 - aioseo.com -->\n\t<meta name=\"description\" content=\"Dentro de miles de solicitudes, Dana Garc\u00eda Esquivel, de familia migrante guatemalteca fue seleccionada para el programa Yale Global Youth. Esta es la historia\" \/>\n\t<meta name=\"robots\" content=\"max-snippet:-1, max-image-preview:large, max-video-preview:-1\" \/>\n\t<meta name=\"author\" content=\"Gustavo Montenegro\"\/>\n\t<link rel=\"canonical\" href=\"https:\/\/soymigrante.com\/revista\/dana-garcia-esquivel-de-familia-migrante-guatemalteca-en-conecticut-ingresa-a-programa-de-la-universidad-yale\/\" \/>\n\t<meta name=\"generator\" content=\"All in One SEO Pro (AIOSEO) 4.9.6.2\" \/>\n\n\t\t<link rel=\"preconnect\" href=\"https:\/\/fonts.googleapis.com\" crossorigin>\n<link rel=\"preconnect\" href=\"https:\/\/fonts.gstatic.com\" crossorigin>\n\t\t<meta property=\"og:locale\" content=\"es_ES\" \/>\n\t\t<meta property=\"og:site_name\" content=\"SoyMigrante.com REVISTA \u2013 Nuestra misi\u00f3n es reconocer y dignificar al migrante.\" \/>\n\t\t<meta property=\"og:type\" content=\"article\" \/>\n\t\t<meta property=\"og:title\" content=\"Guatemalteca logra ingresar a programa en Universidad de Yale\" \/>\n\t\t<meta property=\"og:description\" content=\"Dentro de miles de solicitudes, Dana Garc\u00eda Esquivel, de familia migrante guatemalteca fue seleccionada para el programa Yale Global Youth. Esta es la historia\" \/>\n\t\t<meta property=\"og:url\" content=\"https:\/\/soymigrante.com\/revista\/dana-garcia-esquivel-de-familia-migrante-guatemalteca-en-conecticut-ingresa-a-programa-de-la-universidad-yale\/\" \/>\n\t\t<meta property=\"og:image\" content=\"https:\/\/soymigrante.com\/revista\/wp-content\/uploads\/2026\/03\/dana-garcia-esquivel-estudiante-familia-migrante-guatemalteca-connecticut-va-a-programa-universidad-de-yale-2.png\" \/>\n\t\t<meta property=\"og:image:secure_url\" content=\"https:\/\/soymigrante.com\/revista\/wp-content\/uploads\/2026\/03\/dana-garcia-esquivel-estudiante-familia-migrante-guatemalteca-connecticut-va-a-programa-universidad-de-yale-2.png\" \/>\n\t\t<meta property=\"og:image:width\" content=\"1200\" \/>\n\t\t<meta property=\"og:image:height\" content=\"1200\" \/>\n\t\t<meta property=\"article:published_time\" content=\"2026-03-24T17:17:59+00:00\" \/>\n\t\t<meta property=\"article:modified_time\" content=\"2026-03-24T17:21:34+00:00\" \/>\n\t\t<meta property=\"article:publisher\" content=\"https:\/\/www.facebook.com\/soymigrantecom\" \/>\n\t\t<meta name=\"twitter:card\" content=\"summary_large_image\" \/>\n\t\t<meta name=\"twitter:site\" content=\"@SoyMigrante_com\" \/>\n\t\t<meta name=\"twitter:title\" content=\"Guatemalteca logra ingresar a programa en Universidad de Yale\" \/>\n\t\t<meta name=\"twitter:description\" content=\"Dentro de miles de solicitudes, Dana Garc\u00eda Esquivel, de familia migrante guatemalteca fue seleccionada para el programa Yale Global Youth. Esta es la historia\" \/>\n\t\t<meta name=\"twitter:creator\" content=\"@SoyMigrante_com\" \/>\n\t\t<meta name=\"twitter:image\" content=\"https:\/\/soymigrante.com\/revista\/wp-content\/uploads\/2026\/03\/dana-garcia-esquivel-estudiante-familia-migrante-guatemalteca-connecticut-va-a-programa-universidad-de-yale-2.png\" \/>\n\t\t<!-- All in One SEO Pro -->\r\n\t\t<title>Guatemalteca logra ingresar a programa en Universidad de Yale<\/title>\n\n","aioseo_head_json":{"title":"Guatemalteca logra ingresar a programa en Universidad de Yale","description":"Dentro de miles de solicitudes, Dana Garc\u00eda Esquivel, de familia migrante guatemalteca fue seleccionada para el programa Yale Global Youth. Esta es la historia","canonical_url":"https:\/\/soymigrante.com\/revista\/dana-garcia-esquivel-de-familia-migrante-guatemalteca-en-conecticut-ingresa-a-programa-de-la-universidad-yale\/","robots":"max-snippet:-1, max-image-preview:large, max-video-preview:-1","keywords":"","webmasterTools":{"miscellaneous":"&lt;link rel=\"preconnect\" href=\"https:\/\/fonts.googleapis.com\" crossorigin&gt;\n&lt;link rel=\"preconnect\" href=\"https:\/\/fonts.gstatic.com\" crossorigin&gt;"},"schema":null,"og:locale":"es_ES","og:site_name":"SoyMigrante.com REVISTA \u2013 Nuestra misi\u00f3n es reconocer y dignificar al migrante.","og:type":"article","og:title":"Guatemalteca logra ingresar a programa en Universidad de Yale","og:description":"Dentro de miles de solicitudes, Dana Garc\u00eda Esquivel, de familia migrante guatemalteca fue seleccionada para el programa Yale Global Youth. Esta es la historia","og:url":"https:\/\/soymigrante.com\/revista\/dana-garcia-esquivel-de-familia-migrante-guatemalteca-en-conecticut-ingresa-a-programa-de-la-universidad-yale\/","og:image":"https:\/\/soymigrante.com\/revista\/wp-content\/uploads\/2026\/03\/dana-garcia-esquivel-estudiante-familia-migrante-guatemalteca-connecticut-va-a-programa-universidad-de-yale-2.png","og:image:secure_url":"https:\/\/soymigrante.com\/revista\/wp-content\/uploads\/2026\/03\/dana-garcia-esquivel-estudiante-familia-migrante-guatemalteca-connecticut-va-a-programa-universidad-de-yale-2.png","og:image:width":1200,"og:image:height":1200,"article:published_time":"2026-03-24T17:17:59+00:00","article:modified_time":"2026-03-24T17:21:34+00:00","article:publisher":"https:\/\/www.facebook.com\/soymigrantecom","twitter:card":"summary_large_image","twitter:site":"@SoyMigrante_com","twitter:title":"Guatemalteca logra ingresar a programa en Universidad de Yale","twitter:description":"Dentro de miles de solicitudes, Dana Garc\u00eda Esquivel, de familia migrante guatemalteca fue seleccionada para el programa Yale Global Youth. Esta es la historia","twitter:creator":"@SoyMigrante_com","twitter:image":"https:\/\/soymigrante.com\/revista\/wp-content\/uploads\/2026\/03\/dana-garcia-esquivel-estudiante-familia-migrante-guatemalteca-connecticut-va-a-programa-universidad-de-yale-2.png"},"aioseo_meta_data":{"post_id":"5013","title":null,"description":null,"keywords":null,"keyphrases":{"focus":{"keyphrase":"Migrante","score":51,"analysis":{"keyphraseInTitle":{"score":9,"maxScore":9,"error":0},"keyphraseInDescription":{"score":3,"maxScore":9,"error":1},"keyphraseLength":{"score":9,"maxScore":9,"error":0,"length":1},"keyphraseInURL":{"score":5,"maxScore":5,"error":0},"keyphraseInIntroduction":{"score":3,"maxScore":9,"error":1},"keyphraseInSubHeadings":{"score":3,"maxScore":9,"error":1},"keyphraseInImageAlt":{"score":3,"maxScore":9,"error":1},"keywordDensity":{"score":0,"type":"low","maxScore":9,"error":1}}},"additional":[]},"primary_term":null,"canonical_url":null,"og_title":null,"og_description":null,"og_object_type":"default","og_image_type":"default","og_image_url":null,"og_image_width":null,"og_image_height":null,"og_image_custom_url":null,"og_image_custom_fields":null,"og_video":"","og_custom_url":null,"og_article_section":null,"og_article_tags":null,"twitter_use_og":false,"twitter_card":"default","twitter_image_type":"default","twitter_image_url":null,"twitter_image_custom_url":null,"twitter_image_custom_fields":null,"twitter_title":null,"twitter_description":null,"schema":{"blockGraphs":[],"customGraphs":[],"default":{"data":{"Article":[],"Course":[],"Dataset":[],"FAQPage":[],"Movie":[],"Person":[],"Product":[],"ProductReview":[],"Car":[],"Recipe":[],"Service":[],"SoftwareApplication":[],"WebPage":[]},"graphName":"Article","isEnabled":true},"graphs":[]},"schema_type":"default","schema_type_options":null,"pillar_content":false,"robots_default":true,"robots_noindex":false,"robots_noarchive":false,"robots_nosnippet":false,"robots_nofollow":false,"robots_noimageindex":false,"robots_noodp":false,"robots_notranslate":false,"robots_max_snippet":"-1","robots_max_videopreview":"-1","robots_max_imagepreview":"large","priority":null,"frequency":"default","local_seo":null,"seo_analyzer_scan_date":"2025-10-08 21:11:39","breadcrumb_settings":null,"limit_modified_date":false,"reviewed_by":null,"open_ai":"{\"title\":{\"suggestions\":[],\"usage\":0},\"description\":{\"suggestions\":[],\"usage\":0}}","ai":null,"created":"2024-02-22 21:56:47","updated":"2026-02-04 10:54:54"},"aioseo_breadcrumb":"<div class=\"aioseo-breadcrumbs\"><span class=\"aioseo-breadcrumb\">\n\t<a href=\"https:\/\/soymigrante.com\/revista\" title=\"Home\">Home<\/a>\n<\/span><span class=\"aioseo-breadcrumb-separator\">\u00bb<\/span><span class=\"aioseo-breadcrumb\">\n\t<a href=\"https:\/\/soymigrante.com\/revista\/category\/exitos\/\" title=\"\u00c9xitos\">\u00c9xitos<\/a>\n<\/span><span class=\"aioseo-breadcrumb-separator\">\u00bb<\/span><span class=\"aioseo-breadcrumb\">\n\tVoluntad migrante de acero: Diego Manuel arranc\u00f3 su \u00e9xito desde cero\n<\/span><\/div>","aioseo_breadcrumb_json":[{"label":"Home","link":"https:\/\/soymigrante.com\/revista"},{"label":"\u00c9xitos","link":"https:\/\/soymigrante.com\/revista\/category\/exitos\/"},{"label":"Voluntad migrante de acero: Diego Manuel arranc\u00f3 su \u00e9xito desde cero","link":"https:\/\/soymigrante.com\/revista\/migrante-guatemalteco-industria-herreria\/"}],"_links":{"self":[{"href":"https:\/\/soymigrante.com\/revista\/wp-json\/wp\/v2\/posts\/5013","targetHints":{"allow":["GET"]}}],"collection":[{"href":"https:\/\/soymigrante.com\/revista\/wp-json\/wp\/v2\/posts"}],"about":[{"href":"https:\/\/soymigrante.com\/revista\/wp-json\/wp\/v2\/types\/post"}],"author":[{"embeddable":true,"href":"https:\/\/soymigrante.com\/revista\/wp-json\/wp\/v2\/users\/7"}],"replies":[{"embeddable":true,"href":"https:\/\/soymigrante.com\/revista\/wp-json\/wp\/v2\/comments?post=5013"}],"version-history":[{"count":0,"href":"https:\/\/soymigrante.com\/revista\/wp-json\/wp\/v2\/posts\/5013\/revisions"}],"wp:featuredmedia":[{"embeddable":true,"href":"https:\/\/soymigrante.com\/revista\/wp-json\/wp\/v2\/media\/5015"}],"wp:attachment":[{"href":"https:\/\/soymigrante.com\/revista\/wp-json\/wp\/v2\/media?parent=5013"}],"wp:term":[{"taxonomy":"category","embeddable":true,"href":"https:\/\/soymigrante.com\/revista\/wp-json\/wp\/v2\/categories?post=5013"},{"taxonomy":"post_tag","embeddable":true,"href":"https:\/\/soymigrante.com\/revista\/wp-json\/wp\/v2\/tags?post=5013"}],"curies":[{"name":"wp","href":"https:\/\/api.w.org\/{rel}","templated":true}]}}