{"id":49974,"date":"2025-12-19T12:00:37","date_gmt":"2025-12-19T18:00:37","guid":{"rendered":"https:\/\/soymigrante.com\/revista\/?p=49974"},"modified":"2025-12-19T12:00:46","modified_gmt":"2025-12-19T18:00:46","slug":"si-los-latinos-en-usa-fueran-un-pais-serian-la-quinta-economia-del-mundo-informe-2025","status":"publish","type":"post","link":"https:\/\/soymigrante.com\/revista\/si-los-latinos-en-usa-fueran-un-pais-serian-la-quinta-economia-del-mundo-informe-2025\/","title":{"rendered":"Si los latinos en USA fueran un pa\u00eds: ser\u00edan la quinta econom\u00eda del mundo: Informe 2025"},"content":{"rendered":"\t\t<div data-elementor-type=\"wp-post\" data-elementor-id=\"49974\" class=\"elementor elementor-49974\" data-elementor-post-type=\"post\">\n\t\t\t\t<div data-particle_enable=\"false\" data-particle-mobile-disabled=\"false\" class=\"elementor-element elementor-element-c783fc6 e-flex e-con-boxed e-con e-parent\" data-id=\"c783fc6\" data-element_type=\"container\" data-e-type=\"container\">\n\t\t\t\t\t<div class=\"e-con-inner\">\n\t\t\t\t<div class=\"elementor-element elementor-element-af659e4 elementor-widget elementor-widget-heading\" data-id=\"af659e4\" data-element_type=\"widget\" data-e-type=\"widget\" data-widget_type=\"heading.default\">\n\t\t\t\t\t<h2 class=\"elementor-heading-title elementor-size-default\">El PIB latino en Estados Unidos supera los 4.1 trillones de d\u00f3lares y se consolida como el motor de crecimiento m\u00e1s din\u00e1mico del pa\u00eds: m\u00e1s datos sobre el aporte de esta comunidad en USA<\/h2>\t\t\t\t<\/div>\n\t\t\t\t\t<\/div>\n\t\t\t\t<\/div>\n\t\t<div data-particle_enable=\"false\" data-particle-mobile-disabled=\"false\" class=\"elementor-element elementor-element-8d24555 e-flex e-con-boxed e-con e-parent\" data-id=\"8d24555\" data-element_type=\"container\" data-e-type=\"container\">\n\t\t\t\t\t<div class=\"e-con-inner\">\n\t\t\t\t<div class=\"elementor-element elementor-element-f5fe08b elementor-widget elementor-widget-text-editor\" data-id=\"f5fe08b\" data-element_type=\"widget\" data-e-type=\"widget\" data-widget_type=\"text-editor.default\">\n\t\t\t\t\t\t\t\t\t<p data-start=\"173\" data-end=\"245\">Durante a\u00f1os, el debate p\u00fablico en Estados Unidos ha tendido a reducir a la poblaci\u00f3n latina a<a href=\"https:\/\/soymigrante.com\/revista\/mas-de-300-mil-empleos-hispanos-perdidos-en-usa-en-8-meses-por-redadas-senala-estudio\/\"> cifras migratorias<\/a> o tensiones pol\u00edticas. Sin embargo, los datos econ\u00f3micos cuentan otra historia: la de una comunidad que no solo trabaja, sino que impulsa de manera decisiva la productividad, el crecimiento y la resiliencia econ\u00f3mica del pa\u00eds. Y el Informe de Producto Interno Latino en USA 2025, en su sexta edici\u00f3n presenta datos s\u00f3lidos.<\/p>\n<p data-start=\"706\" data-end=\"1116\">Hoy, la <a href=\"https:\/\/soymigrante.com\/revista\/mas-de-300-mil-empleos-hispanos-perdidos-en-usa-en-8-meses-por-redadas-senala-estudio\/\">econom\u00eda generada por los latinos<\/a> que viven en Estados Unidos es tan grande que, <b>si se midiera como un pa\u00eds independiente, ser\u00eda la quinta econom\u00eda m\u00e1s grande del mundo.<\/b>&nbsp;Curiosamente, los latinos en Estados Unidos son una quinta parte de la poblaci\u00f3n. Entre la poblaci\u00f3n latina hay migrantes y tambi\u00e9n descendientes de migrantes.<\/p>\n<p data-start=\"706\" data-end=\"1116\">Seg\u00fan el informe, su ritmo de crecimiento supera tanto al de la econom\u00eda estadounidense en general como al de la poblaci\u00f3n no latina, confirmando que <a href=\"https:\/\/soymigrante.com\/revista\/guatemaltecos-son-el-6-de-la-fuerza-laboral-migrante-hispana-en-ee-uu\/\">la productividad latina es uno de los pilares del presente y del futuro econ\u00f3mico del pa\u00eds.<\/a><\/p>\t\t\t\t\t\t\t\t<\/div>\n\t\t\t\t\t<\/div>\n\t\t\t\t<\/div>\n\t\t<div data-particle_enable=\"false\" data-particle-mobile-disabled=\"false\" class=\"elementor-element elementor-element-a8736bc e-flex e-con-boxed e-con e-parent\" data-id=\"a8736bc\" data-element_type=\"container\" data-e-type=\"container\">\n\t\t\t\t\t<div class=\"e-con-inner\">\n\t\t\t\t<div class=\"elementor-element elementor-element-07ede0f elementor-widget elementor-widget-image\" data-id=\"07ede0f\" data-element_type=\"widget\" data-e-type=\"widget\" data-widget_type=\"image.default\">\n\t\t\t\t\t\t\t\t\t\t\t\t\t\t\t<img fetchpriority=\"high\" decoding=\"async\" width=\"1024\" height=\"1024\" src=\"https:\/\/soymigrante.com\/revista\/wp-content\/uploads\/2025\/12\/ECONOMIA-LATINOS-USA.webp\" class=\"attachment-large size-large wp-image-49978\" alt=\"ECONOMIA LATINOS USA\" srcset=\"https:\/\/soymigrante.com\/revista\/wp-content\/uploads\/2025\/12\/ECONOMIA-LATINOS-USA.webp 1024w, https:\/\/soymigrante.com\/revista\/wp-content\/uploads\/2025\/12\/ECONOMIA-LATINOS-USA-300x300.webp 300w, https:\/\/soymigrante.com\/revista\/wp-content\/uploads\/2025\/12\/ECONOMIA-LATINOS-USA-150x150.webp 150w, https:\/\/soymigrante.com\/revista\/wp-content\/uploads\/2025\/12\/ECONOMIA-LATINOS-USA-768x768.webp 768w, https:\/\/soymigrante.com\/revista\/wp-content\/uploads\/2025\/12\/ECONOMIA-LATINOS-USA-75x75.webp 75w, https:\/\/soymigrante.com\/revista\/wp-content\/uploads\/2025\/12\/ECONOMIA-LATINOS-USA-750x750.webp 750w\" sizes=\"(max-width: 1024px) 100vw, 1024px\" title=\"ECONOMIA LATINOS USA \u2013 SoyMigrante.com REVISTA\" \/>\t\t\t\t\t\t\t\t\t\t\t\t\t\t\t<\/div>\n\t\t\t\t\t<\/div>\n\t\t\t\t<\/div>\n\t\t<div data-particle_enable=\"false\" data-particle-mobile-disabled=\"false\" class=\"elementor-element elementor-element-01024b8 e-flex e-con-boxed e-con e-parent\" data-id=\"01024b8\" data-element_type=\"container\" data-e-type=\"container\">\n\t\t\t\t\t<div class=\"e-con-inner\">\n\t\t\t\t<div class=\"elementor-element elementor-element-6807e20 elementor-widget elementor-widget-text-editor\" data-id=\"6807e20\" data-element_type=\"widget\" data-e-type=\"widget\" data-widget_type=\"text-editor.default\">\n\t\t\t\t\t\t\t\t\t<p data-start=\"173\" data-end=\"245\">Seg\u00fan datos analizados por el <a href=\"https:\/\/latinogdp.us\/\">US Latino GDP Report 2025:<\/a><\/p><p data-start=\"173\" data-end=\"245\"><span style=\"color: #000000; font-family: Mulish, sans-serif;\"><span style=\"font-size: 29px;\"><b>El PIB latino alcanz\u00f3 los 4.1 trillones de d\u00f3lares en 2023<br \/><\/b><\/span><\/span>Este volumen econ\u00f3mico casi triplica el registrado en 2010 y muestra que la productividad latina no es coyuntural, sino estructural dentro de la econom\u00eda estadounidense.<\/p><p data-start=\"173\" data-end=\"245\"><span style=\"color: #000000; font-family: Mulish, sans-serif;\"><span style=\"font-size: 29px;\"><b>Es la quinta econom\u00eda m\u00e1s grande del mundo<br \/><\/b><\/span><\/span>Si los latinos en Estados Unidos fueran una naci\u00f3n independiente, su econom\u00eda solo estar\u00eda detr\u00e1s de Alemania, Jap\u00f3n, China y el total de Estados Unidos, superando a potencias tradicionales como India, Reino Unido y Francia.<\/p><p data-start=\"173\" data-end=\"245\"><span style=\"color: #000000; font-family: Mulish, sans-serif;\"><span style=\"font-size: 29px;\"><b>Crece 2.7 veces m\u00e1s r\u00e1pido que el PIB no latino<br \/><\/b><\/span><\/span>Entre 2010 y 2023, el crecimiento del PIB latino fue muy superior al de la poblaci\u00f3n no latina, reflejando una mayor intensidad productiva y una contribuci\u00f3n econ\u00f3mica acelerada.<\/p><h3>Los latinos generan m\u00e1s del 30 % del crecimiento econ\u00f3mico reciente<\/h3><p><span style=\"color: #7a7a7a;\">Aunque representan menos de una quinta parte de la poblaci\u00f3n del pa\u00eds, los latinos aportaron casi un tercio del crecimiento econ\u00f3mico real desde 2019.<\/span><\/p><h3>El crecimiento del ingreso latino es casi tres veces superior<\/h3><p data-start=\"173\" data-end=\"245\">Los ingresos salariales reales de los latinos crecieron de forma sostenida durante m\u00e1s de una d\u00e9cada, fortaleciendo el consumo, la inversi\u00f3n familiar y la estabilidad econ\u00f3mica.<\/p>\t\t\t\t\t\t\t\t<\/div>\n\t\t\t\t\t<\/div>\n\t\t\t\t<\/div>\n\t\t<div data-particle_enable=\"false\" data-particle-mobile-disabled=\"false\" class=\"elementor-element elementor-element-1ee967c e-flex e-con-boxed e-con e-parent\" data-id=\"1ee967c\" data-element_type=\"container\" data-e-type=\"container\">\n\t\t\t\t\t<div class=\"e-con-inner\">\n\t\t\t\t<div class=\"elementor-element elementor-element-e1b22e1 elementor-widget elementor-widget-image\" data-id=\"e1b22e1\" data-element_type=\"widget\" data-e-type=\"widget\" data-widget_type=\"image.default\">\n\t\t\t\t\t\t\t\t\t\t\t\t<figure class=\"wp-caption\">\n\t\t\t\t\t\t\t\t\t\t<img decoding=\"async\" width=\"695\" height=\"507\" src=\"https:\/\/soymigrante.com\/revista\/wp-content\/uploads\/2025\/12\/Captura-de-pantalla-2025-12-19-103908.png\" class=\"attachment-large size-large wp-image-49979\" alt=\"datos del informe US Latino GDP 2025\" srcset=\"https:\/\/soymigrante.com\/revista\/wp-content\/uploads\/2025\/12\/Captura-de-pantalla-2025-12-19-103908.png 695w, https:\/\/soymigrante.com\/revista\/wp-content\/uploads\/2025\/12\/Captura-de-pantalla-2025-12-19-103908-300x219.png 300w\" sizes=\"(max-width: 695px) 100vw, 695px\" title=\"datos del informe US Latino GDP 2025 \u2013 SoyMigrante.com REVISTA\" \/>\t\t\t\t\t\t\t\t\t\t\t<figcaption class=\"widget-image-caption wp-caption-text\">datos del informe US Latino GDP 2025<\/figcaption>\n\t\t\t\t\t\t\t\t\t\t<\/figure>\n\t\t\t\t\t\t\t\t\t<\/div>\n\t\t\t\t\t<\/div>\n\t\t\t\t<\/div>\n\t\t<div data-particle_enable=\"false\" data-particle-mobile-disabled=\"false\" class=\"elementor-element elementor-element-3f2f5e5 e-flex e-con-boxed e-con e-parent\" data-id=\"3f2f5e5\" data-element_type=\"container\" data-e-type=\"container\">\n\t\t\t\t\t<div class=\"e-con-inner\">\n\t\t\t\t<div class=\"elementor-element elementor-element-a7688ce elementor-widget elementor-widget-text-editor\" data-id=\"a7688ce\" data-element_type=\"widget\" data-e-type=\"widget\" data-widget_type=\"text-editor.default\">\n\t\t\t\t\t\t\t\t\t<p data-start=\"173\" data-end=\"245\"><span style=\"color: #000000; font-family: Mulish, sans-serif; font-size: 29px; font-weight: bold;\">Durante la pandemia, los ingresos latinos crecieron 18 veces m\u00e1s<\/span><\/p><p data-start=\"173\" data-end=\"245\">A pesar de haber sido uno de los grupos que menor atenci\u00f3n y apoyo recibieron durante la pandemia, los latinos se recuperaron m\u00e1s r\u00e1pido. Mientras otros sectores apenas se recuperaban, los trabajadores latinos sostuvieron actividades esenciales y aceleraron la recuperaci\u00f3n econ\u00f3mica tras la crisis sanitaria.<\/p><h3>La fuerza laboral latina es la que m\u00e1s crece en Estados Unidos<\/h3><p data-start=\"173\" data-end=\"245\">Desde 2010, el crecimiento de la fuerza laboral latina ha sido varias veces mayor que el de la poblaci\u00f3n no latina, aportando millones de trabajadores a la econom\u00eda nacional<\/p><h3>Mayor participaci\u00f3n laboral que cualquier otro grupo<\/h3><p data-start=\"173\" data-end=\"245\">Los latinos tienen una probabilidad significativamente mayor de estar trabajando o buscando empleo, alcanzando los niveles m\u00e1s altos de participaci\u00f3n laboral registrados.<\/p><h3>La educaci\u00f3n impulsa la productividad futura<\/h3><p data-start=\"173\" data-end=\"245\">El r\u00e1pido aumento de latinos con educaci\u00f3n universitaria fortalece el capital humano y explica buena parte del crecimiento de la productividad y del ingreso. La cantidad de graduados de college de origen latino ha aumentado dr\u00e1sticamente en los \u00faltimos 7 a\u00f1os.<\/p><h3>El consumo latino en USA supera econom\u00edas nacionales completas<\/h3><p data-start=\"173\" data-end=\"245\">El mercado de consumo latino en Estados Unidos es m\u00e1s grande que econom\u00edas enteras como la de Italia o Brasil, lo que lo convierte en uno de los principales motores de la demanda interna.<\/p>\t\t\t\t\t\t\t\t<\/div>\n\t\t\t\t\t<\/div>\n\t\t\t\t<\/div>\n\t\t<div data-particle_enable=\"false\" data-particle-mobile-disabled=\"false\" class=\"elementor-element elementor-element-3bc4a77 e-flex e-con-boxed e-con e-parent\" data-id=\"3bc4a77\" data-element_type=\"container\" data-e-type=\"container\">\n\t\t\t\t\t<div class=\"e-con-inner\">\n\t\t\t\t<div class=\"elementor-element elementor-element-21cd2c2 elementor-widget elementor-widget-image\" data-id=\"21cd2c2\" data-element_type=\"widget\" data-e-type=\"widget\" data-widget_type=\"image.default\">\n\t\t\t\t\t\t\t\t\t\t\t\t<figure class=\"wp-caption\">\n\t\t\t\t\t\t\t\t\t\t<img decoding=\"async\" width=\"651\" height=\"447\" src=\"https:\/\/soymigrante.com\/revista\/wp-content\/uploads\/2025\/12\/latino-pib-us.png\" class=\"attachment-large size-large wp-image-49980\" alt=\"datos del informe US Latino GDP 2025\" srcset=\"https:\/\/soymigrante.com\/revista\/wp-content\/uploads\/2025\/12\/latino-pib-us.png 651w, https:\/\/soymigrante.com\/revista\/wp-content\/uploads\/2025\/12\/latino-pib-us-300x206.png 300w\" sizes=\"(max-width: 651px) 100vw, 651px\" title=\"datos del informe US Latino GDP 2025 \u2013 SoyMigrante.com REVISTA\" \/>\t\t\t\t\t\t\t\t\t\t\t<figcaption class=\"widget-image-caption wp-caption-text\">Participaci\u00f3n de la poblaci\u00f3n latina en el sector laboral y productivo de Estados Unidos.<\/figcaption>\n\t\t\t\t\t\t\t\t\t\t<\/figure>\n\t\t\t\t\t\t\t\t\t<\/div>\n\t\t\t\t\t<\/div>\n\t\t\t\t<\/div>\n\t\t<div data-particle_enable=\"false\" data-particle-mobile-disabled=\"false\" class=\"elementor-element elementor-element-9e0a262 e-flex e-con-boxed e-con e-parent\" data-id=\"9e0a262\" data-element_type=\"container\" data-e-type=\"container\">\n\t\t\t\t\t<div class=\"e-con-inner\">\n\t\t\t\t<div class=\"elementor-element elementor-element-20959a7 elementor-widget elementor-widget-heading\" data-id=\"20959a7\" data-element_type=\"widget\" data-e-type=\"widget\" data-widget_type=\"heading.default\">\n\t\t\t\t\t<h2 class=\"elementor-heading-title elementor-size-default\">Informe t\u00e9cnico, serio y profesional<\/h2>\t\t\t\t<\/div>\n\t\t\t\t\t<\/div>\n\t\t\t\t<\/div>\n\t\t<div data-particle_enable=\"false\" data-particle-mobile-disabled=\"false\" class=\"elementor-element elementor-element-99baf20 e-flex e-con-boxed e-con e-parent\" data-id=\"99baf20\" data-element_type=\"container\" data-e-type=\"container\">\n\t\t\t\t\t<div class=\"e-con-inner\">\n\t\t\t\t<div class=\"elementor-element elementor-element-2b49692 elementor-widget elementor-widget-text-editor\" data-id=\"2b49692\" data-element_type=\"widget\" data-e-type=\"widget\" data-widget_type=\"text-editor.default\">\n\t\t\t\t\t\t\t\t\t<p>El US Latino GDP Report es elaborado por el Latino Donor Collaborative (LDC) en colaboraci\u00f3n con expertos de la W. P. Carey School of Business de la Universidad Estatal de Arizona (ASU), con autores clave como Dan Hamilton, Matthew Fienup, David Hayes-Bautista y Paul Hsu, y patrocinado por empresas como Wells Fargo, ofreciendo un an\u00e1lisis anual del poder econ\u00f3mico de la comunidad latina en EE. UU..\u00a0<\/p>\t\t\t\t\t\t\t\t<\/div>\n\t\t\t\t\t<\/div>\n\t\t\t\t<\/div>\n\t\t<div data-particle_enable=\"false\" data-particle-mobile-disabled=\"false\" class=\"elementor-element elementor-element-8001581 e-flex e-con-boxed e-con e-parent\" data-id=\"8001581\" data-element_type=\"container\" data-e-type=\"container\">\n\t\t\t\t\t<div class=\"e-con-inner\">\n\t\t\t\t<div class=\"elementor-element elementor-element-b0942ff elementor-widget elementor-widget-heading\" data-id=\"b0942ff\" data-element_type=\"widget\" data-e-type=\"widget\" data-widget_type=\"heading.default\">\n\t\t\t\t\t<h2 class=\"elementor-heading-title elementor-size-default\">Tambi\u00e9n te podr\u00eda interesar<\/h2>\t\t\t\t<\/div>\n\t\t\t\t\t<\/div>\n\t\t\t\t<\/div>\n\t\t<div data-particle_enable=\"false\" data-particle-mobile-disabled=\"false\" class=\"elementor-element elementor-element-37316cf e-flex e-con-boxed e-con e-parent\" data-id=\"37316cf\" data-element_type=\"container\" data-e-type=\"container\">\n\t\t\t\t\t<div class=\"e-con-inner\">\n\t\t\t\t<div class=\"elementor-element elementor-element-700150a elementor-grid-eael-col-3 elementor-grid-tablet-eael-col-2 elementor-grid-mobile-eael-col-1 elementor-widget elementor-widget-eael-post-grid\" data-id=\"700150a\" data-element_type=\"widget\" data-e-type=\"widget\" data-settings=\"{&quot;eael_post_grid_columns&quot;:&quot;eael-col-3&quot;,&quot;eael_post_grid_columns_tablet&quot;:&quot;eael-col-2&quot;,&quot;eael_post_grid_columns_mobile&quot;:&quot;eael-col-1&quot;}\" data-widget_type=\"eael-post-grid.default\">\n\t\t\t\t\t<div id=\"eael-post-grid-700150a\" class=\"eael-post-grid-container\">\n            <div class=\"eael-post-grid eael-post-appender eael-post-appender-700150a eael-post-grid-style-one\" data-layout-mode=\"masonry\"><article class=\"eael-grid-post  eael-post-grid-column eael-pg-post-6857 category-estamos-unidos\" data-id=\"6857\">\n        <div class=\"eael-grid-post-holder\">\n            <div class=\"eael-grid-post-holder-inner\"><div class=\"eael-entry-media\"><div class=\"eael-entry-overlay fade-in\"><i class=\"far fa-hand-pointer\" aria-hidden=\"true\"><\/i><a href=\"https:\/\/soymigrante.com\/revista\/encuesta-hispanas-en-usa-ven-avances-y-oportunidad\/\"><\/a><\/div><div class=\"eael-entry-thumbnail eael-image-ratio\">\n                <img loading=\"lazy\" decoding=\"async\" width=\"1024\" height=\"681\" src=\"https:\/\/soymigrante.com\/revista\/wp-content\/uploads\/2024\/06\/students-8628244_1280-1024x681.webp\" class=\"attachment-large size-large wp-image-6858\" alt=\"SoyMigrante.com revista sobre historia y experiencia de migrantes en un entorno urbano, mostrando diversidad cultural y activismo social en contextos internacionales.\" \/>\n            <\/div>\n        <\/div><div class=\"eael-entry-wrapper\"><header class=\"eael-entry-header\"><h2 class=\"eael-entry-title\"><a class=\"eael-grid-post-link\" href=\"https:\/\/soymigrante.com\/revista\/encuesta-hispanas-en-usa-ven-avances-y-oportunidad\/\" title=\"Encuesta: Hispanas en USA ven avances y oportunidad\">Encuesta: Hispanas en USA ven avances y oportunidad<\/a><\/h2><\/header><div class=\"eael-entry-content\">\n                        <div class=\"eael-grid-post-excerpt\"><a href=\"https:\/\/soymigrante.com\/revista\/encuesta-hispanas-en-usa-ven-avances-y-oportunidad\/\" class=\"eael-post-elements-readmore-btn\">CONOCE SU HISTORIA <\/a><\/div>\n                    <\/div><\/div><\/div>\n        <\/div>\n    <\/article><article class=\"eael-grid-post  eael-post-grid-column eael-pg-post-9652 category-lugar-de-voces\" data-id=\"9652\">\n        <div class=\"eael-grid-post-holder\">\n            <div class=\"eael-grid-post-holder-inner\"><div class=\"eael-entry-media\"><div class=\"eael-entry-overlay fade-in\"><i class=\"far fa-hand-pointer\" aria-hidden=\"true\"><\/i><a href=\"https:\/\/soymigrante.com\/revista\/union-fortaleza-y-alegria-en-el-desfile-de-la-herencia-hispana-en-queens-new-york\/\"><\/a><\/div><div class=\"eael-entry-thumbnail eael-image-ratio\">\n                <img loading=\"lazy\" decoding=\"async\" width=\"591\" height=\"591\" src=\"https:\/\/soymigrante.com\/revista\/wp-content\/uploads\/2024\/09\/herencia-hispana-juan-valdez-1.webp\" class=\"attachment-large size-large wp-image-9653\" alt=\"Vestido tradicional mexicano y traje formal para celebraci\u00f3n cultural en imagen de SoyMigrante.com REVISTA, destacando identidad y mestizaje.\" srcset=\"https:\/\/soymigrante.com\/revista\/wp-content\/uploads\/2024\/09\/herencia-hispana-juan-valdez-1.webp 591w, https:\/\/soymigrante.com\/revista\/wp-content\/uploads\/2024\/09\/herencia-hispana-juan-valdez-1-300x300.webp 300w, https:\/\/soymigrante.com\/revista\/wp-content\/uploads\/2024\/09\/herencia-hispana-juan-valdez-1-150x150.webp 150w, https:\/\/soymigrante.com\/revista\/wp-content\/uploads\/2024\/09\/herencia-hispana-juan-valdez-1-75x75.webp 75w\" sizes=\"(max-width: 591px) 100vw, 591px\" \/>\n            <\/div>\n        <\/div><div class=\"eael-entry-wrapper\"><header class=\"eael-entry-header\"><h2 class=\"eael-entry-title\"><a class=\"eael-grid-post-link\" href=\"https:\/\/soymigrante.com\/revista\/union-fortaleza-y-alegria-en-el-desfile-de-la-herencia-hispana-en-queens-new-york\/\" title=\"Uni\u00f3n, fortaleza y alegr\u00eda en el Desfile de la Herencia Hispana en Queens, New York\">Uni\u00f3n, fortaleza y alegr\u00eda en el Desfile de la Herencia Hispana en Queens, New York<\/a><\/h2><\/header><div class=\"eael-entry-content\">\n                        <div class=\"eael-grid-post-excerpt\"><a href=\"https:\/\/soymigrante.com\/revista\/union-fortaleza-y-alegria-en-el-desfile-de-la-herencia-hispana-en-queens-new-york\/\" class=\"eael-post-elements-readmore-btn\">CONOCE SU HISTORIA <\/a><\/div>\n                    <\/div><\/div><\/div>\n        <\/div>\n    <\/article><article class=\"eael-grid-post  eael-post-grid-column eael-pg-post-48977 category-noticias\" data-id=\"48977\">\n        <div class=\"eael-grid-post-holder\">\n            <div class=\"eael-grid-post-holder-inner\"><div class=\"eael-entry-media\"><div class=\"eael-entry-overlay fade-in\"><i class=\"far fa-hand-pointer\" aria-hidden=\"true\"><\/i><a href=\"https:\/\/soymigrante.com\/revista\/gobernador-de-carolina-del-norte-senala-abusos-en-operativos-migratorios-y-pide-reporte-de-detenidos\/\"><\/a><\/div><div class=\"eael-entry-thumbnail eael-image-ratio\">\n                <img loading=\"lazy\" decoding=\"async\" width=\"856\" height=\"856\" src=\"https:\/\/soymigrante.com\/revista\/wp-content\/uploads\/2025\/11\/operativos-migratorios-carolina-del-norte.png\" class=\"attachment-large size-large wp-image-48978\" alt=\"operativos migratorios carolina del norte abusos\" srcset=\"https:\/\/soymigrante.com\/revista\/wp-content\/uploads\/2025\/11\/operativos-migratorios-carolina-del-norte.png 856w, https:\/\/soymigrante.com\/revista\/wp-content\/uploads\/2025\/11\/operativos-migratorios-carolina-del-norte-300x300.png 300w, https:\/\/soymigrante.com\/revista\/wp-content\/uploads\/2025\/11\/operativos-migratorios-carolina-del-norte-150x150.png 150w, https:\/\/soymigrante.com\/revista\/wp-content\/uploads\/2025\/11\/operativos-migratorios-carolina-del-norte-768x768.png 768w, https:\/\/soymigrante.com\/revista\/wp-content\/uploads\/2025\/11\/operativos-migratorios-carolina-del-norte-75x75.png 75w, https:\/\/soymigrante.com\/revista\/wp-content\/uploads\/2025\/11\/operativos-migratorios-carolina-del-norte-750x750.png 750w\" sizes=\"(max-width: 856px) 100vw, 856px\" \/>\n            <\/div>\n        <\/div><div class=\"eael-entry-wrapper\"><header class=\"eael-entry-header\"><h2 class=\"eael-entry-title\"><a class=\"eael-grid-post-link\" href=\"https:\/\/soymigrante.com\/revista\/gobernador-de-carolina-del-norte-senala-abusos-en-operativos-migratorios-y-pide-reporte-de-detenidos\/\" title=\"Gobernador de Carolina del Norte se\u00f1ala abusos en operativos migratorios y pide reporte de detenidos\">Gobernador de Carolina del Norte se\u00f1ala abusos en operativos migratorios y pide reporte de detenidos<\/a><\/h2><\/header><div class=\"eael-entry-content\">\n                        <div class=\"eael-grid-post-excerpt\"><a href=\"https:\/\/soymigrante.com\/revista\/gobernador-de-carolina-del-norte-senala-abusos-en-operativos-migratorios-y-pide-reporte-de-detenidos\/\" class=\"eael-post-elements-readmore-btn\">CONOCE SU HISTORIA <\/a><\/div>\n                    <\/div><\/div><\/div>\n        <\/div>\n    <\/article><\/div>\n            <div class=\"clearfix\"><\/div>\n        <\/div>\t\t\t\t<\/div>\n\t\t\t\t\t<\/div>\n\t\t\t\t<\/div>\n\t\t\t\t<\/div>\n\t\t","protected":false},"excerpt":{"rendered":"<p>El PIB latino en Estados Unidos supera los 4.1 trillones de d\u00f3lares y se consolida como el motor de crecimiento m\u00e1s din\u00e1mico del pa\u00eds: m\u00e1s datos sobre el aporte de esta comunidad en USA Durante a\u00f1os, el debate p\u00fablico en Estados Unidos ha tendido a reducir a la poblaci\u00f3n latina a cifras migratorias o tensiones [&hellip;]<\/p>\n","protected":false},"author":7,"featured_media":49975,"comment_status":"open","ping_status":"open","sticky":false,"template":"","format":"standard","meta":{"_acf_changed":false,"_eb_attr":"","footnotes":""},"categories":[280],"tags":[],"class_list":["post-49974","post","type-post","status-publish","format-standard","has-post-thumbnail","hentry","category-noticias"],"acf":[],"aioseo_notices":[],"aioseo_head":"\n\t\t<!-- All in One SEO Pro 4.9.6.2 - aioseo.com -->\n\t<meta name=\"description\" content=\"Peligro para las comunidades y violencia contra ciudadanos se\u00f1ala Josh Stein, gobernador de Carolina del Norte en carta a la Secretaria de Seguridad Cristi Noem.\" \/>\n\t<meta name=\"robots\" content=\"max-snippet:-1, max-image-preview:large, max-video-preview:-1\" \/>\n\t<meta name=\"author\" content=\"SoyMigrante.com REVISTA\"\/>\n\t<link rel=\"canonical\" href=\"https:\/\/soymigrante.com\/revista\/gobernador-de-carolina-del-norte-senala-abusos-en-operativos-migratorios-y-pide-reporte-de-detenidos\/\" \/>\n\t<meta name=\"generator\" content=\"All in One SEO Pro (AIOSEO) 4.9.6.2\" \/>\n\n\t\t<link rel=\"preconnect\" href=\"https:\/\/fonts.googleapis.com\" crossorigin>\n<link rel=\"preconnect\" href=\"https:\/\/fonts.gstatic.com\" crossorigin>\n\t\t<meta property=\"og:locale\" content=\"es_ES\" \/>\n\t\t<meta property=\"og:site_name\" content=\"SoyMigrante.com REVISTA \u2013 Nuestra misi\u00f3n es reconocer y dignificar al migrante.\" \/>\n\t\t<meta property=\"og:type\" content=\"article\" \/>\n\t\t<meta property=\"og:title\" content=\"Gobernador de Carolina del Norte se\u00f1ala abusos en operativos\" \/>\n\t\t<meta property=\"og:description\" content=\"Peligro para las comunidades y violencia contra ciudadanos se\u00f1ala Josh Stein, gobernador de Carolina del Norte en carta a la Secretaria de Seguridad Cristi Noem.\" \/>\n\t\t<meta property=\"og:url\" content=\"https:\/\/soymigrante.com\/revista\/gobernador-de-carolina-del-norte-senala-abusos-en-operativos-migratorios-y-pide-reporte-de-detenidos\/\" \/>\n\t\t<meta property=\"og:image\" content=\"https:\/\/soymigrante.com\/revista\/wp-content\/uploads\/2025\/11\/operativos-migratorios-carolina-del-norte.png\" \/>\n\t\t<meta property=\"og:image:secure_url\" content=\"https:\/\/soymigrante.com\/revista\/wp-content\/uploads\/2025\/11\/operativos-migratorios-carolina-del-norte.png\" \/>\n\t\t<meta property=\"og:image:width\" content=\"856\" \/>\n\t\t<meta property=\"og:image:height\" content=\"856\" \/>\n\t\t<meta property=\"article:published_time\" content=\"2025-11-25T14:00:00+00:00\" \/>\n\t\t<meta property=\"article:modified_time\" content=\"2025-11-25T12:42:49+00:00\" \/>\n\t\t<meta property=\"article:publisher\" content=\"https:\/\/www.facebook.com\/soymigrantecom\" \/>\n\t\t<meta name=\"twitter:card\" content=\"summary_large_image\" \/>\n\t\t<meta name=\"twitter:site\" content=\"@SoyMigrante_com\" \/>\n\t\t<meta name=\"twitter:title\" content=\"Gobernador de Carolina del Norte se\u00f1ala abusos en operativos\" \/>\n\t\t<meta name=\"twitter:description\" content=\"Peligro para las comunidades y violencia contra ciudadanos se\u00f1ala Josh Stein, gobernador de Carolina del Norte en carta a la Secretaria de Seguridad Cristi Noem.\" \/>\n\t\t<meta name=\"twitter:creator\" content=\"@SoyMigrante_com\" \/>\n\t\t<meta name=\"twitter:image\" content=\"https:\/\/soymigrante.com\/revista\/wp-content\/uploads\/2025\/11\/operativos-migratorios-carolina-del-norte.png\" \/>\n\t\t<!-- All in One SEO Pro -->\r\n\t\t<title>Gobernador de Carolina del Norte se\u00f1ala abusos en operativos<\/title>\n\n","aioseo_head_json":{"title":"Gobernador de Carolina del Norte se\u00f1ala abusos en operativos","description":"Peligro para las comunidades y violencia contra ciudadanos se\u00f1ala Josh Stein, gobernador de Carolina del Norte en carta a la Secretaria de Seguridad Cristi Noem.","canonical_url":"https:\/\/soymigrante.com\/revista\/gobernador-de-carolina-del-norte-senala-abusos-en-operativos-migratorios-y-pide-reporte-de-detenidos\/","robots":"max-snippet:-1, max-image-preview:large, max-video-preview:-1","keywords":"","webmasterTools":{"miscellaneous":"&lt;link rel=\"preconnect\" href=\"https:\/\/fonts.googleapis.com\" crossorigin&gt;\n&lt;link rel=\"preconnect\" href=\"https:\/\/fonts.gstatic.com\" crossorigin&gt;"},"schema":null,"og:locale":"es_ES","og:site_name":"SoyMigrante.com REVISTA \u2013 Nuestra misi\u00f3n es reconocer y dignificar al migrante.","og:type":"article","og:title":"Gobernador de Carolina del Norte se\u00f1ala abusos en operativos","og:description":"Peligro para las comunidades y violencia contra ciudadanos se\u00f1ala Josh Stein, gobernador de Carolina del Norte en carta a la Secretaria de Seguridad Cristi Noem.","og:url":"https:\/\/soymigrante.com\/revista\/gobernador-de-carolina-del-norte-senala-abusos-en-operativos-migratorios-y-pide-reporte-de-detenidos\/","og:image":"https:\/\/soymigrante.com\/revista\/wp-content\/uploads\/2025\/11\/operativos-migratorios-carolina-del-norte.png","og:image:secure_url":"https:\/\/soymigrante.com\/revista\/wp-content\/uploads\/2025\/11\/operativos-migratorios-carolina-del-norte.png","og:image:width":856,"og:image:height":856,"article:published_time":"2025-11-25T14:00:00+00:00","article:modified_time":"2025-11-25T12:42:49+00:00","article:publisher":"https:\/\/www.facebook.com\/soymigrantecom","twitter:card":"summary_large_image","twitter:site":"@SoyMigrante_com","twitter:title":"Gobernador de Carolina del Norte se\u00f1ala abusos en operativos","twitter:description":"Peligro para las comunidades y violencia contra ciudadanos se\u00f1ala Josh Stein, gobernador de Carolina del Norte en carta a la Secretaria de Seguridad Cristi Noem.","twitter:creator":"@SoyMigrante_com","twitter:image":"https:\/\/soymigrante.com\/revista\/wp-content\/uploads\/2025\/11\/operativos-migratorios-carolina-del-norte.png"},"aioseo_meta_data":{"post_id":"49974","title":"Si los latinos en USA fueran un pa\u00eds ser\u00edan la 5a. econom\u00eda","description":"Alto crecimiento sostenido de la productividad latina registra estudio sobre el Producto Interno Latino en USA 2025: ello comprueba su aporte a la econom\u00eda.","keywords":null,"keyphrases":{"focus":{"keyphrase":"Econom\u00eda","score":74,"analysis":{"keyphraseInTitle":{"score":9,"maxScore":9,"error":0},"keyphraseInDescription":{"score":9,"maxScore":9,"error":0},"keyphraseLength":{"score":9,"maxScore":9,"error":0,"length":2},"keyphraseInURL":{"score":5,"maxScore":5,"error":0},"keyphraseInIntroduction":{"score":3,"maxScore":9,"error":1},"keyphraseInSubHeadings":{"score":3,"maxScore":9,"error":1},"keyphraseInImageAlt":{"score":3,"maxScore":9,"error":1},"keywordDensity":{"type":"best","score":9,"maxScore":9,"error":0}}},"additional":[{"keyphrase":"Latinos en USA","score":53,"analysis":{"keyphraseInDescription":{"score":3,"maxScore":9,"error":1},"keyphraseLength":{"score":9,"maxScore":9,"error":0,"length":3},"keyphraseInIntroduction":{"score":3,"maxScore":9,"error":1},"keyphraseInImageAlt":{"score":9,"maxScore":9,"error":0},"keywordDensity":{"score":0,"type":"low","maxScore":9,"error":1}}}]},"primary_term":null,"canonical_url":null,"og_title":null,"og_description":null,"og_object_type":"default","og_image_type":"default","og_image_url":null,"og_image_width":null,"og_image_height":null,"og_image_custom_url":null,"og_image_custom_fields":null,"og_video":"","og_custom_url":null,"og_article_section":null,"og_article_tags":null,"twitter_use_og":false,"twitter_card":"default","twitter_image_type":"default","twitter_image_url":null,"twitter_image_custom_url":null,"twitter_image_custom_fields":null,"twitter_title":null,"twitter_description":null,"schema":{"blockGraphs":[],"customGraphs":[],"default":{"data":{"Article":[],"Course":[],"Dataset":[],"FAQPage":[],"Movie":[],"Person":[],"Product":[],"ProductReview":[],"Car":[],"Recipe":[],"Service":[],"SoftwareApplication":[],"WebPage":[]},"graphName":"NewsArticle","isEnabled":true},"graphs":[]},"schema_type":"default","schema_type_options":null,"pillar_content":false,"robots_default":true,"robots_noindex":false,"robots_noarchive":false,"robots_nosnippet":false,"robots_nofollow":false,"robots_noimageindex":false,"robots_noodp":false,"robots_notranslate":false,"robots_max_snippet":"-1","robots_max_videopreview":"-1","robots_max_imagepreview":"large","priority":null,"frequency":"default","local_seo":null,"seo_analyzer_scan_date":"2025-12-19 18:02:40","breadcrumb_settings":null,"limit_modified_date":false,"reviewed_by":"0","open_ai":null,"ai":{"faqs":[],"keyPoints":[],"titles":[],"descriptions":[],"socialPosts":{"email":[],"linkedin":[],"twitter":[],"facebook":[],"instagram":[]}},"created":"2025-12-19 17:18:16","updated":"2026-02-05 08:01:42"},"aioseo_breadcrumb":"<div class=\"aioseo-breadcrumbs\"><span class=\"aioseo-breadcrumb\">\n\t<a href=\"https:\/\/soymigrante.com\/revista\" title=\"Home\">Home<\/a>\n<\/span><span class=\"aioseo-breadcrumb-separator\">\u00bb<\/span><span class=\"aioseo-breadcrumb\">\n\t<a href=\"https:\/\/soymigrante.com\/revista\/category\/noticias\/\" title=\"Noticias\">Noticias<\/a>\n<\/span><span class=\"aioseo-breadcrumb-separator\">\u00bb<\/span><span class=\"aioseo-breadcrumb\">\n\tSi los latinos en USA fueran un pa\u00eds: ser\u00edan la quinta econom\u00eda del mundo: Informe 2025\n<\/span><\/div>","aioseo_breadcrumb_json":[{"label":"Home","link":"https:\/\/soymigrante.com\/revista"},{"label":"Noticias","link":"https:\/\/soymigrante.com\/revista\/category\/noticias\/"},{"label":"Si los latinos en USA fueran un pa\u00eds: ser\u00edan la quinta econom\u00eda del mundo: Informe 2025","link":"https:\/\/soymigrante.com\/revista\/si-los-latinos-en-usa-fueran-un-pais-serian-la-quinta-economia-del-mundo-informe-2025\/"}],"_links":{"self":[{"href":"https:\/\/soymigrante.com\/revista\/wp-json\/wp\/v2\/posts\/49974","targetHints":{"allow":["GET"]}}],"collection":[{"href":"https:\/\/soymigrante.com\/revista\/wp-json\/wp\/v2\/posts"}],"about":[{"href":"https:\/\/soymigrante.com\/revista\/wp-json\/wp\/v2\/types\/post"}],"author":[{"embeddable":true,"href":"https:\/\/soymigrante.com\/revista\/wp-json\/wp\/v2\/users\/7"}],"replies":[{"embeddable":true,"href":"https:\/\/soymigrante.com\/revista\/wp-json\/wp\/v2\/comments?post=49974"}],"version-history":[{"count":14,"href":"https:\/\/soymigrante.com\/revista\/wp-json\/wp\/v2\/posts\/49974\/revisions"}],"predecessor-version":[{"id":49993,"href":"https:\/\/soymigrante.com\/revista\/wp-json\/wp\/v2\/posts\/49974\/revisions\/49993"}],"wp:featuredmedia":[{"embeddable":true,"href":"https:\/\/soymigrante.com\/revista\/wp-json\/wp\/v2\/media\/49975"}],"wp:attachment":[{"href":"https:\/\/soymigrante.com\/revista\/wp-json\/wp\/v2\/media?parent=49974"}],"wp:term":[{"taxonomy":"category","embeddable":true,"href":"https:\/\/soymigrante.com\/revista\/wp-json\/wp\/v2\/categories?post=49974"},{"taxonomy":"post_tag","embeddable":true,"href":"https:\/\/soymigrante.com\/revista\/wp-json\/wp\/v2\/tags?post=49974"}],"curies":[{"name":"wp","href":"https:\/\/api.w.org\/{rel}","templated":true}]}}