{"id":4995,"date":"2024-02-21T11:29:41","date_gmt":"2024-02-21T17:29:41","guid":{"rendered":"https:\/\/soymigrante.com\/revista\/?p=4995"},"modified":"2024-07-31T18:02:34","modified_gmt":"2024-08-01T00:02:34","slug":"donde-encontrar-a-dios-reflexion-migrante-sin-fronteras-opinion","status":"publish","type":"post","link":"https:\/\/soymigrante.com\/revista\/donde-encontrar-a-dios-reflexion-migrante-sin-fronteras-opinion\/","title":{"rendered":"\u00bfD\u00f3nde encontrar a Dios? Una reflexi\u00f3n migrante sin fronteras"},"content":{"rendered":"\t\t<div data-elementor-type=\"wp-post\" data-elementor-id=\"4995\" class=\"elementor elementor-4995\" data-elementor-post-type=\"post\">\n\t\t\t\t\t\t<section data-particle_enable=\"false\" data-particle-mobile-disabled=\"false\" class=\"elementor-section elementor-top-section elementor-element elementor-element-efc2a13 elementor-section-boxed elementor-section-height-default elementor-section-height-default\" data-id=\"efc2a13\" data-element_type=\"section\" data-e-type=\"section\">\n\t\t\t\t\t\t<div class=\"elementor-container elementor-column-gap-default\">\n\t\t\t\t\t<div class=\"elementor-column elementor-col-100 elementor-top-column elementor-element elementor-element-24c5478\" data-id=\"24c5478\" data-element_type=\"column\" data-e-type=\"column\">\n\t\t\t<div class=\"elementor-widget-wrap elementor-element-populated\">\n\t\t\t\t\t\t<div class=\"elementor-element elementor-element-31f9ec8 elementor-widget elementor-widget-heading\" data-id=\"31f9ec8\" data-element_type=\"widget\" data-e-type=\"widget\" data-widget_type=\"heading.default\">\n\t\t\t\t\t<h1 class=\"elementor-heading-title elementor-size-default\">\u00bfD\u00f3nde donde, d\u00f3nde? \u00bfD\u00f3nde encontrar\u00e9 a Dios? \u00bfExiste?  Es una cuesti\u00f3n muy humana preguntarla, sobre todo en situaciones adversas, quiz\u00e1 lejos de la tierra natal, como migrante. <\/h1>\t\t\t\t<\/div>\n\t\t\t\t\t<\/div>\n\t\t<\/div>\n\t\t\t\t\t<\/div>\n\t\t<\/section>\n\t\t\t\t<section data-particle_enable=\"false\" data-particle-mobile-disabled=\"false\" class=\"elementor-section elementor-top-section elementor-element elementor-element-1b8c9b8 elementor-section-boxed elementor-section-height-default elementor-section-height-default\" data-id=\"1b8c9b8\" data-element_type=\"section\" data-e-type=\"section\">\n\t\t\t\t\t\t<div class=\"elementor-container elementor-column-gap-default\">\n\t\t\t\t\t<div class=\"elementor-column elementor-col-100 elementor-top-column elementor-element elementor-element-d8ae37b\" data-id=\"d8ae37b\" data-element_type=\"column\" data-e-type=\"column\">\n\t\t\t<div class=\"elementor-widget-wrap elementor-element-populated\">\n\t\t\t\t\t\t<div class=\"elementor-element elementor-element-94b1db3 elementor-widget elementor-widget-text-editor\" data-id=\"94b1db3\" data-element_type=\"widget\" data-e-type=\"widget\" data-widget_type=\"text-editor.default\">\n\t\t\t\t\t\t\t\t\t<p><b>Por Guillermo Delgado O.P.\u00a0 Fraile Dominico.<br \/><\/b><\/p>\t\t\t\t\t\t\t\t<\/div>\n\t\t\t\t\t<\/div>\n\t\t<\/div>\n\t\t\t\t\t<\/div>\n\t\t<\/section>\n\t\t\t\t<section data-particle_enable=\"false\" data-particle-mobile-disabled=\"false\" class=\"elementor-section elementor-top-section elementor-element elementor-element-0bff55f elementor-section-boxed elementor-section-height-default elementor-section-height-default\" data-id=\"0bff55f\" data-element_type=\"section\" data-e-type=\"section\">\n\t\t\t\t\t\t<div class=\"elementor-container elementor-column-gap-default\">\n\t\t\t\t\t<div class=\"elementor-column elementor-col-100 elementor-top-column elementor-element elementor-element-f78ea3e\" data-id=\"f78ea3e\" data-element_type=\"column\" data-e-type=\"column\">\n\t\t\t<div class=\"elementor-widget-wrap elementor-element-populated\">\n\t\t\t\t\t\t<div class=\"elementor-element elementor-element-c4b27ce elementor-widget elementor-widget-text-editor\" data-id=\"c4b27ce\" data-element_type=\"widget\" data-e-type=\"widget\" data-widget_type=\"text-editor.default\">\n\t\t\t\t\t\t\t\t\t<p>\u00bf<i>D\u00f3nde donde, d\u00f3nde, donde? \u00bfD\u00f3nde, encontrar\u00e9 al Se\u00f1or? Lo busco entre las estrellas y me canso de mirar, lo busco en el cielo inmenso y no lo puedo encontrar\u2026 B\u00fascalo en el ni\u00f1o pobre que no tiene que comer, b\u00fascalo en la madre enferma que se muere sin querer<\/i>. (Canto de meditaci\u00f3n en la tradici\u00f3n cat\u00f3lica).\u00a0<\/p><p><span style=\"color: var( --e-global-color-text );\">Cu\u00e1ndo soy yo quien se siente desamparado: \u00bfC\u00f3mo refugiarme en Dios?\u00a0<\/span><\/p><p>Lo primero es buscarlo. \u00c9l est\u00e1 en todo lugar.\u00a0<span style=\"color: var( --e-global-color-text );\">La primera gran obra suya es la creaci\u00f3n.\u00a0<\/span><\/p><p><span style=\"color: var( --e-global-color-text );\">Ese es el templo donde se da a conocer. Por eso est\u00e1 en el infinito azul del cielo, en el humus de la tierra f\u00e9rtil, en la m\u00fasica de las flores que anuncian la cosecha; est\u00e1 en el llanto del ni\u00f1o y en el descanso apacible del obrero despu\u00e9s de su jornada de trabajo. Con raz\u00f3n San Francisco de As\u00eds bendec\u00eda a Dios por todas las criaturas del universo.\u00a0<\/span><\/p><p><span style=\"color: var( --e-global-color-text );\">Hay que entrar al templo<\/span><\/p>\t\t\t\t\t\t\t\t<\/div>\n\t\t\t\t\t<\/div>\n\t\t<\/div>\n\t\t\t\t\t<\/div>\n\t\t<\/section>\n\t\t\t\t<section data-particle_enable=\"false\" data-particle-mobile-disabled=\"false\" class=\"elementor-section elementor-top-section elementor-element elementor-element-12ace96 elementor-section-boxed elementor-section-height-default elementor-section-height-default\" data-id=\"12ace96\" data-element_type=\"section\" data-e-type=\"section\">\n\t\t\t\t\t\t<div class=\"elementor-container elementor-column-gap-default\">\n\t\t\t\t\t<div class=\"elementor-column elementor-col-100 elementor-top-column elementor-element elementor-element-dd943d0\" data-id=\"dd943d0\" data-element_type=\"column\" data-e-type=\"column\">\n\t\t\t<div class=\"elementor-widget-wrap elementor-element-populated\">\n\t\t\t\t\t\t<div class=\"elementor-element elementor-element-a3516af elementor-widget elementor-widget-image\" data-id=\"a3516af\" data-element_type=\"widget\" data-e-type=\"widget\" data-widget_type=\"image.default\">\n\t\t\t\t\t\t\t\t\t\t\t\t<figure class=\"wp-caption\">\n\t\t\t\t\t\t\t\t\t\t<img fetchpriority=\"high\" decoding=\"async\" width=\"768\" height=\"569\" src=\"https:\/\/soymigrante.com\/revista\/wp-content\/uploads\/2024\/02\/Captura-de-pantalla-2024-02-21-105540-1024x758.webp\" class=\"attachment-large size-large wp-image-4996\" alt=\"Imagen para art\u00edculo d\u00f3nde encontrar a Dios del fraile dominico Guillermo Delgado dedicado al migrante\" srcset=\"https:\/\/soymigrante.com\/revista\/wp-content\/uploads\/2024\/02\/Captura-de-pantalla-2024-02-21-105540-1024x758.webp 1024w, https:\/\/soymigrante.com\/revista\/wp-content\/uploads\/2024\/02\/Captura-de-pantalla-2024-02-21-105540-300x222.webp 300w, https:\/\/soymigrante.com\/revista\/wp-content\/uploads\/2024\/02\/Captura-de-pantalla-2024-02-21-105540-768x569.webp 768w, https:\/\/soymigrante.com\/revista\/wp-content\/uploads\/2024\/02\/Captura-de-pantalla-2024-02-21-105540-750x555.webp 750w, https:\/\/soymigrante.com\/revista\/wp-content\/uploads\/2024\/02\/Captura-de-pantalla-2024-02-21-105540-1140x844.webp 1140w, https:\/\/soymigrante.com\/revista\/wp-content\/uploads\/2024\/02\/Captura-de-pantalla-2024-02-21-105540.webp 1155w\" sizes=\"(max-width: 768px) 100vw, 768px\" title=\"Dios est\u00e1 en su templo y un primer templo es la naturaleza. No tiene fronteras, y siempre est\u00e1 all\u00ed si lo buscamos para agradecerle. En el sol, el cielo, las estrellas, los \u00e1rboles, en un atardecerl.... \u2013 SoyMigrante.com REVISTA\" \/>\t\t\t\t\t\t\t\t\t\t\t<figcaption class=\"widget-image-caption wp-caption-text\">Dios est\u00e1 en su templo y un primer templo es la naturaleza. No tiene fronteras, y siempre est\u00e1 all\u00ed si lo buscamos para agradecerle. En el sol, el cielo, las estrellas, los \u00e1rboles, en un atardecerl....<\/figcaption>\n\t\t\t\t\t\t\t\t\t\t<\/figure>\n\t\t\t\t\t\t\t\t\t<\/div>\n\t\t\t\t\t<\/div>\n\t\t<\/div>\n\t\t\t\t\t<\/div>\n\t\t<\/section>\n\t\t\t\t<section data-particle_enable=\"false\" data-particle-mobile-disabled=\"false\" class=\"elementor-section elementor-top-section elementor-element elementor-element-f3e63a8 elementor-section-boxed elementor-section-height-default elementor-section-height-default\" data-id=\"f3e63a8\" data-element_type=\"section\" data-e-type=\"section\">\n\t\t\t\t\t\t<div class=\"elementor-container elementor-column-gap-default\">\n\t\t\t\t\t<div class=\"elementor-column elementor-col-100 elementor-top-column elementor-element elementor-element-545e8bc\" data-id=\"545e8bc\" data-element_type=\"column\" data-e-type=\"column\">\n\t\t\t<div class=\"elementor-widget-wrap elementor-element-populated\">\n\t\t\t\t\t\t<div class=\"elementor-element elementor-element-d077cc4 elementor-widget elementor-widget-heading\" data-id=\"d077cc4\" data-element_type=\"widget\" data-e-type=\"widget\" data-widget_type=\"heading.default\">\n\t\t\t\t\t<h2 class=\"elementor-heading-title elementor-size-default\">Estemos donde estemos siempre hay un lugar<\/h2>\t\t\t\t<\/div>\n\t\t\t\t\t<\/div>\n\t\t<\/div>\n\t\t\t\t\t<\/div>\n\t\t<\/section>\n\t\t\t\t<section data-particle_enable=\"false\" data-particle-mobile-disabled=\"false\" class=\"elementor-section elementor-top-section elementor-element elementor-element-efb8698 elementor-section-boxed elementor-section-height-default elementor-section-height-default\" data-id=\"efb8698\" data-element_type=\"section\" data-e-type=\"section\">\n\t\t\t\t\t\t<div class=\"elementor-container elementor-column-gap-default\">\n\t\t\t\t\t<div class=\"elementor-column elementor-col-100 elementor-top-column elementor-element elementor-element-5d4f79e\" data-id=\"5d4f79e\" data-element_type=\"column\" data-e-type=\"column\">\n\t\t\t<div class=\"elementor-widget-wrap elementor-element-populated\">\n\t\t\t\t\t\t<div class=\"elementor-element elementor-element-11319be elementor-widget elementor-widget-text-editor\" data-id=\"11319be\" data-element_type=\"widget\" data-e-type=\"widget\" data-widget_type=\"text-editor.default\">\n\t\t\t\t\t\t\t\t\t<p>Adem\u00e1s, de lo anterior, necesitamos un lugar sagrado m\u00e1s concreto que facilite el silencio, que facilite el recogimiento interior y la oraci\u00f3n. Esos son los templos de la ciudad. Ah\u00ed donde se re\u00fanen los creyentes; quienes se consideran de origen y destino divinos. Ah\u00ed donde se re\u00fanen quienes comprenden que no son due\u00f1o del mundo y de su destino. En el templo se capta la luz que irradia hacia el interior y un sentimiento hondo de dependencia hacia Dios.<\/p><p>La \u00fanica condici\u00f3n para entrar a un templo es que est\u00e9 abierto. De hecho, esa es una caracter\u00edstica principal de los templos: Que est\u00e9 abierto, como los brazos de un padre bueno.\u00a0<\/p><p>Recomiendo, entrar al templo m\u00e1s cercano para orar, para sentir el silencio de la presencia del Creador del Universo. El templo es el lugar para estar en la soledad de Dios.\u00a0\u00a0<\/p>\t\t\t\t\t\t\t\t<\/div>\n\t\t\t\t\t<\/div>\n\t\t<\/div>\n\t\t\t\t\t<\/div>\n\t\t<\/section>\n\t\t\t\t<section data-particle_enable=\"false\" data-particle-mobile-disabled=\"false\" class=\"elementor-section elementor-top-section elementor-element elementor-element-20d5f6a elementor-section-boxed elementor-section-height-default elementor-section-height-default\" data-id=\"20d5f6a\" data-element_type=\"section\" data-e-type=\"section\">\n\t\t\t\t\t\t<div class=\"elementor-container elementor-column-gap-default\">\n\t\t\t\t\t<div class=\"elementor-column elementor-col-100 elementor-top-column elementor-element elementor-element-6e55682\" data-id=\"6e55682\" data-element_type=\"column\" data-e-type=\"column\">\n\t\t\t<div class=\"elementor-widget-wrap elementor-element-populated\">\n\t\t\t\t\t\t<div class=\"elementor-element elementor-element-5c81c38 elementor-widget elementor-widget-image\" data-id=\"5c81c38\" data-element_type=\"widget\" data-e-type=\"widget\" data-widget_type=\"image.default\">\n\t\t\t\t\t\t\t\t\t\t\t\t<figure class=\"wp-caption\">\n\t\t\t\t\t\t\t\t\t\t<img decoding=\"async\" width=\"768\" height=\"733\" src=\"https:\/\/soymigrante.com\/revista\/wp-content\/uploads\/2024\/01\/santo-cristo-plainfield.webp\" class=\"attachment-large size-large wp-image-4385\" alt=\"\" srcset=\"https:\/\/soymigrante.com\/revista\/wp-content\/uploads\/2024\/01\/santo-cristo-plainfield.webp 956w, https:\/\/soymigrante.com\/revista\/wp-content\/uploads\/2024\/01\/santo-cristo-plainfield-300x286.webp 300w, https:\/\/soymigrante.com\/revista\/wp-content\/uploads\/2024\/01\/santo-cristo-plainfield-768x733.webp 768w, https:\/\/soymigrante.com\/revista\/wp-content\/uploads\/2024\/01\/santo-cristo-plainfield-750x715.webp 750w\" sizes=\"(max-width: 768px) 100vw, 768px\" title=\"En cada lugar donde estemos seguramente habr\u00e1 un templo para acudir a orar y unirse a la comunidad.. Imagen:  Parroquia de Plainfield, New Jersey, donde se venera al Santo Cristo de Esquipulas. La comunidad migrante ha impulsado esta devoci\u00f3n. \u2013 SoyMigrante.com REVISTA\" \/>\t\t\t\t\t\t\t\t\t\t\t<figcaption class=\"widget-image-caption wp-caption-text\">En cada lugar donde estemos seguramente habr\u00e1 un templo para acudir a orar y unirse a la comunidad.. Imagen:  Parroquia de Plainfield, New Jersey, donde se venera al Santo Cristo de Esquipulas. La comunidad migrante ha impulsado esta devoci\u00f3n.<\/figcaption>\n\t\t\t\t\t\t\t\t\t\t<\/figure>\n\t\t\t\t\t\t\t\t\t<\/div>\n\t\t\t\t\t<\/div>\n\t\t<\/div>\n\t\t\t\t\t<\/div>\n\t\t<\/section>\n\t\t\t\t<section data-particle_enable=\"false\" data-particle-mobile-disabled=\"false\" class=\"elementor-section elementor-top-section elementor-element elementor-element-1076443 elementor-section-boxed elementor-section-height-default elementor-section-height-default\" data-id=\"1076443\" data-element_type=\"section\" data-e-type=\"section\">\n\t\t\t\t\t\t<div class=\"elementor-container elementor-column-gap-default\">\n\t\t\t\t\t<div class=\"elementor-column elementor-col-100 elementor-top-column elementor-element elementor-element-5c870e3\" data-id=\"5c870e3\" data-element_type=\"column\" data-e-type=\"column\">\n\t\t\t<div class=\"elementor-widget-wrap elementor-element-populated\">\n\t\t\t\t\t\t<div class=\"elementor-element elementor-element-f08fdf6 elementor-widget elementor-widget-heading\" data-id=\"f08fdf6\" data-element_type=\"widget\" data-e-type=\"widget\" data-widget_type=\"heading.default\">\n\t\t\t\t\t<h2 class=\"elementor-heading-title elementor-size-default\">Unirse a otros que buscan para ser comunidad<\/h2>\t\t\t\t<\/div>\n\t\t\t\t\t<\/div>\n\t\t<\/div>\n\t\t\t\t\t<\/div>\n\t\t<\/section>\n\t\t\t\t<section data-particle_enable=\"false\" data-particle-mobile-disabled=\"false\" class=\"elementor-section elementor-top-section elementor-element elementor-element-d983930 elementor-section-boxed elementor-section-height-default elementor-section-height-default\" data-id=\"d983930\" data-element_type=\"section\" data-e-type=\"section\">\n\t\t\t\t\t\t<div class=\"elementor-container elementor-column-gap-default\">\n\t\t\t\t\t<div class=\"elementor-column elementor-col-100 elementor-top-column elementor-element elementor-element-809cfef\" data-id=\"809cfef\" data-element_type=\"column\" data-e-type=\"column\">\n\t\t\t<div class=\"elementor-widget-wrap elementor-element-populated\">\n\t\t\t\t\t\t<div class=\"elementor-element elementor-element-a69cbef elementor-widget elementor-widget-text-editor\" data-id=\"a69cbef\" data-element_type=\"widget\" data-e-type=\"widget\" data-widget_type=\"text-editor.default\">\n\t\t\t\t\t\t\t\t\t<p><span style=\"color: var( --e-global-color-text );\">En un segundo momento, hay que unirse a la celebraci\u00f3n com\u00fan. De tal modo que la oraci\u00f3n de todos los presentes genere una atm\u00f3sfera o ambiente de fuerza espiritual. No importa si quienes est\u00e1n en el templo son o no personas conocidas. O si estamos en un pa\u00eds que no es nuestro.<\/span><\/p><p><span style=\"color: var( --e-global-color-text );\">El hecho de estar dentro indica que en cierto modo somos conocidos e identificados por Dios mismo como hijos suyos. Nadie es un extra\u00f1o en un templo, porque ese es un lugar preferencial para quienes son sostenidos por el Padre de todos. Lo que importa es validar con nuestra presencia que estamos delante de aquel que nos conoce a todos y a cada uno por su nombre.\u00a0<\/span><\/p><p><b>Nadie es extra\u00f1o para Dios en ning\u00fan lugar. <\/b>En la tradici\u00f3n de los jud\u00edos, Dios siempre atiende y escucha la voz y la preocupaci\u00f3n del forastero, del extranjero, del hu\u00e9rfano y de la viuda. Dios se da a conocer a todos a partir de la atenci\u00f3n preferencial que establece con los desamparados y necesitados.\u00a0<\/p>\t\t\t\t\t\t\t\t<\/div>\n\t\t\t\t\t<\/div>\n\t\t<\/div>\n\t\t\t\t\t<\/div>\n\t\t<\/section>\n\t\t\t\t<section data-particle_enable=\"false\" data-particle-mobile-disabled=\"false\" class=\"elementor-section elementor-top-section elementor-element elementor-element-23a0856 elementor-section-boxed elementor-section-height-default elementor-section-height-default\" data-id=\"23a0856\" data-element_type=\"section\" data-e-type=\"section\">\n\t\t\t\t\t\t<div class=\"elementor-container elementor-column-gap-default\">\n\t\t\t\t\t<div class=\"elementor-column elementor-col-100 elementor-top-column elementor-element elementor-element-3150998\" data-id=\"3150998\" data-element_type=\"column\" data-e-type=\"column\">\n\t\t\t<div class=\"elementor-widget-wrap elementor-element-populated\">\n\t\t\t\t\t\t<div class=\"elementor-element elementor-element-874799d elementor-widget elementor-widget-image\" data-id=\"874799d\" data-element_type=\"widget\" data-e-type=\"widget\" data-widget_type=\"image.default\">\n\t\t\t\t\t\t\t\t\t\t\t\t<figure class=\"wp-caption\">\n\t\t\t\t\t\t\t\t\t\t<img decoding=\"async\" width=\"300\" height=\"274\" src=\"https:\/\/soymigrante.com\/revista\/wp-content\/uploads\/2024\/02\/man-300x274.webp\" class=\"attachment-medium size-medium wp-image-4999\" alt=\"\" srcset=\"https:\/\/soymigrante.com\/revista\/wp-content\/uploads\/2024\/02\/man-300x274.webp 300w, https:\/\/soymigrante.com\/revista\/wp-content\/uploads\/2024\/02\/man.webp 620w\" sizes=\"(max-width: 300px) 100vw, 300px\" title=\"Quien busca encuentra y siempre halla nuevas v\u00edas de acercarse a Dios, sobre todo en el servicio a los dem\u00e1s. Atardecer en Nueva York durante el llamado ManhattanHenge, en los solsticios. \u2013 SoyMigrante.com REVISTA\" \/>\t\t\t\t\t\t\t\t\t\t\t<figcaption class=\"widget-image-caption wp-caption-text\">Quien busca encuentra y siempre halla nuevas v\u00edas de acercarse a Dios, sobre todo en el servicio a los dem\u00e1s. Atardecer en Nueva York durante el llamado ManhattanHenge, en los solsticios.<\/figcaption>\n\t\t\t\t\t\t\t\t\t\t<\/figure>\n\t\t\t\t\t\t\t\t\t<\/div>\n\t\t\t\t\t<\/div>\n\t\t<\/div>\n\t\t\t\t\t<\/div>\n\t\t<\/section>\n\t\t\t\t<section data-particle_enable=\"false\" data-particle-mobile-disabled=\"false\" class=\"elementor-section elementor-top-section elementor-element elementor-element-a6ff965 elementor-section-boxed elementor-section-height-default elementor-section-height-default\" data-id=\"a6ff965\" data-element_type=\"section\" data-e-type=\"section\">\n\t\t\t\t\t\t<div class=\"elementor-container elementor-column-gap-default\">\n\t\t\t\t\t<div class=\"elementor-column elementor-col-100 elementor-top-column elementor-element elementor-element-6ce271f\" data-id=\"6ce271f\" data-element_type=\"column\" data-e-type=\"column\">\n\t\t\t<div class=\"elementor-widget-wrap elementor-element-populated\">\n\t\t\t\t\t\t<div class=\"elementor-element elementor-element-3504909 elementor-widget elementor-widget-heading\" data-id=\"3504909\" data-element_type=\"widget\" data-e-type=\"widget\" data-widget_type=\"heading.default\">\n\t\t\t\t\t<h2 class=\"elementor-heading-title elementor-size-default\">Aprender de los que llegaron antes <\/h2>\t\t\t\t<\/div>\n\t\t\t\t\t<\/div>\n\t\t<\/div>\n\t\t\t\t\t<\/div>\n\t\t<\/section>\n\t\t\t\t<section data-particle_enable=\"false\" data-particle-mobile-disabled=\"false\" class=\"elementor-section elementor-top-section elementor-element elementor-element-ab74d01 elementor-section-boxed elementor-section-height-default elementor-section-height-default\" data-id=\"ab74d01\" data-element_type=\"section\" data-e-type=\"section\">\n\t\t\t\t\t\t<div class=\"elementor-container elementor-column-gap-default\">\n\t\t\t\t\t<div class=\"elementor-column elementor-col-100 elementor-top-column elementor-element elementor-element-8a7f8bf\" data-id=\"8a7f8bf\" data-element_type=\"column\" data-e-type=\"column\">\n\t\t\t<div class=\"elementor-widget-wrap elementor-element-populated\">\n\t\t\t\t\t\t<div class=\"elementor-element elementor-element-4d4e99e elementor-widget elementor-widget-text-editor\" data-id=\"4d4e99e\" data-element_type=\"widget\" data-e-type=\"widget\" data-widget_type=\"text-editor.default\">\n\t\t\t\t\t\t\t\t\t<p><span style=\"color: var( --e-global-color-text );\">\u201cDonde fueres, haz lo que vieres\u201d, dice el refr\u00e1n.\u00a0<\/span><\/p><p><span style=\"color: var( --e-global-color-text );\">Cuando vivimos en un lugar que no es el nuestro, es mejor asumir la realidad que ah\u00ed encontramos. Eso significa, evitar imponer las costumbres que vienen con nosotros. Es conveniente unirse al ritmo de quienes ya est\u00e1n ah\u00ed. El ritmo de aquellos que llegaron primero son punta de lanza. Ellos abrieron camino para quienes vamos llegando. Con lo cual ya vivieron lo que ahora nosotros estamos viviendo.\u00a0<\/span><\/p><p><span style=\"color: var( --e-global-color-text );\">En cierto modo, todos somos extranjeros. A\u00fan m\u00e1s, con la brevedad de la vida sabemos que estamos de paso en este mundo. Nada nos pertenece.\u00a0<\/span><\/p><p>Estos son los modos de c\u00f3mo Dios ordena a su pueblo y lo va guiando. Solo hay que abrir los ojos del coraz\u00f3n para comprender y hacer las cosas de acuerdo con lo que ahora buscamos y hemos hallado en este nuevo lugar donde ahora acontece nuestra vida.<\/p><p>Febrero de 2024<\/p><div>\u00a0<\/div>\t\t\t\t\t\t\t\t<\/div>\n\t\t\t\t\t<\/div>\n\t\t<\/div>\n\t\t\t\t\t<\/div>\n\t\t<\/section>\n\t\t\t\t<section data-particle_enable=\"false\" data-particle-mobile-disabled=\"false\" class=\"elementor-section elementor-top-section elementor-element elementor-element-1c69920 elementor-section-boxed elementor-section-height-default elementor-section-height-default\" data-id=\"1c69920\" data-element_type=\"section\" data-e-type=\"section\">\n\t\t\t\t\t\t<div class=\"elementor-container elementor-column-gap-default\">\n\t\t\t\t\t<div class=\"elementor-column elementor-col-100 elementor-top-column elementor-element elementor-element-83bc09d\" data-id=\"83bc09d\" data-element_type=\"column\" data-e-type=\"column\">\n\t\t\t<div class=\"elementor-widget-wrap elementor-element-populated\">\n\t\t\t\t\t\t<div class=\"elementor-element elementor-element-bc8ce45 elementor-widget elementor-widget-heading\" data-id=\"bc8ce45\" data-element_type=\"widget\" data-e-type=\"widget\" data-widget_type=\"heading.default\">\n\t\t\t\t\t<h2 class=\"elementor-heading-title elementor-size-default\">Otras claves para una mejor vida<\/h2>\t\t\t\t<\/div>\n\t\t\t\t\t<\/div>\n\t\t<\/div>\n\t\t\t\t\t<\/div>\n\t\t<\/section>\n\t\t\t\t<section data-particle_enable=\"false\" data-particle-mobile-disabled=\"false\" class=\"elementor-section elementor-top-section elementor-element elementor-element-7e7a710 elementor-section-boxed elementor-section-height-default elementor-section-height-default\" data-id=\"7e7a710\" data-element_type=\"section\" data-e-type=\"section\">\n\t\t\t\t\t\t<div class=\"elementor-container elementor-column-gap-default\">\n\t\t\t\t\t<div class=\"elementor-column elementor-col-100 elementor-top-column elementor-element elementor-element-0eb749f\" data-id=\"0eb749f\" data-element_type=\"column\" data-e-type=\"column\">\n\t\t\t<div class=\"elementor-widget-wrap elementor-element-populated\">\n\t\t\t\t\t\t<div class=\"elementor-element elementor-element-c4d805c elementor-widget elementor-widget-blfe-post-grid\" data-id=\"c4d805c\" data-element_type=\"widget\" data-e-type=\"widget\" data-settings=\"{&quot;columns&quot;:&quot;3&quot;,&quot;columns_tablet&quot;:&quot;6&quot;,&quot;columns_mobile&quot;:&quot;12&quot;,&quot;hero1_layout_column_gap&quot;:{&quot;unit&quot;:&quot;px&quot;,&quot;size&quot;:30,&quot;sizes&quot;:[]},&quot;hero1_layout_column_gap_tablet&quot;:{&quot;unit&quot;:&quot;px&quot;,&quot;size&quot;:&quot;&quot;,&quot;sizes&quot;:[]},&quot;hero1_layout_column_gap_mobile&quot;:{&quot;unit&quot;:&quot;px&quot;,&quot;size&quot;:&quot;&quot;,&quot;sizes&quot;:[]},&quot;hero1_layout_row_gap&quot;:{&quot;unit&quot;:&quot;px&quot;,&quot;size&quot;:30,&quot;sizes&quot;:[]},&quot;hero1_layout_row_gap_tablet&quot;:{&quot;unit&quot;:&quot;px&quot;,&quot;size&quot;:&quot;&quot;,&quot;sizes&quot;:[]},&quot;hero1_layout_row_gap_mobile&quot;:{&quot;unit&quot;:&quot;px&quot;,&quot;size&quot;:&quot;&quot;,&quot;sizes&quot;:[]}}\" data-widget_type=\"blfe-post-grid.hero1\">\n\t\t\t\t<div class=\"elementor-widget-container\">\n\t\t\t\t\t\n                        <div class=\"blfe-post-grid-container \">\n            \n                <div data-skin=\"hero1\" class=\"blfe-row blfe-posts-inner blfe-hero1 blfe-posts-inner blfe-col-3 blfe-col-tab-6 blfe-col-mob-12     \">\n                            <div class=\"blfe-post-grid-item\">\n            <div class=\"blfe-post-grid-item-inner blfe-modern-zoom\">\n                        <div class=\"blfe-post-grid-bg-image\">\n            <a class=\"blfe-post-grid-image-inner\" href=\"https:\/\/soymigrante.com\/revista\/estrategias-para-fidelizar-clientes-pequenas-acciones-que-te-ayudaran-en-el-comercio-digital\/\" title=\"Estrategias para fidelizar clientes: peque\u00f1as acciones que te ayudar\u00e1n en el comercio digital\" rel=\"nofollow\" target=\"_blank\"><img decoding=\"async\" src=\"https:\/\/soymigrante.com\/revista\/wp-content\/uploads\/2026\/04\/vendedora-soymigrantecom-emprendimiento-emprendedora-comercio-digital.png\" alt=\"Estrategias para fidelizar clientes: peque\u00f1as acciones que te ayudar\u00e1n en el comercio digital\"\/><\/a>        <\/div>\n                        <div class=\"blfe-post-grid-details\">\n                    <div class=\"blfe-post-grid-details-inner\">\n                        <span class=\"blfe-post-category\"><a href=\"https:\/\/soymigrante.com\/revista\/category\/bienestar\/\">Bienestar<\/a><\/span>                        <h3 class=\"blfe-post-grid-title\">\n            <a href=\"https:\/\/soymigrante.com\/revista\/estrategias-para-fidelizar-clientes-pequenas-acciones-que-te-ayudaran-en-el-comercio-digital\/\" title=\"Estrategias para fidelizar clientes: peque\u00f1as acciones que te ayudar\u00e1n en el comercio digital\" rel=\"nofollow\" target=\"_blank\">Estrategias para fidelizar clientes: peque\u00f1as acciones que te ayudar\u00e1n en el comercio digital<\/a>\n            <\/h3>                                                            <div class=\"blfe-post-grid-meta\">\n                <span class=\"blfe-post-grid-time\"><i class=\"fas fa-book-reader\"><\/i>5 Min read<\/span>            <\/div>\n                                                        <\/div>\n                <\/div>\n\n            <\/div>\n        <\/div>\n                <div class=\"blfe-post-grid-item\">\n            <div class=\"blfe-post-grid-item-inner blfe-modern-zoom\">\n                        <div class=\"blfe-post-grid-bg-image\">\n            <a class=\"blfe-post-grid-image-inner\" href=\"https:\/\/soymigrante.com\/revista\/violencia-intrafamiliar-domestica-se-debe-reconocer-y-denunciar-donde-obtener-ayuda-en-estados-unidos\/\" title=\"Violencia intrafamiliar se debe reconocer,  denunciar y frenar \u00bfD\u00f3nde obtener ayuda en Estados Unidos?\" rel=\"nofollow\" target=\"_blank\"><img decoding=\"async\" src=\"https:\/\/soymigrante.com\/revista\/wp-content\/uploads\/2026\/04\/frenar-violencia-domestica-estados-unidos.png\" alt=\"Violencia intrafamiliar se debe reconocer,  denunciar y frenar \u00bfD\u00f3nde obtener ayuda en Estados Unidos?\"\/><\/a>        <\/div>\n                        <div class=\"blfe-post-grid-details\">\n                    <div class=\"blfe-post-grid-details-inner\">\n                        <span class=\"blfe-post-category\"><a href=\"https:\/\/soymigrante.com\/revista\/category\/bienestar\/en-familia\/\">En Familia<\/a><\/span>                        <h3 class=\"blfe-post-grid-title\">\n            <a href=\"https:\/\/soymigrante.com\/revista\/violencia-intrafamiliar-domestica-se-debe-reconocer-y-denunciar-donde-obtener-ayuda-en-estados-unidos\/\" title=\"Violencia intrafamiliar se debe reconocer,  denunciar y frenar \u00bfD\u00f3nde obtener ayuda en Estados Unidos?\" rel=\"nofollow\" target=\"_blank\">Violencia intrafamiliar se debe reconocer,  denunciar y frenar \u00bfD\u00f3nde obtener ayuda en Estados Unidos?<\/a>\n            <\/h3>                                                            <div class=\"blfe-post-grid-meta\">\n                <span class=\"blfe-post-grid-time\"><i class=\"fas fa-book-reader\"><\/i>5 Min read<\/span>            <\/div>\n                                                        <\/div>\n                <\/div>\n\n            <\/div>\n        <\/div>\n                <div class=\"blfe-post-grid-item\">\n            <div class=\"blfe-post-grid-item-inner blfe-modern-zoom\">\n                        <div class=\"blfe-post-grid-bg-image\">\n            <a class=\"blfe-post-grid-image-inner\" href=\"https:\/\/soymigrante.com\/revista\/claves-sobre-primeros-auxilios-psicologicos-para-ayudar-a-alguien-agobiado-por-dolor-miedo-o-angustia\/\" title=\"Claves sobre Primeros Auxilios Psicol\u00f3gicos para ayudar a alguien agobiado por dolor, miedo o angustia\" rel=\"nofollow\" target=\"_blank\"><img decoding=\"async\" src=\"https:\/\/soymigrante.com\/revista\/wp-content\/uploads\/2026\/04\/primeros-auxilios-emocionales.png\" alt=\"Claves sobre Primeros Auxilios Psicol\u00f3gicos para ayudar a alguien agobiado por dolor, miedo o angustia\"\/><\/a>        <\/div>\n                        <div class=\"blfe-post-grid-details\">\n                    <div class=\"blfe-post-grid-details-inner\">\n                        <span class=\"blfe-post-category\"><a href=\"https:\/\/soymigrante.com\/revista\/category\/bienestar\/salud-emocional\/\">Salud Emocional<\/a><\/span>                        <h3 class=\"blfe-post-grid-title\">\n            <a href=\"https:\/\/soymigrante.com\/revista\/claves-sobre-primeros-auxilios-psicologicos-para-ayudar-a-alguien-agobiado-por-dolor-miedo-o-angustia\/\" title=\"Claves sobre Primeros Auxilios Psicol\u00f3gicos para ayudar a alguien agobiado por dolor, miedo o angustia\" rel=\"nofollow\" target=\"_blank\">Claves sobre Primeros Auxilios Psicol\u00f3gicos para ayudar a alguien agobiado por dolor, miedo o angustia<\/a>\n            <\/h3>                                                            <div class=\"blfe-post-grid-meta\">\n                <span class=\"blfe-post-grid-time\"><i class=\"fas fa-book-reader\"><\/i>6 Min read<\/span>            <\/div>\n                                                        <\/div>\n                <\/div>\n\n            <\/div>\n        <\/div>\n                        <\/div>\n\n                        <\/div>\n            \n                        <div class=\"blfe-post-footer\">\n                        <\/div>\n            \t\t\t\t<\/div>\n\t\t\t\t<\/div>\n\t\t\t\t\t<\/div>\n\t\t<\/div>\n\t\t\t\t\t<\/div>\n\t\t<\/section>\n\t\t\t\t<\/div>\n\t\t","protected":false},"excerpt":{"rendered":"<p>\u00bfD\u00f3nde donde, d\u00f3nde? \u00bfD\u00f3nde encontrar\u00e9 a Dios? \u00bfExiste? Es una cuesti\u00f3n muy humana preguntarla, sobre todo en situaciones adversas, quiz\u00e1 lejos de la tierra natal, como migrante. Por Guillermo Delgado O.P.\u00a0 Fraile Dominico. \u00bfD\u00f3nde donde, d\u00f3nde, donde? \u00bfD\u00f3nde, encontrar\u00e9 al Se\u00f1or? Lo busco entre las estrellas y me canso de mirar, lo busco en el [&hellip;]<\/p>\n","protected":false},"author":1,"featured_media":4998,"comment_status":"open","ping_status":"open","sticky":false,"template":"","format":"standard","meta":{"_acf_changed":false,"_eb_attr":"","footnotes":""},"categories":[56],"tags":[],"class_list":["post-4995","post","type-post","status-publish","format-standard","has-post-thumbnail","hentry","category-lugar-de-voces"],"acf":[],"aioseo_notices":[],"aioseo_head":"\n\t\t<!-- All in One SEO Pro 4.9.6.2 - aioseo.com -->\n\t<meta name=\"description\" content=\"No se necesitan las palabras perfectas cuando alguien se rompe. Quedarse, acompa\u00f1ar y escuchar son los primeros auxilios psicol\u00f3gicos que tienes que conocer.\" \/>\n\t<meta name=\"robots\" content=\"max-snippet:-1, max-image-preview:large, max-video-preview:-1\" \/>\n\t<meta name=\"author\" content=\"Mari\u00e1ngel \u00c1lvarez\"\/>\n\t<link rel=\"canonical\" href=\"https:\/\/soymigrante.com\/revista\/claves-sobre-primeros-auxilios-psicologicos-para-ayudar-a-alguien-agobiado-por-dolor-miedo-o-angustia\/\" \/>\n\t<meta name=\"generator\" content=\"All in One SEO Pro (AIOSEO) 4.9.6.2\" \/>\n\n\t\t<link rel=\"preconnect\" href=\"https:\/\/fonts.googleapis.com\" crossorigin>\n<link rel=\"preconnect\" href=\"https:\/\/fonts.gstatic.com\" crossorigin>\n\t\t<meta property=\"og:locale\" content=\"es_ES\" \/>\n\t\t<meta property=\"og:site_name\" content=\"SoyMigrante.com REVISTA \u2013 Nuestra misi\u00f3n es reconocer y dignificar al migrante.\" \/>\n\t\t<meta property=\"og:type\" content=\"article\" \/>\n\t\t<meta property=\"og:title\" content=\"Saber dar Primeros Auxilios Psicol\u00f3gicos nunca est\u00e1 de m\u00e1s\" \/>\n\t\t<meta property=\"og:description\" content=\"No se necesitan las palabras perfectas cuando alguien se rompe. Quedarse, acompa\u00f1ar y escuchar son los primeros auxilios psicol\u00f3gicos que tienes que conocer.\" \/>\n\t\t<meta property=\"og:url\" content=\"https:\/\/soymigrante.com\/revista\/claves-sobre-primeros-auxilios-psicologicos-para-ayudar-a-alguien-agobiado-por-dolor-miedo-o-angustia\/\" \/>\n\t\t<meta property=\"og:image\" content=\"https:\/\/soymigrante.com\/revista\/wp-content\/uploads\/2026\/04\/primeros-auxilios-emocionales.png\" \/>\n\t\t<meta property=\"og:image:secure_url\" content=\"https:\/\/soymigrante.com\/revista\/wp-content\/uploads\/2026\/04\/primeros-auxilios-emocionales.png\" \/>\n\t\t<meta property=\"og:image:width\" content=\"1024\" \/>\n\t\t<meta property=\"og:image:height\" content=\"1024\" \/>\n\t\t<meta property=\"article:published_time\" content=\"2026-04-07T20:18:15+00:00\" \/>\n\t\t<meta property=\"article:modified_time\" content=\"2026-04-07T21:10:17+00:00\" \/>\n\t\t<meta property=\"article:publisher\" content=\"https:\/\/www.facebook.com\/soymigrantecom\" \/>\n\t\t<meta name=\"twitter:card\" content=\"summary_large_image\" \/>\n\t\t<meta name=\"twitter:site\" content=\"@SoyMigrante_com\" \/>\n\t\t<meta name=\"twitter:title\" content=\"Saber dar Primeros Auxilios Psicol\u00f3gicos nunca est\u00e1 de m\u00e1s\" \/>\n\t\t<meta name=\"twitter:description\" content=\"No se necesitan las palabras perfectas cuando alguien se rompe. Quedarse, acompa\u00f1ar y escuchar son los primeros auxilios psicol\u00f3gicos que tienes que conocer.\" \/>\n\t\t<meta name=\"twitter:creator\" content=\"@SoyMigrante_com\" \/>\n\t\t<meta name=\"twitter:image\" content=\"https:\/\/soymigrante.com\/revista\/wp-content\/uploads\/2026\/04\/primeros-auxilios-emocionales.png\" \/>\n\t\t<!-- All in One SEO Pro -->\r\n\t\t<title>Saber dar Primeros Auxilios Psicol\u00f3gicos nunca est\u00e1 de m\u00e1s<\/title>\n\n","aioseo_head_json":{"title":"Saber dar Primeros Auxilios Psicol\u00f3gicos nunca est\u00e1 de m\u00e1s","description":"No se necesitan las palabras perfectas cuando alguien se rompe. Quedarse, acompa\u00f1ar y escuchar son los primeros auxilios psicol\u00f3gicos que tienes que conocer.","canonical_url":"https:\/\/soymigrante.com\/revista\/claves-sobre-primeros-auxilios-psicologicos-para-ayudar-a-alguien-agobiado-por-dolor-miedo-o-angustia\/","robots":"max-snippet:-1, max-image-preview:large, max-video-preview:-1","keywords":"","webmasterTools":{"miscellaneous":"&lt;link rel=\"preconnect\" href=\"https:\/\/fonts.googleapis.com\" crossorigin&gt;\n&lt;link rel=\"preconnect\" href=\"https:\/\/fonts.gstatic.com\" crossorigin&gt;"},"schema":null,"og:locale":"es_ES","og:site_name":"SoyMigrante.com REVISTA \u2013 Nuestra misi\u00f3n es reconocer y dignificar al migrante.","og:type":"article","og:title":"Saber dar Primeros Auxilios Psicol\u00f3gicos nunca est\u00e1 de m\u00e1s","og:description":"No se necesitan las palabras perfectas cuando alguien se rompe. Quedarse, acompa\u00f1ar y escuchar son los primeros auxilios psicol\u00f3gicos que tienes que conocer.","og:url":"https:\/\/soymigrante.com\/revista\/claves-sobre-primeros-auxilios-psicologicos-para-ayudar-a-alguien-agobiado-por-dolor-miedo-o-angustia\/","og:image":"https:\/\/soymigrante.com\/revista\/wp-content\/uploads\/2026\/04\/primeros-auxilios-emocionales.png","og:image:secure_url":"https:\/\/soymigrante.com\/revista\/wp-content\/uploads\/2026\/04\/primeros-auxilios-emocionales.png","og:image:width":1024,"og:image:height":1024,"article:published_time":"2026-04-07T20:18:15+00:00","article:modified_time":"2026-04-07T21:10:17+00:00","article:publisher":"https:\/\/www.facebook.com\/soymigrantecom","twitter:card":"summary_large_image","twitter:site":"@SoyMigrante_com","twitter:title":"Saber dar Primeros Auxilios Psicol\u00f3gicos nunca est\u00e1 de m\u00e1s","twitter:description":"No se necesitan las palabras perfectas cuando alguien se rompe. Quedarse, acompa\u00f1ar y escuchar son los primeros auxilios psicol\u00f3gicos que tienes que conocer.","twitter:creator":"@SoyMigrante_com","twitter:image":"https:\/\/soymigrante.com\/revista\/wp-content\/uploads\/2026\/04\/primeros-auxilios-emocionales.png"},"aioseo_meta_data":{"post_id":"4995","title":null,"description":null,"keywords":[],"keyphrases":{"focus":{"keyphrase":"Migrante","score":100,"analysis":{"keyphraseInTitle":{"score":9,"maxScore":9,"error":0},"keyphraseInDescription":[],"keyphraseLength":{"score":9,"maxScore":9,"error":0,"length":1},"keyphraseInURL":{"score":5,"maxScore":5,"error":0}}},"additional":[]},"primary_term":null,"canonical_url":null,"og_title":null,"og_description":null,"og_object_type":"default","og_image_type":"default","og_image_url":null,"og_image_width":null,"og_image_height":null,"og_image_custom_url":null,"og_image_custom_fields":null,"og_video":"","og_custom_url":null,"og_article_section":null,"og_article_tags":[],"twitter_use_og":false,"twitter_card":"default","twitter_image_type":"default","twitter_image_url":null,"twitter_image_custom_url":null,"twitter_image_custom_fields":null,"twitter_title":null,"twitter_description":null,"schema":{"blockGraphs":[],"customGraphs":[],"default":{"data":{"Article":[],"Course":[],"Dataset":[],"FAQPage":[],"Movie":[],"Person":[],"Product":[],"ProductReview":[],"Car":[],"Recipe":[],"Service":[],"SoftwareApplication":[],"WebPage":[]},"graphName":"BlogPosting","isEnabled":true},"graphs":[]},"schema_type":"default","schema_type_options":null,"pillar_content":false,"robots_default":true,"robots_noindex":false,"robots_noarchive":false,"robots_nosnippet":false,"robots_nofollow":false,"robots_noimageindex":false,"robots_noodp":false,"robots_notranslate":false,"robots_max_snippet":"-1","robots_max_videopreview":"-1","robots_max_imagepreview":"large","priority":null,"frequency":"default","local_seo":null,"seo_analyzer_scan_date":"2025-10-08 21:11:39","breadcrumb_settings":null,"limit_modified_date":false,"reviewed_by":null,"open_ai":null,"ai":null,"created":"2024-02-21 17:12:30","updated":"2026-02-04 10:54:54"},"aioseo_breadcrumb":"<div class=\"aioseo-breadcrumbs\"><span class=\"aioseo-breadcrumb\">\n\t<a href=\"https:\/\/soymigrante.com\/revista\" title=\"Home\">Home<\/a>\n<\/span><span class=\"aioseo-breadcrumb-separator\">\u00bb<\/span><span class=\"aioseo-breadcrumb\">\n\t<a href=\"https:\/\/soymigrante.com\/revista\/category\/estamos-unidos\/\" title=\"Estamos Unidos\">Estamos Unidos<\/a>\n<\/span><span class=\"aioseo-breadcrumb-separator\">\u00bb<\/span><span class=\"aioseo-breadcrumb\">\n\t<a href=\"https:\/\/soymigrante.com\/revista\/category\/estamos-unidos\/lugar-de-voces\/\" title=\"Lugar de Voces\">Lugar de Voces<\/a>\n<\/span><span class=\"aioseo-breadcrumb-separator\">\u00bb<\/span><span class=\"aioseo-breadcrumb\">\n\t\u00bfD\u00f3nde encontrar a Dios? Una reflexi\u00f3n migrante sin fronteras\n<\/span><\/div>","aioseo_breadcrumb_json":[{"label":"Home","link":"https:\/\/soymigrante.com\/revista"},{"label":"Estamos Unidos","link":"https:\/\/soymigrante.com\/revista\/category\/estamos-unidos\/"},{"label":"Lugar de Voces","link":"https:\/\/soymigrante.com\/revista\/category\/estamos-unidos\/lugar-de-voces\/"},{"label":"\u00bfD\u00f3nde encontrar a Dios? Una reflexi\u00f3n migrante sin fronteras","link":"https:\/\/soymigrante.com\/revista\/donde-encontrar-a-dios-reflexion-migrante-sin-fronteras-opinion\/"}],"_links":{"self":[{"href":"https:\/\/soymigrante.com\/revista\/wp-json\/wp\/v2\/posts\/4995","targetHints":{"allow":["GET"]}}],"collection":[{"href":"https:\/\/soymigrante.com\/revista\/wp-json\/wp\/v2\/posts"}],"about":[{"href":"https:\/\/soymigrante.com\/revista\/wp-json\/wp\/v2\/types\/post"}],"author":[{"embeddable":true,"href":"https:\/\/soymigrante.com\/revista\/wp-json\/wp\/v2\/users\/1"}],"replies":[{"embeddable":true,"href":"https:\/\/soymigrante.com\/revista\/wp-json\/wp\/v2\/comments?post=4995"}],"version-history":[{"count":0,"href":"https:\/\/soymigrante.com\/revista\/wp-json\/wp\/v2\/posts\/4995\/revisions"}],"wp:featuredmedia":[{"embeddable":true,"href":"https:\/\/soymigrante.com\/revista\/wp-json\/wp\/v2\/media\/4998"}],"wp:attachment":[{"href":"https:\/\/soymigrante.com\/revista\/wp-json\/wp\/v2\/media?parent=4995"}],"wp:term":[{"taxonomy":"category","embeddable":true,"href":"https:\/\/soymigrante.com\/revista\/wp-json\/wp\/v2\/categories?post=4995"},{"taxonomy":"post_tag","embeddable":true,"href":"https:\/\/soymigrante.com\/revista\/wp-json\/wp\/v2\/tags?post=4995"}],"curies":[{"name":"wp","href":"https:\/\/api.w.org\/{rel}","templated":true}]}}