{"id":4982,"date":"2024-02-21T00:41:17","date_gmt":"2024-02-21T06:41:17","guid":{"rendered":"https:\/\/soymigrante.com\/revista\/?p=4982"},"modified":"2024-11-01T11:33:33","modified_gmt":"2024-11-01T17:33:33","slug":"mawil-el-migrante-guatemalteco-a-la-pantalla-en-california","status":"publish","type":"post","link":"https:\/\/soymigrante.com\/revista\/mawil-el-migrante-guatemalteco-a-la-pantalla-en-california\/","title":{"rendered":"El largo pero exitoso camino del migrante guatemalteco Mawil Soluna a la TV"},"content":{"rendered":"\t\t<div data-elementor-type=\"wp-post\" data-elementor-id=\"4982\" class=\"elementor elementor-4982\" data-elementor-post-type=\"post\">\n\t\t\t\t\t\t<section data-particle_enable=\"false\" data-particle-mobile-disabled=\"false\" class=\"elementor-section elementor-top-section elementor-element elementor-element-5922b56 elementor-section-boxed elementor-section-height-default elementor-section-height-default\" data-id=\"5922b56\" data-element_type=\"section\" data-e-type=\"section\">\n\t\t\t\t\t\t<div class=\"elementor-container elementor-column-gap-default\">\n\t\t\t\t\t<div class=\"elementor-column elementor-col-100 elementor-top-column elementor-element elementor-element-74b661e\" data-id=\"74b661e\" data-element_type=\"column\" data-e-type=\"column\">\n\t\t\t<div class=\"elementor-widget-wrap elementor-element-populated\">\n\t\t\t\t\t\t<div class=\"elementor-element elementor-element-914f825 elementor-widget elementor-widget-heading\" data-id=\"914f825\" data-element_type=\"widget\" data-e-type=\"widget\" data-widget_type=\"heading.default\">\n\t\t\t\t\t<h1 class=\"elementor-heading-title elementor-size-default\">Oriundo de Barillas, Huehuetenango,  el migrante guatemalteco Mawil Soluna  es presentador de noticias para la estaci\u00f3n de televisi\u00f3n Action New Now Telemundo: un camino que pas\u00f3 por el teatro, el modelaje, las redes sociales y  tambi\u00e9n la universidad.\n<\/h1>\t\t\t\t<\/div>\n\t\t\t\t\t<\/div>\n\t\t<\/div>\n\t\t\t\t\t<\/div>\n\t\t<\/section>\n\t\t\t\t<section data-particle_enable=\"false\" data-particle-mobile-disabled=\"false\" class=\"elementor-section elementor-top-section elementor-element elementor-element-fa2f4d0 elementor-section-boxed elementor-section-height-default elementor-section-height-default\" data-id=\"fa2f4d0\" data-element_type=\"section\" data-e-type=\"section\">\n\t\t\t\t\t\t<div class=\"elementor-container elementor-column-gap-default\">\n\t\t\t\t\t<div class=\"elementor-column elementor-col-100 elementor-top-column elementor-element elementor-element-2b228e9\" data-id=\"2b228e9\" data-element_type=\"column\" data-e-type=\"column\">\n\t\t\t<div class=\"elementor-widget-wrap elementor-element-populated\">\n\t\t\t\t\t\t<div class=\"elementor-element elementor-element-f31b69a elementor-widget elementor-widget-facebook-embed\" data-id=\"f31b69a\" data-element_type=\"widget\" data-e-type=\"widget\" data-widget_type=\"facebook-embed.default\">\n\t\t\t\t\t<div style=\"min-height: 1px\" class=\"elementor-facebook-widget fb-post\" data-href=\"https:\/\/fb.watch\/qk7rw4-b4q\/\" data-show-text=\"false\"><\/div>\t\t\t\t<\/div>\n\t\t\t\t\t<\/div>\n\t\t<\/div>\n\t\t\t\t\t<\/div>\n\t\t<\/section>\n\t\t\t\t<section data-particle_enable=\"false\" data-particle-mobile-disabled=\"false\" class=\"elementor-section elementor-top-section elementor-element elementor-element-d32534b elementor-section-boxed elementor-section-height-default elementor-section-height-default\" data-id=\"d32534b\" data-element_type=\"section\" data-e-type=\"section\">\n\t\t\t\t\t\t<div class=\"elementor-container elementor-column-gap-default\">\n\t\t\t\t\t<div class=\"elementor-column elementor-col-100 elementor-top-column elementor-element elementor-element-4c801e0\" data-id=\"4c801e0\" data-element_type=\"column\" data-e-type=\"column\">\n\t\t\t<div class=\"elementor-widget-wrap elementor-element-populated\">\n\t\t\t\t\t\t<div class=\"elementor-element elementor-element-91ff334 elementor-widget elementor-widget-heading\" data-id=\"91ff334\" data-element_type=\"widget\" data-e-type=\"widget\" data-widget_type=\"heading.default\">\n\t\t\t\t\t<h2 class=\"elementor-heading-title elementor-size-default\">El camino de Mawil \n<\/h2>\t\t\t\t<\/div>\n\t\t\t\t\t<\/div>\n\t\t<\/div>\n\t\t\t\t\t<\/div>\n\t\t<\/section>\n\t\t\t\t<section data-particle_enable=\"false\" data-particle-mobile-disabled=\"false\" class=\"elementor-section elementor-top-section elementor-element elementor-element-099a8c6 elementor-section-boxed elementor-section-height-default elementor-section-height-default\" data-id=\"099a8c6\" data-element_type=\"section\" data-e-type=\"section\">\n\t\t\t\t\t\t<div class=\"elementor-container elementor-column-gap-default\">\n\t\t\t\t\t<div class=\"elementor-column elementor-col-100 elementor-top-column elementor-element elementor-element-ce7548a\" data-id=\"ce7548a\" data-element_type=\"column\" data-e-type=\"column\">\n\t\t\t<div class=\"elementor-widget-wrap elementor-element-populated\">\n\t\t\t\t\t\t<div class=\"elementor-element elementor-element-d5a5d45 elementor-widget elementor-widget-text-editor\" data-id=\"d5a5d45\" data-element_type=\"widget\" data-e-type=\"widget\" data-widget_type=\"text-editor.default\">\n\t\t\t\t\t\t\t\t\t<p><span style=\"font-weight: 400;\">Mawil Allendy Soluna es oriundo de Barillas, Huehuetenango, Guatemala. Actualmente reside en Chico California, Estados Unidos. Sali\u00f3 de su pa\u00eds al culminar sus estudios del nivel b\u00e1sico y lleg\u00f3 a pocos d\u00edas de navidad del 2015 a los quince a\u00f1os de edad. El objetivo primordial era prepararse,\u00a0 superar las dificultades econ\u00f3micas y cumplir el sue\u00f1o de ser un profesional universitario.<\/span><\/p><p><span style=\"font-weight: 400;\">\u201cMi mam\u00e1 hab\u00eda estado casi trece a\u00f1os en Estados Unidos, me dej\u00f3 a los dos a\u00f1os de edad y por eso tom\u00e9 la decisi\u00f3n de venir. A falta de recursos en nuestro pa\u00eds tuvimos que salir. Aunque ac\u00e1 tambi\u00e9n es dif\u00edcil, primero porque el idioma es una barrera y las oportunidades de superarse cuestan el doble\u201d, cuenta.<\/span><\/p><p><span style=\"font-weight: 400;\">Llegar en Navidad, pr\u00e1cticamente sin nada, fue impactante.\u00a0<\/span><span style=\"font-weight: 400; color: var( --e-global-color-text );\">\u201cExtra\u00f1o la Navidad de mi pa\u00eds, Ac\u00e1 en Estados Unidos es una celebraci\u00f3n diferente. Crec\u00ed en un pueblo peque\u00f1o donde se acostumbra los tamales y las ventas de juegos pirot\u00e9cnicos en la calle. La calidez y el sentido de esta \u00e9poca es diferente\u201d agreg\u00f3.\u00a0<\/span><\/p><p><span style=\"font-weight: 400;\">Incorporarse a la vida en Los \u00c1ngeles California se facilit\u00f3 por la numerosa comunidad hispanohablante. Al continuar sus estudios de High School, descubri\u00f3 que la mayor\u00eda de los estudiantes eran afroamericanos, lo que le permiti\u00f3 compartir y experimentar la diversidad cultural.<\/span><\/p><p><span style=\"font-weight: 400;\">\u201cDesde que llegu\u00e9 sab\u00eda que quer\u00eda seguir estudiando, pero el primer reto fue el lenguaje y el idioma ingl\u00e9s. Tuve que aprender con mucha pr\u00e1ctica pero sobre todo, perseverancia&#8221;, cuenta.<\/span><\/p>\t\t\t\t\t\t\t\t<\/div>\n\t\t\t\t\t<\/div>\n\t\t<\/div>\n\t\t\t\t\t<\/div>\n\t\t<\/section>\n\t\t\t\t<section data-particle_enable=\"false\" data-particle-mobile-disabled=\"false\" class=\"elementor-section elementor-top-section elementor-element elementor-element-f9a31f3 elementor-section-boxed elementor-section-height-default elementor-section-height-default\" data-id=\"f9a31f3\" data-element_type=\"section\" data-e-type=\"section\">\n\t\t\t\t\t\t<div class=\"elementor-container elementor-column-gap-default\">\n\t\t\t\t\t<div class=\"elementor-column elementor-col-100 elementor-top-column elementor-element elementor-element-cfac3fe\" data-id=\"cfac3fe\" data-element_type=\"column\" data-e-type=\"column\">\n\t\t\t<div class=\"elementor-widget-wrap elementor-element-populated\">\n\t\t\t\t\t\t<div class=\"elementor-element elementor-element-e3644b4 elementor-widget elementor-widget-image\" data-id=\"e3644b4\" data-element_type=\"widget\" data-e-type=\"widget\" data-widget_type=\"image.default\">\n\t\t\t\t\t\t\t\t\t\t\t\t<figure class=\"wp-caption\">\n\t\t\t\t\t\t\t\t\t\t<img fetchpriority=\"high\" decoding=\"async\" width=\"768\" height=\"683\" src=\"https:\/\/soymigrante.com\/revista\/wp-content\/uploads\/2024\/02\/Mawil-768x683.webp\" class=\"attachment-medium_large size-medium_large wp-image-4976\" alt=\"Mawil Allendy Soluna es oriundo de Barillas, Huehuetenango, Guatemala. Actualmente reside en Chico California, Estados Unidos. Sali\u00f3 de su pa\u00eds al culminar sus estudios del nivel b\u00e1sico y lleg\u00f3 a pocos d\u00edas de navidad del 2015 a los quince a\u00f1os de edad. Se enfoco en trabajar y estudiar para profesionalizarse como periodista y comunicador.\" srcset=\"https:\/\/soymigrante.com\/revista\/wp-content\/uploads\/2024\/02\/Mawil-768x683.webp 768w, https:\/\/soymigrante.com\/revista\/wp-content\/uploads\/2024\/02\/Mawil-300x267.webp 300w, https:\/\/soymigrante.com\/revista\/wp-content\/uploads\/2024\/02\/Mawil-750x667.webp 750w, https:\/\/soymigrante.com\/revista\/wp-content\/uploads\/2024\/02\/Mawil.webp 900w\" sizes=\"(max-width: 768px) 100vw, 768px\" \/>\t\t\t\t\t\t\t\t\t\t\t<figcaption class=\"widget-image-caption wp-caption-text\">Mawil Allendy Soluna es oriundo de Barillas, Huehuetenango, Guatemala. Actualmente reside en Chico California, Estados Unidos. Sali\u00f3 de su pa\u00eds al culminar sus estudios del nivel b\u00e1sico y lleg\u00f3 a pocos d\u00edas de navidad del 2015 a los quince a\u00f1os de edad. Se enfoco en trabajar y estudiar para profesionalizarse como periodista  y comunicador.<\/figcaption>\n\t\t\t\t\t\t\t\t\t\t<\/figure>\n\t\t\t\t\t\t\t\t\t<\/div>\n\t\t\t\t\t<\/div>\n\t\t<\/div>\n\t\t\t\t\t<\/div>\n\t\t<\/section>\n\t\t\t\t<section data-particle_enable=\"false\" data-particle-mobile-disabled=\"false\" class=\"elementor-section elementor-top-section elementor-element elementor-element-480bec1 elementor-section-boxed elementor-section-height-default elementor-section-height-default\" data-id=\"480bec1\" data-element_type=\"section\" data-e-type=\"section\">\n\t\t\t\t\t\t<div class=\"elementor-container elementor-column-gap-default\">\n\t\t\t\t\t<div class=\"elementor-column elementor-col-100 elementor-top-column elementor-element elementor-element-e070beb\" data-id=\"e070beb\" data-element_type=\"column\" data-e-type=\"column\">\n\t\t\t<div class=\"elementor-widget-wrap elementor-element-populated\">\n\t\t\t\t\t\t<div class=\"elementor-element elementor-element-b4daea8 elementor-widget elementor-widget-heading\" data-id=\"b4daea8\" data-element_type=\"widget\" data-e-type=\"widget\" data-widget_type=\"heading.default\">\n\t\t\t\t\t<h2 class=\"elementor-heading-title elementor-size-default\">Construcci\u00f3n del camino\n<\/h2>\t\t\t\t<\/div>\n\t\t\t\t\t<\/div>\n\t\t<\/div>\n\t\t\t\t\t<\/div>\n\t\t<\/section>\n\t\t\t\t<section data-particle_enable=\"false\" data-particle-mobile-disabled=\"false\" class=\"elementor-section elementor-top-section elementor-element elementor-element-932692a elementor-section-boxed elementor-section-height-default elementor-section-height-default\" data-id=\"932692a\" data-element_type=\"section\" data-e-type=\"section\">\n\t\t\t\t\t\t<div class=\"elementor-container elementor-column-gap-default\">\n\t\t\t\t\t<div class=\"elementor-column elementor-col-100 elementor-top-column elementor-element elementor-element-7069bdf\" data-id=\"7069bdf\" data-element_type=\"column\" data-e-type=\"column\">\n\t\t\t<div class=\"elementor-widget-wrap elementor-element-populated\">\n\t\t\t\t\t\t<div class=\"elementor-element elementor-element-82b4021 elementor-widget elementor-widget-text-editor\" data-id=\"82b4021\" data-element_type=\"widget\" data-e-type=\"widget\" data-widget_type=\"text-editor.default\">\n\t\t\t\t\t\t\t\t\t<p><span style=\"font-weight: 400;\">Al poco tiempo de comenzar con sus estudios Mawil comenz\u00f3 a trabajar en un restaurante Pollo Campero establecido en California. Era un empleo de medio tiempo. \u201cTrabaj\u00e9 durante los \u00faltimos dos a\u00f1os de High school. Mi d\u00eda comenzaba desde las ocho de la ma\u00f1ana a cuatro de la tarde en la escuela y de seis a once de la noche a trabajar\u201d agreg\u00f3.\u00a0<\/span><\/p><p><span style=\"font-weight: 400;\">Durante ese tiempo Mawil ten\u00eda un solo objetivo: entrar a la universidad y culminar una carrera. No era f\u00e1cil.\u201cPara aplicar a una universidad te piden estar en actividades extracurriculares y ampliar tu historial. Fue en el \u00faltimo a\u00f1o que me involucr\u00e9 en los deportes y mi horario se reduc\u00eda cada vez, por la ma\u00f1ana a estudiar, luego entrenaba trabajaba por las noches\u201d.<\/span><\/p><p><span style=\"font-weight: 400;\">Desde muy peque\u00f1o, Mawil so\u00f1aba en ser un comunicador. Su inspiraci\u00f3n fue escuchar y ver la televisi\u00f3n en Guatemala. Su pasi\u00f3n se intensific\u00f3 al estudiar Periodismo y Teatro en la Universidad Estatal de California en Chico, la ciudad donde reside.<\/span><\/p><p><span style=\"font-weight: 400;\">El principal desaf\u00edo era cubrir los costos y el mantener promedio de calificaciones. \u201cTuve que hacer ex\u00e1menes de admisi\u00f3n as\u00ed que me esforc\u00e9 durante los a\u00f1os de escuela para lograr un espacio y en alg\u00fan momento escoger un trabajo, pero tambi\u00e9n practiqu\u00e9 bastante el ingl\u00e9s, hasta perfeccionarlo\u201d.<\/span><\/p><p><span style=\"font-weight: 400;\">Mawil Soluna se gradu\u00f3 en Periodismo. Es el primer miembro de su familia en obtener un t\u00edtulo universitario \u201cEstudiar es costoso. Soy el primero de mi familia en experimentar un proceso as\u00ed, pero busque los medios para lograrlo. Las ganas de querer aprender me ayudaron\u201d menciona.<\/span><\/p>\t\t\t\t\t\t\t\t<\/div>\n\t\t\t\t\t<\/div>\n\t\t<\/div>\n\t\t\t\t\t<\/div>\n\t\t<\/section>\n\t\t\t\t<section data-particle_enable=\"false\" data-particle-mobile-disabled=\"false\" class=\"elementor-section elementor-top-section elementor-element elementor-element-a02b457 elementor-section-boxed elementor-section-height-default elementor-section-height-default\" data-id=\"a02b457\" data-element_type=\"section\" data-e-type=\"section\">\n\t\t\t\t\t\t<div class=\"elementor-container elementor-column-gap-default\">\n\t\t\t\t\t<div class=\"elementor-column elementor-col-100 elementor-top-column elementor-element elementor-element-7ff9ba7\" data-id=\"7ff9ba7\" data-element_type=\"column\" data-e-type=\"column\">\n\t\t\t<div class=\"elementor-widget-wrap elementor-element-populated\">\n\t\t\t\t\t\t<div class=\"elementor-element elementor-element-fbabff5 elementor-arrows-position-inside elementor-pagination-position-outside elementor-widget elementor-widget-image-carousel\" data-id=\"fbabff5\" data-element_type=\"widget\" data-e-type=\"widget\" data-settings=\"{&quot;slides_to_show&quot;:&quot;1&quot;,&quot;navigation&quot;:&quot;both&quot;,&quot;autoplay&quot;:&quot;yes&quot;,&quot;pause_on_hover&quot;:&quot;yes&quot;,&quot;pause_on_interaction&quot;:&quot;yes&quot;,&quot;autoplay_speed&quot;:5000,&quot;infinite&quot;:&quot;yes&quot;,&quot;effect&quot;:&quot;slide&quot;,&quot;speed&quot;:500}\" data-widget_type=\"image-carousel.default\">\n\t\t\t\t\t\t\t<div class=\"elementor-image-carousel-wrapper swiper\" role=\"region\" aria-roledescription=\"carousel\" aria-label=\"Carrusel de im\u00e1genes\" dir=\"ltr\">\n\t\t\t<div class=\"elementor-image-carousel swiper-wrapper\" aria-live=\"off\">\n\t\t\t\t\t\t\t\t<div class=\"swiper-slide\" role=\"group\" aria-roledescription=\"slide\" aria-label=\"1 de 2\"><figure class=\"swiper-slide-inner\"><img decoding=\"async\" class=\"swiper-slide-image\" src=\"https:\/\/soymigrante.com\/revista\/wp-content\/uploads\/2024\/02\/Graduacion-768x683.webp\" alt=\"Mawil desde su llegada a Estados Unidos se dedic\u00f3 a estudiar. Se esforz\u00f3 para ingresar a State University Chico y graduarse como licenciado en periodismo y teatro\" \/><figcaption class=\"elementor-image-carousel-caption\">Mawil desde su llegada a Estados Unidos se dedic\u00f3 a estudiar. Se esforz\u00f3 para ingresar a State University Chico y graduarse como licenciado en periodismo y teatro<\/figcaption><\/figure><\/div><div class=\"swiper-slide\" role=\"group\" aria-roledescription=\"slide\" aria-label=\"2 de 2\"><figure class=\"swiper-slide-inner\"><img decoding=\"async\" class=\"swiper-slide-image\" src=\"https:\/\/soymigrante.com\/revista\/wp-content\/uploads\/2024\/02\/Actor-y-comunicador-768x683.webp\" alt=\"En Guatemala practicaba el futbol como deporte favorito, Su sue\u00f1o siempre fue superarse profesionalmente. Es el primero de su familia en titularse.\" \/><figcaption class=\"elementor-image-carousel-caption\">En Guatemala practicaba el futbol como deporte favorito, Su sue\u00f1o siempre fue superarse profesionalmente. Es el primero de su familia en titularse. <\/figcaption><\/figure><\/div>\t\t\t<\/div>\n\t\t\t\t\t\t\t\t\t\t\t\t<div class=\"elementor-swiper-button elementor-swiper-button-prev\" role=\"button\" tabindex=\"0\">\n\t\t\t\t\t\t<i aria-hidden=\"true\" class=\"eicon-chevron-left\"><\/i>\t\t\t\t\t<\/div>\n\t\t\t\t\t<div class=\"elementor-swiper-button elementor-swiper-button-next\" role=\"button\" tabindex=\"0\">\n\t\t\t\t\t\t<i aria-hidden=\"true\" class=\"eicon-chevron-right\"><\/i>\t\t\t\t\t<\/div>\n\t\t\t\t\n\t\t\t\t\t\t\t\t\t<div class=\"swiper-pagination\"><\/div>\n\t\t\t\t\t\t\t\t\t<\/div>\n\t\t\t\t\t\t<\/div>\n\t\t\t\t\t<\/div>\n\t\t<\/div>\n\t\t\t\t\t<\/div>\n\t\t<\/section>\n\t\t\t\t<section data-particle_enable=\"false\" data-particle-mobile-disabled=\"false\" class=\"elementor-section elementor-top-section elementor-element elementor-element-0aa2dd4 elementor-section-boxed elementor-section-height-default elementor-section-height-default\" data-id=\"0aa2dd4\" data-element_type=\"section\" data-e-type=\"section\">\n\t\t\t\t\t\t<div class=\"elementor-container elementor-column-gap-default\">\n\t\t\t\t\t<div class=\"elementor-column elementor-col-100 elementor-top-column elementor-element elementor-element-7fdc618\" data-id=\"7fdc618\" data-element_type=\"column\" data-e-type=\"column\">\n\t\t\t<div class=\"elementor-widget-wrap elementor-element-populated\">\n\t\t\t\t\t\t<div class=\"elementor-element elementor-element-5e1a1a6 elementor-widget elementor-widget-heading\" data-id=\"5e1a1a6\" data-element_type=\"widget\" data-e-type=\"widget\" data-widget_type=\"heading.default\">\n\t\t\t\t\t<h2 class=\"elementor-heading-title elementor-size-default\">As\u00ed naci\u00f3 un sue\u00f1o <\/h2>\t\t\t\t<\/div>\n\t\t\t\t\t<\/div>\n\t\t<\/div>\n\t\t\t\t\t<\/div>\n\t\t<\/section>\n\t\t\t\t<section data-particle_enable=\"false\" data-particle-mobile-disabled=\"false\" class=\"elementor-section elementor-top-section elementor-element elementor-element-fa21f09 elementor-section-boxed elementor-section-height-default elementor-section-height-default\" data-id=\"fa21f09\" data-element_type=\"section\" data-e-type=\"section\">\n\t\t\t\t\t\t<div class=\"elementor-container elementor-column-gap-default\">\n\t\t\t\t\t<div class=\"elementor-column elementor-col-100 elementor-top-column elementor-element elementor-element-b8b7eaf\" data-id=\"b8b7eaf\" data-element_type=\"column\" data-e-type=\"column\">\n\t\t\t<div class=\"elementor-widget-wrap elementor-element-populated\">\n\t\t\t\t\t\t<div class=\"elementor-element elementor-element-5f04c75 elementor-widget elementor-widget-text-editor\" data-id=\"5f04c75\" data-element_type=\"widget\" data-e-type=\"widget\" data-widget_type=\"text-editor.default\">\n\t\t\t\t\t\t\t\t\t<p><span style=\"font-weight: 400;\">El chispazo con el mundo de la comunicaci\u00f3n se concret\u00f3 por una visita de un canal local en el segundo a\u00f1o de High School \u201cLlegaron personas con c\u00e1maras para un taller, me inscrib\u00ed y vi c\u00f3mo actuaban, realizaban guiones y mostraban facetas del tipo de informaci\u00f3n, desde ah\u00ed supe que quer\u00eda seguir estudiando\u201d\u00a0<\/span><\/p><p><span style=\"font-weight: 400;\">El formato que convenci\u00f3 a Mawil fue el periodismo y la actuaci\u00f3n. \u201cConect\u00e9 con las dos carreras:una me brinda datos, historias y otra me permite decir un mensaje claro y de servicio al p\u00fablico\u201d.<\/span><\/p><p><span style=\"font-weight: 400;\">Fue en el \u00faltimo a\u00f1o de universidad cuando Mawil ingres\u00f3 a realizar una pasant\u00eda en la estaci\u00f3n de televisi\u00f3n <\/span><b>Action New Now Telemundo <\/b><span style=\"font-weight: 400;\">y qued\u00f3 impresionado por el trabajo. Fue as\u00ed que sus ganas de trabajar permanecieron latentes.<\/span><\/p><p><span style=\"font-weight: 400;\">\u00a0\u201cDespu\u00e9s de mi entrenamiento, se dieron cuenta que quer\u00eda estar ah\u00ed, entonces ellos me ofrecieron el trabajo\u201d. S\u00ed, d<\/span><span style=\"font-weight: 400; color: var( --e-global-color-text );\">espu\u00e9s de a\u00f1os de esfuerzo y dedicaci\u00f3n Mawil consigui\u00f3 un espacio laboral en la televisi\u00f3n local de Chico, California, Estados Unidos. Su reciente logro lo comparte con la comunidad migrante guatemalteca y el resto del mundo a trav\u00e9s de <\/span><b style=\"color: var( --e-global-color-text );\">Action New Now Telemundo<\/b><span style=\"font-weight: 400; color: var( --e-global-color-text );\">.\u00a0\u00a0<\/span><\/p>\t\t\t\t\t\t\t\t<\/div>\n\t\t\t\t\t<\/div>\n\t\t<\/div>\n\t\t\t\t\t<\/div>\n\t\t<\/section>\n\t\t\t\t<section data-particle_enable=\"false\" data-particle-mobile-disabled=\"false\" class=\"elementor-section elementor-top-section elementor-element elementor-element-b4418f8 elementor-section-boxed elementor-section-height-default elementor-section-height-default\" data-id=\"b4418f8\" data-element_type=\"section\" data-e-type=\"section\">\n\t\t\t\t\t\t<div class=\"elementor-container elementor-column-gap-default\">\n\t\t\t\t\t<div class=\"elementor-column elementor-col-100 elementor-top-column elementor-element elementor-element-16554ff\" data-id=\"16554ff\" data-element_type=\"column\" data-e-type=\"column\">\n\t\t\t<div class=\"elementor-widget-wrap elementor-element-populated\">\n\t\t\t\t\t\t<div class=\"elementor-element elementor-element-5534d3e elementor-arrows-position-inside elementor-pagination-position-outside elementor-widget elementor-widget-image-carousel\" data-id=\"5534d3e\" data-element_type=\"widget\" data-e-type=\"widget\" data-settings=\"{&quot;slides_to_show&quot;:&quot;1&quot;,&quot;navigation&quot;:&quot;both&quot;,&quot;autoplay&quot;:&quot;yes&quot;,&quot;pause_on_hover&quot;:&quot;yes&quot;,&quot;pause_on_interaction&quot;:&quot;yes&quot;,&quot;autoplay_speed&quot;:5000,&quot;infinite&quot;:&quot;yes&quot;,&quot;effect&quot;:&quot;slide&quot;,&quot;speed&quot;:500}\" data-widget_type=\"image-carousel.default\">\n\t\t\t\t\t\t\t<div class=\"elementor-image-carousel-wrapper swiper\" role=\"region\" aria-roledescription=\"carousel\" aria-label=\"Carrusel de im\u00e1genes\" dir=\"ltr\">\n\t\t\t<div class=\"elementor-image-carousel swiper-wrapper\" aria-live=\"off\">\n\t\t\t\t\t\t\t\t<div class=\"swiper-slide\" role=\"group\" aria-roledescription=\"slide\" aria-label=\"1 de 4\"><figure class=\"swiper-slide-inner\"><img decoding=\"async\" class=\"swiper-slide-image\" src=\"https:\/\/soymigrante.com\/revista\/wp-content\/uploads\/2024\/02\/comunicador-768x683.webp\" alt=\"Antes de terminar la carrera universitaria Mawil solicito realizan una pasant\u00eda en Action New Now Telemundo, Luego de de su esfuerzo y perseverancia realizo un enteramiento para presentador de noticias y quedo contratado en esta extensi\u00f3n local\" \/><figcaption class=\"elementor-image-carousel-caption\">Antes de terminar la carrera universitaria Mawil solicito realizan una pasant\u00eda en Action New Now Telemundo, Luego de de su esfuerzo y perseverancia  realizo un enteramiento para presentador de noticias y quedo contratado en esta extensi\u00f3n local<\/figcaption><\/figure><\/div><div class=\"swiper-slide\" role=\"group\" aria-roledescription=\"slide\" aria-label=\"2 de 4\"><figure class=\"swiper-slide-inner\"><img decoding=\"async\" class=\"swiper-slide-image\" src=\"https:\/\/soymigrante.com\/revista\/wp-content\/uploads\/2024\/02\/comunicador-mawil-768x683.webp\" alt=\"Mawil dijo: &quot;4 a\u00f1os de universidad, dos carreras, y m\u00faltiples horas trabajando y prepar\u00e1ndome para este d\u00eda. Empiezo con esto para decir que no es f\u00e1cil pero tampoco imposible&quot;\" \/><figcaption class=\"elementor-image-carousel-caption\">Mawil dijo: \"4 a\u00f1os de universidad, dos carreras, y m\u00faltiples horas trabajando y prepar\u00e1ndome para este d\u00eda. Empiezo con esto para decir que no es f\u00e1cil pero tampoco imposible\"<\/figcaption><\/figure><\/div><div class=\"swiper-slide\" role=\"group\" aria-roledescription=\"slide\" aria-label=\"3 de 4\"><figure class=\"swiper-slide-inner\"><img decoding=\"async\" class=\"swiper-slide-image\" src=\"https:\/\/soymigrante.com\/revista\/wp-content\/uploads\/2024\/02\/obra-de-teatro-768x683.webp\" alt=\"Otra de las facetas de Mawil es haber estudiado teatro con el fin de vincular el arte con la comunicaci\u00f3n y conectar con el p\u00fablico.\" \/><figcaption class=\"elementor-image-carousel-caption\">Otra de las facetas de Mawil es haber estudiado teatro con el fin de vincular el arte con la comunicaci\u00f3n y conectar con el p\u00fablico. <\/figcaption><\/figure><\/div><div class=\"swiper-slide\" role=\"group\" aria-roledescription=\"slide\" aria-label=\"4 de 4\"><figure class=\"swiper-slide-inner\"><img decoding=\"async\" class=\"swiper-slide-image\" src=\"https:\/\/soymigrante.com\/revista\/wp-content\/uploads\/2024\/02\/actor-768x683.webp\" alt=\"El proyecto a futuro es escribir una obra o crear material cinematogr\u00e1fico inspirado en Guatemala\" \/><figcaption class=\"elementor-image-carousel-caption\">El proyecto a futuro es escribir una obra o crear material cinematogr\u00e1fico inspirado en Guatemala <\/figcaption><\/figure><\/div>\t\t\t<\/div>\n\t\t\t\t\t\t\t\t\t\t\t\t<div class=\"elementor-swiper-button elementor-swiper-button-prev\" role=\"button\" tabindex=\"0\">\n\t\t\t\t\t\t<i aria-hidden=\"true\" class=\"eicon-chevron-left\"><\/i>\t\t\t\t\t<\/div>\n\t\t\t\t\t<div class=\"elementor-swiper-button elementor-swiper-button-next\" role=\"button\" tabindex=\"0\">\n\t\t\t\t\t\t<i aria-hidden=\"true\" class=\"eicon-chevron-right\"><\/i>\t\t\t\t\t<\/div>\n\t\t\t\t\n\t\t\t\t\t\t\t\t\t<div class=\"swiper-pagination\"><\/div>\n\t\t\t\t\t\t\t\t\t<\/div>\n\t\t\t\t\t\t<\/div>\n\t\t\t\t\t<\/div>\n\t\t<\/div>\n\t\t\t\t\t<\/div>\n\t\t<\/section>\n\t\t\t\t<section data-particle_enable=\"false\" data-particle-mobile-disabled=\"false\" class=\"elementor-section elementor-top-section elementor-element elementor-element-8f6f166 elementor-section-boxed elementor-section-height-default elementor-section-height-default\" data-id=\"8f6f166\" data-element_type=\"section\" data-e-type=\"section\">\n\t\t\t\t\t\t<div class=\"elementor-container elementor-column-gap-default\">\n\t\t\t\t\t<div class=\"elementor-column elementor-col-100 elementor-top-column elementor-element elementor-element-37210ae\" data-id=\"37210ae\" data-element_type=\"column\" data-e-type=\"column\">\n\t\t\t<div class=\"elementor-widget-wrap elementor-element-populated\">\n\t\t\t\t\t\t<div class=\"elementor-element elementor-element-083fe83 elementor-widget elementor-widget-heading\" data-id=\"083fe83\" data-element_type=\"widget\" data-e-type=\"widget\" data-widget_type=\"heading.default\">\n\t\t\t\t\t<h2 class=\"elementor-heading-title elementor-size-default\">El sue\u00f1o sigue creciendo <\/h2>\t\t\t\t<\/div>\n\t\t\t\t\t<\/div>\n\t\t<\/div>\n\t\t\t\t\t<\/div>\n\t\t<\/section>\n\t\t\t\t<section data-particle_enable=\"false\" data-particle-mobile-disabled=\"false\" class=\"elementor-section elementor-top-section elementor-element elementor-element-72bd955 elementor-section-boxed elementor-section-height-default elementor-section-height-default\" data-id=\"72bd955\" data-element_type=\"section\" data-e-type=\"section\">\n\t\t\t\t\t\t<div class=\"elementor-container elementor-column-gap-default\">\n\t\t\t\t\t<div class=\"elementor-column elementor-col-100 elementor-top-column elementor-element elementor-element-d633dc9\" data-id=\"d633dc9\" data-element_type=\"column\" data-e-type=\"column\">\n\t\t\t<div class=\"elementor-widget-wrap elementor-element-populated\">\n\t\t\t\t\t\t<div class=\"elementor-element elementor-element-d792cd7 elementor-widget elementor-widget-text-editor\" data-id=\"d792cd7\" data-element_type=\"widget\" data-e-type=\"widget\" data-widget_type=\"text-editor.default\">\n\t\t\t\t\t\t\t\t\t<p><span style=\"font-weight: 400;\">\u201cEste sue\u00f1o se convirti\u00f3 en una meta peque\u00f1a de algo mucho m\u00e1s grande, esta es mi pasi\u00f3n. Mi proyecto personal eventualmente es estar o producir material cinematogr\u00e1fico, escribir libros y publicarlos. Todo lo que haga ser\u00e1 relacionado a Guatemala. Por su cultura, gastronom\u00eda o historia de tal forma dar a conocer los aspectos de la cultura maya\u201d<\/span><\/p><p><span style=\"font-weight: 400;\">Uno de los desaf\u00edos ahora es tomar claramente el espa\u00f1ol e ingl\u00e9s, debido a que la informaci\u00f3n se transmite a la comunidad latinoamericana, \u201cLos cambios de ambiente e idioma, algunas veces puede afectar, pero trabajo en eso para tener fluidez y claridad en ambos idiomas\u201d.\u00a0<\/span><\/p><p><span style=\"font-weight: 400;\">Con el apoyo de la comunidad migrante guatemalteca y los jefes del medio local, le han permitido a Mawil crecer personal y profesionalmente, d\u00e1ndole la seguridad y la credibilidad de su trabajo \u201cEllos esperan algo bueno de m\u00ed, por mi historia y todo el trabajo que me ha tomado llegar hasta aqu\u00ed\u201d.<\/span><\/p>\t\t\t\t\t\t\t\t<\/div>\n\t\t\t\t\t<\/div>\n\t\t<\/div>\n\t\t\t\t\t<\/div>\n\t\t<\/section>\n\t\t\t\t<section data-particle_enable=\"false\" data-particle-mobile-disabled=\"false\" class=\"elementor-section elementor-top-section elementor-element elementor-element-0933775 elementor-section-boxed elementor-section-height-default elementor-section-height-default\" data-id=\"0933775\" data-element_type=\"section\" data-e-type=\"section\">\n\t\t\t\t\t\t<div class=\"elementor-container elementor-column-gap-default\">\n\t\t\t\t\t<div class=\"elementor-column elementor-col-100 elementor-top-column elementor-element elementor-element-054f73e\" data-id=\"054f73e\" data-element_type=\"column\" data-e-type=\"column\">\n\t\t\t<div class=\"elementor-widget-wrap elementor-element-populated\">\n\t\t\t\t\t\t<div class=\"elementor-element elementor-element-d1883a1 elementor-testimonial--skin-default elementor-testimonial--layout-image_inline elementor-testimonial--align-center elementor-arrows-yes elementor-pagination-type-bullets elementor-widget elementor-widget-testimonial-carousel\" data-id=\"d1883a1\" data-element_type=\"widget\" data-e-type=\"widget\" data-settings=\"{&quot;show_arrows&quot;:&quot;yes&quot;,&quot;pagination&quot;:&quot;bullets&quot;,&quot;speed&quot;:500,&quot;autoplay&quot;:&quot;yes&quot;,&quot;autoplay_speed&quot;:5000,&quot;loop&quot;:&quot;yes&quot;,&quot;pause_on_hover&quot;:&quot;yes&quot;,&quot;pause_on_interaction&quot;:&quot;yes&quot;,&quot;space_between&quot;:{&quot;unit&quot;:&quot;px&quot;,&quot;size&quot;:10,&quot;sizes&quot;:[]},&quot;space_between_tablet&quot;:{&quot;unit&quot;:&quot;px&quot;,&quot;size&quot;:10,&quot;sizes&quot;:[]},&quot;space_between_mobile&quot;:{&quot;unit&quot;:&quot;px&quot;,&quot;size&quot;:10,&quot;sizes&quot;:[]}}\" data-widget_type=\"testimonial-carousel.default\">\n\t\t\t\t\t\t\t\t\t\t<div class=\"elementor-main-swiper swiper\" role=\"region\" aria-roledescription=\"carousel\" aria-label=\"Diapositivas\">\n\t\t\t\t<div class=\"swiper-wrapper\">\n\t\t\t\t\t\t\t\t\t\t\t<div class=\"swiper-slide\" role=\"group\" aria-roledescription=\"slide\">\n\t\t\t\t\t\t\t\t\t<div class=\"elementor-testimonial\">\n\t\t\t\t\t\t\t<div class=\"elementor-testimonial__content\">\n\t\t\t\t\t<div class=\"elementor-testimonial__text\">\n\t\t\t\t\t\t\u201cAntes de aprender un idioma nuevo, aprendamos a querer nuestra cultura, unos aprenden un nuevo idioma y no solo por eso debemos cambiar nuestra forma y cultura. Si usted quiere sobresalir profesionalmente aproveche la tecnolog\u00eda y luchen por los sue\u00f1os para que se conviertan en metas y realidades\u201d\n \n\t\t\t\t\t<\/div>\n\t\t\t\t\t\t\t\t\t<\/div>\n\t\t\t\t\t\t<div class=\"elementor-testimonial__footer\">\n\t\t\t\t\t\t\t\t\t<div class=\"elementor-testimonial__image\">\n\t\t\t\t\t\t<img decoding=\"async\" src=\"https:\/\/soymigrante.com\/revista\/wp-content\/uploads\/2024\/02\/BANNER-MAWIL.webp\" alt=\"Mawil Allendy Soluna es oriundo de Barillas, Huehuetenango, Guatemala. Actualmente reside en Chico California, Estados Unidos\">\n\t\t\t\t\t\t\t\t\t\t\t<\/div>\n\t\t\t\t\t\t\t\t<cite class=\"elementor-testimonial__cite\"><span class=\"elementor-testimonial__name\">Mawil Soluna <\/span><span class=\"elementor-testimonial__title\">Licenciado en periodismo  y migrante guatemalteco <\/span><\/cite>\t\t\t<\/div>\n\t\t<\/div>\n\t\t\t\t\t\t\t\t<\/div>\n\t\t\t\t\t\t\t\t\t<\/div>\n\t\t\t\t\t\t\t<\/div>\n\t\t\t\t\t\t\t\t<\/div>\n\t\t\t\t\t<\/div>\n\t\t<\/div>\n\t\t\t\t\t<\/div>\n\t\t<\/section>\n\t\t\t\t<section data-particle_enable=\"false\" data-particle-mobile-disabled=\"false\" class=\"elementor-section elementor-top-section elementor-element elementor-element-f8526a0 elementor-section-boxed elementor-section-height-default elementor-section-height-default\" data-id=\"f8526a0\" data-element_type=\"section\" data-e-type=\"section\">\n\t\t\t\t\t\t<div class=\"elementor-container elementor-column-gap-default\">\n\t\t\t\t\t<div class=\"elementor-column elementor-col-100 elementor-top-column elementor-element elementor-element-85a9691\" data-id=\"85a9691\" data-element_type=\"column\" data-e-type=\"column\">\n\t\t\t<div class=\"elementor-widget-wrap elementor-element-populated\">\n\t\t\t\t\t\t<div class=\"elementor-element elementor-element-fd9f218 elementor-widget elementor-widget-heading\" data-id=\"fd9f218\" data-element_type=\"widget\" data-e-type=\"widget\" data-widget_type=\"heading.default\">\n\t\t\t\t\t<h2 class=\"elementor-heading-title elementor-size-default\">M\u00e1s historias que inspiran...<\/h2>\t\t\t\t<\/div>\n\t\t\t\t\t<\/div>\n\t\t<\/div>\n\t\t\t\t\t<\/div>\n\t\t<\/section>\n\t\t\t\t<section data-particle_enable=\"false\" data-particle-mobile-disabled=\"false\" class=\"elementor-section elementor-top-section elementor-element elementor-element-1f88ab0 elementor-section-boxed elementor-section-height-default elementor-section-height-default\" data-id=\"1f88ab0\" data-element_type=\"section\" data-e-type=\"section\">\n\t\t\t\t\t\t<div class=\"elementor-container elementor-column-gap-default\">\n\t\t\t\t\t<div class=\"elementor-column elementor-col-100 elementor-top-column elementor-element elementor-element-1a645da\" data-id=\"1a645da\" data-element_type=\"column\" data-e-type=\"column\">\n\t\t\t<div class=\"elementor-widget-wrap elementor-element-populated\">\n\t\t\t\t\t\t<div class=\"elementor-element elementor-element-12e45c2 elementor-grid-eael-col-2 elementor-grid-tablet-eael-col-2 elementor-grid-mobile-eael-col-1 elementor-widget elementor-widget-eael-post-grid\" data-id=\"12e45c2\" data-element_type=\"widget\" data-e-type=\"widget\" data-settings=\"{&quot;eael_post_grid_columns&quot;:&quot;eael-col-2&quot;,&quot;eael_post_grid_columns_tablet&quot;:&quot;eael-col-2&quot;,&quot;eael_post_grid_columns_mobile&quot;:&quot;eael-col-1&quot;}\" data-widget_type=\"eael-post-grid.default\">\n\t\t\t\t\t<div id=\"eael-post-grid-12e45c2\" class=\"eael-post-grid-container\">\n            <div class=\"eael-post-grid eael-post-appender eael-post-appender-12e45c2 eael-post-grid-style-one\" data-layout-mode=\"masonry\"><article class=\"eael-grid-post  eael-post-grid-column eael-pg-post-3220 category-exitos-guatemala\" data-id=\"3220\">\n        <div class=\"eael-grid-post-holder\">\n            <div class=\"eael-grid-post-holder-inner\"><div class=\"eael-entry-media\"><div class=\"eael-entry-overlay fade-in\"><i class=\"fas fa-long-arrow-alt-right\" aria-hidden=\"true\"><\/i><a href=\"https:\/\/soymigrante.com\/revista\/el-sueno-migrante-de-yara-reynolds-se-dibuja-con-sombrero\/\"><\/a><\/div><div class=\"eael-entry-thumbnail \">\n                <img decoding=\"async\" width=\"300\" height=\"300\" src=\"https:\/\/soymigrante.com\/revista\/wp-content\/uploads\/2023\/11\/yara-reynolds-sombreros-6-300x300.jpg\" class=\"attachment-medium size-medium wp-image-30122\" alt=\"Sombreros de charro artesanales hechos a mano en diversos colores y dise\u00f1os para celebraci\u00f3n y cultura mexicana.\" srcset=\"https:\/\/soymigrante.com\/revista\/wp-content\/uploads\/2023\/11\/yara-reynolds-sombreros-6-300x300.jpg 300w, https:\/\/soymigrante.com\/revista\/wp-content\/uploads\/2023\/11\/yara-reynolds-sombreros-6-150x150.jpg 150w, https:\/\/soymigrante.com\/revista\/wp-content\/uploads\/2023\/11\/yara-reynolds-sombreros-6-768x768.jpg 768w, https:\/\/soymigrante.com\/revista\/wp-content\/uploads\/2023\/11\/yara-reynolds-sombreros-6-75x75.webp 75w, https:\/\/soymigrante.com\/revista\/wp-content\/uploads\/2023\/11\/yara-reynolds-sombreros-6-750x750.webp 750w, https:\/\/soymigrante.com\/revista\/wp-content\/uploads\/2023\/11\/yara-reynolds-sombreros-6.webp 978w\" sizes=\"(max-width: 300px) 100vw, 300px\" \/>\n            <\/div>\n        <\/div><div class=\"eael-entry-wrapper\"><header class=\"eael-entry-header\"><h2 class=\"eael-entry-title\"><a class=\"eael-grid-post-link\" href=\"https:\/\/soymigrante.com\/revista\/el-sueno-migrante-de-yara-reynolds-se-dibuja-con-sombrero\/\" title=\"El sue\u00f1o migrante de Yara crea y luce creativos sombrero y zapatos en Alabama\">El sue\u00f1o migrante de Yara crea y luce creativos sombrero y zapatos en Alabama<\/a><\/h2><\/header><\/div><\/div>\n        <\/div>\n    <\/article><article class=\"eael-grid-post  eael-post-grid-column eael-pg-post-4731 category-exitos\" data-id=\"4731\">\n        <div class=\"eael-grid-post-holder\">\n            <div class=\"eael-grid-post-holder-inner\"><div class=\"eael-entry-media\"><div class=\"eael-entry-overlay fade-in\"><i class=\"fas fa-long-arrow-alt-right\" aria-hidden=\"true\"><\/i><a href=\"https:\/\/soymigrante.com\/revista\/sofia-valdez-migrante-guatemalteca-oklahoma-cafe-familiar-la-antigua\/\"><\/a><\/div><div class=\"eael-entry-thumbnail \">\n                <img decoding=\"async\" width=\"300\" height=\"217\" src=\"https:\/\/soymigrante.com\/revista\/wp-content\/uploads\/2024\/02\/cafe-antigua-300x217.webp\" class=\"attachment-medium size-medium wp-image-4735\" alt=\"Ana Sof\u00eda Valdez, una migrante guatemalteca, impulsa el restaurante Caf\u00e9 Antigua con su ingenio culinario, pero tambi\u00e9n sirve como un inspirador ejemplo de empoderamiento femenino.\" srcset=\"https:\/\/soymigrante.com\/revista\/wp-content\/uploads\/2024\/02\/cafe-antigua-300x217.webp 300w, https:\/\/soymigrante.com\/revista\/wp-content\/uploads\/2024\/02\/cafe-antigua-1024x740.webp 1024w, https:\/\/soymigrante.com\/revista\/wp-content\/uploads\/2024\/02\/cafe-antigua-768x555.webp 768w, https:\/\/soymigrante.com\/revista\/wp-content\/uploads\/2024\/02\/cafe-antigua-1536x1109.webp 1536w, https:\/\/soymigrante.com\/revista\/wp-content\/uploads\/2024\/02\/cafe-antigua-120x86.webp 120w, https:\/\/soymigrante.com\/revista\/wp-content\/uploads\/2024\/02\/cafe-antigua-750x542.webp 750w, https:\/\/soymigrante.com\/revista\/wp-content\/uploads\/2024\/02\/cafe-antigua-1140x823.webp 1140w, https:\/\/soymigrante.com\/revista\/wp-content\/uploads\/2024\/02\/cafe-antigua.webp 1800w\" sizes=\"(max-width: 300px) 100vw, 300px\" \/>\n            <\/div>\n        <\/div><div class=\"eael-entry-wrapper\"><header class=\"eael-entry-header\"><h2 class=\"eael-entry-title\"><a class=\"eael-grid-post-link\" href=\"https:\/\/soymigrante.com\/revista\/sofia-valdez-migrante-guatemalteca-oklahoma-cafe-familiar-la-antigua\/\" title=\"Migrante Sof\u00eda Valdez florece en el caf\u00e9 familiar La Antigua\">Migrante Sof\u00eda Valdez florece en el caf\u00e9 familiar La Antigua<\/a><\/h2><\/header><\/div><\/div>\n        <\/div>\n    <\/article><article class=\"eael-grid-post  eael-post-grid-column eael-pg-post-4674 category-exitos\" data-id=\"4674\">\n        <div class=\"eael-grid-post-holder\">\n            <div class=\"eael-grid-post-holder-inner\"><div class=\"eael-entry-media\"><div class=\"eael-entry-overlay fade-in\"><i class=\"fas fa-long-arrow-alt-right\" aria-hidden=\"true\"><\/i><a href=\"https:\/\/soymigrante.com\/revista\/guatemalteco-juan-valdez-impulsa-talento-migrante-estados-unidos\/\"><\/a><\/div><div class=\"eael-entry-thumbnail \">\n                <img loading=\"lazy\" decoding=\"async\" width=\"300\" height=\"222\" src=\"https:\/\/soymigrante.com\/revista\/wp-content\/uploads\/2024\/01\/JUAN-VALDEZ-GRAMA2-300x222.webp\" class=\"attachment-medium size-medium wp-image-4691\" alt=\"\" srcset=\"https:\/\/soymigrante.com\/revista\/wp-content\/uploads\/2024\/01\/JUAN-VALDEZ-GRAMA2-300x222.webp 300w, https:\/\/soymigrante.com\/revista\/wp-content\/uploads\/2024\/01\/JUAN-VALDEZ-GRAMA2-1024x759.webp 1024w, https:\/\/soymigrante.com\/revista\/wp-content\/uploads\/2024\/01\/JUAN-VALDEZ-GRAMA2-768x569.webp 768w, https:\/\/soymigrante.com\/revista\/wp-content\/uploads\/2024\/01\/JUAN-VALDEZ-GRAMA2-750x556.webp 750w, https:\/\/soymigrante.com\/revista\/wp-content\/uploads\/2024\/01\/JUAN-VALDEZ-GRAMA2.webp 1057w\" sizes=\"(max-width: 300px) 100vw, 300px\" \/>\n            <\/div>\n        <\/div><div class=\"eael-entry-wrapper\"><header class=\"eael-entry-header\"><h2 class=\"eael-entry-title\"><a class=\"eael-grid-post-link\" href=\"https:\/\/soymigrante.com\/revista\/guatemalteco-juan-valdez-impulsa-talento-migrante-estados-unidos\/\" title=\"Juan Vald\u00e9z celebra el \u00e9xito de hermanos guatemaltecos migrantes\">Juan Vald\u00e9z celebra el \u00e9xito de hermanos guatemaltecos migrantes<\/a><\/h2><\/header><\/div><\/div>\n        <\/div>\n    <\/article><article class=\"eael-grid-post  eael-post-grid-column eael-pg-post-4628 category-guate-nuestra\" data-id=\"4628\">\n        <div class=\"eael-grid-post-holder\">\n            <div class=\"eael-grid-post-holder-inner\"><div class=\"eael-entry-media\"><div class=\"eael-entry-overlay fade-in\"><i class=\"fas fa-long-arrow-alt-right\" aria-hidden=\"true\"><\/i><a href=\"https:\/\/soymigrante.com\/revista\/poeta-maya-kiche-migrante-humberto-akabal-fallecio-2019\/\"><\/a><\/div><div class=\"eael-entry-thumbnail \">\n                <img loading=\"lazy\" decoding=\"async\" width=\"300\" height=\"252\" src=\"https:\/\/soymigrante.com\/revista\/wp-content\/uploads\/2024\/01\/Captura-de-pantalla-2024-01-29-140421-300x252.webp\" class=\"attachment-medium size-medium wp-image-4652\" alt=\"\" srcset=\"https:\/\/soymigrante.com\/revista\/wp-content\/uploads\/2024\/01\/Captura-de-pantalla-2024-01-29-140421-300x252.webp 300w, https:\/\/soymigrante.com\/revista\/wp-content\/uploads\/2024\/01\/Captura-de-pantalla-2024-01-29-140421-768x644.webp 768w, https:\/\/soymigrante.com\/revista\/wp-content\/uploads\/2024\/01\/Captura-de-pantalla-2024-01-29-140421-750x629.webp 750w, https:\/\/soymigrante.com\/revista\/wp-content\/uploads\/2024\/01\/Captura-de-pantalla-2024-01-29-140421.webp 836w\" sizes=\"(max-width: 300px) 100vw, 300px\" \/>\n            <\/div>\n        <\/div><div class=\"eael-entry-wrapper\"><header class=\"eael-entry-header\"><h2 class=\"eael-entry-title\"><a class=\"eael-grid-post-link\" href=\"https:\/\/soymigrante.com\/revista\/poeta-maya-kiche-migrante-humberto-akabal-fallecio-2019\/\" title=\"El gran migrante k&#8217;iche&#8217; de palabra dulce Humberto Ak&#8217;abal (1952-2019)\">El gran migrante k&#8217;iche&#8217; de palabra dulce Humberto Ak&#8217;abal (1952-2019)<\/a><\/h2><\/header><\/div><\/div>\n        <\/div>\n    <\/article><article class=\"eael-grid-post  eael-post-grid-column eael-pg-post-4361 category-exitos\" data-id=\"4361\">\n        <div class=\"eael-grid-post-holder\">\n            <div class=\"eael-grid-post-holder-inner\"><div class=\"eael-entry-media\"><div class=\"eael-entry-overlay fade-in\"><i class=\"fas fa-long-arrow-alt-right\" aria-hidden=\"true\"><\/i><a href=\"https:\/\/soymigrante.com\/revista\/paulino-migrante-experto-tecnologia-defensor-comunidad-guatemalteca\/\"><\/a><\/div><div class=\"eael-entry-thumbnail \">\n                <img loading=\"lazy\" decoding=\"async\" width=\"300\" height=\"300\" src=\"https:\/\/soymigrante.com\/revista\/wp-content\/uploads\/2024\/01\/Juramentacion-de-la-Junta-por-circunscripcion-electoral-centro-de-tribunal-supremo-electoral-300x300.webp\" class=\"attachment-medium size-medium wp-image-4324\" alt=\"Paulino Garcia es originario de Totonicap\u00e1n, Guatemala. cumpli\u00f3 el sue\u00f1o de convertirse en un ingeniero en sistemas y por compromiso social se involucro como voluntario en varias organizaciones de atenci\u00f3n a la comunidad migrante\" srcset=\"https:\/\/soymigrante.com\/revista\/wp-content\/uploads\/2024\/01\/Juramentacion-de-la-Junta-por-circunscripcion-electoral-centro-de-tribunal-supremo-electoral-300x300.webp 300w, https:\/\/soymigrante.com\/revista\/wp-content\/uploads\/2024\/01\/Juramentacion-de-la-Junta-por-circunscripcion-electoral-centro-de-tribunal-supremo-electoral-1024x1024.webp 1024w, https:\/\/soymigrante.com\/revista\/wp-content\/uploads\/2024\/01\/Juramentacion-de-la-Junta-por-circunscripcion-electoral-centro-de-tribunal-supremo-electoral-150x150.webp 150w, https:\/\/soymigrante.com\/revista\/wp-content\/uploads\/2024\/01\/Juramentacion-de-la-Junta-por-circunscripcion-electoral-centro-de-tribunal-supremo-electoral-768x768.webp 768w, https:\/\/soymigrante.com\/revista\/wp-content\/uploads\/2024\/01\/Juramentacion-de-la-Junta-por-circunscripcion-electoral-centro-de-tribunal-supremo-electoral-75x75.webp 75w, https:\/\/soymigrante.com\/revista\/wp-content\/uploads\/2024\/01\/Juramentacion-de-la-Junta-por-circunscripcion-electoral-centro-de-tribunal-supremo-electoral-750x750.webp 750w, https:\/\/soymigrante.com\/revista\/wp-content\/uploads\/2024\/01\/Juramentacion-de-la-Junta-por-circunscripcion-electoral-centro-de-tribunal-supremo-electoral-1140x1140.webp 1140w, https:\/\/soymigrante.com\/revista\/wp-content\/uploads\/2024\/01\/Juramentacion-de-la-Junta-por-circunscripcion-electoral-centro-de-tribunal-supremo-electoral-600x600.webp 600w, https:\/\/soymigrante.com\/revista\/wp-content\/uploads\/2024\/01\/Juramentacion-de-la-Junta-por-circunscripcion-electoral-centro-de-tribunal-supremo-electoral.webp 1200w\" sizes=\"(max-width: 300px) 100vw, 300px\" \/>\n            <\/div>\n        <\/div><div class=\"eael-entry-wrapper\"><header class=\"eael-entry-header\"><h2 class=\"eael-entry-title\"><a class=\"eael-grid-post-link\" href=\"https:\/\/soymigrante.com\/revista\/paulino-migrante-experto-tecnologia-defensor-comunidad-guatemalteca\/\" title=\"Paulino Garc\u00eda: un migrante programado para servir a la comunidad guatemalteca\">Paulino Garc\u00eda: un migrante programado para servir a la comunidad guatemalteca<\/a><\/h2><\/header><\/div><\/div>\n        <\/div>\n    <\/article><article class=\"eael-grid-post  eael-post-grid-column eael-pg-post-336 category-lugar-de-voces\" data-id=\"336\">\n        <div class=\"eael-grid-post-holder\">\n            <div class=\"eael-grid-post-holder-inner\"><div class=\"eael-entry-media\"><div class=\"eael-entry-overlay fade-in\"><i class=\"fas fa-long-arrow-alt-right\" aria-hidden=\"true\"><\/i><a href=\"https:\/\/soymigrante.com\/revista\/un-dia-me-di-ccuenta-que-eramos-migrantes\/\"><\/a><\/div><div class=\"eael-entry-thumbnail \">\n                <img loading=\"lazy\" decoding=\"async\" width=\"300\" height=\"300\" src=\"https:\/\/soymigrante.com\/revista\/wp-content\/uploads\/2023\/02\/ROSTRO-PINTANDOSE-PINTURA-DE-ARMANDO-SEB-300x300.webp\" class=\"attachment-medium size-medium wp-image-697\" alt=\"\" srcset=\"https:\/\/soymigrante.com\/revista\/wp-content\/uploads\/2023\/02\/ROSTRO-PINTANDOSE-PINTURA-DE-ARMANDO-SEB-300x300.webp 300w, https:\/\/soymigrante.com\/revista\/wp-content\/uploads\/2023\/02\/ROSTRO-PINTANDOSE-PINTURA-DE-ARMANDO-SEB-1024x1024.jpg 1024w, https:\/\/soymigrante.com\/revista\/wp-content\/uploads\/2023\/02\/ROSTRO-PINTANDOSE-PINTURA-DE-ARMANDO-SEB-150x150.webp 150w, https:\/\/soymigrante.com\/revista\/wp-content\/uploads\/2023\/02\/ROSTRO-PINTANDOSE-PINTURA-DE-ARMANDO-SEB-768x768.jpg 768w, https:\/\/soymigrante.com\/revista\/wp-content\/uploads\/2023\/02\/ROSTRO-PINTANDOSE-PINTURA-DE-ARMANDO-SEB-75x75.webp 75w, https:\/\/soymigrante.com\/revista\/wp-content\/uploads\/2023\/02\/ROSTRO-PINTANDOSE-PINTURA-DE-ARMANDO-SEB-750x750.webp 750w, https:\/\/soymigrante.com\/revista\/wp-content\/uploads\/2023\/02\/ROSTRO-PINTANDOSE-PINTURA-DE-ARMANDO-SEB-1140x1140.jpg 1140w, https:\/\/soymigrante.com\/revista\/wp-content\/uploads\/2023\/02\/ROSTRO-PINTANDOSE-PINTURA-DE-ARMANDO-SEB-600x600.jpg 600w, https:\/\/soymigrante.com\/revista\/wp-content\/uploads\/2023\/02\/ROSTRO-PINTANDOSE-PINTURA-DE-ARMANDO-SEB.webp 1365w\" sizes=\"(max-width: 300px) 100vw, 300px\" \/>\n            <\/div>\n        <\/div><div class=\"eael-entry-wrapper\"><header class=\"eael-entry-header\"><h2 class=\"eael-entry-title\"><a class=\"eael-grid-post-link\" href=\"https:\/\/soymigrante.com\/revista\/un-dia-me-di-ccuenta-que-eramos-migrantes\/\" title=\"Un d\u00eda me d\u00ed cuenta que \u00e9ramos migrantes\">Un d\u00eda me d\u00ed cuenta que \u00e9ramos migrantes<\/a><\/h2><\/header><\/div><\/div>\n        <\/div>\n    <\/article><\/div>\n            <div class=\"clearfix\"><\/div>\n        <\/div>\t\t\t\t<\/div>\n\t\t\t\t\t<\/div>\n\t\t<\/div>\n\t\t\t\t\t<\/div>\n\t\t<\/section>\n\t\t\t\t<\/div>\n\t\t","protected":false},"excerpt":{"rendered":"<p>Oriundo de Barillas, Huehuetenango, el migrante guatemalteco Mawil Soluna es presentador de noticias para la estaci\u00f3n de televisi\u00f3n Action New Now Telemundo: un camino que pas\u00f3 por el teatro, el modelaje, las redes sociales y tambi\u00e9n la universidad. El camino de Mawil Mawil Allendy Soluna es oriundo de Barillas, Huehuetenango, Guatemala. Actualmente reside en Chico [&hellip;]<\/p>\n","protected":false},"author":10,"featured_media":4992,"comment_status":"open","ping_status":"open","sticky":false,"template":"","format":"standard","meta":{"_acf_changed":false,"_eb_attr":"","footnotes":""},"categories":[50],"tags":[],"class_list":["post-4982","post","type-post","status-publish","format-standard","has-post-thumbnail","hentry","category-exitos"],"acf":[],"aioseo_notices":[],"aioseo_head":"\n\t\t<!-- All in One SEO Pro 4.9.6.2 - aioseo.com -->\n\t<meta name=\"description\" content=\"Dentro o fuera de Guatemala nos desplazamos en busca de trabajo, de oportunidades, de la vida misma. Por Francisco Morales Santos, Premio Nacional de Literatura de Guatemala 1998Imagen ilustrativa: Armando Seb Era una noche muy oscura. Mi padre hab\u00eda conseguido trabajo como jornalero en una finca a unas cuatro leguas de San Lorenzo El Cubo,\" \/>\n\t<meta name=\"robots\" content=\"max-snippet:-1, max-image-preview:large, max-video-preview:-1\" \/>\n\t<meta name=\"author\" content=\"SoyMigrante.com REVISTA\"\/>\n\t<link rel=\"canonical\" href=\"https:\/\/soymigrante.com\/revista\/un-dia-me-di-ccuenta-que-eramos-migrantes\/\" \/>\n\t<meta name=\"generator\" content=\"All in One SEO Pro (AIOSEO) 4.9.6.2\" \/>\n\n\t\t<link rel=\"preconnect\" href=\"https:\/\/fonts.googleapis.com\" crossorigin>\n<link rel=\"preconnect\" href=\"https:\/\/fonts.gstatic.com\" crossorigin>\n\t\t<meta property=\"og:locale\" content=\"es_ES\" \/>\n\t\t<meta property=\"og:site_name\" content=\"SoyMigrante.com REVISTA \u2013 Nuestra misi\u00f3n es reconocer y dignificar al migrante.\" \/>\n\t\t<meta property=\"og:type\" content=\"article\" \/>\n\t\t<meta property=\"og:title\" content=\"Un d\u00eda me d\u00ed cuenta que \u00e9ramos migrantes\" \/>\n\t\t<meta property=\"og:description\" content=\"Dentro o fuera de Guatemala nos desplazamos en busca de trabajo, de oportunidades, de la vida misma. Por Francisco Morales Santos, Premio Nacional de Literatura de Guatemala 1998Imagen ilustrativa: Armando Seb Era una noche muy oscura. Mi padre hab\u00eda conseguido trabajo como jornalero en una finca a unas cuatro leguas de San Lorenzo El Cubo,\" \/>\n\t\t<meta property=\"og:url\" content=\"https:\/\/soymigrante.com\/revista\/un-dia-me-di-ccuenta-que-eramos-migrantes\/\" \/>\n\t\t<meta property=\"og:image\" content=\"https:\/\/soymigrante.com\/revista\/wp-content\/uploads\/2023\/02\/ROSTRO-PINTANDOSE-PINTURA-DE-ARMANDO-SEB.webp\" \/>\n\t\t<meta property=\"og:image:secure_url\" content=\"https:\/\/soymigrante.com\/revista\/wp-content\/uploads\/2023\/02\/ROSTRO-PINTANDOSE-PINTURA-DE-ARMANDO-SEB.webp\" \/>\n\t\t<meta property=\"og:image:width\" content=\"1365\" \/>\n\t\t<meta property=\"og:image:height\" content=\"1365\" \/>\n\t\t<meta property=\"article:published_time\" content=\"2023-05-26T00:31:02+00:00\" \/>\n\t\t<meta property=\"article:modified_time\" content=\"2024-06-25T22:43:22+00:00\" \/>\n\t\t<meta property=\"article:publisher\" content=\"https:\/\/www.facebook.com\/soymigrantecom\" \/>\n\t\t<meta name=\"twitter:card\" content=\"summary_large_image\" \/>\n\t\t<meta name=\"twitter:site\" content=\"@SoyMigrante_com\" \/>\n\t\t<meta name=\"twitter:title\" content=\"Un d\u00eda me d\u00ed cuenta que \u00e9ramos migrantes\" \/>\n\t\t<meta name=\"twitter:description\" content=\"Dentro o fuera de Guatemala nos desplazamos en busca de trabajo, de oportunidades, de la vida misma. Por Francisco Morales Santos, Premio Nacional de Literatura de Guatemala 1998Imagen ilustrativa: Armando Seb Era una noche muy oscura. Mi padre hab\u00eda conseguido trabajo como jornalero en una finca a unas cuatro leguas de San Lorenzo El Cubo,\" \/>\n\t\t<meta name=\"twitter:creator\" content=\"@SoyMigrante_com\" \/>\n\t\t<meta name=\"twitter:image\" content=\"https:\/\/soymigrante.com\/revista\/wp-content\/uploads\/2023\/02\/ROSTRO-PINTANDOSE-PINTURA-DE-ARMANDO-SEB.webp\" \/>\n\t\t<!-- All in One SEO Pro -->\r\n\t\t<title>Un d\u00eda me d\u00ed cuenta que \u00e9ramos migrantes<\/title>\n\n","aioseo_head_json":{"title":"Un d\u00eda me d\u00ed cuenta que \u00e9ramos migrantes","description":"Dentro o fuera de Guatemala nos desplazamos en busca de trabajo, de oportunidades, de la vida misma. Por Francisco Morales Santos, Premio Nacional de Literatura de Guatemala 1998Imagen ilustrativa: Armando Seb Era una noche muy oscura. Mi padre hab\u00eda conseguido trabajo como jornalero en una finca a unas cuatro leguas de San Lorenzo El Cubo,","canonical_url":"https:\/\/soymigrante.com\/revista\/un-dia-me-di-ccuenta-que-eramos-migrantes\/","robots":"max-snippet:-1, max-image-preview:large, max-video-preview:-1","keywords":"","webmasterTools":{"miscellaneous":"&lt;link rel=\"preconnect\" href=\"https:\/\/fonts.googleapis.com\" crossorigin&gt;\n&lt;link rel=\"preconnect\" href=\"https:\/\/fonts.gstatic.com\" crossorigin&gt;"},"schema":null,"og:locale":"es_ES","og:site_name":"SoyMigrante.com REVISTA \u2013 Nuestra misi\u00f3n es reconocer y dignificar al migrante.","og:type":"article","og:title":"Un d\u00eda me d\u00ed cuenta que \u00e9ramos migrantes","og:description":"Dentro o fuera de Guatemala nos desplazamos en busca de trabajo, de oportunidades, de la vida misma. Por Francisco Morales Santos, Premio Nacional de Literatura de Guatemala 1998Imagen ilustrativa: Armando Seb Era una noche muy oscura. Mi padre hab\u00eda conseguido trabajo como jornalero en una finca a unas cuatro leguas de San Lorenzo El Cubo,","og:url":"https:\/\/soymigrante.com\/revista\/un-dia-me-di-ccuenta-que-eramos-migrantes\/","og:image":"https:\/\/soymigrante.com\/revista\/wp-content\/uploads\/2023\/02\/ROSTRO-PINTANDOSE-PINTURA-DE-ARMANDO-SEB.webp","og:image:secure_url":"https:\/\/soymigrante.com\/revista\/wp-content\/uploads\/2023\/02\/ROSTRO-PINTANDOSE-PINTURA-DE-ARMANDO-SEB.webp","og:image:width":1365,"og:image:height":1365,"article:published_time":"2023-05-26T00:31:02+00:00","article:modified_time":"2024-06-25T22:43:22+00:00","article:publisher":"https:\/\/www.facebook.com\/soymigrantecom","twitter:card":"summary_large_image","twitter:site":"@SoyMigrante_com","twitter:title":"Un d\u00eda me d\u00ed cuenta que \u00e9ramos migrantes","twitter:description":"Dentro o fuera de Guatemala nos desplazamos en busca de trabajo, de oportunidades, de la vida misma. Por Francisco Morales Santos, Premio Nacional de Literatura de Guatemala 1998Imagen ilustrativa: Armando Seb Era una noche muy oscura. Mi padre hab\u00eda conseguido trabajo como jornalero en una finca a unas cuatro leguas de San Lorenzo El Cubo,","twitter:creator":"@SoyMigrante_com","twitter:image":"https:\/\/soymigrante.com\/revista\/wp-content\/uploads\/2023\/02\/ROSTRO-PINTANDOSE-PINTURA-DE-ARMANDO-SEB.webp"},"aioseo_meta_data":{"post_id":"4982","title":"Mawil el migrante guatemalteco a la pantalla en California","description":null,"keywords":[],"keyphrases":{"focus":{"keyphrase":"migrante","score":82,"analysis":{"keyphraseInTitle":{"score":9,"maxScore":9,"error":0},"keyphraseInDescription":{"score":9,"maxScore":9,"error":0},"keyphraseLength":{"score":9,"maxScore":9,"error":0,"length":1},"keyphraseInURL":{"score":5,"maxScore":5,"error":0},"keyphraseInIntroduction":{"score":3,"maxScore":9,"error":1},"keyphraseInSubHeadings":{"score":3,"maxScore":9,"error":1},"keyphraseInImageAlt":{"score":9,"maxScore":9,"error":0},"keywordDensity":{"type":"best","score":9,"maxScore":9,"error":0}}},"additional":[]},"primary_term":null,"canonical_url":null,"og_title":null,"og_description":null,"og_object_type":"default","og_image_type":"default","og_image_url":null,"og_image_width":null,"og_image_height":null,"og_image_custom_url":null,"og_image_custom_fields":null,"og_video":"","og_custom_url":null,"og_article_section":null,"og_article_tags":[],"twitter_use_og":false,"twitter_card":"default","twitter_image_type":"default","twitter_image_url":null,"twitter_image_custom_url":null,"twitter_image_custom_fields":null,"twitter_title":null,"twitter_description":null,"schema":{"blockGraphs":[],"customGraphs":[],"default":{"data":{"Article":[],"Course":[],"Dataset":[],"FAQPage":[],"Movie":[],"Person":[],"Product":[],"ProductReview":[],"Car":[],"Recipe":[],"Service":[],"SoftwareApplication":[],"WebPage":[]},"graphName":"BlogPosting","isEnabled":true},"graphs":[]},"schema_type":"default","schema_type_options":null,"pillar_content":false,"robots_default":true,"robots_noindex":false,"robots_noarchive":false,"robots_nosnippet":false,"robots_nofollow":false,"robots_noimageindex":false,"robots_noodp":false,"robots_notranslate":false,"robots_max_snippet":"-1","robots_max_videopreview":"-1","robots_max_imagepreview":"large","priority":null,"frequency":"default","local_seo":null,"seo_analyzer_scan_date":"2025-10-08 21:11:39","breadcrumb_settings":null,"limit_modified_date":false,"reviewed_by":null,"open_ai":null,"ai":null,"created":"2024-02-20 08:31:53","updated":"2026-02-04 10:53:50"},"aioseo_breadcrumb":"<div class=\"aioseo-breadcrumbs\"><span class=\"aioseo-breadcrumb\">\n\t<a href=\"https:\/\/soymigrante.com\/revista\" title=\"Home\">Home<\/a>\n<\/span><span class=\"aioseo-breadcrumb-separator\">\u00bb<\/span><span class=\"aioseo-breadcrumb\">\n\t<a href=\"https:\/\/soymigrante.com\/revista\/category\/exitos\/\" title=\"\u00c9xitos\">\u00c9xitos<\/a>\n<\/span><span class=\"aioseo-breadcrumb-separator\">\u00bb<\/span><span class=\"aioseo-breadcrumb\">\n\tEl largo pero exitoso camino del migrante guatemalteco Mawil Soluna a la TV\n<\/span><\/div>","aioseo_breadcrumb_json":[{"label":"Home","link":"https:\/\/soymigrante.com\/revista"},{"label":"\u00c9xitos","link":"https:\/\/soymigrante.com\/revista\/category\/exitos\/"},{"label":"El largo pero exitoso camino del migrante guatemalteco Mawil Soluna a la TV","link":"https:\/\/soymigrante.com\/revista\/mawil-el-migrante-guatemalteco-a-la-pantalla-en-california\/"}],"_links":{"self":[{"href":"https:\/\/soymigrante.com\/revista\/wp-json\/wp\/v2\/posts\/4982","targetHints":{"allow":["GET"]}}],"collection":[{"href":"https:\/\/soymigrante.com\/revista\/wp-json\/wp\/v2\/posts"}],"about":[{"href":"https:\/\/soymigrante.com\/revista\/wp-json\/wp\/v2\/types\/post"}],"author":[{"embeddable":true,"href":"https:\/\/soymigrante.com\/revista\/wp-json\/wp\/v2\/users\/10"}],"replies":[{"embeddable":true,"href":"https:\/\/soymigrante.com\/revista\/wp-json\/wp\/v2\/comments?post=4982"}],"version-history":[{"count":0,"href":"https:\/\/soymigrante.com\/revista\/wp-json\/wp\/v2\/posts\/4982\/revisions"}],"wp:featuredmedia":[{"embeddable":true,"href":"https:\/\/soymigrante.com\/revista\/wp-json\/wp\/v2\/media\/4992"}],"wp:attachment":[{"href":"https:\/\/soymigrante.com\/revista\/wp-json\/wp\/v2\/media?parent=4982"}],"wp:term":[{"taxonomy":"category","embeddable":true,"href":"https:\/\/soymigrante.com\/revista\/wp-json\/wp\/v2\/categories?post=4982"},{"taxonomy":"post_tag","embeddable":true,"href":"https:\/\/soymigrante.com\/revista\/wp-json\/wp\/v2\/tags?post=4982"}],"curies":[{"name":"wp","href":"https:\/\/api.w.org\/{rel}","templated":true}]}}