{"id":49712,"date":"2025-12-12T12:55:43","date_gmt":"2025-12-12T18:55:43","guid":{"rendered":"https:\/\/soymigrante.com\/revista\/?p=49712"},"modified":"2025-12-12T13:30:58","modified_gmt":"2025-12-12T19:30:58","slug":"silvia-orantes-es-luz-amor-y-apoyo-a-la-ninez-guatemalteca-desde-dallas-texas","status":"publish","type":"post","link":"https:\/\/soymigrante.com\/revista\/silvia-orantes-es-luz-amor-y-apoyo-a-la-ninez-guatemalteca-desde-dallas-texas\/","title":{"rendered":"Silvia Orantes es luz, amor y apoyo a la ni\u00f1ez guatemalteca desde Dallas, Texas"},"content":{"rendered":"\t\t<div data-elementor-type=\"wp-post\" data-elementor-id=\"49712\" class=\"elementor elementor-49712\" data-elementor-post-type=\"post\">\n\t\t\t\t<div data-particle_enable=\"false\" data-particle-mobile-disabled=\"false\" class=\"elementor-element elementor-element-190c157 e-flex e-con-boxed e-con e-parent\" data-id=\"190c157\" data-element_type=\"container\" data-e-type=\"container\">\n\t\t\t\t\t<div class=\"e-con-inner\">\n\t\t\t\t<div class=\"elementor-element elementor-element-b3173bb elementor-widget elementor-widget-heading\" data-id=\"b3173bb\" data-element_type=\"widget\" data-e-type=\"widget\" data-widget_type=\"heading.default\">\n\t\t\t\t\t<h2 class=\"elementor-heading-title elementor-size-default\">\"\u00bfQu\u00e9 estoy haciendo por Guatemala?\" es la pregunta que llev\u00f3 a Silvia Orantes, coach y motivadora originaria de Jalapa, a establecer la fundaci\u00f3n Vida y Luz, en Dallas, Texas para apoyar a la ni\u00f1ez. Y esta es su historia.<\/h2>\t\t\t\t<\/div>\n\t\t\t\t<div class=\"elementor-element elementor-element-2cb614a elementor-widget elementor-widget-html\" data-id=\"2cb614a\" data-element_type=\"widget\" data-e-type=\"widget\" data-widget_type=\"html.default\">\n\t\t\t\t\t<div id=\"buzzsprout-player-18344885\"><\/div><script src=\"https:\/\/www.buzzsprout.com\/2444168\/episodes\/18344885-vida-luz-y-solidaridad-brinda-silvia-orantes-desde-texas-a-la-ninez-guatemalteca.js?container_id=buzzsprout-player-18344885&player=small\" type=\"text\/javascript\" charset=\"utf-8\"><\/script>\t\t\t\t<\/div>\n\t\t\t\t\t<\/div>\n\t\t\t\t<\/div>\n\t\t<div data-particle_enable=\"false\" data-particle-mobile-disabled=\"false\" class=\"elementor-element elementor-element-b26c851 e-flex e-con-boxed e-con e-parent\" data-id=\"b26c851\" data-element_type=\"container\" data-e-type=\"container\">\n\t\t\t\t\t<div class=\"e-con-inner\">\n\t\t\t\t<div class=\"elementor-element elementor-element-d66a409 elementor-widget elementor-widget-text-editor\" data-id=\"d66a409\" data-element_type=\"widget\" data-e-type=\"widget\" data-widget_type=\"text-editor.default\">\n\t\t\t\t\t\t\t\t\t<p data-start=\"281\" data-end=\"702\">Silvia Orantes, coach y motivadora guatemalteca radicada en Dallas, Texas desde hace m\u00e1s de dos d\u00e9cadas, decidi\u00f3 que 2025 ser\u00eda el a\u00f1o en que su larga trayectoria de servicio tomar\u00eda un rumbo directo de ayuda a Guatemala: en septiembre pasado se estableci\u00f3 <a href=\"https:\/\/soymigrante.com\/revista\/ayuda-a-ninez-en-guatemala-impulsa-desde-usa-fundacion-vida-y-luz\/\">la <span data-start=\"516\" data-end=\"551\">Fundaci\u00f3n Binacional Vida y Luz<\/span>, una organizaci\u00f3n creada desde Dallas, Texas<\/a>, para apoyar a instituciones guatemaltecas que trabajan con <span data-start=\"657\" data-end=\"701\">ni\u00f1ez y juventud en situaci\u00f3n vulnerable<\/span>. Pero ya antes de septiembre hab\u00eda comenzado a trabajar. Cuenta con colaboradores y benefactores en\u00a0<span style=\"font-family: Roboto, sans-serif; font-size: 22px; font-style: normal; font-variant-ligatures: normal; font-variant-caps: normal; font-weight: 400;\">Canad\u00e1, California, Houston, Carolina del Norte y Stamford, <a href=\"https:\/\/soymigrante.com\/revista\/generosidad-guatemalteca-esly-garcia-ayuda-a-quien-lo-necesite-en-connecticut\/\">Connecticut.<\/a><\/span><\/p><p data-start=\"704\" data-end=\"1266\">En menos de 100 d\u00edas de funcionamiento, ya estaban colaborando con <span data-start=\"988\" data-end=\"1006\">tres orfanatos<\/span> \u2014en <a href=\"https:\/\/soymigrante.com\/revista\/departamentos-de-guatemala-jalapa-es-un-corazon-de-montana-en-el-oriente\/\">Jalapa<\/a>, Mixco y Sumpango, Sacatep\u00e9quez\u2014, apoyando la compra de un busito para transportar escolares en \u00e1reas rurales y acompa\u00f1ando a familias y ni\u00f1os que necesitan mentor\u00eda. \u201cAnhelaba tanto ponerle todo el coraz\u00f3n a Guatemala y a su mayor tesoro: la ni\u00f1ez y juventud que busca labrarse un futuro&#8221;, expresa Silvia Orantes, originaria de <a href=\"https:\/\/soymigrante.com\/revista\/departamentos-de-guatemala-jalapa-es-un-corazon-de-montana-en-el-oriente\/\">Jalapa<\/a>, donde aprendi\u00f3 el don de servicio desde ni\u00f1a.<\/p>\t\t\t\t\t\t\t\t<\/div>\n\t\t\t\t\t<\/div>\n\t\t\t\t<\/div>\n\t\t<div data-particle_enable=\"false\" data-particle-mobile-disabled=\"false\" class=\"elementor-element elementor-element-0e179ec e-flex e-con-boxed e-con e-parent\" data-id=\"0e179ec\" data-element_type=\"container\" data-e-type=\"container\">\n\t\t\t\t\t<div class=\"e-con-inner\">\n\t\t\t\t<div class=\"elementor-element elementor-element-fdb6d5b elementor-widget elementor-widget-image\" data-id=\"fdb6d5b\" data-element_type=\"widget\" data-e-type=\"widget\" data-widget_type=\"image.default\">\n\t\t\t\t\t\t\t\t\t\t\t\t<figure class=\"wp-caption\">\n\t\t\t\t\t\t\t\t\t\t<img fetchpriority=\"high\" decoding=\"async\" width=\"1009\" height=\"1009\" src=\"https:\/\/soymigrante.com\/revista\/wp-content\/uploads\/2025\/12\/silvia-orantes-guatemalteca-dallas-texas-fundacion-luz-y-amor-ninez-6-1.jpg\" class=\"attachment-large size-large wp-image-49717\" alt=\"La fundaci\u00f3n Vida y Luz, impulsada por la guatemalteca Silvia Orantes, apoya a hogares y refugios infantiles en Guatemala a trav\u00e9s de la donaci\u00f3n de alimentos e insumos para mejorar la atenci\u00f3n a los peque\u00f1os. Silvia Orantes durante una visita efectuada este a\u00f1o a una de las instituciones. (Foto cortes\u00eda Silvia Orantes)\" srcset=\"https:\/\/soymigrante.com\/revista\/wp-content\/uploads\/2025\/12\/silvia-orantes-guatemalteca-dallas-texas-fundacion-luz-y-amor-ninez-6-1.jpg 1009w, https:\/\/soymigrante.com\/revista\/wp-content\/uploads\/2025\/12\/silvia-orantes-guatemalteca-dallas-texas-fundacion-luz-y-amor-ninez-6-1-300x300.jpg 300w, https:\/\/soymigrante.com\/revista\/wp-content\/uploads\/2025\/12\/silvia-orantes-guatemalteca-dallas-texas-fundacion-luz-y-amor-ninez-6-1-150x150.jpg 150w, https:\/\/soymigrante.com\/revista\/wp-content\/uploads\/2025\/12\/silvia-orantes-guatemalteca-dallas-texas-fundacion-luz-y-amor-ninez-6-1-768x768.jpg 768w, https:\/\/soymigrante.com\/revista\/wp-content\/uploads\/2025\/12\/silvia-orantes-guatemalteca-dallas-texas-fundacion-luz-y-amor-ninez-6-1-75x75.jpg 75w, https:\/\/soymigrante.com\/revista\/wp-content\/uploads\/2025\/12\/silvia-orantes-guatemalteca-dallas-texas-fundacion-luz-y-amor-ninez-6-1-750x750.jpg 750w\" sizes=\"(max-width: 1009px) 100vw, 1009px\" title=\"La fundaci\u00f3n Vida y Luz, impulsada por la guatemalteca Silvia Orantes, apoya a hogares y refugios infantiles en Guatemala a trav\u00e9s de la donaci\u00f3n de alimentos e insumos para mejorar la atenci\u00f3n a los peque\u00f1os. Silvia Orantes durante una visita efectuada este a\u00f1o a una de las instituciones. (Foto cortes\u00eda Silvia Orantes) \u2013 SoyMigrante.com REVISTA\" \/>\t\t\t\t\t\t\t\t\t\t\t<figcaption class=\"widget-image-caption wp-caption-text\">La fundaci\u00f3n Vida y Luz, impulsada por la guatemalteca Silvia Orantes, apoya a hogares y refugios infantiles en Guatemala a trav\u00e9s de la donaci\u00f3n de alimentos e insumos para mejorar la atenci\u00f3n a los peque\u00f1os. Silvia Orantes durante una visita efectuada este a\u00f1o a una de las instituciones. (Foto cortes\u00eda Silvia Orantes) <\/figcaption>\n\t\t\t\t\t\t\t\t\t\t<\/figure>\n\t\t\t\t\t\t\t\t\t<\/div>\n\t\t\t\t\t<\/div>\n\t\t\t\t<\/div>\n\t\t<div data-particle_enable=\"false\" data-particle-mobile-disabled=\"false\" class=\"elementor-element elementor-element-8e0605c e-flex e-con-boxed e-con e-parent\" data-id=\"8e0605c\" data-element_type=\"container\" data-e-type=\"container\">\n\t\t\t\t\t<div class=\"e-con-inner\">\n\t\t\t\t<div class=\"elementor-element elementor-element-29b48c6 elementor-widget elementor-widget-text-editor\" data-id=\"29b48c6\" data-element_type=\"widget\" data-e-type=\"widget\" data-widget_type=\"text-editor.default\">\n\t\t\t\t\t\t\t\t\t<p data-start=\"281\" data-end=\"702\"><strong style=\"color: #000000; font-family: Mulish, sans-serif; font-size: 33px;\" data-start=\"1275\" data-end=\"1321\">Llamado sembrado en una aldea de Jalapa<\/strong><\/p>\n<p data-start=\"1323\" data-end=\"1879\">En una aldea jalapaneca donde aprendi\u00f3 el significado del servicio observando a su mam\u00e1, quien llevaba alimentos y ayuda. \u201c<span data-start=\"1505\" data-end=\"1564\">Desde los cuatro a\u00f1os tuve un llamado fuerte a misiones<\/span>\u201d, recuerda. A su casa llegaban misioneros de Costa Rica, M\u00e9xico, Puerto Rico y la capital con alimentos, leche, vacunas y educaci\u00f3n cristiana para repartir entre las familias en pobreza. Silvia ve\u00eda a su madre servirles el desayuno, escucharlos, acompa\u00f1arlos. \u201c<span data-start=\"1825\" data-end=\"1871\">De ahi viene mi ADN, mi identidad de <a href=\"https:\/\/soymigrante.com\/revista\/tag\/con-sana-actitud\/\">servicio<\/a><\/span>\u201d, dice con humildad.<\/p>\n<p data-start=\"1881\" data-end=\"2260\">Ese impulso no la abandon\u00f3 cuando migr\u00f3 a California a los 16 a\u00f1os. Pas\u00f3 nostalgia pero su capacidad de <a href=\"https:\/\/soymigrante.com\/revista\/maternidad-garifuna-un-legado-de-sabiduria-y-resiliencia-comunitaria\/\">resiliencia <\/a>se activ\u00f3 r\u00e1pido:&nbsp; estudi\u00f3 ingl\u00e9s, busc\u00f3 una iglesia donde pudiera apoyar a los ni\u00f1os. \u201c<span data-start=\"2096\" data-end=\"2156\">No vi lo negativo; me enfoqu\u00e9 en lo hermoso de compartir y conectar<\/span>\u201d. En una actividad comunitaria conoci\u00f3 a quien hoy es su esposo, con quien se cas\u00f3 cuatro meses despu\u00e9s.<\/p>\t\t\t\t\t\t\t\t<\/div>\n\t\t\t\t\t<\/div>\n\t\t\t\t<\/div>\n\t\t<div data-particle_enable=\"false\" data-particle-mobile-disabled=\"false\" class=\"elementor-element elementor-element-a66b48e e-flex e-con-boxed e-con e-parent\" data-id=\"a66b48e\" data-element_type=\"container\" data-e-type=\"container\">\n\t\t\t\t\t<div class=\"e-con-inner\">\n\t\t\t\t<div class=\"elementor-element elementor-element-0bd9dc9 elementor-widget elementor-widget-image\" data-id=\"0bd9dc9\" data-element_type=\"widget\" data-e-type=\"widget\" data-widget_type=\"image.default\">\n\t\t\t\t\t\t\t\t\t\t\t\t<figure class=\"wp-caption\">\n\t\t\t\t\t\t\t\t\t\t\t<a href=\"https:\/\/www.youtube.com\/@GuatemalaVidayLuzFoundation\">\n\t\t\t\t\t\t\t<img decoding=\"async\" width=\"1140\" height=\"440\" src=\"https:\/\/soymigrante.com\/revista\/wp-content\/uploads\/2025\/12\/fundacion-vida-y-luz-de-la-guatemalteca-silvia-orantes-1140x440.png\" class=\"attachment-large size-large wp-image-49718\" alt=\"La fundaci\u00f3n Vida y Luz, creada en Dallas Texas en septiembre 2025 para apoyar a hogares de ni\u00f1os y refugios de ancianos en el pa\u00eds ya ha efectuado varias actividades y donativos. Para ir a su p\u00e1gina de videos en youtube, clic en la fotograf\u00eda.\" srcset=\"https:\/\/soymigrante.com\/revista\/wp-content\/uploads\/2025\/12\/fundacion-vida-y-luz-de-la-guatemalteca-silvia-orantes-1140x440.png 1140w, https:\/\/soymigrante.com\/revista\/wp-content\/uploads\/2025\/12\/fundacion-vida-y-luz-de-la-guatemalteca-silvia-orantes-300x116.png 300w, https:\/\/soymigrante.com\/revista\/wp-content\/uploads\/2025\/12\/fundacion-vida-y-luz-de-la-guatemalteca-silvia-orantes-768x296.png 768w, https:\/\/soymigrante.com\/revista\/wp-content\/uploads\/2025\/12\/fundacion-vida-y-luz-de-la-guatemalteca-silvia-orantes-750x289.png 750w, https:\/\/soymigrante.com\/revista\/wp-content\/uploads\/2025\/12\/fundacion-vida-y-luz-de-la-guatemalteca-silvia-orantes.png 1425w\" sizes=\"(max-width: 1140px) 100vw, 1140px\" title=\"La fundaci\u00f3n Vida y Luz, creada en Dallas Texas en septiembre 2025 para apoyar a hogares de ni\u00f1os y refugios de ancianos en el pa\u00eds ya ha efectuado varias actividades y donativos. Para ir a su p\u00e1gina de videos en youtube, clic en la fotograf\u00eda. \u2013 SoyMigrante.com REVISTA\" \/>\t\t\t\t\t\t\t\t<\/a>\n\t\t\t\t\t\t\t\t\t\t\t<figcaption class=\"widget-image-caption wp-caption-text\">La fundaci\u00f3n Vida y Luz, creada en Dallas Texas en septiembre 2025 para apoyar a hogares de ni\u00f1os y refugios de ancianos en el pa\u00eds ya ha efectuado varias actividades y donativos. Para ir a su p\u00e1gina de videos en youtube, clic en la fotograf\u00eda.<\/figcaption>\n\t\t\t\t\t\t\t\t\t\t<\/figure>\n\t\t\t\t\t\t\t\t\t<\/div>\n\t\t\t\t\t<\/div>\n\t\t\t\t<\/div>\n\t\t<div data-particle_enable=\"false\" data-particle-mobile-disabled=\"false\" class=\"elementor-element elementor-element-7a2210c e-flex e-con-boxed e-con e-parent\" data-id=\"7a2210c\" data-element_type=\"container\" data-e-type=\"container\">\n\t\t\t\t\t<div class=\"e-con-inner\">\n\t\t\t\t<div class=\"elementor-element elementor-element-57a9da7 elementor-widget elementor-widget-text-editor\" data-id=\"57a9da7\" data-element_type=\"widget\" data-e-type=\"widget\" data-widget_type=\"text-editor.default\">\n\t\t\t\t\t\t\t\t\t<p data-start=\"281\" data-end=\"702\"><strong style=\"color: #000000; font-family: Mulish, sans-serif; font-size: 33px;\" data-start=\"2269\" data-end=\"2324\">Anima talentos incluso antes de nacer<\/strong><\/p><p data-start=\"2326\" data-end=\"2775\">Desde ni\u00f1a, Silvia Orantes reun\u00eda a los peque\u00f1os de la comunidad y les repet\u00eda mensajes que escuchaba de los pastores de su iglesia. Despu\u00e9s les obsequiaba un dulce. \u201cCreo que desde peque\u00f1a traigo ese don de mentoria\u201d, dice. Con los a\u00f1os se prepar\u00f3 de forma formal: cursos de seis meses, certificaciones, estudios para trabajar con familias y matrimonios, hasta una maestr\u00eda completa en 2022. \u201cNo es un trabajo, es un servicio&#8221;.<\/p><p data-start=\"2326\" data-end=\"2775\">Una de las labores que desempe\u00f1a Silvia es dar estimulaci\u00f3n temprana a beb\u00e9s prematuros.\u00a0 &#8220;Desarrollamos\u00a0sus sentidos con m\u00fasica, colores, tacto y ejercicios. Les hablo como peresonas que son y los animo: <span data-start=\"2969\" data-end=\"3000\">Soy una porrista del talento que traen<\/span>\u201d, dice con convicci\u00f3n. &#8220;Creo que toda persona trae un prop\u00f3sito en la vida y ayudar a descubrirlo tambi\u00e9n es una misi\u00f3n&#8221;.<\/p><p data-start=\"2326\" data-end=\"2775\">Ese \u201caliento\u201d de vida tambi\u00e9n lo provee a adultos. \u201cHe descubierto talentos en personas que no sab\u00edan que los ten\u00edan. Todos venimos con una misi\u00f3n; pero a veces necesitamos un empuj\u00f3n\u201d, afirma con una sonrisa.<\/p>\t\t\t\t\t\t\t\t<\/div>\n\t\t\t\t\t<\/div>\n\t\t\t\t<\/div>\n\t\t<div data-particle_enable=\"false\" data-particle-mobile-disabled=\"false\" class=\"elementor-element elementor-element-ecb2c40 e-flex e-con-boxed e-con e-parent\" data-id=\"ecb2c40\" data-element_type=\"container\" data-e-type=\"container\">\n\t\t\t\t\t<div class=\"e-con-inner\">\n\t\t\t\t<div class=\"elementor-element elementor-element-89f5274 elementor-widget elementor-widget-image\" data-id=\"89f5274\" data-element_type=\"widget\" data-e-type=\"widget\" data-widget_type=\"image.default\">\n\t\t\t\t\t\t\t\t\t\t\t\t<figure class=\"wp-caption\">\n\t\t\t\t\t\t\t\t\t\t\t<a href=\"https:\/\/guatemalavidayluzfoundation.com\/home\">\n\t\t\t\t\t\t\t<img decoding=\"async\" width=\"842\" height=\"595\" src=\"https:\/\/soymigrante.com\/revista\/wp-content\/uploads\/2025\/12\/silvia-orantes-guatemalteca-dallas-texas-fundacion-luz-y-amor-ninez-4.jpg\" class=\"attachment-large size-large wp-image-49719\" alt=\"La fundaci\u00f3n Vida y Luz tiene una visi\u00f3n de desarrollo integral de la ni\u00f1ez y de respeto a la dignidad de los adultos mayores. Cuenta con colaboradores en varios estados de Estados Unidos pero sus proyectos se enfocan en entidades ben\u00e9ficas de Guatemala. Para ir al sitio web de la fundaci\u00f3n CLIC EN LA FOTO.\" srcset=\"https:\/\/soymigrante.com\/revista\/wp-content\/uploads\/2025\/12\/silvia-orantes-guatemalteca-dallas-texas-fundacion-luz-y-amor-ninez-4.jpg 842w, https:\/\/soymigrante.com\/revista\/wp-content\/uploads\/2025\/12\/silvia-orantes-guatemalteca-dallas-texas-fundacion-luz-y-amor-ninez-4-300x212.jpg 300w, https:\/\/soymigrante.com\/revista\/wp-content\/uploads\/2025\/12\/silvia-orantes-guatemalteca-dallas-texas-fundacion-luz-y-amor-ninez-4-768x543.jpg 768w, https:\/\/soymigrante.com\/revista\/wp-content\/uploads\/2025\/12\/silvia-orantes-guatemalteca-dallas-texas-fundacion-luz-y-amor-ninez-4-120x86.jpg 120w, https:\/\/soymigrante.com\/revista\/wp-content\/uploads\/2025\/12\/silvia-orantes-guatemalteca-dallas-texas-fundacion-luz-y-amor-ninez-4-750x530.jpg 750w\" sizes=\"(max-width: 842px) 100vw, 842px\" title=\"La fundaci\u00f3n Vida y Luz tiene una visi\u00f3n de desarrollo integral de la ni\u00f1ez y de respeto a la dignidad de los adultos mayores. Cuenta con colaboradores en varios estados de Estados Unidos pero sus proyectos se enfocan en entidades ben\u00e9ficas de Guatemala. Para ir al sitio web de la fundaci\u00f3n CLIC EN LA FOTO. \u2013 SoyMigrante.com REVISTA\" \/>\t\t\t\t\t\t\t\t<\/a>\n\t\t\t\t\t\t\t\t\t\t\t<figcaption class=\"widget-image-caption wp-caption-text\">La fundaci\u00f3n Vida y Luz tiene una visi\u00f3n de desarrollo integral de la ni\u00f1ez y de respeto a la dignidad de los adultos mayores. Cuenta con colaboradores en varios estados de Estados Unidos pero sus proyectos se enfocan en entidades ben\u00e9ficas de Guatemala. Para ir al sitio web de la fundaci\u00f3n CLIC EN LA FOTO.<\/figcaption>\n\t\t\t\t\t\t\t\t\t\t<\/figure>\n\t\t\t\t\t\t\t\t\t<\/div>\n\t\t\t\t\t<\/div>\n\t\t\t\t<\/div>\n\t\t<div data-particle_enable=\"false\" data-particle-mobile-disabled=\"false\" class=\"elementor-element elementor-element-50adb59 e-flex e-con-boxed e-con e-parent\" data-id=\"50adb59\" data-element_type=\"container\" data-e-type=\"container\">\n\t\t\t\t\t<div class=\"e-con-inner\">\n\t\t\t\t<div class=\"elementor-element elementor-element-f36321d elementor-widget elementor-widget-text-editor\" data-id=\"f36321d\" data-element_type=\"widget\" data-e-type=\"widget\" data-widget_type=\"text-editor.default\">\n\t\t\t\t\t\t\t\t\t<p data-start=\"281\" data-end=\"702\"><strong style=\"color: #000000; font-family: Mulish, sans-serif; font-size: 33px;\" data-start=\"3309\" data-end=\"3350\">Un ideal entre dos pa\u00edses, sin fronteras\u00a0<\/strong><\/p><p data-start=\"3352\" data-end=\"3902\">Vida y Luz arranc\u00f3 con fuerza: un equipo de 27 personas en Estados Unidos y Guatemala, con colaboradores en Canad\u00e1, California, Houston, Carolina del Norte y Stanford, y proyectos que avanzan con rapidez.\u00a0<\/p><p data-start=\"3352\" data-end=\"3902\">En Jalapa apoyan al hogar Madre Anna Vitiello, que cuida de\u00a0<span data-start=\"3581\" data-end=\"3594\">110 ni\u00f1as rescatadas de pobreza a las que se brinda educaci\u00f3n, nutrici\u00f3n y orientaci\u00f3n<\/span>. En Sumpango, Sacatep\u00e9quez contribuyeron a la compra de un veh\u00edculo para que las monjas puedan recoger ni\u00f1os en aldeas de dif\u00edcil acceso. En Mixco preparan nuevos programas educativos mediante \u201c<span data-start=\"3775\" data-end=\"3795\">Futuro Brillante<\/span>\u201d, la iniciativa que busca llevar herramientas de prop\u00f3sito y formaci\u00f3n integral a comunidades vulnerables.<\/p><p data-start=\"3904\" data-end=\"4126\">Silvia, adem\u00e1s, ofrece mentor\u00eda a familias de Guatemala y otros pa\u00edses, como ni\u00f1os con autismo en Zacatecas, M\u00e9xico. \u201cMi servicio siempre ha sido para donde se ocupe, pero ahora queremos enfocarlo en nuestro pa\u00eds\u201d, afirma.<\/p>\t\t\t\t\t\t\t\t<\/div>\n\t\t\t\t\t<\/div>\n\t\t\t\t<\/div>\n\t\t<div data-particle_enable=\"false\" data-particle-mobile-disabled=\"false\" class=\"elementor-element elementor-element-ef3e313 e-flex e-con-boxed e-con e-parent\" data-id=\"ef3e313\" data-element_type=\"container\" data-e-type=\"container\">\n\t\t\t\t\t<div class=\"e-con-inner\">\n\t\t\t\t<div class=\"elementor-element elementor-element-123ca31 elementor-widget elementor-widget-facebook-page\" data-id=\"123ca31\" data-element_type=\"widget\" data-e-type=\"widget\" data-widget_type=\"facebook-page.default\">\n\t\t\t\t\t<div class=\"elementor-facebook-widget fb-page\" data-href=\"https:\/\/www.facebook.com\/guatemalavidayluzfoundation\" data-tabs=\"timeline\" data-height=\"672px\" data-width=\"500px\" data-small-header=\"false\" data-hide-cover=\"false\" data-show-facepile=\"true\" data-hide-cta=\"false\" style=\"min-height: 1px;height:672px\"><\/div>\t\t\t\t<\/div>\n\t\t\t\t\t<\/div>\n\t\t\t\t<\/div>\n\t\t<div data-particle_enable=\"false\" data-particle-mobile-disabled=\"false\" class=\"elementor-element elementor-element-9de7906 e-flex e-con-boxed e-con e-parent\" data-id=\"9de7906\" data-element_type=\"container\" data-e-type=\"container\">\n\t\t\t\t\t<div class=\"e-con-inner\">\n\t\t\t\t<div class=\"elementor-element elementor-element-43710e4 elementor-widget elementor-widget-text-editor\" data-id=\"43710e4\" data-element_type=\"widget\" data-e-type=\"widget\" data-widget_type=\"text-editor.default\">\n\t\t\t\t\t\t\t\t\t<p data-start=\"281\" data-end=\"702\"><strong style=\"color: #000000; font-family: Mulish, sans-serif; font-size: 33px;\" data-start=\"4135\" data-end=\"4169\">Caerse, levantarse y agradecer<\/strong><\/p><p data-start=\"4171\" data-end=\"4587\">Silvia tambi\u00e9n ha conocido momentos dif\u00edciles y eso es lo admirable: ha sabido levantarse y seguir. \u201c<span data-start=\"4213\" data-end=\"4284\">Hubo un tiempo en que dije: ya no quiero saber nada. Me desmotiv\u00e9. Fue un tropez\u00f3n del cual aprend\u00ed mucho a identificarme con el pesar de las personas<\/span>\u201d. Eso ocurri\u00f3 durante una enfermedad emocional que atraves\u00f3 su hija. Silvia sinti\u00f3 agotada, impotente y cuestion\u00f3 su camino.\u00a0<\/p><p data-start=\"4171\" data-end=\"4587\">Pero encontr\u00f3 fuerza en lo m\u00e1s b\u00e1sico: respirar, ver a sus seres queridos, agradecer lo que ten\u00eda. \u201c<span data-start=\"4491\" data-end=\"4571\">Agradecer tiene un poder tremendo. De ah\u00ed se generan las fuerzas para seguir<\/span>\u201d. Y as\u00ed volvi\u00f3 con m\u00e1s fuerza y convicci\u00f3n.<\/p><p data-start=\"4171\" data-end=\"4587\">&#8220;Estoy convencida de que los errores no existen, ni las casualidades: \u201cS<span data-start=\"4632\" data-end=\"4683\">on m\u00e9todos de aprender a hacer mejor las cosas, que Dios nos otorga<\/span>\u201d.<\/p>\t\t\t\t\t\t\t\t<\/div>\n\t\t\t\t\t<\/div>\n\t\t\t\t<\/div>\n\t\t<div data-particle_enable=\"false\" data-particle-mobile-disabled=\"false\" class=\"elementor-element elementor-element-2362167 e-flex e-con-boxed e-con e-parent\" data-id=\"2362167\" data-element_type=\"container\" data-e-type=\"container\">\n\t\t\t\t\t<div class=\"e-con-inner\">\n\t\t\t\t<div class=\"elementor-element elementor-element-611d021 elementor-widget elementor-widget-image\" data-id=\"611d021\" data-element_type=\"widget\" data-e-type=\"widget\" data-widget_type=\"image.default\">\n\t\t\t\t\t\t\t\t\t\t\t\t<figure class=\"wp-caption\">\n\t\t\t\t\t\t\t\t\t\t<img loading=\"lazy\" decoding=\"async\" width=\"768\" height=\"1024\" src=\"https:\/\/soymigrante.com\/revista\/wp-content\/uploads\/2025\/12\/silvia-orantes-guatemalteca-dallas-texas-fundacion-luz-y-amor-ninez-5-768x1024.jpg\" class=\"attachment-large size-large wp-image-49720\" alt=\"Silvia Orantes se encuentra escribiendo actualmente su primer libro, que tiene como finalidad ayudar a encontrar el prop\u00f3sito de vida de cada persona que lo lea. Su meta es distribuirlo gratuitamente en Guatemala, para generar una nueva era de ideas e iniciativas. Aqu\u00ed posa junto a su hija, quien le acompa\u00f1a en la misi\u00f3n de la Fundaci\u00f3n Vida y Luz. (Foto cortes\u00eda Silvia Orantes)\" srcset=\"https:\/\/soymigrante.com\/revista\/wp-content\/uploads\/2025\/12\/silvia-orantes-guatemalteca-dallas-texas-fundacion-luz-y-amor-ninez-5-768x1024.jpg 768w, https:\/\/soymigrante.com\/revista\/wp-content\/uploads\/2025\/12\/silvia-orantes-guatemalteca-dallas-texas-fundacion-luz-y-amor-ninez-5-225x300.jpg 225w, https:\/\/soymigrante.com\/revista\/wp-content\/uploads\/2025\/12\/silvia-orantes-guatemalteca-dallas-texas-fundacion-luz-y-amor-ninez-5-1152x1536.jpg 1152w, https:\/\/soymigrante.com\/revista\/wp-content\/uploads\/2025\/12\/silvia-orantes-guatemalteca-dallas-texas-fundacion-luz-y-amor-ninez-5-750x1000.jpg 750w, https:\/\/soymigrante.com\/revista\/wp-content\/uploads\/2025\/12\/silvia-orantes-guatemalteca-dallas-texas-fundacion-luz-y-amor-ninez-5-1140x1520.jpg 1140w, https:\/\/soymigrante.com\/revista\/wp-content\/uploads\/2025\/12\/silvia-orantes-guatemalteca-dallas-texas-fundacion-luz-y-amor-ninez-5.jpg 1200w\" sizes=\"(max-width: 768px) 100vw, 768px\" title=\"Silvia Orantes se encuentra escribiendo actualmente su primer libro, que tiene como finalidad ayudar a encontrar el prop\u00f3sito de vida de cada persona que lo lea. Su meta es distribuirlo gratuitamente en Guatemala, para generar una nueva era de ideas e iniciativas. Aqu\u00ed posa junto a su hija, quien le acompa\u00f1a en la misi\u00f3n de la Fundaci\u00f3n Vida y Luz. (Foto cortes\u00eda Silvia Orantes) \u2013 SoyMigrante.com REVISTA\" \/>\t\t\t\t\t\t\t\t\t\t\t<figcaption class=\"widget-image-caption wp-caption-text\">Silvia Orantes se encuentra escribiendo actualmente su primer libro, que tiene como finalidad ayudar a encontrar el prop\u00f3sito de vida de cada persona que lo lea. Su meta es distribuirlo gratuitamente en Guatemala, para generar una nueva era de ideas e iniciativas. Aqu\u00ed posa junto a su hija, quien le acompa\u00f1a en la misi\u00f3n de la Fundaci\u00f3n Vida y Luz. (Foto cortes\u00eda Silvia Orantes)<\/figcaption>\n\t\t\t\t\t\t\t\t\t\t<\/figure>\n\t\t\t\t\t\t\t\t\t<\/div>\n\t\t\t\t\t<\/div>\n\t\t\t\t<\/div>\n\t\t<div data-particle_enable=\"false\" data-particle-mobile-disabled=\"false\" class=\"elementor-element elementor-element-5bd1ad4 e-flex e-con-boxed e-con e-parent\" data-id=\"5bd1ad4\" data-element_type=\"container\" data-e-type=\"container\">\n\t\t\t\t\t<div class=\"e-con-inner\">\n\t\t\t\t<div class=\"elementor-element elementor-element-35c1d64 elementor-widget elementor-widget-heading\" data-id=\"35c1d64\" data-element_type=\"widget\" data-e-type=\"widget\" data-widget_type=\"heading.default\">\n\t\t\t\t\t<h2 class=\"elementor-heading-title elementor-size-default\">Solidaridad entre hermanos sin fronteras<\/h2>\t\t\t\t<\/div>\n\t\t\t\t\t<\/div>\n\t\t\t\t<\/div>\n\t\t<div data-particle_enable=\"false\" data-particle-mobile-disabled=\"false\" class=\"elementor-element elementor-element-79616f7 e-flex e-con-boxed e-con e-parent\" data-id=\"79616f7\" data-element_type=\"container\" data-e-type=\"container\">\n\t\t\t\t\t<div class=\"e-con-inner\">\n\t\t\t\t<div class=\"elementor-element elementor-element-b0fa4f8 elementor-grid-eael-col-3 elementor-grid-tablet-eael-col-2 elementor-grid-mobile-eael-col-1 elementor-widget elementor-widget-eael-post-grid\" data-id=\"b0fa4f8\" data-element_type=\"widget\" data-e-type=\"widget\" data-settings=\"{&quot;eael_post_grid_columns&quot;:&quot;eael-col-3&quot;,&quot;eael_post_grid_columns_tablet&quot;:&quot;eael-col-2&quot;,&quot;eael_post_grid_columns_mobile&quot;:&quot;eael-col-1&quot;}\" data-widget_type=\"eael-post-grid.default\">\n\t\t\t\t\t<div id=\"eael-post-grid-b0fa4f8\" class=\"eael-post-grid-container\">\n            <div class=\"eael-post-grid eael-post-appender eael-post-appender-b0fa4f8 eael-post-grid-style-one\" data-layout-mode=\"masonry\"><article class=\"eael-grid-post  eael-post-grid-column eael-pg-post-10331 category-guate-nuestra\" data-id=\"10331\">\n        <div class=\"eael-grid-post-holder\">\n            <div class=\"eael-grid-post-holder-inner\"><div class=\"eael-entry-media\"><div class=\"eael-entry-overlay fade-in\"><i class=\"far fa-hand-pointer\" aria-hidden=\"true\"><\/i><a href=\"https:\/\/soymigrante.com\/revista\/hearts-of-eternal-spring-puente-de-ayuda-migrante-desde-oklahoma-a-guatemala\/\"><\/a><\/div><div class=\"eael-entry-thumbnail eael-image-ratio\">\n                <img loading=\"lazy\" decoding=\"async\" width=\"568\" height=\"568\" src=\"https:\/\/soymigrante.com\/revista\/wp-content\/uploads\/2024\/10\/escuela-quetzaltenango-1.webp\" class=\"attachment-large size-large wp-image-10431\" alt=\"Kits escolares para ni\u00f1os migrantes, iniciativa solidaria y educativa en M\u00e9xico, promoviendo integraci\u00f3n y apoyo a comunidades vulnerables, promoviendo derechos y bienestar infantil.\" srcset=\"https:\/\/soymigrante.com\/revista\/wp-content\/uploads\/2024\/10\/escuela-quetzaltenango-1.webp 568w, https:\/\/soymigrante.com\/revista\/wp-content\/uploads\/2024\/10\/escuela-quetzaltenango-1-300x300.webp 300w, https:\/\/soymigrante.com\/revista\/wp-content\/uploads\/2024\/10\/escuela-quetzaltenango-1-150x150.webp 150w, https:\/\/soymigrante.com\/revista\/wp-content\/uploads\/2024\/10\/escuela-quetzaltenango-1-75x75.webp 75w\" sizes=\"(max-width: 568px) 100vw, 568px\" \/>\n            <\/div>\n        <\/div><div class=\"eael-entry-wrapper\"><header class=\"eael-entry-header\"><h2 class=\"eael-entry-title\"><a class=\"eael-grid-post-link\" href=\"https:\/\/soymigrante.com\/revista\/hearts-of-eternal-spring-puente-de-ayuda-migrante-desde-oklahoma-a-guatemala\/\" title=\"Hearts of Eternal Spring: puente de ayuda migrante desde Oklahoma a Guatemala\">Hearts of Eternal Spring: puente de ayuda migrante desde Oklahoma a Guatemala<\/a><\/h2><\/header><div class=\"eael-entry-content\">\n                        <div class=\"eael-grid-post-excerpt\"><a href=\"https:\/\/soymigrante.com\/revista\/hearts-of-eternal-spring-puente-de-ayuda-migrante-desde-oklahoma-a-guatemala\/\" class=\"eael-post-elements-readmore-btn\">CONOCE SU HISTORIA <\/a><\/div>\n                    <\/div><\/div><\/div>\n        <\/div>\n    <\/article><article class=\"eael-grid-post  eael-post-grid-column eael-pg-post-16900 category-exitos\" data-id=\"16900\">\n        <div class=\"eael-grid-post-holder\">\n            <div class=\"eael-grid-post-holder-inner\"><div class=\"eael-entry-media\"><div class=\"eael-entry-overlay fade-in\"><i class=\"far fa-hand-pointer\" aria-hidden=\"true\"><\/i><a href=\"https:\/\/soymigrante.com\/revista\/karolin-espana-dirige-kika-proyecto-de-ayuda-alimentaria-impulsado-por-sus-hijas\/\"><\/a><\/div><div class=\"eael-entry-thumbnail eael-image-ratio\">\n                <img loading=\"lazy\" decoding=\"async\" width=\"861\" height=\"861\" src=\"https:\/\/soymigrante.com\/revista\/wp-content\/uploads\/2024\/12\/historia-karolin-espana-KIKA.webp\" class=\"attachment-large size-large wp-image-16901\" alt=\"Ni\u00f1a en desfile cultural participando en evento de apoyo a la infancia y la nutrici\u00f3n en M\u00e9xico, con grupo de personas en vestimenta tradicional y cartel de organizaci\u00f3n KIKA, promoviendo derechos infantiles.\" srcset=\"https:\/\/soymigrante.com\/revista\/wp-content\/uploads\/2024\/12\/historia-karolin-espana-KIKA.webp 861w, https:\/\/soymigrante.com\/revista\/wp-content\/uploads\/2024\/12\/historia-karolin-espana-KIKA-300x300.jpg 300w, https:\/\/soymigrante.com\/revista\/wp-content\/uploads\/2024\/12\/historia-karolin-espana-KIKA-150x150.jpg 150w, https:\/\/soymigrante.com\/revista\/wp-content\/uploads\/2024\/12\/historia-karolin-espana-KIKA-768x768.jpg 768w, https:\/\/soymigrante.com\/revista\/wp-content\/uploads\/2024\/12\/historia-karolin-espana-KIKA-75x75.webp 75w, https:\/\/soymigrante.com\/revista\/wp-content\/uploads\/2024\/12\/historia-karolin-espana-KIKA-750x750.webp 750w\" sizes=\"(max-width: 861px) 100vw, 861px\" \/>\n            <\/div>\n        <\/div><div class=\"eael-entry-wrapper\"><header class=\"eael-entry-header\"><h2 class=\"eael-entry-title\"><a class=\"eael-grid-post-link\" href=\"https:\/\/soymigrante.com\/revista\/karolin-espana-dirige-kika-proyecto-de-ayuda-alimentaria-impulsado-por-sus-hijas\/\" title=\"Karolin Rasc\u00f3n dirige KIKA, iniciativa de ayuda alimentaria desde L.A. a Guatemala, inspirada por sus hijas Kiara y Kaili\">Karolin Rasc\u00f3n dirige KIKA, iniciativa de ayuda alimentaria desde L.A. a Guatemala, inspirada por sus hijas Kiara y Kaili<\/a><\/h2><\/header><div class=\"eael-entry-content\">\n                        <div class=\"eael-grid-post-excerpt\"><a href=\"https:\/\/soymigrante.com\/revista\/karolin-espana-dirige-kika-proyecto-de-ayuda-alimentaria-impulsado-por-sus-hijas\/\" class=\"eael-post-elements-readmore-btn\">CONOCE SU HISTORIA <\/a><\/div>\n                    <\/div><\/div><\/div>\n        <\/div>\n    <\/article><article class=\"eael-grid-post  eael-post-grid-column eael-pg-post-49076 category-estamos-unidos\" data-id=\"49076\">\n        <div class=\"eael-grid-post-holder\">\n            <div class=\"eael-grid-post-holder-inner\"><div class=\"eael-entry-media\"><div class=\"eael-entry-overlay fade-in\"><i class=\"far fa-hand-pointer\" aria-hidden=\"true\"><\/i><a href=\"https:\/\/soymigrante.com\/revista\/red-migrante-guatemalteca-desayuno-accion-de-gracias-refugios-fronterizos-tijuana\/\"><\/a><\/div><div class=\"eael-entry-thumbnail eael-image-ratio\">\n                <img loading=\"lazy\" decoding=\"async\" width=\"710\" height=\"710\" src=\"https:\/\/soymigrante.com\/revista\/wp-content\/uploads\/2025\/11\/desayuno-accion-de-gracias-red-migrante-3.jpg\" class=\"attachment-large size-large wp-image-49077\" alt=\"desayuno accion de gracias red migrante 3\" srcset=\"https:\/\/soymigrante.com\/revista\/wp-content\/uploads\/2025\/11\/desayuno-accion-de-gracias-red-migrante-3.jpg 710w, https:\/\/soymigrante.com\/revista\/wp-content\/uploads\/2025\/11\/desayuno-accion-de-gracias-red-migrante-3-300x300.jpg 300w, https:\/\/soymigrante.com\/revista\/wp-content\/uploads\/2025\/11\/desayuno-accion-de-gracias-red-migrante-3-150x150.jpg 150w, https:\/\/soymigrante.com\/revista\/wp-content\/uploads\/2025\/11\/desayuno-accion-de-gracias-red-migrante-3-75x75.jpg 75w\" sizes=\"(max-width: 710px) 100vw, 710px\" \/>\n            <\/div>\n        <\/div><div class=\"eael-entry-wrapper\"><header class=\"eael-entry-header\"><h2 class=\"eael-entry-title\"><a class=\"eael-grid-post-link\" href=\"https:\/\/soymigrante.com\/revista\/red-migrante-guatemalteca-desayuno-accion-de-gracias-refugios-fronterizos-tijuana\/\" title=\"Red Migrante dona desayuno de Acci\u00f3n de Gracias a refugios fronterizos de Tijuana desde 2011\">Red Migrante dona desayuno de Acci\u00f3n de Gracias a refugios fronterizos de Tijuana desde 2011<\/a><\/h2><\/header><div class=\"eael-entry-content\">\n                        <div class=\"eael-grid-post-excerpt\"><a href=\"https:\/\/soymigrante.com\/revista\/red-migrante-guatemalteca-desayuno-accion-de-gracias-refugios-fronterizos-tijuana\/\" class=\"eael-post-elements-readmore-btn\">CONOCE SU HISTORIA <\/a><\/div>\n                    <\/div><\/div><\/div>\n        <\/div>\n    <\/article><\/div>\n            <div class=\"clearfix\"><\/div>\n        <\/div>\t\t\t\t<\/div>\n\t\t\t\t\t<\/div>\n\t\t\t\t<\/div>\n\t\t\t\t<\/div>\n\t\t","protected":false},"excerpt":{"rendered":"<p>&#8220;\u00bfQu\u00e9 estoy haciendo por Guatemala?&#8221; es la pregunta que llev\u00f3 a Silvia Orantes, coach y motivadora originaria de Jalapa, a establecer la fundaci\u00f3n Vida y Luz, en Dallas, Texas para apoyar a la ni\u00f1ez. Y esta es su historia. Silvia Orantes, coach y motivadora guatemalteca radicada en Dallas, Texas desde hace m\u00e1s de dos d\u00e9cadas, [&hellip;]<\/p>\n","protected":false},"author":7,"featured_media":49716,"comment_status":"open","ping_status":"open","sticky":false,"template":"","format":"standard","meta":{"_acf_changed":false,"_eb_attr":"","footnotes":""},"categories":[50,274],"tags":[],"class_list":["post-49712","post","type-post","status-publish","format-standard","has-post-thumbnail","hentry","category-exitos","category-guatemala"],"acf":[],"aioseo_notices":[],"aioseo_head":"\n\t\t<!-- All in One SEO Pro 4.9.6.2 - aioseo.com -->\n\t<meta name=\"description\" content=\"Desayuno de Acci\u00f3n de Gracias con migrantes en albergues fronterizos en Tijuana, M\u00e9xico cumple 14 a\u00f1os. Grupo RMG apoya estos refugios con v\u00edveres y hermandad.\" \/>\n\t<meta name=\"robots\" content=\"max-snippet:-1, max-image-preview:large, max-video-preview:-1\" \/>\n\t<meta name=\"author\" content=\"SoyMigrante.com REVISTA\"\/>\n\t<link rel=\"canonical\" href=\"https:\/\/soymigrante.com\/revista\/red-migrante-guatemalteca-desayuno-accion-de-gracias-refugios-fronterizos-tijuana\/\" \/>\n\t<meta name=\"generator\" content=\"All in One SEO Pro (AIOSEO) 4.9.6.2\" \/>\n\n\t\t<link rel=\"preconnect\" href=\"https:\/\/fonts.googleapis.com\" crossorigin>\n<link rel=\"preconnect\" href=\"https:\/\/fonts.gstatic.com\" crossorigin>\n\t\t<meta property=\"og:locale\" content=\"es_ES\" \/>\n\t\t<meta property=\"og:site_name\" content=\"SoyMigrante.com REVISTA \u2013 Nuestra misi\u00f3n es reconocer y dignificar al migrante.\" \/>\n\t\t<meta property=\"og:type\" content=\"article\" \/>\n\t\t<meta property=\"og:title\" content=\"Red Migrante Guatemalteca dona desayuno a refugios de Tijuana\" \/>\n\t\t<meta property=\"og:description\" content=\"Desayuno de Acci\u00f3n de Gracias con migrantes en albergues fronterizos en Tijuana, M\u00e9xico cumple 14 a\u00f1os. Grupo RMG apoya estos refugios con v\u00edveres y hermandad.\" \/>\n\t\t<meta property=\"og:url\" content=\"https:\/\/soymigrante.com\/revista\/red-migrante-guatemalteca-desayuno-accion-de-gracias-refugios-fronterizos-tijuana\/\" \/>\n\t\t<meta property=\"og:image\" content=\"https:\/\/soymigrante.com\/revista\/wp-content\/uploads\/2025\/11\/desayuno-accion-de-gracias-red-migrante-3.jpg\" \/>\n\t\t<meta property=\"og:image:secure_url\" content=\"https:\/\/soymigrante.com\/revista\/wp-content\/uploads\/2025\/11\/desayuno-accion-de-gracias-red-migrante-3.jpg\" \/>\n\t\t<meta property=\"og:image:width\" content=\"710\" \/>\n\t\t<meta property=\"og:image:height\" content=\"710\" \/>\n\t\t<meta property=\"article:published_time\" content=\"2025-11-28T22:10:08+00:00\" \/>\n\t\t<meta property=\"article:modified_time\" content=\"2025-11-28T22:10:16+00:00\" \/>\n\t\t<meta property=\"article:publisher\" content=\"https:\/\/www.facebook.com\/soymigrantecom\" \/>\n\t\t<meta name=\"twitter:card\" content=\"summary_large_image\" \/>\n\t\t<meta name=\"twitter:site\" content=\"@SoyMigrante_com\" \/>\n\t\t<meta name=\"twitter:title\" content=\"Red Migrante Guatemalteca dona desayuno a refugios de Tijuana\" \/>\n\t\t<meta name=\"twitter:description\" content=\"Desayuno de Acci\u00f3n de Gracias con migrantes en albergues fronterizos en Tijuana, M\u00e9xico cumple 14 a\u00f1os. Grupo RMG apoya estos refugios con v\u00edveres y hermandad.\" \/>\n\t\t<meta name=\"twitter:creator\" content=\"@SoyMigrante_com\" \/>\n\t\t<meta name=\"twitter:image\" content=\"https:\/\/soymigrante.com\/revista\/wp-content\/uploads\/2025\/11\/desayuno-accion-de-gracias-red-migrante-3.jpg\" \/>\n\t\t<!-- All in One SEO Pro -->\r\n\t\t<title>Red Migrante Guatemalteca dona desayuno a refugios de Tijuana<\/title>\n\n","aioseo_head_json":{"title":"Red Migrante Guatemalteca dona desayuno a refugios de Tijuana","description":"Desayuno de Acci\u00f3n de Gracias con migrantes en albergues fronterizos en Tijuana, M\u00e9xico cumple 14 a\u00f1os. Grupo RMG apoya estos refugios con v\u00edveres y hermandad.","canonical_url":"https:\/\/soymigrante.com\/revista\/red-migrante-guatemalteca-desayuno-accion-de-gracias-refugios-fronterizos-tijuana\/","robots":"max-snippet:-1, max-image-preview:large, max-video-preview:-1","keywords":"","webmasterTools":{"miscellaneous":"&lt;link rel=\"preconnect\" href=\"https:\/\/fonts.googleapis.com\" crossorigin&gt;\n&lt;link rel=\"preconnect\" href=\"https:\/\/fonts.gstatic.com\" crossorigin&gt;"},"schema":null,"og:locale":"es_ES","og:site_name":"SoyMigrante.com REVISTA \u2013 Nuestra misi\u00f3n es reconocer y dignificar al migrante.","og:type":"article","og:title":"Red Migrante Guatemalteca dona desayuno a refugios de Tijuana","og:description":"Desayuno de Acci\u00f3n de Gracias con migrantes en albergues fronterizos en Tijuana, M\u00e9xico cumple 14 a\u00f1os. Grupo RMG apoya estos refugios con v\u00edveres y hermandad.","og:url":"https:\/\/soymigrante.com\/revista\/red-migrante-guatemalteca-desayuno-accion-de-gracias-refugios-fronterizos-tijuana\/","og:image":"https:\/\/soymigrante.com\/revista\/wp-content\/uploads\/2025\/11\/desayuno-accion-de-gracias-red-migrante-3.jpg","og:image:secure_url":"https:\/\/soymigrante.com\/revista\/wp-content\/uploads\/2025\/11\/desayuno-accion-de-gracias-red-migrante-3.jpg","og:image:width":710,"og:image:height":710,"article:published_time":"2025-11-28T22:10:08+00:00","article:modified_time":"2025-11-28T22:10:16+00:00","article:publisher":"https:\/\/www.facebook.com\/soymigrantecom","twitter:card":"summary_large_image","twitter:site":"@SoyMigrante_com","twitter:title":"Red Migrante Guatemalteca dona desayuno a refugios de Tijuana","twitter:description":"Desayuno de Acci\u00f3n de Gracias con migrantes en albergues fronterizos en Tijuana, M\u00e9xico cumple 14 a\u00f1os. Grupo RMG apoya estos refugios con v\u00edveres y hermandad.","twitter:creator":"@SoyMigrante_com","twitter:image":"https:\/\/soymigrante.com\/revista\/wp-content\/uploads\/2025\/11\/desayuno-accion-de-gracias-red-migrante-3.jpg"},"aioseo_meta_data":{"post_id":"49712","title":"Silvia Orantes apoya a la ni\u00f1ez guatemalteca desde Dallas, TX","description":"A trav\u00e9s de la Fundaci\u00f3n Vida y Luz, creada en Dallas, Texas, la migrante guatemalteca Silvia Orantes, originaria de Jalapa apoya a hogares infantiles y asilos","keywords":null,"keyphrases":{"focus":{"keyphrase":"Guatemalteca","score":78,"analysis":{"keyphraseInTitle":{"score":9,"maxScore":9,"error":0},"keyphraseInDescription":{"score":9,"maxScore":9,"error":0},"keyphraseLength":{"score":9,"maxScore":9,"error":0,"length":1},"keyphraseInURL":{"score":5,"maxScore":5,"error":0},"keyphraseInIntroduction":{"score":9,"maxScore":9,"error":0},"keyphraseInSubHeadings":{"score":3,"maxScore":9,"error":1},"keyphraseInImageAlt":{"score":9,"maxScore":9,"error":0},"keywordDensity":{"score":0,"type":"low","maxScore":9,"error":1}}},"additional":[{"keyphrase":"Ni\u00f1ez","score":67,"analysis":{"keyphraseInDescription":{"score":3,"maxScore":9,"error":1},"keyphraseLength":{"score":9,"maxScore":9,"error":0,"length":2},"keyphraseInIntroduction":{"score":9,"maxScore":9,"error":0},"keyphraseInImageAlt":{"score":9,"maxScore":9,"error":0},"keywordDensity":{"score":0,"type":"low","maxScore":9,"error":1}}},{"keyphrase":"Migrante","score":67,"analysis":{"keyphraseInDescription":{"score":9,"maxScore":9,"error":0},"keyphraseLength":{"score":9,"maxScore":9,"error":0,"length":1},"keyphraseInIntroduction":{"score":3,"maxScore":9,"error":1},"keyphraseInImageAlt":{"score":9,"maxScore":9,"error":0},"keywordDensity":{"score":0,"type":"low","maxScore":9,"error":1}}}]},"primary_term":null,"canonical_url":null,"og_title":null,"og_description":null,"og_object_type":"default","og_image_type":"default","og_image_url":null,"og_image_width":null,"og_image_height":null,"og_image_custom_url":null,"og_image_custom_fields":null,"og_video":"","og_custom_url":null,"og_article_section":null,"og_article_tags":null,"twitter_use_og":false,"twitter_card":"default","twitter_image_type":"default","twitter_image_url":null,"twitter_image_custom_url":null,"twitter_image_custom_fields":null,"twitter_title":null,"twitter_description":null,"schema":{"blockGraphs":[],"customGraphs":[],"default":{"data":{"Article":[],"Course":[],"Dataset":[],"FAQPage":[],"Movie":[],"Person":[],"Product":[],"ProductReview":[],"Car":[],"Recipe":[],"Service":[],"SoftwareApplication":[],"WebPage":[]},"graphName":"NewsArticle","isEnabled":true},"graphs":[]},"schema_type":"default","schema_type_options":null,"pillar_content":false,"robots_default":true,"robots_noindex":false,"robots_noarchive":false,"robots_nosnippet":false,"robots_nofollow":false,"robots_noimageindex":false,"robots_noodp":false,"robots_notranslate":false,"robots_max_snippet":"-1","robots_max_videopreview":"-1","robots_max_imagepreview":"large","priority":null,"frequency":"default","local_seo":null,"seo_analyzer_scan_date":"2025-12-12 19:33:11","breadcrumb_settings":null,"limit_modified_date":false,"reviewed_by":"0","open_ai":null,"ai":{"faqs":[],"keyPoints":[],"titles":[],"descriptions":[],"socialPosts":{"email":[],"linkedin":[],"twitter":[],"facebook":[],"instagram":[]}},"created":"2025-12-12 17:43:22","updated":"2026-02-05 07:45:35"},"aioseo_breadcrumb":"<div class=\"aioseo-breadcrumbs\"><span class=\"aioseo-breadcrumb\">\n\t<a href=\"https:\/\/soymigrante.com\/revista\" title=\"Home\">Home<\/a>\n<\/span><span class=\"aioseo-breadcrumb-separator\">\u00bb<\/span><span class=\"aioseo-breadcrumb\">\n\t<a href=\"https:\/\/soymigrante.com\/revista\/category\/exitos\/\" title=\"\u00c9xitos\">\u00c9xitos<\/a>\n<\/span><span class=\"aioseo-breadcrumb-separator\">\u00bb<\/span><span class=\"aioseo-breadcrumb\">\n\t<a href=\"https:\/\/soymigrante.com\/revista\/category\/exitos\/guatemala\/\" title=\"Guatemala\">Guatemala<\/a>\n<\/span><span class=\"aioseo-breadcrumb-separator\">\u00bb<\/span><span class=\"aioseo-breadcrumb\">\n\tSilvia Orantes es luz, amor y apoyo a la ni\u00f1ez guatemalteca desde Dallas, Texas\n<\/span><\/div>","aioseo_breadcrumb_json":[{"label":"Home","link":"https:\/\/soymigrante.com\/revista"},{"label":"\u00c9xitos","link":"https:\/\/soymigrante.com\/revista\/category\/exitos\/"},{"label":"Guatemala","link":"https:\/\/soymigrante.com\/revista\/category\/exitos\/guatemala\/"},{"label":"Silvia Orantes es luz, amor y apoyo a la ni\u00f1ez guatemalteca desde Dallas, Texas","link":"https:\/\/soymigrante.com\/revista\/silvia-orantes-es-luz-amor-y-apoyo-a-la-ninez-guatemalteca-desde-dallas-texas\/"}],"_links":{"self":[{"href":"https:\/\/soymigrante.com\/revista\/wp-json\/wp\/v2\/posts\/49712","targetHints":{"allow":["GET"]}}],"collection":[{"href":"https:\/\/soymigrante.com\/revista\/wp-json\/wp\/v2\/posts"}],"about":[{"href":"https:\/\/soymigrante.com\/revista\/wp-json\/wp\/v2\/types\/post"}],"author":[{"embeddable":true,"href":"https:\/\/soymigrante.com\/revista\/wp-json\/wp\/v2\/users\/7"}],"replies":[{"embeddable":true,"href":"https:\/\/soymigrante.com\/revista\/wp-json\/wp\/v2\/comments?post=49712"}],"version-history":[{"count":11,"href":"https:\/\/soymigrante.com\/revista\/wp-json\/wp\/v2\/posts\/49712\/revisions"}],"predecessor-version":[{"id":49730,"href":"https:\/\/soymigrante.com\/revista\/wp-json\/wp\/v2\/posts\/49712\/revisions\/49730"}],"wp:featuredmedia":[{"embeddable":true,"href":"https:\/\/soymigrante.com\/revista\/wp-json\/wp\/v2\/media\/49716"}],"wp:attachment":[{"href":"https:\/\/soymigrante.com\/revista\/wp-json\/wp\/v2\/media?parent=49712"}],"wp:term":[{"taxonomy":"category","embeddable":true,"href":"https:\/\/soymigrante.com\/revista\/wp-json\/wp\/v2\/categories?post=49712"},{"taxonomy":"post_tag","embeddable":true,"href":"https:\/\/soymigrante.com\/revista\/wp-json\/wp\/v2\/tags?post=49712"}],"curies":[{"name":"wp","href":"https:\/\/api.w.org\/{rel}","templated":true}]}}