{"id":49696,"date":"2025-12-12T10:09:36","date_gmt":"2025-12-12T16:09:36","guid":{"rendered":"https:\/\/soymigrante.com\/revista\/?p=49696"},"modified":"2025-12-12T10:17:38","modified_gmt":"2025-12-12T16:17:38","slug":"congresista-delia-ramirez-hija-de-guatemaltecos-cuestiona-a-secretaria-noem-por-abusos-en-redadas","status":"publish","type":"post","link":"https:\/\/soymigrante.com\/revista\/congresista-delia-ramirez-hija-de-guatemaltecos-cuestiona-a-secretaria-noem-por-abusos-en-redadas\/","title":{"rendered":"Congresista Delia Ram\u00edrez, de ra\u00edz guatemalteca se\u00f1ala abusos en redadas a secretaria Noem"},"content":{"rendered":"\t\t<div data-elementor-type=\"wp-post\" data-elementor-id=\"49696\" class=\"elementor elementor-49696\" data-elementor-post-type=\"post\">\n\t\t\t\t<div data-particle_enable=\"false\" data-particle-mobile-disabled=\"false\" class=\"elementor-element elementor-element-b31c01e e-flex e-con-boxed e-con e-parent\" data-id=\"b31c01e\" data-element_type=\"container\" data-e-type=\"container\">\n\t\t\t\t\t<div class=\"e-con-inner\">\n\t\t\t\t<div class=\"elementor-element elementor-element-36d4fbc elementor-widget elementor-widget-heading\" data-id=\"36d4fbc\" data-element_type=\"widget\" data-e-type=\"widget\" data-widget_type=\"heading.default\">\n\t\t\t\t\t<h2 class=\"elementor-heading-title elementor-size-default\">La congresista por Chicago Delia Ram\u00edrez cuestion\u00f3 a la secretaria de Seguridad Interior Kristi Noem, por detenci\u00f3n de ciudadanos en redadas y la se\u00f1al\u00f3 de mentir al Congreso. Noem neg\u00f3 las acusaciones.<\/h2>\t\t\t\t<\/div>\n\t\t\t\t\t<\/div>\n\t\t\t\t<\/div>\n\t\t<div data-particle_enable=\"false\" data-particle-mobile-disabled=\"false\" class=\"elementor-element elementor-element-459a39e e-flex e-con-boxed e-con e-parent\" data-id=\"459a39e\" data-element_type=\"container\" data-e-type=\"container\">\n\t\t\t\t\t<div class=\"e-con-inner\">\n\t\t\t\t<div class=\"elementor-element elementor-element-37cbbe7 elementor-widget elementor-widget-text-editor\" data-id=\"37cbbe7\" data-element_type=\"widget\" data-e-type=\"widget\" data-widget_type=\"text-editor.default\">\n\t\t\t\t\t\t\t\t\t<p data-start=\"102\" data-end=\"413\"><i>&#8220;Quiero ser muy clara. Usted ha <span data-start=\"133\" data-end=\"185\">mal utilizado recursos asignados por el Congreso<\/span>. Ha incurrido en <span data-start=\"203\" data-end=\"228\"><a href=\"https:\/\/soymigrante.com\/revista\/gobernador-de-carolina-del-norte-senala-abusos-en-operativos-migratorios-y-pide-reporte-de-detenidos\/\">conductas<\/a> poco \u00e9ticas<\/span>. Ha hecho repetidamente <span data-start=\"253\" data-end=\"289\">declaraciones falsas y enga\u00f1osas<\/span> al Congreso y a la prensa. Y ha socavado la <span data-start=\"334\" data-end=\"359\">separaci\u00f3n de poderes<\/span>, ignorando el papel del Congreso y de los tribunales&#8221;, dijo Delia Ram\u00edrez, congresista por Chicago, en 1 minuto y 10 segundos, a la secretaria de seguridad Kristi Noem durante una audiencia legislativa, el jueves 11 de diciembre, en la cual se cuestion\u00f3<a href=\"https:\/\/soymigrante.com\/revista\/congreso-y-senado-de-usa-investigan-detenciones-ilegales-de-latinos-ciudadanos-por-ice\/\"> la detenci\u00f3n de al menos 170 ciudadanos estadounidenses, documentada por Pro Publica.<\/a><\/i><\/p>\t\t\t\t\t\t\t\t<\/div>\n\t\t\t\t\t<\/div>\n\t\t\t\t<\/div>\n\t\t<div data-particle_enable=\"false\" data-particle-mobile-disabled=\"false\" class=\"elementor-element elementor-element-ae3c1cb e-flex e-con-boxed e-con e-parent\" data-id=\"ae3c1cb\" data-element_type=\"container\" data-e-type=\"container\">\n\t\t\t\t\t<div class=\"e-con-inner\">\n\t\t\t\t<div class=\"elementor-element elementor-element-b316cc3 elementor-widget elementor-widget-html\" data-id=\"b316cc3\" data-element_type=\"widget\" data-e-type=\"widget\" data-widget_type=\"html.default\">\n\t\t\t\t\t<iframe width=\"560\" height=\"415\" src=\"https:\/\/www.youtube.com\/embed\/Ic4b1iWLOww?si=809zYAf-LPCwdJQx\" title=\"YouTube video player\" frameborder=\"0\" allow=\"accelerometer; autoplay; clipboard-write; encrypted-media; gyroscope; picture-in-picture; web-share\" referrerpolicy=\"strict-origin-when-cross-origin\" allowfullscreen><\/iframe>\t\t\t\t<\/div>\n\t\t\t\t\t<\/div>\n\t\t\t\t<\/div>\n\t\t<div data-particle_enable=\"false\" data-particle-mobile-disabled=\"false\" class=\"elementor-element elementor-element-f6e896c e-flex e-con-boxed e-con e-parent\" data-id=\"f6e896c\" data-element_type=\"container\" data-e-type=\"container\">\n\t\t\t\t\t<div class=\"e-con-inner\">\n\t\t\t\t<div class=\"elementor-element elementor-element-b4bdb43 elementor-widget elementor-widget-heading\" data-id=\"b4bdb43\" data-element_type=\"widget\" data-e-type=\"widget\" data-widget_type=\"heading.default\">\n\t\t\t\t\t<h2 class=\"elementor-heading-title elementor-size-default\">\"Usted rendir\u00e1 cuentas...\"<\/h2>\t\t\t\t<\/div>\n\t\t\t\t\t<\/div>\n\t\t\t\t<\/div>\n\t\t<div data-particle_enable=\"false\" data-particle-mobile-disabled=\"false\" class=\"elementor-element elementor-element-bb73e6a e-flex e-con-boxed e-con e-parent\" data-id=\"bb73e6a\" data-element_type=\"container\" data-e-type=\"container\">\n\t\t\t\t\t<div class=\"e-con-inner\">\n\t\t\t\t<div class=\"elementor-element elementor-element-246aaa5 elementor-widget elementor-widget-text-editor\" data-id=\"246aaa5\" data-element_type=\"widget\" data-e-type=\"widget\" data-widget_type=\"text-editor.default\">\n\t\t\t\t\t\t\t\t\t<p data-start=\"102\" data-end=\"413\"><i>Ram\u00edrez prosigui\u00f3 en la audiencia: &#8220;En resumen: <span data-start=\"427\" data-end=\"451\">miente con impunidad<\/span>, rechaza los sistemas de pesos y contrapesos, e ignora al Congreso y a los tribunales. Sus opciones son limitadas: o <span data-start=\"569\" data-end=\"581\">renuncia<\/span>, o <span data-start=\"585\" data-end=\"607\">Trump la despedir\u00e1<\/span>, o <span data-start=\"611\" data-end=\"656\">ser\u00e1 sometida a un proceso de destituci\u00f3n&#8221;<\/span>.\u00a0<\/i><\/p><p data-start=\"102\" data-end=\"413\"><i>&#8220;Yo ya he pedido su renuncia; quiz\u00e1 recuerde que le entregu\u00e9 mi solicitud <span data-start=\"731\" data-end=\"742\">en mano<\/span> en mayo pasado. Y la insto a reconsiderar su renuncia porque <span data-start=\"804\" data-end=\"862\">he dado el primer paso hacia su proceso de destituci\u00f3n<\/span>. He solicitado al Comit\u00e9 Judicial que abra una investigaci\u00f3n sobre su comportamiento ilegal&#8221;.<\/i><\/p><p data-start=\"957\" data-end=\"1239\"><i>&#8220;Se\u00f1or presidente, s\u00e9 que al final incorporaremos varios documentos por consentimiento, pero como me quedan unos momentos, pido <span data-start=\"1084\" data-end=\"1110\">consentimiento un\u00e1nime<\/span> para incorporar al expediente una carta que solicita al Comit\u00e9 Judicial investigar los delitos imputables de la secretaria Noem&#8221;.<\/i><\/p><p data-start=\"1241\" data-end=\"1438\" data-is-last-node=\"\" data-is-only-node=\"\"><i>&#8220;Sea cual sea su decisi\u00f3n, <a href=\"https:\/\/soymigrante.com\/revista\/gobernador-de-carolina-del-norte-senala-abusos-en-operativos-migratorios-y-pide-reporte-de-detenidos\/\"><span data-start=\"1267\" data-end=\"1311\">el pueblo estadounidense tendr\u00e1 justicia<\/span>,<\/a> secretaria, y <span data-start=\"1327\" data-end=\"1352\">usted rendir\u00e1 cuentas<\/span>. Me asegurar\u00e9 de eso cada d\u00eda&#8221;.<\/i><\/p>\t\t\t\t\t\t\t\t<\/div>\n\t\t\t\t\t<\/div>\n\t\t\t\t<\/div>\n\t\t<div data-particle_enable=\"false\" data-particle-mobile-disabled=\"false\" class=\"elementor-element elementor-element-16c2727 e-flex e-con-boxed e-con e-parent\" data-id=\"16c2727\" data-element_type=\"container\" data-e-type=\"container\">\n\t\t\t\t\t<div class=\"e-con-inner\">\n\t\t\t\t<div class=\"elementor-element elementor-element-5f3f105 elementor-widget elementor-widget-image\" data-id=\"5f3f105\" data-element_type=\"widget\" data-e-type=\"widget\" data-widget_type=\"image.default\">\n\t\t\t\t\t\t\t\t\t\t\t\t<figure class=\"wp-caption\">\n\t\t\t\t\t\t\t\t\t\t<img fetchpriority=\"high\" decoding=\"async\" width=\"999\" height=\"772\" src=\"https:\/\/soymigrante.com\/revista\/wp-content\/uploads\/2025\/12\/delia-ramirez-congresista-hija-de-migrantes-cita-a-cristy-noem-18.png\" class=\"attachment-large size-large wp-image-49700\" alt=\"Durante la comparecencia de la secretaria Kristi Noem ante la comisi\u00f3n del Congreso, se se\u00f1al\u00f3 la detenci\u00f3n de al menos 170 ciudadanos estadounidenses durante los operativos migratorios, sin respetar sus garant\u00edas constitucionales y se se\u00f1al\u00f3 a Noem de haber negado que tales sucesos ocurrieran. La congresista Delia Ram\u00edrez, dem\u00f3crata por Chicago, es hija de migrantes guatemaltecos. (Imagen captura de pantalla C-Span)\" srcset=\"https:\/\/soymigrante.com\/revista\/wp-content\/uploads\/2025\/12\/delia-ramirez-congresista-hija-de-migrantes-cita-a-cristy-noem-18.png 999w, https:\/\/soymigrante.com\/revista\/wp-content\/uploads\/2025\/12\/delia-ramirez-congresista-hija-de-migrantes-cita-a-cristy-noem-18-300x232.png 300w, https:\/\/soymigrante.com\/revista\/wp-content\/uploads\/2025\/12\/delia-ramirez-congresista-hija-de-migrantes-cita-a-cristy-noem-18-768x593.png 768w, https:\/\/soymigrante.com\/revista\/wp-content\/uploads\/2025\/12\/delia-ramirez-congresista-hija-de-migrantes-cita-a-cristy-noem-18-750x580.png 750w\" sizes=\"(max-width: 999px) 100vw, 999px\" title=\"Durante la comparecencia de la secretaria Kristi Noem ante la comisi\u00f3n del Congreso, se se\u00f1al\u00f3 la detenci\u00f3n de al menos 170 ciudadanos estadounidenses durante los operativos migratorios, sin respetar sus garant\u00edas constitucionales y se  se\u00f1al\u00f3 a Noem de haber negado que tales sucesos ocurrieran. La congresista Delia Ram\u00edrez, dem\u00f3crata por Chicago, es hija de migrantes guatemaltecos. (Imagen captura de pantalla C-Span) \u2013 SoyMigrante.com REVISTA\" \/>\t\t\t\t\t\t\t\t\t\t\t<figcaption class=\"widget-image-caption wp-caption-text\">Durante la comparecencia de la secretaria Kristi Noem ante la comisi\u00f3n del Congreso, se se\u00f1al\u00f3 la detenci\u00f3n de al menos 170 ciudadanos estadounidenses durante los operativos migratorios, sin respetar sus garant\u00edas constitucionales y se  se\u00f1al\u00f3 a Noem de haber negado que tales sucesos ocurrieran. La congresista Delia Ram\u00edrez, dem\u00f3crata por Chicago, es hija de migrantes guatemaltecos. (Imagen captura de pantalla C-Span)<\/figcaption>\n\t\t\t\t\t\t\t\t\t\t<\/figure>\n\t\t\t\t\t\t\t\t\t<\/div>\n\t\t\t\t\t<\/div>\n\t\t\t\t<\/div>\n\t\t<div data-particle_enable=\"false\" data-particle-mobile-disabled=\"false\" class=\"elementor-element elementor-element-119f863 e-flex e-con-boxed e-con e-parent\" data-id=\"119f863\" data-element_type=\"container\" data-e-type=\"container\">\n\t\t\t\t\t<div class=\"e-con-inner\">\n\t\t\t\t<div class=\"elementor-element elementor-element-d3fc8f1 elementor-widget elementor-widget-heading\" data-id=\"d3fc8f1\" data-element_type=\"widget\" data-e-type=\"widget\" data-widget_type=\"heading.default\">\n\t\t\t\t\t<h3 class=\"elementor-heading-title elementor-size-default\">Secretaria Noem neg\u00f3 los se\u00f1alamientos<\/h3>\t\t\t\t<\/div>\n\t\t\t\t\t<\/div>\n\t\t\t\t<\/div>\n\t\t<div data-particle_enable=\"false\" data-particle-mobile-disabled=\"false\" class=\"elementor-element elementor-element-b3ca09f e-flex e-con-boxed e-con e-parent\" data-id=\"b3ca09f\" data-element_type=\"container\" data-e-type=\"container\">\n\t\t\t\t\t<div class=\"e-con-inner\">\n\t\t\t\t<div class=\"elementor-element elementor-element-f783aa4 elementor-widget elementor-widget-text-editor\" data-id=\"f783aa4\" data-element_type=\"widget\" data-e-type=\"widget\" data-widget_type=\"text-editor.default\">\n\t\t\t\t\t\t\t\t\t<p data-start=\"2357\" data-end=\"2862\">Noem <a href=\"https:\/\/soymigrante.com\/revista\/gobernador-de-carolina-del-norte-senala-abusos-en-operativos-migratorios-y-pide-reporte-de-detenidos\/\">neg\u00f3 haber violado \u00f3rdenes judiciales<\/a> y sostuvo que el DHS \u201ccumple con todas las \u00f3rdenes de jueces federales\u201d, aunque evit\u00f3 reconocer directamente<a href=\"https:\/\/soymigrante.com\/revista\/congreso-y-senado-de-usa-investigan-detenciones-ilegales-de-latinos-ciudadanos-por-ice\/\"> los casos de ciudadanos estadounidenses detenidos. <\/a>El representante Shri Thanedar tambi\u00e9n la cuestion\u00f3, pregunt\u00e1ndole si estaba \u201cenga\u00f1ando al p\u00fablico\u201d al negar <a href=\"https:\/\/soymigrante.com\/revista\/congreso-y-senado-de-usa-investigan-detenciones-ilegales-de-latinos-ciudadanos-por-ice\/\">hechos ampliamente documentados.<\/a><\/p><p data-start=\"3210\" data-end=\"3557\">Un portavoz del presidente del Comit\u00e9 Judicial, el republicano Jim Jordan, calific\u00f3 la solicitud de investigaci\u00f3n como \u201crid\u00edcula e inofensiva\u201d. Sin embargo, Ram\u00edrez afirm\u00f3 que continuar\u00e1 presionando.<\/p><p data-start=\"2357\" data-end=\"2862\"><a href=\"https:\/\/ramirez.house.gov\/sites\/evo-subsites\/ramirez.house.gov\/files\/evo-media-document\/updated-2024.05.14-homesec-letter-calling-secretary-noem-to-resign-google-docs.pdf\">En la carta entregada por Ram\u00edrez al secretario de la sala, <\/a>se detallan otras presuntas irregularidades: una campa\u00f1a de propaganda de 200 millones de d\u00f3lares que benefici\u00f3 a personas con v\u00ednculos personales con Noem; la compra de <strong data-start=\"2539\" data-end=\"2591\">dos aviones privados por 172 millones de d\u00f3lares<\/strong> para el DHS; el uso de un video de tono pol\u00edtico en aeropuertos durante el cierre del gobierno \u2014posible violaci\u00f3n de la Ley Hatch\u2014; y el incumplimiento de <strong data-start=\"2747\" data-end=\"2769\">\u00f3rdenes judiciales<\/strong> que prohib\u00edan vuelos de deportaci\u00f3n hacia El Salvador y el uso de armas qu\u00edmicas en Chicago.<\/p>\t\t\t\t\t\t\t\t<\/div>\n\t\t\t\t\t<\/div>\n\t\t\t\t<\/div>\n\t\t<div data-particle_enable=\"false\" data-particle-mobile-disabled=\"false\" class=\"elementor-element elementor-element-a15d75b e-flex e-con-boxed e-con e-parent\" data-id=\"a15d75b\" data-element_type=\"container\" data-e-type=\"container\">\n\t\t\t\t\t<div class=\"e-con-inner\">\n\t\t\t\t<div class=\"elementor-element elementor-element-f9813f4 elementor-widget elementor-widget-heading\" data-id=\"f9813f4\" data-element_type=\"widget\" data-e-type=\"widget\" data-widget_type=\"heading.default\">\n\t\t\t\t\t<h2 class=\"elementor-heading-title elementor-size-default\">Tambi\u00e9n podr\u00eda interesarte<\/h2>\t\t\t\t<\/div>\n\t\t\t\t\t<\/div>\n\t\t\t\t<\/div>\n\t\t<div data-particle_enable=\"false\" data-particle-mobile-disabled=\"false\" class=\"elementor-element elementor-element-ac9ed55 e-flex e-con-boxed e-con e-parent\" data-id=\"ac9ed55\" data-element_type=\"container\" data-e-type=\"container\">\n\t\t\t\t\t<div class=\"e-con-inner\">\n\t\t\t\t<div class=\"elementor-element elementor-element-4165b11 elementor-grid-eael-col-3 elementor-grid-tablet-eael-col-2 elementor-grid-mobile-eael-col-1 elementor-widget elementor-widget-eael-post-grid\" data-id=\"4165b11\" data-element_type=\"widget\" data-e-type=\"widget\" data-settings=\"{&quot;eael_post_grid_columns&quot;:&quot;eael-col-3&quot;,&quot;eael_post_grid_columns_tablet&quot;:&quot;eael-col-2&quot;,&quot;eael_post_grid_columns_mobile&quot;:&quot;eael-col-1&quot;}\" data-widget_type=\"eael-post-grid.default\">\n\t\t\t\t\t<div id=\"eael-post-grid-4165b11\" class=\"eael-post-grid-container\">\n            <div class=\"eael-post-grid eael-post-appender eael-post-appender-4165b11 eael-post-grid-style-one\" data-layout-mode=\"masonry\"><article class=\"eael-grid-post  eael-post-grid-column eael-pg-post-43400 category-arte-cultura\" data-id=\"43400\">\n        <div class=\"eael-grid-post-holder\">\n            <div class=\"eael-grid-post-holder-inner\"><div class=\"eael-entry-media\"><div class=\"eael-entry-overlay fade-in\"><i class=\"far fa-hand-pointer\" aria-hidden=\"true\"><\/i><a href=\"https:\/\/soymigrante.com\/revista\/efrain-recinos-un-genio-del-arte-guatemalteco-que-vivira-siempre\/\"><\/a><\/div><div class=\"eael-entry-thumbnail eael-image-ratio\">\n                <img decoding=\"async\" width=\"421\" height=\"416\" src=\"https:\/\/soymigrante.com\/revista\/wp-content\/uploads\/2025\/09\/Guatemalita-de-Efrain-Recinos.png\" class=\"attachment-large size-large wp-image-43608\" alt=\"Guatemalita de Efra\u00edn Recinos\" srcset=\"https:\/\/soymigrante.com\/revista\/wp-content\/uploads\/2025\/09\/Guatemalita-de-Efrain-Recinos.png 421w, https:\/\/soymigrante.com\/revista\/wp-content\/uploads\/2025\/09\/Guatemalita-de-Efrain-Recinos-300x296.png 300w, https:\/\/soymigrante.com\/revista\/wp-content\/uploads\/2025\/09\/Guatemalita-de-Efrain-Recinos-75x75.png 75w\" sizes=\"(max-width: 421px) 100vw, 421px\" \/>\n            <\/div>\n        <\/div><div class=\"eael-entry-wrapper\"><header class=\"eael-entry-header\"><h2 class=\"eael-entry-title\"><a class=\"eael-grid-post-link\" href=\"https:\/\/soymigrante.com\/revista\/efrain-recinos-un-genio-del-arte-guatemalteco-que-vivira-siempre\/\" title=\"Mira arte guatemalteco: Efra\u00edn Recinos, un genio que sigue a la vista de todos\">Mira arte guatemalteco: Efra\u00edn Recinos, un genio que sigue a la vista de todos<\/a><\/h2><\/header><div class=\"eael-entry-content\">\n                        <div class=\"eael-grid-post-excerpt\"><a href=\"https:\/\/soymigrante.com\/revista\/efrain-recinos-un-genio-del-arte-guatemalteco-que-vivira-siempre\/\" class=\"eael-post-elements-readmore-btn\">CONOCE SU HISTORIA <\/a><\/div>\n                    <\/div><\/div><\/div>\n        <\/div>\n    <\/article><article class=\"eael-grid-post  eael-post-grid-column eael-pg-post-43829 category-arte-cultura-guate-nuestra\" data-id=\"43829\">\n        <div class=\"eael-grid-post-holder\">\n            <div class=\"eael-grid-post-holder-inner\"><div class=\"eael-entry-media\"><div class=\"eael-entry-overlay fade-in\"><i class=\"far fa-hand-pointer\" aria-hidden=\"true\"><\/i><a href=\"https:\/\/soymigrante.com\/revista\/juan-sisay-arte-guatemalteco-maya-tzutujil-atitlan\/\"><\/a><\/div><div class=\"eael-entry-thumbnail eael-image-ratio\">\n                <img decoding=\"async\" width=\"485\" height=\"485\" src=\"https:\/\/soymigrante.com\/revista\/wp-content\/uploads\/2025\/09\/Juan-Sisay1-e1757021856514.jpeg\" class=\"attachment-large size-large wp-image-43830\" alt=\"Juan Sisay: el artista guatemalteco que retrat\u00f3 la identidad tz&#039;utuj&#039;il desde dentro. El artista fue asesinado en abril de 1989 despu\u00e9s de haber pintado acerca de una masacre cometida en Santiago Atitl\u00e1n durante el conflicto armado interno. (Retrato por Miguel Ch\u00e1vez)\" srcset=\"https:\/\/soymigrante.com\/revista\/wp-content\/uploads\/2025\/09\/Juan-Sisay1-e1757021856514.jpeg 485w, https:\/\/soymigrante.com\/revista\/wp-content\/uploads\/2025\/09\/Juan-Sisay1-e1757021856514-300x300.jpeg 300w, https:\/\/soymigrante.com\/revista\/wp-content\/uploads\/2025\/09\/Juan-Sisay1-e1757021856514-150x150.jpeg 150w, https:\/\/soymigrante.com\/revista\/wp-content\/uploads\/2025\/09\/Juan-Sisay1-e1757021856514-75x75.jpeg 75w\" sizes=\"(max-width: 485px) 100vw, 485px\" \/>\n            <\/div>\n        <\/div><div class=\"eael-entry-wrapper\"><header class=\"eael-entry-header\"><h2 class=\"eael-entry-title\"><a class=\"eael-grid-post-link\" href=\"https:\/\/soymigrante.com\/revista\/juan-sisay-arte-guatemalteco-maya-tzutujil-atitlan\/\" title=\"Mira arte guatemalteco: Pintor tz&#8217;utuj&#8217;il Juan Sisay origin\u00f3 la pintura popular de Atitl\u00e1n\">Mira arte guatemalteco: Pintor tz&#8217;utuj&#8217;il Juan Sisay origin\u00f3 la pintura popular de Atitl\u00e1n<\/a><\/h2><\/header><div class=\"eael-entry-content\">\n                        <div class=\"eael-grid-post-excerpt\"><a href=\"https:\/\/soymigrante.com\/revista\/juan-sisay-arte-guatemalteco-maya-tzutujil-atitlan\/\" class=\"eael-post-elements-readmore-btn\">CONOCE SU HISTORIA <\/a><\/div>\n                    <\/div><\/div><\/div>\n        <\/div>\n    <\/article><article class=\"eael-grid-post  eael-post-grid-column eael-pg-post-43891 category-arte-cultura-guate-nuestra\" data-id=\"43891\">\n        <div class=\"eael-grid-post-holder\">\n            <div class=\"eael-grid-post-holder-inner\"><div class=\"eael-entry-media\"><div class=\"eael-entry-overlay fade-in\"><i class=\"far fa-hand-pointer\" aria-hidden=\"true\"><\/i><a href=\"https:\/\/soymigrante.com\/revista\/mira-arte-guatemalteco-la-mirada-magica-de-rina-lazo\/\"><\/a><\/div><div class=\"eael-entry-thumbnail eael-image-ratio\">\n                <img loading=\"lazy\" decoding=\"async\" width=\"500\" height=\"500\" src=\"https:\/\/soymigrante.com\/revista\/wp-content\/uploads\/2025\/09\/Rina-lazo-2.jpg\" class=\"attachment-large size-large wp-image-43892\" alt=\"Rina Lazo: El trazo de una identidad mesoamericana\" srcset=\"https:\/\/soymigrante.com\/revista\/wp-content\/uploads\/2025\/09\/Rina-lazo-2.jpg 500w, https:\/\/soymigrante.com\/revista\/wp-content\/uploads\/2025\/09\/Rina-lazo-2-300x300.jpg 300w, https:\/\/soymigrante.com\/revista\/wp-content\/uploads\/2025\/09\/Rina-lazo-2-150x150.jpg 150w, https:\/\/soymigrante.com\/revista\/wp-content\/uploads\/2025\/09\/Rina-lazo-2-75x75.jpg 75w\" sizes=\"(max-width: 500px) 100vw, 500px\" \/>\n            <\/div>\n        <\/div><div class=\"eael-entry-wrapper\"><header class=\"eael-entry-header\"><h2 class=\"eael-entry-title\"><a class=\"eael-grid-post-link\" href=\"https:\/\/soymigrante.com\/revista\/mira-arte-guatemalteco-la-mirada-magica-de-rina-lazo\/\" title=\"Mira arte guatemalteco: La mirada m\u00e1gica de Rina Lazo\">Mira arte guatemalteco: La mirada m\u00e1gica de Rina Lazo<\/a><\/h2><\/header><div class=\"eael-entry-content\">\n                        <div class=\"eael-grid-post-excerpt\"><a href=\"https:\/\/soymigrante.com\/revista\/mira-arte-guatemalteco-la-mirada-magica-de-rina-lazo\/\" class=\"eael-post-elements-readmore-btn\">CONOCE SU HISTORIA <\/a><\/div>\n                    <\/div><\/div><\/div>\n        <\/div>\n    <\/article><\/div>\n            <div class=\"clearfix\"><\/div>\n        <\/div>\t\t\t\t<\/div>\n\t\t\t\t\t<\/div>\n\t\t\t\t<\/div>\n\t\t\t\t<\/div>\n\t\t","protected":false},"excerpt":{"rendered":"<p>La congresista por Chicago Delia Ram\u00edrez cuestion\u00f3 a la secretaria de Seguridad Interior Kristi Noem, por detenci\u00f3n de ciudadanos en redadas y la se\u00f1al\u00f3 de mentir al Congreso. Noem neg\u00f3 las acusaciones. &#8220;Quiero ser muy clara. Usted ha mal utilizado recursos asignados por el Congreso. Ha incurrido en conductas poco \u00e9ticas. Ha hecho repetidamente declaraciones [&hellip;]<\/p>\n","protected":false},"author":1,"featured_media":49697,"comment_status":"open","ping_status":"open","sticky":false,"template":"","format":"standard","meta":{"_acf_changed":false,"_eb_attr":"","footnotes":""},"categories":[280],"tags":[],"class_list":["post-49696","post","type-post","status-publish","format-standard","has-post-thumbnail","hentry","category-noticias"],"acf":[],"aioseo_notices":[],"aioseo_head":"\n\t\t<!-- All in One SEO Pro 4.9.6.2 - aioseo.com -->\n\t<meta name=\"description\" content=\"Rina Lazo (1923-2019) retrat\u00f3 la grandeza maya y reflej\u00f3 la cultura guatemalteca en lienzos y murales. Se form\u00f3 y gan\u00f3 fama en M\u00e9xico pero su alma era de quetzal.\" \/>\n\t<meta name=\"robots\" content=\"max-snippet:-1, max-image-preview:large, max-video-preview:-1\" \/>\n\t<meta name=\"author\" content=\"Marysabel Aldana\"\/>\n\t<link rel=\"canonical\" href=\"https:\/\/soymigrante.com\/revista\/mira-arte-guatemalteco-la-mirada-magica-de-rina-lazo\/\" \/>\n\t<meta name=\"generator\" content=\"All in One SEO Pro (AIOSEO) 4.9.6.2\" \/>\n\n\t\t<link rel=\"preconnect\" href=\"https:\/\/fonts.googleapis.com\" crossorigin>\n<link rel=\"preconnect\" href=\"https:\/\/fonts.gstatic.com\" crossorigin>\n\t\t<meta property=\"og:locale\" content=\"es_ES\" \/>\n\t\t<meta property=\"og:site_name\" content=\"SoyMigrante.com REVISTA \u2013 Nuestra misi\u00f3n es reconocer y dignificar al migrante.\" \/>\n\t\t<meta property=\"og:type\" content=\"article\" \/>\n\t\t<meta property=\"og:title\" content=\"Mira arte guatemalteco: La mirada m\u00e1gica de Rina Lazo\" \/>\n\t\t<meta property=\"og:description\" content=\"Rina Lazo (1923-2019) retrat\u00f3 la grandeza maya y reflej\u00f3 la cultura guatemalteca en lienzos y murales. Se form\u00f3 y gan\u00f3 fama en M\u00e9xico pero su alma era de quetzal.\" \/>\n\t\t<meta property=\"og:url\" content=\"https:\/\/soymigrante.com\/revista\/mira-arte-guatemalteco-la-mirada-magica-de-rina-lazo\/\" \/>\n\t\t<meta property=\"og:image\" content=\"https:\/\/soymigrante.com\/revista\/wp-content\/uploads\/2025\/09\/Rina-lazo-2.jpg\" \/>\n\t\t<meta property=\"og:image:secure_url\" content=\"https:\/\/soymigrante.com\/revista\/wp-content\/uploads\/2025\/09\/Rina-lazo-2.jpg\" \/>\n\t\t<meta property=\"og:image:width\" content=\"500\" \/>\n\t\t<meta property=\"og:image:height\" content=\"500\" \/>\n\t\t<meta property=\"article:published_time\" content=\"2025-09-08T11:30:00+00:00\" \/>\n\t\t<meta property=\"article:modified_time\" content=\"2025-09-08T04:42:09+00:00\" \/>\n\t\t<meta property=\"article:publisher\" content=\"https:\/\/www.facebook.com\/soymigrantecom\" \/>\n\t\t<meta name=\"twitter:card\" content=\"summary_large_image\" \/>\n\t\t<meta name=\"twitter:site\" content=\"@SoyMigrante_com\" \/>\n\t\t<meta name=\"twitter:title\" content=\"Mira arte guatemalteco: La mirada m\u00e1gica de Rina Lazo\" \/>\n\t\t<meta name=\"twitter:description\" content=\"Rina Lazo (1923-2019) retrat\u00f3 la grandeza maya y reflej\u00f3 la cultura guatemalteca en lienzos y murales. Se form\u00f3 y gan\u00f3 fama en M\u00e9xico pero su alma era de quetzal.\" \/>\n\t\t<meta name=\"twitter:creator\" content=\"@SoyMigrante_com\" \/>\n\t\t<meta name=\"twitter:image\" content=\"https:\/\/soymigrante.com\/revista\/wp-content\/uploads\/2025\/09\/Rina-lazo-2.jpg\" \/>\n\t\t<!-- All in One SEO Pro -->\r\n\t\t<title>Mira arte guatemalteco: La mirada m\u00e1gica de Rina Lazo<\/title>\n\n","aioseo_head_json":{"title":"Mira arte guatemalteco: La mirada m\u00e1gica de Rina Lazo","description":"Rina Lazo (1923-2019) retrat\u00f3 la grandeza maya y reflej\u00f3 la cultura guatemalteca en lienzos y murales. Se form\u00f3 y gan\u00f3 fama en M\u00e9xico pero su alma era de quetzal.","canonical_url":"https:\/\/soymigrante.com\/revista\/mira-arte-guatemalteco-la-mirada-magica-de-rina-lazo\/","robots":"max-snippet:-1, max-image-preview:large, max-video-preview:-1","keywords":"","webmasterTools":{"miscellaneous":"&lt;link rel=\"preconnect\" href=\"https:\/\/fonts.googleapis.com\" crossorigin&gt;\n&lt;link rel=\"preconnect\" href=\"https:\/\/fonts.gstatic.com\" crossorigin&gt;"},"schema":null,"og:locale":"es_ES","og:site_name":"SoyMigrante.com REVISTA \u2013 Nuestra misi\u00f3n es reconocer y dignificar al migrante.","og:type":"article","og:title":"Mira arte guatemalteco: La mirada m\u00e1gica de Rina Lazo","og:description":"Rina Lazo (1923-2019) retrat\u00f3 la grandeza maya y reflej\u00f3 la cultura guatemalteca en lienzos y murales. Se form\u00f3 y gan\u00f3 fama en M\u00e9xico pero su alma era de quetzal.","og:url":"https:\/\/soymigrante.com\/revista\/mira-arte-guatemalteco-la-mirada-magica-de-rina-lazo\/","og:image":"https:\/\/soymigrante.com\/revista\/wp-content\/uploads\/2025\/09\/Rina-lazo-2.jpg","og:image:secure_url":"https:\/\/soymigrante.com\/revista\/wp-content\/uploads\/2025\/09\/Rina-lazo-2.jpg","og:image:width":500,"og:image:height":500,"article:published_time":"2025-09-08T11:30:00+00:00","article:modified_time":"2025-09-08T04:42:09+00:00","article:publisher":"https:\/\/www.facebook.com\/soymigrantecom","twitter:card":"summary_large_image","twitter:site":"@SoyMigrante_com","twitter:title":"Mira arte guatemalteco: La mirada m\u00e1gica de Rina Lazo","twitter:description":"Rina Lazo (1923-2019) retrat\u00f3 la grandeza maya y reflej\u00f3 la cultura guatemalteca en lienzos y murales. Se form\u00f3 y gan\u00f3 fama en M\u00e9xico pero su alma era de quetzal.","twitter:creator":"@SoyMigrante_com","twitter:image":"https:\/\/soymigrante.com\/revista\/wp-content\/uploads\/2025\/09\/Rina-lazo-2.jpg"},"aioseo_meta_data":{"post_id":"49696","title":"Congresista Delia Ram\u00edrez cuestiona a Kristi Noem por abusos","description":"Congresista hija de migrantes guatemaltecos se\u00f1al\u00f3 captura de ciudadanos en redadas, se\u00f1al\u00f3 a Kristi Noem de mentir al Congreso y pide investigarla. AS\u00cd LO DIJO","keywords":null,"keyphrases":{"focus":{"keyphrase":"Delia Ram\u00edrez","score":82,"analysis":{"keyphraseInTitle":{"score":9,"maxScore":9,"error":0},"keyphraseInDescription":{"score":3,"maxScore":9,"error":1},"keyphraseLength":{"score":9,"maxScore":9,"error":0,"length":3},"keyphraseInURL":{"score":5,"maxScore":5,"error":0},"keyphraseInIntroduction":{"score":9,"maxScore":9,"error":0},"keyphraseInSubHeadings":{"score":3,"maxScore":9,"error":1},"keyphraseInImageAlt":{"score":9,"maxScore":9,"error":0},"keywordDensity":{"type":"best","score":9,"maxScore":9,"error":0}}},"additional":[{"keyphrase":"Migrantes","score":67,"analysis":{"keyphraseInDescription":{"score":9,"maxScore":9,"error":0},"keyphraseLength":{"score":9,"maxScore":9,"error":0,"length":1},"keyphraseInIntroduction":{"score":3,"maxScore":9,"error":1},"keyphraseInImageAlt":{"score":9,"maxScore":9,"error":0},"keywordDensity":{"score":0,"type":"low","maxScore":9,"error":1}}}]},"primary_term":null,"canonical_url":null,"og_title":null,"og_description":null,"og_object_type":"default","og_image_type":"default","og_image_url":null,"og_image_width":null,"og_image_height":null,"og_image_custom_url":null,"og_image_custom_fields":null,"og_video":"","og_custom_url":null,"og_article_section":null,"og_article_tags":null,"twitter_use_og":false,"twitter_card":"default","twitter_image_type":"default","twitter_image_url":null,"twitter_image_custom_url":null,"twitter_image_custom_fields":null,"twitter_title":null,"twitter_description":null,"schema":{"blockGraphs":[],"customGraphs":[],"default":{"data":{"Article":[],"Course":[],"Dataset":[],"FAQPage":[],"Movie":[],"Person":[],"Product":[],"ProductReview":[],"Car":[],"Recipe":[],"Service":[],"SoftwareApplication":[],"WebPage":[]},"graphName":"NewsArticle","isEnabled":true},"graphs":[]},"schema_type":"default","schema_type_options":null,"pillar_content":false,"robots_default":true,"robots_noindex":false,"robots_noarchive":false,"robots_nosnippet":false,"robots_nofollow":false,"robots_noimageindex":false,"robots_noodp":false,"robots_notranslate":false,"robots_max_snippet":"-1","robots_max_videopreview":"-1","robots_max_imagepreview":"large","priority":null,"frequency":"default","local_seo":null,"seo_analyzer_scan_date":"2025-12-12 16:20:13","breadcrumb_settings":null,"limit_modified_date":false,"reviewed_by":"0","open_ai":null,"ai":{"faqs":[],"keyPoints":[],"titles":[],"descriptions":[],"socialPosts":{"email":[],"linkedin":[],"twitter":[],"facebook":[],"instagram":[]}},"created":"2025-12-12 15:26:49","updated":"2026-02-05 07:45:35"},"aioseo_breadcrumb":"<div class=\"aioseo-breadcrumbs\"><span class=\"aioseo-breadcrumb\">\n\t<a href=\"https:\/\/soymigrante.com\/revista\" title=\"Home\">Home<\/a>\n<\/span><span class=\"aioseo-breadcrumb-separator\">\u00bb<\/span><span class=\"aioseo-breadcrumb\">\n\t<a href=\"https:\/\/soymigrante.com\/revista\/category\/noticias\/\" title=\"Noticias\">Noticias<\/a>\n<\/span><span class=\"aioseo-breadcrumb-separator\">\u00bb<\/span><span class=\"aioseo-breadcrumb\">\n\tCongresista Delia Ram\u00edrez, de ra\u00edz guatemalteca se\u00f1ala abusos en redadas a secretaria Noem\n<\/span><\/div>","aioseo_breadcrumb_json":[{"label":"Home","link":"https:\/\/soymigrante.com\/revista"},{"label":"Noticias","link":"https:\/\/soymigrante.com\/revista\/category\/noticias\/"},{"label":"Congresista Delia Ram\u00edrez, de ra\u00edz guatemalteca se\u00f1ala abusos en redadas a secretaria Noem","link":"https:\/\/soymigrante.com\/revista\/congresista-delia-ramirez-hija-de-guatemaltecos-cuestiona-a-secretaria-noem-por-abusos-en-redadas\/"}],"_links":{"self":[{"href":"https:\/\/soymigrante.com\/revista\/wp-json\/wp\/v2\/posts\/49696","targetHints":{"allow":["GET"]}}],"collection":[{"href":"https:\/\/soymigrante.com\/revista\/wp-json\/wp\/v2\/posts"}],"about":[{"href":"https:\/\/soymigrante.com\/revista\/wp-json\/wp\/v2\/types\/post"}],"author":[{"embeddable":true,"href":"https:\/\/soymigrante.com\/revista\/wp-json\/wp\/v2\/users\/1"}],"replies":[{"embeddable":true,"href":"https:\/\/soymigrante.com\/revista\/wp-json\/wp\/v2\/comments?post=49696"}],"version-history":[{"count":11,"href":"https:\/\/soymigrante.com\/revista\/wp-json\/wp\/v2\/posts\/49696\/revisions"}],"predecessor-version":[{"id":49711,"href":"https:\/\/soymigrante.com\/revista\/wp-json\/wp\/v2\/posts\/49696\/revisions\/49711"}],"wp:featuredmedia":[{"embeddable":true,"href":"https:\/\/soymigrante.com\/revista\/wp-json\/wp\/v2\/media\/49697"}],"wp:attachment":[{"href":"https:\/\/soymigrante.com\/revista\/wp-json\/wp\/v2\/media?parent=49696"}],"wp:term":[{"taxonomy":"category","embeddable":true,"href":"https:\/\/soymigrante.com\/revista\/wp-json\/wp\/v2\/categories?post=49696"},{"taxonomy":"post_tag","embeddable":true,"href":"https:\/\/soymigrante.com\/revista\/wp-json\/wp\/v2\/tags?post=49696"}],"curies":[{"name":"wp","href":"https:\/\/api.w.org\/{rel}","templated":true}]}}