{"id":49670,"date":"2025-12-11T11:42:26","date_gmt":"2025-12-11T17:42:26","guid":{"rendered":"https:\/\/soymigrante.com\/revista\/?p=49670"},"modified":"2025-12-11T11:42:37","modified_gmt":"2025-12-11T17:42:37","slug":"pedro-bismarck-chau-de-joven-migrante-nicaraguense-a-obispo-auxiliar-de-newark-nj","status":"publish","type":"post","link":"https:\/\/soymigrante.com\/revista\/pedro-bismarck-chau-de-joven-migrante-nicaraguense-a-obispo-auxiliar-de-newark-nj\/","title":{"rendered":"Pedro Bismarck Chau: de joven migrante nicarag\u00fcense a obispo auxiliar de Newark, NJ"},"content":{"rendered":"\t\t<div data-elementor-type=\"wp-post\" data-elementor-id=\"49670\" class=\"elementor elementor-49670\" data-elementor-post-type=\"post\">\n\t\t\t\t<div data-particle_enable=\"false\" data-particle-mobile-disabled=\"false\" class=\"elementor-element elementor-element-fa713ca e-flex e-con-boxed e-con e-parent\" data-id=\"fa713ca\" data-element_type=\"container\" data-e-type=\"container\">\n\t\t\t\t\t<div class=\"e-con-inner\">\n\t\t\t\t<div class=\"elementor-element elementor-element-f1746b1 elementor-widget elementor-widget-heading\" data-id=\"f1746b1\" data-element_type=\"widget\" data-e-type=\"widget\" data-widget_type=\"heading.default\">\n\t\t\t\t\t<h2 class=\"elementor-heading-title elementor-size-default\">De cruzar la frontera fingiendo ser hijo de un coyote a los 16 a\u00f1os, a convertirse en el primer obispo nacido en Nicaragua en EE. UU., la vida de Pedro Bismarck Chau demuestra que la fe tambi\u00e9n migra, resiste y renueva a quienes la cargan consigo.<\/h2>\t\t\t\t<\/div>\n\t\t\t\t\t<\/div>\n\t\t\t\t<\/div>\n\t\t<div data-particle_enable=\"false\" data-particle-mobile-disabled=\"false\" class=\"elementor-element elementor-element-9ee9f81 e-flex e-con-boxed e-con e-parent\" data-id=\"9ee9f81\" data-element_type=\"container\" data-e-type=\"container\">\n\t\t\t\t\t<div class=\"e-con-inner\">\n\t\t\t\t<div class=\"elementor-element elementor-element-6b5de1c elementor-widget elementor-widget-text-editor\" data-id=\"6b5de1c\" data-element_type=\"widget\" data-e-type=\"widget\" data-widget_type=\"text-editor.default\">\n\t\t\t\t\t\t\t\t\t<p data-start=\"454\" data-end=\"1035\">Cuando Pedro Bismarck Chau fue ordenado obispo auxiliar de Newark en septiembre, su historia ya era, en s\u00ed misma, un mensaje pastoral. De\u00a0 adolescente huy\u00f3 de la dictadura y la guerra civil en Nicaragua. Cruz\u00f3 la frontera haci\u00e9ndose pasar por hijo de un \u201ccoyote\u201d, que trabaj\u00f3 sin papeles en restaurantes y f\u00e1bricas, y que a\u00f1os despu\u00e9s se convertir\u00eda en el <strong data-start=\"803\" data-end=\"858\">primer obispo nacido en Nicaragua en Estados Unidos<\/strong>.\u00a0<\/p><p data-start=\"454\" data-end=\"1035\">Su vida cuenta algo m\u00e1s profundo que un ascenso eclesial: narra c\u00f3mo la fe puede sostener a quienes cruzan fronteras, y c\u00f3mo la Iglesia se transforma cuando escucha sus voces. Chau ten\u00eda apenas 16 a\u00f1os cuando escap\u00f3 del servicio militar obligatorio impuesto por el gobierno sandinista en 1984. \u201c<strong data-start=\"1156\" data-end=\"1207\">Yo hac\u00eda lo que fuera necesario para sobrevivir<\/strong>\u201d, recuerda hoy.\u00a0<\/p>\t\t\t\t\t\t\t\t<\/div>\n\t\t\t\t\t<\/div>\n\t\t\t\t<\/div>\n\t\t<div data-particle_enable=\"false\" data-particle-mobile-disabled=\"false\" class=\"elementor-element elementor-element-c1944c1 e-flex e-con-boxed e-con e-parent\" data-id=\"c1944c1\" data-element_type=\"container\" data-e-type=\"container\">\n\t\t\t\t\t<div class=\"e-con-inner\">\n\t\t\t\t<div class=\"elementor-element elementor-element-6afab21 elementor-widget elementor-widget-image\" data-id=\"6afab21\" data-element_type=\"widget\" data-e-type=\"widget\" data-widget_type=\"image.default\">\n\t\t\t\t\t\t\t\t\t\t\t\t<figure class=\"wp-caption\">\n\t\t\t\t\t\t\t\t\t\t<img fetchpriority=\"high\" decoding=\"async\" width=\"1140\" height=\"600\" src=\"https:\/\/soymigrante.com\/revista\/wp-content\/uploads\/2025\/12\/obispo-migrante-de-nicaragua-en-new-jersey-pedro-bismarck-1140x600.jpg\" class=\"attachment-large size-large wp-image-49674\" alt=\"Monse\u00f1or Pedro Bismarck Chau es obispo auxiliar de Newark, New Jersey, un camino espiritual que se alimenta de una historia complicada, de migraci\u00f3n, desarraigo y casi la p\u00e9rdida de su fe, hasta que un milagro lo rescat\u00f3 de la gran crisis y lo llev\u00f3 al camino de compartir la fe sin fronteras. (Foto arquidiocesis de New Jersey)\" srcset=\"https:\/\/soymigrante.com\/revista\/wp-content\/uploads\/2025\/12\/obispo-migrante-de-nicaragua-en-new-jersey-pedro-bismarck-1140x600.jpg 1140w, https:\/\/soymigrante.com\/revista\/wp-content\/uploads\/2025\/12\/obispo-migrante-de-nicaragua-en-new-jersey-pedro-bismarck-300x158.jpg 300w, https:\/\/soymigrante.com\/revista\/wp-content\/uploads\/2025\/12\/obispo-migrante-de-nicaragua-en-new-jersey-pedro-bismarck-768x404.jpg 768w, https:\/\/soymigrante.com\/revista\/wp-content\/uploads\/2025\/12\/obispo-migrante-de-nicaragua-en-new-jersey-pedro-bismarck-1536x809.jpg 1536w, https:\/\/soymigrante.com\/revista\/wp-content\/uploads\/2025\/12\/obispo-migrante-de-nicaragua-en-new-jersey-pedro-bismarck-750x395.jpg 750w, https:\/\/soymigrante.com\/revista\/wp-content\/uploads\/2025\/12\/obispo-migrante-de-nicaragua-en-new-jersey-pedro-bismarck.jpg 1920w\" sizes=\"(max-width: 1140px) 100vw, 1140px\" title=\"Monse\u00f1or Pedro Bismarck Chau es obispo auxiliar de Newark, New Jersey, un camino espiritual que se alimenta de una historia complicada, de migraci\u00f3n, desarraigo y casi la p\u00e9rdida de su fe, hasta que un milagro lo rescat\u00f3 de la gran crisis y lo llev\u00f3 al camino de compartir la fe sin fronteras. (Foto arquidiocesis de New Jersey) \u2013 SoyMigrante.com REVISTA\" \/>\t\t\t\t\t\t\t\t\t\t\t<figcaption class=\"widget-image-caption wp-caption-text\">Monse\u00f1or Pedro Bismarck Chau es obispo auxiliar de Newark, New Jersey, un camino espiritual que se alimenta de una historia complicada, de migraci\u00f3n, desarraigo y casi la p\u00e9rdida de su fe, hasta que un milagro lo rescat\u00f3 de la gran crisis y lo llev\u00f3 al camino de compartir la fe sin fronteras. (Foto arquidiocesis de New Jersey)<\/figcaption>\n\t\t\t\t\t\t\t\t\t\t<\/figure>\n\t\t\t\t\t\t\t\t\t<\/div>\n\t\t\t\t\t<\/div>\n\t\t\t\t<\/div>\n\t\t<div data-particle_enable=\"false\" data-particle-mobile-disabled=\"false\" class=\"elementor-element elementor-element-9ee6a82 e-flex e-con-boxed e-con e-parent\" data-id=\"9ee6a82\" data-element_type=\"container\" data-e-type=\"container\">\n\t\t\t\t\t<div class=\"e-con-inner\">\n\t\t\t\t<div class=\"elementor-element elementor-element-4ea2db8 elementor-widget elementor-widget-heading\" data-id=\"4ea2db8\" data-element_type=\"widget\" data-e-type=\"widget\" data-widget_type=\"heading.default\">\n\t\t\t\t\t<h3 class=\"elementor-heading-title elementor-size-default\">Un joven migrante ser\u00eda llamado a servir <\/h3>\t\t\t\t<\/div>\n\t\t\t\t\t<\/div>\n\t\t\t\t<\/div>\n\t\t<div data-particle_enable=\"false\" data-particle-mobile-disabled=\"false\" class=\"elementor-element elementor-element-837affb e-flex e-con-boxed e-con e-parent\" data-id=\"837affb\" data-element_type=\"container\" data-e-type=\"container\">\n\t\t\t\t\t<div class=\"e-con-inner\">\n\t\t\t\t<div class=\"elementor-element elementor-element-0977f5d elementor-widget elementor-widget-text-editor\" data-id=\"0977f5d\" data-element_type=\"widget\" data-e-type=\"widget\" data-widget_type=\"text-editor.default\">\n\t\t\t\t\t\t\t\t\t<p data-start=\"454\" data-end=\"1035\">Sin documentos y sin ingl\u00e9s, comenz\u00f3 a desempe\u00f1ar diversas labores. Lo que cayera, en Tampa, Florida; Brooklyn, New York y Nueva Jersey: restaurantes, f\u00e1bricas, cualquier empleo que le permitiera sostenerse y enviar algo de dinero a su familia en Managua.\u00a0<\/p><p data-start=\"454\" data-end=\"1035\">\u201c<strong data-start=\"1437\" data-end=\"1505\">Mi experiencia no es tan dif\u00edcil como la de muchos migrantes hoy<\/strong>, pero s\u00e9 lo que es vivir con miedo, estar siempre alerta y trabajar sin descanso para poder proveer.\u201d, dijo en una entrevista.<\/p><p data-start=\"1609\" data-end=\"2090\">Pero fue tambi\u00e9n una \u00e9poca de desarraigo espiritual. \u201c<strong data-start=\"1658\" data-end=\"1701\">Tem\u00eda que iba a perder mi fe, y as\u00ed fue<\/strong>\u201d, cuenta. La rutina del trabajo y la presi\u00f3n por sobrevivir lo alejaron de la Iglesia, hasta que un evento familiar cambi\u00f3 su rumbo.\u00a0<\/p><p data-start=\"1609\" data-end=\"2090\">Su hermano Marcos, reci\u00e9n llegado a Estados Unidos, le dijo que quer\u00eda ir a misa. \u201cYo ve\u00eda la iglesia desde la ventana de mi cocina, pero nunca hab\u00eda entrado\u201d. Cuando finalmente dio el paso, su oraci\u00f3n fue simple y poderosa: <strong data-start=\"2060\" data-end=\"2089\">\u201cSe\u00f1or, estoy de regreso\u201d<\/strong>.<\/p>\t\t\t\t\t\t\t\t<\/div>\n\t\t\t\t\t<\/div>\n\t\t\t\t<\/div>\n\t\t<div data-particle_enable=\"false\" data-particle-mobile-disabled=\"false\" class=\"elementor-element elementor-element-564f8a4 e-flex e-con-boxed e-con e-parent\" data-id=\"564f8a4\" data-element_type=\"container\" data-e-type=\"container\">\n\t\t\t\t\t<div class=\"e-con-inner\">\n\t\t\t\t<div class=\"elementor-element elementor-element-5a67aba elementor-widget elementor-widget-html\" data-id=\"5a67aba\" data-element_type=\"widget\" data-e-type=\"widget\" data-widget_type=\"html.default\">\n\t\t\t\t\t<iframe width=\"560\" height=\"415\" src=\"https:\/\/www.youtube.com\/embed\/1OVCCpuK_Qg?si=h1djM2N_MLxn6s9-\" title=\"YouTube video player\" frameborder=\"0\" allow=\"accelerometer; autoplay; clipboard-write; encrypted-media; gyroscope; picture-in-picture; web-share\" referrerpolicy=\"strict-origin-when-cross-origin\" allowfullscreen><\/iframe>\t\t\t\t<\/div>\n\t\t\t\t\t<\/div>\n\t\t\t\t<\/div>\n\t\t<div data-particle_enable=\"false\" data-particle-mobile-disabled=\"false\" class=\"elementor-element elementor-element-4158550 e-flex e-con-boxed e-con e-parent\" data-id=\"4158550\" data-element_type=\"container\" data-e-type=\"container\">\n\t\t\t\t\t<div class=\"e-con-inner\">\n\t\t\t\t<div class=\"elementor-element elementor-element-9912955 elementor-widget elementor-widget-heading\" data-id=\"9912955\" data-element_type=\"widget\" data-e-type=\"widget\" data-widget_type=\"heading.default\">\n\t\t\t\t\t<h3 class=\"elementor-heading-title elementor-size-default\">Casi pierde su fe... pero volvi\u00f3 con m\u00e1s fuerza<\/h3>\t\t\t\t<\/div>\n\t\t\t\t\t<\/div>\n\t\t\t\t<\/div>\n\t\t<div data-particle_enable=\"false\" data-particle-mobile-disabled=\"false\" class=\"elementor-element elementor-element-0a549f2 e-flex e-con-boxed e-con e-parent\" data-id=\"0a549f2\" data-element_type=\"container\" data-e-type=\"container\">\n\t\t\t\t\t<div class=\"e-con-inner\">\n\t\t\t\t<div class=\"elementor-element elementor-element-e018d8d elementor-widget elementor-widget-text-editor\" data-id=\"e018d8d\" data-element_type=\"widget\" data-e-type=\"widget\" data-widget_type=\"text-editor.default\">\n\t\t\t\t\t\t\t\t\t<p data-start=\"454\" data-end=\"1035\">Ese retorno lo condujo poco a poco a la Renovaci\u00f3n Carism\u00e1tica, donde su fe recobr\u00f3 vida. All\u00ed comprendi\u00f3 que la migraci\u00f3n tambi\u00e9n puede ser un lugar de revelaci\u00f3n. \u201c<span data-start=\"2258\" data-end=\"2437\">Cuando recib\u00ed a Jes\u00fas de manera especial en mi coraz\u00f3n, no quer\u00eda quedarme quieto. Quer\u00eda decirles a los j\u00f3venes que Cristo los ama, que Dios tiene un prop\u00f3sito para sus vidas<\/span>\u201d, dice.\u00a0<\/p><p data-start=\"454\" data-end=\"1035\">Su testimonio incluye un episodio que relata con franqueza: \u201c<span data-start=\"2507\" data-end=\"2604\">A los 17, 18 a\u00f1os, pens\u00e9 que mi vida no ten\u00eda sentido\u2026 La idea del suicidio pas\u00f3 por mi mente<\/span>. Gracias a un retiro juvenil, mi vida cambi\u00f3.\u201d<\/p><p data-start=\"2653\" data-end=\"3136\">Ordenado sacerdote en 2008, su ministerio se caracteriz\u00f3 por una cercan\u00eda especial con quienes viven en los m\u00e1rgenes: j\u00f3venes, migrantes, comunidades universitarias, cat\u00f3licos con discapacidad auditiva. Su formaci\u00f3n en consejer\u00eda ampli\u00f3 su sensibilidad pastoral.\u00a0<\/p>\t\t\t\t\t\t\t\t<\/div>\n\t\t\t\t\t<\/div>\n\t\t\t\t<\/div>\n\t\t<div data-particle_enable=\"false\" data-particle-mobile-disabled=\"false\" class=\"elementor-element elementor-element-62e82b0 e-flex e-con-boxed e-con e-parent\" data-id=\"62e82b0\" data-element_type=\"container\" data-e-type=\"container\">\n\t\t\t\t\t<div class=\"e-con-inner\">\n\t\t\t\t<div class=\"elementor-element elementor-element-c52d6d6 elementor-widget elementor-widget-html\" data-id=\"c52d6d6\" data-element_type=\"widget\" data-e-type=\"widget\" data-widget_type=\"html.default\">\n\t\t\t\t\t<iframe width=\"560\" height=\"415\" src=\"https:\/\/www.youtube.com\/embed\/RhgSKJ6-q5A?si=KDI89Xb5MKPelXlL\" title=\"YouTube video player\" frameborder=\"0\" allow=\"accelerometer; autoplay; clipboard-write; encrypted-media; gyroscope; picture-in-picture; web-share\" referrerpolicy=\"strict-origin-when-cross-origin\" allowfullscreen><\/iframe>\t\t\t\t<\/div>\n\t\t\t\t\t<\/div>\n\t\t\t\t<\/div>\n\t\t<div data-particle_enable=\"false\" data-particle-mobile-disabled=\"false\" class=\"elementor-element elementor-element-9ec7923 e-flex e-con-boxed e-con e-parent\" data-id=\"9ec7923\" data-element_type=\"container\" data-e-type=\"container\">\n\t\t\t\t\t<div class=\"e-con-inner\">\n\t\t\t\t<div class=\"elementor-element elementor-element-46b6565 elementor-widget elementor-widget-heading\" data-id=\"46b6565\" data-element_type=\"widget\" data-e-type=\"widget\" data-widget_type=\"heading.default\">\n\t\t\t\t\t<h3 class=\"elementor-heading-title elementor-size-default\">Acompa\u00f1amiento cercano a los migrantes en NJ<\/h3>\t\t\t\t<\/div>\n\t\t\t\t\t<\/div>\n\t\t\t\t<\/div>\n\t\t<div data-particle_enable=\"false\" data-particle-mobile-disabled=\"false\" class=\"elementor-element elementor-element-c9de668 e-flex e-con-boxed e-con e-parent\" data-id=\"c9de668\" data-element_type=\"container\" data-e-type=\"container\">\n\t\t\t\t\t<div class=\"e-con-inner\">\n\t\t\t\t<div class=\"elementor-element elementor-element-f1ed5ef elementor-widget elementor-widget-text-editor\" data-id=\"f1ed5ef\" data-element_type=\"widget\" data-e-type=\"widget\" data-widget_type=\"text-editor.default\">\n\t\t\t\t\t\t\t\t\t<p data-start=\"454\" data-end=\"1035\">\u201c<span data-start=\"2898\" data-end=\"3019\">Quiero cuidar a mis sacerdotes, especialmente si sienten depresi\u00f3n o estr\u00e9s. No deben tener verg\u00fcenza de buscar ayuda<\/span>\u201d, afirma el obispo Bismarck Chau. Sabe que en las comunidades latinas \u2014y tambi\u00e9n en el clero\u2014 a\u00fan persiste el estigma sobre la salud mental.<\/p><p data-start=\"3138\" data-end=\"3683\">Su nuevo rol como obispo llega en un contexto donde la migraci\u00f3n es un tema urgente para la Iglesia en Estados Unidos. Desde Newark, trabaja de la mano con el ministerio para migrantes impulsado por el cardenal Joseph Tobin: \u201c<span data-start=\"3364\" data-end=\"3537\">Acompa\u00f1amos a la gente a sus citas de inmigraci\u00f3n, visitamos a quienes est\u00e1n detenidos, oramos con ellos. Es hermoso decirles: la Iglesia est\u00e1 contigo, Dios est\u00e1 contigo<\/span>\u201d. Reitera que comprende sus temores: \u201c<span data-start=\"3576\" data-end=\"3681\">Yo ten\u00eda miedo de que la migra llegara a mi trabajo. Ellos viven con el miedo de que llegue a su casa<\/span>\u201d.<\/p><p data-start=\"3685\" data-end=\"4108\">Esa experiencia personal marca su estilo episcopal. Su visi\u00f3n de futuro para la Iglesia latina es clara: \u201c<span data-start=\"3791\" data-end=\"3834\">Somos la vida de la Iglesia ahora mismo, no ma\u00f1ana, no ayer<\/span>\u201d, afirma sin rodeos. Ve en las procesiones, devociones y tradiciones de los migrantes una fuerza espiritual que revitaliza parroquias enteras. Por eso impuls\u00f3 un plan de formaci\u00f3n de liderazgo de tres a\u00f1os en Newark.<\/p>\t\t\t\t\t\t\t\t<\/div>\n\t\t\t\t\t<\/div>\n\t\t\t\t<\/div>\n\t\t<div data-particle_enable=\"false\" data-particle-mobile-disabled=\"false\" class=\"elementor-element elementor-element-b0bdcce e-flex e-con-boxed e-con e-parent\" data-id=\"b0bdcce\" data-element_type=\"container\" data-e-type=\"container\">\n\t\t\t\t\t<div class=\"e-con-inner\">\n\t\t\t\t<div class=\"elementor-element elementor-element-7b8a95d elementor-widget elementor-widget-image\" data-id=\"7b8a95d\" data-element_type=\"widget\" data-e-type=\"widget\" data-widget_type=\"image.default\">\n\t\t\t\t\t\t\t\t\t\t\t\t<figure class=\"wp-caption\">\n\t\t\t\t\t\t\t\t\t\t<img decoding=\"async\" width=\"1080\" height=\"720\" src=\"https:\/\/soymigrante.com\/revista\/wp-content\/uploads\/2025\/12\/bismarck-chau-obispo-nicaraguense-migrante.webp\" class=\"attachment-large size-large wp-image-49675\" alt=\"Como sacerdote, Pedro Bismarck Chau se ha enfocado en la comunidad migrante, en las personas con discapacidad y tambi\u00e9n con las comunidades cat\u00f3licas en su natal Nicaragua, que viven bajo el asedio de la dictadura de Daniel Ortega, lo cual el ahora obispo considera una &quot;guerra espiritual&quot;.\" srcset=\"https:\/\/soymigrante.com\/revista\/wp-content\/uploads\/2025\/12\/bismarck-chau-obispo-nicaraguense-migrante.webp 1080w, https:\/\/soymigrante.com\/revista\/wp-content\/uploads\/2025\/12\/bismarck-chau-obispo-nicaraguense-migrante-300x200.webp 300w, https:\/\/soymigrante.com\/revista\/wp-content\/uploads\/2025\/12\/bismarck-chau-obispo-nicaraguense-migrante-768x512.webp 768w, https:\/\/soymigrante.com\/revista\/wp-content\/uploads\/2025\/12\/bismarck-chau-obispo-nicaraguense-migrante-750x500.webp 750w\" sizes=\"(max-width: 1080px) 100vw, 1080px\" title=\"Como sacerdote, Pedro Bismarck Chau se ha enfocado en la comunidad migrante, en las personas con discapacidad y tambi\u00e9n con las comunidades cat\u00f3licas en su natal Nicaragua, que viven bajo el asedio de la dictadura de Daniel Ortega, lo cual el ahora obispo considera una &quot;guerra espiritual&quot;. \u2013 SoyMigrante.com REVISTA\" \/>\t\t\t\t\t\t\t\t\t\t\t<figcaption class=\"widget-image-caption wp-caption-text\">Como sacerdote, Pedro Bismarck Chau se ha enfocado en la comunidad migrante, en las personas con discapacidad y tambi\u00e9n con las comunidades cat\u00f3licas en su natal Nicaragua, que viven bajo el asedio de la dictadura de Daniel Ortega, lo cual el ahora obispo considera una \"guerra espiritual\".<\/figcaption>\n\t\t\t\t\t\t\t\t\t\t<\/figure>\n\t\t\t\t\t\t\t\t\t<\/div>\n\t\t\t\t\t<\/div>\n\t\t\t\t<\/div>\n\t\t<div data-particle_enable=\"false\" data-particle-mobile-disabled=\"false\" class=\"elementor-element elementor-element-18d4951 e-flex e-con-boxed e-con e-parent\" data-id=\"18d4951\" data-element_type=\"container\" data-e-type=\"container\">\n\t\t\t\t\t<div class=\"e-con-inner\">\n\t\t\t\t<div class=\"elementor-element elementor-element-027864b elementor-widget elementor-widget-heading\" data-id=\"027864b\" data-element_type=\"widget\" data-e-type=\"widget\" data-widget_type=\"heading.default\">\n\t\t\t\t\t<h3 class=\"elementor-heading-title elementor-size-default\">Solidario y fuerte con su pueblo natal<\/h3>\t\t\t\t<\/div>\n\t\t\t\t\t<\/div>\n\t\t\t\t<\/div>\n\t\t<div data-particle_enable=\"false\" data-particle-mobile-disabled=\"false\" class=\"elementor-element elementor-element-0b6df7a e-flex e-con-boxed e-con e-parent\" data-id=\"0b6df7a\" data-element_type=\"container\" data-e-type=\"container\">\n\t\t\t\t\t<div class=\"e-con-inner\">\n\t\t\t\t<div class=\"elementor-element elementor-element-6444ff0 elementor-widget elementor-widget-text-editor\" data-id=\"6444ff0\" data-element_type=\"widget\" data-e-type=\"widget\" data-widget_type=\"text-editor.default\">\n\t\t\t\t\t\t\t\t\t<p data-start=\"454\" data-end=\"1035\">Pero su coraz\u00f3n permanece tambi\u00e9n en Nicaragua, donde la Iglesia vive tiempos de represi\u00f3n. Desde el exilio, Chau acompa\u00f1a a sacerdotes, religiosas y laicos que sufren persecuci\u00f3n. \u201c<span data-start=\"4292\" data-end=\"4333\">La situaci\u00f3n es una guerra espiritual<\/span>\u201d, afirma.\u00a0<\/p><p data-start=\"4110\" data-end=\"4584\">\u201c<span data-start=\"4345\" data-end=\"4476\">Admiro a mi pueblo porque no ha respondido con armas, sino con oraci\u00f3n. La oraci\u00f3n tiene el poder; puede llegar a cualquier parte.<\/span>\u201d Con ellos reza, celebra misas, participa en encuentros virtuales y mantiene viva la esperanza del retorno.<\/p><p data-start=\"4586\" data-end=\"4965\">Su sensibilidad hacia los excluidos tambi\u00e9n se extiende a los fieles sordos, inspirada por su hermana Ana Mar\u00eda. Considera urgente que la Iglesia cat\u00f3lica ofrezca m\u00e1s int\u00e9rpretes, formaci\u00f3n y acompa\u00f1amiento. \u201c<span data-start=\"4795\" data-end=\"4857\">Los protestantes est\u00e1n haciendo mejor trabajo que nosotros<\/span>\u201d, admite. \u201c<span data-start=\"4869\" data-end=\"4964\">As\u00ed como tenemos ministerio hispano, tambi\u00e9n debemos tener ministerio para personas sordas.<\/span>\u201d<\/p><p data-start=\"4967\" data-end=\"5446\">Hoy, con el lema episcopal <em data-start=\"4994\" data-end=\"5015\">\u201cDios es mi fuerza\u201d<\/em>, Chau asume una responsabilidad que va m\u00e1s all\u00e1 de una di\u00f3cesis. Su figura encarna a miles de migrantes que han encontrado en la fe un ancla y un hogar. Su historia \u2014de Managua a Newark, de un adolescente sin papeles a un obispo\u2014 recuerda que las fronteras no detienen la gracia ni la vocaci\u00f3n. Y que la Iglesia en Estados Unidos se est\u00e1 escribiendo, cada vez m\u00e1s, en el idioma, las luchas y la esperanza de sus pueblos migrantes.<\/p>\t\t\t\t\t\t\t\t<\/div>\n\t\t\t\t\t<\/div>\n\t\t\t\t<\/div>\n\t\t\t\t<\/div>\n\t\t","protected":false},"excerpt":{"rendered":"<p>De cruzar la frontera fingiendo ser hijo de un coyote a los 16 a\u00f1os, a convertirse en el primer obispo nacido en Nicaragua en EE. UU., la vida de Pedro Bismarck Chau demuestra que la fe tambi\u00e9n migra, resiste y renueva a quienes la cargan consigo. Cuando Pedro Bismarck Chau fue ordenado obispo auxiliar de [&hellip;]<\/p>\n","protected":false},"author":1,"featured_media":49671,"comment_status":"open","ping_status":"open","sticky":false,"template":"","format":"standard","meta":{"_acf_changed":false,"_eb_attr":"","footnotes":""},"categories":[50,277],"tags":[],"class_list":["post-49670","post","type-post","status-publish","format-standard","has-post-thumbnail","hentry","category-exitos","category-nicaragua"],"acf":[],"aioseo_notices":[],"aioseo_head":"\n\t\t<!-- All in One SEO Pro 4.9.6.2 - aioseo.com -->\n\t<meta name=\"description\" content=\"Lleg\u00f3 a los 15 a\u00f1os a USA, huyendo de la dictadura nicarag\u00fcense. En septiembre 2025 fue consagrado obispo auxiliar de Newark, New Jersey, Pedro Bismarck Chau.\" \/>\n\t<meta name=\"robots\" content=\"max-snippet:-1, max-image-preview:large, max-video-preview:-1\" \/>\n\t<meta name=\"author\" content=\"SoyMigrante.com REVISTA\"\/>\n\t<link rel=\"canonical\" href=\"https:\/\/soymigrante.com\/revista\/pedro-bismarck-chau-de-joven-migrante-nicaraguense-a-obispo-auxiliar-de-newark-nj\/\" \/>\n\t<meta name=\"generator\" content=\"All in One SEO Pro (AIOSEO) 4.9.6.2\" \/>\n\n\t\t<link rel=\"preconnect\" href=\"https:\/\/fonts.googleapis.com\" crossorigin>\n<link rel=\"preconnect\" href=\"https:\/\/fonts.gstatic.com\" crossorigin>\n\t\t<meta property=\"og:locale\" content=\"es_ES\" \/>\n\t\t<meta property=\"og:site_name\" content=\"SoyMigrante.com REVISTA \u2013 Nuestra misi\u00f3n es reconocer y dignificar al migrante.\" \/>\n\t\t<meta property=\"og:type\" content=\"article\" \/>\n\t\t<meta property=\"og:title\" content=\"Pedro Bismarck: el obispo migrante nicarag\u00fcense en Newark NJ\" \/>\n\t\t<meta property=\"og:description\" content=\"Lleg\u00f3 a los 15 a\u00f1os a USA, huyendo de la dictadura nicarag\u00fcense. En septiembre 2025 fue consagrado obispo auxiliar de Newark, New Jersey, Pedro Bismarck Chau.\" \/>\n\t\t<meta property=\"og:url\" content=\"https:\/\/soymigrante.com\/revista\/pedro-bismarck-chau-de-joven-migrante-nicaraguense-a-obispo-auxiliar-de-newark-nj\/\" \/>\n\t\t<meta property=\"og:image\" content=\"https:\/\/soymigrante.com\/revista\/wp-content\/uploads\/2025\/12\/obispo-migrante-nicaraguense-pedro-bismarck.jpg\" \/>\n\t\t<meta property=\"og:image:secure_url\" content=\"https:\/\/soymigrante.com\/revista\/wp-content\/uploads\/2025\/12\/obispo-migrante-nicaraguense-pedro-bismarck.jpg\" \/>\n\t\t<meta property=\"og:image:width\" content=\"586\" \/>\n\t\t<meta property=\"og:image:height\" content=\"586\" \/>\n\t\t<meta property=\"article:published_time\" content=\"2025-12-11T17:42:26+00:00\" \/>\n\t\t<meta property=\"article:modified_time\" content=\"2025-12-11T17:42:37+00:00\" \/>\n\t\t<meta property=\"article:publisher\" content=\"https:\/\/www.facebook.com\/soymigrantecom\" \/>\n\t\t<meta name=\"twitter:card\" content=\"summary_large_image\" \/>\n\t\t<meta name=\"twitter:site\" content=\"@SoyMigrante_com\" \/>\n\t\t<meta name=\"twitter:title\" content=\"Pedro Bismarck: el obispo migrante nicarag\u00fcense en Newark NJ\" \/>\n\t\t<meta name=\"twitter:description\" content=\"Lleg\u00f3 a los 15 a\u00f1os a USA, huyendo de la dictadura nicarag\u00fcense. En septiembre 2025 fue consagrado obispo auxiliar de Newark, New Jersey, Pedro Bismarck Chau.\" \/>\n\t\t<meta name=\"twitter:creator\" content=\"@SoyMigrante_com\" \/>\n\t\t<meta name=\"twitter:image\" content=\"https:\/\/soymigrante.com\/revista\/wp-content\/uploads\/2025\/12\/obispo-migrante-nicaraguense-pedro-bismarck.jpg\" \/>\n\t\t<!-- All in One SEO Pro -->\r\n\t\t<title>Pedro Bismarck: el obispo migrante nicarag\u00fcense en Newark NJ<\/title>\n\n","aioseo_head_json":{"title":"Pedro Bismarck: el obispo migrante nicarag\u00fcense en Newark NJ","description":"Lleg\u00f3 a los 15 a\u00f1os a USA, huyendo de la dictadura nicarag\u00fcense. En septiembre 2025 fue consagrado obispo auxiliar de Newark, New Jersey, Pedro Bismarck Chau.","canonical_url":"https:\/\/soymigrante.com\/revista\/pedro-bismarck-chau-de-joven-migrante-nicaraguense-a-obispo-auxiliar-de-newark-nj\/","robots":"max-snippet:-1, max-image-preview:large, max-video-preview:-1","keywords":"","webmasterTools":{"miscellaneous":"&lt;link rel=\"preconnect\" href=\"https:\/\/fonts.googleapis.com\" crossorigin&gt;\n&lt;link rel=\"preconnect\" href=\"https:\/\/fonts.gstatic.com\" crossorigin&gt;"},"schema":null,"og:locale":"es_ES","og:site_name":"SoyMigrante.com REVISTA \u2013 Nuestra misi\u00f3n es reconocer y dignificar al migrante.","og:type":"article","og:title":"Pedro Bismarck: el obispo migrante nicarag\u00fcense en Newark NJ","og:description":"Lleg\u00f3 a los 15 a\u00f1os a USA, huyendo de la dictadura nicarag\u00fcense. En septiembre 2025 fue consagrado obispo auxiliar de Newark, New Jersey, Pedro Bismarck Chau.","og:url":"https:\/\/soymigrante.com\/revista\/pedro-bismarck-chau-de-joven-migrante-nicaraguense-a-obispo-auxiliar-de-newark-nj\/","og:image":"https:\/\/soymigrante.com\/revista\/wp-content\/uploads\/2025\/12\/obispo-migrante-nicaraguense-pedro-bismarck.jpg","og:image:secure_url":"https:\/\/soymigrante.com\/revista\/wp-content\/uploads\/2025\/12\/obispo-migrante-nicaraguense-pedro-bismarck.jpg","og:image:width":586,"og:image:height":586,"article:published_time":"2025-12-11T17:42:26+00:00","article:modified_time":"2025-12-11T17:42:37+00:00","article:publisher":"https:\/\/www.facebook.com\/soymigrantecom","twitter:card":"summary_large_image","twitter:site":"@SoyMigrante_com","twitter:title":"Pedro Bismarck: el obispo migrante nicarag\u00fcense en Newark NJ","twitter:description":"Lleg\u00f3 a los 15 a\u00f1os a USA, huyendo de la dictadura nicarag\u00fcense. En septiembre 2025 fue consagrado obispo auxiliar de Newark, New Jersey, Pedro Bismarck Chau.","twitter:creator":"@SoyMigrante_com","twitter:image":"https:\/\/soymigrante.com\/revista\/wp-content\/uploads\/2025\/12\/obispo-migrante-nicaraguense-pedro-bismarck.jpg"},"aioseo_meta_data":{"post_id":"49670","title":"Pedro Bismarck: el obispo migrante nicarag\u00fcense en Newark NJ","description":"Lleg\u00f3 a los 15 a\u00f1os a USA, huyendo de la dictadura nicarag\u00fcense. En septiembre 2025 fue consagrado obispo auxiliar de Newark, New Jersey, Pedro Bismarck Chau.","keywords":null,"keyphrases":{"focus":{"keyphrase":"Obispo","score":91,"analysis":{"keyphraseInTitle":{"score":9,"maxScore":9,"error":0},"keyphraseInDescription":{"score":9,"maxScore":9,"error":0},"keyphraseLength":{"score":9,"maxScore":9,"error":0,"length":1},"keyphraseInURL":{"score":5,"maxScore":5,"error":0},"keyphraseInIntroduction":{"score":9,"maxScore":9,"error":0},"keyphraseInSubHeadings":{"score":3,"maxScore":9,"error":1},"keyphraseInImageAlt":{"score":9,"maxScore":9,"error":0},"keywordDensity":{"type":"best","score":9,"maxScore":9,"error":0}}},"additional":[{"keyphrase":"Newark","score":80,"analysis":{"keyphraseInDescription":{"score":9,"maxScore":9,"error":0},"keyphraseLength":{"score":9,"maxScore":9,"error":0,"length":1},"keyphraseInIntroduction":{"score":9,"maxScore":9,"error":0},"keyphraseInImageAlt":{"score":9,"maxScore":9,"error":0},"keywordDensity":{"score":0,"type":"low","maxScore":9,"error":1}}},{"keyphrase":"New Jersey","score":67,"analysis":{"keyphraseInDescription":{"score":9,"maxScore":9,"error":0},"keyphraseLength":{"score":9,"maxScore":9,"error":0,"length":2},"keyphraseInIntroduction":{"score":3,"maxScore":9,"error":1},"keyphraseInImageAlt":{"score":9,"maxScore":9,"error":0},"keywordDensity":{"score":0,"type":"low","maxScore":9,"error":1}}},{"keyphrase":"Migrante","score":73,"analysis":{"keyphraseInDescription":{"score":3,"maxScore":9,"error":1},"keyphraseLength":{"score":9,"maxScore":9,"error":0,"length":1},"keyphraseInIntroduction":{"score":3,"maxScore":9,"error":1},"keyphraseInImageAlt":{"score":9,"maxScore":9,"error":0},"keywordDensity":{"type":"best","score":9,"maxScore":9,"error":0}}}]},"primary_term":null,"canonical_url":null,"og_title":null,"og_description":null,"og_object_type":"default","og_image_type":"default","og_image_url":null,"og_image_width":null,"og_image_height":null,"og_image_custom_url":null,"og_image_custom_fields":null,"og_video":"","og_custom_url":null,"og_article_section":null,"og_article_tags":null,"twitter_use_og":false,"twitter_card":"default","twitter_image_type":"default","twitter_image_url":null,"twitter_image_custom_url":null,"twitter_image_custom_fields":null,"twitter_title":null,"twitter_description":null,"schema":{"blockGraphs":[],"customGraphs":[],"default":{"data":{"Article":[],"Course":[],"Dataset":[],"FAQPage":[],"Movie":[],"Person":[],"Product":[],"ProductReview":[],"Car":[],"Recipe":[],"Service":[],"SoftwareApplication":[],"WebPage":[]},"graphName":"NewsArticle","isEnabled":true},"graphs":[]},"schema_type":"default","schema_type_options":null,"pillar_content":false,"robots_default":true,"robots_noindex":false,"robots_noarchive":false,"robots_nosnippet":false,"robots_nofollow":false,"robots_noimageindex":false,"robots_noodp":false,"robots_notranslate":false,"robots_max_snippet":"-1","robots_max_videopreview":"-1","robots_max_imagepreview":"large","priority":null,"frequency":"default","local_seo":null,"seo_analyzer_scan_date":"2025-12-11 17:43:42","breadcrumb_settings":null,"limit_modified_date":false,"reviewed_by":"0","open_ai":null,"ai":{"faqs":[],"keyPoints":[],"titles":[],"descriptions":[],"socialPosts":{"email":[],"linkedin":[],"twitter":[],"facebook":[],"instagram":[]}},"created":"2025-12-11 17:13:05","updated":"2026-02-05 07:45:35"},"aioseo_breadcrumb":"<div class=\"aioseo-breadcrumbs\"><span class=\"aioseo-breadcrumb\">\n\t<a href=\"https:\/\/soymigrante.com\/revista\" title=\"Home\">Home<\/a>\n<\/span><span class=\"aioseo-breadcrumb-separator\">\u00bb<\/span><span class=\"aioseo-breadcrumb\">\n\t<a href=\"https:\/\/soymigrante.com\/revista\/category\/exitos\/\" title=\"\u00c9xitos\">\u00c9xitos<\/a>\n<\/span><span class=\"aioseo-breadcrumb-separator\">\u00bb<\/span><span class=\"aioseo-breadcrumb\">\n\t<a href=\"https:\/\/soymigrante.com\/revista\/category\/exitos\/nicaragua\/\" title=\"Nicaragua\">Nicaragua<\/a>\n<\/span><span class=\"aioseo-breadcrumb-separator\">\u00bb<\/span><span class=\"aioseo-breadcrumb\">\n\tPedro Bismarck Chau: de joven migrante nicarag\u00fcense a obispo auxiliar de Newark, NJ\n<\/span><\/div>","aioseo_breadcrumb_json":[{"label":"Home","link":"https:\/\/soymigrante.com\/revista"},{"label":"\u00c9xitos","link":"https:\/\/soymigrante.com\/revista\/category\/exitos\/"},{"label":"Nicaragua","link":"https:\/\/soymigrante.com\/revista\/category\/exitos\/nicaragua\/"},{"label":"Pedro Bismarck Chau: de joven migrante nicarag\u00fcense a obispo auxiliar de Newark, NJ","link":"https:\/\/soymigrante.com\/revista\/pedro-bismarck-chau-de-joven-migrante-nicaraguense-a-obispo-auxiliar-de-newark-nj\/"}],"_links":{"self":[{"href":"https:\/\/soymigrante.com\/revista\/wp-json\/wp\/v2\/posts\/49670","targetHints":{"allow":["GET"]}}],"collection":[{"href":"https:\/\/soymigrante.com\/revista\/wp-json\/wp\/v2\/posts"}],"about":[{"href":"https:\/\/soymigrante.com\/revista\/wp-json\/wp\/v2\/types\/post"}],"author":[{"embeddable":true,"href":"https:\/\/soymigrante.com\/revista\/wp-json\/wp\/v2\/users\/1"}],"replies":[{"embeddable":true,"href":"https:\/\/soymigrante.com\/revista\/wp-json\/wp\/v2\/comments?post=49670"}],"version-history":[{"count":5,"href":"https:\/\/soymigrante.com\/revista\/wp-json\/wp\/v2\/posts\/49670\/revisions"}],"predecessor-version":[{"id":49679,"href":"https:\/\/soymigrante.com\/revista\/wp-json\/wp\/v2\/posts\/49670\/revisions\/49679"}],"wp:featuredmedia":[{"embeddable":true,"href":"https:\/\/soymigrante.com\/revista\/wp-json\/wp\/v2\/media\/49671"}],"wp:attachment":[{"href":"https:\/\/soymigrante.com\/revista\/wp-json\/wp\/v2\/media?parent=49670"}],"wp:term":[{"taxonomy":"category","embeddable":true,"href":"https:\/\/soymigrante.com\/revista\/wp-json\/wp\/v2\/categories?post=49670"},{"taxonomy":"post_tag","embeddable":true,"href":"https:\/\/soymigrante.com\/revista\/wp-json\/wp\/v2\/tags?post=49670"}],"curies":[{"name":"wp","href":"https:\/\/api.w.org\/{rel}","templated":true}]}}