{"id":49656,"date":"2025-12-10T22:23:29","date_gmt":"2025-12-11T04:23:29","guid":{"rendered":"https:\/\/soymigrante.com\/revista\/?p=49656"},"modified":"2025-12-10T22:32:13","modified_gmt":"2025-12-11T04:32:13","slug":"el-chucho-es-una-embajada-del-sabor-guatemalteco-en-pittsburgh","status":"publish","type":"post","link":"https:\/\/soymigrante.com\/revista\/el-chucho-es-una-embajada-del-sabor-guatemalteco-en-pittsburgh\/","title":{"rendered":"El Chucho es una embajada del sabor guatemalteco en Pittsburgh"},"content":{"rendered":"\t\t<div data-elementor-type=\"wp-post\" data-elementor-id=\"49656\" class=\"elementor elementor-49656\" data-elementor-post-type=\"post\">\n\t\t\t\t<div data-particle_enable=\"false\" data-particle-mobile-disabled=\"false\" class=\"elementor-element elementor-element-d6d3b73 e-flex e-con-boxed e-con e-parent\" data-id=\"d6d3b73\" data-element_type=\"container\" data-e-type=\"container\">\n\t\t\t\t\t<div class=\"e-con-inner\">\n\t\t\t\t<div class=\"elementor-element elementor-element-0565883 elementor-widget elementor-widget-heading\" data-id=\"0565883\" data-element_type=\"widget\" data-e-type=\"widget\" data-widget_type=\"heading.default\">\n\t\t\t\t\t<h2 class=\"elementor-heading-title elementor-size-default\">Chef guatemalteco Carlos Marroqu\u00edn impulsa sabores guatemaltecos en Pittsburgh, Pensilvania, desde su food truck El Chucho. Fue invitado a un show de TV local para mostrar su saz\u00f3n.<\/h2>\t\t\t\t<\/div>\n\t\t\t\t\t<\/div>\n\t\t\t\t<\/div>\n\t\t<div data-particle_enable=\"false\" data-particle-mobile-disabled=\"false\" class=\"elementor-element elementor-element-f8a343c e-flex e-con-boxed e-con e-parent\" data-id=\"f8a343c\" data-element_type=\"container\" data-e-type=\"container\">\n\t\t\t\t\t<div class=\"e-con-inner\">\n\t\t\t\t<div class=\"elementor-element elementor-element-96864ce elementor-widget elementor-widget-text-editor\" data-id=\"96864ce\" data-element_type=\"widget\" data-e-type=\"widget\" data-widget_type=\"text-editor.default\">\n\t\t\t\t\t\t\t\t\t<p data-start=\"215\" data-end=\"652\">En una ciudad conocida por su diversidad gastron\u00f3mica como Pittsburgh, un food truck guatemalteco ha logrado abrirse camino con sabor, carisma y mucha identidad, gracias al<a href=\"https:\/\/soymigrante.com\/revista\/cocinando-guate-7-cortometrajes-con-lugares-de-comida-chapina-en-usa-miralos-gratis\/\"> sabor popular chap\u00edn<\/a>.<\/p>\n<p data-start=\"215\" data-end=\"652\">Se trata de <strong data-start=\"373\" data-end=\"386\">El Chucho<\/strong>&nbsp;(ya el solo nombre lo delata), proyecto culinario del guatemalteco <strong data-start=\"427\" data-end=\"447\">Carlos Marroqu\u00edn<\/strong>, <strong data-start=\"452\" data-end=\"464\">migrante<\/strong> originario de <a href=\"https:\/\/soymigrante.com\/revista\/departamentos-de-guatemala-escuintla-es-corredor-economico-destino-turistico-y-puerta-al-pacifico\/\">Escuintla<\/a> y chef de formaci\u00f3n, quien recientemente fue invitado a un programa televisivo local para presentar su propuesta de cocina chapina.<\/p>\t\t\t\t\t\t\t\t<\/div>\n\t\t\t\t\t<\/div>\n\t\t\t\t<\/div>\n\t\t<div data-particle_enable=\"false\" data-particle-mobile-disabled=\"false\" class=\"elementor-element elementor-element-a604b5e e-flex e-con-boxed e-con e-parent\" data-id=\"a604b5e\" data-element_type=\"container\" data-e-type=\"container\">\n\t\t\t\t\t<div class=\"e-con-inner\">\n\t\t\t\t<div class=\"elementor-element elementor-element-35baaae elementor-widget elementor-widget-image\" data-id=\"35baaae\" data-element_type=\"widget\" data-e-type=\"widget\" data-widget_type=\"image.default\">\n\t\t\t\t\t\t\t\t\t\t\t\t<figure class=\"wp-caption\">\n\t\t\t\t\t\t\t\t\t\t<img fetchpriority=\"high\" decoding=\"async\" width=\"794\" height=\"794\" src=\"https:\/\/soymigrante.com\/revista\/wp-content\/uploads\/2025\/12\/el-chucho-chef-guatemalteco-en-pittsburgh-pensilvania-1.png\" class=\"attachment-large size-large wp-image-49662\" alt=\"El chef Marroqu\u00edn explica sobre la preparaci\u00f3n del encurtido para los taquitos guatemaltecos, a los anfitriones del show Talk Pittsburgh.\" srcset=\"https:\/\/soymigrante.com\/revista\/wp-content\/uploads\/2025\/12\/el-chucho-chef-guatemalteco-en-pittsburgh-pensilvania-1.png 794w, https:\/\/soymigrante.com\/revista\/wp-content\/uploads\/2025\/12\/el-chucho-chef-guatemalteco-en-pittsburgh-pensilvania-1-300x300.png 300w, https:\/\/soymigrante.com\/revista\/wp-content\/uploads\/2025\/12\/el-chucho-chef-guatemalteco-en-pittsburgh-pensilvania-1-150x150.png 150w, https:\/\/soymigrante.com\/revista\/wp-content\/uploads\/2025\/12\/el-chucho-chef-guatemalteco-en-pittsburgh-pensilvania-1-768x768.png 768w, https:\/\/soymigrante.com\/revista\/wp-content\/uploads\/2025\/12\/el-chucho-chef-guatemalteco-en-pittsburgh-pensilvania-1-75x75.png 75w, https:\/\/soymigrante.com\/revista\/wp-content\/uploads\/2025\/12\/el-chucho-chef-guatemalteco-en-pittsburgh-pensilvania-1-750x750.png 750w\" sizes=\"(max-width: 794px) 100vw, 794px\" title=\"El chef Marroqu\u00edn explica sobre la preparaci\u00f3n del encurtido para los taquitos guatemaltecos, a los anfitriones del show Talk Pittsburgh. \u2013 SoyMigrante.com REVISTA\" \/>\t\t\t\t\t\t\t\t\t\t\t<figcaption class=\"widget-image-caption wp-caption-text\">El chef Marroqu\u00edn explica sobre la preparaci\u00f3n del encurtido para los taquitos guatemaltecos, a los anfitriones del show Talk Pittsburgh.<\/figcaption>\n\t\t\t\t\t\t\t\t\t\t<\/figure>\n\t\t\t\t\t\t\t\t\t<\/div>\n\t\t\t\t\t<\/div>\n\t\t\t\t<\/div>\n\t\t<div data-particle_enable=\"false\" data-particle-mobile-disabled=\"false\" class=\"elementor-element elementor-element-cecb662 e-flex e-con-boxed e-con e-parent\" data-id=\"cecb662\" data-element_type=\"container\" data-e-type=\"container\">\n\t\t\t\t\t<div class=\"e-con-inner\">\n\t\t\t\t<div class=\"elementor-element elementor-element-fbe166c elementor-widget elementor-widget-text-editor\" data-id=\"fbe166c\" data-element_type=\"widget\" data-e-type=\"widget\" data-widget_type=\"text-editor.default\">\n\t\t\t\t\t\t\t\t\t<h3>\u00danico food truck guatemalteco en Pensilvania<\/h3><p data-start=\"215\" data-end=\"652\">Con una sonrisa amplia y un entusiasmo contagioso, Marroqu\u00edn asegur\u00f3 ante c\u00e1maras algo que ya muchos de sus clientes saben: <em data-start=\"778\" data-end=\"901\">\u201cSomos el \u00fanico cami\u00f3n de <a href=\"https:\/\/soymigrante.com\/revista\/cocinando-guate-7-cortometrajes-con-lugares-de-comida-chapina-en-usa-miralos-gratis\/\">comida guatemalteca<\/a> en la ciudad; tenemos tradici\u00f3n, creatividad y algo de toque internacional\u201d<\/em>. Y es esa mezcla lo que ha impulsado la popularidad del food truck, que se ha convertido en un referente para quienes buscan sabores aut\u00e9nticos y reconfortantes.<\/p><p data-start=\"1078\" data-end=\"1599\">En la entrevista, el chef present\u00f3 algunos de sus platos estrella: <strong data-start=\"1145\" data-end=\"1184\"><a href=\"https:\/\/soymigrante.com\/revista\/recetas-chapinas-disfruta-de-frijoles-blancos-al-estilo-guatemalteco\/\">frijoles blancos<\/a> con carne de cerdo<\/strong>, una receta casera que aprendi\u00f3 de su madre en Guatemala;<a href=\"https:\/\/soymigrante.com\/revista\/en-arlington-florecen-los-suenos-de-la-migrante-yohana-vicente\/\"> <strong data-start=\"1243\" data-end=\"1260\">carne adobada<\/strong>, <\/a>uno de los productos m\u00e1s vendidos del cami\u00f3n \u2014\u201cel adobo es muy popular en Guatemala, muy sabroso\u201d, explic\u00f3\u2014; y unos <strong data-start=\"1378\" data-end=\"1412\">taquitos con repollo encurtido<\/strong> que captaron la atenci\u00f3n inmediata de los presentadores. La reacci\u00f3n del p\u00fablico no tard\u00f3, confirmando que el entusiasmo por probar gastronom\u00eda guatemalteca sigue creciendo en la ciudad.<\/p>\t\t\t\t\t\t\t\t<\/div>\n\t\t\t\t\t<\/div>\n\t\t\t\t<\/div>\n\t\t<div data-particle_enable=\"false\" data-particle-mobile-disabled=\"false\" class=\"elementor-element elementor-element-96c61dd e-flex e-con-boxed e-con e-parent\" data-id=\"96c61dd\" data-element_type=\"container\" data-e-type=\"container\">\n\t\t\t\t\t<div class=\"e-con-inner\">\n\t\t\t\t<div class=\"elementor-element elementor-element-b192963 elementor-widget elementor-widget-html\" data-id=\"b192963\" data-element_type=\"widget\" data-e-type=\"widget\" data-widget_type=\"html.default\">\n\t\t\t\t\t<iframe width=\"560\" height=\"415\" src=\"https:\/\/www.youtube.com\/embed\/FYiyazqJs7E?si=MngT8If1DfT5SCiG\" title=\"YouTube video player\" frameborder=\"0\" allow=\"accelerometer; autoplay; clipboard-write; encrypted-media; gyroscope; picture-in-picture; web-share\" referrerpolicy=\"strict-origin-when-cross-origin\" allowfullscreen><\/iframe>\t\t\t\t<\/div>\n\t\t\t\t\t<\/div>\n\t\t\t\t<\/div>\n\t\t<div data-particle_enable=\"false\" data-particle-mobile-disabled=\"false\" class=\"elementor-element elementor-element-818f3c4 e-flex e-con-boxed e-con e-parent\" data-id=\"818f3c4\" data-element_type=\"container\" data-e-type=\"container\">\n\t\t\t\t\t<div class=\"e-con-inner\">\n\t\t\t\t<div class=\"elementor-element elementor-element-61ab0cd elementor-widget elementor-widget-text-editor\" data-id=\"61ab0cd\" data-element_type=\"widget\" data-e-type=\"widget\" data-widget_type=\"text-editor.default\">\n\t\t\t\t\t\t\t\t\t<h3><strong style=\"color: #000000; font-family: Mulish, sans-serif; font-size: 29px;\" data-start=\"1605\" data-end=\"1651\">Una historia de viaje, saz\u00f3n y reinvenci\u00f3n<\/strong><\/h3><p data-start=\"1653\" data-end=\"2037\">Detr\u00e1s de El Chucho hay una trayectoria tan variada como el propio men\u00fa. Marroqu\u00edn creci\u00f3 entre Escuintla y los fogones familiares, viendo programas de cocina despu\u00e9s del colegio y replicando recetas en la cocina de su mam\u00e1.\u00a0<\/p><p data-start=\"1653\" data-end=\"2037\">Aunque lleg\u00f3 a iniciar estudios en agricultura, pronto comprendi\u00f3 que su futuro estaba en los sabores, no en los laboratorios, y opt\u00f3 por la escuela culinaria.<\/p><p data-start=\"2039\" data-end=\"2472\">Su camino como <strong data-start=\"2054\" data-end=\"2079\">migrante guatemalteco<\/strong> lo llev\u00f3 a trabajar en cocinas de Los \u00c1ngeles, Filadelfia y Boston, hasta llegar a Washington D.C., donde form\u00f3 parte del equipo de apertura de restaurantes reconocidos y luego integr\u00f3 el personal culinario de la residencia del embajador brit\u00e1nico. All\u00ed cocin\u00f3 para miembros de la realeza, diplom\u00e1ticos y figuras internacionales, una experiencia que marc\u00f3 un antes y un despu\u00e9s en su carrera, seg\u00fan relata en sus redes sociales.<\/p>\t\t\t\t\t\t\t\t<\/div>\n\t\t\t\t\t<\/div>\n\t\t\t\t<\/div>\n\t\t<div data-particle_enable=\"false\" data-particle-mobile-disabled=\"false\" class=\"elementor-element elementor-element-2d4037e e-flex e-con-boxed e-con e-parent\" data-id=\"2d4037e\" data-element_type=\"container\" data-e-type=\"container\">\n\t\t\t\t\t<div class=\"e-con-inner\">\n\t\t\t\t<div class=\"elementor-element elementor-element-dde0ee8 elementor-widget elementor-widget-image\" data-id=\"dde0ee8\" data-element_type=\"widget\" data-e-type=\"widget\" data-widget_type=\"image.default\">\n\t\t\t\t\t\t\t\t\t\t\t\t<figure class=\"wp-caption\">\n\t\t\t\t\t\t\t\t\t\t<img decoding=\"async\" width=\"1140\" height=\"760\" src=\"https:\/\/soymigrante.com\/revista\/wp-content\/uploads\/2025\/12\/tacos-guatemaltecos-el-chucho-food-truck-en-pennsilvania-1140x760.jpg\" class=\"attachment-large size-large wp-image-49663\" alt=\"Los tacos guatemaltecos son uno de los antojitos m\u00e1s populares en el Food Truck El Chucho, del escuintleco Carlos Marroqu\u00edn.\" srcset=\"https:\/\/soymigrante.com\/revista\/wp-content\/uploads\/2025\/12\/tacos-guatemaltecos-el-chucho-food-truck-en-pennsilvania-1140x760.jpg 1140w, https:\/\/soymigrante.com\/revista\/wp-content\/uploads\/2025\/12\/tacos-guatemaltecos-el-chucho-food-truck-en-pennsilvania-300x200.jpg 300w, https:\/\/soymigrante.com\/revista\/wp-content\/uploads\/2025\/12\/tacos-guatemaltecos-el-chucho-food-truck-en-pennsilvania-768x512.jpg 768w, https:\/\/soymigrante.com\/revista\/wp-content\/uploads\/2025\/12\/tacos-guatemaltecos-el-chucho-food-truck-en-pennsilvania-1536x1024.jpg 1536w, https:\/\/soymigrante.com\/revista\/wp-content\/uploads\/2025\/12\/tacos-guatemaltecos-el-chucho-food-truck-en-pennsilvania-750x500.jpg 750w, https:\/\/soymigrante.com\/revista\/wp-content\/uploads\/2025\/12\/tacos-guatemaltecos-el-chucho-food-truck-en-pennsilvania.jpg 2048w\" sizes=\"(max-width: 1140px) 100vw, 1140px\" title=\"Los tacos guatemaltecos son uno de los antojitos m\u00e1s populares en el Food Truck El Chucho, del escuintleco Carlos Marroqu\u00edn. \u2013 SoyMigrante.com REVISTA\" \/>\t\t\t\t\t\t\t\t\t\t\t<figcaption class=\"widget-image-caption wp-caption-text\">Los tacos guatemaltecos son uno de los antojitos m\u00e1s populares en el Food Truck El Chucho, del escuintleco Carlos Marroqu\u00edn.<\/figcaption>\n\t\t\t\t\t\t\t\t\t\t<\/figure>\n\t\t\t\t\t\t\t\t\t<\/div>\n\t\t\t\t\t<\/div>\n\t\t\t\t<\/div>\n\t\t<div data-particle_enable=\"false\" data-particle-mobile-disabled=\"false\" class=\"elementor-element elementor-element-c0fb2ed e-flex e-con-boxed e-con e-parent\" data-id=\"c0fb2ed\" data-element_type=\"container\" data-e-type=\"container\">\n\t\t\t\t\t<div class=\"e-con-inner\">\n\t\t\t\t<div class=\"elementor-element elementor-element-e91cb12 elementor-widget elementor-widget-heading\" data-id=\"e91cb12\" data-element_type=\"widget\" data-e-type=\"widget\" data-widget_type=\"heading.default\">\n\t\t\t\t\t<h3 class=\"elementor-heading-title elementor-size-default\"><b>Primero fue Pansylvania, luego El Chucho<\/b><\/h3>\t\t\t\t<\/div>\n\t\t\t\t<div class=\"elementor-element elementor-element-896250a elementor-widget elementor-widget-text-editor\" data-id=\"896250a\" data-element_type=\"widget\" data-e-type=\"widget\" data-widget_type=\"text-editor.default\">\n\t\t\t\t\t\t\t\t\t<p data-start=\"215\" data-end=\"652\">A\u00f1os m\u00e1s tarde, \u00e9l y su esposa decidieron mudarse a Pittsburgh para estar cerca de la familia y crear un proyecto propio. Lo que comenz\u00f3 como un pasatiempo durante la pandemia \u2014vendiendo pan artesanal bajo el nombre <em data-start=\"2690\" data-end=\"2703\">Pansylvania<\/em> y luego elaborando embutidos\u2014 evolucion\u00f3 gracias al apoyo de amigos y primeros clientes.\u00a0<\/p><p data-start=\"215\" data-end=\"652\">El resultado fue un <a href=\"https:\/\/soymigrante.com\/revista\/nim-ali-emprendimiento-gastronomico-migrante-en-el-corazon-de-washington-d-c\/\">food truck<\/a> que no solo introduce la cocina guatemalteca a nuevos paladares, sino que tambi\u00e9n celebra la memoria, la migraci\u00f3n y la creatividad.<\/p><p data-start=\"215\" data-end=\"652\">El Chucho se ha vuelto parte del paisaje gastron\u00f3mico de Pittsburgh. Marroqu\u00edn ha relatado en redes su agradecimiento por la acogida: el p\u00fablico local no solo prob\u00f3 su comida, sino que se convirti\u00f3 en parte de su historia. Desde largas filas en mercados hasta encargos recurrentes, el truck ha generado una comunidad que sigue de cerca cada paso del negocio.<\/p>\t\t\t\t\t\t\t\t<\/div>\n\t\t\t\t\t<\/div>\n\t\t\t\t<\/div>\n\t\t<div data-particle_enable=\"false\" data-particle-mobile-disabled=\"false\" class=\"elementor-element elementor-element-66d70cb e-flex e-con-boxed e-con e-parent\" data-id=\"66d70cb\" data-element_type=\"container\" data-e-type=\"container\">\n\t\t\t\t\t<div class=\"e-con-inner\">\n\t\t\t\t<div class=\"elementor-element elementor-element-b3d4e28 elementor-widget elementor-widget-image\" data-id=\"b3d4e28\" data-element_type=\"widget\" data-e-type=\"widget\" data-widget_type=\"image.default\">\n\t\t\t\t\t\t\t\t\t\t\t\t<figure class=\"wp-caption\">\n\t\t\t\t\t\t\t\t\t\t<img decoding=\"async\" width=\"1024\" height=\"1024\" src=\"https:\/\/soymigrante.com\/revista\/wp-content\/uploads\/2025\/12\/tacos-el-chucho-del-guatemalteco-carlos-marroquin-1024x1024.jpg\" class=\"attachment-large size-large wp-image-49664\" alt=\"Dimos el salto de fe junto a mi esposa para crear este food truck que nos ha tra\u00eddo mucha m\u00e1s alegr\u00eda y conexi\u00f3n con la comunidad de lo que hab\u00edamos imaginado, expresa Carlos Marroqu\u00edn, fundador de El Chucho en Pittsburgh.\" srcset=\"https:\/\/soymigrante.com\/revista\/wp-content\/uploads\/2025\/12\/tacos-el-chucho-del-guatemalteco-carlos-marroquin-1024x1024.jpg 1024w, https:\/\/soymigrante.com\/revista\/wp-content\/uploads\/2025\/12\/tacos-el-chucho-del-guatemalteco-carlos-marroquin-300x300.jpg 300w, https:\/\/soymigrante.com\/revista\/wp-content\/uploads\/2025\/12\/tacos-el-chucho-del-guatemalteco-carlos-marroquin-150x150.jpg 150w, https:\/\/soymigrante.com\/revista\/wp-content\/uploads\/2025\/12\/tacos-el-chucho-del-guatemalteco-carlos-marroquin-768x768.jpg 768w, https:\/\/soymigrante.com\/revista\/wp-content\/uploads\/2025\/12\/tacos-el-chucho-del-guatemalteco-carlos-marroquin-75x75.jpg 75w, https:\/\/soymigrante.com\/revista\/wp-content\/uploads\/2025\/12\/tacos-el-chucho-del-guatemalteco-carlos-marroquin-750x750.jpg 750w, https:\/\/soymigrante.com\/revista\/wp-content\/uploads\/2025\/12\/tacos-el-chucho-del-guatemalteco-carlos-marroquin-1140x1140.jpg 1140w, https:\/\/soymigrante.com\/revista\/wp-content\/uploads\/2025\/12\/tacos-el-chucho-del-guatemalteco-carlos-marroquin.jpg 1200w\" sizes=\"(max-width: 1024px) 100vw, 1024px\" title=\"Dimos el salto de fe junto a mi esposa para crear este food truck que nos ha tra\u00eddo mucha m\u00e1s alegr\u00eda y conexi\u00f3n con la comunidad de lo que hab\u00edamos imaginado, expresa Carlos Marroqu\u00edn, fundador de El Chucho en Pittsburgh. \u2013 SoyMigrante.com REVISTA\" \/>\t\t\t\t\t\t\t\t\t\t\t<figcaption class=\"widget-image-caption wp-caption-text\">Dimos el salto de fe junto a mi esposa para crear este food truck que nos ha tra\u00eddo mucha m\u00e1s alegr\u00eda y conexi\u00f3n con la comunidad de lo que hab\u00edamos imaginado, expresa Carlos Marroqu\u00edn, fundador de El Chucho en Pittsburgh.<\/figcaption>\n\t\t\t\t\t\t\t\t\t\t<\/figure>\n\t\t\t\t\t\t\t\t\t<\/div>\n\t\t\t\t\t<\/div>\n\t\t\t\t<\/div>\n\t\t<div data-particle_enable=\"false\" data-particle-mobile-disabled=\"false\" class=\"elementor-element elementor-element-47b790c e-flex e-con-boxed e-con e-parent\" data-id=\"47b790c\" data-element_type=\"container\" data-e-type=\"container\">\n\t\t\t\t\t<div class=\"e-con-inner\">\n\t\t\t\t<div class=\"elementor-element elementor-element-6d0b896 elementor-widget elementor-widget-text-editor\" data-id=\"6d0b896\" data-element_type=\"widget\" data-e-type=\"widget\" data-widget_type=\"text-editor.default\">\n\t\t\t\t\t\t\t\t\t<p data-start=\"215\" data-end=\"652\"><strong style=\"color: #000000; font-family: Mulish, sans-serif; font-size: 29px;\" data-start=\"3726\" data-end=\"3780\">Embajador culinario de Guatemala en Pensilvania<\/strong><\/p><p data-start=\"3782\" data-end=\"4131\">El Chucho no solo sirve comida: sirve identidad. Para muchos guatemaltecos migrantes en el \u00e1rea, representa un pedazo de casa; para los estadounidenses, una puerta de entrada a una gastronom\u00eda todav\u00eda poco conocida en la regi\u00f3n. Y para Carlos Marroqu\u00edn, es la posibilidad de seguir construyendo un sue\u00f1o que comenz\u00f3 en la cocina de su infancia.<\/p><p data-start=\"4133\" data-end=\"4309\" data-is-last-node=\"\" data-is-only-node=\"\">\u201c<strong data-start=\"4134\" data-end=\"4161\">Lo mejor est\u00e1 por venir<\/strong>\u201d, repite a menudo. Si algo ha demostrado la respuesta de Pittsburgh, es que ese futuro \u2014lleno de saz\u00f3n, tradici\u00f3n y creatividad\u2014 ya est\u00e1 en marcha.<\/p>\t\t\t\t\t\t\t\t<\/div>\n\t\t\t\t\t<\/div>\n\t\t\t\t<\/div>\n\t\t<div data-particle_enable=\"false\" data-particle-mobile-disabled=\"false\" class=\"elementor-element elementor-element-3e216fd e-flex e-con-boxed e-con e-parent\" data-id=\"3e216fd\" data-element_type=\"container\" data-e-type=\"container\">\n\t\t\t\t\t<div class=\"e-con-inner\">\n\t\t\t\t<div class=\"elementor-element elementor-element-c46a878 elementor-widget elementor-widget-image\" data-id=\"c46a878\" data-element_type=\"widget\" data-e-type=\"widget\" data-widget_type=\"image.default\">\n\t\t\t\t\t\t\t\t\t\t\t\t<figure class=\"wp-caption\">\n\t\t\t\t\t\t\t\t\t\t<img loading=\"lazy\" decoding=\"async\" width=\"768\" height=\"960\" src=\"https:\/\/soymigrante.com\/revista\/wp-content\/uploads\/2025\/12\/el-chucho-food-truck-del-guatemalteco-carlos-marroquin.jpg\" class=\"attachment-large size-large wp-image-49665\" alt=\"El food truck El Chucho, del guatemalteco Carlos Marroqu\u00edn ha ganado popularidad en Pittsburgh, gracias a los tacos guatemaltecos, a la carne adobada y tambi\u00e9n a los pl\u00e1tanos en mole, seg\u00fan cuenta su fundador.\" srcset=\"https:\/\/soymigrante.com\/revista\/wp-content\/uploads\/2025\/12\/el-chucho-food-truck-del-guatemalteco-carlos-marroquin.jpg 768w, https:\/\/soymigrante.com\/revista\/wp-content\/uploads\/2025\/12\/el-chucho-food-truck-del-guatemalteco-carlos-marroquin-240x300.jpg 240w, https:\/\/soymigrante.com\/revista\/wp-content\/uploads\/2025\/12\/el-chucho-food-truck-del-guatemalteco-carlos-marroquin-750x938.jpg 750w\" sizes=\"(max-width: 768px) 100vw, 768px\" title=\"El food truck El Chucho, del guatemalteco Carlos Marroqu\u00edn ha ganado popularidad en Pittsburgh, gracias a los tacos guatemaltecos, a la carne adobada y tambi\u00e9n a los pl\u00e1tanos en mole, seg\u00fan cuenta su fundador. \u2013 SoyMigrante.com REVISTA\" \/>\t\t\t\t\t\t\t\t\t\t\t<figcaption class=\"widget-image-caption wp-caption-text\">El food truck El Chucho, del guatemalteco Carlos Marroqu\u00edn ha ganado popularidad en Pittsburgh, gracias a los tacos guatemaltecos, a la carne adobada y tambi\u00e9n a los pl\u00e1tanos en mole, seg\u00fan cuenta su fundador.<\/figcaption>\n\t\t\t\t\t\t\t\t\t\t<\/figure>\n\t\t\t\t\t\t\t\t\t<\/div>\n\t\t\t\t\t<\/div>\n\t\t\t\t<\/div>\n\t\t<div data-particle_enable=\"false\" data-particle-mobile-disabled=\"false\" class=\"elementor-element elementor-element-e8004da e-flex e-con-boxed e-con e-parent\" data-id=\"e8004da\" data-element_type=\"container\" data-e-type=\"container\">\n\t\t\t\t\t<div class=\"e-con-inner\">\n\t\t\t\t<div class=\"elementor-element elementor-element-59c760a elementor-widget elementor-widget-heading\" data-id=\"59c760a\" data-element_type=\"widget\" data-e-type=\"widget\" data-widget_type=\"heading.default\">\n\t\t\t\t\t<h2 class=\"elementor-heading-title elementor-size-default\">Sabor guatemalteco sin fronteras<\/h2>\t\t\t\t<\/div>\n\t\t\t\t\t<\/div>\n\t\t\t\t<\/div>\n\t\t<div data-particle_enable=\"false\" data-particle-mobile-disabled=\"false\" class=\"elementor-element elementor-element-96e956d e-flex e-con-boxed e-con e-parent\" data-id=\"96e956d\" data-element_type=\"container\" data-e-type=\"container\">\n\t\t\t\t\t<div class=\"e-con-inner\">\n\t\t\t\t<div class=\"elementor-element elementor-element-0fcce7d elementor-grid-eael-col-3 elementor-grid-tablet-eael-col-2 elementor-grid-mobile-eael-col-1 elementor-widget elementor-widget-eael-post-grid\" data-id=\"0fcce7d\" data-element_type=\"widget\" data-e-type=\"widget\" data-settings=\"{&quot;eael_post_grid_columns&quot;:&quot;eael-col-3&quot;,&quot;eael_post_grid_columns_tablet&quot;:&quot;eael-col-2&quot;,&quot;eael_post_grid_columns_mobile&quot;:&quot;eael-col-1&quot;}\" data-widget_type=\"eael-post-grid.default\">\n\t\t\t\t\t<div id=\"eael-post-grid-0fcce7d\" class=\"eael-post-grid-container\">\n            <div class=\"eael-post-grid eael-post-appender eael-post-appender-0fcce7d eael-post-grid-style-one\" data-layout-mode=\"masonry\"><article class=\"eael-grid-post  eael-post-grid-column eael-pg-post-6399 category-exitos\" data-id=\"6399\">\n        <div class=\"eael-grid-post-holder\">\n            <div class=\"eael-grid-post-holder-inner\"><div class=\"eael-entry-media\"><div class=\"eael-entry-overlay fade-in\"><i class=\"far fa-hand-pointer\" aria-hidden=\"true\"><\/i><a href=\"https:\/\/soymigrante.com\/revista\/el-chef-yovany-quisquina-fusiona-sabor-y-exito-en-brooklyn-ny\/\"><\/a><\/div><div class=\"eael-entry-thumbnail eael-image-ratio\">\n                <img loading=\"lazy\" decoding=\"async\" width=\"1024\" height=\"961\" src=\"https:\/\/soymigrante.com\/revista\/wp-content\/uploads\/2024\/05\/Chef-guatemalteco-Yovany-Quisquina-alcanza-exito-en-Estados-Unidos-6-e1715874690942-1024x961.webp\" class=\"attachment-large size-large wp-image-6400\" alt=\"Reconocimiento de chefs hispanos en Nueva York en SoyMigrante.com REVISTA.\" srcset=\"https:\/\/soymigrante.com\/revista\/wp-content\/uploads\/2024\/05\/Chef-guatemalteco-Yovany-Quisquina-alcanza-exito-en-Estados-Unidos-6-e1715874690942-1024x961.webp 1024w, https:\/\/soymigrante.com\/revista\/wp-content\/uploads\/2024\/05\/Chef-guatemalteco-Yovany-Quisquina-alcanza-exito-en-Estados-Unidos-6-e1715874690942-300x282.webp 300w, https:\/\/soymigrante.com\/revista\/wp-content\/uploads\/2024\/05\/Chef-guatemalteco-Yovany-Quisquina-alcanza-exito-en-Estados-Unidos-6-e1715874690942-768x721.webp 768w, https:\/\/soymigrante.com\/revista\/wp-content\/uploads\/2024\/05\/Chef-guatemalteco-Yovany-Quisquina-alcanza-exito-en-Estados-Unidos-6-e1715874690942-750x704.webp 750w, https:\/\/soymigrante.com\/revista\/wp-content\/uploads\/2024\/05\/Chef-guatemalteco-Yovany-Quisquina-alcanza-exito-en-Estados-Unidos-6-e1715874690942-1140x1070.webp 1140w, https:\/\/soymigrante.com\/revista\/wp-content\/uploads\/2024\/05\/Chef-guatemalteco-Yovany-Quisquina-alcanza-exito-en-Estados-Unidos-6-e1715874690942.webp 1450w\" sizes=\"(max-width: 1024px) 100vw, 1024px\" \/>\n            <\/div>\n        <\/div><div class=\"eael-entry-wrapper\"><header class=\"eael-entry-header\"><h2 class=\"eael-entry-title\"><a class=\"eael-grid-post-link\" href=\"https:\/\/soymigrante.com\/revista\/el-chef-yovany-quisquina-fusiona-sabor-y-exito-en-brooklyn-ny\/\" title=\"El chef Yovany Quisquin\u00e1 fusiona sabor y \u00e9xito en Brooklyn, NY\">El chef Yovany Quisquin\u00e1 fusiona sabor y \u00e9xito en Brooklyn, NY<\/a><\/h2><\/header><div class=\"eael-entry-content\">\n                        <div class=\"eael-grid-post-excerpt\"><a href=\"https:\/\/soymigrante.com\/revista\/el-chef-yovany-quisquina-fusiona-sabor-y-exito-en-brooklyn-ny\/\" class=\"eael-post-elements-readmore-btn\">CONOCE SU HISTORIA <\/a><\/div>\n                    <\/div><\/div><\/div>\n        <\/div>\n    <\/article><article class=\"eael-grid-post  eael-post-grid-column eael-pg-post-8417 category-exitos\" data-id=\"8417\">\n        <div class=\"eael-grid-post-holder\">\n            <div class=\"eael-grid-post-holder-inner\"><div class=\"eael-entry-media\"><div class=\"eael-entry-overlay fade-in\"><i class=\"far fa-hand-pointer\" aria-hidden=\"true\"><\/i><a href=\"https:\/\/soymigrante.com\/revista\/chef-manuel-tol-domina-el-idioma-del-sabor-en-miami\/\"><\/a><\/div><div class=\"eael-entry-thumbnail eael-image-ratio\">\n                <img loading=\"lazy\" decoding=\"async\" width=\"1024\" height=\"683\" src=\"https:\/\/soymigrante.com\/revista\/wp-content\/uploads\/2024\/08\/Manuel_Tol-Web-1024x683.webp\" class=\"attachment-large size-large wp-image-8422\" alt=\"Joven cocinero con uniforme profesional en un fondo oscuro, promoviendo la cultura migrante y el talento en la gastronom\u00eda.\" srcset=\"https:\/\/soymigrante.com\/revista\/wp-content\/uploads\/2024\/08\/Manuel_Tol-Web-1024x683.webp 1024w, https:\/\/soymigrante.com\/revista\/wp-content\/uploads\/2024\/08\/Manuel_Tol-Web-300x200.webp 300w, https:\/\/soymigrante.com\/revista\/wp-content\/uploads\/2024\/08\/Manuel_Tol-Web-768x512.webp 768w, https:\/\/soymigrante.com\/revista\/wp-content\/uploads\/2024\/08\/Manuel_Tol-Web-750x500.webp 750w, https:\/\/soymigrante.com\/revista\/wp-content\/uploads\/2024\/08\/Manuel_Tol-Web-1140x760.webp 1140w, https:\/\/soymigrante.com\/revista\/wp-content\/uploads\/2024\/08\/Manuel_Tol-Web.webp 1200w\" sizes=\"(max-width: 1024px) 100vw, 1024px\" \/>\n            <\/div>\n        <\/div><div class=\"eael-entry-wrapper\"><header class=\"eael-entry-header\"><h2 class=\"eael-entry-title\"><a class=\"eael-grid-post-link\" href=\"https:\/\/soymigrante.com\/revista\/chef-manuel-tol-domina-el-idioma-del-sabor-en-miami\/\" title=\"Chef guatemalteco Manuel Tol domina el idioma del sabor en Miami\">Chef guatemalteco Manuel Tol domina el idioma del sabor en Miami<\/a><\/h2><\/header><div class=\"eael-entry-content\">\n                        <div class=\"eael-grid-post-excerpt\"><a href=\"https:\/\/soymigrante.com\/revista\/chef-manuel-tol-domina-el-idioma-del-sabor-en-miami\/\" class=\"eael-post-elements-readmore-btn\">CONOCE SU HISTORIA <\/a><\/div>\n                    <\/div><\/div><\/div>\n        <\/div>\n    <\/article><article class=\"eael-grid-post  eael-post-grid-column eael-pg-post-25479 category-exitos\" data-id=\"25479\">\n        <div class=\"eael-grid-post-holder\">\n            <div class=\"eael-grid-post-holder-inner\"><div class=\"eael-entry-media\"><div class=\"eael-entry-overlay fade-in\"><i class=\"far fa-hand-pointer\" aria-hidden=\"true\"><\/i><a href=\"https:\/\/soymigrante.com\/revista\/chef-cristian-de-leon-pone-el-sazon-guatemalteco-en-minnesota-con-su-restaurante-xelas\/\"><\/a><\/div><div class=\"eael-entry-thumbnail eael-image-ratio\">\n                <img loading=\"lazy\" decoding=\"async\" width=\"1024\" height=\"1024\" src=\"https:\/\/soymigrante.com\/revista\/wp-content\/uploads\/2025\/02\/chef-cristian-de-leon-minnesota-2-1024x1024.jpg\" class=\"attachment-large size-large wp-image-25480\" alt=\"Plato de comida elaborado por un chef sonriente en un restaurante mexicano, enfatizando gastronom\u00eda y cultura culinaria en el contexto de la revista SoyMigrante.com REVISTA.\" srcset=\"https:\/\/soymigrante.com\/revista\/wp-content\/uploads\/2025\/02\/chef-cristian-de-leon-minnesota-2-1024x1024.jpg 1024w, https:\/\/soymigrante.com\/revista\/wp-content\/uploads\/2025\/02\/chef-cristian-de-leon-minnesota-2-300x300.jpg 300w, https:\/\/soymigrante.com\/revista\/wp-content\/uploads\/2025\/02\/chef-cristian-de-leon-minnesota-2-150x150.jpg 150w, https:\/\/soymigrante.com\/revista\/wp-content\/uploads\/2025\/02\/chef-cristian-de-leon-minnesota-2-768x768.jpg 768w, https:\/\/soymigrante.com\/revista\/wp-content\/uploads\/2025\/02\/chef-cristian-de-leon-minnesota-2-1536x1536.jpg 1536w, https:\/\/soymigrante.com\/revista\/wp-content\/uploads\/2025\/02\/chef-cristian-de-leon-minnesota-2-2048x2048.jpg 2048w, https:\/\/soymigrante.com\/revista\/wp-content\/uploads\/2025\/02\/chef-cristian-de-leon-minnesota-2-75x75.webp 75w, https:\/\/soymigrante.com\/revista\/wp-content\/uploads\/2025\/02\/chef-cristian-de-leon-minnesota-2-750x750.webp 750w, https:\/\/soymigrante.com\/revista\/wp-content\/uploads\/2025\/02\/chef-cristian-de-leon-minnesota-2-1140x1140.webp 1140w, https:\/\/soymigrante.com\/revista\/wp-content\/uploads\/2025\/02\/chef-cristian-de-leon-minnesota-2.webp 1920w\" sizes=\"(max-width: 1024px) 100vw, 1024px\" \/>\n            <\/div>\n        <\/div><div class=\"eael-entry-wrapper\"><header class=\"eael-entry-header\"><h2 class=\"eael-entry-title\"><a class=\"eael-grid-post-link\" href=\"https:\/\/soymigrante.com\/revista\/chef-cristian-de-leon-pone-el-sazon-guatemalteco-en-minnesota-con-su-restaurante-xelas\/\" title=\"Chef Cristian de Le\u00f3n pone el saz\u00f3n guatemalteco en Minnesota con su restaurante Xelas\">Chef Cristian de Le\u00f3n pone el saz\u00f3n guatemalteco en Minnesota con su restaurante Xelas<\/a><\/h2><\/header><div class=\"eael-entry-content\">\n                        <div class=\"eael-grid-post-excerpt\"><a href=\"https:\/\/soymigrante.com\/revista\/chef-cristian-de-leon-pone-el-sazon-guatemalteco-en-minnesota-con-su-restaurante-xelas\/\" class=\"eael-post-elements-readmore-btn\">CONOCE SU HISTORIA <\/a><\/div>\n                    <\/div><\/div><\/div>\n        <\/div>\n    <\/article><\/div>\n            <div class=\"clearfix\"><\/div>\n        <\/div>\t\t\t\t<\/div>\n\t\t\t\t\t<\/div>\n\t\t\t\t<\/div>\n\t\t\t\t<\/div>\n\t\t","protected":false},"excerpt":{"rendered":"<p>Chef guatemalteco Carlos Marroqu\u00edn impulsa sabores guatemaltecos en Pittsburgh, Pensilvania, desde su food truck El Chucho. Fue invitado a un show de TV local para mostrar su saz\u00f3n. En una ciudad conocida por su diversidad gastron\u00f3mica como Pittsburgh, un food truck guatemalteco ha logrado abrirse camino con sabor, carisma y mucha identidad, gracias al sabor [&hellip;]<\/p>\n","protected":false},"author":7,"featured_media":49657,"comment_status":"open","ping_status":"open","sticky":false,"template":"","format":"standard","meta":{"_acf_changed":false,"_eb_attr":"","footnotes":""},"categories":[50,274],"tags":[],"class_list":["post-49656","post","type-post","status-publish","format-standard","has-post-thumbnail","hentry","category-exitos","category-guatemala"],"acf":[],"aioseo_notices":[],"aioseo_head":"\n\t\t<!-- All in One SEO Pro 4.9.6.2 - aioseo.com -->\n\t<meta name=\"description\" content=\"El chef guatemalteco Cristian de Le\u00f3n ha abierto tres restaurantes de comida hispana en Minnesota. El m\u00e1s reciente es Xelas, de comida chapina. Esta es su historia\" \/>\n\t<meta name=\"robots\" content=\"max-snippet:-1, max-image-preview:large, max-video-preview:-1\" \/>\n\t<meta name=\"author\" content=\"Gustavo Montenegro\"\/>\n\t<link rel=\"canonical\" href=\"https:\/\/soymigrante.com\/revista\/chef-cristian-de-leon-pone-el-sazon-guatemalteco-en-minnesota-con-su-restaurante-xelas\/\" \/>\n\t<meta name=\"generator\" content=\"All in One SEO Pro (AIOSEO) 4.9.6.2\" \/>\n\n\t\t<link rel=\"preconnect\" href=\"https:\/\/fonts.googleapis.com\" crossorigin>\n<link rel=\"preconnect\" href=\"https:\/\/fonts.gstatic.com\" crossorigin>\n\t\t<meta property=\"og:locale\" content=\"es_ES\" \/>\n\t\t<meta property=\"og:site_name\" content=\"SoyMigrante.com REVISTA \u2013 Nuestra misi\u00f3n es reconocer y dignificar al migrante.\" \/>\n\t\t<meta property=\"og:type\" content=\"article\" \/>\n\t\t<meta property=\"og:title\" content=\"Chef Cristian de Le\u00f3n pone saz\u00f3n guatemalteca en Minnesota\" \/>\n\t\t<meta property=\"og:description\" content=\"El chef guatemalteco Cristian de Le\u00f3n ha abierto tres restaurantes de comida hispana en Minnesota. El m\u00e1s reciente es Xelas, de comida chapina. Esta es su historia\" \/>\n\t\t<meta property=\"og:url\" content=\"https:\/\/soymigrante.com\/revista\/chef-cristian-de-leon-pone-el-sazon-guatemalteco-en-minnesota-con-su-restaurante-xelas\/\" \/>\n\t\t<meta property=\"og:image\" content=\"https:\/\/soymigrante.com\/revista\/wp-content\/uploads\/2025\/02\/chef-cristian-de-leon-minnesota-2.webp\" \/>\n\t\t<meta property=\"og:image:secure_url\" content=\"https:\/\/soymigrante.com\/revista\/wp-content\/uploads\/2025\/02\/chef-cristian-de-leon-minnesota-2.webp\" \/>\n\t\t<meta property=\"og:image:width\" content=\"1920\" \/>\n\t\t<meta property=\"og:image:height\" content=\"1920\" \/>\n\t\t<meta property=\"article:published_time\" content=\"2025-02-17T12:00:00+00:00\" \/>\n\t\t<meta property=\"article:modified_time\" content=\"2025-05-29T14:51:07+00:00\" \/>\n\t\t<meta property=\"article:publisher\" content=\"https:\/\/www.facebook.com\/soymigrantecom\" \/>\n\t\t<meta name=\"twitter:card\" content=\"summary_large_image\" \/>\n\t\t<meta name=\"twitter:site\" content=\"@SoyMigrante_com\" \/>\n\t\t<meta name=\"twitter:title\" content=\"Chef Cristian de Le\u00f3n pone saz\u00f3n guatemalteca en Minnesota\" \/>\n\t\t<meta name=\"twitter:description\" content=\"El chef guatemalteco Cristian de Le\u00f3n ha abierto tres restaurantes de comida hispana en Minnesota. El m\u00e1s reciente es Xelas, de comida chapina. Esta es su historia\" \/>\n\t\t<meta name=\"twitter:creator\" content=\"@SoyMigrante_com\" \/>\n\t\t<meta name=\"twitter:image\" content=\"https:\/\/soymigrante.com\/revista\/wp-content\/uploads\/2025\/02\/chef-cristian-de-leon-minnesota-2.webp\" \/>\n\t\t<!-- All in One SEO Pro -->\r\n\t\t<title>Chef Cristian de Le\u00f3n pone saz\u00f3n guatemalteca en Minnesota<\/title>\n\n","aioseo_head_json":{"title":"Chef Cristian de Le\u00f3n pone saz\u00f3n guatemalteca en Minnesota","description":"El chef guatemalteco Cristian de Le\u00f3n ha abierto tres restaurantes de comida hispana en Minnesota. El m\u00e1s reciente es Xelas, de comida chapina. Esta es su historia","canonical_url":"https:\/\/soymigrante.com\/revista\/chef-cristian-de-leon-pone-el-sazon-guatemalteco-en-minnesota-con-su-restaurante-xelas\/","robots":"max-snippet:-1, max-image-preview:large, max-video-preview:-1","keywords":"","webmasterTools":{"miscellaneous":"&lt;link rel=\"preconnect\" href=\"https:\/\/fonts.googleapis.com\" crossorigin&gt;\n&lt;link rel=\"preconnect\" href=\"https:\/\/fonts.gstatic.com\" crossorigin&gt;"},"schema":null,"og:locale":"es_ES","og:site_name":"SoyMigrante.com REVISTA \u2013 Nuestra misi\u00f3n es reconocer y dignificar al migrante.","og:type":"article","og:title":"Chef Cristian de Le\u00f3n pone saz\u00f3n guatemalteca en Minnesota","og:description":"El chef guatemalteco Cristian de Le\u00f3n ha abierto tres restaurantes de comida hispana en Minnesota. El m\u00e1s reciente es Xelas, de comida chapina. Esta es su historia","og:url":"https:\/\/soymigrante.com\/revista\/chef-cristian-de-leon-pone-el-sazon-guatemalteco-en-minnesota-con-su-restaurante-xelas\/","og:image":"https:\/\/soymigrante.com\/revista\/wp-content\/uploads\/2025\/02\/chef-cristian-de-leon-minnesota-2.webp","og:image:secure_url":"https:\/\/soymigrante.com\/revista\/wp-content\/uploads\/2025\/02\/chef-cristian-de-leon-minnesota-2.webp","og:image:width":1920,"og:image:height":1920,"article:published_time":"2025-02-17T12:00:00+00:00","article:modified_time":"2025-05-29T14:51:07+00:00","article:publisher":"https:\/\/www.facebook.com\/soymigrantecom","twitter:card":"summary_large_image","twitter:site":"@SoyMigrante_com","twitter:title":"Chef Cristian de Le\u00f3n pone saz\u00f3n guatemalteca en Minnesota","twitter:description":"El chef guatemalteco Cristian de Le\u00f3n ha abierto tres restaurantes de comida hispana en Minnesota. El m\u00e1s reciente es Xelas, de comida chapina. Esta es su historia","twitter:creator":"@SoyMigrante_com","twitter:image":"https:\/\/soymigrante.com\/revista\/wp-content\/uploads\/2025\/02\/chef-cristian-de-leon-minnesota-2.webp"},"aioseo_meta_data":{"post_id":"49656","title":"El Chucho es embajada del sabor guatemalteco en Pittsburgh","description":"Chef guatemalteco Carlos Marroqu\u00edn sorprendi\u00f3 a anfitriones de programa Talk Pittsburgh con antojitos guatemaltecos que vende en su food truck El Chucho","keywords":null,"keyphrases":{"focus":{"keyphrase":"Guatemalteco","score":100,"analysis":{"keyphraseInTitle":{"score":9,"maxScore":9,"error":0},"keyphraseInDescription":{"score":9,"maxScore":9,"error":0},"keyphraseLength":{"score":9,"maxScore":9,"error":0,"length":1},"keyphraseInURL":{"score":5,"maxScore":5,"error":0}}},"additional":[{"keyphrase":"Sabor guatemalteco","score":67,"analysis":{"keyphraseInDescription":{"score":3,"maxScore":9,"error":1},"keyphraseLength":{"score":9,"maxScore":9,"error":0,"length":2}}},{"keyphrase":"El Chucho","score":100,"analysis":{"keyphraseInDescription":{"score":9,"maxScore":9,"error":0},"keyphraseLength":{"score":9,"maxScore":9,"error":0,"length":2}}},{"keyphrase":"Pittsburgh","score":100,"analysis":{"keyphraseInDescription":{"score":9,"maxScore":9,"error":0},"keyphraseLength":{"score":9,"maxScore":9,"error":0,"length":1}}}]},"primary_term":null,"canonical_url":null,"og_title":null,"og_description":null,"og_object_type":"default","og_image_type":"default","og_image_url":null,"og_image_width":null,"og_image_height":null,"og_image_custom_url":null,"og_image_custom_fields":null,"og_video":"","og_custom_url":null,"og_article_section":null,"og_article_tags":null,"twitter_use_og":false,"twitter_card":"default","twitter_image_type":"default","twitter_image_url":null,"twitter_image_custom_url":null,"twitter_image_custom_fields":null,"twitter_title":null,"twitter_description":null,"schema":{"blockGraphs":[],"customGraphs":[],"default":{"data":{"Article":[],"Course":[],"Dataset":[],"FAQPage":[],"Movie":[],"Person":[],"Product":[],"ProductReview":[],"Car":[],"Recipe":[],"Service":[],"SoftwareApplication":[],"WebPage":[]},"graphName":"NewsArticle","isEnabled":true},"graphs":[]},"schema_type":"default","schema_type_options":null,"pillar_content":false,"robots_default":true,"robots_noindex":false,"robots_noarchive":false,"robots_nosnippet":false,"robots_nofollow":false,"robots_noimageindex":false,"robots_noodp":false,"robots_notranslate":false,"robots_max_snippet":"-1","robots_max_videopreview":"-1","robots_max_imagepreview":"large","priority":null,"frequency":"default","local_seo":null,"seo_analyzer_scan_date":"2025-12-11 04:33:07","breadcrumb_settings":null,"limit_modified_date":false,"reviewed_by":"0","open_ai":null,"ai":{"faqs":[],"keyPoints":[],"titles":[],"descriptions":[],"socialPosts":{"email":[],"linkedin":[],"twitter":[],"facebook":[],"instagram":[]}},"created":"2025-12-11 02:30:17","updated":"2026-02-05 07:45:34"},"aioseo_breadcrumb":"<div class=\"aioseo-breadcrumbs\"><span class=\"aioseo-breadcrumb\">\n\t<a href=\"https:\/\/soymigrante.com\/revista\" title=\"Home\">Home<\/a>\n<\/span><span class=\"aioseo-breadcrumb-separator\">\u00bb<\/span><span class=\"aioseo-breadcrumb\">\n\t<a href=\"https:\/\/soymigrante.com\/revista\/category\/exitos\/\" title=\"\u00c9xitos\">\u00c9xitos<\/a>\n<\/span><span class=\"aioseo-breadcrumb-separator\">\u00bb<\/span><span class=\"aioseo-breadcrumb\">\n\t<a href=\"https:\/\/soymigrante.com\/revista\/category\/exitos\/guatemala\/\" title=\"Guatemala\">Guatemala<\/a>\n<\/span><span class=\"aioseo-breadcrumb-separator\">\u00bb<\/span><span class=\"aioseo-breadcrumb\">\n\tEl Chucho es una embajada del sabor guatemalteco en Pittsburgh\n<\/span><\/div>","aioseo_breadcrumb_json":[{"label":"Home","link":"https:\/\/soymigrante.com\/revista"},{"label":"\u00c9xitos","link":"https:\/\/soymigrante.com\/revista\/category\/exitos\/"},{"label":"Guatemala","link":"https:\/\/soymigrante.com\/revista\/category\/exitos\/guatemala\/"},{"label":"El Chucho es una embajada del sabor guatemalteco en Pittsburgh","link":"https:\/\/soymigrante.com\/revista\/el-chucho-es-una-embajada-del-sabor-guatemalteco-en-pittsburgh\/"}],"_links":{"self":[{"href":"https:\/\/soymigrante.com\/revista\/wp-json\/wp\/v2\/posts\/49656","targetHints":{"allow":["GET"]}}],"collection":[{"href":"https:\/\/soymigrante.com\/revista\/wp-json\/wp\/v2\/posts"}],"about":[{"href":"https:\/\/soymigrante.com\/revista\/wp-json\/wp\/v2\/types\/post"}],"author":[{"embeddable":true,"href":"https:\/\/soymigrante.com\/revista\/wp-json\/wp\/v2\/users\/7"}],"replies":[{"embeddable":true,"href":"https:\/\/soymigrante.com\/revista\/wp-json\/wp\/v2\/comments?post=49656"}],"version-history":[{"count":5,"href":"https:\/\/soymigrante.com\/revista\/wp-json\/wp\/v2\/posts\/49656\/revisions"}],"predecessor-version":[{"id":49669,"href":"https:\/\/soymigrante.com\/revista\/wp-json\/wp\/v2\/posts\/49656\/revisions\/49669"}],"wp:featuredmedia":[{"embeddable":true,"href":"https:\/\/soymigrante.com\/revista\/wp-json\/wp\/v2\/media\/49657"}],"wp:attachment":[{"href":"https:\/\/soymigrante.com\/revista\/wp-json\/wp\/v2\/media?parent=49656"}],"wp:term":[{"taxonomy":"category","embeddable":true,"href":"https:\/\/soymigrante.com\/revista\/wp-json\/wp\/v2\/categories?post=49656"},{"taxonomy":"post_tag","embeddable":true,"href":"https:\/\/soymigrante.com\/revista\/wp-json\/wp\/v2\/tags?post=49656"}],"curies":[{"name":"wp","href":"https:\/\/api.w.org\/{rel}","templated":true}]}}