{"id":49636,"date":"2025-12-10T08:52:41","date_gmt":"2025-12-10T14:52:41","guid":{"rendered":"https:\/\/soymigrante.com\/revista\/?p=49636"},"modified":"2025-12-10T09:11:19","modified_gmt":"2025-12-10T15:11:19","slug":"conoce-y-ejerce-tus-derechos-aconseja-alcalde-electo-de-new-york-a-migrantes-ante-operativos","status":"publish","type":"post","link":"https:\/\/soymigrante.com\/revista\/conoce-y-ejerce-tus-derechos-aconseja-alcalde-electo-de-new-york-a-migrantes-ante-operativos\/","title":{"rendered":"Conoce y ejerce tus derechos aconseja alcalde electo de New York a migrantes ante operativos"},"content":{"rendered":"\t\t<div data-elementor-type=\"wp-post\" data-elementor-id=\"49636\" class=\"elementor elementor-49636\" data-elementor-post-type=\"post\">\n\t\t\t\t<div data-particle_enable=\"false\" data-particle-mobile-disabled=\"false\" class=\"elementor-element elementor-element-25a50a1 e-flex e-con-boxed e-con e-parent\" data-id=\"25a50a1\" data-element_type=\"container\" data-e-type=\"container\">\n\t\t\t\t\t<div class=\"e-con-inner\">\n\t\t\t\t<div class=\"elementor-element elementor-element-7800396 elementor-widget elementor-widget-heading\" data-id=\"7800396\" data-element_type=\"widget\" data-e-type=\"widget\" data-widget_type=\"heading.default\">\n\t\t\t\t\t<h2 class=\"elementor-heading-title elementor-size-default\">Claves para que migrantes indocumentados o en proceso de legalizaci\u00f3n sepan reaccionar ante operativos de ICE, brind\u00f3 el alcalde electo de New York Zohran Mamdani. Esta es la s\u00edntesis de su mensaje.<\/h2>\t\t\t\t<\/div>\n\t\t\t\t\t<\/div>\n\t\t\t\t<\/div>\n\t\t<div data-particle_enable=\"false\" data-particle-mobile-disabled=\"false\" class=\"elementor-element elementor-element-08ce183 e-flex e-con-boxed e-con e-parent\" data-id=\"08ce183\" data-element_type=\"container\" data-e-type=\"container\">\n\t\t\t\t\t<div class=\"e-con-inner\">\n\t\t\t\t<div class=\"elementor-element elementor-element-1de8a28 elementor-widget elementor-widget-text-editor\" data-id=\"1de8a28\" data-element_type=\"widget\" data-e-type=\"widget\" data-widget_type=\"text-editor.default\">\n\t\t\t\t\t\t\t\t\t<p>&#8220;El s\u00e1bado (6 de diciembre 2025) ICE intent\u00f3 atender Canal Street y detener a habitantes. Como alcalde, proteger\u00e9 los <a href=\"https:\/\/soymigrante.com\/revista\/todo-migrante-tiene-derechos-la-union-americana-de-libertades-civiles-recomienda\/\">derechos<\/a> de cada neoyorkino y eso incluye a m\u00e1s de 3 millones de migrantes que llaman a esta ciudad su hogar&#8221;: as\u00ed comienza el mensaje de Zohran Mamdani, alcalde electo de New York, que asumir\u00e1 el cargo el 1 de enero de 2026, en el cual exhorta <a href=\"https:\/\/soymigrante.com\/revista\/todo-migrante-tiene-derechos-la-union-americana-de-libertades-civiles-recomienda\/\">a todos los habitantes a conocer y ejercer derechos constitucionales<\/a>\u00a0ante operativos migratorios.<\/p><p>Esto le une a otros funcionarios y alcaldes de <a href=\"https:\/\/soymigrante.com\/revista\/la-ciudad-de-chicago-decreta-zonas-libres-de-ice\/\">ciudades como Chicago que se han pronunciado ante abusos denunciados<\/a>.<\/p>\t\t\t\t\t\t\t\t<\/div>\n\t\t\t\t\t<\/div>\n\t\t\t\t<\/div>\n\t\t<div data-particle_enable=\"false\" data-particle-mobile-disabled=\"false\" class=\"elementor-element elementor-element-8bd495d e-flex e-con-boxed e-con e-parent\" data-id=\"8bd495d\" data-element_type=\"container\" data-e-type=\"container\">\n\t\t\t\t\t<div class=\"e-con-inner\">\n\t\t\t\t<div class=\"elementor-element elementor-element-bcfad7f elementor-widget elementor-widget-html\" data-id=\"bcfad7f\" data-element_type=\"widget\" data-e-type=\"widget\" data-widget_type=\"html.default\">\n\t\t\t\t\t<iframe width=\"560\" height=\"415\" src=\"https:\/\/www.youtube.com\/embed\/Tq-KqQXy4LE?si=J4uvOPJvfn6Ch9Gm\" title=\"YouTube video player\" frameborder=\"0\" allow=\"accelerometer; autoplay; clipboard-write; encrypted-media; gyroscope; picture-in-picture; web-share\" referrerpolicy=\"strict-origin-when-cross-origin\" allowfullscreen><\/iframe>\t\t\t\t<\/div>\n\t\t\t\t\t<\/div>\n\t\t\t\t<\/div>\n\t\t<div data-particle_enable=\"false\" data-particle-mobile-disabled=\"false\" class=\"elementor-element elementor-element-75a2d58 e-flex e-con-boxed e-con e-parent\" data-id=\"75a2d58\" data-element_type=\"container\" data-e-type=\"container\">\n\t\t\t\t\t<div class=\"e-con-inner\">\n\t\t\t\t<div class=\"elementor-element elementor-element-b61653f elementor-widget elementor-widget-heading\" data-id=\"b61653f\" data-element_type=\"widget\" data-e-type=\"widget\" data-widget_type=\"heading.default\">\n\t\t\t\t\t<h2 class=\"elementor-heading-title elementor-size-default\">Recomendaciones de Mamdani: respetar la ley y a los agentes, pero ejerciendo derechos<\/h2>\t\t\t\t<\/div>\n\t\t\t\t\t<\/div>\n\t\t\t\t<\/div>\n\t\t<div data-particle_enable=\"false\" data-particle-mobile-disabled=\"false\" class=\"elementor-element elementor-element-f1b5a52 e-flex e-con-boxed e-con e-parent\" data-id=\"f1b5a52\" data-element_type=\"container\" data-e-type=\"container\">\n\t\t\t\t\t<div class=\"e-con-inner\">\n\t\t\t\t<div class=\"elementor-element elementor-element-1dcbf4c elementor-widget elementor-widget-text-editor\" data-id=\"1dcbf4c\" data-element_type=\"widget\" data-e-type=\"widget\" data-widget_type=\"text-editor.default\">\n\t\t\t\t\t\t\t\t\t<ul><li>&#8220;Todos podemos plantarnos f<a href=\"https:\/\/soymigrante.com\/revista\/derechos-de-los-migrantes-silencio-indocumentados-defensa\/\">rente a (los agentes federales de) ICE si <\/a><b><a href=\"https:\/\/soymigrante.com\/revista\/derechos-de-los-migrantes-silencio-indocumentados-defensa\/\">conoces tus derechos<\/a>.<\/b> Si tienes un encuentro con ICE, estas son las cosas que todos los neoyorkinos deben saber:\u00a0<\/li><li>Primero, ICE no puede entrar en espacios de hogar, escuela o zonas privadas de tu lugar de trabajo sin una orden judicial v\u00e1lida firmada por un juez&#8221;<\/li><li>&#8220;Si ICE se presenta, te debe mostrar un papel que se ve as\u00ed&#8221;<\/li><\/ul>\t\t\t\t\t\t\t\t<\/div>\n\t\t\t\t\t<\/div>\n\t\t\t\t<\/div>\n\t\t<div data-particle_enable=\"false\" data-particle-mobile-disabled=\"false\" class=\"elementor-element elementor-element-62e2123 e-flex e-con-boxed e-con e-parent\" data-id=\"62e2123\" data-element_type=\"container\" data-e-type=\"container\">\n\t\t\t\t\t<div class=\"e-con-inner\">\n\t\t\t\t<div class=\"elementor-element elementor-element-f4fd9fc elementor-widget elementor-widget-image\" data-id=\"f4fd9fc\" data-element_type=\"widget\" data-e-type=\"widget\" data-widget_type=\"image.default\">\n\t\t\t\t\t\t\t\t\t\t\t\t<figure class=\"wp-caption\">\n\t\t\t\t\t\t\t\t\t\t<img fetchpriority=\"high\" decoding=\"async\" width=\"976\" height=\"638\" src=\"https:\/\/soymigrante.com\/revista\/wp-content\/uploads\/2025\/12\/orden-de-detencion-o-revision-de-juez.png\" class=\"attachment-large size-large wp-image-49643\" alt=\"Si un agente de ICE u otra agencia dice que est\u00e1 facultado para detenerte pero no tiene una orden firmada por juez, no es cierto, afirma el alcalde electo de New York.\" srcset=\"https:\/\/soymigrante.com\/revista\/wp-content\/uploads\/2025\/12\/orden-de-detencion-o-revision-de-juez.png 976w, https:\/\/soymigrante.com\/revista\/wp-content\/uploads\/2025\/12\/orden-de-detencion-o-revision-de-juez-300x196.png 300w, https:\/\/soymigrante.com\/revista\/wp-content\/uploads\/2025\/12\/orden-de-detencion-o-revision-de-juez-768x502.png 768w, https:\/\/soymigrante.com\/revista\/wp-content\/uploads\/2025\/12\/orden-de-detencion-o-revision-de-juez-750x490.png 750w\" sizes=\"(max-width: 976px) 100vw, 976px\" title=\"Si un agente de ICE u otra agencia dice que est\u00e1 facultado para detenerte pero no tiene una orden firmada por juez, no es cierto, afirma el alcalde electo de New York. \u2013 SoyMigrante.com REVISTA\" \/>\t\t\t\t\t\t\t\t\t\t\t<figcaption class=\"widget-image-caption wp-caption-text\">Si un agente de ICE u otra agencia dice que est\u00e1 facultado para detenerte pero no tiene una orden firmada por juez, no es cierto, afirma el alcalde electo de New York.<\/figcaption>\n\t\t\t\t\t\t\t\t\t\t<\/figure>\n\t\t\t\t\t\t\t\t\t<\/div>\n\t\t\t\t\t<\/div>\n\t\t\t\t<\/div>\n\t\t<div data-particle_enable=\"false\" data-particle-mobile-disabled=\"false\" class=\"elementor-element elementor-element-48014b3 e-flex e-con-boxed e-con e-parent\" data-id=\"48014b3\" data-element_type=\"container\" data-e-type=\"container\">\n\t\t\t\t\t<div class=\"e-con-inner\">\n\t\t\t\t<div class=\"elementor-element elementor-element-b546572 elementor-widget elementor-widget-text-editor\" data-id=\"b546572\" data-element_type=\"widget\" data-e-type=\"widget\" data-widget_type=\"text-editor.default\">\n\t\t\t\t\t\t\t\t\t<ul><li>&#8220;Y si no tienen ese documento con la orden, pero te dicen que tienen el derecho de detenerte. Es falso&#8221;.\u00a0<\/li><li>&#8220;ICE tiene la facultad legal de mentirte, pero <b><a href=\"https:\/\/soymigrante.com\/revista\/derechos-de-los-migrantes-silencio-indocumentados-defensa\/\">t\u00fa tienes el derecho de guardar silencio&#8221;.\u00a0<\/a><\/b><\/li><li>&#8220;Si te detienen (en un operativo) pero no est\u00e1s arrestado, SIEMPRE podr\u00e1s preguntar si eres libre de irte, repetidamente, hasta que el agente te responda&#8221;.\u00a0<\/li><li>&#8220;Tienes legalmente permitido filmar a ICE, mientras no interfieras con sus acciones o un arresto&#8221;<\/li><li>&#8220;Es importante<a href=\"https:\/\/soymigrante.com\/revista\/derechos-de-los-migrantes-silencio-indocumentados-defensa\/\"> mantenerse en calma durante cualquier interacci\u00f3n con agentes de la ley<\/a>. No impidas su investigaci\u00f3n, no resistas al arresto y no corras&#8221;.\u00a0<\/li><li>&#8220;Una \u00faltima cosa, los neoyorkinos tienen un derecho constitucional a protestar. Y cuando yo asuma como alcalde, proteger\u00e9 ese derecho. Nueva York siempre aceptar\u00e1 a inmigrantes. Y luchar\u00e9 cada d\u00eda para proteger, apoyar y celebrar a nuestros hermanos y hermanas&#8221;<\/li><\/ul>\t\t\t\t\t\t\t\t<\/div>\n\t\t\t\t\t<\/div>\n\t\t\t\t<\/div>\n\t\t<div data-particle_enable=\"false\" data-particle-mobile-disabled=\"false\" class=\"elementor-element elementor-element-2f950e4 e-flex e-con-boxed e-con e-parent\" data-id=\"2f950e4\" data-element_type=\"container\" data-e-type=\"container\">\n\t\t\t\t\t<div class=\"e-con-inner\">\n\t\t\t\t<div class=\"elementor-element elementor-element-4cffa22 elementor-widget elementor-widget-heading\" data-id=\"4cffa22\" data-element_type=\"widget\" data-e-type=\"widget\" data-widget_type=\"heading.default\">\n\t\t\t\t\t<h2 class=\"elementor-heading-title elementor-size-default\">M\u00e1s sobre tus derechos en USA<\/h2>\t\t\t\t<\/div>\n\t\t\t\t\t<\/div>\n\t\t\t\t<\/div>\n\t\t<div data-particle_enable=\"false\" data-particle-mobile-disabled=\"false\" class=\"elementor-element elementor-element-7562aa9 e-flex e-con-boxed e-con e-parent\" data-id=\"7562aa9\" data-element_type=\"container\" data-e-type=\"container\">\n\t\t\t\t\t<div class=\"e-con-inner\">\n\t\t\t\t<div class=\"elementor-element elementor-element-0633c69 elementor-grid-eael-col-3 elementor-grid-tablet-eael-col-2 elementor-grid-mobile-eael-col-1 elementor-widget elementor-widget-eael-post-grid\" data-id=\"0633c69\" data-element_type=\"widget\" data-e-type=\"widget\" data-settings=\"{&quot;eael_post_grid_columns&quot;:&quot;eael-col-3&quot;,&quot;eael_post_grid_columns_tablet&quot;:&quot;eael-col-2&quot;,&quot;eael_post_grid_columns_mobile&quot;:&quot;eael-col-1&quot;}\" data-widget_type=\"eael-post-grid.default\">\n\t\t\t\t\t<div id=\"eael-post-grid-0633c69\" class=\"eael-post-grid-container\">\n            <div class=\"eael-post-grid eael-post-appender eael-post-appender-0633c69 eael-post-grid-style-one\" data-layout-mode=\"masonry\"><article class=\"eael-grid-post  eael-post-grid-column eael-pg-post-16944 category-recursos-migratorios\" data-id=\"16944\">\n        <div class=\"eael-grid-post-holder\">\n            <div class=\"eael-grid-post-holder-inner\"><div class=\"eael-entry-media\"><div class=\"eael-entry-overlay fade-in\"><i class=\"far fa-hand-pointer\" aria-hidden=\"true\"><\/i><a href=\"https:\/\/soymigrante.com\/revista\/todo-migrante-tiene-derechos-la-union-americana-de-libertades-civiles-recomienda\/\"><\/a><\/div><div class=\"eael-entry-thumbnail eael-image-ratio\">\n                <img decoding=\"async\" width=\"1024\" height=\"1024\" src=\"https:\/\/soymigrante.com\/revista\/wp-content\/uploads\/2024\/12\/migrantes-ruta-1-1024x1024.jpg\" class=\"attachment-large size-large wp-image-17020\" alt=\"Camino con peatones en carretera lluviosa, se\u00f1al de obra vial y l\u00edmite de velocidad de 30 km\/h, en un entorno natural y monta\u00f1oso, en la publicaci\u00f3n de SoyMigrante.com REVISTA.\" srcset=\"https:\/\/soymigrante.com\/revista\/wp-content\/uploads\/2024\/12\/migrantes-ruta-1-1024x1024.jpg 1024w, https:\/\/soymigrante.com\/revista\/wp-content\/uploads\/2024\/12\/migrantes-ruta-1-300x300.jpg 300w, https:\/\/soymigrante.com\/revista\/wp-content\/uploads\/2024\/12\/migrantes-ruta-1-150x150.jpg 150w, https:\/\/soymigrante.com\/revista\/wp-content\/uploads\/2024\/12\/migrantes-ruta-1-768x768.jpg 768w, https:\/\/soymigrante.com\/revista\/wp-content\/uploads\/2024\/12\/migrantes-ruta-1-1536x1536.jpg 1536w, https:\/\/soymigrante.com\/revista\/wp-content\/uploads\/2024\/12\/migrantes-ruta-1-2048x2048.jpg 2048w, https:\/\/soymigrante.com\/revista\/wp-content\/uploads\/2024\/12\/migrantes-ruta-1-75x75.webp 75w, https:\/\/soymigrante.com\/revista\/wp-content\/uploads\/2024\/12\/migrantes-ruta-1-750x750.webp 750w, https:\/\/soymigrante.com\/revista\/wp-content\/uploads\/2024\/12\/migrantes-ruta-1-1140x1140.webp 1140w, https:\/\/soymigrante.com\/revista\/wp-content\/uploads\/2024\/12\/migrantes-ruta-1-scaled.webp 1920w\" sizes=\"(max-width: 1024px) 100vw, 1024px\" \/>\n            <\/div>\n        <\/div><div class=\"eael-entry-wrapper\"><header class=\"eael-entry-header\"><h2 class=\"eael-entry-title\"><a class=\"eael-grid-post-link\" href=\"https:\/\/soymigrante.com\/revista\/todo-migrante-tiene-derechos-la-union-americana-de-libertades-civiles-recomienda\/\" title=\"Todo migrante tiene derechos: la Uni\u00f3n Americana de Libertades Civiles recomienda&#8230;\">Todo migrante tiene derechos: la Uni\u00f3n Americana de Libertades Civiles recomienda&#8230;<\/a><\/h2><\/header><div class=\"eael-entry-content\">\n                        <div class=\"eael-grid-post-excerpt\"><a href=\"https:\/\/soymigrante.com\/revista\/todo-migrante-tiene-derechos-la-union-americana-de-libertades-civiles-recomienda\/\" class=\"eael-post-elements-readmore-btn\">CONOCE SU HISTORIA <\/a><\/div>\n                    <\/div><\/div><\/div>\n        <\/div>\n    <\/article><article class=\"eael-grid-post  eael-post-grid-column eael-pg-post-25952 category-recursos-migratorios\" data-id=\"25952\">\n        <div class=\"eael-grid-post-holder\">\n            <div class=\"eael-grid-post-holder-inner\"><div class=\"eael-entry-media\"><div class=\"eael-entry-overlay fade-in\"><i class=\"far fa-hand-pointer\" aria-hidden=\"true\"><\/i><a href=\"https:\/\/soymigrante.com\/revista\/como-hallar-un-abogado-experto-en-migracion-aila-puede-ser-de-utilidad\/\"><\/a><\/div><div class=\"eael-entry-thumbnail eael-image-ratio\">\n                <img decoding=\"async\" width=\"1024\" height=\"1024\" src=\"https:\/\/soymigrante.com\/revista\/wp-content\/uploads\/2025\/02\/envato-labs-ai-60370ae9-72ee-41ea-8b19-12573c5ba9e3.webp\" class=\"attachment-large size-large wp-image-25953\" alt=\"Atractivo de un hombre profesional en una oficina moderna, vestido con traje y mostrando confianza.\" srcset=\"https:\/\/soymigrante.com\/revista\/wp-content\/uploads\/2025\/02\/envato-labs-ai-60370ae9-72ee-41ea-8b19-12573c5ba9e3.webp 1024w, https:\/\/soymigrante.com\/revista\/wp-content\/uploads\/2025\/02\/envato-labs-ai-60370ae9-72ee-41ea-8b19-12573c5ba9e3-300x300.png 300w, https:\/\/soymigrante.com\/revista\/wp-content\/uploads\/2025\/02\/envato-labs-ai-60370ae9-72ee-41ea-8b19-12573c5ba9e3-150x150.png 150w, https:\/\/soymigrante.com\/revista\/wp-content\/uploads\/2025\/02\/envato-labs-ai-60370ae9-72ee-41ea-8b19-12573c5ba9e3-768x768.png 768w, https:\/\/soymigrante.com\/revista\/wp-content\/uploads\/2025\/02\/envato-labs-ai-60370ae9-72ee-41ea-8b19-12573c5ba9e3-75x75.webp 75w, https:\/\/soymigrante.com\/revista\/wp-content\/uploads\/2025\/02\/envato-labs-ai-60370ae9-72ee-41ea-8b19-12573c5ba9e3-750x750.webp 750w\" sizes=\"(max-width: 1024px) 100vw, 1024px\" \/>\n            <\/div>\n        <\/div><div class=\"eael-entry-wrapper\"><header class=\"eael-entry-header\"><h2 class=\"eael-entry-title\"><a class=\"eael-grid-post-link\" href=\"https:\/\/soymigrante.com\/revista\/como-hallar-un-abogado-experto-en-migracion-aila-puede-ser-de-utilidad\/\" title=\"\u00bfC\u00f3mo hallar un abogado experto en migraci\u00f3n? AILA puede ser de utilidad\">\u00bfC\u00f3mo hallar un abogado experto en migraci\u00f3n? AILA puede ser de utilidad<\/a><\/h2><\/header><div class=\"eael-entry-content\">\n                        <div class=\"eael-grid-post-excerpt\"><a href=\"https:\/\/soymigrante.com\/revista\/como-hallar-un-abogado-experto-en-migracion-aila-puede-ser-de-utilidad\/\" class=\"eael-post-elements-readmore-btn\">CONOCE SU HISTORIA <\/a><\/div>\n                    <\/div><\/div><\/div>\n        <\/div>\n    <\/article><article class=\"eael-grid-post  eael-post-grid-column eael-pg-post-6382 category-recursos-migratorios\" data-id=\"6382\">\n        <div class=\"eael-grid-post-holder\">\n            <div class=\"eael-grid-post-holder-inner\"><div class=\"eael-entry-media\"><div class=\"eael-entry-overlay fade-in\"><i class=\"far fa-hand-pointer\" aria-hidden=\"true\"><\/i><a href=\"https:\/\/soymigrante.com\/revista\/derechos-de-los-migrantes-silencio-indocumentados-defensa\/\"><\/a><\/div><div class=\"eael-entry-thumbnail eael-image-ratio\">\n                <img loading=\"lazy\" decoding=\"async\" width=\"1024\" height=\"1024\" src=\"https:\/\/soymigrante.com\/revista\/wp-content\/uploads\/2024\/05\/derechos-migrantes-en-estados-unidos-1024x1024.png\" class=\"attachment-large size-large wp-image-49647\" alt=\"obrero industrial hispano para ilustrar tema de derechos migrantes en estados unidos\" srcset=\"https:\/\/soymigrante.com\/revista\/wp-content\/uploads\/2024\/05\/derechos-migrantes-en-estados-unidos-1024x1024.png 1024w, https:\/\/soymigrante.com\/revista\/wp-content\/uploads\/2024\/05\/derechos-migrantes-en-estados-unidos-300x300.png 300w, https:\/\/soymigrante.com\/revista\/wp-content\/uploads\/2024\/05\/derechos-migrantes-en-estados-unidos-150x150.png 150w, https:\/\/soymigrante.com\/revista\/wp-content\/uploads\/2024\/05\/derechos-migrantes-en-estados-unidos-768x768.png 768w, https:\/\/soymigrante.com\/revista\/wp-content\/uploads\/2024\/05\/derechos-migrantes-en-estados-unidos-75x75.png 75w, https:\/\/soymigrante.com\/revista\/wp-content\/uploads\/2024\/05\/derechos-migrantes-en-estados-unidos-750x750.png 750w, https:\/\/soymigrante.com\/revista\/wp-content\/uploads\/2024\/05\/derechos-migrantes-en-estados-unidos.png 1101w\" sizes=\"(max-width: 1024px) 100vw, 1024px\" \/>\n            <\/div>\n        <\/div><div class=\"eael-entry-wrapper\"><header class=\"eael-entry-header\"><h2 class=\"eael-entry-title\"><a class=\"eael-grid-post-link\" href=\"https:\/\/soymigrante.com\/revista\/derechos-de-los-migrantes-silencio-indocumentados-defensa\/\" title=\"Migrante, tienes derechos en EE.UU., incluyendo el silencio: averigua, conoce y comparte\">Migrante, tienes derechos en EE.UU., incluyendo el silencio: averigua, conoce y comparte<\/a><\/h2><\/header><div class=\"eael-entry-content\">\n                        <div class=\"eael-grid-post-excerpt\"><a href=\"https:\/\/soymigrante.com\/revista\/derechos-de-los-migrantes-silencio-indocumentados-defensa\/\" class=\"eael-post-elements-readmore-btn\">CONOCE SU HISTORIA <\/a><\/div>\n                    <\/div><\/div><\/div>\n        <\/div>\n    <\/article><\/div>\n            <div class=\"clearfix\"><\/div>\n        <\/div>\t\t\t\t<\/div>\n\t\t\t\t\t<\/div>\n\t\t\t\t<\/div>\n\t\t\t\t<\/div>\n\t\t","protected":false},"excerpt":{"rendered":"<p>Claves para que migrantes indocumentados o en proceso de legalizaci\u00f3n sepan reaccionar ante operativos de ICE, brind\u00f3 el alcalde electo de New York Zohran Mamdani. Esta es la s\u00edntesis de su mensaje. &#8220;El s\u00e1bado (6 de diciembre 2025) ICE intent\u00f3 atender Canal Street y detener a habitantes. Como alcalde, proteger\u00e9 los derechos de cada neoyorkino [&hellip;]<\/p>\n","protected":false},"author":1,"featured_media":49637,"comment_status":"open","ping_status":"open","sticky":false,"template":"","format":"standard","meta":{"_acf_changed":false,"_eb_attr":"","footnotes":""},"categories":[59],"tags":[],"class_list":["post-49636","post","type-post","status-publish","format-standard","has-post-thumbnail","hentry","category-recursos-migratorios"],"acf":[],"aioseo_notices":[],"aioseo_head":"\n\t\t<!-- All in One SEO Pro 4.9.6.2 - aioseo.com -->\n\t<meta name=\"description\" content=\"El Centro de Recursos Legales para migrantes, por sus siglas en ingl\u00e9s ILRC, ofrece recomendaciones para migrantes en Estados Unidos, incluso si no tienen un estatus regular. Tarjeta roja y silencio son dos recursos que pueden ser \u00fatiles. El incremento de pol\u00edticas antimigrantes en varios Estados de EE.UU. genera temores entre migrantes guatemaltecos y de\" \/>\n\t<meta name=\"robots\" content=\"max-snippet:-1, max-image-preview:large, max-video-preview:-1\" \/>\n\t<meta name=\"author\" content=\"SoyMigrante.com REVISTA\"\/>\n\t<link rel=\"canonical\" href=\"https:\/\/soymigrante.com\/revista\/conoce-y-ejerce-tus-derechos-aconseja-alcalde-electo-de-new-york-a-migrantes-ante-operativos\/\" \/>\n\t<meta name=\"generator\" content=\"All in One SEO Pro (AIOSEO) 4.9.6.2\" \/>\n\n\t\t<link rel=\"preconnect\" href=\"https:\/\/fonts.googleapis.com\" crossorigin>\n<link rel=\"preconnect\" href=\"https:\/\/fonts.gstatic.com\" crossorigin>\n\t\t<meta property=\"og:locale\" content=\"es_ES\" \/>\n\t\t<meta property=\"og:site_name\" content=\"SoyMigrante.com REVISTA \u2013 Nuestra misi\u00f3n es reconocer y dignificar al migrante.\" \/>\n\t\t<meta property=\"og:type\" content=\"article\" \/>\n\t\t<meta property=\"og:title\" content=\"Migrante, conoce tus derechos: alcalde electo de New York\" \/>\n\t\t<meta property=\"og:description\" content=\"Consejos legales y de acci\u00f3n para migrantes ante operativos migratorios brind\u00f3 Zohran Mamdani, alcalde electo de New York que asumir\u00e1 el 1 de enero de 2026.\" \/>\n\t\t<meta property=\"og:url\" content=\"https:\/\/soymigrante.com\/revista\/conoce-y-ejerce-tus-derechos-aconseja-alcalde-electo-de-new-york-a-migrantes-ante-operativos\/\" \/>\n\t\t<meta property=\"og:image\" content=\"https:\/\/soymigrante.com\/revista\/wp-content\/uploads\/2025\/12\/alcalde-nueva-york-new-york-migrantes.png\" \/>\n\t\t<meta property=\"og:image:secure_url\" content=\"https:\/\/soymigrante.com\/revista\/wp-content\/uploads\/2025\/12\/alcalde-nueva-york-new-york-migrantes.png\" \/>\n\t\t<meta property=\"og:image:width\" content=\"421\" \/>\n\t\t<meta property=\"og:image:height\" content=\"416\" \/>\n\t\t<meta property=\"article:published_time\" content=\"2025-12-10T14:52:41+00:00\" \/>\n\t\t<meta property=\"article:modified_time\" content=\"2025-12-10T15:11:19+00:00\" \/>\n\t\t<meta property=\"article:publisher\" content=\"https:\/\/www.facebook.com\/soymigrantecom\" \/>\n\t\t<meta name=\"twitter:card\" content=\"summary_large_image\" \/>\n\t\t<meta name=\"twitter:site\" content=\"@SoyMigrante_com\" \/>\n\t\t<meta name=\"twitter:title\" content=\"Migrante, conoce tus derechos: alcalde electo de New York\" \/>\n\t\t<meta name=\"twitter:description\" content=\"Consejos legales y de acci\u00f3n para migrantes ante operativos migratorios brind\u00f3 Zohran Mamdani, alcalde electo de New York que asumir\u00e1 el 1 de enero de 2026.\" \/>\n\t\t<meta name=\"twitter:creator\" content=\"@SoyMigrante_com\" \/>\n\t\t<meta name=\"twitter:image\" content=\"https:\/\/soymigrante.com\/revista\/wp-content\/uploads\/2025\/12\/alcalde-nueva-york-new-york-migrantes.png\" \/>\n\t\t<!-- All in One SEO Pro -->\r\n\t\t<title>Migrante, conoce tus derechos: alcalde electo de New York<\/title>\n\n","aioseo_head_json":{"title":"Migrante, conoce tus derechos: alcalde electo de New York","description":"Consejos legales y de acci\u00f3n para migrantes ante operativos migratorios brind\u00f3 Zohran Mamdani, alcalde electo de New York que asumir\u00e1 el 1 de enero de 2026.","canonical_url":"https:\/\/soymigrante.com\/revista\/conoce-y-ejerce-tus-derechos-aconseja-alcalde-electo-de-new-york-a-migrantes-ante-operativos\/","robots":"max-snippet:-1, max-image-preview:large, max-video-preview:-1","keywords":"","webmasterTools":{"miscellaneous":"&lt;link rel=\"preconnect\" href=\"https:\/\/fonts.googleapis.com\" crossorigin&gt;\n&lt;link rel=\"preconnect\" href=\"https:\/\/fonts.gstatic.com\" crossorigin&gt;"},"schema":null,"og:locale":"es_ES","og:site_name":"SoyMigrante.com REVISTA \u2013 Nuestra misi\u00f3n es reconocer y dignificar al migrante.","og:type":"article","og:title":"Migrante, conoce tus derechos: alcalde electo de New York","og:description":"Consejos legales y de acci\u00f3n para migrantes ante operativos migratorios brind\u00f3 Zohran Mamdani, alcalde electo de New York que asumir\u00e1 el 1 de enero de 2026.","og:url":"https:\/\/soymigrante.com\/revista\/conoce-y-ejerce-tus-derechos-aconseja-alcalde-electo-de-new-york-a-migrantes-ante-operativos\/","og:image":"https:\/\/soymigrante.com\/revista\/wp-content\/uploads\/2025\/12\/alcalde-nueva-york-new-york-migrantes.png","og:image:secure_url":"https:\/\/soymigrante.com\/revista\/wp-content\/uploads\/2025\/12\/alcalde-nueva-york-new-york-migrantes.png","og:image:width":421,"og:image:height":416,"article:published_time":"2025-12-10T14:52:41+00:00","article:modified_time":"2025-12-10T15:11:19+00:00","article:publisher":"https:\/\/www.facebook.com\/soymigrantecom","twitter:card":"summary_large_image","twitter:site":"@SoyMigrante_com","twitter:title":"Migrante, conoce tus derechos: alcalde electo de New York","twitter:description":"Consejos legales y de acci\u00f3n para migrantes ante operativos migratorios brind\u00f3 Zohran Mamdani, alcalde electo de New York que asumir\u00e1 el 1 de enero de 2026.","twitter:creator":"@SoyMigrante_com","twitter:image":"https:\/\/soymigrante.com\/revista\/wp-content\/uploads\/2025\/12\/alcalde-nueva-york-new-york-migrantes.png"},"aioseo_meta_data":{"post_id":"49636","title":"Migrante, conoce tus derechos: alcalde electo de New York","description":"Consejos legales y de acci\u00f3n para migrantes ante operativos migratorios brind\u00f3 Zohran Mamdani, alcalde electo de New York que asumir\u00e1 el 1 de enero de 2026.","keywords":null,"keyphrases":{"focus":{"keyphrase":"Migrante","score":81,"analysis":{"keyphraseInTitle":{"score":9,"maxScore":9,"error":0},"keyphraseInDescription":{"score":3,"maxScore":9,"error":1},"keyphraseLength":{"score":9,"maxScore":9,"error":0,"length":1},"keyphraseInURL":{"score":5,"maxScore":5,"error":0}}},"additional":[{"keyphrase":"Derechos","score":67,"analysis":{"keyphraseInDescription":{"score":3,"maxScore":9,"error":1},"keyphraseLength":{"score":9,"maxScore":9,"error":0,"length":1}}},{"keyphrase":"New York","score":100,"analysis":{"keyphraseInDescription":{"score":9,"maxScore":9,"error":0},"keyphraseLength":{"score":9,"maxScore":9,"error":0,"length":2}}}]},"primary_term":null,"canonical_url":null,"og_title":null,"og_description":null,"og_object_type":"default","og_image_type":"default","og_image_url":null,"og_image_width":null,"og_image_height":null,"og_image_custom_url":null,"og_image_custom_fields":null,"og_video":"","og_custom_url":null,"og_article_section":null,"og_article_tags":null,"twitter_use_og":false,"twitter_card":"default","twitter_image_type":"default","twitter_image_url":null,"twitter_image_custom_url":null,"twitter_image_custom_fields":null,"twitter_title":null,"twitter_description":null,"schema":{"blockGraphs":[],"customGraphs":[],"default":{"data":{"Article":[],"Course":[],"Dataset":[],"FAQPage":[],"Movie":[],"Person":[],"Product":[],"ProductReview":[],"Car":[],"Recipe":[],"Service":[],"SoftwareApplication":[],"WebPage":[]},"graphName":"NewsArticle","isEnabled":true},"graphs":[]},"schema_type":"default","schema_type_options":null,"pillar_content":false,"robots_default":true,"robots_noindex":false,"robots_noarchive":false,"robots_nosnippet":false,"robots_nofollow":false,"robots_noimageindex":false,"robots_noodp":false,"robots_notranslate":false,"robots_max_snippet":"-1","robots_max_videopreview":"-1","robots_max_imagepreview":"large","priority":null,"frequency":"default","local_seo":null,"seo_analyzer_scan_date":"2025-12-10 15:12:42","breadcrumb_settings":null,"limit_modified_date":false,"reviewed_by":"0","open_ai":null,"ai":{"faqs":[],"keyPoints":[],"titles":[],"descriptions":[],"socialPosts":{"email":[],"linkedin":[],"twitter":[],"facebook":[],"instagram":[]}},"created":"2025-12-10 14:03:07","updated":"2026-02-05 07:45:34"},"aioseo_breadcrumb":"<div class=\"aioseo-breadcrumbs\"><span class=\"aioseo-breadcrumb\">\n\t<a href=\"https:\/\/soymigrante.com\/revista\" title=\"Home\">Home<\/a>\n<\/span><span class=\"aioseo-breadcrumb-separator\">\u00bb<\/span><span class=\"aioseo-breadcrumb\">\n\t<a href=\"https:\/\/soymigrante.com\/revista\/category\/recursos-migratorios\/\" title=\"Recursos Migratorios\">Recursos Migratorios<\/a>\n<\/span><span class=\"aioseo-breadcrumb-separator\">\u00bb<\/span><span class=\"aioseo-breadcrumb\">\n\tConoce y ejerce tus derechos aconseja alcalde electo de New York a migrantes ante operativos\n<\/span><\/div>","aioseo_breadcrumb_json":[{"label":"Home","link":"https:\/\/soymigrante.com\/revista"},{"label":"Recursos Migratorios","link":"https:\/\/soymigrante.com\/revista\/category\/recursos-migratorios\/"},{"label":"Conoce y ejerce tus derechos aconseja alcalde electo de New York a migrantes ante operativos","link":"https:\/\/soymigrante.com\/revista\/conoce-y-ejerce-tus-derechos-aconseja-alcalde-electo-de-new-york-a-migrantes-ante-operativos\/"}],"_links":{"self":[{"href":"https:\/\/soymigrante.com\/revista\/wp-json\/wp\/v2\/posts\/49636","targetHints":{"allow":["GET"]}}],"collection":[{"href":"https:\/\/soymigrante.com\/revista\/wp-json\/wp\/v2\/posts"}],"about":[{"href":"https:\/\/soymigrante.com\/revista\/wp-json\/wp\/v2\/types\/post"}],"author":[{"embeddable":true,"href":"https:\/\/soymigrante.com\/revista\/wp-json\/wp\/v2\/users\/1"}],"replies":[{"embeddable":true,"href":"https:\/\/soymigrante.com\/revista\/wp-json\/wp\/v2\/comments?post=49636"}],"version-history":[{"count":10,"href":"https:\/\/soymigrante.com\/revista\/wp-json\/wp\/v2\/posts\/49636\/revisions"}],"predecessor-version":[{"id":49654,"href":"https:\/\/soymigrante.com\/revista\/wp-json\/wp\/v2\/posts\/49636\/revisions\/49654"}],"wp:featuredmedia":[{"embeddable":true,"href":"https:\/\/soymigrante.com\/revista\/wp-json\/wp\/v2\/media\/49637"}],"wp:attachment":[{"href":"https:\/\/soymigrante.com\/revista\/wp-json\/wp\/v2\/media?parent=49636"}],"wp:term":[{"taxonomy":"category","embeddable":true,"href":"https:\/\/soymigrante.com\/revista\/wp-json\/wp\/v2\/categories?post=49636"},{"taxonomy":"post_tag","embeddable":true,"href":"https:\/\/soymigrante.com\/revista\/wp-json\/wp\/v2\/tags?post=49636"}],"curies":[{"name":"wp","href":"https:\/\/api.w.org\/{rel}","templated":true}]}}