{"id":49603,"date":"2025-12-09T15:44:38","date_gmt":"2025-12-09T21:44:38","guid":{"rendered":"https:\/\/soymigrante.com\/revista\/?p=49603"},"modified":"2025-12-09T16:33:21","modified_gmt":"2025-12-09T22:33:21","slug":"mas-de-73-mil-detenidos-por-ice-no-tienen-ningun-record-criminal-senala-analisis-de-datos-oficiales","status":"publish","type":"post","link":"https:\/\/soymigrante.com\/revista\/mas-de-73-mil-detenidos-por-ice-no-tienen-ningun-record-criminal-senala-analisis-de-datos-oficiales\/","title":{"rendered":"M\u00e1s de 73 mil detenidos por ICE no tienen ning\u00fan r\u00e9cord criminal, se\u00f1ala an\u00e1lisis de datos oficiales"},"content":{"rendered":"\t\t<div data-elementor-type=\"wp-post\" data-elementor-id=\"49603\" class=\"elementor elementor-49603\" data-elementor-post-type=\"post\">\n\t\t\t\t<div data-particle_enable=\"false\" data-particle-mobile-disabled=\"false\" class=\"elementor-element elementor-element-f8b2cd1 e-flex e-con-boxed e-con e-parent\" data-id=\"f8b2cd1\" data-element_type=\"container\" data-e-type=\"container\">\n\t\t\t\t\t<div class=\"e-con-inner\">\n\t\t\t\t<div class=\"elementor-element elementor-element-c84e8cd elementor-widget elementor-widget-heading\" data-id=\"c84e8cd\" data-element_type=\"widget\" data-e-type=\"widget\" data-widget_type=\"heading.default\">\n\t\t\t\t\t<h2 class=\"elementor-heading-title elementor-size-default\">Nuevos del Deportation Data Project de la Universidad de California, Berkeley, revelan que m\u00e1s de un tercio de las 220 mil personas arrestadas por agentes de ICE en nueve meses  <strong data-start=\"564\" data-end=\"601\">no ten\u00edan antecedentes criminales<\/strong>,<\/h2>\t\t\t\t<\/div>\n\t\t\t\t\t<\/div>\n\t\t\t\t<\/div>\n\t\t<div data-particle_enable=\"false\" data-particle-mobile-disabled=\"false\" class=\"elementor-element elementor-element-0b632b2 e-flex e-con-boxed e-con e-parent\" data-id=\"0b632b2\" data-element_type=\"container\" data-e-type=\"container\">\n\t\t\t\t\t<div class=\"e-con-inner\">\n\t\t\t\t<div class=\"elementor-element elementor-element-f914ab5 elementor-widget elementor-widget-text-editor\" data-id=\"f914ab5\" data-element_type=\"widget\" data-e-type=\"widget\" data-widget_type=\"text-editor.default\">\n\t\t\t\t\t\t\t\t\t<p data-start=\"277\" data-end=\"703\">Nuevos datos obtenidos por el Deportation Data Project de la Universidad de California, Berkeley, revelan que m\u00e1s de un tercio de las 220.000 personas arrestadas por agentes de ICE en <a href=\"https:\/\/soymigrante.com\/revista\/mas-de-300-mil-empleos-hispanos-perdidos-en-usa-en-8-meses-por-redadas-senala-estudio\/\">redadas y operativo<\/a>s en los primeros nueve meses de la actual administraci\u00f3n Trump <strong data-start=\"564\" data-end=\"601\">no ten\u00edan antecedentes criminales<\/strong>, pese a que la Casa Blanca ha insistido en que las operaciones se enfocan supuestamente en \u201clos peores criminales\u201d.<\/p>\n<p data-start=\"705\" data-end=\"1096\">Entre el 20 de enero y el 15 de octubre, <strong data-start=\"746\" data-end=\"795\">casi 75 mil <a href=\"https:\/\/soymigrante.com\/revista\/operativos-antimaras-en-usa-se-utilizan-para-detener-migrantes-sin-antecedentes-cuestiona-insight-crime\/\">migrantes sin historial delictivo<\/a><\/strong><a href=\"https:\/\/soymigrante.com\/revista\/operativos-antimaras-en-usa-se-utilizan-para-detener-migrantes-sin-antecedentes-cuestiona-insight-crime\/\"> fueron detenidos en redadas federales.<\/a> \u201cContradice lo que la administraci\u00f3n ha estado diciendo\u201d, se\u00f1al\u00f3 Ariel Ruiz Soto, analista del Migration Policy Institute. La informaci\u00f3n fue obtenida mediante una demanda judicial que oblig\u00f3 a ICE a divulgar datos que dej\u00f3 de publicar regularmente desde enero.<\/p>\n<p data-start=\"705\" data-end=\"1096\">En algunos casos, <a href=\"https:\/\/soymigrante.com\/revista\/congreso-y-senado-de-usa-investigan-detenciones-ilegales-de-latinos-ciudadanos-por-ice\/\">ciudadanos estadounidenses han sido detenidos<\/a> y mantenidos en custodia sin acceso a un abogado: toda una violaci\u00f3n de derechos constitucionales.<\/p>\t\t\t\t\t\t\t\t<\/div>\n\t\t\t\t\t<\/div>\n\t\t\t\t<\/div>\n\t\t<div data-particle_enable=\"false\" data-particle-mobile-disabled=\"false\" class=\"elementor-element elementor-element-8cfacaf e-flex e-con-boxed e-con e-parent\" data-id=\"8cfacaf\" data-element_type=\"container\" data-e-type=\"container\">\n\t\t\t\t\t<div class=\"e-con-inner\">\n\t\t\t\t<div class=\"elementor-element elementor-element-cb8aaa0 elementor-widget elementor-widget-image\" data-id=\"cb8aaa0\" data-element_type=\"widget\" data-e-type=\"widget\" data-widget_type=\"image.default\">\n\t\t\t\t\t\t\t\t\t\t\t\t<figure class=\"wp-caption\">\n\t\t\t\t\t\t\t\t\t\t<img fetchpriority=\"high\" decoding=\"async\" width=\"1140\" height=\"759\" src=\"https:\/\/soymigrante.com\/revista\/wp-content\/uploads\/2025\/12\/capturas-redadas-migrantes-1140x759.jpg\" class=\"attachment-large size-large wp-image-49607\" alt=\"La detenci\u00f3n de migrantes hispanos a pesar de no tener antecedentes criminales era una sospecha pero ahora con los datos oficiales se comprueba: m\u00e1s de dos tercios de migrantes capturados no tienen ing\u00fan delito.\" srcset=\"https:\/\/soymigrante.com\/revista\/wp-content\/uploads\/2025\/12\/capturas-redadas-migrantes-1140x759.jpg 1140w, https:\/\/soymigrante.com\/revista\/wp-content\/uploads\/2025\/12\/capturas-redadas-migrantes-300x200.jpg 300w, https:\/\/soymigrante.com\/revista\/wp-content\/uploads\/2025\/12\/capturas-redadas-migrantes-768x512.jpg 768w, https:\/\/soymigrante.com\/revista\/wp-content\/uploads\/2025\/12\/capturas-redadas-migrantes-750x500.jpg 750w, https:\/\/soymigrante.com\/revista\/wp-content\/uploads\/2025\/12\/capturas-redadas-migrantes.jpg 1240w\" sizes=\"(max-width: 1140px) 100vw, 1140px\" title=\"La detenci\u00f3n de migrantes hispanos a pesar de no tener antecedentes criminales era una sospecha pero ahora con los datos oficiales se comprueba: m\u00e1s de dos tercios de migrantes capturados  no tienen ing\u00fan delito. \u2013 SoyMigrante.com REVISTA\" \/>\t\t\t\t\t\t\t\t\t\t\t<figcaption class=\"widget-image-caption wp-caption-text\">La detenci\u00f3n de migrantes hispanos a pesar de no tener antecedentes criminales era una sospecha pero ahora con los datos oficiales se comprueba: m\u00e1s de dos tercios de migrantes capturados  no tienen ing\u00fan delito, seg\u00fan el estudio de la Universidad de California.<\/figcaption>\n\t\t\t\t\t\t\t\t\t\t<\/figure>\n\t\t\t\t\t\t\t\t\t<\/div>\n\t\t\t\t\t<\/div>\n\t\t\t\t<\/div>\n\t\t<div data-particle_enable=\"false\" data-particle-mobile-disabled=\"false\" class=\"elementor-element elementor-element-a1e303b e-flex e-con-boxed e-con e-parent\" data-id=\"a1e303b\" data-element_type=\"container\" data-e-type=\"container\">\n\t\t\t\t\t<div class=\"e-con-inner\">\n\t\t\t\t<div class=\"elementor-element elementor-element-e11db1d elementor-widget elementor-widget-text-editor\" data-id=\"e11db1d\" data-element_type=\"widget\" data-e-type=\"widget\" data-widget_type=\"text-editor.default\">\n\t\t\t\t\t\t\t\t\t<p data-start=\"277\" data-end=\"703\"><strong style=\"color: #000000; font-family: Mulish, sans-serif; font-size: 29px;\" data-start=\"1102\" data-end=\"1147\">Operativos masivos, pero pocos criminales<\/strong><\/p><p data-start=\"1149\" data-end=\"1386\">Los datos muestran que la mayor\u00eda de arrestos recientes en ciudades como Chicago, Los \u00c1ngeles y Washington D.C. <strong data-start=\"1261\" data-end=\"1327\">corresponden a personas con violaciones civiles de inmigraci\u00f3n<\/strong>, no a individuos con condenas ni cargos por delitos graves. Pese a que el gobierno de Donald Trump insiste que las redadas son para capturar &#8220;criminales&#8221;.<\/p><p data-start=\"1388\" data-end=\"1687\">En Chicago, durante la operaci\u00f3n \u201cMidway Blitz\u201d, los ingresos a centros de detenci\u00f3n de personas sin antecedentes criminales pasaron de un promedio de tres diarios a m\u00e1s de 45 \u2014un aumento del 1.400%\u2014 mientras que los detenidos con condenas o cargos criminales se mantuvieron por debajo de 25 al d\u00eda.<\/p><p data-start=\"1689\" data-end=\"1916\">En Washington, D.C., las detenciones de personas sin historial criminal llegaron a 37 por d\u00eda a finales de agosto, mientras que los arrestos de migrantes con antecedentes se mantuvieron en niveles similares a los meses previos.<\/p><p data-start=\"1918\" data-end=\"2070\">En Los \u00c1ngeles, donde las redadas fueron m\u00e1s intensas en junio y julio, <a href=\"https:\/\/soymigrante.com\/revista\/operativos-antimaras-en-usa-se-utilizan-para-detener-migrantes-sin-antecedentes-cuestiona-insight-crime\/\"><strong data-start=\"1990\" data-end=\"2069\">el 63% de las personas inicialmente detenidas no ten\u00eda registros criminales<\/strong>. El patr\u00f3n se repite en otros puntos del pa\u00eds<\/a>. En Memphis, Tennessee, m\u00e1s de la mitad de los migrantes ingresados a detenci\u00f3n durante las primeras dos semanas de octubre ten\u00edan \u00fanicamente violaciones civiles de inmigraci\u00f3n.<\/p>\t\t\t\t\t\t\t\t<\/div>\n\t\t\t\t\t<\/div>\n\t\t\t\t<\/div>\n\t\t<div data-particle_enable=\"false\" data-particle-mobile-disabled=\"false\" class=\"elementor-element elementor-element-6298e95 e-flex e-con-boxed e-con e-parent\" data-id=\"6298e95\" data-element_type=\"container\" data-e-type=\"container\">\n\t\t\t\t\t<div class=\"e-con-inner\">\n\t\t\t\t<div class=\"elementor-element elementor-element-9b065a5 elementor-widget elementor-widget-html\" data-id=\"9b065a5\" data-element_type=\"widget\" data-e-type=\"widget\" data-widget_type=\"html.default\">\n\t\t\t\t\t<blockquote class=\"twitter-tweet\"><p lang=\"en\" dir=\"ltr\">\ud83d\udea8 BREAKING: A massive federal immigration raid just hit Canal Street in New York City. ICE agents in full tactical gear stormed the area, detaining street vendors and hauling people off as crowds screamed.<br><br>They call it \u201claw enforcement.\u201d What it really is, a public show of\u2026 <a href=\"https:\/\/t.co\/eWm29mTXql\">pic.twitter.com\/eWm29mTXql<\/a><\/p>&mdash; Brian Allen (@allenanalysis) <a href=\"https:\/\/twitter.com\/allenanalysis\/status\/1980771011617251633?ref_src=twsrc%5Etfw\">October 21, 2025<\/a><\/blockquote> <script async src=\"https:\/\/platform.twitter.com\/widgets.js\" charset=\"utf-8\"><\/script>\t\t\t\t<\/div>\n\t\t\t\t\t<\/div>\n\t\t\t\t<\/div>\n\t\t<div data-particle_enable=\"false\" data-particle-mobile-disabled=\"false\" class=\"elementor-element elementor-element-d35e4f0 e-flex e-con-boxed e-con e-parent\" data-id=\"d35e4f0\" data-element_type=\"container\" data-e-type=\"container\">\n\t\t\t\t\t<div class=\"e-con-inner\">\n\t\t\t\t<div class=\"elementor-element elementor-element-8d9ddae elementor-widget elementor-widget-text-editor\" data-id=\"8d9ddae\" data-element_type=\"widget\" data-e-type=\"widget\" data-widget_type=\"text-editor.default\">\n\t\t\t\t\t\t\t\t\t<p data-start=\"277\" data-end=\"703\"><strong style=\"color: #000000; font-family: Mulish, sans-serif; font-size: 29px;\" data-start=\"2300\" data-end=\"2343\">Presi\u00f3n interna y objetivos incumplidos<\/strong><\/p><p data-start=\"2345\" data-end=\"2597\">Pese al despliegue masivo, ICE contin\u00faa muy por debajo de los objetivos de la Casa Blanca. En mayo, seg\u00fan reportes previos, el asesor Stephen Miller amenaz\u00f3 con destituir a altos funcionarios de ICE si no alcanzaban <strong data-start=\"2561\" data-end=\"2596\">al menos 3.000 arrestos diarios<\/strong>.<\/p><p data-start=\"2599\" data-end=\"2805\">Sin embargo, los datos muestran que desde enero la agencia ha realizado un promedio de <strong data-start=\"2686\" data-end=\"2713\">824 detenciones por d\u00eda<\/strong>, m\u00e1s del doble que bajo la administraci\u00f3n Biden en 2024, pero a\u00fan lejos de la meta establecida.<\/p><p data-start=\"2807\" data-end=\"3026\">Adem\u00e1s, <strong data-start=\"2815\" data-end=\"2855\">el 90% de los arrestados son hombres<\/strong>, y las nacionalidades predominantes son M\u00e9xico (85.000 detenidos), Guatemala (31.000) y Honduras (24.000). M\u00e1s del 60% de las personas detenidas tiene entre 25 y 45 a\u00f1os.<\/p>\t\t\t\t\t\t\t\t<\/div>\n\t\t\t\t\t<\/div>\n\t\t\t\t<\/div>\n\t\t<div data-particle_enable=\"false\" data-particle-mobile-disabled=\"false\" class=\"elementor-element elementor-element-48af990 e-flex e-con-boxed e-con e-parent\" data-id=\"48af990\" data-element_type=\"container\" data-e-type=\"container\">\n\t\t\t\t\t<div class=\"e-con-inner\">\n\t\t\t\t<div class=\"elementor-element elementor-element-3cde5c0 elementor-widget elementor-widget-html\" data-id=\"3cde5c0\" data-element_type=\"widget\" data-e-type=\"widget\" data-widget_type=\"html.default\">\n\t\t\t\t\t<iframe src=\"https:\/\/www.facebook.com\/plugins\/video.php?height=476&href=https%3A%2F%2Fwww.facebook.com%2Freel%2F1409373363883010%2F&show_text=true&width=267&t=0\" width=\"267\" height=\"591\" style=\"border:none;overflow:hidden\" scrolling=\"no\" frameborder=\"0\" allowfullscreen=\"true\" allow=\"autoplay; clipboard-write; encrypted-media; picture-in-picture; web-share\" allowFullScreen=\"true\"><\/iframe>\t\t\t\t<\/div>\n\t\t\t\t\t<\/div>\n\t\t\t\t<\/div>\n\t\t<div data-particle_enable=\"false\" data-particle-mobile-disabled=\"false\" class=\"elementor-element elementor-element-394abf3 e-flex e-con-boxed e-con e-parent\" data-id=\"394abf3\" data-element_type=\"container\" data-e-type=\"container\">\n\t\t\t\t\t<div class=\"e-con-inner\">\n\t\t\t\t<div class=\"elementor-element elementor-element-732af81 elementor-widget elementor-widget-text-editor\" data-id=\"732af81\" data-element_type=\"widget\" data-e-type=\"widget\" data-widget_type=\"text-editor.default\">\n\t\t\t\t\t\t\t\t\t<p data-start=\"277\" data-end=\"703\"><strong style=\"color: #000000; font-family: Mulish, sans-serif; font-size: 29px;\" data-start=\"3032\" data-end=\"3081\">Impacto econ\u00f3mico y dudas sobre la estrategia<\/strong><\/p><p data-start=\"3083\" data-end=\"3381\">El aumento de detenciones tambi\u00e9n est\u00e1 afectando al mercado laboral. \u201cAhora estamos sintiendo ese dolor en la fuerza de trabajo\u201d, afirm\u00f3 George Carrillo, director del Hispanic Construction Council. \u201cIncluso los republicanos m\u00e1s conservadores est\u00e1n entendiendo que esto est\u00e1 afectando sus negocios\u201d.<\/p><p data-start=\"3383\" data-end=\"3751\">Aunque el Departamento de Seguridad Nacional sostiene que el <strong data-start=\"3444\" data-end=\"3451\">70%<\/strong> de las personas arrestadas desde enero tiene cargos o condenas criminales, los nuevos datos revelan que este porcentaje <strong data-start=\"3572\" data-end=\"3610\">ha disminuido cada mes desde abril<\/strong>, y actualmente se ubica en <strong data-start=\"3638\" data-end=\"3645\">66%<\/strong>. Solo el <strong data-start=\"3655\" data-end=\"3661\">7%<\/strong> de los detenidos ten\u00eda condenas por delitos violentos como homicidio, violaci\u00f3n o asalto.<\/p>\t\t\t\t\t\t\t\t<\/div>\n\t\t\t\t\t<\/div>\n\t\t\t\t<\/div>\n\t\t<div data-particle_enable=\"false\" data-particle-mobile-disabled=\"false\" class=\"elementor-element elementor-element-1352044 e-flex e-con-boxed e-con e-parent\" data-id=\"1352044\" data-element_type=\"container\" data-e-type=\"container\">\n\t\t\t\t\t<div class=\"e-con-inner\">\n\t\t\t\t<div class=\"elementor-element elementor-element-d270e6a elementor-widget elementor-widget-html\" data-id=\"d270e6a\" data-element_type=\"widget\" data-e-type=\"widget\" data-widget_type=\"html.default\">\n\t\t\t\t\t<iframe src=\"https:\/\/www.facebook.com\/plugins\/video.php?height=314&href=https%3A%2F%2Fwww.facebook.com%2Freel%2F1433025685067313%2F&show_text=true&width=560&t=0\" width=\"560\" height=\"429\" style=\"border:none;overflow:hidden\" scrolling=\"no\" frameborder=\"0\" allowfullscreen=\"true\" allow=\"autoplay; clipboard-write; encrypted-media; picture-in-picture; web-share\" allowFullScreen=\"true\"><\/iframe>\t\t\t\t<\/div>\n\t\t\t\t\t<\/div>\n\t\t\t\t<\/div>\n\t\t<div data-particle_enable=\"false\" data-particle-mobile-disabled=\"false\" class=\"elementor-element elementor-element-1e9f918 e-flex e-con-boxed e-con e-parent\" data-id=\"1e9f918\" data-element_type=\"container\" data-e-type=\"container\">\n\t\t\t\t\t<div class=\"e-con-inner\">\n\t\t\t\t<div class=\"elementor-element elementor-element-f92e8f4 elementor-widget elementor-widget-text-editor\" data-id=\"f92e8f4\" data-element_type=\"widget\" data-e-type=\"widget\" data-widget_type=\"text-editor.default\">\n\t\t\t\t\t\t\t\t\t<p data-start=\"277\" data-end=\"703\"><strong style=\"color: #000000; font-family: Mulish, sans-serif; font-size: 29px;\" data-start=\"3757\" data-end=\"3819\">Border Patrol tambi\u00e9n participa, pero sin claridad p\u00fablica<\/strong><\/p><p data-start=\"3821\" data-end=\"4204\">El reporte confirma adem\u00e1s que agentes de la Patrulla Fronteriza \u2014normalmente desplegados en zonas lim\u00edtrofes\u2014 han sido enviados a operar en el interior del pa\u00eds, especialmente en Chicago y Los \u00c1ngeles. Sin embargo, <strong data-start=\"4037\" data-end=\"4121\">no se ha revelado cu\u00e1ntas detenciones realizan ni cu\u00e1ntas derivan en deportaci\u00f3n<\/strong>, lo que analistas describen como \u201cla caja negra\u201d de la actual pol\u00edtica migratoria.<\/p><p data-start=\"4206\" data-end=\"4396\">Por ahora, ICE mantiene bajo custodia a <strong data-start=\"4246\" data-end=\"4266\">65.000 migrantes<\/strong> en centros de detenci\u00f3n en todo el pa\u00eds y casi <strong data-start=\"4314\" data-end=\"4324\">23.000<\/strong> personas optaron por la salida voluntaria durante el periodo analizado.<\/p><p data-start=\"4398\" data-end=\"4713\">Para expertos en derechos migratorios, la informaci\u00f3n confirma una tendencia preocupante. \u201cSi el objetivo fuera la seguridad p\u00fablica, se enfocar\u00eda en quienes representan un riesgo\u201d, dijo Nithya Nathan-Pineau, del Immigrant Legal Resource Center. \u201cEn cambio, lo que motiva estos operativos es simplemente el n\u00famero\u201d.<\/p>\t\t\t\t\t\t\t\t<\/div>\n\t\t\t\t\t<\/div>\n\t\t\t\t<\/div>\n\t\t<div data-particle_enable=\"false\" data-particle-mobile-disabled=\"false\" class=\"elementor-element elementor-element-5f666cb e-flex e-con-boxed e-con e-parent\" data-id=\"5f666cb\" data-element_type=\"container\" data-e-type=\"container\">\n\t\t\t\t\t<div class=\"e-con-inner\">\n\t\t\t\t<div class=\"elementor-element elementor-element-c52842d elementor-grid-eael-col-1 elementor-grid-tablet-eael-col-2 elementor-grid-mobile-eael-col-1 elementor-widget elementor-widget-eael-post-grid\" data-id=\"c52842d\" data-element_type=\"widget\" data-e-type=\"widget\" data-settings=\"{&quot;eael_post_grid_columns&quot;:&quot;eael-col-1&quot;,&quot;eael_post_grid_columns_tablet&quot;:&quot;eael-col-2&quot;,&quot;eael_post_grid_columns_mobile&quot;:&quot;eael-col-1&quot;}\" data-widget_type=\"eael-post-grid.default\">\n\t\t\t\t\t<div id=\"eael-post-grid-c52842d\" class=\"eael-post-grid-container\">\n            <div class=\"eael-post-grid eael-post-appender eael-post-appender-c52842d eael-post-grid-style-one\" data-layout-mode=\"masonry\"><article class=\"eael-grid-post  eael-post-grid-column eael-pg-post-6382 category-recursos-migratorios\" data-id=\"6382\">\n        <div class=\"eael-grid-post-holder\">\n            <div class=\"eael-grid-post-holder-inner\"><div class=\"eael-entry-media\"><div class=\"eael-entry-overlay fade-in\"><i class=\"far fa-hand-pointer\" aria-hidden=\"true\"><\/i><a href=\"https:\/\/soymigrante.com\/revista\/derechos-de-los-migrantes-silencio-indocumentados-defensa\/\"><\/a><\/div><div class=\"eael-entry-thumbnail eael-image-ratio\">\n                <img decoding=\"async\" width=\"1024\" height=\"1024\" src=\"https:\/\/soymigrante.com\/revista\/wp-content\/uploads\/2024\/05\/derechos-migrantes-en-estados-unidos-1024x1024.png\" class=\"attachment-large size-large wp-image-49647\" alt=\"obrero industrial hispano para ilustrar tema de derechos migrantes en estados unidos\" srcset=\"https:\/\/soymigrante.com\/revista\/wp-content\/uploads\/2024\/05\/derechos-migrantes-en-estados-unidos-1024x1024.png 1024w, https:\/\/soymigrante.com\/revista\/wp-content\/uploads\/2024\/05\/derechos-migrantes-en-estados-unidos-300x300.png 300w, https:\/\/soymigrante.com\/revista\/wp-content\/uploads\/2024\/05\/derechos-migrantes-en-estados-unidos-150x150.png 150w, https:\/\/soymigrante.com\/revista\/wp-content\/uploads\/2024\/05\/derechos-migrantes-en-estados-unidos-768x768.png 768w, https:\/\/soymigrante.com\/revista\/wp-content\/uploads\/2024\/05\/derechos-migrantes-en-estados-unidos-75x75.png 75w, https:\/\/soymigrante.com\/revista\/wp-content\/uploads\/2024\/05\/derechos-migrantes-en-estados-unidos-750x750.png 750w, https:\/\/soymigrante.com\/revista\/wp-content\/uploads\/2024\/05\/derechos-migrantes-en-estados-unidos.png 1101w\" sizes=\"(max-width: 1024px) 100vw, 1024px\" \/>\n            <\/div>\n        <\/div><div class=\"eael-entry-wrapper\"><header class=\"eael-entry-header\"><h2 class=\"eael-entry-title\"><a class=\"eael-grid-post-link\" href=\"https:\/\/soymigrante.com\/revista\/derechos-de-los-migrantes-silencio-indocumentados-defensa\/\" title=\"Migrante, tienes derechos en EE.UU., incluyendo el silencio: averigua, conoce y comparte\">Migrante, tienes derechos en EE.UU., incluyendo el silencio: averigua, conoce y comparte<\/a><\/h2><\/header><div class=\"eael-entry-content\">\n                        <div class=\"eael-grid-post-excerpt\"><a href=\"https:\/\/soymigrante.com\/revista\/derechos-de-los-migrantes-silencio-indocumentados-defensa\/\" class=\"eael-post-elements-readmore-btn\">CONOCE SU HISTORIA <\/a><\/div>\n                    <\/div><\/div><\/div>\n        <\/div>\n    <\/article><\/div>\n            <div class=\"clearfix\"><\/div>\n        <\/div>\t\t\t\t<\/div>\n\t\t\t\t\t<\/div>\n\t\t\t\t<\/div>\n\t\t\t\t<\/div>\n\t\t","protected":false},"excerpt":{"rendered":"<p>Nuevos del Deportation Data Project de la Universidad de California, Berkeley, revelan que m\u00e1s de un tercio de las 220 mil personas arrestadas por agentes de ICE en nueve meses no ten\u00edan antecedentes criminales, Nuevos datos obtenidos por el Deportation Data Project de la Universidad de California, Berkeley, revelan que m\u00e1s de un tercio de [&hellip;]<\/p>\n","protected":false},"author":1,"featured_media":49617,"comment_status":"open","ping_status":"open","sticky":false,"template":"","format":"standard","meta":{"_acf_changed":false,"_eb_attr":"","footnotes":""},"categories":[280],"tags":[],"class_list":["post-49603","post","type-post","status-publish","format-standard","has-post-thumbnail","hentry","category-noticias"],"acf":[],"aioseo_notices":[],"aioseo_head":"\n\t\t<!-- All in One SEO Pro 4.9.6.2 - aioseo.com -->\n\t<meta name=\"description\" content=\"El Centro de Recursos Legales para migrantes, por sus siglas en ingl\u00e9s ILRC, ofrece recomendaciones para migrantes en Estados Unidos, incluso si no tienen un estatus regular. Tarjeta roja y silencio son dos recursos que pueden ser \u00fatiles. El incremento de pol\u00edticas antimigrantes en varios Estados de EE.UU. genera temores entre migrantes guatemaltecos y de\" \/>\n\t<meta name=\"robots\" content=\"max-snippet:-1, max-image-preview:large, max-video-preview:-1\" \/>\n\t<meta name=\"author\" content=\"SoyMigrante.com REVISTA\"\/>\n\t<link rel=\"canonical\" href=\"https:\/\/soymigrante.com\/revista\/mas-de-73-mil-detenidos-por-ice-no-tienen-ningun-record-criminal-senala-analisis-de-datos-oficiales\/\" \/>\n\t<meta name=\"generator\" content=\"All in One SEO Pro (AIOSEO) 4.9.6.2\" \/>\n\n\t\t<link rel=\"preconnect\" href=\"https:\/\/fonts.googleapis.com\" crossorigin>\n<link rel=\"preconnect\" href=\"https:\/\/fonts.gstatic.com\" crossorigin>\n\t\t<meta property=\"og:locale\" content=\"es_ES\" \/>\n\t\t<meta property=\"og:site_name\" content=\"SoyMigrante.com REVISTA \u2013 Nuestra misi\u00f3n es reconocer y dignificar al migrante.\" \/>\n\t\t<meta property=\"og:type\" content=\"article\" \/>\n\t\t<meta property=\"og:title\" content=\"M\u00e1s de 73 mil detenidos por ICE no tienen ning\u00fan r\u00e9cord criminal, se\u00f1ala an\u00e1lisis de datos oficiales\" \/>\n\t\t<meta property=\"og:description\" content=\"Dos tercios de los 220 mil migrantes detenidos en operativos migratorios de ICE, no tienen ning\u00fan delito, lo cual contradice excusa de combate a la &quot;criminalidad&quot;\" \/>\n\t\t<meta property=\"og:url\" content=\"https:\/\/soymigrante.com\/revista\/mas-de-73-mil-detenidos-por-ice-no-tienen-ningun-record-criminal-senala-analisis-de-datos-oficiales\/\" \/>\n\t\t<meta property=\"og:image\" content=\"https:\/\/soymigrante.com\/revista\/wp-content\/uploads\/2025\/12\/capturas-redadas-migrantes-1.jpg\" \/>\n\t\t<meta property=\"og:image:secure_url\" content=\"https:\/\/soymigrante.com\/revista\/wp-content\/uploads\/2025\/12\/capturas-redadas-migrantes-1.jpg\" \/>\n\t\t<meta property=\"og:image:width\" content=\"826\" \/>\n\t\t<meta property=\"og:image:height\" content=\"826\" \/>\n\t\t<meta property=\"article:published_time\" content=\"2025-12-09T21:44:38+00:00\" \/>\n\t\t<meta property=\"article:modified_time\" content=\"2025-12-09T22:33:21+00:00\" \/>\n\t\t<meta property=\"article:publisher\" content=\"https:\/\/www.facebook.com\/soymigrantecom\" \/>\n\t\t<meta name=\"twitter:card\" content=\"summary_large_image\" \/>\n\t\t<meta name=\"twitter:site\" content=\"@SoyMigrante_com\" \/>\n\t\t<meta name=\"twitter:title\" content=\"M\u00e1s de 73 mil detenidos por ICE no tienen ning\u00fan r\u00e9cord criminal, se\u00f1ala an\u00e1lisis de datos oficiales\" \/>\n\t\t<meta name=\"twitter:description\" content=\"Dos tercios de los 220 mil migrantes detenidos en operativos migratorios de ICE, no tienen ning\u00fan delito, lo cual contradice excusa de combate a la &quot;criminalidad&quot;\" \/>\n\t\t<meta name=\"twitter:creator\" content=\"@SoyMigrante_com\" \/>\n\t\t<meta name=\"twitter:image\" content=\"https:\/\/soymigrante.com\/revista\/wp-content\/uploads\/2025\/12\/capturas-redadas-migrantes-1.jpg\" \/>\n\t\t<!-- All in One SEO Pro -->\r\n\t\t<title>M\u00e1s de 73 mil detenidos por ICE no tienen ning\u00fan r\u00e9cord criminal, se\u00f1ala an\u00e1lisis de datos oficiales<\/title>\n\n","aioseo_head_json":{"title":"M\u00e1s de 73 mil detenidos por ICE no tienen ning\u00fan r\u00e9cord criminal, se\u00f1ala an\u00e1lisis de datos oficiales","description":"Dos tercios de los 220 mil migrantes detenidos en operativos migratorios de ICE, no tienen ning\u00fan delito, lo cual contradice excusa de combate a la \"criminalidad\"","canonical_url":"https:\/\/soymigrante.com\/revista\/mas-de-73-mil-detenidos-por-ice-no-tienen-ningun-record-criminal-senala-analisis-de-datos-oficiales\/","robots":"max-snippet:-1, max-image-preview:large, max-video-preview:-1","keywords":"","webmasterTools":{"miscellaneous":"&lt;link rel=\"preconnect\" href=\"https:\/\/fonts.googleapis.com\" crossorigin&gt;\n&lt;link rel=\"preconnect\" href=\"https:\/\/fonts.gstatic.com\" crossorigin&gt;"},"schema":null,"og:locale":"es_ES","og:site_name":"SoyMigrante.com REVISTA \u2013 Nuestra misi\u00f3n es reconocer y dignificar al migrante.","og:type":"article","og:title":"M\u00e1s de 73 mil detenidos por ICE no tienen ning\u00fan r\u00e9cord criminal, se\u00f1ala an\u00e1lisis de datos oficiales","og:description":"Dos tercios de los 220 mil migrantes detenidos en operativos migratorios de ICE, no tienen ning\u00fan delito, lo cual contradice excusa de combate a la &quot;criminalidad&quot;","og:url":"https:\/\/soymigrante.com\/revista\/mas-de-73-mil-detenidos-por-ice-no-tienen-ningun-record-criminal-senala-analisis-de-datos-oficiales\/","og:image":"https:\/\/soymigrante.com\/revista\/wp-content\/uploads\/2025\/12\/capturas-redadas-migrantes-1.jpg","og:image:secure_url":"https:\/\/soymigrante.com\/revista\/wp-content\/uploads\/2025\/12\/capturas-redadas-migrantes-1.jpg","og:image:width":826,"og:image:height":826,"article:published_time":"2025-12-09T21:44:38+00:00","article:modified_time":"2025-12-09T22:33:21+00:00","article:publisher":"https:\/\/www.facebook.com\/soymigrantecom","twitter:card":"summary_large_image","twitter:site":"@SoyMigrante_com","twitter:title":"M\u00e1s de 73 mil detenidos por ICE no tienen ning\u00fan r\u00e9cord criminal, se\u00f1ala an\u00e1lisis de datos oficiales","twitter:description":"Dos tercios de los 220 mil migrantes detenidos en operativos migratorios de ICE, no tienen ning\u00fan delito, lo cual contradice excusa de combate a la &quot;criminalidad&quot;","twitter:creator":"@SoyMigrante_com","twitter:image":"https:\/\/soymigrante.com\/revista\/wp-content\/uploads\/2025\/12\/capturas-redadas-migrantes-1.jpg"},"aioseo_meta_data":{"post_id":"49603","title":null,"description":"Dos tercios de los 220 mil migrantes detenidos en operativos migratorios de ICE, no tienen ning\u00fan delito, lo cual contradice excusa de combate a la \"criminalidad\"","keywords":null,"keyphrases":{"focus":{"keyphrase":"Detenidos","score":74,"analysis":{"keyphraseInTitle":{"score":9,"maxScore":9,"error":0},"keyphraseInDescription":{"score":9,"maxScore":9,"error":0},"keyphraseLength":{"score":9,"maxScore":9,"error":0,"length":1},"keyphraseInURL":{"score":5,"maxScore":5,"error":0},"keyphraseInIntroduction":{"score":3,"maxScore":9,"error":1},"keyphraseInSubHeadings":{"score":3,"maxScore":9,"error":1},"keyphraseInImageAlt":{"score":3,"maxScore":9,"error":1},"keywordDensity":{"type":"best","score":9,"maxScore":9,"error":0}}},"additional":[{"keyphrase":"ICE","score":87,"analysis":{"keyphraseInDescription":{"score":9,"maxScore":9,"error":0},"keyphraseLength":{"score":9,"maxScore":9,"error":0,"length":1},"keyphraseInIntroduction":{"score":9,"maxScore":9,"error":0},"keyphraseInImageAlt":{"score":3,"maxScore":9,"error":1},"keywordDensity":{"type":"best","score":9,"maxScore":9,"error":0}}}]},"primary_term":null,"canonical_url":null,"og_title":null,"og_description":null,"og_object_type":"default","og_image_type":"default","og_image_url":null,"og_image_width":null,"og_image_height":null,"og_image_custom_url":null,"og_image_custom_fields":null,"og_video":"","og_custom_url":null,"og_article_section":null,"og_article_tags":null,"twitter_use_og":false,"twitter_card":"default","twitter_image_type":"default","twitter_image_url":null,"twitter_image_custom_url":null,"twitter_image_custom_fields":null,"twitter_title":null,"twitter_description":null,"schema":{"blockGraphs":[],"customGraphs":[],"default":{"data":{"Article":[],"Course":[],"Dataset":[],"FAQPage":[],"Movie":[],"Person":[],"Product":[],"ProductReview":[],"Car":[],"Recipe":[],"Service":[],"SoftwareApplication":[],"WebPage":[]},"graphName":"NewsArticle","isEnabled":true},"graphs":[]},"schema_type":"default","schema_type_options":null,"pillar_content":false,"robots_default":true,"robots_noindex":false,"robots_noarchive":false,"robots_nosnippet":false,"robots_nofollow":false,"robots_noimageindex":false,"robots_noodp":false,"robots_notranslate":false,"robots_max_snippet":"-1","robots_max_videopreview":"-1","robots_max_imagepreview":"large","priority":null,"frequency":"default","local_seo":null,"seo_analyzer_scan_date":"2025-12-09 22:33:31","breadcrumb_settings":null,"limit_modified_date":false,"reviewed_by":"0","open_ai":null,"ai":{"faqs":[],"keyPoints":[],"titles":[],"descriptions":[],"socialPosts":{"email":[],"linkedin":[],"twitter":[],"facebook":[],"instagram":[]}},"created":"2025-12-09 21:12:47","updated":"2026-02-05 07:45:33"},"aioseo_breadcrumb":"<div class=\"aioseo-breadcrumbs\"><span class=\"aioseo-breadcrumb\">\n\t<a href=\"https:\/\/soymigrante.com\/revista\" title=\"Home\">Home<\/a>\n<\/span><span class=\"aioseo-breadcrumb-separator\">\u00bb<\/span><span class=\"aioseo-breadcrumb\">\n\t<a href=\"https:\/\/soymigrante.com\/revista\/category\/noticias\/\" title=\"Noticias\">Noticias<\/a>\n<\/span><span class=\"aioseo-breadcrumb-separator\">\u00bb<\/span><span class=\"aioseo-breadcrumb\">\n\tM\u00e1s de 73 mil detenidos por ICE no tienen ning\u00fan r\u00e9cord criminal, se\u00f1ala an\u00e1lisis de datos oficiales\n<\/span><\/div>","aioseo_breadcrumb_json":[{"label":"Home","link":"https:\/\/soymigrante.com\/revista"},{"label":"Noticias","link":"https:\/\/soymigrante.com\/revista\/category\/noticias\/"},{"label":"M\u00e1s de 73 mil detenidos por ICE no tienen ning\u00fan r\u00e9cord criminal, se\u00f1ala an\u00e1lisis de datos oficiales","link":"https:\/\/soymigrante.com\/revista\/mas-de-73-mil-detenidos-por-ice-no-tienen-ningun-record-criminal-senala-analisis-de-datos-oficiales\/"}],"_links":{"self":[{"href":"https:\/\/soymigrante.com\/revista\/wp-json\/wp\/v2\/posts\/49603","targetHints":{"allow":["GET"]}}],"collection":[{"href":"https:\/\/soymigrante.com\/revista\/wp-json\/wp\/v2\/posts"}],"about":[{"href":"https:\/\/soymigrante.com\/revista\/wp-json\/wp\/v2\/types\/post"}],"author":[{"embeddable":true,"href":"https:\/\/soymigrante.com\/revista\/wp-json\/wp\/v2\/users\/1"}],"replies":[{"embeddable":true,"href":"https:\/\/soymigrante.com\/revista\/wp-json\/wp\/v2\/comments?post=49603"}],"version-history":[{"count":6,"href":"https:\/\/soymigrante.com\/revista\/wp-json\/wp\/v2\/posts\/49603\/revisions"}],"predecessor-version":[{"id":49618,"href":"https:\/\/soymigrante.com\/revista\/wp-json\/wp\/v2\/posts\/49603\/revisions\/49618"}],"wp:featuredmedia":[{"embeddable":true,"href":"https:\/\/soymigrante.com\/revista\/wp-json\/wp\/v2\/media\/49617"}],"wp:attachment":[{"href":"https:\/\/soymigrante.com\/revista\/wp-json\/wp\/v2\/media?parent=49603"}],"wp:term":[{"taxonomy":"category","embeddable":true,"href":"https:\/\/soymigrante.com\/revista\/wp-json\/wp\/v2\/categories?post=49603"},{"taxonomy":"post_tag","embeddable":true,"href":"https:\/\/soymigrante.com\/revista\/wp-json\/wp\/v2\/tags?post=49603"}],"curies":[{"name":"wp","href":"https:\/\/api.w.org\/{rel}","templated":true}]}}