{"id":49572,"date":"2025-12-09T11:32:07","date_gmt":"2025-12-09T17:32:07","guid":{"rendered":"https:\/\/soymigrante.com\/revista\/?p=49572"},"modified":"2025-12-09T13:37:09","modified_gmt":"2025-12-09T19:37:09","slug":"29-datos-de-ben-carrillo-cantautor-guatemalteco-destacado-en-top-50-albums-del-2025-de-revista-rolling-stone","status":"publish","type":"post","link":"https:\/\/soymigrante.com\/revista\/29-datos-de-ben-carrillo-cantautor-guatemalteco-destacado-en-top-50-albums-del-2025-de-revista-rolling-stone\/","title":{"rendered":"29 datos de Ben Carrillo, cantautor guatemalteco destacado en Top 50 \u00e1lbums del 2025 de revista Rolling Stone"},"content":{"rendered":"\t\t<div data-elementor-type=\"wp-post\" data-elementor-id=\"49572\" class=\"elementor elementor-49572\" data-elementor-post-type=\"post\">\n\t\t\t\t<div data-particle_enable=\"false\" data-particle-mobile-disabled=\"false\" class=\"elementor-element elementor-element-847fcfe e-flex e-con-boxed e-con e-parent\" data-id=\"847fcfe\" data-element_type=\"container\" data-e-type=\"container\">\n\t\t\t\t\t<div class=\"e-con-inner\">\n\t\t\t\t<div class=\"elementor-element elementor-element-0b6c47d elementor-widget elementor-widget-heading\" data-id=\"0b6c47d\" data-element_type=\"widget\" data-e-type=\"widget\" data-widget_type=\"heading.default\">\n\t\t\t\t\t<h2 class=\"elementor-heading-title elementor-size-default\">Dreamer (So\u00f1ador) es el t\u00edtulo del primer \u00e1lbum de Ben Carrillo, cantautor migrante guatemalteco incluido en el n\u00famero 29 de los mejores \u00e1lbums del 2025 de Rolling Stone. Por eso te damos 29 datos y frases suyas.<\/h2>\t\t\t\t<\/div>\n\t\t\t\t\t<\/div>\n\t\t\t\t<\/div>\n\t\t<div data-particle_enable=\"false\" data-particle-mobile-disabled=\"false\" class=\"elementor-element elementor-element-428299b e-flex e-con-boxed e-con e-parent\" data-id=\"428299b\" data-element_type=\"container\" data-e-type=\"container\">\n\t\t\t\t\t<div class=\"e-con-inner\">\n\t\t\t\t<div class=\"elementor-element elementor-element-9e45a6b elementor-widget elementor-widget-text-editor\" data-id=\"9e45a6b\" data-element_type=\"widget\" data-e-type=\"widget\" data-widget_type=\"text-editor.default\">\n\t\t\t\t\t\t\t\t\t<p>En 2025, <a href=\"https:\/\/www.rollingstone.com\/music\/music-lists\/best-latin-albums-2025-1235470004\/\">la revista\u00a0<em data-start=\"520\" data-end=\"535\">Rolling Stone<\/em><\/a>\u00a0incluye el \u00e1lbum <em data-start=\"567\" data-end=\"576\">Dreamer, el primer disco<\/em> del guatemalteco <strong data-start=\"594\" data-end=\"610\">Ben Carrillo<\/strong> en el<a href=\"https:\/\/www.rollingstone.com\/music\/music-lists\/best-latin-albums-2025-1235470004\/\"> Top 50 del a\u00f1o<\/a>. La revista celebra un proyecto \u201cdonde el artista volc\u00f3 su coraz\u00f3n para narrar su traves\u00eda al dejar su tierra, cruzar el desierto y sobrevivir en EE. UU. como migrante adolescente\u201d.\u00a0<\/p><p>Al igual que para<a href=\"https:\/\/soymigrante.com\/revista\/category\/exitos\/\"> muchos migrantes guatemeltecos,<\/a> el camino de Ben ha sido desafiante: pas\u00f3 a\u00f1os lavando platos, limpiando mesas, temeroso por no tener un estatus legal mientras so\u00f1aba con una carrera musical que parec\u00eda imposible.<\/p><p>Estos son 29 datos y frases del migrante guatemalteco Ben Carrillo, extra\u00eddos de m\u00faltiples entrevistas en redes sociales y videos.<\/p>\t\t\t\t\t\t\t\t<\/div>\n\t\t\t\t\t<\/div>\n\t\t\t\t<\/div>\n\t\t<div data-particle_enable=\"false\" data-particle-mobile-disabled=\"false\" class=\"elementor-element elementor-element-4ab5c11 e-flex e-con-boxed e-con e-parent\" data-id=\"4ab5c11\" data-element_type=\"container\" data-e-type=\"container\">\n\t\t\t\t\t<div class=\"e-con-inner\">\n\t\t\t\t<div class=\"elementor-element elementor-element-d31ee77 elementor-widget elementor-widget-html\" data-id=\"d31ee77\" data-element_type=\"widget\" data-e-type=\"widget\" data-widget_type=\"html.default\">\n\t\t\t\t\t<iframe src=\"https:\/\/www.facebook.com\/plugins\/post.php?href=https%3A%2F%2Fwww.facebook.com%2FBenCarrillomusic%2Fposts%2Fpfbid0bmopCyfzSW4AMZc1Nv5ZLktDud3RwMVBT2LPAgPgmqqrD45drg8KUtqFLc4RootYl&show_text=true&width=500\" width=\"500\" height=\"664\" style=\"border:none;overflow:hidden\" scrolling=\"no\" frameborder=\"0\" allowfullscreen=\"true\" allow=\"autoplay; clipboard-write; encrypted-media; picture-in-picture; web-share\"><\/iframe>\t\t\t\t<\/div>\n\t\t\t\t\t<\/div>\n\t\t\t\t<\/div>\n\t\t<div data-particle_enable=\"false\" data-particle-mobile-disabled=\"false\" class=\"elementor-element elementor-element-7c77566 e-flex e-con-boxed e-con e-parent\" data-id=\"7c77566\" data-element_type=\"container\" data-e-type=\"container\">\n\t\t\t\t\t<div class=\"e-con-inner\">\n\t\t\t\t<div class=\"elementor-element elementor-element-66871ca elementor-widget elementor-widget-text-editor\" data-id=\"66871ca\" data-element_type=\"widget\" data-e-type=\"widget\" data-widget_type=\"text-editor.default\">\n\t\t\t\t\t\t\t\t\t<h3><strong data-start=\"413\" data-end=\"495\">1. Sus primeros pasos en EE. UU. fueron lavando platos, el oficio que lo form\u00f3<\/strong><\/h3><p data-start=\"498\" data-end=\"846\">\u201c<em data-start=\"499\" data-end=\"556\">Yo limpiaba platos, lavaba platos\u2026 as\u00ed form\u00e9 mi carrera<\/em>\u201d, recuerda Ben. Pasaba horas detr\u00e1s de una cocina humeante y ruidosa, aprendiendo disciplina a fuerza de trabajo duro. Ese origen es tan importante para \u00e9l que en uno de sus videos de aparece trabajando en una cocina, como homenaje a sus ra\u00edces y recordatorio de d\u00f3nde empez\u00f3 todo.<\/p><h3><strong data-start=\"851\" data-end=\"907\">2. Migrar fue una decisi\u00f3n dolorosa\u00a0<\/strong><\/h3><p data-start=\"910\" data-end=\"1111\">\u201c<em data-start=\"911\" data-end=\"1006\">Yo soy un patojo de Guatemala que ya no ve\u00eda un futuro en mi pa\u00eds\u2026 la \u00fanica opci\u00f3n es salirte<\/em>.\u201d No migr\u00f3 por gusto ni curiosidad: migr\u00f3 porque no hab\u00eda otra salida posible para su familia y su vida.<\/p><h3><strong data-start=\"1116\" data-end=\"1155\">3. Cruz\u00f3 el desierto siendo un ni\u00f1o<\/strong><\/h3><p data-start=\"1158\" data-end=\"1349\">\u201c<em data-start=\"1159\" data-end=\"1226\">Cruc\u00e9 el desierto a los 15 a\u00f1os\u2026 no me fui en avi\u00f3n, ni visa, ni primera clase.<\/em>\u201d Ese trayecto marc\u00f3 su identidad para siempre y es un pilar emocional de <em data-start=\"1300\" data-end=\"1309\">Dreamer<\/em>, donde convierte esa herida en memoria, testimonio e inspiraci\u00f3n.<\/p><h3><strong data-start=\"1354\" data-end=\"1429\">4. Lleg\u00f3 a USA muy joven pero con grandes responsabilidades<\/strong><\/h3><p data-start=\"1432\" data-end=\"1559\">\u201c<em data-start=\"1433\" data-end=\"1509\">Ten\u00eda dos hermanos y mi situaci\u00f3n no estaba bien\u2026 decid\u00ed irme muy peque\u00f1o.<\/em>\u201d Ben Carrillo no tuvo adolescencia t\u00edpica: tuvo supervivencia. Trabaj\u00f3 duro para ayudar a su familia.<\/p><h3><strong data-start=\"1564\" data-end=\"1625\">5. Siete a\u00f1os sin papeles, con miedo constante<\/strong><\/h3><p data-start=\"1628\" data-end=\"1799\">\u201c<em data-start=\"1629\" data-end=\"1695\">Estuve casi siete a\u00f1os ilegal\u2026 y entiendo lo que es tener miedo.<\/em>\u201d Su vida estaba marcada por redadas, silencios y la incertidumbre de cualquier migrante reci\u00e9n llegado.<\/p><h3><strong data-start=\"1804\" data-end=\"1855\">6. Ya en la m\u00fasica, segu\u00eda atendiendo mesas<\/strong><\/h3><p data-start=\"1858\" data-end=\"2042\">El sue\u00f1o era grande pero no lleg\u00f3 f\u00e1cil. \u201c<em data-start=\"1859\" data-end=\"1938\">Trabajaba de mesero aqu\u00ed en LA\u2026 bartender y mesero, aunque ya estaba firmado.<\/em>\u201d Ten\u00eda contrato musical, pero necesitaba seguir trabajando para pagar renta y comida.\u00a0\u00a0<\/p>\t\t\t\t\t\t\t\t<\/div>\n\t\t\t\t\t<\/div>\n\t\t\t\t<\/div>\n\t\t<div data-particle_enable=\"false\" data-particle-mobile-disabled=\"false\" class=\"elementor-element elementor-element-132d121 e-flex e-con-boxed e-con e-parent\" data-id=\"132d121\" data-element_type=\"container\" data-e-type=\"container\">\n\t\t\t\t\t<div class=\"e-con-inner\">\n\t\t\t\t<div class=\"elementor-element elementor-element-501f09e elementor-widget elementor-widget-html\" data-id=\"501f09e\" data-element_type=\"widget\" data-e-type=\"widget\" data-widget_type=\"html.default\">\n\t\t\t\t\t<iframe width=\"560\" height=\"415\" src=\"https:\/\/www.youtube.com\/embed\/VGWpkvCLabU?si=irRNuTq6CrIUuuVK\" title=\"YouTube video player\" frameborder=\"0\" allow=\"accelerometer; autoplay; clipboard-write; encrypted-media; gyroscope; picture-in-picture; web-share\" referrerpolicy=\"strict-origin-when-cross-origin\" allowfullscreen><\/iframe>\t\t\t\t<\/div>\n\t\t\t\t\t<\/div>\n\t\t\t\t<\/div>\n\t\t<div data-particle_enable=\"false\" data-particle-mobile-disabled=\"false\" class=\"elementor-element elementor-element-6cb485d e-flex e-con-boxed e-con e-parent\" data-id=\"6cb485d\" data-element_type=\"container\" data-e-type=\"container\">\n\t\t\t\t\t<div class=\"e-con-inner\">\n\t\t\t\t<div class=\"elementor-element elementor-element-af278ae elementor-widget elementor-widget-text-editor\" data-id=\"af278ae\" data-element_type=\"widget\" data-e-type=\"widget\" data-widget_type=\"text-editor.default\">\n\t\t\t\t\t\t\t\t\t<h3><strong style=\"font-family: Mulish, sans-serif; font-size: 29px;\" data-start=\"2047\" data-end=\"2105\">7. Recibi\u00f3 sus papeles mientras trabajaba en la cocina<\/strong><\/h3><p data-start=\"2108\" data-end=\"2242\">\u201c<em data-start=\"2109\" data-end=\"2197\">Me recuerdo que estaba en un restaurante\u2026 ah\u00ed me llegaron las noticias de mis papeles.<\/em>\u201d Entre vapor, ollas y ruido, el horizonte empez\u00f3 a cambiar y era el momento de emprender el sue\u00f1o. Y era el \u00e1lbum Dreamer.<\/p><h3><strong data-start=\"2247\" data-end=\"2315\">8. Su primer viaje con documentos fue a Medell\u00edn, no a Guatemala<\/strong><\/h3><p data-start=\"2318\" data-end=\"2448\">\u201c<em data-start=\"2319\" data-end=\"2379\">No fui a Guate\u2026 voy a Medell\u00edn a hacer mi primera canci\u00f3n.<\/em>\u201d Sab\u00eda que era el momento de apostar por su carrera sin mirar atr\u00e1s. As\u00ed empezaba a concretarse un gran proyecto.<\/p><h3><strong data-start=\"2453\" data-end=\"2516\">9. Colombia se volvi\u00f3 universidad musical\u00a0<\/strong><\/h3><p data-start=\"2519\" data-end=\"2639\">\u201c<em data-start=\"2520\" data-end=\"2604\">Ir a escribir con Mosty, Sky, Feid\u2026 era como: es esto lo que debes hacer. Aqu\u00ed es donde quiero estar: en la m\u00fasica<\/em>\u201d Ben Carrillo encontr\u00f3 apoyo, gu\u00eda y comunidad. \u201c<em data-start=\"2705\" data-end=\"2777\">Colombia fue una parte muy grande de mi vida\u2026 ah\u00ed hice mi universidad.<\/em>\u201d\u00a0<\/p><h3>10. As\u00ed comienza Presidente, tema de Dreamer<\/h3><p>Peleando los demonios en mi mente\/\u00a0La gente dice que estoy loco y rebelde \/ Ahora juntos t\u00fa y yo somo&#8217; inmigrantes \/\u00a0Pero contigo yo me vuelvo Presidente \/\u00a0Mi negra ahora yo no tengo ni un peso\/\u00a0Pero tengo millones de sue\u00f1os \/Algunas personas son tan pobres que solo tienen dinero&#8230;<\/p>\t\t\t\t\t\t\t\t<\/div>\n\t\t\t\t\t<\/div>\n\t\t\t\t<\/div>\n\t\t<div data-particle_enable=\"false\" data-particle-mobile-disabled=\"false\" class=\"elementor-element elementor-element-060497f e-flex e-con-boxed e-con e-parent\" data-id=\"060497f\" data-element_type=\"container\" data-e-type=\"container\">\n\t\t\t\t\t<div class=\"e-con-inner\">\n\t\t\t\t<div class=\"elementor-element elementor-element-04bfe45 elementor-widget elementor-widget-html\" data-id=\"04bfe45\" data-element_type=\"widget\" data-e-type=\"widget\" data-widget_type=\"html.default\">\n\t\t\t\t\t<iframe width=\"560\" height=\"315\" src=\"https:\/\/www.youtube.com\/embed\/R4A7TAuYY0w?si=DEnOtOdurvS1__-3\" title=\"YouTube video player\" frameborder=\"0\" allow=\"accelerometer; autoplay; clipboard-write; encrypted-media; gyroscope; picture-in-picture; web-share\" referrerpolicy=\"strict-origin-when-cross-origin\" allowfullscreen><\/iframe>\t\t\t\t<\/div>\n\t\t\t\t\t<\/div>\n\t\t\t\t<\/div>\n\t\t<div data-particle_enable=\"false\" data-particle-mobile-disabled=\"false\" class=\"elementor-element elementor-element-baf145b e-flex e-con-boxed e-con e-parent\" data-id=\"baf145b\" data-element_type=\"container\" data-e-type=\"container\">\n\t\t\t\t\t<div class=\"e-con-inner\">\n\t\t\t\t<div class=\"elementor-element elementor-element-9c6f7fa elementor-widget elementor-widget-text-editor\" data-id=\"9c6f7fa\" data-element_type=\"widget\" data-e-type=\"widget\" data-widget_type=\"text-editor.default\">\n\t\t\t\t\t\t\t\t\t<h3><strong style=\"font-family: Mulish, sans-serif; font-size: 29px;\" data-start=\"2845\" data-end=\"2907\">11. Pas\u00f3 por una crisis profunda que lo alej\u00f3 de la m\u00fasica<\/strong><\/h3><p data-start=\"2910\" data-end=\"3050\">A pesar de todo, casi se aleja de la m\u00fasica. \u201c<em data-start=\"2911\" data-end=\"2974\">Me hab\u00eda retirado\u2026 llevaba casi cuatro a\u00f1os sin hacer m\u00fasica.<\/em>\u201d cont\u00f3 Ben Carrillo en una entrevista. Sent\u00eda que hab\u00eda perdido su rumbo y que quiz\u00e1s la m\u00fasica no era su camino.<\/p><h3><strong data-start=\"3055\" data-end=\"3120\">12. Un amigo le regal\u00f3 7 mil d\u00f3lares para volver a intentarlo<\/strong><\/h3><p data-start=\"3123\" data-end=\"3260\">\u201c<em data-start=\"3124\" data-end=\"3200\">Un hermano me dijo: \u2018no es prestado, es para vos\u2019\u2026 y eso me hizo regresar.<\/em>\u201d Ese gesto lo rescat\u00f3 emocionalmente y reactiv\u00f3 su carrera. Esos son amigos!<\/p><h3><strong data-start=\"3265\" data-end=\"3342\">13. Vivi\u00f3 desencuentros con productores y contratos que nunca se firmaron<\/strong><\/h3><p data-start=\"3345\" data-end=\"3450\">\u201c<em data-start=\"3346\" data-end=\"3391\">Hab\u00eda desacuerdos\u2026 muchas cosas no pasaron.<\/em>\u201d Los retrasos y promesas incumplidas frenaron su progreso. Pero no lo detuvieron.<\/p><h3><strong data-start=\"3455\" data-end=\"3539\">14. Un contrato que \u201cle iba a cambiar la vida\u201d se cay\u00f3 tras ocho meses de espera<\/strong><\/h3><p data-start=\"3542\" data-end=\"3656\">\u201c<em data-start=\"3543\" data-end=\"3603\">\u00cdbamos a firmar algo grande\u2026 y ocho meses despu\u00e9s no pas\u00f3.<\/em>\u201d Dej\u00f3 proyectos en pausa y lo afect\u00f3 econ\u00f3micamente.<\/p><h2 data-start=\"3658\" data-end=\"3712\"><strong data-start=\"3661\" data-end=\"3710\">15. En 2023 abri\u00f3 el concierto de Bad Bunny en Guatemala\u00a0<\/strong><\/h2><p data-start=\"3713\" data-end=\"3800\"><span data-start=\"3714\" data-end=\"3754\">Fue un llamado repentino y sin ensayo previo.<i>\u00a0En aquel momento, en redes sociales, muchos guatemaltecos asistentes al concierto se preguntaron \u00bfqui\u00e9n es Ben Carrillo? El cantautor estuvo frente a miles de compatriotas. Hoy muchos m\u00e1s de ellos ya saben qui\u00e9n es.<\/i><\/span><\/p>\t\t\t\t\t\t\t\t<\/div>\n\t\t\t\t\t<\/div>\n\t\t\t\t<\/div>\n\t\t<div data-particle_enable=\"false\" data-particle-mobile-disabled=\"false\" class=\"elementor-element elementor-element-55781b6 e-flex e-con-boxed e-con e-parent\" data-id=\"55781b6\" data-element_type=\"container\" data-e-type=\"container\">\n\t\t\t\t\t<div class=\"e-con-inner\">\n\t\t\t\t<div class=\"elementor-element elementor-element-fe4b636 elementor-widget elementor-widget-image\" data-id=\"fe4b636\" data-element_type=\"widget\" data-e-type=\"widget\" data-widget_type=\"image.default\">\n\t\t\t\t\t\t\t\t\t\t\t\t<figure class=\"wp-caption\">\n\t\t\t\t\t\t\t\t\t\t<img fetchpriority=\"high\" decoding=\"async\" width=\"765\" height=\"767\" src=\"https:\/\/soymigrante.com\/revista\/wp-content\/uploads\/2025\/12\/concierto-2023.png\" class=\"attachment-large size-large wp-image-49587\" alt=\"Miles de guatemaltecos vieron a Ben Carrillo en 2023 al abrir el concierto de Bad Bunny, pero muchos no sab\u00edan de su carrera entonces. En este momento es muy probable que s\u00ed sepan de qui\u00e9n se trata.\" srcset=\"https:\/\/soymigrante.com\/revista\/wp-content\/uploads\/2025\/12\/concierto-2023.png 765w, https:\/\/soymigrante.com\/revista\/wp-content\/uploads\/2025\/12\/concierto-2023-300x300.png 300w, https:\/\/soymigrante.com\/revista\/wp-content\/uploads\/2025\/12\/concierto-2023-150x150.png 150w, https:\/\/soymigrante.com\/revista\/wp-content\/uploads\/2025\/12\/concierto-2023-75x75.png 75w, https:\/\/soymigrante.com\/revista\/wp-content\/uploads\/2025\/12\/concierto-2023-750x752.png 750w\" sizes=\"(max-width: 765px) 100vw, 765px\" title=\"Miles de guatemaltecos vieron a Ben Carrillo en 2023 al abrir el concierto de Bad Bunny, pero muchos no sab\u00edan de su carrera entonces. En este momento es muy probable que s\u00ed sepan de qui\u00e9n se trata. \u2013 SoyMigrante.com REVISTA\" \/>\t\t\t\t\t\t\t\t\t\t\t<figcaption class=\"widget-image-caption wp-caption-text\">Miles de guatemaltecos vieron a Ben Carrillo en 2023 al abrir el concierto de Bad Bunny, pero muchos no sab\u00edan de su carrera entonces. En este momento es muy probable que s\u00ed sepan de qui\u00e9n se trata.<\/figcaption>\n\t\t\t\t\t\t\t\t\t\t<\/figure>\n\t\t\t\t\t\t\t\t\t<\/div>\n\t\t\t\t\t<\/div>\n\t\t\t\t<\/div>\n\t\t<div data-particle_enable=\"false\" data-particle-mobile-disabled=\"false\" class=\"elementor-element elementor-element-573d124 e-flex e-con-boxed e-con e-parent\" data-id=\"573d124\" data-element_type=\"container\" data-e-type=\"container\">\n\t\t\t\t\t<div class=\"e-con-inner\">\n\t\t\t\t<div class=\"elementor-element elementor-element-d14d548 elementor-widget elementor-widget-text-editor\" data-id=\"d14d548\" data-element_type=\"widget\" data-e-type=\"widget\" data-widget_type=\"text-editor.default\">\n\t\t\t\t\t\t\t\t\t<h3><strong style=\"font-family: Mulish, sans-serif; font-size: 31px;\" data-start=\"3805\" data-end=\"3863\">16. A veces no lanzar m\u00fasica era doloroso, pero persisti\u00f3<\/strong><\/h3><p data-start=\"3866\" data-end=\"3981\">\u201c<em data-start=\"3867\" data-end=\"3930\">No lanzar m\u00fasica duele\u2026 pero siempre s\u00e9 que algo bueno viene.<\/em>\u201d El camino de Ben Carrillo con el arte ha sido resiliencia pura.<\/p><h2 data-start=\"3983\" data-end=\"4044\"><strong data-start=\"3986\" data-end=\"4042\">17. Su ciudadan\u00eda estadounidense fue un renacimiento<\/strong><\/h2><p data-start=\"4045\" data-end=\"4168\">\u201c<em data-start=\"4046\" data-end=\"4132\">Hace dos a\u00f1os consegu\u00ed mi ciudadan\u00eda\u2026 y promet\u00ed que ah\u00ed iba a sacar mi primer \u00e1lbum.<\/em>\u201d Cumpli\u00f3 esa promesa con <em data-start=\"4158\" data-end=\"4167\">Dreamer<\/em>. Un \u00e1lbum que tiene ritmo, coraz\u00f3n, pasi\u00f3n, autenticidad. Rolling Stone dice: &#8220;El artista guatemalteco volc\u00f3 su coraz\u00f3n en su proyecto debut, que relata su experiencia al dejar su tierra y cruzar el desierto hacia Estados Unidos a los 15 a\u00f1os. M\u00e1s all\u00e1 de sus luchas, Carrillo comparte sus esperanzas, sus heridas y su terquedad para salir adelante. Sus voces crudas retumban en \u2018PAPELES\u2019, donde su demanda de ciudadan\u00eda resuena con millones de inmigrantes. Cada tema juega con distintos g\u00e9neros: desde el reggaet\u00f3n orgulloso de \u2018CENTROAMERICANA\u2019 hasta el pop tropical de \u2018PRESIDENTE\u2019, un tributo a quienes deben dejar un lugar amado para perseguir sus sue\u00f1os\u2019.\u201d<\/p>\t\t\t\t\t\t\t\t<\/div>\n\t\t\t\t\t<\/div>\n\t\t\t\t<\/div>\n\t\t<div data-particle_enable=\"false\" data-particle-mobile-disabled=\"false\" class=\"elementor-element elementor-element-8b0dab2 e-flex e-con-boxed e-con e-parent\" data-id=\"8b0dab2\" data-element_type=\"container\" data-e-type=\"container\">\n\t\t\t\t\t<div class=\"e-con-inner\">\n\t\t\t\t<div class=\"elementor-element elementor-element-bfb8175 elementor-widget elementor-widget-html\" data-id=\"bfb8175\" data-element_type=\"widget\" data-e-type=\"widget\" data-widget_type=\"html.default\">\n\t\t\t\t\t<iframe width=\"560\" height=\"415\" src=\"https:\/\/www.youtube.com\/embed\/8UHaHxwEm1Y?si=OYJwiAP1omAWzixV\" title=\"YouTube video player\" frameborder=\"0\" allow=\"accelerometer; autoplay; clipboard-write; encrypted-media; gyroscope; picture-in-picture; web-share\" referrerpolicy=\"strict-origin-when-cross-origin\" allowfullscreen><\/iframe>\t\t\t\t<\/div>\n\t\t\t\t\t<\/div>\n\t\t\t\t<\/div>\n\t\t<div data-particle_enable=\"false\" data-particle-mobile-disabled=\"false\" class=\"elementor-element elementor-element-52ed454 e-flex e-con-boxed e-con e-parent\" data-id=\"52ed454\" data-element_type=\"container\" data-e-type=\"container\">\n\t\t\t\t\t<div class=\"e-con-inner\">\n\t\t\t\t<div class=\"elementor-element elementor-element-f96e8fe elementor-widget elementor-widget-text-editor\" data-id=\"f96e8fe\" data-element_type=\"widget\" data-e-type=\"widget\" data-widget_type=\"text-editor.default\">\n\t\t\t\t\t\t\t\t\t<h3><strong style=\"font-family: Mulish, sans-serif; font-size: 31px;\" data-start=\"4173\" data-end=\"4237\">18. \u201cSue\u00f1o Americano\u201d naci\u00f3 porque su gente estaba sufriendo<\/strong><\/h3><p data-start=\"4240\" data-end=\"4388\">\u201c<em data-start=\"4241\" data-end=\"4307\">No pod\u00eda sacar un reggaet\u00f3n feliz mientras mi gente ten\u00eda miedo.<\/em>\u201d<br data-start=\"4308\" data-end=\"4311\" \/>La canci\u00f3n surgi\u00f3 como respuesta directa a las redadas y al clima migratorio, expres\u00f3 Ben Carrillo en una entrevista.<\/p><h2 data-start=\"4390\" data-end=\"4459\"><strong data-start=\"4393\" data-end=\"4457\">19. Dona todas las ganancias del tema a apoyo legal migrante<\/strong><\/h2><p data-start=\"4460\" data-end=\"4583\">\u201c<em data-start=\"4461\" data-end=\"4530\">Todo lo que genere Sue\u00f1o Americano va para organizaciones que ayudan a inmigrantes.<\/em>\u201d<br data-start=\"4531\" data-end=\"4534\" \/>Para Ben Carrillo, la m\u00fasica tambi\u00e9n es herramienta social de cambio y solidaridad.\u00a0<\/p><h2 data-start=\"4585\" data-end=\"4657\"><strong data-start=\"4588\" data-end=\"4655\">20. Apoya negocios latinos como parte de su activismo cotidiano<\/strong><\/h2><p data-start=\"4658\" data-end=\"4755\">\u201c<em data-start=\"4659\" data-end=\"4709\">No compro caf\u00e9 en Starbucks\u2026 voy al caf\u00e9 latino.<\/em>\u201d Ben Carrillo elige poner su dinero donde pone su palabra.<\/p><h2 data-start=\"4757\" data-end=\"4825\"><strong data-start=\"4760\" data-end=\"4823\">21. Abre espacios con abogados para orientar a la comunidad<\/strong><\/h2><p data-start=\"4826\" data-end=\"4954\">\u201c<em data-start=\"4827\" data-end=\"4903\">Hemos hecho clases por TikTok con abogados\u2026 la gente necesita informaci\u00f3n.<\/em>\u201d Es as\u00ed como Ben Carrillo transforma su voz y su plataforma en un puente de ayuda.<\/p><h2 data-start=\"4956\" data-end=\"5021\"><strong data-start=\"4959\" data-end=\"5019\">22. Dirige sus propios videos por necesidad y convicci\u00f3n<\/strong><\/h2><p data-start=\"5022\" data-end=\"5137\">\u201c<em data-start=\"5023\" data-end=\"5074\">Hacer videos es caro\u2026 siempre prefer\u00ed hacerlo yo.<\/em>\u201d Adem\u00e1s\u00a0La independencia visual es parte de su identidad art\u00edstica.<\/p><h2 data-start=\"5139\" data-end=\"5188\"><strong data-start=\"5142\" data-end=\"5186\">23. No oculta de d\u00f3nde viene: lo muestra<\/strong><\/h2><p data-start=\"5189\" data-end=\"5323\">\u201c<em data-start=\"5190\" data-end=\"5269\">Nunca me avergonzar\u00e9 de d\u00f3nde vengo\u2026 por eso aparezco trabajando en el video.<\/em>\u201d\u00a0Expone su pasado como homenaje, con orgullo, porque ello le hermana con millones de migrantes.<\/p><h2 data-start=\"5325\" data-end=\"5390\"><strong data-start=\"5328\" data-end=\"5388\">24. La industria no lo deslumbra: conoce sus injusticias<\/strong><\/h2><p data-start=\"5391\" data-end=\"5533\">\u201c<em data-start=\"5392\" data-end=\"5463\">No tengo dinero para regalar un Rolex para que me pongan en playlist.<\/em>\u201d<br data-start=\"5464\" data-end=\"5467\" \/>Sabe que la industria favorece a quienes pueden pagar visibilidad. Pero quiere destacar por lo que es.<\/p><h2 data-start=\"5535\" data-end=\"5608\"><strong data-start=\"5538\" data-end=\"5606\">25. Sue\u00f1a con una industria que valore historia, no solo n\u00fameros<\/strong><\/h2><p data-start=\"5609\" data-end=\"5721\">\u201c<em data-start=\"5610\" data-end=\"5685\">Necesitamos artistas apoyados por su historia y su arte\u2026 no solo streams.<\/em>\u201d Esta es una\u00a0 visi\u00f3n \u00e9tica, no est\u00e9tica.<\/p>\t\t\t\t\t\t\t\t<\/div>\n\t\t\t\t\t<\/div>\n\t\t\t\t<\/div>\n\t\t<div data-particle_enable=\"false\" data-particle-mobile-disabled=\"false\" class=\"elementor-element elementor-element-61d455e e-flex e-con-boxed e-con e-parent\" data-id=\"61d455e\" data-element_type=\"container\" data-e-type=\"container\">\n\t\t\t\t\t<div class=\"e-con-inner\">\n\t\t\t\t<div class=\"elementor-element elementor-element-6788673 elementor-widget elementor-widget-html\" data-id=\"6788673\" data-element_type=\"widget\" data-e-type=\"widget\" data-widget_type=\"html.default\">\n\t\t\t\t\t<iframe width=\"560\" height=\"315\" src=\"https:\/\/www.youtube.com\/embed\/qAaMLtRiNO0?si=kc1fWSBRCjnDXmpm\" title=\"YouTube video player\" frameborder=\"0\" allow=\"accelerometer; autoplay; clipboard-write; encrypted-media; gyroscope; picture-in-picture; web-share\" referrerpolicy=\"strict-origin-when-cross-origin\" allowfullscreen><\/iframe>\t\t\t\t<\/div>\n\t\t\t\t\t<\/div>\n\t\t\t\t<\/div>\n\t\t<div data-particle_enable=\"false\" data-particle-mobile-disabled=\"false\" class=\"elementor-element elementor-element-123e51c e-flex e-con-boxed e-con e-parent\" data-id=\"123e51c\" data-element_type=\"container\" data-e-type=\"container\">\n\t\t\t\t\t<div class=\"e-con-inner\">\n\t\t\t\t<div class=\"elementor-element elementor-element-2085656 elementor-widget elementor-widget-text-editor\" data-id=\"2085656\" data-element_type=\"widget\" data-e-type=\"widget\" data-widget_type=\"text-editor.default\">\n\t\t\t\t\t\t\t\t\t<h3><strong style=\"font-family: Mulish, sans-serif; font-size: 31px;\" data-start=\"5726\" data-end=\"5772\">26. El dolor forma parte de su crecimiento<\/strong><\/h3><p data-start=\"5775\" data-end=\"5894\">\u201c<em data-start=\"5776\" data-end=\"5831\">Si no luch\u00e1s, no crec\u00e9s\u2026 y yo estoy aqu\u00ed para crecer.<\/em>\u201d, dice Ben Carrillo.<br data-start=\"5832\" data-end=\"5835\" \/>No romantiza el sufrimiento, pero lo reconoce como maestro, y como prueba de convicci\u00f3n.<\/p><h2 data-start=\"5896\" data-end=\"5946\"><strong data-start=\"5899\" data-end=\"5944\">27. Sus canciones nacen de sus cicatrices<\/strong><\/h2><p data-start=\"5947\" data-end=\"6053\">\u201c<em data-start=\"5948\" data-end=\"6009\">Mi dolor, mis trabajos, mis amores\u2026 todo est\u00e1 en la m\u00fasica.<\/em>\u201d<br data-start=\"6010\" data-end=\"6013\" \/><em data-start=\"6013\" data-end=\"6022\">Dreamer<\/em> es su autobiograf\u00eda emocional.<\/p><h2 data-start=\"6055\" data-end=\"6131\"><strong data-start=\"6058\" data-end=\"6129\">28. Si alg\u00fan d\u00eda llega un contrato millonario, sabe en qu\u00e9 gastarlo<\/strong><\/h2><p data-start=\"6132\" data-end=\"6258\">\u201c<em data-start=\"6133\" data-end=\"6208\">Comprar casa para mis hermanos, ayudar a mis t\u00edas\u2026 primero va mi familia.<\/em>\u201d<br data-start=\"6209\" data-end=\"6212\" \/>Antes de pensar en lujos, piensa en los suyos.<\/p><h2 data-start=\"6260\" data-end=\"6343\"><strong data-start=\"6263\" data-end=\"6341\">29. Reinvertir\u00eda m\u00e1s del 60% en su m\u00fasica porque ese es su verdadero sue\u00f1o<\/strong><\/h2><p data-start=\"6344\" data-end=\"6464\">\u201c<em data-start=\"6345\" data-end=\"6416\">Si me dan cinco millones\u2026 invierto m\u00e1s del 60% otra vez en mi m\u00fasica.<\/em>\u201d<br data-start=\"6417\" data-end=\"6420\" \/>Su ambici\u00f3n no es el dinero: es la creaci\u00f3n.<\/p>\t\t\t\t\t\t\t\t<\/div>\n\t\t\t\t\t<\/div>\n\t\t\t\t<\/div>\n\t\t<div data-particle_enable=\"false\" data-particle-mobile-disabled=\"false\" class=\"elementor-element elementor-element-99cb7e7 e-flex e-con-boxed e-con e-parent\" data-id=\"99cb7e7\" data-element_type=\"container\" data-e-type=\"container\">\n\t\t\t\t\t<div class=\"e-con-inner\">\n\t\t\t\t<div class=\"elementor-element elementor-element-070d0d3 elementor-widget elementor-widget-html\" data-id=\"070d0d3\" data-element_type=\"widget\" data-e-type=\"widget\" data-widget_type=\"html.default\">\n\t\t\t\t\t<iframe src=\"https:\/\/www.facebook.com\/plugins\/video.php?height=476&href=https%3A%2F%2Fwww.facebook.com%2Freel%2F440372645626003%2F&show_text=true&width=267&t=0\" width=\"267\" height=\"591\" style=\"border:none;overflow:hidden\" scrolling=\"no\" frameborder=\"0\" allowfullscreen=\"true\" allow=\"autoplay; clipboard-write; encrypted-media; picture-in-picture; web-share\" allowFullScreen=\"true\"><\/iframe>\t\t\t\t<\/div>\n\t\t\t\t\t<\/div>\n\t\t\t\t<\/div>\n\t\t<div data-particle_enable=\"false\" data-particle-mobile-disabled=\"false\" class=\"elementor-element elementor-element-cb44ed0 e-flex e-con-boxed e-con e-parent\" data-id=\"cb44ed0\" data-element_type=\"container\" data-e-type=\"container\">\n\t\t\t\t\t<div class=\"e-con-inner\">\n\t\t\t\t<div class=\"elementor-element elementor-element-ee5d7bf elementor-widget elementor-widget-heading\" data-id=\"ee5d7bf\" data-element_type=\"widget\" data-e-type=\"widget\" data-widget_type=\"heading.default\">\n\t\t\t\t\t<h2 class=\"elementor-heading-title elementor-size-default\">Talento guatemalteco sin fronteras<\/h2>\t\t\t\t<\/div>\n\t\t\t\t\t<\/div>\n\t\t\t\t<\/div>\n\t\t<div data-particle_enable=\"false\" data-particle-mobile-disabled=\"false\" class=\"elementor-element elementor-element-314c993 e-flex e-con-boxed e-con e-parent\" data-id=\"314c993\" data-element_type=\"container\" data-e-type=\"container\">\n\t\t\t\t\t<div class=\"e-con-inner\">\n\t\t\t\t<div class=\"elementor-element elementor-element-b5fd72c elementor-grid-eael-col-3 elementor-grid-tablet-eael-col-2 elementor-grid-mobile-eael-col-1 elementor-widget elementor-widget-eael-post-grid\" data-id=\"b5fd72c\" data-element_type=\"widget\" data-e-type=\"widget\" data-settings=\"{&quot;eael_post_grid_columns&quot;:&quot;eael-col-3&quot;,&quot;eael_post_grid_columns_tablet&quot;:&quot;eael-col-2&quot;,&quot;eael_post_grid_columns_mobile&quot;:&quot;eael-col-1&quot;}\" data-widget_type=\"eael-post-grid.default\">\n\t\t\t\t\t<div id=\"eael-post-grid-b5fd72c\" class=\"eael-post-grid-container\">\n            <div class=\"eael-post-grid eael-post-appender eael-post-appender-b5fd72c eael-post-grid-style-one\" data-layout-mode=\"masonry\"><article class=\"eael-grid-post  eael-post-grid-column eael-pg-post-21216 category-exitos\" data-id=\"21216\">\n        <div class=\"eael-grid-post-holder\">\n            <div class=\"eael-grid-post-holder-inner\"><div class=\"eael-entry-media\"><div class=\"eael-entry-overlay fade-in\"><i class=\"far fa-hand-pointer\" aria-hidden=\"true\"><\/i><a href=\"https:\/\/soymigrante.com\/revista\/international-match-le-canta-a-guatemala-y-a-los-guatemaltecos-desde-los-angeles\/\"><\/a><\/div><div class=\"eael-entry-thumbnail eael-image-ratio\">\n                <img decoding=\"async\" width=\"1024\" height=\"1024\" src=\"https:\/\/soymigrante.com\/revista\/wp-content\/uploads\/2025\/01\/match-international-1-1024x1024.png\" class=\"attachment-large size-large wp-image-21217\" alt=\"Joven con gafas oscuras sosteniendo la bandera de Guatemala frente a un cartel de SoyMigrante.com REVISTA.\" srcset=\"https:\/\/soymigrante.com\/revista\/wp-content\/uploads\/2025\/01\/match-international-1-1024x1024.png 1024w, https:\/\/soymigrante.com\/revista\/wp-content\/uploads\/2025\/01\/match-international-1-300x300.png 300w, https:\/\/soymigrante.com\/revista\/wp-content\/uploads\/2025\/01\/match-international-1-150x150.png 150w, https:\/\/soymigrante.com\/revista\/wp-content\/uploads\/2025\/01\/match-international-1-768x768.png 768w, https:\/\/soymigrante.com\/revista\/wp-content\/uploads\/2025\/01\/match-international-1-75x75.webp 75w, https:\/\/soymigrante.com\/revista\/wp-content\/uploads\/2025\/01\/match-international-1-750x750.webp 750w, https:\/\/soymigrante.com\/revista\/wp-content\/uploads\/2025\/01\/match-international-1.webp 1080w\" sizes=\"(max-width: 1024px) 100vw, 1024px\" \/>\n            <\/div>\n        <\/div><div class=\"eael-entry-wrapper\"><header class=\"eael-entry-header\"><h2 class=\"eael-entry-title\"><a class=\"eael-grid-post-link\" href=\"https:\/\/soymigrante.com\/revista\/international-match-le-canta-a-guatemala-y-a-los-guatemaltecos-desde-los-angeles\/\" title=\"International Match le canta a Guatemala y a los guatemaltecos desde USA\">International Match le canta a Guatemala y a los guatemaltecos desde USA<\/a><\/h2><\/header><div class=\"eael-entry-content\">\n                        <div class=\"eael-grid-post-excerpt\"><a href=\"https:\/\/soymigrante.com\/revista\/international-match-le-canta-a-guatemala-y-a-los-guatemaltecos-desde-los-angeles\/\" class=\"eael-post-elements-readmore-btn\">CONOCE SU HISTORIA <\/a><\/div>\n                    <\/div><\/div><\/div>\n        <\/div>\n    <\/article><article class=\"eael-grid-post  eael-post-grid-column eael-pg-post-33014 category-exitos-guatemala\" data-id=\"33014\">\n        <div class=\"eael-grid-post-holder\">\n            <div class=\"eael-grid-post-holder-inner\"><div class=\"eael-entry-media\"><div class=\"eael-entry-overlay fade-in\"><i class=\"far fa-hand-pointer\" aria-hidden=\"true\"><\/i><a href=\"https:\/\/soymigrante.com\/revista\/artista-guatemalteca-sharley-rodriguez-vive-para-crear-y-crea-para-inspirar-en-nashville-tennessee\/\"><\/a><\/div><div class=\"eael-entry-thumbnail eael-image-ratio\">\n                <img decoding=\"async\" width=\"1024\" height=\"1024\" src=\"https:\/\/soymigrante.com\/revista\/wp-content\/uploads\/2025\/05\/shirley-rodriguez-pintora-guatemalteca-tennessee-cuadrada-1024x1024.jpg\" class=\"attachment-large size-large wp-image-33015\" alt=\"Coj\u00edn de piel con pintura art\u00edstica que representa la cultura y paisajes de M\u00e9xico, con tem\u00e1tica de migrantes y ra\u00edces mexicanas.\" srcset=\"https:\/\/soymigrante.com\/revista\/wp-content\/uploads\/2025\/05\/shirley-rodriguez-pintora-guatemalteca-tennessee-cuadrada-1024x1024.jpg 1024w, https:\/\/soymigrante.com\/revista\/wp-content\/uploads\/2025\/05\/shirley-rodriguez-pintora-guatemalteca-tennessee-cuadrada-300x300.jpg 300w, https:\/\/soymigrante.com\/revista\/wp-content\/uploads\/2025\/05\/shirley-rodriguez-pintora-guatemalteca-tennessee-cuadrada-150x150.jpg 150w, https:\/\/soymigrante.com\/revista\/wp-content\/uploads\/2025\/05\/shirley-rodriguez-pintora-guatemalteca-tennessee-cuadrada-768x768.jpg 768w, https:\/\/soymigrante.com\/revista\/wp-content\/uploads\/2025\/05\/shirley-rodriguez-pintora-guatemalteca-tennessee-cuadrada-75x75.webp 75w, https:\/\/soymigrante.com\/revista\/wp-content\/uploads\/2025\/05\/shirley-rodriguez-pintora-guatemalteca-tennessee-cuadrada-750x750.webp 750w, https:\/\/soymigrante.com\/revista\/wp-content\/uploads\/2025\/05\/shirley-rodriguez-pintora-guatemalteca-tennessee-cuadrada.webp 1094w\" sizes=\"(max-width: 1024px) 100vw, 1024px\" \/>\n            <\/div>\n        <\/div><div class=\"eael-entry-wrapper\"><header class=\"eael-entry-header\"><h2 class=\"eael-entry-title\"><a class=\"eael-grid-post-link\" href=\"https:\/\/soymigrante.com\/revista\/artista-guatemalteca-sharley-rodriguez-vive-para-crear-y-crea-para-inspirar-en-nashville-tennessee\/\" title=\"Artista guatemalteca Sharley Rodr\u00edguez vive para crear y crea para inspirar en Nashville, Tennessee\">Artista guatemalteca Sharley Rodr\u00edguez vive para crear y crea para inspirar en Nashville, Tennessee<\/a><\/h2><\/header><div class=\"eael-entry-content\">\n                        <div class=\"eael-grid-post-excerpt\"><a href=\"https:\/\/soymigrante.com\/revista\/artista-guatemalteca-sharley-rodriguez-vive-para-crear-y-crea-para-inspirar-en-nashville-tennessee\/\" class=\"eael-post-elements-readmore-btn\">CONOCE SU HISTORIA <\/a><\/div>\n                    <\/div><\/div><\/div>\n        <\/div>\n    <\/article><article class=\"eael-grid-post  eael-post-grid-column eael-pg-post-39736 category-exitos-guatemala\" data-id=\"39736\">\n        <div class=\"eael-grid-post-holder\">\n            <div class=\"eael-grid-post-holder-inner\"><div class=\"eael-entry-media\"><div class=\"eael-entry-overlay fade-in\"><i class=\"far fa-hand-pointer\" aria-hidden=\"true\"><\/i><a href=\"https:\/\/soymigrante.com\/revista\/yo-naci-migrante-y-creci-migrante-artista-guatemalteca-magda-leon-en-rhode-island\/\"><\/a><\/div><div class=\"eael-entry-thumbnail eael-image-ratio\">\n                <img loading=\"lazy\" decoding=\"async\" width=\"1024\" height=\"1024\" src=\"https:\/\/soymigrante.com\/revista\/wp-content\/uploads\/2025\/07\/artista-migrante-guatemalteca-Magda-Leon-1-1024x1024.jpg\" class=\"attachment-large size-large wp-image-39737\" alt=\"Fotograf\u00eda de una mujer sonriente en una exposici\u00f3n al aire libre con retratos en blanco y negro en una valla de malla, destacando arte, cultura y creatividad en el contexto de SoyMigrante.com REVISTA.\" srcset=\"https:\/\/soymigrante.com\/revista\/wp-content\/uploads\/2025\/07\/artista-migrante-guatemalteca-Magda-Leon-1-1024x1024.jpg 1024w, https:\/\/soymigrante.com\/revista\/wp-content\/uploads\/2025\/07\/artista-migrante-guatemalteca-Magda-Leon-1-300x300.jpg 300w, https:\/\/soymigrante.com\/revista\/wp-content\/uploads\/2025\/07\/artista-migrante-guatemalteca-Magda-Leon-1-150x150.jpg 150w, https:\/\/soymigrante.com\/revista\/wp-content\/uploads\/2025\/07\/artista-migrante-guatemalteca-Magda-Leon-1-768x768.jpg 768w, https:\/\/soymigrante.com\/revista\/wp-content\/uploads\/2025\/07\/artista-migrante-guatemalteca-Magda-Leon-1-75x75.jpg 75w, https:\/\/soymigrante.com\/revista\/wp-content\/uploads\/2025\/07\/artista-migrante-guatemalteca-Magda-Leon-1-750x750.jpg 750w, https:\/\/soymigrante.com\/revista\/wp-content\/uploads\/2025\/07\/artista-migrante-guatemalteca-Magda-Leon-1.jpg 1051w\" sizes=\"(max-width: 1024px) 100vw, 1024px\" \/>\n            <\/div>\n        <\/div><div class=\"eael-entry-wrapper\"><header class=\"eael-entry-header\"><h2 class=\"eael-entry-title\"><a class=\"eael-grid-post-link\" href=\"https:\/\/soymigrante.com\/revista\/yo-naci-migrante-y-creci-migrante-artista-guatemalteca-magda-leon-en-rhode-island\/\" title=\"&#8220;Yo nac\u00ed migrante y crec\u00ed migrante&#8221;: artista guatemalteca Magda Le\u00f3n, en Rhode Island\">&#8220;Yo nac\u00ed migrante y crec\u00ed migrante&#8221;: artista guatemalteca Magda Le\u00f3n, en Rhode Island<\/a><\/h2><\/header><div class=\"eael-entry-content\">\n                        <div class=\"eael-grid-post-excerpt\"><a href=\"https:\/\/soymigrante.com\/revista\/yo-naci-migrante-y-creci-migrante-artista-guatemalteca-magda-leon-en-rhode-island\/\" class=\"eael-post-elements-readmore-btn\">CONOCE SU HISTORIA <\/a><\/div>\n                    <\/div><\/div><\/div>\n        <\/div>\n    <\/article><\/div>\n            <div class=\"clearfix\"><\/div>\n        <\/div>\t\t\t\t<\/div>\n\t\t\t\t\t<\/div>\n\t\t\t\t<\/div>\n\t\t\t\t<\/div>\n\t\t","protected":false},"excerpt":{"rendered":"<p>Dreamer (So\u00f1ador) es el t\u00edtulo del primer \u00e1lbum de Ben Carrillo, cantautor migrante guatemalteco incluido en el n\u00famero 29 de los mejores \u00e1lbums del 2025 de Rolling Stone. Por eso te damos 29 datos y frases suyas. En 2025, la revista\u00a0Rolling Stone\u00a0incluye el \u00e1lbum Dreamer, el primer disco del guatemalteco Ben Carrillo en el Top [&hellip;]<\/p>\n","protected":false},"author":7,"featured_media":49573,"comment_status":"open","ping_status":"open","sticky":false,"template":"","format":"standard","meta":{"_acf_changed":false,"_eb_attr":"","footnotes":""},"categories":[50,274],"tags":[],"class_list":["post-49572","post","type-post","status-publish","format-standard","has-post-thumbnail","hentry","category-exitos","category-guatemala"],"acf":[],"aioseo_notices":[],"aioseo_head":"\n\t\t<!-- All in One SEO Pro 4.9.6.2 - aioseo.com -->\n\t<meta name=\"description\" content=\"Magda Le\u00f3n crea arte y comparte creatividad: Imparte talleres de barriletes el Centro Guatemalteco de New England. Esta es su historia migrante guatemalteca\" \/>\n\t<meta name=\"robots\" content=\"max-snippet:-1, max-image-preview:large, max-video-preview:-1\" \/>\n\t<meta name=\"author\" content=\"Gustavo Montenegro\"\/>\n\t<link rel=\"canonical\" href=\"https:\/\/soymigrante.com\/revista\/yo-naci-migrante-y-creci-migrante-artista-guatemalteca-magda-leon-en-rhode-island\/\" \/>\n\t<meta name=\"generator\" content=\"All in One SEO Pro (AIOSEO) 4.9.6.2\" \/>\n\n\t\t<link rel=\"preconnect\" href=\"https:\/\/fonts.googleapis.com\" crossorigin>\n<link rel=\"preconnect\" href=\"https:\/\/fonts.gstatic.com\" crossorigin>\n\t\t<meta property=\"og:locale\" content=\"es_ES\" \/>\n\t\t<meta property=\"og:site_name\" content=\"SoyMigrante.com REVISTA \u2013 Nuestra misi\u00f3n es reconocer y dignificar al migrante.\" \/>\n\t\t<meta property=\"og:type\" content=\"article\" \/>\n\t\t<meta property=\"og:title\" content=\"Artista guatemalteca Magda Le\u00f3n florece en Rhode Island\" \/>\n\t\t<meta property=\"og:description\" content=\"Magda Le\u00f3n crea arte y comparte creatividad: Imparte talleres de barriletes el Centro Guatemalteco de New England. Esta es su historia migrante guatemalteca\" \/>\n\t\t<meta property=\"og:url\" content=\"https:\/\/soymigrante.com\/revista\/yo-naci-migrante-y-creci-migrante-artista-guatemalteca-magda-leon-en-rhode-island\/\" \/>\n\t\t<meta property=\"og:image\" content=\"https:\/\/soymigrante.com\/revista\/wp-content\/uploads\/2025\/07\/artista-migrante-guatemalteca-Magda-Leon-1.jpg\" \/>\n\t\t<meta property=\"og:image:secure_url\" content=\"https:\/\/soymigrante.com\/revista\/wp-content\/uploads\/2025\/07\/artista-migrante-guatemalteca-Magda-Leon-1.jpg\" \/>\n\t\t<meta property=\"og:image:width\" content=\"1051\" \/>\n\t\t<meta property=\"og:image:height\" content=\"1051\" \/>\n\t\t<meta property=\"article:published_time\" content=\"2025-07-18T21:31:53+00:00\" \/>\n\t\t<meta property=\"article:modified_time\" content=\"2025-10-03T20:44:11+00:00\" \/>\n\t\t<meta property=\"article:publisher\" content=\"https:\/\/www.facebook.com\/soymigrantecom\" \/>\n\t\t<meta name=\"twitter:card\" content=\"summary_large_image\" \/>\n\t\t<meta name=\"twitter:site\" content=\"@SoyMigrante_com\" \/>\n\t\t<meta name=\"twitter:title\" content=\"Artista guatemalteca Magda Le\u00f3n florece en Rhode Island\" \/>\n\t\t<meta name=\"twitter:description\" content=\"Magda Le\u00f3n crea arte y comparte creatividad: Imparte talleres de barriletes el Centro Guatemalteco de New England. Esta es su historia migrante guatemalteca\" \/>\n\t\t<meta name=\"twitter:creator\" content=\"@SoyMigrante_com\" \/>\n\t\t<meta name=\"twitter:image\" content=\"https:\/\/soymigrante.com\/revista\/wp-content\/uploads\/2025\/07\/artista-migrante-guatemalteca-Magda-Leon-1.jpg\" \/>\n\t\t<!-- All in One SEO Pro -->\r\n\t\t<title>Artista guatemalteca Magda Le\u00f3n florece en Rhode Island<\/title>\n\n","aioseo_head_json":{"title":"Artista guatemalteca Magda Le\u00f3n florece en Rhode Island","description":"Magda Le\u00f3n crea arte y comparte creatividad: Imparte talleres de barriletes el Centro Guatemalteco de New England. Esta es su historia migrante guatemalteca","canonical_url":"https:\/\/soymigrante.com\/revista\/yo-naci-migrante-y-creci-migrante-artista-guatemalteca-magda-leon-en-rhode-island\/","robots":"max-snippet:-1, max-image-preview:large, max-video-preview:-1","keywords":"","webmasterTools":{"miscellaneous":"&lt;link rel=\"preconnect\" href=\"https:\/\/fonts.googleapis.com\" crossorigin&gt;\n&lt;link rel=\"preconnect\" href=\"https:\/\/fonts.gstatic.com\" crossorigin&gt;"},"schema":null,"og:locale":"es_ES","og:site_name":"SoyMigrante.com REVISTA \u2013 Nuestra misi\u00f3n es reconocer y dignificar al migrante.","og:type":"article","og:title":"Artista guatemalteca Magda Le\u00f3n florece en Rhode Island","og:description":"Magda Le\u00f3n crea arte y comparte creatividad: Imparte talleres de barriletes el Centro Guatemalteco de New England. Esta es su historia migrante guatemalteca","og:url":"https:\/\/soymigrante.com\/revista\/yo-naci-migrante-y-creci-migrante-artista-guatemalteca-magda-leon-en-rhode-island\/","og:image":"https:\/\/soymigrante.com\/revista\/wp-content\/uploads\/2025\/07\/artista-migrante-guatemalteca-Magda-Leon-1.jpg","og:image:secure_url":"https:\/\/soymigrante.com\/revista\/wp-content\/uploads\/2025\/07\/artista-migrante-guatemalteca-Magda-Leon-1.jpg","og:image:width":1051,"og:image:height":1051,"article:published_time":"2025-07-18T21:31:53+00:00","article:modified_time":"2025-10-03T20:44:11+00:00","article:publisher":"https:\/\/www.facebook.com\/soymigrantecom","twitter:card":"summary_large_image","twitter:site":"@SoyMigrante_com","twitter:title":"Artista guatemalteca Magda Le\u00f3n florece en Rhode Island","twitter:description":"Magda Le\u00f3n crea arte y comparte creatividad: Imparte talleres de barriletes el Centro Guatemalteco de New England. Esta es su historia migrante guatemalteca","twitter:creator":"@SoyMigrante_com","twitter:image":"https:\/\/soymigrante.com\/revista\/wp-content\/uploads\/2025\/07\/artista-migrante-guatemalteca-Magda-Leon-1.jpg"},"aioseo_meta_data":{"post_id":"49572","title":"Album de guatemalteco Ben Carrillo en Top 50 de Rolling Stone","description":"Ben Carrillo migr\u00f3 de Guatemala a USA a los 15 a\u00f1os; fue indocumentado 7, trabaj\u00f3 en cocinas. su \u00e1lbum Dreamer es #29 en Top 50 de Rolling Stone. Por eso 29 datos","keywords":null,"keyphrases":{"focus":{"keyphrase":"Ben Carrillo","score":100,"analysis":{"keyphraseInTitle":{"score":9,"maxScore":9,"error":0},"keyphraseInDescription":{"score":9,"maxScore":9,"error":0},"keyphraseLength":{"score":9,"maxScore":9,"error":0,"length":2},"keyphraseInURL":{"score":5,"maxScore":5,"error":0}}},"additional":[{"keyphrase":"Guatemala","score":100,"analysis":{"keyphraseInDescription":{"score":9,"maxScore":9,"error":0},"keyphraseLength":{"score":9,"maxScore":9,"error":0,"length":1}}},{"keyphrase":"Guatemalteco","score":67,"analysis":{"keyphraseInDescription":{"score":3,"maxScore":9,"error":1},"keyphraseLength":{"score":9,"maxScore":9,"error":0,"length":1}}}]},"primary_term":null,"canonical_url":null,"og_title":null,"og_description":null,"og_object_type":"default","og_image_type":"default","og_image_url":null,"og_image_width":null,"og_image_height":null,"og_image_custom_url":null,"og_image_custom_fields":null,"og_video":"","og_custom_url":null,"og_article_section":null,"og_article_tags":null,"twitter_use_og":false,"twitter_card":"default","twitter_image_type":"default","twitter_image_url":null,"twitter_image_custom_url":null,"twitter_image_custom_fields":null,"twitter_title":null,"twitter_description":null,"schema":{"blockGraphs":[],"customGraphs":[],"default":{"data":{"Article":[],"Course":[],"Dataset":[],"FAQPage":[],"Movie":[],"Person":[],"Product":[],"ProductReview":[],"Car":[],"Recipe":[],"Service":[],"SoftwareApplication":[],"WebPage":[]},"graphName":"NewsArticle","isEnabled":true},"graphs":[]},"schema_type":"default","schema_type_options":null,"pillar_content":false,"robots_default":true,"robots_noindex":false,"robots_noarchive":false,"robots_nosnippet":false,"robots_nofollow":false,"robots_noimageindex":false,"robots_noodp":false,"robots_notranslate":false,"robots_max_snippet":"-1","robots_max_videopreview":"-1","robots_max_imagepreview":"large","priority":null,"frequency":"default","local_seo":null,"seo_analyzer_scan_date":"2025-12-09 19:40:31","breadcrumb_settings":null,"limit_modified_date":false,"reviewed_by":"0","open_ai":null,"ai":{"faqs":[],"keyPoints":[],"titles":[],"descriptions":[],"socialPosts":{"email":[],"linkedin":[],"twitter":[],"facebook":[],"instagram":[]}},"created":"2025-12-09 16:24:44","updated":"2026-02-05 07:45:33"},"aioseo_breadcrumb":"<div class=\"aioseo-breadcrumbs\"><span class=\"aioseo-breadcrumb\">\n\t<a href=\"https:\/\/soymigrante.com\/revista\" title=\"Home\">Home<\/a>\n<\/span><span class=\"aioseo-breadcrumb-separator\">\u00bb<\/span><span class=\"aioseo-breadcrumb\">\n\t<a href=\"https:\/\/soymigrante.com\/revista\/category\/exitos\/\" title=\"\u00c9xitos\">\u00c9xitos<\/a>\n<\/span><span class=\"aioseo-breadcrumb-separator\">\u00bb<\/span><span class=\"aioseo-breadcrumb\">\n\t<a href=\"https:\/\/soymigrante.com\/revista\/category\/exitos\/guatemala\/\" title=\"Guatemala\">Guatemala<\/a>\n<\/span><span class=\"aioseo-breadcrumb-separator\">\u00bb<\/span><span class=\"aioseo-breadcrumb\">\n\t29 datos de Ben Carrillo, cantautor guatemalteco destacado en Top 50 \u00e1lbums del 2025 de revista Rolling Stone\n<\/span><\/div>","aioseo_breadcrumb_json":[{"label":"Home","link":"https:\/\/soymigrante.com\/revista"},{"label":"\u00c9xitos","link":"https:\/\/soymigrante.com\/revista\/category\/exitos\/"},{"label":"Guatemala","link":"https:\/\/soymigrante.com\/revista\/category\/exitos\/guatemala\/"},{"label":"29 datos de Ben Carrillo, cantautor guatemalteco destacado en Top 50 \u00e1lbums del 2025 de revista Rolling Stone","link":"https:\/\/soymigrante.com\/revista\/29-datos-de-ben-carrillo-cantautor-guatemalteco-destacado-en-top-50-albums-del-2025-de-revista-rolling-stone\/"}],"_links":{"self":[{"href":"https:\/\/soymigrante.com\/revista\/wp-json\/wp\/v2\/posts\/49572","targetHints":{"allow":["GET"]}}],"collection":[{"href":"https:\/\/soymigrante.com\/revista\/wp-json\/wp\/v2\/posts"}],"about":[{"href":"https:\/\/soymigrante.com\/revista\/wp-json\/wp\/v2\/types\/post"}],"author":[{"embeddable":true,"href":"https:\/\/soymigrante.com\/revista\/wp-json\/wp\/v2\/users\/7"}],"replies":[{"embeddable":true,"href":"https:\/\/soymigrante.com\/revista\/wp-json\/wp\/v2\/comments?post=49572"}],"version-history":[{"count":19,"href":"https:\/\/soymigrante.com\/revista\/wp-json\/wp\/v2\/posts\/49572\/revisions"}],"predecessor-version":[{"id":49602,"href":"https:\/\/soymigrante.com\/revista\/wp-json\/wp\/v2\/posts\/49572\/revisions\/49602"}],"wp:featuredmedia":[{"embeddable":true,"href":"https:\/\/soymigrante.com\/revista\/wp-json\/wp\/v2\/media\/49573"}],"wp:attachment":[{"href":"https:\/\/soymigrante.com\/revista\/wp-json\/wp\/v2\/media?parent=49572"}],"wp:term":[{"taxonomy":"category","embeddable":true,"href":"https:\/\/soymigrante.com\/revista\/wp-json\/wp\/v2\/categories?post=49572"},{"taxonomy":"post_tag","embeddable":true,"href":"https:\/\/soymigrante.com\/revista\/wp-json\/wp\/v2\/tags?post=49572"}],"curies":[{"name":"wp","href":"https:\/\/api.w.org\/{rel}","templated":true}]}}