{"id":4954,"date":"2024-02-19T15:11:42","date_gmt":"2024-02-19T21:11:42","guid":{"rendered":"https:\/\/soymigrante.com\/revista\/?p=4954"},"modified":"2024-11-01T11:00:05","modified_gmt":"2024-11-01T17:00:05","slug":"remesas-migrantes-suben-exportaciones-guatemala-bajan-desarrollo","status":"publish","type":"post","link":"https:\/\/soymigrante.com\/revista\/remesas-migrantes-suben-exportaciones-guatemala-bajan-desarrollo\/","title":{"rendered":"EDITORIAL: Paradoja guatemalteca: en 2023 suben las remesas pero bajan las exportaciones"},"content":{"rendered":"\t\t<div data-elementor-type=\"wp-post\" data-elementor-id=\"4954\" class=\"elementor elementor-4954\" data-elementor-post-type=\"post\">\n\t\t\t\t\t\t<section data-particle_enable=\"false\" data-particle-mobile-disabled=\"false\" class=\"elementor-section elementor-top-section elementor-element elementor-element-ca3cdb5 elementor-section-boxed elementor-section-height-default elementor-section-height-default\" data-id=\"ca3cdb5\" data-element_type=\"section\" data-e-type=\"section\">\n\t\t\t\t\t\t<div class=\"elementor-container elementor-column-gap-default\">\n\t\t\t\t\t<div class=\"elementor-column elementor-col-100 elementor-top-column elementor-element elementor-element-381f147\" data-id=\"381f147\" data-element_type=\"column\" data-e-type=\"column\">\n\t\t\t<div class=\"elementor-widget-wrap elementor-element-populated\">\n\t\t\t\t\t\t<div class=\"elementor-element elementor-element-9d70907 elementor-widget elementor-widget-heading\" data-id=\"9d70907\" data-element_type=\"widget\" data-e-type=\"widget\" data-widget_type=\"heading.default\">\n\t\t\t\t\t<h1 class=\"elementor-heading-title elementor-size-default\">S\u00ed, el a\u00f1o pasado las remesas de migrantes guatemaltecos crecieron un 9%, pero las exportaciones bajaron un porcentaje similar. Es necesario generar un desarrollo sostenible y viable en el pa\u00eds para frenar el \u00e9xodo pero a la vez  se debe atender a los connacionales que aportan al pa\u00eds.<\/h1>\t\t\t\t<\/div>\n\t\t\t\t\t<\/div>\n\t\t<\/div>\n\t\t\t\t\t<\/div>\n\t\t<\/section>\n\t\t\t\t<section data-particle_enable=\"false\" data-particle-mobile-disabled=\"false\" class=\"elementor-section elementor-top-section elementor-element elementor-element-69ff98c elementor-section-boxed elementor-section-height-default elementor-section-height-default\" data-id=\"69ff98c\" data-element_type=\"section\" data-e-type=\"section\">\n\t\t\t\t\t\t<div class=\"elementor-container elementor-column-gap-default\">\n\t\t\t\t\t<div class=\"elementor-column elementor-col-100 elementor-top-column elementor-element elementor-element-590a17f\" data-id=\"590a17f\" data-element_type=\"column\" data-e-type=\"column\">\n\t\t\t<div class=\"elementor-widget-wrap elementor-element-populated\">\n\t\t\t\t\t\t<div class=\"elementor-element elementor-element-add461c elementor-widget elementor-widget-image\" data-id=\"add461c\" data-element_type=\"widget\" data-e-type=\"widget\" data-widget_type=\"image.default\">\n\t\t\t\t\t\t\t\t\t\t\t\t<figure class=\"wp-caption\">\n\t\t\t\t\t\t\t\t\t\t<img fetchpriority=\"high\" decoding=\"async\" width=\"1024\" height=\"826\" src=\"https:\/\/soymigrante.com\/revista\/wp-content\/uploads\/2024\/02\/grabado-bustos-pies-1024x826.webp\" class=\"attachment-large size-large wp-image-4960\" alt=\"Vistos a la luz del fen\u00f3meno de la migraci\u00b4n, los grabados del maestro Arturo Garc\u00eda Bustos, de finales de la d\u00e9cada 1950 cobran una nueva dimensi\u00f3n, debido a los dramas sociales y precariedades que detonan el \u00e9xodo de guatemaltecos a Estados Unidos.\" srcset=\"https:\/\/soymigrante.com\/revista\/wp-content\/uploads\/2024\/02\/grabado-bustos-pies-1024x826.webp 1024w, https:\/\/soymigrante.com\/revista\/wp-content\/uploads\/2024\/02\/grabado-bustos-pies-300x242.webp 300w, https:\/\/soymigrante.com\/revista\/wp-content\/uploads\/2024\/02\/grabado-bustos-pies-768x619.webp 768w, https:\/\/soymigrante.com\/revista\/wp-content\/uploads\/2024\/02\/grabado-bustos-pies-1536x1238.webp 1536w, https:\/\/soymigrante.com\/revista\/wp-content\/uploads\/2024\/02\/grabado-bustos-pies-750x605.webp 750w, https:\/\/soymigrante.com\/revista\/wp-content\/uploads\/2024\/02\/grabado-bustos-pies-1140x919.webp 1140w, https:\/\/soymigrante.com\/revista\/wp-content\/uploads\/2024\/02\/grabado-bustos-pies.webp 1920w\" sizes=\"(max-width: 1024px) 100vw, 1024px\" \/>\t\t\t\t\t\t\t\t\t\t\t<figcaption class=\"widget-image-caption wp-caption-text\">Vistos a la luz del fen\u00f3meno de la migraci\u00b4n, los grabados del maestro Arturo Garc\u00eda Bustos, de finales de la d\u00e9cada 1950 cobran una nueva dimensi\u00f3n, debido a los dramas sociales y precariedades que detonan el \u00e9xodo de guatemaltecos a Estados Unidos.<\/figcaption>\n\t\t\t\t\t\t\t\t\t\t<\/figure>\n\t\t\t\t\t\t\t\t\t<\/div>\n\t\t\t\t\t<\/div>\n\t\t<\/div>\n\t\t\t\t\t<\/div>\n\t\t<\/section>\n\t\t\t\t<section data-particle_enable=\"false\" data-particle-mobile-disabled=\"false\" class=\"elementor-section elementor-top-section elementor-element elementor-element-ebf17ff elementor-section-boxed elementor-section-height-default elementor-section-height-default\" data-id=\"ebf17ff\" data-element_type=\"section\" data-e-type=\"section\">\n\t\t\t\t\t\t<div class=\"elementor-container elementor-column-gap-default\">\n\t\t\t\t\t<div class=\"elementor-column elementor-col-100 elementor-top-column elementor-element elementor-element-dc92678\" data-id=\"dc92678\" data-element_type=\"column\" data-e-type=\"column\">\n\t\t\t<div class=\"elementor-widget-wrap elementor-element-populated\">\n\t\t\t\t\t\t<div class=\"elementor-element elementor-element-b58b93c elementor-widget elementor-widget-text-editor\" data-id=\"b58b93c\" data-element_type=\"widget\" data-e-type=\"widget\" data-widget_type=\"text-editor.default\">\n\t\t\t\t\t\t\t\t\t<p>Los migrantes guatemaltecos ponen en alto a Guatemala con su trabajo, esfuerzo, capacidades, habilidades y creatividad floreciendo en Estados Unidos: es un potencial humano que se march\u00f3 en busca de las oportunidades que no lograron hallar en su pa\u00eds. Merecen, por ende, una atenci\u00f3n consular eficiente, moderna, acorde al aporte que hacen al pa\u00eds.\u00a0<\/p><p><span style=\"color: var( --e-global-color-text );\">El env\u00edo de remesas migrantes creci\u00f3 casi 10% durante 2023. Lamentablemente, las exportaciones guatemaltecas bajaron un porcentaje similar en el mismo a\u00f1o. El caso es que el ingreso de d\u00f3lares migrantes no es un plan sostenible a largo plazo, por diversidad de factores. En todo caso, es un ingreso que a la larga no es sostenible puesto que Guatemala deja ir as\u00ed parte de su fuerza productiva.\u00a0<\/span><\/p><p>Por ejemplo, el sector de transporte pesado ha reconocido que cada vez se dificulta m\u00e1s contratar pilotos porque muchos se han ido al Norte. Pero el cuadro se repite en el sector de la construcci\u00f3n, la producci\u00f3n agr\u00edcola, en industrias manufactureras, metal\u00fargicas y artesanales: cada vez hay menos j\u00f3venes trabajadores porque muchos optan por migrar y otros no laboran debido a que reciben remesas de sus padres o familiares.<\/p>\t\t\t\t\t\t\t\t<\/div>\n\t\t\t\t\t<\/div>\n\t\t<\/div>\n\t\t\t\t\t<\/div>\n\t\t<\/section>\n\t\t\t\t<section data-particle_enable=\"false\" data-particle-mobile-disabled=\"false\" class=\"elementor-section elementor-top-section elementor-element elementor-element-2002002 elementor-section-boxed elementor-section-height-default elementor-section-height-default\" data-id=\"2002002\" data-element_type=\"section\" data-e-type=\"section\">\n\t\t\t\t\t\t<div class=\"elementor-container elementor-column-gap-default\">\n\t\t\t\t\t<div class=\"elementor-column elementor-col-100 elementor-top-column elementor-element elementor-element-f49fbca\" data-id=\"f49fbca\" data-element_type=\"column\" data-e-type=\"column\">\n\t\t\t<div class=\"elementor-widget-wrap elementor-element-populated\">\n\t\t\t\t\t\t<div class=\"elementor-element elementor-element-6d0b975 elementor-widget elementor-widget-image\" data-id=\"6d0b975\" data-element_type=\"widget\" data-e-type=\"widget\" data-widget_type=\"image.default\">\n\t\t\t\t\t\t\t\t\t\t\t\t<figure class=\"wp-caption\">\n\t\t\t\t\t\t\t\t\t\t<img decoding=\"async\" width=\"694\" height=\"631\" src=\"https:\/\/soymigrante.com\/revista\/wp-content\/uploads\/2024\/02\/MURAL-CASA-DEL-MIGRANTE.webp\" class=\"attachment-large size-large wp-image-4961\" alt=\"\" srcset=\"https:\/\/soymigrante.com\/revista\/wp-content\/uploads\/2024\/02\/MURAL-CASA-DEL-MIGRANTE.webp 694w, https:\/\/soymigrante.com\/revista\/wp-content\/uploads\/2024\/02\/MURAL-CASA-DEL-MIGRANTE-300x273.webp 300w\" sizes=\"(max-width: 694px) 100vw, 694px\" \/>\t\t\t\t\t\t\t\t\t\t\t<figcaption class=\"widget-image-caption wp-caption-text\">Mural en la Casa del Migrante,  Tec\u00fan Um\u00e1n, San Marcos.<\/figcaption>\n\t\t\t\t\t\t\t\t\t\t<\/figure>\n\t\t\t\t\t\t\t\t\t<\/div>\n\t\t\t\t\t<\/div>\n\t\t<\/div>\n\t\t\t\t\t<\/div>\n\t\t<\/section>\n\t\t\t\t<section data-particle_enable=\"false\" data-particle-mobile-disabled=\"false\" class=\"elementor-section elementor-top-section elementor-element elementor-element-bd8c46b elementor-section-boxed elementor-section-height-default elementor-section-height-default\" data-id=\"bd8c46b\" data-element_type=\"section\" data-e-type=\"section\">\n\t\t\t\t\t\t<div class=\"elementor-container elementor-column-gap-default\">\n\t\t\t\t\t<div class=\"elementor-column elementor-col-100 elementor-top-column elementor-element elementor-element-ab1554e\" data-id=\"ab1554e\" data-element_type=\"column\" data-e-type=\"column\">\n\t\t\t<div class=\"elementor-widget-wrap elementor-element-populated\">\n\t\t\t\t\t\t<div class=\"elementor-element elementor-element-864586f elementor-headline--style-highlight elementor-widget elementor-widget-animated-headline\" data-id=\"864586f\" data-element_type=\"widget\" data-e-type=\"widget\" data-settings=\"{&quot;highlighted_text&quot;:&quot;US$19,840 millones&quot;,&quot;headline_style&quot;:&quot;highlight&quot;,&quot;marker&quot;:&quot;circle&quot;,&quot;loop&quot;:&quot;yes&quot;,&quot;highlight_animation_duration&quot;:1200,&quot;highlight_iteration_delay&quot;:8000}\" data-widget_type=\"animated-headline.default\">\n\t\t\t\t\t\t\t<h3 class=\"elementor-headline\">\n\t\t\t\t\t<span class=\"elementor-headline-plain-text elementor-headline-text-wrapper\">En 2023 llegaron a Guatemala<\/span>\n\t\t\t\t<span class=\"elementor-headline-dynamic-wrapper elementor-headline-text-wrapper\">\n\t\t\t\t\t<span class=\"elementor-headline-dynamic-text elementor-headline-text-active\">US$19,840 millones<\/span>\n\t\t\t\t<\/span>\n\t\t\t\t\t<span class=\"elementor-headline-plain-text elementor-headline-text-wrapper\">en remesas migrantes: 9% m\u00e1s que en 2023<\/span>\n\t\t\t\t\t<\/h3>\n\t\t\t\t\t\t<\/div>\n\t\t\t\t\t<\/div>\n\t\t<\/div>\n\t\t\t\t\t<\/div>\n\t\t<\/section>\n\t\t\t\t<section data-particle_enable=\"false\" data-particle-mobile-disabled=\"false\" class=\"elementor-section elementor-top-section elementor-element elementor-element-d720403 elementor-section-boxed elementor-section-height-default elementor-section-height-default\" data-id=\"d720403\" data-element_type=\"section\" data-e-type=\"section\">\n\t\t\t\t\t\t<div class=\"elementor-container elementor-column-gap-default\">\n\t\t\t\t\t<div class=\"elementor-column elementor-col-100 elementor-top-column elementor-element elementor-element-0a9779b\" data-id=\"0a9779b\" data-element_type=\"column\" data-e-type=\"column\">\n\t\t\t<div class=\"elementor-widget-wrap elementor-element-populated\">\n\t\t\t\t\t\t<div class=\"elementor-element elementor-element-cc90bd7 elementor-widget elementor-widget-text-editor\" data-id=\"cc90bd7\" data-element_type=\"widget\" data-e-type=\"widget\" data-widget_type=\"text-editor.default\">\n\t\t\t\t\t\t\t\t\t<p>En Guatemala contin\u00faa el esfuerzo de millones de compatriotas que desde la tierra natal laboran, cultivan, producen, fabrican, prestan servicios a diario. Pero dadas las cifras de remesas contra exportaciones, se hace necesario trazar un replanteamiento de la estrategia nacional para el desarrollo.<\/p>\n<p>Los migrantes no se van por gusto ni por capricho sino por la crisis de oportunidades, sobre todo en provincia. Por aparte, la formaci\u00f3n escolar de primaria, secundaria y diversificado adolece de grandes brechas que limitan el desarrollo del potencial humano. Ante la crisis y el desempleo, muchos padres de familia optan por el \u00e9xodo a Estados Unidos como una esperanza de sobrevivencia. De nuevo, vale decir, se debe replantear la visi\u00f3n econ\u00f3mica y social con criterios de Estado, con un enfoque integral de Naci\u00f3n.<\/p>\n<p>Sucesivos gobiernos han presumido de crecimiento econ\u00f3mico. En 2023 fue de poco m\u00e1s de 3%. Pero no se debi\u00f3 directamente a su gesti\u00f3n, sino al aporte de los migrantes.&nbsp;<\/p>\t\t\t\t\t\t\t\t<\/div>\n\t\t\t\t\t<\/div>\n\t\t<\/div>\n\t\t\t\t\t<\/div>\n\t\t<\/section>\n\t\t\t\t<section data-particle_enable=\"false\" data-particle-mobile-disabled=\"false\" class=\"elementor-section elementor-top-section elementor-element elementor-element-814e45f elementor-section-boxed elementor-section-height-default elementor-section-height-default\" data-id=\"814e45f\" data-element_type=\"section\" data-e-type=\"section\">\n\t\t\t\t\t\t<div class=\"elementor-container elementor-column-gap-default\">\n\t\t\t\t\t<div class=\"elementor-column elementor-col-100 elementor-top-column elementor-element elementor-element-135187c\" data-id=\"135187c\" data-element_type=\"column\" data-e-type=\"column\">\n\t\t\t<div class=\"elementor-widget-wrap elementor-element-populated\">\n\t\t\t\t\t\t<div class=\"elementor-element elementor-element-03c97af elementor-headline--style-highlight elementor-widget elementor-widget-animated-headline\" data-id=\"03c97af\" data-element_type=\"widget\" data-e-type=\"widget\" data-settings=\"{&quot;marker&quot;:&quot;underline_zigzag&quot;,&quot;highlighted_text&quot;:&quot;US$14,194 millones&quot;,&quot;headline_style&quot;:&quot;highlight&quot;,&quot;loop&quot;:&quot;yes&quot;,&quot;highlight_animation_duration&quot;:1200,&quot;highlight_iteration_delay&quot;:8000}\" data-widget_type=\"animated-headline.default\">\n\t\t\t\t\t\t\t<h3 class=\"elementor-headline\">\n\t\t\t\t\t<span class=\"elementor-headline-plain-text elementor-headline-text-wrapper\">En 2023 las exportaciones totales de Guatemala fueron de<\/span>\n\t\t\t\t<span class=\"elementor-headline-dynamic-wrapper elementor-headline-text-wrapper\">\n\t\t\t\t\t<span class=\"elementor-headline-dynamic-text elementor-headline-text-active\">US$14,194 millones<\/span>\n\t\t\t\t<\/span>\n\t\t\t\t\t<span class=\"elementor-headline-plain-text elementor-headline-text-wrapper\">: una baja notable respecto de  los US$15,654 millones de 2022<\/span>\n\t\t\t\t\t<\/h3>\n\t\t\t\t\t\t<\/div>\n\t\t\t\t\t<\/div>\n\t\t<\/div>\n\t\t\t\t\t<\/div>\n\t\t<\/section>\n\t\t\t\t<section data-particle_enable=\"false\" data-particle-mobile-disabled=\"false\" class=\"elementor-section elementor-top-section elementor-element elementor-element-bb06993 elementor-section-boxed elementor-section-height-default elementor-section-height-default\" data-id=\"bb06993\" data-element_type=\"section\" data-e-type=\"section\">\n\t\t\t\t\t\t<div class=\"elementor-container elementor-column-gap-default\">\n\t\t\t\t\t<div class=\"elementor-column elementor-col-100 elementor-top-column elementor-element elementor-element-1c7ea26\" data-id=\"1c7ea26\" data-element_type=\"column\" data-e-type=\"column\">\n\t\t\t<div class=\"elementor-widget-wrap elementor-element-populated\">\n\t\t\t\t\t\t<div class=\"elementor-element elementor-element-7d83c30 elementor-widget elementor-widget-image\" data-id=\"7d83c30\" data-element_type=\"widget\" data-e-type=\"widget\" data-widget_type=\"image.default\">\n\t\t\t\t\t\t\t\t\t\t\t\t\t\t\t\t<a href=\"https:\/\/soymigrante.com\/revista\/remesas-de-migrantes\/\">\n\t\t\t\t\t\t\t<img decoding=\"async\" width=\"1024\" height=\"335\" src=\"https:\/\/soymigrante.com\/revista\/wp-content\/uploads\/2024\/02\/Captura-de-pantalla-2024-02-19-150627-1024x335.webp\" class=\"attachment-large size-large wp-image-4966\" alt=\"\" srcset=\"https:\/\/soymigrante.com\/revista\/wp-content\/uploads\/2024\/02\/Captura-de-pantalla-2024-02-19-150627-1024x335.webp 1024w, https:\/\/soymigrante.com\/revista\/wp-content\/uploads\/2024\/02\/Captura-de-pantalla-2024-02-19-150627-300x98.webp 300w, https:\/\/soymigrante.com\/revista\/wp-content\/uploads\/2024\/02\/Captura-de-pantalla-2024-02-19-150627-768x251.webp 768w, https:\/\/soymigrante.com\/revista\/wp-content\/uploads\/2024\/02\/Captura-de-pantalla-2024-02-19-150627-1536x502.webp 1536w, https:\/\/soymigrante.com\/revista\/wp-content\/uploads\/2024\/02\/Captura-de-pantalla-2024-02-19-150627-750x245.webp 750w, https:\/\/soymigrante.com\/revista\/wp-content\/uploads\/2024\/02\/Captura-de-pantalla-2024-02-19-150627-1140x373.webp 1140w, https:\/\/soymigrante.com\/revista\/wp-content\/uploads\/2024\/02\/Captura-de-pantalla-2024-02-19-150627.webp 1842w\" sizes=\"(max-width: 1024px) 100vw, 1024px\" \/>\t\t\t\t\t\t\t\t<\/a>\n\t\t\t\t\t\t\t\t\t\t\t\t\t\t\t<\/div>\n\t\t\t\t\t<\/div>\n\t\t<\/div>\n\t\t\t\t\t<\/div>\n\t\t<\/section>\n\t\t\t\t<section data-particle_enable=\"false\" data-particle-mobile-disabled=\"false\" class=\"elementor-section elementor-top-section elementor-element elementor-element-2d04921 elementor-section-boxed elementor-section-height-default elementor-section-height-default\" data-id=\"2d04921\" data-element_type=\"section\" data-e-type=\"section\">\n\t\t\t\t\t\t<div class=\"elementor-container elementor-column-gap-default\">\n\t\t\t\t\t<div class=\"elementor-column elementor-col-100 elementor-top-column elementor-element elementor-element-de06f1f\" data-id=\"de06f1f\" data-element_type=\"column\" data-e-type=\"column\">\n\t\t\t<div class=\"elementor-widget-wrap elementor-element-populated\">\n\t\t\t\t\t\t<div class=\"elementor-element elementor-element-9f998b6 elementor-widget elementor-widget-text-editor\" data-id=\"9f998b6\" data-element_type=\"widget\" data-e-type=\"widget\" data-widget_type=\"text-editor.default\">\n\t\t\t\t\t\t\t\t\t<p><span style=\"font-family: Roboto, sans-serif; font-size: 30px; font-style: normal; font-variant-ligatures: normal; font-variant-caps: normal; font-weight: 400; color: var( --e-global-color-text );\">Lo que s\u00ed est\u00e1 de lado del Gobierno, del Congreso y de las entidades de justicia, a cargo de brindar certeza jur\u00eddica, es apostar por rubros claves de desarrollo regional y comunitario, potencialmente exportables, as\u00ed como por la seguridad democr\u00e1tica.<\/span><\/p>\t\t\t\t\t\t\t\t<\/div>\n\t\t\t\t\t<\/div>\n\t\t<\/div>\n\t\t\t\t\t<\/div>\n\t\t<\/section>\n\t\t\t\t<section data-particle_enable=\"false\" data-particle-mobile-disabled=\"false\" class=\"elementor-section elementor-top-section elementor-element elementor-element-a5b34e0 elementor-section-boxed elementor-section-height-default elementor-section-height-default\" data-id=\"a5b34e0\" data-element_type=\"section\" data-e-type=\"section\">\n\t\t\t\t\t\t<div class=\"elementor-container elementor-column-gap-default\">\n\t\t\t\t\t<div class=\"elementor-column elementor-col-100 elementor-top-column elementor-element elementor-element-9ed768e\" data-id=\"9ed768e\" data-element_type=\"column\" data-e-type=\"column\">\n\t\t\t<div class=\"elementor-widget-wrap elementor-element-populated\">\n\t\t\t\t\t\t<div class=\"elementor-element elementor-element-519269d elementor-widget elementor-widget-text-editor\" data-id=\"519269d\" data-element_type=\"widget\" data-e-type=\"widget\" data-widget_type=\"text-editor.default\">\n\t\t\t\t\t\t\t\t\t<ul>\n<li><b>Potenciar el turismo y el ecoturismo comunitario<\/b>: Guatemala posee una inmensa riqueza cultural, hist\u00f3rica, arqueol\u00f3gica, ecol\u00f3gica y sobre todo humana. Existen muchos parajes y destinos aptos para crear destinos de talla mundial cuyas anfitrionas ser\u00edan las propias comunidades.<\/li>\n<li><b>Seguir impulsando&nbsp; la diversificaci\u00f3n de productos y exportaciones, <\/b>as\u00ed como cabildear de manera m\u00e1s efectiva cuotas de mercado para productos de alt\u00edsima calidad como el caf\u00e9, cardamomo, t\u00e9, especias, flores, legumbres y frutas.<\/li>\n<li><b>Atraer inversiones de tecnolog\u00eda,<\/b> dada la privilegiada posici\u00f3n geoestrat\u00e9gica de Guatemala:&nbsp; en el pa\u00eds hay talento profesional apto, pero sobre todo un gran potencial joven.<\/li>\n<li><b>Fomentar acuerdos de migraci\u00f3n laboral legal<\/b>. Ir a trabajar a Estados Unidos, generar ingresos para la familia y poder regresar al lugar natal donde se enra\u00edza la vida personal, a fin de mantener la cohesi\u00f3n social, la cultura y la vitalidad comunitaria.<\/li>\n<li><b>Posibilitar nuevos modelos de comercio<\/b> que permitan micro y peque\u00f1as exportaciones comunitarias de productos como artesan\u00eda, muebler\u00eda, textiles tradicionales, utensilios de hogar, arte popular a mercados de EE.UU y Europa.<\/li><li><b>Combatir la corrupci\u00f3n <\/b>estatal a todo nivel, que se ha convertido en el mayor lastre para el desarrollo democr\u00e1tico del pa\u00eds.<\/li><\/ul>\t\t\t\t\t\t\t\t<\/div>\n\t\t\t\t\t<\/div>\n\t\t<\/div>\n\t\t\t\t\t<\/div>\n\t\t<\/section>\n\t\t\t\t<section data-particle_enable=\"false\" data-particle-mobile-disabled=\"false\" class=\"elementor-section elementor-top-section elementor-element elementor-element-59cdc80 elementor-section-boxed elementor-section-height-default elementor-section-height-default\" data-id=\"59cdc80\" data-element_type=\"section\" data-e-type=\"section\">\n\t\t\t\t\t\t<div class=\"elementor-container elementor-column-gap-default\">\n\t\t\t\t\t<div class=\"elementor-column elementor-col-100 elementor-top-column elementor-element elementor-element-38ff0b9\" data-id=\"38ff0b9\" data-element_type=\"column\" data-e-type=\"column\">\n\t\t\t<div class=\"elementor-widget-wrap elementor-element-populated\">\n\t\t\t\t\t\t<div class=\"elementor-element elementor-element-8e7b30b elementor-widget elementor-widget-image\" data-id=\"8e7b30b\" data-element_type=\"widget\" data-e-type=\"widget\" data-widget_type=\"image.default\">\n\t\t\t\t\t\t\t\t\t\t\t\t<figure class=\"wp-caption\">\n\t\t\t\t\t\t\t\t\t\t<img loading=\"lazy\" decoding=\"async\" width=\"1024\" height=\"768\" src=\"https:\/\/soymigrante.com\/revista\/wp-content\/uploads\/2024\/02\/consulado-houston-1024x768.webp\" class=\"attachment-large size-large wp-image-4967\" alt=\"Migrantes guatemaltecos efect\u00faan tr\u00e1mites en el Consulado de Houston. Fotograf\u00eda de la red X del Minex.\" srcset=\"https:\/\/soymigrante.com\/revista\/wp-content\/uploads\/2024\/02\/consulado-houston-1024x768.webp 1024w, https:\/\/soymigrante.com\/revista\/wp-content\/uploads\/2024\/02\/consulado-houston-300x225.webp 300w, https:\/\/soymigrante.com\/revista\/wp-content\/uploads\/2024\/02\/consulado-houston-768x576.webp 768w, https:\/\/soymigrante.com\/revista\/wp-content\/uploads\/2024\/02\/consulado-houston-1536x1152.webp 1536w, https:\/\/soymigrante.com\/revista\/wp-content\/uploads\/2024\/02\/consulado-houston-750x563.webp 750w, https:\/\/soymigrante.com\/revista\/wp-content\/uploads\/2024\/02\/consulado-houston-1140x855.webp 1140w, https:\/\/soymigrante.com\/revista\/wp-content\/uploads\/2024\/02\/consulado-houston.webp 1600w\" sizes=\"(max-width: 1024px) 100vw, 1024px\" \/>\t\t\t\t\t\t\t\t\t\t\t<figcaption class=\"widget-image-caption wp-caption-text\">Migrantes guatemaltecos efect\u00faan tr\u00e1mites en el Consulado de Houston. Fotograf\u00eda de la red X del Minex.<\/figcaption>\n\t\t\t\t\t\t\t\t\t\t<\/figure>\n\t\t\t\t\t\t\t\t\t<\/div>\n\t\t\t\t\t<\/div>\n\t\t<\/div>\n\t\t\t\t\t<\/div>\n\t\t<\/section>\n\t\t\t\t<section data-particle_enable=\"false\" data-particle-mobile-disabled=\"false\" class=\"elementor-section elementor-top-section elementor-element elementor-element-382d7ee elementor-section-boxed elementor-section-height-default elementor-section-height-default\" data-id=\"382d7ee\" data-element_type=\"section\" data-e-type=\"section\">\n\t\t\t\t\t\t<div class=\"elementor-container elementor-column-gap-default\">\n\t\t\t\t\t<div class=\"elementor-column elementor-col-100 elementor-top-column elementor-element elementor-element-6c66649\" data-id=\"6c66649\" data-element_type=\"column\" data-e-type=\"column\">\n\t\t\t<div class=\"elementor-widget-wrap elementor-element-populated\">\n\t\t\t\t\t\t<div class=\"elementor-element elementor-element-bc2ed2f elementor-widget elementor-widget-heading\" data-id=\"bc2ed2f\" data-element_type=\"widget\" data-e-type=\"widget\" data-widget_type=\"heading.default\">\n\t\t\t\t\t<h2 class=\"elementor-heading-title elementor-size-default\">SE DEBE DIGNIFICAR AL MIGRANTE<\/h2>\t\t\t\t<\/div>\n\t\t\t\t\t<\/div>\n\t\t<\/div>\n\t\t\t\t\t<\/div>\n\t\t<\/section>\n\t\t\t\t<section data-particle_enable=\"false\" data-particle-mobile-disabled=\"false\" class=\"elementor-section elementor-top-section elementor-element elementor-element-a7a27ce elementor-section-boxed elementor-section-height-default elementor-section-height-default\" data-id=\"a7a27ce\" data-element_type=\"section\" data-e-type=\"section\">\n\t\t\t\t\t\t<div class=\"elementor-container elementor-column-gap-default\">\n\t\t\t\t\t<div class=\"elementor-column elementor-col-100 elementor-top-column elementor-element elementor-element-6beb4e1\" data-id=\"6beb4e1\" data-element_type=\"column\" data-e-type=\"column\">\n\t\t\t<div class=\"elementor-widget-wrap elementor-element-populated\">\n\t\t\t\t\t\t<div class=\"elementor-element elementor-element-230e723 elementor-widget elementor-widget-text-editor\" data-id=\"230e723\" data-element_type=\"widget\" data-e-type=\"widget\" data-widget_type=\"text-editor.default\">\n\t\t\t\t\t\t\t\t\t<p>El aporte migrante es vital para Guatemala: tan estrat\u00e9gico como trazar nuevas formas de construir un porvenir nacional. Esto a su vez necesita de un abordaje renovado de la infraestructura vial, la interconectividad digital, la provisi\u00f3n de electricidad y la seguridad ciudadana, a fin de crear un ciclo virtuoso que haga de las remesas un engranaje de desarrollo y no de p\u00e9rdida de fuerza productiva.<\/p><p>Finalmente, pero no menos importante y como se dijo al inicio: los migrantes guatemaltecos necesitan de una atenci\u00f3n consular y apoyo migratorio acorde al aporte que hacen a la econom\u00eda del pa\u00eds. Ya existe la tecnolog\u00eda, existe informaci\u00f3n de las necesidades, existen expertos calificados para mejorar el servicio. Solo hace falta la voluntad de implementar un plan visionario y digno.<\/p>\t\t\t\t\t\t\t\t<\/div>\n\t\t\t\t\t<\/div>\n\t\t<\/div>\n\t\t\t\t\t<\/div>\n\t\t<\/section>\n\t\t\t\t<section data-particle_enable=\"false\" data-particle-mobile-disabled=\"false\" class=\"elementor-section elementor-top-section elementor-element elementor-element-33b07ee elementor-section-boxed elementor-section-height-default elementor-section-height-default\" data-id=\"33b07ee\" data-element_type=\"section\" data-e-type=\"section\">\n\t\t\t\t\t\t<div class=\"elementor-container elementor-column-gap-default\">\n\t\t\t\t\t<div class=\"elementor-column elementor-col-100 elementor-top-column elementor-element elementor-element-8a64fce\" data-id=\"8a64fce\" data-element_type=\"column\" data-e-type=\"column\">\n\t\t\t<div class=\"elementor-widget-wrap elementor-element-populated\">\n\t\t\t\t\t\t<div class=\"elementor-element elementor-element-65d465a elementor-widget elementor-widget-video\" data-id=\"65d465a\" data-element_type=\"widget\" data-e-type=\"widget\" data-settings=\"{&quot;youtube_url&quot;:&quot;https:\\\/\\\/www.youtube.com\\\/watch?v=xjtbHmYNsxM&amp;t=185s&quot;,&quot;start&quot;:84,&quot;end&quot;:130,&quot;autoplay&quot;:&quot;yes&quot;,&quot;video_type&quot;:&quot;youtube&quot;,&quot;controls&quot;:&quot;yes&quot;}\" data-widget_type=\"video.default\">\n\t\t\t\t\t\t\t<div class=\"elementor-wrapper elementor-open-inline\">\n\t\t\t<div class=\"elementor-video\"><\/div>\t\t<\/div>\n\t\t\t\t\t\t<\/div>\n\t\t\t\t\t<\/div>\n\t\t<\/div>\n\t\t\t\t\t<\/div>\n\t\t<\/section>\n\t\t\t\t<section data-particle_enable=\"false\" data-particle-mobile-disabled=\"false\" class=\"elementor-section elementor-top-section elementor-element elementor-element-0f3e774 elementor-section-boxed elementor-section-height-default elementor-section-height-default\" data-id=\"0f3e774\" data-element_type=\"section\" data-e-type=\"section\">\n\t\t\t\t\t\t<div class=\"elementor-container elementor-column-gap-default\">\n\t\t\t\t\t<div class=\"elementor-column elementor-col-100 elementor-top-column elementor-element elementor-element-74c5fda\" data-id=\"74c5fda\" data-element_type=\"column\" data-e-type=\"column\">\n\t\t\t<div class=\"elementor-widget-wrap elementor-element-populated\">\n\t\t\t\t\t\t<div class=\"elementor-element elementor-element-1534f64 elementor-widget elementor-widget-heading\" data-id=\"1534f64\" data-element_type=\"widget\" data-e-type=\"widget\" data-widget_type=\"heading.default\">\n\t\t\t\t\t<h2 class=\"elementor-heading-title elementor-size-default\">Historias migrantes inspiradoras <\/h2>\t\t\t\t<\/div>\n\t\t\t\t\t<\/div>\n\t\t<\/div>\n\t\t\t\t\t<\/div>\n\t\t<\/section>\n\t\t\t\t<section data-particle_enable=\"false\" data-particle-mobile-disabled=\"false\" class=\"elementor-section elementor-top-section elementor-element elementor-element-e0949a8 elementor-section-boxed elementor-section-height-default elementor-section-height-default\" data-id=\"e0949a8\" data-element_type=\"section\" data-e-type=\"section\">\n\t\t\t\t\t\t<div class=\"elementor-container elementor-column-gap-default\">\n\t\t\t\t\t<div class=\"elementor-column elementor-col-100 elementor-top-column elementor-element elementor-element-9ea3f77\" data-id=\"9ea3f77\" data-element_type=\"column\" data-e-type=\"column\">\n\t\t\t<div class=\"elementor-widget-wrap elementor-element-populated\">\n\t\t\t\t\t\t<div class=\"elementor-element elementor-element-1475887 elementor-grid-eael-col-4 elementor-grid-tablet-eael-col-2 elementor-grid-mobile-eael-col-1 elementor-widget elementor-widget-eael-post-grid\" data-id=\"1475887\" data-element_type=\"widget\" data-e-type=\"widget\" data-settings=\"{&quot;eael_post_grid_columns&quot;:&quot;eael-col-4&quot;,&quot;eael_post_grid_columns_tablet&quot;:&quot;eael-col-2&quot;,&quot;eael_post_grid_columns_mobile&quot;:&quot;eael-col-1&quot;}\" data-widget_type=\"eael-post-grid.default\">\n\t\t\t\t\t<div id=\"eael-post-grid-1475887\" class=\"eael-post-grid-container\">\n            <div class=\"eael-post-grid eael-post-appender eael-post-appender-1475887 eael-post-grid-style-one\" data-layout-mode=\"masonry\"><article class=\"eael-grid-post  eael-post-grid-column eael-pg-post-55368 category-exitos-guatemala\" data-id=\"55368\">\n        <div class=\"eael-grid-post-holder\">\n            <div class=\"eael-grid-post-holder-inner\"><div class=\"eael-entry-media\"><div class=\"eael-entry-overlay fade-in\"><i class=\"fas fa-hand-pointer\" aria-hidden=\"true\"><\/i><a href=\"https:\/\/soymigrante.com\/revista\/luis-von-ahn-national-geographic-33-guatemalteco-duolingo\/\"><\/a><\/div><div class=\"eael-entry-thumbnail \">\n                <img loading=\"lazy\" decoding=\"async\" width=\"300\" height=\"300\" src=\"https:\/\/soymigrante.com\/revista\/wp-content\/uploads\/2026\/04\/Luis-von-Ahn-33-changemakers-National-Geographic-guatemalteco-migrante-lista-300x300.png\" class=\"attachment-medium size-medium wp-image-55369\" alt=\"Luis von Ahn 33 changemakers National Geographic guatemalteco migrante lista\" srcset=\"https:\/\/soymigrante.com\/revista\/wp-content\/uploads\/2026\/04\/Luis-von-Ahn-33-changemakers-National-Geographic-guatemalteco-migrante-lista-300x300.png 300w, https:\/\/soymigrante.com\/revista\/wp-content\/uploads\/2026\/04\/Luis-von-Ahn-33-changemakers-National-Geographic-guatemalteco-migrante-lista-1024x1024.png 1024w, https:\/\/soymigrante.com\/revista\/wp-content\/uploads\/2026\/04\/Luis-von-Ahn-33-changemakers-National-Geographic-guatemalteco-migrante-lista-150x150.png 150w, https:\/\/soymigrante.com\/revista\/wp-content\/uploads\/2026\/04\/Luis-von-Ahn-33-changemakers-National-Geographic-guatemalteco-migrante-lista-768x768.png 768w, https:\/\/soymigrante.com\/revista\/wp-content\/uploads\/2026\/04\/Luis-von-Ahn-33-changemakers-National-Geographic-guatemalteco-migrante-lista-75x75.png 75w, https:\/\/soymigrante.com\/revista\/wp-content\/uploads\/2026\/04\/Luis-von-Ahn-33-changemakers-National-Geographic-guatemalteco-migrante-lista-750x750.png 750w, https:\/\/soymigrante.com\/revista\/wp-content\/uploads\/2026\/04\/Luis-von-Ahn-33-changemakers-National-Geographic-guatemalteco-migrante-lista-1140x1140.png 1140w, https:\/\/soymigrante.com\/revista\/wp-content\/uploads\/2026\/04\/Luis-von-Ahn-33-changemakers-National-Geographic-guatemalteco-migrante-lista.png 1200w\" sizes=\"(max-width: 300px) 100vw, 300px\" \/>\n            <\/div>\n        <\/div><div class=\"eael-entry-wrapper\"><header class=\"eael-entry-header\"><h2 class=\"eael-entry-title\"><a class=\"eael-grid-post-link\" href=\"https:\/\/soymigrante.com\/revista\/luis-von-ahn-national-geographic-33-guatemalteco-duolingo\/\" title=\"\u00bfC\u00f3mo lleg\u00f3 el  guatemalteco Luis von Ahn a la lista Global 33 de L\u00edderes Innovadores de National Geographic?\">\u00bfC\u00f3mo lleg\u00f3 el  guatemalteco Luis von Ahn a la lista Global 33 de L\u00edderes Innovadores de National Geographic?<\/a><\/h2><\/header><div class=\"eael-entry-content\">\n                        <div class=\"eael-grid-post-excerpt\"><a href=\"https:\/\/soymigrante.com\/revista\/luis-von-ahn-national-geographic-33-guatemalteco-duolingo\/\" class=\"eael-post-elements-readmore-btn\">Leer m\u00e1s<\/a><\/div>\n                    <\/div><\/div><\/div>\n        <\/div>\n    <\/article><article class=\"eael-grid-post  eael-post-grid-column eael-pg-post-1376 category-exitos tags-texas\" data-id=\"1376\">\n        <div class=\"eael-grid-post-holder\">\n            <div class=\"eael-grid-post-holder-inner\"><div class=\"eael-entry-media\"><div class=\"eael-entry-overlay fade-in\"><i class=\"fas fa-hand-pointer\" aria-hidden=\"true\"><\/i><a href=\"https:\/\/soymigrante.com\/revista\/migrante-guatemalteco-trabajador-de-la-construccion-adolfo-mejia\/\"><\/a><\/div><div class=\"eael-entry-thumbnail \">\n                <img loading=\"lazy\" decoding=\"async\" width=\"272\" height=\"300\" src=\"https:\/\/soymigrante.com\/revista\/wp-content\/uploads\/2023\/06\/adolfo-mejia-272x300.webp\" class=\"attachment-medium size-medium wp-image-1384\" alt=\"Migrante guatemalteco Adolfo Mej\u00eda se dedica a la construcci\u00f3n en Texas.\" srcset=\"https:\/\/soymigrante.com\/revista\/wp-content\/uploads\/2023\/06\/adolfo-mejia-272x300.webp 272w, https:\/\/soymigrante.com\/revista\/wp-content\/uploads\/2023\/06\/adolfo-mejia-927x1024.webp 927w, https:\/\/soymigrante.com\/revista\/wp-content\/uploads\/2023\/06\/adolfo-mejia-768x848.webp 768w, https:\/\/soymigrante.com\/revista\/wp-content\/uploads\/2023\/06\/adolfo-mejia-750x828.webp 750w, https:\/\/soymigrante.com\/revista\/wp-content\/uploads\/2023\/06\/adolfo-mejia-1140x1259.jpg 1140w, https:\/\/soymigrante.com\/revista\/wp-content\/uploads\/2023\/06\/adolfo-mejia.webp 1152w\" sizes=\"(max-width: 272px) 100vw, 272px\" \/>\n            <\/div>\n        <\/div><div class=\"eael-entry-wrapper\"><header class=\"eael-entry-header\"><h2 class=\"eael-entry-title\"><a class=\"eael-grid-post-link\" href=\"https:\/\/soymigrante.com\/revista\/migrante-guatemalteco-trabajador-de-la-construccion-adolfo-mejia\/\" title=\"&#8220;Aqu\u00ed se trabaja duro&#8221;: Adolfo Mej\u00eda, migrante y constructor guatemalteco\">&#8220;Aqu\u00ed se trabaja duro&#8221;: Adolfo Mej\u00eda, migrante y constructor guatemalteco<\/a><\/h2><\/header><div class=\"eael-entry-content\">\n                        <div class=\"eael-grid-post-excerpt\"><a href=\"https:\/\/soymigrante.com\/revista\/migrante-guatemalteco-trabajador-de-la-construccion-adolfo-mejia\/\" class=\"eael-post-elements-readmore-btn\">Leer m\u00e1s<\/a><\/div>\n                    <\/div><\/div><\/div>\n        <\/div>\n    <\/article><article class=\"eael-grid-post  eael-post-grid-column eael-pg-post-223 category-exitos-guatemala tags-nueva-york\" data-id=\"223\">\n        <div class=\"eael-grid-post-holder\">\n            <div class=\"eael-grid-post-holder-inner\"><div class=\"eael-entry-media\"><div class=\"eael-entry-overlay fade-in\"><i class=\"fas fa-hand-pointer\" aria-hidden=\"true\"><\/i><a href=\"https:\/\/soymigrante.com\/revista\/actor-arturo-castro\/\"><\/a><\/div><div class=\"eael-entry-thumbnail \">\n                <img loading=\"lazy\" decoding=\"async\" width=\"300\" height=\"169\" src=\"https:\/\/soymigrante.com\/revista\/wp-content\/uploads\/2023\/02\/artennat-300x169.webp\" class=\"attachment-medium size-medium wp-image-739\" alt=\"\" srcset=\"https:\/\/soymigrante.com\/revista\/wp-content\/uploads\/2023\/02\/artennat-300x169.webp 300w, https:\/\/soymigrante.com\/revista\/wp-content\/uploads\/2023\/02\/artennat-1024x576.jpg 1024w, https:\/\/soymigrante.com\/revista\/wp-content\/uploads\/2023\/02\/artennat-768x432.jpg 768w, https:\/\/soymigrante.com\/revista\/wp-content\/uploads\/2023\/02\/artennat-750x422.webp 750w, https:\/\/soymigrante.com\/revista\/wp-content\/uploads\/2023\/02\/artennat-1140x641.jpg 1140w, https:\/\/soymigrante.com\/revista\/wp-content\/uploads\/2023\/02\/artennat.webp 1280w\" sizes=\"(max-width: 300px) 100vw, 300px\" \/>\n            <\/div>\n        <\/div><div class=\"eael-entry-wrapper\"><header class=\"eael-entry-header\"><h2 class=\"eael-entry-title\"><a class=\"eael-grid-post-link\" href=\"https:\/\/soymigrante.com\/revista\/actor-arturo-castro\/\" title=\"&#8220;Cuando uno tiene un sue\u00f1o, no hay plan B&#8221;: actor Arturo Castro\">&#8220;Cuando uno tiene un sue\u00f1o, no hay plan B&#8221;: actor Arturo Castro<\/a><\/h2><\/header><div class=\"eael-entry-content\">\n                        <div class=\"eael-grid-post-excerpt\"><a href=\"https:\/\/soymigrante.com\/revista\/actor-arturo-castro\/\" class=\"eael-post-elements-readmore-btn\">Leer m\u00e1s<\/a><\/div>\n                    <\/div><\/div><\/div>\n        <\/div>\n    <\/article><article class=\"eael-grid-post  eael-post-grid-column eael-pg-post-48433 category-exitos-guatemala\" data-id=\"48433\">\n        <div class=\"eael-grid-post-holder\">\n            <div class=\"eael-grid-post-holder-inner\"><div class=\"eael-entry-media\"><div class=\"eael-entry-overlay fade-in\"><i class=\"fas fa-hand-pointer\" aria-hidden=\"true\"><\/i><a href=\"https:\/\/soymigrante.com\/revista\/defiendo-a-mi-gente-cynthia-m-fernandez-abogada-migratoria-de-raiz-guatemalteca\/\"><\/a><\/div><div class=\"eael-entry-thumbnail \">\n                <img loading=\"lazy\" decoding=\"async\" width=\"300\" height=\"300\" src=\"https:\/\/soymigrante.com\/revista\/wp-content\/uploads\/2025\/11\/abogada-cinthia-mazariegos-guatemalteca-en-chicago-reu-law-firm-11-300x300.jpg\" class=\"attachment-medium size-medium wp-image-48434\" alt=\"abogada cinthia mazariegos guatemalteca en chicago reu law firm 11\" srcset=\"https:\/\/soymigrante.com\/revista\/wp-content\/uploads\/2025\/11\/abogada-cinthia-mazariegos-guatemalteca-en-chicago-reu-law-firm-11-300x300.jpg 300w, https:\/\/soymigrante.com\/revista\/wp-content\/uploads\/2025\/11\/abogada-cinthia-mazariegos-guatemalteca-en-chicago-reu-law-firm-11-150x150.jpg 150w, https:\/\/soymigrante.com\/revista\/wp-content\/uploads\/2025\/11\/abogada-cinthia-mazariegos-guatemalteca-en-chicago-reu-law-firm-11-768x768.jpg 768w, https:\/\/soymigrante.com\/revista\/wp-content\/uploads\/2025\/11\/abogada-cinthia-mazariegos-guatemalteca-en-chicago-reu-law-firm-11-75x75.jpg 75w, https:\/\/soymigrante.com\/revista\/wp-content\/uploads\/2025\/11\/abogada-cinthia-mazariegos-guatemalteca-en-chicago-reu-law-firm-11-750x750.jpg 750w, https:\/\/soymigrante.com\/revista\/wp-content\/uploads\/2025\/11\/abogada-cinthia-mazariegos-guatemalteca-en-chicago-reu-law-firm-11.jpg 822w\" sizes=\"(max-width: 300px) 100vw, 300px\" \/>\n            <\/div>\n        <\/div><div class=\"eael-entry-wrapper\"><header class=\"eael-entry-header\"><h2 class=\"eael-entry-title\"><a class=\"eael-grid-post-link\" href=\"https:\/\/soymigrante.com\/revista\/defiendo-a-mi-gente-cynthia-m-fernandez-abogada-migratoria-de-raiz-guatemalteca\/\" title=\"&#8220;Defiendo a mi gente&#8221;: Cynthia M. Fern\u00e1ndez, abogada migratoria en Chicago, de padres guatemaltecos.\">&#8220;Defiendo a mi gente&#8221;: Cynthia M. Fern\u00e1ndez, abogada migratoria en Chicago, de padres guatemaltecos.<\/a><\/h2><\/header><div class=\"eael-entry-content\">\n                        <div class=\"eael-grid-post-excerpt\"><a href=\"https:\/\/soymigrante.com\/revista\/defiendo-a-mi-gente-cynthia-m-fernandez-abogada-migratoria-de-raiz-guatemalteca\/\" class=\"eael-post-elements-readmore-btn\">Leer m\u00e1s<\/a><\/div>\n                    <\/div><\/div><\/div>\n        <\/div>\n    <\/article><\/div>\n            <div class=\"clearfix\"><\/div>\n        <\/div>            <div class=\"eael-load-more-button-wrap eael-force-hide\">\n                <button class=\"eael-load-more-button\" id=\"eael-load-more-btn-1475887\" data-widget-id=\"1475887\" data-widget=\"1475887\" data-page-id=\"4954\" data-template=\"{&quot;dir&quot;:&quot;lite&quot;,&quot;file_name&quot;:&quot;one.php&quot;,&quot;name&quot;:&quot;Post-Grid&quot;}\" data-class=\"Essential_Addons_Elementor\\Elements\\Post_Grid\" data-layout=\"masonry\" data-page=\"1\" data-args=\"orderby=title&amp;order=asc&amp;ignore_sticky_posts=1&amp;post_status=publish&amp;posts_per_page=4&amp;offset=0&amp;post_type=post&amp;tax_query%5B0%5D%5Btaxonomy%5D=category&amp;tax_query%5B0%5D%5Bfield%5D=term_id&amp;tax_query%5B0%5D%5Bterms%5D%5B0%5D=50&amp;tax_query%5Brelation%5D=AND\" data-max-page=\"78\">\n                    <span class=\"eael-btn-loader button__loader\"><\/span>\n                    <span class=\"eael_load_more_text\">Cargar m\u00e1s<\/span>\n                <\/button>\n            <\/div>\n            \t\t\t\t<\/div>\n\t\t\t\t\t<\/div>\n\t\t<\/div>\n\t\t\t\t\t<\/div>\n\t\t<\/section>\n\t\t\t\t<\/div>\n\t\t","protected":false},"excerpt":{"rendered":"<p>S\u00ed, el a\u00f1o pasado las remesas de migrantes guatemaltecos crecieron un 9%, pero las exportaciones bajaron un porcentaje similar. Es necesario generar un desarrollo sostenible y viable en el pa\u00eds para frenar el \u00e9xodo pero a la vez se debe atender a los connacionales que aportan al pa\u00eds. Vistos a la luz del fen\u00f3meno de [&hellip;]<\/p>\n","protected":false},"author":1,"featured_media":4961,"comment_status":"open","ping_status":"open","sticky":false,"template":"","format":"standard","meta":{"_acf_changed":false,"_eb_attr":"","footnotes":""},"categories":[54],"tags":[84],"class_list":["post-4954","post","type-post","status-publish","format-standard","has-post-thumbnail","hentry","category-estamos-unidos","tag-remesas-migrantes"],"acf":[],"aioseo_notices":[],"aioseo_head":"\n\t\t<!-- All in One SEO Pro 4.9.6.2 - aioseo.com -->\n\t<meta name=\"description\" content=\"Hija de migrantes guatemaltecos, la abogada Cynthia Mazariegos vela por los derechos de migrantes desde Chicago; e impulsa la educaci\u00f3n en Guatemala.\" \/>\n\t<meta name=\"robots\" content=\"max-snippet:-1, max-image-preview:large, max-video-preview:-1\" \/>\n\t<meta name=\"author\" content=\"Gustavo Montenegro\"\/>\n\t<link rel=\"canonical\" href=\"https:\/\/soymigrante.com\/revista\/defiendo-a-mi-gente-cynthia-m-fernandez-abogada-migratoria-de-raiz-guatemalteca\/\" \/>\n\t<meta name=\"generator\" content=\"All in One SEO Pro (AIOSEO) 4.9.6.2\" \/>\n\n\t\t<link rel=\"preconnect\" href=\"https:\/\/fonts.googleapis.com\" crossorigin>\n<link rel=\"preconnect\" href=\"https:\/\/fonts.gstatic.com\" crossorigin>\n\t\t<meta property=\"og:locale\" content=\"es_ES\" \/>\n\t\t<meta property=\"og:site_name\" content=\"SoyMigrante.com REVISTA \u2013 Nuestra misi\u00f3n es reconocer y dignificar al migrante.\" \/>\n\t\t<meta property=\"og:type\" content=\"article\" \/>\n\t\t<meta property=\"og:title\" content=\"&quot;Defiendo a mi gente&quot;: Cynthia Mazariegos abogada migratoria\" \/>\n\t\t<meta property=\"og:description\" content=\"Hija de migrantes guatemaltecos, la abogada Cynthia Mazariegos vela por los derechos de migrantes desde Chicago; e impulsa la educaci\u00f3n en Guatemala.\" \/>\n\t\t<meta property=\"og:url\" content=\"https:\/\/soymigrante.com\/revista\/defiendo-a-mi-gente-cynthia-m-fernandez-abogada-migratoria-de-raiz-guatemalteca\/\" \/>\n\t\t<meta property=\"og:image\" content=\"https:\/\/soymigrante.com\/revista\/wp-content\/uploads\/2025\/11\/abogada-cinthia-mazariegos-guatemalteca-en-chicago-reu-law-firm-11.jpg\" \/>\n\t\t<meta property=\"og:image:secure_url\" content=\"https:\/\/soymigrante.com\/revista\/wp-content\/uploads\/2025\/11\/abogada-cinthia-mazariegos-guatemalteca-en-chicago-reu-law-firm-11.jpg\" \/>\n\t\t<meta property=\"og:image:width\" content=\"822\" \/>\n\t\t<meta property=\"og:image:height\" content=\"822\" \/>\n\t\t<meta property=\"article:published_time\" content=\"2025-11-12T15:18:43+00:00\" \/>\n\t\t<meta property=\"article:modified_time\" content=\"2025-11-21T19:45:07+00:00\" \/>\n\t\t<meta property=\"article:publisher\" content=\"https:\/\/www.facebook.com\/soymigrantecom\" \/>\n\t\t<meta name=\"twitter:card\" content=\"summary_large_image\" \/>\n\t\t<meta name=\"twitter:site\" content=\"@SoyMigrante_com\" \/>\n\t\t<meta name=\"twitter:title\" content=\"&quot;Defiendo a mi gente&quot;: Cynthia Mazariegos abogada migratoria\" \/>\n\t\t<meta name=\"twitter:description\" content=\"Hija de migrantes guatemaltecos, la abogada Cynthia Mazariegos vela por los derechos de migrantes desde Chicago; e impulsa la educaci\u00f3n en Guatemala.\" \/>\n\t\t<meta name=\"twitter:creator\" content=\"@SoyMigrante_com\" \/>\n\t\t<meta name=\"twitter:image\" content=\"https:\/\/soymigrante.com\/revista\/wp-content\/uploads\/2025\/11\/abogada-cinthia-mazariegos-guatemalteca-en-chicago-reu-law-firm-11.jpg\" \/>\n\t\t<!-- All in One SEO Pro -->\r\n\t\t<title>&quot;Defiendo a mi gente&quot;: Cynthia Mazariegos abogada migratoria<\/title>\n\n","aioseo_head_json":{"title":"\"Defiendo a mi gente\": Cynthia Mazariegos abogada migratoria","description":"Hija de migrantes guatemaltecos, la abogada Cynthia Mazariegos vela por los derechos de migrantes desde Chicago; e impulsa la educaci\u00f3n en Guatemala.","canonical_url":"https:\/\/soymigrante.com\/revista\/defiendo-a-mi-gente-cynthia-m-fernandez-abogada-migratoria-de-raiz-guatemalteca\/","robots":"max-snippet:-1, max-image-preview:large, max-video-preview:-1","keywords":"","webmasterTools":{"miscellaneous":"&lt;link rel=\"preconnect\" href=\"https:\/\/fonts.googleapis.com\" crossorigin&gt;\n&lt;link rel=\"preconnect\" href=\"https:\/\/fonts.gstatic.com\" crossorigin&gt;"},"schema":null,"og:locale":"es_ES","og:site_name":"SoyMigrante.com REVISTA \u2013 Nuestra misi\u00f3n es reconocer y dignificar al migrante.","og:type":"article","og:title":"&quot;Defiendo a mi gente&quot;: Cynthia Mazariegos abogada migratoria","og:description":"Hija de migrantes guatemaltecos, la abogada Cynthia Mazariegos vela por los derechos de migrantes desde Chicago; e impulsa la educaci\u00f3n en Guatemala.","og:url":"https:\/\/soymigrante.com\/revista\/defiendo-a-mi-gente-cynthia-m-fernandez-abogada-migratoria-de-raiz-guatemalteca\/","og:image":"https:\/\/soymigrante.com\/revista\/wp-content\/uploads\/2025\/11\/abogada-cinthia-mazariegos-guatemalteca-en-chicago-reu-law-firm-11.jpg","og:image:secure_url":"https:\/\/soymigrante.com\/revista\/wp-content\/uploads\/2025\/11\/abogada-cinthia-mazariegos-guatemalteca-en-chicago-reu-law-firm-11.jpg","og:image:width":822,"og:image:height":822,"article:published_time":"2025-11-12T15:18:43+00:00","article:modified_time":"2025-11-21T19:45:07+00:00","article:publisher":"https:\/\/www.facebook.com\/soymigrantecom","twitter:card":"summary_large_image","twitter:site":"@SoyMigrante_com","twitter:title":"&quot;Defiendo a mi gente&quot;: Cynthia Mazariegos abogada migratoria","twitter:description":"Hija de migrantes guatemaltecos, la abogada Cynthia Mazariegos vela por los derechos de migrantes desde Chicago; e impulsa la educaci\u00f3n en Guatemala.","twitter:creator":"@SoyMigrante_com","twitter:image":"https:\/\/soymigrante.com\/revista\/wp-content\/uploads\/2025\/11\/abogada-cinthia-mazariegos-guatemalteca-en-chicago-reu-law-firm-11.jpg"},"aioseo_meta_data":{"post_id":"4954","title":null,"description":null,"keywords":[],"keyphrases":{"focus":{"keyphrase":"Migrantes","score":82,"analysis":{"keyphraseInTitle":{"score":3,"maxScore":9,"error":1},"keyphraseInDescription":{"score":9,"maxScore":9,"error":0},"keyphraseLength":{"score":9,"maxScore":9,"error":0,"length":1},"keyphraseInURL":{"score":5,"maxScore":5,"error":0},"keyphraseInIntroduction":{"score":3,"maxScore":9,"error":1},"keyphraseInSubHeadings":{"score":9,"maxScore":9,"error":0},"keyphraseInImageAlt":{"score":9,"maxScore":9,"error":0},"keywordDensity":{"type":"best","score":9,"maxScore":9,"error":0}}},"additional":[]},"primary_term":null,"canonical_url":null,"og_title":null,"og_description":null,"og_object_type":"default","og_image_type":"default","og_image_url":null,"og_image_width":null,"og_image_height":null,"og_image_custom_url":null,"og_image_custom_fields":null,"og_video":"","og_custom_url":null,"og_article_section":null,"og_article_tags":[],"twitter_use_og":false,"twitter_card":"default","twitter_image_type":"default","twitter_image_url":null,"twitter_image_custom_url":null,"twitter_image_custom_fields":null,"twitter_title":null,"twitter_description":null,"schema":{"blockGraphs":[],"customGraphs":[],"default":{"data":{"Article":[],"Course":[],"Dataset":[],"FAQPage":[],"Movie":[],"Person":[],"Product":[],"ProductReview":[],"Car":[],"Recipe":[],"Service":[],"SoftwareApplication":[],"WebPage":[]},"graphName":"BlogPosting","isEnabled":true},"graphs":[]},"schema_type":"default","schema_type_options":null,"pillar_content":false,"robots_default":true,"robots_noindex":false,"robots_noarchive":false,"robots_nosnippet":false,"robots_nofollow":false,"robots_noimageindex":false,"robots_noodp":false,"robots_notranslate":false,"robots_max_snippet":"-1","robots_max_videopreview":"-1","robots_max_imagepreview":"large","priority":null,"frequency":"default","local_seo":null,"seo_analyzer_scan_date":"2025-10-08 21:11:38","breadcrumb_settings":null,"limit_modified_date":false,"reviewed_by":null,"open_ai":null,"ai":null,"created":"2024-02-19 20:28:36","updated":"2026-02-04 10:53:49"},"aioseo_breadcrumb":"<div class=\"aioseo-breadcrumbs\"><span class=\"aioseo-breadcrumb\">\n\t<a href=\"https:\/\/soymigrante.com\/revista\" title=\"Home\">Home<\/a>\n<\/span><span class=\"aioseo-breadcrumb-separator\">\u00bb<\/span><span class=\"aioseo-breadcrumb\">\n\t<a href=\"https:\/\/soymigrante.com\/revista\/category\/estamos-unidos\/\" title=\"Estamos Unidos\">Estamos Unidos<\/a>\n<\/span><span class=\"aioseo-breadcrumb-separator\">\u00bb<\/span><span class=\"aioseo-breadcrumb\">\n\tEDITORIAL: Paradoja guatemalteca: en 2023 suben las remesas pero bajan las exportaciones\n<\/span><\/div>","aioseo_breadcrumb_json":[{"label":"Home","link":"https:\/\/soymigrante.com\/revista"},{"label":"Estamos Unidos","link":"https:\/\/soymigrante.com\/revista\/category\/estamos-unidos\/"},{"label":"EDITORIAL: Paradoja guatemalteca: en 2023 suben las remesas pero bajan las exportaciones","link":"https:\/\/soymigrante.com\/revista\/remesas-migrantes-suben-exportaciones-guatemala-bajan-desarrollo\/"}],"_links":{"self":[{"href":"https:\/\/soymigrante.com\/revista\/wp-json\/wp\/v2\/posts\/4954","targetHints":{"allow":["GET"]}}],"collection":[{"href":"https:\/\/soymigrante.com\/revista\/wp-json\/wp\/v2\/posts"}],"about":[{"href":"https:\/\/soymigrante.com\/revista\/wp-json\/wp\/v2\/types\/post"}],"author":[{"embeddable":true,"href":"https:\/\/soymigrante.com\/revista\/wp-json\/wp\/v2\/users\/1"}],"replies":[{"embeddable":true,"href":"https:\/\/soymigrante.com\/revista\/wp-json\/wp\/v2\/comments?post=4954"}],"version-history":[{"count":0,"href":"https:\/\/soymigrante.com\/revista\/wp-json\/wp\/v2\/posts\/4954\/revisions"}],"wp:featuredmedia":[{"embeddable":true,"href":"https:\/\/soymigrante.com\/revista\/wp-json\/wp\/v2\/media\/4961"}],"wp:attachment":[{"href":"https:\/\/soymigrante.com\/revista\/wp-json\/wp\/v2\/media?parent=4954"}],"wp:term":[{"taxonomy":"category","embeddable":true,"href":"https:\/\/soymigrante.com\/revista\/wp-json\/wp\/v2\/categories?post=4954"},{"taxonomy":"post_tag","embeddable":true,"href":"https:\/\/soymigrante.com\/revista\/wp-json\/wp\/v2\/tags?post=4954"}],"curies":[{"name":"wp","href":"https:\/\/api.w.org\/{rel}","templated":true}]}}