{"id":49499,"date":"2025-12-08T07:26:31","date_gmt":"2025-12-08T13:26:31","guid":{"rendered":"https:\/\/soymigrante.com\/revista\/?p=49499"},"modified":"2025-12-08T07:30:43","modified_gmt":"2025-12-08T13:30:43","slug":"obsequios-hechos-en-guatemala-con-calidad-e-identidad-estan-en-mercado-mira-elige-recibe","status":"publish","type":"post","link":"https:\/\/soymigrante.com\/revista\/obsequios-hechos-en-guatemala-con-calidad-e-identidad-estan-en-mercado-mira-elige-recibe\/","title":{"rendered":"Obsequios hechos en Guatemala con calidad e identidad est\u00e1n en MERCADO: Mira, elige, recibe"},"content":{"rendered":"\t\t<div data-elementor-type=\"wp-post\" data-elementor-id=\"49499\" class=\"elementor elementor-49499\" data-elementor-post-type=\"post\">\n\t\t\t\t<div data-particle_enable=\"false\" data-particle-mobile-disabled=\"false\" class=\"elementor-element elementor-element-fda4f52 e-flex e-con-boxed e-con e-parent\" data-id=\"fda4f52\" data-element_type=\"container\" data-e-type=\"container\">\n\t\t\t\t\t<div class=\"e-con-inner\">\n\t\t\t\t<div class=\"elementor-element elementor-element-5ca8e36 elementor-widget elementor-widget-text-editor\" data-id=\"5ca8e36\" data-element_type=\"widget\" data-e-type=\"widget\" data-widget_type=\"text-editor.default\">\n\t\t\t\t\t\t\t\t\t<p>\u00a1No te compliques! Encuentra el obsequio perfecto, original y elaborado por talento guatemalteco, para esta Navidad en SoyMigrante.com MERCADO.\u00a0 Esta es una peque\u00f1a selecci\u00f3n de la gran variedad disponible para que mires, elijas,\u00a0 hagas tu pedido y recibas en la puerta de tu casa.<\/p><p>Hay de todo para todos los gustos.<\/p>\t\t\t\t\t\t\t\t<\/div>\n\t\t\t\t\t<\/div>\n\t\t\t\t<\/div>\n\t\t<div data-particle_enable=\"false\" data-particle-mobile-disabled=\"false\" class=\"elementor-element elementor-element-d3ef236 e-flex e-con-boxed e-con e-parent\" data-id=\"d3ef236\" data-element_type=\"container\" data-e-type=\"container\">\n\t\t\t\t\t<div class=\"e-con-inner\">\n\t\t\t\t<div class=\"elementor-element elementor-element-c5db23b elementor-widget elementor-widget-image\" data-id=\"c5db23b\" data-element_type=\"widget\" data-e-type=\"widget\" data-widget_type=\"image.default\">\n\t\t\t\t\t\t\t\t\t\t\t\t<figure class=\"wp-caption\">\n\t\t\t\t\t\t\t\t\t\t\t<a href=\"https:\/\/soymigrante.com\/mercado\/marketplace\/seller\/profile\/lavisiondeltocar\">\n\t\t\t\t\t\t\t<img fetchpriority=\"high\" decoding=\"async\" width=\"1107\" height=\"990\" src=\"https:\/\/soymigrante.com\/revista\/wp-content\/uploads\/2025\/12\/obsequios-guatemaltecos-soymigrantecom-mercado-1.png\" class=\"attachment-large size-large wp-image-49507\" alt=\"Obsequia lo mejor, lo original y lo aut\u00e9ntico: piezas creadas por emprendedores guatemaltecos, elaboradas con dedicaci\u00f3n y cari\u00f1o. Si deseas entrar a esta tienda digital, CLIC EN LA IMAGEN.\" srcset=\"https:\/\/soymigrante.com\/revista\/wp-content\/uploads\/2025\/12\/obsequios-guatemaltecos-soymigrantecom-mercado-1.png 1107w, https:\/\/soymigrante.com\/revista\/wp-content\/uploads\/2025\/12\/obsequios-guatemaltecos-soymigrantecom-mercado-1-300x268.png 300w, https:\/\/soymigrante.com\/revista\/wp-content\/uploads\/2025\/12\/obsequios-guatemaltecos-soymigrantecom-mercado-1-768x687.png 768w, https:\/\/soymigrante.com\/revista\/wp-content\/uploads\/2025\/12\/obsequios-guatemaltecos-soymigrantecom-mercado-1-750x671.png 750w\" sizes=\"(max-width: 1107px) 100vw, 1107px\" title=\"obsequios guatemaltecos soymigrantecom mercado 1 \u2013 SoyMigrante.com REVISTA\" \/>\t\t\t\t\t\t\t\t<\/a>\n\t\t\t\t\t\t\t\t\t\t\t<figcaption class=\"widget-image-caption wp-caption-text\">Obsequia lo mejor, lo original y lo aut\u00e9ntico: piezas creadas por emprendedores guatemaltecos, elaboradas con dedicaci\u00f3n y cari\u00f1o. Si deseas entrar a esta tienda digital, CLIC EN LA IMAGEN.<\/figcaption>\n\t\t\t\t\t\t\t\t\t\t<\/figure>\n\t\t\t\t\t\t\t\t\t<\/div>\n\t\t\t\t\t<\/div>\n\t\t\t\t<\/div>\n\t\t<div data-particle_enable=\"false\" data-particle-mobile-disabled=\"false\" class=\"elementor-element elementor-element-66ce88e e-flex e-con-boxed e-con e-parent\" data-id=\"66ce88e\" data-element_type=\"container\" data-e-type=\"container\">\n\t\t\t\t\t<div class=\"e-con-inner\">\n\t\t\t\t<div class=\"elementor-element elementor-element-2ce7ba0 elementor-widget elementor-widget-heading\" data-id=\"2ce7ba0\" data-element_type=\"widget\" data-e-type=\"widget\" data-widget_type=\"heading.default\">\n\t\t\t\t\t<h3 class=\"elementor-heading-title elementor-size-default\">La visi\u00f3n del Tocar siempre sorprende<\/h3>\t\t\t\t<\/div>\n\t\t\t\t\t<\/div>\n\t\t\t\t<\/div>\n\t\t<div data-particle_enable=\"false\" data-particle-mobile-disabled=\"false\" class=\"elementor-element elementor-element-cce5a3e e-flex e-con-boxed e-con e-parent\" data-id=\"cce5a3e\" data-element_type=\"container\" data-e-type=\"container\">\n\t\t\t\t\t<div class=\"e-con-inner\">\n\t\t\t\t<div class=\"elementor-element elementor-element-4fb73af elementor-widget elementor-widget-text-editor\" data-id=\"4fb73af\" data-element_type=\"widget\" data-e-type=\"widget\" data-widget_type=\"text-editor.default\">\n\t\t\t\t\t\t\t\t\t<p><a href=\"https:\/\/soymigrante.com\/mercado\/marketplace\/seller\/profile\/lavisiondeltocar\">La Visi\u00f3n del Tocar <\/a>es el emprendimiento de Luis Galindo, guatemalteco, trabajador, creativo, quien a causa de glaucoma perdi\u00f3 la vista. Sin embargo, no se deja vencer. Aprendi\u00f3 a elaborar collares, pulseras y tambi\u00e9n rosarios y d\u00e9cimas. Un obsequio perfecto hecho con total dedicaci\u00f3n.<a href=\"https:\/\/soymigrante.com\/mercado\/marketplace\/seller\/profile\/lavisiondeltocar\"> Haz clic aqu\u00ed para ver m\u00e1s de sus productos.<\/a><\/p>\t\t\t\t\t\t\t\t<\/div>\n\t\t\t\t\t<\/div>\n\t\t\t\t<\/div>\n\t\t<div data-particle_enable=\"false\" data-particle-mobile-disabled=\"false\" class=\"elementor-element elementor-element-c69a8c0 e-flex e-con-boxed e-con e-parent\" data-id=\"c69a8c0\" data-element_type=\"container\" data-e-type=\"container\">\n\t\t\t\t\t<div class=\"e-con-inner\">\n\t\t\t\t<div class=\"elementor-element elementor-element-538e0b0 elementor-widget elementor-widget-image\" data-id=\"538e0b0\" data-element_type=\"widget\" data-e-type=\"widget\" data-widget_type=\"image.default\">\n\t\t\t\t\t\t\t\t\t\t\t\t<figure class=\"wp-caption\">\n\t\t\t\t\t\t\t\t\t\t\t<a href=\"https:\/\/soymigrante.com\/mercado\/marketplace\/textilesnakoj\">\n\t\t\t\t\t\t\t<img decoding=\"async\" width=\"1140\" height=\"468\" src=\"https:\/\/soymigrante.com\/revista\/wp-content\/uploads\/2025\/12\/obsequios-guatemaltecos-soymigrantecom-mercado-3-1140x468.png\" class=\"attachment-large size-large wp-image-49508\" alt=\"Obsequia lo mejor, lo original y lo aut\u00e9ntico: piezas creadas por emprendedores guatemaltecos, elaboradas con dedicaci\u00f3n y cari\u00f1o. Si deseas entrar a esta tienda digital, CLIC EN LA IMAGEN.\" srcset=\"https:\/\/soymigrante.com\/revista\/wp-content\/uploads\/2025\/12\/obsequios-guatemaltecos-soymigrantecom-mercado-3-1140x468.png 1140w, https:\/\/soymigrante.com\/revista\/wp-content\/uploads\/2025\/12\/obsequios-guatemaltecos-soymigrantecom-mercado-3-300x123.png 300w, https:\/\/soymigrante.com\/revista\/wp-content\/uploads\/2025\/12\/obsequios-guatemaltecos-soymigrantecom-mercado-3-768x316.png 768w, https:\/\/soymigrante.com\/revista\/wp-content\/uploads\/2025\/12\/obsequios-guatemaltecos-soymigrantecom-mercado-3-750x308.png 750w, https:\/\/soymigrante.com\/revista\/wp-content\/uploads\/2025\/12\/obsequios-guatemaltecos-soymigrantecom-mercado-3.png 1497w\" sizes=\"(max-width: 1140px) 100vw, 1140px\" title=\"obsequios guatemaltecos soymigrantecom mercado 3 \u2013 SoyMigrante.com REVISTA\" \/>\t\t\t\t\t\t\t\t<\/a>\n\t\t\t\t\t\t\t\t\t\t\t<figcaption class=\"widget-image-caption wp-caption-text\">Obsequia lo mejor, lo original y lo aut\u00e9ntico: piezas creadas por emprendedores guatemaltecos, elaboradas con dedicaci\u00f3n y cari\u00f1o. Si deseas entrar a esta tienda digital, CLIC EN LA IMAGEN.<\/figcaption>\n\t\t\t\t\t\t\t\t\t\t<\/figure>\n\t\t\t\t\t\t\t\t\t<\/div>\n\t\t\t\t\t<\/div>\n\t\t\t\t<\/div>\n\t\t<div data-particle_enable=\"false\" data-particle-mobile-disabled=\"false\" class=\"elementor-element elementor-element-ba42d4c e-flex e-con-boxed e-con e-parent\" data-id=\"ba42d4c\" data-element_type=\"container\" data-e-type=\"container\">\n\t\t\t\t\t<div class=\"e-con-inner\">\n\t\t\t\t<div class=\"elementor-element elementor-element-afb48e4 elementor-widget elementor-widget-heading\" data-id=\"afb48e4\" data-element_type=\"widget\" data-e-type=\"widget\" data-widget_type=\"heading.default\">\n\t\t\t\t\t<h3 class=\"elementor-heading-title elementor-size-default\">Hilos transformados por Najok<\/h3>\t\t\t\t<\/div>\n\t\t\t\t\t<\/div>\n\t\t\t\t<\/div>\n\t\t<div data-particle_enable=\"false\" data-particle-mobile-disabled=\"false\" class=\"elementor-element elementor-element-a8df052 e-flex e-con-boxed e-con e-parent\" data-id=\"a8df052\" data-element_type=\"container\" data-e-type=\"container\">\n\t\t\t\t\t<div class=\"e-con-inner\">\n\t\t\t\t<div class=\"elementor-element elementor-element-a280ea6 elementor-widget elementor-widget-text-editor\" data-id=\"a280ea6\" data-element_type=\"widget\" data-e-type=\"widget\" data-widget_type=\"text-editor.default\">\n\t\t\t\t\t\t\t\t\t<p><a href=\"https:\/\/soymigrante.com\/mercado\/marketplace\/textilesnakoj\">Textiles Nakoj <\/a>est\u00e1 en San Juan del Obispo y ofrece originales accesorios como llaveros de ovejas blancas o multicolores, tejidas en crochet. Sorprende con algo sencillo pero emblem\u00e1tico y significativo. En esta tienda tambi\u00e9n hay centros de mesa y otros art\u00edculos.<a href=\"https:\/\/soymigrante.com\/mercado\/marketplace\/textilesnakoj\"> Algo te gustar\u00e1, seguro<\/a>.<\/p>\t\t\t\t\t\t\t\t<\/div>\n\t\t\t\t\t<\/div>\n\t\t\t\t<\/div>\n\t\t<div data-particle_enable=\"false\" data-particle-mobile-disabled=\"false\" class=\"elementor-element elementor-element-95f30ca e-flex e-con-boxed e-con e-parent\" data-id=\"95f30ca\" data-element_type=\"container\" data-e-type=\"container\">\n\t\t\t\t\t<div class=\"e-con-inner\">\n\t\t\t\t<div class=\"elementor-element elementor-element-c70cf62 elementor-widget elementor-widget-image\" data-id=\"c70cf62\" data-element_type=\"widget\" data-e-type=\"widget\" data-widget_type=\"image.default\">\n\t\t\t\t\t\t\t\t\t\t\t\t<figure class=\"wp-caption\">\n\t\t\t\t\t\t\t\t\t\t\t<a href=\"https:\/\/soymigrante.com\/mercado\/marketplace\/kedai\">\n\t\t\t\t\t\t\t<img decoding=\"async\" width=\"1006\" height=\"346\" src=\"https:\/\/soymigrante.com\/revista\/wp-content\/uploads\/2025\/12\/obsequios-guatemaltecos-soymigrantecom-mercado-10.png\" class=\"attachment-large size-large wp-image-49509\" alt=\"Obsequia lo mejor, lo original y lo aut\u00e9ntico: piezas creadas por emprendedores guatemaltecos, elaboradas con dedicaci\u00f3n y cari\u00f1o. Si deseas entrar a esta tienda digital, CLIC EN LA IMAGEN.\" srcset=\"https:\/\/soymigrante.com\/revista\/wp-content\/uploads\/2025\/12\/obsequios-guatemaltecos-soymigrantecom-mercado-10.png 1006w, https:\/\/soymigrante.com\/revista\/wp-content\/uploads\/2025\/12\/obsequios-guatemaltecos-soymigrantecom-mercado-10-300x103.png 300w, https:\/\/soymigrante.com\/revista\/wp-content\/uploads\/2025\/12\/obsequios-guatemaltecos-soymigrantecom-mercado-10-768x264.png 768w, https:\/\/soymigrante.com\/revista\/wp-content\/uploads\/2025\/12\/obsequios-guatemaltecos-soymigrantecom-mercado-10-750x258.png 750w\" sizes=\"(max-width: 1006px) 100vw, 1006px\" title=\"obsequios guatemaltecos soymigrantecom mercado 10 \u2013 SoyMigrante.com REVISTA\" \/>\t\t\t\t\t\t\t\t<\/a>\n\t\t\t\t\t\t\t\t\t\t\t<figcaption class=\"widget-image-caption wp-caption-text\">Obsequia lo mejor, lo original y lo aut\u00e9ntico: piezas creadas por emprendedores guatemaltecos, elaboradas con dedicaci\u00f3n y cari\u00f1o. Si deseas entrar a esta tienda digital, CLIC EN LA IMAGEN.<\/figcaption>\n\t\t\t\t\t\t\t\t\t\t<\/figure>\n\t\t\t\t\t\t\t\t\t<\/div>\n\t\t\t\t\t<\/div>\n\t\t\t\t<\/div>\n\t\t<div data-particle_enable=\"false\" data-particle-mobile-disabled=\"false\" class=\"elementor-element elementor-element-5ba4cb4 e-flex e-con-boxed e-con e-parent\" data-id=\"5ba4cb4\" data-element_type=\"container\" data-e-type=\"container\">\n\t\t\t\t\t<div class=\"e-con-inner\">\n\t\t\t\t<div class=\"elementor-element elementor-element-d541192 elementor-widget elementor-widget-heading\" data-id=\"d541192\" data-element_type=\"widget\" data-e-type=\"widget\" data-widget_type=\"heading.default\">\n\t\t\t\t\t<h3 class=\"elementor-heading-title elementor-size-default\">Un detalle que te har\u00e1 quedar bien<\/h3>\t\t\t\t<\/div>\n\t\t\t\t\t<\/div>\n\t\t\t\t<\/div>\n\t\t<div data-particle_enable=\"false\" data-particle-mobile-disabled=\"false\" class=\"elementor-element elementor-element-9107a1c e-flex e-con-boxed e-con e-parent\" data-id=\"9107a1c\" data-element_type=\"container\" data-e-type=\"container\">\n\t\t\t\t\t<div class=\"e-con-inner\">\n\t\t\t\t<div class=\"elementor-element elementor-element-bd40d58 elementor-widget elementor-widget-text-editor\" data-id=\"bd40d58\" data-element_type=\"widget\" data-e-type=\"widget\" data-widget_type=\"text-editor.default\">\n\t\t\t\t\t\t\t\t\t<p>El jade es la piedra preciosa de los mayas y sus tonalidades nunca dejan de sorprender. Son un obsequio elegante que nunca pasa de moda.\u00a0 <a href=\"https:\/\/soymigrante.com\/mercado\/marketplace\/kedai\">Accesorios Kedai,<\/a> en Ciudad Vieja,\u00a0 Antigua Guatemala, elabora aretes y pendientes con plata 925. Nunca vas a quedar mal con una pieza de Kedai.<\/p>\t\t\t\t\t\t\t\t<\/div>\n\t\t\t\t\t<\/div>\n\t\t\t\t<\/div>\n\t\t<div data-particle_enable=\"false\" data-particle-mobile-disabled=\"false\" class=\"elementor-element elementor-element-34fd86f e-flex e-con-boxed e-con e-parent\" data-id=\"34fd86f\" data-element_type=\"container\" data-e-type=\"container\">\n\t\t\t\t\t<div class=\"e-con-inner\">\n\t\t\t\t<div class=\"elementor-element elementor-element-c5a1ca3 elementor-widget elementor-widget-image\" data-id=\"c5a1ca3\" data-element_type=\"widget\" data-e-type=\"widget\" data-widget_type=\"image.default\">\n\t\t\t\t\t\t\t\t\t\t\t\t<figure class=\"wp-caption\">\n\t\t\t\t\t\t\t\t\t\t<img loading=\"lazy\" decoding=\"async\" width=\"1110\" height=\"449\" src=\"https:\/\/soymigrante.com\/revista\/wp-content\/uploads\/2025\/12\/obsequios-guatemaltecos-soymigrantecom-mercado-9-1.png\" class=\"attachment-large size-large wp-image-49528\" alt=\"Obsequia lo mejor, lo original y lo aut\u00e9ntico: piezas creadas por emprendedores guatemaltecos, elaboradas con dedicaci\u00f3n y cari\u00f1o. Si deseas entrar a esta tienda digital, CLIC EN LA IMAGEN.\" srcset=\"https:\/\/soymigrante.com\/revista\/wp-content\/uploads\/2025\/12\/obsequios-guatemaltecos-soymigrantecom-mercado-9-1.png 1110w, https:\/\/soymigrante.com\/revista\/wp-content\/uploads\/2025\/12\/obsequios-guatemaltecos-soymigrantecom-mercado-9-1-300x121.png 300w, https:\/\/soymigrante.com\/revista\/wp-content\/uploads\/2025\/12\/obsequios-guatemaltecos-soymigrantecom-mercado-9-1-768x311.png 768w, https:\/\/soymigrante.com\/revista\/wp-content\/uploads\/2025\/12\/obsequios-guatemaltecos-soymigrantecom-mercado-9-1-750x303.png 750w\" sizes=\"(max-width: 1110px) 100vw, 1110px\" title=\"obsequios guatemaltecos soymigrantecom mercado 9 \u2013 SoyMigrante.com REVISTA\" \/>\t\t\t\t\t\t\t\t\t\t\t<figcaption class=\"widget-image-caption wp-caption-text\">Obsequia lo mejor, lo original y lo aut\u00e9ntico: piezas creadas por emprendedores guatemaltecos, elaboradas con dedicaci\u00f3n y cari\u00f1o. Si deseas entrar a esta tienda digital, CLIC EN LA IMAGEN.<\/figcaption>\n\t\t\t\t\t\t\t\t\t\t<\/figure>\n\t\t\t\t\t\t\t\t\t<\/div>\n\t\t\t\t\t<\/div>\n\t\t\t\t<\/div>\n\t\t<div data-particle_enable=\"false\" data-particle-mobile-disabled=\"false\" class=\"elementor-element elementor-element-907cf4f e-flex e-con-boxed e-con e-parent\" data-id=\"907cf4f\" data-element_type=\"container\" data-e-type=\"container\">\n\t\t\t\t\t<div class=\"e-con-inner\">\n\t\t\t\t<div class=\"elementor-element elementor-element-bc85bac elementor-widget elementor-widget-heading\" data-id=\"bc85bac\" data-element_type=\"widget\" data-e-type=\"widget\" data-widget_type=\"heading.default\">\n\t\t\t\t\t<h3 class=\"elementor-heading-title elementor-size-default\">JG Home te distinguir\u00e1<\/h3>\t\t\t\t<\/div>\n\t\t\t\t\t<\/div>\n\t\t\t\t<\/div>\n\t\t<div data-particle_enable=\"false\" data-particle-mobile-disabled=\"false\" class=\"elementor-element elementor-element-81e3b0b e-flex e-con-boxed e-con e-parent\" data-id=\"81e3b0b\" data-element_type=\"container\" data-e-type=\"container\">\n\t\t\t\t\t<div class=\"e-con-inner\">\n\t\t\t\t<div class=\"elementor-element elementor-element-52c9ba8 elementor-widget elementor-widget-text-editor\" data-id=\"52c9ba8\" data-element_type=\"widget\" data-e-type=\"widget\" data-widget_type=\"text-editor.default\">\n\t\t\t\t\t\t\t\t\t<p>Janet Guerra es una dise\u00f1adora de modas quetzalteca. Recientemente particip\u00f3 creando el traje con el cual Miss Guatemala deslumbr\u00f3 en el certamen Miss Universo. Crea piezas para el hogar pero tambi\u00e9n accesorios como bufandas tejidas por manos guatemaltecas. No solo son un accesorio para el fr\u00edo, sino para lucir y distinguirse.<\/p>\t\t\t\t\t\t\t\t<\/div>\n\t\t\t\t\t<\/div>\n\t\t\t\t<\/div>\n\t\t<div data-particle_enable=\"false\" data-particle-mobile-disabled=\"false\" class=\"elementor-element elementor-element-c9c387c e-flex e-con-boxed e-con e-parent\" data-id=\"c9c387c\" data-element_type=\"container\" data-e-type=\"container\">\n\t\t\t\t\t<div class=\"e-con-inner\">\n\t\t\t\t<div class=\"elementor-element elementor-element-90e5c69 elementor-widget elementor-widget-image\" data-id=\"90e5c69\" data-element_type=\"widget\" data-e-type=\"widget\" data-widget_type=\"image.default\">\n\t\t\t\t\t\t\t\t\t\t\t\t<figure class=\"wp-caption\">\n\t\t\t\t\t\t\t\t\t\t\t<a href=\"https:\/\/soymigrante.com\/mercado\/marketplace\/azultuy\">\n\t\t\t\t\t\t\t<img loading=\"lazy\" decoding=\"async\" width=\"1052\" height=\"386\" src=\"https:\/\/soymigrante.com\/revista\/wp-content\/uploads\/2025\/12\/obsequios-guatemaltecos-soymigrantecom-mercado-11.png\" class=\"attachment-large size-large wp-image-49512\" alt=\"Obsequia lo mejor, lo original y lo aut\u00e9ntico: piezas creadas por emprendedores guatemaltecos, elaboradas con dedicaci\u00f3n y cari\u00f1o. Si deseas entrar a esta tienda digital, CLIC EN LA IMAGEN.\" srcset=\"https:\/\/soymigrante.com\/revista\/wp-content\/uploads\/2025\/12\/obsequios-guatemaltecos-soymigrantecom-mercado-11.png 1052w, https:\/\/soymigrante.com\/revista\/wp-content\/uploads\/2025\/12\/obsequios-guatemaltecos-soymigrantecom-mercado-11-300x110.png 300w, https:\/\/soymigrante.com\/revista\/wp-content\/uploads\/2025\/12\/obsequios-guatemaltecos-soymigrantecom-mercado-11-768x282.png 768w, https:\/\/soymigrante.com\/revista\/wp-content\/uploads\/2025\/12\/obsequios-guatemaltecos-soymigrantecom-mercado-11-750x275.png 750w\" sizes=\"(max-width: 1052px) 100vw, 1052px\" title=\"obsequios guatemaltecos soymigrantecom mercado 11 \u2013 SoyMigrante.com REVISTA\" \/>\t\t\t\t\t\t\t\t<\/a>\n\t\t\t\t\t\t\t\t\t\t\t<figcaption class=\"widget-image-caption wp-caption-text\">Obsequia lo mejor, lo original y lo aut\u00e9ntico: piezas creadas por emprendedores guatemaltecos, elaboradas con dedicaci\u00f3n y cari\u00f1o. Si deseas entrar a esta tienda digital, CLIC EN LA IMAGEN.<\/figcaption>\n\t\t\t\t\t\t\t\t\t\t<\/figure>\n\t\t\t\t\t\t\t\t\t<\/div>\n\t\t\t\t\t<\/div>\n\t\t\t\t<\/div>\n\t\t<div data-particle_enable=\"false\" data-particle-mobile-disabled=\"false\" class=\"elementor-element elementor-element-6a86b06 e-flex e-con-boxed e-con e-parent\" data-id=\"6a86b06\" data-element_type=\"container\" data-e-type=\"container\">\n\t\t\t\t\t<div class=\"e-con-inner\">\n\t\t\t\t<div class=\"elementor-element elementor-element-2626ae1 elementor-widget elementor-widget-heading\" data-id=\"2626ae1\" data-element_type=\"widget\" data-e-type=\"widget\" data-widget_type=\"heading.default\">\n\t\t\t\t\t<h3 class=\"elementor-heading-title elementor-size-default\">Azul Tuy provee energ\u00edas positivas<\/h3>\t\t\t\t<\/div>\n\t\t\t\t\t<\/div>\n\t\t\t\t<\/div>\n\t\t<div data-particle_enable=\"false\" data-particle-mobile-disabled=\"false\" class=\"elementor-element elementor-element-e103502 e-flex e-con-boxed e-con e-parent\" data-id=\"e103502\" data-element_type=\"container\" data-e-type=\"container\">\n\t\t\t\t\t<div class=\"e-con-inner\">\n\t\t\t\t<div class=\"elementor-element elementor-element-dc8117c elementor-widget elementor-widget-text-editor\" data-id=\"dc8117c\" data-element_type=\"widget\" data-e-type=\"widget\" data-widget_type=\"text-editor.default\">\n\t\t\t\t\t\t\t\t\t<p>Vanesa Tuy es una guatemalteca que ha estudiado a profundidad el significado positivo y la elaboraci\u00f3n de deslumbrantes <a href=\"https:\/\/soymigrante.com\/mercado\/marketplace\/azultuy\">mandalas tejidos.<\/a>\u00a0<\/p><p>Un detalle perfecto para todo hogar, que refleja energ\u00edas creativas, pensamientos optimistas y se convierte en foco de conversaci\u00f3n. Es un obsequio simb\u00f3lico que representa la amistad, la armon\u00eda y la uni\u00f3n. Explora m\u00e1s <a href=\"https:\/\/soymigrante.com\/mercado\/marketplace\/azultuy\">en su tienda digital Azul Tuy<\/a><\/p>\t\t\t\t\t\t\t\t<\/div>\n\t\t\t\t\t<\/div>\n\t\t\t\t<\/div>\n\t\t<div data-particle_enable=\"false\" data-particle-mobile-disabled=\"false\" class=\"elementor-element elementor-element-845b134 e-flex e-con-boxed e-con e-parent\" data-id=\"845b134\" data-element_type=\"container\" data-e-type=\"container\">\n\t\t\t\t\t<div class=\"e-con-inner\">\n\t\t\t\t<div class=\"elementor-element elementor-element-ac45274 elementor-widget elementor-widget-image\" data-id=\"ac45274\" data-element_type=\"widget\" data-e-type=\"widget\" data-widget_type=\"image.default\">\n\t\t\t\t\t\t\t\t\t\t\t\t<figure class=\"wp-caption\">\n\t\t\t\t\t\t\t\t\t\t\t<a href=\"https:\/\/soymigrante.com\/mercado\/cofre-de-madera-de-cedro-pintado-a-mano-con-pintura-al-oleo-estilo-2\">\n\t\t\t\t\t\t\t<img loading=\"lazy\" decoding=\"async\" width=\"1140\" height=\"763\" src=\"https:\/\/soymigrante.com\/revista\/wp-content\/uploads\/2025\/12\/obsequios-guatemaltecos-navidad-soymigrantecom-mercado-2-1140x763.png\" class=\"attachment-large size-large wp-image-49516\" alt=\"Obsequia lo mejor, lo original y lo aut\u00e9ntico: piezas creadas por emprendedores guatemaltecos, elaboradas con dedicaci\u00f3n y cari\u00f1o. Si deseas entrar a esta tienda digital, CLIC EN LA IMAGEN.\" srcset=\"https:\/\/soymigrante.com\/revista\/wp-content\/uploads\/2025\/12\/obsequios-guatemaltecos-navidad-soymigrantecom-mercado-2-1140x763.png 1140w, https:\/\/soymigrante.com\/revista\/wp-content\/uploads\/2025\/12\/obsequios-guatemaltecos-navidad-soymigrantecom-mercado-2-300x201.png 300w, https:\/\/soymigrante.com\/revista\/wp-content\/uploads\/2025\/12\/obsequios-guatemaltecos-navidad-soymigrantecom-mercado-2-768x514.png 768w, https:\/\/soymigrante.com\/revista\/wp-content\/uploads\/2025\/12\/obsequios-guatemaltecos-navidad-soymigrantecom-mercado-2-750x502.png 750w, https:\/\/soymigrante.com\/revista\/wp-content\/uploads\/2025\/12\/obsequios-guatemaltecos-navidad-soymigrantecom-mercado-2.png 1179w\" sizes=\"(max-width: 1140px) 100vw, 1140px\" title=\"obsequios guatemaltecos navidad soymigrantecom mercado 2 \u2013 SoyMigrante.com REVISTA\" \/>\t\t\t\t\t\t\t\t<\/a>\n\t\t\t\t\t\t\t\t\t\t\t<figcaption class=\"widget-image-caption wp-caption-text\">Obsequia lo mejor, lo original y lo aut\u00e9ntico: piezas creadas por emprendedores guatemaltecos, elaboradas con dedicaci\u00f3n y cari\u00f1o. Si deseas entrar a esta tienda digital, CLIC EN LA IMAGEN.<\/figcaption>\n\t\t\t\t\t\t\t\t\t\t<\/figure>\n\t\t\t\t\t\t\t\t\t<\/div>\n\t\t\t\t\t<\/div>\n\t\t\t\t<\/div>\n\t\t<div data-particle_enable=\"false\" data-particle-mobile-disabled=\"false\" class=\"elementor-element elementor-element-f07c027 e-flex e-con-boxed e-con e-parent\" data-id=\"f07c027\" data-element_type=\"container\" data-e-type=\"container\">\n\t\t\t\t\t<div class=\"e-con-inner\">\n\t\t\t\t<div class=\"elementor-element elementor-element-f624e26 elementor-widget elementor-widget-heading\" data-id=\"f624e26\" data-element_type=\"widget\" data-e-type=\"widget\" data-widget_type=\"heading.default\">\n\t\t\t\t\t<h3 class=\"elementor-heading-title elementor-size-default\">Un cofre para atesorar la amistad<\/h3>\t\t\t\t<\/div>\n\t\t\t\t\t<\/div>\n\t\t\t\t<\/div>\n\t\t<div data-particle_enable=\"false\" data-particle-mobile-disabled=\"false\" class=\"elementor-element elementor-element-4d2c811 e-flex e-con-boxed e-con e-parent\" data-id=\"4d2c811\" data-element_type=\"container\" data-e-type=\"container\">\n\t\t\t\t\t<div class=\"e-con-inner\">\n\t\t\t\t<div class=\"elementor-element elementor-element-6fe88bf elementor-widget elementor-widget-text-editor\" data-id=\"6fe88bf\" data-element_type=\"widget\" data-e-type=\"widget\" data-widget_type=\"text-editor.default\">\n\t\t\t\t\t\t\t\t\t<p>Las pinturas populares de San Juan Comalapa son en s\u00ed un obsequio siempre agradable, pero si est\u00e1n sobre un cofre, se tornan en un objeto utilitario de gran belleza. Escenas y paisajes est\u00e1n disponibles en este art\u00edculo de la <a href=\"https:\/\/soymigrante.com\/mercado\/cofre-de-madera-de-cedro-pintado-a-mano-con-pintura-al-oleo-estilo-2\">Galer\u00eda de Arte Comalapa.<\/a><\/p>\t\t\t\t\t\t\t\t<\/div>\n\t\t\t\t\t<\/div>\n\t\t\t\t<\/div>\n\t\t<div data-particle_enable=\"false\" data-particle-mobile-disabled=\"false\" class=\"elementor-element elementor-element-a04e0c5 e-flex e-con-boxed e-con e-parent\" data-id=\"a04e0c5\" data-element_type=\"container\" data-e-type=\"container\">\n\t\t\t\t\t<div class=\"e-con-inner\">\n\t\t\t\t<div class=\"elementor-element elementor-element-752fac5 elementor-widget elementor-widget-image\" data-id=\"752fac5\" data-element_type=\"widget\" data-e-type=\"widget\" data-widget_type=\"image.default\">\n\t\t\t\t\t\t\t\t\t\t\t\t<figure class=\"wp-caption\">\n\t\t\t\t\t\t\t\t\t\t\t<a href=\"https:\/\/soymigrante.com\/mercado\/marketplace\/kemoncollection\">\n\t\t\t\t\t\t\t<img loading=\"lazy\" decoding=\"async\" width=\"872\" height=\"987\" src=\"https:\/\/soymigrante.com\/revista\/wp-content\/uploads\/2025\/12\/obsequios-guatemaltecos-navidad-soymigrantecom-mercado-1.png\" class=\"attachment-large size-large wp-image-49515\" alt=\"Obsequia lo mejor, lo original y lo aut\u00e9ntico: piezas creadas por emprendedores guatemaltecos, elaboradas con dedicaci\u00f3n y cari\u00f1o. Si deseas entrar a esta tienda digital, CLIC EN LA IMAGEN.\" srcset=\"https:\/\/soymigrante.com\/revista\/wp-content\/uploads\/2025\/12\/obsequios-guatemaltecos-navidad-soymigrantecom-mercado-1.png 872w, https:\/\/soymigrante.com\/revista\/wp-content\/uploads\/2025\/12\/obsequios-guatemaltecos-navidad-soymigrantecom-mercado-1-265x300.png 265w, https:\/\/soymigrante.com\/revista\/wp-content\/uploads\/2025\/12\/obsequios-guatemaltecos-navidad-soymigrantecom-mercado-1-768x869.png 768w, https:\/\/soymigrante.com\/revista\/wp-content\/uploads\/2025\/12\/obsequios-guatemaltecos-navidad-soymigrantecom-mercado-1-750x849.png 750w\" sizes=\"(max-width: 872px) 100vw, 872px\" title=\"obsequios guatemaltecos navidad soymigrantecom mercado 1 \u2013 SoyMigrante.com REVISTA\" \/>\t\t\t\t\t\t\t\t<\/a>\n\t\t\t\t\t\t\t\t\t\t\t<figcaption class=\"widget-image-caption wp-caption-text\">Obsequia lo mejor, lo original y lo aut\u00e9ntico: piezas creadas por emprendedores guatemaltecos, elaboradas con dedicaci\u00f3n y cari\u00f1o. Si deseas entrar a esta tienda digital, CLIC EN LA IMAGEN.<\/figcaption>\n\t\t\t\t\t\t\t\t\t\t<\/figure>\n\t\t\t\t\t\t\t\t\t<\/div>\n\t\t\t\t\t<\/div>\n\t\t\t\t<\/div>\n\t\t<div data-particle_enable=\"false\" data-particle-mobile-disabled=\"false\" class=\"elementor-element elementor-element-dd439a5 e-flex e-con-boxed e-con e-parent\" data-id=\"dd439a5\" data-element_type=\"container\" data-e-type=\"container\">\n\t\t\t\t\t<div class=\"e-con-inner\">\n\t\t\t\t<div class=\"elementor-element elementor-element-9374f29 elementor-widget elementor-widget-heading\" data-id=\"9374f29\" data-element_type=\"widget\" data-e-type=\"widget\" data-widget_type=\"heading.default\">\n\t\t\t\t\t<h3 class=\"elementor-heading-title elementor-size-default\">Tradici\u00f3n y moda se fusionan en Kemon<\/h3>\t\t\t\t<\/div>\n\t\t\t\t\t<\/div>\n\t\t\t\t<\/div>\n\t\t<div data-particle_enable=\"false\" data-particle-mobile-disabled=\"false\" class=\"elementor-element elementor-element-a1ce7d1 e-flex e-con-boxed e-con e-parent\" data-id=\"a1ce7d1\" data-element_type=\"container\" data-e-type=\"container\">\n\t\t\t\t\t<div class=\"e-con-inner\">\n\t\t\t\t<div class=\"elementor-element elementor-element-aafec3b elementor-widget elementor-widget-text-editor\" data-id=\"aafec3b\" data-element_type=\"widget\" data-e-type=\"widget\" data-widget_type=\"text-editor.default\">\n\t\t\t\t\t\t\t\t\t<p>Eulalia Chonay teje estas piezas en telar de madera y las distribuye a toda Guatemala a trav\u00e9s de su tienda digital <a href=\"https:\/\/soymigrante.com\/mercado\/marketplace\/kemoncollection\">Kemon Collecti\u00f3n<\/a>. Tiene m\u00e1s piezas para complacer hasta los gustos m\u00e1s exigentes. Colorido, armon\u00eda y dedicaci\u00f3n se lucen en estas prendas tradicionales con toque moderno.<a href=\"https:\/\/soymigrante.com\/mercado\/marketplace\/kemoncollection\"> En su tienda de SoyMigrante.com MERCADO hay m\u00e1s para elegir<\/a><\/p>\t\t\t\t\t\t\t\t<\/div>\n\t\t\t\t\t<\/div>\n\t\t\t\t<\/div>\n\t\t<div data-particle_enable=\"false\" data-particle-mobile-disabled=\"false\" class=\"elementor-element elementor-element-bd225f0 e-flex e-con-boxed e-con e-parent\" data-id=\"bd225f0\" data-element_type=\"container\" data-e-type=\"container\">\n\t\t\t\t\t<div class=\"e-con-inner\">\n\t\t\t\t<div class=\"elementor-element elementor-element-b364f88 elementor-widget elementor-widget-image\" data-id=\"b364f88\" data-element_type=\"widget\" data-e-type=\"widget\" data-widget_type=\"image.default\">\n\t\t\t\t\t\t\t\t\t\t\t\t<figure class=\"wp-caption\">\n\t\t\t\t\t\t\t\t\t\t\t<a href=\"https:\/\/soymigrante.com\/mercado\/amigurumi-virgen-inmaculada-concepcion-hecha-a-mano-en-crochet\">\n\t\t\t\t\t\t\t<img loading=\"lazy\" decoding=\"async\" width=\"652\" height=\"895\" src=\"https:\/\/soymigrante.com\/revista\/wp-content\/uploads\/2025\/12\/obsequios-guatemaltecos-navidad-soymigrantecom-mercado-4.png\" class=\"attachment-large size-large wp-image-49514\" alt=\"Obsequia lo mejor, lo original y lo aut\u00e9ntico: piezas creadas por emprendedores guatemaltecos, elaboradas con dedicaci\u00f3n y cari\u00f1o. Si deseas entrar a esta tienda digital, CLIC EN LA IMAGEN.\" srcset=\"https:\/\/soymigrante.com\/revista\/wp-content\/uploads\/2025\/12\/obsequios-guatemaltecos-navidad-soymigrantecom-mercado-4.png 652w, https:\/\/soymigrante.com\/revista\/wp-content\/uploads\/2025\/12\/obsequios-guatemaltecos-navidad-soymigrantecom-mercado-4-219x300.png 219w\" sizes=\"(max-width: 652px) 100vw, 652px\" title=\"obsequios guatemaltecos navidad soymigrantecom mercado 4 \u2013 SoyMigrante.com REVISTA\" \/>\t\t\t\t\t\t\t\t<\/a>\n\t\t\t\t\t\t\t\t\t\t\t<figcaption class=\"widget-image-caption wp-caption-text\">Obsequia lo mejor, lo original y lo aut\u00e9ntico: piezas creadas por emprendedores guatemaltecos, elaboradas con dedicaci\u00f3n y cari\u00f1o. Si deseas entrar a esta tienda digital, CLIC EN LA IMAGEN.<\/figcaption>\n\t\t\t\t\t\t\t\t\t\t<\/figure>\n\t\t\t\t\t\t\t\t\t<\/div>\n\t\t\t\t\t<\/div>\n\t\t\t\t<\/div>\n\t\t<div data-particle_enable=\"false\" data-particle-mobile-disabled=\"false\" class=\"elementor-element elementor-element-9ee6fda e-flex e-con-boxed e-con e-parent\" data-id=\"9ee6fda\" data-element_type=\"container\" data-e-type=\"container\">\n\t\t\t\t\t<div class=\"e-con-inner\">\n\t\t\t\t<div class=\"elementor-element elementor-element-78719a7 elementor-widget elementor-widget-heading\" data-id=\"78719a7\" data-element_type=\"widget\" data-e-type=\"widget\" data-widget_type=\"heading.default\">\n\t\t\t\t\t<h3 class=\"elementor-heading-title elementor-size-default\">S\u00edmbolos de amistad en Bayit<\/h3>\t\t\t\t<\/div>\n\t\t\t\t\t<\/div>\n\t\t\t\t<\/div>\n\t\t<div data-particle_enable=\"false\" data-particle-mobile-disabled=\"false\" class=\"elementor-element elementor-element-85ff6ec e-flex e-con-boxed e-con e-parent\" data-id=\"85ff6ec\" data-element_type=\"container\" data-e-type=\"container\">\n\t\t\t\t\t<div class=\"e-con-inner\">\n\t\t\t\t<div class=\"elementor-element elementor-element-c41e003 elementor-widget elementor-widget-text-editor\" data-id=\"c41e003\" data-element_type=\"widget\" data-e-type=\"widget\" data-widget_type=\"text-editor.default\">\n\t\t\t\t\t\t\t\t\t<p><a href=\"https:\/\/soymigrante.com\/mercado\/amigurumi-virgen-inmaculada-concepcion-hecha-a-mano-en-crochet\">Los amigurumis elaborados por Luz Vel\u00e1squez<\/a> en San Juan Ixcoy, Huehuetenango, llegan a toda Guatemala. Algunos modelos ya se agotaron, pero surgen nuevas propuestas de esta emprendedora guatemalteca que env\u00eda sus creaciones a cualquier parte del pa\u00eds a trav\u00e9s de su <a href=\"https:\/\/soymigrante.com\/mercado\/amigurumi-virgen-inmaculada-concepcion-hecha-a-mano-en-crochet\">tienda Bayit, en SoyMigrante.com MERCADO.<\/a><\/p>\t\t\t\t\t\t\t\t<\/div>\n\t\t\t\t\t<\/div>\n\t\t\t\t<\/div>\n\t\t<div data-particle_enable=\"false\" data-particle-mobile-disabled=\"false\" class=\"elementor-element elementor-element-03bc805 e-flex e-con-boxed e-con e-parent\" data-id=\"03bc805\" data-element_type=\"container\" data-e-type=\"container\">\n\t\t\t\t\t<div class=\"e-con-inner\">\n\t\t\t\t<div class=\"elementor-element elementor-element-ffdc153 elementor-widget elementor-widget-image\" data-id=\"ffdc153\" data-element_type=\"widget\" data-e-type=\"widget\" data-widget_type=\"image.default\">\n\t\t\t\t\t\t\t\t\t\t\t\t<figure class=\"wp-caption\">\n\t\t\t\t\t\t\t\t\t\t\t<a href=\"https:\/\/soymigrante.com\/mercado\/marketplace\/artefactosiluminacion\">\n\t\t\t\t\t\t\t<img loading=\"lazy\" decoding=\"async\" width=\"1084\" height=\"852\" src=\"https:\/\/soymigrante.com\/revista\/wp-content\/uploads\/2025\/12\/obsequios-guatemaltecos-navidad-soymigrantecom-mercado-3.png\" class=\"attachment-large size-large wp-image-49513\" alt=\"Obsequia lo mejor, lo original y lo aut\u00e9ntico: piezas creadas por emprendedores guatemaltecos, elaboradas con dedicaci\u00f3n y cari\u00f1o. Si deseas entrar a esta tienda digital, CLIC EN LA IMAGEN.\" srcset=\"https:\/\/soymigrante.com\/revista\/wp-content\/uploads\/2025\/12\/obsequios-guatemaltecos-navidad-soymigrantecom-mercado-3.png 1084w, https:\/\/soymigrante.com\/revista\/wp-content\/uploads\/2025\/12\/obsequios-guatemaltecos-navidad-soymigrantecom-mercado-3-300x236.png 300w, https:\/\/soymigrante.com\/revista\/wp-content\/uploads\/2025\/12\/obsequios-guatemaltecos-navidad-soymigrantecom-mercado-3-768x604.png 768w, https:\/\/soymigrante.com\/revista\/wp-content\/uploads\/2025\/12\/obsequios-guatemaltecos-navidad-soymigrantecom-mercado-3-750x589.png 750w\" sizes=\"(max-width: 1084px) 100vw, 1084px\" title=\"obsequios guatemaltecos navidad soymigrantecom mercado 3 \u2013 SoyMigrante.com REVISTA\" \/>\t\t\t\t\t\t\t\t<\/a>\n\t\t\t\t\t\t\t\t\t\t\t<figcaption class=\"widget-image-caption wp-caption-text\">Obsequia lo mejor, lo original y lo aut\u00e9ntico: piezas creadas por emprendedores guatemaltecos, elaboradas con dedicaci\u00f3n y cari\u00f1o. Si deseas entrar a esta tienda digital, CLIC EN LA IMAGEN.<\/figcaption>\n\t\t\t\t\t\t\t\t\t\t<\/figure>\n\t\t\t\t\t\t\t\t\t<\/div>\n\t\t\t\t\t<\/div>\n\t\t\t\t<\/div>\n\t\t<div data-particle_enable=\"false\" data-particle-mobile-disabled=\"false\" class=\"elementor-element elementor-element-c809144 e-flex e-con-boxed e-con e-parent\" data-id=\"c809144\" data-element_type=\"container\" data-e-type=\"container\">\n\t\t\t\t\t<div class=\"e-con-inner\">\n\t\t\t\t<div class=\"elementor-element elementor-element-c98b2fb elementor-widget elementor-widget-heading\" data-id=\"c98b2fb\" data-element_type=\"widget\" data-e-type=\"widget\" data-widget_type=\"heading.default\">\n\t\t\t\t\t<h3 class=\"elementor-heading-title elementor-size-default\">La luz de un detalle \u00fanico<\/h3>\t\t\t\t<\/div>\n\t\t\t\t\t<\/div>\n\t\t\t\t<\/div>\n\t\t<div data-particle_enable=\"false\" data-particle-mobile-disabled=\"false\" class=\"elementor-element elementor-element-a98fdd6 e-flex e-con-boxed e-con e-parent\" data-id=\"a98fdd6\" data-element_type=\"container\" data-e-type=\"container\">\n\t\t\t\t\t<div class=\"e-con-inner\">\n\t\t\t\t<div class=\"elementor-element elementor-element-396a86e elementor-widget elementor-widget-text-editor\" data-id=\"396a86e\" data-element_type=\"widget\" data-e-type=\"widget\" data-widget_type=\"text-editor.default\">\n\t\t\t\t\t\t\t\t\t<p><a href=\"https:\/\/soymigrante.com\/mercado\/marketplace\/artefactosiluminacion\">Arte Factos de Guatemala<\/a> es un creativo emprendimiento dedicado a la elaboraci\u00f3n de originales y vanguardistas l\u00e1mparas de madera. Finas tonalidades, texturas pristinas y formas sorprendentes est\u00e1n disponibles a trav\u00e9s de <a href=\"https:\/\/soymigrante.com\/mercado\/?srsltid=AfmBOorMn4UiU2Xnsp5OyJwgYsVrO_j3ZVmqSm0tZg9WjuBKmSWxdws6\">SoyMigrante.com MERCADO.<\/a>\u00a0 Cualquier espacio se ilumina y distingue con estas piezas ingeniosas.<\/p>\t\t\t\t\t\t\t\t<\/div>\n\t\t\t\t\t<\/div>\n\t\t\t\t<\/div>\n\t\t<div data-particle_enable=\"false\" data-particle-mobile-disabled=\"false\" class=\"elementor-element elementor-element-81b310d e-flex e-con-boxed e-con e-parent\" data-id=\"81b310d\" data-element_type=\"container\" data-e-type=\"container\">\n\t\t\t\t\t<div class=\"e-con-inner\">\n\t\t\t\t<div class=\"elementor-element elementor-element-1586195 elementor-widget elementor-widget-image\" data-id=\"1586195\" data-element_type=\"widget\" data-e-type=\"widget\" data-widget_type=\"image.default\">\n\t\t\t\t\t\t\t\t\t\t\t\t<figure class=\"wp-caption\">\n\t\t\t\t\t\t\t\t\t\t\t<a href=\"https:\/\/soymigrante.com\/mercado\/set-collar-y-aretes-soru-elegance-rojo\">\n\t\t\t\t\t\t\t<img loading=\"lazy\" decoding=\"async\" width=\"609\" height=\"560\" src=\"https:\/\/soymigrante.com\/revista\/wp-content\/uploads\/2025\/12\/EJUrQOssWJY2fadN5PXDCzJex5VRZhRP3NBB4c53.webp\" class=\"attachment-large size-large wp-image-49517\" alt=\"Obsequia lo mejor, lo original y lo aut\u00e9ntico: piezas creadas por emprendedores guatemaltecos, elaboradas con dedicaci\u00f3n y cari\u00f1o. Si deseas entrar a esta tienda digital, CLIC EN LA IMAGEN.\" srcset=\"https:\/\/soymigrante.com\/revista\/wp-content\/uploads\/2025\/12\/EJUrQOssWJY2fadN5PXDCzJex5VRZhRP3NBB4c53.webp 609w, https:\/\/soymigrante.com\/revista\/wp-content\/uploads\/2025\/12\/EJUrQOssWJY2fadN5PXDCzJex5VRZhRP3NBB4c53-300x276.webp 300w\" sizes=\"(max-width: 609px) 100vw, 609px\" title=\"Obsequia lo mejor, lo original y lo aut\u00e9ntico: piezas creadas por emprendedores guatemaltecos, elaboradas con dedicaci\u00f3n y cari\u00f1o. Si deseas entrar a esta tienda digital, CLIC EN LA IMAGEN. \u2013 SoyMigrante.com REVISTA\" \/>\t\t\t\t\t\t\t\t<\/a>\n\t\t\t\t\t\t\t\t\t\t\t<figcaption class=\"widget-image-caption wp-caption-text\">Obsequia lo mejor, lo original y lo aut\u00e9ntico: piezas creadas por emprendedores guatemaltecos, elaboradas con dedicaci\u00f3n y cari\u00f1o. Si deseas entrar a esta tienda digital, CLIC EN LA IMAGEN.<\/figcaption>\n\t\t\t\t\t\t\t\t\t\t<\/figure>\n\t\t\t\t\t\t\t\t\t<\/div>\n\t\t\t\t\t<\/div>\n\t\t\t\t<\/div>\n\t\t<div data-particle_enable=\"false\" data-particle-mobile-disabled=\"false\" class=\"elementor-element elementor-element-0f25202 e-flex e-con-boxed e-con e-parent\" data-id=\"0f25202\" data-element_type=\"container\" data-e-type=\"container\">\n\t\t\t\t\t<div class=\"e-con-inner\">\n\t\t\t\t<div class=\"elementor-element elementor-element-1fe3d21 elementor-widget elementor-widget-heading\" data-id=\"1fe3d21\" data-element_type=\"widget\" data-e-type=\"widget\" data-widget_type=\"heading.default\">\n\t\t\t\t\t<h3 class=\"elementor-heading-title elementor-size-default\">Un recuerdo para llevar y lucir<\/h3>\t\t\t\t<\/div>\n\t\t\t\t\t<\/div>\n\t\t\t\t<\/div>\n\t\t<div data-particle_enable=\"false\" data-particle-mobile-disabled=\"false\" class=\"elementor-element elementor-element-9566a59 e-flex e-con-boxed e-con e-parent\" data-id=\"9566a59\" data-element_type=\"container\" data-e-type=\"container\">\n\t\t\t\t\t<div class=\"e-con-inner\">\n\t\t\t\t<div class=\"elementor-element elementor-element-558e53d elementor-widget elementor-widget-text-editor\" data-id=\"558e53d\" data-element_type=\"widget\" data-e-type=\"widget\" data-widget_type=\"text-editor.default\">\n\t\t\t\t\t\t\t\t\t<p><a href=\"https:\/\/soymigrante.com\/mercado\/set-collar-y-aretes-soru-elegance-rojo\">La tienda Soru <\/a>ofrece collares y bisuter\u00eda elegante, en m\u00faltiples colores y dise\u00f1os. Este collar rojo, con juego de aretes, combina a la perfecci\u00f3n con cualquier atuendo para ir a laborar, a una actividad social o en un domingo perfecto. Si deseas ver m\u00e1s de<a href=\"https:\/\/soymigrante.com\/mercado\/set-collar-y-aretes-soru-elegance-rojo\"> Soru, entra a su tienda en MERCADO.<\/a><\/p>\t\t\t\t\t\t\t\t<\/div>\n\t\t\t\t\t<\/div>\n\t\t\t\t<\/div>\n\t\t<div data-particle_enable=\"false\" data-particle-mobile-disabled=\"false\" class=\"elementor-element elementor-element-f591ba8 e-flex e-con-boxed e-con e-parent\" data-id=\"f591ba8\" data-element_type=\"container\" data-e-type=\"container\">\n\t\t\t\t\t<div class=\"e-con-inner\">\n\t\t\t\t<div class=\"elementor-element elementor-element-b8d013c elementor-widget elementor-widget-heading\" data-id=\"b8d013c\" data-element_type=\"widget\" data-e-type=\"widget\" data-widget_type=\"heading.default\">\n\t\t\t\t\t<h2 class=\"elementor-heading-title elementor-size-default\">Detr\u00e1s de cada emprendimiento hay una gran historia<\/h2>\t\t\t\t<\/div>\n\t\t\t\t\t<\/div>\n\t\t\t\t<\/div>\n\t\t<div data-particle_enable=\"false\" data-particle-mobile-disabled=\"false\" class=\"elementor-element elementor-element-74589d1 e-flex e-con-boxed e-con e-parent\" data-id=\"74589d1\" data-element_type=\"container\" data-e-type=\"container\">\n\t\t\t\t\t<div class=\"e-con-inner\">\n\t\t\t\t<div class=\"elementor-element elementor-element-4559d68 elementor-grid-eael-col-3 elementor-grid-tablet-eael-col-2 elementor-grid-mobile-eael-col-1 elementor-widget elementor-widget-eael-post-grid\" data-id=\"4559d68\" data-element_type=\"widget\" data-e-type=\"widget\" data-settings=\"{&quot;eael_post_grid_columns&quot;:&quot;eael-col-3&quot;,&quot;eael_post_grid_columns_tablet&quot;:&quot;eael-col-2&quot;,&quot;eael_post_grid_columns_mobile&quot;:&quot;eael-col-1&quot;}\" data-widget_type=\"eael-post-grid.default\">\n\t\t\t\t\t<div id=\"eael-post-grid-4559d68\" class=\"eael-post-grid-container\">\n            <div class=\"eael-post-grid eael-post-appender eael-post-appender-4559d68 eael-post-grid-style-one\" data-layout-mode=\"masonry\"><article class=\"eael-grid-post  eael-post-grid-column eael-pg-post-46859 category-guate-nuestra tags-mercado-emprendedores\" data-id=\"46859\">\n        <div class=\"eael-grid-post-holder\">\n            <div class=\"eael-grid-post-holder-inner\"><div class=\"eael-entry-media\"><div class=\"eael-entry-overlay fade-in\"><i class=\"far fa-hand-pointer\" aria-hidden=\"true\"><\/i><a href=\"https:\/\/soymigrante.com\/revista\/10-motivos-para-preferir-cafe-guatemalteco-de-productores-locales-que-estan-en-mercado\/\"><\/a><\/div><div class=\"eael-entry-thumbnail eael-image-ratio\">\n                <img loading=\"lazy\" decoding=\"async\" width=\"421\" height=\"416\" src=\"https:\/\/soymigrante.com\/revista\/wp-content\/uploads\/2025\/10\/CAFE-GUATEMALTECO-productores-locales-MERCADO-2.png\" class=\"attachment-large size-large wp-image-46861\" alt=\"CAFE GUATEMALTECO productores locales MERCADO 2\" srcset=\"https:\/\/soymigrante.com\/revista\/wp-content\/uploads\/2025\/10\/CAFE-GUATEMALTECO-productores-locales-MERCADO-2.png 421w, https:\/\/soymigrante.com\/revista\/wp-content\/uploads\/2025\/10\/CAFE-GUATEMALTECO-productores-locales-MERCADO-2-300x296.png 300w, https:\/\/soymigrante.com\/revista\/wp-content\/uploads\/2025\/10\/CAFE-GUATEMALTECO-productores-locales-MERCADO-2-75x75.png 75w\" sizes=\"(max-width: 421px) 100vw, 421px\" \/>\n            <\/div>\n        <\/div><div class=\"eael-entry-wrapper\"><header class=\"eael-entry-header\"><h2 class=\"eael-entry-title\"><a class=\"eael-grid-post-link\" href=\"https:\/\/soymigrante.com\/revista\/10-motivos-para-preferir-cafe-guatemalteco-de-productores-locales-que-estan-en-mercado\/\" title=\"10 motivos para preferir caf\u00e9 guatemalteco de productores locales que est\u00e1n en MERCADO\">10 motivos para preferir caf\u00e9 guatemalteco de productores locales que est\u00e1n en MERCADO<\/a><\/h2><\/header><div class=\"eael-entry-content\">\n                        <div class=\"eael-grid-post-excerpt\"><a href=\"https:\/\/soymigrante.com\/revista\/10-motivos-para-preferir-cafe-guatemalteco-de-productores-locales-que-estan-en-mercado\/\" class=\"eael-post-elements-readmore-btn\">CONOCE SU HISTORIA <\/a><\/div>\n                    <\/div><\/div><\/div>\n        <\/div>\n    <\/article><article class=\"eael-grid-post  eael-post-grid-column eael-pg-post-33668 category-guate-nuestra tags-mercado-emprendedores\" data-id=\"33668\">\n        <div class=\"eael-grid-post-holder\">\n            <div class=\"eael-grid-post-holder-inner\"><div class=\"eael-entry-media\"><div class=\"eael-entry-overlay fade-in\"><i class=\"far fa-hand-pointer\" aria-hidden=\"true\"><\/i><a href=\"https:\/\/soymigrante.com\/revista\/adolfo-figueroa-dio-un-giro-a-su-profesion-de-ingeniero-para-elaborar-las-espumillas-brothaus\/\"><\/a><\/div><div class=\"eael-entry-thumbnail eael-image-ratio\">\n                <img loading=\"lazy\" decoding=\"async\" width=\"768\" height=\"1024\" src=\"https:\/\/soymigrante.com\/revista\/wp-content\/uploads\/2025\/05\/Adolfo-Figueroa2-768x1024.jpeg\" class=\"attachment-large size-large wp-image-33669\" alt=\"Recetas tradicionales mexicanas preparadas por migrantes en un ambiente de cocina comunitaria, resaltando la cultura, uni\u00f3n y el trabajo en equipo.\" srcset=\"https:\/\/soymigrante.com\/revista\/wp-content\/uploads\/2025\/05\/Adolfo-Figueroa2-768x1024.jpeg 768w, https:\/\/soymigrante.com\/revista\/wp-content\/uploads\/2025\/05\/Adolfo-Figueroa2-225x300.jpeg 225w, https:\/\/soymigrante.com\/revista\/wp-content\/uploads\/2025\/05\/Adolfo-Figueroa2-750x1000.jpeg 750w, https:\/\/soymigrante.com\/revista\/wp-content\/uploads\/2025\/05\/Adolfo-Figueroa2.webp 960w\" sizes=\"(max-width: 768px) 100vw, 768px\" \/>\n            <\/div>\n        <\/div><div class=\"eael-entry-wrapper\"><header class=\"eael-entry-header\"><h2 class=\"eael-entry-title\"><a class=\"eael-grid-post-link\" href=\"https:\/\/soymigrante.com\/revista\/adolfo-figueroa-dio-un-giro-a-su-profesion-de-ingeniero-para-elaborar-las-espumillas-brothaus\/\" title=\"Adolfo Figueroa dio un giro a su profesi\u00f3n de ingeniero para elaborar las espumillas Brothaus\">Adolfo Figueroa dio un giro a su profesi\u00f3n de ingeniero para elaborar las espumillas Brothaus<\/a><\/h2><\/header><div class=\"eael-entry-content\">\n                        <div class=\"eael-grid-post-excerpt\"><a href=\"https:\/\/soymigrante.com\/revista\/adolfo-figueroa-dio-un-giro-a-su-profesion-de-ingeniero-para-elaborar-las-espumillas-brothaus\/\" class=\"eael-post-elements-readmore-btn\">CONOCE SU HISTORIA <\/a><\/div>\n                    <\/div><\/div><\/div>\n        <\/div>\n    <\/article><article class=\"eael-grid-post  eael-post-grid-column eael-pg-post-42866 category-guate-nuestra tags-mercado-emprendedores\" data-id=\"42866\">\n        <div class=\"eael-grid-post-holder\">\n            <div class=\"eael-grid-post-holder-inner\"><div class=\"eael-entry-media\"><div class=\"eael-entry-overlay fade-in\"><i class=\"far fa-hand-pointer\" aria-hidden=\"true\"><\/i><a href=\"https:\/\/soymigrante.com\/revista\/un-elote-con-historia-en-el-emprendimiento-de-las-hermanas-gil\/\"><\/a><\/div><div class=\"eael-entry-thumbnail eael-image-ratio\">\n                <img loading=\"lazy\" decoding=\"async\" width=\"526\" height=\"526\" src=\"https:\/\/soymigrante.com\/revista\/wp-content\/uploads\/2025\/08\/altair.webp\" class=\"attachment-large size-large wp-image-42952\" alt=\"Botellas de productos cosm\u00e9ticos en un laboratorio de fabricaci\u00f3n, mujer trabajando con \u00e9tica en el sector cosm\u00e9tico, innovaci\u00f3n en la industria de belleza para emigrantes en Latinoam\u00e9rica.\" srcset=\"https:\/\/soymigrante.com\/revista\/wp-content\/uploads\/2025\/08\/altair.webp 526w, https:\/\/soymigrante.com\/revista\/wp-content\/uploads\/2025\/08\/altair-300x300.png 300w, https:\/\/soymigrante.com\/revista\/wp-content\/uploads\/2025\/08\/altair-150x150.png 150w, https:\/\/soymigrante.com\/revista\/wp-content\/uploads\/2025\/08\/altair-75x75.webp 75w\" sizes=\"(max-width: 526px) 100vw, 526px\" \/>\n            <\/div>\n        <\/div><div class=\"eael-entry-wrapper\"><header class=\"eael-entry-header\"><h2 class=\"eael-entry-title\"><a class=\"eael-grid-post-link\" href=\"https:\/\/soymigrante.com\/revista\/un-elote-con-historia-en-el-emprendimiento-de-las-hermanas-gil\/\" title=\"Altahir, emprendimiento de productos cosm\u00e9ticos de las hermanas Gil de Amatitl\u00e1n, est\u00e1 en SoyMigrante.com MERCADO\">Altahir, emprendimiento de productos cosm\u00e9ticos de las hermanas Gil de Amatitl\u00e1n, est\u00e1 en SoyMigrante.com MERCADO<\/a><\/h2><\/header><div class=\"eael-entry-content\">\n                        <div class=\"eael-grid-post-excerpt\"><a href=\"https:\/\/soymigrante.com\/revista\/un-elote-con-historia-en-el-emprendimiento-de-las-hermanas-gil\/\" class=\"eael-post-elements-readmore-btn\">CONOCE SU HISTORIA <\/a><\/div>\n                    <\/div><\/div><\/div>\n        <\/div>\n    <\/article><\/div>\n            <div class=\"clearfix\"><\/div>\n        <\/div>            <div class=\"eael-load-more-button-wrap eael-force-hide\">\n                <button class=\"eael-load-more-button\" id=\"eael-load-more-btn-4559d68\" data-widget-id=\"4559d68\" data-widget=\"4559d68\" data-page-id=\"49499\" data-template=\"{&quot;dir&quot;:&quot;lite&quot;,&quot;file_name&quot;:&quot;one.php&quot;,&quot;name&quot;:&quot;Post-Grid&quot;}\" data-class=\"Essential_Addons_Elementor\\Elements\\Post_Grid\" data-layout=\"masonry\" data-page=\"1\" data-args=\"orderby=title&amp;order=asc&amp;ignore_sticky_posts=1&amp;post_status=publish&amp;posts_per_page=3&amp;offset=0&amp;post_type=post&amp;tax_query%5B0%5D%5Btaxonomy%5D=post_tag&amp;tax_query%5B0%5D%5Bfield%5D=term_id&amp;tax_query%5B0%5D%5Bterms%5D%5B0%5D=130&amp;tax_query%5Brelation%5D=AND\" data-max-page=\"35\">\n                    <span class=\"eael-btn-loader button__loader\"><\/span>\n                    <span class=\"eael_load_more_text\">Load More<\/span>\n                <\/button>\n            <\/div>\n            \t\t\t\t<\/div>\n\t\t\t\t\t<\/div>\n\t\t\t\t<\/div>\n\t\t\t\t<\/div>\n\t\t","protected":false},"excerpt":{"rendered":"<p>\u00a1No te compliques! Encuentra el obsequio perfecto, original y elaborado por talento guatemalteco, para esta Navidad en SoyMigrante.com MERCADO.\u00a0 Esta es una peque\u00f1a selecci\u00f3n de la gran variedad disponible para que mires, elijas,\u00a0 hagas tu pedido y recibas en la puerta de tu casa. Hay de todo para todos los gustos. Obsequia lo mejor, lo [&hellip;]<\/p>\n","protected":false},"author":1,"featured_media":49533,"comment_status":"open","ping_status":"open","sticky":false,"template":"","format":"standard","meta":{"_acf_changed":false,"_eb_attr":"","footnotes":""},"categories":[58],"tags":[],"class_list":["post-49499","post","type-post","status-publish","format-standard","has-post-thumbnail","hentry","category-guate-nuestra"],"acf":[],"aioseo_notices":[],"aioseo_head":"\n\t\t<!-- All in One SEO Pro 4.9.6.2 - aioseo.com -->\n\t<meta name=\"description\" content=\"Al finalizar la grabaci\u00f3n de video para el emprendimiento Altahir de esencias arom\u00e1ticas y cosm\u00e9ticas, en Amatitl\u00e1n, se comparti\u00f3 un elote cocido con historia.\" \/>\n\t<meta name=\"robots\" content=\"max-snippet:-1, max-image-preview:large, max-video-preview:-1\" \/>\n\t<meta name=\"author\" content=\"Gustavo Montenegro\"\/>\n\t<link rel=\"canonical\" href=\"https:\/\/soymigrante.com\/revista\/un-elote-con-historia-en-el-emprendimiento-de-las-hermanas-gil\/\" \/>\n\t<meta name=\"generator\" content=\"All in One SEO Pro (AIOSEO) 4.9.6.2\" \/>\n\n\t\t<link rel=\"preconnect\" href=\"https:\/\/fonts.googleapis.com\" crossorigin>\n<link rel=\"preconnect\" href=\"https:\/\/fonts.gstatic.com\" crossorigin>\n\t\t<meta property=\"og:locale\" content=\"es_ES\" \/>\n\t\t<meta property=\"og:site_name\" content=\"SoyMigrante.com REVISTA \u2013 Nuestra misi\u00f3n es reconocer y dignificar al migrante.\" \/>\n\t\t<meta property=\"og:type\" content=\"article\" \/>\n\t\t<meta property=\"og:title\" content=\"Un elote cocido en casa de las hermanas emprendedorras Gil\" \/>\n\t\t<meta property=\"og:description\" content=\"Al finalizar la grabaci\u00f3n de video para el emprendimiento Altahir de esencias arom\u00e1ticas y cosm\u00e9ticas, en Amatitl\u00e1n, se comparti\u00f3 un elote cocido con historia.\" \/>\n\t\t<meta property=\"og:url\" content=\"https:\/\/soymigrante.com\/revista\/un-elote-con-historia-en-el-emprendimiento-de-las-hermanas-gil\/\" \/>\n\t\t<meta property=\"og:image\" content=\"https:\/\/soymigrante.com\/revista\/wp-content\/uploads\/2025\/08\/altair.webp\" \/>\n\t\t<meta property=\"og:image:secure_url\" content=\"https:\/\/soymigrante.com\/revista\/wp-content\/uploads\/2025\/08\/altair.webp\" \/>\n\t\t<meta property=\"og:image:width\" content=\"526\" \/>\n\t\t<meta property=\"og:image:height\" content=\"526\" \/>\n\t\t<meta property=\"article:published_time\" content=\"2026-04-12T13:22:59+00:00\" \/>\n\t\t<meta property=\"article:modified_time\" content=\"2026-04-12T13:23:06+00:00\" \/>\n\t\t<meta property=\"article:publisher\" content=\"https:\/\/www.facebook.com\/soymigrantecom\" \/>\n\t\t<meta name=\"twitter:card\" content=\"summary_large_image\" \/>\n\t\t<meta name=\"twitter:site\" content=\"@SoyMigrante_com\" \/>\n\t\t<meta name=\"twitter:title\" content=\"Un elote cocido en casa de las hermanas emprendedorras Gil\" \/>\n\t\t<meta name=\"twitter:description\" content=\"Al finalizar la grabaci\u00f3n de video para el emprendimiento Altahir de esencias arom\u00e1ticas y cosm\u00e9ticas, en Amatitl\u00e1n, se comparti\u00f3 un elote cocido con historia.\" \/>\n\t\t<meta name=\"twitter:creator\" content=\"@SoyMigrante_com\" \/>\n\t\t<meta name=\"twitter:image\" content=\"https:\/\/soymigrante.com\/revista\/wp-content\/uploads\/2025\/08\/altair.webp\" \/>\n\t\t<!-- All in One SEO Pro -->\r\n\t\t<title>Un elote cocido en casa de las hermanas emprendedorras Gil<\/title>\n\n","aioseo_head_json":{"title":"Un elote cocido en casa de las hermanas emprendedorras Gil","description":"Al finalizar la grabaci\u00f3n de video para el emprendimiento Altahir de esencias arom\u00e1ticas y cosm\u00e9ticas, en Amatitl\u00e1n, se comparti\u00f3 un elote cocido con historia.","canonical_url":"https:\/\/soymigrante.com\/revista\/un-elote-con-historia-en-el-emprendimiento-de-las-hermanas-gil\/","robots":"max-snippet:-1, max-image-preview:large, max-video-preview:-1","keywords":"","webmasterTools":{"miscellaneous":"&lt;link rel=\"preconnect\" href=\"https:\/\/fonts.googleapis.com\" crossorigin&gt;\n&lt;link rel=\"preconnect\" href=\"https:\/\/fonts.gstatic.com\" crossorigin&gt;"},"schema":null,"og:locale":"es_ES","og:site_name":"SoyMigrante.com REVISTA \u2013 Nuestra misi\u00f3n es reconocer y dignificar al migrante.","og:type":"article","og:title":"Un elote cocido en casa de las hermanas emprendedorras Gil","og:description":"Al finalizar la grabaci\u00f3n de video para el emprendimiento Altahir de esencias arom\u00e1ticas y cosm\u00e9ticas, en Amatitl\u00e1n, se comparti\u00f3 un elote cocido con historia.","og:url":"https:\/\/soymigrante.com\/revista\/un-elote-con-historia-en-el-emprendimiento-de-las-hermanas-gil\/","og:image":"https:\/\/soymigrante.com\/revista\/wp-content\/uploads\/2025\/08\/altair.webp","og:image:secure_url":"https:\/\/soymigrante.com\/revista\/wp-content\/uploads\/2025\/08\/altair.webp","og:image:width":526,"og:image:height":526,"article:published_time":"2026-04-12T13:22:59+00:00","article:modified_time":"2026-04-12T13:23:06+00:00","article:publisher":"https:\/\/www.facebook.com\/soymigrantecom","twitter:card":"summary_large_image","twitter:site":"@SoyMigrante_com","twitter:title":"Un elote cocido en casa de las hermanas emprendedorras Gil","twitter:description":"Al finalizar la grabaci\u00f3n de video para el emprendimiento Altahir de esencias arom\u00e1ticas y cosm\u00e9ticas, en Amatitl\u00e1n, se comparti\u00f3 un elote cocido con historia.","twitter:creator":"@SoyMigrante_com","twitter:image":"https:\/\/soymigrante.com\/revista\/wp-content\/uploads\/2025\/08\/altair.webp"},"aioseo_meta_data":{"post_id":"49499","title":"En MERCADO hallar\u00e1s el obsequio perfecto para Navidad","description":"Sorprende positivamente obsequiando estos detalles HECHOS por manos guatemaltecas. Te llegar\u00e1 hasta tu casa. Mira, elige y pide en SoyMigrante.com MERCADO","keywords":null,"keyphrases":{"focus":{"keyphrase":"Mercado","score":91,"analysis":{"keyphraseInTitle":{"score":9,"maxScore":9,"error":0},"keyphraseInDescription":{"score":9,"maxScore":9,"error":0},"keyphraseLength":{"score":9,"maxScore":9,"error":0,"length":1},"keyphraseInURL":{"score":5,"maxScore":5,"error":0},"keyphraseInIntroduction":{"score":9,"maxScore":9,"error":0},"keyphraseInSubHeadings":{"score":3,"maxScore":9,"error":1},"keyphraseInImageAlt":{"score":9,"maxScore":9,"error":0},"keywordDensity":{"type":"best","score":9,"maxScore":9,"error":0}}},"additional":[{"keyphrase":"Regalos","score":40,"analysis":{"keyphraseInDescription":{"score":3,"maxScore":9,"error":1},"keyphraseLength":{"score":9,"maxScore":9,"error":0,"length":1},"keyphraseInIntroduction":{"score":3,"maxScore":9,"error":1},"keyphraseInImageAlt":{"score":3,"maxScore":9,"error":1},"keywordDensity":{"score":0,"type":"low","maxScore":9,"error":1}}}]},"primary_term":null,"canonical_url":null,"og_title":null,"og_description":null,"og_object_type":"default","og_image_type":"default","og_image_url":null,"og_image_width":null,"og_image_height":null,"og_image_custom_url":null,"og_image_custom_fields":null,"og_video":"","og_custom_url":null,"og_article_section":null,"og_article_tags":null,"twitter_use_og":false,"twitter_card":"default","twitter_image_type":"default","twitter_image_url":null,"twitter_image_custom_url":null,"twitter_image_custom_fields":null,"twitter_title":null,"twitter_description":null,"schema":{"blockGraphs":[],"customGraphs":[],"default":{"data":{"Article":[],"Course":[],"Dataset":[],"FAQPage":[],"Movie":[],"Person":[],"Product":[],"ProductReview":[],"Car":[],"Recipe":[],"Service":[],"SoftwareApplication":[],"WebPage":[]},"graphName":"NewsArticle","isEnabled":true},"graphs":[]},"schema_type":"default","schema_type_options":null,"pillar_content":false,"robots_default":true,"robots_noindex":false,"robots_noarchive":false,"robots_nosnippet":false,"robots_nofollow":false,"robots_noimageindex":false,"robots_noodp":false,"robots_notranslate":false,"robots_max_snippet":"-1","robots_max_videopreview":"-1","robots_max_imagepreview":"large","priority":null,"frequency":"default","local_seo":null,"seo_analyzer_scan_date":"2025-12-08 13:33:05","breadcrumb_settings":null,"limit_modified_date":false,"reviewed_by":"0","open_ai":null,"ai":{"faqs":[],"keyPoints":[],"titles":[],"descriptions":[],"socialPosts":{"email":[],"linkedin":[],"twitter":[],"facebook":[],"instagram":[]}},"created":"2025-12-08 12:11:06","updated":"2026-02-05 07:41:13"},"aioseo_breadcrumb":"<div class=\"aioseo-breadcrumbs\"><span class=\"aioseo-breadcrumb\">\n\t<a href=\"https:\/\/soymigrante.com\/revista\" title=\"Home\">Home<\/a>\n<\/span><span class=\"aioseo-breadcrumb-separator\">\u00bb<\/span><span class=\"aioseo-breadcrumb\">\n\t<a href=\"https:\/\/soymigrante.com\/revista\/category\/guate-nuestra\/\" title=\"Guate Nuestra\">Guate Nuestra<\/a>\n<\/span><span class=\"aioseo-breadcrumb-separator\">\u00bb<\/span><span class=\"aioseo-breadcrumb\">\n\tObsequios hechos en Guatemala con calidad e identidad est\u00e1n en MERCADO: Mira, elige, recibe\n<\/span><\/div>","aioseo_breadcrumb_json":[{"label":"Home","link":"https:\/\/soymigrante.com\/revista"},{"label":"Guate Nuestra","link":"https:\/\/soymigrante.com\/revista\/category\/guate-nuestra\/"},{"label":"Obsequios hechos en Guatemala con calidad e identidad est\u00e1n en MERCADO: Mira, elige, recibe","link":"https:\/\/soymigrante.com\/revista\/obsequios-hechos-en-guatemala-con-calidad-e-identidad-estan-en-mercado-mira-elige-recibe\/"}],"_links":{"self":[{"href":"https:\/\/soymigrante.com\/revista\/wp-json\/wp\/v2\/posts\/49499","targetHints":{"allow":["GET"]}}],"collection":[{"href":"https:\/\/soymigrante.com\/revista\/wp-json\/wp\/v2\/posts"}],"about":[{"href":"https:\/\/soymigrante.com\/revista\/wp-json\/wp\/v2\/types\/post"}],"author":[{"embeddable":true,"href":"https:\/\/soymigrante.com\/revista\/wp-json\/wp\/v2\/users\/1"}],"replies":[{"embeddable":true,"href":"https:\/\/soymigrante.com\/revista\/wp-json\/wp\/v2\/comments?post=49499"}],"version-history":[{"count":18,"href":"https:\/\/soymigrante.com\/revista\/wp-json\/wp\/v2\/posts\/49499\/revisions"}],"predecessor-version":[{"id":49532,"href":"https:\/\/soymigrante.com\/revista\/wp-json\/wp\/v2\/posts\/49499\/revisions\/49532"}],"wp:featuredmedia":[{"embeddable":true,"href":"https:\/\/soymigrante.com\/revista\/wp-json\/wp\/v2\/media\/49533"}],"wp:attachment":[{"href":"https:\/\/soymigrante.com\/revista\/wp-json\/wp\/v2\/media?parent=49499"}],"wp:term":[{"taxonomy":"category","embeddable":true,"href":"https:\/\/soymigrante.com\/revista\/wp-json\/wp\/v2\/categories?post=49499"},{"taxonomy":"post_tag","embeddable":true,"href":"https:\/\/soymigrante.com\/revista\/wp-json\/wp\/v2\/tags?post=49499"}],"curies":[{"name":"wp","href":"https:\/\/api.w.org\/{rel}","templated":true}]}}