{"id":49313,"date":"2025-12-07T11:43:19","date_gmt":"2025-12-07T17:43:19","guid":{"rendered":"https:\/\/soymigrante.com\/revista\/?p=49313"},"modified":"2025-12-09T12:07:36","modified_gmt":"2025-12-09T18:07:36","slug":"guatemalteca-silvia-consuelo-moran-impulsa-el-servicio-y-la-solidaridad-migrante-en-chicago","status":"publish","type":"post","link":"https:\/\/soymigrante.com\/revista\/guatemalteca-silvia-consuelo-moran-impulsa-el-servicio-y-la-solidaridad-migrante-en-chicago\/","title":{"rendered":"Guatemalteca Silvia Consuelo Mor\u00e1n impulsa el servicio y la solidaridad migrante en Chicago"},"content":{"rendered":"\t\t<div data-elementor-type=\"wp-post\" data-elementor-id=\"49313\" class=\"elementor elementor-49313\" data-elementor-post-type=\"post\">\n\t\t\t\t<div data-particle_enable=\"false\" data-particle-mobile-disabled=\"false\" class=\"elementor-element elementor-element-9edd33f e-flex e-con-boxed e-con e-parent\" data-id=\"9edd33f\" data-element_type=\"container\" data-e-type=\"container\">\n\t\t\t\t\t<div class=\"e-con-inner\">\n\t\t\t\t<div class=\"elementor-element elementor-element-d9ae15e elementor-widget elementor-widget-heading\" data-id=\"d9ae15e\" data-element_type=\"widget\" data-e-type=\"widget\" data-widget_type=\"heading.default\">\n\t\t\t\t\t<h2 class=\"elementor-heading-title elementor-size-default\">Silvia Mor\u00e1n vive en Cicero, Chicago: ella es madre abnegada, migrante solidaria,   hija agradecida, pero sobre todo una guatemalteca que da testimonio de valores en acci\u00f3n.<\/h2>\t\t\t\t<\/div>\n\t\t\t\t<div class=\"elementor-element elementor-element-420766a elementor-widget elementor-widget-html\" data-id=\"420766a\" data-element_type=\"widget\" data-e-type=\"widget\" data-widget_type=\"html.default\">\n\t\t\t\t\t<div id=\"buzzsprout-player-18325866\"><\/div><script src=\"https:\/\/www.buzzsprout.com\/2444168\/episodes\/18325866-silvia-moran-servicio-de-la-comunidad-con-amor-de-madre-en-cicero-chicago.js?container_id=buzzsprout-player-18325866&player=small\" type=\"text\/javascript\" charset=\"utf-8\"><\/script>\t\t\t\t<\/div>\n\t\t\t\t\t<\/div>\n\t\t\t\t<\/div>\n\t\t<div data-particle_enable=\"false\" data-particle-mobile-disabled=\"false\" class=\"elementor-element elementor-element-1a6c155 e-flex e-con-boxed e-con e-parent\" data-id=\"1a6c155\" data-element_type=\"container\" data-e-type=\"container\">\n\t\t\t\t\t<div class=\"e-con-inner\">\n\t\t\t\t<div class=\"elementor-element elementor-element-70b90b2 elementor-widget elementor-widget-text-editor\" data-id=\"70b90b2\" data-element_type=\"widget\" data-e-type=\"widget\" data-widget_type=\"text-editor.default\">\n\t\t\t\t\t\t\t\t\t<p data-start=\"364\" data-end=\"929\">La amatitlaneca Silvia Mor\u00e1n ya tiene pedidos unos 300 <a href=\"https:\/\/soymigrante.com\/revista\/tamales-de-guatemala-variedad-y-recetas-de-una-tradicion-de-sabor\/\">tamales<\/a> para la pr\u00f3xima Navidad, en Cicero, Chicago. &#8220;Siempre hago otros 200 a 250 extra para quienes los piden de \u00faltima hora. Calculo que este a\u00f1o haremos entre 500 y 700&#8221;.<\/p><p data-start=\"364\" data-end=\"929\">Se hace acompa\u00f1ar, para esta entrevista, de la fotograf\u00eda de su padre. Su sonrisa c\u00e1lida, su don de servicio, su inter\u00e9s por ayudar a los dem\u00e1s vienen de su ejemplo. \u201cMis pap\u00e1s son la\u00a0<span data-start=\"599\" data-end=\"652\">\u00a0raz\u00f3n por la cual yo soy lo que soy hoy en d\u00eda<\/span>\u201d, dice con firmeza.\u00a0<\/p><p data-start=\"364\" data-end=\"929\">\u201c<span data-start=\"674\" data-end=\"928\">Mis valores, mis costumbres y mis tradiciones se deben a mis pap\u00e1s. Mi pap\u00e1 es Juan Julio Mor\u00e1n, era electricista autorizado. Si alguien le ped\u00eda un servicio y no pod\u00eda pagar, le ayuda&#8221;.\u00a0<\/span>De su mam\u00e1 Alicia Agapita Hern\u00e1ndez, tambi\u00e9n guarda un recuerdo de bondad.\u00a0 Silvia Mor\u00e1n creci\u00f3 en Amatitl\u00e1n, creci\u00f3 en el barrio\u00a0El Rosario, \u201c<span data-start=\"1162\" data-end=\"1217\">a una cuadra del r\u00edo Michatoya, cuando todav\u00eda se pod\u00eda nadar<\/span>\u201d.\u00a0\u00a0<\/p>\t\t\t\t\t\t\t\t<\/div>\n\t\t\t\t\t<\/div>\n\t\t\t\t<\/div>\n\t\t<div data-particle_enable=\"false\" data-particle-mobile-disabled=\"false\" class=\"elementor-element elementor-element-1cdea8d e-flex e-con-boxed e-con e-parent\" data-id=\"1cdea8d\" data-element_type=\"container\" data-e-type=\"container\">\n\t\t\t\t\t<div class=\"e-con-inner\">\n\t\t\t\t<div class=\"elementor-element elementor-element-aa5e5d9 elementor-widget elementor-widget-image\" data-id=\"aa5e5d9\" data-element_type=\"widget\" data-e-type=\"widget\" data-widget_type=\"image.default\">\n\t\t\t\t\t\t\t\t\t\t\t\t<figure class=\"wp-caption\">\n\t\t\t\t\t\t\t\t\t\t<img fetchpriority=\"high\" decoding=\"async\" width=\"1140\" height=\"570\" src=\"https:\/\/soymigrante.com\/revista\/wp-content\/uploads\/2025\/12\/silvia-moran-1140x570.webp\" class=\"attachment-large size-large wp-image-49476\" alt=\"Silvia Consuelo Mor\u00e1n, migrante guatemalteca en Cicero, Chicago, se involucra en voluntariado y servicio a la comunidad. En esta imagen participa en actividades de seguridad escolar y posa para la foto junto a su hijo menor.\" srcset=\"https:\/\/soymigrante.com\/revista\/wp-content\/uploads\/2025\/12\/silvia-moran-1140x570.webp 1140w, https:\/\/soymigrante.com\/revista\/wp-content\/uploads\/2025\/12\/silvia-moran-300x150.webp 300w, https:\/\/soymigrante.com\/revista\/wp-content\/uploads\/2025\/12\/silvia-moran-768x384.webp 768w, https:\/\/soymigrante.com\/revista\/wp-content\/uploads\/2025\/12\/silvia-moran-360x180.webp 360w, https:\/\/soymigrante.com\/revista\/wp-content\/uploads\/2025\/12\/silvia-moran-750x375.webp 750w, https:\/\/soymigrante.com\/revista\/wp-content\/uploads\/2025\/12\/silvia-moran.webp 1348w\" sizes=\"(max-width: 1140px) 100vw, 1140px\" title=\"Silvia Consuelo Mor\u00e1n, migrante guatemalteca en Cicero, Chicago, se involucra en voluntariado y servicio a la comunidad. En esta imagen participa en actividades de seguridad escolar y posa para la foto junto a su hijo menor. \u2013 SoyMigrante.com REVISTA\" \/>\t\t\t\t\t\t\t\t\t\t\t<figcaption class=\"widget-image-caption wp-caption-text\">Silvia Consuelo Mor\u00e1n, migrante guatemalteca en Cicero, Chicago, se involucra en voluntariado y servicio a la comunidad. En esta imagen participa en actividades de seguridad escolar y posa para la foto junto a su hijo menor. <\/figcaption>\n\t\t\t\t\t\t\t\t\t\t<\/figure>\n\t\t\t\t\t\t\t\t\t<\/div>\n\t\t\t\t\t<\/div>\n\t\t\t\t<\/div>\n\t\t<div data-particle_enable=\"false\" data-particle-mobile-disabled=\"false\" class=\"elementor-element elementor-element-fc6ea81 e-flex e-con-boxed e-con e-parent\" data-id=\"fc6ea81\" data-element_type=\"container\" data-e-type=\"container\">\n\t\t\t\t\t<div class=\"e-con-inner\">\n\t\t\t\t<div class=\"elementor-element elementor-element-b5ba11a elementor-widget elementor-widget-heading\" data-id=\"b5ba11a\" data-element_type=\"widget\" data-e-type=\"widget\" data-widget_type=\"heading.default\">\n\t\t\t\t\t<h3 class=\"elementor-heading-title elementor-size-default\">Un nuevo y dif\u00edcil comienzo<\/h3>\t\t\t\t<\/div>\n\t\t\t\t\t<\/div>\n\t\t\t\t<\/div>\n\t\t<div data-particle_enable=\"false\" data-particle-mobile-disabled=\"false\" class=\"elementor-element elementor-element-352894d e-flex e-con-boxed e-con e-parent\" data-id=\"352894d\" data-element_type=\"container\" data-e-type=\"container\">\n\t\t\t\t\t<div class=\"e-con-inner\">\n\t\t\t\t<div class=\"elementor-element elementor-element-7cf8d1f elementor-widget elementor-widget-text-editor\" data-id=\"7cf8d1f\" data-element_type=\"widget\" data-e-type=\"widget\" data-widget_type=\"text-editor.default\">\n\t\t\t\t\t\t\t\t\t<p data-start=\"364\" data-end=\"929\">Hace 21 a\u00f1os migr\u00f3 a Estados Unidos. Silvia Consuelo ya llevaba un t\u00edtulo universitario de Licenciatura en Administraci\u00f3n de Sistemas, que no val\u00eda nada en el Norte.\u00a0 &#8220;Al llegar a Chicago\u00a0<span data-start=\"1426\" data-end=\"1565\">me vi perdida: porque es un mundo diferente. Llegas a algo que no conoces y a empezar de nuevo<\/span>\u201d.\u00a0<\/p><p data-start=\"1357\" data-end=\"1879\">\u201c<span data-start=\"1702\" data-end=\"1878\">Cuando t\u00fa llegas aqu\u00ed, te tienes que acoplar\u2026 yo tra\u00eda la idea de trabajar en lo que me gradu\u00e9, pero no conoces a nadie, el t\u00edtulo universitario de Guatemala no tiene validez, aunque\u00a0tengas experiencia y sepas de tecnolog\u00eda<\/span>\u201d<\/p><p data-start=\"1881\" data-end=\"2290\">Ese choque encendi\u00f3 entonces otra herencia familiar: la cocina.\u00a0\u201c<span data-start=\"1937\" data-end=\"2043\">Empec\u00e9 a vender caldo de res y otras comidas guatemaltecas. Empec\u00e9 dentro del edificio de apartamentos donde viv\u00edamos.<\/span>\u201d<\/p><p data-start=\"1881\" data-end=\"2290\">Pero no era improvisaci\u00f3n: \u201c<span data-start=\"2070\" data-end=\"2151\">Tambi\u00e9n saqu\u00e9 un t\u00edtulo de chef\u2026 y conozco de nuestras tradiciones gastron\u00f3micas guatemaltecas.<\/span>\u201d\u00a0No solo vende tamales, sino tambi\u00e9n <a href=\"https:\/\/soymigrante.com\/revista\/receta-de-paches-quezaltecos-de-papa-que-delicia\/\">paches<\/a> al estilo amatitlaneco, que se degustan cada quince d\u00edas .<\/p>\t\t\t\t\t\t\t\t<\/div>\n\t\t\t\t\t<\/div>\n\t\t\t\t<\/div>\n\t\t<div data-particle_enable=\"false\" data-particle-mobile-disabled=\"false\" class=\"elementor-element elementor-element-8a99693 e-flex e-con-boxed e-con e-parent\" data-id=\"8a99693\" data-element_type=\"container\" data-e-type=\"container\">\n\t\t\t\t\t<div class=\"e-con-inner\">\n\t\t\t\t<div class=\"elementor-element elementor-element-6e6b745 elementor-widget elementor-widget-html\" data-id=\"6e6b745\" data-element_type=\"widget\" data-e-type=\"widget\" data-widget_type=\"html.default\">\n\t\t\t\t\t<iframe src=\"https:\/\/www.facebook.com\/plugins\/post.php?href=https%3A%2F%2Fwww.facebook.com%2Fconsuelo.moran.319%2Fposts%2Fpfbid0wYd2jVE3jJJFgtx7Uwpr8Wh2swF4Svj7DAvJmHDeBHaxkaMHKACfvyNrfUMKA3uLl&show_text=true&width=500\" width=\"500\" height=\"627\" style=\"border:none;overflow:hidden\" scrolling=\"no\" frameborder=\"0\" allowfullscreen=\"true\" allow=\"autoplay; clipboard-write; encrypted-media; picture-in-picture; web-share\"><\/iframe>\t\t\t\t<\/div>\n\t\t\t\t\t<\/div>\n\t\t\t\t<\/div>\n\t\t<div data-particle_enable=\"false\" data-particle-mobile-disabled=\"false\" class=\"elementor-element elementor-element-494e714 e-flex e-con-boxed e-con e-parent\" data-id=\"494e714\" data-element_type=\"container\" data-e-type=\"container\">\n\t\t\t\t\t<div class=\"e-con-inner\">\n\t\t\t\t<div class=\"elementor-element elementor-element-0f169b7 elementor-widget elementor-widget-heading\" data-id=\"0f169b7\" data-element_type=\"widget\" data-e-type=\"widget\" data-widget_type=\"heading.default\">\n\t\t\t\t\t<h3 class=\"elementor-heading-title elementor-size-default\">Apoya a mujeres v\u00edctimas de violencia<\/h3>\t\t\t\t<\/div>\n\t\t\t\t\t<\/div>\n\t\t\t\t<\/div>\n\t\t<div data-particle_enable=\"false\" data-particle-mobile-disabled=\"false\" class=\"elementor-element elementor-element-8ff2331 e-flex e-con-boxed e-con e-parent\" data-id=\"8ff2331\" data-element_type=\"container\" data-e-type=\"container\">\n\t\t\t\t\t<div class=\"e-con-inner\">\n\t\t\t\t<div class=\"elementor-element elementor-element-7e10518 elementor-widget elementor-widget-text-editor\" data-id=\"7e10518\" data-element_type=\"widget\" data-e-type=\"widget\" data-widget_type=\"text-editor.default\">\n\t\t\t\t\t\t\t\t\t<p data-start=\"364\" data-end=\"929\">Pero la vocaci\u00f3n m\u00e1s profunda de Silvia Consuelo Mor\u00e1n no solo est\u00e1 est\u00e1 en la cocina, sino tambi\u00e9n en el servicio a la comunidad. Silvia trabaja en una instituci\u00f3n que atiende casos de violencia dom\u00e9stica. &#8220;Es un problema serio, pero a menudo los casos no se conocen, porque las v\u00edctimas tienen miedo. Sin embargo se pueden salvar vidas con ese trabajo&#8221;.<\/p><p data-start=\"2292\" data-end=\"2805\">&#8220;Hay muchas <a href=\"https:\/\/soymigrante.com\/revista\/mucho-ojo-senales-de-una-pareja-potencialmente-violenta\/\">mujeres v\u00edctimas de violencia<\/a>, que usualmente son madres. Busco ayudas econ\u00f3micas para ellas: comida, vestuario, zapatos. Pero a su vez esta ayuda se extiende a familias en necesidad, que a menudo necesitan alimentos&#8221;.<\/p><p data-start=\"2292\" data-end=\"2805\">Su filosof\u00eda de servicio a la comunidad naci\u00f3 de una necesidad personal: \u201c<span data-start=\"2881\" data-end=\"3119\">Yo llevaba mi identificaci\u00f3n de Guatemala para cambiar alguna mercanc\u00eda en las tiendas y me dec\u00edan: perdona, pero este pa\u00eds no est\u00e1 registrado en el sistema. \u00bfC\u00f3mo que no? Entonces dije: yo tengo que hacer algo, tengo que demostrar de d\u00f3nde soy.<\/span>\u201d<\/p><p data-start=\"3122\" data-end=\"3585\">As\u00ed naci\u00f3 <span data-start=\"3132\" data-end=\"3166\">Guatemaltecos Unidos en Cicero<\/span>, un grupo comunitario que se ha convertido en puente, refugio y celebraci\u00f3n. \u201c<span data-start=\"3245\" data-end=\"3396\">Trabajamos de la mano para ayudar\u2026 no solo a nuestros\u00a0 hermanos guatemaltecos sino a toda persona que diga: necesito comida, necesito ayuda. Buscamos la manera de pedir ayuda.<\/span>\u201d<\/p>\t\t\t\t\t\t\t\t<\/div>\n\t\t\t\t\t<\/div>\n\t\t\t\t<\/div>\n\t\t<div data-particle_enable=\"false\" data-particle-mobile-disabled=\"false\" class=\"elementor-element elementor-element-2393c83 e-flex e-con-boxed e-con e-parent\" data-id=\"2393c83\" data-element_type=\"container\" data-e-type=\"container\">\n\t\t\t\t\t<div class=\"e-con-inner\">\n\t\t\t\t<div class=\"elementor-element elementor-element-33bcd76 elementor-widget elementor-widget-image\" data-id=\"33bcd76\" data-element_type=\"widget\" data-e-type=\"widget\" data-widget_type=\"image.default\">\n\t\t\t\t\t\t\t\t\t\t\t\t<figure class=\"wp-caption\">\n\t\t\t\t\t\t\t\t\t\t<img decoding=\"async\" width=\"749\" height=\"600\" src=\"https:\/\/soymigrante.com\/revista\/wp-content\/uploads\/2025\/12\/silvia-consuelo-moran-2.png\" class=\"attachment-large size-large wp-image-49477\" alt=\"Para la conversaci\u00f3n con SoyMigrante.com Silvia Consuelo Mor\u00e1n se hizo acompa\u00f1ar del retrato de su padre, Julio Mor\u00e1n, electricista de Amatitl\u00e1n, quien le inculc\u00f3 con el ejemplo la actitud de servicio a los dem\u00e1s.\" srcset=\"https:\/\/soymigrante.com\/revista\/wp-content\/uploads\/2025\/12\/silvia-consuelo-moran-2.png 749w, https:\/\/soymigrante.com\/revista\/wp-content\/uploads\/2025\/12\/silvia-consuelo-moran-2-300x240.png 300w\" sizes=\"(max-width: 749px) 100vw, 749px\" title=\"Para la conversaci\u00f3n con SoyMigrante.com Silvia Consuelo Mor\u00e1n se hizo acompa\u00f1ar del retrato de su padre, Julio Mor\u00e1n, electricista de Amatitl\u00e1n, quien le inculc\u00f3 con el ejemplo la actitud de servicio a los dem\u00e1s. \u2013 SoyMigrante.com REVISTA\" \/>\t\t\t\t\t\t\t\t\t\t\t<figcaption class=\"widget-image-caption wp-caption-text\">Para la conversaci\u00f3n con SoyMigrante.com Silvia Consuelo Mor\u00e1n se hizo acompa\u00f1ar del retrato de su padre, Julio Mor\u00e1n, electricista de Amatitl\u00e1n, quien le inculc\u00f3 con el ejemplo la actitud de servicio a los dem\u00e1s.<\/figcaption>\n\t\t\t\t\t\t\t\t\t\t<\/figure>\n\t\t\t\t\t\t\t\t\t<\/div>\n\t\t\t\t\t<\/div>\n\t\t\t\t<\/div>\n\t\t<div data-particle_enable=\"false\" data-particle-mobile-disabled=\"false\" class=\"elementor-element elementor-element-ecb7557 e-flex e-con-boxed e-con e-parent\" data-id=\"ecb7557\" data-element_type=\"container\" data-e-type=\"container\">\n\t\t\t\t\t<div class=\"e-con-inner\">\n\t\t\t\t<div class=\"elementor-element elementor-element-3c4b2fe elementor-widget elementor-widget-heading\" data-id=\"3c4b2fe\" data-element_type=\"widget\" data-e-type=\"widget\" data-widget_type=\"heading.default\">\n\t\t\t\t\t<h3 class=\"elementor-heading-title elementor-size-default\">Reconocida por sus aportes<\/h3>\t\t\t\t<\/div>\n\t\t\t\t\t<\/div>\n\t\t\t\t<\/div>\n\t\t<div data-particle_enable=\"false\" data-particle-mobile-disabled=\"false\" class=\"elementor-element elementor-element-57ded27 e-flex e-con-boxed e-con e-parent\" data-id=\"57ded27\" data-element_type=\"container\" data-e-type=\"container\">\n\t\t\t\t\t<div class=\"e-con-inner\">\n\t\t\t\t<div class=\"elementor-element elementor-element-6685f82 elementor-widget elementor-widget-text-editor\" data-id=\"6685f82\" data-element_type=\"widget\" data-e-type=\"widget\" data-widget_type=\"text-editor.default\">\n\t\t\t\t\t\t\t\t\t<p data-start=\"364\" data-end=\"929\">Su trabajo ha sido reconocido con premios como <em data-start=\"3634\" data-end=\"3646\">\u00c1ngel 2024<\/em> y <em data-start=\"3649\" data-end=\"3672\">Universal Awards 2025<\/em>. \u201c<span data-start=\"3675\" data-end=\"3822\">Sin darte cuenta caminas, y hay alguien que te ve y te nomina. Pero no es que busque reconocimiento, pero s\u00ed visibilidad de las necesidades que existen, para despertar m\u00e1s apoyo<\/span>\u201d.<\/p><p data-start=\"3122\" data-end=\"3585\">Silvia predica con el ejemplo y sus tres\u00a0 hijos, que van creciendo en estatura y en conocimiento, son su orgullo. \u201c<span data-start=\"3912\" data-end=\"3970\">Ellos son la base fundamental de mi coraz\u00f3n\u2026 mi motor.<\/span>\u201d Han crecido ayudando en actividades, recogiendo basura, apoyando ancianos, participando junto a ella en cada esfuerzo comunitario. Silvia se emociona al hablar de ellos:<\/p><p data-start=\"3122\" data-end=\"3585\">\u201c<span data-start=\"4147\" data-end=\"4267\">Ser madre soltera\u2026 al principio dices: no voy a poder. Pero s\u00ed puedes, porque ellos son una raz\u00f3n viva para avanzar.<\/span>\u201d El mayor de sus hijos est\u00e1 por graduarse de ingenier\u00eda en aeron\u00e1utica; los otros dos a\u00fan est\u00e1n en la escuela, pero tienen grandes objetivos.<\/p><p data-start=\"4270\" data-end=\"4461\">El sue\u00f1o de Silvia Consuelo es claro, grande y firme, anclado en el servicio.\u00a0\u00a0\u201c<span data-start=\"4314\" data-end=\"4460\">Llegar a tener una comunidad guatemalteca unida grande, no solo en Cicero sino en todo Chicago<\/span>\u201d<\/p><p data-start=\"4463\" data-end=\"4756\">Silvia Mor\u00e1n no pide reconocimiento; construye comunidad.<br data-start=\"4520\" data-end=\"4523\" \/>No persigue reflectores; abre caminos.\u00a0No habla de fronteras; habla de personas.\u00a0Y desde Chicago, sigue demostrando que una migrante guatemalteca puede transformar una ciudad entera\u2026 sin perder nunca el coraz\u00f3n amatitlaneco.<\/p>\t\t\t\t\t\t\t\t<\/div>\n\t\t\t\t\t<\/div>\n\t\t\t\t<\/div>\n\t\t<div data-particle_enable=\"false\" data-particle-mobile-disabled=\"false\" class=\"elementor-element elementor-element-10667cd e-flex e-con-boxed e-con e-parent\" data-id=\"10667cd\" data-element_type=\"container\" data-e-type=\"container\">\n\t\t\t\t\t<div class=\"e-con-inner\">\n\t\t\t\t<div class=\"elementor-element elementor-element-0f6e501 elementor-widget elementor-widget-image\" data-id=\"0f6e501\" data-element_type=\"widget\" data-e-type=\"widget\" data-widget_type=\"image.default\">\n\t\t\t\t\t\t\t\t\t\t\t\t<figure class=\"wp-caption\">\n\t\t\t\t\t\t\t\t\t\t<img decoding=\"async\" width=\"687\" height=\"419\" src=\"https:\/\/soymigrante.com\/revista\/wp-content\/uploads\/2025\/12\/silvia-consuelo-moran-premio.png\" class=\"attachment-large size-large wp-image-49478\" alt=\"Silvia Consuelo Mor\u00e1n, a la derecha, se hizo acompa\u00f1ar de sus tres hijos para recibir el galard\u00f3n por su labor de servicio comunitario. Les acompa\u00f1a la actriz mexicana Katie Barbieri, invitada especial del evento organizado por Juan Vald\u00e9z\" srcset=\"https:\/\/soymigrante.com\/revista\/wp-content\/uploads\/2025\/12\/silvia-consuelo-moran-premio.png 687w, https:\/\/soymigrante.com\/revista\/wp-content\/uploads\/2025\/12\/silvia-consuelo-moran-premio-300x183.png 300w\" sizes=\"(max-width: 687px) 100vw, 687px\" title=\"Silvia Consuelo Mor\u00e1n, a la derecha, se hizo acompa\u00f1ar de sus tres hijos para recibir el galard\u00f3n por su labor de servicio comunitario. Les acompa\u00f1a la actriz mexicana Katie Barbieri, invitada especial del evento organizado por Juan Vald\u00e9z \u2013 SoyMigrante.com REVISTA\" \/>\t\t\t\t\t\t\t\t\t\t\t<figcaption class=\"widget-image-caption wp-caption-text\">Silvia Consuelo Mor\u00e1n, a la derecha, se hizo acompa\u00f1ar de sus tres hijos para recibir el galard\u00f3n por su labor de servicio comunitario. Les acompa\u00f1a la actriz mexicana Katie Barbieri, invitada especial del evento organizado por Juan Vald\u00e9z<\/figcaption>\n\t\t\t\t\t\t\t\t\t\t<\/figure>\n\t\t\t\t\t\t\t\t\t<\/div>\n\t\t\t\t\t<\/div>\n\t\t\t\t<\/div>\n\t\t<div data-particle_enable=\"false\" data-particle-mobile-disabled=\"false\" class=\"elementor-element elementor-element-f518dc2 e-flex e-con-boxed e-con e-parent\" data-id=\"f518dc2\" data-element_type=\"container\" data-e-type=\"container\">\n\t\t\t\t\t<div class=\"e-con-inner\">\n\t\t\t\t<div class=\"elementor-element elementor-element-ad7b215 elementor-widget elementor-widget-heading\" data-id=\"ad7b215\" data-element_type=\"widget\" data-e-type=\"widget\" data-widget_type=\"heading.default\">\n\t\t\t\t\t<h2 class=\"elementor-heading-title elementor-size-default\">Guatemaltecas sin fronteras<\/h2>\t\t\t\t<\/div>\n\t\t\t\t\t<\/div>\n\t\t\t\t<\/div>\n\t\t<div data-particle_enable=\"false\" data-particle-mobile-disabled=\"false\" class=\"elementor-element elementor-element-51002bc e-flex e-con-boxed e-con e-parent\" data-id=\"51002bc\" data-element_type=\"container\" data-e-type=\"container\">\n\t\t\t\t\t<div class=\"e-con-inner\">\n\t\t\t\t<div class=\"elementor-element elementor-element-801d82f elementor-grid-eael-col-3 elementor-grid-tablet-eael-col-2 elementor-grid-mobile-eael-col-1 elementor-widget elementor-widget-eael-post-grid\" data-id=\"801d82f\" data-element_type=\"widget\" data-e-type=\"widget\" data-settings=\"{&quot;eael_post_grid_columns&quot;:&quot;eael-col-3&quot;,&quot;eael_post_grid_columns_tablet&quot;:&quot;eael-col-2&quot;,&quot;eael_post_grid_columns_mobile&quot;:&quot;eael-col-1&quot;}\" data-widget_type=\"eael-post-grid.default\">\n\t\t\t\t\t<div id=\"eael-post-grid-801d82f\" class=\"eael-post-grid-container\">\n            <div class=\"eael-post-grid eael-post-appender eael-post-appender-801d82f eael-post-grid-style-one\" data-layout-mode=\"masonry\"><article class=\"eael-grid-post  eael-post-grid-column eael-pg-post-30210 category-exitos-guatemala\" data-id=\"30210\">\n        <div class=\"eael-grid-post-holder\">\n            <div class=\"eael-grid-post-holder-inner\"><div class=\"eael-entry-media\"><div class=\"eael-entry-overlay fade-in\"><i class=\"far fa-hand-pointer\" aria-hidden=\"true\"><\/i><a href=\"https:\/\/soymigrante.com\/revista\/amalia-moreno-damgaard-chef-guatemalteca-en-minnesota-historia\/\"><\/a><\/div><div class=\"eael-entry-thumbnail eael-image-ratio\">\n                <img loading=\"lazy\" decoding=\"async\" width=\"1024\" height=\"1024\" src=\"https:\/\/soymigrante.com\/revista\/wp-content\/uploads\/2025\/04\/chef-amalia-moreno-guatemalteca-guatemala-4-1024x1024.jpg\" class=\"attachment-large size-large wp-image-30245\" alt=\"Mujer sonriente con vestimenta tradicional en un entorno natural, resaltando la cultura ind\u00edgena y la diversidad en la comunidad migrante.\" srcset=\"https:\/\/soymigrante.com\/revista\/wp-content\/uploads\/2025\/04\/chef-amalia-moreno-guatemalteca-guatemala-4-1024x1024.jpg 1024w, https:\/\/soymigrante.com\/revista\/wp-content\/uploads\/2025\/04\/chef-amalia-moreno-guatemalteca-guatemala-4-300x300.jpg 300w, https:\/\/soymigrante.com\/revista\/wp-content\/uploads\/2025\/04\/chef-amalia-moreno-guatemalteca-guatemala-4-150x150.jpg 150w, https:\/\/soymigrante.com\/revista\/wp-content\/uploads\/2025\/04\/chef-amalia-moreno-guatemalteca-guatemala-4-768x768.jpg 768w, https:\/\/soymigrante.com\/revista\/wp-content\/uploads\/2025\/04\/chef-amalia-moreno-guatemalteca-guatemala-4-75x75.webp 75w, https:\/\/soymigrante.com\/revista\/wp-content\/uploads\/2025\/04\/chef-amalia-moreno-guatemalteca-guatemala-4-750x750.webp 750w, https:\/\/soymigrante.com\/revista\/wp-content\/uploads\/2025\/04\/chef-amalia-moreno-guatemalteca-guatemala-4-1140x1140.webp 1140w, https:\/\/soymigrante.com\/revista\/wp-content\/uploads\/2025\/04\/chef-amalia-moreno-guatemalteca-guatemala-4.webp 1440w\" sizes=\"(max-width: 1024px) 100vw, 1024px\" \/>\n            <\/div>\n        <\/div><div class=\"eael-entry-wrapper\"><header class=\"eael-entry-header\"><h2 class=\"eael-entry-title\"><a class=\"eael-grid-post-link\" href=\"https:\/\/soymigrante.com\/revista\/amalia-moreno-damgaard-chef-guatemalteca-en-minnesota-historia\/\" title=\"Llevar a Guatemala en el coraz\u00f3n es el ingrediente m\u00e1gico de Amalia Moreno-Damgaard, chef en Minnesota\">Llevar a Guatemala en el coraz\u00f3n es el ingrediente m\u00e1gico de Amalia Moreno-Damgaard, chef en Minnesota<\/a><\/h2><\/header><div class=\"eael-entry-content\">\n                        <div class=\"eael-grid-post-excerpt\"><a href=\"https:\/\/soymigrante.com\/revista\/amalia-moreno-damgaard-chef-guatemalteca-en-minnesota-historia\/\" class=\"eael-post-elements-readmore-btn\">CONOCE SU HISTORIA <\/a><\/div>\n                    <\/div><\/div><\/div>\n        <\/div>\n    <\/article><article class=\"eael-grid-post  eael-post-grid-column eael-pg-post-33014 category-exitos-guatemala\" data-id=\"33014\">\n        <div class=\"eael-grid-post-holder\">\n            <div class=\"eael-grid-post-holder-inner\"><div class=\"eael-entry-media\"><div class=\"eael-entry-overlay fade-in\"><i class=\"far fa-hand-pointer\" aria-hidden=\"true\"><\/i><a href=\"https:\/\/soymigrante.com\/revista\/artista-guatemalteca-sharley-rodriguez-vive-para-crear-y-crea-para-inspirar-en-nashville-tennessee\/\"><\/a><\/div><div class=\"eael-entry-thumbnail eael-image-ratio\">\n                <img loading=\"lazy\" decoding=\"async\" width=\"1024\" height=\"1024\" src=\"https:\/\/soymigrante.com\/revista\/wp-content\/uploads\/2025\/05\/shirley-rodriguez-pintora-guatemalteca-tennessee-cuadrada-1024x1024.jpg\" class=\"attachment-large size-large wp-image-33015\" alt=\"Coj\u00edn de piel con pintura art\u00edstica que representa la cultura y paisajes de M\u00e9xico, con tem\u00e1tica de migrantes y ra\u00edces mexicanas.\" srcset=\"https:\/\/soymigrante.com\/revista\/wp-content\/uploads\/2025\/05\/shirley-rodriguez-pintora-guatemalteca-tennessee-cuadrada-1024x1024.jpg 1024w, https:\/\/soymigrante.com\/revista\/wp-content\/uploads\/2025\/05\/shirley-rodriguez-pintora-guatemalteca-tennessee-cuadrada-300x300.jpg 300w, https:\/\/soymigrante.com\/revista\/wp-content\/uploads\/2025\/05\/shirley-rodriguez-pintora-guatemalteca-tennessee-cuadrada-150x150.jpg 150w, https:\/\/soymigrante.com\/revista\/wp-content\/uploads\/2025\/05\/shirley-rodriguez-pintora-guatemalteca-tennessee-cuadrada-768x768.jpg 768w, https:\/\/soymigrante.com\/revista\/wp-content\/uploads\/2025\/05\/shirley-rodriguez-pintora-guatemalteca-tennessee-cuadrada-75x75.webp 75w, https:\/\/soymigrante.com\/revista\/wp-content\/uploads\/2025\/05\/shirley-rodriguez-pintora-guatemalteca-tennessee-cuadrada-750x750.webp 750w, https:\/\/soymigrante.com\/revista\/wp-content\/uploads\/2025\/05\/shirley-rodriguez-pintora-guatemalteca-tennessee-cuadrada.webp 1094w\" sizes=\"(max-width: 1024px) 100vw, 1024px\" \/>\n            <\/div>\n        <\/div><div class=\"eael-entry-wrapper\"><header class=\"eael-entry-header\"><h2 class=\"eael-entry-title\"><a class=\"eael-grid-post-link\" href=\"https:\/\/soymigrante.com\/revista\/artista-guatemalteca-sharley-rodriguez-vive-para-crear-y-crea-para-inspirar-en-nashville-tennessee\/\" title=\"Artista guatemalteca Sharley Rodr\u00edguez vive para crear y crea para inspirar en Nashville, Tennessee\">Artista guatemalteca Sharley Rodr\u00edguez vive para crear y crea para inspirar en Nashville, Tennessee<\/a><\/h2><\/header><div class=\"eael-entry-content\">\n                        <div class=\"eael-grid-post-excerpt\"><a href=\"https:\/\/soymigrante.com\/revista\/artista-guatemalteca-sharley-rodriguez-vive-para-crear-y-crea-para-inspirar-en-nashville-tennessee\/\" class=\"eael-post-elements-readmore-btn\">CONOCE SU HISTORIA <\/a><\/div>\n                    <\/div><\/div><\/div>\n        <\/div>\n    <\/article><article class=\"eael-grid-post  eael-post-grid-column eael-pg-post-40717 category-exitos-guatemala\" data-id=\"40717\">\n        <div class=\"eael-grid-post-holder\">\n            <div class=\"eael-grid-post-holder-inner\"><div class=\"eael-entry-media\"><div class=\"eael-entry-overlay fade-in\"><i class=\"far fa-hand-pointer\" aria-hidden=\"true\"><\/i><a href=\"https:\/\/soymigrante.com\/revista\/griselda-cifuentes-migrante-guatemalteca-restaurante-chapin-en-las-vegas\/\"><\/a><\/div><div class=\"eael-entry-thumbnail eael-image-ratio\">\n                <img loading=\"lazy\" decoding=\"async\" width=\"730\" height=\"761\" src=\"https:\/\/soymigrante.com\/revista\/wp-content\/uploads\/2025\/07\/griselda-cifuentes-emprendedora-migrante-guatemalteca-las-vegas.png\" class=\"attachment-large size-large wp-image-40882\" alt=\"Soymigrante revista, mujer sonriente con masa en taller de cocina, comunidad migrante y cultura, recetas tradicionales mexicanas, integraci\u00f3n y solidaridad en actividades culturales, contenido multimedia de soymigrante.com.\" srcset=\"https:\/\/soymigrante.com\/revista\/wp-content\/uploads\/2025\/07\/griselda-cifuentes-emprendedora-migrante-guatemalteca-las-vegas.png 730w, https:\/\/soymigrante.com\/revista\/wp-content\/uploads\/2025\/07\/griselda-cifuentes-emprendedora-migrante-guatemalteca-las-vegas-288x300.png 288w\" sizes=\"(max-width: 730px) 100vw, 730px\" \/>\n            <\/div>\n        <\/div><div class=\"eael-entry-wrapper\"><header class=\"eael-entry-header\"><h2 class=\"eael-entry-title\"><a class=\"eael-grid-post-link\" href=\"https:\/\/soymigrante.com\/revista\/griselda-cifuentes-migrante-guatemalteca-restaurante-chapin-en-las-vegas\/\" title=\"\u201cEl Buen Sabor es mi sue\u00f1o\u201d: Griselda Cifuentes, migrante guatemalteca en Las Vegas\">\u201cEl Buen Sabor es mi sue\u00f1o\u201d: Griselda Cifuentes, migrante guatemalteca en Las Vegas<\/a><\/h2><\/header><div class=\"eael-entry-content\">\n                        <div class=\"eael-grid-post-excerpt\"><a href=\"https:\/\/soymigrante.com\/revista\/griselda-cifuentes-migrante-guatemalteca-restaurante-chapin-en-las-vegas\/\" class=\"eael-post-elements-readmore-btn\">CONOCE SU HISTORIA <\/a><\/div>\n                    <\/div><\/div><\/div>\n        <\/div>\n    <\/article><\/div>\n            <div class=\"clearfix\"><\/div>\n        <\/div>\t\t\t\t<\/div>\n\t\t\t\t\t<\/div>\n\t\t\t\t<\/div>\n\t\t\t\t<\/div>\n\t\t","protected":false},"excerpt":{"rendered":"<p>Silvia Mor\u00e1n vive en Cicero, Chicago: ella es madre abnegada, migrante solidaria, hija agradecida, pero sobre todo una guatemalteca que da testimonio de valores en acci\u00f3n. La amatitlaneca Silvia Mor\u00e1n ya tiene pedidos unos 300 tamales para la pr\u00f3xima Navidad, en Cicero, Chicago. &#8220;Siempre hago otros 200 a 250 extra para quienes los piden de [&hellip;]<\/p>\n","protected":false},"author":7,"featured_media":49470,"comment_status":"open","ping_status":"open","sticky":false,"template":"","format":"standard","meta":{"_acf_changed":false,"_eb_attr":"","footnotes":""},"categories":[50,274],"tags":[],"class_list":["post-49313","post","type-post","status-publish","format-standard","has-post-thumbnail","hentry","category-exitos","category-guatemala"],"acf":[],"aioseo_notices":[],"aioseo_head":"\n\t\t<!-- All in One SEO Pro 4.9.6.2 - aioseo.com -->\n\t<meta name=\"description\" content=\"Unico restaurante guatemalteco en Las Vegas fue fundado hace 20 a\u00f1os por Griselda Cifuentes, originaria de San Marcos. Pero su historia migrante inicia en 1984.\" \/>\n\t<meta name=\"robots\" content=\"max-snippet:-1, max-image-preview:large, max-video-preview:-1\" \/>\n\t<meta name=\"author\" content=\"Gustavo Montenegro\"\/>\n\t<link rel=\"canonical\" href=\"https:\/\/soymigrante.com\/revista\/griselda-cifuentes-migrante-guatemalteca-restaurante-chapin-en-las-vegas\/\" \/>\n\t<meta name=\"generator\" content=\"All in One SEO Pro (AIOSEO) 4.9.6.2\" \/>\n\n\t\t<link rel=\"preconnect\" href=\"https:\/\/fonts.googleapis.com\" crossorigin>\n<link rel=\"preconnect\" href=\"https:\/\/fonts.gstatic.com\" crossorigin>\n\t\t<meta property=\"og:locale\" content=\"es_ES\" \/>\n\t\t<meta property=\"og:site_name\" content=\"SoyMigrante.com REVISTA \u2013 Nuestra misi\u00f3n es reconocer y dignificar al migrante.\" \/>\n\t\t<meta property=\"og:type\" content=\"article\" \/>\n\t\t<meta property=\"og:title\" content=\"Griselda Cifuentes pone el sabor guatemalteco en Las Vegas\" \/>\n\t\t<meta property=\"og:description\" content=\"Unico restaurante guatemalteco en Las Vegas fue fundado hace 20 a\u00f1os por Griselda Cifuentes, originaria de San Marcos. Pero su historia migrante inicia en 1984.\" \/>\n\t\t<meta property=\"og:url\" content=\"https:\/\/soymigrante.com\/revista\/griselda-cifuentes-migrante-guatemalteca-restaurante-chapin-en-las-vegas\/\" \/>\n\t\t<meta property=\"og:image\" content=\"https:\/\/soymigrante.com\/revista\/wp-content\/uploads\/2025\/07\/griselda-cifuentes-emprendedora-migrante-guatemalteca-las-vegas.png\" \/>\n\t\t<meta property=\"og:image:secure_url\" content=\"https:\/\/soymigrante.com\/revista\/wp-content\/uploads\/2025\/07\/griselda-cifuentes-emprendedora-migrante-guatemalteca-las-vegas.png\" \/>\n\t\t<meta property=\"og:image:width\" content=\"730\" \/>\n\t\t<meta property=\"og:image:height\" content=\"761\" \/>\n\t\t<meta property=\"article:published_time\" content=\"2025-07-30T13:00:00+00:00\" \/>\n\t\t<meta property=\"article:modified_time\" content=\"2025-10-03T20:43:51+00:00\" \/>\n\t\t<meta property=\"article:publisher\" content=\"https:\/\/www.facebook.com\/soymigrantecom\" \/>\n\t\t<meta name=\"twitter:card\" content=\"summary_large_image\" \/>\n\t\t<meta name=\"twitter:site\" content=\"@SoyMigrante_com\" \/>\n\t\t<meta name=\"twitter:title\" content=\"Griselda Cifuentes pone el sabor guatemalteco en Las Vegas\" \/>\n\t\t<meta name=\"twitter:description\" content=\"Unico restaurante guatemalteco en Las Vegas fue fundado hace 20 a\u00f1os por Griselda Cifuentes, originaria de San Marcos. Pero su historia migrante inicia en 1984.\" \/>\n\t\t<meta name=\"twitter:creator\" content=\"@SoyMigrante_com\" \/>\n\t\t<meta name=\"twitter:image\" content=\"https:\/\/soymigrante.com\/revista\/wp-content\/uploads\/2025\/07\/griselda-cifuentes-emprendedora-migrante-guatemalteca-las-vegas.png\" \/>\n\t\t<!-- All in One SEO Pro -->\r\n\t\t<title>Griselda Cifuentes pone el sabor guatemalteco en Las Vegas<\/title>\n\n","aioseo_head_json":{"title":"Griselda Cifuentes pone el sabor guatemalteco en Las Vegas","description":"Unico restaurante guatemalteco en Las Vegas fue fundado hace 20 a\u00f1os por Griselda Cifuentes, originaria de San Marcos. Pero su historia migrante inicia en 1984.","canonical_url":"https:\/\/soymigrante.com\/revista\/griselda-cifuentes-migrante-guatemalteca-restaurante-chapin-en-las-vegas\/","robots":"max-snippet:-1, max-image-preview:large, max-video-preview:-1","keywords":"","webmasterTools":{"miscellaneous":"&lt;link rel=\"preconnect\" href=\"https:\/\/fonts.googleapis.com\" crossorigin&gt;\n&lt;link rel=\"preconnect\" href=\"https:\/\/fonts.gstatic.com\" crossorigin&gt;"},"schema":null,"og:locale":"es_ES","og:site_name":"SoyMigrante.com REVISTA \u2013 Nuestra misi\u00f3n es reconocer y dignificar al migrante.","og:type":"article","og:title":"Griselda Cifuentes pone el sabor guatemalteco en Las Vegas","og:description":"Unico restaurante guatemalteco en Las Vegas fue fundado hace 20 a\u00f1os por Griselda Cifuentes, originaria de San Marcos. Pero su historia migrante inicia en 1984.","og:url":"https:\/\/soymigrante.com\/revista\/griselda-cifuentes-migrante-guatemalteca-restaurante-chapin-en-las-vegas\/","og:image":"https:\/\/soymigrante.com\/revista\/wp-content\/uploads\/2025\/07\/griselda-cifuentes-emprendedora-migrante-guatemalteca-las-vegas.png","og:image:secure_url":"https:\/\/soymigrante.com\/revista\/wp-content\/uploads\/2025\/07\/griselda-cifuentes-emprendedora-migrante-guatemalteca-las-vegas.png","og:image:width":730,"og:image:height":761,"article:published_time":"2025-07-30T13:00:00+00:00","article:modified_time":"2025-10-03T20:43:51+00:00","article:publisher":"https:\/\/www.facebook.com\/soymigrantecom","twitter:card":"summary_large_image","twitter:site":"@SoyMigrante_com","twitter:title":"Griselda Cifuentes pone el sabor guatemalteco en Las Vegas","twitter:description":"Unico restaurante guatemalteco en Las Vegas fue fundado hace 20 a\u00f1os por Griselda Cifuentes, originaria de San Marcos. Pero su historia migrante inicia en 1984.","twitter:creator":"@SoyMigrante_com","twitter:image":"https:\/\/soymigrante.com\/revista\/wp-content\/uploads\/2025\/07\/griselda-cifuentes-emprendedora-migrante-guatemalteca-las-vegas.png"},"aioseo_meta_data":{"post_id":"49313","title":"Silvia Mor\u00e1n impulsa solidaridad migrante desde Chicago","description":"Migrante, madre e impulsora de nobles causas, Silvia Consuelo Mor\u00e1n impulsa el grupo Guatemaltecos en Cicero, Chicago. Nunca olvida sus ra\u00edces en Amatitl\u00e1n.","keywords":null,"keyphrases":{"focus":{"keyphrase":"Guatemalteca","score":63,"analysis":{"keyphraseInTitle":{"score":3,"maxScore":9,"error":1},"keyphraseInDescription":{"score":3,"maxScore":9,"error":1},"keyphraseLength":{"score":9,"maxScore":9,"error":0,"length":1},"keyphraseInURL":{"score":5,"maxScore":5,"error":0}}},"additional":[{"keyphrase":"Guatemala","score":67,"analysis":{"keyphraseInDescription":{"score":3,"maxScore":9,"error":1},"keyphraseLength":{"score":9,"maxScore":9,"error":0,"length":1}}},{"keyphrase":"Migrante","score":100,"analysis":{"keyphraseInDescription":{"score":9,"maxScore":9,"error":0},"keyphraseLength":{"score":9,"maxScore":9,"error":0,"length":1}}},{"keyphrase":"Chicago","score":100,"analysis":{"keyphraseInDescription":{"score":9,"maxScore":9,"error":0},"keyphraseLength":{"score":9,"maxScore":9,"error":0,"length":1}}}]},"primary_term":null,"canonical_url":null,"og_title":null,"og_description":null,"og_object_type":"default","og_image_type":"default","og_image_url":null,"og_image_width":null,"og_image_height":null,"og_image_custom_url":null,"og_image_custom_fields":null,"og_video":"","og_custom_url":null,"og_article_section":null,"og_article_tags":null,"twitter_use_og":false,"twitter_card":"default","twitter_image_type":"default","twitter_image_url":null,"twitter_image_custom_url":null,"twitter_image_custom_fields":null,"twitter_title":null,"twitter_description":null,"schema":{"blockGraphs":[],"customGraphs":[],"default":{"data":{"Article":[],"Course":[],"Dataset":[],"FAQPage":[],"Movie":[],"Person":[],"Product":[],"ProductReview":[],"Car":[],"Recipe":[],"Service":[],"SoftwareApplication":[],"WebPage":[]},"graphName":"NewsArticle","isEnabled":true},"graphs":[]},"schema_type":"default","schema_type_options":null,"pillar_content":false,"robots_default":true,"robots_noindex":false,"robots_noarchive":false,"robots_nosnippet":false,"robots_nofollow":false,"robots_noimageindex":false,"robots_noodp":false,"robots_notranslate":false,"robots_max_snippet":"-1","robots_max_videopreview":"-1","robots_max_imagepreview":"large","priority":null,"frequency":"default","local_seo":null,"seo_analyzer_scan_date":"2025-12-09 18:10:17","breadcrumb_settings":null,"limit_modified_date":false,"reviewed_by":"0","open_ai":null,"ai":{"faqs":[],"keyPoints":[],"titles":[],"descriptions":[],"socialPosts":{"email":[],"linkedin":[],"twitter":[],"facebook":[],"instagram":[]}},"created":"2025-12-05 11:45:58","updated":"2026-02-05 07:41:12"},"aioseo_breadcrumb":"<div class=\"aioseo-breadcrumbs\"><span class=\"aioseo-breadcrumb\">\n\t<a href=\"https:\/\/soymigrante.com\/revista\" title=\"Home\">Home<\/a>\n<\/span><span class=\"aioseo-breadcrumb-separator\">\u00bb<\/span><span class=\"aioseo-breadcrumb\">\n\t<a href=\"https:\/\/soymigrante.com\/revista\/category\/exitos\/\" title=\"\u00c9xitos\">\u00c9xitos<\/a>\n<\/span><span class=\"aioseo-breadcrumb-separator\">\u00bb<\/span><span class=\"aioseo-breadcrumb\">\n\t<a href=\"https:\/\/soymigrante.com\/revista\/category\/exitos\/guatemala\/\" title=\"Guatemala\">Guatemala<\/a>\n<\/span><span class=\"aioseo-breadcrumb-separator\">\u00bb<\/span><span class=\"aioseo-breadcrumb\">\n\tGuatemalteca Silvia Consuelo Mor\u00e1n impulsa el servicio y la solidaridad migrante en Chicago\n<\/span><\/div>","aioseo_breadcrumb_json":[{"label":"Home","link":"https:\/\/soymigrante.com\/revista"},{"label":"\u00c9xitos","link":"https:\/\/soymigrante.com\/revista\/category\/exitos\/"},{"label":"Guatemala","link":"https:\/\/soymigrante.com\/revista\/category\/exitos\/guatemala\/"},{"label":"Guatemalteca Silvia Consuelo Mor\u00e1n impulsa el servicio y la solidaridad migrante en Chicago","link":"https:\/\/soymigrante.com\/revista\/guatemalteca-silvia-consuelo-moran-impulsa-el-servicio-y-la-solidaridad-migrante-en-chicago\/"}],"_links":{"self":[{"href":"https:\/\/soymigrante.com\/revista\/wp-json\/wp\/v2\/posts\/49313","targetHints":{"allow":["GET"]}}],"collection":[{"href":"https:\/\/soymigrante.com\/revista\/wp-json\/wp\/v2\/posts"}],"about":[{"href":"https:\/\/soymigrante.com\/revista\/wp-json\/wp\/v2\/types\/post"}],"author":[{"embeddable":true,"href":"https:\/\/soymigrante.com\/revista\/wp-json\/wp\/v2\/users\/7"}],"replies":[{"embeddable":true,"href":"https:\/\/soymigrante.com\/revista\/wp-json\/wp\/v2\/comments?post=49313"}],"version-history":[{"count":11,"href":"https:\/\/soymigrante.com\/revista\/wp-json\/wp\/v2\/posts\/49313\/revisions"}],"predecessor-version":[{"id":49593,"href":"https:\/\/soymigrante.com\/revista\/wp-json\/wp\/v2\/posts\/49313\/revisions\/49593"}],"wp:featuredmedia":[{"embeddable":true,"href":"https:\/\/soymigrante.com\/revista\/wp-json\/wp\/v2\/media\/49470"}],"wp:attachment":[{"href":"https:\/\/soymigrante.com\/revista\/wp-json\/wp\/v2\/media?parent=49313"}],"wp:term":[{"taxonomy":"category","embeddable":true,"href":"https:\/\/soymigrante.com\/revista\/wp-json\/wp\/v2\/categories?post=49313"},{"taxonomy":"post_tag","embeddable":true,"href":"https:\/\/soymigrante.com\/revista\/wp-json\/wp\/v2\/tags?post=49313"}],"curies":[{"name":"wp","href":"https:\/\/api.w.org\/{rel}","templated":true}]}}