{"id":49256,"date":"2025-12-04T07:50:14","date_gmt":"2025-12-04T13:50:14","guid":{"rendered":"https:\/\/soymigrante.com\/revista\/?p=49256"},"modified":"2025-12-08T16:13:48","modified_gmt":"2025-12-08T22:13:48","slug":"como-se-celebra-la-navidad-en-guatemala-alguna-vez-te-lo-han-preguntado","status":"publish","type":"post","link":"https:\/\/soymigrante.com\/revista\/como-se-celebra-la-navidad-en-guatemala-alguna-vez-te-lo-han-preguntado\/","title":{"rendered":"C\u00f3mo se celebra la Navidad en Guatemala \u00bfAlguna vez te lo han preguntado?"},"content":{"rendered":"\t\t<div data-elementor-type=\"wp-post\" data-elementor-id=\"49256\" class=\"elementor elementor-49256\" data-elementor-post-type=\"post\">\n\t\t\t\t<div data-particle_enable=\"false\" data-particle-mobile-disabled=\"false\" class=\"elementor-element elementor-element-415b2a8 e-flex e-con-boxed e-con e-parent\" data-id=\"415b2a8\" data-element_type=\"container\" data-e-type=\"container\">\n\t\t\t\t\t<div class=\"e-con-inner\">\n\t\t\t\t<div class=\"elementor-element elementor-element-a192302 elementor-widget elementor-widget-heading\" data-id=\"a192302\" data-element_type=\"widget\" data-e-type=\"widget\" data-widget_type=\"heading.default\">\n\t\t\t\t\t<h2 class=\"elementor-heading-title elementor-size-default\">La Navidad en Guatemala tiene instantes de luz, momentos de alegr\u00eda y uni\u00f3n, tambi\u00e9n risas y sus cosas curiosas. Se vive de mil maneras pero quiz\u00e1 estas sean algunas que conozcas.<\/h2>\t\t\t\t<\/div>\n\t\t\t\t<div class=\"elementor-element elementor-element-28313d6 elementor-widget elementor-widget-html\" data-id=\"28313d6\" data-element_type=\"widget\" data-e-type=\"widget\" data-widget_type=\"html.default\">\n\t\t\t\t\t<div id=\"buzzsprout-player-18320845\"><\/div><script src=\"https:\/\/www.buzzsprout.com\/2444168\/episodes\/18320845-y-como-se-celebra-la-navidad-en-guatemala.js?container_id=buzzsprout-player-18320845&player=small\" type=\"text\/javascript\" charset=\"utf-8\"><\/script>\t\t\t\t<\/div>\n\t\t\t\t\t<\/div>\n\t\t\t\t<\/div>\n\t\t<div data-particle_enable=\"false\" data-particle-mobile-disabled=\"false\" class=\"elementor-element elementor-element-ae0029e e-flex e-con-boxed e-con e-parent\" data-id=\"ae0029e\" data-element_type=\"container\" data-e-type=\"container\">\n\t\t\t\t\t<div class=\"e-con-inner\">\n\t\t\t\t<div class=\"elementor-element elementor-element-f830389 elementor-widget elementor-widget-text-editor\" data-id=\"f830389\" data-element_type=\"widget\" data-e-type=\"widget\" data-widget_type=\"text-editor.default\">\n\t\t\t\t\t\t\t\t\t<p>Se supone que la Navidad empieza en diciembre. Pero en Guatemala, para algunos almacenes comenz\u00f3 desde octubre. Cuando un almac\u00e9n grande o una tienda de regalos de la esquina pone un Santa inflable y <a href=\"https:\/\/soymigrante.com\/revista\/deudas-de-tarjetas-de-credito-claves-para-evitar-que-se-vuelvan-problema\/\">en oferta <\/a>los primeros \u00e1rboles y series de luces (que quedaron guardados el a\u00f1o pasado). A partir de ah\u00ed, todos entendemos la se\u00f1al: ya viene el tiempo tan esperado, para compartir y alegrarse.\u00a0<\/p><p>Ya en noviembre se da la se\u00f1al definitiva de partida el cuando se enciende el Arbol Gallo, se comienzan a iluminar los frentes de las casas, en la radio y las redes sociales suenan las promociones y tambi\u00e9n empiezan <a href=\"https:\/\/soymigrante.com\/revista\/que-tiene-la-navidad-chapina-que-los-migrantes-la-recuerdan-tanto-mira-esta-lista\/\">los rezados<\/a>. <br \/>En fin estos son algunos momentos que evocan c\u00f3mo se celebra la Navidad (y toda la fiesta decembrina) en Guatemala.<\/p>\t\t\t\t\t\t\t\t<\/div>\n\t\t\t\t\t<\/div>\n\t\t\t\t<\/div>\n\t\t<div data-particle_enable=\"false\" data-particle-mobile-disabled=\"false\" class=\"elementor-element elementor-element-3ac7e40 e-flex e-con-boxed e-con e-parent\" data-id=\"3ac7e40\" data-element_type=\"container\" data-e-type=\"container\">\n\t\t\t\t\t<div class=\"e-con-inner\">\n\t\t\t\t<div class=\"elementor-element elementor-element-585082c elementor-widget elementor-widget-image\" data-id=\"585082c\" data-element_type=\"widget\" data-e-type=\"widget\" data-widget_type=\"image.default\">\n\t\t\t\t\t\t\t\t\t\t\t\t\t\t\t<img fetchpriority=\"high\" decoding=\"async\" width=\"1024\" height=\"1024\" src=\"https:\/\/soymigrante.com\/revista\/wp-content\/uploads\/2025\/12\/asi-se-celebra-la-navidad-en-guatemala-3.png\" class=\"attachment-large size-large wp-image-49341\" alt=\"asi se celebra la navidad en guatemala 3\" srcset=\"https:\/\/soymigrante.com\/revista\/wp-content\/uploads\/2025\/12\/asi-se-celebra-la-navidad-en-guatemala-3.png 1024w, https:\/\/soymigrante.com\/revista\/wp-content\/uploads\/2025\/12\/asi-se-celebra-la-navidad-en-guatemala-3-300x300.png 300w, https:\/\/soymigrante.com\/revista\/wp-content\/uploads\/2025\/12\/asi-se-celebra-la-navidad-en-guatemala-3-150x150.png 150w, https:\/\/soymigrante.com\/revista\/wp-content\/uploads\/2025\/12\/asi-se-celebra-la-navidad-en-guatemala-3-768x768.png 768w, https:\/\/soymigrante.com\/revista\/wp-content\/uploads\/2025\/12\/asi-se-celebra-la-navidad-en-guatemala-3-75x75.png 75w, https:\/\/soymigrante.com\/revista\/wp-content\/uploads\/2025\/12\/asi-se-celebra-la-navidad-en-guatemala-3-750x750.png 750w\" sizes=\"(max-width: 1024px) 100vw, 1024px\" title=\"asi se celebra la navidad en guatemala 3 \u2013 SoyMigrante.com REVISTA\" \/>\t\t\t\t\t\t\t\t\t\t\t\t\t\t\t<\/div>\n\t\t\t\t\t<\/div>\n\t\t\t\t<\/div>\n\t\t<div data-particle_enable=\"false\" data-particle-mobile-disabled=\"false\" class=\"elementor-element elementor-element-d8f2464 e-flex e-con-boxed e-con e-parent\" data-id=\"d8f2464\" data-element_type=\"container\" data-e-type=\"container\">\n\t\t\t\t\t<div class=\"e-con-inner\">\n\t\t\t\t<div class=\"elementor-element elementor-element-46a7e4e elementor-widget elementor-widget-text-editor\" data-id=\"46a7e4e\" data-element_type=\"widget\" data-e-type=\"widget\" data-widget_type=\"text-editor.default\">\n\t\t\t\t\t\t\t\t\t<h3>Ayuden a ordenar la casa<\/h3><p>La mam\u00e1 anuncia: \u201cHoy solo pasamos una escobita\u201d. Si no qu\u00e9 van a decir las visitas. O los familiares que vienen en estos d\u00edas. Y de pronto la casa queda patas arriba, los colchones al sol, las cortinas en la lavadora (o hay unas nuevas, de oferta). Alguien barre telara\u00f1as. \u00bfPor qu\u00e9 no pintamos la casa? O quiz\u00e1 es tiempo de comprar un sof\u00e1 nuevo. Cuando ya se acerca el 24, regar pino en el piso es un s\u00edmbolo de bienvenida.<\/p>\t\t\t\t\t\t\t\t<\/div>\n\t\t\t\t\t<\/div>\n\t\t\t\t<\/div>\n\t\t<div data-particle_enable=\"false\" data-particle-mobile-disabled=\"false\" class=\"elementor-element elementor-element-e490d58 e-flex e-con-boxed e-con e-parent\" data-id=\"e490d58\" data-element_type=\"container\" data-e-type=\"container\">\n\t\t\t\t\t<div class=\"e-con-inner\">\n\t\t\t\t<div class=\"elementor-element elementor-element-8982b6b elementor-widget elementor-widget-image\" data-id=\"8982b6b\" data-element_type=\"widget\" data-e-type=\"widget\" data-widget_type=\"image.default\">\n\t\t\t\t\t\t\t\t\t\t\t\t\t\t\t<img decoding=\"async\" width=\"1024\" height=\"1024\" src=\"https:\/\/soymigrante.com\/revista\/wp-content\/uploads\/2025\/12\/asi-se-celebra-la-navidad-en-guatemala-5.png\" class=\"attachment-large size-large wp-image-49346\" alt=\"asi se celebra la navidad en guatemala 5\" srcset=\"https:\/\/soymigrante.com\/revista\/wp-content\/uploads\/2025\/12\/asi-se-celebra-la-navidad-en-guatemala-5.png 1024w, https:\/\/soymigrante.com\/revista\/wp-content\/uploads\/2025\/12\/asi-se-celebra-la-navidad-en-guatemala-5-300x300.png 300w, https:\/\/soymigrante.com\/revista\/wp-content\/uploads\/2025\/12\/asi-se-celebra-la-navidad-en-guatemala-5-150x150.png 150w, https:\/\/soymigrante.com\/revista\/wp-content\/uploads\/2025\/12\/asi-se-celebra-la-navidad-en-guatemala-5-768x768.png 768w, https:\/\/soymigrante.com\/revista\/wp-content\/uploads\/2025\/12\/asi-se-celebra-la-navidad-en-guatemala-5-75x75.png 75w, https:\/\/soymigrante.com\/revista\/wp-content\/uploads\/2025\/12\/asi-se-celebra-la-navidad-en-guatemala-5-750x750.png 750w\" sizes=\"(max-width: 1024px) 100vw, 1024px\" title=\"asi se celebra la navidad en guatemala 5 \u2013 SoyMigrante.com REVISTA\" \/>\t\t\t\t\t\t\t\t\t\t\t\t\t\t\t<\/div>\n\t\t\t\t\t<\/div>\n\t\t\t\t<\/div>\n\t\t<div data-particle_enable=\"false\" data-particle-mobile-disabled=\"false\" class=\"elementor-element elementor-element-3ff9bc7 e-flex e-con-boxed e-con e-parent\" data-id=\"3ff9bc7\" data-element_type=\"container\" data-e-type=\"container\">\n\t\t\t\t\t<div class=\"e-con-inner\">\n\t\t\t\t<div class=\"elementor-element elementor-element-cb08fbe elementor-widget elementor-widget-text-editor\" data-id=\"cb08fbe\" data-element_type=\"widget\" data-e-type=\"widget\" data-widget_type=\"text-editor.default\">\n\t\t\t\t\t\t\t\t\t<h3>Hay que armar el nacimiento<\/h3><p>Armazones de madera y cajas no parecen pero ser\u00e1n monta\u00f1as y cerros. Tambi\u00e9n detendr\u00e1n un cielo con todo y estrellas de papel celof\u00e1n o bombitas como planetas para dar la bienvenida el Rey del Cielo.<\/p><p>De repente aparecen cajas que nadie vio en 11 meses. Entre ellas salen: un pastor sin cabeza, un borrego que parece perro, un rey mago que perdi\u00f3 el camello y los se\u00f1ores Mar\u00eda y Jos\u00e9, bien envueltos para que no se da\u00f1en, junto al Ni\u00f1o Dios que se queda guardado para ser colocado en la Nochebuena, es decir la noche el 24 de diciembre.<\/p><p>Pero igual se arma el nacimiento, grande o peque\u00f1o con monta\u00f1as hechas de papel caf\u00e9, musgo que huele a humedad ancestral, y un r\u00edo de papel aluminio. Vendedores de barro gigantes junto a camellos enanos. Reyes magos que a veces son hasta cinco, tres nuevos y dos sobrevivientes de otro juego.<\/p>\t\t\t\t\t\t\t\t<\/div>\n\t\t\t\t\t<\/div>\n\t\t\t\t<\/div>\n\t\t<div data-particle_enable=\"false\" data-particle-mobile-disabled=\"false\" class=\"elementor-element elementor-element-b5a5d4a e-flex e-con-boxed e-con e-parent\" data-id=\"b5a5d4a\" data-element_type=\"container\" data-e-type=\"container\">\n\t\t\t\t\t<div class=\"e-con-inner\">\n\t\t\t\t<div class=\"elementor-element elementor-element-e4436dd elementor-widget elementor-widget-image\" data-id=\"e4436dd\" data-element_type=\"widget\" data-e-type=\"widget\" data-widget_type=\"image.default\">\n\t\t\t\t\t\t\t\t\t\t\t\t\t\t\t<img decoding=\"async\" width=\"1024\" height=\"1024\" src=\"https:\/\/soymigrante.com\/revista\/wp-content\/uploads\/2025\/12\/como-se-celebra-la-navidad-en-guatemala-12.png\" class=\"attachment-large size-large wp-image-49347\" alt=\"como se celebra la navidad en guatemala 12\" srcset=\"https:\/\/soymigrante.com\/revista\/wp-content\/uploads\/2025\/12\/como-se-celebra-la-navidad-en-guatemala-12.png 1024w, https:\/\/soymigrante.com\/revista\/wp-content\/uploads\/2025\/12\/como-se-celebra-la-navidad-en-guatemala-12-300x300.png 300w, https:\/\/soymigrante.com\/revista\/wp-content\/uploads\/2025\/12\/como-se-celebra-la-navidad-en-guatemala-12-150x150.png 150w, https:\/\/soymigrante.com\/revista\/wp-content\/uploads\/2025\/12\/como-se-celebra-la-navidad-en-guatemala-12-768x768.png 768w, https:\/\/soymigrante.com\/revista\/wp-content\/uploads\/2025\/12\/como-se-celebra-la-navidad-en-guatemala-12-75x75.png 75w, https:\/\/soymigrante.com\/revista\/wp-content\/uploads\/2025\/12\/como-se-celebra-la-navidad-en-guatemala-12-750x750.png 750w\" sizes=\"(max-width: 1024px) 100vw, 1024px\" title=\"como se celebra la navidad en guatemala 12 \u2013 SoyMigrante.com REVISTA\" \/>\t\t\t\t\t\t\t\t\t\t\t\t\t\t\t<\/div>\n\t\t\t\t\t<\/div>\n\t\t\t\t<\/div>\n\t\t<div data-particle_enable=\"false\" data-particle-mobile-disabled=\"false\" class=\"elementor-element elementor-element-8aa9f40 e-flex e-con-boxed e-con e-parent\" data-id=\"8aa9f40\" data-element_type=\"container\" data-e-type=\"container\">\n\t\t\t\t\t<div class=\"e-con-inner\">\n\t\t\t\t<div class=\"elementor-element elementor-element-f42ba03 elementor-widget elementor-widget-text-editor\" data-id=\"f42ba03\" data-element_type=\"widget\" data-e-type=\"widget\" data-widget_type=\"text-editor.default\">\n\t\t\t\t\t\t\t\t\t<h3>El \u00e1rbol navide\u00f1o cobra vida gracias a la familia<\/h3><p>El \u00e1rbol se arma con la familia entera, aunque solo uno trabaja y todos los dem\u00e1s dan \u00f3rdenes: \u201cM\u00e1s para la izquierda\u201d, \u201cNo, muy torcido\u201d, \u201cEsa luz no combina\u201d. Al final queda hermoso, luminoso, cerca de la ventana para que se mire desde la calle. Por aqu\u00ed abajo se empezar\u00e1n a poner los regalos. Antes se le colgaban las tarjetas de cartulina pero hoy nadie manda nada de eso. \u00bfTe acuerdas cuando hab\u00eda tarjetas musicales? Hoy te mandan un reel.<\/p><h3>La banda sonora<\/h3><p>Guatemala en diciembre tiene tres sonidos garantizados: Villancicos tan repetidos como queridos: la canci\u00f3n de la marca B y B (aquella que dice &#8220;una mesa bien servida, una mesa distinguida&#8230;&#8221;,\u00a0 y el jingle del az\u00facar que comienza con &#8220;Hay alegr\u00eda en las calles de mi barrio&#8230;&#8221; <br \/>Pero tambi\u00e9n suenan el Burrito Sabanero y el cantante El Buki con &#8220;otro a\u00f1o que ya se ha ido, cu\u00e1ntas cosas han pasado&#8221;. Para no perder la identidad, tambi\u00e9n suena en marimba el son Nochebuena, aunque mucho m\u00e1s despu\u00e9s del 15 de diciembre.<\/p>\t\t\t\t\t\t\t\t<\/div>\n\t\t\t\t\t<\/div>\n\t\t\t\t<\/div>\n\t\t<div data-particle_enable=\"false\" data-particle-mobile-disabled=\"false\" class=\"elementor-element elementor-element-96fe32e e-flex e-con-boxed e-con e-parent\" data-id=\"96fe32e\" data-element_type=\"container\" data-e-type=\"container\">\n\t\t\t\t\t<div class=\"e-con-inner\">\n\t\t\t\t<div class=\"elementor-element elementor-element-ba5baf9 elementor-widget elementor-widget-html\" data-id=\"ba5baf9\" data-element_type=\"widget\" data-e-type=\"widget\" data-widget_type=\"html.default\">\n\t\t\t\t\t<iframe width=\"560\" height=\"315\" src=\"https:\/\/www.youtube.com\/embed\/3-0nO-bHkyc?si=lnAEltemDvEbZcso&amp;start=9\" title=\"YouTube video player\" frameborder=\"0\" allow=\"accelerometer; autoplay; clipboard-write; encrypted-media; gyroscope; picture-in-picture; web-share\" referrerpolicy=\"strict-origin-when-cross-origin\" allowfullscreen><\/iframe>\t\t\t\t<\/div>\n\t\t\t\t\t<\/div>\n\t\t\t\t<\/div>\n\t\t<div data-particle_enable=\"false\" data-particle-mobile-disabled=\"false\" class=\"elementor-element elementor-element-c5c8e09 e-flex e-con-boxed e-con e-parent\" data-id=\"c5c8e09\" data-element_type=\"container\" data-e-type=\"container\">\n\t\t\t\t\t<div class=\"e-con-inner\">\n\t\t\t\t<div class=\"elementor-element elementor-element-54859fd elementor-widget elementor-widget-text-editor\" data-id=\"54859fd\" data-element_type=\"widget\" data-e-type=\"widget\" data-widget_type=\"text-editor.default\">\n\t\t\t\t\t\t\t\t\t<h3>Cosas que pasan<\/h3><ul><li>Los perros del barrio entran oficialmente en modo ansiedad, por los cohetes. Pobrecitos.<\/li><li>Los ni\u00f1os entran en modo espera del anhelado juguete, un videojuego o un celular. No quieren ropa, aunque posiblemente eso es lo que tendr\u00e1n.<\/li><li>Los adultos entran en modo multiplicaci\u00f3n del aguinaldo, buscando ofertas y tratando a toda costa de evitar el tarjetazo.<\/li><li>En los parqueos por la tarde no cabe ni un alfiler \u00bfpor qu\u00e9 todos decidieron venir a este lugar a esta hora? es la pregunta usual<\/li><li>\u00bfY por qu\u00e9 no vamos a conseguir una pi\u00f1ata? (Otra salida, otra fila de autos y de sem\u00e1foros que de noche son otra serie de luces en intermitencias)<\/li><\/ul>\t\t\t\t\t\t\t\t<\/div>\n\t\t\t\t\t<\/div>\n\t\t\t\t<\/div>\n\t\t<div data-particle_enable=\"false\" data-particle-mobile-disabled=\"false\" class=\"elementor-element elementor-element-7560a63 e-flex e-con-boxed e-con e-parent\" data-id=\"7560a63\" data-element_type=\"container\" data-e-type=\"container\">\n\t\t\t\t\t<div class=\"e-con-inner\">\n\t\t\t\t<div class=\"elementor-element elementor-element-2c285e4 elementor-widget elementor-widget-image\" data-id=\"2c285e4\" data-element_type=\"widget\" data-e-type=\"widget\" data-widget_type=\"image.default\">\n\t\t\t\t\t\t\t\t\t\t\t\t\t\t\t<img loading=\"lazy\" decoding=\"async\" width=\"1024\" height=\"1024\" src=\"https:\/\/soymigrante.com\/revista\/wp-content\/uploads\/2025\/12\/asi-se-celebra-la-navidad-en-guatemala-1.png\" class=\"attachment-large size-large wp-image-49348\" alt=\"asi se celebra la navidad en guatemala 1\" srcset=\"https:\/\/soymigrante.com\/revista\/wp-content\/uploads\/2025\/12\/asi-se-celebra-la-navidad-en-guatemala-1.png 1024w, https:\/\/soymigrante.com\/revista\/wp-content\/uploads\/2025\/12\/asi-se-celebra-la-navidad-en-guatemala-1-300x300.png 300w, https:\/\/soymigrante.com\/revista\/wp-content\/uploads\/2025\/12\/asi-se-celebra-la-navidad-en-guatemala-1-150x150.png 150w, https:\/\/soymigrante.com\/revista\/wp-content\/uploads\/2025\/12\/asi-se-celebra-la-navidad-en-guatemala-1-768x768.png 768w, https:\/\/soymigrante.com\/revista\/wp-content\/uploads\/2025\/12\/asi-se-celebra-la-navidad-en-guatemala-1-75x75.png 75w, https:\/\/soymigrante.com\/revista\/wp-content\/uploads\/2025\/12\/asi-se-celebra-la-navidad-en-guatemala-1-750x750.png 750w\" sizes=\"(max-width: 1024px) 100vw, 1024px\" title=\"asi se celebra la navidad en guatemala 1 \u2013 SoyMigrante.com REVISTA\" \/>\t\t\t\t\t\t\t\t\t\t\t\t\t\t\t<\/div>\n\t\t\t\t\t<\/div>\n\t\t\t\t<\/div>\n\t\t<div data-particle_enable=\"false\" data-particle-mobile-disabled=\"false\" class=\"elementor-element elementor-element-d314554 e-flex e-con-boxed e-con e-parent\" data-id=\"d314554\" data-element_type=\"container\" data-e-type=\"container\">\n\t\t\t\t\t<div class=\"e-con-inner\">\n\t\t\t\t<div class=\"elementor-element elementor-element-c1b2b84 elementor-widget elementor-widget-text-editor\" data-id=\"c1b2b84\" data-element_type=\"widget\" data-e-type=\"widget\" data-widget_type=\"text-editor.default\">\n\t\t\t\t\t\t\t\t\t<h3>Las compras navide\u00f1as<\/h3><p>Tres horas de tr\u00e1fico para comprar una bolsa de manzanas y dos libras de uvas. Ir a la Sexta, al Centro o a cualquier mercado departamental en diciembre es deporte extremo. Las promociones gritan tu nombre, los vendedores te ofrecen \u201cdos por diez\u201d, las ventas brillan de bricho y luces, pero las ofertas brillan por su ausencia.\u00a0<\/p><p>El ni\u00f1o pide un carrito, quiz\u00e1 tenga suerte y se lo compren. El problema es cuando van dos o m\u00e1s, porque todos querr\u00e1n regalo adicional. Los mercaditos navide\u00f1os se llenan de pashte, musgo, figuritas, misterios, pastores, pesebres hechos con ramas y m\u00e1s luces de colores.<\/p><p>Las compras en l\u00ednea son una opci\u00f3n y este a\u00f1o se podr\u00eda hacer a\u00fan m\u00e1s guatemalteca la Navidad <a href=\"https:\/\/soymigrante.com\/mercado\/\">al comprar en SoyMigrante.com MERCADO<\/a><\/p>\t\t\t\t\t\t\t\t<\/div>\n\t\t\t\t\t<\/div>\n\t\t\t\t<\/div>\n\t\t<div data-particle_enable=\"false\" data-particle-mobile-disabled=\"false\" class=\"elementor-element elementor-element-0ae697c e-flex e-con-boxed e-con e-parent\" data-id=\"0ae697c\" data-element_type=\"container\" data-e-type=\"container\">\n\t\t\t\t\t<div class=\"e-con-inner\">\n\t\t\t\t<div class=\"elementor-element elementor-element-0c59ede elementor-widget elementor-widget-html\" data-id=\"0c59ede\" data-element_type=\"widget\" data-e-type=\"widget\" data-widget_type=\"html.default\">\n\t\t\t\t\t<iframe width=\"560\" height=\"315\" src=\"https:\/\/www.youtube.com\/embed\/7oxKFfsctC4?si=65nG0lVB2ANnoCnc&amp;start=9\" title=\"YouTube video player\" frameborder=\"0\" allow=\"accelerometer; autoplay; clipboard-write; encrypted-media; gyroscope; picture-in-picture; web-share\" referrerpolicy=\"strict-origin-when-cross-origin\" allowfullscreen><\/iframe>\t\t\t\t<\/div>\n\t\t\t\t\t<\/div>\n\t\t\t\t<\/div>\n\t\t<div data-particle_enable=\"false\" data-particle-mobile-disabled=\"false\" class=\"elementor-element elementor-element-ed2e1d4 e-flex e-con-boxed e-con e-parent\" data-id=\"ed2e1d4\" data-element_type=\"container\" data-e-type=\"container\">\n\t\t\t\t\t<div class=\"e-con-inner\">\n\t\t\t\t<div class=\"elementor-element elementor-element-7949daa elementor-widget elementor-widget-text-editor\" data-id=\"7949daa\" data-element_type=\"widget\" data-e-type=\"widget\" data-widget_type=\"text-editor.default\">\n\t\t\t\t\t\t\t\t\t<h3>Las posadas son una m\u00e1quina del tiempo<\/h3><p>Desfile, oraci\u00f3n, pi\u00f1ata y canci\u00f3n. Son vecinos que usualmente no se hablan pero se encuentran y conversan. Tambi\u00e9n son tortugas que hace mucho no existen pero siguen sonando. Chinchines que ya no recuerdan cuando fueron morros en un \u00e1rbol pero que alegran el coraz\u00f3n.\u00a0<\/p><p>Las im\u00e1genes de la Virgen Mar\u00eda y San Jos\u00e9 caminan al son de los ni\u00f1os que los cargan. Farolas de celof\u00e1n enmedio de las luces de carros. Ojal\u00e1 den una buena refacci\u00f3n al final.\u00a0 Es una mezcla entre procesi\u00f3n solemne y fiesta improvisada. La gente canta la letan\u00eda; unos con devoci\u00f3n, otros con curiosidad sobre si dar\u00e1n ponche o chocolate.\u00a0 Es c\u00e9lebre aquella linea de &#8220;En el nombre del cielo yo os pido posada&#8221;<\/p>\t\t\t\t\t\t\t\t<\/div>\n\t\t\t\t\t<\/div>\n\t\t\t\t<\/div>\n\t\t<div data-particle_enable=\"false\" data-particle-mobile-disabled=\"false\" class=\"elementor-element elementor-element-fe11ab6 e-flex e-con-boxed e-con e-parent\" data-id=\"fe11ab6\" data-element_type=\"container\" data-e-type=\"container\">\n\t\t\t\t\t<div class=\"e-con-inner\">\n\t\t\t\t<div class=\"elementor-element elementor-element-e50b716 elementor-widget elementor-widget-image\" data-id=\"e50b716\" data-element_type=\"widget\" data-e-type=\"widget\" data-widget_type=\"image.default\">\n\t\t\t\t\t\t\t\t\t\t\t\t\t\t\t<img loading=\"lazy\" decoding=\"async\" width=\"1024\" height=\"1024\" src=\"https:\/\/soymigrante.com\/revista\/wp-content\/uploads\/2025\/12\/como-se-celebra-la-navidad-en-guatemala-2.webp\" class=\"attachment-large size-large wp-image-49349\" alt=\"como se celebra la navidad en guatemala 2\" srcset=\"https:\/\/soymigrante.com\/revista\/wp-content\/uploads\/2025\/12\/como-se-celebra-la-navidad-en-guatemala-2.webp 1024w, https:\/\/soymigrante.com\/revista\/wp-content\/uploads\/2025\/12\/como-se-celebra-la-navidad-en-guatemala-2-300x300.webp 300w, https:\/\/soymigrante.com\/revista\/wp-content\/uploads\/2025\/12\/como-se-celebra-la-navidad-en-guatemala-2-150x150.webp 150w, https:\/\/soymigrante.com\/revista\/wp-content\/uploads\/2025\/12\/como-se-celebra-la-navidad-en-guatemala-2-768x768.webp 768w, https:\/\/soymigrante.com\/revista\/wp-content\/uploads\/2025\/12\/como-se-celebra-la-navidad-en-guatemala-2-75x75.webp 75w, https:\/\/soymigrante.com\/revista\/wp-content\/uploads\/2025\/12\/como-se-celebra-la-navidad-en-guatemala-2-750x750.webp 750w\" sizes=\"(max-width: 1024px) 100vw, 1024px\" title=\"como se celebra la navidad en guatemala 2 \u2013 SoyMigrante.com REVISTA\" \/>\t\t\t\t\t\t\t\t\t\t\t\t\t\t\t<\/div>\n\t\t\t\t\t<\/div>\n\t\t\t\t<\/div>\n\t\t<div data-particle_enable=\"false\" data-particle-mobile-disabled=\"false\" class=\"elementor-element elementor-element-3e139c5 e-flex e-con-boxed e-con e-parent\" data-id=\"3e139c5\" data-element_type=\"container\" data-e-type=\"container\">\n\t\t\t\t\t<div class=\"e-con-inner\">\n\t\t\t\t<div class=\"elementor-element elementor-element-675e760 elementor-widget elementor-widget-text-editor\" data-id=\"675e760\" data-element_type=\"widget\" data-e-type=\"widget\" data-widget_type=\"text-editor.default\">\n\t\t\t\t\t\t\t\t\t<h3>La bienvenida al reci\u00e9n llegado (Cu\u00e1nto te hemos extra\u00f1ado)<\/h3>\n<p>Por este tiempo<a href=\"https:\/\/soymigrante.com\/revista\/bienvenidas-en-el-aeropuerto-la-aurora-son-diarias-cada-una-es-unica-emotiva-y-muy-esperada\/\"> hay hijos, hermanos, primos, t\u00edos que llegan desde el Norte. <\/a>No son Santa pero suelen traer regalos. Pero no es por eso que los esperamos. Es que hace cinco, diez, quince a\u00f1os que no los vemos y nos alegramos.&nbsp;<\/p>\n<p>Por fin est\u00e1 de vuelta para volver a dar ese abrazo tan esperado a mam\u00e1 o a pap\u00e1, que a\u00fan est\u00e1. Un poco m\u00e1s canoso, pero est\u00e1. La casa ha cambiado, gracias a las remesas. Tambi\u00e9n el barrio&#8230; pero sigue teniendo es magia de Navidad en Guatemala. Y eso es el gran momento: la familia reunida, compartiendo, sonriendo, recordando a quienes ya partieron y ayudando a crecer a los m\u00e1s peque\u00f1os..<\/p>\t\t\t\t\t\t\t\t<\/div>\n\t\t\t\t\t<\/div>\n\t\t\t\t<\/div>\n\t\t<div data-particle_enable=\"false\" data-particle-mobile-disabled=\"false\" class=\"elementor-element elementor-element-321a938 e-flex e-con-boxed e-con e-parent\" data-id=\"321a938\" data-element_type=\"container\" data-e-type=\"container\">\n\t\t\t\t\t<div class=\"e-con-inner\">\n\t\t\t\t<div class=\"elementor-element elementor-element-e7b7fc2 elementor-grid-eael-col-1 elementor-grid-tablet-eael-col-2 elementor-grid-mobile-eael-col-1 elementor-widget elementor-widget-eael-post-grid\" data-id=\"e7b7fc2\" data-element_type=\"widget\" data-e-type=\"widget\" data-settings=\"{&quot;eael_post_grid_columns&quot;:&quot;eael-col-1&quot;,&quot;eael_post_grid_columns_tablet&quot;:&quot;eael-col-2&quot;,&quot;eael_post_grid_columns_mobile&quot;:&quot;eael-col-1&quot;}\" data-widget_type=\"eael-post-grid.default\">\n\t\t\t\t\t<div id=\"eael-post-grid-e7b7fc2\" class=\"eael-post-grid-container\">\n            <div class=\"eael-post-grid eael-post-appender eael-post-appender-e7b7fc2 eael-post-grid-style-one\" data-layout-mode=\"masonry\"><article class=\"eael-grid-post  eael-post-grid-column eael-pg-post-41087 category-estamos-unidos tags-en-familia\" data-id=\"41087\">\n        <div class=\"eael-grid-post-holder\">\n            <div class=\"eael-grid-post-holder-inner\"><div class=\"eael-entry-media\"><div class=\"eael-entry-overlay fade-in\"><i class=\"far fa-hand-pointer\" aria-hidden=\"true\"><\/i><a href=\"https:\/\/soymigrante.com\/revista\/bienvenidas-en-el-aeropuerto-la-aurora-son-diarias-cada-una-es-unica-emotiva-y-muy-esperada\/\"><\/a><\/div><div class=\"eael-entry-thumbnail eael-image-ratio\">\n                <img loading=\"lazy\" decoding=\"async\" width=\"895\" height=\"895\" src=\"https:\/\/soymigrante.com\/revista\/wp-content\/uploads\/2025\/08\/bienvenida-aeropuerto-la-aurora-7.webp\" class=\"attachment-large size-large wp-image-41088\" alt=\"Abrazo de consuelo entre migrantes en centro de encuentro, demostrando solidaridad y apoyo mutuo en momentos dif\u00edciles. Imagen emotiva que refleja empat\u00eda y uni\u00f3n en comunidad migrante.\" srcset=\"https:\/\/soymigrante.com\/revista\/wp-content\/uploads\/2025\/08\/bienvenida-aeropuerto-la-aurora-7.webp 895w, https:\/\/soymigrante.com\/revista\/wp-content\/uploads\/2025\/08\/bienvenida-aeropuerto-la-aurora-7-300x300.jpg 300w, https:\/\/soymigrante.com\/revista\/wp-content\/uploads\/2025\/08\/bienvenida-aeropuerto-la-aurora-7-150x150.jpg 150w, https:\/\/soymigrante.com\/revista\/wp-content\/uploads\/2025\/08\/bienvenida-aeropuerto-la-aurora-7-768x768.jpg 768w, https:\/\/soymigrante.com\/revista\/wp-content\/uploads\/2025\/08\/bienvenida-aeropuerto-la-aurora-7-75x75.webp 75w, https:\/\/soymigrante.com\/revista\/wp-content\/uploads\/2025\/08\/bienvenida-aeropuerto-la-aurora-7-750x750.webp 750w\" sizes=\"(max-width: 895px) 100vw, 895px\" \/>\n            <\/div>\n        <\/div><div class=\"eael-entry-wrapper\"><header class=\"eael-entry-header\"><h2 class=\"eael-entry-title\"><a class=\"eael-grid-post-link\" href=\"https:\/\/soymigrante.com\/revista\/bienvenidas-en-el-aeropuerto-la-aurora-son-diarias-cada-una-es-unica-emotiva-y-muy-esperada\/\" title=\"Emocionante y esperada bienvenida: familias reciben a migrantes en aeropuerto La Aurora\">Emocionante y esperada bienvenida: familias reciben a migrantes en aeropuerto La Aurora<\/a><\/h2><\/header><div class=\"eael-entry-content\">\n                        <div class=\"eael-grid-post-excerpt\"><a href=\"https:\/\/soymigrante.com\/revista\/bienvenidas-en-el-aeropuerto-la-aurora-son-diarias-cada-una-es-unica-emotiva-y-muy-esperada\/\" class=\"eael-post-elements-readmore-btn\">CONOCE SU HISTORIA <\/a><\/div>\n                    <\/div><\/div><\/div>\n        <\/div>\n    <\/article><\/div>\n            <div class=\"clearfix\"><\/div>\n        <\/div>\t\t\t\t<\/div>\n\t\t\t\t\t<\/div>\n\t\t\t\t<\/div>\n\t\t<div data-particle_enable=\"false\" data-particle-mobile-disabled=\"false\" class=\"elementor-element elementor-element-a67e882 e-flex e-con-boxed e-con e-parent\" data-id=\"a67e882\" data-element_type=\"container\" data-e-type=\"container\">\n\t\t\t\t\t<div class=\"e-con-inner\">\n\t\t\t\t<div class=\"elementor-element elementor-element-32cadf3 elementor-widget elementor-widget-text-editor\" data-id=\"32cadf3\" data-element_type=\"widget\" data-e-type=\"widget\" data-widget_type=\"text-editor.default\">\n\t\t\t\t\t\t\t\t\t<p>\u00bfQu\u00e9 m\u00e1s recuerdas de la Navidad Guatemalteca? Quiz\u00e1 para los migrantes lo m\u00e1s contrastante sea ese silencio de las noches. No se puede quemar cohetes en la calle porque seguro llega la polic\u00eda&#8230;\u00a0 Toca trabajar hasta tarde, por amor a quienes est\u00e1n lejos. <a href=\"https:\/\/soymigrante.com\/revista\/significado-personajes-nacimiento-gigante-de-esquipulas\/\">\u00a1C\u00f3mo era de grande el Nacimiento que hac\u00eda el abuelo!<\/a><\/p><p>Quiz\u00e1 haya ponche la noche del 24 en casa de algun compatriota o de una familia hispana amiga. \u00a1Nunca se olvidar\u00e1 aquellos a\u00f1os de infancia en el barrio, en la aldea en la patria!<\/p>\t\t\t\t\t\t\t\t<\/div>\n\t\t\t\t\t<\/div>\n\t\t\t\t<\/div>\n\t\t<div data-particle_enable=\"false\" data-particle-mobile-disabled=\"false\" class=\"elementor-element elementor-element-0c6a2fb e-flex e-con-boxed e-con e-parent\" data-id=\"0c6a2fb\" data-element_type=\"container\" data-e-type=\"container\">\n\t\t\t\t\t<div class=\"e-con-inner\">\n\t\t\t\t<div class=\"elementor-element elementor-element-6460ce0 elementor-widget elementor-widget-image\" data-id=\"6460ce0\" data-element_type=\"widget\" data-e-type=\"widget\" data-widget_type=\"image.default\">\n\t\t\t\t\t\t\t\t\t\t\t\t\t\t\t<img loading=\"lazy\" decoding=\"async\" width=\"1024\" height=\"1024\" src=\"https:\/\/soymigrante.com\/revista\/wp-content\/uploads\/2025\/12\/asi-se-celebra-la-navidad-en-guatemala-8.png\" class=\"attachment-large size-large wp-image-49350\" alt=\"asi se celebra la navidad en guatemala 8\" srcset=\"https:\/\/soymigrante.com\/revista\/wp-content\/uploads\/2025\/12\/asi-se-celebra-la-navidad-en-guatemala-8.png 1024w, https:\/\/soymigrante.com\/revista\/wp-content\/uploads\/2025\/12\/asi-se-celebra-la-navidad-en-guatemala-8-300x300.png 300w, https:\/\/soymigrante.com\/revista\/wp-content\/uploads\/2025\/12\/asi-se-celebra-la-navidad-en-guatemala-8-150x150.png 150w, https:\/\/soymigrante.com\/revista\/wp-content\/uploads\/2025\/12\/asi-se-celebra-la-navidad-en-guatemala-8-768x768.png 768w, https:\/\/soymigrante.com\/revista\/wp-content\/uploads\/2025\/12\/asi-se-celebra-la-navidad-en-guatemala-8-75x75.png 75w, https:\/\/soymigrante.com\/revista\/wp-content\/uploads\/2025\/12\/asi-se-celebra-la-navidad-en-guatemala-8-750x750.png 750w\" sizes=\"(max-width: 1024px) 100vw, 1024px\" title=\"asi se celebra la navidad en guatemala 8 \u2013 SoyMigrante.com REVISTA\" \/>\t\t\t\t\t\t\t\t\t\t\t\t\t\t\t<\/div>\n\t\t\t\t\t<\/div>\n\t\t\t\t<\/div>\n\t\t<div data-particle_enable=\"false\" data-particle-mobile-disabled=\"false\" class=\"elementor-element elementor-element-102b7a9 e-flex e-con-boxed e-con e-parent\" data-id=\"102b7a9\" data-element_type=\"container\" data-e-type=\"container\">\n\t\t\t\t\t<div class=\"e-con-inner\">\n\t\t\t\t<div class=\"elementor-element elementor-element-b47e17f elementor-widget elementor-widget-heading\" data-id=\"b47e17f\" data-element_type=\"widget\" data-e-type=\"widget\" data-widget_type=\"heading.default\">\n\t\t\t\t\t<h2 class=\"elementor-heading-title elementor-size-default\">Obsequios \u00fanicos con identidad guatemalteca<\/h2>\t\t\t\t<\/div>\n\t\t\t\t\t<\/div>\n\t\t\t\t<\/div>\n\t\t<div data-particle_enable=\"false\" data-particle-mobile-disabled=\"false\" class=\"elementor-element elementor-element-afa4080 e-flex e-con-boxed e-con e-parent\" data-id=\"afa4080\" data-element_type=\"container\" data-e-type=\"container\">\n\t\t\t\t\t<div class=\"e-con-inner\">\n\t\t\t\t<div class=\"elementor-element elementor-element-661f4d9 elementor-grid-eael-col-3 elementor-grid-tablet-eael-col-2 elementor-grid-mobile-eael-col-1 elementor-widget elementor-widget-eael-post-grid\" data-id=\"661f4d9\" data-element_type=\"widget\" data-e-type=\"widget\" data-settings=\"{&quot;eael_post_grid_columns&quot;:&quot;eael-col-3&quot;,&quot;eael_post_grid_columns_tablet&quot;:&quot;eael-col-2&quot;,&quot;eael_post_grid_columns_mobile&quot;:&quot;eael-col-1&quot;}\" data-widget_type=\"eael-post-grid.default\">\n\t\t\t\t\t<div id=\"eael-post-grid-661f4d9\" class=\"eael-post-grid-container\">\n            <div class=\"eael-post-grid eael-post-appender eael-post-appender-661f4d9 eael-post-grid-style-one\" data-layout-mode=\"masonry\"><article class=\"eael-grid-post  eael-post-grid-column eael-pg-post-15372 category-guate-nuestra tags-mercado-emprendedores\" data-id=\"15372\">\n        <div class=\"eael-grid-post-holder\">\n            <div class=\"eael-grid-post-holder-inner\"><div class=\"eael-entry-media\"><div class=\"eael-entry-overlay fade-in\"><i class=\"far fa-hand-pointer\" aria-hidden=\"true\"><\/i><a href=\"https:\/\/soymigrante.com\/revista\/regina-ruiz-borda-con-amor-y-dedicacion-en-yumei\/\"><\/a><\/div><div class=\"eael-entry-thumbnail eael-image-ratio\">\n                <img loading=\"lazy\" decoding=\"async\" width=\"774\" height=\"1024\" src=\"https:\/\/soymigrante.com\/revista\/wp-content\/uploads\/2024\/12\/Regina-Ruiz-es-una-emprendedora-que-hila-con-amor-2-774x1024.jpeg\" class=\"attachment-large size-large wp-image-15374\" alt=\"A mujer cosiendo bordado en bastidor, proyecto de arte y manualidades, t\u00e9cnica de costura creativa y habilidades tradicionales, en un ambiente de trabajo artesanal.\" \/>\n            <\/div>\n        <\/div><div class=\"eael-entry-wrapper\"><header class=\"eael-entry-header\"><h2 class=\"eael-entry-title\"><a class=\"eael-grid-post-link\" href=\"https:\/\/soymigrante.com\/revista\/regina-ruiz-borda-con-amor-y-dedicacion-en-yumei\/\" title=\"Regina Ruiz ofrece art\u00edculos bordados con dedicaci\u00f3n y amor en Yumei\">Regina Ruiz ofrece art\u00edculos bordados con dedicaci\u00f3n y amor en Yumei<\/a><\/h2><\/header><div class=\"eael-entry-content\">\n                        <div class=\"eael-grid-post-excerpt\"><a href=\"https:\/\/soymigrante.com\/revista\/regina-ruiz-borda-con-amor-y-dedicacion-en-yumei\/\" class=\"eael-post-elements-readmore-btn\">CONOCE SU HISTORIA <\/a><\/div>\n                    <\/div><\/div><\/div>\n        <\/div>\n    <\/article><article class=\"eael-grid-post  eael-post-grid-column eael-pg-post-10385 category-guate-nuestra tags-mercado-emprendedores\" data-id=\"10385\">\n        <div class=\"eael-grid-post-holder\">\n            <div class=\"eael-grid-post-holder-inner\"><div class=\"eael-entry-media\"><div class=\"eael-entry-overlay fade-in\"><i class=\"far fa-hand-pointer\" aria-hidden=\"true\"><\/i><a href=\"https:\/\/soymigrante.com\/revista\/cooperativa-yax-transforma-una-planta-recicladora-en-huehuetenango-que-crea-y-genera-empleo\/\"><\/a><\/div><div class=\"eael-entry-thumbnail eael-image-ratio\">\n                <img loading=\"lazy\" decoding=\"async\" width=\"1024\" height=\"1024\" src=\"https:\/\/soymigrante.com\/revista\/wp-content\/uploads\/2024\/10\/yax-transforma-1024x1024.webp\" class=\"attachment-large size-large wp-image-10489\" alt=\"Transformaci\u00f3n social en eventos de SoyMigrante.com REVISTA, promoviendo inclusi\u00f3n y derechos de migrantes en Am\u00e9rica Latina.\" srcset=\"https:\/\/soymigrante.com\/revista\/wp-content\/uploads\/2024\/10\/yax-transforma-1024x1024.webp 1024w, https:\/\/soymigrante.com\/revista\/wp-content\/uploads\/2024\/10\/yax-transforma-300x300.webp 300w, https:\/\/soymigrante.com\/revista\/wp-content\/uploads\/2024\/10\/yax-transforma-150x150.webp 150w, https:\/\/soymigrante.com\/revista\/wp-content\/uploads\/2024\/10\/yax-transforma-768x768.webp 768w, https:\/\/soymigrante.com\/revista\/wp-content\/uploads\/2024\/10\/yax-transforma-75x75.webp 75w, https:\/\/soymigrante.com\/revista\/wp-content\/uploads\/2024\/10\/yax-transforma-750x750.webp 750w, https:\/\/soymigrante.com\/revista\/wp-content\/uploads\/2024\/10\/yax-transforma.webp 1049w\" sizes=\"(max-width: 1024px) 100vw, 1024px\" \/>\n            <\/div>\n        <\/div><div class=\"eael-entry-wrapper\"><header class=\"eael-entry-header\"><h2 class=\"eael-entry-title\"><a class=\"eael-grid-post-link\" href=\"https:\/\/soymigrante.com\/revista\/cooperativa-yax-transforma-una-planta-recicladora-en-huehuetenango-que-crea-y-genera-empleo\/\" title=\"Yax Transforma recolecta pl\u00e1stico y lo convierte en tablas, mesas, postes y&#8230; empleos\">Yax Transforma recolecta pl\u00e1stico y lo convierte en tablas, mesas, postes y&#8230; empleos<\/a><\/h2><\/header><div class=\"eael-entry-content\">\n                        <div class=\"eael-grid-post-excerpt\"><a href=\"https:\/\/soymigrante.com\/revista\/cooperativa-yax-transforma-una-planta-recicladora-en-huehuetenango-que-crea-y-genera-empleo\/\" class=\"eael-post-elements-readmore-btn\">CONOCE SU HISTORIA <\/a><\/div>\n                    <\/div><\/div><\/div>\n        <\/div>\n    <\/article><article class=\"eael-grid-post  eael-post-grid-column eael-pg-post-20419 category-guate-nuestra tags-mercado-emprendedores\" data-id=\"20419\">\n        <div class=\"eael-grid-post-holder\">\n            <div class=\"eael-grid-post-holder-inner\"><div class=\"eael-entry-media\"><div class=\"eael-entry-overlay fade-in\"><i class=\"far fa-hand-pointer\" aria-hidden=\"true\"><\/i><a href=\"https:\/\/soymigrante.com\/revista\/calzado-ninnke-nacio-del-amor-de-una-mama-y-la-pasion-por-crear-un-estilo-unico\/\"><\/a><\/div><div class=\"eael-entry-thumbnail eael-image-ratio\">\n                <img loading=\"lazy\" decoding=\"async\" width=\"960\" height=\"960\" src=\"https:\/\/soymigrante.com\/revista\/wp-content\/uploads\/2025\/01\/ninnke-zapatos.webp\" class=\"attachment-large size-large wp-image-20421\" alt=\"Zapatos de tac\u00f3n dorados y pantalones blancos casuales con blusa azul claro, sentada en una silla en una tienda de zapatos con exhibici\u00f3n de sandalias y gafas en el fondo.\" srcset=\"https:\/\/soymigrante.com\/revista\/wp-content\/uploads\/2025\/01\/ninnke-zapatos.webp 960w, https:\/\/soymigrante.com\/revista\/wp-content\/uploads\/2025\/01\/ninnke-zapatos-300x300.jpg 300w, https:\/\/soymigrante.com\/revista\/wp-content\/uploads\/2025\/01\/ninnke-zapatos-150x150.jpg 150w, https:\/\/soymigrante.com\/revista\/wp-content\/uploads\/2025\/01\/ninnke-zapatos-768x768.jpg 768w, https:\/\/soymigrante.com\/revista\/wp-content\/uploads\/2025\/01\/ninnke-zapatos-75x75.webp 75w, https:\/\/soymigrante.com\/revista\/wp-content\/uploads\/2025\/01\/ninnke-zapatos-750x750.webp 750w\" sizes=\"(max-width: 960px) 100vw, 960px\" \/>\n            <\/div>\n        <\/div><div class=\"eael-entry-wrapper\"><header class=\"eael-entry-header\"><h2 class=\"eael-entry-title\"><a class=\"eael-grid-post-link\" href=\"https:\/\/soymigrante.com\/revista\/calzado-ninnke-nacio-del-amor-de-una-mama-y-la-pasion-por-crear-un-estilo-unico\/\" title=\"Calzado Ninnke naci\u00f3 del amor de una mam\u00e1 y la pasi\u00f3n por crear un estilo \u00fanico: ahora est\u00e1 en MERCADO\">Calzado Ninnke naci\u00f3 del amor de una mam\u00e1 y la pasi\u00f3n por crear un estilo \u00fanico: ahora est\u00e1 en MERCADO<\/a><\/h2><\/header><div class=\"eael-entry-content\">\n                        <div class=\"eael-grid-post-excerpt\"><a href=\"https:\/\/soymigrante.com\/revista\/calzado-ninnke-nacio-del-amor-de-una-mama-y-la-pasion-por-crear-un-estilo-unico\/\" class=\"eael-post-elements-readmore-btn\">CONOCE SU HISTORIA <\/a><\/div>\n                    <\/div><\/div><\/div>\n        <\/div>\n    <\/article><\/div>\n            <div class=\"clearfix\"><\/div>\n        <\/div>            <div class=\"eael-load-more-button-wrap eael-force-hide\">\n                <button class=\"eael-load-more-button\" id=\"eael-load-more-btn-661f4d9\" data-widget-id=\"661f4d9\" data-widget=\"661f4d9\" data-page-id=\"49256\" data-template=\"{&quot;dir&quot;:&quot;lite&quot;,&quot;file_name&quot;:&quot;one.php&quot;,&quot;name&quot;:&quot;Post-Grid&quot;}\" data-class=\"Essential_Addons_Elementor\\Elements\\Post_Grid\" data-layout=\"masonry\" data-page=\"1\" data-args=\"orderby=meta_value_num&amp;order=desc&amp;ignore_sticky_posts=1&amp;post_status=publish&amp;posts_per_page=3&amp;offset=0&amp;post_type=post&amp;tax_query%5B0%5D%5Btaxonomy%5D=post_tag&amp;tax_query%5B0%5D%5Bfield%5D=term_id&amp;tax_query%5B0%5D%5Bterms%5D%5B0%5D=130&amp;tax_query%5Brelation%5D=AND&amp;meta_key=_eael_post_view_count\" data-max-page=\"35\">\n                    <span class=\"eael-btn-loader button__loader\"><\/span>\n                    <span class=\"eael_load_more_text\">Load More<\/span>\n                <\/button>\n            <\/div>\n            \t\t\t\t<\/div>\n\t\t\t\t\t<\/div>\n\t\t\t\t<\/div>\n\t\t\t\t<\/div>\n\t\t","protected":false},"excerpt":{"rendered":"<p>La Navidad en Guatemala tiene instantes de luz, momentos de alegr\u00eda y uni\u00f3n, tambi\u00e9n risas y sus cosas curiosas. Se vive de mil maneras pero quiz\u00e1 estas sean algunas que conozcas. Se supone que la Navidad empieza en diciembre. Pero en Guatemala, para algunos almacenes comenz\u00f3 desde octubre. Cuando un almac\u00e9n grande o una tienda [&hellip;]<\/p>\n","protected":false},"author":1,"featured_media":49341,"comment_status":"open","ping_status":"open","sticky":false,"template":"","format":"standard","meta":{"_acf_changed":false,"_eb_attr":"","footnotes":""},"categories":[58],"tags":[],"class_list":["post-49256","post","type-post","status-publish","format-standard","has-post-thumbnail","hentry","category-guate-nuestra"],"acf":[],"aioseo_notices":[],"aioseo_head":"\n\t\t<!-- All in One SEO Pro 4.9.6.2 - aioseo.com -->\n\t<meta name=\"description\" content=\"Mar\u00eda Jer\u00f3nimo dise\u00f1a por las noches los zapatos que fabricar\u00e1 ma\u00f1ana. Estilos novedosos, calidad y comodidad se conjugan en su marca Ninnke, ahora en MERCADO\" \/>\n\t<meta name=\"robots\" content=\"max-snippet:-1, max-image-preview:large, max-video-preview:-1\" \/>\n\t<meta name=\"author\" content=\"Gustavo Montenegro\"\/>\n\t<link rel=\"canonical\" href=\"https:\/\/soymigrante.com\/revista\/calzado-ninnke-nacio-del-amor-de-una-mama-y-la-pasion-por-crear-un-estilo-unico\/\" \/>\n\t<meta name=\"generator\" content=\"All in One SEO Pro (AIOSEO) 4.9.6.2\" \/>\n\n\t\t<link rel=\"preconnect\" href=\"https:\/\/fonts.googleapis.com\" crossorigin>\n<link rel=\"preconnect\" href=\"https:\/\/fonts.gstatic.com\" crossorigin>\n\t\t<meta property=\"og:locale\" content=\"es_ES\" \/>\n\t\t<meta property=\"og:site_name\" content=\"SoyMigrante.com REVISTA \u2013 Nuestra misi\u00f3n es reconocer y dignificar al migrante.\" \/>\n\t\t<meta property=\"og:type\" content=\"article\" \/>\n\t\t<meta property=\"og:title\" content=\"Calzado Ninnke naci\u00f3 del amor de una mam\u00e1 muy creativa\" \/>\n\t\t<meta property=\"og:description\" content=\"Mar\u00eda Jer\u00f3nimo dise\u00f1a por las noches los zapatos que fabricar\u00e1 ma\u00f1ana. Estilos novedosos, calidad y comodidad se conjugan en su marca Ninnke, ahora en MERCADO\" \/>\n\t\t<meta property=\"og:url\" content=\"https:\/\/soymigrante.com\/revista\/calzado-ninnke-nacio-del-amor-de-una-mama-y-la-pasion-por-crear-un-estilo-unico\/\" \/>\n\t\t<meta property=\"og:image\" content=\"https:\/\/soymigrante.com\/revista\/wp-content\/uploads\/2025\/01\/ninnke-zapatos.webp\" \/>\n\t\t<meta property=\"og:image:secure_url\" content=\"https:\/\/soymigrante.com\/revista\/wp-content\/uploads\/2025\/01\/ninnke-zapatos.webp\" \/>\n\t\t<meta property=\"og:image:width\" content=\"960\" \/>\n\t\t<meta property=\"og:image:height\" content=\"960\" \/>\n\t\t<meta property=\"article:published_time\" content=\"2025-01-13T13:00:00+00:00\" \/>\n\t\t<meta property=\"article:modified_time\" content=\"2025-01-20T20:33:23+00:00\" \/>\n\t\t<meta property=\"article:publisher\" content=\"https:\/\/www.facebook.com\/soymigrantecom\" \/>\n\t\t<meta name=\"twitter:card\" content=\"summary_large_image\" \/>\n\t\t<meta name=\"twitter:site\" content=\"@SoyMigrante_com\" \/>\n\t\t<meta name=\"twitter:title\" content=\"Calzado Ninnke naci\u00f3 del amor de una mam\u00e1 muy creativa\" \/>\n\t\t<meta name=\"twitter:description\" content=\"Mar\u00eda Jer\u00f3nimo dise\u00f1a por las noches los zapatos que fabricar\u00e1 ma\u00f1ana. Estilos novedosos, calidad y comodidad se conjugan en su marca Ninnke, ahora en MERCADO\" \/>\n\t\t<meta name=\"twitter:creator\" content=\"@SoyMigrante_com\" \/>\n\t\t<meta name=\"twitter:image\" content=\"https:\/\/soymigrante.com\/revista\/wp-content\/uploads\/2025\/01\/ninnke-zapatos.webp\" \/>\n\t\t<!-- All in One SEO Pro -->\r\n\t\t<title>Calzado Ninnke naci\u00f3 del amor de una mam\u00e1 muy creativa<\/title>\n\n","aioseo_head_json":{"title":"Calzado Ninnke naci\u00f3 del amor de una mam\u00e1 muy creativa","description":"Mar\u00eda Jer\u00f3nimo dise\u00f1a por las noches los zapatos que fabricar\u00e1 ma\u00f1ana. Estilos novedosos, calidad y comodidad se conjugan en su marca Ninnke, ahora en MERCADO","canonical_url":"https:\/\/soymigrante.com\/revista\/calzado-ninnke-nacio-del-amor-de-una-mama-y-la-pasion-por-crear-un-estilo-unico\/","robots":"max-snippet:-1, max-image-preview:large, max-video-preview:-1","keywords":"","webmasterTools":{"miscellaneous":"&lt;link rel=\"preconnect\" href=\"https:\/\/fonts.googleapis.com\" crossorigin&gt;\n&lt;link rel=\"preconnect\" href=\"https:\/\/fonts.gstatic.com\" crossorigin&gt;"},"schema":null,"og:locale":"es_ES","og:site_name":"SoyMigrante.com REVISTA \u2013 Nuestra misi\u00f3n es reconocer y dignificar al migrante.","og:type":"article","og:title":"Calzado Ninnke naci\u00f3 del amor de una mam\u00e1 muy creativa","og:description":"Mar\u00eda Jer\u00f3nimo dise\u00f1a por las noches los zapatos que fabricar\u00e1 ma\u00f1ana. Estilos novedosos, calidad y comodidad se conjugan en su marca Ninnke, ahora en MERCADO","og:url":"https:\/\/soymigrante.com\/revista\/calzado-ninnke-nacio-del-amor-de-una-mama-y-la-pasion-por-crear-un-estilo-unico\/","og:image":"https:\/\/soymigrante.com\/revista\/wp-content\/uploads\/2025\/01\/ninnke-zapatos.webp","og:image:secure_url":"https:\/\/soymigrante.com\/revista\/wp-content\/uploads\/2025\/01\/ninnke-zapatos.webp","og:image:width":960,"og:image:height":960,"article:published_time":"2025-01-13T13:00:00+00:00","article:modified_time":"2025-01-20T20:33:23+00:00","article:publisher":"https:\/\/www.facebook.com\/soymigrantecom","twitter:card":"summary_large_image","twitter:site":"@SoyMigrante_com","twitter:title":"Calzado Ninnke naci\u00f3 del amor de una mam\u00e1 muy creativa","twitter:description":"Mar\u00eda Jer\u00f3nimo dise\u00f1a por las noches los zapatos que fabricar\u00e1 ma\u00f1ana. Estilos novedosos, calidad y comodidad se conjugan en su marca Ninnke, ahora en MERCADO","twitter:creator":"@SoyMigrante_com","twitter:image":"https:\/\/soymigrante.com\/revista\/wp-content\/uploads\/2025\/01\/ninnke-zapatos.webp"},"aioseo_meta_data":{"post_id":"49256","title":"C\u00f3mo se celebra Navidad en Guatemala \u00bfTe lo han preguntado?","description":"No hay una \u00fanica respuesta y a menudo abarcan las tradiciones decembrinas. Pero todo apunta a la Navidad en Guatemala. \u00bfC\u00f3mo ves esta descripci\u00f3n?","keywords":null,"keyphrases":{"focus":{"keyphrase":"Navidad en Guatemala","score":69,"analysis":{"keyphraseInTitle":{"score":9,"maxScore":9,"error":0},"keyphraseInDescription":{"score":9,"maxScore":9,"error":0},"keyphraseLength":{"score":9,"maxScore":9,"error":0,"length":3},"keyphraseInURL":{"score":5,"maxScore":5,"error":0},"keyphraseInIntroduction":{"score":3,"maxScore":9,"error":1},"keyphraseInSubHeadings":{"score":3,"maxScore":9,"error":1},"keyphraseInImageAlt":{"score":9,"maxScore":9,"error":0},"keywordDensity":{"score":0,"type":"low","maxScore":9,"error":1}}},"additional":[{"keyphrase":"Navidad","score":100,"analysis":{"keyphraseInDescription":{"score":9,"maxScore":9,"error":0},"keyphraseLength":{"score":9,"maxScore":9,"error":0,"length":1},"keyphraseInIntroduction":{"score":9,"maxScore":9,"error":0},"keyphraseInImageAlt":{"score":9,"maxScore":9,"error":0},"keywordDensity":{"type":"best","score":9,"maxScore":9,"error":0}}},{"keyphrase":"Celebran","score":40,"analysis":{"keyphraseInDescription":{"score":3,"maxScore":9,"error":1},"keyphraseLength":{"score":9,"maxScore":9,"error":0,"length":1},"keyphraseInIntroduction":{"score":3,"maxScore":9,"error":1},"keyphraseInImageAlt":{"score":3,"maxScore":9,"error":1},"keywordDensity":{"score":0,"type":"low","maxScore":9,"error":1}}}]},"primary_term":null,"canonical_url":null,"og_title":null,"og_description":null,"og_object_type":"default","og_image_type":"default","og_image_url":null,"og_image_width":null,"og_image_height":null,"og_image_custom_url":null,"og_image_custom_fields":null,"og_video":"","og_custom_url":null,"og_article_section":null,"og_article_tags":null,"twitter_use_og":false,"twitter_card":"default","twitter_image_type":"default","twitter_image_url":null,"twitter_image_custom_url":null,"twitter_image_custom_fields":null,"twitter_title":null,"twitter_description":null,"schema":{"blockGraphs":[],"customGraphs":[],"default":{"data":{"Article":[],"Course":[],"Dataset":[],"FAQPage":[],"Movie":[],"Person":[],"Product":[],"ProductReview":[],"Car":[],"Recipe":[],"Service":[],"SoftwareApplication":[],"WebPage":[]},"graphName":"NewsArticle","isEnabled":true},"graphs":[]},"schema_type":"default","schema_type_options":null,"pillar_content":false,"robots_default":true,"robots_noindex":false,"robots_noarchive":false,"robots_nosnippet":false,"robots_nofollow":false,"robots_noimageindex":false,"robots_noodp":false,"robots_notranslate":false,"robots_max_snippet":"-1","robots_max_videopreview":"-1","robots_max_imagepreview":"large","priority":null,"frequency":"default","local_seo":null,"seo_analyzer_scan_date":"2025-12-08 22:15:12","breadcrumb_settings":null,"limit_modified_date":false,"reviewed_by":"0","open_ai":null,"ai":{"faqs":[],"keyPoints":[],"titles":[],"descriptions":[],"socialPosts":{"email":[],"linkedin":[],"twitter":[],"facebook":[],"instagram":[]}},"created":"2025-12-03 21:57:48","updated":"2026-02-05 07:41:11"},"aioseo_breadcrumb":"<div class=\"aioseo-breadcrumbs\"><span class=\"aioseo-breadcrumb\">\n\t<a href=\"https:\/\/soymigrante.com\/revista\" title=\"Home\">Home<\/a>\n<\/span><span class=\"aioseo-breadcrumb-separator\">\u00bb<\/span><span class=\"aioseo-breadcrumb\">\n\t<a href=\"https:\/\/soymigrante.com\/revista\/category\/guate-nuestra\/\" title=\"Guate Nuestra\">Guate Nuestra<\/a>\n<\/span><span class=\"aioseo-breadcrumb-separator\">\u00bb<\/span><span class=\"aioseo-breadcrumb\">\n\tC\u00f3mo se celebra la Navidad en Guatemala \u00bfAlguna vez te lo han preguntado?\n<\/span><\/div>","aioseo_breadcrumb_json":[{"label":"Home","link":"https:\/\/soymigrante.com\/revista"},{"label":"Guate Nuestra","link":"https:\/\/soymigrante.com\/revista\/category\/guate-nuestra\/"},{"label":"C\u00f3mo se celebra la Navidad en Guatemala \u00bfAlguna vez te lo han preguntado?","link":"https:\/\/soymigrante.com\/revista\/como-se-celebra-la-navidad-en-guatemala-alguna-vez-te-lo-han-preguntado\/"}],"_links":{"self":[{"href":"https:\/\/soymigrante.com\/revista\/wp-json\/wp\/v2\/posts\/49256","targetHints":{"allow":["GET"]}}],"collection":[{"href":"https:\/\/soymigrante.com\/revista\/wp-json\/wp\/v2\/posts"}],"about":[{"href":"https:\/\/soymigrante.com\/revista\/wp-json\/wp\/v2\/types\/post"}],"author":[{"embeddable":true,"href":"https:\/\/soymigrante.com\/revista\/wp-json\/wp\/v2\/users\/1"}],"replies":[{"embeddable":true,"href":"https:\/\/soymigrante.com\/revista\/wp-json\/wp\/v2\/comments?post=49256"}],"version-history":[{"count":24,"href":"https:\/\/soymigrante.com\/revista\/wp-json\/wp\/v2\/posts\/49256\/revisions"}],"predecessor-version":[{"id":49571,"href":"https:\/\/soymigrante.com\/revista\/wp-json\/wp\/v2\/posts\/49256\/revisions\/49571"}],"wp:featuredmedia":[{"embeddable":true,"href":"https:\/\/soymigrante.com\/revista\/wp-json\/wp\/v2\/media\/49341"}],"wp:attachment":[{"href":"https:\/\/soymigrante.com\/revista\/wp-json\/wp\/v2\/media?parent=49256"}],"wp:term":[{"taxonomy":"category","embeddable":true,"href":"https:\/\/soymigrante.com\/revista\/wp-json\/wp\/v2\/categories?post=49256"},{"taxonomy":"post_tag","embeddable":true,"href":"https:\/\/soymigrante.com\/revista\/wp-json\/wp\/v2\/tags?post=49256"}],"curies":[{"name":"wp","href":"https:\/\/api.w.org\/{rel}","templated":true}]}}