{"id":49220,"date":"2025-12-02T16:56:04","date_gmt":"2025-12-02T22:56:04","guid":{"rendered":"https:\/\/soymigrante.com\/revista\/?p=49220"},"modified":"2025-12-05T20:49:04","modified_gmt":"2025-12-06T02:49:04","slug":"al-menos-230-mil-procesos-de-asilo-estan-congelados-pero-pueden-ser-mas","status":"publish","type":"post","link":"https:\/\/soymigrante.com\/revista\/al-menos-230-mil-procesos-de-asilo-estan-congelados-pero-pueden-ser-mas\/","title":{"rendered":"Al menos 230 mil procesos de asilo est\u00e1n congelados indefinidamente y pueden ser m\u00e1s"},"content":{"rendered":"\t\t<div data-elementor-type=\"wp-post\" data-elementor-id=\"49220\" class=\"elementor elementor-49220\" data-elementor-post-type=\"post\">\n\t\t\t\t<div data-particle_enable=\"false\" data-particle-mobile-disabled=\"false\" class=\"elementor-element elementor-element-36d285c e-flex e-con-boxed e-con e-parent\" data-id=\"36d285c\" data-element_type=\"container\" data-e-type=\"container\">\n\t\t\t\t\t<div class=\"e-con-inner\">\n\t\t\t\t<div class=\"elementor-element elementor-element-4cb4f9e elementor-widget elementor-widget-heading\" data-id=\"4cb4f9e\" data-element_type=\"widget\" data-e-type=\"widget\" data-widget_type=\"heading.default\">\n\t\t\t\t\t<h2 class=\"elementor-heading-title elementor-size-default\">La suspensi\u00f3n de decisiones en los procesos de asilo en Estados Unidos, anunciada recientemente por el Servicio de Ciudadan\u00eda e Inmigraci\u00f3n (USCIS), ha colocado a m\u00e1s de 230,000 solicitantes en un estado de incertidumbre legal inmediata<\/h2>\t\t\t\t<\/div>\n\t\t\t\t\t<\/div>\n\t\t\t\t<\/div>\n\t\t<div data-particle_enable=\"false\" data-particle-mobile-disabled=\"false\" class=\"elementor-element elementor-element-6c2329b e-flex e-con-boxed e-con e-parent\" data-id=\"6c2329b\" data-element_type=\"container\" data-e-type=\"container\">\n\t\t\t\t\t<div class=\"e-con-inner\">\n\t\t\t\t<div class=\"elementor-element elementor-element-67685c4 elementor-widget elementor-widget-text-editor\" data-id=\"67685c4\" data-element_type=\"widget\" data-e-type=\"widget\" data-widget_type=\"text-editor.default\">\n\t\t\t\t\t\t\t\t\t<p data-start=\"173\" data-end=\"589\">Algunas estimaciones elevan el impacto potencial hasta <strong data-start=\"470\" data-end=\"506\">1.5 millones de casos pendientes<\/strong> dentro del sistema de asilo afirmativo en Estados Unidos, cuyos procesos fueron suspendidos tras el atentado armado en Washington del 28 de noviembre que cobr\u00f3 la vida de una miembro de la Guardia Nacional y dej\u00f3 herido a otro efectivo.<\/p><p data-start=\"173\" data-end=\"589\">Tan lamentable suceso deton\u00f3 repudio generalizado y tambi\u00e9n condujo a una orden del presidente Donald Trump de suspender todos los procesos de solicitud de asilo para revisarlos minuciosamente. <a href=\"https:\/\/www.uscis.gov\/es\/humanitarios\/asilo\">El Servicio de Naturalizaci\u00f3n y Ciudadan\u00eda, USCIS<\/a>, sigui\u00f3 la orden, que efecta directamente a unos 230 mil casos.<\/p>\t\t\t\t\t\t\t\t<\/div>\n\t\t\t\t\t<\/div>\n\t\t\t\t<\/div>\n\t\t<div data-particle_enable=\"false\" data-particle-mobile-disabled=\"false\" class=\"elementor-element elementor-element-392dec6 e-flex e-con-boxed e-con e-parent\" data-id=\"392dec6\" data-element_type=\"container\" data-e-type=\"container\">\n\t\t\t\t\t<div class=\"e-con-inner\">\n\t\t\t\t<div class=\"elementor-element elementor-element-4bd13c5 elementor-widget elementor-widget-html\" data-id=\"4bd13c5\" data-element_type=\"widget\" data-e-type=\"widget\" data-widget_type=\"html.default\">\n\t\t\t\t\t<iframe width=\"560\" height=\"415\" src=\"https:\/\/www.youtube.com\/embed\/0kNYYQpRAA0?si=5_OcgE-k8QbghLei\" title=\"YouTube video player\" frameborder=\"0\" allow=\"accelerometer; autoplay; clipboard-write; encrypted-media; gyroscope; picture-in-picture; web-share\" referrerpolicy=\"strict-origin-when-cross-origin\" allowfullscreen><\/iframe>\t\t\t\t<\/div>\n\t\t\t\t\t<\/div>\n\t\t\t\t<\/div>\n\t\t<div data-particle_enable=\"false\" data-particle-mobile-disabled=\"false\" class=\"elementor-element elementor-element-c16aea5 e-flex e-con-boxed e-con e-parent\" data-id=\"c16aea5\" data-element_type=\"container\" data-e-type=\"container\">\n\t\t\t\t\t<div class=\"e-con-inner\">\n\t\t\t\t<div class=\"elementor-element elementor-element-d3178b3 elementor-widget elementor-widget-text-editor\" data-id=\"d3178b3\" data-element_type=\"widget\" data-e-type=\"widget\" data-widget_type=\"text-editor.default\">\n\t\t\t\t\t\t\t\t\t<p data-start=\"173\" data-end=\"589\"><strong style=\"color: #000000; font-family: Mulish, sans-serif; font-size: 31px;\" data-start=\"594\" data-end=\"648\">Atentado perpetrado por un solicitante, la causa<\/strong><\/p>\n<p data-start=\"650\" data-end=\"1098\">La medida fue adoptada tras un incidente ocurrido en Washington D.C., donde un solicitante de asilo afgano dispar\u00f3 contra miembros de la Guardia Nacional cerca de la Casa Blanca. El atacante reconoci\u00f3 haber perpetrado el ataque.&nbsp;<\/p>\n<p data-start=\"650\" data-end=\"1098\">El caso gener\u00f3 cuestionamientos internos sobre las fallas en el proceso de revisi\u00f3n de antecedentes y motiv\u00f3 a la administraci\u00f3n a ordenar una <strong data-start=\"981\" data-end=\"1046\">pausa general en la emisi\u00f3n de decisiones de asilo afirmativo<\/strong>, mientras se revisan los protocolos de escrutinio.<\/p>\n<p data-start=\"1100\" data-end=\"1275\">El director de <a href=\"https:\/\/www.uscis.gov\/es\/humanitarios\/asilo\">USCIS<\/a> inform\u00f3 que la suspensi\u00f3n durar\u00e1 \u201chasta garantizar que cada solicitante sea investigado al nivel m\u00e1s alto posible\u201d, sin ofrecer una fecha de reanudaci\u00f3n.<\/p>\n<h2 data-start=\"1277\" data-end=\"1339\"><strong data-start=\"1280\" data-end=\"1339\">Alcance y efectos de suspensi\u00f3n<\/strong><\/h2>\n<p data-start=\"1341\" data-end=\"1741\">Aunque la pausa <strong data-start=\"1357\" data-end=\"1391\">no elimina el sistema de asilo<\/strong>, implica que ning\u00fan caso afirmativo recibir\u00e1 resoluci\u00f3n mientras est\u00e9 vigente la suspensi\u00f3n. Las entrevistas pueden seguir llev\u00e1ndose a cabo, pero la decisi\u00f3n final queda congelada hasta que se reactive el programa.&nbsp;<\/p>\n<p data-start=\"1341\" data-end=\"1741\">Esto prolonga la incertidumbre de quienes dependen del asilo para obtener permisos de trabajo, reunificaci\u00f3n familiar o protecci\u00f3n frente a un proceso de deportaci\u00f3n.<\/p>\n<p data-start=\"1743\" data-end=\"1962\">Es importante destacar que la medida <strong data-start=\"1780\" data-end=\"1794\">no incluye<\/strong> los casos defensivos de asilo \u2014aquellos tramitados en tribunales de inmigraci\u00f3n durante un proceso de deportaci\u00f3n\u2014, que contin\u00faan bajo el sistema judicial migratorio.<\/p>\n<h2 data-start=\"1964\" data-end=\"2006\"><strong data-start=\"1967\" data-end=\"2006\">Reacciones y posibles retos legales<\/strong><\/h2>\n<p data-start=\"2008\" data-end=\"2435\">Organizaciones de defensa de migrantes han criticado la suspensi\u00f3n, argumentando que una pausa generalizada podr\u00eda contravenir <a href=\"https:\/\/soymigrante.com\/revista\/todo-migrante-tiene-derechos-la-union-americana-de-libertades-civiles-recomienda\/\">derechos y normas de protecci\u00f3n internacional<\/a> y las obligaciones que EE. UU. mantiene bajo su propia legislaci\u00f3n de asilo.&nbsp;<\/p>\n<p data-start=\"2008\" data-end=\"2435\">Sin embargo, hasta el momento, no se ha anunciado un recurso legal de gran escala que haya logrado bloquear la medida, pero <a href=\"https:\/\/soymigrante.com\/revista\/como-hallar-un-abogado-experto-en-migracion-aila-puede-ser-de-utilidad\/\">expertos en inmigraci\u00f3n <\/a>anticipan posibles demandas en las pr\u00f3ximas semanas.<\/p>\n<h2 data-start=\"2437\" data-end=\"2461\"><strong data-start=\"2440\" data-end=\"2461\">\u00bfQu\u00e9 es el asilo?<\/strong><\/h2>\n<p data-start=\"2463\" data-end=\"2754\">El <strong data-start=\"2466\" data-end=\"2475\">asilo<\/strong> es una protecci\u00f3n legal otorgada por un Estado a personas que huyen de su pa\u00eds por persecuci\u00f3n real o fundada basada en motivos como <strong data-start=\"2609\" data-end=\"2703\">raza, religi\u00f3n, nacionalidad, pertenencia a determinado grupo social u opiniones pol\u00edticas<\/strong>.<br data-start=\"2704\" data-end=\"2707\">En Estados Unidos existen dos v\u00edas principales:<\/p>\n<ol data-start=\"2756\" data-end=\"2984\">\n<li data-start=\"2756\" data-end=\"2856\">\n<p data-start=\"2759\" data-end=\"2856\"><strong data-start=\"2759\" data-end=\"2780\">Asilo afirmativo:<\/strong> se solicita directamente ante USCIS, sin estar en proceso de deportaci\u00f3n.<\/p>\n<\/li>\n<li data-start=\"2857\" data-end=\"2984\">\n<p data-start=\"2860\" data-end=\"2984\"><strong data-start=\"2860\" data-end=\"2880\">Asilo defensivo:<\/strong> se solicita ante un juez de inmigraci\u00f3n cuando la persona ya enfrenta una orden o proceso de expulsi\u00f3n.<\/p>\n<\/li>\n<\/ol>\n<p data-start=\"2986\" data-end=\"3144\">El reconocimiento de asilo permite al beneficiario vivir y trabajar legalmente en el pa\u00eds, y abre la puerta a obtener residencia permanente despu\u00e9s de un a\u00f1o.<\/p>\t\t\t\t\t\t\t\t<\/div>\n\t\t\t\t\t<\/div>\n\t\t\t\t<\/div>\n\t\t<div data-particle_enable=\"false\" data-particle-mobile-disabled=\"false\" class=\"elementor-element elementor-element-34873a8 e-flex e-con-boxed e-con e-parent\" data-id=\"34873a8\" data-element_type=\"container\" data-e-type=\"container\">\n\t\t\t\t\t<div class=\"e-con-inner\">\n\t\t\t\t<div class=\"elementor-element elementor-element-bc24ff5 elementor-widget elementor-widget-html\" data-id=\"bc24ff5\" data-element_type=\"widget\" data-e-type=\"widget\" data-widget_type=\"html.default\">\n\t\t\t\t\t<iframe width=\"560\" height=\"345\" src=\"https:\/\/www.youtube.com\/embed\/PL7lfmKb5RI?si=VrPjSbBeCT5GrRw0\" title=\"YouTube video player\" frameborder=\"0\" allow=\"accelerometer; autoplay; clipboard-write; encrypted-media; gyroscope; picture-in-picture; web-share\" referrerpolicy=\"strict-origin-when-cross-origin\" allowfullscreen><\/iframe>\t\t\t\t<\/div>\n\t\t\t\t\t<\/div>\n\t\t\t\t<\/div>\n\t\t\t\t<\/div>\n\t\t","protected":false},"excerpt":{"rendered":"<p>La suspensi\u00f3n de decisiones en los procesos de asilo en Estados Unidos, anunciada recientemente por el Servicio de Ciudadan\u00eda e Inmigraci\u00f3n (USCIS), ha colocado a m\u00e1s de 230,000 solicitantes en un estado de incertidumbre legal inmediata Algunas estimaciones elevan el impacto potencial hasta 1.5 millones de casos pendientes dentro del sistema de asilo afirmativo en [&hellip;]<\/p>\n","protected":false},"author":1,"featured_media":49372,"comment_status":"open","ping_status":"open","sticky":false,"template":"","format":"standard","meta":{"_acf_changed":false,"_eb_attr":"","footnotes":""},"categories":[280],"tags":[],"class_list":["post-49220","post","type-post","status-publish","format-standard","has-post-thumbnail","hentry","category-noticias"],"acf":[],"aioseo_notices":[],"aioseo_head":"\n\t\t<!-- All in One SEO Pro 4.9.6.2 - aioseo.com -->\n\t<meta name=\"description\" content=\"Suspensi\u00f3n de procesos de asilo a causa de atentado en Washington deja en la incertidumbre unos 230 mil casos, pero pueden ser m\u00e1s\" \/>\n\t<meta name=\"robots\" content=\"max-snippet:-1, max-image-preview:large, max-video-preview:-1\" \/>\n\t<meta name=\"author\" content=\"SoyMigrante.com REVISTA\"\/>\n\t<link rel=\"canonical\" href=\"https:\/\/soymigrante.com\/revista\/al-menos-230-mil-procesos-de-asilo-estan-congelados-pero-pueden-ser-mas\/\" \/>\n\t<meta name=\"generator\" content=\"All in One SEO Pro (AIOSEO) 4.9.6.2\" \/>\n\n\t\t<link rel=\"preconnect\" href=\"https:\/\/fonts.googleapis.com\" crossorigin>\n<link rel=\"preconnect\" href=\"https:\/\/fonts.gstatic.com\" crossorigin>\n\t\t<meta property=\"og:locale\" content=\"es_ES\" \/>\n\t\t<meta property=\"og:site_name\" content=\"SoyMigrante.com REVISTA \u2013 Nuestra misi\u00f3n es reconocer y dignificar al migrante.\" \/>\n\t\t<meta property=\"og:type\" content=\"article\" \/>\n\t\t<meta property=\"og:title\" content=\"Al menos 230 mil procesos de asilo quedan en limbo legal\" \/>\n\t\t<meta property=\"og:description\" content=\"Suspensi\u00f3n de procesos de asilo a causa de atentado en Washington deja en la incertidumbre unos 230 mil casos, pero pueden ser m\u00e1s\" \/>\n\t\t<meta property=\"og:url\" content=\"https:\/\/soymigrante.com\/revista\/al-menos-230-mil-procesos-de-asilo-estan-congelados-pero-pueden-ser-mas\/\" \/>\n\t\t<meta property=\"og:image\" content=\"https:\/\/soymigrante.com\/revista\/wp-content\/uploads\/2025\/12\/suspenden-casos-de-asilo-por-atentado-imagen-de-corte-usa.png\" \/>\n\t\t<meta property=\"og:image:secure_url\" content=\"https:\/\/soymigrante.com\/revista\/wp-content\/uploads\/2025\/12\/suspenden-casos-de-asilo-por-atentado-imagen-de-corte-usa.png\" \/>\n\t\t<meta property=\"og:image:width\" content=\"1024\" \/>\n\t\t<meta property=\"og:image:height\" content=\"1024\" \/>\n\t\t<meta property=\"article:published_time\" content=\"2025-12-02T22:56:04+00:00\" \/>\n\t\t<meta property=\"article:modified_time\" content=\"2025-12-06T02:49:04+00:00\" \/>\n\t\t<meta property=\"article:publisher\" content=\"https:\/\/www.facebook.com\/soymigrantecom\" \/>\n\t\t<meta name=\"twitter:card\" content=\"summary_large_image\" \/>\n\t\t<meta name=\"twitter:site\" content=\"@SoyMigrante_com\" \/>\n\t\t<meta name=\"twitter:title\" content=\"Al menos 230 mil procesos de asilo quedan en limbo legal\" \/>\n\t\t<meta name=\"twitter:description\" content=\"Suspensi\u00f3n de procesos de asilo a causa de atentado en Washington deja en la incertidumbre unos 230 mil casos, pero pueden ser m\u00e1s\" \/>\n\t\t<meta name=\"twitter:creator\" content=\"@SoyMigrante_com\" \/>\n\t\t<meta name=\"twitter:image\" content=\"https:\/\/soymigrante.com\/revista\/wp-content\/uploads\/2025\/12\/suspenden-casos-de-asilo-por-atentado-imagen-de-corte-usa.png\" \/>\n\t\t<!-- All in One SEO Pro -->\r\n\t\t<title>Al menos 230 mil procesos de asilo quedan en limbo legal<\/title>\n\n","aioseo_head_json":{"title":"Al menos 230 mil procesos de asilo quedan en limbo legal","description":"Suspensi\u00f3n de procesos de asilo a causa de atentado en Washington deja en la incertidumbre unos 230 mil casos, pero pueden ser m\u00e1s","canonical_url":"https:\/\/soymigrante.com\/revista\/al-menos-230-mil-procesos-de-asilo-estan-congelados-pero-pueden-ser-mas\/","robots":"max-snippet:-1, max-image-preview:large, max-video-preview:-1","keywords":"","webmasterTools":{"miscellaneous":"&lt;link rel=\"preconnect\" href=\"https:\/\/fonts.googleapis.com\" crossorigin&gt;\n&lt;link rel=\"preconnect\" href=\"https:\/\/fonts.gstatic.com\" crossorigin&gt;"},"schema":null,"og:locale":"es_ES","og:site_name":"SoyMigrante.com REVISTA \u2013 Nuestra misi\u00f3n es reconocer y dignificar al migrante.","og:type":"article","og:title":"Al menos 230 mil procesos de asilo quedan en limbo legal","og:description":"Suspensi\u00f3n de procesos de asilo a causa de atentado en Washington deja en la incertidumbre unos 230 mil casos, pero pueden ser m\u00e1s","og:url":"https:\/\/soymigrante.com\/revista\/al-menos-230-mil-procesos-de-asilo-estan-congelados-pero-pueden-ser-mas\/","og:image":"https:\/\/soymigrante.com\/revista\/wp-content\/uploads\/2025\/12\/suspenden-casos-de-asilo-por-atentado-imagen-de-corte-usa.png","og:image:secure_url":"https:\/\/soymigrante.com\/revista\/wp-content\/uploads\/2025\/12\/suspenden-casos-de-asilo-por-atentado-imagen-de-corte-usa.png","og:image:width":1024,"og:image:height":1024,"article:published_time":"2025-12-02T22:56:04+00:00","article:modified_time":"2025-12-06T02:49:04+00:00","article:publisher":"https:\/\/www.facebook.com\/soymigrantecom","twitter:card":"summary_large_image","twitter:site":"@SoyMigrante_com","twitter:title":"Al menos 230 mil procesos de asilo quedan en limbo legal","twitter:description":"Suspensi\u00f3n de procesos de asilo a causa de atentado en Washington deja en la incertidumbre unos 230 mil casos, pero pueden ser m\u00e1s","twitter:creator":"@SoyMigrante_com","twitter:image":"https:\/\/soymigrante.com\/revista\/wp-content\/uploads\/2025\/12\/suspenden-casos-de-asilo-por-atentado-imagen-de-corte-usa.png"},"aioseo_meta_data":{"post_id":"49220","title":"Al menos 230 mil procesos de asilo quedan en limbo legal","description":"Suspensi\u00f3n de procesos de asilo a causa de atentado en Washington deja en la incertidumbre unos 230 mil casos, pero pueden ser m\u00e1s","keywords":null,"keyphrases":{"focus":{"keyphrase":"Asilo","score":100,"analysis":{"keyphraseInTitle":{"score":9,"maxScore":9,"error":0},"keyphraseInDescription":{"score":9,"maxScore":9,"error":0},"keyphraseLength":{"score":9,"maxScore":9,"error":0,"length":1},"keyphraseInURL":{"score":5,"maxScore":5,"error":0},"keyphraseInIntroduction":{"score":9,"maxScore":9,"error":0},"keyphraseInSubHeadings":{"score":9,"maxScore":9,"error":0},"keyphraseInImageAlt":[],"keywordDensity":{"type":"best","score":9,"maxScore":9,"error":0}}},"additional":[{"keyphrase":"suspensi\u00f3n","score":83,"analysis":{"keyphraseInDescription":{"score":9,"maxScore":9,"error":0},"keyphraseLength":{"score":9,"maxScore":9,"error":0,"length":2},"keyphraseInIntroduction":{"score":3,"maxScore":9,"error":1},"keyphraseInImageAlt":[],"keywordDensity":{"type":"best","score":9,"maxScore":9,"error":0}}}]},"primary_term":null,"canonical_url":null,"og_title":null,"og_description":null,"og_object_type":"default","og_image_type":"default","og_image_url":null,"og_image_width":null,"og_image_height":null,"og_image_custom_url":null,"og_image_custom_fields":null,"og_video":"","og_custom_url":null,"og_article_section":null,"og_article_tags":null,"twitter_use_og":false,"twitter_card":"default","twitter_image_type":"default","twitter_image_url":null,"twitter_image_custom_url":null,"twitter_image_custom_fields":null,"twitter_title":null,"twitter_description":null,"schema":{"blockGraphs":[],"customGraphs":[],"default":{"data":{"Article":[],"Course":[],"Dataset":[],"FAQPage":[],"Movie":[],"Person":[],"Product":[],"ProductReview":[],"Car":[],"Recipe":[],"Service":[],"SoftwareApplication":[],"WebPage":[]},"graphName":"NewsArticle","isEnabled":true},"graphs":[]},"schema_type":"default","schema_type_options":null,"pillar_content":false,"robots_default":true,"robots_noindex":false,"robots_noarchive":false,"robots_nosnippet":false,"robots_nofollow":false,"robots_noimageindex":false,"robots_noodp":false,"robots_notranslate":false,"robots_max_snippet":"-1","robots_max_videopreview":"-1","robots_max_imagepreview":"large","priority":null,"frequency":"default","local_seo":null,"seo_analyzer_scan_date":"2025-12-06 02:49:40","breadcrumb_settings":null,"limit_modified_date":false,"reviewed_by":"0","open_ai":null,"ai":{"faqs":[],"keyPoints":[],"titles":[],"descriptions":[],"socialPosts":{"email":[],"linkedin":[],"twitter":[],"facebook":[],"instagram":[]}},"created":"2025-12-02 22:35:47","updated":"2026-02-05 07:26:34"},"aioseo_breadcrumb":"<div class=\"aioseo-breadcrumbs\"><span class=\"aioseo-breadcrumb\">\n\t<a href=\"https:\/\/soymigrante.com\/revista\" title=\"Home\">Home<\/a>\n<\/span><span class=\"aioseo-breadcrumb-separator\">\u00bb<\/span><span class=\"aioseo-breadcrumb\">\n\t<a href=\"https:\/\/soymigrante.com\/revista\/category\/noticias\/\" title=\"Noticias\">Noticias<\/a>\n<\/span><span class=\"aioseo-breadcrumb-separator\">\u00bb<\/span><span class=\"aioseo-breadcrumb\">\n\tAl menos 230 mil procesos de asilo est\u00e1n congelados indefinidamente y pueden ser m\u00e1s\n<\/span><\/div>","aioseo_breadcrumb_json":[{"label":"Home","link":"https:\/\/soymigrante.com\/revista"},{"label":"Noticias","link":"https:\/\/soymigrante.com\/revista\/category\/noticias\/"},{"label":"Al menos 230 mil procesos de asilo est\u00e1n congelados indefinidamente y pueden ser m\u00e1s","link":"https:\/\/soymigrante.com\/revista\/al-menos-230-mil-procesos-de-asilo-estan-congelados-pero-pueden-ser-mas\/"}],"_links":{"self":[{"href":"https:\/\/soymigrante.com\/revista\/wp-json\/wp\/v2\/posts\/49220","targetHints":{"allow":["GET"]}}],"collection":[{"href":"https:\/\/soymigrante.com\/revista\/wp-json\/wp\/v2\/posts"}],"about":[{"href":"https:\/\/soymigrante.com\/revista\/wp-json\/wp\/v2\/types\/post"}],"author":[{"embeddable":true,"href":"https:\/\/soymigrante.com\/revista\/wp-json\/wp\/v2\/users\/1"}],"replies":[{"embeddable":true,"href":"https:\/\/soymigrante.com\/revista\/wp-json\/wp\/v2\/comments?post=49220"}],"version-history":[{"count":17,"href":"https:\/\/soymigrante.com\/revista\/wp-json\/wp\/v2\/posts\/49220\/revisions"}],"predecessor-version":[{"id":49379,"href":"https:\/\/soymigrante.com\/revista\/wp-json\/wp\/v2\/posts\/49220\/revisions\/49379"}],"wp:featuredmedia":[{"embeddable":true,"href":"https:\/\/soymigrante.com\/revista\/wp-json\/wp\/v2\/media\/49372"}],"wp:attachment":[{"href":"https:\/\/soymigrante.com\/revista\/wp-json\/wp\/v2\/media?parent=49220"}],"wp:term":[{"taxonomy":"category","embeddable":true,"href":"https:\/\/soymigrante.com\/revista\/wp-json\/wp\/v2\/categories?post=49220"},{"taxonomy":"post_tag","embeddable":true,"href":"https:\/\/soymigrante.com\/revista\/wp-json\/wp\/v2\/tags?post=49220"}],"curies":[{"name":"wp","href":"https:\/\/api.w.org\/{rel}","templated":true}]}}