{"id":49149,"date":"2025-12-01T14:41:27","date_gmt":"2025-12-01T20:41:27","guid":{"rendered":"https:\/\/soymigrante.com\/revista\/?p=49149"},"modified":"2025-12-05T21:16:11","modified_gmt":"2025-12-06T03:16:11","slug":"asi-celebraba-la-navidad-el-santo-hermano-pedro-cuyos-400-anos-se-cumpliran-en-2026","status":"publish","type":"post","link":"https:\/\/soymigrante.com\/revista\/asi-celebraba-la-navidad-el-santo-hermano-pedro-cuyos-400-anos-se-cumpliran-en-2026\/","title":{"rendered":"As\u00ed celebraba la Navidad el Santo Hermano Pedro cuyos 400 a\u00f1os se cumplir\u00e1n en 2026"},"content":{"rendered":"\t\t<div data-elementor-type=\"wp-post\" data-elementor-id=\"49149\" class=\"elementor elementor-49149\" data-elementor-post-type=\"post\">\n\t\t\t\t<div data-particle_enable=\"false\" data-particle-mobile-disabled=\"false\" class=\"elementor-element elementor-element-c39ccc6 e-flex e-con-boxed e-con e-parent\" data-id=\"c39ccc6\" data-element_type=\"container\" data-e-type=\"container\">\n\t\t\t\t\t<div class=\"e-con-inner\">\n\t\t\t\t<div class=\"elementor-element elementor-element-b45b080 elementor-widget elementor-widget-heading\" data-id=\"b45b080\" data-element_type=\"widget\" data-e-type=\"widget\" data-widget_type=\"heading.default\">\n\t\t\t\t\t<h2 class=\"elementor-heading-title elementor-size-default\">As\u00ed se viv\u00edan los d\u00edas pr\u00f3ximos a  Navidad en tiempos del Santo Hermano Pedro de Betancur, cuyo 400 aniversario de nacimiento se celebrar\u00e1 en 2026 y quien lleg\u00f3 a Guatemala en 1651.<\/h2>\t\t\t\t<\/div>\n\t\t\t\t<div class=\"elementor-element elementor-element-1c34f14 elementor-widget elementor-widget-html\" data-id=\"1c34f14\" data-element_type=\"widget\" data-e-type=\"widget\" data-widget_type=\"html.default\">\n\t\t\t\t\t<div id=\"buzzsprout-player-18282582\"><\/div><script src=\"https:\/\/www.buzzsprout.com\/2444168\/episodes\/18282582-la-navidad-del-santo-hermano-pedro-con-todo-y-nacimiento.js?container_id=buzzsprout-player-18282582&player=small\" type=\"text\/javascript\" charset=\"utf-8\"><\/script>\t\t\t\t<\/div>\n\t\t\t\t\t<\/div>\n\t\t\t\t<\/div>\n\t\t<div data-particle_enable=\"false\" data-particle-mobile-disabled=\"false\" class=\"elementor-element elementor-element-975cd24 e-flex e-con-boxed e-con e-parent\" data-id=\"975cd24\" data-element_type=\"container\" data-e-type=\"container\">\n\t\t\t\t\t<div class=\"e-con-inner\">\n\t\t\t\t<div class=\"elementor-element elementor-element-a32451d elementor-widget elementor-widget-text-editor\" data-id=\"a32451d\" data-element_type=\"widget\" data-e-type=\"widget\" data-widget_type=\"text-editor.default\">\n\t\t\t\t\t\t\t\t\t<p>Eran los \u00faltimos d\u00edas del a\u00f1o, los de la Navidad, los que hac\u00edan desbordar en su alma el j\u00fabilo infantil en que abundaba el Hermano Pedro de Betancur en la se\u00f1orial ciudad de <a href=\"https:\/\/soymigrante.com\/revista\/7-datos-de-antigua-guatemala-que-seguro-ya-sabias-o-quiza-no\/\">Santiago de los Caballeros, hoy Antigua Guatemala.<\/a> Grandes eran sus afanes para preparar el nacimiento. Sin descuidar a sus enfermos, ni olvidar sus oraciones, el <a href=\"https:\/\/soymigrante.com\/revista\/nacimiento-guatemalteco-es-una-tradicion-de-fe-artesania-y-union\/\">Santo Hermano lego<\/a> se daba traza y modo para preparar algo muy animado y muy risue\u00f1o.\u00a0<\/p><p>Era tal su entusiasmo, que casi llegaba a imaginarse que en realidad iba a<a href=\"https:\/\/soymigrante.com\/revista\/que-tiene-la-navidad-chapina-que-los-migrantes-la-recuerdan-tanto-mira-esta-lista\/\"> nacer Jes\u00fas en aquel establ<\/a>o improvisado y min\u00fasculo que \u00e9l con paternal cari\u00f1o preparaba. En largas veladas se entreten\u00eda haciendo con telas embreadas y fruncidas, colinas y monta\u00f1as, que salpicaba de aserr\u00edn coloreado, d\u00e1ndoles tonalidades verdes o rocosas.\u00a0<\/p>\t\t\t\t\t\t\t\t<\/div>\n\t\t\t\t\t<\/div>\n\t\t\t\t<\/div>\n\t\t<div data-particle_enable=\"false\" data-particle-mobile-disabled=\"false\" class=\"elementor-element elementor-element-16b535e e-flex e-con-boxed e-con e-parent\" data-id=\"16b535e\" data-element_type=\"container\" data-e-type=\"container\">\n\t\t\t\t\t<div class=\"e-con-inner\">\n\t\t\t\t<div class=\"elementor-element elementor-element-29d951e elementor-widget elementor-widget-heading\" data-id=\"29d951e\" data-element_type=\"widget\" data-e-type=\"widget\" data-widget_type=\"heading.default\">\n\t\t\t\t\t<h5 class=\"elementor-heading-title elementor-size-default\">Animaci\u00f3n IA: Con devoci\u00f3n, el Santo Hermano Pedro festejaba la Navidad<\/h5>\t\t\t\t<\/div>\n\t\t\t\t\t<\/div>\n\t\t\t\t<\/div>\n\t\t<div data-particle_enable=\"false\" data-particle-mobile-disabled=\"false\" class=\"elementor-element elementor-element-6cf7120 e-flex e-con-boxed e-con e-parent\" data-id=\"6cf7120\" data-element_type=\"container\" data-e-type=\"container\">\n\t\t\t\t\t<div class=\"e-con-inner\">\n\t\t\t\t<div class=\"elementor-element elementor-element-0ff755e elementor-widget elementor-widget-video\" data-id=\"0ff755e\" data-element_type=\"widget\" data-e-type=\"widget\" data-settings=\"{&quot;video_type&quot;:&quot;hosted&quot;,&quot;controls&quot;:&quot;yes&quot;}\" data-widget_type=\"video.default\">\n\t\t\t\t\t\t\t<div class=\"e-hosted-video elementor-wrapper elementor-open-inline\">\n\t\t\t\t\t<video class=\"elementor-video\" src=\"https:\/\/soymigrante.com\/revista\/wp-content\/uploads\/2025\/12\/recreacion-con-ia-sobre-como-celebraba-la-navidad-el-santo-hermano-pedro-de-betancut.mp4\" controls=\"\" preload=\"metadata\" controlsList=\"nodownload\"><\/video>\n\t\t\t\t<\/div>\n\t\t\t\t\t\t<\/div>\n\t\t\t\t\t<\/div>\n\t\t\t\t<\/div>\n\t\t<div data-particle_enable=\"false\" data-particle-mobile-disabled=\"false\" class=\"elementor-element elementor-element-d686f3f e-flex e-con-boxed e-con e-parent\" data-id=\"d686f3f\" data-element_type=\"container\" data-e-type=\"container\">\n\t\t\t\t\t<div class=\"e-con-inner\">\n\t\t\t\t<div class=\"elementor-element elementor-element-b977112 elementor-widget elementor-widget-heading\" data-id=\"b977112\" data-element_type=\"widget\" data-e-type=\"widget\" data-widget_type=\"heading.default\">\n\t\t\t\t\t<h3 class=\"elementor-heading-title elementor-size-default\">As\u00ed hacia su Nacimiento el Hermano Pedro<\/h3>\t\t\t\t<\/div>\n\t\t\t\t\t<\/div>\n\t\t\t\t<\/div>\n\t\t<div data-particle_enable=\"false\" data-particle-mobile-disabled=\"false\" class=\"elementor-element elementor-element-10c237a e-flex e-con-boxed e-con e-parent\" data-id=\"10c237a\" data-element_type=\"container\" data-e-type=\"container\">\n\t\t\t\t\t<div class=\"e-con-inner\">\n\t\t\t\t<div class=\"elementor-element elementor-element-be518ec elementor-widget elementor-widget-text-editor\" data-id=\"be518ec\" data-element_type=\"widget\" data-e-type=\"widget\" data-widget_type=\"text-editor.default\">\n\t\t\t\t\t\t\t\t\t<p>Con vidrios sometidos al fuego y que entre las llamas se resquebrajaban, fing\u00eda pedazos de hielo, muy naturales en aquella noche fr\u00eda en que naciera Jes\u00fas, apenas calentado por el aliento del buey y la mula.\u00a0<\/p><p>Cristales con papel azul o plateado, le serv\u00edan para hacer lagos\u00bb acaso el de Tiber\u00edades o el Mar Muerto.\u00a0<\/p><p>Pastores de ovejas, que sin duda le recordaban sus d\u00edas de juventud en la encantadora isla de Tenerife, iban por los caminos de arena con rumbo al establo a ofrecer sus humildes presentes al reci\u00e9n nacido. En una tela pintada de azul, que figuraba el cielo, brillaban inn\u00fameras estrellas, distingui\u00e9ndose, entre todas, una m\u00e1s brillan te, la que deb\u00eda guiar a los reyes Magos al sitio humilde de la adoraci\u00f3n.<\/p>\t\t\t\t\t\t\t\t<\/div>\n\t\t\t\t\t<\/div>\n\t\t\t\t<\/div>\n\t\t<div data-particle_enable=\"false\" data-particle-mobile-disabled=\"false\" class=\"elementor-element elementor-element-d2f8ad7 e-flex e-con-boxed e-con e-parent\" data-id=\"d2f8ad7\" data-element_type=\"container\" data-e-type=\"container\">\n\t\t\t\t\t<div class=\"e-con-inner\">\n\t\t\t\t<div class=\"elementor-element elementor-element-1981c6a elementor-widget elementor-widget-image\" data-id=\"1981c6a\" data-element_type=\"widget\" data-e-type=\"widget\" data-widget_type=\"image.default\">\n\t\t\t\t\t\t\t\t\t\t\t\t<figure class=\"wp-caption\">\n\t\t\t\t\t\t\t\t\t\t<img decoding=\"async\" src=\"https:\/\/soymigrante.com\/revista\/wp-content\/uploads\/2025\/12\/navidad-del-santo-hermano-pedro-de-betancur-hacia-nacimiento-y-posada.mp4\" title=\"\" alt=\"\" loading=\"lazy\" \/>\t\t\t\t\t\t\t\t\t\t\t<figcaption class=\"widget-image-caption wp-caption-text\">navidad del santo hermano pedro de betancur hacia nacimiento y posada<\/figcaption>\n\t\t\t\t\t\t\t\t\t\t<\/figure>\n\t\t\t\t\t\t\t\t\t<\/div>\n\t\t\t\t\t<\/div>\n\t\t\t\t<\/div>\n\t\t<div data-particle_enable=\"false\" data-particle-mobile-disabled=\"false\" class=\"elementor-element elementor-element-d501f40 e-flex e-con-boxed e-con e-parent\" data-id=\"d501f40\" data-element_type=\"container\" data-e-type=\"container\">\n\t\t\t\t\t<div class=\"e-con-inner\">\n\t\t\t\t<div class=\"elementor-element elementor-element-0f344ae elementor-widget elementor-widget-heading\" data-id=\"0f344ae\" data-element_type=\"widget\" data-e-type=\"widget\" data-widget_type=\"heading.default\">\n\t\t\t\t\t<h3 class=\"elementor-heading-title elementor-size-default\">Nacimiento muy guatemalteco<\/h3>\t\t\t\t<\/div>\n\t\t\t\t\t<\/div>\n\t\t\t\t<\/div>\n\t\t<div data-particle_enable=\"false\" data-particle-mobile-disabled=\"false\" class=\"elementor-element elementor-element-ca18549 e-flex e-con-boxed e-con e-parent\" data-id=\"ca18549\" data-element_type=\"container\" data-e-type=\"container\">\n\t\t\t\t\t<div class=\"e-con-inner\">\n\t\t\t\t<div class=\"elementor-element elementor-element-30291c9 elementor-widget elementor-widget-text-editor\" data-id=\"30291c9\" data-element_type=\"widget\" data-e-type=\"widget\" data-widget_type=\"text-editor.default\">\n\t\t\t\t\t\t\t\t\t<p>Contrastando con todo aquello, en cierto modo factible, pululaban entre riscos y bosques, altas sierras y blandas planicies, ind\u00edgenas de coloridas indumentarias, en participaci\u00f3n con los hijos de la lejana Palestina.\u00a0<\/p><p>Le parec\u00eda al Santo Hermano Pedro imposible, porque tan tiernamente amaba a los ind\u00edgenas de Am\u00e9rica, que ellos no concurrieran all\u00ed, en la hora b\u00edblica, a saludar la llegada del Mes\u00edas.\u00a0<\/p><p>Para celebrar cada a\u00f1o este grandioso acontecimiento, dice uno de sus bi\u00f3grafos, desplegaba toda la solicitud de que era capaz su ardiente coraz\u00f3n. Muchos d\u00edas antes, a la par que llevaba consigo una estampa de Jesucristo reci\u00e9n nacido, exhortaba a las almas a prepararse con ayunos, oraciones y otros ejercicios espirituales para tan hermosa festividad.\u00a0<\/p><p>Otra de las tradiciones muy arraigadas del Santo Hermano Pedro era llevar al Ni\u00f1o Jes\u00fas en un sombrero, para presentarlo a la veneraci\u00f3n de los fieles.<\/p>\t\t\t\t\t\t\t\t<\/div>\n\t\t\t\t\t<\/div>\n\t\t\t\t<\/div>\n\t\t<div data-particle_enable=\"false\" data-particle-mobile-disabled=\"false\" class=\"elementor-element elementor-element-3dce859 e-flex e-con-boxed e-con e-parent\" data-id=\"3dce859\" data-element_type=\"container\" data-e-type=\"container\">\n\t\t\t\t\t<div class=\"e-con-inner\">\n\t\t\t\t<div class=\"elementor-element elementor-element-814ddbf elementor-widget elementor-widget-video\" data-id=\"814ddbf\" data-element_type=\"widget\" data-e-type=\"widget\" data-settings=\"{&quot;video_type&quot;:&quot;hosted&quot;,&quot;controls&quot;:&quot;yes&quot;}\" data-widget_type=\"video.default\">\n\t\t\t\t\t\t\t<div class=\"e-hosted-video elementor-wrapper elementor-open-inline\">\n\t\t\t\t\t<video class=\"elementor-video\" src=\"https:\/\/soymigrante.com\/revista\/wp-content\/uploads\/2025\/12\/navidad-del-santo-hermano-pedro-de-betancur-hacia-nacimiento-y-posada.mp4\" controls=\"\" preload=\"metadata\" controlsList=\"nodownload\"><\/video>\n\t\t\t\t<\/div>\n\t\t\t\t\t\t<\/div>\n\t\t\t\t\t<\/div>\n\t\t\t\t<\/div>\n\t\t<div data-particle_enable=\"false\" data-particle-mobile-disabled=\"false\" class=\"elementor-element elementor-element-1f0fcfa e-flex e-con-boxed e-con e-parent\" data-id=\"1f0fcfa\" data-element_type=\"container\" data-e-type=\"container\">\n\t\t\t\t\t<div class=\"e-con-inner\">\n\t\t\t\t<div class=\"elementor-element elementor-element-50beec5 elementor-widget elementor-widget-heading\" data-id=\"50beec5\" data-element_type=\"widget\" data-e-type=\"widget\" data-widget_type=\"heading.default\">\n\t\t\t\t\t<h3 class=\"elementor-heading-title elementor-size-default\">Conmemoraci\u00f3n de paz y amor<\/h3>\t\t\t\t<\/div>\n\t\t\t\t\t<\/div>\n\t\t\t\t<\/div>\n\t\t<div data-particle_enable=\"false\" data-particle-mobile-disabled=\"false\" class=\"elementor-element elementor-element-a49e340 e-flex e-con-boxed e-con e-parent\" data-id=\"a49e340\" data-element_type=\"container\" data-e-type=\"container\">\n\t\t\t\t\t<div class=\"e-con-inner\">\n\t\t\t\t<div class=\"elementor-element elementor-element-a06f852 elementor-widget elementor-widget-text-editor\" data-id=\"a06f852\" data-element_type=\"widget\" data-e-type=\"widget\" data-widget_type=\"text-editor.default\">\n\t\t\t\t\t\t\t\t\t<p>Y eran de ver el orden y piadoso recogimiento con que, entre nutridas constelaciones de luces de todos colores y al son de escogidas canciones, giraba el devoto cortejo alrededor del Hospital y desfilaban luego por las <a href=\"https:\/\/soymigrante.com\/revista\/festival-de-la-luz-2025-antigua-guatemala-se-llena-de-color-y-magia\/\">calles de la ciudad, iluminadas y adornadas<\/a> con exquisito gusto y con el mayor esplendor que consent\u00edan los recursos de los respectivos vecinos.\u00a0<\/p><p>Ceebraban el nacimiento de Cristo provistos de tamborcitos, panderetas, sonajas, casta\u00f1uelas y otros instrumentos pastoriles, principiaban a ta\u00f1erlos, entonando por turno cada cual una copla de muchas, tan graciosas como sencillas, que con este objeto hab\u00eda compuesto el piadoso Hermano Hermano Pedro de Betancur.<\/p>\t\t\t\t\t\t\t\t<\/div>\n\t\t\t\t\t<\/div>\n\t\t\t\t<\/div>\n\t\t<div data-particle_enable=\"false\" data-particle-mobile-disabled=\"false\" class=\"elementor-element elementor-element-f2a9b8b e-flex e-con-boxed e-con e-parent\" data-id=\"f2a9b8b\" data-element_type=\"container\" data-e-type=\"container\">\n\t\t\t\t\t<div class=\"e-con-inner\">\n\t\t\t\t<div class=\"elementor-element elementor-element-3925ad9 elementor-widget elementor-widget-html\" data-id=\"3925ad9\" data-element_type=\"widget\" data-e-type=\"widget\" data-widget_type=\"html.default\">\n\t\t\t\t\t<iframe width=\"560\" height=\"415\" src=\"https:\/\/www.youtube.com\/embed\/taWo2V5ir6Y?si=hCfPefpddvP50cvK\" title=\"YouTube video player\" frameborder=\"0\" allow=\"accelerometer; autoplay; clipboard-write; encrypted-media; gyroscope; picture-in-picture; web-share\" referrerpolicy=\"strict-origin-when-cross-origin\" allowfullscreen><\/iframe>\t\t\t\t<\/div>\n\t\t\t\t\t<\/div>\n\t\t\t\t<\/div>\n\t\t<div data-particle_enable=\"false\" data-particle-mobile-disabled=\"false\" class=\"elementor-element elementor-element-283afd0 e-flex e-con-boxed e-con e-parent\" data-id=\"283afd0\" data-element_type=\"container\" data-e-type=\"container\">\n\t\t\t\t\t<div class=\"e-con-inner\">\n\t\t\t\t<div class=\"elementor-element elementor-element-5619d13 elementor-widget elementor-widget-heading\" data-id=\"5619d13\" data-element_type=\"widget\" data-e-type=\"widget\" data-widget_type=\"heading.default\">\n\t\t\t\t\t<h3 class=\"elementor-heading-title elementor-size-default\">El Santo Hermano Pedro (1626-1665)<\/h3>\t\t\t\t<\/div>\n\t\t\t\t\t<\/div>\n\t\t\t\t<\/div>\n\t\t<div data-particle_enable=\"false\" data-particle-mobile-disabled=\"false\" class=\"elementor-element elementor-element-b13501d e-flex e-con-boxed e-con e-parent\" data-id=\"b13501d\" data-element_type=\"container\" data-e-type=\"container\">\n\t\t\t\t\t<div class=\"e-con-inner\">\n\t\t\t\t<div class=\"elementor-element elementor-element-d0a54b2 elementor-widget elementor-widget-text-editor\" data-id=\"d0a54b2\" data-element_type=\"widget\" data-e-type=\"widget\" data-widget_type=\"text-editor.default\">\n\t\t\t\t\t\t\t\t\t<p>El Santo Hermano Pedro de San Jos\u00e9 Betancur naci\u00f3 en Vilaflor, Tenerife el 21 de marzo de 1626. Se embarc\u00f3 rumbo al Nuevo Mundo y lleg\u00f3 a Guatemala en 1651, donde dedic\u00f3 su vida al servicio de los m\u00e1s necesitados en Guatemala.<\/p><p>Fund\u00f3 la Orden de los Bethlemitas, cre\u00f3 el primer hospital para convalecientes de Am\u00e9rica y el primer colegio para ni\u00f1os de la regi\u00f3n, sentando bases para la educaci\u00f3n y los derechos humanos en la zona. Celebraba con fervor la Navidad y tambi\u00e9n la Pasi\u00f3n de Cristo. Muri\u00f3 en 1665.<\/p><p>Fue beatificado por el Papa Juan Pablo II en 1980 y canonizado en 2002, convirti\u00e9ndose en el primer santo de Guatemala y Centroam\u00e9rica.\u00a0<\/p>\t\t\t\t\t\t\t\t<\/div>\n\t\t\t\t\t<\/div>\n\t\t\t\t<\/div>\n\t\t<div data-particle_enable=\"false\" data-particle-mobile-disabled=\"false\" class=\"elementor-element elementor-element-279f010 e-flex e-con-boxed e-con e-parent\" data-id=\"279f010\" data-element_type=\"container\" data-e-type=\"container\">\n\t\t\t\t\t<div class=\"e-con-inner\">\n\t\t\t\t<div class=\"elementor-element elementor-element-8c50c7b elementor-widget elementor-widget-text-editor\" data-id=\"8c50c7b\" data-element_type=\"widget\" data-e-type=\"widget\" data-widget_type=\"text-editor.default\">\n\t\t\t\t\t\t\t\t\t<p><a href=\"https:\/\/ia804501.us.archive.org\/34\/items\/elsanfranciscode00soto\/elsanfranciscode00soto.pdf\">Fuente: El San Francisco de As\u00eds americano: el Hermano Pedro de Betancur, por M\u00e1ximo Soto Hall (Guatemala 1935)<\/a><\/p>\t\t\t\t\t\t\t\t<\/div>\n\t\t\t\t\t<\/div>\n\t\t\t\t<\/div>\n\t\t<div data-particle_enable=\"false\" data-particle-mobile-disabled=\"false\" class=\"elementor-element elementor-element-e7d4d4e e-flex e-con-boxed e-con e-parent\" data-id=\"e7d4d4e\" data-element_type=\"container\" data-e-type=\"container\">\n\t\t\t\t\t<div class=\"e-con-inner\">\n\t\t\t\t<div class=\"elementor-element elementor-element-dfa3fea elementor-widget elementor-widget-heading\" data-id=\"dfa3fea\" data-element_type=\"widget\" data-e-type=\"widget\" data-widget_type=\"heading.default\">\n\t\t\t\t\t<h2 class=\"elementor-heading-title elementor-size-default\">Tradici\u00f3n e identidad de Guatemala<\/h2>\t\t\t\t<\/div>\n\t\t\t\t\t<\/div>\n\t\t\t\t<\/div>\n\t\t<div data-particle_enable=\"false\" data-particle-mobile-disabled=\"false\" class=\"elementor-element elementor-element-027990c e-flex e-con-boxed e-con e-parent\" data-id=\"027990c\" data-element_type=\"container\" data-e-type=\"container\">\n\t\t\t\t\t<div class=\"e-con-inner\">\n\t\t\t\t<div class=\"elementor-element elementor-element-2c11e93 elementor-grid-eael-col-3 elementor-grid-tablet-eael-col-2 elementor-grid-mobile-eael-col-1 elementor-widget elementor-widget-eael-post-grid\" data-id=\"2c11e93\" data-element_type=\"widget\" data-e-type=\"widget\" data-settings=\"{&quot;eael_post_grid_columns&quot;:&quot;eael-col-3&quot;,&quot;eael_post_grid_columns_tablet&quot;:&quot;eael-col-2&quot;,&quot;eael_post_grid_columns_mobile&quot;:&quot;eael-col-1&quot;}\" data-widget_type=\"eael-post-grid.default\">\n\t\t\t\t\t<div id=\"eael-post-grid-2c11e93\" class=\"eael-post-grid-container\">\n            <div class=\"eael-post-grid eael-post-appender eael-post-appender-2c11e93 eael-post-grid-style-one\" data-layout-mode=\"masonry\"><article class=\"eael-grid-post  eael-post-grid-column eael-pg-post-18069 category-guate-nuestra\" data-id=\"18069\">\n        <div class=\"eael-grid-post-holder\">\n            <div class=\"eael-grid-post-holder-inner\"><div class=\"eael-entry-media\"><div class=\"eael-entry-overlay fade-in\"><i class=\"far fa-hand-pointer\" aria-hidden=\"true\"><\/i><a href=\"https:\/\/soymigrante.com\/revista\/en-la-navidad-de-1917-terremotos-azotan-a-guatemala-un-testigo-migrante-relata-lo-que-vivio\/\"><\/a><\/div><div class=\"eael-entry-thumbnail eael-image-ratio\">\n                <img fetchpriority=\"high\" decoding=\"async\" width=\"460\" height=\"460\" src=\"https:\/\/soymigrante.com\/revista\/wp-content\/uploads\/2024\/12\/terremoto-1917-18.jpg\" class=\"attachment-large size-large wp-image-50246\" alt=\"terremoto 1917 18\" srcset=\"https:\/\/soymigrante.com\/revista\/wp-content\/uploads\/2024\/12\/terremoto-1917-18.jpg 460w, https:\/\/soymigrante.com\/revista\/wp-content\/uploads\/2024\/12\/terremoto-1917-18-300x300.jpg 300w, https:\/\/soymigrante.com\/revista\/wp-content\/uploads\/2024\/12\/terremoto-1917-18-150x150.jpg 150w, https:\/\/soymigrante.com\/revista\/wp-content\/uploads\/2024\/12\/terremoto-1917-18-75x75.jpg 75w\" sizes=\"(max-width: 460px) 100vw, 460px\" \/>\n            <\/div>\n        <\/div><div class=\"eael-entry-wrapper\"><header class=\"eael-entry-header\"><h2 class=\"eael-entry-title\"><a class=\"eael-grid-post-link\" href=\"https:\/\/soymigrante.com\/revista\/en-la-navidad-de-1917-terremotos-azotan-a-guatemala-un-testigo-migrante-relata-lo-que-vivio\/\" title=\"As\u00ed relata un testigo los devastadores terremotos de diciembre 1917-18 en Guatemala\">As\u00ed relata un testigo los devastadores terremotos de diciembre 1917-18 en Guatemala<\/a><\/h2><\/header><div class=\"eael-entry-content\">\n                        <div class=\"eael-grid-post-excerpt\"><a href=\"https:\/\/soymigrante.com\/revista\/en-la-navidad-de-1917-terremotos-azotan-a-guatemala-un-testigo-migrante-relata-lo-que-vivio\/\" class=\"eael-post-elements-readmore-btn\">CONOCE SU HISTORIA <\/a><\/div>\n                    <\/div><\/div><\/div>\n        <\/div>\n    <\/article><article class=\"eael-grid-post  eael-post-grid-column eael-pg-post-7781 category-recetas-guatemaltecas\" data-id=\"7781\">\n        <div class=\"eael-grid-post-holder\">\n            <div class=\"eael-grid-post-holder-inner\"><div class=\"eael-entry-media\"><div class=\"eael-entry-overlay fade-in\"><i class=\"far fa-hand-pointer\" aria-hidden=\"true\"><\/i><a href=\"https:\/\/soymigrante.com\/revista\/tamales-de-guatemala-variedad-y-recetas-de-una-tradicion-de-sabor\/\"><\/a><\/div><div class=\"eael-entry-thumbnail eael-image-ratio\">\n                <img decoding=\"async\" width=\"480\" height=\"480\" src=\"https:\/\/soymigrante.com\/revista\/wp-content\/uploads\/2024\/08\/tamales-de-Guatemala.webp\" class=\"attachment-large size-large wp-image-7782\" alt=\"Mochilas de hoja de pl\u00e1tano envueltas en cuerda, utilizadas en festividades tradicionales mexicanas y eventos culturales. Perfectas para specialidades gastron\u00f3micas y celebraciones folcl\u00f3ricas.\" srcset=\"https:\/\/soymigrante.com\/revista\/wp-content\/uploads\/2024\/08\/tamales-de-Guatemala.webp 480w, https:\/\/soymigrante.com\/revista\/wp-content\/uploads\/2024\/08\/tamales-de-Guatemala-300x300.webp 300w, https:\/\/soymigrante.com\/revista\/wp-content\/uploads\/2024\/08\/tamales-de-Guatemala-150x150.webp 150w, https:\/\/soymigrante.com\/revista\/wp-content\/uploads\/2024\/08\/tamales-de-Guatemala-75x75.webp 75w\" sizes=\"(max-width: 480px) 100vw, 480px\" \/>\n            <\/div>\n        <\/div><div class=\"eael-entry-wrapper\"><header class=\"eael-entry-header\"><h2 class=\"eael-entry-title\"><a class=\"eael-grid-post-link\" href=\"https:\/\/soymigrante.com\/revista\/tamales-de-guatemala-variedad-y-recetas-de-una-tradicion-de-sabor\/\" title=\"Tamales guatemaltecos: variedad y recetascon una misma tradici\u00f3n sin fronteras\">Tamales guatemaltecos: variedad y recetascon una misma tradici\u00f3n sin fronteras<\/a><\/h2><\/header><div class=\"eael-entry-content\">\n                        <div class=\"eael-grid-post-excerpt\"><a href=\"https:\/\/soymigrante.com\/revista\/tamales-de-guatemala-variedad-y-recetas-de-una-tradicion-de-sabor\/\" class=\"eael-post-elements-readmore-btn\">CONOCE SU HISTORIA <\/a><\/div>\n                    <\/div><\/div><\/div>\n        <\/div>\n    <\/article><article class=\"eael-grid-post  eael-post-grid-column eael-pg-post-15280 category-guate-nuestra tags-calendario-de-ferias\" data-id=\"15280\">\n        <div class=\"eael-grid-post-holder\">\n            <div class=\"eael-grid-post-holder-inner\"><div class=\"eael-entry-media\"><div class=\"eael-entry-overlay fade-in\"><i class=\"far fa-hand-pointer\" aria-hidden=\"true\"><\/i><a href=\"https:\/\/soymigrante.com\/revista\/municipios-de-guatemala-cuya-fiesta-patronal-es-la-virgen-de-concepcion\/\"><\/a><\/div><div class=\"eael-entry-thumbnail eael-image-ratio\">\n                <img decoding=\"async\" width=\"631\" height=\"631\" src=\"https:\/\/soymigrante.com\/revista\/wp-content\/uploads\/2024\/12\/virgen-de-concepcion-2.jpg\" class=\"attachment-large size-large wp-image-15338\" alt=\"L\u00e1ser de confeti de colores en la celebraci\u00f3n de Semana Santa con figuras religiosas en una procesi\u00f3n tradicional.\" srcset=\"https:\/\/soymigrante.com\/revista\/wp-content\/uploads\/2024\/12\/virgen-de-concepcion-2.jpg 631w, https:\/\/soymigrante.com\/revista\/wp-content\/uploads\/2024\/12\/virgen-de-concepcion-2-300x300.jpg 300w, https:\/\/soymigrante.com\/revista\/wp-content\/uploads\/2024\/12\/virgen-de-concepcion-2-150x150.jpg 150w, https:\/\/soymigrante.com\/revista\/wp-content\/uploads\/2024\/12\/virgen-de-concepcion-2-75x75.jpg 75w\" sizes=\"(max-width: 631px) 100vw, 631px\" \/>\n            <\/div>\n        <\/div><div class=\"eael-entry-wrapper\"><header class=\"eael-entry-header\"><h2 class=\"eael-entry-title\"><a class=\"eael-grid-post-link\" href=\"https:\/\/soymigrante.com\/revista\/municipios-de-guatemala-cuya-fiesta-patronal-es-la-virgen-de-concepcion\/\" title=\"Municipios cuya fiesta patronal es la Virgen de Concepci\u00f3n en diciembre\">Municipios cuya fiesta patronal es la Virgen de Concepci\u00f3n en diciembre<\/a><\/h2><\/header><div class=\"eael-entry-content\">\n                        <div class=\"eael-grid-post-excerpt\"><a href=\"https:\/\/soymigrante.com\/revista\/municipios-de-guatemala-cuya-fiesta-patronal-es-la-virgen-de-concepcion\/\" class=\"eael-post-elements-readmore-btn\">CONOCE SU HISTORIA <\/a><\/div>\n                    <\/div><\/div><\/div>\n        <\/div>\n    <\/article><\/div>\n            <div class=\"clearfix\"><\/div>\n        <\/div>\t\t\t\t<\/div>\n\t\t\t\t\t<\/div>\n\t\t\t\t<\/div>\n\t\t\t\t<\/div>\n\t\t","protected":false},"excerpt":{"rendered":"<p>As\u00ed se viv\u00edan los d\u00edas pr\u00f3ximos a Navidad en tiempos del Santo Hermano Pedro de Betancur, cuyo 400 aniversario de nacimiento se celebrar\u00e1 en 2026 y quien lleg\u00f3 a Guatemala en 1651. Eran los \u00faltimos d\u00edas del a\u00f1o, los de la Navidad, los que hac\u00edan desbordar en su alma el j\u00fabilo infantil en que abundaba [&hellip;]<\/p>\n","protected":false},"author":1,"featured_media":49403,"comment_status":"open","ping_status":"open","sticky":false,"template":"","format":"standard","meta":{"_acf_changed":false,"_eb_attr":"","footnotes":""},"categories":[58],"tags":[],"class_list":["post-49149","post","type-post","status-publish","format-standard","has-post-thumbnail","hentry","category-guate-nuestra"],"acf":[],"aioseo_notices":[],"aioseo_head":"\n\t\t<!-- All in One SEO Pro 4.9.6.2 - aioseo.com -->\n\t<meta name=\"description\" content=\"En toda Guatemala se festeja cada 8 de diciembre la Fiesta de la Virgen de Concepci\u00f3n. Pero es feria patronal (y muy alegre) en estos municipios\" \/>\n\t<meta name=\"robots\" content=\"max-snippet:-1, max-image-preview:large, max-video-preview:-1\" \/>\n\t<meta name=\"author\" content=\"SoyMigrante.com REVISTA\"\/>\n\t<link rel=\"canonical\" href=\"https:\/\/soymigrante.com\/revista\/municipios-de-guatemala-cuya-fiesta-patronal-es-la-virgen-de-concepcion\/\" \/>\n\t<meta name=\"generator\" content=\"All in One SEO Pro (AIOSEO) 4.9.6.2\" \/>\n\n\t\t<link rel=\"preconnect\" href=\"https:\/\/fonts.googleapis.com\" crossorigin>\n<link rel=\"preconnect\" href=\"https:\/\/fonts.gstatic.com\" crossorigin>\n\t\t<meta property=\"og:locale\" content=\"es_ES\" \/>\n\t\t<meta property=\"og:site_name\" content=\"SoyMigrante.com REVISTA \u2013 Nuestra misi\u00f3n es reconocer y dignificar al migrante.\" \/>\n\t\t<meta property=\"og:type\" content=\"article\" \/>\n\t\t<meta property=\"og:title\" content=\"Municipios cuya fiesta patronal es la Virgen de Concepci\u00f3n\" \/>\n\t\t<meta property=\"og:description\" content=\"En toda Guatemala se festeja cada 8 de diciembre la Fiesta de la Virgen de Concepci\u00f3n. Pero es feria patronal (y muy alegre) en estos municipios\" \/>\n\t\t<meta property=\"og:url\" content=\"https:\/\/soymigrante.com\/revista\/municipios-de-guatemala-cuya-fiesta-patronal-es-la-virgen-de-concepcion\/\" \/>\n\t\t<meta property=\"og:image\" content=\"https:\/\/soymigrante.com\/revista\/wp-content\/uploads\/2024\/12\/virgen-de-concepcion-2.jpg\" \/>\n\t\t<meta property=\"og:image:secure_url\" content=\"https:\/\/soymigrante.com\/revista\/wp-content\/uploads\/2024\/12\/virgen-de-concepcion-2.jpg\" \/>\n\t\t<meta property=\"og:image:width\" content=\"631\" \/>\n\t\t<meta property=\"og:image:height\" content=\"631\" \/>\n\t\t<meta property=\"article:published_time\" content=\"2025-12-03T22:19:21+00:00\" \/>\n\t\t<meta property=\"article:modified_time\" content=\"2025-12-03T22:19:38+00:00\" \/>\n\t\t<meta property=\"article:publisher\" content=\"https:\/\/www.facebook.com\/soymigrantecom\" \/>\n\t\t<meta name=\"twitter:card\" content=\"summary_large_image\" \/>\n\t\t<meta name=\"twitter:site\" content=\"@SoyMigrante_com\" \/>\n\t\t<meta name=\"twitter:title\" content=\"Municipios cuya fiesta patronal es la Virgen de Concepci\u00f3n\" \/>\n\t\t<meta name=\"twitter:description\" content=\"En toda Guatemala se festeja cada 8 de diciembre la Fiesta de la Virgen de Concepci\u00f3n. Pero es feria patronal (y muy alegre) en estos municipios\" \/>\n\t\t<meta name=\"twitter:creator\" content=\"@SoyMigrante_com\" \/>\n\t\t<meta name=\"twitter:image\" content=\"https:\/\/soymigrante.com\/revista\/wp-content\/uploads\/2024\/12\/virgen-de-concepcion-2.jpg\" \/>\n\t\t<!-- All in One SEO Pro -->\r\n\t\t<title>Municipios cuya fiesta patronal es la Virgen de Concepci\u00f3n<\/title>\n\n","aioseo_head_json":{"title":"Municipios cuya fiesta patronal es la Virgen de Concepci\u00f3n","description":"En toda Guatemala se festeja cada 8 de diciembre la Fiesta de la Virgen de Concepci\u00f3n. Pero es feria patronal (y muy alegre) en estos municipios","canonical_url":"https:\/\/soymigrante.com\/revista\/municipios-de-guatemala-cuya-fiesta-patronal-es-la-virgen-de-concepcion\/","robots":"max-snippet:-1, max-image-preview:large, max-video-preview:-1","keywords":"","webmasterTools":{"miscellaneous":"&lt;link rel=\"preconnect\" href=\"https:\/\/fonts.googleapis.com\" crossorigin&gt;\n&lt;link rel=\"preconnect\" href=\"https:\/\/fonts.gstatic.com\" crossorigin&gt;"},"schema":null,"og:locale":"es_ES","og:site_name":"SoyMigrante.com REVISTA \u2013 Nuestra misi\u00f3n es reconocer y dignificar al migrante.","og:type":"article","og:title":"Municipios cuya fiesta patronal es la Virgen de Concepci\u00f3n","og:description":"En toda Guatemala se festeja cada 8 de diciembre la Fiesta de la Virgen de Concepci\u00f3n. Pero es feria patronal (y muy alegre) en estos municipios","og:url":"https:\/\/soymigrante.com\/revista\/municipios-de-guatemala-cuya-fiesta-patronal-es-la-virgen-de-concepcion\/","og:image":"https:\/\/soymigrante.com\/revista\/wp-content\/uploads\/2024\/12\/virgen-de-concepcion-2.jpg","og:image:secure_url":"https:\/\/soymigrante.com\/revista\/wp-content\/uploads\/2024\/12\/virgen-de-concepcion-2.jpg","og:image:width":631,"og:image:height":631,"article:published_time":"2025-12-03T22:19:21+00:00","article:modified_time":"2025-12-03T22:19:38+00:00","article:publisher":"https:\/\/www.facebook.com\/soymigrantecom","twitter:card":"summary_large_image","twitter:site":"@SoyMigrante_com","twitter:title":"Municipios cuya fiesta patronal es la Virgen de Concepci\u00f3n","twitter:description":"En toda Guatemala se festeja cada 8 de diciembre la Fiesta de la Virgen de Concepci\u00f3n. Pero es feria patronal (y muy alegre) en estos municipios","twitter:creator":"@SoyMigrante_com","twitter:image":"https:\/\/soymigrante.com\/revista\/wp-content\/uploads\/2024\/12\/virgen-de-concepcion-2.jpg"},"aioseo_meta_data":{"post_id":"49149","title":"As\u00ed cultiv\u00f3 el Santo Hermano Pedro tradici\u00f3n del Nacimiento","description":"El relato de c\u00f3mo el Santo Hermano Pedro elaboraba un nacimiento y celebraba la Navidad puede dar ideas e inspirar, a 400 a\u00f1os de su nacimiento en 1626.","keywords":null,"keyphrases":{"focus":{"keyphrase":"Hermano Pedro","score":100,"analysis":{"keyphraseInTitle":{"score":9,"maxScore":9,"error":0},"keyphraseInDescription":{"score":9,"maxScore":9,"error":0},"keyphraseLength":{"score":9,"maxScore":9,"error":0,"length":2},"keyphraseInURL":{"score":5,"maxScore":5,"error":0},"keyphraseInIntroduction":{"score":9,"maxScore":9,"error":0},"keyphraseInSubHeadings":{"score":9,"maxScore":9,"error":0},"keyphraseInImageAlt":{"score":9,"maxScore":9,"error":0},"keywordDensity":{"type":"best","score":9,"maxScore":9,"error":0}}},"additional":[{"keyphrase":"Guatemala","score":87,"analysis":{"keyphraseInDescription":{"score":3,"maxScore":9,"error":1},"keyphraseLength":{"score":9,"maxScore":9,"error":0,"length":1},"keyphraseInIntroduction":{"score":9,"maxScore":9,"error":0},"keyphraseInImageAlt":{"score":9,"maxScore":9,"error":0},"keywordDensity":{"type":"best","score":9,"maxScore":9,"error":0}}}]},"primary_term":null,"canonical_url":null,"og_title":null,"og_description":null,"og_object_type":"default","og_image_type":"default","og_image_url":null,"og_image_width":null,"og_image_height":null,"og_image_custom_url":null,"og_image_custom_fields":null,"og_video":"","og_custom_url":null,"og_article_section":null,"og_article_tags":null,"twitter_use_og":false,"twitter_card":"default","twitter_image_type":"default","twitter_image_url":null,"twitter_image_custom_url":null,"twitter_image_custom_fields":null,"twitter_title":null,"twitter_description":null,"schema":{"blockGraphs":[],"customGraphs":[],"default":{"data":{"Article":[],"Course":[],"Dataset":[],"FAQPage":[],"Movie":[],"Person":[],"Product":[],"ProductReview":[],"Car":[],"Recipe":[],"Service":[],"SoftwareApplication":[],"WebPage":[]},"graphName":"NewsArticle","isEnabled":true},"graphs":[]},"schema_type":"default","schema_type_options":null,"pillar_content":false,"robots_default":true,"robots_noindex":false,"robots_noarchive":false,"robots_nosnippet":false,"robots_nofollow":false,"robots_noimageindex":false,"robots_noodp":false,"robots_notranslate":false,"robots_max_snippet":"-1","robots_max_videopreview":"-1","robots_max_imagepreview":"large","priority":null,"frequency":"default","local_seo":null,"seo_analyzer_scan_date":"2025-12-06 03:16:34","breadcrumb_settings":null,"limit_modified_date":false,"reviewed_by":"0","open_ai":null,"ai":{"faqs":[],"keyPoints":[],"titles":[],"descriptions":[],"socialPosts":{"email":[],"linkedin":[],"twitter":[],"facebook":[],"instagram":[]}},"created":"2025-12-01 19:36:43","updated":"2026-02-05 07:26:33"},"aioseo_breadcrumb":"<div class=\"aioseo-breadcrumbs\"><span class=\"aioseo-breadcrumb\">\n\t<a href=\"https:\/\/soymigrante.com\/revista\" title=\"Home\">Home<\/a>\n<\/span><span class=\"aioseo-breadcrumb-separator\">\u00bb<\/span><span class=\"aioseo-breadcrumb\">\n\t<a href=\"https:\/\/soymigrante.com\/revista\/category\/guate-nuestra\/\" title=\"Guate Nuestra\">Guate Nuestra<\/a>\n<\/span><span class=\"aioseo-breadcrumb-separator\">\u00bb<\/span><span class=\"aioseo-breadcrumb\">\n\tAs\u00ed celebraba la Navidad el Santo Hermano Pedro cuyos 400 a\u00f1os se cumplir\u00e1n en 2026\n<\/span><\/div>","aioseo_breadcrumb_json":[{"label":"Home","link":"https:\/\/soymigrante.com\/revista"},{"label":"Guate Nuestra","link":"https:\/\/soymigrante.com\/revista\/category\/guate-nuestra\/"},{"label":"As\u00ed celebraba la Navidad el Santo Hermano Pedro cuyos 400 a\u00f1os se cumplir\u00e1n en 2026","link":"https:\/\/soymigrante.com\/revista\/asi-celebraba-la-navidad-el-santo-hermano-pedro-cuyos-400-anos-se-cumpliran-en-2026\/"}],"_links":{"self":[{"href":"https:\/\/soymigrante.com\/revista\/wp-json\/wp\/v2\/posts\/49149","targetHints":{"allow":["GET"]}}],"collection":[{"href":"https:\/\/soymigrante.com\/revista\/wp-json\/wp\/v2\/posts"}],"about":[{"href":"https:\/\/soymigrante.com\/revista\/wp-json\/wp\/v2\/types\/post"}],"author":[{"embeddable":true,"href":"https:\/\/soymigrante.com\/revista\/wp-json\/wp\/v2\/users\/1"}],"replies":[{"embeddable":true,"href":"https:\/\/soymigrante.com\/revista\/wp-json\/wp\/v2\/comments?post=49149"}],"version-history":[{"count":22,"href":"https:\/\/soymigrante.com\/revista\/wp-json\/wp\/v2\/posts\/49149\/revisions"}],"predecessor-version":[{"id":49413,"href":"https:\/\/soymigrante.com\/revista\/wp-json\/wp\/v2\/posts\/49149\/revisions\/49413"}],"wp:featuredmedia":[{"embeddable":true,"href":"https:\/\/soymigrante.com\/revista\/wp-json\/wp\/v2\/media\/49403"}],"wp:attachment":[{"href":"https:\/\/soymigrante.com\/revista\/wp-json\/wp\/v2\/media?parent=49149"}],"wp:term":[{"taxonomy":"category","embeddable":true,"href":"https:\/\/soymigrante.com\/revista\/wp-json\/wp\/v2\/categories?post=49149"},{"taxonomy":"post_tag","embeddable":true,"href":"https:\/\/soymigrante.com\/revista\/wp-json\/wp\/v2\/tags?post=49149"}],"curies":[{"name":"wp","href":"https:\/\/api.w.org\/{rel}","templated":true}]}}