{"id":49131,"date":"2025-12-01T11:26:22","date_gmt":"2025-12-01T17:26:22","guid":{"rendered":"https:\/\/soymigrante.com\/revista\/?p=49131"},"modified":"2025-12-05T21:26:25","modified_gmt":"2025-12-06T03:26:25","slug":"valia-zipfel-demuestra-en-usa-su-valia-escritora-coach-conferencista-y-mas","status":"publish","type":"post","link":"https:\/\/soymigrante.com\/revista\/valia-zipfel-demuestra-en-usa-su-valia-escritora-coach-conferencista-y-mas\/","title":{"rendered":"Valia Zipfel demuestra en USA su val\u00eda: escritora, coach, conferencista y m\u00e1s."},"content":{"rendered":"\t\t<div data-elementor-type=\"wp-post\" data-elementor-id=\"49131\" class=\"elementor elementor-49131\" data-elementor-post-type=\"post\">\n\t\t\t\t<div data-particle_enable=\"false\" data-particle-mobile-disabled=\"false\" class=\"elementor-element elementor-element-a9bdd81 e-flex e-con-boxed e-con e-parent\" data-id=\"a9bdd81\" data-element_type=\"container\" data-e-type=\"container\">\n\t\t\t\t\t<div class=\"e-con-inner\">\n\t\t\t\t<div class=\"elementor-element elementor-element-a65b0c9 elementor-widget elementor-widget-heading\" data-id=\"a65b0c9\" data-element_type=\"widget\" data-e-type=\"widget\" data-widget_type=\"heading.default\">\n\t\t\t\t\t<h2 class=\"elementor-heading-title elementor-size-default\">\u201cQue tus miedos nunca te limiten y que tus creencias no te controlen. Que siempre seas libre para vivir.\u201d: uno de los poderosos argumentos de la guatemalteca Valia Zipfel para animar a m\u00e1s personas a potenciar su talento y valor.<\/h2>\t\t\t\t<\/div>\n\t\t\t\t<div class=\"elementor-element elementor-element-78a49e1 elementor-widget elementor-widget-html\" data-id=\"78a49e1\" data-element_type=\"widget\" data-e-type=\"widget\" data-widget_type=\"html.default\">\n\t\t\t\t\t <div id=\"buzzsprout-player-18280308\"><\/div><script src=\"https:\/\/www.buzzsprout.com\/2444168\/episodes\/18280308-la-valia-de-valia-zipfel-escritora-y-coach-guatemalteca-en-l-a.js?container_id=buzzsprout-player-18280308&player=small\" type=\"text\/javascript\" charset=\"utf-8\"><\/script>\t\t\t\t<\/div>\n\t\t\t\t\t<\/div>\n\t\t\t\t<\/div>\n\t\t<div data-particle_enable=\"false\" data-particle-mobile-disabled=\"false\" class=\"elementor-element elementor-element-2d11f35 e-flex e-con-boxed e-con e-parent\" data-id=\"2d11f35\" data-element_type=\"container\" data-e-type=\"container\">\n\t\t\t\t\t<div class=\"e-con-inner\">\n\t\t\t\t<div class=\"elementor-element elementor-element-9279f95 elementor-widget elementor-widget-text-editor\" data-id=\"9279f95\" data-element_type=\"widget\" data-e-type=\"widget\" data-widget_type=\"text-editor.default\">\n\t\t\t\t\t\t\t\t\t<p>La ruta de \u00e9xito de la comunicadora guatemalteca Valia Zipfel Carrera es la prueba viva del inmenso <a href=\"https:\/\/soymigrante.com\/revista\/por-que-y-desde-cuando-existe-el-mes-de-la-herencia-hispana-en-usa\/\">aporte de los migrantes hispanos<\/a> en Estados Unidos. Desde <a href=\"https:\/\/soymigrante.com\/revista\/dia-del-guatemalteco-en-los-angeles-conoce-a-los-homenajeados-2025\/\">Los Angeles<\/a> ha publicado libros que motivan e impulsan a descubrir la val\u00eda personal, a construir la felicidad y a superar cualquier l\u00edmite. Y esta es su historia.<\/p><p>Cuando Valia\u00a0 lleg\u00f3 a Estados Unidos, no tra\u00eda un \u201csue\u00f1o americano\u201d. En sus propias palabras, viaj\u00f3 \u201ccon una maleta con tres jeans, seis camisas y para lo que me alcance\u201d, sin imaginar que ese viaje cambiar\u00eda para siempre su vida, su prop\u00f3sito y su voz.\u00a0<\/p><p>Hoy es escritora, poeta, fot\u00f3grafa, conferencista y coach reconocida en la comunidad latina de<a href=\"https:\/\/soymigrante.com\/revista\/dia-del-guatemalteco-en-los-angeles-conoce-a-los-homenajeados-2025\/\"> Los \u00c1ngeles<\/a> por inspirar a otras mujeres a descubrir su valor y a \u201catreverse a brillar\u201d, como ella misma dice. Su historia no est\u00e1 marcada por un sue\u00f1o predise\u00f1ado, sino por un despertar interior que inspira con el ejemplo.<\/p>\t\t\t\t\t\t\t\t<\/div>\n\t\t\t\t\t<\/div>\n\t\t\t\t<\/div>\n\t\t<div data-particle_enable=\"false\" data-particle-mobile-disabled=\"false\" class=\"elementor-element elementor-element-6e79b06 e-flex e-con-boxed e-con e-parent\" data-id=\"6e79b06\" data-element_type=\"container\" data-e-type=\"container\">\n\t\t\t\t\t<div class=\"e-con-inner\">\n\t\t\t\t<div class=\"elementor-element elementor-element-82049ae elementor-widget elementor-widget-html\" data-id=\"82049ae\" data-element_type=\"widget\" data-e-type=\"widget\" data-widget_type=\"html.default\">\n\t\t\t\t\t<iframe width=\"344\" height=\"611\" src=\"https:\/\/www.youtube.com\/embed\/tDbtlo_mZL0\" title=\"Sos la llama que ilumina, y si esta se apaga record\u00e1 que tambi\u00e9n sos el f\u00f3sforo que la enciende #luz\" frameborder=\"0\" allow=\"accelerometer; autoplay; clipboard-write; encrypted-media; gyroscope; picture-in-picture; web-share\" referrerpolicy=\"strict-origin-when-cross-origin\" allowfullscreen><\/iframe>\t\t\t\t<\/div>\n\t\t\t\t\t<\/div>\n\t\t\t\t<\/div>\n\t\t<div data-particle_enable=\"false\" data-particle-mobile-disabled=\"false\" class=\"elementor-element elementor-element-9cf6984 e-flex e-con-boxed e-con e-parent\" data-id=\"9cf6984\" data-element_type=\"container\" data-e-type=\"container\">\n\t\t\t\t\t<div class=\"e-con-inner\">\n\t\t\t\t<div class=\"elementor-element elementor-element-2064c72 elementor-widget elementor-widget-heading\" data-id=\"2064c72\" data-element_type=\"widget\" data-e-type=\"widget\" data-widget_type=\"heading.default\">\n\t\t\t\t\t<h3 class=\"elementor-heading-title elementor-size-default\">En Chiquimula naci\u00f3 su pasi\u00f3n por comunicar<\/h3>\t\t\t\t<\/div>\n\t\t\t\t\t<\/div>\n\t\t\t\t<\/div>\n\t\t<div data-particle_enable=\"false\" data-particle-mobile-disabled=\"false\" class=\"elementor-element elementor-element-543fc0c e-flex e-con-boxed e-con e-parent\" data-id=\"543fc0c\" data-element_type=\"container\" data-e-type=\"container\">\n\t\t\t\t\t<div class=\"e-con-inner\">\n\t\t\t\t<div class=\"elementor-element elementor-element-d6b5640 elementor-widget elementor-widget-text-editor\" data-id=\"d6b5640\" data-element_type=\"widget\" data-e-type=\"widget\" data-widget_type=\"text-editor.default\">\n\t\t\t\t\t\t\t\t\t<p>Valia Zipfel Carrera naci\u00f3 en<a href=\"https:\/\/soymigrante.com\/revista\/departamentos-de-guatemala-chiquimula-la-perla-de-oriente-cumple-200-anos-este-2025\/\"> Chiquimula<\/a>. Su abuelo \u2014quien era comentarista deportivo\u2014 la llev\u00f3 por primera vez a una cabina de<a href=\"https:\/\/soymigrante.com\/revista\/una-voz-guatemalteca-difunde-cultura-activa-desde-chicago-jaime-lechuga\/\"> radio.<\/a> Valia recuerda ese instante como un descubrimiento m\u00e1gico: luces, botones, voces que surg\u00edan de personas comunes y que se transformaban frente al micr\u00f3fono. \u201cYo dije: yo quiero hacer eso\u201d, cuenta.\u00a0<\/p><p>Desde entonces jug\u00f3 a hacer radio, a tomar fotograf\u00edas y a expresarse en el escenario: danza, teatro, poes\u00eda, oratoria, banda escolar, todo le serv\u00eda para explorar su esencia comunicadora.<\/p><p>Estudi\u00f3 Ciencias de la Comunicaci\u00f3n en la Universidad Rafael Land\u00edvar y luego Comunicaci\u00f3n y Dise\u00f1o en la Universidad Galileo. Trabaj\u00f3 en televisi\u00f3n, radio, prensa, fotograf\u00eda y producci\u00f3n audiovisual con una labor intensa y exitosa. Sobrevinieron <a href=\"https:\/\/soymigrante.com\/revista\/como-mantener-serenidad-en-la-adversidad-estrategias-clave\/\">adversidades <\/a>que parec\u00edan marcar el fin del camino. Pero su camino migrante transform\u00f3 su vocaci\u00f3n en misi\u00f3n.<\/p>\t\t\t\t\t\t\t\t<\/div>\n\t\t\t\t\t<\/div>\n\t\t\t\t<\/div>\n\t\t<div data-particle_enable=\"false\" data-particle-mobile-disabled=\"false\" class=\"elementor-element elementor-element-87ed2d7 e-flex e-con-boxed e-con e-parent\" data-id=\"87ed2d7\" data-element_type=\"container\" data-e-type=\"container\">\n\t\t\t\t\t<div class=\"e-con-inner\">\n\t\t\t\t<div class=\"elementor-element elementor-element-7c04d1a elementor-widget elementor-widget-image\" data-id=\"7c04d1a\" data-element_type=\"widget\" data-e-type=\"widget\" data-widget_type=\"image.default\">\n\t\t\t\t\t\t\t\t\t\t\t\t<figure class=\"wp-caption\">\n\t\t\t\t\t\t\t\t\t\t<img fetchpriority=\"high\" decoding=\"async\" width=\"1140\" height=\"676\" src=\"https:\/\/soymigrante.com\/revista\/wp-content\/uploads\/2025\/12\/valia-zipfel-comunicadora-escritora-coach-conferencista-guatemalteca-en-los-angeles-1-1140x676.jpg\" class=\"attachment-large size-large wp-image-49418\" alt=\"La pasi\u00f3n de Valia Zipfel Carrera por comunicar le ha conducido a redescubrir su propia historia para convertirla en lienzo de experiencias vitales al servicio de los dem\u00e1s. (Foto Valia Zipfel Carrera)\" srcset=\"https:\/\/soymigrante.com\/revista\/wp-content\/uploads\/2025\/12\/valia-zipfel-comunicadora-escritora-coach-conferencista-guatemalteca-en-los-angeles-1-1140x676.jpg 1140w, https:\/\/soymigrante.com\/revista\/wp-content\/uploads\/2025\/12\/valia-zipfel-comunicadora-escritora-coach-conferencista-guatemalteca-en-los-angeles-1-300x178.jpg 300w, https:\/\/soymigrante.com\/revista\/wp-content\/uploads\/2025\/12\/valia-zipfel-comunicadora-escritora-coach-conferencista-guatemalteca-en-los-angeles-1-768x455.jpg 768w, https:\/\/soymigrante.com\/revista\/wp-content\/uploads\/2025\/12\/valia-zipfel-comunicadora-escritora-coach-conferencista-guatemalteca-en-los-angeles-1-750x445.jpg 750w, https:\/\/soymigrante.com\/revista\/wp-content\/uploads\/2025\/12\/valia-zipfel-comunicadora-escritora-coach-conferencista-guatemalteca-en-los-angeles-1.jpg 1440w\" sizes=\"(max-width: 1140px) 100vw, 1140px\" title=\"valia zipfel comunicadora escritora coach conferencista guatemalteca en los angeles 1 \u2013 SoyMigrante.com REVISTA\" \/>\t\t\t\t\t\t\t\t\t\t\t<figcaption class=\"widget-image-caption wp-caption-text\">La pasi\u00f3n de Valia Zipfel Carrera por comunicar le ha conducido a redescubrir su propia historia para convertirla en lienzo de experiencias vitales al servicio de los dem\u00e1s. (Foto Valia Zipfel Carrera)<\/figcaption>\n\t\t\t\t\t\t\t\t\t\t<\/figure>\n\t\t\t\t\t\t\t\t\t<\/div>\n\t\t\t\t\t<\/div>\n\t\t\t\t<\/div>\n\t\t<div data-particle_enable=\"false\" data-particle-mobile-disabled=\"false\" class=\"elementor-element elementor-element-02a0ad9 e-flex e-con-boxed e-con e-parent\" data-id=\"02a0ad9\" data-element_type=\"container\" data-e-type=\"container\">\n\t\t\t\t\t<div class=\"e-con-inner\">\n\t\t\t\t<div class=\"elementor-element elementor-element-3c729f9 elementor-widget elementor-widget-heading\" data-id=\"3c729f9\" data-element_type=\"widget\" data-e-type=\"widget\" data-widget_type=\"heading.default\">\n\t\t\t\t\t<h3 class=\"elementor-heading-title elementor-size-default\">La migraci\u00f3n: pausa para la reinvenci\u00f3n<\/h3>\t\t\t\t<\/div>\n\t\t\t\t\t<\/div>\n\t\t\t\t<\/div>\n\t\t<div data-particle_enable=\"false\" data-particle-mobile-disabled=\"false\" class=\"elementor-element elementor-element-6b274eb e-flex e-con-boxed e-con e-parent\" data-id=\"6b274eb\" data-element_type=\"container\" data-e-type=\"container\">\n\t\t\t\t\t<div class=\"e-con-inner\">\n\t\t\t\t<div class=\"elementor-element elementor-element-94ae29f elementor-widget elementor-widget-text-editor\" data-id=\"94ae29f\" data-element_type=\"widget\" data-e-type=\"widget\" data-widget_type=\"text-editor.default\">\n\t\t\t\t\t\t\t\t\t<p>La invitaci\u00f3n de un familiar la llev\u00f3 a Estados Unidos en 2015. Su plan era temporal, pero la vida ten\u00eda otros planes. En Los \u00c1ngeles se conect\u00f3 con Women in Film, conoci\u00f3 estudios, productoras, creadoras, y descubri\u00f3 un entorno donde las mujeres latinas estaban protagonizando espacios.<\/p><p>Para sobrevivir trabaj\u00f3 en lo que hubiera: cuidados infantiles, limpieza, producci\u00f3n. Pero al mismo tiempo escuchaba conferencias, grababa, aprend\u00eda, crec\u00eda. Y una llama comenz\u00f3 a avivarse. \u201cEstos temas hac\u00edan tanto sentido \u2014dice sobre el coaching, la neurociencia y la inteligencia emocional\u2014 que dije: yo quiero esto.\u201d<\/p><p>Decidida, se inscribi\u00f3 en una certificaci\u00f3n de coaching en espa\u00f1ol. \u201cFue una de las cosas m\u00e1s hermosas que me han pasado\u201d, recuerda. A partir de all\u00ed, su vida se aline\u00f3: escribir, acompa\u00f1ar, ense\u00f1ar, transformar.<\/p><p>Su val\u00eda se consolida en inspirar transformaci\u00f3n interior. Ense\u00f1a a j\u00f3venes y mujeres que \u201clos <a href=\"https:\/\/soymigrante.com\/revista\/reflexiones-de-un-migrante-guatemalteco-con-el-frio-de-diciembre-y-el-recuerdo-de-su-tierra\/\">sue\u00f1os<\/a> son como una bola de cristal: solo vos pod\u00e9s cuidarlos, porque si caen, se quiebran\u201d. Y recuerda que el crecimiento toma tiempo, valent\u00eda y trabajo consciente: \u201cA veces gan\u00e1s, a veces perd\u00e9s, pero siempre aprend\u00e9s.\u201d<\/p><p>Tambi\u00e9n habla mucho de perd\u00f3n. \u201cHoy la belleza de la vida la encuentro en todos lados\u201d, dice. Y esa afirmaci\u00f3n s\u00f3lo puede venir de alguien que ya hizo las paces consigo misma.\u00a0<\/p><p><span style=\"font-family: Roboto, sans-serif; font-size: 22px; font-style: normal; font-variant-ligatures: normal; font-variant-caps: normal; font-weight: 400;\">\u00bfQu\u00e9 le impulsa? \u201cDios nos puso aqu\u00ed para brillar, pero no para que nos miren a nosotros, sino para iluminar a los dem\u00e1s.\u201d\u00a0<\/span><\/p>\t\t\t\t\t\t\t\t<\/div>\n\t\t\t\t\t<\/div>\n\t\t\t\t<\/div>\n\t\t<div data-particle_enable=\"false\" data-particle-mobile-disabled=\"false\" class=\"elementor-element elementor-element-794483a e-flex e-con-boxed e-con e-parent\" data-id=\"794483a\" data-element_type=\"container\" data-e-type=\"container\">\n\t\t\t\t\t<div class=\"e-con-inner\">\n\t\t\t\t<div class=\"elementor-element elementor-element-bfda8a7 elementor-widget elementor-widget-html\" data-id=\"bfda8a7\" data-element_type=\"widget\" data-e-type=\"widget\" data-widget_type=\"html.default\">\n\t\t\t\t\t<iframe width=\"560\" height=\"415\" src=\"https:\/\/www.youtube.com\/embed\/8fW1uXavYRU?si=ZODauoDSpw0kH02v&amp;start=241\" title=\"YouTube video player\" frameborder=\"0\" allow=\"accelerometer; autoplay; clipboard-write; encrypted-media; gyroscope; picture-in-picture; web-share\" referrerpolicy=\"strict-origin-when-cross-origin\" allowfullscreen><\/iframe>\t\t\t\t<\/div>\n\t\t\t\t\t<\/div>\n\t\t\t\t<\/div>\n\t\t<div data-particle_enable=\"false\" data-particle-mobile-disabled=\"false\" class=\"elementor-element elementor-element-9794901 e-flex e-con-boxed e-con e-parent\" data-id=\"9794901\" data-element_type=\"container\" data-e-type=\"container\">\n\t\t\t\t\t<div class=\"e-con-inner\">\n\t\t\t\t<div class=\"elementor-element elementor-element-235ae72 elementor-widget elementor-widget-heading\" data-id=\"235ae72\" data-element_type=\"widget\" data-e-type=\"widget\" data-widget_type=\"heading.default\">\n\t\t\t\t\t<h3 class=\"elementor-heading-title elementor-size-default\">Emerge una voz de ayuda a m\u00e1s mujeres<\/h3>\t\t\t\t<\/div>\n\t\t\t\t\t<\/div>\n\t\t\t\t<\/div>\n\t\t<div data-particle_enable=\"false\" data-particle-mobile-disabled=\"false\" class=\"elementor-element elementor-element-e5ff406 e-flex e-con-boxed e-con e-parent\" data-id=\"e5ff406\" data-element_type=\"container\" data-e-type=\"container\">\n\t\t\t\t\t<div class=\"e-con-inner\">\n\t\t\t\t<div class=\"elementor-element elementor-element-8722952 elementor-widget elementor-widget-text-editor\" data-id=\"8722952\" data-element_type=\"widget\" data-e-type=\"widget\" data-widget_type=\"text-editor.default\">\n\t\t\t\t\t\t\t\t\t<p>Valia ya escrib\u00eda poes\u00eda desde la adolescencia \u2014influenciada por su padre, escritor y fil\u00f3sofo\u2014, pero nunca se hab\u00eda atrevido a publicarla. En Estados Unidos todo cambi\u00f3. Su proceso formativo la llev\u00f3 a reconocer que \u201cla comunicaci\u00f3n que no inspira, que no conecta y que no proyecta, es comunicaci\u00f3n vac\u00eda\u201d, y que ella ten\u00eda algo que decir, no desde el ego sino desde el alma.<\/p><p>Comenz\u00f3 a impartir talleres, charlas y cursos de c\u00f3mo hablar en p\u00fablico y comunicar de mejor manera. Es un material educativo que hac\u00eda falta en Los Angeles. Luego vino la pandemia, que fue una pausa pero tambi\u00e9n una oportunidad: \u201cVoy a editar mi libro\u201d, se dijo. As\u00ed public\u00f3 Comunica desde tu Interior (2020), un manual con claves para proyectar una comunicaci\u00f3n aut\u00e9ntica y humana en tiempos virtuales.<\/p>\t\t\t\t\t\t\t\t<\/div>\n\t\t\t\t\t<\/div>\n\t\t\t\t<\/div>\n\t\t<div data-particle_enable=\"false\" data-particle-mobile-disabled=\"false\" class=\"elementor-element elementor-element-fc4d4d4 e-flex e-con-boxed e-con e-parent\" data-id=\"fc4d4d4\" data-element_type=\"container\" data-e-type=\"container\">\n\t\t\t\t\t<div class=\"e-con-inner\">\n\t\t\t\t<div class=\"elementor-element elementor-element-3597d45 elementor-widget elementor-widget-image\" data-id=\"3597d45\" data-element_type=\"widget\" data-e-type=\"widget\" data-widget_type=\"image.default\">\n\t\t\t\t\t\t\t\t\t\t\t\t<figure class=\"wp-caption\">\n\t\t\t\t\t\t\t\t\t\t\t<a href=\"https:\/\/www.amazon.com\/stores\/Valia-Zipfel-Carrera\/author\/B09SP2FJ61?language=es&#038;ref=sr_ntt_srch_lnk_1&#038;qid=1706816571&#038;sr=8-1&#038;isDramIntegrated=true&#038;shoppingPortalEnabled=true&#038;ccs_id=0bbae7ed-0152-43ba-a6a1-cc7156b94eee\">\n\t\t\t\t\t\t\t<img decoding=\"async\" width=\"768\" height=\"1153\" src=\"https:\/\/soymigrante.com\/revista\/wp-content\/uploads\/2025\/12\/valia-zipfel-comunicadora-escritora-coach-conferencista-guatemalteca-en-los-angeles-4-768x1153.jpg\" class=\"attachment-medium_large size-medium_large wp-image-49421\" alt=\"Comunica desde tu interior ofrece claves para mejorar la comunicaci\u00f3n presencial o por canales digitales, escrito por Valia Zipfel durante la pandemia.\" srcset=\"https:\/\/soymigrante.com\/revista\/wp-content\/uploads\/2025\/12\/valia-zipfel-comunicadora-escritora-coach-conferencista-guatemalteca-en-los-angeles-4-768x1153.jpg 768w, https:\/\/soymigrante.com\/revista\/wp-content\/uploads\/2025\/12\/valia-zipfel-comunicadora-escritora-coach-conferencista-guatemalteca-en-los-angeles-4-200x300.jpg 200w, https:\/\/soymigrante.com\/revista\/wp-content\/uploads\/2025\/12\/valia-zipfel-comunicadora-escritora-coach-conferencista-guatemalteca-en-los-angeles-4-682x1024.jpg 682w, https:\/\/soymigrante.com\/revista\/wp-content\/uploads\/2025\/12\/valia-zipfel-comunicadora-escritora-coach-conferencista-guatemalteca-en-los-angeles-4-750x1126.jpg 750w, https:\/\/soymigrante.com\/revista\/wp-content\/uploads\/2025\/12\/valia-zipfel-comunicadora-escritora-coach-conferencista-guatemalteca-en-los-angeles-4.jpg 999w\" sizes=\"(max-width: 768px) 100vw, 768px\" title=\"Comunica desde tu interior ofrece claves para mejorar la comunicaci\u00f3n presencial o por canales digitales, escrito por Valia Zipfel durante la pandemia. \u2013 SoyMigrante.com REVISTA\" \/>\t\t\t\t\t\t\t\t<\/a>\n\t\t\t\t\t\t\t\t\t\t\t<figcaption class=\"widget-image-caption wp-caption-text\">Comunica desde tu interior ofrece claves para mejorar la comunicaci\u00f3n presencial o por canales digitales, escrito por Valia Zipfel durante la pandemia.<\/figcaption>\n\t\t\t\t\t\t\t\t\t\t<\/figure>\n\t\t\t\t\t\t\t\t\t<\/div>\n\t\t\t\t\t<\/div>\n\t\t\t\t<\/div>\n\t\t<div data-particle_enable=\"false\" data-particle-mobile-disabled=\"false\" class=\"elementor-element elementor-element-cd8a380 e-flex e-con-boxed e-con e-parent\" data-id=\"cd8a380\" data-element_type=\"container\" data-e-type=\"container\">\n\t\t\t\t\t<div class=\"e-con-inner\">\n\t\t\t\t<div class=\"elementor-element elementor-element-f46aa85 elementor-widget elementor-widget-text-editor\" data-id=\"f46aa85\" data-element_type=\"widget\" data-e-type=\"widget\" data-widget_type=\"text-editor.default\">\n\t\t\t\t\t\t\t\t\t<p>Despu\u00e9s lleg\u00f3 La Grandeza de tu Ser, su obra m\u00e1s personal: un llamado a despertar, a recordar que \u201chay una luz en cada uno de nosotros y debemos usarla\u201d. Un prop\u00f3sito que parece f\u00e1cil, pero que solo se puede abordar con una gu\u00eda amigable. Y este libro lo es.<\/p>\t\t\t\t\t\t\t\t<\/div>\n\t\t\t\t\t<\/div>\n\t\t\t\t<\/div>\n\t\t<div data-particle_enable=\"false\" data-particle-mobile-disabled=\"false\" class=\"elementor-element elementor-element-455584e e-flex e-con-boxed e-con e-parent\" data-id=\"455584e\" data-element_type=\"container\" data-e-type=\"container\">\n\t\t\t\t\t<div class=\"e-con-inner\">\n\t\t\t\t<div class=\"elementor-element elementor-element-a904033 elementor-widget elementor-widget-image\" data-id=\"a904033\" data-element_type=\"widget\" data-e-type=\"widget\" data-widget_type=\"image.default\">\n\t\t\t\t\t\t\t\t\t\t\t\t<figure class=\"wp-caption\">\n\t\t\t\t\t\t\t\t\t\t\t<a href=\"https:\/\/www.amazon.com\/stores\/Valia-Zipfel-Carrera\/author\/B09SP2FJ61?language=es&#038;ref=sr_ntt_srch_lnk_1&#038;qid=1706816571&#038;sr=8-1&#038;isDramIntegrated=true&#038;shoppingPortalEnabled=true&#038;ccs_id=0bbae7ed-0152-43ba-a6a1-cc7156b94eee\">\n\t\t\t\t\t\t\t<img decoding=\"async\" width=\"768\" height=\"1152\" src=\"https:\/\/soymigrante.com\/revista\/wp-content\/uploads\/2025\/12\/valia-zipfel-comunicadora-escritora-coach-conferencista-guatemalteca-en-los-angeles-2-768x1152.jpg\" class=\"attachment-medium_large size-medium_large wp-image-49419\" alt=\"El potencial de cada persona necesita de una exploraci\u00f3n cr\u00edtica y a la vez armoniosa. Eso brinda La grandeza de tu ser, de Valia Zipfel\" srcset=\"https:\/\/soymigrante.com\/revista\/wp-content\/uploads\/2025\/12\/valia-zipfel-comunicadora-escritora-coach-conferencista-guatemalteca-en-los-angeles-2-768x1152.jpg 768w, https:\/\/soymigrante.com\/revista\/wp-content\/uploads\/2025\/12\/valia-zipfel-comunicadora-escritora-coach-conferencista-guatemalteca-en-los-angeles-2-200x300.jpg 200w, https:\/\/soymigrante.com\/revista\/wp-content\/uploads\/2025\/12\/valia-zipfel-comunicadora-escritora-coach-conferencista-guatemalteca-en-los-angeles-2-683x1024.jpg 683w, https:\/\/soymigrante.com\/revista\/wp-content\/uploads\/2025\/12\/valia-zipfel-comunicadora-escritora-coach-conferencista-guatemalteca-en-los-angeles-2-750x1125.jpg 750w, https:\/\/soymigrante.com\/revista\/wp-content\/uploads\/2025\/12\/valia-zipfel-comunicadora-escritora-coach-conferencista-guatemalteca-en-los-angeles-2.jpg 1000w\" sizes=\"(max-width: 768px) 100vw, 768px\" title=\"El potencial de cada persona necesita de una exploraci\u00f3n cr\u00edtica y a la vez armoniosa. Eso brinda La grandeza de tu ser, de Valia Zipfel \u2013 SoyMigrante.com REVISTA\" \/>\t\t\t\t\t\t\t\t<\/a>\n\t\t\t\t\t\t\t\t\t\t\t<figcaption class=\"widget-image-caption wp-caption-text\">El potencial de cada persona necesita de una exploraci\u00f3n cr\u00edtica y a la vez armoniosa. Eso brinda La grandeza de tu ser, de Valia Zipfel<\/figcaption>\n\t\t\t\t\t\t\t\t\t\t<\/figure>\n\t\t\t\t\t\t\t\t\t<\/div>\n\t\t\t\t\t<\/div>\n\t\t\t\t<\/div>\n\t\t<div data-particle_enable=\"false\" data-particle-mobile-disabled=\"false\" class=\"elementor-element elementor-element-078462c e-flex e-con-boxed e-con e-parent\" data-id=\"078462c\" data-element_type=\"container\" data-e-type=\"container\">\n\t\t\t\t\t<div class=\"e-con-inner\">\n\t\t\t\t<div class=\"elementor-element elementor-element-109bd32 elementor-widget elementor-widget-text-editor\" data-id=\"109bd32\" data-element_type=\"widget\" data-e-type=\"widget\" data-widget_type=\"text-editor.default\">\n\t\t\t\t\t\t\t\t\t<p>Surgi\u00f3 Atr\u00e9vete a Ser Valiosa, su libro-manifiesto. \u201cYa viste de lo que sos capaz \u2014escribe\u2014, ahora cr\u00e9etelo\u201d.\u00a0 Esta obra surgbi\u00f3 una respuesta a las imposiciones de la \u201cmejor versi\u00f3n\u201d de cada uno, que que exige encajar, agradar, lucir impecable, con una apariencia &#8220;perfecta&#8221; que no existe.<\/p><p>Para Valia, la transformaci\u00f3n es otra cosa: \u201cNo quiero vivir para agradar a los dem\u00e1s. Tengo defectos y voy a cometer errores, pero eso tambi\u00e9n puede mostrar nuevas formas de ser. No quiero traicionarme. Jur\u00e9 no volver a hacerlo\u201d.<\/p>\t\t\t\t\t\t\t\t<\/div>\n\t\t\t\t\t<\/div>\n\t\t\t\t<\/div>\n\t\t<div data-particle_enable=\"false\" data-particle-mobile-disabled=\"false\" class=\"elementor-element elementor-element-2a00e36 e-flex e-con-boxed e-con e-parent\" data-id=\"2a00e36\" data-element_type=\"container\" data-e-type=\"container\">\n\t\t\t\t\t<div class=\"e-con-inner\">\n\t\t\t\t<div class=\"elementor-element elementor-element-a55f56a elementor-widget elementor-widget-image\" data-id=\"a55f56a\" data-element_type=\"widget\" data-e-type=\"widget\" data-widget_type=\"image.default\">\n\t\t\t\t\t\t\t\t\t\t\t\t<figure class=\"wp-caption\">\n\t\t\t\t\t\t\t\t\t\t\t<a href=\"https:\/\/www.amazon.com\/stores\/Valia-Zipfel-Carrera\/author\/B09SP2FJ61?language=es&#038;ref=sr_ntt_srch_lnk_1&#038;qid=1706816571&#038;sr=8-1&#038;isDramIntegrated=true&#038;shoppingPortalEnabled=true&#038;ccs_id=0bbae7ed-0152-43ba-a6a1-cc7156b94eee\">\n\t\t\t\t\t\t\t<img loading=\"lazy\" decoding=\"async\" width=\"768\" height=\"1152\" src=\"https:\/\/soymigrante.com\/revista\/wp-content\/uploads\/2025\/12\/atrevete-a-ser-valiosa-libro-de-valia-zipfel-guatemalteca-768x1152.jpg\" class=\"attachment-medium_large size-medium_large wp-image-49424\" alt=\"El camino de descubrimiento de Valia Zipfel se ha convertido en luz para el camino de m\u00e1s mujeres hispanas en Estados Unidos.\" srcset=\"https:\/\/soymigrante.com\/revista\/wp-content\/uploads\/2025\/12\/atrevete-a-ser-valiosa-libro-de-valia-zipfel-guatemalteca-768x1152.jpg 768w, https:\/\/soymigrante.com\/revista\/wp-content\/uploads\/2025\/12\/atrevete-a-ser-valiosa-libro-de-valia-zipfel-guatemalteca-200x300.jpg 200w, https:\/\/soymigrante.com\/revista\/wp-content\/uploads\/2025\/12\/atrevete-a-ser-valiosa-libro-de-valia-zipfel-guatemalteca-683x1024.jpg 683w, https:\/\/soymigrante.com\/revista\/wp-content\/uploads\/2025\/12\/atrevete-a-ser-valiosa-libro-de-valia-zipfel-guatemalteca-750x1125.jpg 750w, https:\/\/soymigrante.com\/revista\/wp-content\/uploads\/2025\/12\/atrevete-a-ser-valiosa-libro-de-valia-zipfel-guatemalteca.jpg 1000w\" sizes=\"(max-width: 768px) 100vw, 768px\" title=\"El camino de descubrimiento de Valia Zipfel se ha convertido en luz para el camino de m\u00e1s mujeres hispanas en Estados Unidos. \u2013 SoyMigrante.com REVISTA\" \/>\t\t\t\t\t\t\t\t<\/a>\n\t\t\t\t\t\t\t\t\t\t\t<figcaption class=\"widget-image-caption wp-caption-text\">El camino de descubrimiento de Valia Zipfel se ha convertido en luz para el camino de m\u00e1s mujeres hispanas en Estados Unidos.<\/figcaption>\n\t\t\t\t\t\t\t\t\t\t<\/figure>\n\t\t\t\t\t\t\t\t\t<\/div>\n\t\t\t\t\t<\/div>\n\t\t\t\t<\/div>\n\t\t<div data-particle_enable=\"false\" data-particle-mobile-disabled=\"false\" class=\"elementor-element elementor-element-44b867f e-flex e-con-boxed e-con e-parent\" data-id=\"44b867f\" data-element_type=\"container\" data-e-type=\"container\">\n\t\t\t\t\t<div class=\"e-con-inner\">\n\t\t\t\t<div class=\"elementor-element elementor-element-216bca7 elementor-widget elementor-widget-text-editor\" data-id=\"216bca7\" data-element_type=\"widget\" data-e-type=\"widget\" data-widget_type=\"text-editor.default\">\n\t\t\t\t\t\t\t\t\t<p>Para la Otra Luna es un poemario acompa\u00f1ado de fotograf\u00edas \u2014muchas de ellas autorretratos\u2014: un volumen en el cual Valia se reconcilia con su historia. \u201cEscrib\u00eda cuando estaba muy feliz o muy triste\u201d, explica. Por eso divide el libro entre poes\u00eda de \u201csombra\u201d y poes\u00eda de \u201cluz\u201d. La primera duele. La segunda abraza. &#8220;Todos tenemos ambas&#8221;.<\/p><p>En esos versos afirma: \u201cSoy un coraz\u00f3n que brilla, un alma intensa que siente\u2026 Soy la verdad de un suspiro y el amor que no ha cesado.\u201d Escribir puede sanar y liberar. Sanar es un acto de libertad.<\/p>\t\t\t\t\t\t\t\t<\/div>\n\t\t\t\t\t<\/div>\n\t\t\t\t<\/div>\n\t\t<div data-particle_enable=\"false\" data-particle-mobile-disabled=\"false\" class=\"elementor-element elementor-element-f20dd58 e-flex e-con-boxed e-con e-parent\" data-id=\"f20dd58\" data-element_type=\"container\" data-e-type=\"container\">\n\t\t\t\t\t<div class=\"e-con-inner\">\n\t\t\t\t<div class=\"elementor-element elementor-element-9c87bc9 elementor-widget elementor-widget-image\" data-id=\"9c87bc9\" data-element_type=\"widget\" data-e-type=\"widget\" data-widget_type=\"image.default\">\n\t\t\t\t\t\t\t\t\t\t\t\t<figure class=\"wp-caption\">\n\t\t\t\t\t\t\t\t\t\t\t<a href=\"https:\/\/www.amazon.com\/stores\/Valia-Zipfel-Carrera\/author\/B09SP2FJ61?language=es&#038;ref=sr_ntt_srch_lnk_1&#038;qid=1706816571&#038;sr=8-1&#038;isDramIntegrated=true&#038;shoppingPortalEnabled=true&#038;ccs_id=0bbae7ed-0152-43ba-a6a1-cc7156b94eee\">\n\t\t\t\t\t\t\t<img loading=\"lazy\" decoding=\"async\" width=\"348\" height=\"522\" src=\"https:\/\/soymigrante.com\/revista\/wp-content\/uploads\/2025\/12\/valia-zipfel-comunicadora-escritora-coach-conferencista-guatemalteca-en-los-angeles-3-1.jpg\" class=\"attachment-medium_large size-medium_large wp-image-49425\" alt=\"A veces no solo las explicaciones o los relatos aplican para ampliar el horizonte personal. La poes\u00eda que integra creatividad y alma es otro camino que Valia Zipfel ha recorrido y publicado.\" srcset=\"https:\/\/soymigrante.com\/revista\/wp-content\/uploads\/2025\/12\/valia-zipfel-comunicadora-escritora-coach-conferencista-guatemalteca-en-los-angeles-3-1.jpg 348w, https:\/\/soymigrante.com\/revista\/wp-content\/uploads\/2025\/12\/valia-zipfel-comunicadora-escritora-coach-conferencista-guatemalteca-en-los-angeles-3-1-200x300.jpg 200w\" sizes=\"(max-width: 348px) 100vw, 348px\" title=\"A veces no solo las explicaciones o los relatos aplican para ampliar el horizonte personal. La poes\u00eda que integra creatividad y alma es otro camino que Valia Zipfel ha recorrido y publicado. \u2013 SoyMigrante.com REVISTA\" \/>\t\t\t\t\t\t\t\t<\/a>\n\t\t\t\t\t\t\t\t\t\t\t<figcaption class=\"widget-image-caption wp-caption-text\">A veces no solo las explicaciones o los relatos aplican para ampliar el horizonte personal. La poes\u00eda que integra creatividad y alma es otro camino que Valia Zipfel ha recorrido y publicado. <\/figcaption>\n\t\t\t\t\t\t\t\t\t\t<\/figure>\n\t\t\t\t\t\t\t\t\t<\/div>\n\t\t\t\t\t<\/div>\n\t\t\t\t<\/div>\n\t\t<div data-particle_enable=\"false\" data-particle-mobile-disabled=\"false\" class=\"elementor-element elementor-element-5f5f23c e-flex e-con-boxed e-con e-parent\" data-id=\"5f5f23c\" data-element_type=\"container\" data-e-type=\"container\">\n\t\t\t\t\t<div class=\"e-con-inner\">\n\t\t\t\t<div class=\"elementor-element elementor-element-982d40b elementor-widget elementor-widget-heading\" data-id=\"982d40b\" data-element_type=\"widget\" data-e-type=\"widget\" data-widget_type=\"heading.default\">\n\t\t\t\t\t<h3 class=\"elementor-heading-title elementor-size-default\">Retrato de Libertad: un coro de testimonios inspiradores<\/h3>\t\t\t\t<\/div>\n\t\t\t\t\t<\/div>\n\t\t\t\t<\/div>\n\t\t<div data-particle_enable=\"false\" data-particle-mobile-disabled=\"false\" class=\"elementor-element elementor-element-d15c39c e-flex e-con-boxed e-con e-parent\" data-id=\"d15c39c\" data-element_type=\"container\" data-e-type=\"container\">\n\t\t\t\t\t<div class=\"e-con-inner\">\n\t\t\t\t<div class=\"elementor-element elementor-element-e93b6da elementor-widget elementor-widget-text-editor\" data-id=\"e93b6da\" data-element_type=\"widget\" data-e-type=\"widget\" data-widget_type=\"text-editor.default\">\n\t\t\t\t\t\t\t\t\t<p>Recientemente, Valia Zipfel culmin\u00f3 un proyecto grande y enriquecedor: <a href=\"https:\/\/soymigrante.com\/revista\/retratos-de-libertad-21-testimonios-inspiradores-de-hispanas-en-usa-presentacion-oficial\/\">Retratos de Libertad, un libro que re\u00fane a 21 mujeres latinas \u2014guatemaltecas, salvadore\u00f1as, hondure\u00f1as, mexicanas, paraguayas y ecuatorianas<\/a>\u2014 que se atrevieron a contar sus historias.\u00a0 Junto a la chef Mirna Jim\u00e9nez construyo este coro de voces que invitan a la transformaci\u00f3n.<\/p><p>\u00a0\u201cHubo historias que me hicieron llorar. Como coach ten\u00eda que contenerme y contenerlas. Las historias reales de mujeres reales son poderosas.\u201d, relat\u00f3 d\u00edas antes del lanzamiento.<\/p><p>\u201cLos sue\u00f1os son como una bola de cristal: solo vos pod\u00e9s cuidarlos, porque si caen, se quiebran\u201d. Y recuerda que el crecimiento toma tiempo, valent\u00eda y trabajo consciente: \u201cA veces gan\u00e1s, a veces perd\u00e9s, pero siempre aprend\u00e9s.\u201d\u00a0<span style=\"font-family: Roboto, sans-serif; font-size: 22px; font-style: normal; font-variant-ligatures: normal; font-variant-caps: normal; font-weight: 400;\">\u00bfQu\u00e9 le impulsa? \u201cDios nos puso aqu\u00ed para brillar, pero no para que nos miren a nosotros, sino para iluminar a los dem\u00e1s.\u201d\u00a0<\/span>\u00a0<\/p>\t\t\t\t\t\t\t\t<\/div>\n\t\t\t\t\t<\/div>\n\t\t\t\t<\/div>\n\t\t<div data-particle_enable=\"false\" data-particle-mobile-disabled=\"false\" class=\"elementor-element elementor-element-dda9efd e-flex e-con-boxed e-con e-parent\" data-id=\"dda9efd\" data-element_type=\"container\" data-e-type=\"container\">\n\t\t\t\t\t<div class=\"e-con-inner\">\n\t\t\t\t<div class=\"elementor-element elementor-element-5803baa elementor-grid-eael-col-1 elementor-grid-tablet-eael-col-2 elementor-grid-mobile-eael-col-1 elementor-widget elementor-widget-eael-post-grid\" data-id=\"5803baa\" data-element_type=\"widget\" data-e-type=\"widget\" data-settings=\"{&quot;eael_post_grid_columns&quot;:&quot;eael-col-1&quot;,&quot;eael_post_grid_columns_tablet&quot;:&quot;eael-col-2&quot;,&quot;eael_post_grid_columns_mobile&quot;:&quot;eael-col-1&quot;}\" data-widget_type=\"eael-post-grid.default\">\n\t\t\t\t\t<div id=\"eael-post-grid-5803baa\" class=\"eael-post-grid-container\">\n            <div class=\"eael-post-grid eael-post-appender eael-post-appender-5803baa eael-post-grid-style-one\" data-layout-mode=\"masonry\"><article class=\"eael-grid-post  eael-post-grid-column eael-pg-post-48522 category-estamos-unidos\" data-id=\"48522\">\n        <div class=\"eael-grid-post-holder\">\n            <div class=\"eael-grid-post-holder-inner\"><div class=\"eael-entry-media\"><div class=\"eael-entry-overlay fade-in\"><i class=\"far fa-hand-pointer\" aria-hidden=\"true\"><\/i><a href=\"https:\/\/soymigrante.com\/revista\/retratos-de-libertad-21-testimonios-inspiradores-de-hispanas-en-usa-presentacion-oficial\/\"><\/a><\/div><div class=\"eael-entry-thumbnail eael-image-ratio\">\n                <img loading=\"lazy\" decoding=\"async\" width=\"1024\" height=\"1024\" src=\"https:\/\/soymigrante.com\/revista\/wp-content\/uploads\/2025\/11\/retratos-de-libertad-mujeres-hispanas-valia-zipfel-guatemalteca-2-1024x1024.jpg\" class=\"attachment-large size-large wp-image-48523\" alt=\"retratos de libertad mujeres hispanas valia zipfel guatemalteca 2\" srcset=\"https:\/\/soymigrante.com\/revista\/wp-content\/uploads\/2025\/11\/retratos-de-libertad-mujeres-hispanas-valia-zipfel-guatemalteca-2-1024x1024.jpg 1024w, https:\/\/soymigrante.com\/revista\/wp-content\/uploads\/2025\/11\/retratos-de-libertad-mujeres-hispanas-valia-zipfel-guatemalteca-2-300x300.jpg 300w, https:\/\/soymigrante.com\/revista\/wp-content\/uploads\/2025\/11\/retratos-de-libertad-mujeres-hispanas-valia-zipfel-guatemalteca-2-150x150.jpg 150w, https:\/\/soymigrante.com\/revista\/wp-content\/uploads\/2025\/11\/retratos-de-libertad-mujeres-hispanas-valia-zipfel-guatemalteca-2-768x768.jpg 768w, https:\/\/soymigrante.com\/revista\/wp-content\/uploads\/2025\/11\/retratos-de-libertad-mujeres-hispanas-valia-zipfel-guatemalteca-2-75x75.jpg 75w, https:\/\/soymigrante.com\/revista\/wp-content\/uploads\/2025\/11\/retratos-de-libertad-mujeres-hispanas-valia-zipfel-guatemalteca-2-750x750.jpg 750w, https:\/\/soymigrante.com\/revista\/wp-content\/uploads\/2025\/11\/retratos-de-libertad-mujeres-hispanas-valia-zipfel-guatemalteca-2.jpg 1101w\" sizes=\"(max-width: 1024px) 100vw, 1024px\" \/>\n            <\/div>\n        <\/div><div class=\"eael-entry-wrapper\"><header class=\"eael-entry-header\"><h2 class=\"eael-entry-title\"><a class=\"eael-grid-post-link\" href=\"https:\/\/soymigrante.com\/revista\/retratos-de-libertad-21-testimonios-inspiradores-de-hispanas-en-usa-presentacion-oficial\/\" title=\"Retratos de Libertad: 21 testimonios inspiradores de hispanas en USA: presentaci\u00f3n oficial\">Retratos de Libertad: 21 testimonios inspiradores de hispanas en USA: presentaci\u00f3n oficial<\/a><\/h2><\/header><div class=\"eael-entry-content\">\n                        <div class=\"eael-grid-post-excerpt\"><p>Libro recopila relatos de hispanas que transformaron la adversidad en fortaleza. Producido por la guatemalteca Valia Zipfel y la salvadore\u00f1a Mirna Jim\u00e9nez, ser\u00e1 presentado el 22 de noviembre en Los Angeles. En el coraz\u00f3n de Los \u00c1ngeles, dos mujeres migrantes decidieron hacer visible la fuerza de transformaci\u00f3n de m\u00e1s hispanas como ellas: la escritora y [&hellip;]<\/p><a href=\"https:\/\/soymigrante.com\/revista\/retratos-de-libertad-21-testimonios-inspiradores-de-hispanas-en-usa-presentacion-oficial\/\" class=\"eael-post-elements-readmore-btn\">CONOCE SU HISTORIA <\/a><\/div>\n                    <\/div><\/div><\/div>\n        <\/div>\n    <\/article><\/div>\n            <div class=\"clearfix\"><\/div>\n        <\/div>\t\t\t\t<\/div>\n\t\t\t\t\t<\/div>\n\t\t\t\t<\/div>\n\t\t<div data-particle_enable=\"false\" data-particle-mobile-disabled=\"false\" class=\"elementor-element elementor-element-b63d48d e-flex e-con-boxed e-con e-parent\" data-id=\"b63d48d\" data-element_type=\"container\" data-e-type=\"container\">\n\t\t\t\t\t<div class=\"e-con-inner\">\n\t\t\t\t<div class=\"elementor-element elementor-element-c5ce435 elementor-widget elementor-widget-heading\" data-id=\"c5ce435\" data-element_type=\"widget\" data-e-type=\"widget\" data-widget_type=\"heading.default\">\n\t\t\t\t\t<h3 class=\"elementor-heading-title elementor-size-default\">Valia sigue demostrando su val\u00eda<\/h3>\t\t\t\t<\/div>\n\t\t\t\t\t<\/div>\n\t\t\t\t<\/div>\n\t\t<div data-particle_enable=\"false\" data-particle-mobile-disabled=\"false\" class=\"elementor-element elementor-element-49df0c7 e-flex e-con-boxed e-con e-parent\" data-id=\"49df0c7\" data-element_type=\"container\" data-e-type=\"container\">\n\t\t\t\t\t<div class=\"e-con-inner\">\n\t\t\t\t<div class=\"elementor-element elementor-element-8c816b9 elementor-widget elementor-widget-text-editor\" data-id=\"8c816b9\" data-element_type=\"widget\" data-e-type=\"widget\" data-widget_type=\"text-editor.default\">\n\t\t\t\t\t\t\t\t\t<p>El pr\u00f3ximo libro de Valia Zipfel Carrera, Metacomunicaci\u00f3n: el poder m\u00e1s all\u00e1 de la palabra, est\u00e1 por publicarse. Su programa<a href=\"https:\/\/www.youtube.com\/@valiazipfel\"> V- Inspiration<\/a> sigue alcanzando audiencia latina en redes sociales. Sus talleres contin\u00faan transformando vidas. Y sus hijos \u2014un cantante y una dise\u00f1adora\u2014 son testimonio vivo de su legado vital, son sus dos m\u00e1ximas obras, porque las escribi\u00f3 como madre y como guatemalteca a pesar de las dificultades.<\/p>\t\t\t\t\t\t\t\t<\/div>\n\t\t\t\t\t<\/div>\n\t\t\t\t<\/div>\n\t\t<div data-particle_enable=\"false\" data-particle-mobile-disabled=\"false\" class=\"elementor-element elementor-element-6d0930b e-flex e-con-boxed e-con e-parent\" data-id=\"6d0930b\" data-element_type=\"container\" data-e-type=\"container\">\n\t\t\t\t\t<div class=\"e-con-inner\">\n\t\t\t\t<div class=\"elementor-element elementor-element-bfb5365 elementor-widget elementor-widget-html\" data-id=\"bfb5365\" data-element_type=\"widget\" data-e-type=\"widget\" data-widget_type=\"html.default\">\n\t\t\t\t\t<iframe width=\"560\" height=\"315\" src=\"https:\/\/www.youtube.com\/embed\/25xz49pnUDA?si=QKyiaIaecDGn1vSv&amp;start=241\" title=\"YouTube video player\" frameborder=\"0\" allow=\"accelerometer; autoplay; clipboard-write; encrypted-media; gyroscope; picture-in-picture; web-share\" referrerpolicy=\"strict-origin-when-cross-origin\" allowfullscreen><\/iframe>\t\t\t\t<\/div>\n\t\t\t\t\t<\/div>\n\t\t\t\t<\/div>\n\t\t<div data-particle_enable=\"false\" data-particle-mobile-disabled=\"false\" class=\"elementor-element elementor-element-0ebf524 e-flex e-con-boxed e-con e-parent\" data-id=\"0ebf524\" data-element_type=\"container\" data-e-type=\"container\">\n\t\t\t\t\t<div class=\"e-con-inner\">\n\t\t\t\t<div class=\"elementor-element elementor-element-c5e8ec1 elementor-widget elementor-widget-heading\" data-id=\"c5e8ec1\" data-element_type=\"widget\" data-e-type=\"widget\" data-widget_type=\"heading.default\">\n\t\t\t\t\t<h2 class=\"elementor-heading-title elementor-size-default\">Guatemaltecas sin fronteras<\/h2>\t\t\t\t<\/div>\n\t\t\t\t\t<\/div>\n\t\t\t\t<\/div>\n\t\t<div data-particle_enable=\"false\" data-particle-mobile-disabled=\"false\" class=\"elementor-element elementor-element-bac684b e-flex e-con-boxed e-con e-parent\" data-id=\"bac684b\" data-element_type=\"container\" data-e-type=\"container\">\n\t\t\t\t\t<div class=\"e-con-inner\">\n\t\t\t\t<div class=\"elementor-element elementor-element-7243fad elementor-grid-eael-col-3 elementor-grid-tablet-eael-col-2 elementor-grid-mobile-eael-col-1 elementor-widget elementor-widget-eael-post-grid\" data-id=\"7243fad\" data-element_type=\"widget\" data-e-type=\"widget\" data-settings=\"{&quot;eael_post_grid_columns&quot;:&quot;eael-col-3&quot;,&quot;eael_post_grid_columns_tablet&quot;:&quot;eael-col-2&quot;,&quot;eael_post_grid_columns_mobile&quot;:&quot;eael-col-1&quot;}\" data-widget_type=\"eael-post-grid.default\">\n\t\t\t\t\t<div id=\"eael-post-grid-7243fad\" class=\"eael-post-grid-container\">\n            <div class=\"eael-post-grid eael-post-appender eael-post-appender-7243fad eael-post-grid-style-one\" data-layout-mode=\"masonry\"><article class=\"eael-grid-post  eael-post-grid-column eael-pg-post-2480 category-exitos\" data-id=\"2480\">\n        <div class=\"eael-grid-post-holder\">\n            <div class=\"eael-grid-post-holder-inner\"><div class=\"eael-entry-media\"><div class=\"eael-entry-overlay fade-in\"><i class=\"far fa-hand-pointer\" aria-hidden=\"true\"><\/i><a href=\"https:\/\/soymigrante.com\/revista\/isabel-emprendedora-y-migrante-conquista-con-el-sabor-guatemalteco-en-estados-unidos\/\"><\/a><\/div><div class=\"eael-entry-thumbnail eael-image-ratio\">\n                <img loading=\"lazy\" decoding=\"async\" width=\"1024\" height=\"485\" src=\"https:\/\/soymigrante.com\/revista\/wp-content\/uploads\/2023\/09\/Isabel-llego-a-Estados-Unidos-en-busca-de-una-oportunidad-pero-fue-una-etapa-dificil-a-partir-de-ello-nace-el-emprendimiento-familiar-Granizadas-guatemaltecas-502--1024x485.webp\" class=\"attachment-large size-large wp-image-2464\" alt=\"Isabel llego a Estados Unidos en busca de una oportunidad pero fue una etapa dif\u00edcil a partir de ello nace el emprendimiento familiar Granizadas guatemaltecas 502\" srcset=\"https:\/\/soymigrante.com\/revista\/wp-content\/uploads\/2023\/09\/Isabel-llego-a-Estados-Unidos-en-busca-de-una-oportunidad-pero-fue-una-etapa-dificil-a-partir-de-ello-nace-el-emprendimiento-familiar-Granizadas-guatemaltecas-502--1024x485.webp 1024w, https:\/\/soymigrante.com\/revista\/wp-content\/uploads\/2023\/09\/Isabel-llego-a-Estados-Unidos-en-busca-de-una-oportunidad-pero-fue-una-etapa-dificil-a-partir-de-ello-nace-el-emprendimiento-familiar-Granizadas-guatemaltecas-502--300x142.webp 300w, https:\/\/soymigrante.com\/revista\/wp-content\/uploads\/2023\/09\/Isabel-llego-a-Estados-Unidos-en-busca-de-una-oportunidad-pero-fue-una-etapa-dificil-a-partir-de-ello-nace-el-emprendimiento-familiar-Granizadas-guatemaltecas-502--768x364.webp 768w, https:\/\/soymigrante.com\/revista\/wp-content\/uploads\/2023\/09\/Isabel-llego-a-Estados-Unidos-en-busca-de-una-oportunidad-pero-fue-una-etapa-dificil-a-partir-de-ello-nace-el-emprendimiento-familiar-Granizadas-guatemaltecas-502--1536x728.webp 1536w, https:\/\/soymigrante.com\/revista\/wp-content\/uploads\/2023\/09\/Isabel-llego-a-Estados-Unidos-en-busca-de-una-oportunidad-pero-fue-una-etapa-dificil-a-partir-de-ello-nace-el-emprendimiento-familiar-Granizadas-guatemaltecas-502--750x355.webp 750w, https:\/\/soymigrante.com\/revista\/wp-content\/uploads\/2023\/09\/Isabel-llego-a-Estados-Unidos-en-busca-de-una-oportunidad-pero-fue-una-etapa-dificil-a-partir-de-ello-nace-el-emprendimiento-familiar-Granizadas-guatemaltecas-502--1140x540.webp 1140w, https:\/\/soymigrante.com\/revista\/wp-content\/uploads\/2023\/09\/Isabel-llego-a-Estados-Unidos-en-busca-de-una-oportunidad-pero-fue-una-etapa-dificil-a-partir-de-ello-nace-el-emprendimiento-familiar-Granizadas-guatemaltecas-502-.webp 1600w\" sizes=\"(max-width: 1024px) 100vw, 1024px\" \/>\n            <\/div>\n        <\/div><div class=\"eael-entry-wrapper\"><header class=\"eael-entry-header\"><h2 class=\"eael-entry-title\"><a class=\"eael-grid-post-link\" href=\"https:\/\/soymigrante.com\/revista\/isabel-emprendedora-y-migrante-conquista-con-el-sabor-guatemalteco-en-estados-unidos\/\" title=\"Isabel emprendedora y migrante refresca con sabor guatemalteco en Los Angeles, California\">Isabel emprendedora y migrante refresca con sabor guatemalteco en Los Angeles, California<\/a><\/h2><\/header><div class=\"eael-entry-content\">\n                        <div class=\"eael-grid-post-excerpt\"><a href=\"https:\/\/soymigrante.com\/revista\/isabel-emprendedora-y-migrante-conquista-con-el-sabor-guatemalteco-en-estados-unidos\/\" class=\"eael-post-elements-readmore-btn\">CONOCE SU HISTORIA <\/a><\/div>\n                    <\/div><\/div><\/div>\n        <\/div>\n    <\/article><article class=\"eael-grid-post  eael-post-grid-column eael-pg-post-2623 category-exitos\" data-id=\"2623\">\n        <div class=\"eael-grid-post-holder\">\n            <div class=\"eael-grid-post-holder-inner\"><div class=\"eael-entry-media\"><div class=\"eael-entry-overlay fade-in\"><i class=\"far fa-hand-pointer\" aria-hidden=\"true\"><\/i><a href=\"https:\/\/soymigrante.com\/revista\/maestra-guatemalteca-orienta-a-migrantes-en-oklahoma-e-e-u-u\/\"><\/a><\/div><div class=\"eael-entry-thumbnail eael-image-ratio\">\n                <img loading=\"lazy\" decoding=\"async\" width=\"960\" height=\"953\" src=\"https:\/\/soymigrante.com\/revista\/wp-content\/uploads\/2023\/09\/Saidy-fue-electa-como-senora-Guatemala-en-Oklahoma-cargo-que-obtuvo-por-su-proyeccion-social-con-la-comunidad.webp\" class=\"attachment-large size-large wp-image-2631\" alt=\"Saidy fue electa como se\u00f1ora Guatemala en Oklahoma cargo que obtuvo por su proyecci\u00f3n social con la comunidad\" srcset=\"https:\/\/soymigrante.com\/revista\/wp-content\/uploads\/2023\/09\/Saidy-fue-electa-como-senora-Guatemala-en-Oklahoma-cargo-que-obtuvo-por-su-proyeccion-social-con-la-comunidad.webp 960w, https:\/\/soymigrante.com\/revista\/wp-content\/uploads\/2023\/09\/Saidy-fue-electa-como-senora-Guatemala-en-Oklahoma-cargo-que-obtuvo-por-su-proyeccion-social-con-la-comunidad-300x298.webp 300w, https:\/\/soymigrante.com\/revista\/wp-content\/uploads\/2023\/09\/Saidy-fue-electa-como-senora-Guatemala-en-Oklahoma-cargo-que-obtuvo-por-su-proyeccion-social-con-la-comunidad-150x150.webp 150w, https:\/\/soymigrante.com\/revista\/wp-content\/uploads\/2023\/09\/Saidy-fue-electa-como-senora-Guatemala-en-Oklahoma-cargo-que-obtuvo-por-su-proyeccion-social-con-la-comunidad-768x762.webp 768w, https:\/\/soymigrante.com\/revista\/wp-content\/uploads\/2023\/09\/Saidy-fue-electa-como-senora-Guatemala-en-Oklahoma-cargo-que-obtuvo-por-su-proyeccion-social-con-la-comunidad-75x75.webp 75w, https:\/\/soymigrante.com\/revista\/wp-content\/uploads\/2023\/09\/Saidy-fue-electa-como-senora-Guatemala-en-Oklahoma-cargo-que-obtuvo-por-su-proyeccion-social-con-la-comunidad-750x745.webp 750w\" sizes=\"(max-width: 960px) 100vw, 960px\" \/>\n            <\/div>\n        <\/div><div class=\"eael-entry-wrapper\"><header class=\"eael-entry-header\"><h2 class=\"eael-entry-title\"><a class=\"eael-grid-post-link\" href=\"https:\/\/soymigrante.com\/revista\/maestra-guatemalteca-orienta-a-migrantes-en-oklahoma-e-e-u-u\/\" title=\"Maestra y migrante guatemalteca Saidy Orellana orienta a compatriotas en Oklahoma, E.E.U.U.\">Maestra y migrante guatemalteca Saidy Orellana orienta a compatriotas en Oklahoma, E.E.U.U.<\/a><\/h2><\/header><div class=\"eael-entry-content\">\n                        <div class=\"eael-grid-post-excerpt\"><a href=\"https:\/\/soymigrante.com\/revista\/maestra-guatemalteca-orienta-a-migrantes-en-oklahoma-e-e-u-u\/\" class=\"eael-post-elements-readmore-btn\">CONOCE SU HISTORIA <\/a><\/div>\n                    <\/div><\/div><\/div>\n        <\/div>\n    <\/article><article class=\"eael-grid-post  eael-post-grid-column eael-pg-post-2709 category-exitos\" data-id=\"2709\">\n        <div class=\"eael-grid-post-holder\">\n            <div class=\"eael-grid-post-holder-inner\"><div class=\"eael-entry-media\"><div class=\"eael-entry-overlay fade-in\"><i class=\"far fa-hand-pointer\" aria-hidden=\"true\"><\/i><a href=\"https:\/\/soymigrante.com\/revista\/migrante-guatemalteca-claudia-hernandez-dignifica-a-la-mujer\/\"><\/a><\/div><div class=\"eael-entry-thumbnail eael-image-ratio\">\n                <img loading=\"lazy\" decoding=\"async\" width=\"1024\" height=\"660\" src=\"https:\/\/soymigrante.com\/revista\/wp-content\/uploads\/2023\/09\/clau-hern-1024x660.webp\" class=\"attachment-large size-large wp-image-2886\" alt=\"Claudia D. Hern\u00e1ndez, migrante y escritora guatemalteca.\" srcset=\"https:\/\/soymigrante.com\/revista\/wp-content\/uploads\/2023\/09\/clau-hern-1024x660.webp 1024w, https:\/\/soymigrante.com\/revista\/wp-content\/uploads\/2023\/09\/clau-hern-300x193.webp 300w, https:\/\/soymigrante.com\/revista\/wp-content\/uploads\/2023\/09\/clau-hern-768x495.webp 768w, https:\/\/soymigrante.com\/revista\/wp-content\/uploads\/2023\/09\/clau-hern-750x483.webp 750w, https:\/\/soymigrante.com\/revista\/wp-content\/uploads\/2023\/09\/clau-hern-1140x735.webp 1140w, https:\/\/soymigrante.com\/revista\/wp-content\/uploads\/2023\/09\/clau-hern.webp 1187w\" sizes=\"(max-width: 1024px) 100vw, 1024px\" \/>\n            <\/div>\n        <\/div><div class=\"eael-entry-wrapper\"><header class=\"eael-entry-header\"><h2 class=\"eael-entry-title\"><a class=\"eael-grid-post-link\" href=\"https:\/\/soymigrante.com\/revista\/migrante-guatemalteca-claudia-hernandez-dignifica-a-la-mujer\/\" title=\"Migrante guatemalteca Claudia D. Hern\u00e1ndez  dignifica a las mujeres con arte y poes\u00eda\">Migrante guatemalteca Claudia D. Hern\u00e1ndez  dignifica a las mujeres con arte y poes\u00eda<\/a><\/h2><\/header><div class=\"eael-entry-content\">\n                        <div class=\"eael-grid-post-excerpt\"><a href=\"https:\/\/soymigrante.com\/revista\/migrante-guatemalteca-claudia-hernandez-dignifica-a-la-mujer\/\" class=\"eael-post-elements-readmore-btn\">CONOCE SU HISTORIA <\/a><\/div>\n                    <\/div><\/div><\/div>\n        <\/div>\n    <\/article><\/div>\n            <div class=\"clearfix\"><\/div>\n        <\/div>\t\t\t\t<\/div>\n\t\t\t\t\t<\/div>\n\t\t\t\t<\/div>\n\t\t\t\t<\/div>\n\t\t","protected":false},"excerpt":{"rendered":"<p>\u201cQue tus miedos nunca te limiten y que tus creencias no te controlen. Que siempre seas libre para vivir.\u201d: uno de los poderosos argumentos de la guatemalteca Valia Zipfel para animar a m\u00e1s personas a potenciar su talento y valor. La ruta de \u00e9xito de la comunicadora guatemalteca Valia Zipfel Carrera es la prueba viva [&hellip;]<\/p>\n","protected":false},"author":7,"featured_media":49414,"comment_status":"open","ping_status":"open","sticky":false,"template":"","format":"standard","meta":{"_acf_changed":false,"_eb_attr":"","footnotes":""},"categories":[50,274],"tags":[],"class_list":["post-49131","post","type-post","status-publish","format-standard","has-post-thumbnail","hentry","category-exitos","category-guatemala"],"acf":[],"aioseo_notices":[],"aioseo_head":"\n\t\t<!-- All in One SEO Pro 4.9.6.2 - aioseo.com -->\n\t<meta name=\"description\" content=\"Claudia D. Hern\u00e1ndez migrante guatemalteca autora del libro Tejiendo la niebla relata la su experiencia tras migrar junto a su madre y vivir una etapa de violencia dom\u00e9stica\" \/>\n\t<meta name=\"robots\" content=\"max-snippet:-1, max-image-preview:large, max-video-preview:-1\" \/>\n\t<meta name=\"author\" content=\"Diana Batz\"\/>\n\t<link rel=\"canonical\" href=\"https:\/\/soymigrante.com\/revista\/migrante-guatemalteca-claudia-hernandez-dignifica-a-la-mujer\/\" \/>\n\t<meta name=\"generator\" content=\"All in One SEO Pro (AIOSEO) 4.9.6.2\" \/>\n\n\t\t<link rel=\"preconnect\" href=\"https:\/\/fonts.googleapis.com\" crossorigin>\n<link rel=\"preconnect\" href=\"https:\/\/fonts.gstatic.com\" crossorigin>\n\t\t<meta property=\"og:locale\" content=\"es_ES\" \/>\n\t\t<meta property=\"og:site_name\" content=\"SoyMigrante.com REVISTA \u2013 Nuestra misi\u00f3n es reconocer y dignificar al migrante.\" \/>\n\t\t<meta property=\"og:type\" content=\"article\" \/>\n\t\t<meta property=\"og:title\" content=\"Migrante guatemalteca Claudia D. Hern\u00e1ndez dignifica a las mujeres con arte y poes\u00eda\" \/>\n\t\t<meta property=\"og:description\" content=\"Claudia D. Hern\u00e1ndez migrante guatemalteca autora del libro Tejiendo la niebla relata la su experiencia tras migrar junto a su madre y vivir una etapa de violencia dom\u00e9stica\" \/>\n\t\t<meta property=\"og:url\" content=\"https:\/\/soymigrante.com\/revista\/migrante-guatemalteca-claudia-hernandez-dignifica-a-la-mujer\/\" \/>\n\t\t<meta property=\"og:image\" content=\"https:\/\/soymigrante.com\/revista\/wp-content\/uploads\/2023\/09\/clau-hern.webp\" \/>\n\t\t<meta property=\"og:image:secure_url\" content=\"https:\/\/soymigrante.com\/revista\/wp-content\/uploads\/2023\/09\/clau-hern.webp\" \/>\n\t\t<meta property=\"og:image:width\" content=\"1187\" \/>\n\t\t<meta property=\"og:image:height\" content=\"765\" \/>\n\t\t<meta property=\"article:published_time\" content=\"2023-10-09T19:40:11+00:00\" \/>\n\t\t<meta property=\"article:modified_time\" content=\"2024-07-31T03:51:23+00:00\" \/>\n\t\t<meta property=\"article:publisher\" content=\"https:\/\/www.facebook.com\/soymigrantecom\" \/>\n\t\t<meta name=\"twitter:card\" content=\"summary_large_image\" \/>\n\t\t<meta name=\"twitter:site\" content=\"@SoyMigrante_com\" \/>\n\t\t<meta name=\"twitter:title\" content=\"Migrante guatemalteca Claudia D. Hern\u00e1ndez dignifica a las mujeres con arte y poes\u00eda\" \/>\n\t\t<meta name=\"twitter:description\" content=\"Claudia D. Hern\u00e1ndez migrante guatemalteca autora del libro Tejiendo la niebla relata la su experiencia tras migrar junto a su madre y vivir una etapa de violencia dom\u00e9stica\" \/>\n\t\t<meta name=\"twitter:creator\" content=\"@SoyMigrante_com\" \/>\n\t\t<meta name=\"twitter:image\" content=\"https:\/\/soymigrante.com\/revista\/wp-content\/uploads\/2023\/09\/clau-hern.webp\" \/>\n\t\t<!-- All in One SEO Pro -->\r\n\t\t<title>Migrante guatemalteca Claudia D. Hern\u00e1ndez dignifica a las mujeres con arte y poes\u00eda<\/title>\n\n","aioseo_head_json":{"title":"Migrante guatemalteca Claudia D. Hern\u00e1ndez dignifica a las mujeres con arte y poes\u00eda","description":"Claudia D. Hern\u00e1ndez migrante guatemalteca autora del libro Tejiendo la niebla relata la su experiencia tras migrar junto a su madre y vivir una etapa de violencia dom\u00e9stica","canonical_url":"https:\/\/soymigrante.com\/revista\/migrante-guatemalteca-claudia-hernandez-dignifica-a-la-mujer\/","robots":"max-snippet:-1, max-image-preview:large, max-video-preview:-1","keywords":"","webmasterTools":{"miscellaneous":"&lt;link rel=\"preconnect\" href=\"https:\/\/fonts.googleapis.com\" crossorigin&gt;\n&lt;link rel=\"preconnect\" href=\"https:\/\/fonts.gstatic.com\" crossorigin&gt;"},"schema":null,"og:locale":"es_ES","og:site_name":"SoyMigrante.com REVISTA \u2013 Nuestra misi\u00f3n es reconocer y dignificar al migrante.","og:type":"article","og:title":"Migrante guatemalteca Claudia D. Hern\u00e1ndez dignifica a las mujeres con arte y poes\u00eda","og:description":"Claudia D. Hern\u00e1ndez migrante guatemalteca autora del libro Tejiendo la niebla relata la su experiencia tras migrar junto a su madre y vivir una etapa de violencia dom\u00e9stica","og:url":"https:\/\/soymigrante.com\/revista\/migrante-guatemalteca-claudia-hernandez-dignifica-a-la-mujer\/","og:image":"https:\/\/soymigrante.com\/revista\/wp-content\/uploads\/2023\/09\/clau-hern.webp","og:image:secure_url":"https:\/\/soymigrante.com\/revista\/wp-content\/uploads\/2023\/09\/clau-hern.webp","og:image:width":1187,"og:image:height":765,"article:published_time":"2023-10-09T19:40:11+00:00","article:modified_time":"2024-07-31T03:51:23+00:00","article:publisher":"https:\/\/www.facebook.com\/soymigrantecom","twitter:card":"summary_large_image","twitter:site":"@SoyMigrante_com","twitter:title":"Migrante guatemalteca Claudia D. Hern\u00e1ndez dignifica a las mujeres con arte y poes\u00eda","twitter:description":"Claudia D. Hern\u00e1ndez migrante guatemalteca autora del libro Tejiendo la niebla relata la su experiencia tras migrar junto a su madre y vivir una etapa de violencia dom\u00e9stica","twitter:creator":"@SoyMigrante_com","twitter:image":"https:\/\/soymigrante.com\/revista\/wp-content\/uploads\/2023\/09\/clau-hern.webp"},"aioseo_meta_data":{"post_id":"49131","title":"Escritora guatemalteca Valia Zipfel demuestra en USA su val\u00eda","description":"Escritora y conferenista guatemalteca Valia Zipfel impulsa la revaloraci\u00f3n personal y el talento de mujeres hispanas Los Angeles. Esta es su historia.","keywords":null,"keyphrases":{"focus":{"keyphrase":"Escritora","score":69,"analysis":{"keyphraseInTitle":{"score":9,"maxScore":9,"error":0},"keyphraseInDescription":{"score":9,"maxScore":9,"error":0},"keyphraseLength":{"score":9,"maxScore":9,"error":0,"length":1},"keyphraseInURL":{"score":5,"maxScore":5,"error":0},"keyphraseInIntroduction":{"score":3,"maxScore":9,"error":1},"keyphraseInSubHeadings":{"score":3,"maxScore":9,"error":1},"keyphraseInImageAlt":{"score":9,"maxScore":9,"error":0},"keywordDensity":{"score":0,"type":"low","maxScore":9,"error":1}}},"additional":[{"keyphrase":"Guatemalteca","score":100,"analysis":{"keyphraseInDescription":{"score":9,"maxScore":9,"error":0},"keyphraseLength":{"score":9,"maxScore":9,"error":0,"length":1},"keyphraseInIntroduction":{"score":9,"maxScore":9,"error":0},"keyphraseInImageAlt":{"score":9,"maxScore":9,"error":0},"keywordDensity":{"type":"best","score":9,"maxScore":9,"error":0}}}]},"primary_term":null,"canonical_url":null,"og_title":null,"og_description":null,"og_object_type":"default","og_image_type":"default","og_image_url":null,"og_image_width":null,"og_image_height":null,"og_image_custom_url":null,"og_image_custom_fields":null,"og_video":"","og_custom_url":null,"og_article_section":null,"og_article_tags":null,"twitter_use_og":false,"twitter_card":"default","twitter_image_type":"default","twitter_image_url":null,"twitter_image_custom_url":null,"twitter_image_custom_fields":null,"twitter_title":null,"twitter_description":null,"schema":{"blockGraphs":[],"customGraphs":[],"default":{"data":{"Article":[],"Course":[],"Dataset":[],"FAQPage":[],"Movie":[],"Person":[],"Product":[],"ProductReview":[],"Car":[],"Recipe":[],"Service":[],"SoftwareApplication":[],"WebPage":[]},"graphName":"NewsArticle","isEnabled":true},"graphs":[]},"schema_type":"default","schema_type_options":null,"pillar_content":false,"robots_default":true,"robots_noindex":false,"robots_noarchive":false,"robots_nosnippet":false,"robots_nofollow":false,"robots_noimageindex":false,"robots_noodp":false,"robots_notranslate":false,"robots_max_snippet":"-1","robots_max_videopreview":"-1","robots_max_imagepreview":"large","priority":null,"frequency":"default","local_seo":null,"seo_analyzer_scan_date":"2025-12-06 03:26:51","breadcrumb_settings":null,"limit_modified_date":false,"reviewed_by":"0","open_ai":null,"ai":{"faqs":[],"keyPoints":[],"titles":[],"descriptions":[],"socialPosts":{"email":[],"linkedin":[],"twitter":[],"facebook":[],"instagram":[]}},"created":"2025-12-01 14:25:03","updated":"2026-02-05 07:26:33"},"aioseo_breadcrumb":"<div class=\"aioseo-breadcrumbs\"><span class=\"aioseo-breadcrumb\">\n\t<a href=\"https:\/\/soymigrante.com\/revista\" title=\"Home\">Home<\/a>\n<\/span><span class=\"aioseo-breadcrumb-separator\">\u00bb<\/span><span class=\"aioseo-breadcrumb\">\n\t<a href=\"https:\/\/soymigrante.com\/revista\/category\/exitos\/\" title=\"\u00c9xitos\">\u00c9xitos<\/a>\n<\/span><span class=\"aioseo-breadcrumb-separator\">\u00bb<\/span><span class=\"aioseo-breadcrumb\">\n\t<a href=\"https:\/\/soymigrante.com\/revista\/category\/exitos\/guatemala\/\" title=\"Guatemala\">Guatemala<\/a>\n<\/span><span class=\"aioseo-breadcrumb-separator\">\u00bb<\/span><span class=\"aioseo-breadcrumb\">\n\tValia Zipfel demuestra en USA su val\u00eda: escritora, coach, conferencista y m\u00e1s.\n<\/span><\/div>","aioseo_breadcrumb_json":[{"label":"Home","link":"https:\/\/soymigrante.com\/revista"},{"label":"\u00c9xitos","link":"https:\/\/soymigrante.com\/revista\/category\/exitos\/"},{"label":"Guatemala","link":"https:\/\/soymigrante.com\/revista\/category\/exitos\/guatemala\/"},{"label":"Valia Zipfel demuestra en USA su val\u00eda: escritora, coach, conferencista y m\u00e1s.","link":"https:\/\/soymigrante.com\/revista\/valia-zipfel-demuestra-en-usa-su-valia-escritora-coach-conferencista-y-mas\/"}],"_links":{"self":[{"href":"https:\/\/soymigrante.com\/revista\/wp-json\/wp\/v2\/posts\/49131","targetHints":{"allow":["GET"]}}],"collection":[{"href":"https:\/\/soymigrante.com\/revista\/wp-json\/wp\/v2\/posts"}],"about":[{"href":"https:\/\/soymigrante.com\/revista\/wp-json\/wp\/v2\/types\/post"}],"author":[{"embeddable":true,"href":"https:\/\/soymigrante.com\/revista\/wp-json\/wp\/v2\/users\/7"}],"replies":[{"embeddable":true,"href":"https:\/\/soymigrante.com\/revista\/wp-json\/wp\/v2\/comments?post=49131"}],"version-history":[{"count":14,"href":"https:\/\/soymigrante.com\/revista\/wp-json\/wp\/v2\/posts\/49131\/revisions"}],"predecessor-version":[{"id":49430,"href":"https:\/\/soymigrante.com\/revista\/wp-json\/wp\/v2\/posts\/49131\/revisions\/49430"}],"wp:featuredmedia":[{"embeddable":true,"href":"https:\/\/soymigrante.com\/revista\/wp-json\/wp\/v2\/media\/49414"}],"wp:attachment":[{"href":"https:\/\/soymigrante.com\/revista\/wp-json\/wp\/v2\/media?parent=49131"}],"wp:term":[{"taxonomy":"category","embeddable":true,"href":"https:\/\/soymigrante.com\/revista\/wp-json\/wp\/v2\/categories?post=49131"},{"taxonomy":"post_tag","embeddable":true,"href":"https:\/\/soymigrante.com\/revista\/wp-json\/wp\/v2\/tags?post=49131"}],"curies":[{"name":"wp","href":"https:\/\/api.w.org\/{rel}","templated":true}]}}