{"id":49115,"date":"2025-11-30T20:33:46","date_gmt":"2025-12-01T02:33:46","guid":{"rendered":"https:\/\/soymigrante.com\/revista\/?p=49115"},"modified":"2025-12-05T23:32:52","modified_gmt":"2025-12-06T05:32:52","slug":"libro-bilingue-sobre-la-navidad-guatemalteca-disponible-gratis-en-kindle-app","status":"publish","type":"post","link":"https:\/\/soymigrante.com\/revista\/libro-bilingue-sobre-la-navidad-guatemalteca-disponible-gratis-en-kindle-app\/","title":{"rendered":"Libro biling\u00fce sobre la navidad guatemalteca disponible gratis en Kindle App"},"content":{"rendered":"\t\t<div data-elementor-type=\"wp-post\" data-elementor-id=\"49115\" class=\"elementor elementor-49115\" data-elementor-post-type=\"post\">\n\t\t\t\t<div data-particle_enable=\"false\" data-particle-mobile-disabled=\"false\" class=\"elementor-element elementor-element-55c37b8 e-flex e-con-boxed e-con e-parent\" data-id=\"55c37b8\" data-element_type=\"container\" data-e-type=\"container\">\n\t\t\t\t\t<div class=\"e-con-inner\">\n\t\t\t\t<div class=\"elementor-element elementor-element-0ab0bc9 elementor-widget elementor-widget-heading\" data-id=\"0ab0bc9\" data-element_type=\"widget\" data-e-type=\"widget\" data-widget_type=\"heading.default\">\n\t\t\t\t\t<h2 class=\"elementor-heading-title elementor-size-default\">Escritora estadounidense Erin Raxon, radicada en Guatemala es la autora de tierno y emotivo relato que valora las tradiciones y expresiones chapinas de Navidad y fin de a\u00f1o.<\/h2>\t\t\t\t<\/div>\n\t\t\t\t\t<\/div>\n\t\t\t\t<\/div>\n\t\t<div data-particle_enable=\"false\" data-particle-mobile-disabled=\"false\" class=\"elementor-element elementor-element-4b02b95 e-flex e-con-boxed e-con e-parent\" data-id=\"4b02b95\" data-element_type=\"container\" data-e-type=\"container\">\n\t\t\t\t\t<div class=\"e-con-inner\">\n\t\t\t\t<div class=\"elementor-element elementor-element-b0137cc elementor-widget elementor-widget-text-editor\" data-id=\"b0137cc\" data-element_type=\"widget\" data-e-type=\"widget\" data-widget_type=\"text-editor.default\">\n\t\t\t\t\t\t\t\t\t<p data-start=\"300\" data-end=\"775\">La escritora estadounidense <span data-start=\"328\" data-end=\"342\">Erin Rax\u00f3n<\/span>, con amplia trayectoria en temas educativos y radicada en Guatemala, lanz\u00f3 en 2024 el libro infantil\u00a0<em data-start=\"433\" data-end=\"533\"><a href=\"https:\/\/www.amazon.com\/s?i=digital-text&amp;rh=p_27%3AErin%2BRax%25C3%25B3n&amp;s=relevancerank&amp;language=es&amp;text=Erin+Rax%C3%B3n&amp;ref=dp_byline_sr_ebooks_1\">The Gift of a Traditional Guatemalan Christmas \/ El regalo de una Navidad guatemalteca tradicional<\/a><\/em>, un libro\u00a0 biling\u00fce (ingl\u00e9s\u2013espa\u00f1ol) que busca acercar las tradiciones navide\u00f1as guatemaltecas a nuevas generaciones dentro y fuera del pa\u00eds.\u00a0<\/p><p data-start=\"300\" data-end=\"775\">Se encuentra a la venta en varias librer\u00edas de<a href=\"https:\/\/soymigrante.com\/revista\/22-departamentos-de-guatemala-un-corazon-multicultural-compartido\/\"> Guatemal<\/a>a y tambi\u00e9n por Amazon. Sin embargo existe una versi\u00f3n digital\u00a0 disponible de forma gratuita para usuarios de la app\u00a0<span data-start=\"754\" data-end=\"774\">Kindle.\u00a0<\/span><\/p><p data-start=\"300\" data-end=\"775\"><span data-start=\"754\" data-end=\"774\">En esta Navidad es una excelente opci\u00f3n obsequiar <a href=\"https:\/\/soymigrante.com\/revista\/los-libros-de-carmen-alicia-tienen-alma-de-pueblo-guatemalteco-y-estan-en-mercado\/\">libros sobre tem\u00e1ticas guatemaltecas.<\/a><\/span><\/p>\t\t\t\t\t\t\t\t<\/div>\n\t\t\t\t\t<\/div>\n\t\t\t\t<\/div>\n\t\t<div data-particle_enable=\"false\" data-particle-mobile-disabled=\"false\" class=\"elementor-element elementor-element-44b769f e-flex e-con-boxed e-con e-parent\" data-id=\"44b769f\" data-element_type=\"container\" data-e-type=\"container\">\n\t\t\t\t\t<div class=\"e-con-inner\">\n\t\t\t\t<div class=\"elementor-element elementor-element-58b65b9 elementor-widget elementor-widget-image\" data-id=\"58b65b9\" data-element_type=\"widget\" data-e-type=\"widget\" data-widget_type=\"image.default\">\n\t\t\t\t\t\t\t\t\t\t\t\t<figure class=\"wp-caption\">\n\t\t\t\t\t\t\t\t\t\t<img fetchpriority=\"high\" decoding=\"async\" width=\"358\" height=\"377\" src=\"https:\/\/soymigrante.com\/revista\/wp-content\/uploads\/2025\/11\/libro-bilingue-sobre-la-navidad-guatemalteca-tradicional-3.png\" class=\"attachment-large size-large wp-image-49435\" alt=\"Con simp\u00e1ticas ilustraciones y un texto lleno de calidez y valoraci\u00f3n de las tradiciones, El Regalo de una Navidad Guatemalteca Tradicional es un vistazo motivador y muy hermoso sobre el fin de a\u00f1o en la Tierra del Quetzal. Para ir a la pagina de Amazon - Kindle, clic en la imagen.\" srcset=\"https:\/\/soymigrante.com\/revista\/wp-content\/uploads\/2025\/11\/libro-bilingue-sobre-la-navidad-guatemalteca-tradicional-3.png 358w, https:\/\/soymigrante.com\/revista\/wp-content\/uploads\/2025\/11\/libro-bilingue-sobre-la-navidad-guatemalteca-tradicional-3-285x300.png 285w\" sizes=\"(max-width: 358px) 100vw, 358px\" title=\"Con simp\u00e1ticas ilustraciones y un texto lleno de calidez y valoraci\u00f3n de las tradiciones, El Regalo de una Navidad Guatemalteca Tradicional es un vistazo motivador y muy hermoso sobre el fin de a\u00f1o en la Tierra del Quetzal. Para ir a la pagina de Amazon - Kindle, clic en la imagen. \u2013 SoyMigrante.com REVISTA\" \/>\t\t\t\t\t\t\t\t\t\t\t<figcaption class=\"widget-image-caption wp-caption-text\">Con simp\u00e1ticas ilustraciones y un texto lleno de calidez y valoraci\u00f3n de las tradiciones, El Regalo de una Navidad Guatemalteca Tradicional es un vistazo motivador y muy hermoso sobre el fin de a\u00f1o en la Tierra del Quetzal. Para ir a la pagina de Amazon - Kindle, clic en la imagen.<\/figcaption>\n\t\t\t\t\t\t\t\t\t\t<\/figure>\n\t\t\t\t\t\t\t\t\t<\/div>\n\t\t\t\t\t<\/div>\n\t\t\t\t<\/div>\n\t\t<div data-particle_enable=\"false\" data-particle-mobile-disabled=\"false\" class=\"elementor-element elementor-element-210b165 e-flex e-con-boxed e-con e-parent\" data-id=\"210b165\" data-element_type=\"container\" data-e-type=\"container\">\n\t\t\t\t\t<div class=\"e-con-inner\">\n\t\t\t\t<div class=\"elementor-element elementor-element-72fa852 elementor-widget elementor-widget-text-editor\" data-id=\"72fa852\" data-element_type=\"widget\" data-e-type=\"widget\" data-widget_type=\"text-editor.default\">\n\t\t\t\t\t\t\t\t\t<p data-start=\"300\" data-end=\"775\">El libro, ilustrado por <span data-start=\"801\" data-end=\"819\">Luis Hern\u00e1ndez<\/span> y publicado por <span data-start=\"836\" data-end=\"871\"><a href=\"https:\/\/www.vistatranquila.com\/marketplace\/p\/th-gift-worksheets\">Vista Tranquila Publishers<\/a>, <\/span>en 2024, presenta la historia de <span data-start=\"930\" data-end=\"939\">Josu\u00e9<\/span>, un ni\u00f1o guatemalteco que le muestra a su primo \u2014que llega de visita desde Estados Unidos\u2014 las costumbres propias de la \u00e9poca.<\/p><p data-start=\"300\" data-end=\"775\">El emotivo relato va pasando por escenas y <a href=\"https:\/\/soymigrante.com\/revista\/tradiciones-de-fin-de-ano-encienden-la-nostalgia-migrante\/\">vivencias guatemaltecas de fin de a\u00f1o muy valiosas<\/a>, para muchas generaciones: la tradicional &#8220;quema del diablo&#8221;, las posadas, los juegos pirot\u00e9cnicos y otros elementos que conforman el <a href=\"https:\/\/soymigrante.com\/revista\/guatemaltecos-en-ee-uu-y-canada-evocan-el-dulce-espiritu-de-la-navidad-de-su-ninez\/\">imaginario decembrino<\/a> del pa\u00eds.\u00a0<\/p>\t\t\t\t\t\t\t\t<\/div>\n\t\t\t\t\t<\/div>\n\t\t\t\t<\/div>\n\t\t<div data-particle_enable=\"false\" data-particle-mobile-disabled=\"false\" class=\"elementor-element elementor-element-380b171 e-flex e-con-boxed e-con e-parent\" data-id=\"380b171\" data-element_type=\"container\" data-e-type=\"container\">\n\t\t\t\t\t<div class=\"e-con-inner\">\n\t\t\t\t<div class=\"elementor-element elementor-element-9de47a9 elementor-widget elementor-widget-image\" data-id=\"9de47a9\" data-element_type=\"widget\" data-e-type=\"widget\" data-widget_type=\"image.default\">\n\t\t\t\t\t\t\t\t\t\t\t\t<figure class=\"wp-caption\">\n\t\t\t\t\t\t\t\t\t\t<img decoding=\"async\" width=\"1002\" height=\"542\" src=\"https:\/\/soymigrante.com\/revista\/wp-content\/uploads\/2025\/11\/libro-kindle-la-navidad.png\" class=\"attachment-large size-large wp-image-49436\" alt=\"Las ilustraciones no solo son coloridas sino que muestran la alegr\u00eda, luz y uni\u00f3n que motivan las fiestas decembrinas en Guatemala, complementadas con textos en ingl\u00e9s y espa\u00f1ol.\" srcset=\"https:\/\/soymigrante.com\/revista\/wp-content\/uploads\/2025\/11\/libro-kindle-la-navidad.png 1002w, https:\/\/soymigrante.com\/revista\/wp-content\/uploads\/2025\/11\/libro-kindle-la-navidad-300x162.png 300w, https:\/\/soymigrante.com\/revista\/wp-content\/uploads\/2025\/11\/libro-kindle-la-navidad-768x415.png 768w, https:\/\/soymigrante.com\/revista\/wp-content\/uploads\/2025\/11\/libro-kindle-la-navidad-750x406.png 750w\" sizes=\"(max-width: 1002px) 100vw, 1002px\" title=\"Las ilustraciones no solo son coloridas sino que muestran la alegr\u00eda, luz y uni\u00f3n que motivan las fiestas decembrinas en Guatemala, complementadas con textos en ingl\u00e9s y espa\u00f1ol. \u2013 SoyMigrante.com REVISTA\" \/>\t\t\t\t\t\t\t\t\t\t\t<figcaption class=\"widget-image-caption wp-caption-text\">Las ilustraciones no solo son coloridas sino que muestran la alegr\u00eda, luz y uni\u00f3n que motivan las fiestas decembrinas en Guatemala, complementadas con textos en ingl\u00e9s y espa\u00f1ol.\n<\/figcaption>\n\t\t\t\t\t\t\t\t\t\t<\/figure>\n\t\t\t\t\t\t\t\t\t<\/div>\n\t\t\t\t\t<\/div>\n\t\t\t\t<\/div>\n\t\t<div data-particle_enable=\"false\" data-particle-mobile-disabled=\"false\" class=\"elementor-element elementor-element-d6aae7a e-flex e-con-boxed e-con e-parent\" data-id=\"d6aae7a\" data-element_type=\"container\" data-e-type=\"container\">\n\t\t\t\t\t<div class=\"e-con-inner\">\n\t\t\t\t<div class=\"elementor-element elementor-element-c45d259 elementor-widget elementor-widget-text-editor\" data-id=\"c45d259\" data-element_type=\"widget\" data-e-type=\"widget\" data-widget_type=\"text-editor.default\">\n\t\t\t\t\t\t\t\t\t<p data-start=\"300\" data-end=\"775\">El tono accesible y las ilustraciones detalladas y coloridas convierten el volumen en una herramienta de aprendizaje intercultural, especialmente \u00fatil para ni\u00f1os que est\u00e1n aprendiendo ingl\u00e9s o espa\u00f1ol, as\u00ed como un obsequio navide\u00f1o ideal para hijos de migrantes guatemaltecos que ese encuentran en Estados Unidos.\u00a0<\/p><p data-start=\"300\" data-end=\"775\">Aunque esta obra marc\u00f3 su debut como autora publicada, Rax\u00f3n ya hab\u00eda trabajado en temas relacionados con Guatemala. En 2015 elabor\u00f3 una tesis en Hamline University centrada en estrategias efectivas para la ense\u00f1anza del ingl\u00e9s a profesionales guatemaltecos, lo que evidencia una relaci\u00f3n previa con el pa\u00eds y con su contexto socioling\u00fc\u00edstico.<\/p>\t\t\t\t\t\t\t\t<\/div>\n\t\t\t\t\t<\/div>\n\t\t\t\t<\/div>\n\t\t<div data-particle_enable=\"false\" data-particle-mobile-disabled=\"false\" class=\"elementor-element elementor-element-07d724d e-flex e-con-boxed e-con e-parent\" data-id=\"07d724d\" data-element_type=\"container\" data-e-type=\"container\">\n\t\t\t\t\t<div class=\"e-con-inner\">\n\t\t\t\t<div class=\"elementor-element elementor-element-56febcd elementor-widget elementor-widget-image\" data-id=\"56febcd\" data-element_type=\"widget\" data-e-type=\"widget\" data-widget_type=\"image.default\">\n\t\t\t\t\t\t\t\t\t\t\t\t<figure class=\"wp-caption\">\n\t\t\t\t\t\t\t\t\t\t\t<a href=\"https:\/\/www.vistatranquila.com\/marketplace\/p\/th-gift-worksheets\">\n\t\t\t\t\t\t\t<img decoding=\"async\" width=\"434\" height=\"431\" src=\"https:\/\/soymigrante.com\/revista\/wp-content\/uploads\/2025\/11\/Captura-de-pantalla-2025-11-29-084222.png\" class=\"attachment-large size-large wp-image-49438\" alt=\"El bell\u00edsimo libro infantil de Erin Rax\u00f3n, escritora estadounidense gan\u00f3 una menci\u00f3n honor\u00edfica en el International Latino Book Awards en la categor\u00eda Inspiracional. Adem\u00e1s la editorial Vista Tranquila, que lo public\u00f3, tiene hojas de trabajo digitales gratuitas en su sitio.\" srcset=\"https:\/\/soymigrante.com\/revista\/wp-content\/uploads\/2025\/11\/Captura-de-pantalla-2025-11-29-084222.png 434w, https:\/\/soymigrante.com\/revista\/wp-content\/uploads\/2025\/11\/Captura-de-pantalla-2025-11-29-084222-300x298.png 300w, https:\/\/soymigrante.com\/revista\/wp-content\/uploads\/2025\/11\/Captura-de-pantalla-2025-11-29-084222-150x150.png 150w, https:\/\/soymigrante.com\/revista\/wp-content\/uploads\/2025\/11\/Captura-de-pantalla-2025-11-29-084222-75x75.png 75w\" sizes=\"(max-width: 434px) 100vw, 434px\" title=\"El bell\u00edsimo libro infantil de Erin Rax\u00f3n, escritora estadounidense gan\u00f3 una menci\u00f3n honor\u00edfica en el International Latino Book Awards en la categor\u00eda Inspiracional. Adem\u00e1s la editorial Vista Tranquila, que lo public\u00f3, tiene hojas de trabajo digitales gratuitas en su sitio. \u2013 SoyMigrante.com REVISTA\" \/>\t\t\t\t\t\t\t\t<\/a>\n\t\t\t\t\t\t\t\t\t\t\t<figcaption class=\"widget-image-caption wp-caption-text\">El bell\u00edsimo libro infantil de Erin Rax\u00f3n, escritora estadounidense gan\u00f3 una menci\u00f3n honor\u00edfica en el International Latino Book Awards en la categor\u00eda Inspiracional. Adem\u00e1s la editorial Vista Tranquila, que lo public\u00f3, tiene hojas de trabajo digitales gratuitas en su sitio.<\/figcaption>\n\t\t\t\t\t\t\t\t\t\t<\/figure>\n\t\t\t\t\t\t\t\t\t<\/div>\n\t\t\t\t\t<\/div>\n\t\t\t\t<\/div>\n\t\t<div data-particle_enable=\"false\" data-particle-mobile-disabled=\"false\" class=\"elementor-element elementor-element-fcbbbce e-flex e-con-boxed e-con e-parent\" data-id=\"fcbbbce\" data-element_type=\"container\" data-e-type=\"container\">\n\t\t\t\t\t<div class=\"e-con-inner\">\n\t\t\t\t<div class=\"elementor-element elementor-element-e085ed6 elementor-widget elementor-widget-text-editor\" data-id=\"e085ed6\" data-element_type=\"widget\" data-e-type=\"widget\" data-widget_type=\"text-editor.default\">\n\t\t\t\t\t\t\t\t\t<p data-start=\"300\" data-end=\"775\">La edici\u00f3n impresa del libro est\u00e1 disponible en librer\u00edas de Guatemala y Estados Unidos, mientras que la <span data-start=\"1839\" data-end=\"1920\">edici\u00f3n digital puede leerse sin costo adicional a trav\u00e9s de Kindle Unlimited<\/span>, lo que ampl\u00eda su alcance entre familias migrantes y lectores interesados en la cultura guatemalteca. Para poder visualizar gratuitamente el libro con <a href=\"https:\/\/www.amazon.com\/s?k=app+kindle+pc&amp;language=es_US&amp;adgrpid=153802194466&amp;hvadid=690392240288&amp;hvdev=c&amp;hvlocphy=9077344&amp;hvnetw=g&amp;hvqmt=b&amp;hvrand=894019766762320224&amp;hvtargid=kwd-316859491867&amp;hydadcr=22786_13700764&amp;mcid=72be620c8df431cd9211ebb07ff7080f&amp;tag=txscdpesrow-20&amp;ref=pd_sl_2cfnt3jufm_b\">dicha App <\/a>se necesita una cuenta activa de Amazon.<\/p><p data-start=\"2024\" data-end=\"2255\">Con un enfoque c\u00e1lido y celebratorio, <em data-start=\"2062\" data-end=\"2110\">The Gift of a Traditional Guatemalan Christmas<\/em> se suma a las obras que buscan preservar y difundir las tradiciones guatemaltecas, especialmente entre las comunidades que viven fuera del pa\u00eds.<\/p>\t\t\t\t\t\t\t\t<\/div>\n\t\t\t\t\t<\/div>\n\t\t\t\t<\/div>\n\t\t<div data-particle_enable=\"false\" data-particle-mobile-disabled=\"false\" class=\"elementor-element elementor-element-df7aac8 e-flex e-con-boxed e-con e-parent\" data-id=\"df7aac8\" data-element_type=\"container\" data-e-type=\"container\">\n\t\t\t\t\t<div class=\"e-con-inner\">\n\t\t\t\t<div class=\"elementor-element elementor-element-9710c6a elementor-widget elementor-widget-heading\" data-id=\"9710c6a\" data-element_type=\"widget\" data-e-type=\"widget\" data-widget_type=\"heading.default\">\n\t\t\t\t\t<h2 class=\"elementor-heading-title elementor-size-default\">M\u00e1s opciones de libros muy guatemaltecos<\/h2>\t\t\t\t<\/div>\n\t\t\t\t\t<\/div>\n\t\t\t\t<\/div>\n\t\t<div data-particle_enable=\"false\" data-particle-mobile-disabled=\"false\" class=\"elementor-element elementor-element-98a51ad e-flex e-con-boxed e-con e-parent\" data-id=\"98a51ad\" data-element_type=\"container\" data-e-type=\"container\">\n\t\t\t\t\t<div class=\"e-con-inner\">\n\t\t\t\t<div class=\"elementor-element elementor-element-d985784 elementor-grid-eael-col-3 elementor-grid-tablet-eael-col-2 elementor-grid-mobile-eael-col-1 elementor-widget elementor-widget-eael-post-grid\" data-id=\"d985784\" data-element_type=\"widget\" data-e-type=\"widget\" data-settings=\"{&quot;eael_post_grid_columns&quot;:&quot;eael-col-3&quot;,&quot;eael_post_grid_columns_tablet&quot;:&quot;eael-col-2&quot;,&quot;eael_post_grid_columns_mobile&quot;:&quot;eael-col-1&quot;}\" data-widget_type=\"eael-post-grid.default\">\n\t\t\t\t\t<div id=\"eael-post-grid-d985784\" class=\"eael-post-grid-container\">\n            <div class=\"eael-post-grid eael-post-appender eael-post-appender-d985784 eael-post-grid-style-one\" data-layout-mode=\"masonry\"><article class=\"eael-grid-post  eael-post-grid-column eael-pg-post-21793 category-guate-nuestra tags-mercado-emprendedores\" data-id=\"21793\">\n        <div class=\"eael-grid-post-holder\">\n            <div class=\"eael-grid-post-holder-inner\"><div class=\"eael-entry-media\"><div class=\"eael-entry-overlay fade-in\"><i class=\"far fa-hand-pointer\" aria-hidden=\"true\"><\/i><a href=\"https:\/\/soymigrante.com\/revista\/alan-tenenbaum-es-ejemplo-de-resiliencia-voluntad-y-superacion-sus-libros-estan-en-mercado\/\"><\/a><\/div><div class=\"eael-entry-thumbnail eael-image-ratio\">\n                <img loading=\"lazy\" decoding=\"async\" width=\"685\" height=\"1024\" src=\"https:\/\/soymigrante.com\/revista\/wp-content\/uploads\/2025\/01\/Alan-1-685x1024.jpeg\" class=\"attachment-large size-large wp-image-21795\" alt=\"Libro &quot;En una silla de morfeo&quot; del autor Alan Terenbaum, mostrando diversidad e inclusi\u00f3n en la literatura, con decoraciones coloridas y fondos de libros en una sala acogedora.\" srcset=\"https:\/\/soymigrante.com\/revista\/wp-content\/uploads\/2025\/01\/Alan-1-685x1024.jpeg 685w, https:\/\/soymigrante.com\/revista\/wp-content\/uploads\/2025\/01\/Alan-1-201x300.jpeg 201w, https:\/\/soymigrante.com\/revista\/wp-content\/uploads\/2025\/01\/Alan-1-768x1148.jpeg 768w, https:\/\/soymigrante.com\/revista\/wp-content\/uploads\/2025\/01\/Alan-1-1027x1536.jpeg 1027w, https:\/\/soymigrante.com\/revista\/wp-content\/uploads\/2025\/01\/Alan-1-750x1121.webp 750w, https:\/\/soymigrante.com\/revista\/wp-content\/uploads\/2025\/01\/Alan-1.webp 1070w\" sizes=\"(max-width: 685px) 100vw, 685px\" \/>\n            <\/div>\n        <\/div><div class=\"eael-entry-wrapper\"><header class=\"eael-entry-header\"><h2 class=\"eael-entry-title\"><a class=\"eael-grid-post-link\" href=\"https:\/\/soymigrante.com\/revista\/alan-tenenbaum-es-ejemplo-de-resiliencia-voluntad-y-superacion-sus-libros-estan-en-mercado\/\" title=\"Los libros de Alan Tenembaum animan a lograr lo imposible y ahora est\u00e1n en SoyMigrante.com MERCADO\">Los libros de Alan Tenembaum animan a lograr lo imposible y ahora est\u00e1n en SoyMigrante.com MERCADO<\/a><\/h2><\/header><div class=\"eael-entry-content\">\n                        <div class=\"eael-grid-post-excerpt\"><a href=\"https:\/\/soymigrante.com\/revista\/alan-tenenbaum-es-ejemplo-de-resiliencia-voluntad-y-superacion-sus-libros-estan-en-mercado\/\" class=\"eael-post-elements-readmore-btn\">CONOCE SU HISTORIA <\/a><\/div>\n                    <\/div><\/div><\/div>\n        <\/div>\n    <\/article><article class=\"eael-grid-post  eael-post-grid-column eael-pg-post-23097 category-guate-nuestra tags-mercado-emprendedores\" data-id=\"23097\">\n        <div class=\"eael-grid-post-holder\">\n            <div class=\"eael-grid-post-holder-inner\"><div class=\"eael-entry-media\"><div class=\"eael-entry-overlay fade-in\"><i class=\"far fa-hand-pointer\" aria-hidden=\"true\"><\/i><a href=\"https:\/\/soymigrante.com\/revista\/mafer-jimenez-escritora-voluntad-guatemalteca-libros-motivacion-mercado\/\"><\/a><\/div><div class=\"eael-entry-thumbnail eael-image-ratio\">\n                <img loading=\"lazy\" decoding=\"async\" width=\"1024\" height=\"1024\" src=\"https:\/\/soymigrante.com\/revista\/wp-content\/uploads\/2025\/01\/MAFER-JIMENEZ-1-1024x1024.jpg\" class=\"attachment-large size-large wp-image-23161\" alt=\"\u00e1rea de personas con discapacidad mostrando libros de la revista SoyMigrante.com REVISTA en una rueda de personas con discapacidad, promoviendo derechos e inclusi\u00f3n en temas migratorios en M\u00e9xico.\" srcset=\"https:\/\/soymigrante.com\/revista\/wp-content\/uploads\/2025\/01\/MAFER-JIMENEZ-1-1024x1024.jpg 1024w, https:\/\/soymigrante.com\/revista\/wp-content\/uploads\/2025\/01\/MAFER-JIMENEZ-1-300x300.jpg 300w, https:\/\/soymigrante.com\/revista\/wp-content\/uploads\/2025\/01\/MAFER-JIMENEZ-1-150x150.jpg 150w, https:\/\/soymigrante.com\/revista\/wp-content\/uploads\/2025\/01\/MAFER-JIMENEZ-1-768x768.jpg 768w, https:\/\/soymigrante.com\/revista\/wp-content\/uploads\/2025\/01\/MAFER-JIMENEZ-1-75x75.webp 75w, https:\/\/soymigrante.com\/revista\/wp-content\/uploads\/2025\/01\/MAFER-JIMENEZ-1-750x750.webp 750w, https:\/\/soymigrante.com\/revista\/wp-content\/uploads\/2025\/01\/MAFER-JIMENEZ-1-1140x1140.webp 1140w, https:\/\/soymigrante.com\/revista\/wp-content\/uploads\/2025\/01\/MAFER-JIMENEZ-1.webp 1308w\" sizes=\"(max-width: 1024px) 100vw, 1024px\" \/>\n            <\/div>\n        <\/div><div class=\"eael-entry-wrapper\"><header class=\"eael-entry-header\"><h2 class=\"eael-entry-title\"><a class=\"eael-grid-post-link\" href=\"https:\/\/soymigrante.com\/revista\/mafer-jimenez-escritora-voluntad-guatemalteca-libros-motivacion-mercado\/\" title=\"Mafer Jim\u00e9nez: una mente maravillosa y voluntad sin l\u00edmites. Sus libros ahora est\u00e1n en MERCADO\">Mafer Jim\u00e9nez: una mente maravillosa y voluntad sin l\u00edmites. Sus libros ahora est\u00e1n en MERCADO<\/a><\/h2><\/header><div class=\"eael-entry-content\">\n                        <div class=\"eael-grid-post-excerpt\"><a href=\"https:\/\/soymigrante.com\/revista\/mafer-jimenez-escritora-voluntad-guatemalteca-libros-motivacion-mercado\/\" class=\"eael-post-elements-readmore-btn\">CONOCE SU HISTORIA <\/a><\/div>\n                    <\/div><\/div><\/div>\n        <\/div>\n    <\/article><article class=\"eael-grid-post  eael-post-grid-column eael-pg-post-10466 category-guate-nuestra tags-mercado-emprendedores\" data-id=\"10466\">\n        <div class=\"eael-grid-post-holder\">\n            <div class=\"eael-grid-post-holder-inner\"><div class=\"eael-entry-media\"><div class=\"eael-entry-overlay fade-in\"><i class=\"far fa-hand-pointer\" aria-hidden=\"true\"><\/i><a href=\"https:\/\/soymigrante.com\/revista\/escritor-manuel-orantes-alvarez-confecciona-relatos-que-invitan-al-cambio\/\"><\/a><\/div><div class=\"eael-entry-thumbnail eael-image-ratio\">\n                <img loading=\"lazy\" decoding=\"async\" width=\"860\" height=\"860\" src=\"https:\/\/soymigrante.com\/revista\/wp-content\/uploads\/2024\/10\/manuel-orantes-guatemalteco-escritor-migrante-3.webp\" class=\"attachment-large size-large wp-image-10542\" alt=\"Discurso de migrante latinoamericano en parque p\u00fablico, promoviendo integraci\u00f3n y cultura, con libro en mano, vestido con camiseta azul y sombrero colorido.\" srcset=\"https:\/\/soymigrante.com\/revista\/wp-content\/uploads\/2024\/10\/manuel-orantes-guatemalteco-escritor-migrante-3.webp 860w, https:\/\/soymigrante.com\/revista\/wp-content\/uploads\/2024\/10\/manuel-orantes-guatemalteco-escritor-migrante-3-300x300.webp 300w, https:\/\/soymigrante.com\/revista\/wp-content\/uploads\/2024\/10\/manuel-orantes-guatemalteco-escritor-migrante-3-150x150.webp 150w, https:\/\/soymigrante.com\/revista\/wp-content\/uploads\/2024\/10\/manuel-orantes-guatemalteco-escritor-migrante-3-768x768.webp 768w, https:\/\/soymigrante.com\/revista\/wp-content\/uploads\/2024\/10\/manuel-orantes-guatemalteco-escritor-migrante-3-75x75.webp 75w, https:\/\/soymigrante.com\/revista\/wp-content\/uploads\/2024\/10\/manuel-orantes-guatemalteco-escritor-migrante-3-750x750.webp 750w\" sizes=\"(max-width: 860px) 100vw, 860px\" \/>\n            <\/div>\n        <\/div><div class=\"eael-entry-wrapper\"><header class=\"eael-entry-header\"><h2 class=\"eael-entry-title\"><a class=\"eael-grid-post-link\" href=\"https:\/\/soymigrante.com\/revista\/escritor-manuel-orantes-alvarez-confecciona-relatos-que-invitan-al-cambio\/\" title=\"Escritor Manuel Orantes-\u00c1lvarez crea relatos que invitan a la transformaci\u00f3n personal\">Escritor Manuel Orantes-\u00c1lvarez crea relatos que invitan a la transformaci\u00f3n personal<\/a><\/h2><\/header><div class=\"eael-entry-content\">\n                        <div class=\"eael-grid-post-excerpt\"><a href=\"https:\/\/soymigrante.com\/revista\/escritor-manuel-orantes-alvarez-confecciona-relatos-que-invitan-al-cambio\/\" class=\"eael-post-elements-readmore-btn\">CONOCE SU HISTORIA <\/a><\/div>\n                    <\/div><\/div><\/div>\n        <\/div>\n    <\/article><\/div>\n            <div class=\"clearfix\"><\/div>\n        <\/div>\t\t\t\t<\/div>\n\t\t\t\t\t<\/div>\n\t\t\t\t<\/div>\n\t\t\t\t<\/div>\n\t\t","protected":false},"excerpt":{"rendered":"<p>Escritora estadounidense Erin Raxon, radicada en Guatemala es la autora de tierno y emotivo relato que valora las tradiciones y expresiones chapinas de Navidad y fin de a\u00f1o. La escritora estadounidense Erin Rax\u00f3n, con amplia trayectoria en temas educativos y radicada en Guatemala, lanz\u00f3 en 2024 el libro infantil\u00a0The Gift of a Traditional Guatemalan Christmas [&hellip;]<\/p>\n","protected":false},"author":7,"featured_media":49432,"comment_status":"open","ping_status":"open","sticky":false,"template":"","format":"standard","meta":{"_acf_changed":false,"_eb_attr":"","footnotes":""},"categories":[91,58],"tags":[],"class_list":["post-49115","post","type-post","status-publish","format-standard","has-post-thumbnail","hentry","category-arte-cultura","category-guate-nuestra"],"acf":[],"aioseo_notices":[],"aioseo_head":"\n\t\t<!-- All in One SEO Pro 4.9.6.2 - aioseo.com -->\n\t<meta name=\"description\" content=\"Escritor guatemalteco Carlos Orantes-\u00c1lvarez fue migrante en EE.UU. y vendr\u00e1 su libro Historia de un amor expatriado en SoyMigrante.comMERCADO.\" \/>\n\t<meta name=\"robots\" content=\"max-snippet:-1, max-image-preview:large, max-video-preview:-1\" \/>\n\t<meta name=\"author\" content=\"Gustavo Montenegro\"\/>\n\t<link rel=\"canonical\" href=\"https:\/\/soymigrante.com\/revista\/escritor-manuel-orantes-alvarez-confecciona-relatos-que-invitan-al-cambio\/\" \/>\n\t<meta name=\"generator\" content=\"All in One SEO Pro (AIOSEO) 4.9.6.2\" \/>\n\n\t\t<link rel=\"preconnect\" href=\"https:\/\/fonts.googleapis.com\" crossorigin>\n<link rel=\"preconnect\" href=\"https:\/\/fonts.gstatic.com\" crossorigin>\n\t\t<meta property=\"og:locale\" content=\"es_ES\" \/>\n\t\t<meta property=\"og:site_name\" content=\"SoyMigrante.com REVISTA \u2013 Nuestra misi\u00f3n es reconocer y dignificar al migrante.\" \/>\n\t\t<meta property=\"og:type\" content=\"article\" \/>\n\t\t<meta property=\"og:title\" content=\"Escritor Manuel Orantes-\u00c1lvarez crea relatos de transformaci\u00f3n\" \/>\n\t\t<meta property=\"og:description\" content=\"Escritor guatemalteco Carlos Orantes-\u00c1lvarez fue migrante en EE.UU. y vendr\u00e1 su libro Historia de un amor expatriado en SoyMigrante.comMERCADO.\" \/>\n\t\t<meta property=\"og:url\" content=\"https:\/\/soymigrante.com\/revista\/escritor-manuel-orantes-alvarez-confecciona-relatos-que-invitan-al-cambio\/\" \/>\n\t\t<meta property=\"og:image\" content=\"https:\/\/soymigrante.com\/revista\/wp-content\/uploads\/2024\/10\/manuel-orantes-guatemalteco-escritor-migrante-3.webp\" \/>\n\t\t<meta property=\"og:image:secure_url\" content=\"https:\/\/soymigrante.com\/revista\/wp-content\/uploads\/2024\/10\/manuel-orantes-guatemalteco-escritor-migrante-3.webp\" \/>\n\t\t<meta property=\"og:image:width\" content=\"860\" \/>\n\t\t<meta property=\"og:image:height\" content=\"860\" \/>\n\t\t<meta property=\"article:published_time\" content=\"2024-10-18T18:15:26+00:00\" \/>\n\t\t<meta property=\"article:modified_time\" content=\"2025-01-21T20:21:48+00:00\" \/>\n\t\t<meta property=\"article:publisher\" content=\"https:\/\/www.facebook.com\/soymigrantecom\" \/>\n\t\t<meta name=\"twitter:card\" content=\"summary_large_image\" \/>\n\t\t<meta name=\"twitter:site\" content=\"@SoyMigrante_com\" \/>\n\t\t<meta name=\"twitter:title\" content=\"Escritor Manuel Orantes-\u00c1lvarez crea relatos de transformaci\u00f3n\" \/>\n\t\t<meta name=\"twitter:description\" content=\"Escritor guatemalteco Carlos Orantes-\u00c1lvarez fue migrante en EE.UU. y vendr\u00e1 su libro Historia de un amor expatriado en SoyMigrante.comMERCADO.\" \/>\n\t\t<meta name=\"twitter:creator\" content=\"@SoyMigrante_com\" \/>\n\t\t<meta name=\"twitter:image\" content=\"https:\/\/soymigrante.com\/revista\/wp-content\/uploads\/2024\/10\/manuel-orantes-guatemalteco-escritor-migrante-3.webp\" \/>\n\t\t<!-- All in One SEO Pro -->\r\n\t\t<title>Escritor Manuel Orantes-\u00c1lvarez crea relatos de transformaci\u00f3n<\/title>\n\n","aioseo_head_json":{"title":"Escritor Manuel Orantes-\u00c1lvarez crea relatos de transformaci\u00f3n","description":"Escritor guatemalteco Carlos Orantes-\u00c1lvarez fue migrante en EE.UU. y vendr\u00e1 su libro Historia de un amor expatriado en SoyMigrante.comMERCADO.","canonical_url":"https:\/\/soymigrante.com\/revista\/escritor-manuel-orantes-alvarez-confecciona-relatos-que-invitan-al-cambio\/","robots":"max-snippet:-1, max-image-preview:large, max-video-preview:-1","keywords":"","webmasterTools":{"miscellaneous":"&lt;link rel=\"preconnect\" href=\"https:\/\/fonts.googleapis.com\" crossorigin&gt;\n&lt;link rel=\"preconnect\" href=\"https:\/\/fonts.gstatic.com\" crossorigin&gt;"},"schema":null,"og:locale":"es_ES","og:site_name":"SoyMigrante.com REVISTA \u2013 Nuestra misi\u00f3n es reconocer y dignificar al migrante.","og:type":"article","og:title":"Escritor Manuel Orantes-\u00c1lvarez crea relatos de transformaci\u00f3n","og:description":"Escritor guatemalteco Carlos Orantes-\u00c1lvarez fue migrante en EE.UU. y vendr\u00e1 su libro Historia de un amor expatriado en SoyMigrante.comMERCADO.","og:url":"https:\/\/soymigrante.com\/revista\/escritor-manuel-orantes-alvarez-confecciona-relatos-que-invitan-al-cambio\/","og:image":"https:\/\/soymigrante.com\/revista\/wp-content\/uploads\/2024\/10\/manuel-orantes-guatemalteco-escritor-migrante-3.webp","og:image:secure_url":"https:\/\/soymigrante.com\/revista\/wp-content\/uploads\/2024\/10\/manuel-orantes-guatemalteco-escritor-migrante-3.webp","og:image:width":860,"og:image:height":860,"article:published_time":"2024-10-18T18:15:26+00:00","article:modified_time":"2025-01-21T20:21:48+00:00","article:publisher":"https:\/\/www.facebook.com\/soymigrantecom","twitter:card":"summary_large_image","twitter:site":"@SoyMigrante_com","twitter:title":"Escritor Manuel Orantes-\u00c1lvarez crea relatos de transformaci\u00f3n","twitter:description":"Escritor guatemalteco Carlos Orantes-\u00c1lvarez fue migrante en EE.UU. y vendr\u00e1 su libro Historia de un amor expatriado en SoyMigrante.comMERCADO.","twitter:creator":"@SoyMigrante_com","twitter:image":"https:\/\/soymigrante.com\/revista\/wp-content\/uploads\/2024\/10\/manuel-orantes-guatemalteco-escritor-migrante-3.webp"},"aioseo_meta_data":{"post_id":"49115","title":"Libro biling\u00fce sobre la Navidad chapina gratis en app Kindle","description":"El regalo de una navidad guatemalteca, de la autora Erin Rax\u00f3n, en ingl\u00e9s-espa\u00f1ol a la venta en Amazon pero a trav\u00e9s de Kindle App se puede ver gratuitamente.","keywords":null,"keyphrases":{"focus":{"keyphrase":"Libro","score":82,"analysis":{"keyphraseInTitle":{"score":9,"maxScore":9,"error":0},"keyphraseInDescription":{"score":3,"maxScore":9,"error":1},"keyphraseLength":{"score":9,"maxScore":9,"error":0,"length":1},"keyphraseInURL":{"score":5,"maxScore":5,"error":0},"keyphraseInIntroduction":{"score":9,"maxScore":9,"error":0},"keyphraseInSubHeadings":{"score":3,"maxScore":9,"error":1},"keyphraseInImageAlt":{"score":9,"maxScore":9,"error":0},"keywordDensity":{"type":"best","score":9,"maxScore":9,"error":0}}},"additional":[{"keyphrase":"Guatemalteca","score":100,"analysis":{"keyphraseInDescription":{"score":9,"maxScore":9,"error":0},"keyphraseLength":{"score":9,"maxScore":9,"error":0,"length":1},"keyphraseInIntroduction":{"score":9,"maxScore":9,"error":0},"keyphraseInImageAlt":{"score":9,"maxScore":9,"error":0},"keywordDensity":{"type":"best","score":9,"maxScore":9,"error":0}}}]},"primary_term":null,"canonical_url":null,"og_title":null,"og_description":null,"og_object_type":"default","og_image_type":"default","og_image_url":null,"og_image_width":null,"og_image_height":null,"og_image_custom_url":null,"og_image_custom_fields":null,"og_video":"","og_custom_url":null,"og_article_section":null,"og_article_tags":null,"twitter_use_og":false,"twitter_card":"default","twitter_image_type":"default","twitter_image_url":null,"twitter_image_custom_url":null,"twitter_image_custom_fields":null,"twitter_title":null,"twitter_description":null,"schema":{"blockGraphs":[],"customGraphs":[],"default":{"data":{"Article":[],"Course":[],"Dataset":[],"FAQPage":[],"Movie":[],"Person":[],"Product":[],"ProductReview":[],"Car":[],"Recipe":[],"Service":[],"SoftwareApplication":[],"WebPage":[]},"graphName":"NewsArticle","isEnabled":true},"graphs":[]},"schema_type":"default","schema_type_options":null,"pillar_content":false,"robots_default":true,"robots_noindex":false,"robots_noarchive":false,"robots_nosnippet":false,"robots_nofollow":false,"robots_noimageindex":false,"robots_noodp":false,"robots_notranslate":false,"robots_max_snippet":"-1","robots_max_videopreview":"-1","robots_max_imagepreview":"large","priority":null,"frequency":"default","local_seo":null,"seo_analyzer_scan_date":"2025-12-06 05:33:08","breadcrumb_settings":null,"limit_modified_date":false,"reviewed_by":"0","open_ai":null,"ai":{"faqs":[],"keyPoints":[],"titles":[],"descriptions":[],"socialPosts":{"email":[],"linkedin":[],"twitter":[],"facebook":[],"instagram":[]}},"created":"2025-12-01 02:03:58","updated":"2026-02-05 07:26:33"},"aioseo_breadcrumb":"<div class=\"aioseo-breadcrumbs\"><span class=\"aioseo-breadcrumb\">\n\t<a href=\"https:\/\/soymigrante.com\/revista\" title=\"Home\">Home<\/a>\n<\/span><span class=\"aioseo-breadcrumb-separator\">\u00bb<\/span><span class=\"aioseo-breadcrumb\">\n\t<a href=\"https:\/\/soymigrante.com\/revista\/category\/guate-nuestra\/\" title=\"Guate Nuestra\">Guate Nuestra<\/a>\n<\/span><span class=\"aioseo-breadcrumb-separator\">\u00bb<\/span><span class=\"aioseo-breadcrumb\">\n\t<a href=\"https:\/\/soymigrante.com\/revista\/category\/guate-nuestra\/arte-cultura\/\" title=\"Cultura de Guatemala\">Cultura de Guatemala<\/a>\n<\/span><span class=\"aioseo-breadcrumb-separator\">\u00bb<\/span><span class=\"aioseo-breadcrumb\">\n\tLibro biling\u00fce sobre la navidad guatemalteca disponible gratis en Kindle App\n<\/span><\/div>","aioseo_breadcrumb_json":[{"label":"Home","link":"https:\/\/soymigrante.com\/revista"},{"label":"Guate Nuestra","link":"https:\/\/soymigrante.com\/revista\/category\/guate-nuestra\/"},{"label":"Cultura de Guatemala","link":"https:\/\/soymigrante.com\/revista\/category\/guate-nuestra\/arte-cultura\/"},{"label":"Libro biling\u00fce sobre la navidad guatemalteca disponible gratis en Kindle App","link":"https:\/\/soymigrante.com\/revista\/libro-bilingue-sobre-la-navidad-guatemalteca-disponible-gratis-en-kindle-app\/"}],"_links":{"self":[{"href":"https:\/\/soymigrante.com\/revista\/wp-json\/wp\/v2\/posts\/49115","targetHints":{"allow":["GET"]}}],"collection":[{"href":"https:\/\/soymigrante.com\/revista\/wp-json\/wp\/v2\/posts"}],"about":[{"href":"https:\/\/soymigrante.com\/revista\/wp-json\/wp\/v2\/types\/post"}],"author":[{"embeddable":true,"href":"https:\/\/soymigrante.com\/revista\/wp-json\/wp\/v2\/users\/7"}],"replies":[{"embeddable":true,"href":"https:\/\/soymigrante.com\/revista\/wp-json\/wp\/v2\/comments?post=49115"}],"version-history":[{"count":14,"href":"https:\/\/soymigrante.com\/revista\/wp-json\/wp\/v2\/posts\/49115\/revisions"}],"predecessor-version":[{"id":49441,"href":"https:\/\/soymigrante.com\/revista\/wp-json\/wp\/v2\/posts\/49115\/revisions\/49441"}],"wp:featuredmedia":[{"embeddable":true,"href":"https:\/\/soymigrante.com\/revista\/wp-json\/wp\/v2\/media\/49432"}],"wp:attachment":[{"href":"https:\/\/soymigrante.com\/revista\/wp-json\/wp\/v2\/media?parent=49115"}],"wp:term":[{"taxonomy":"category","embeddable":true,"href":"https:\/\/soymigrante.com\/revista\/wp-json\/wp\/v2\/categories?post=49115"},{"taxonomy":"post_tag","embeddable":true,"href":"https:\/\/soymigrante.com\/revista\/wp-json\/wp\/v2\/tags?post=49115"}],"curies":[{"name":"wp","href":"https:\/\/api.w.org\/{rel}","templated":true}]}}