{"id":49094,"date":"2025-11-28T10:00:00","date_gmt":"2025-11-28T16:00:00","guid":{"rendered":"https:\/\/soymigrante.com\/revista\/?p=49094"},"modified":"2025-11-28T07:17:19","modified_gmt":"2025-11-28T13:17:19","slug":"ayuda-a-ninez-en-guatemala-impulsa-desde-usa-fundacion-vida-y-luz","status":"publish","type":"post","link":"https:\/\/soymigrante.com\/revista\/ayuda-a-ninez-en-guatemala-impulsa-desde-usa-fundacion-vida-y-luz\/","title":{"rendered":"Ayuda a ni\u00f1ez en Guatemala impulsa desde USA fundaci\u00f3n Vida y Luz"},"content":{"rendered":"\t\t<div data-elementor-type=\"wp-post\" data-elementor-id=\"49094\" class=\"elementor elementor-49094\" data-elementor-post-type=\"post\">\n\t\t\t\t<div data-particle_enable=\"false\" data-particle-mobile-disabled=\"false\" class=\"elementor-element elementor-element-b9e5247 e-flex e-con-boxed e-con e-parent\" data-id=\"b9e5247\" data-element_type=\"container\" data-e-type=\"container\">\n\t\t\t\t\t<div class=\"e-con-inner\">\n\t\t\t\t<div class=\"elementor-element elementor-element-18d51d5 elementor-widget elementor-widget-heading\" data-id=\"18d51d5\" data-element_type=\"widget\" data-e-type=\"widget\" data-widget_type=\"heading.default\">\n\t\t\t\t\t<h2 class=\"elementor-heading-title elementor-size-default\">Una original actividad realiz\u00f3 la Fundaci\u00f3n Luz y Vida,  en Texas y Connecticut para reunir fondos para dar regalos a 200 ni\u00f1os y canastas navide\u00f1as a 100 anianos en hogares de Guatemala. Conoce m\u00e1s de su labor.<\/h2>\t\t\t\t<\/div>\n\t\t\t\t\t<\/div>\n\t\t\t\t<\/div>\n\t\t<div data-particle_enable=\"false\" data-particle-mobile-disabled=\"false\" class=\"elementor-element elementor-element-f1e84ed e-flex e-con-boxed e-con e-parent\" data-id=\"f1e84ed\" data-element_type=\"container\" data-e-type=\"container\">\n\t\t\t\t\t<div class=\"e-con-inner\">\n\t\t\t\t<div class=\"elementor-element elementor-element-9ed027a elementor-widget elementor-widget-text-editor\" data-id=\"9ed027a\" data-element_type=\"widget\" data-e-type=\"widget\" data-widget_type=\"text-editor.default\">\n\t\t\t\t\t\t\t\t\t<p data-start=\"237\" data-end=\"950\">La celebraci\u00f3n de <span data-start=\"255\" data-end=\"277\">Friendsgiving 2025,\u00a0<\/span> en <span data-start=\"281\" data-end=\"298\">Irving, Texas<\/span>, y <span data-start=\"302\" data-end=\"327\">Stamford, Connecticut<\/span>, fue una original actividad convocada por la Guatemala Binational Vida y Luz Foundation, para reunir fondos con un fin ben\u00e9fico en <a href=\"https:\/\/soymigrante.com\/revista\/22-departamentos-de-guatemala-un-corazon-multicultural-compartido\/\">Guatemala<\/a>. Invitaron a amigos y donantes a llevar prendas y accesorios para venderlos y as\u00ed donar los recursos.<\/p><p data-start=\"237\" data-end=\"950\">Este evento, llamado Joy the World, se efectu\u00f3\u00a0 el\u00a0\u00a0<span data-start=\"445\" data-end=\"464\">23 de noviembre reci\u00e9n pasado.\u00a0<\/span>Gracias a este impulso comunitario, la fundaci\u00f3n entregar\u00e1 <span data-start=\"704\" data-end=\"729\">200 regalos navide\u00f1os<\/span> a ni\u00f1os de \u00e1reas rurales y <span data-start=\"757\" data-end=\"786\">100 canastas de alimentos<\/span> a adultos mayores del <a href=\"https:\/\/soymigrante.com\/revista\/tag\/departamentos-de-guatemala\/\">occidente del pa\u00eds.<\/a> Para la organizaci\u00f3n, este esfuerzo es un acto de gratitud que refleja su misi\u00f3n de compartir esperanza y amor cristiano.<\/p>\t\t\t\t\t\t\t\t<\/div>\n\t\t\t\t\t<\/div>\n\t\t\t\t<\/div>\n\t\t<div data-particle_enable=\"false\" data-particle-mobile-disabled=\"false\" class=\"elementor-element elementor-element-edafced e-flex e-con-boxed e-con e-parent\" data-id=\"edafced\" data-element_type=\"container\" data-e-type=\"container\">\n\t\t\t\t\t<div class=\"e-con-inner\">\n\t\t\t\t<div class=\"elementor-element elementor-element-98ed0dd elementor-widget elementor-widget-image-gallery\" data-id=\"98ed0dd\" data-element_type=\"widget\" data-e-type=\"widget\" data-widget_type=\"image-gallery.default\">\n\t\t\t\t\t\t\t<div class=\"elementor-image-gallery\">\n\t\t\t<div id='gallery-2' class='gallery galleryid-49094 gallery-columns-2 gallery-size-large'><figure class='gallery-item'>\n\t\t\t<div class='gallery-icon portrait'>\n\t\t\t\t<a data-elementor-open-lightbox=\"yes\" data-elementor-lightbox-slideshow=\"98ed0dd\" data-elementor-lightbox-title=\"Vestidos por una causa, fue la actividad casi simult\u00e1nea efectuada en Stamford, Connecticut e Irving Texas, para obtener fondos a fin de sufragar donaciones en Guatemala.\" data-elementor-lightbox-description=\"Vestidos por una causa, fue la actividad casi simult\u00e1nea efectuada en Stamford, Connecticut e Irving Texas, para obtener fondos a fin de sufragar donaciones en Guatemala.\" data-e-action-hash=\"#elementor-action%3Aaction%3Dlightbox%26settings%3DeyJpZCI6NDkxMDAsInVybCI6Imh0dHBzOlwvXC9zb3ltaWdyYW50ZS5jb21cL3JldmlzdGFcL3dwLWNvbnRlbnRcL3VwbG9hZHNcLzIwMjVcLzExXC9mdW5kYWNpb24tdmlkYS15LWx1ei11c2EtZ3VhdGVtYWxhLTEuanBnIiwic2xpZGVzaG93IjoiOThlZDBkZCJ9\" href='https:\/\/soymigrante.com\/revista\/wp-content\/uploads\/2025\/11\/fundacion-vida-y-luz-usa-guatemala-1.jpg'><img fetchpriority=\"high\" decoding=\"async\" width=\"723\" height=\"1024\" src=\"https:\/\/soymigrante.com\/revista\/wp-content\/uploads\/2025\/11\/fundacion-vida-y-luz-usa-guatemala-1-723x1024.jpg\" class=\"attachment-large size-large\" alt=\"Vestidos por una causa, fue la actividad casi simult\u00e1nea efectuada en Stamford, Connecticut e Irving Texas, para obtener fondos a fin de sufragar donaciones en Guatemala.\" aria-describedby=\"gallery-2-49100\" srcset=\"https:\/\/soymigrante.com\/revista\/wp-content\/uploads\/2025\/11\/fundacion-vida-y-luz-usa-guatemala-1-723x1024.jpg 723w, https:\/\/soymigrante.com\/revista\/wp-content\/uploads\/2025\/11\/fundacion-vida-y-luz-usa-guatemala-1-212x300.jpg 212w, https:\/\/soymigrante.com\/revista\/wp-content\/uploads\/2025\/11\/fundacion-vida-y-luz-usa-guatemala-1-768x1087.jpg 768w, https:\/\/soymigrante.com\/revista\/wp-content\/uploads\/2025\/11\/fundacion-vida-y-luz-usa-guatemala-1-750x1062.jpg 750w, https:\/\/soymigrante.com\/revista\/wp-content\/uploads\/2025\/11\/fundacion-vida-y-luz-usa-guatemala-1.jpg 904w\" sizes=\"(max-width: 723px) 100vw, 723px\" title=\"Vestidos por una causa, fue la actividad casi simult\u00e1nea efectuada en Stamford, Connecticut e Irving Texas, para obtener fondos a fin de sufragar donaciones en Guatemala. \u2013 SoyMigrante.com REVISTA\" \/><\/a>\n\t\t\t<\/div>\n\t\t\t\t<figcaption class='wp-caption-text gallery-caption' id='gallery-2-49100'>\n\t\t\t\tVestidos por una causa, fue la actividad casi simult\u00e1nea efectuada en Stamford, Connecticut e Irving Texas, para obtener fondos a fin de sufragar donaciones en Guatemala.\n\t\t\t\t<\/figcaption><\/figure><figure class='gallery-item'>\n\t\t\t<div class='gallery-icon portrait'>\n\t\t\t\t<a data-elementor-open-lightbox=\"yes\" data-elementor-lightbox-slideshow=\"98ed0dd\" data-elementor-lightbox-title=\"Vestidos por una causa, fue la actividad casi simult\u00e1nea efectuada en Stamford, Connecticut e Irving Texas, para obtener fondos a fin de sufragar donaciones en Guatemala.\" data-elementor-lightbox-description=\"Vestidos por una causa, fue la actividad casi simult\u00e1nea efectuada en Stamford, Connecticut e Irving Texas, para obtener fondos a fin de sufragar donaciones en Guatemala.\" data-e-action-hash=\"#elementor-action%3Aaction%3Dlightbox%26settings%3DeyJpZCI6NDkxMDEsInVybCI6Imh0dHBzOlwvXC9zb3ltaWdyYW50ZS5jb21cL3JldmlzdGFcL3dwLWNvbnRlbnRcL3VwbG9hZHNcLzIwMjVcLzExXC9mdW5kYWNpb24tdmlkYS15LWx1ei11c2EtZ3VhdGVtYWxhLTIuanBnIiwic2xpZGVzaG93IjoiOThlZDBkZCJ9\" href='https:\/\/soymigrante.com\/revista\/wp-content\/uploads\/2025\/11\/fundacion-vida-y-luz-usa-guatemala-2.jpg'><img decoding=\"async\" width=\"732\" height=\"1024\" src=\"https:\/\/soymigrante.com\/revista\/wp-content\/uploads\/2025\/11\/fundacion-vida-y-luz-usa-guatemala-2-732x1024.jpg\" class=\"attachment-large size-large\" alt=\"Vestidos por una causa, fue la actividad casi simult\u00e1nea efectuada en Stamford, Connecticut e Irving Texas, para obtener fondos a fin de sufragar donaciones en Guatemala.\" aria-describedby=\"gallery-2-49101\" srcset=\"https:\/\/soymigrante.com\/revista\/wp-content\/uploads\/2025\/11\/fundacion-vida-y-luz-usa-guatemala-2-732x1024.jpg 732w, https:\/\/soymigrante.com\/revista\/wp-content\/uploads\/2025\/11\/fundacion-vida-y-luz-usa-guatemala-2-214x300.jpg 214w, https:\/\/soymigrante.com\/revista\/wp-content\/uploads\/2025\/11\/fundacion-vida-y-luz-usa-guatemala-2-768x1075.jpg 768w, https:\/\/soymigrante.com\/revista\/wp-content\/uploads\/2025\/11\/fundacion-vida-y-luz-usa-guatemala-2-1097x1536.jpg 1097w, https:\/\/soymigrante.com\/revista\/wp-content\/uploads\/2025\/11\/fundacion-vida-y-luz-usa-guatemala-2-360x504.jpg 360w, https:\/\/soymigrante.com\/revista\/wp-content\/uploads\/2025\/11\/fundacion-vida-y-luz-usa-guatemala-2-750x1050.jpg 750w, https:\/\/soymigrante.com\/revista\/wp-content\/uploads\/2025\/11\/fundacion-vida-y-luz-usa-guatemala-2-1140x1596.jpg 1140w, https:\/\/soymigrante.com\/revista\/wp-content\/uploads\/2025\/11\/fundacion-vida-y-luz-usa-guatemala-2.jpg 1429w\" sizes=\"(max-width: 732px) 100vw, 732px\" title=\"Vestidos por una causa, fue la actividad casi simult\u00e1nea efectuada en Stamford, Connecticut e Irving Texas, para obtener fondos a fin de sufragar donaciones en Guatemala. \u2013 SoyMigrante.com REVISTA\" \/><\/a>\n\t\t\t<\/div>\n\t\t\t\t<figcaption class='wp-caption-text gallery-caption' id='gallery-2-49101'>\n\t\t\t\tVestidos por una causa, fue la actividad casi simult\u00e1nea efectuada en Stamford, Connecticut e Irving Texas, para obtener fondos a fin de sufragar donaciones en Guatemala.\n\t\t\t\t<\/figcaption><\/figure>\n\t\t<\/div>\n\t\t<\/div>\n\t\t\t\t\t\t<\/div>\n\t\t\t\t\t<\/div>\n\t\t\t\t<\/div>\n\t\t<div data-particle_enable=\"false\" data-particle-mobile-disabled=\"false\" class=\"elementor-element elementor-element-ccf9f08 e-flex e-con-boxed e-con e-parent\" data-id=\"ccf9f08\" data-element_type=\"container\" data-e-type=\"container\">\n\t\t\t\t\t<div class=\"e-con-inner\">\n\t\t\t\t<div class=\"elementor-element elementor-element-5c2b437 elementor-widget elementor-widget-heading\" data-id=\"5c2b437\" data-element_type=\"widget\" data-e-type=\"widget\" data-widget_type=\"heading.default\">\n\t\t\t\t\t<h3 class=\"elementor-heading-title elementor-size-default\">Unidos por un grande y noble objetivo<\/h3>\t\t\t\t<\/div>\n\t\t\t\t\t<\/div>\n\t\t\t\t<\/div>\n\t\t<div data-particle_enable=\"false\" data-particle-mobile-disabled=\"false\" class=\"elementor-element elementor-element-215dfcf e-flex e-con-boxed e-con e-parent\" data-id=\"215dfcf\" data-element_type=\"container\" data-e-type=\"container\">\n\t\t\t\t\t<div class=\"e-con-inner\">\n\t\t\t\t<div class=\"elementor-element elementor-element-d56439e elementor-widget elementor-widget-text-editor\" data-id=\"d56439e\" data-element_type=\"widget\" data-e-type=\"widget\" data-widget_type=\"text-editor.default\">\n\t\t\t\t\t\t\t\t\t<p data-start=\"237\" data-end=\"950\">La fundaci\u00f3n es dirigida por <span data-start=\"981\" data-end=\"999\">Silvia Orantes<\/span>, guatemalteca, quien trabaja junto a su hija y un equipo de voluntarios comprometidos y respaldados por <span data-start=\"1080\" data-end=\"1122\">filiales en <a href=\"https:\/\/soymigrante.com\/revista\/la-ruta-wilmar-mejia-podcaster-y-maestro-en-dallas-siempre-vuelve-a-guatemala\/\">Dallas<\/a>, Houston y <a href=\"https:\/\/soymigrante.com\/revista\/norma-pineda-y-su-esposo-dirigen-su-exitosa-fabrica-de-bardas-west-stamford-fence\/\">Stamford<\/a><\/span>, desde donde articulan acciones humanitarias que unen a comunidades migrantes con causas solidarias en Guatemala.<\/p><p data-start=\"952\" data-end=\"1236\">La Fundaci\u00f3n Binacional Vida y Luz surgi\u00f3 oficialmente en septiembre de 2025, pero comenz\u00f3 a trabajar meses antes, en apoyo a necesidades muy reales y concretas de Guatemala. Buscan ayudar a quienes ayudan.<\/p>\t\t\t\t\t\t\t\t<\/div>\n\t\t\t\t\t<\/div>\n\t\t\t\t<\/div>\n\t\t<div data-particle_enable=\"false\" data-particle-mobile-disabled=\"false\" class=\"elementor-element elementor-element-0e1bf98 e-flex e-con-boxed e-con e-parent\" data-id=\"0e1bf98\" data-element_type=\"container\" data-e-type=\"container\">\n\t\t\t\t\t<div class=\"e-con-inner\">\n\t\t\t\t<div class=\"elementor-element elementor-element-4f9b416 elementor-widget elementor-widget-html\" data-id=\"4f9b416\" data-element_type=\"widget\" data-e-type=\"widget\" data-widget_type=\"html.default\">\n\t\t\t\t\t<iframe width=\"560\" height=\"315\" src=\"https:\/\/www.youtube.com\/embed\/plQRo--paS8?si=aSbCDdNKhth0ZvJt\" title=\"YouTube video player\" frameborder=\"0\" allow=\"accelerometer; autoplay; clipboard-write; encrypted-media; gyroscope; picture-in-picture; web-share\" referrerpolicy=\"strict-origin-when-cross-origin\" allowfullscreen><\/iframe>\t\t\t\t<\/div>\n\t\t\t\t\t<\/div>\n\t\t\t\t<\/div>\n\t\t<div data-particle_enable=\"false\" data-particle-mobile-disabled=\"false\" class=\"elementor-element elementor-element-d544ceb e-flex e-con-boxed e-con e-parent\" data-id=\"d544ceb\" data-element_type=\"container\" data-e-type=\"container\">\n\t\t\t\t\t<div class=\"e-con-inner\">\n\t\t\t\t<div class=\"elementor-element elementor-element-9678ed8 elementor-widget elementor-widget-heading\" data-id=\"9678ed8\" data-element_type=\"widget\" data-e-type=\"widget\" data-widget_type=\"heading.default\">\n\t\t\t\t\t<h3 class=\"elementor-heading-title elementor-size-default\">Primeras visitas a hogares ya se efectuaron<\/h3>\t\t\t\t<\/div>\n\t\t\t\t\t<\/div>\n\t\t\t\t<\/div>\n\t\t<div data-particle_enable=\"false\" data-particle-mobile-disabled=\"false\" class=\"elementor-element elementor-element-fbca2d2 e-flex e-con-boxed e-con e-parent\" data-id=\"fbca2d2\" data-element_type=\"container\" data-e-type=\"container\">\n\t\t\t\t\t<div class=\"e-con-inner\">\n\t\t\t\t<div class=\"elementor-element elementor-element-dd918ab elementor-widget elementor-widget-text-editor\" data-id=\"dd918ab\" data-element_type=\"widget\" data-e-type=\"widget\" data-widget_type=\"text-editor.default\">\n\t\t\t\t\t\t\t\t\t<p data-start=\"237\" data-end=\"950\">El <span data-start=\"1360\" data-end=\"1374\">29 de mayo<\/span>, representantes de la Fundaci\u00f3n&nbsp; visitaron el <span data-start=\"1404\" data-end=\"1444\">Hogar Nuestra Se\u00f1ora de los Remedios<\/span>, en <a href=\"https:\/\/soymigrante.com\/revista\/departamentos-de-guatemala-jalapa-es-un-corazon-de-montana-en-el-oriente\/\">Jalapa<\/a>, para evaluar las necesidades de la instituci\u00f3n que alberga a unas <span data-start=\"1523\" data-end=\"1546\">110 ni\u00f1as y j\u00f3venes<\/span> de entre 0 y 22 a\u00f1os, remitidas por juzgados de protecci\u00f3n. Muchas de ellas han enfrentado maltrato, desnutrici\u00f3n, violencia o abandono.<\/p>\n<p data-start=\"1685\" data-end=\"1955\">Un d\u00eda despu\u00e9s, el <span data-start=\"1704\" data-end=\"1718\">30 de mayo<\/span>, la fundaci\u00f3n visit\u00f3 tambi\u00e9n el <span data-start=\"1751\" data-end=\"1774\">Hogar Miguel Magone<\/span>, en El Aguacate, Mixco, que brinda atenci\u00f3n a ni\u00f1os y adolescentes en riesgo. Estas visitas formaron parte de un proceso para identificar instituciones que requieren apoyo urgente.<\/p>\n<p data-start=\"1957\" data-end=\"2325\">El <span data-start=\"1960\" data-end=\"1979\">6 de septiembre<\/span>, la organizaci\u00f3n celebr\u00f3 oficialmente su <span data-start=\"2021\" data-end=\"2037\">inauguraci\u00f3n<\/span>, en un acto cargado de fe y esperanza, donde se encendi\u00f3 una \u201cllama de amor y solidaridad\u201d dedicada a la ni\u00f1ez, juventud y adultos mayores m\u00e1s necesitados. Inspirados en el vers\u00edculo b\u00edblico Jerem\u00edas 29:11 (&#8220;Porque yo s\u00e9 los planes que tengo acerca de ustedes, dice el Se\u00f1or, planes de bienestar y no de mal, para darles porvenir y esperanza&#8221;)&nbsp;los fundadores destacaron que este es apenas el inicio de una misi\u00f3n guiada por servicio y compasi\u00f3n.<\/p>\t\t\t\t\t\t\t\t<\/div>\n\t\t\t\t\t<\/div>\n\t\t\t\t<\/div>\n\t\t<div data-particle_enable=\"false\" data-particle-mobile-disabled=\"false\" class=\"elementor-element elementor-element-5f06e71 e-flex e-con-boxed e-con e-parent\" data-id=\"5f06e71\" data-element_type=\"container\" data-e-type=\"container\">\n\t\t\t\t\t<div class=\"e-con-inner\">\n\t\t\t\t<div class=\"elementor-element elementor-element-92adb99 elementor-widget elementor-widget-image\" data-id=\"92adb99\" data-element_type=\"widget\" data-e-type=\"widget\" data-widget_type=\"image.default\">\n\t\t\t\t\t\t\t\t\t\t\t\t<figure class=\"wp-caption\">\n\t\t\t\t\t\t\t\t\t\t\t<a href=\"https:\/\/guatemalavidayluzfoundation.com\/home\">\n\t\t\t\t\t\t\t<img decoding=\"async\" width=\"1140\" height=\"760\" src=\"https:\/\/soymigrante.com\/revista\/wp-content\/uploads\/2025\/11\/fundacion-vida-y-luz-usa-guatemala-3-1140x760.jpg\" class=\"attachment-large size-large wp-image-49102\" alt=\"La fundaci\u00f3n binacional Guatemala Vida y Luz est\u00e1 orientada a apoyar a entidades que trabajan con la ni\u00f1ez vulnerable y tambi\u00e9n en apoyo a adultos mayores. Para ir al sitio web de la entidad, clic en la imagen.\" srcset=\"https:\/\/soymigrante.com\/revista\/wp-content\/uploads\/2025\/11\/fundacion-vida-y-luz-usa-guatemala-3-1140x760.jpg 1140w, https:\/\/soymigrante.com\/revista\/wp-content\/uploads\/2025\/11\/fundacion-vida-y-luz-usa-guatemala-3-300x200.jpg 300w, https:\/\/soymigrante.com\/revista\/wp-content\/uploads\/2025\/11\/fundacion-vida-y-luz-usa-guatemala-3-768x512.jpg 768w, https:\/\/soymigrante.com\/revista\/wp-content\/uploads\/2025\/11\/fundacion-vida-y-luz-usa-guatemala-3-1536x1024.jpg 1536w, https:\/\/soymigrante.com\/revista\/wp-content\/uploads\/2025\/11\/fundacion-vida-y-luz-usa-guatemala-3-750x500.jpg 750w, https:\/\/soymigrante.com\/revista\/wp-content\/uploads\/2025\/11\/fundacion-vida-y-luz-usa-guatemala-3.jpg 2048w\" sizes=\"(max-width: 1140px) 100vw, 1140px\" title=\"La fundaci\u00f3n binacional Guatemala Vida y Luz est\u00e1 orientada a apoyar a entidades que trabajan con la ni\u00f1ez vulnerable y tambi\u00e9n en apoyo a adultos mayores. Para ir al sitio web de la entidad, clic en la imagen. \u2013 SoyMigrante.com REVISTA\" \/>\t\t\t\t\t\t\t\t<\/a>\n\t\t\t\t\t\t\t\t\t\t\t<figcaption class=\"widget-image-caption wp-caption-text\">La fundaci\u00f3n binacional Guatemala Vida y Luz est\u00e1 orientada a apoyar a entidades que trabajan con la ni\u00f1ez vulnerable y tambi\u00e9n en apoyo a adultos mayores. Para ir al sitio web de la entidad, clic en la imagen.<\/figcaption>\n\t\t\t\t\t\t\t\t\t\t<\/figure>\n\t\t\t\t\t\t\t\t\t<\/div>\n\t\t\t\t\t<\/div>\n\t\t\t\t<\/div>\n\t\t<div data-particle_enable=\"false\" data-particle-mobile-disabled=\"false\" class=\"elementor-element elementor-element-60d9d96 e-flex e-con-boxed e-con e-parent\" data-id=\"60d9d96\" data-element_type=\"container\" data-e-type=\"container\">\n\t\t\t\t\t<div class=\"e-con-inner\">\n\t\t\t\t<div class=\"elementor-element elementor-element-c105a15 elementor-widget elementor-widget-heading\" data-id=\"c105a15\" data-element_type=\"widget\" data-e-type=\"widget\" data-widget_type=\"heading.default\">\n\t\t\t\t\t<h3 class=\"elementor-heading-title elementor-size-default\">Apoyo concreto de solidaridad migrante<\/h3>\t\t\t\t<\/div>\n\t\t\t\t\t<\/div>\n\t\t\t\t<\/div>\n\t\t<div data-particle_enable=\"false\" data-particle-mobile-disabled=\"false\" class=\"elementor-element elementor-element-7351342 e-flex e-con-boxed e-con e-parent\" data-id=\"7351342\" data-element_type=\"container\" data-e-type=\"container\">\n\t\t\t\t\t<div class=\"e-con-inner\">\n\t\t\t\t<div class=\"elementor-element elementor-element-7875d03 elementor-widget elementor-widget-text-editor\" data-id=\"7875d03\" data-element_type=\"widget\" data-e-type=\"widget\" data-widget_type=\"text-editor.default\">\n\t\t\t\t\t\t\t\t\t<p data-start=\"237\" data-end=\"950\">Ese mismo mes, el <span data-start=\"2345\" data-end=\"2365\">24 de septiembre<\/span>, concluy\u00f3 el proyecto <span data-start=\"2388\" data-end=\"2452\">\u201cAmor y Educaci\u00f3n en Llantas \u2013Education and Love on Wheels-<\/span>, mediante el cual se adquiri\u00f3 un veh\u00edculo para el transporte seguro de los ni\u00f1os atendidos por Casa Hogar en Sumpango, <a href=\"https:\/\/soymigrante.com\/revista\/departamentos-de-guatemala-chimaltenango-tiene-montanas-tradicion-y-la-primera-capital-de-guatemala\/\">Chimaltenango, <\/a>garantizando su acceso diario a educaci\u00f3n, cuidado y acompa\u00f1amiento.<\/p><p data-start=\"2642\" data-end=\"2882\">Con estas acciones, la Guatemala Binational Vida y Luz Foundation fortalece su visi\u00f3n de transformar vidas mediante la fe, la educaci\u00f3n y la solidaridad activa, tejiendo puentes entre comunidades guatemaltecas en Estados Unidos y Guatemala.<\/p>\t\t\t\t\t\t\t\t<\/div>\n\t\t\t\t\t<\/div>\n\t\t\t\t<\/div>\n\t\t<div data-particle_enable=\"false\" data-particle-mobile-disabled=\"false\" class=\"elementor-element elementor-element-05f5393 e-flex e-con-boxed e-con e-parent\" data-id=\"05f5393\" data-element_type=\"container\" data-e-type=\"container\">\n\t\t\t\t\t<div class=\"e-con-inner\">\n\t\t\t\t<div class=\"elementor-element elementor-element-670a31a elementor-widget elementor-widget-facebook-page\" data-id=\"670a31a\" data-element_type=\"widget\" data-e-type=\"widget\" data-widget_type=\"facebook-page.default\">\n\t\t\t\t\t<div class=\"elementor-facebook-widget fb-page\" data-href=\"https:\/\/www.facebook.com\/guatemalavidayluzfoundation\" data-tabs=\"timeline\" data-height=\"500px\" data-width=\"500px\" data-small-header=\"false\" data-hide-cover=\"false\" data-show-facepile=\"true\" data-hide-cta=\"false\" style=\"min-height: 1px;height:500px\"><\/div>\t\t\t\t<\/div>\n\t\t\t\t\t<\/div>\n\t\t\t\t<\/div>\n\t\t<div data-particle_enable=\"false\" data-particle-mobile-disabled=\"false\" class=\"elementor-element elementor-element-ce30e56 e-flex e-con-boxed e-con e-parent\" data-id=\"ce30e56\" data-element_type=\"container\" data-e-type=\"container\">\n\t\t\t\t\t<div class=\"e-con-inner\">\n\t\t\t\t<div class=\"elementor-element elementor-element-ee1673e elementor-widget elementor-widget-heading\" data-id=\"ee1673e\" data-element_type=\"widget\" data-e-type=\"widget\" data-widget_type=\"heading.default\">\n\t\t\t\t\t<h2 class=\"elementor-heading-title elementor-size-default\">Guatemaltecos sin fronteras<\/h2>\t\t\t\t<\/div>\n\t\t\t\t\t<\/div>\n\t\t\t\t<\/div>\n\t\t<div data-particle_enable=\"false\" data-particle-mobile-disabled=\"false\" class=\"elementor-element elementor-element-1729a37 e-flex e-con-boxed e-con e-parent\" data-id=\"1729a37\" data-element_type=\"container\" data-e-type=\"container\">\n\t\t\t\t\t<div class=\"e-con-inner\">\n\t\t\t\t<div class=\"elementor-element elementor-element-20b20a4 elementor-grid-eael-col-3 elementor-grid-tablet-eael-col-2 elementor-grid-mobile-eael-col-1 elementor-widget elementor-widget-eael-post-grid\" data-id=\"20b20a4\" data-element_type=\"widget\" data-e-type=\"widget\" data-settings=\"{&quot;eael_post_grid_columns&quot;:&quot;eael-col-3&quot;,&quot;eael_post_grid_columns_tablet&quot;:&quot;eael-col-2&quot;,&quot;eael_post_grid_columns_mobile&quot;:&quot;eael-col-1&quot;}\" data-widget_type=\"eael-post-grid.default\">\n\t\t\t\t\t<div id=\"eael-post-grid-20b20a4\" class=\"eael-post-grid-container\">\n            <div class=\"eael-post-grid eael-post-appender eael-post-appender-20b20a4 eael-post-grid-style-one\" data-layout-mode=\"masonry\"><article class=\"eael-grid-post  eael-post-grid-column eael-pg-post-10331 category-guate-nuestra\" data-id=\"10331\">\n        <div class=\"eael-grid-post-holder\">\n            <div class=\"eael-grid-post-holder-inner\"><div class=\"eael-entry-media\"><div class=\"eael-entry-overlay fade-in\"><i class=\"far fa-hand-pointer\" aria-hidden=\"true\"><\/i><a href=\"https:\/\/soymigrante.com\/revista\/hearts-of-eternal-spring-puente-de-ayuda-migrante-desde-oklahoma-a-guatemala\/\"><\/a><\/div><div class=\"eael-entry-thumbnail eael-image-ratio\">\n                <img loading=\"lazy\" decoding=\"async\" width=\"568\" height=\"568\" src=\"https:\/\/soymigrante.com\/revista\/wp-content\/uploads\/2024\/10\/escuela-quetzaltenango-1.webp\" class=\"attachment-large size-large wp-image-10431\" alt=\"Kits escolares para ni\u00f1os migrantes, iniciativa solidaria y educativa en M\u00e9xico, promoviendo integraci\u00f3n y apoyo a comunidades vulnerables, promoviendo derechos y bienestar infantil.\" srcset=\"https:\/\/soymigrante.com\/revista\/wp-content\/uploads\/2024\/10\/escuela-quetzaltenango-1.webp 568w, https:\/\/soymigrante.com\/revista\/wp-content\/uploads\/2024\/10\/escuela-quetzaltenango-1-300x300.webp 300w, https:\/\/soymigrante.com\/revista\/wp-content\/uploads\/2024\/10\/escuela-quetzaltenango-1-150x150.webp 150w, https:\/\/soymigrante.com\/revista\/wp-content\/uploads\/2024\/10\/escuela-quetzaltenango-1-75x75.webp 75w\" sizes=\"(max-width: 568px) 100vw, 568px\" \/>\n            <\/div>\n        <\/div><div class=\"eael-entry-wrapper\"><header class=\"eael-entry-header\"><h2 class=\"eael-entry-title\"><a class=\"eael-grid-post-link\" href=\"https:\/\/soymigrante.com\/revista\/hearts-of-eternal-spring-puente-de-ayuda-migrante-desde-oklahoma-a-guatemala\/\" title=\"Hearts of Eternal Spring: puente de ayuda migrante desde Oklahoma a Guatemala\">Hearts of Eternal Spring: puente de ayuda migrante desde Oklahoma a Guatemala<\/a><\/h2><\/header><div class=\"eael-entry-content\">\n                        <div class=\"eael-grid-post-excerpt\"><a href=\"https:\/\/soymigrante.com\/revista\/hearts-of-eternal-spring-puente-de-ayuda-migrante-desde-oklahoma-a-guatemala\/\" class=\"eael-post-elements-readmore-btn\">CONOCE SU HISTORIA <\/a><\/div>\n                    <\/div><\/div><\/div>\n        <\/div>\n    <\/article><article class=\"eael-grid-post  eael-post-grid-column eael-pg-post-1650 category-estamos-unidos tags-remesas-migrantes\" data-id=\"1650\">\n        <div class=\"eael-grid-post-holder\">\n            <div class=\"eael-grid-post-holder-inner\"><div class=\"eael-entry-media\"><div class=\"eael-entry-overlay fade-in\"><i class=\"far fa-hand-pointer\" aria-hidden=\"true\"><\/i><a href=\"https:\/\/soymigrante.com\/revista\/impacto-remesas-guatemala-desde-eeuu\/\"><\/a><\/div><div class=\"eael-entry-thumbnail eael-image-ratio\">\n                <img loading=\"lazy\" decoding=\"async\" width=\"1024\" height=\"700\" src=\"https:\/\/soymigrante.com\/revista\/wp-content\/uploads\/2023\/06\/Captura-de-pantalla-2023-06-28-124853-1024x700.webp\" class=\"attachment-large size-large wp-image-1651\" alt=\"Ilustraci\u00f3n de d\u00f3lares para ilustrar tema de remesas migrantes de Estados Unidos a Guatemala\" \/>\n            <\/div>\n        <\/div><div class=\"eael-entry-wrapper\"><header class=\"eael-entry-header\"><h2 class=\"eael-entry-title\"><a class=\"eael-grid-post-link\" href=\"https:\/\/soymigrante.com\/revista\/impacto-remesas-guatemala-desde-eeuu\/\" title=\"\u00bfA d\u00f3nde van las remesas enviadas por migrantes guatemaltecos desde Estados Unidos?\">\u00bfA d\u00f3nde van las remesas enviadas por migrantes guatemaltecos desde Estados Unidos?<\/a><\/h2><\/header><div class=\"eael-entry-content\">\n                        <div class=\"eael-grid-post-excerpt\"><a href=\"https:\/\/soymigrante.com\/revista\/impacto-remesas-guatemala-desde-eeuu\/\" class=\"eael-post-elements-readmore-btn\">CONOCE SU HISTORIA <\/a><\/div>\n                    <\/div><\/div><\/div>\n        <\/div>\n    <\/article><article class=\"eael-grid-post  eael-post-grid-column eael-pg-post-16900 category-exitos\" data-id=\"16900\">\n        <div class=\"eael-grid-post-holder\">\n            <div class=\"eael-grid-post-holder-inner\"><div class=\"eael-entry-media\"><div class=\"eael-entry-overlay fade-in\"><i class=\"far fa-hand-pointer\" aria-hidden=\"true\"><\/i><a href=\"https:\/\/soymigrante.com\/revista\/karolin-espana-dirige-kika-proyecto-de-ayuda-alimentaria-impulsado-por-sus-hijas\/\"><\/a><\/div><div class=\"eael-entry-thumbnail eael-image-ratio\">\n                <img loading=\"lazy\" decoding=\"async\" width=\"861\" height=\"861\" src=\"https:\/\/soymigrante.com\/revista\/wp-content\/uploads\/2024\/12\/historia-karolin-espana-KIKA.webp\" class=\"attachment-large size-large wp-image-16901\" alt=\"Ni\u00f1a en desfile cultural participando en evento de apoyo a la infancia y la nutrici\u00f3n en M\u00e9xico, con grupo de personas en vestimenta tradicional y cartel de organizaci\u00f3n KIKA, promoviendo derechos infantiles.\" srcset=\"https:\/\/soymigrante.com\/revista\/wp-content\/uploads\/2024\/12\/historia-karolin-espana-KIKA.webp 861w, https:\/\/soymigrante.com\/revista\/wp-content\/uploads\/2024\/12\/historia-karolin-espana-KIKA-300x300.jpg 300w, https:\/\/soymigrante.com\/revista\/wp-content\/uploads\/2024\/12\/historia-karolin-espana-KIKA-150x150.jpg 150w, https:\/\/soymigrante.com\/revista\/wp-content\/uploads\/2024\/12\/historia-karolin-espana-KIKA-768x768.jpg 768w, https:\/\/soymigrante.com\/revista\/wp-content\/uploads\/2024\/12\/historia-karolin-espana-KIKA-75x75.webp 75w, https:\/\/soymigrante.com\/revista\/wp-content\/uploads\/2024\/12\/historia-karolin-espana-KIKA-750x750.webp 750w\" sizes=\"(max-width: 861px) 100vw, 861px\" \/>\n            <\/div>\n        <\/div><div class=\"eael-entry-wrapper\"><header class=\"eael-entry-header\"><h2 class=\"eael-entry-title\"><a class=\"eael-grid-post-link\" href=\"https:\/\/soymigrante.com\/revista\/karolin-espana-dirige-kika-proyecto-de-ayuda-alimentaria-impulsado-por-sus-hijas\/\" title=\"Karolin Rasc\u00f3n dirige KIKA, iniciativa de ayuda alimentaria desde L.A. a Guatemala, inspirada por sus hijas Kiara y Kaili\">Karolin Rasc\u00f3n dirige KIKA, iniciativa de ayuda alimentaria desde L.A. a Guatemala, inspirada por sus hijas Kiara y Kaili<\/a><\/h2><\/header><div class=\"eael-entry-content\">\n                        <div class=\"eael-grid-post-excerpt\"><a href=\"https:\/\/soymigrante.com\/revista\/karolin-espana-dirige-kika-proyecto-de-ayuda-alimentaria-impulsado-por-sus-hijas\/\" class=\"eael-post-elements-readmore-btn\">CONOCE SU HISTORIA <\/a><\/div>\n                    <\/div><\/div><\/div>\n        <\/div>\n    <\/article><\/div>\n            <div class=\"clearfix\"><\/div>\n        <\/div>\t\t\t\t<\/div>\n\t\t\t\t\t<\/div>\n\t\t\t\t<\/div>\n\t\t\t\t<\/div>\n\t\t","protected":false},"excerpt":{"rendered":"<p>Una original actividad realiz\u00f3 la Fundaci\u00f3n Luz y Vida, en Texas y Connecticut para reunir fondos para dar regalos a 200 ni\u00f1os y canastas navide\u00f1as a 100 anianos en hogares de Guatemala. Conoce m\u00e1s de su labor. La celebraci\u00f3n de Friendsgiving 2025,\u00a0 en Irving, Texas, y Stamford, Connecticut, fue una original actividad convocada por la [&hellip;]<\/p>\n","protected":false},"author":1,"featured_media":49095,"comment_status":"open","ping_status":"open","sticky":false,"template":"","format":"standard","meta":{"_acf_changed":false,"_eb_attr":"","footnotes":""},"categories":[54],"tags":[],"class_list":["post-49094","post","type-post","status-publish","format-standard","has-post-thumbnail","hentry","category-estamos-unidos"],"acf":[],"aioseo_notices":[],"aioseo_head":"\n\t\t<!-- All in One SEO Pro 4.9.6.2 - aioseo.com -->\n\t<meta name=\"description\" content=\"Karolin Rasc\u00f3n-Espa\u00f1a, migrante guatemalteca en Los Angeles recauda ayuda para familias del Corredor Seco, un proyecto inspirado por sus hijas KIara y KAili.\" \/>\n\t<meta name=\"robots\" content=\"max-snippet:-1, max-image-preview:large, max-video-preview:-1\" \/>\n\t<meta name=\"author\" content=\"Gustavo Montenegro\"\/>\n\t<link rel=\"canonical\" href=\"https:\/\/soymigrante.com\/revista\/karolin-espana-dirige-kika-proyecto-de-ayuda-alimentaria-impulsado-por-sus-hijas\/\" \/>\n\t<meta name=\"generator\" content=\"All in One SEO Pro (AIOSEO) 4.9.6.2\" \/>\n\n\t\t<link rel=\"preconnect\" href=\"https:\/\/fonts.googleapis.com\" crossorigin>\n<link rel=\"preconnect\" href=\"https:\/\/fonts.gstatic.com\" crossorigin>\n\t\t<meta property=\"og:locale\" content=\"es_ES\" \/>\n\t\t<meta property=\"og:site_name\" content=\"SoyMigrante.com REVISTA \u2013 Nuestra misi\u00f3n es reconocer y dignificar al migrante.\" \/>\n\t\t<meta property=\"og:type\" content=\"article\" \/>\n\t\t<meta property=\"og:title\" content=\"Karolin dirige KIKA, iniciativa de ayuda de L.A. a Guatemala\" \/>\n\t\t<meta property=\"og:description\" content=\"Karolin Rasc\u00f3n-Espa\u00f1a, migrante guatemalteca en Los Angeles recauda ayuda para familias del Corredor Seco, un proyecto inspirado por sus hijas KIara y KAili.\" \/>\n\t\t<meta property=\"og:url\" content=\"https:\/\/soymigrante.com\/revista\/karolin-espana-dirige-kika-proyecto-de-ayuda-alimentaria-impulsado-por-sus-hijas\/\" \/>\n\t\t<meta property=\"og:image\" content=\"https:\/\/soymigrante.com\/revista\/wp-content\/uploads\/2024\/12\/historia-karolin-espana-KIKA.webp\" \/>\n\t\t<meta property=\"og:image:secure_url\" content=\"https:\/\/soymigrante.com\/revista\/wp-content\/uploads\/2024\/12\/historia-karolin-espana-KIKA.webp\" \/>\n\t\t<meta property=\"og:image:width\" content=\"861\" \/>\n\t\t<meta property=\"og:image:height\" content=\"861\" \/>\n\t\t<meta property=\"article:published_time\" content=\"2024-12-17T12:00:00+00:00\" \/>\n\t\t<meta property=\"article:modified_time\" content=\"2024-12-22T00:47:29+00:00\" \/>\n\t\t<meta property=\"article:publisher\" content=\"https:\/\/www.facebook.com\/soymigrantecom\" \/>\n\t\t<meta name=\"twitter:card\" content=\"summary_large_image\" \/>\n\t\t<meta name=\"twitter:site\" content=\"@SoyMigrante_com\" \/>\n\t\t<meta name=\"twitter:title\" content=\"Karolin dirige KIKA, iniciativa de ayuda de L.A. a Guatemala\" \/>\n\t\t<meta name=\"twitter:description\" content=\"Karolin Rasc\u00f3n-Espa\u00f1a, migrante guatemalteca en Los Angeles recauda ayuda para familias del Corredor Seco, un proyecto inspirado por sus hijas KIara y KAili.\" \/>\n\t\t<meta name=\"twitter:creator\" content=\"@SoyMigrante_com\" \/>\n\t\t<meta name=\"twitter:image\" content=\"https:\/\/soymigrante.com\/revista\/wp-content\/uploads\/2024\/12\/historia-karolin-espana-KIKA.webp\" \/>\n\t\t<!-- All in One SEO Pro -->\r\n\t\t<title>Karolin dirige KIKA, iniciativa de ayuda de L.A. a Guatemala<\/title>\n\n","aioseo_head_json":{"title":"Karolin dirige KIKA, iniciativa de ayuda de L.A. a Guatemala","description":"Karolin Rasc\u00f3n-Espa\u00f1a, migrante guatemalteca en Los Angeles recauda ayuda para familias del Corredor Seco, un proyecto inspirado por sus hijas KIara y KAili.","canonical_url":"https:\/\/soymigrante.com\/revista\/karolin-espana-dirige-kika-proyecto-de-ayuda-alimentaria-impulsado-por-sus-hijas\/","robots":"max-snippet:-1, max-image-preview:large, max-video-preview:-1","keywords":"","webmasterTools":{"miscellaneous":"&lt;link rel=\"preconnect\" href=\"https:\/\/fonts.googleapis.com\" crossorigin&gt;\n&lt;link rel=\"preconnect\" href=\"https:\/\/fonts.gstatic.com\" crossorigin&gt;"},"schema":null,"og:locale":"es_ES","og:site_name":"SoyMigrante.com REVISTA \u2013 Nuestra misi\u00f3n es reconocer y dignificar al migrante.","og:type":"article","og:title":"Karolin dirige KIKA, iniciativa de ayuda de L.A. a Guatemala","og:description":"Karolin Rasc\u00f3n-Espa\u00f1a, migrante guatemalteca en Los Angeles recauda ayuda para familias del Corredor Seco, un proyecto inspirado por sus hijas KIara y KAili.","og:url":"https:\/\/soymigrante.com\/revista\/karolin-espana-dirige-kika-proyecto-de-ayuda-alimentaria-impulsado-por-sus-hijas\/","og:image":"https:\/\/soymigrante.com\/revista\/wp-content\/uploads\/2024\/12\/historia-karolin-espana-KIKA.webp","og:image:secure_url":"https:\/\/soymigrante.com\/revista\/wp-content\/uploads\/2024\/12\/historia-karolin-espana-KIKA.webp","og:image:width":861,"og:image:height":861,"article:published_time":"2024-12-17T12:00:00+00:00","article:modified_time":"2024-12-22T00:47:29+00:00","article:publisher":"https:\/\/www.facebook.com\/soymigrantecom","twitter:card":"summary_large_image","twitter:site":"@SoyMigrante_com","twitter:title":"Karolin dirige KIKA, iniciativa de ayuda de L.A. a Guatemala","twitter:description":"Karolin Rasc\u00f3n-Espa\u00f1a, migrante guatemalteca en Los Angeles recauda ayuda para familias del Corredor Seco, un proyecto inspirado por sus hijas KIara y KAili.","twitter:creator":"@SoyMigrante_com","twitter:image":"https:\/\/soymigrante.com\/revista\/wp-content\/uploads\/2024\/12\/historia-karolin-espana-KIKA.webp"},"aioseo_meta_data":{"post_id":"49094","title":"Fundaci\u00f3n Vida y Luz impulsa ayuda a ni\u00f1ez en Guatemala","description":"Solidaridad migrante impulsa Fundaci\u00f3n Vida y Luz, dirigida por una guatemalteca y con voluntarios en 3 ciudades de USA, apoya hogares infantiles en Guatemala","keywords":null,"keyphrases":{"focus":{"keyphrase":"Guatemalteca","score":46,"analysis":{"keyphraseInTitle":{"score":3,"maxScore":9,"error":1},"keyphraseInDescription":{"score":9,"maxScore":9,"error":0},"keyphraseLength":{"score":9,"maxScore":9,"error":0,"length":1},"keyphraseInURL":{"score":1,"maxScore":5,"error":1},"keyphraseInIntroduction":{"score":3,"maxScore":9,"error":1},"keyphraseInSubHeadings":{"score":3,"maxScore":9,"error":1},"keyphraseInImageAlt":{"score":3,"maxScore":9,"error":1},"keywordDensity":{"score":0,"type":"low","maxScore":9,"error":1}}},"additional":[{"keyphrase":"Guatemala","score":100,"analysis":{"keyphraseInDescription":{"score":9,"maxScore":9,"error":0},"keyphraseLength":{"score":9,"maxScore":9,"error":0,"length":1},"keyphraseInIntroduction":{"score":9,"maxScore":9,"error":0},"keyphraseInImageAlt":{"score":9,"maxScore":9,"error":0},"keywordDensity":{"type":"best","score":9,"maxScore":9,"error":0}}},{"keyphrase":"ayuda","score":60,"analysis":{"keyphraseInDescription":{"score":3,"maxScore":9,"error":1},"keyphraseLength":{"score":9,"maxScore":9,"error":0,"length":1},"keyphraseInIntroduction":{"score":3,"maxScore":9,"error":1},"keyphraseInImageAlt":{"score":3,"maxScore":9,"error":1},"keywordDensity":{"type":"best","score":9,"maxScore":9,"error":0}}}]},"primary_term":null,"canonical_url":null,"og_title":null,"og_description":null,"og_object_type":"default","og_image_type":"default","og_image_url":null,"og_image_width":null,"og_image_height":null,"og_image_custom_url":null,"og_image_custom_fields":null,"og_video":"","og_custom_url":null,"og_article_section":null,"og_article_tags":null,"twitter_use_og":false,"twitter_card":"default","twitter_image_type":"default","twitter_image_url":null,"twitter_image_custom_url":null,"twitter_image_custom_fields":null,"twitter_title":null,"twitter_description":null,"schema":{"blockGraphs":[],"customGraphs":[],"default":{"data":{"Article":[],"Course":[],"Dataset":[],"FAQPage":[],"Movie":[],"Person":[],"Product":[],"ProductReview":[],"Car":[],"Recipe":[],"Service":[],"SoftwareApplication":[],"WebPage":[]},"graphName":"NewsArticle","isEnabled":true},"graphs":[]},"schema_type":"default","schema_type_options":null,"pillar_content":false,"robots_default":true,"robots_noindex":false,"robots_noarchive":false,"robots_nosnippet":false,"robots_nofollow":false,"robots_noimageindex":false,"robots_noodp":false,"robots_notranslate":false,"robots_max_snippet":"-1","robots_max_videopreview":"-1","robots_max_imagepreview":"large","priority":null,"frequency":"default","local_seo":null,"seo_analyzer_scan_date":"2025-11-28 16:01:58","breadcrumb_settings":null,"limit_modified_date":false,"reviewed_by":"0","open_ai":null,"ai":{"faqs":[],"keyPoints":[],"titles":[],"descriptions":[],"socialPosts":{"email":[],"linkedin":[],"twitter":[],"facebook":[],"instagram":[]}},"created":"2025-11-28 12:05:35","updated":"2026-02-05 07:26:32"},"aioseo_breadcrumb":"<div class=\"aioseo-breadcrumbs\"><span class=\"aioseo-breadcrumb\">\n\t<a href=\"https:\/\/soymigrante.com\/revista\" title=\"Home\">Home<\/a>\n<\/span><span class=\"aioseo-breadcrumb-separator\">\u00bb<\/span><span class=\"aioseo-breadcrumb\">\n\t<a href=\"https:\/\/soymigrante.com\/revista\/category\/estamos-unidos\/\" title=\"Estamos Unidos\">Estamos Unidos<\/a>\n<\/span><span class=\"aioseo-breadcrumb-separator\">\u00bb<\/span><span class=\"aioseo-breadcrumb\">\n\tAyuda a ni\u00f1ez en Guatemala impulsa desde USA fundaci\u00f3n Vida y Luz\n<\/span><\/div>","aioseo_breadcrumb_json":[{"label":"Home","link":"https:\/\/soymigrante.com\/revista"},{"label":"Estamos Unidos","link":"https:\/\/soymigrante.com\/revista\/category\/estamos-unidos\/"},{"label":"Ayuda a ni\u00f1ez en Guatemala impulsa desde USA fundaci\u00f3n Vida y Luz","link":"https:\/\/soymigrante.com\/revista\/ayuda-a-ninez-en-guatemala-impulsa-desde-usa-fundacion-vida-y-luz\/"}],"_links":{"self":[{"href":"https:\/\/soymigrante.com\/revista\/wp-json\/wp\/v2\/posts\/49094","targetHints":{"allow":["GET"]}}],"collection":[{"href":"https:\/\/soymigrante.com\/revista\/wp-json\/wp\/v2\/posts"}],"about":[{"href":"https:\/\/soymigrante.com\/revista\/wp-json\/wp\/v2\/types\/post"}],"author":[{"embeddable":true,"href":"https:\/\/soymigrante.com\/revista\/wp-json\/wp\/v2\/users\/1"}],"replies":[{"embeddable":true,"href":"https:\/\/soymigrante.com\/revista\/wp-json\/wp\/v2\/comments?post=49094"}],"version-history":[{"count":7,"href":"https:\/\/soymigrante.com\/revista\/wp-json\/wp\/v2\/posts\/49094\/revisions"}],"predecessor-version":[{"id":49106,"href":"https:\/\/soymigrante.com\/revista\/wp-json\/wp\/v2\/posts\/49094\/revisions\/49106"}],"wp:featuredmedia":[{"embeddable":true,"href":"https:\/\/soymigrante.com\/revista\/wp-json\/wp\/v2\/media\/49095"}],"wp:attachment":[{"href":"https:\/\/soymigrante.com\/revista\/wp-json\/wp\/v2\/media?parent=49094"}],"wp:term":[{"taxonomy":"category","embeddable":true,"href":"https:\/\/soymigrante.com\/revista\/wp-json\/wp\/v2\/categories?post=49094"},{"taxonomy":"post_tag","embeddable":true,"href":"https:\/\/soymigrante.com\/revista\/wp-json\/wp\/v2\/tags?post=49094"}],"curies":[{"name":"wp","href":"https:\/\/api.w.org\/{rel}","templated":true}]}}