{"id":49076,"date":"2025-11-28T16:10:08","date_gmt":"2025-11-28T22:10:08","guid":{"rendered":"https:\/\/soymigrante.com\/revista\/?p=49076"},"modified":"2025-11-28T16:10:16","modified_gmt":"2025-11-28T22:10:16","slug":"red-migrante-guatemalteca-desayuno-accion-de-gracias-refugios-fronterizos-tijuana","status":"publish","type":"post","link":"https:\/\/soymigrante.com\/revista\/red-migrante-guatemalteca-desayuno-accion-de-gracias-refugios-fronterizos-tijuana\/","title":{"rendered":"Red Migrante dona desayuno de Acci\u00f3n de Gracias a refugios fronterizos de Tijuana desde 2011"},"content":{"rendered":"\t\t<div data-elementor-type=\"wp-post\" data-elementor-id=\"49076\" class=\"elementor elementor-49076\" data-elementor-post-type=\"post\">\n\t\t\t\t<div data-particle_enable=\"false\" data-particle-mobile-disabled=\"false\" class=\"elementor-element elementor-element-a7a255d e-flex e-con-boxed e-con e-parent\" data-id=\"a7a255d\" data-element_type=\"container\" data-e-type=\"container\">\n\t\t\t\t\t<div class=\"e-con-inner\">\n\t\t\t\t<div class=\"elementor-element elementor-element-2369516 elementor-widget elementor-widget-heading\" data-id=\"2369516\" data-element_type=\"widget\" data-e-type=\"widget\" data-widget_type=\"heading.default\">\n\t\t\t\t\t<h2 class=\"elementor-heading-title elementor-size-default\">El d\u00eda siguiente al jueves de Acci\u00f3n de Gracias se convierte en un viernes de luz en albergues de Tijuana. Desde hace 14 a\u00f1os, la Red Migrante Guatemalteca les lleva un desayuno ese d\u00eda para compartir hermandad.<\/h2>\t\t\t\t<\/div>\n\t\t\t\t\t<\/div>\n\t\t\t\t<\/div>\n\t\t<div data-particle_enable=\"false\" data-particle-mobile-disabled=\"false\" class=\"elementor-element elementor-element-05f9e9e e-flex e-con-boxed e-con e-parent\" data-id=\"05f9e9e\" data-element_type=\"container\" data-e-type=\"container\">\n\t\t\t\t\t<div class=\"e-con-inner\">\n\t\t\t\t<div class=\"elementor-element elementor-element-7c5239c elementor-widget elementor-widget-text-editor\" data-id=\"7c5239c\" data-element_type=\"widget\" data-e-type=\"widget\" data-widget_type=\"text-editor.default\">\n\t\t\t\t\t\t\t\t\t<p>En los albergues de Tijuana siguen varadas cientos de personas que contin\u00faan a la espera de alguna resoluci\u00f3n que les permita entrar a Estados Unidos o simplemente no pueden volver a sus pa\u00edses. Hay familias, j\u00f3venes, ni\u00f1os al cuidado de organizaciones u \u00f3rdenes religiosas que les brindan un espacio para permanecer.<\/p><p>A lo largo del a\u00f1o, la Red Migrante Guatemalteca efect\u00faa varias visitas de apoyo con v\u00edveres y en el viernes siguiente al <a href=\"https:\/\/soymigrante.com\/revista\/oracion-para-el-dia-de-accion-de-gracias-elige-una-para-orar-con-familia-y-amigos\/\">D\u00eda de Acci\u00f3n de Gracias,<\/a> brinda un desayuno en varios refugios de esta ciudad fronteriza mexicana.\u00a0<\/p><p>&#8220;Queremos que sea un Viernes de Luz y este a\u00f1o no es la excepci\u00f3n. Compartimos con los migrantes, que son hermanos nuestros, sobre todo los ni\u00f1os&#8221;, expresa <a href=\"https:\/\/soymigrante.com\/revista\/walter-batres-presidente-red-migrante-guatemalteca-experiencia-los-angeles\/\">Walter Batres<\/a>, presidente de la RMG.<\/p>\t\t\t\t\t\t\t\t<\/div>\n\t\t\t\t\t<\/div>\n\t\t\t\t<\/div>\n\t\t<div data-particle_enable=\"false\" data-particle-mobile-disabled=\"false\" class=\"elementor-element elementor-element-d0ca7e2 e-flex e-con-boxed e-con e-parent\" data-id=\"d0ca7e2\" data-element_type=\"container\" data-e-type=\"container\">\n\t\t\t\t\t<div class=\"e-con-inner\">\n\t\t\t\t<div class=\"elementor-element elementor-element-1a5764c elementor-widget elementor-widget-image\" data-id=\"1a5764c\" data-element_type=\"widget\" data-e-type=\"widget\" data-widget_type=\"image.default\">\n\t\t\t\t\t\t\t\t\t\t\t\t<figure class=\"wp-caption\">\n\t\t\t\t\t\t\t\t\t\t<img fetchpriority=\"high\" decoding=\"async\" width=\"1140\" height=\"641\" src=\"https:\/\/soymigrante.com\/revista\/wp-content\/uploads\/2025\/11\/desayuno-accion-de-gracias-red-migrante-4-1140x641.jpg\" class=\"attachment-large size-large wp-image-49085\" alt=\"El Desayuno de Acci\u00f3n de Gracias se convierte en un Viernes de Luz en Tijuana, Baja California, M\u00e9xico. Los migrantes albergados se sienten valorados y motivados con este gesto. (Foto Red Migrante Guatemalteca)\" srcset=\"https:\/\/soymigrante.com\/revista\/wp-content\/uploads\/2025\/11\/desayuno-accion-de-gracias-red-migrante-4-1140x641.jpg 1140w, https:\/\/soymigrante.com\/revista\/wp-content\/uploads\/2025\/11\/desayuno-accion-de-gracias-red-migrante-4-300x169.jpg 300w, https:\/\/soymigrante.com\/revista\/wp-content\/uploads\/2025\/11\/desayuno-accion-de-gracias-red-migrante-4-768x432.jpg 768w, https:\/\/soymigrante.com\/revista\/wp-content\/uploads\/2025\/11\/desayuno-accion-de-gracias-red-migrante-4-1536x864.jpg 1536w, https:\/\/soymigrante.com\/revista\/wp-content\/uploads\/2025\/11\/desayuno-accion-de-gracias-red-migrante-4-750x422.jpg 750w, https:\/\/soymigrante.com\/revista\/wp-content\/uploads\/2025\/11\/desayuno-accion-de-gracias-red-migrante-4.jpg 1599w\" sizes=\"(max-width: 1140px) 100vw, 1140px\" title=\"El Desayuno de Acci\u00f3n de Gracias se convierte en un Viernes de Luz en Tijuana, Baja California, M\u00e9xico. Los migrantes albergados se sienten valorados y motivados con este gesto. (Foto Red Migrante Guatemalteca) \u2013 SoyMigrante.com REVISTA\" \/>\t\t\t\t\t\t\t\t\t\t\t<figcaption class=\"widget-image-caption wp-caption-text\">El Desayuno de Acci\u00f3n de Gracias se convierte en un Viernes de Luz en Tijuana, Baja California, M\u00e9xico. Los migrantes albergados se sienten valorados y motivados con este gesto. (Foto Red Migrante Guatemalteca)<\/figcaption>\n\t\t\t\t\t\t\t\t\t\t<\/figure>\n\t\t\t\t\t\t\t\t\t<\/div>\n\t\t\t\t\t<\/div>\n\t\t\t\t<\/div>\n\t\t<div data-particle_enable=\"false\" data-particle-mobile-disabled=\"false\" class=\"elementor-element elementor-element-32f4979 e-flex e-con-boxed e-con e-parent\" data-id=\"32f4979\" data-element_type=\"container\" data-e-type=\"container\">\n\t\t\t\t\t<div class=\"e-con-inner\">\n\t\t\t\t<div class=\"elementor-element elementor-element-04db4e6 elementor-widget elementor-widget-heading\" data-id=\"04db4e6\" data-element_type=\"widget\" data-e-type=\"widget\" data-widget_type=\"heading.default\">\n\t\t\t\t\t<h3 class=\"elementor-heading-title elementor-size-default\">Un acto de hermandad migrante<\/h3>\t\t\t\t<\/div>\n\t\t\t\t\t<\/div>\n\t\t\t\t<\/div>\n\t\t<div data-particle_enable=\"false\" data-particle-mobile-disabled=\"false\" class=\"elementor-element elementor-element-d55bf66 e-flex e-con-boxed e-con e-parent\" data-id=\"d55bf66\" data-element_type=\"container\" data-e-type=\"container\">\n\t\t\t\t\t<div class=\"e-con-inner\">\n\t\t\t\t<div class=\"elementor-element elementor-element-5d8ed2f elementor-widget elementor-widget-text-editor\" data-id=\"5d8ed2f\" data-element_type=\"widget\" data-e-type=\"widget\" data-widget_type=\"text-editor.default\">\n\t\t\t\t\t\t\t\t\t<p>&#8220;Miembros de la RMG y de la iglesia Transformados en Cristo se unen para donar <a href=\"https:\/\/soymigrante.com\/revista\/el-chompipe-de-la-fiesta-el-pavo-es-ceremonial-y-festivo-desde-tiempos-prehispanicos-y-otros-datos-curiosos\/\">pavos<\/a> y art\u00edculos de higiene personal y primera necesidad como medicamentos,\u00a0 ropa y calzado, toallas y prendas de vestir. Se dona a los refugios alimentos para preparar,\u00a0 granos b\u00e1sicos,\u00a0 gas propano y otros insumos&#8221;, agrega<a href=\"https:\/\/soymigrante.com\/revista\/walter-batres-presidente-red-migrante-guatemalteca-experiencia-los-angeles\/\"> Batres.<\/a><\/p><p>Este tipo de actividades solidarias inici\u00f3 en 2011 y se efect\u00faan varias visitas al a\u00f1o. Sin embargo, la del Viernes de <a href=\"https:\/\/soymigrante.com\/revista\/por-que-la-gratitud-es-la-mejor-actitud-incluso-tiempos-dificiles\/\">Gracias<\/a> es muy significativas porque se realiza en una ocasi\u00f3n muy significativa en Estados Unidos y a las puertas de la temporada navide\u00f1a.<\/p>\t\t\t\t\t\t\t\t<\/div>\n\t\t\t\t\t<\/div>\n\t\t\t\t<\/div>\n\t\t<div data-particle_enable=\"false\" data-particle-mobile-disabled=\"false\" class=\"elementor-element elementor-element-29bb6aa e-flex e-con-boxed e-con e-parent\" data-id=\"29bb6aa\" data-element_type=\"container\" data-e-type=\"container\">\n\t\t\t\t\t<div class=\"e-con-inner\">\n\t\t\t\t<div class=\"elementor-element elementor-element-721d79d elementor-widget elementor-widget-image\" data-id=\"721d79d\" data-element_type=\"widget\" data-e-type=\"widget\" data-widget_type=\"image.default\">\n\t\t\t\t\t\t\t\t\t\t\t\t<figure class=\"wp-caption\">\n\t\t\t\t\t\t\t\t\t\t<img decoding=\"async\" width=\"590\" height=\"443\" src=\"https:\/\/soymigrante.com\/revista\/wp-content\/uploads\/2025\/11\/desayuno-accion-de-gracias-red-migrante-7.jpg\" class=\"attachment-large size-large wp-image-49086\" alt=\"Debido a que esta jornada se efect\u00faa al d\u00eda siguiente de Acci\u00f3n de Gracias, adem\u00e1s del desayuno se donan pavos a los refugios para que puedan preparar una cena especial para los refugiados. (Foto Red Migrante Guatemalteca)\" srcset=\"https:\/\/soymigrante.com\/revista\/wp-content\/uploads\/2025\/11\/desayuno-accion-de-gracias-red-migrante-7.jpg 590w, https:\/\/soymigrante.com\/revista\/wp-content\/uploads\/2025\/11\/desayuno-accion-de-gracias-red-migrante-7-300x225.jpg 300w\" sizes=\"(max-width: 590px) 100vw, 590px\" title=\"Debido a que esta jornada se efect\u00faa al d\u00eda siguiente de Acci\u00f3n de Gracias, adem\u00e1s del desayuno se donan pavos a los refugios para que puedan preparar una cena especial para los refugiados. (Foto Red Migrante Guatemalteca) \u2013 SoyMigrante.com REVISTA\" \/>\t\t\t\t\t\t\t\t\t\t\t<figcaption class=\"widget-image-caption wp-caption-text\">Debido a que esta jornada se efect\u00faa al d\u00eda siguiente de Acci\u00f3n de Gracias, adem\u00e1s del desayuno se donan pavos a los refugios para que puedan preparar una cena especial para los refugiados. (Foto Red Migrante Guatemalteca)<\/figcaption>\n\t\t\t\t\t\t\t\t\t\t<\/figure>\n\t\t\t\t\t\t\t\t\t<\/div>\n\t\t\t\t\t<\/div>\n\t\t\t\t<\/div>\n\t\t<div data-particle_enable=\"false\" data-particle-mobile-disabled=\"false\" class=\"elementor-element elementor-element-dec3506 e-flex e-con-boxed e-con e-parent\" data-id=\"dec3506\" data-element_type=\"container\" data-e-type=\"container\">\n\t\t\t\t\t<div class=\"e-con-inner\">\n\t\t\t\t<div class=\"elementor-element elementor-element-23e6c6c elementor-widget elementor-widget-heading\" data-id=\"23e6c6c\" data-element_type=\"widget\" data-e-type=\"widget\" data-widget_type=\"heading.default\">\n\t\t\t\t\t<h3 class=\"elementor-heading-title elementor-size-default\">As\u00ed surgi\u00f3 la tradici\u00f3n de visitas y donativos<\/h3>\t\t\t\t<\/div>\n\t\t\t\t\t<\/div>\n\t\t\t\t<\/div>\n\t\t<div data-particle_enable=\"false\" data-particle-mobile-disabled=\"false\" class=\"elementor-element elementor-element-674d565 e-flex e-con-boxed e-con e-parent\" data-id=\"674d565\" data-element_type=\"container\" data-e-type=\"container\">\n\t\t\t\t\t<div class=\"e-con-inner\">\n\t\t\t\t<div class=\"elementor-element elementor-element-9de8778 elementor-widget elementor-widget-text-editor\" data-id=\"9de8778\" data-element_type=\"widget\" data-e-type=\"widget\" data-widget_type=\"text-editor.default\">\n\t\t\t\t\t\t\t\t\t<p>Batres recuerda que en 2011 hubo una ola de deportaciones en la que fueron detenidos padres de familia y se separ\u00f3 a familias. Se necesitaba apoyar a estos seres queridos, que permanec\u00edan en refugios de Tijuana y as\u00ed comenzaron las visitas.<\/p><p>&#8220;La reacci\u00f3n de los migrantes albergados es de alegr\u00eda y agradecimiento. Es poco lo que llevamos, pero lo hacemos con hermandad. Lo m\u00e1s conmovedor es ver a los ni\u00f1os felices&#8221;, agrega Batres.<\/p>\t\t\t\t\t\t\t\t<\/div>\n\t\t\t\t\t<\/div>\n\t\t\t\t<\/div>\n\t\t<div data-particle_enable=\"false\" data-particle-mobile-disabled=\"false\" class=\"elementor-element elementor-element-620a9d0 e-flex e-con-boxed e-con e-parent\" data-id=\"620a9d0\" data-element_type=\"container\" data-e-type=\"container\">\n\t\t\t\t\t<div class=\"e-con-inner\">\n\t\t\t\t<div class=\"elementor-element elementor-element-d66b5d9 elementor-widget elementor-widget-image\" data-id=\"d66b5d9\" data-element_type=\"widget\" data-e-type=\"widget\" data-widget_type=\"image.default\">\n\t\t\t\t\t\t\t\t\t\t\t\t<figure class=\"wp-caption\">\n\t\t\t\t\t\t\t\t\t\t<img decoding=\"async\" width=\"1140\" height=\"855\" src=\"https:\/\/soymigrante.com\/revista\/wp-content\/uploads\/2025\/11\/red-migrante-guatemalteca-1140x855.jpg\" class=\"attachment-large size-large wp-image-49087\" alt=\"La motivaci\u00f3n de este voluntariado y donaci\u00f3n de la Red Migrante Guatemalteca es mostrar agradecimiento por la oportunidad que se tiene de estar en Estados Unidos y compartir el fruto de su trabajo con familias que se encuentran varadas en la frontera M\u00e9xico-Estados Unidos. (Foto Red Migrante Guatemalteca)\" srcset=\"https:\/\/soymigrante.com\/revista\/wp-content\/uploads\/2025\/11\/red-migrante-guatemalteca-1140x855.jpg 1140w, https:\/\/soymigrante.com\/revista\/wp-content\/uploads\/2025\/11\/red-migrante-guatemalteca-300x225.jpg 300w, https:\/\/soymigrante.com\/revista\/wp-content\/uploads\/2025\/11\/red-migrante-guatemalteca-768x576.jpg 768w, https:\/\/soymigrante.com\/revista\/wp-content\/uploads\/2025\/11\/red-migrante-guatemalteca-1536x1152.jpg 1536w, https:\/\/soymigrante.com\/revista\/wp-content\/uploads\/2025\/11\/red-migrante-guatemalteca-750x563.jpg 750w, https:\/\/soymigrante.com\/revista\/wp-content\/uploads\/2025\/11\/red-migrante-guatemalteca.jpg 1600w\" sizes=\"(max-width: 1140px) 100vw, 1140px\" title=\"La motivaci\u00f3n de este voluntariado y donaci\u00f3n de la Red Migrante Guatemalteca es mostrar agradecimiento por la oportunidad que se tiene de estar en Estados Unidos y compartir el fruto de su trabajo con familias que se encuentran varadas en la frontera M\u00e9xico-Estados Unidos. (Foto Red Migrante Guatemalteca) \u2013 SoyMigrante.com REVISTA\" \/>\t\t\t\t\t\t\t\t\t\t\t<figcaption class=\"widget-image-caption wp-caption-text\">#La motivaci\u00f3n de este voluntariado y donaci\u00f3n de la Red Migrante Guatemalteca es mostrar agradecimiento por la oportunidad que se tiene de estar en Estados Unidos y compartir el fruto de su trabajo con familias que se encuentran varadas en la frontera M\u00e9xico-Estados Unidos. (Foto Red Migrante Guatemalteca)#blog_title #image_title<\/figcaption>\n\t\t\t\t\t\t\t\t\t\t<\/figure>\n\t\t\t\t\t\t\t\t\t<\/div>\n\t\t\t\t\t<\/div>\n\t\t\t\t<\/div>\n\t\t<div data-particle_enable=\"false\" data-particle-mobile-disabled=\"false\" class=\"elementor-element elementor-element-231cb8d e-flex e-con-boxed e-con e-parent\" data-id=\"231cb8d\" data-element_type=\"container\" data-e-type=\"container\">\n\t\t\t\t\t<div class=\"e-con-inner\">\n\t\t\t\t<div class=\"elementor-element elementor-element-7c25cd6 elementor-widget elementor-widget-heading\" data-id=\"7c25cd6\" data-element_type=\"widget\" data-e-type=\"widget\" data-widget_type=\"heading.default\">\n\t\t\t\t\t<h2 class=\"elementor-heading-title elementor-size-default\">Solidaridad guatemalteca sin fronteras<\/h2>\t\t\t\t<\/div>\n\t\t\t\t\t<\/div>\n\t\t\t\t<\/div>\n\t\t<div data-particle_enable=\"false\" data-particle-mobile-disabled=\"false\" class=\"elementor-element elementor-element-354e495 e-flex e-con-boxed e-con e-parent\" data-id=\"354e495\" data-element_type=\"container\" data-e-type=\"container\">\n\t\t\t\t\t<div class=\"e-con-inner\">\n\t\t\t\t<div class=\"elementor-element elementor-element-34b9da9 elementor-grid-eael-col-3 elementor-grid-tablet-eael-col-2 elementor-grid-mobile-eael-col-1 elementor-widget elementor-widget-eael-post-grid\" data-id=\"34b9da9\" data-element_type=\"widget\" data-e-type=\"widget\" data-settings=\"{&quot;eael_post_grid_columns&quot;:&quot;eael-col-3&quot;,&quot;eael_post_grid_columns_tablet&quot;:&quot;eael-col-2&quot;,&quot;eael_post_grid_columns_mobile&quot;:&quot;eael-col-1&quot;}\" data-widget_type=\"eael-post-grid.default\">\n\t\t\t\t\t<div id=\"eael-post-grid-34b9da9\" class=\"eael-post-grid-container\">\n            <div class=\"eael-post-grid eael-post-appender eael-post-appender-34b9da9 eael-post-grid-style-one\" data-layout-mode=\"masonry\"><article class=\"eael-grid-post  eael-post-grid-column eael-pg-post-16900 category-exitos\" data-id=\"16900\">\n        <div class=\"eael-grid-post-holder\">\n            <div class=\"eael-grid-post-holder-inner\"><div class=\"eael-entry-media\"><div class=\"eael-entry-overlay fade-in\"><i class=\"far fa-hand-pointer\" aria-hidden=\"true\"><\/i><a href=\"https:\/\/soymigrante.com\/revista\/karolin-espana-dirige-kika-proyecto-de-ayuda-alimentaria-impulsado-por-sus-hijas\/\"><\/a><\/div><div class=\"eael-entry-thumbnail eael-image-ratio\">\n                <img loading=\"lazy\" decoding=\"async\" width=\"861\" height=\"861\" src=\"https:\/\/soymigrante.com\/revista\/wp-content\/uploads\/2024\/12\/historia-karolin-espana-KIKA.webp\" class=\"attachment-large size-large wp-image-16901\" alt=\"Ni\u00f1a en desfile cultural participando en evento de apoyo a la infancia y la nutrici\u00f3n en M\u00e9xico, con grupo de personas en vestimenta tradicional y cartel de organizaci\u00f3n KIKA, promoviendo derechos infantiles.\" srcset=\"https:\/\/soymigrante.com\/revista\/wp-content\/uploads\/2024\/12\/historia-karolin-espana-KIKA.webp 861w, https:\/\/soymigrante.com\/revista\/wp-content\/uploads\/2024\/12\/historia-karolin-espana-KIKA-300x300.jpg 300w, https:\/\/soymigrante.com\/revista\/wp-content\/uploads\/2024\/12\/historia-karolin-espana-KIKA-150x150.jpg 150w, https:\/\/soymigrante.com\/revista\/wp-content\/uploads\/2024\/12\/historia-karolin-espana-KIKA-768x768.jpg 768w, https:\/\/soymigrante.com\/revista\/wp-content\/uploads\/2024\/12\/historia-karolin-espana-KIKA-75x75.webp 75w, https:\/\/soymigrante.com\/revista\/wp-content\/uploads\/2024\/12\/historia-karolin-espana-KIKA-750x750.webp 750w\" sizes=\"(max-width: 861px) 100vw, 861px\" \/>\n            <\/div>\n        <\/div><div class=\"eael-entry-wrapper\"><header class=\"eael-entry-header\"><h2 class=\"eael-entry-title\"><a class=\"eael-grid-post-link\" href=\"https:\/\/soymigrante.com\/revista\/karolin-espana-dirige-kika-proyecto-de-ayuda-alimentaria-impulsado-por-sus-hijas\/\" title=\"Karolin Rasc\u00f3n dirige KIKA, iniciativa de ayuda alimentaria desde L.A. a Guatemala, inspirada por sus hijas Kiara y Kaili\">Karolin Rasc\u00f3n dirige KIKA, iniciativa de ayuda alimentaria desde L.A. a Guatemala, inspirada por sus hijas Kiara y Kaili<\/a><\/h2><\/header><div class=\"eael-entry-content\">\n                        <div class=\"eael-grid-post-excerpt\"><a href=\"https:\/\/soymigrante.com\/revista\/karolin-espana-dirige-kika-proyecto-de-ayuda-alimentaria-impulsado-por-sus-hijas\/\" class=\"eael-post-elements-readmore-btn\">CONOCE SU HISTORIA <\/a><\/div>\n                    <\/div><\/div><\/div>\n        <\/div>\n    <\/article><article class=\"eael-grid-post  eael-post-grid-column eael-pg-post-38577 category-exitos-guatemala\" data-id=\"38577\">\n        <div class=\"eael-grid-post-holder\">\n            <div class=\"eael-grid-post-holder-inner\"><div class=\"eael-entry-media\"><div class=\"eael-entry-overlay fade-in\"><i class=\"far fa-hand-pointer\" aria-hidden=\"true\"><\/i><a href=\"https:\/\/soymigrante.com\/revista\/migrante-guatemalteco-fredy-lopez-los-angeles-gualan-accion-con-amor\/\"><\/a><\/div><div class=\"eael-entry-thumbnail eael-image-ratio\">\n                <img loading=\"lazy\" decoding=\"async\" width=\"819\" height=\"819\" src=\"https:\/\/soymigrante.com\/revista\/wp-content\/uploads\/2025\/07\/fredy-lopez-caballo.webp\" class=\"attachment-large size-large wp-image-38600\" alt=\"Caballo de montar con jinete en establo cubierto, cultura mexicana, tradici\u00f3n, fotografia de caballo, equitaci\u00f3n, ranchero, vida rural, im\u00e1genes de campo, turismo rural, fotograf\u00eda rural.\" srcset=\"https:\/\/soymigrante.com\/revista\/wp-content\/uploads\/2025\/07\/fredy-lopez-caballo.webp 819w, https:\/\/soymigrante.com\/revista\/wp-content\/uploads\/2025\/07\/fredy-lopez-caballo-300x300.jpg 300w, https:\/\/soymigrante.com\/revista\/wp-content\/uploads\/2025\/07\/fredy-lopez-caballo-150x150.jpg 150w, https:\/\/soymigrante.com\/revista\/wp-content\/uploads\/2025\/07\/fredy-lopez-caballo-768x768.jpg 768w, https:\/\/soymigrante.com\/revista\/wp-content\/uploads\/2025\/07\/fredy-lopez-caballo-75x75.webp 75w, https:\/\/soymigrante.com\/revista\/wp-content\/uploads\/2025\/07\/fredy-lopez-caballo-750x750.webp 750w\" sizes=\"(max-width: 819px) 100vw, 819px\" \/>\n            <\/div>\n        <\/div><div class=\"eael-entry-wrapper\"><header class=\"eael-entry-header\"><h2 class=\"eael-entry-title\"><a class=\"eael-grid-post-link\" href=\"https:\/\/soymigrante.com\/revista\/migrante-guatemalteco-fredy-lopez-los-angeles-gualan-accion-con-amor\/\" title=\"El coraz\u00f3n del migrante Fredy Aroldo L\u00f3pez late por Gual\u00e1n desde Los Angeles\">El coraz\u00f3n del migrante Fredy Aroldo L\u00f3pez late por Gual\u00e1n desde Los Angeles<\/a><\/h2><\/header><div class=\"eael-entry-content\">\n                        <div class=\"eael-grid-post-excerpt\"><a href=\"https:\/\/soymigrante.com\/revista\/migrante-guatemalteco-fredy-lopez-los-angeles-gualan-accion-con-amor\/\" class=\"eael-post-elements-readmore-btn\">CONOCE SU HISTORIA <\/a><\/div>\n                    <\/div><\/div><\/div>\n        <\/div>\n    <\/article><article class=\"eael-grid-post  eael-post-grid-column eael-pg-post-6429 category-lugar-de-voces\" data-id=\"6429\">\n        <div class=\"eael-grid-post-holder\">\n            <div class=\"eael-grid-post-holder-inner\"><div class=\"eael-entry-media\"><div class=\"eael-entry-overlay fade-in\"><i class=\"far fa-hand-pointer\" aria-hidden=\"true\"><\/i><a href=\"https:\/\/soymigrante.com\/revista\/donativo-migrantes-guatemaltecos-escuela-palencia-quetzi\/\"><\/a><\/div><div class=\"eael-entry-thumbnail eael-image-ratio\">\n                <img loading=\"lazy\" decoding=\"async\" width=\"1024\" height=\"1024\" src=\"https:\/\/soymigrante.com\/revista\/wp-content\/uploads\/2024\/05\/IMG-20240513-WA0045-e1718760507162-1024x1024.webp\" class=\"attachment-large size-large wp-image-6435\" alt=\"D\u00eda de la diversidad cultural en el colegio, ni\u00f1os celebrando con juguetes y actividades relacionadas con sus ra\u00edces y tradiciones en un entorno escolar.\" srcset=\"https:\/\/soymigrante.com\/revista\/wp-content\/uploads\/2024\/05\/IMG-20240513-WA0045-e1718760507162-1024x1024.webp 1024w, https:\/\/soymigrante.com\/revista\/wp-content\/uploads\/2024\/05\/IMG-20240513-WA0045-e1718760507162-300x300.webp 300w, https:\/\/soymigrante.com\/revista\/wp-content\/uploads\/2024\/05\/IMG-20240513-WA0045-e1718760507162-150x150.webp 150w, https:\/\/soymigrante.com\/revista\/wp-content\/uploads\/2024\/05\/IMG-20240513-WA0045-e1718760507162-768x768.webp 768w, https:\/\/soymigrante.com\/revista\/wp-content\/uploads\/2024\/05\/IMG-20240513-WA0045-e1718760507162-75x75.webp 75w, https:\/\/soymigrante.com\/revista\/wp-content\/uploads\/2024\/05\/IMG-20240513-WA0045-e1718760507162-750x750.webp 750w, https:\/\/soymigrante.com\/revista\/wp-content\/uploads\/2024\/05\/IMG-20240513-WA0045-e1718760507162-1140x1140.webp 1140w, https:\/\/soymigrante.com\/revista\/wp-content\/uploads\/2024\/05\/IMG-20240513-WA0045-e1718760507162.webp 1244w\" sizes=\"(max-width: 1024px) 100vw, 1024px\" \/>\n            <\/div>\n        <\/div><div class=\"eael-entry-wrapper\"><header class=\"eael-entry-header\"><h2 class=\"eael-entry-title\"><a class=\"eael-grid-post-link\" href=\"https:\/\/soymigrante.com\/revista\/donativo-migrantes-guatemaltecos-escuela-palencia-quetzi\/\" title=\"Proyecto Quetzi: donaci\u00f3n migrante para ni\u00f1os y j\u00f3venes de una escuela en Guatemala\">Proyecto Quetzi: donaci\u00f3n migrante para ni\u00f1os y j\u00f3venes de una escuela en Guatemala<\/a><\/h2><\/header><div class=\"eael-entry-content\">\n                        <div class=\"eael-grid-post-excerpt\"><a href=\"https:\/\/soymigrante.com\/revista\/donativo-migrantes-guatemaltecos-escuela-palencia-quetzi\/\" class=\"eael-post-elements-readmore-btn\">CONOCE SU HISTORIA <\/a><\/div>\n                    <\/div><\/div><\/div>\n        <\/div>\n    <\/article><\/div>\n            <div class=\"clearfix\"><\/div>\n        <\/div>\t\t\t\t<\/div>\n\t\t\t\t\t<\/div>\n\t\t\t\t<\/div>\n\t\t\t\t<\/div>\n\t\t","protected":false},"excerpt":{"rendered":"<p>El d\u00eda siguiente al jueves de Acci\u00f3n de Gracias se convierte en un viernes de luz en albergues de Tijuana. Desde hace 14 a\u00f1os, la Red Migrante Guatemalteca les lleva un desayuno ese d\u00eda para compartir hermandad. En los albergues de Tijuana siguen varadas cientos de personas que contin\u00faan a la espera de alguna resoluci\u00f3n [&hellip;]<\/p>\n","protected":false},"author":1,"featured_media":49077,"comment_status":"open","ping_status":"open","sticky":false,"template":"","format":"standard","meta":{"_acf_changed":false,"_eb_attr":"","footnotes":""},"categories":[54],"tags":[],"class_list":["post-49076","post","type-post","status-publish","format-standard","has-post-thumbnail","hentry","category-estamos-unidos"],"acf":[],"aioseo_notices":[],"aioseo_head":"\n\t\t<!-- All in One SEO Pro 4.9.6.2 - aioseo.com -->\n\t<meta name=\"description\" content=\"En la escuela oficial de Palencia, Guatemala se efectu\u00f3 la entrega de \u00fatiles escolares y art\u00edculos de arte para estudiantes, para contribuir con la educaci\u00f3n.\" \/>\n\t<meta name=\"robots\" content=\"max-snippet:-1, max-image-preview:large, max-video-preview:-1\" \/>\n\t<meta name=\"author\" content=\"SoyMigrante.com REVISTA\"\/>\n\t<link rel=\"canonical\" href=\"https:\/\/soymigrante.com\/revista\/donativo-migrantes-guatemaltecos-escuela-palencia-quetzi\/\" \/>\n\t<meta name=\"generator\" content=\"All in One SEO Pro (AIOSEO) 4.9.6.2\" \/>\n\n\t\t<link rel=\"preconnect\" href=\"https:\/\/fonts.googleapis.com\" crossorigin>\n<link rel=\"preconnect\" href=\"https:\/\/fonts.gstatic.com\" crossorigin>\n\t\t<meta property=\"og:locale\" content=\"es_ES\" \/>\n\t\t<meta property=\"og:site_name\" content=\"SoyMigrante.com REVISTA \u2013 Nuestra misi\u00f3n es reconocer y dignificar al migrante.\" \/>\n\t\t<meta property=\"og:type\" content=\"article\" \/>\n\t\t<meta property=\"og:title\" content=\"Proyecto Quetzi: donaci\u00f3n migrante para ni\u00f1os y j\u00f3venes de una escuela en Guatemala\" \/>\n\t\t<meta property=\"og:description\" content=\"En la escuela oficial de Palencia, Guatemala se efectu\u00f3 la entrega de \u00fatiles escolares y art\u00edculos de arte para estudiantes, para contribuir con la educaci\u00f3n.\" \/>\n\t\t<meta property=\"og:url\" content=\"https:\/\/soymigrante.com\/revista\/donativo-migrantes-guatemaltecos-escuela-palencia-quetzi\/\" \/>\n\t\t<meta property=\"og:image\" content=\"https:\/\/soymigrante.com\/revista\/wp-content\/uploads\/2024\/05\/IMG-20240513-WA0045-e1718760507162.webp\" \/>\n\t\t<meta property=\"og:image:secure_url\" content=\"https:\/\/soymigrante.com\/revista\/wp-content\/uploads\/2024\/05\/IMG-20240513-WA0045-e1718760507162.webp\" \/>\n\t\t<meta property=\"og:image:width\" content=\"1244\" \/>\n\t\t<meta property=\"og:image:height\" content=\"1244\" \/>\n\t\t<meta property=\"article:published_time\" content=\"2024-05-15T23:41:07+00:00\" \/>\n\t\t<meta property=\"article:modified_time\" content=\"2025-04-15T16:01:19+00:00\" \/>\n\t\t<meta property=\"article:publisher\" content=\"https:\/\/www.facebook.com\/soymigrantecom\" \/>\n\t\t<meta name=\"twitter:card\" content=\"summary_large_image\" \/>\n\t\t<meta name=\"twitter:site\" content=\"@SoyMigrante_com\" \/>\n\t\t<meta name=\"twitter:title\" content=\"Proyecto Quetzi: donaci\u00f3n migrante para ni\u00f1os y j\u00f3venes de una escuela en Guatemala\" \/>\n\t\t<meta name=\"twitter:description\" content=\"En la escuela oficial de Palencia, Guatemala se efectu\u00f3 la entrega de \u00fatiles escolares y art\u00edculos de arte para estudiantes, para contribuir con la educaci\u00f3n.\" \/>\n\t\t<meta name=\"twitter:creator\" content=\"@SoyMigrante_com\" \/>\n\t\t<meta name=\"twitter:image\" content=\"https:\/\/soymigrante.com\/revista\/wp-content\/uploads\/2024\/05\/IMG-20240513-WA0045-e1718760507162.webp\" \/>\n\t\t<!-- All in One SEO Pro -->\r\n\t\t<title>Proyecto Quetzi: donaci\u00f3n migrante para ni\u00f1os y j\u00f3venes de una escuela en Guatemala<\/title>\n\n","aioseo_head_json":{"title":"Proyecto Quetzi: donaci\u00f3n migrante para ni\u00f1os y j\u00f3venes de una escuela en Guatemala","description":"En la escuela oficial de Palencia, Guatemala se efectu\u00f3 la entrega de \u00fatiles escolares y art\u00edculos de arte para estudiantes, para contribuir con la educaci\u00f3n.","canonical_url":"https:\/\/soymigrante.com\/revista\/donativo-migrantes-guatemaltecos-escuela-palencia-quetzi\/","robots":"max-snippet:-1, max-image-preview:large, max-video-preview:-1","keywords":"","webmasterTools":{"miscellaneous":"&lt;link rel=\"preconnect\" href=\"https:\/\/fonts.googleapis.com\" crossorigin&gt;\n&lt;link rel=\"preconnect\" href=\"https:\/\/fonts.gstatic.com\" crossorigin&gt;"},"schema":null,"og:locale":"es_ES","og:site_name":"SoyMigrante.com REVISTA \u2013 Nuestra misi\u00f3n es reconocer y dignificar al migrante.","og:type":"article","og:title":"Proyecto Quetzi: donaci\u00f3n migrante para ni\u00f1os y j\u00f3venes de una escuela en Guatemala","og:description":"En la escuela oficial de Palencia, Guatemala se efectu\u00f3 la entrega de \u00fatiles escolares y art\u00edculos de arte para estudiantes, para contribuir con la educaci\u00f3n.","og:url":"https:\/\/soymigrante.com\/revista\/donativo-migrantes-guatemaltecos-escuela-palencia-quetzi\/","og:image":"https:\/\/soymigrante.com\/revista\/wp-content\/uploads\/2024\/05\/IMG-20240513-WA0045-e1718760507162.webp","og:image:secure_url":"https:\/\/soymigrante.com\/revista\/wp-content\/uploads\/2024\/05\/IMG-20240513-WA0045-e1718760507162.webp","og:image:width":1244,"og:image:height":1244,"article:published_time":"2024-05-15T23:41:07+00:00","article:modified_time":"2025-04-15T16:01:19+00:00","article:publisher":"https:\/\/www.facebook.com\/soymigrantecom","twitter:card":"summary_large_image","twitter:site":"@SoyMigrante_com","twitter:title":"Proyecto Quetzi: donaci\u00f3n migrante para ni\u00f1os y j\u00f3venes de una escuela en Guatemala","twitter:description":"En la escuela oficial de Palencia, Guatemala se efectu\u00f3 la entrega de \u00fatiles escolares y art\u00edculos de arte para estudiantes, para contribuir con la educaci\u00f3n.","twitter:creator":"@SoyMigrante_com","twitter:image":"https:\/\/soymigrante.com\/revista\/wp-content\/uploads\/2024\/05\/IMG-20240513-WA0045-e1718760507162.webp"},"aioseo_meta_data":{"post_id":"49076","title":"Red Migrante Guatemalteca dona desayuno a refugios de Tijuana","description":"Desayuno de Acci\u00f3n de Gracias con migrantes en albergues fronterizos en Tijuana, M\u00e9xico cumple 14 a\u00f1os. Grupo RMG apoya estos refugios con v\u00edveres y hermandad.","keywords":null,"keyphrases":{"focus":{"keyphrase":"Refugios","score":82,"analysis":{"keyphraseInTitle":{"score":9,"maxScore":9,"error":0},"keyphraseInDescription":{"score":9,"maxScore":9,"error":0},"keyphraseLength":{"score":9,"maxScore":9,"error":0,"length":1},"keyphraseInURL":{"score":5,"maxScore":5,"error":0},"keyphraseInIntroduction":{"score":3,"maxScore":9,"error":1},"keyphraseInSubHeadings":{"score":3,"maxScore":9,"error":1},"keyphraseInImageAlt":{"score":9,"maxScore":9,"error":0},"keywordDensity":{"type":"best","score":9,"maxScore":9,"error":0}}},"additional":[{"keyphrase":"Red Migrante","score":73,"analysis":{"keyphraseInDescription":{"score":3,"maxScore":9,"error":1},"keyphraseLength":{"score":9,"maxScore":9,"error":0,"length":2},"keyphraseInIntroduction":{"score":3,"maxScore":9,"error":1},"keyphraseInImageAlt":{"score":9,"maxScore":9,"error":0},"keywordDensity":{"type":"best","score":9,"maxScore":9,"error":0}}}]},"primary_term":null,"canonical_url":null,"og_title":null,"og_description":null,"og_object_type":"default","og_image_type":"default","og_image_url":null,"og_image_width":null,"og_image_height":null,"og_image_custom_url":null,"og_image_custom_fields":null,"og_video":"","og_custom_url":null,"og_article_section":null,"og_article_tags":null,"twitter_use_og":false,"twitter_card":"default","twitter_image_type":"default","twitter_image_url":null,"twitter_image_custom_url":null,"twitter_image_custom_fields":null,"twitter_title":null,"twitter_description":null,"schema":{"blockGraphs":[],"customGraphs":[],"default":{"data":{"Article":[],"Course":[],"Dataset":[],"FAQPage":[],"Movie":[],"Person":[],"Product":[],"ProductReview":[],"Car":[],"Recipe":[],"Service":[],"SoftwareApplication":[],"WebPage":[]},"graphName":"NewsArticle","isEnabled":true},"graphs":[]},"schema_type":"default","schema_type_options":null,"pillar_content":false,"robots_default":true,"robots_noindex":false,"robots_noarchive":false,"robots_nosnippet":false,"robots_nofollow":false,"robots_noimageindex":false,"robots_noodp":false,"robots_notranslate":false,"robots_max_snippet":"-1","robots_max_videopreview":"-1","robots_max_imagepreview":"large","priority":null,"frequency":"default","local_seo":null,"seo_analyzer_scan_date":"2025-11-28 22:11:11","breadcrumb_settings":null,"limit_modified_date":false,"reviewed_by":"0","open_ai":null,"ai":{"faqs":[],"keyPoints":[],"titles":[],"descriptions":[],"socialPosts":{"email":[],"linkedin":[],"twitter":[],"facebook":[],"instagram":[]}},"created":"2025-11-28 11:16:53","updated":"2026-02-05 07:26:32"},"aioseo_breadcrumb":"<div class=\"aioseo-breadcrumbs\"><span class=\"aioseo-breadcrumb\">\n\t<a href=\"https:\/\/soymigrante.com\/revista\" title=\"Home\">Home<\/a>\n<\/span><span class=\"aioseo-breadcrumb-separator\">\u00bb<\/span><span class=\"aioseo-breadcrumb\">\n\t<a href=\"https:\/\/soymigrante.com\/revista\/category\/estamos-unidos\/\" title=\"Estamos Unidos\">Estamos Unidos<\/a>\n<\/span><span class=\"aioseo-breadcrumb-separator\">\u00bb<\/span><span class=\"aioseo-breadcrumb\">\n\tRed Migrante dona desayuno de Acci\u00f3n de Gracias a refugios fronterizos de Tijuana desde 2011\n<\/span><\/div>","aioseo_breadcrumb_json":[{"label":"Home","link":"https:\/\/soymigrante.com\/revista"},{"label":"Estamos Unidos","link":"https:\/\/soymigrante.com\/revista\/category\/estamos-unidos\/"},{"label":"Red Migrante dona desayuno de Acci\u00f3n de Gracias a refugios fronterizos de Tijuana desde 2011","link":"https:\/\/soymigrante.com\/revista\/red-migrante-guatemalteca-desayuno-accion-de-gracias-refugios-fronterizos-tijuana\/"}],"_links":{"self":[{"href":"https:\/\/soymigrante.com\/revista\/wp-json\/wp\/v2\/posts\/49076","targetHints":{"allow":["GET"]}}],"collection":[{"href":"https:\/\/soymigrante.com\/revista\/wp-json\/wp\/v2\/posts"}],"about":[{"href":"https:\/\/soymigrante.com\/revista\/wp-json\/wp\/v2\/types\/post"}],"author":[{"embeddable":true,"href":"https:\/\/soymigrante.com\/revista\/wp-json\/wp\/v2\/users\/1"}],"replies":[{"embeddable":true,"href":"https:\/\/soymigrante.com\/revista\/wp-json\/wp\/v2\/comments?post=49076"}],"version-history":[{"count":12,"href":"https:\/\/soymigrante.com\/revista\/wp-json\/wp\/v2\/posts\/49076\/revisions"}],"predecessor-version":[{"id":49107,"href":"https:\/\/soymigrante.com\/revista\/wp-json\/wp\/v2\/posts\/49076\/revisions\/49107"}],"wp:featuredmedia":[{"embeddable":true,"href":"https:\/\/soymigrante.com\/revista\/wp-json\/wp\/v2\/media\/49077"}],"wp:attachment":[{"href":"https:\/\/soymigrante.com\/revista\/wp-json\/wp\/v2\/media?parent=49076"}],"wp:term":[{"taxonomy":"category","embeddable":true,"href":"https:\/\/soymigrante.com\/revista\/wp-json\/wp\/v2\/categories?post=49076"},{"taxonomy":"post_tag","embeddable":true,"href":"https:\/\/soymigrante.com\/revista\/wp-json\/wp\/v2\/tags?post=49076"}],"curies":[{"name":"wp","href":"https:\/\/api.w.org\/{rel}","templated":true}]}}