{"id":49063,"date":"2025-11-27T13:26:10","date_gmt":"2025-11-27T19:26:10","guid":{"rendered":"https:\/\/soymigrante.com\/revista\/?p=49063"},"modified":"2025-11-27T13:34:56","modified_gmt":"2025-11-27T19:34:56","slug":"solidaridad-migrante-dona-viveres-a-familias-afectadas-por-redadas-en-oklahoma","status":"publish","type":"post","link":"https:\/\/soymigrante.com\/revista\/solidaridad-migrante-dona-viveres-a-familias-afectadas-por-redadas-en-oklahoma\/","title":{"rendered":"Solidaridad migrante dona v\u00edveres a familias afectadas por redadas en Oklahoma"},"content":{"rendered":"\t\t<div data-elementor-type=\"wp-post\" data-elementor-id=\"49063\" class=\"elementor elementor-49063\" data-elementor-post-type=\"post\">\n\t\t\t\t<div data-particle_enable=\"false\" data-particle-mobile-disabled=\"false\" class=\"elementor-element elementor-element-f6d792f e-flex e-con-boxed e-con e-parent\" data-id=\"f6d792f\" data-element_type=\"container\" data-e-type=\"container\">\n\t\t\t\t\t<div class=\"e-con-inner\">\n\t\t\t\t<div class=\"elementor-element elementor-element-5f8181b elementor-widget elementor-widget-heading\" data-id=\"5f8181b\" data-element_type=\"widget\" data-e-type=\"widget\" data-widget_type=\"heading.default\">\n\t\t\t\t\t<h2 class=\"elementor-heading-title elementor-size-default\">\"Se oyen una historias que de verdad dan ganas de llorar. Pero en lugar de eso mejor es tratar de ayudar\", dice Nelly Ruiz, guatemalteca en Oklahoma que impuls\u00f3 la entrega de v\u00edveres a familias afectadas por detenci\u00f3n de padres.<\/h2>\t\t\t\t<\/div>\n\t\t\t\t\t<\/div>\n\t\t\t\t<\/div>\n\t\t<div data-particle_enable=\"false\" data-particle-mobile-disabled=\"false\" class=\"elementor-element elementor-element-a5ad0e4 e-flex e-con-boxed e-con e-parent\" data-id=\"a5ad0e4\" data-element_type=\"container\" data-e-type=\"container\">\n\t\t\t\t\t<div class=\"e-con-inner\">\n\t\t\t\t<div class=\"elementor-element elementor-element-e321efd elementor-widget elementor-widget-text-editor\" data-id=\"e321efd\" data-element_type=\"widget\" data-e-type=\"widget\" data-widget_type=\"text-editor.default\">\n\t\t\t\t\t\t\t\t\t<p data-start=\"324\" data-end=\"676\">La alegr\u00eda y los reencuentros que suelen marcar Halloween y\u00a0 D\u00eda de Acci\u00f3n de Gracias, este a\u00f1o 2025 est\u00e1n marcados por el temor, la soledad y la separaci\u00f3n de familias a causa de <a href=\"https:\/\/soymigrante.com\/revista\/operativos-antimaras-en-usa-se-utilizan-para-detener-migrantes-sin-antecedentes-cuestiona-insight-crime\/\">operativos migratorios.<\/a> Esposas e hijos pasan en Oklahoma pasan dificultades ante la captura de esposos y hermanos, a menudo<a href=\"https:\/\/soymigrante.com\/revista\/gobernador-de-carolina-del-norte-senala-abusos-en-operativos-migratorios-y-pide-reporte-de-detenidos\/\"> injustificada.<\/a><\/p><p data-start=\"324\" data-end=\"676\">Ante ese escenario desolador, un gesto solidario empez\u00f3 a tomar forma casi de manera espont\u00e1nea. La familia de Nelly Ruiz, migrante guatemalteca radicada en <a href=\"https:\/\/soymigrante.com\/revista\/gala-excelencia-2025-celebra-impacto-positivo-de-guatemaltecos-en-oklahoma\/\">Oklahoma,<\/a> decidi\u00f3 actuar. Ella no busca protagonismo ni nada de eso. Pero &#8220;ten\u00eda que hacer algo&#8221;, dice al ver el impacto de tantas familias quebradas emocionalmente y luchando por sostenerse con lo m\u00ednimo. &#8220;Y uno solo no puede. As\u00ed que se hace una convocatoria a la comunidad para ayudar a estas familias&#8221;.\u00a0<\/p><p data-start=\"324\" data-end=\"676\">Se entregaron canastas de v\u00edveres y todav\u00eda este Jueves de Acci\u00f3n de Gracias 2025 se iba a conseguir v\u00edveres para una m\u00e1s que pidi\u00f3 ayuda. Esta es la historia de un peque\u00f1o gesto que puede cambiar historias e inspirar m\u00e1s acciones similares.<\/p>\t\t\t\t\t\t\t\t<\/div>\n\t\t\t\t\t<\/div>\n\t\t\t\t<\/div>\n\t\t<div data-particle_enable=\"false\" data-particle-mobile-disabled=\"false\" class=\"elementor-element elementor-element-43418dd e-flex e-con-boxed e-con e-parent\" data-id=\"43418dd\" data-element_type=\"container\" data-e-type=\"container\">\n\t\t\t\t\t<div class=\"e-con-inner\">\n\t\t\t\t<div class=\"elementor-element elementor-element-e7ade3a elementor-widget elementor-widget-image\" data-id=\"e7ade3a\" data-element_type=\"widget\" data-e-type=\"widget\" data-widget_type=\"image.default\">\n\t\t\t\t\t\t\t\t\t\t\t\t<figure class=\"wp-caption\">\n\t\t\t\t\t\t\t\t\t\t<img fetchpriority=\"high\" decoding=\"async\" width=\"1024\" height=\"1024\" src=\"https:\/\/soymigrante.com\/revista\/wp-content\/uploads\/2025\/11\/donativo-migrantes-oklahoma-1024x1024.jpg\" class=\"attachment-large size-large wp-image-49068\" alt=\"Esta fue la convocatoria que se hizo a mediados de noviembre para poder reunir aportes en v\u00edveres para entregar canastas a familias, sobre todo madres y ni\u00f1os, que se han visto afectadas por la detenci\u00f3n de sus esposos en operativos migratorios.\" srcset=\"https:\/\/soymigrante.com\/revista\/wp-content\/uploads\/2025\/11\/donativo-migrantes-oklahoma-1024x1024.jpg 1024w, https:\/\/soymigrante.com\/revista\/wp-content\/uploads\/2025\/11\/donativo-migrantes-oklahoma-300x300.jpg 300w, https:\/\/soymigrante.com\/revista\/wp-content\/uploads\/2025\/11\/donativo-migrantes-oklahoma-150x150.jpg 150w, https:\/\/soymigrante.com\/revista\/wp-content\/uploads\/2025\/11\/donativo-migrantes-oklahoma-768x768.jpg 768w, https:\/\/soymigrante.com\/revista\/wp-content\/uploads\/2025\/11\/donativo-migrantes-oklahoma-75x75.jpg 75w, https:\/\/soymigrante.com\/revista\/wp-content\/uploads\/2025\/11\/donativo-migrantes-oklahoma-750x750.jpg 750w, https:\/\/soymigrante.com\/revista\/wp-content\/uploads\/2025\/11\/donativo-migrantes-oklahoma.jpg 1080w\" sizes=\"(max-width: 1024px) 100vw, 1024px\" title=\"Esta fue la convocatoria que se  hizo a mediados de noviembre para poder reunir aportes en v\u00edveres para entregar canastas a familias, sobre todo madres y ni\u00f1os, que se han visto afectadas por la detenci\u00f3n de sus esposos en  operativos migratorios. \u2013 SoyMigrante.com REVISTA\" \/>\t\t\t\t\t\t\t\t\t\t\t<figcaption class=\"widget-image-caption wp-caption-text\">Esta fue la convocatoria que se  hizo a mediados de noviembre para poder reunir aportes en v\u00edveres para entregar canastas a familias, sobre todo madres y ni\u00f1os, que se han visto afectadas por la detenci\u00f3n de sus esposos en  operativos migratorios.<\/figcaption>\n\t\t\t\t\t\t\t\t\t\t<\/figure>\n\t\t\t\t\t\t\t\t\t<\/div>\n\t\t\t\t\t<\/div>\n\t\t\t\t<\/div>\n\t\t<div data-particle_enable=\"false\" data-particle-mobile-disabled=\"false\" class=\"elementor-element elementor-element-866f3d4 e-flex e-con-boxed e-con e-parent\" data-id=\"866f3d4\" data-element_type=\"container\" data-e-type=\"container\">\n\t\t\t\t\t<div class=\"e-con-inner\">\n\t\t\t\t<div class=\"elementor-element elementor-element-4d99d50 elementor-widget elementor-widget-text-editor\" data-id=\"4d99d50\" data-element_type=\"widget\" data-e-type=\"widget\" data-widget_type=\"text-editor.default\">\n\t\t\t\t\t\t\t\t\t<p data-start=\"324\" data-end=\"676\"><strong style=\"color: #000000; font-family: Mulish, sans-serif; font-size: 29px;\" data-start=\"1057\" data-end=\"1127\">Todo empez\u00f3 en Halloween<\/strong><\/p><p data-start=\"1129\" data-end=\"1521\">La iniciativa comenz\u00f3 modestamente en Halloween. \u201cHicimos una fiesta para los ni\u00f1os de estas familias\u201d, cuenta Nelly. Muchos estaban tan asustados por los operativos que no se atrev\u00edan ni a salir a pedir dulces. El miedo, mezclado con la incertidumbre econ\u00f3mica, los ten\u00eda pr\u00e1cticamente encerrados&#8221; relata Nelly Ruiz.<\/p><p data-start=\"1523\" data-end=\"1845\">Ese d\u00eda, distintas familias y negocios locales hispanos armaron puestos con juegos, dulces y actividades en The Queen Center, sitio de eventos de la familia de Ruiz.<\/p><p data-start=\"1523\" data-end=\"1845\">Un colombiano que pasaba por el lugar pidi\u00f3 animar el evento y se encarg\u00f3 de dirigir concursos y repartir premios. Fue una tarde luminosa de <a href=\"https:\/\/soymigrante.com\/revista\/migrantes-guatemaltecos-brindan-tarde-de-alegria-para-ninas-de-hogar\/\">hermandad <\/a>hispana y migrante en medio de semanas tensas, relata la guatemalteca. Era el inicio de un nuevo objetivo ben\u00e9fico.<\/p>\t\t\t\t\t\t\t\t<\/div>\n\t\t\t\t\t<\/div>\n\t\t\t\t<\/div>\n\t\t<div data-particle_enable=\"false\" data-particle-mobile-disabled=\"false\" class=\"elementor-element elementor-element-33543ab e-flex e-con-boxed e-con e-parent\" data-id=\"33543ab\" data-element_type=\"container\" data-e-type=\"container\">\n\t\t\t\t\t<div class=\"e-con-inner\">\n\t\t\t\t<div class=\"elementor-element elementor-element-8df6d6e elementor-widget elementor-widget-image\" data-id=\"8df6d6e\" data-element_type=\"widget\" data-e-type=\"widget\" data-widget_type=\"image.default\">\n\t\t\t\t\t\t\t\t\t\t\t\t<figure class=\"wp-caption\">\n\t\t\t\t\t\t\t\t\t\t<img decoding=\"async\" width=\"1140\" height=\"855\" src=\"https:\/\/soymigrante.com\/revista\/wp-content\/uploads\/2025\/11\/noviembre-en-oklahoma-ayuda-ninos-1140x855.jpg\" class=\"attachment-large size-large wp-image-49069\" alt=\"El 1 de noviembre se organiz\u00f3 un festejo de Halloween en The Queen Center, un recinto seguro, para que ni\u00f1os de familias afectadas por operativos pudieran recoger dulces en los puestos de varios comercios e instituciones que aceptaron participar. &quot;Los ni\u00f1os no salieron a pedir sus dulces a la calle por temor, as\u00ed que se les dio un espacio seguro en nuestro centro de eventos&quot;, comenta la guatemalteca Nelly Ruiz, en Oklahoma.\" srcset=\"https:\/\/soymigrante.com\/revista\/wp-content\/uploads\/2025\/11\/noviembre-en-oklahoma-ayuda-ninos-1140x855.jpg 1140w, https:\/\/soymigrante.com\/revista\/wp-content\/uploads\/2025\/11\/noviembre-en-oklahoma-ayuda-ninos-300x225.jpg 300w, https:\/\/soymigrante.com\/revista\/wp-content\/uploads\/2025\/11\/noviembre-en-oklahoma-ayuda-ninos-768x576.jpg 768w, https:\/\/soymigrante.com\/revista\/wp-content\/uploads\/2025\/11\/noviembre-en-oklahoma-ayuda-ninos-1536x1152.jpg 1536w, https:\/\/soymigrante.com\/revista\/wp-content\/uploads\/2025\/11\/noviembre-en-oklahoma-ayuda-ninos-750x563.jpg 750w, https:\/\/soymigrante.com\/revista\/wp-content\/uploads\/2025\/11\/noviembre-en-oklahoma-ayuda-ninos.jpg 2048w\" sizes=\"(max-width: 1140px) 100vw, 1140px\" title=\"El 1 de noviembre se organiz\u00f3 un festejo de Halloween en The Queen Center, un recinto seguro, para que ni\u00f1os de familias afectadas por operativos pudieran recoger dulces en los puestos de varios comercios e instituciones que aceptaron participar. &quot;Los ni\u00f1os no salieron a pedir sus dulces a la calle por temor, as\u00ed que se les dio un espacio seguro en nuestro centro de eventos&quot;, comenta la guatemalteca Nelly Ruiz, en Oklahoma. \u2013 SoyMigrante.com REVISTA\" \/>\t\t\t\t\t\t\t\t\t\t\t<figcaption class=\"widget-image-caption wp-caption-text\">El 1 de noviembre se organiz\u00f3 un festejo de Halloween en The Queen Center, un recinto seguro, para que ni\u00f1os de familias afectadas por operativos pudieran recoger dulces en los puestos de varios comercios e instituciones que aceptaron participar. \"Los ni\u00f1os no salieron a pedir sus dulces a la calle por temor, as\u00ed que se les dio un espacio seguro en nuestro centro de eventos\", comenta la guatemalteca Nelly Ruiz, en Oklahoma.<\/figcaption>\n\t\t\t\t\t\t\t\t\t\t<\/figure>\n\t\t\t\t\t\t\t\t\t<\/div>\n\t\t\t\t\t<\/div>\n\t\t\t\t<\/div>\n\t\t<div data-particle_enable=\"false\" data-particle-mobile-disabled=\"false\" class=\"elementor-element elementor-element-9a76983 e-flex e-con-boxed e-con e-parent\" data-id=\"9a76983\" data-element_type=\"container\" data-e-type=\"container\">\n\t\t\t\t\t<div class=\"e-con-inner\">\n\t\t\t\t<div class=\"elementor-element elementor-element-2aed22b elementor-widget elementor-widget-text-editor\" data-id=\"2aed22b\" data-element_type=\"widget\" data-e-type=\"widget\" data-widget_type=\"text-editor.default\">\n\t\t\t\t\t\t\t\t\t<p data-start=\"324\" data-end=\"676\"><strong style=\"color: #000000; font-family: Mulish, sans-serif; font-size: 29px;\" data-start=\"2035\" data-end=\"2100\">Canastas familiares para Thanksgiving: solidaridad migrante en acci\u00f3n<\/strong><\/p><p data-start=\"2102\" data-end=\"2402\">Qued\u00f3 claro que hab\u00eda muchas necesidades en las familias afectadas por operativos migratorios. Para el<a href=\"https:\/\/soymigrante.com\/revista\/oracion-para-el-dia-de-accion-de-gracias-elige-una-para-orar-con-familia-y-amigos\/\"> D\u00eda de Acci\u00f3n de Gracias<\/a>, Nelly y familia se propusieron organizar una colecta mayor: v\u00edveres, canastas alimentarias, pavos, art\u00edculos para el hogar.<\/p><p data-start=\"2404\" data-end=\"2828\">El desaf\u00edo era identificar a las familias afectadas. Aunque conoc\u00edan algunos casos, sab\u00edan que eran m\u00e1s.\u00a0 &#8220;No es sencillo, porque la gente tiene much\u00edsimo miedo&#8221;, acota Nelly Ruiz. Pero a partir de convocar a la ayuda, empezaron llamadas y ofrecimientos solidarios. \u201cMe mandaban mensajes preguntando qu\u00e9 necesitaba\u201d, recuerda.<\/p><p data-start=\"2830\" data-end=\"3199\">Algunos donantes entregaban directamente una canasta completa; otros donaron recursos para adquirir v\u00edveres. &#8220;Esto es algo posible gracias a la hermandad, la generosidad y la uni\u00f3n&#8221;, cuenta Nelly, quien ha escuchado relatos de penuria e incertidumbre de madres que deben cuidar a sus hijos y a la vez buscar formas de trabajar.<\/p><p data-start=\"2830\" data-end=\"3199\">Una de las historias que m\u00e1s conmovi\u00f3 a Nelly fue la de una madre con cuatro hijos \u2014uno de ellos con necesidades especiales\u2014 que s\u00f3lo vend\u00eda comida un par de veces por semana y que hab\u00eda perdido tambi\u00e9n la ayuda de su cu\u00f1ado detenido en el mismo operativo.<\/p><p data-start=\"3705\" data-end=\"3931\">&#8220;Cuando lleg\u00f3 por su canasta,\u00a0 ella rompi\u00f3 en llanto. Se nos tir\u00f3 a llorar y llorar. Est\u00e1 angustiada por sus hijos, tambi\u00e9n por su esposo. Hemos o\u00eddo historias que dan ganas de llorar. Pero en lugar de eso mejor buscamos ayudar\u201d, declara Nelly.<\/p>\t\t\t\t\t\t\t\t<\/div>\n\t\t\t\t\t<\/div>\n\t\t\t\t<\/div>\n\t\t<div data-particle_enable=\"false\" data-particle-mobile-disabled=\"false\" class=\"elementor-element elementor-element-3ca5951 e-flex e-con-boxed e-con e-parent\" data-id=\"3ca5951\" data-element_type=\"container\" data-e-type=\"container\">\n\t\t\t\t\t<div class=\"e-con-inner\">\n\t\t\t\t<div class=\"elementor-element elementor-element-9f9cc30 elementor-widget elementor-widget-image\" data-id=\"9f9cc30\" data-element_type=\"widget\" data-e-type=\"widget\" data-widget_type=\"image.default\">\n\t\t\t\t\t\t\t\t\t\t\t\t<figure class=\"wp-caption\">\n\t\t\t\t\t\t\t\t\t\t<img decoding=\"async\" width=\"1024\" height=\"768\" src=\"https:\/\/soymigrante.com\/revista\/wp-content\/uploads\/2025\/11\/canasta-nelly-ruiz.jpg\" class=\"attachment-large size-large wp-image-49070\" alt=\"Cada canasta entregada en Oklahoma a familias impactadas por operativos migratorios lleva v\u00edveres, abarrotes pero sobre todo un fuerte mensaje de amor al pr\u00f3jimo.\" srcset=\"https:\/\/soymigrante.com\/revista\/wp-content\/uploads\/2025\/11\/canasta-nelly-ruiz.jpg 1024w, https:\/\/soymigrante.com\/revista\/wp-content\/uploads\/2025\/11\/canasta-nelly-ruiz-300x225.jpg 300w, https:\/\/soymigrante.com\/revista\/wp-content\/uploads\/2025\/11\/canasta-nelly-ruiz-768x576.jpg 768w, https:\/\/soymigrante.com\/revista\/wp-content\/uploads\/2025\/11\/canasta-nelly-ruiz-750x563.jpg 750w\" sizes=\"(max-width: 1024px) 100vw, 1024px\" title=\"Cada canasta entregada en Oklahoma a familias impactadas por operativos migratorios lleva v\u00edveres, abarrotes pero sobre todo un fuerte mensaje de amor al pr\u00f3jimo. \u2013 SoyMigrante.com REVISTA\" \/>\t\t\t\t\t\t\t\t\t\t\t<figcaption class=\"widget-image-caption wp-caption-text\">Cada canasta entregada en Oklahoma a familias impactadas por operativos migratorios lleva v\u00edveres, abarrotes pero sobre todo un fuerte mensaje de amor al pr\u00f3jimo.<\/figcaption>\n\t\t\t\t\t\t\t\t\t\t<\/figure>\n\t\t\t\t\t\t\t\t\t<\/div>\n\t\t\t\t\t<\/div>\n\t\t\t\t<\/div>\n\t\t<div data-particle_enable=\"false\" data-particle-mobile-disabled=\"false\" class=\"elementor-element elementor-element-f572e5f e-flex e-con-boxed e-con e-parent\" data-id=\"f572e5f\" data-element_type=\"container\" data-e-type=\"container\">\n\t\t\t\t\t<div class=\"e-con-inner\">\n\t\t\t\t<div class=\"elementor-element elementor-element-0492f9a elementor-widget elementor-widget-text-editor\" data-id=\"0492f9a\" data-element_type=\"widget\" data-e-type=\"widget\" data-widget_type=\"text-editor.default\">\n\t\t\t\t\t\t\t\t\t<p data-start=\"324\" data-end=\"676\"><span style=\"color: #000000; font-family: Mulish, sans-serif;\"><span style=\"font-size: 29px;\"><b>Muchas gracias en D\u00eda de Acci\u00f3n de Gracias<\/b><\/span><\/span><\/p><p data-start=\"324\" data-end=\"676\">Hasta ahora, se ha logrado ayudar a 28 familias. Las \u00faltimas canastas se entregaron justo un d\u00eda antes del <a href=\"https:\/\/soymigrante.com\/revista\/oracion-para-el-dia-de-accion-de-gracias-elige-una-para-orar-con-familia-y-amigos\/\">D\u00eda de Acci\u00f3n de Gracias, <\/a>pero segu\u00edan llegando llamadas de nuevas familias que necesitaban apoyo para tener una cena digna. La familia de Nelly decidi\u00f3 continuar; si hac\u00eda falta comprar otra comida de inmediato, lo har\u00edan este 27 de noviembre.<\/p><p data-start=\"4328\" data-end=\"4575\">Algunas mujeres prefer\u00edan ir a recoger la ayuda; otras, por miedo a salir, ped\u00edan que se la llevaran a su casa. La incertidumbre sigue siendo enorme. &#8220;Los alquileres han subido, los <i>biles<\/i>\u00a0(recibos) de servicios se acumulan y el temor a salir a la calle persiste. Por eso en algunas canastas se incluy\u00f3 algo de efectivo&#8221;. La gente dice Gracias y eso impacta en D\u00eda de Acci\u00f3n de Gracias.<\/p>\t\t\t\t\t\t\t\t<\/div>\n\t\t\t\t\t<\/div>\n\t\t\t\t<\/div>\n\t\t<div data-particle_enable=\"false\" data-particle-mobile-disabled=\"false\" class=\"elementor-element elementor-element-680f31f e-flex e-con-boxed e-con e-parent\" data-id=\"680f31f\" data-element_type=\"container\" data-e-type=\"container\">\n\t\t\t\t\t<div class=\"e-con-inner\">\n\t\t\t\t<div class=\"elementor-element elementor-element-e190e6a elementor-widget elementor-widget-video\" data-id=\"e190e6a\" data-element_type=\"widget\" data-e-type=\"widget\" data-settings=\"{&quot;video_type&quot;:&quot;hosted&quot;,&quot;controls&quot;:&quot;yes&quot;}\" data-widget_type=\"video.default\">\n\t\t\t\t\t\t\t<div class=\"e-hosted-video elementor-wrapper elementor-open-inline\">\n\t\t\t\t\t<video class=\"elementor-video\" src=\"https:\/\/soymigrante.com\/revista\/wp-content\/uploads\/2025\/11\/video-de-nelly-ruiz.mp4\" controls=\"\" preload=\"metadata\" controlsList=\"nodownload\"><\/video>\n\t\t\t\t<\/div>\n\t\t\t\t\t\t<\/div>\n\t\t\t\t\t<\/div>\n\t\t\t\t<\/div>\n\t\t<div data-particle_enable=\"false\" data-particle-mobile-disabled=\"false\" class=\"elementor-element elementor-element-05a5ad6 e-flex e-con-boxed e-con e-parent\" data-id=\"05a5ad6\" data-element_type=\"container\" data-e-type=\"container\">\n\t\t\t\t\t<div class=\"e-con-inner\">\n\t\t\t\t<div class=\"elementor-element elementor-element-3429d2b elementor-widget elementor-widget-text-editor\" data-id=\"3429d2b\" data-element_type=\"widget\" data-e-type=\"widget\" data-widget_type=\"text-editor.default\">\n\t\t\t\t\t\t\t\t\t<p data-start=\"324\" data-end=\"676\"><span style=\"color: #000000; font-family: Mulish, sans-serif;\"><span style=\"font-size: 29px;\"><b>Hay que seguir ayudadndo<br \/><\/b><\/span><\/span>Aunque la iniciativa naci\u00f3 de un peque\u00f1o n\u00facleo familiar, r\u00e1pidamente se convirti\u00f3 en un esfuerzo colectivo en Oklahoma City. Familias guatemaltecas, mexicanas, centroamericanas e incluso hispanos de otros pa\u00edses se sumaron sin preguntar por nombres ni nacionalidades de beneficiarios.<\/p><p data-start=\"4883\" data-end=\"5214\">Nelly insiste en que no busca reconocimiento. Lo que le mueve es evitar que el sufrimiento de estas mujeres y sus hijos pase indiferente. Quiere que m\u00e1s personas se unan, que vean que un acto sencillo \u2014una canasta, un pavo, un sobre con unos d\u00f3lares\u2014 puede significar una semana de alivio para una familia que lo ha perdido todo.<\/p><p data-start=\"5216\" data-end=\"5600\">La colecta, que comenz\u00f3 como un gesto para que los ni\u00f1os no sintieran miedo en Halloween, termin\u00f3 convirti\u00e9ndose en un acto profundo de acompa\u00f1amiento para Acci\u00f3n de Gracias. Y luego vendr\u00e1 la meta de Navidad.\u00a0<\/p><p data-start=\"5216\" data-end=\"5600\">Lo m\u00e1s importante de esta historia es que en medio de pol\u00edticas migratorias estrictas y momentos de angustia, la comunidad puede sostenerse a s\u00ed misma cuando la solidaridad se vuelve m\u00e1s fuerte que el miedo.<\/p>\t\t\t\t\t\t\t\t<\/div>\n\t\t\t\t\t<\/div>\n\t\t\t\t<\/div>\n\t\t<div data-particle_enable=\"false\" data-particle-mobile-disabled=\"false\" class=\"elementor-element elementor-element-a2ada0e e-flex e-con-boxed e-con e-parent\" data-id=\"a2ada0e\" data-element_type=\"container\" data-e-type=\"container\">\n\t\t\t\t\t<div class=\"e-con-inner\">\n\t\t\t\t<div class=\"elementor-element elementor-element-6b99698 elementor-widget elementor-widget-html\" data-id=\"6b99698\" data-element_type=\"widget\" data-e-type=\"widget\" data-widget_type=\"html.default\">\n\t\t\t\t\t<iframe src=\"https:\/\/www.facebook.com\/plugins\/post.php?href=https%3A%2F%2Fwww.facebook.com%2Fnelly.ruiz.7923%2Fposts%2Fpfbid02L3nYYH7CvL5v8XrnvftiTXHWubJfCqkt5U6JtqQxV81tZUHBqz1FDruwcb3g29kbl&show_text=true&width=500\" width=\"500\" height=\"731\" style=\"border:none;overflow:hidden\" scrolling=\"no\" frameborder=\"0\" allowfullscreen=\"true\" allow=\"autoplay; clipboard-write; encrypted-media; picture-in-picture; web-share\"><\/iframe>\t\t\t\t<\/div>\n\t\t\t\t\t<\/div>\n\t\t\t\t<\/div>\n\t\t<div data-particle_enable=\"false\" data-particle-mobile-disabled=\"false\" class=\"elementor-element elementor-element-bcca17a e-flex e-con-boxed e-con e-parent\" data-id=\"bcca17a\" data-element_type=\"container\" data-e-type=\"container\">\n\t\t\t\t\t<div class=\"e-con-inner\">\n\t\t\t\t<div class=\"elementor-element elementor-element-337a2ba elementor-widget elementor-widget-heading\" data-id=\"337a2ba\" data-element_type=\"widget\" data-e-type=\"widget\" data-widget_type=\"heading.default\">\n\t\t\t\t\t<h2 class=\"elementor-heading-title elementor-size-default\">La solidaridad guatemalteca no tiene fronteras<\/h2>\t\t\t\t<\/div>\n\t\t\t\t\t<\/div>\n\t\t\t\t<\/div>\n\t\t<div data-particle_enable=\"false\" data-particle-mobile-disabled=\"false\" class=\"elementor-element elementor-element-db8b068 e-flex e-con-boxed e-con e-parent\" data-id=\"db8b068\" data-element_type=\"container\" data-e-type=\"container\">\n\t\t\t\t\t<div class=\"e-con-inner\">\n\t\t\t\t<div class=\"elementor-element elementor-element-8e5b794 elementor-grid-eael-col-3 elementor-grid-tablet-eael-col-2 elementor-grid-mobile-eael-col-1 elementor-widget elementor-widget-eael-post-grid\" data-id=\"8e5b794\" data-element_type=\"widget\" data-e-type=\"widget\" data-settings=\"{&quot;eael_post_grid_columns&quot;:&quot;eael-col-3&quot;,&quot;eael_post_grid_columns_tablet&quot;:&quot;eael-col-2&quot;,&quot;eael_post_grid_columns_mobile&quot;:&quot;eael-col-1&quot;}\" data-widget_type=\"eael-post-grid.default\">\n\t\t\t\t\t<div id=\"eael-post-grid-8e5b794\" class=\"eael-post-grid-container\">\n            <div class=\"eael-post-grid eael-post-appender eael-post-appender-8e5b794 eael-post-grid-style-one\" data-layout-mode=\"masonry\"><article class=\"eael-grid-post  eael-post-grid-column eael-pg-post-10331 category-guate-nuestra\" data-id=\"10331\">\n        <div class=\"eael-grid-post-holder\">\n            <div class=\"eael-grid-post-holder-inner\"><div class=\"eael-entry-media\"><div class=\"eael-entry-overlay fade-in\"><i class=\"far fa-hand-pointer\" aria-hidden=\"true\"><\/i><a href=\"https:\/\/soymigrante.com\/revista\/hearts-of-eternal-spring-puente-de-ayuda-migrante-desde-oklahoma-a-guatemala\/\"><\/a><\/div><div class=\"eael-entry-thumbnail eael-image-ratio\">\n                <img loading=\"lazy\" decoding=\"async\" width=\"568\" height=\"568\" src=\"https:\/\/soymigrante.com\/revista\/wp-content\/uploads\/2024\/10\/escuela-quetzaltenango-1.webp\" class=\"attachment-large size-large wp-image-10431\" alt=\"Kits escolares para ni\u00f1os migrantes, iniciativa solidaria y educativa en M\u00e9xico, promoviendo integraci\u00f3n y apoyo a comunidades vulnerables, promoviendo derechos y bienestar infantil.\" srcset=\"https:\/\/soymigrante.com\/revista\/wp-content\/uploads\/2024\/10\/escuela-quetzaltenango-1.webp 568w, https:\/\/soymigrante.com\/revista\/wp-content\/uploads\/2024\/10\/escuela-quetzaltenango-1-300x300.webp 300w, https:\/\/soymigrante.com\/revista\/wp-content\/uploads\/2024\/10\/escuela-quetzaltenango-1-150x150.webp 150w, https:\/\/soymigrante.com\/revista\/wp-content\/uploads\/2024\/10\/escuela-quetzaltenango-1-75x75.webp 75w\" sizes=\"(max-width: 568px) 100vw, 568px\" \/>\n            <\/div>\n        <\/div><div class=\"eael-entry-wrapper\"><header class=\"eael-entry-header\"><h2 class=\"eael-entry-title\"><a class=\"eael-grid-post-link\" href=\"https:\/\/soymigrante.com\/revista\/hearts-of-eternal-spring-puente-de-ayuda-migrante-desde-oklahoma-a-guatemala\/\" title=\"Hearts of Eternal Spring: puente de ayuda migrante desde Oklahoma a Guatemala\">Hearts of Eternal Spring: puente de ayuda migrante desde Oklahoma a Guatemala<\/a><\/h2><\/header><div class=\"eael-entry-content\">\n                        <div class=\"eael-grid-post-excerpt\"><a href=\"https:\/\/soymigrante.com\/revista\/hearts-of-eternal-spring-puente-de-ayuda-migrante-desde-oklahoma-a-guatemala\/\" class=\"eael-post-elements-readmore-btn\">CONOCE SU HISTORIA <\/a><\/div>\n                    <\/div><\/div><\/div>\n        <\/div>\n    <\/article><article class=\"eael-grid-post  eael-post-grid-column eael-pg-post-32189 category-estamos-unidos\" data-id=\"32189\">\n        <div class=\"eael-grid-post-holder\">\n            <div class=\"eael-grid-post-holder-inner\"><div class=\"eael-entry-media\"><div class=\"eael-entry-overlay fade-in\"><i class=\"far fa-hand-pointer\" aria-hidden=\"true\"><\/i><a href=\"https:\/\/soymigrante.com\/revista\/migrantes-guatemaltecos-brindan-tarde-de-alegria-para-ninas-de-hogar\/\"><\/a><\/div><div class=\"eael-entry-thumbnail eael-image-ratio\">\n                <img loading=\"lazy\" decoding=\"async\" width=\"1024\" height=\"1024\" src=\"https:\/\/soymigrante.com\/revista\/wp-content\/uploads\/2025\/04\/Guatemaltecos-en-USA-impulsan-momentos-de-alegria-para-ninas4-e1746031514222-1024x1024.jpeg\" class=\"attachment-large size-large wp-image-32190\" alt=\"Mu\u00f1ecos de payaso y marionetas en celebraci\u00f3n infantil en comunidad escolar, ni\u00f1os y maestras participan en actividades recreativas y culturales para promover alegr\u00eda y convivencia.\" srcset=\"https:\/\/soymigrante.com\/revista\/wp-content\/uploads\/2025\/04\/Guatemaltecos-en-USA-impulsan-momentos-de-alegria-para-ninas4-e1746031514222-1024x1024.jpeg 1024w, https:\/\/soymigrante.com\/revista\/wp-content\/uploads\/2025\/04\/Guatemaltecos-en-USA-impulsan-momentos-de-alegria-para-ninas4-e1746031514222-300x300.jpeg 300w, https:\/\/soymigrante.com\/revista\/wp-content\/uploads\/2025\/04\/Guatemaltecos-en-USA-impulsan-momentos-de-alegria-para-ninas4-e1746031514222-150x150.jpeg 150w, https:\/\/soymigrante.com\/revista\/wp-content\/uploads\/2025\/04\/Guatemaltecos-en-USA-impulsan-momentos-de-alegria-para-ninas4-e1746031514222-768x768.jpeg 768w, https:\/\/soymigrante.com\/revista\/wp-content\/uploads\/2025\/04\/Guatemaltecos-en-USA-impulsan-momentos-de-alegria-para-ninas4-e1746031514222-75x75.webp 75w, https:\/\/soymigrante.com\/revista\/wp-content\/uploads\/2025\/04\/Guatemaltecos-en-USA-impulsan-momentos-de-alegria-para-ninas4-e1746031514222-750x750.webp 750w, https:\/\/soymigrante.com\/revista\/wp-content\/uploads\/2025\/04\/Guatemaltecos-en-USA-impulsan-momentos-de-alegria-para-ninas4-e1746031514222-1140x1140.webp 1140w, https:\/\/soymigrante.com\/revista\/wp-content\/uploads\/2025\/04\/Guatemaltecos-en-USA-impulsan-momentos-de-alegria-para-ninas4-e1746031514222.webp 1197w\" sizes=\"(max-width: 1024px) 100vw, 1024px\" \/>\n            <\/div>\n        <\/div><div class=\"eael-entry-wrapper\"><header class=\"eael-entry-header\"><h2 class=\"eael-entry-title\"><a class=\"eael-grid-post-link\" href=\"https:\/\/soymigrante.com\/revista\/migrantes-guatemaltecos-brindan-tarde-de-alegria-para-ninas-de-hogar\/\" title=\"Migrantes guatemaltecos brindan tarde de alegr\u00eda para ni\u00f1as de hogar\">Migrantes guatemaltecos brindan tarde de alegr\u00eda para ni\u00f1as de hogar<\/a><\/h2><\/header><div class=\"eael-entry-content\">\n                        <div class=\"eael-grid-post-excerpt\"><a href=\"https:\/\/soymigrante.com\/revista\/migrantes-guatemaltecos-brindan-tarde-de-alegria-para-ninas-de-hogar\/\" class=\"eael-post-elements-readmore-btn\">CONOCE SU HISTORIA <\/a><\/div>\n                    <\/div><\/div><\/div>\n        <\/div>\n    <\/article><article class=\"eael-grid-post  eael-post-grid-column eael-pg-post-16900 category-exitos\" data-id=\"16900\">\n        <div class=\"eael-grid-post-holder\">\n            <div class=\"eael-grid-post-holder-inner\"><div class=\"eael-entry-media\"><div class=\"eael-entry-overlay fade-in\"><i class=\"far fa-hand-pointer\" aria-hidden=\"true\"><\/i><a href=\"https:\/\/soymigrante.com\/revista\/karolin-espana-dirige-kika-proyecto-de-ayuda-alimentaria-impulsado-por-sus-hijas\/\"><\/a><\/div><div class=\"eael-entry-thumbnail eael-image-ratio\">\n                <img loading=\"lazy\" decoding=\"async\" width=\"861\" height=\"861\" src=\"https:\/\/soymigrante.com\/revista\/wp-content\/uploads\/2024\/12\/historia-karolin-espana-KIKA.webp\" class=\"attachment-large size-large wp-image-16901\" alt=\"Ni\u00f1a en desfile cultural participando en evento de apoyo a la infancia y la nutrici\u00f3n en M\u00e9xico, con grupo de personas en vestimenta tradicional y cartel de organizaci\u00f3n KIKA, promoviendo derechos infantiles.\" srcset=\"https:\/\/soymigrante.com\/revista\/wp-content\/uploads\/2024\/12\/historia-karolin-espana-KIKA.webp 861w, https:\/\/soymigrante.com\/revista\/wp-content\/uploads\/2024\/12\/historia-karolin-espana-KIKA-300x300.jpg 300w, https:\/\/soymigrante.com\/revista\/wp-content\/uploads\/2024\/12\/historia-karolin-espana-KIKA-150x150.jpg 150w, https:\/\/soymigrante.com\/revista\/wp-content\/uploads\/2024\/12\/historia-karolin-espana-KIKA-768x768.jpg 768w, https:\/\/soymigrante.com\/revista\/wp-content\/uploads\/2024\/12\/historia-karolin-espana-KIKA-75x75.webp 75w, https:\/\/soymigrante.com\/revista\/wp-content\/uploads\/2024\/12\/historia-karolin-espana-KIKA-750x750.webp 750w\" sizes=\"(max-width: 861px) 100vw, 861px\" \/>\n            <\/div>\n        <\/div><div class=\"eael-entry-wrapper\"><header class=\"eael-entry-header\"><h2 class=\"eael-entry-title\"><a class=\"eael-grid-post-link\" href=\"https:\/\/soymigrante.com\/revista\/karolin-espana-dirige-kika-proyecto-de-ayuda-alimentaria-impulsado-por-sus-hijas\/\" title=\"Karolin Rasc\u00f3n dirige KIKA, iniciativa de ayuda alimentaria desde L.A. a Guatemala, inspirada por sus hijas Kiara y Kaili\">Karolin Rasc\u00f3n dirige KIKA, iniciativa de ayuda alimentaria desde L.A. a Guatemala, inspirada por sus hijas Kiara y Kaili<\/a><\/h2><\/header><div class=\"eael-entry-content\">\n                        <div class=\"eael-grid-post-excerpt\"><a href=\"https:\/\/soymigrante.com\/revista\/karolin-espana-dirige-kika-proyecto-de-ayuda-alimentaria-impulsado-por-sus-hijas\/\" class=\"eael-post-elements-readmore-btn\">CONOCE SU HISTORIA <\/a><\/div>\n                    <\/div><\/div><\/div>\n        <\/div>\n    <\/article><\/div>\n            <div class=\"clearfix\"><\/div>\n        <\/div>\t\t\t\t<\/div>\n\t\t\t\t\t<\/div>\n\t\t\t\t<\/div>\n\t\t\t\t<\/div>\n\t\t","protected":false},"excerpt":{"rendered":"<p>&#8220;Se oyen una historias que de verdad dan ganas de llorar. Pero en lugar de eso mejor es tratar de ayudar&#8221;, dice Nelly Ruiz, guatemalteca en Oklahoma que impuls\u00f3 la entrega de v\u00edveres a familias afectadas por detenci\u00f3n de padres. La alegr\u00eda y los reencuentros que suelen marcar Halloween y\u00a0 D\u00eda de Acci\u00f3n de Gracias, [&hellip;]<\/p>\n","protected":false},"author":7,"featured_media":49064,"comment_status":"open","ping_status":"open","sticky":false,"template":"","format":"standard","meta":{"_acf_changed":false,"_eb_attr":"","footnotes":""},"categories":[54],"tags":[],"class_list":["post-49063","post","type-post","status-publish","format-standard","has-post-thumbnail","hentry","category-estamos-unidos"],"acf":[],"aioseo_notices":[],"aioseo_head":"\n\t\t<!-- All in One SEO Pro 4.9.6.2 - aioseo.com -->\n\t<meta name=\"description\" content=\"Karolin Rasc\u00f3n-Espa\u00f1a, migrante guatemalteca en Los Angeles recauda ayuda para familias del Corredor Seco, un proyecto inspirado por sus hijas KIara y KAili.\" \/>\n\t<meta name=\"robots\" content=\"max-snippet:-1, max-image-preview:large, max-video-preview:-1\" \/>\n\t<meta name=\"author\" content=\"Gustavo Montenegro\"\/>\n\t<link rel=\"canonical\" href=\"https:\/\/soymigrante.com\/revista\/karolin-espana-dirige-kika-proyecto-de-ayuda-alimentaria-impulsado-por-sus-hijas\/\" \/>\n\t<meta name=\"generator\" content=\"All in One SEO Pro (AIOSEO) 4.9.6.2\" \/>\n\n\t\t<link rel=\"preconnect\" href=\"https:\/\/fonts.googleapis.com\" crossorigin>\n<link rel=\"preconnect\" href=\"https:\/\/fonts.gstatic.com\" crossorigin>\n\t\t<meta property=\"og:locale\" content=\"es_ES\" \/>\n\t\t<meta property=\"og:site_name\" content=\"SoyMigrante.com REVISTA \u2013 Nuestra misi\u00f3n es reconocer y dignificar al migrante.\" \/>\n\t\t<meta property=\"og:type\" content=\"article\" \/>\n\t\t<meta property=\"og:title\" content=\"Karolin dirige KIKA, iniciativa de ayuda de L.A. a Guatemala\" \/>\n\t\t<meta property=\"og:description\" content=\"Karolin Rasc\u00f3n-Espa\u00f1a, migrante guatemalteca en Los Angeles recauda ayuda para familias del Corredor Seco, un proyecto inspirado por sus hijas KIara y KAili.\" \/>\n\t\t<meta property=\"og:url\" content=\"https:\/\/soymigrante.com\/revista\/karolin-espana-dirige-kika-proyecto-de-ayuda-alimentaria-impulsado-por-sus-hijas\/\" \/>\n\t\t<meta property=\"og:image\" content=\"https:\/\/soymigrante.com\/revista\/wp-content\/uploads\/2024\/12\/historia-karolin-espana-KIKA.webp\" \/>\n\t\t<meta property=\"og:image:secure_url\" content=\"https:\/\/soymigrante.com\/revista\/wp-content\/uploads\/2024\/12\/historia-karolin-espana-KIKA.webp\" \/>\n\t\t<meta property=\"og:image:width\" content=\"861\" \/>\n\t\t<meta property=\"og:image:height\" content=\"861\" \/>\n\t\t<meta property=\"article:published_time\" content=\"2024-12-17T12:00:00+00:00\" \/>\n\t\t<meta property=\"article:modified_time\" content=\"2024-12-22T00:47:29+00:00\" \/>\n\t\t<meta property=\"article:publisher\" content=\"https:\/\/www.facebook.com\/soymigrantecom\" \/>\n\t\t<meta name=\"twitter:card\" content=\"summary_large_image\" \/>\n\t\t<meta name=\"twitter:site\" content=\"@SoyMigrante_com\" \/>\n\t\t<meta name=\"twitter:title\" content=\"Karolin dirige KIKA, iniciativa de ayuda de L.A. a Guatemala\" \/>\n\t\t<meta name=\"twitter:description\" content=\"Karolin Rasc\u00f3n-Espa\u00f1a, migrante guatemalteca en Los Angeles recauda ayuda para familias del Corredor Seco, un proyecto inspirado por sus hijas KIara y KAili.\" \/>\n\t\t<meta name=\"twitter:creator\" content=\"@SoyMigrante_com\" \/>\n\t\t<meta name=\"twitter:image\" content=\"https:\/\/soymigrante.com\/revista\/wp-content\/uploads\/2024\/12\/historia-karolin-espana-KIKA.webp\" \/>\n\t\t<!-- All in One SEO Pro -->\r\n\t\t<title>Karolin dirige KIKA, iniciativa de ayuda de L.A. a Guatemala<\/title>\n\n","aioseo_head_json":{"title":"Karolin dirige KIKA, iniciativa de ayuda de L.A. a Guatemala","description":"Karolin Rasc\u00f3n-Espa\u00f1a, migrante guatemalteca en Los Angeles recauda ayuda para familias del Corredor Seco, un proyecto inspirado por sus hijas KIara y KAili.","canonical_url":"https:\/\/soymigrante.com\/revista\/karolin-espana-dirige-kika-proyecto-de-ayuda-alimentaria-impulsado-por-sus-hijas\/","robots":"max-snippet:-1, max-image-preview:large, max-video-preview:-1","keywords":"","webmasterTools":{"miscellaneous":"&lt;link rel=\"preconnect\" href=\"https:\/\/fonts.googleapis.com\" crossorigin&gt;\n&lt;link rel=\"preconnect\" href=\"https:\/\/fonts.gstatic.com\" crossorigin&gt;"},"schema":null,"og:locale":"es_ES","og:site_name":"SoyMigrante.com REVISTA \u2013 Nuestra misi\u00f3n es reconocer y dignificar al migrante.","og:type":"article","og:title":"Karolin dirige KIKA, iniciativa de ayuda de L.A. a Guatemala","og:description":"Karolin Rasc\u00f3n-Espa\u00f1a, migrante guatemalteca en Los Angeles recauda ayuda para familias del Corredor Seco, un proyecto inspirado por sus hijas KIara y KAili.","og:url":"https:\/\/soymigrante.com\/revista\/karolin-espana-dirige-kika-proyecto-de-ayuda-alimentaria-impulsado-por-sus-hijas\/","og:image":"https:\/\/soymigrante.com\/revista\/wp-content\/uploads\/2024\/12\/historia-karolin-espana-KIKA.webp","og:image:secure_url":"https:\/\/soymigrante.com\/revista\/wp-content\/uploads\/2024\/12\/historia-karolin-espana-KIKA.webp","og:image:width":861,"og:image:height":861,"article:published_time":"2024-12-17T12:00:00+00:00","article:modified_time":"2024-12-22T00:47:29+00:00","article:publisher":"https:\/\/www.facebook.com\/soymigrantecom","twitter:card":"summary_large_image","twitter:site":"@SoyMigrante_com","twitter:title":"Karolin dirige KIKA, iniciativa de ayuda de L.A. a Guatemala","twitter:description":"Karolin Rasc\u00f3n-Espa\u00f1a, migrante guatemalteca en Los Angeles recauda ayuda para familias del Corredor Seco, un proyecto inspirado por sus hijas KIara y KAili.","twitter:creator":"@SoyMigrante_com","twitter:image":"https:\/\/soymigrante.com\/revista\/wp-content\/uploads\/2024\/12\/historia-karolin-espana-KIKA.webp"},"aioseo_meta_data":{"post_id":"49063","title":"Migrantes ayudan a familias separadas por redadas en Oklahoma","description":"Guatemalteca en Oklahoma organiz\u00f3 colecta de v\u00edveres donados por hispanos para ayudar a familias separadas por detenci\u00f3n de padres en operativos migratorios.","keywords":null,"keyphrases":{"focus":{"keyphrase":"Solidaridad migrante","score":0,"analysis":[]}},"primary_term":null,"canonical_url":null,"og_title":null,"og_description":null,"og_object_type":"default","og_image_type":"default","og_image_url":null,"og_image_width":null,"og_image_height":null,"og_image_custom_url":null,"og_image_custom_fields":null,"og_video":"","og_custom_url":null,"og_article_section":null,"og_article_tags":null,"twitter_use_og":false,"twitter_card":"default","twitter_image_type":"default","twitter_image_url":null,"twitter_image_custom_url":null,"twitter_image_custom_fields":null,"twitter_title":null,"twitter_description":null,"schema":{"blockGraphs":[],"customGraphs":[],"default":{"data":{"Article":[],"Course":[],"Dataset":[],"FAQPage":[],"Movie":[],"Person":[],"Product":[],"ProductReview":[],"Car":[],"Recipe":[],"Service":[],"SoftwareApplication":[],"WebPage":[]},"graphName":"NewsArticle","isEnabled":true},"graphs":[]},"schema_type":"default","schema_type_options":null,"pillar_content":false,"robots_default":true,"robots_noindex":false,"robots_noarchive":false,"robots_nosnippet":false,"robots_nofollow":false,"robots_noimageindex":false,"robots_noodp":false,"robots_notranslate":false,"robots_max_snippet":"-1","robots_max_videopreview":"-1","robots_max_imagepreview":"large","priority":null,"frequency":"default","local_seo":null,"seo_analyzer_scan_date":"2026-01-30 16:09:41","breadcrumb_settings":null,"limit_modified_date":false,"reviewed_by":"0","open_ai":null,"ai":{"faqs":[],"keyPoints":[],"titles":[],"descriptions":[],"socialPosts":{"email":[],"linkedin":[],"twitter":[],"facebook":[],"instagram":[]}},"created":"2025-11-27 18:35:02","updated":"2026-02-05 07:11:19"},"aioseo_breadcrumb":"<div class=\"aioseo-breadcrumbs\"><span class=\"aioseo-breadcrumb\">\n\t<a href=\"https:\/\/soymigrante.com\/revista\" title=\"Home\">Home<\/a>\n<\/span><span class=\"aioseo-breadcrumb-separator\">\u00bb<\/span><span class=\"aioseo-breadcrumb\">\n\t<a href=\"https:\/\/soymigrante.com\/revista\/category\/estamos-unidos\/\" title=\"Estamos Unidos\">Estamos Unidos<\/a>\n<\/span><span class=\"aioseo-breadcrumb-separator\">\u00bb<\/span><span class=\"aioseo-breadcrumb\">\n\tSolidaridad migrante dona v\u00edveres a familias afectadas por redadas en Oklahoma\n<\/span><\/div>","aioseo_breadcrumb_json":[{"label":"Home","link":"https:\/\/soymigrante.com\/revista"},{"label":"Estamos Unidos","link":"https:\/\/soymigrante.com\/revista\/category\/estamos-unidos\/"},{"label":"Solidaridad migrante dona v\u00edveres a familias afectadas por redadas en Oklahoma","link":"https:\/\/soymigrante.com\/revista\/solidaridad-migrante-dona-viveres-a-familias-afectadas-por-redadas-en-oklahoma\/"}],"_links":{"self":[{"href":"https:\/\/soymigrante.com\/revista\/wp-json\/wp\/v2\/posts\/49063","targetHints":{"allow":["GET"]}}],"collection":[{"href":"https:\/\/soymigrante.com\/revista\/wp-json\/wp\/v2\/posts"}],"about":[{"href":"https:\/\/soymigrante.com\/revista\/wp-json\/wp\/v2\/types\/post"}],"author":[{"embeddable":true,"href":"https:\/\/soymigrante.com\/revista\/wp-json\/wp\/v2\/users\/7"}],"replies":[{"embeddable":true,"href":"https:\/\/soymigrante.com\/revista\/wp-json\/wp\/v2\/comments?post=49063"}],"version-history":[{"count":5,"href":"https:\/\/soymigrante.com\/revista\/wp-json\/wp\/v2\/posts\/49063\/revisions"}],"predecessor-version":[{"id":49075,"href":"https:\/\/soymigrante.com\/revista\/wp-json\/wp\/v2\/posts\/49063\/revisions\/49075"}],"wp:featuredmedia":[{"embeddable":true,"href":"https:\/\/soymigrante.com\/revista\/wp-json\/wp\/v2\/media\/49064"}],"wp:attachment":[{"href":"https:\/\/soymigrante.com\/revista\/wp-json\/wp\/v2\/media?parent=49063"}],"wp:term":[{"taxonomy":"category","embeddable":true,"href":"https:\/\/soymigrante.com\/revista\/wp-json\/wp\/v2\/categories?post=49063"},{"taxonomy":"post_tag","embeddable":true,"href":"https:\/\/soymigrante.com\/revista\/wp-json\/wp\/v2\/tags?post=49063"}],"curies":[{"name":"wp","href":"https:\/\/api.w.org\/{rel}","templated":true}]}}