{"id":49047,"date":"2025-11-27T12:09:37","date_gmt":"2025-11-27T18:09:37","guid":{"rendered":"https:\/\/soymigrante.com\/revista\/?p=49047"},"modified":"2025-11-27T12:16:49","modified_gmt":"2025-11-27T18:16:49","slug":"el-chompipe-de-la-fiesta-el-pavo-es-ceremonial-y-festivo-desde-tiempos-prehispanicos-y-otros-datos-curiosos","status":"publish","type":"post","link":"https:\/\/soymigrante.com\/revista\/el-chompipe-de-la-fiesta-el-pavo-es-ceremonial-y-festivo-desde-tiempos-prehispanicos-y-otros-datos-curiosos\/","title":{"rendered":"El chompipe de la fiesta: el pavo es ceremonial y festivo desde tiempos prehisp\u00e1nicos (y otros datos curiosos)"},"content":{"rendered":"\t\t<div data-elementor-type=\"wp-post\" data-elementor-id=\"49047\" class=\"elementor elementor-49047\" data-elementor-post-type=\"post\">\n\t\t\t\t<div data-particle_enable=\"false\" data-particle-mobile-disabled=\"false\" class=\"elementor-element elementor-element-fd31e37 e-flex e-con-boxed e-con e-parent\" data-id=\"fd31e37\" data-element_type=\"container\" data-e-type=\"container\">\n\t\t\t\t\t<div class=\"e-con-inner\">\n\t\t\t\t<div class=\"elementor-element elementor-element-e4e6765 elementor-widget elementor-widget-heading\" data-id=\"e4e6765\" data-element_type=\"widget\" data-e-type=\"widget\" data-widget_type=\"heading.default\">\n\t\t\t\t\t<h2 class=\"elementor-heading-title elementor-size-default\">\u00bfHas o\u00eddo la expresi\u00f3n \"es el chompipe de la fiesta\"? Se refiere al pavo como platillo principal. Y en Acci\u00f3n de Gracias suele ponerse de moda la carne de pavo... sin embargo, su significado ceremonial viene desde tiempos prehisp\u00e1nicos.<\/h2>\t\t\t\t<\/div>\n\t\t\t\t\t<\/div>\n\t\t\t\t<\/div>\n\t\t<div data-particle_enable=\"false\" data-particle-mobile-disabled=\"false\" class=\"elementor-element elementor-element-2fd98e2 e-flex e-con-boxed e-con e-parent\" data-id=\"2fd98e2\" data-element_type=\"container\" data-e-type=\"container\">\n\t\t\t\t\t<div class=\"e-con-inner\">\n\t\t\t\t<div class=\"elementor-element elementor-element-120380a elementor-widget elementor-widget-text-editor\" data-id=\"120380a\" data-element_type=\"widget\" data-e-type=\"widget\" data-widget_type=\"text-editor.default\">\n\t\t\t\t\t\t\t\t\t<p data-start=\"582\" data-end=\"1069\">El pavo mesoamericano (<em data-start=\"647\" data-end=\"668\">Meleagris gallopavo<\/em>) fue una de las\u00a0 \u00a0especies domesticadas por los pueblos prehisp\u00e1nicos de Am\u00e9rica. Se le encuentra en <a href=\"https:\/\/soymigrante.com\/revista\/en-usa-no-solo-se-habla-ingles-y-espanol-se-usan-mas-de-350-idiomas\/\">Norte y Centro Am\u00e9rica siglos antes de la llegada de los espa\u00f1oles o los ingleses<\/a> o cualquier grupo de europeos cuando estos llegaron al continente.<\/p><p data-start=\"582\" data-end=\"1069\">El pavo es muy significativo y emblem\u00e1tico en las fiestas como Acci\u00f3n de Gracias o Navidad en Estados Unidos. De hecho al <a href=\"https:\/\/soymigrante.com\/revista\/oracion-para-el-dia-de-accion-de-gracias-elige-una-para-orar-con-familia-y-amigos\/\">Thanksgiving Day<\/a> algunos le llaman Turkey Day o D\u00eda del Pavo, lo cual suena muy americano. Pero en realidad la historia de esta ave con las culturas americanas es muy anterior y prueba de ello son platillos tradicionales como el <a href=\"https:\/\/soymigrante.com\/revista\/y-que-tal-un-kakik-en-accion-de-gracias-migrantes-guatemaltecos-lo-preparan-asi\/\">famoso kak&#8217;ik guatemalteco<\/a>.<br \/><br \/>En fin estos son algunos datos sobre el pavo americano que quiz\u00e1 ya sab\u00edas o tal vez no.<\/p>\t\t\t\t\t\t\t\t<\/div>\n\t\t\t\t\t<\/div>\n\t\t\t\t<\/div>\n\t\t<div data-particle_enable=\"false\" data-particle-mobile-disabled=\"false\" class=\"elementor-element elementor-element-8c85c00 e-flex e-con-boxed e-con e-parent\" data-id=\"8c85c00\" data-element_type=\"container\" data-e-type=\"container\">\n\t\t\t\t\t<div class=\"e-con-inner\">\n\t\t\t\t<div class=\"elementor-element elementor-element-ea85863 elementor-widget elementor-widget-image\" data-id=\"ea85863\" data-element_type=\"widget\" data-e-type=\"widget\" data-widget_type=\"image.default\">\n\t\t\t\t\t\t\t\t\t\t\t\t<figure class=\"wp-caption\">\n\t\t\t\t\t\t\t\t\t\t<img fetchpriority=\"high\" decoding=\"async\" width=\"749\" height=\"752\" src=\"https:\/\/soymigrante.com\/revista\/wp-content\/uploads\/2025\/11\/dia-del-pavo.png\" class=\"attachment-large size-large wp-image-49053\" alt=\"Hasta Snoopy, Charlie Brown y amigos festejan con pavo en el D\u00eda de Acci\u00f3n de Gracias... Pero el Pavo como s\u00edmbolo de uni\u00f3n y espiritualidad es muy anterior al origen de esta celebraci\u00f3n\" srcset=\"https:\/\/soymigrante.com\/revista\/wp-content\/uploads\/2025\/11\/dia-del-pavo.png 749w, https:\/\/soymigrante.com\/revista\/wp-content\/uploads\/2025\/11\/dia-del-pavo-300x300.png 300w, https:\/\/soymigrante.com\/revista\/wp-content\/uploads\/2025\/11\/dia-del-pavo-150x150.png 150w, https:\/\/soymigrante.com\/revista\/wp-content\/uploads\/2025\/11\/dia-del-pavo-75x75.png 75w\" sizes=\"(max-width: 749px) 100vw, 749px\" title=\"Hasta Snoopy, Charlie Brown y amigos festejan con pavo en el D\u00eda de Acci\u00f3n de Gracias... Pero el Pavo como s\u00edmbolo de uni\u00f3n y espiritualidad es muy anterior al origen de esta celebraci\u00f3n \u2013 SoyMigrante.com REVISTA\" \/>\t\t\t\t\t\t\t\t\t\t\t<figcaption class=\"widget-image-caption wp-caption-text\">Hasta Snoopy, Charlie Brown y amigos festejan con pavo en el D\u00eda de Acci\u00f3n de Gracias... Pero el Pavo como s\u00edmbolo de uni\u00f3n y espiritualidad es muy anterior al origen de esta celebraci\u00f3n<\/figcaption>\n\t\t\t\t\t\t\t\t\t\t<\/figure>\n\t\t\t\t\t\t\t\t\t<\/div>\n\t\t\t\t\t<\/div>\n\t\t\t\t<\/div>\n\t\t<div data-particle_enable=\"false\" data-particle-mobile-disabled=\"false\" class=\"elementor-element elementor-element-51d82ee e-flex e-con-boxed e-con e-parent\" data-id=\"51d82ee\" data-element_type=\"container\" data-e-type=\"container\">\n\t\t\t\t\t<div class=\"e-con-inner\">\n\t\t\t\t<div class=\"elementor-element elementor-element-eb5ea0f elementor-widget elementor-widget-text-editor\" data-id=\"eb5ea0f\" data-element_type=\"widget\" data-e-type=\"widget\" data-widget_type=\"text-editor.default\">\n\t\t\t\t\t\t\t\t\t<p data-start=\"582\" data-end=\"1069\"><strong style=\"color: #000000; font-family: Mulish, sans-serif; font-size: 29px;\" data-start=\"582\" data-end=\"621\">1. Pavo dom\u00e9stico (o chompipe) y el pavo salvaje<\/strong><\/p>\n<p data-start=\"582\" data-end=\"1069\">El pavo mesoamericano fue parte de la dieta pero tambi\u00e9n de las ceremonias de pueblos de Am\u00e9rica Central,&nbsp; Mesoam\u00e9rica y del Norte siglos antes de la conquista. Tambi\u00e9n exist\u00eda y existe a\u00fan el pavo silvestre, que tambi\u00e9n ten\u00eda gran simbolismo.&nbsp; Los mexicas le llamaron hueuxolotl (de donde viene el t\u00e9rmino Guajolote), mientras que los n\u00e1huatls le llamaron Tzun Chipetz (cabeza pelada) de donde se deriva el t\u00e9rmino Chompipe.&nbsp;<\/p>\n<p data-start=\"582\" data-end=\"1069\">El pavo ocelado o salvaje tambi\u00e9n ten\u00eda especial veneraci\u00f3n. De hecho, un gobernante del sitio maya<a href=\"https:\/\/soymigrante.com\/revista\/joyas-mayas-migrantes-jugador-de-pelota-en-accion-tallado-en-piedra-conservado-en-manhattan\/\"> La Corona<\/a>, tambi\u00e9n conocido como Sak Nikt\u00e9, de Pet\u00e9n se llamaba&nbsp; Chak Ak&#8217;aach Yuhk (El Gran Se\u00f1or Pavo). Yuhk es Pavo en maya. Los espa\u00f1oles llamaron al ave &#8220;pavo&#8221; por relacionarla con el pavorreal, que pertenece a otra familia de aves.<\/p>\n<h3><strong data-start=\"1071\" data-end=\"1123\">2. Un nombre que lo conecta con el mundo sagrado<\/strong><\/h3>\n<p data-start=\"1071\" data-end=\"1599\">El t\u00e9rmino n\u00e1huatl <em data-start=\"1145\" data-end=\"1154\">totolin<\/em>, junto con <em data-start=\"1166\" data-end=\"1177\">huexolotl<\/em> (de donde proviene \u201cguajolote\u201d), enlazaba al pavo con X\u00f3lotl, la poderosa deidad asociada a la duplicidad, los gemelos y el acompa\u00f1amiento del Sol al inframundo.&nbsp;<\/p>\n<p data-start=\"1071\" data-end=\"1599\">Esta relaci\u00f3n situaba al pavo en un plano ceremonial donde la transformaci\u00f3n que hacen los machos, al &#8220;inflarse&#8221; para el cortejo, marca tambi\u00e9n simb\u00f3licamente el umbral entre mundos y la energ\u00eda vital eran protagonistas. El pavo no era s\u00f3lo un animal dom\u00e9stico: era un portador de significados cosmol\u00f3gicos. <button><\/button><\/p>\n<h3><strong data-start=\"1601\" data-end=\"1645\">3. Aparici\u00f3n en arte y s\u00edmbolos de \u00e9lite<\/strong><\/h3>\n<p data-start=\"1601\" data-end=\"2007\">Esculturas, cer\u00e1micas modeladas, figurillas, objetos de hueso y pintura corporal dan cuenta de fuerte presencia simb\u00f3lica del pavo, como fuente de alimento y s\u00edmbolo m\u00edstico. Desde representaciones naturalistas hasta iconograf\u00edas abstractas, el pavo aparece vinculado a \u00e9lites, contextos funerarios y actos rituales, reforzando su papel como figura de prestigio y poder. Tambi\u00e9n se menciona al pavo incluso en el <a href=\"https:\/\/soymigrante.com\/revista\/el-popol-vuh-es-migrante-esta-en-chicago-y-8-datos-que-quiza-no-sabias\/\">Popol Vuh.<\/a><\/p>\t\t\t\t\t\t\t\t<\/div>\n\t\t\t\t\t<\/div>\n\t\t\t\t<\/div>\n\t\t<div data-particle_enable=\"false\" data-particle-mobile-disabled=\"false\" class=\"elementor-element elementor-element-0e8832c e-flex e-con-boxed e-con e-parent\" data-id=\"0e8832c\" data-element_type=\"container\" data-e-type=\"container\">\n\t\t\t\t\t<div class=\"e-con-inner\">\n\t\t\t\t<div class=\"elementor-element elementor-element-4f9b6e5 elementor-widget elementor-widget-image\" data-id=\"4f9b6e5\" data-element_type=\"widget\" data-e-type=\"widget\" data-widget_type=\"image.default\">\n\t\t\t\t\t\t\t\t\t\t\t\t<figure class=\"wp-caption\">\n\t\t\t\t\t\t\t\t\t\t<img decoding=\"async\" width=\"900\" height=\"389\" src=\"https:\/\/soymigrante.com\/revista\/wp-content\/uploads\/2025\/11\/rey-de-la-corona-en-vaso-maya.jpeg\" class=\"attachment-large size-large wp-image-49054\" alt=\"Un gobernante del sitio maya conocido hoy como La Corona o Saq Nikt\u00e9, que existi\u00f3 entre los a\u00f1os 250 a 900, se llamaba Gran Se\u00f1or Pavo y en este vaso se representa junto a su simb\u00f3lico nahual, mostrando la importancia m\u00edstica y ceremonial de esta ave.\" srcset=\"https:\/\/soymigrante.com\/revista\/wp-content\/uploads\/2025\/11\/rey-de-la-corona-en-vaso-maya.jpeg 900w, https:\/\/soymigrante.com\/revista\/wp-content\/uploads\/2025\/11\/rey-de-la-corona-en-vaso-maya-300x130.jpeg 300w, https:\/\/soymigrante.com\/revista\/wp-content\/uploads\/2025\/11\/rey-de-la-corona-en-vaso-maya-768x332.jpeg 768w, https:\/\/soymigrante.com\/revista\/wp-content\/uploads\/2025\/11\/rey-de-la-corona-en-vaso-maya-750x324.jpeg 750w\" sizes=\"(max-width: 900px) 100vw, 900px\" title=\"Un gobernante del sitio maya conocido hoy como La Corona o Saq Nikt\u00e9, que existi\u00f3 entre los a\u00f1os 250 a 900, se llamaba Gran Se\u00f1or Pavo y en este vaso se representa junto a su simb\u00f3lico nahual, mostrando la importancia m\u00edstica y ceremonial de esta ave. \u2013 SoyMigrante.com REVISTA\" \/>\t\t\t\t\t\t\t\t\t\t\t<figcaption class=\"widget-image-caption wp-caption-text\">Un gobernante del sitio maya conocido hoy como La Corona o Saq Nikt\u00e9, que existi\u00f3 entre los a\u00f1os 250 a 900, se llamaba Gran Se\u00f1or Pavo y en este vaso se representa junto a su simb\u00f3lico nahual, mostrando la importancia m\u00edstica y ceremonial de esta ave.<\/figcaption>\n\t\t\t\t\t\t\t\t\t\t<\/figure>\n\t\t\t\t\t\t\t\t\t<\/div>\n\t\t\t\t\t<\/div>\n\t\t\t\t<\/div>\n\t\t<div data-particle_enable=\"false\" data-particle-mobile-disabled=\"false\" class=\"elementor-element elementor-element-9af1418 e-flex e-con-boxed e-con e-parent\" data-id=\"9af1418\" data-element_type=\"container\" data-e-type=\"container\">\n\t\t\t\t\t<div class=\"e-con-inner\">\n\t\t\t\t<div class=\"elementor-element elementor-element-3790193 elementor-widget elementor-widget-text-editor\" data-id=\"3790193\" data-element_type=\"widget\" data-e-type=\"widget\" data-widget_type=\"text-editor.default\">\n\t\t\t\t\t\t\t\t\t<p data-start=\"582\" data-end=\"1069\"><strong style=\"color: #000000; font-family: Mulish, sans-serif; font-size: 29px;\" data-start=\"2009\" data-end=\"2081\">4. Un animal que transforma a los humanos tanto como es transformado<\/strong><\/p><p data-start=\"2009\" data-end=\"2469\">Los v\u00ednculos de crianza, cuidado, alimentaci\u00f3n, protecci\u00f3n y manejo cotidiano no s\u00f3lo moldeaban la vida del pavo: tambi\u00e9n estructuraban la vida dom\u00e9stica humana. Las microinteracciones \u2014alimentar con la mano, resguardar de depredadores, planear la reproducci\u00f3n\u2014 creaban relaciones de proximidad que eran base de las pr\u00e1cticas rituales posteriores. Desde tiempos prehisp\u00e1nicos hasta la actualidad.<\/p><h3><strong data-start=\"2471\" data-end=\"2537\">5. Alimento ceremonial para potencias de la tierra y el cosmos<\/strong><\/h3><p data-start=\"2471\" data-end=\"2943\">En los sacrificios mesoamericanos, el pavo era una ofrenda destinada a las entidades que habitan monta\u00f1as, suelos y fuerzas naturales. Su carne, sangre y plumas formaban parte de un sistema ritual que articulaba reciprocidad con lo sagrado. Su sacrificio no era meramente alimentario: era una transacci\u00f3n energ\u00e9tica que renovaba v\u00ednculos entre humanos y no humanos.\u00a0 Y de alguna manera lo sigue siendo, como s\u00edmbolo festivo.<\/p>\t\t\t\t\t\t\t\t<\/div>\n\t\t\t\t\t<\/div>\n\t\t\t\t<\/div>\n\t\t<div data-particle_enable=\"false\" data-particle-mobile-disabled=\"false\" class=\"elementor-element elementor-element-915b454 e-flex e-con-boxed e-con e-parent\" data-id=\"915b454\" data-element_type=\"container\" data-e-type=\"container\">\n\t\t\t\t\t<div class=\"e-con-inner\">\n\t\t\t\t<div class=\"elementor-element elementor-element-e583a70 elementor-widget elementor-widget-image\" data-id=\"e583a70\" data-element_type=\"widget\" data-e-type=\"widget\" data-widget_type=\"image.default\">\n\t\t\t\t\t\t\t\t\t\t\t\t<figure class=\"wp-caption\">\n\t\t\t\t\t\t\t\t\t\t<img decoding=\"async\" width=\"710\" height=\"764\" src=\"https:\/\/soymigrante.com\/revista\/wp-content\/uploads\/2025\/11\/accion-de-gracias-2.png\" class=\"attachment-large size-large wp-image-49055\" alt=\"Grabado tradicional que representa la ayuda que brindaron ind\u00edgenas americanos a los migrantes europeos reci\u00e9n llegados en el siglo XVI durante un crudo invierno. Les dieron vegetales y tambi\u00e9n pavos para alimentarse seg\u00fan la tradici\u00f3n.\" srcset=\"https:\/\/soymigrante.com\/revista\/wp-content\/uploads\/2025\/11\/accion-de-gracias-2.png 710w, https:\/\/soymigrante.com\/revista\/wp-content\/uploads\/2025\/11\/accion-de-gracias-2-279x300.png 279w\" sizes=\"(max-width: 710px) 100vw, 710px\" title=\"Grabado tradicional que representa la ayuda que brindaron ind\u00edgenas americanos a los migrantes europeos reci\u00e9n llegados en el  siglo XVI durante un crudo invierno. Les dieron vegetales y tambi\u00e9n pavos para alimentarse seg\u00fan la tradici\u00f3n. \u2013 SoyMigrante.com REVISTA\" \/>\t\t\t\t\t\t\t\t\t\t\t<figcaption class=\"widget-image-caption wp-caption-text\">Grabado tradicional que representa la ayuda que brindaron ind\u00edgenas americanos a los migrantes europeos reci\u00e9n llegados en el  siglo XVI durante un crudo invierno. Les dieron vegetales y tambi\u00e9n pavos para alimentarse seg\u00fan la tradici\u00f3n.<\/figcaption>\n\t\t\t\t\t\t\t\t\t\t<\/figure>\n\t\t\t\t\t\t\t\t\t<\/div>\n\t\t\t\t\t<\/div>\n\t\t\t\t<\/div>\n\t\t<div data-particle_enable=\"false\" data-particle-mobile-disabled=\"false\" class=\"elementor-element elementor-element-3810007 e-flex e-con-boxed e-con e-parent\" data-id=\"3810007\" data-element_type=\"container\" data-e-type=\"container\">\n\t\t\t\t\t<div class=\"e-con-inner\">\n\t\t\t\t<div class=\"elementor-element elementor-element-c67cf5d elementor-widget elementor-widget-heading\" data-id=\"c67cf5d\" data-element_type=\"widget\" data-e-type=\"widget\" data-widget_type=\"heading.default\">\n\t\t\t\t\t<h2 class=\"elementor-heading-title elementor-size-default\">6. Siempre un signo de buena fe<\/h2>\t\t\t\t<\/div>\n\t\t\t\t\t<\/div>\n\t\t\t\t<\/div>\n\t\t<div data-particle_enable=\"false\" data-particle-mobile-disabled=\"false\" class=\"elementor-element elementor-element-3736d7c e-flex e-con-boxed e-con e-parent\" data-id=\"3736d7c\" data-element_type=\"container\" data-e-type=\"container\">\n\t\t\t\t\t<div class=\"e-con-inner\">\n\t\t\t\t<div class=\"elementor-element elementor-element-a0cf9d8 elementor-widget elementor-widget-text-editor\" data-id=\"a0cf9d8\" data-element_type=\"widget\" data-e-type=\"widget\" data-widget_type=\"text-editor.default\">\n\t\t\t\t\t\t\t\t\t<p data-start=\"582\" data-end=\"1069\"><span style=\"font-family: Roboto, sans-serif; font-size: 22px; font-style: normal; font-variant-ligatures: normal; font-variant-caps: normal; font-weight: 400;\">La tradici\u00f3n del D\u00eda de Acci\u00f3n de Gracias surgi\u00f3 durante un duro invierno en el siglo XVII, cuando ind\u00edgenas norteamericanos se compadecieron de la precariedad que sufr\u00edan colonos ingleses, holandeses y alemanes. Se acercaron a ellos para proveerles de vegetales y tambi\u00e9n pavos, para que se pudieran alimentar.\u00a0 Actualmente el pavo es una de las aves de mayor crianza en Estados Unidos y en Thanksgiving se sacrifican hasta 40 millones de estas aves, seg\u00fan c\u00e1lculos estad\u00edsticos.<\/span><\/p><h3><strong data-start=\"3330\" data-end=\"3387\">7. Una especie ritual tiende puentes<\/strong><\/h3><p data-start=\"3330\" data-end=\"3770\">En distintas comunidades mayas y nahuas, el pavo cumple funciones que rebasan la alimentaci\u00f3n: figura en danzas de carnaval, ceremonias de Pasi\u00f3n, rituales curativos y celebraciones agr\u00edcolas. En algunos contextos su cuerpo desplumado es s\u00edmbolo de la tierra, del viento o de fuerzas que personifican tanto el sacrificio como la regeneraci\u00f3n. <button><\/button><\/p><h3><strong data-start=\"3772\" data-end=\"3830\">8. La car\u00fancula: el \u00f3rgano ritual de la transformaci\u00f3n<\/strong><\/h3><p data-start=\"3772\" data-end=\"4305\">Popularmente se le llama &#8220;moco&#8221; pero su nombre correcto es car\u00fancula.\u00a0<\/p><p data-start=\"3772\" data-end=\"4305\">La car\u00fancula frontal del pavo macho \u2014esa masa carnosa capaz de expandirse y enrojecer\u2014 ten\u00eda un peso simb\u00f3lico. Su capacidad de inflarse, mudar de color y cambiar de forma lo convert\u00eda en un animal \u201cmetam\u00f3rfico\u201d, asociado a ideas de intensidad vital, virilidad y alteraci\u00f3n de estado. Varios autores lo relacionan con el mundo de lo poderoso, lo er\u00e9ctil, lo que se inflama y lo que puede causar \u201cfuerza\u201d en el sentido ritual mesoamericano. <button><\/button><\/p>\t\t\t\t\t\t\t\t<\/div>\n\t\t\t\t\t<\/div>\n\t\t\t\t<\/div>\n\t\t<div data-particle_enable=\"false\" data-particle-mobile-disabled=\"false\" class=\"elementor-element elementor-element-125995d e-flex e-con-boxed e-con e-parent\" data-id=\"125995d\" data-element_type=\"container\" data-e-type=\"container\">\n\t\t\t\t\t<div class=\"e-con-inner\">\n\t\t\t\t<div class=\"elementor-element elementor-element-ce3ab0e elementor-widget elementor-widget-image\" data-id=\"ce3ab0e\" data-element_type=\"widget\" data-e-type=\"widget\" data-widget_type=\"image.default\">\n\t\t\t\t\t\t\t\t\t\t\t\t<figure class=\"wp-caption\">\n\t\t\t\t\t\t\t\t\t\t<img loading=\"lazy\" decoding=\"async\" width=\"1024\" height=\"1024\" src=\"https:\/\/soymigrante.com\/revista\/wp-content\/uploads\/2025\/11\/pavo-ilustracion-ia.png\" class=\"attachment-large size-large wp-image-49056\" alt=\"Exactamente, el llamado &quot;moco&quot; del pavo no es un nombre correcto. La formaci\u00f3n sobre su cabeza y cuello que tambi\u00e9n le cuelga y cambia de colores se llama Car\u00fancula (Imagen generada por IA)\" srcset=\"https:\/\/soymigrante.com\/revista\/wp-content\/uploads\/2025\/11\/pavo-ilustracion-ia.png 1024w, https:\/\/soymigrante.com\/revista\/wp-content\/uploads\/2025\/11\/pavo-ilustracion-ia-300x300.png 300w, https:\/\/soymigrante.com\/revista\/wp-content\/uploads\/2025\/11\/pavo-ilustracion-ia-150x150.png 150w, https:\/\/soymigrante.com\/revista\/wp-content\/uploads\/2025\/11\/pavo-ilustracion-ia-768x768.png 768w, https:\/\/soymigrante.com\/revista\/wp-content\/uploads\/2025\/11\/pavo-ilustracion-ia-75x75.png 75w, https:\/\/soymigrante.com\/revista\/wp-content\/uploads\/2025\/11\/pavo-ilustracion-ia-750x750.png 750w\" sizes=\"(max-width: 1024px) 100vw, 1024px\" title=\"Exactamente, el llamado &quot;moco&quot; del pavo no es un nombre correcto. La formaci\u00f3n sobre su cabeza y cuello que tambi\u00e9n le cuelga y cambia de colores se llama Car\u00fancula (Imagen generada por IA) \u2013 SoyMigrante.com REVISTA\" \/>\t\t\t\t\t\t\t\t\t\t\t<figcaption class=\"widget-image-caption wp-caption-text\">Exactamente, el llamado \"moco\" del pavo no es un nombre correcto. La formaci\u00f3n sobre su cabeza y cuello que tambi\u00e9n le cuelga y cambia de colores se llama Car\u00fancula (Imagen generada por IA)<\/figcaption>\n\t\t\t\t\t\t\t\t\t\t<\/figure>\n\t\t\t\t\t\t\t\t\t<\/div>\n\t\t\t\t\t<\/div>\n\t\t\t\t<\/div>\n\t\t<div data-particle_enable=\"false\" data-particle-mobile-disabled=\"false\" class=\"elementor-element elementor-element-95b8531 e-flex e-con-boxed e-con e-parent\" data-id=\"95b8531\" data-element_type=\"container\" data-e-type=\"container\">\n\t\t\t\t\t<div class=\"e-con-inner\">\n\t\t\t\t<div class=\"elementor-element elementor-element-076f838 elementor-widget elementor-widget-text-editor\" data-id=\"076f838\" data-element_type=\"widget\" data-e-type=\"widget\" data-widget_type=\"text-editor.default\">\n\t\t\t\t\t\t\t\t\t<p data-start=\"582\" data-end=\"1069\"><strong style=\"color: #000000; font-family: Mulish, sans-serif; font-size: 29px;\" data-start=\"4307\" data-end=\"4363\">9. Un actor clave en redes sociales y de intercambio<\/strong><\/p><p data-start=\"4307\" data-end=\"4703\">En bodas, compadrazgos y alianzas comunitarias, el pavo circula como regalo cargado de significado. Criado con dedicaci\u00f3n, se vuelve un s\u00edmbolo de lazos profundos, de prosperidad y de reciprocidad. Su entrega representa un gesto espiritual tanto como econ\u00f3mico: un movimiento de vida entre familias.\u00a0\u00a0<\/p><p>\u00a0<\/p><h3><strong data-start=\"4705\" data-end=\"4746\">10. Animal identitario por excelencia<\/strong><\/h3><p>El pavo permite a m\u00faltiples pueblos mesoamericanos pensar su propia identidad y la alteridad. Entre los teenek, por ejemplo, su comportamiento se usa para reflexionar sobre diferencias entre ind\u00edgenas y mestizos. M\u00e1s all\u00e1 de lo biol\u00f3gico, el pavo es un espejo social donde se proyectan tensiones, pertenencias y jerarqu\u00edas. <button><\/button><\/p><p>\u00a0<\/p>\t\t\t\t\t\t\t\t<\/div>\n\t\t\t\t\t<\/div>\n\t\t\t\t<\/div>\n\t\t<div data-particle_enable=\"false\" data-particle-mobile-disabled=\"false\" class=\"elementor-element elementor-element-caaec01 e-flex e-con-boxed e-con e-parent\" data-id=\"caaec01\" data-element_type=\"container\" data-e-type=\"container\">\n\t\t\t\t\t<div class=\"e-con-inner\">\n\t\t\t\t<div class=\"elementor-element elementor-element-8bdec39 elementor-widget elementor-widget-heading\" data-id=\"8bdec39\" data-element_type=\"widget\" data-e-type=\"widget\" data-widget_type=\"heading.default\">\n\t\t\t\t\t<h2 class=\"elementor-heading-title elementor-size-default\">M\u00e1s que tambi\u00e9n te podr\u00eda interesar<\/h2>\t\t\t\t<\/div>\n\t\t\t\t\t<\/div>\n\t\t\t\t<\/div>\n\t\t<div data-particle_enable=\"false\" data-particle-mobile-disabled=\"false\" class=\"elementor-element elementor-element-7c7f043 e-flex e-con-boxed e-con e-parent\" data-id=\"7c7f043\" data-element_type=\"container\" data-e-type=\"container\">\n\t\t\t\t\t<div class=\"e-con-inner\">\n\t\t\t\t<div class=\"elementor-element elementor-element-bfe3884 elementor-grid-eael-col-3 elementor-grid-tablet-eael-col-2 elementor-grid-mobile-eael-col-1 elementor-widget elementor-widget-eael-post-grid\" data-id=\"bfe3884\" data-element_type=\"widget\" data-e-type=\"widget\" data-settings=\"{&quot;eael_post_grid_columns&quot;:&quot;eael-col-3&quot;,&quot;eael_post_grid_columns_tablet&quot;:&quot;eael-col-2&quot;,&quot;eael_post_grid_columns_mobile&quot;:&quot;eael-col-1&quot;}\" data-widget_type=\"eael-post-grid.default\">\n\t\t\t\t\t<div id=\"eael-post-grid-bfe3884\" class=\"eael-post-grid-container\">\n            <div class=\"eael-post-grid eael-post-appender eael-post-appender-bfe3884 eael-post-grid-style-one\" data-layout-mode=\"masonry\"><article class=\"eael-grid-post  eael-post-grid-column eael-pg-post-12197 category-guate-nuestra\" data-id=\"12197\">\n        <div class=\"eael-grid-post-holder\">\n            <div class=\"eael-grid-post-holder-inner\"><div class=\"eael-entry-media\"><div class=\"eael-entry-overlay fade-in\"><i class=\"far fa-hand-pointer\" aria-hidden=\"true\"><\/i><a href=\"https:\/\/soymigrante.com\/revista\/migrantes-tambien-pueden-celebrar-dia-de-accion-de-gracias-que-nacio-de-migrantes\/\"><\/a><\/div><div class=\"eael-entry-thumbnail eael-image-ratio\">\n                <img loading=\"lazy\" decoding=\"async\" width=\"1024\" height=\"1024\" src=\"https:\/\/soymigrante.com\/revista\/wp-content\/uploads\/2024\/11\/Asi\u0301-pueden-celebrar-el-Di\u0301a-de-Accio\u0301n-de-Gracias-los-migrantes-2-e1730842178105-1024x1024.webp\" class=\"attachment-large size-large wp-image-12199\" alt=\"As\u00ed pueden celebrar el D\u00eda de Acci\u00f3n de Gracias los migrantes\" srcset=\"https:\/\/soymigrante.com\/revista\/wp-content\/uploads\/2024\/11\/Asi\u0301-pueden-celebrar-el-Di\u0301a-de-Accio\u0301n-de-Gracias-los-migrantes-2-e1730842178105-1024x1024.webp 1024w, https:\/\/soymigrante.com\/revista\/wp-content\/uploads\/2024\/11\/Asi\u0301-pueden-celebrar-el-Di\u0301a-de-Accio\u0301n-de-Gracias-los-migrantes-2-e1730842178105-300x300.webp 300w, https:\/\/soymigrante.com\/revista\/wp-content\/uploads\/2024\/11\/Asi\u0301-pueden-celebrar-el-Di\u0301a-de-Accio\u0301n-de-Gracias-los-migrantes-2-e1730842178105-150x150.webp 150w, https:\/\/soymigrante.com\/revista\/wp-content\/uploads\/2024\/11\/Asi\u0301-pueden-celebrar-el-Di\u0301a-de-Accio\u0301n-de-Gracias-los-migrantes-2-e1730842178105-768x768.webp 768w, https:\/\/soymigrante.com\/revista\/wp-content\/uploads\/2024\/11\/Asi\u0301-pueden-celebrar-el-Di\u0301a-de-Accio\u0301n-de-Gracias-los-migrantes-2-e1730842178105-75x75.webp 75w, https:\/\/soymigrante.com\/revista\/wp-content\/uploads\/2024\/11\/Asi\u0301-pueden-celebrar-el-Di\u0301a-de-Accio\u0301n-de-Gracias-los-migrantes-2-e1730842178105-750x750.webp 750w, https:\/\/soymigrante.com\/revista\/wp-content\/uploads\/2024\/11\/Asi\u0301-pueden-celebrar-el-Di\u0301a-de-Accio\u0301n-de-Gracias-los-migrantes-2-e1730842178105.webp 1066w\" sizes=\"(max-width: 1024px) 100vw, 1024px\" \/>\n            <\/div>\n        <\/div><div class=\"eael-entry-wrapper\"><header class=\"eael-entry-header\"><h2 class=\"eael-entry-title\"><a class=\"eael-grid-post-link\" href=\"https:\/\/soymigrante.com\/revista\/migrantes-tambien-pueden-celebrar-dia-de-accion-de-gracias-que-nacio-de-migrantes\/\" title=\"Migrantes tambi\u00e9n pueden celebrar D\u00eda de Acci\u00f3n de Gracias (que tiene origen migrante)\">Migrantes tambi\u00e9n pueden celebrar D\u00eda de Acci\u00f3n de Gracias (que tiene origen migrante)<\/a><\/h2><\/header><div class=\"eael-entry-content\">\n                        <div class=\"eael-grid-post-excerpt\"><a href=\"https:\/\/soymigrante.com\/revista\/migrantes-tambien-pueden-celebrar-dia-de-accion-de-gracias-que-nacio-de-migrantes\/\" class=\"eael-post-elements-readmore-btn\">CONOCE SU HISTORIA <\/a><\/div>\n                    <\/div><\/div><\/div>\n        <\/div>\n    <\/article><article class=\"eael-grid-post  eael-post-grid-column eael-pg-post-14879 category-guate-nuestra\" data-id=\"14879\">\n        <div class=\"eael-grid-post-holder\">\n            <div class=\"eael-grid-post-holder-inner\"><div class=\"eael-entry-media\"><div class=\"eael-entry-overlay fade-in\"><i class=\"far fa-hand-pointer\" aria-hidden=\"true\"><\/i><a href=\"https:\/\/soymigrante.com\/revista\/y-que-tal-un-kakik-en-accion-de-gracias-migrantes-guatemaltecos-lo-preparan-asi\/\"><\/a><\/div><div class=\"eael-entry-thumbnail eael-image-ratio\">\n                <img loading=\"lazy\" decoding=\"async\" width=\"1024\" height=\"675\" src=\"https:\/\/soymigrante.com\/revista\/wp-content\/uploads\/2024\/11\/Kakik-una-alternativa-guatemalteca-para-Accio\u0301n-de-Gracias-1024x675.png\" class=\"attachment-large size-large wp-image-14881\" alt=\"Kak\u2019ik una alternativa guatemalteca para Acci\u00f3n de Gracias\" \/>\n            <\/div>\n        <\/div><div class=\"eael-entry-wrapper\"><header class=\"eael-entry-header\"><h2 class=\"eael-entry-title\"><a class=\"eael-grid-post-link\" href=\"https:\/\/soymigrante.com\/revista\/y-que-tal-un-kakik-en-accion-de-gracias-migrantes-guatemaltecos-lo-preparan-asi\/\" title=\"\u00bfY qu\u00e9 tal un kak\u2019ik en Acci\u00f3n de Gracias? Migrantes guatemaltecos Carlos y Lidia lo preparan as\u00ed\">\u00bfY qu\u00e9 tal un kak\u2019ik en Acci\u00f3n de Gracias? Migrantes guatemaltecos Carlos y Lidia lo preparan as\u00ed<\/a><\/h2><\/header><div class=\"eael-entry-content\">\n                        <div class=\"eael-grid-post-excerpt\"><a href=\"https:\/\/soymigrante.com\/revista\/y-que-tal-un-kakik-en-accion-de-gracias-migrantes-guatemaltecos-lo-preparan-asi\/\" class=\"eael-post-elements-readmore-btn\">CONOCE SU HISTORIA <\/a><\/div>\n                    <\/div><\/div><\/div>\n        <\/div>\n    <\/article><article class=\"eael-grid-post  eael-post-grid-column eael-pg-post-13232 category-bienestar\" data-id=\"13232\">\n        <div class=\"eael-grid-post-holder\">\n            <div class=\"eael-grid-post-holder-inner\"><div class=\"eael-entry-media\"><div class=\"eael-entry-overlay fade-in\"><i class=\"far fa-hand-pointer\" aria-hidden=\"true\"><\/i><a href=\"https:\/\/soymigrante.com\/revista\/temas-que-puede-ser-mejor-evitar-en-las-cenas-de-accion-de-gracias-y-navidad\/\"><\/a><\/div><div class=\"eael-entry-thumbnail eael-image-ratio\">\n                <img loading=\"lazy\" decoding=\"async\" width=\"1024\" height=\"1024\" src=\"https:\/\/soymigrante.com\/revista\/wp-content\/uploads\/2024\/11\/reunion-familiar-navidad-en-guatemala.png\" class=\"attachment-large size-large wp-image-50089\" alt=\"reunion familiar navidad en guatemala\" srcset=\"https:\/\/soymigrante.com\/revista\/wp-content\/uploads\/2024\/11\/reunion-familiar-navidad-en-guatemala.png 1024w, https:\/\/soymigrante.com\/revista\/wp-content\/uploads\/2024\/11\/reunion-familiar-navidad-en-guatemala-300x300.png 300w, https:\/\/soymigrante.com\/revista\/wp-content\/uploads\/2024\/11\/reunion-familiar-navidad-en-guatemala-150x150.png 150w, https:\/\/soymigrante.com\/revista\/wp-content\/uploads\/2024\/11\/reunion-familiar-navidad-en-guatemala-768x768.png 768w, https:\/\/soymigrante.com\/revista\/wp-content\/uploads\/2024\/11\/reunion-familiar-navidad-en-guatemala-75x75.png 75w, https:\/\/soymigrante.com\/revista\/wp-content\/uploads\/2024\/11\/reunion-familiar-navidad-en-guatemala-750x750.png 750w\" sizes=\"(max-width: 1024px) 100vw, 1024px\" \/>\n            <\/div>\n        <\/div><div class=\"eael-entry-wrapper\"><header class=\"eael-entry-header\"><h2 class=\"eael-entry-title\"><a class=\"eael-grid-post-link\" href=\"https:\/\/soymigrante.com\/revista\/temas-que-puede-ser-mejor-evitar-en-las-cenas-de-accion-de-gracias-y-navidad\/\" title=\"Temas de conversaci\u00f3n que resulta mejor evitar en reuniones familiares navide\u00f1as\">Temas de conversaci\u00f3n que resulta mejor evitar en reuniones familiares navide\u00f1as<\/a><\/h2><\/header><div class=\"eael-entry-content\">\n                        <div class=\"eael-grid-post-excerpt\"><a href=\"https:\/\/soymigrante.com\/revista\/temas-que-puede-ser-mejor-evitar-en-las-cenas-de-accion-de-gracias-y-navidad\/\" class=\"eael-post-elements-readmore-btn\">CONOCE SU HISTORIA <\/a><\/div>\n                    <\/div><\/div><\/div>\n        <\/div>\n    <\/article><\/div>\n            <div class=\"clearfix\"><\/div>\n        <\/div>\t\t\t\t<\/div>\n\t\t\t\t\t<\/div>\n\t\t\t\t<\/div>\n\t\t\t\t<\/div>\n\t\t","protected":false},"excerpt":{"rendered":"<p>\u00bfHas o\u00eddo la expresi\u00f3n &#8220;es el chompipe de la fiesta&#8221;? Se refiere al pavo como platillo principal. Y en Acci\u00f3n de Gracias suele ponerse de moda la carne de pavo&#8230; sin embargo, su significado ceremonial viene desde tiempos prehisp\u00e1nicos. El pavo mesoamericano (Meleagris gallopavo) fue una de las\u00a0 \u00a0especies domesticadas por los pueblos prehisp\u00e1nicos de [&hellip;]<\/p>\n","protected":false},"author":1,"featured_media":49062,"comment_status":"open","ping_status":"open","sticky":false,"template":"","format":"standard","meta":{"_acf_changed":false,"_eb_attr":"","footnotes":""},"categories":[58],"tags":[],"class_list":["post-49047","post","type-post","status-publish","format-standard","has-post-thumbnail","hentry","category-guate-nuestra"],"acf":[],"aioseo_notices":[],"aioseo_head":"\n\t\t<!-- All in One SEO Pro 4.9.6.2 - aioseo.com -->\n\t<meta name=\"description\" content=\"Las reuniones familiares Navidad son muy ansiadas, pero tambi\u00e9n traen memorias. En favor de la armon\u00eda hay temas que resulta mejor evitar traer a colaci\u00f3n.\" \/>\n\t<meta name=\"robots\" content=\"max-snippet:-1, max-image-preview:large, max-video-preview:-1\" \/>\n\t<meta name=\"author\" content=\"SoyMigrante.com REVISTA\"\/>\n\t<link rel=\"canonical\" href=\"https:\/\/soymigrante.com\/revista\/temas-que-puede-ser-mejor-evitar-en-las-cenas-de-accion-de-gracias-y-navidad\/\" \/>\n\t<meta name=\"generator\" content=\"All in One SEO Pro (AIOSEO) 4.9.6.2\" \/>\n\n\t\t<link rel=\"preconnect\" href=\"https:\/\/fonts.googleapis.com\" crossorigin>\n<link rel=\"preconnect\" href=\"https:\/\/fonts.gstatic.com\" crossorigin>\n\t\t<meta property=\"og:locale\" content=\"es_ES\" \/>\n\t\t<meta property=\"og:site_name\" content=\"SoyMigrante.com REVISTA \u2013 Nuestra misi\u00f3n es reconocer y dignificar al migrante.\" \/>\n\t\t<meta property=\"og:type\" content=\"article\" \/>\n\t\t<meta property=\"og:title\" content=\"Temas que es mejor evitar en la cena de Acci\u00f3n de Gracias\" \/>\n\t\t<meta property=\"og:description\" content=\"Las reuniones familiares Navidad son muy ansiadas, pero tambi\u00e9n traen memorias. En favor de la armon\u00eda hay temas que resulta mejor evitar traer a colaci\u00f3n.\" \/>\n\t\t<meta property=\"og:url\" content=\"https:\/\/soymigrante.com\/revista\/temas-que-puede-ser-mejor-evitar-en-las-cenas-de-accion-de-gracias-y-navidad\/\" \/>\n\t\t<meta property=\"og:image\" content=\"https:\/\/soymigrante.com\/revista\/wp-content\/uploads\/2024\/11\/reunion-familiar-navidad-en-guatemala.png\" \/>\n\t\t<meta property=\"og:image:secure_url\" content=\"https:\/\/soymigrante.com\/revista\/wp-content\/uploads\/2024\/11\/reunion-familiar-navidad-en-guatemala.png\" \/>\n\t\t<meta property=\"og:image:width\" content=\"1024\" \/>\n\t\t<meta property=\"og:image:height\" content=\"1024\" \/>\n\t\t<meta property=\"article:published_time\" content=\"2025-12-23T16:12:38+00:00\" \/>\n\t\t<meta property=\"article:modified_time\" content=\"2025-12-23T16:14:08+00:00\" \/>\n\t\t<meta property=\"article:publisher\" content=\"https:\/\/www.facebook.com\/soymigrantecom\" \/>\n\t\t<meta name=\"twitter:card\" content=\"summary_large_image\" \/>\n\t\t<meta name=\"twitter:site\" content=\"@SoyMigrante_com\" \/>\n\t\t<meta name=\"twitter:title\" content=\"Temas que es mejor evitar en la cena de Acci\u00f3n de Gracias\" \/>\n\t\t<meta name=\"twitter:description\" content=\"Las reuniones familiares Navidad son muy ansiadas, pero tambi\u00e9n traen memorias. En favor de la armon\u00eda hay temas que resulta mejor evitar traer a colaci\u00f3n.\" \/>\n\t\t<meta name=\"twitter:creator\" content=\"@SoyMigrante_com\" \/>\n\t\t<meta name=\"twitter:image\" content=\"https:\/\/soymigrante.com\/revista\/wp-content\/uploads\/2024\/11\/reunion-familiar-navidad-en-guatemala.png\" \/>\n\t\t<!-- All in One SEO Pro -->\r\n\t\t<title>Temas que es mejor evitar en la cena de Acci\u00f3n de Gracias<\/title>\n\n","aioseo_head_json":{"title":"Temas que es mejor evitar en la cena de Acci\u00f3n de Gracias","description":"Las reuniones familiares Navidad son muy ansiadas, pero tambi\u00e9n traen memorias. En favor de la armon\u00eda hay temas que resulta mejor evitar traer a colaci\u00f3n.","canonical_url":"https:\/\/soymigrante.com\/revista\/temas-que-puede-ser-mejor-evitar-en-las-cenas-de-accion-de-gracias-y-navidad\/","robots":"max-snippet:-1, max-image-preview:large, max-video-preview:-1","keywords":"","webmasterTools":{"miscellaneous":"&lt;link rel=\"preconnect\" href=\"https:\/\/fonts.googleapis.com\" crossorigin&gt;\n&lt;link rel=\"preconnect\" href=\"https:\/\/fonts.gstatic.com\" crossorigin&gt;"},"schema":null,"og:locale":"es_ES","og:site_name":"SoyMigrante.com REVISTA \u2013 Nuestra misi\u00f3n es reconocer y dignificar al migrante.","og:type":"article","og:title":"Temas que es mejor evitar en la cena de Acci\u00f3n de Gracias","og:description":"Las reuniones familiares Navidad son muy ansiadas, pero tambi\u00e9n traen memorias. En favor de la armon\u00eda hay temas que resulta mejor evitar traer a colaci\u00f3n.","og:url":"https:\/\/soymigrante.com\/revista\/temas-que-puede-ser-mejor-evitar-en-las-cenas-de-accion-de-gracias-y-navidad\/","og:image":"https:\/\/soymigrante.com\/revista\/wp-content\/uploads\/2024\/11\/reunion-familiar-navidad-en-guatemala.png","og:image:secure_url":"https:\/\/soymigrante.com\/revista\/wp-content\/uploads\/2024\/11\/reunion-familiar-navidad-en-guatemala.png","og:image:width":1024,"og:image:height":1024,"article:published_time":"2025-12-23T16:12:38+00:00","article:modified_time":"2025-12-23T16:14:08+00:00","article:publisher":"https:\/\/www.facebook.com\/soymigrantecom","twitter:card":"summary_large_image","twitter:site":"@SoyMigrante_com","twitter:title":"Temas que es mejor evitar en la cena de Acci\u00f3n de Gracias","twitter:description":"Las reuniones familiares Navidad son muy ansiadas, pero tambi\u00e9n traen memorias. En favor de la armon\u00eda hay temas que resulta mejor evitar traer a colaci\u00f3n.","twitter:creator":"@SoyMigrante_com","twitter:image":"https:\/\/soymigrante.com\/revista\/wp-content\/uploads\/2024\/11\/reunion-familiar-navidad-en-guatemala.png"},"aioseo_meta_data":{"post_id":"49047","title":"El pavo es ceremonial y festivo desde tiempos prehisp\u00e1nicos","description":"El chompipe o pavo, originario de Am\u00e9rica ten\u00eda significado festivo desde tiempos prehisp\u00e1nicos. Mucho antes del \"D\u00eda de Gracias\" ya era platillo ceremonial","keywords":null,"keyphrases":{"focus":{"keyphrase":"Pavo","score":78,"analysis":{"keyphraseInTitle":{"score":9,"maxScore":9,"error":0},"keyphraseInDescription":{"score":9,"maxScore":9,"error":0},"keyphraseLength":{"score":9,"maxScore":9,"error":0,"length":1},"keyphraseInURL":{"score":5,"maxScore":5,"error":0},"keyphraseInIntroduction":{"score":9,"maxScore":9,"error":0},"keyphraseInSubHeadings":{"score":3,"maxScore":9,"error":1},"keyphraseInImageAlt":{"score":9,"maxScore":9,"error":0},"keywordDensity":{"type":"high","score":0,"maxScore":9,"error":1}}},"additional":[{"keyphrase":"ceremonial","score":67,"analysis":{"keyphraseInDescription":{"score":9,"maxScore":9,"error":0},"keyphraseLength":{"score":9,"maxScore":9,"error":0,"length":1},"keyphraseInIntroduction":{"score":3,"maxScore":9,"error":1},"keyphraseInImageAlt":{"score":9,"maxScore":9,"error":0},"keywordDensity":{"score":0,"type":"low","maxScore":9,"error":1}}}]},"primary_term":null,"canonical_url":null,"og_title":null,"og_description":null,"og_object_type":"default","og_image_type":"default","og_image_url":null,"og_image_width":null,"og_image_height":null,"og_image_custom_url":null,"og_image_custom_fields":null,"og_video":"","og_custom_url":null,"og_article_section":null,"og_article_tags":null,"twitter_use_og":false,"twitter_card":"default","twitter_image_type":"default","twitter_image_url":null,"twitter_image_custom_url":null,"twitter_image_custom_fields":null,"twitter_title":null,"twitter_description":null,"schema":{"blockGraphs":[],"customGraphs":[],"default":{"data":{"Article":[],"Course":[],"Dataset":[],"FAQPage":[],"Movie":[],"Person":[],"Product":[],"ProductReview":[],"Car":[],"Recipe":[],"Service":[],"SoftwareApplication":[],"WebPage":[]},"graphName":"NewsArticle","isEnabled":true},"graphs":[]},"schema_type":"default","schema_type_options":null,"pillar_content":false,"robots_default":true,"robots_noindex":false,"robots_noarchive":false,"robots_nosnippet":false,"robots_nofollow":false,"robots_noimageindex":false,"robots_noodp":false,"robots_notranslate":false,"robots_max_snippet":"-1","robots_max_videopreview":"-1","robots_max_imagepreview":"large","priority":null,"frequency":"default","local_seo":null,"seo_analyzer_scan_date":"2025-11-27 18:18:09","breadcrumb_settings":null,"limit_modified_date":false,"reviewed_by":"0","open_ai":null,"ai":{"faqs":[],"keyPoints":[],"titles":[],"descriptions":[],"socialPosts":{"email":[],"linkedin":[],"twitter":[],"facebook":[],"instagram":[]}},"created":"2025-11-27 16:54:29","updated":"2026-02-05 07:11:19"},"aioseo_breadcrumb":"<div class=\"aioseo-breadcrumbs\"><span class=\"aioseo-breadcrumb\">\n\t<a href=\"https:\/\/soymigrante.com\/revista\" title=\"Home\">Home<\/a>\n<\/span><span class=\"aioseo-breadcrumb-separator\">\u00bb<\/span><span class=\"aioseo-breadcrumb\">\n\t<a href=\"https:\/\/soymigrante.com\/revista\/category\/guate-nuestra\/\" title=\"Guate Nuestra\">Guate Nuestra<\/a>\n<\/span><span class=\"aioseo-breadcrumb-separator\">\u00bb<\/span><span class=\"aioseo-breadcrumb\">\n\tEl chompipe de la fiesta: el pavo es ceremonial y festivo desde tiempos prehisp\u00e1nicos (y otros datos curiosos)\n<\/span><\/div>","aioseo_breadcrumb_json":[{"label":"Home","link":"https:\/\/soymigrante.com\/revista"},{"label":"Guate Nuestra","link":"https:\/\/soymigrante.com\/revista\/category\/guate-nuestra\/"},{"label":"El chompipe de la fiesta: el pavo es ceremonial y festivo desde tiempos prehisp\u00e1nicos (y otros datos curiosos)","link":"https:\/\/soymigrante.com\/revista\/el-chompipe-de-la-fiesta-el-pavo-es-ceremonial-y-festivo-desde-tiempos-prehispanicos-y-otros-datos-curiosos\/"}],"_links":{"self":[{"href":"https:\/\/soymigrante.com\/revista\/wp-json\/wp\/v2\/posts\/49047","targetHints":{"allow":["GET"]}}],"collection":[{"href":"https:\/\/soymigrante.com\/revista\/wp-json\/wp\/v2\/posts"}],"about":[{"href":"https:\/\/soymigrante.com\/revista\/wp-json\/wp\/v2\/types\/post"}],"author":[{"embeddable":true,"href":"https:\/\/soymigrante.com\/revista\/wp-json\/wp\/v2\/users\/1"}],"replies":[{"embeddable":true,"href":"https:\/\/soymigrante.com\/revista\/wp-json\/wp\/v2\/comments?post=49047"}],"version-history":[{"count":7,"href":"https:\/\/soymigrante.com\/revista\/wp-json\/wp\/v2\/posts\/49047\/revisions"}],"predecessor-version":[{"id":49060,"href":"https:\/\/soymigrante.com\/revista\/wp-json\/wp\/v2\/posts\/49047\/revisions\/49060"}],"wp:featuredmedia":[{"embeddable":true,"href":"https:\/\/soymigrante.com\/revista\/wp-json\/wp\/v2\/media\/49062"}],"wp:attachment":[{"href":"https:\/\/soymigrante.com\/revista\/wp-json\/wp\/v2\/media?parent=49047"}],"wp:term":[{"taxonomy":"category","embeddable":true,"href":"https:\/\/soymigrante.com\/revista\/wp-json\/wp\/v2\/categories?post=49047"},{"taxonomy":"post_tag","embeddable":true,"href":"https:\/\/soymigrante.com\/revista\/wp-json\/wp\/v2\/tags?post=49047"}],"curies":[{"name":"wp","href":"https:\/\/api.w.org\/{rel}","templated":true}]}}