{"id":48988,"date":"2025-11-26T06:17:16","date_gmt":"2025-11-26T12:17:16","guid":{"rendered":"https:\/\/soymigrante.com\/revista\/?p=48988"},"modified":"2025-11-26T06:47:09","modified_gmt":"2025-11-26T12:47:09","slug":"mas-de-600-menores-han-sido-enviados-por-ice-a-albergues-federales-senala-reporte-de-propublica","status":"publish","type":"post","link":"https:\/\/soymigrante.com\/revista\/mas-de-600-menores-han-sido-enviados-por-ice-a-albergues-federales-senala-reporte-de-propublica\/","title":{"rendered":"M\u00e1s de 600 menores han sido enviados por ICE a albergues federales en 2025, reporta ProPublica"},"content":{"rendered":"\t\t<div data-elementor-type=\"wp-post\" data-elementor-id=\"48988\" class=\"elementor elementor-48988\" data-elementor-post-type=\"post\">\n\t\t\t\t<div data-particle_enable=\"false\" data-particle-mobile-disabled=\"false\" class=\"elementor-element elementor-element-6e65231 e-flex e-con-boxed e-con e-parent\" data-id=\"6e65231\" data-element_type=\"container\" data-e-type=\"container\">\n\t\t\t\t\t<div class=\"e-con-inner\">\n\t\t\t\t<div class=\"elementor-element elementor-element-5049207 elementor-widget elementor-widget-heading\" data-id=\"5049207\" data-element_type=\"widget\" data-e-type=\"widget\" data-widget_type=\"heading.default\">\n\t\t\t\t\t<h2 class=\"elementor-heading-title elementor-size-default\">Durante el 2025 ha aumentado a niveles hist\u00f3ricos el n\u00famero de menores migrantes detenidos por agentes migratorios y enviados a instalaciones federales: m\u00e1s de 600 reporta ProPublica.<\/h2>\t\t\t\t<\/div>\n\t\t\t\t\t<\/div>\n\t\t\t\t<\/div>\n\t\t<div data-particle_enable=\"false\" data-particle-mobile-disabled=\"false\" class=\"elementor-element elementor-element-7d539cd e-flex e-con-boxed e-con e-parent\" data-id=\"7d539cd\" data-element_type=\"container\" data-e-type=\"container\">\n\t\t\t\t\t<div class=\"e-con-inner\">\n\t\t\t\t<div class=\"elementor-element elementor-element-cedb004 elementor-widget elementor-widget-text-editor\" data-id=\"cedb004\" data-element_type=\"widget\" data-e-type=\"widget\" data-widget_type=\"text-editor.default\">\n\t\t\t\t\t\t\t\t\t<p>Durante el a\u00f1o 2025 el gobierno de Estados Unidos ha enviado m\u00e1s <a href=\"https:\/\/soymigrante.com\/revista\/sugerencia-a-migrantes-para-proteger-el-cuidado-de-sus-hijos-menores\/\">ni\u00f1os migrantes<\/a> a albergues federales que en los \u00faltimos cuatro a\u00f1os combinados, en un fen\u00f3meno que especialistas describen como una \u201cnueva ola de separaciones familiares\u201d dentro del pa\u00eds, impulsada en buena parte por paradas de tr\u00e1fico y operativos de agentes migratorios de ICE, seg\u00fan<a href=\"https:\/\/www.propublica.org\/article\/ice-detentions-immigrant-kids-family-separations\"> reporta el medio ProPublica.<\/a><\/p><p>De acuerdo con datos oficiales, alrededor de 600 <a href=\"https:\/\/soymigrante.com\/revista\/sugerencia-a-migrantes-para-proteger-el-cuidado-de-sus-hijos-menores\/\">menores<\/a> han sido puestos este a\u00f1o bajo custodia de la Oficina de Reasentamiento de Refugiados (ORR), el n\u00famero m\u00e1s alto desde que se lleva registro. La mayor\u00eda son adolescentes que ya viv\u00edan desde hace a\u00f1os en EE. UU., con escuela, hogares y familiares establecidos.<\/p>\t\t\t\t\t\t\t\t<\/div>\n\t\t\t\t\t<\/div>\n\t\t\t\t<\/div>\n\t\t<div data-particle_enable=\"false\" data-particle-mobile-disabled=\"false\" class=\"elementor-element elementor-element-1f11a15 e-flex e-con-boxed e-con e-parent\" data-id=\"1f11a15\" data-element_type=\"container\" data-e-type=\"container\">\n\t\t\t\t\t<div class=\"e-con-inner\">\n\t\t\t\t<div class=\"elementor-element elementor-element-8fa45c4 elementor-widget elementor-widget-image\" data-id=\"8fa45c4\" data-element_type=\"widget\" data-e-type=\"widget\" data-widget_type=\"image.default\">\n\t\t\t\t\t\t\t\t\t\t\t\t<figure class=\"wp-caption\">\n\t\t\t\t\t\t\t\t\t\t<img fetchpriority=\"high\" decoding=\"async\" width=\"1140\" height=\"684\" src=\"https:\/\/soymigrante.com\/revista\/wp-content\/uploads\/2025\/11\/menores-no-acompanados-ice-1140x684.jpg\" class=\"attachment-large size-large wp-image-48999\" alt=\"Defensores de Derechos Migratorios est\u00e1n preocupados por la forma en que se utiliza un recurso para proteger a menores vulnerables, para mantenerlos cautivos, presionar a familiares migrantes y eventualmente a apresurar deportaciones. (Imagen Envato Labs)\" srcset=\"https:\/\/soymigrante.com\/revista\/wp-content\/uploads\/2025\/11\/menores-no-acompanados-ice-1140x684.jpg 1140w, https:\/\/soymigrante.com\/revista\/wp-content\/uploads\/2025\/11\/menores-no-acompanados-ice-300x180.jpg 300w, https:\/\/soymigrante.com\/revista\/wp-content\/uploads\/2025\/11\/menores-no-acompanados-ice-768x461.jpg 768w, https:\/\/soymigrante.com\/revista\/wp-content\/uploads\/2025\/11\/menores-no-acompanados-ice-1536x921.jpg 1536w, https:\/\/soymigrante.com\/revista\/wp-content\/uploads\/2025\/11\/menores-no-acompanados-ice-750x450.jpg 750w, https:\/\/soymigrante.com\/revista\/wp-content\/uploads\/2025\/11\/menores-no-acompanados-ice.jpg 1921w\" sizes=\"(max-width: 1140px) 100vw, 1140px\" title=\"Defensores de Derechos Migratorios  est\u00e1n preocupados por la forma en que se utiliza un recurso para proteger a menores vulnerables, para mantenerlos cautivos, presionar a familiares migrantes y eventualmente a apresurar deportaciones. (Imagen Envato Labs) \u2013 SoyMigrante.com REVISTA\" \/>\t\t\t\t\t\t\t\t\t\t\t<figcaption class=\"widget-image-caption wp-caption-text\">Defensores de Derechos Migratorios  est\u00e1n preocupados por la forma en que se utiliza un recurso para proteger a menores vulnerables, para mantenerlos cautivos, presionar a familiares migrantes y eventualmente a apresurar deportaciones. (Imagen Envato Labs)<\/figcaption>\n\t\t\t\t\t\t\t\t\t\t<\/figure>\n\t\t\t\t\t\t\t\t\t<\/div>\n\t\t\t\t\t<\/div>\n\t\t\t\t<\/div>\n\t\t<div data-particle_enable=\"false\" data-particle-mobile-disabled=\"false\" class=\"elementor-element elementor-element-fdfa5a6 e-flex e-con-boxed e-con e-parent\" data-id=\"fdfa5a6\" data-element_type=\"container\" data-e-type=\"container\">\n\t\t\t\t\t<div class=\"e-con-inner\">\n\t\t\t\t<div class=\"elementor-element elementor-element-08e7774 elementor-widget elementor-widget-text-editor\" data-id=\"08e7774\" data-element_type=\"widget\" data-e-type=\"widget\" data-widget_type=\"text-editor.default\">\n\t\t\t\t\t\t\t\t\t<p><span style=\"color: #000000; font-family: Mulish, sans-serif; font-size: 29px; font-weight: bold;\">El caso de Carlos, adolescente guatemalteco\u00a0<\/span><\/p><p>Entre los casos documentados aparece el de Carlos, un guatemalteco de 15 a\u00f1os que viv\u00eda desde 2022 en Florida junto a su t\u00eda, Imelda Carreto, quien ten\u00eda su custodia. El 6 de junio 2025, la camioneta donde viajaba fue <a href=\"https:\/\/soymigrante.com\/revista\/operativos-antimaras-en-usa-se-utilizan-para-detener-migrantes-sin-antecedentes-cuestiona-insight-crime\/\">detenida<\/a> por un parabrisas da\u00f1ado. Aunque no iba solo, ni estaba en peligro, y pese a que su t\u00eda Imelda Carreto lleg\u00f3 al lugar, la polic\u00eda estatal entreg\u00f3 al menor a ICE, que lo traslad\u00f3 de inmediato a un centro federal.<\/p><p>Carlos hab\u00eda cruzado solo la frontera a los 13 a\u00f1os huyendo de una situaci\u00f3n familiar precaria en Guatemala. Su t\u00eda se hizo cargo de su cuidado y asist\u00eda a la escuela mientras tramitaba un estatus legal, detalla<a href=\"https:\/\/www.propublica.org\/article\/ice-detentions-immigrant-kids-family-separations\"> ProPublica.<\/a>\u00a0<\/p><p>Pero tras esta<a href=\"https:\/\/soymigrante.com\/revista\/operativos-antimaras-en-usa-se-utilizan-para-detener-migrantes-sin-antecedentes-cuestiona-insight-crime\/\"> parada de tr\u00e1fico <\/a>\u2014un escenario que antes no derivaba en detenciones de menores con tutores presentes\u2014 pas\u00f3 dos meses y medio en albergues federales, sometido a largas verificaciones, pruebas de ADN, controles de vivienda y visitas inesperadas de agentes a la casa de la familia.<\/p><p>Su t\u00eda luch\u00f3 durante semanas para recuperarlo. \u201c\u00bfPor qu\u00e9 me tienen aqu\u00ed? Yo no hice nada malo\u201d, cont\u00f3 el adolescente durante sus llamadas desde el albergue.<\/p>\t\t\t\t\t\t\t\t<\/div>\n\t\t\t\t\t<\/div>\n\t\t\t\t<\/div>\n\t\t<div data-particle_enable=\"false\" data-particle-mobile-disabled=\"false\" class=\"elementor-element elementor-element-d571bf6 e-flex e-con-boxed e-con e-parent\" data-id=\"d571bf6\" data-element_type=\"container\" data-e-type=\"container\">\n\t\t\t\t\t<div class=\"e-con-inner\">\n\t\t\t\t<div class=\"elementor-element elementor-element-601dc44 elementor-widget elementor-widget-image\" data-id=\"601dc44\" data-element_type=\"widget\" data-e-type=\"widget\" data-widget_type=\"image.default\">\n\t\t\t\t\t\t\t\t\t\t\t\t<figure class=\"wp-caption\">\n\t\t\t\t\t\t\t\t\t\t\t<a href=\"https:\/\/www.propublica.org\/article\/ice-detentions-immigrant-kids-family-separations\">\n\t\t\t\t\t\t\t<img decoding=\"async\" width=\"1140\" height=\"578\" src=\"https:\/\/soymigrante.com\/revista\/wp-content\/uploads\/2025\/11\/menores-no-acompanados-detenidos-por-ice-1140x578.png\" class=\"attachment-large size-large wp-image-49000\" alt=\"El extenso reporte de ProPublica detalla casos y cifras de los menores enviados a instalaciones federales: unos 600 en 2025, de los cuales 160 siguen all\u00ed. Para ver el art\u00edculo completo, clic en la imagen.\" srcset=\"https:\/\/soymigrante.com\/revista\/wp-content\/uploads\/2025\/11\/menores-no-acompanados-detenidos-por-ice-1140x578.png 1140w, https:\/\/soymigrante.com\/revista\/wp-content\/uploads\/2025\/11\/menores-no-acompanados-detenidos-por-ice-300x152.png 300w, https:\/\/soymigrante.com\/revista\/wp-content\/uploads\/2025\/11\/menores-no-acompanados-detenidos-por-ice-768x389.png 768w, https:\/\/soymigrante.com\/revista\/wp-content\/uploads\/2025\/11\/menores-no-acompanados-detenidos-por-ice-750x380.png 750w, https:\/\/soymigrante.com\/revista\/wp-content\/uploads\/2025\/11\/menores-no-acompanados-detenidos-por-ice.png 1513w\" sizes=\"(max-width: 1140px) 100vw, 1140px\" title=\"El extenso reporte de ProPublica detalla casos y cifras de los menores enviados a instalaciones federales: unos 600 en 2025, de los cuales 160 siguen all\u00ed. Para ver el art\u00edculo completo, clic en la imagen. \u2013 SoyMigrante.com REVISTA\" \/>\t\t\t\t\t\t\t\t<\/a>\n\t\t\t\t\t\t\t\t\t\t\t<figcaption class=\"widget-image-caption wp-caption-text\">El extenso reporte de ProPublica detalla casos y cifras de los menores enviados a instalaciones federales: unos 600 en 2025, de los cuales 160 siguen all\u00ed. Para ver el art\u00edculo completo, clic en la imagen.<\/figcaption>\n\t\t\t\t\t\t\t\t\t\t<\/figure>\n\t\t\t\t\t\t\t\t\t<\/div>\n\t\t\t\t\t<\/div>\n\t\t\t\t<\/div>\n\t\t<div data-particle_enable=\"false\" data-particle-mobile-disabled=\"false\" class=\"elementor-element elementor-element-5fa5060 e-flex e-con-boxed e-con e-parent\" data-id=\"5fa5060\" data-element_type=\"container\" data-e-type=\"container\">\n\t\t\t\t\t<div class=\"e-con-inner\">\n\t\t\t\t<div class=\"elementor-element elementor-element-3b3c2d5 elementor-widget elementor-widget-text-editor\" data-id=\"3b3c2d5\" data-element_type=\"widget\" data-e-type=\"widget\" data-widget_type=\"text-editor.default\">\n\t\t\t\t\t\t\t\t\t<h3>Un sistema pensado para otra cosa<\/h3><p><a href=\"https:\/\/www.propublica.org\/article\/ice-detentions-immigrant-kids-family-separations\">Seg\u00fan detalla ProPublica,<\/a> el sistema de albergues federales fue creado para atender a ni\u00f1os que cruzan solos la frontera, no para menores que viven con tutores dentro del pa\u00eds. Sin embargo, las detenciones se est\u00e1n disparando tras citas rutinarias de inmigraci\u00f3n, visitas policiales a domicilios o \u2014como en Florida\u2014 paradas de tr\u00e1nsito realizadas por agentes locales autorizados para aplicar leyes migratorias.<\/p><p>Solo en ese estado, al menos 47 menores han sido arrestados por causas migratorias desde abril, muchos sin que exista un proceso estatal que determine si realmente necesitan ser separados de sus familias, lo que podr\u00eda violar la propia pol\u00edtica de ICE.<\/p><p>La colaboraci\u00f3n entre autoridades estatales y federales, que Florida promueve como modelo nacional, ha difuminado los l\u00edmites legales y ampliado la capacidad para detener y transferir ni\u00f1os.<\/p><h3>Estancias m\u00e1s largas y m\u00e1s obst\u00e1culos para reunirse<\/h3><p>La investigaci\u00f3n muestra tambi\u00e9n que, bajo la actual administraci\u00f3n, la estad\u00eda promedio en albergues se ha extendido a casi seis meses, frente al mes que sol\u00eda durar durante el gobierno anterior.\u00a0<\/p><p>Nuevos requisitos de verificaci\u00f3n, como pruebas de ADN para patrocinadores y revisiones de todos los adultos del hogar, han generado temor entre familias indocumentadas que antes se presentaban sin recelo para reclamar a los ni\u00f1os.<\/p><p><a href=\"https:\/\/soymigrante.com\/revista\/todo-migrante-tiene-derechos-la-union-americana-de-libertades-civiles-recomienda\/\">Abogados y defensores <\/a>aseguran que este aumento en tiempos de detenci\u00f3n est\u00e1 provocando ansiedad, autolesiones y p\u00e9rdida de esperanza entre muchos menores.<\/p><h3>Un panorama que se agrava<\/h3><p>De los <a href=\"https:\/\/www.propublica.org\/article\/ice-detentions-immigrant-kids-family-separations\">casos documentados por ProPublica, <\/a>unos 160 ni\u00f1os segu\u00edan atrapados en albergues federales hasta el mes pasado, y cerca de 100 ya hab\u00edan recibido \u00f3rdenes de deportaci\u00f3n o firmado documentos para abandonar el pa\u00eds.<\/p>\t\t\t\t\t\t\t\t<\/div>\n\t\t\t\t\t<\/div>\n\t\t\t\t<\/div>\n\t\t<div data-particle_enable=\"false\" data-particle-mobile-disabled=\"false\" class=\"elementor-element elementor-element-f9fd4d9 e-flex e-con-boxed e-con e-parent\" data-id=\"f9fd4d9\" data-element_type=\"container\" data-e-type=\"container\">\n\t\t\t\t\t<div class=\"e-con-inner\">\n\t\t\t\t<div class=\"elementor-element elementor-element-8fe1b51 elementor-widget elementor-widget-image\" data-id=\"8fe1b51\" data-element_type=\"widget\" data-e-type=\"widget\" data-widget_type=\"image.default\">\n\t\t\t\t\t\t\t\t\t\t\t\t<figure class=\"wp-caption\">\n\t\t\t\t\t\t\t\t\t\t<img decoding=\"async\" width=\"409\" height=\"395\" src=\"https:\/\/soymigrante.com\/revista\/wp-content\/uploads\/2025\/11\/menores-no-acompanados-detenidos-ice-4.png\" class=\"attachment-large size-large wp-image-49001\" alt=\"Vista de un documento que es entregado a menores migrantes para persuadirlos a firmarlos y as\u00ed aceptar su deportaci\u00f3n inmediata. Seg\u00fan ProPublica, de los 600 detenidos en 2025, unos 100 ya han sido deportados. A todo migrante detenido se le recomienda NO firmar nada sin tener a un abogado presente.\" srcset=\"https:\/\/soymigrante.com\/revista\/wp-content\/uploads\/2025\/11\/menores-no-acompanados-detenidos-ice-4.png 409w, https:\/\/soymigrante.com\/revista\/wp-content\/uploads\/2025\/11\/menores-no-acompanados-detenidos-ice-4-300x290.png 300w\" sizes=\"(max-width: 409px) 100vw, 409px\" title=\"Vista de un documento que es entregado a menores  migrantes para persuadirlos a firmarlos y as\u00ed aceptar su deportaci\u00f3n inmediata. Seg\u00fan ProPublica, de los 600 detenidos en 2025, unos 100 ya han sido deportados.   A todo migrante detenido se le recomienda NO firmar nada sin tener a un abogado presente. \u2013 SoyMigrante.com REVISTA\" \/>\t\t\t\t\t\t\t\t\t\t\t<figcaption class=\"widget-image-caption wp-caption-text\">Vista de un documento que es entregado a menores  migrantes para persuadirlos a firmarlos y as\u00ed aceptar su deportaci\u00f3n inmediata. Seg\u00fan ProPublica, de los 600 detenidos en 2025, unos 100 ya han sido deportados.   A todo migrante detenido se le recomienda NO firmar nada sin tener a un abogado presente.<\/figcaption>\n\t\t\t\t\t\t\t\t\t\t<\/figure>\n\t\t\t\t\t\t\t\t\t<\/div>\n\t\t\t\t\t<\/div>\n\t\t\t\t<\/div>\n\t\t<div data-particle_enable=\"false\" data-particle-mobile-disabled=\"false\" class=\"elementor-element elementor-element-8125e15 e-flex e-con-boxed e-con e-parent\" data-id=\"8125e15\" data-element_type=\"container\" data-e-type=\"container\">\n\t\t\t\t\t<div class=\"e-con-inner\">\n\t\t\t\t<div class=\"elementor-element elementor-element-1fd515a elementor-widget elementor-widget-heading\" data-id=\"1fd515a\" data-element_type=\"widget\" data-e-type=\"widget\" data-widget_type=\"heading.default\">\n\t\t\t\t\t<h2 class=\"elementor-heading-title elementor-size-default\">Otros art\u00edculos que podr\u00edan ser de inter\u00e9s<\/h2>\t\t\t\t<\/div>\n\t\t\t\t\t<\/div>\n\t\t\t\t<\/div>\n\t\t<div data-particle_enable=\"false\" data-particle-mobile-disabled=\"false\" class=\"elementor-element elementor-element-20fb5d1 e-flex e-con-boxed e-con e-parent\" data-id=\"20fb5d1\" data-element_type=\"container\" data-e-type=\"container\">\n\t\t\t\t\t<div class=\"e-con-inner\">\n\t\t\t\t<div class=\"elementor-element elementor-element-88de5c4 elementor-grid-eael-col-3 elementor-grid-tablet-eael-col-2 elementor-grid-mobile-eael-col-1 elementor-widget elementor-widget-eael-post-grid\" data-id=\"88de5c4\" data-element_type=\"widget\" data-e-type=\"widget\" data-settings=\"{&quot;eael_post_grid_columns&quot;:&quot;eael-col-3&quot;,&quot;eael_post_grid_columns_tablet&quot;:&quot;eael-col-2&quot;,&quot;eael_post_grid_columns_mobile&quot;:&quot;eael-col-1&quot;}\" data-widget_type=\"eael-post-grid.default\">\n\t\t\t\t\t<div id=\"eael-post-grid-88de5c4\" class=\"eael-post-grid-container\">\n            <div class=\"eael-post-grid eael-post-appender eael-post-appender-88de5c4 eael-post-grid-style-one\" data-layout-mode=\"masonry\"><article class=\"eael-grid-post  eael-post-grid-column eael-pg-post-34059 category-estamos-unidos\" data-id=\"34059\">\n        <div class=\"eael-grid-post-holder\">\n            <div class=\"eael-grid-post-holder-inner\"><div class=\"eael-entry-media\"><div class=\"eael-entry-overlay fade-in\"><i class=\"far fa-hand-pointer\" aria-hidden=\"true\"><\/i><a href=\"https:\/\/soymigrante.com\/revista\/que-es-una-persona-migrante-una-mirada-a-su-definicion-derechos-y-valor-en-la-sociedad\/\"><\/a><\/div><div class=\"eael-entry-thumbnail eael-image-ratio\">\n                <img loading=\"lazy\" decoding=\"async\" width=\"1024\" height=\"740\" src=\"https:\/\/soymigrante.com\/revista\/wp-content\/uploads\/2023\/11\/toma-emigrante-e1699394486684-1024x740.webp\" class=\"attachment-large size-large wp-image-3264\" alt=\"El monumento al Migrante explicado por su autor, Eduardo Sac, a 13 a\u00f1os de su inauguraci\u00f3n\" \/>\n            <\/div>\n        <\/div><div class=\"eael-entry-wrapper\"><header class=\"eael-entry-header\"><h2 class=\"eael-entry-title\"><a class=\"eael-grid-post-link\" href=\"https:\/\/soymigrante.com\/revista\/que-es-una-persona-migrante-una-mirada-a-su-definicion-derechos-y-valor-en-la-sociedad\/\" title=\"\u00bfQu\u00e9 es una persona migrante Una mirada a su definici\u00f3n, derechos y valor en la sociedad\">\u00bfQu\u00e9 es una persona migrante Una mirada a su definici\u00f3n, derechos y valor en la sociedad<\/a><\/h2><\/header><div class=\"eael-entry-content\">\n                        <div class=\"eael-grid-post-excerpt\"><a href=\"https:\/\/soymigrante.com\/revista\/que-es-una-persona-migrante-una-mirada-a-su-definicion-derechos-y-valor-en-la-sociedad\/\" class=\"eael-post-elements-readmore-btn\">CONOCE SU HISTORIA <\/a><\/div>\n                    <\/div><\/div><\/div>\n        <\/div>\n    <\/article><article class=\"eael-grid-post  eael-post-grid-column eael-pg-post-6382 category-recursos-migratorios\" data-id=\"6382\">\n        <div class=\"eael-grid-post-holder\">\n            <div class=\"eael-grid-post-holder-inner\"><div class=\"eael-entry-media\"><div class=\"eael-entry-overlay fade-in\"><i class=\"far fa-hand-pointer\" aria-hidden=\"true\"><\/i><a href=\"https:\/\/soymigrante.com\/revista\/derechos-de-los-migrantes-silencio-indocumentados-defensa\/\"><\/a><\/div><div class=\"eael-entry-thumbnail eael-image-ratio\">\n                <img loading=\"lazy\" decoding=\"async\" width=\"1024\" height=\"1024\" src=\"https:\/\/soymigrante.com\/revista\/wp-content\/uploads\/2024\/05\/derechos-migrantes-en-estados-unidos-1024x1024.png\" class=\"attachment-large size-large wp-image-49647\" alt=\"obrero industrial hispano para ilustrar tema de derechos migrantes en estados unidos\" srcset=\"https:\/\/soymigrante.com\/revista\/wp-content\/uploads\/2024\/05\/derechos-migrantes-en-estados-unidos-1024x1024.png 1024w, https:\/\/soymigrante.com\/revista\/wp-content\/uploads\/2024\/05\/derechos-migrantes-en-estados-unidos-300x300.png 300w, https:\/\/soymigrante.com\/revista\/wp-content\/uploads\/2024\/05\/derechos-migrantes-en-estados-unidos-150x150.png 150w, https:\/\/soymigrante.com\/revista\/wp-content\/uploads\/2024\/05\/derechos-migrantes-en-estados-unidos-768x768.png 768w, https:\/\/soymigrante.com\/revista\/wp-content\/uploads\/2024\/05\/derechos-migrantes-en-estados-unidos-75x75.png 75w, https:\/\/soymigrante.com\/revista\/wp-content\/uploads\/2024\/05\/derechos-migrantes-en-estados-unidos-750x750.png 750w, https:\/\/soymigrante.com\/revista\/wp-content\/uploads\/2024\/05\/derechos-migrantes-en-estados-unidos.png 1101w\" sizes=\"(max-width: 1024px) 100vw, 1024px\" \/>\n            <\/div>\n        <\/div><div class=\"eael-entry-wrapper\"><header class=\"eael-entry-header\"><h2 class=\"eael-entry-title\"><a class=\"eael-grid-post-link\" href=\"https:\/\/soymigrante.com\/revista\/derechos-de-los-migrantes-silencio-indocumentados-defensa\/\" title=\"Migrante, tienes derechos en EE.UU., incluyendo el silencio: averigua, conoce y comparte\">Migrante, tienes derechos en EE.UU., incluyendo el silencio: averigua, conoce y comparte<\/a><\/h2><\/header><div class=\"eael-entry-content\">\n                        <div class=\"eael-grid-post-excerpt\"><a href=\"https:\/\/soymigrante.com\/revista\/derechos-de-los-migrantes-silencio-indocumentados-defensa\/\" class=\"eael-post-elements-readmore-btn\">CONOCE SU HISTORIA <\/a><\/div>\n                    <\/div><\/div><\/div>\n        <\/div>\n    <\/article><article class=\"eael-grid-post  eael-post-grid-column eael-pg-post-48977 category-noticias\" data-id=\"48977\">\n        <div class=\"eael-grid-post-holder\">\n            <div class=\"eael-grid-post-holder-inner\"><div class=\"eael-entry-media\"><div class=\"eael-entry-overlay fade-in\"><i class=\"far fa-hand-pointer\" aria-hidden=\"true\"><\/i><a href=\"https:\/\/soymigrante.com\/revista\/gobernador-de-carolina-del-norte-senala-abusos-en-operativos-migratorios-y-pide-reporte-de-detenidos\/\"><\/a><\/div><div class=\"eael-entry-thumbnail eael-image-ratio\">\n                <img loading=\"lazy\" decoding=\"async\" width=\"856\" height=\"856\" src=\"https:\/\/soymigrante.com\/revista\/wp-content\/uploads\/2025\/11\/operativos-migratorios-carolina-del-norte.png\" class=\"attachment-large size-large wp-image-48978\" alt=\"operativos migratorios carolina del norte abusos\" srcset=\"https:\/\/soymigrante.com\/revista\/wp-content\/uploads\/2025\/11\/operativos-migratorios-carolina-del-norte.png 856w, https:\/\/soymigrante.com\/revista\/wp-content\/uploads\/2025\/11\/operativos-migratorios-carolina-del-norte-300x300.png 300w, https:\/\/soymigrante.com\/revista\/wp-content\/uploads\/2025\/11\/operativos-migratorios-carolina-del-norte-150x150.png 150w, https:\/\/soymigrante.com\/revista\/wp-content\/uploads\/2025\/11\/operativos-migratorios-carolina-del-norte-768x768.png 768w, https:\/\/soymigrante.com\/revista\/wp-content\/uploads\/2025\/11\/operativos-migratorios-carolina-del-norte-75x75.png 75w, https:\/\/soymigrante.com\/revista\/wp-content\/uploads\/2025\/11\/operativos-migratorios-carolina-del-norte-750x750.png 750w\" sizes=\"(max-width: 856px) 100vw, 856px\" \/>\n            <\/div>\n        <\/div><div class=\"eael-entry-wrapper\"><header class=\"eael-entry-header\"><h2 class=\"eael-entry-title\"><a class=\"eael-grid-post-link\" href=\"https:\/\/soymigrante.com\/revista\/gobernador-de-carolina-del-norte-senala-abusos-en-operativos-migratorios-y-pide-reporte-de-detenidos\/\" title=\"Gobernador de Carolina del Norte se\u00f1ala abusos en operativos migratorios y pide reporte de detenidos\">Gobernador de Carolina del Norte se\u00f1ala abusos en operativos migratorios y pide reporte de detenidos<\/a><\/h2><\/header><div class=\"eael-entry-content\">\n                        <div class=\"eael-grid-post-excerpt\"><a href=\"https:\/\/soymigrante.com\/revista\/gobernador-de-carolina-del-norte-senala-abusos-en-operativos-migratorios-y-pide-reporte-de-detenidos\/\" class=\"eael-post-elements-readmore-btn\">CONOCE SU HISTORIA <\/a><\/div>\n                    <\/div><\/div><\/div>\n        <\/div>\n    <\/article><\/div>\n            <div class=\"clearfix\"><\/div>\n        <\/div>\t\t\t\t<\/div>\n\t\t\t\t\t<\/div>\n\t\t\t\t<\/div>\n\t\t\t\t<\/div>\n\t\t","protected":false},"excerpt":{"rendered":"<p>Durante el 2025 ha aumentado a niveles hist\u00f3ricos el n\u00famero de menores migrantes detenidos por agentes migratorios y enviados a instalaciones federales: m\u00e1s de 600 reporta ProPublica. Durante el a\u00f1o 2025 el gobierno de Estados Unidos ha enviado m\u00e1s ni\u00f1os migrantes a albergues federales que en los \u00faltimos cuatro a\u00f1os combinados, en un fen\u00f3meno que [&hellip;]<\/p>\n","protected":false},"author":1,"featured_media":48994,"comment_status":"open","ping_status":"open","sticky":false,"template":"","format":"standard","meta":{"_acf_changed":false,"_eb_attr":"","footnotes":""},"categories":[280],"tags":[],"class_list":["post-48988","post","type-post","status-publish","format-standard","has-post-thumbnail","hentry","category-noticias"],"acf":[],"aioseo_notices":[],"aioseo_head":"\n\t\t<!-- All in One SEO Pro 4.9.6.2 - aioseo.com -->\n\t<meta name=\"description\" content=\"Peligro para las comunidades y violencia contra ciudadanos se\u00f1ala Josh Stein, gobernador de Carolina del Norte en carta a la Secretaria de Seguridad Cristi Noem.\" \/>\n\t<meta name=\"robots\" content=\"max-snippet:-1, max-image-preview:large, max-video-preview:-1\" \/>\n\t<meta name=\"author\" content=\"SoyMigrante.com REVISTA\"\/>\n\t<link rel=\"canonical\" href=\"https:\/\/soymigrante.com\/revista\/gobernador-de-carolina-del-norte-senala-abusos-en-operativos-migratorios-y-pide-reporte-de-detenidos\/\" \/>\n\t<meta name=\"generator\" content=\"All in One SEO Pro (AIOSEO) 4.9.6.2\" \/>\n\n\t\t<link rel=\"preconnect\" href=\"https:\/\/fonts.googleapis.com\" crossorigin>\n<link rel=\"preconnect\" href=\"https:\/\/fonts.gstatic.com\" crossorigin>\n\t\t<meta property=\"og:locale\" content=\"es_ES\" \/>\n\t\t<meta property=\"og:site_name\" content=\"SoyMigrante.com REVISTA \u2013 Nuestra misi\u00f3n es reconocer y dignificar al migrante.\" \/>\n\t\t<meta property=\"og:type\" content=\"article\" \/>\n\t\t<meta property=\"og:title\" content=\"Gobernador de Carolina del Norte se\u00f1ala abusos en operativos\" \/>\n\t\t<meta property=\"og:description\" content=\"Peligro para las comunidades y violencia contra ciudadanos se\u00f1ala Josh Stein, gobernador de Carolina del Norte en carta a la Secretaria de Seguridad Cristi Noem.\" \/>\n\t\t<meta property=\"og:url\" content=\"https:\/\/soymigrante.com\/revista\/gobernador-de-carolina-del-norte-senala-abusos-en-operativos-migratorios-y-pide-reporte-de-detenidos\/\" \/>\n\t\t<meta property=\"og:image\" content=\"https:\/\/soymigrante.com\/revista\/wp-content\/uploads\/2025\/11\/operativos-migratorios-carolina-del-norte.png\" \/>\n\t\t<meta property=\"og:image:secure_url\" content=\"https:\/\/soymigrante.com\/revista\/wp-content\/uploads\/2025\/11\/operativos-migratorios-carolina-del-norte.png\" \/>\n\t\t<meta property=\"og:image:width\" content=\"856\" \/>\n\t\t<meta property=\"og:image:height\" content=\"856\" \/>\n\t\t<meta property=\"article:published_time\" content=\"2025-11-25T14:00:00+00:00\" \/>\n\t\t<meta property=\"article:modified_time\" content=\"2025-11-25T12:42:49+00:00\" \/>\n\t\t<meta property=\"article:publisher\" content=\"https:\/\/www.facebook.com\/soymigrantecom\" \/>\n\t\t<meta name=\"twitter:card\" content=\"summary_large_image\" \/>\n\t\t<meta name=\"twitter:site\" content=\"@SoyMigrante_com\" \/>\n\t\t<meta name=\"twitter:title\" content=\"Gobernador de Carolina del Norte se\u00f1ala abusos en operativos\" \/>\n\t\t<meta name=\"twitter:description\" content=\"Peligro para las comunidades y violencia contra ciudadanos se\u00f1ala Josh Stein, gobernador de Carolina del Norte en carta a la Secretaria de Seguridad Cristi Noem.\" \/>\n\t\t<meta name=\"twitter:creator\" content=\"@SoyMigrante_com\" \/>\n\t\t<meta name=\"twitter:image\" content=\"https:\/\/soymigrante.com\/revista\/wp-content\/uploads\/2025\/11\/operativos-migratorios-carolina-del-norte.png\" \/>\n\t\t<!-- All in One SEO Pro -->\r\n\t\t<title>Gobernador de Carolina del Norte se\u00f1ala abusos en operativos<\/title>\n\n","aioseo_head_json":{"title":"Gobernador de Carolina del Norte se\u00f1ala abusos en operativos","description":"Peligro para las comunidades y violencia contra ciudadanos se\u00f1ala Josh Stein, gobernador de Carolina del Norte en carta a la Secretaria de Seguridad Cristi Noem.","canonical_url":"https:\/\/soymigrante.com\/revista\/gobernador-de-carolina-del-norte-senala-abusos-en-operativos-migratorios-y-pide-reporte-de-detenidos\/","robots":"max-snippet:-1, max-image-preview:large, max-video-preview:-1","keywords":"","webmasterTools":{"miscellaneous":"&lt;link rel=\"preconnect\" href=\"https:\/\/fonts.googleapis.com\" crossorigin&gt;\n&lt;link rel=\"preconnect\" href=\"https:\/\/fonts.gstatic.com\" crossorigin&gt;"},"schema":null,"og:locale":"es_ES","og:site_name":"SoyMigrante.com REVISTA \u2013 Nuestra misi\u00f3n es reconocer y dignificar al migrante.","og:type":"article","og:title":"Gobernador de Carolina del Norte se\u00f1ala abusos en operativos","og:description":"Peligro para las comunidades y violencia contra ciudadanos se\u00f1ala Josh Stein, gobernador de Carolina del Norte en carta a la Secretaria de Seguridad Cristi Noem.","og:url":"https:\/\/soymigrante.com\/revista\/gobernador-de-carolina-del-norte-senala-abusos-en-operativos-migratorios-y-pide-reporte-de-detenidos\/","og:image":"https:\/\/soymigrante.com\/revista\/wp-content\/uploads\/2025\/11\/operativos-migratorios-carolina-del-norte.png","og:image:secure_url":"https:\/\/soymigrante.com\/revista\/wp-content\/uploads\/2025\/11\/operativos-migratorios-carolina-del-norte.png","og:image:width":856,"og:image:height":856,"article:published_time":"2025-11-25T14:00:00+00:00","article:modified_time":"2025-11-25T12:42:49+00:00","article:publisher":"https:\/\/www.facebook.com\/soymigrantecom","twitter:card":"summary_large_image","twitter:site":"@SoyMigrante_com","twitter:title":"Gobernador de Carolina del Norte se\u00f1ala abusos en operativos","twitter:description":"Peligro para las comunidades y violencia contra ciudadanos se\u00f1ala Josh Stein, gobernador de Carolina del Norte en carta a la Secretaria de Seguridad Cristi Noem.","twitter:creator":"@SoyMigrante_com","twitter:image":"https:\/\/soymigrante.com\/revista\/wp-content\/uploads\/2025\/11\/operativos-migratorios-carolina-del-norte.png"},"aioseo_meta_data":{"post_id":"48988","title":"Van m\u00e1s de 600 menores enviados a albergues federales este a\u00f1o","description":"Caso de menor guatemalteco se incluye en reporte de ProPublica acerca de la cifra sin precedentes en este a\u00f1o de menores enviados a albergues federales por ICE.","keywords":null,"keyphrases":{"focus":{"keyphrase":"ICE albergues federales","score":0,"analysis":[]}},"primary_term":null,"canonical_url":null,"og_title":null,"og_description":null,"og_object_type":"default","og_image_type":"default","og_image_url":null,"og_image_width":null,"og_image_height":null,"og_image_custom_url":null,"og_image_custom_fields":null,"og_video":"","og_custom_url":null,"og_article_section":null,"og_article_tags":null,"twitter_use_og":false,"twitter_card":"default","twitter_image_type":"default","twitter_image_url":null,"twitter_image_custom_url":null,"twitter_image_custom_fields":null,"twitter_title":null,"twitter_description":null,"schema":{"blockGraphs":[],"customGraphs":[],"default":{"data":{"Article":[],"Course":[],"Dataset":[],"FAQPage":[],"Movie":[],"Person":[],"Product":[],"ProductReview":[],"Car":[],"Recipe":[],"Service":[],"SoftwareApplication":[],"WebPage":[]},"graphName":"NewsArticle","isEnabled":true},"graphs":[]},"schema_type":"default","schema_type_options":null,"pillar_content":false,"robots_default":true,"robots_noindex":false,"robots_noarchive":false,"robots_nosnippet":false,"robots_nofollow":false,"robots_noimageindex":false,"robots_noodp":false,"robots_notranslate":false,"robots_max_snippet":"-1","robots_max_videopreview":"-1","robots_max_imagepreview":"large","priority":null,"frequency":"default","local_seo":null,"seo_analyzer_scan_date":"2026-01-30 15:26:34","breadcrumb_settings":null,"limit_modified_date":false,"reviewed_by":"0","open_ai":null,"ai":{"faqs":[],"keyPoints":[],"titles":[],"descriptions":[],"socialPosts":{"email":[],"linkedin":[],"twitter":[],"facebook":[],"instagram":[]}},"created":"2025-11-26 11:47:25","updated":"2026-02-05 07:11:17"},"aioseo_breadcrumb":"<div class=\"aioseo-breadcrumbs\"><span class=\"aioseo-breadcrumb\">\n\t<a href=\"https:\/\/soymigrante.com\/revista\" title=\"Home\">Home<\/a>\n<\/span><span class=\"aioseo-breadcrumb-separator\">\u00bb<\/span><span class=\"aioseo-breadcrumb\">\n\t<a href=\"https:\/\/soymigrante.com\/revista\/category\/noticias\/\" title=\"Noticias\">Noticias<\/a>\n<\/span><span class=\"aioseo-breadcrumb-separator\">\u00bb<\/span><span class=\"aioseo-breadcrumb\">\n\tM\u00e1s de 600 menores han sido enviados por ICE a albergues federales en 2025, reporta ProPublica\n<\/span><\/div>","aioseo_breadcrumb_json":[{"label":"Home","link":"https:\/\/soymigrante.com\/revista"},{"label":"Noticias","link":"https:\/\/soymigrante.com\/revista\/category\/noticias\/"},{"label":"M\u00e1s de 600 menores han sido enviados por ICE a albergues federales en 2025, reporta ProPublica","link":"https:\/\/soymigrante.com\/revista\/mas-de-600-menores-han-sido-enviados-por-ice-a-albergues-federales-senala-reporte-de-propublica\/"}],"_links":{"self":[{"href":"https:\/\/soymigrante.com\/revista\/wp-json\/wp\/v2\/posts\/48988","targetHints":{"allow":["GET"]}}],"collection":[{"href":"https:\/\/soymigrante.com\/revista\/wp-json\/wp\/v2\/posts"}],"about":[{"href":"https:\/\/soymigrante.com\/revista\/wp-json\/wp\/v2\/types\/post"}],"author":[{"embeddable":true,"href":"https:\/\/soymigrante.com\/revista\/wp-json\/wp\/v2\/users\/1"}],"replies":[{"embeddable":true,"href":"https:\/\/soymigrante.com\/revista\/wp-json\/wp\/v2\/comments?post=48988"}],"version-history":[{"count":9,"href":"https:\/\/soymigrante.com\/revista\/wp-json\/wp\/v2\/posts\/48988\/revisions"}],"predecessor-version":[{"id":49005,"href":"https:\/\/soymigrante.com\/revista\/wp-json\/wp\/v2\/posts\/48988\/revisions\/49005"}],"wp:featuredmedia":[{"embeddable":true,"href":"https:\/\/soymigrante.com\/revista\/wp-json\/wp\/v2\/media\/48994"}],"wp:attachment":[{"href":"https:\/\/soymigrante.com\/revista\/wp-json\/wp\/v2\/media?parent=48988"}],"wp:term":[{"taxonomy":"category","embeddable":true,"href":"https:\/\/soymigrante.com\/revista\/wp-json\/wp\/v2\/categories?post=48988"},{"taxonomy":"post_tag","embeddable":true,"href":"https:\/\/soymigrante.com\/revista\/wp-json\/wp\/v2\/tags?post=48988"}],"curies":[{"name":"wp","href":"https:\/\/api.w.org\/{rel}","templated":true}]}}