{"id":48987,"date":"2025-11-26T17:41:56","date_gmt":"2025-11-26T23:41:56","guid":{"rendered":"https:\/\/soymigrante.com\/revista\/?p=48987"},"modified":"2025-11-26T17:42:20","modified_gmt":"2025-11-26T23:42:20","slug":"ninos-guatemaltecos-envian-mensaje-de-animo-a-menores-en-albergue-migratorio","status":"publish","type":"post","link":"https:\/\/soymigrante.com\/revista\/ninos-guatemaltecos-envian-mensaje-de-animo-a-menores-en-albergue-migratorio\/","title":{"rendered":"Ni\u00f1os guatemaltecos env\u00edan mensaje de \u00e1nimo a menores en albergue migratorio"},"content":{"rendered":"\t\t<div data-elementor-type=\"wp-post\" data-elementor-id=\"48987\" class=\"elementor elementor-48987\" data-elementor-post-type=\"post\">\n\t\t\t\t<div data-particle_enable=\"false\" data-particle-mobile-disabled=\"false\" class=\"elementor-element elementor-element-d1bd26e e-flex e-con-boxed e-con e-parent\" data-id=\"d1bd26e\" data-element_type=\"container\" data-e-type=\"container\">\n\t\t\t\t\t<div class=\"e-con-inner\">\n\t\t\t\t<div class=\"elementor-element elementor-element-95a0ecf elementor-widget elementor-widget-heading\" data-id=\"95a0ecf\" data-element_type=\"widget\" data-e-type=\"widget\" data-widget_type=\"heading.default\">\n\t\t\t\t\t<h2 class=\"elementor-heading-title elementor-size-default\">Un acto sencillo tiene un impacto positivo profundo en ni\u00f1os no acompa\u00f1ados que llevan semanas o meses en centros de albergue migratorio: ni\u00f1os guatemaltecos les expresan cari\u00f1o, \u00e1nimo y esperanza.<\/h2>\t\t\t\t<\/div>\n\t\t\t\t\t<\/div>\n\t\t\t\t<\/div>\n\t\t<div data-particle_enable=\"false\" data-particle-mobile-disabled=\"false\" class=\"elementor-element elementor-element-44ac7ec e-flex e-con-boxed e-con e-parent\" data-id=\"44ac7ec\" data-element_type=\"container\" data-e-type=\"container\">\n\t\t\t\t\t<div class=\"e-con-inner\">\n\t\t\t\t<div class=\"elementor-element elementor-element-b013b52 elementor-widget elementor-widget-text-editor\" data-id=\"b013b52\" data-element_type=\"widget\" data-e-type=\"widget\" data-widget_type=\"text-editor.default\">\n\t\t\t\t\t\t\t\t\t<p>Dos videos muy breves causaron profunda emoci\u00f3n en ni\u00f1os, migrantes no acompa\u00f1ados, albergados en un centro fronterizo de Texas, mientras se solventa su situaci\u00f3n legal. Son solo unos instantes, pero eso puede ayudar a <a href=\"https:\/\/soymigrante.com\/revista\/como-mantener-serenidad-en-la-adversidad-estrategias-clave\/\">salvar la inocencia y la esperanza<\/a> de un mejor ma\u00f1ana.<\/p><p>&#8220;Yo como voluntaria visito a una ni\u00f1a salvadore\u00f1a en un albergue fronterizo de Texas. Son tres hermanas, pero las separaron tras ser detenidas. A sus pap\u00e1s los mataron en El Salvador, migraron solas a Estados Unidos. Esta ni\u00f1a esta sola en un albergue, al igual que otros ni\u00f1os, sin contacto de familiares. Y recibir un saludo de otros ni\u00f1os, una carta o una tarjeta dibujada por otro ni\u00f1o <a href=\"https:\/\/soymigrante.com\/revista\/bondad-migrante-ayuda-a-hogar-de-ninas-en-guatemala-y-aporta-a-festejo-del-dia-del-nino\/\">les da mucha esperanza<\/a>&#8220;, relata Kiara V\u00e9liz, migrante guatemalteca radicada en Dallas, Texas.<\/p><p>Kiara logr\u00f3 contactar a dos escuelas guatemaltecas, en donde alumnos de primaria grabaron un peque\u00f1o video en el cual les expresan cari\u00f1o a otros ni\u00f1os, en refugios migratorios. No los conocen, nunca los han visto, pero les hacen llegar un mensaje de cari\u00f1o y esperanza desde Guatemala.<b> &#8220;Unidos por tu libertad, te apoyamos desde <a href=\"https:\/\/soymigrante.com\/revista\/22-departamentos-de-guatemala-un-corazon-multicultural-compartido\/\">Guatemala<\/a>&#8220;.<\/b><\/p>\t\t\t\t\t\t\t\t<\/div>\n\t\t\t\t\t<\/div>\n\t\t\t\t<\/div>\n\t\t<div data-particle_enable=\"false\" data-particle-mobile-disabled=\"false\" class=\"elementor-element elementor-element-f8d4b48 e-flex e-con-boxed e-con e-parent\" data-id=\"f8d4b48\" data-element_type=\"container\" data-e-type=\"container\">\n\t\t\t\t\t<div class=\"e-con-inner\">\n\t\t\t\t<div class=\"elementor-element elementor-element-36998db elementor-widget elementor-widget-video\" data-id=\"36998db\" data-element_type=\"widget\" data-e-type=\"widget\" data-settings=\"{&quot;video_type&quot;:&quot;hosted&quot;,&quot;controls&quot;:&quot;yes&quot;}\" data-widget_type=\"video.default\">\n\t\t\t\t\t\t\t<div class=\"e-hosted-video elementor-wrapper elementor-open-inline\">\n\t\t\t\t\t<video class=\"elementor-video\" src=\"https:\/\/soymigrante.com\/revista\/wp-content\/uploads\/2025\/11\/ninos-envian-saludo-a-albergados.mp4\" controls=\"\" preload=\"metadata\" controlsList=\"nodownload\"><\/video>\n\t\t\t\t<\/div>\n\t\t\t\t\t\t<\/div>\n\t\t\t\t\t<\/div>\n\t\t\t\t<\/div>\n\t\t<div data-particle_enable=\"false\" data-particle-mobile-disabled=\"false\" class=\"elementor-element elementor-element-7ec1afa e-flex e-con-boxed e-con e-parent\" data-id=\"7ec1afa\" data-element_type=\"container\" data-e-type=\"container\">\n\t\t\t\t\t<div class=\"e-con-inner\">\n\t\t\t\t<div class=\"elementor-element elementor-element-5d96c8f elementor-widget elementor-widget-heading\" data-id=\"5d96c8f\" data-element_type=\"widget\" data-e-type=\"widget\" data-widget_type=\"heading.default\">\n\t\t\t\t\t<h3 class=\"elementor-heading-title elementor-size-default\">Urge acompa\u00f1ar a los menores no acompa\u00f1ados<\/h3>\t\t\t\t<\/div>\n\t\t\t\t\t<\/div>\n\t\t\t\t<\/div>\n\t\t<div data-particle_enable=\"false\" data-particle-mobile-disabled=\"false\" class=\"elementor-element elementor-element-cbb4bd7 e-flex e-con-boxed e-con e-parent\" data-id=\"cbb4bd7\" data-element_type=\"container\" data-e-type=\"container\">\n\t\t\t\t\t<div class=\"e-con-inner\">\n\t\t\t\t<div class=\"elementor-element elementor-element-ab2f227 elementor-widget elementor-widget-text-editor\" data-id=\"ab2f227\" data-element_type=\"widget\" data-e-type=\"widget\" data-widget_type=\"text-editor.default\">\n\t\t\t\t\t\t\t\t\t<p>&#8220;Yo soy voluntaria y apoyo al Young Center for Immigrant Children, la misma entidad que fren\u00f3 la deportaci\u00f3n de ni\u00f1os guatemaltecos y que se encarga de defender sus derechos en <a href=\"https:\/\/soymigrante.com\/revista\/mas-de-600-menores-han-sido-enviados-por-ice-a-albergues-federales-senala-reporte-de-propublica\/\">estos centros<\/a>&#8220;, relata Kiara.&nbsp;<\/p>\n<p>&#8220;Ellos nos asignan a un ni\u00f1o o ni\u00f1a para ir a visitarlo, conversar, escucharlos. Hay<a href=\"https:\/\/soymigrante.com\/revista\/mas-de-600-menores-han-sido-enviados-por-ice-a-albergues-federales-senala-reporte-de-propublica\/\"> centros de refugio migratorio de menores<\/a> en todo el pa\u00eds, pero estos ni\u00f1os al hablar con ellos te dicen que se sienten solos y tristes&#8221;.<\/p>\n<p>&#8220;Hace tiempo, trabajamos con ni\u00f1os de Guatemala una campa\u00f1a para frenar la migraci\u00f3n y ellos hicieron dibujos sobre eso. Entonces se me ocurri\u00f3 que les mandaran un saludo y se hizo en video&#8221;.<\/p>\n<p>Las autoridades de la organizaci\u00f3n estaban emocionados al ver la reacci\u00f3n de los ni\u00f1os cuando les mostraban el saludo. &#8220;<a href=\"https:\/\/soymigrante.com\/revista\/mas-de-600-menores-han-sido-enviados-por-ice-a-albergues-federales-senala-reporte-de-propublica\/}\">Hay centros de detenci\u00f3n de menores o albergues<\/a>, en Texas, en Chicago y otros Estados. Los ni\u00f1os llevan tiempo esperando que se resuelvan sus casos, y es posible que pasen la <a href=\"https:\/\/soymigrante.com\/revista\/que-tiene-la-navidad-chapina-que-los-migrantes-la-recuerdan-tanto-mira-esta-lista\/\">Navidad<\/a> all\u00ed&#8221;, agrega Kiara, quien ahora est\u00e1 pensando en convocar a m\u00e1s ni\u00f1os y familias que deseen enviar cartas, tarjetas, mensajes de \u00e1nimo esperanza a los peque\u00f1os migrantes.<\/p>\t\t\t\t\t\t\t\t<\/div>\n\t\t\t\t\t<\/div>\n\t\t\t\t<\/div>\n\t\t<div data-particle_enable=\"false\" data-particle-mobile-disabled=\"false\" class=\"elementor-element elementor-element-b962cc3 e-flex e-con-boxed e-con e-parent\" data-id=\"b962cc3\" data-element_type=\"container\" data-e-type=\"container\">\n\t\t\t\t\t<div class=\"e-con-inner\">\n\t\t\t\t<div class=\"elementor-element elementor-element-688d196 elementor-widget elementor-widget-video\" data-id=\"688d196\" data-element_type=\"widget\" data-e-type=\"widget\" data-settings=\"{&quot;video_type&quot;:&quot;hosted&quot;,&quot;controls&quot;:&quot;yes&quot;}\" data-widget_type=\"video.default\">\n\t\t\t\t\t\t\t<div class=\"e-hosted-video elementor-wrapper elementor-open-inline\">\n\t\t\t\t\t<video class=\"elementor-video\" src=\"https:\/\/soymigrante.com\/revista\/wp-content\/uploads\/2025\/11\/ninos-migrantes-saludo-albergue.mp4\" controls=\"\" preload=\"metadata\" controlsList=\"nodownload\"><\/video>\n\t\t\t\t<\/div>\n\t\t\t\t\t\t<\/div>\n\t\t\t\t\t<\/div>\n\t\t\t\t<\/div>\n\t\t<div data-particle_enable=\"false\" data-particle-mobile-disabled=\"false\" class=\"elementor-element elementor-element-1e12b3d e-flex e-con-boxed e-con e-parent\" data-id=\"1e12b3d\" data-element_type=\"container\" data-e-type=\"container\">\n\t\t\t\t\t<div class=\"e-con-inner\">\n\t\t\t\t<div class=\"elementor-element elementor-element-745040a elementor-widget elementor-widget-heading\" data-id=\"745040a\" data-element_type=\"widget\" data-e-type=\"widget\" data-widget_type=\"heading.default\">\n\t\t\t\t\t<h3 class=\"elementor-heading-title elementor-size-default\">Un mensaje que puede salvar la esperanza<\/h3>\t\t\t\t<\/div>\n\t\t\t\t\t<\/div>\n\t\t\t\t<\/div>\n\t\t<div data-particle_enable=\"false\" data-particle-mobile-disabled=\"false\" class=\"elementor-element elementor-element-65a95f3 e-flex e-con-boxed e-con e-parent\" data-id=\"65a95f3\" data-element_type=\"container\" data-e-type=\"container\">\n\t\t\t\t\t<div class=\"e-con-inner\">\n\t\t\t\t<div class=\"elementor-element elementor-element-4ac5efe elementor-widget elementor-widget-text-editor\" data-id=\"4ac5efe\" data-element_type=\"widget\" data-e-type=\"widget\" data-widget_type=\"text-editor.default\">\n\t\t\t\t\t\t\t\t\t<p>&#8220;Los ni\u00f1os migrantes en albergues tiene sue\u00f1os e ilusiones, pero esto corre riesgo de romperse, de quedar sin esperanza. Y por eso es importante que m\u00e1s personas se acuerden de ellos, que existen y que les manden mensajes de esperanzas&#8221;, finaliza Kiara.<\/p><p><b>&#8220;Ni\u00f1os del Mundo estamos con ustedes desde Guatemala&#8221;<\/b> dice el segundo video, en el cual los peque\u00f1os lucen coloridos barriletes con s\u00edmbolos patrios guatemaltecos.<\/p>\t\t\t\t\t\t\t\t<\/div>\n\t\t\t\t\t<\/div>\n\t\t\t\t<\/div>\n\t\t<div data-particle_enable=\"false\" data-particle-mobile-disabled=\"false\" class=\"elementor-element elementor-element-fae6a37 e-flex e-con-boxed e-con e-parent\" data-id=\"fae6a37\" data-element_type=\"container\" data-e-type=\"container\">\n\t\t\t\t\t<div class=\"e-con-inner\">\n\t\t\t\t<div class=\"elementor-element elementor-element-fbb8d0f elementor-widget elementor-widget-heading\" data-id=\"fbb8d0f\" data-element_type=\"widget\" data-e-type=\"widget\" data-widget_type=\"heading.default\">\n\t\t\t\t\t<h2 class=\"elementor-heading-title elementor-size-default\">La bondad no tiene fronteras<\/h2>\t\t\t\t<\/div>\n\t\t\t\t\t<\/div>\n\t\t\t\t<\/div>\n\t\t<div data-particle_enable=\"false\" data-particle-mobile-disabled=\"false\" class=\"elementor-element elementor-element-b37ae1e e-flex e-con-boxed e-con e-parent\" data-id=\"b37ae1e\" data-element_type=\"container\" data-e-type=\"container\">\n\t\t\t\t\t<div class=\"e-con-inner\">\n\t\t\t\t<div class=\"elementor-element elementor-element-23f3338 elementor-grid-eael-col-3 elementor-grid-tablet-eael-col-2 elementor-grid-mobile-eael-col-1 elementor-widget elementor-widget-eael-post-grid\" data-id=\"23f3338\" data-element_type=\"widget\" data-e-type=\"widget\" data-settings=\"{&quot;eael_post_grid_columns&quot;:&quot;eael-col-3&quot;,&quot;eael_post_grid_columns_tablet&quot;:&quot;eael-col-2&quot;,&quot;eael_post_grid_columns_mobile&quot;:&quot;eael-col-1&quot;}\" data-widget_type=\"eael-post-grid.default\">\n\t\t\t\t\t<div id=\"eael-post-grid-23f3338\" class=\"eael-post-grid-container\">\n            <div class=\"eael-post-grid eael-post-appender eael-post-appender-23f3338 eael-post-grid-style-one\" data-layout-mode=\"masonry\"><article class=\"eael-grid-post  eael-post-grid-column eael-pg-post-28619 category-exitos-guatemala\" data-id=\"28619\">\n        <div class=\"eael-grid-post-holder\">\n            <div class=\"eael-grid-post-holder-inner\"><div class=\"eael-entry-media\"><div class=\"eael-entry-overlay fade-in\"><i class=\"far fa-hand-pointer\" aria-hidden=\"true\"><\/i><a href=\"https:\/\/soymigrante.com\/revista\/lissett-garcia-es-sonrisa-solidaridad-fe-poesia-musica-y-servicio-en-lakeland-florida\/\"><\/a><\/div><div class=\"eael-entry-thumbnail eael-image-ratio\">\n                <img fetchpriority=\"high\" decoding=\"async\" width=\"973\" height=\"973\" src=\"https:\/\/soymigrante.com\/revista\/wp-content\/uploads\/2025\/03\/lissett-garcia-migrante-guatemalteca-en-florida-1.webp\" class=\"attachment-large size-large wp-image-28634\" alt=\"Mujer en una embarcaci\u00f3n con bandera de Guatemala, paisaje monta\u00f1oso y r\u00edo, cultura migrante, orgullo nacional, turismo en Guatemala, paisaje natural, mujer sonriente, vestimenta tradicional, viaje y aventura, revista SoyMigrante.\" srcset=\"https:\/\/soymigrante.com\/revista\/wp-content\/uploads\/2025\/03\/lissett-garcia-migrante-guatemalteca-en-florida-1.webp 973w, https:\/\/soymigrante.com\/revista\/wp-content\/uploads\/2025\/03\/lissett-garcia-migrante-guatemalteca-en-florida-1-300x300.jpg 300w, https:\/\/soymigrante.com\/revista\/wp-content\/uploads\/2025\/03\/lissett-garcia-migrante-guatemalteca-en-florida-1-150x150.jpg 150w, https:\/\/soymigrante.com\/revista\/wp-content\/uploads\/2025\/03\/lissett-garcia-migrante-guatemalteca-en-florida-1-768x768.jpg 768w, https:\/\/soymigrante.com\/revista\/wp-content\/uploads\/2025\/03\/lissett-garcia-migrante-guatemalteca-en-florida-1-75x75.webp 75w, https:\/\/soymigrante.com\/revista\/wp-content\/uploads\/2025\/03\/lissett-garcia-migrante-guatemalteca-en-florida-1-750x750.webp 750w\" sizes=\"(max-width: 973px) 100vw, 973px\" \/>\n            <\/div>\n        <\/div><div class=\"eael-entry-wrapper\"><header class=\"eael-entry-header\"><h2 class=\"eael-entry-title\"><a class=\"eael-grid-post-link\" href=\"https:\/\/soymigrante.com\/revista\/lissett-garcia-es-sonrisa-solidaridad-fe-poesia-musica-y-servicio-en-lakeland-florida\/\" title=\"Lissett Garc\u00eda es sonrisa, solidaridad, fe, poes\u00eda, m\u00fasica y servicio en Lakeland, Florida\">Lissett Garc\u00eda es sonrisa, solidaridad, fe, poes\u00eda, m\u00fasica y servicio en Lakeland, Florida<\/a><\/h2><\/header><div class=\"eael-entry-content\">\n                        <div class=\"eael-grid-post-excerpt\"><a href=\"https:\/\/soymigrante.com\/revista\/lissett-garcia-es-sonrisa-solidaridad-fe-poesia-musica-y-servicio-en-lakeland-florida\/\" class=\"eael-post-elements-readmore-btn\">CONOCE SU HISTORIA <\/a><\/div>\n                    <\/div><\/div><\/div>\n        <\/div>\n    <\/article><article class=\"eael-grid-post  eael-post-grid-column eael-pg-post-45763 category-estamos-unidos\" data-id=\"45763\">\n        <div class=\"eael-grid-post-holder\">\n            <div class=\"eael-grid-post-holder-inner\"><div class=\"eael-entry-media\"><div class=\"eael-entry-overlay fade-in\"><i class=\"far fa-hand-pointer\" aria-hidden=\"true\"><\/i><a href=\"https:\/\/soymigrante.com\/revista\/bondad-migrante-ayuda-a-hogar-de-ninas-en-guatemala-y-aporta-a-festejo-del-dia-del-nino\/\"><\/a><\/div><div class=\"eael-entry-thumbnail eael-image-ratio\">\n                <img decoding=\"async\" width=\"421\" height=\"416\" src=\"https:\/\/soymigrante.com\/revista\/wp-content\/uploads\/2025\/09\/ayuda-migrante-a-hogar-infantil-en-guatemala.png\" class=\"attachment-large size-large wp-image-45776\" alt=\"ayuda migrante a hogar infantil en guatemala\" srcset=\"https:\/\/soymigrante.com\/revista\/wp-content\/uploads\/2025\/09\/ayuda-migrante-a-hogar-infantil-en-guatemala.png 421w, https:\/\/soymigrante.com\/revista\/wp-content\/uploads\/2025\/09\/ayuda-migrante-a-hogar-infantil-en-guatemala-300x296.png 300w, https:\/\/soymigrante.com\/revista\/wp-content\/uploads\/2025\/09\/ayuda-migrante-a-hogar-infantil-en-guatemala-75x75.png 75w\" sizes=\"(max-width: 421px) 100vw, 421px\" \/>\n            <\/div>\n        <\/div><div class=\"eael-entry-wrapper\"><header class=\"eael-entry-header\"><h2 class=\"eael-entry-title\"><a class=\"eael-grid-post-link\" href=\"https:\/\/soymigrante.com\/revista\/bondad-migrante-ayuda-a-hogar-de-ninas-en-guatemala-y-aporta-a-festejo-del-dia-del-nino\/\" title=\"Bondad migrante ayuda a hogar de ni\u00f1as en Guatemala y aporta a festejo del D\u00eda del Ni\u00f1o\">Bondad migrante ayuda a hogar de ni\u00f1as en Guatemala y aporta a festejo del D\u00eda del Ni\u00f1o<\/a><\/h2><\/header><div class=\"eael-entry-content\">\n                        <div class=\"eael-grid-post-excerpt\"><a href=\"https:\/\/soymigrante.com\/revista\/bondad-migrante-ayuda-a-hogar-de-ninas-en-guatemala-y-aporta-a-festejo-del-dia-del-nino\/\" class=\"eael-post-elements-readmore-btn\">CONOCE SU HISTORIA <\/a><\/div>\n                    <\/div><\/div><\/div>\n        <\/div>\n    <\/article><article class=\"eael-grid-post  eael-post-grid-column eael-pg-post-6429 category-lugar-de-voces\" data-id=\"6429\">\n        <div class=\"eael-grid-post-holder\">\n            <div class=\"eael-grid-post-holder-inner\"><div class=\"eael-entry-media\"><div class=\"eael-entry-overlay fade-in\"><i class=\"far fa-hand-pointer\" aria-hidden=\"true\"><\/i><a href=\"https:\/\/soymigrante.com\/revista\/donativo-migrantes-guatemaltecos-escuela-palencia-quetzi\/\"><\/a><\/div><div class=\"eael-entry-thumbnail eael-image-ratio\">\n                <img decoding=\"async\" width=\"1024\" height=\"1024\" src=\"https:\/\/soymigrante.com\/revista\/wp-content\/uploads\/2024\/05\/IMG-20240513-WA0045-e1718760507162-1024x1024.webp\" class=\"attachment-large size-large wp-image-6435\" alt=\"D\u00eda de la diversidad cultural en el colegio, ni\u00f1os celebrando con juguetes y actividades relacionadas con sus ra\u00edces y tradiciones en un entorno escolar.\" srcset=\"https:\/\/soymigrante.com\/revista\/wp-content\/uploads\/2024\/05\/IMG-20240513-WA0045-e1718760507162-1024x1024.webp 1024w, https:\/\/soymigrante.com\/revista\/wp-content\/uploads\/2024\/05\/IMG-20240513-WA0045-e1718760507162-300x300.webp 300w, https:\/\/soymigrante.com\/revista\/wp-content\/uploads\/2024\/05\/IMG-20240513-WA0045-e1718760507162-150x150.webp 150w, https:\/\/soymigrante.com\/revista\/wp-content\/uploads\/2024\/05\/IMG-20240513-WA0045-e1718760507162-768x768.webp 768w, https:\/\/soymigrante.com\/revista\/wp-content\/uploads\/2024\/05\/IMG-20240513-WA0045-e1718760507162-75x75.webp 75w, https:\/\/soymigrante.com\/revista\/wp-content\/uploads\/2024\/05\/IMG-20240513-WA0045-e1718760507162-750x750.webp 750w, https:\/\/soymigrante.com\/revista\/wp-content\/uploads\/2024\/05\/IMG-20240513-WA0045-e1718760507162-1140x1140.webp 1140w, https:\/\/soymigrante.com\/revista\/wp-content\/uploads\/2024\/05\/IMG-20240513-WA0045-e1718760507162.webp 1244w\" sizes=\"(max-width: 1024px) 100vw, 1024px\" \/>\n            <\/div>\n        <\/div><div class=\"eael-entry-wrapper\"><header class=\"eael-entry-header\"><h2 class=\"eael-entry-title\"><a class=\"eael-grid-post-link\" href=\"https:\/\/soymigrante.com\/revista\/donativo-migrantes-guatemaltecos-escuela-palencia-quetzi\/\" title=\"Proyecto Quetzi: donaci\u00f3n migrante para ni\u00f1os y j\u00f3venes de una escuela en Guatemala\">Proyecto Quetzi: donaci\u00f3n migrante para ni\u00f1os y j\u00f3venes de una escuela en Guatemala<\/a><\/h2><\/header><div class=\"eael-entry-content\">\n                        <div class=\"eael-grid-post-excerpt\"><a href=\"https:\/\/soymigrante.com\/revista\/donativo-migrantes-guatemaltecos-escuela-palencia-quetzi\/\" class=\"eael-post-elements-readmore-btn\">CONOCE SU HISTORIA <\/a><\/div>\n                    <\/div><\/div><\/div>\n        <\/div>\n    <\/article><\/div>\n            <div class=\"clearfix\"><\/div>\n        <\/div>\t\t\t\t<\/div>\n\t\t\t\t\t<\/div>\n\t\t\t\t<\/div>\n\t\t\t\t<\/div>\n\t\t","protected":false},"excerpt":{"rendered":"<p>Un acto sencillo tiene un impacto positivo profundo en ni\u00f1os no acompa\u00f1ados que llevan semanas o meses en centros de albergue migratorio: ni\u00f1os guatemaltecos les expresan cari\u00f1o, \u00e1nimo y esperanza. Dos videos muy breves causaron profunda emoci\u00f3n en ni\u00f1os, migrantes no acompa\u00f1ados, albergados en un centro fronterizo de Texas, mientras se solventa su situaci\u00f3n legal. [&hellip;]<\/p>\n","protected":false},"author":7,"featured_media":49027,"comment_status":"open","ping_status":"open","sticky":false,"template":"","format":"standard","meta":{"_acf_changed":false,"_eb_attr":"","footnotes":""},"categories":[54],"tags":[],"class_list":["post-48987","post","type-post","status-publish","format-standard","has-post-thumbnail","hentry","category-estamos-unidos"],"acf":[],"aioseo_notices":[],"aioseo_head":"\n\t\t<!-- All in One SEO Pro 4.9.6.2 - aioseo.com -->\n\t<meta name=\"description\" content=\"En la escuela oficial de Palencia, Guatemala se efectu\u00f3 la entrega de \u00fatiles escolares y art\u00edculos de arte para estudiantes, para contribuir con la educaci\u00f3n.\" \/>\n\t<meta name=\"robots\" content=\"max-snippet:-1, max-image-preview:large, max-video-preview:-1\" \/>\n\t<meta name=\"author\" content=\"SoyMigrante.com REVISTA\"\/>\n\t<link rel=\"canonical\" href=\"https:\/\/soymigrante.com\/revista\/donativo-migrantes-guatemaltecos-escuela-palencia-quetzi\/\" \/>\n\t<meta name=\"generator\" content=\"All in One SEO Pro (AIOSEO) 4.9.6.2\" \/>\n\n\t\t<link rel=\"preconnect\" href=\"https:\/\/fonts.googleapis.com\" crossorigin>\n<link rel=\"preconnect\" href=\"https:\/\/fonts.gstatic.com\" crossorigin>\n\t\t<meta property=\"og:locale\" content=\"es_ES\" \/>\n\t\t<meta property=\"og:site_name\" content=\"SoyMigrante.com REVISTA \u2013 Nuestra misi\u00f3n es reconocer y dignificar al migrante.\" \/>\n\t\t<meta property=\"og:type\" content=\"article\" \/>\n\t\t<meta property=\"og:title\" content=\"Proyecto Quetzi: donaci\u00f3n migrante para ni\u00f1os y j\u00f3venes de una escuela en Guatemala\" \/>\n\t\t<meta property=\"og:description\" content=\"En la escuela oficial de Palencia, Guatemala se efectu\u00f3 la entrega de \u00fatiles escolares y art\u00edculos de arte para estudiantes, para contribuir con la educaci\u00f3n.\" \/>\n\t\t<meta property=\"og:url\" content=\"https:\/\/soymigrante.com\/revista\/donativo-migrantes-guatemaltecos-escuela-palencia-quetzi\/\" \/>\n\t\t<meta property=\"og:image\" content=\"https:\/\/soymigrante.com\/revista\/wp-content\/uploads\/2024\/05\/IMG-20240513-WA0045-e1718760507162.webp\" \/>\n\t\t<meta property=\"og:image:secure_url\" content=\"https:\/\/soymigrante.com\/revista\/wp-content\/uploads\/2024\/05\/IMG-20240513-WA0045-e1718760507162.webp\" \/>\n\t\t<meta property=\"og:image:width\" content=\"1244\" \/>\n\t\t<meta property=\"og:image:height\" content=\"1244\" \/>\n\t\t<meta property=\"article:published_time\" content=\"2024-05-15T23:41:07+00:00\" \/>\n\t\t<meta property=\"article:modified_time\" content=\"2025-04-15T16:01:19+00:00\" \/>\n\t\t<meta property=\"article:publisher\" content=\"https:\/\/www.facebook.com\/soymigrantecom\" \/>\n\t\t<meta name=\"twitter:card\" content=\"summary_large_image\" \/>\n\t\t<meta name=\"twitter:site\" content=\"@SoyMigrante_com\" \/>\n\t\t<meta name=\"twitter:title\" content=\"Proyecto Quetzi: donaci\u00f3n migrante para ni\u00f1os y j\u00f3venes de una escuela en Guatemala\" \/>\n\t\t<meta name=\"twitter:description\" content=\"En la escuela oficial de Palencia, Guatemala se efectu\u00f3 la entrega de \u00fatiles escolares y art\u00edculos de arte para estudiantes, para contribuir con la educaci\u00f3n.\" \/>\n\t\t<meta name=\"twitter:creator\" content=\"@SoyMigrante_com\" \/>\n\t\t<meta name=\"twitter:image\" content=\"https:\/\/soymigrante.com\/revista\/wp-content\/uploads\/2024\/05\/IMG-20240513-WA0045-e1718760507162.webp\" \/>\n\t\t<!-- All in One SEO Pro -->\r\n\t\t<title>Proyecto Quetzi: donaci\u00f3n migrante para ni\u00f1os y j\u00f3venes de una escuela en Guatemala<\/title>\n\n","aioseo_head_json":{"title":"Proyecto Quetzi: donaci\u00f3n migrante para ni\u00f1os y j\u00f3venes de una escuela en Guatemala","description":"En la escuela oficial de Palencia, Guatemala se efectu\u00f3 la entrega de \u00fatiles escolares y art\u00edculos de arte para estudiantes, para contribuir con la educaci\u00f3n.","canonical_url":"https:\/\/soymigrante.com\/revista\/donativo-migrantes-guatemaltecos-escuela-palencia-quetzi\/","robots":"max-snippet:-1, max-image-preview:large, max-video-preview:-1","keywords":"","webmasterTools":{"miscellaneous":"&lt;link rel=\"preconnect\" href=\"https:\/\/fonts.googleapis.com\" crossorigin&gt;\n&lt;link rel=\"preconnect\" href=\"https:\/\/fonts.gstatic.com\" crossorigin&gt;"},"schema":null,"og:locale":"es_ES","og:site_name":"SoyMigrante.com REVISTA \u2013 Nuestra misi\u00f3n es reconocer y dignificar al migrante.","og:type":"article","og:title":"Proyecto Quetzi: donaci\u00f3n migrante para ni\u00f1os y j\u00f3venes de una escuela en Guatemala","og:description":"En la escuela oficial de Palencia, Guatemala se efectu\u00f3 la entrega de \u00fatiles escolares y art\u00edculos de arte para estudiantes, para contribuir con la educaci\u00f3n.","og:url":"https:\/\/soymigrante.com\/revista\/donativo-migrantes-guatemaltecos-escuela-palencia-quetzi\/","og:image":"https:\/\/soymigrante.com\/revista\/wp-content\/uploads\/2024\/05\/IMG-20240513-WA0045-e1718760507162.webp","og:image:secure_url":"https:\/\/soymigrante.com\/revista\/wp-content\/uploads\/2024\/05\/IMG-20240513-WA0045-e1718760507162.webp","og:image:width":1244,"og:image:height":1244,"article:published_time":"2024-05-15T23:41:07+00:00","article:modified_time":"2025-04-15T16:01:19+00:00","article:publisher":"https:\/\/www.facebook.com\/soymigrantecom","twitter:card":"summary_large_image","twitter:site":"@SoyMigrante_com","twitter:title":"Proyecto Quetzi: donaci\u00f3n migrante para ni\u00f1os y j\u00f3venes de una escuela en Guatemala","twitter:description":"En la escuela oficial de Palencia, Guatemala se efectu\u00f3 la entrega de \u00fatiles escolares y art\u00edculos de arte para estudiantes, para contribuir con la educaci\u00f3n.","twitter:creator":"@SoyMigrante_com","twitter:image":"https:\/\/soymigrante.com\/revista\/wp-content\/uploads\/2024\/05\/IMG-20240513-WA0045-e1718760507162.webp"},"aioseo_meta_data":{"post_id":"48987","title":"Ni\u00f1os de Guatemala env\u00edan \u00e1nimo a ni\u00f1os en centro migratorio","description":"Un gesto sencillo pero poderoso: ni\u00f1os de Guatemala expresaron cari\u00f1o, en video, a ni\u00f1os en albergue migratorio de Texas. Voluntaria refiere acci\u00f3n de esperanza","keywords":null,"keyphrases":{"focus":{"keyphrase":"Ni\u00f1os","score":100,"analysis":{"keyphraseInTitle":{"score":9,"maxScore":9,"error":0},"keyphraseInDescription":{"score":9,"maxScore":9,"error":0},"keyphraseLength":{"score":9,"maxScore":9,"error":0,"length":2},"keyphraseInURL":{"score":5,"maxScore":5,"error":0}}},"additional":[{"keyphrase":"Guatemala","score":100,"analysis":{"keyphraseInDescription":{"score":9,"maxScore":9,"error":0},"keyphraseLength":{"score":9,"maxScore":9,"error":0,"length":1}}},{"keyphrase":"Migratorio","score":100,"analysis":{"keyphraseInDescription":{"score":9,"maxScore":9,"error":0},"keyphraseLength":{"score":9,"maxScore":9,"error":0,"length":1}}}]},"primary_term":null,"canonical_url":null,"og_title":null,"og_description":null,"og_object_type":"default","og_image_type":"default","og_image_url":null,"og_image_width":null,"og_image_height":null,"og_image_custom_url":null,"og_image_custom_fields":null,"og_video":"","og_custom_url":null,"og_article_section":null,"og_article_tags":null,"twitter_use_og":false,"twitter_card":"default","twitter_image_type":"default","twitter_image_url":null,"twitter_image_custom_url":null,"twitter_image_custom_fields":null,"twitter_title":null,"twitter_description":null,"schema":{"blockGraphs":[],"customGraphs":[],"default":{"data":{"Article":[],"Course":[],"Dataset":[],"FAQPage":[],"Movie":[],"Person":[],"Product":[],"ProductReview":[],"Car":[],"Recipe":[],"Service":[],"SoftwareApplication":[],"WebPage":[]},"graphName":"NewsArticle","isEnabled":true},"graphs":[]},"schema_type":"default","schema_type_options":null,"pillar_content":false,"robots_default":true,"robots_noindex":false,"robots_noarchive":false,"robots_nosnippet":false,"robots_nofollow":false,"robots_noimageindex":false,"robots_noodp":false,"robots_notranslate":false,"robots_max_snippet":"-1","robots_max_videopreview":"-1","robots_max_imagepreview":"large","priority":null,"frequency":"default","local_seo":null,"seo_analyzer_scan_date":"2025-11-26 23:43:18","breadcrumb_settings":null,"limit_modified_date":false,"reviewed_by":"0","open_ai":null,"ai":{"faqs":[],"keyPoints":[],"titles":[],"descriptions":[],"socialPosts":{"email":[],"linkedin":[],"twitter":[],"facebook":[],"instagram":[]}},"created":"2025-11-25 17:22:29","updated":"2026-02-05 07:11:18"},"aioseo_breadcrumb":"<div class=\"aioseo-breadcrumbs\"><span class=\"aioseo-breadcrumb\">\n\t<a href=\"https:\/\/soymigrante.com\/revista\" title=\"Home\">Home<\/a>\n<\/span><span class=\"aioseo-breadcrumb-separator\">\u00bb<\/span><span class=\"aioseo-breadcrumb\">\n\t<a href=\"https:\/\/soymigrante.com\/revista\/category\/estamos-unidos\/\" title=\"Estamos Unidos\">Estamos Unidos<\/a>\n<\/span><span class=\"aioseo-breadcrumb-separator\">\u00bb<\/span><span class=\"aioseo-breadcrumb\">\n\tNi\u00f1os guatemaltecos env\u00edan mensaje de \u00e1nimo a menores en albergue migratorio\n<\/span><\/div>","aioseo_breadcrumb_json":[{"label":"Home","link":"https:\/\/soymigrante.com\/revista"},{"label":"Estamos Unidos","link":"https:\/\/soymigrante.com\/revista\/category\/estamos-unidos\/"},{"label":"Ni\u00f1os guatemaltecos env\u00edan mensaje de \u00e1nimo a menores en albergue migratorio","link":"https:\/\/soymigrante.com\/revista\/ninos-guatemaltecos-envian-mensaje-de-animo-a-menores-en-albergue-migratorio\/"}],"_links":{"self":[{"href":"https:\/\/soymigrante.com\/revista\/wp-json\/wp\/v2\/posts\/48987","targetHints":{"allow":["GET"]}}],"collection":[{"href":"https:\/\/soymigrante.com\/revista\/wp-json\/wp\/v2\/posts"}],"about":[{"href":"https:\/\/soymigrante.com\/revista\/wp-json\/wp\/v2\/types\/post"}],"author":[{"embeddable":true,"href":"https:\/\/soymigrante.com\/revista\/wp-json\/wp\/v2\/users\/7"}],"replies":[{"embeddable":true,"href":"https:\/\/soymigrante.com\/revista\/wp-json\/wp\/v2\/comments?post=48987"}],"version-history":[{"count":8,"href":"https:\/\/soymigrante.com\/revista\/wp-json\/wp\/v2\/posts\/48987\/revisions"}],"predecessor-version":[{"id":49037,"href":"https:\/\/soymigrante.com\/revista\/wp-json\/wp\/v2\/posts\/48987\/revisions\/49037"}],"wp:featuredmedia":[{"embeddable":true,"href":"https:\/\/soymigrante.com\/revista\/wp-json\/wp\/v2\/media\/49027"}],"wp:attachment":[{"href":"https:\/\/soymigrante.com\/revista\/wp-json\/wp\/v2\/media?parent=48987"}],"wp:term":[{"taxonomy":"category","embeddable":true,"href":"https:\/\/soymigrante.com\/revista\/wp-json\/wp\/v2\/categories?post=48987"},{"taxonomy":"post_tag","embeddable":true,"href":"https:\/\/soymigrante.com\/revista\/wp-json\/wp\/v2\/tags?post=48987"}],"curies":[{"name":"wp","href":"https:\/\/api.w.org\/{rel}","templated":true}]}}