{"id":48977,"date":"2025-11-25T08:00:00","date_gmt":"2025-11-25T14:00:00","guid":{"rendered":"https:\/\/soymigrante.com\/revista\/?p=48977"},"modified":"2025-11-25T06:42:49","modified_gmt":"2025-11-25T12:42:49","slug":"gobernador-de-carolina-del-norte-senala-abusos-en-operativos-migratorios-y-pide-reporte-de-detenidos","status":"publish","type":"post","link":"https:\/\/soymigrante.com\/revista\/gobernador-de-carolina-del-norte-senala-abusos-en-operativos-migratorios-y-pide-reporte-de-detenidos\/","title":{"rendered":"Gobernador de Carolina del Norte se\u00f1ala abusos en operativos migratorios y pide reporte de detenidos"},"content":{"rendered":"\t\t<div data-elementor-type=\"wp-post\" data-elementor-id=\"48977\" class=\"elementor elementor-48977\" data-elementor-post-type=\"post\">\n\t\t\t\t<div data-particle_enable=\"false\" data-particle-mobile-disabled=\"false\" class=\"elementor-element elementor-element-38bae2c e-flex e-con-boxed e-con e-parent\" data-id=\"38bae2c\" data-element_type=\"container\" data-e-type=\"container\">\n\t\t\t\t\t<div class=\"e-con-inner\">\n\t\t\t\t<div class=\"elementor-element elementor-element-a406c35 elementor-widget elementor-widget-heading\" data-id=\"a406c35\" data-element_type=\"widget\" data-e-type=\"widget\" data-widget_type=\"heading.default\">\n\t\t\t\t\t<h2 class=\"elementor-heading-title elementor-size-default\">En carta dirigida a la Secretaria de Seguridad Kristi Noem, el gobernador de Carolina del Norte se\u00f1ala abusos contra ciudadanos, riesgo p\u00fablico en operativos violentos y pide informaci\u00f3n de los 370 detenidos.<\/h2>\t\t\t\t<\/div>\n\t\t\t\t\t<\/div>\n\t\t\t\t<\/div>\n\t\t<div data-particle_enable=\"false\" data-particle-mobile-disabled=\"false\" class=\"elementor-element elementor-element-f4c0481 e-flex e-con-boxed e-con e-parent\" data-id=\"f4c0481\" data-element_type=\"container\" data-e-type=\"container\">\n\t\t\t\t\t<div class=\"e-con-inner\">\n\t\t\t\t<div class=\"elementor-element elementor-element-b9fa841 elementor-widget elementor-widget-text-editor\" data-id=\"b9fa841\" data-element_type=\"widget\" data-e-type=\"widget\" data-widget_type=\"text-editor.default\">\n\t\t\t\t\t\t\t\t\t<p>Aunque el <a href=\"https:\/\/soymigrante.com\/revista\/operativos-antimaras-en-usa-se-utilizan-para-detener-migrantes-sin-antecedentes-cuestiona-insight-crime\/\">operativo<\/a> migratorio federal efectuado en Carolina del Norte finaliz\u00f3 el 20 de noviembre,&nbsp; dej\u00f3 incertidumbre sobre el paradero de 370 detenidos, tambi\u00e9n escenas de violencia y abuso de fuerza incluso contra <a href=\"https:\/\/www.nilc.org\/wp-content\/uploads\/2016\/11\/Rights-No-Matter-Who-Is-President-SPAN-2024.pdf\">ciudadanos<\/a> estadounidenses en contra de sus <a href=\"https:\/\/soymigrante.com\/revista\/conoce-tus-derechos-proteccion-para-trabajadores-migrantes-en-usa\/\">derechos.<\/a><\/p>\n<p>El gobernador del Estado, Josh Stein, envi\u00f3 una carta de reclamo a la Secretaria de Seguridad Nacional Kristi Noem, en la cual solicita m\u00e1s coordinaci\u00f3n en tales <a href=\"https:\/\/soymigrante.com\/revista\/operativos-antimaras-en-usa-se-utilizan-para-detener-migrantes-sin-antecedentes-cuestiona-insight-crime\/\">operativos<\/a> y evitar poner en riesgo \u00e1reas escolares y la seguridad p\u00fablica.<br>Esto es lo m\u00e1s relevante de la misiva, textualmente:<\/p>\t\t\t\t\t\t\t\t<\/div>\n\t\t\t\t\t<\/div>\n\t\t\t\t<\/div>\n\t\t<div data-particle_enable=\"false\" data-particle-mobile-disabled=\"false\" class=\"elementor-element elementor-element-aa1af11 e-flex e-con-boxed e-con e-parent\" data-id=\"aa1af11\" data-element_type=\"container\" data-e-type=\"container\">\n\t\t\t\t\t<div class=\"e-con-inner\">\n\t\t\t\t<div class=\"elementor-element elementor-element-51a9f75 elementor-widget elementor-widget-html\" data-id=\"51a9f75\" data-element_type=\"widget\" data-e-type=\"widget\" data-widget_type=\"html.default\">\n\t\t\t\t\t<iframe src=\"https:\/\/www.facebook.com\/plugins\/video.php?height=314&href=https%3A%2F%2Fwww.facebook.com%2Freel%2F1136890998516103%2F&show_text=true&width=560&t=0\" width=\"560\" height=\"529\" style=\"border:none;overflow:hidden\" scrolling=\"no\" frameborder=\"0\" allowfullscreen=\"true\" allow=\"autoplay; clipboard-write; encrypted-media; picture-in-picture; web-share\" allowFullScreen=\"true\"><\/iframe>\t\t\t\t<\/div>\n\t\t\t\t\t<\/div>\n\t\t\t\t<\/div>\n\t\t<div data-particle_enable=\"false\" data-particle-mobile-disabled=\"false\" class=\"elementor-element elementor-element-cc0cb15 e-flex e-con-boxed e-con e-parent\" data-id=\"cc0cb15\" data-element_type=\"container\" data-e-type=\"container\">\n\t\t\t\t\t<div class=\"e-con-inner\">\n\t\t\t\t<div class=\"elementor-element elementor-element-f88c38b elementor-widget elementor-widget-text-editor\" data-id=\"f88c38b\" data-element_type=\"widget\" data-e-type=\"widget\" data-widget_type=\"text-editor.default\">\n\t\t\t\t\t\t\t\t\t<p><i>&#8220;Secretaria Noem: Le escribo para expresar mi alarma por las t\u00e1cticas y la conducta de los agentes federales del Departamento de Seguridad Nacional durante la &#8220;Operaci\u00f3n Charlotte&#8217;s Web&#8221; de la Oficina de Aduanas y Protecci\u00f3n Fronteriza (CBP) aqu\u00ed en Carolina del Norte.\u00a0<\/i><\/p><p><i>Siempre he considerado la seguridad p\u00fablica una de mis principales prioridades y he sostenido durante mucho tiempo que quienes se encuentran aqu\u00ed ilegalmente y cometen delitos violentos deben rendir cuentas y ser deportados. Sin embargo, en los \u00faltimos d\u00edas en Carolina del Norte, <b>en demasiados casos, hemos visto a agentes federales poner en peligro la seguridad p\u00fablica de forma imprudente<\/b> y causar estragos en nuestras comunidades.\u00a0<br \/>(&#8230;)<\/i><\/p><p><i>Hemos visto informes de <b>ciudadanos estadounidenses con las ventanas de sus autos rotas,<\/b> acciones de seguridad en las inmediaciones de las zonas de llegada de los ni\u00f1os a las escuelas y <b>personas discriminadas racialmente por agentes federales<\/b>&#8220;.\u00a0<\/i><\/p><p><i>(&#8230;.)<\/i><\/p><p><i>A pesar de solicitar informaci\u00f3n al gobierno federal, los funcionarios estatales no han recibido notificaci\u00f3n de las acciones planeadas para el control de inmigraci\u00f3n desde que comenzaron estas operaciones el s\u00e1bado 15 de noviembre. Los agentes federales tampoco se han coordinado con las fuerzas del orden estatales en estos asuntos cr\u00edticos de seguridad p\u00fablica.\u00a0<br \/><\/i><\/p><p><i>(&#8230;)<\/i><\/p>\t\t\t\t\t\t\t\t<\/div>\n\t\t\t\t\t<\/div>\n\t\t\t\t<\/div>\n\t\t<div data-particle_enable=\"false\" data-particle-mobile-disabled=\"false\" class=\"elementor-element elementor-element-8d92757 e-flex e-con-boxed e-con e-parent\" data-id=\"8d92757\" data-element_type=\"container\" data-e-type=\"container\">\n\t\t\t\t\t<div class=\"e-con-inner\">\n\t\t\t\t<div class=\"elementor-element elementor-element-c42a40c elementor-widget elementor-widget-html\" data-id=\"c42a40c\" data-element_type=\"widget\" data-e-type=\"widget\" data-widget_type=\"html.default\">\n\t\t\t\t\t<iframe src=\"https:\/\/www.facebook.com\/plugins\/video.php?height=476&href=https%3A%2F%2Fwww.facebook.com%2Freel%2F821443607176186%2F&show_text=true&width=267&t=0\" width=\"267\" height=\"591\" style=\"border:none;overflow:hidden\" scrolling=\"no\" frameborder=\"0\" allowfullscreen=\"true\" allow=\"autoplay; clipboard-write; encrypted-media; picture-in-picture; web-share\" allowFullScreen=\"true\"><\/iframe>\t\t\t\t<\/div>\n\t\t\t\t\t<\/div>\n\t\t\t\t<\/div>\n\t\t<div data-particle_enable=\"false\" data-particle-mobile-disabled=\"false\" class=\"elementor-element elementor-element-803d90c e-flex e-con-boxed e-con e-parent\" data-id=\"803d90c\" data-element_type=\"container\" data-e-type=\"container\">\n\t\t\t\t\t<div class=\"e-con-inner\">\n\t\t\t\t<div class=\"elementor-element elementor-element-06d0d76 elementor-widget elementor-widget-text-editor\" data-id=\"06d0d76\" data-element_type=\"widget\" data-e-type=\"widget\" data-widget_type=\"text-editor.default\">\n\t\t\t\t\t\t\t\t\t<p><i>Hasta el jueves 20 de noviembre de 2025, el Estado de Carolina del Norte se enter\u00f3, a trav\u00e9s de informes de prensa, de que el DHS ha detenido o arrestado a m\u00e1s de 370 personas como parte de la Operaci\u00f3n Charlotte&#8217;s Web. Proporcione una lista completa de las personas arrestadas o detenidas, con la siguiente informaci\u00f3n para cada una:\u00a0<\/i><\/p><p><i>a. Antecedentes penales <br \/>b. Fecha de arresto o detenci\u00f3n. <br \/>c. Estado de detenci\u00f3n actual (es decir, liberado, deportado, bajo custodia) <br \/>d. Fecha de liberaci\u00f3n o deportaci\u00f3n. <br \/>e. Lugar donde cada persona estuvo o est\u00e1 detenida y bajo custodia<br \/>f. Estado de ciudadan\u00eda, inmigraci\u00f3n o visa <br \/>g. Motivo de cada arresto o detenci\u00f3n<br \/>h. Agencia o agencias policiales involucradas en un arresto, investigaci\u00f3n posterior o proceso de deportaci\u00f3n.<br \/>\u00bfCu\u00e1l es el per\u00edodo m\u00e1s largo, en horas, que los ciudadanos estadounidenses o residentes legales han estado detenidos antes de ser liberados?<br \/>\u00bfEn qu\u00e9 instalaciones han retenido a personas en Carolina del Norte?<br \/>\u00bfSe ha notificado a todas las personas de sus derechos Miranda al momento del arresto?<br \/><b>En casos en que los agentes hayan da\u00f1ado la propiedad y una persona no sea arrestada o sea puesta en libertad, \u00bfqu\u00e9 tipo de restituci\u00f3n proporcionar\u00e1 el Departamento? \u00bfC\u00f3mo pueden las personas solicitar la restituci\u00f3n?<\/b><br \/>\u00bfHa recibido el Departamento quejas sobre alguna conducta indebida de agentes federales? De ser as\u00ed, por favor, proporci\u00f3nelas.<br \/>\u00bfCu\u00e1les son sus pol\u00edticas respecto al alcance de las operaciones en las inmediaciones de escuelas, guarder\u00edas y parques infantiles? \u00bfExisten l\u00edmites perimetrales para iniciar acciones de control en torno a dichas instalaciones donde pueda haber ni\u00f1os?<br \/>\u00bfCu\u00e1les son sus pol\u00edticas respecto a las persecuciones a alta velocidad? \u00bfCu\u00e1les son las limitaciones de estas t\u00e1cticas, especialmente en zonas escolares o \u00e1reas cercanas a instalaciones donde pueda haber ni\u00f1os?<br \/>\u00bfCu\u00e1nto le ha costado la Operaci\u00f3n Charlotte\u2019s Web al gobierno federal?<\/i><\/p><p><i>Les solicito que respondan a estas preguntas con seriedad y que se comuniquen mejor con los funcionarios de Carolina del Norte sobre cualquier medida federal de cumplimiento de la ley, para que nuestras agencias del orden estatales y locales tengan la informaci\u00f3n necesaria para mantener la seguridad de nuestras comunidades.<\/i><\/p>\t\t\t\t\t\t\t\t<\/div>\n\t\t\t\t\t<\/div>\n\t\t\t\t<\/div>\n\t\t<div data-particle_enable=\"false\" data-particle-mobile-disabled=\"false\" class=\"elementor-element elementor-element-3d8887d e-flex e-con-boxed e-con e-parent\" data-id=\"3d8887d\" data-element_type=\"container\" data-e-type=\"container\">\n\t\t\t\t\t<div class=\"e-con-inner\">\n\t\t\t\t<div class=\"elementor-element elementor-element-98ff952 elementor-widget elementor-widget-heading\" data-id=\"98ff952\" data-element_type=\"widget\" data-e-type=\"widget\" data-widget_type=\"heading.default\">\n\t\t\t\t\t<h2 class=\"elementor-heading-title elementor-size-default\">Informaci\u00f3n que te podr\u00eda ser \u00fatil<\/h2>\t\t\t\t<\/div>\n\t\t\t\t\t<\/div>\n\t\t\t\t<\/div>\n\t\t<div data-particle_enable=\"false\" data-particle-mobile-disabled=\"false\" class=\"elementor-element elementor-element-f92baa9 e-flex e-con-boxed e-con e-parent\" data-id=\"f92baa9\" data-element_type=\"container\" data-e-type=\"container\">\n\t\t\t\t\t<div class=\"e-con-inner\">\n\t\t\t\t<div class=\"elementor-element elementor-element-c1e8713 elementor-grid-eael-col-3 elementor-grid-tablet-eael-col-2 elementor-grid-mobile-eael-col-1 elementor-widget elementor-widget-eael-post-grid\" data-id=\"c1e8713\" data-element_type=\"widget\" data-e-type=\"widget\" data-settings=\"{&quot;eael_post_grid_columns&quot;:&quot;eael-col-3&quot;,&quot;eael_post_grid_columns_tablet&quot;:&quot;eael-col-2&quot;,&quot;eael_post_grid_columns_mobile&quot;:&quot;eael-col-1&quot;}\" data-widget_type=\"eael-post-grid.default\">\n\t\t\t\t\t<div id=\"eael-post-grid-c1e8713\" class=\"eael-post-grid-container\">\n            <div class=\"eael-post-grid eael-post-appender eael-post-appender-c1e8713 eael-post-grid-style-one\" data-layout-mode=\"masonry\"><article class=\"eael-grid-post  eael-post-grid-column eael-pg-post-16944 category-recursos-migratorios\" data-id=\"16944\">\n        <div class=\"eael-grid-post-holder\">\n            <div class=\"eael-grid-post-holder-inner\"><div class=\"eael-entry-media\"><div class=\"eael-entry-overlay fade-in\"><i class=\"far fa-hand-pointer\" aria-hidden=\"true\"><\/i><a href=\"https:\/\/soymigrante.com\/revista\/todo-migrante-tiene-derechos-la-union-americana-de-libertades-civiles-recomienda\/\"><\/a><\/div><div class=\"eael-entry-thumbnail eael-image-ratio\">\n                <img fetchpriority=\"high\" decoding=\"async\" width=\"1024\" height=\"1024\" src=\"https:\/\/soymigrante.com\/revista\/wp-content\/uploads\/2024\/12\/migrantes-ruta-1-1024x1024.jpg\" class=\"attachment-large size-large wp-image-17020\" alt=\"Camino con peatones en carretera lluviosa, se\u00f1al de obra vial y l\u00edmite de velocidad de 30 km\/h, en un entorno natural y monta\u00f1oso, en la publicaci\u00f3n de SoyMigrante.com REVISTA.\" srcset=\"https:\/\/soymigrante.com\/revista\/wp-content\/uploads\/2024\/12\/migrantes-ruta-1-1024x1024.jpg 1024w, https:\/\/soymigrante.com\/revista\/wp-content\/uploads\/2024\/12\/migrantes-ruta-1-300x300.jpg 300w, https:\/\/soymigrante.com\/revista\/wp-content\/uploads\/2024\/12\/migrantes-ruta-1-150x150.jpg 150w, https:\/\/soymigrante.com\/revista\/wp-content\/uploads\/2024\/12\/migrantes-ruta-1-768x768.jpg 768w, https:\/\/soymigrante.com\/revista\/wp-content\/uploads\/2024\/12\/migrantes-ruta-1-1536x1536.jpg 1536w, https:\/\/soymigrante.com\/revista\/wp-content\/uploads\/2024\/12\/migrantes-ruta-1-2048x2048.jpg 2048w, https:\/\/soymigrante.com\/revista\/wp-content\/uploads\/2024\/12\/migrantes-ruta-1-75x75.webp 75w, https:\/\/soymigrante.com\/revista\/wp-content\/uploads\/2024\/12\/migrantes-ruta-1-750x750.webp 750w, https:\/\/soymigrante.com\/revista\/wp-content\/uploads\/2024\/12\/migrantes-ruta-1-1140x1140.webp 1140w, https:\/\/soymigrante.com\/revista\/wp-content\/uploads\/2024\/12\/migrantes-ruta-1-scaled.webp 1920w\" sizes=\"(max-width: 1024px) 100vw, 1024px\" \/>\n            <\/div>\n        <\/div><div class=\"eael-entry-wrapper\"><header class=\"eael-entry-header\"><h2 class=\"eael-entry-title\"><a class=\"eael-grid-post-link\" href=\"https:\/\/soymigrante.com\/revista\/todo-migrante-tiene-derechos-la-union-americana-de-libertades-civiles-recomienda\/\" title=\"Todo migrante tiene derechos: la Uni\u00f3n Americana de Libertades Civiles recomienda&#8230;\">Todo migrante tiene derechos: la Uni\u00f3n Americana de Libertades Civiles recomienda&#8230;<\/a><\/h2><\/header><div class=\"eael-entry-content\">\n                        <div class=\"eael-grid-post-excerpt\"><a href=\"https:\/\/soymigrante.com\/revista\/todo-migrante-tiene-derechos-la-union-americana-de-libertades-civiles-recomienda\/\" class=\"eael-post-elements-readmore-btn\">CONOCE SU HISTORIA <\/a><\/div>\n                    <\/div><\/div><\/div>\n        <\/div>\n    <\/article><article class=\"eael-grid-post  eael-post-grid-column eael-pg-post-27286 category-recursos-migratorios\" data-id=\"27286\">\n        <div class=\"eael-grid-post-holder\">\n            <div class=\"eael-grid-post-holder-inner\"><div class=\"eael-entry-media\"><div class=\"eael-entry-overlay fade-in\"><i class=\"far fa-hand-pointer\" aria-hidden=\"true\"><\/i><a href=\"https:\/\/soymigrante.com\/revista\/abogada-meredith-brown-expone-claves-de-derechos-migrantes-en-estados-unidos\/\"><\/a><\/div><div class=\"eael-entry-thumbnail eael-image-ratio\">\n                <img decoding=\"async\" width=\"1024\" height=\"1024\" src=\"https:\/\/soymigrante.com\/revista\/wp-content\/uploads\/2025\/03\/envato-labs-ai-2536242b-642a-4e3a-8413-4e1b36bff18f.webp\" class=\"attachment-large size-large wp-image-27349\" alt=\"Venta de comida saludable en un restaurante. Personal preparando y cortando verduras frescas en una cocina moderna y limpia. Mujeres y hombres involucrados en la preparaci\u00f3n de alimentos con ingredientes naturales.\" srcset=\"https:\/\/soymigrante.com\/revista\/wp-content\/uploads\/2025\/03\/envato-labs-ai-2536242b-642a-4e3a-8413-4e1b36bff18f.webp 1024w, https:\/\/soymigrante.com\/revista\/wp-content\/uploads\/2025\/03\/envato-labs-ai-2536242b-642a-4e3a-8413-4e1b36bff18f-300x300.jpg 300w, https:\/\/soymigrante.com\/revista\/wp-content\/uploads\/2025\/03\/envato-labs-ai-2536242b-642a-4e3a-8413-4e1b36bff18f-150x150.jpg 150w, https:\/\/soymigrante.com\/revista\/wp-content\/uploads\/2025\/03\/envato-labs-ai-2536242b-642a-4e3a-8413-4e1b36bff18f-768x768.jpg 768w, https:\/\/soymigrante.com\/revista\/wp-content\/uploads\/2025\/03\/envato-labs-ai-2536242b-642a-4e3a-8413-4e1b36bff18f-75x75.webp 75w, https:\/\/soymigrante.com\/revista\/wp-content\/uploads\/2025\/03\/envato-labs-ai-2536242b-642a-4e3a-8413-4e1b36bff18f-750x750.webp 750w\" sizes=\"(max-width: 1024px) 100vw, 1024px\" \/>\n            <\/div>\n        <\/div><div class=\"eael-entry-wrapper\"><header class=\"eael-entry-header\"><h2 class=\"eael-entry-title\"><a class=\"eael-grid-post-link\" href=\"https:\/\/soymigrante.com\/revista\/abogada-meredith-brown-expone-claves-de-derechos-migrantes-en-estados-unidos\/\" title=\"Abogada Meredith Brown expone claves de derechos migrantes en Estados Unidos\">Abogada Meredith Brown expone claves de derechos migrantes en Estados Unidos<\/a><\/h2><\/header><div class=\"eael-entry-content\">\n                        <div class=\"eael-grid-post-excerpt\"><a href=\"https:\/\/soymigrante.com\/revista\/abogada-meredith-brown-expone-claves-de-derechos-migrantes-en-estados-unidos\/\" class=\"eael-post-elements-readmore-btn\">CONOCE SU HISTORIA <\/a><\/div>\n                    <\/div><\/div><\/div>\n        <\/div>\n    <\/article><article class=\"eael-grid-post  eael-post-grid-column eael-pg-post-25952 category-recursos-migratorios\" data-id=\"25952\">\n        <div class=\"eael-grid-post-holder\">\n            <div class=\"eael-grid-post-holder-inner\"><div class=\"eael-entry-media\"><div class=\"eael-entry-overlay fade-in\"><i class=\"far fa-hand-pointer\" aria-hidden=\"true\"><\/i><a href=\"https:\/\/soymigrante.com\/revista\/como-hallar-un-abogado-experto-en-migracion-aila-puede-ser-de-utilidad\/\"><\/a><\/div><div class=\"eael-entry-thumbnail eael-image-ratio\">\n                <img decoding=\"async\" width=\"1024\" height=\"1024\" src=\"https:\/\/soymigrante.com\/revista\/wp-content\/uploads\/2025\/02\/envato-labs-ai-60370ae9-72ee-41ea-8b19-12573c5ba9e3.webp\" class=\"attachment-large size-large wp-image-25953\" alt=\"Atractivo de un hombre profesional en una oficina moderna, vestido con traje y mostrando confianza.\" srcset=\"https:\/\/soymigrante.com\/revista\/wp-content\/uploads\/2025\/02\/envato-labs-ai-60370ae9-72ee-41ea-8b19-12573c5ba9e3.webp 1024w, https:\/\/soymigrante.com\/revista\/wp-content\/uploads\/2025\/02\/envato-labs-ai-60370ae9-72ee-41ea-8b19-12573c5ba9e3-300x300.png 300w, https:\/\/soymigrante.com\/revista\/wp-content\/uploads\/2025\/02\/envato-labs-ai-60370ae9-72ee-41ea-8b19-12573c5ba9e3-150x150.png 150w, https:\/\/soymigrante.com\/revista\/wp-content\/uploads\/2025\/02\/envato-labs-ai-60370ae9-72ee-41ea-8b19-12573c5ba9e3-768x768.png 768w, https:\/\/soymigrante.com\/revista\/wp-content\/uploads\/2025\/02\/envato-labs-ai-60370ae9-72ee-41ea-8b19-12573c5ba9e3-75x75.webp 75w, https:\/\/soymigrante.com\/revista\/wp-content\/uploads\/2025\/02\/envato-labs-ai-60370ae9-72ee-41ea-8b19-12573c5ba9e3-750x750.webp 750w\" sizes=\"(max-width: 1024px) 100vw, 1024px\" \/>\n            <\/div>\n        <\/div><div class=\"eael-entry-wrapper\"><header class=\"eael-entry-header\"><h2 class=\"eael-entry-title\"><a class=\"eael-grid-post-link\" href=\"https:\/\/soymigrante.com\/revista\/como-hallar-un-abogado-experto-en-migracion-aila-puede-ser-de-utilidad\/\" title=\"\u00bfC\u00f3mo hallar un abogado experto en migraci\u00f3n? AILA puede ser de utilidad\">\u00bfC\u00f3mo hallar un abogado experto en migraci\u00f3n? AILA puede ser de utilidad<\/a><\/h2><\/header><div class=\"eael-entry-content\">\n                        <div class=\"eael-grid-post-excerpt\"><a href=\"https:\/\/soymigrante.com\/revista\/como-hallar-un-abogado-experto-en-migracion-aila-puede-ser-de-utilidad\/\" class=\"eael-post-elements-readmore-btn\">CONOCE SU HISTORIA <\/a><\/div>\n                    <\/div><\/div><\/div>\n        <\/div>\n    <\/article><\/div>\n            <div class=\"clearfix\"><\/div>\n        <\/div>\t\t\t\t<\/div>\n\t\t\t\t\t<\/div>\n\t\t\t\t<\/div>\n\t\t\t\t<\/div>\n\t\t","protected":false},"excerpt":{"rendered":"<p>En carta dirigida a la Secretaria de Seguridad Kristi Noem, el gobernador de Carolina del Norte se\u00f1ala abusos contra ciudadanos, riesgo p\u00fablico en operativos violentos y pide informaci\u00f3n de los 370 detenidos. Aunque el operativo migratorio federal efectuado en Carolina del Norte finaliz\u00f3 el 20 de noviembre,&nbsp; dej\u00f3 incertidumbre sobre el paradero de 370 detenidos, [&hellip;]<\/p>\n","protected":false},"author":1,"featured_media":48978,"comment_status":"open","ping_status":"open","sticky":false,"template":"","format":"standard","meta":{"_acf_changed":false,"_eb_attr":"","footnotes":""},"categories":[280],"tags":[],"class_list":["post-48977","post","type-post","status-publish","format-standard","has-post-thumbnail","hentry","category-noticias"],"acf":[],"aioseo_notices":[],"aioseo_head":"\n\t\t<!-- All in One SEO Pro 4.9.6.2 - aioseo.com -->\n\t<meta name=\"description\" content=\"Los actuales desaf\u00edos en materia de migraci\u00f3n en Estados Unidos requieren con frecuencia del apoyo y asesor\u00eda legal de un profesional. AILA puede ser de ayuda.\" \/>\n\t<meta name=\"robots\" content=\"max-snippet:-1, max-image-preview:large, max-video-preview:-1\" \/>\n\t<meta name=\"author\" content=\"Gustavo Montenegro\"\/>\n\t<link rel=\"canonical\" href=\"https:\/\/soymigrante.com\/revista\/como-hallar-un-abogado-experto-en-migracion-aila-puede-ser-de-utilidad\/\" \/>\n\t<meta name=\"generator\" content=\"All in One SEO Pro (AIOSEO) 4.9.6.2\" \/>\n\n\t\t<link rel=\"preconnect\" href=\"https:\/\/fonts.googleapis.com\" crossorigin>\n<link rel=\"preconnect\" href=\"https:\/\/fonts.gstatic.com\" crossorigin>\n\t\t<meta property=\"og:locale\" content=\"es_ES\" \/>\n\t\t<meta property=\"og:site_name\" content=\"SoyMigrante.com REVISTA \u2013 Nuestra misi\u00f3n es reconocer y dignificar al migrante.\" \/>\n\t\t<meta property=\"og:type\" content=\"article\" \/>\n\t\t<meta property=\"og:title\" content=\"\u00bfC\u00f3mo encontrar ayuda de un abogado en migraci\u00f3n en EE.UU?\" \/>\n\t\t<meta property=\"og:description\" content=\"Los actuales desaf\u00edos en materia de migraci\u00f3n en Estados Unidos requieren con frecuencia del apoyo y asesor\u00eda legal de un profesional. AILA puede ser de ayuda.\" \/>\n\t\t<meta property=\"og:url\" content=\"https:\/\/soymigrante.com\/revista\/como-hallar-un-abogado-experto-en-migracion-aila-puede-ser-de-utilidad\/\" \/>\n\t\t<meta property=\"og:image\" content=\"https:\/\/soymigrante.com\/revista\/wp-content\/uploads\/2025\/02\/envato-labs-ai-60370ae9-72ee-41ea-8b19-12573c5ba9e3.webp\" \/>\n\t\t<meta property=\"og:image:secure_url\" content=\"https:\/\/soymigrante.com\/revista\/wp-content\/uploads\/2025\/02\/envato-labs-ai-60370ae9-72ee-41ea-8b19-12573c5ba9e3.webp\" \/>\n\t\t<meta property=\"og:image:width\" content=\"1024\" \/>\n\t\t<meta property=\"og:image:height\" content=\"1024\" \/>\n\t\t<meta property=\"article:published_time\" content=\"2025-02-19T13:59:00+00:00\" \/>\n\t\t<meta property=\"article:modified_time\" content=\"2025-03-10T19:41:47+00:00\" \/>\n\t\t<meta property=\"article:publisher\" content=\"https:\/\/www.facebook.com\/soymigrantecom\" \/>\n\t\t<meta name=\"twitter:card\" content=\"summary_large_image\" \/>\n\t\t<meta name=\"twitter:site\" content=\"@SoyMigrante_com\" \/>\n\t\t<meta name=\"twitter:title\" content=\"\u00bfC\u00f3mo encontrar ayuda de un abogado en migraci\u00f3n en EE.UU?\" \/>\n\t\t<meta name=\"twitter:description\" content=\"Los actuales desaf\u00edos en materia de migraci\u00f3n en Estados Unidos requieren con frecuencia del apoyo y asesor\u00eda legal de un profesional. AILA puede ser de ayuda.\" \/>\n\t\t<meta name=\"twitter:creator\" content=\"@SoyMigrante_com\" \/>\n\t\t<meta name=\"twitter:image\" content=\"https:\/\/soymigrante.com\/revista\/wp-content\/uploads\/2025\/02\/envato-labs-ai-60370ae9-72ee-41ea-8b19-12573c5ba9e3.webp\" \/>\n\t\t<!-- All in One SEO Pro -->\r\n\t\t<title>\u00bfC\u00f3mo encontrar ayuda de un abogado en migraci\u00f3n en EE.UU?<\/title>\n\n","aioseo_head_json":{"title":"\u00bfC\u00f3mo encontrar ayuda de un abogado en migraci\u00f3n en EE.UU?","description":"Los actuales desaf\u00edos en materia de migraci\u00f3n en Estados Unidos requieren con frecuencia del apoyo y asesor\u00eda legal de un profesional. AILA puede ser de ayuda.","canonical_url":"https:\/\/soymigrante.com\/revista\/como-hallar-un-abogado-experto-en-migracion-aila-puede-ser-de-utilidad\/","robots":"max-snippet:-1, max-image-preview:large, max-video-preview:-1","keywords":"","webmasterTools":{"miscellaneous":"&lt;link rel=\"preconnect\" href=\"https:\/\/fonts.googleapis.com\" crossorigin&gt;\n&lt;link rel=\"preconnect\" href=\"https:\/\/fonts.gstatic.com\" crossorigin&gt;"},"schema":null,"og:locale":"es_ES","og:site_name":"SoyMigrante.com REVISTA \u2013 Nuestra misi\u00f3n es reconocer y dignificar al migrante.","og:type":"article","og:title":"\u00bfC\u00f3mo encontrar ayuda de un abogado en migraci\u00f3n en EE.UU?","og:description":"Los actuales desaf\u00edos en materia de migraci\u00f3n en Estados Unidos requieren con frecuencia del apoyo y asesor\u00eda legal de un profesional. AILA puede ser de ayuda.","og:url":"https:\/\/soymigrante.com\/revista\/como-hallar-un-abogado-experto-en-migracion-aila-puede-ser-de-utilidad\/","og:image":"https:\/\/soymigrante.com\/revista\/wp-content\/uploads\/2025\/02\/envato-labs-ai-60370ae9-72ee-41ea-8b19-12573c5ba9e3.webp","og:image:secure_url":"https:\/\/soymigrante.com\/revista\/wp-content\/uploads\/2025\/02\/envato-labs-ai-60370ae9-72ee-41ea-8b19-12573c5ba9e3.webp","og:image:width":1024,"og:image:height":1024,"article:published_time":"2025-02-19T13:59:00+00:00","article:modified_time":"2025-03-10T19:41:47+00:00","article:publisher":"https:\/\/www.facebook.com\/soymigrantecom","twitter:card":"summary_large_image","twitter:site":"@SoyMigrante_com","twitter:title":"\u00bfC\u00f3mo encontrar ayuda de un abogado en migraci\u00f3n en EE.UU?","twitter:description":"Los actuales desaf\u00edos en materia de migraci\u00f3n en Estados Unidos requieren con frecuencia del apoyo y asesor\u00eda legal de un profesional. AILA puede ser de ayuda.","twitter:creator":"@SoyMigrante_com","twitter:image":"https:\/\/soymigrante.com\/revista\/wp-content\/uploads\/2025\/02\/envato-labs-ai-60370ae9-72ee-41ea-8b19-12573c5ba9e3.webp"},"aioseo_meta_data":{"post_id":"48977","title":"Gobernador de Carolina del Norte se\u00f1ala abusos en operativos","description":"Peligro para las comunidades y violencia contra ciudadanos se\u00f1ala Josh Stein, gobernador de Carolina del Norte en carta a la Secretaria de Seguridad Cristi Noem.","keywords":null,"keyphrases":{"focus":{"keyphrase":"Operativos","score":51,"analysis":{"keyphraseInTitle":{"score":9,"maxScore":9,"error":0},"keyphraseInDescription":{"score":3,"maxScore":9,"error":1},"keyphraseLength":{"score":9,"maxScore":9,"error":0,"length":1},"keyphraseInURL":{"score":5,"maxScore":5,"error":0},"keyphraseInIntroduction":{"score":3,"maxScore":9,"error":1},"keyphraseInSubHeadings":{"score":3,"maxScore":9,"error":1},"keyphraseInImageAlt":{"score":3,"maxScore":9,"error":1},"keywordDensity":{"score":0,"type":"low","maxScore":9,"error":1}}},"additional":[{"keyphrase":"Migratorios","score":40,"analysis":{"keyphraseInDescription":{"score":3,"maxScore":9,"error":1},"keyphraseLength":{"score":9,"maxScore":9,"error":0,"length":1},"keyphraseInIntroduction":{"score":3,"maxScore":9,"error":1},"keyphraseInImageAlt":{"score":3,"maxScore":9,"error":1},"keywordDensity":{"score":0,"type":"low","maxScore":9,"error":1}}},{"keyphrase":"Abusos","score":40,"analysis":{"keyphraseInDescription":{"score":3,"maxScore":9,"error":1},"keyphraseLength":{"score":9,"maxScore":9,"error":0,"length":1},"keyphraseInIntroduction":{"score":3,"maxScore":9,"error":1},"keyphraseInImageAlt":{"score":3,"maxScore":9,"error":1},"keywordDensity":{"score":0,"type":"low","maxScore":9,"error":1}}}]},"primary_term":null,"canonical_url":null,"og_title":null,"og_description":null,"og_object_type":"default","og_image_type":"default","og_image_url":null,"og_image_width":null,"og_image_height":null,"og_image_custom_url":null,"og_image_custom_fields":null,"og_video":"","og_custom_url":null,"og_article_section":null,"og_article_tags":null,"twitter_use_og":false,"twitter_card":"default","twitter_image_type":"default","twitter_image_url":null,"twitter_image_custom_url":null,"twitter_image_custom_fields":null,"twitter_title":null,"twitter_description":null,"schema":{"blockGraphs":[],"customGraphs":[],"default":{"data":{"Article":[],"Course":[],"Dataset":[],"FAQPage":[],"Movie":[],"Person":[],"Product":[],"ProductReview":[],"Car":[],"Recipe":[],"Service":[],"SoftwareApplication":[],"WebPage":[]},"graphName":"NewsArticle","isEnabled":true},"graphs":[]},"schema_type":"default","schema_type_options":null,"pillar_content":false,"robots_default":true,"robots_noindex":false,"robots_noarchive":false,"robots_nosnippet":false,"robots_nofollow":false,"robots_noimageindex":false,"robots_noodp":false,"robots_notranslate":false,"robots_max_snippet":"-1","robots_max_videopreview":"-1","robots_max_imagepreview":"large","priority":null,"frequency":"default","local_seo":null,"seo_analyzer_scan_date":"2025-11-25 14:00:26","breadcrumb_settings":null,"limit_modified_date":false,"reviewed_by":"0","open_ai":null,"ai":{"faqs":[],"keyPoints":[],"titles":[],"descriptions":[],"socialPosts":{"email":[],"linkedin":[],"twitter":[],"facebook":[],"instagram":[]}},"created":"2025-11-25 11:57:10","updated":"2026-02-05 07:11:17"},"aioseo_breadcrumb":"<div class=\"aioseo-breadcrumbs\"><span class=\"aioseo-breadcrumb\">\n\t<a href=\"https:\/\/soymigrante.com\/revista\" title=\"Home\">Home<\/a>\n<\/span><span class=\"aioseo-breadcrumb-separator\">\u00bb<\/span><span class=\"aioseo-breadcrumb\">\n\t<a href=\"https:\/\/soymigrante.com\/revista\/category\/noticias\/\" title=\"Noticias\">Noticias<\/a>\n<\/span><span class=\"aioseo-breadcrumb-separator\">\u00bb<\/span><span class=\"aioseo-breadcrumb\">\n\tGobernador de Carolina del Norte se\u00f1ala abusos en operativos migratorios y pide reporte de detenidos\n<\/span><\/div>","aioseo_breadcrumb_json":[{"label":"Home","link":"https:\/\/soymigrante.com\/revista"},{"label":"Noticias","link":"https:\/\/soymigrante.com\/revista\/category\/noticias\/"},{"label":"Gobernador de Carolina del Norte se\u00f1ala abusos en operativos migratorios y pide reporte de detenidos","link":"https:\/\/soymigrante.com\/revista\/gobernador-de-carolina-del-norte-senala-abusos-en-operativos-migratorios-y-pide-reporte-de-detenidos\/"}],"_links":{"self":[{"href":"https:\/\/soymigrante.com\/revista\/wp-json\/wp\/v2\/posts\/48977","targetHints":{"allow":["GET"]}}],"collection":[{"href":"https:\/\/soymigrante.com\/revista\/wp-json\/wp\/v2\/posts"}],"about":[{"href":"https:\/\/soymigrante.com\/revista\/wp-json\/wp\/v2\/types\/post"}],"author":[{"embeddable":true,"href":"https:\/\/soymigrante.com\/revista\/wp-json\/wp\/v2\/users\/1"}],"replies":[{"embeddable":true,"href":"https:\/\/soymigrante.com\/revista\/wp-json\/wp\/v2\/comments?post=48977"}],"version-history":[{"count":7,"href":"https:\/\/soymigrante.com\/revista\/wp-json\/wp\/v2\/posts\/48977\/revisions"}],"predecessor-version":[{"id":49072,"href":"https:\/\/soymigrante.com\/revista\/wp-json\/wp\/v2\/posts\/48977\/revisions\/49072"}],"wp:featuredmedia":[{"embeddable":true,"href":"https:\/\/soymigrante.com\/revista\/wp-json\/wp\/v2\/media\/48978"}],"wp:attachment":[{"href":"https:\/\/soymigrante.com\/revista\/wp-json\/wp\/v2\/media?parent=48977"}],"wp:term":[{"taxonomy":"category","embeddable":true,"href":"https:\/\/soymigrante.com\/revista\/wp-json\/wp\/v2\/categories?post=48977"},{"taxonomy":"post_tag","embeddable":true,"href":"https:\/\/soymigrante.com\/revista\/wp-json\/wp\/v2\/tags?post=48977"}],"curies":[{"name":"wp","href":"https:\/\/api.w.org\/{rel}","templated":true}]}}