{"id":48957,"date":"2025-11-25T05:15:44","date_gmt":"2025-11-25T11:15:44","guid":{"rendered":"https:\/\/soymigrante.com\/revista\/?p=48957"},"modified":"2025-11-25T05:16:05","modified_gmt":"2025-11-25T11:16:05","slug":"oracion-para-el-dia-de-accion-de-gracias-elige-una-para-orar-con-familia-y-amigos","status":"publish","type":"post","link":"https:\/\/soymigrante.com\/revista\/oracion-para-el-dia-de-accion-de-gracias-elige-una-para-orar-con-familia-y-amigos\/","title":{"rendered":"Oraci\u00f3n para el D\u00eda de Acci\u00f3n de Gracias &#8211;  Elige una para orar con familia y amigos"},"content":{"rendered":"\t\t<div data-elementor-type=\"wp-post\" data-elementor-id=\"48957\" class=\"elementor elementor-48957\" data-elementor-post-type=\"post\">\n\t\t\t\t<div data-particle_enable=\"false\" data-particle-mobile-disabled=\"false\" class=\"elementor-element elementor-element-34da3af e-flex e-con-boxed e-con e-parent\" data-id=\"34da3af\" data-element_type=\"container\" data-e-type=\"container\">\n\t\t\t\t\t<div class=\"e-con-inner\">\n\t\t\t\t<div class=\"elementor-element elementor-element-94582da elementor-widget elementor-widget-heading\" data-id=\"94582da\" data-element_type=\"widget\" data-e-type=\"widget\" data-widget_type=\"heading.default\">\n\t\t\t\t\t<h2 class=\"elementor-heading-title elementor-size-default\">Hacer oraci\u00f3n en el D\u00eda de Acci\u00f3n de Gracias puede ser algo muy espont\u00e1neo, pero tambi\u00e9n existe la opci\u00f3n de leer y meditar alguna de estas tres antiguas oraciones de gran espiritualidad con familia y amigos.<\/h2>\t\t\t\t<\/div>\n\t\t\t\t\t<\/div>\n\t\t\t\t<\/div>\n\t\t<div data-particle_enable=\"false\" data-particle-mobile-disabled=\"false\" class=\"elementor-element elementor-element-391c39e e-flex e-con-boxed e-con e-parent\" data-id=\"391c39e\" data-element_type=\"container\" data-e-type=\"container\">\n\t\t\t\t\t<div class=\"e-con-inner\">\n\t\t\t\t<div class=\"elementor-element elementor-element-eba5e31 elementor-widget elementor-widget-text-editor\" data-id=\"eba5e31\" data-element_type=\"widget\" data-e-type=\"widget\" data-widget_type=\"text-editor.default\">\n\t\t\t\t\t\t\t\t\t<p>El<a href=\"https:\/\/soymigrante.com\/revista\/migrantes-tambien-pueden-celebrar-dia-de-accion-de-gracias-que-nacio-de-migrantes\/\"> D\u00eda de Acci\u00f3n de Gracias<\/a> es momento de uni\u00f3n con familia y amigos para compartir una cena, recuerdos, alegr\u00eda. El momento de la oraci\u00f3n de gratitud es el momento central y especial que enriquece la<a href=\"https:\/\/soymigrante.com\/revista\/la-oracion-del-papa-francisco-por-los-migrantes\/\"> espiritualidad<\/a>. Estas son tres oraciones tradicionales que pueden ayudar a una vivencia m\u00e1s intensa y m\u00edstica. Elige la que te parezca m\u00e1s adecuada.\u00a0<\/p>\t\t\t\t\t\t\t\t<\/div>\n\t\t\t\t\t<\/div>\n\t\t\t\t<\/div>\n\t\t<div data-particle_enable=\"false\" data-particle-mobile-disabled=\"false\" class=\"elementor-element elementor-element-33dea69 e-flex e-con-boxed e-con e-parent\" data-id=\"33dea69\" data-element_type=\"container\" data-e-type=\"container\">\n\t\t\t\t\t<div class=\"e-con-inner\">\n\t\t\t\t<div class=\"elementor-element elementor-element-866ba1f elementor-widget elementor-widget-heading\" data-id=\"866ba1f\" data-element_type=\"widget\" data-e-type=\"widget\" data-widget_type=\"heading.default\">\n\t\t\t\t\t<h3 class=\"elementor-heading-title elementor-size-default\">Te damos gracias (la puede leer una sola persona o hacer copias y leerla juntos)<\/h3>\t\t\t\t<\/div>\n\t\t\t\t\t<\/div>\n\t\t\t\t<\/div>\n\t\t<div data-particle_enable=\"false\" data-particle-mobile-disabled=\"false\" class=\"elementor-element elementor-element-f458107 e-flex e-con-boxed e-con e-parent\" data-id=\"f458107\" data-element_type=\"container\" data-e-type=\"container\">\n\t\t\t\t\t<div class=\"e-con-inner\">\n\t\t\t\t<div class=\"elementor-element elementor-element-dfd4329 elementor-widget elementor-widget-text-editor\" data-id=\"dfd4329\" data-element_type=\"widget\" data-e-type=\"widget\" data-widget_type=\"text-editor.default\">\n\t\t\t\t\t\t\t\t\t<p>Se\u00f1or <a href=\"https:\/\/soymigrante.com\/revista\/donde-encontrar-a-dios-reflexion-migrante-sin-fronteras-opinion\/\">Dios<\/a>, Padre celestial,<br \/>te damos gracias por todos tus beneficios.<br \/>Nos has dado cuerpo y vida, <br \/>y nos has sustentado con gracia hasta el d\u00eda de hoy.<br \/>No nos quites tu bendici\u00f3n.<br \/>Preservanos de la avaricia,<br \/>para que solo te sirvamos a ti,<br \/>te amemos y permanezcamos en ti, sin contaminarnos con\u00a0<br \/>la idolatr\u00eda de las riquezas o bienes,<br \/>sino que esperemos y confiemos solo en tu gracia;<br \/>por Jesucristo, nuestro Se\u00f1or.<\/p>\t\t\t\t\t\t\t\t<\/div>\n\t\t\t\t\t<\/div>\n\t\t\t\t<\/div>\n\t\t<div data-particle_enable=\"false\" data-particle-mobile-disabled=\"false\" class=\"elementor-element elementor-element-9eddcd7 e-flex e-con-boxed e-con e-parent\" data-id=\"9eddcd7\" data-element_type=\"container\" data-e-type=\"container\">\n\t\t\t\t\t<div class=\"e-con-inner\">\n\t\t\t\t<div class=\"elementor-element elementor-element-c2c6640 elementor-widget elementor-widget-image\" data-id=\"c2c6640\" data-element_type=\"widget\" data-e-type=\"widget\" data-widget_type=\"image.default\">\n\t\t\t\t\t\t\t\t\t\t\t\t\t\t\t<img fetchpriority=\"high\" decoding=\"async\" width=\"1140\" height=\"760\" src=\"https:\/\/soymigrante.com\/revista\/wp-content\/uploads\/2025\/11\/oracion-de-accion-de-gracias-1140x760.jpg\" class=\"attachment-large size-large wp-image-48961\" alt=\"oracion de accion de gracias\" srcset=\"https:\/\/soymigrante.com\/revista\/wp-content\/uploads\/2025\/11\/oracion-de-accion-de-gracias-1140x760.jpg 1140w, https:\/\/soymigrante.com\/revista\/wp-content\/uploads\/2025\/11\/oracion-de-accion-de-gracias-300x200.jpg 300w, https:\/\/soymigrante.com\/revista\/wp-content\/uploads\/2025\/11\/oracion-de-accion-de-gracias-768x512.jpg 768w, https:\/\/soymigrante.com\/revista\/wp-content\/uploads\/2025\/11\/oracion-de-accion-de-gracias-1536x1024.jpg 1536w, https:\/\/soymigrante.com\/revista\/wp-content\/uploads\/2025\/11\/oracion-de-accion-de-gracias-2048x1365.jpg 2048w, https:\/\/soymigrante.com\/revista\/wp-content\/uploads\/2025\/11\/oracion-de-accion-de-gracias-750x500.jpg 750w\" sizes=\"(max-width: 1140px) 100vw, 1140px\" title=\"oracion de accion de gracias \u2013 SoyMigrante.com REVISTA\" \/>\t\t\t\t\t\t\t\t\t\t\t\t\t\t\t<\/div>\n\t\t\t\t\t<\/div>\n\t\t\t\t<\/div>\n\t\t<div data-particle_enable=\"false\" data-particle-mobile-disabled=\"false\" class=\"elementor-element elementor-element-9125abe e-flex e-con-boxed e-con e-parent\" data-id=\"9125abe\" data-element_type=\"container\" data-e-type=\"container\">\n\t\t\t\t\t<div class=\"e-con-inner\">\n\t\t\t\t<div class=\"elementor-element elementor-element-767c500 elementor-widget elementor-widget-heading\" data-id=\"767c500\" data-element_type=\"widget\" data-e-type=\"widget\" data-widget_type=\"heading.default\">\n\t\t\t\t\t<h3 class=\"elementor-heading-title elementor-size-default\">Te damos Gracias, Se\u00f1or (1 lector y el grupo responde)<\/h3>\t\t\t\t<\/div>\n\t\t\t\t\t<\/div>\n\t\t\t\t<\/div>\n\t\t<div data-particle_enable=\"false\" data-particle-mobile-disabled=\"false\" class=\"elementor-element elementor-element-57283f1 e-flex e-con-boxed e-con e-parent\" data-id=\"57283f1\" data-element_type=\"container\" data-e-type=\"container\">\n\t\t\t\t\t<div class=\"e-con-inner\">\n\t\t\t\t<div class=\"elementor-element elementor-element-becb1d2 elementor-widget elementor-widget-text-editor\" data-id=\"becb1d2\" data-element_type=\"widget\" data-e-type=\"widget\" data-widget_type=\"text-editor.default\">\n\t\t\t\t\t\t\t\t\t<p>Lector:<br \/><i>Oh <a href=\"https:\/\/soymigrante.com\/revista\/donde-encontrar-a-dios-reflexion-migrante-sin-fronteras-opinion\/\">Dios<\/a>, t\u00fa eres el Creador de Todo.<br \/><\/i><i>Has empleado tu poder, tu sabidur\u00eda y tu amor para nuestro beneficio,<br \/><\/i><i>momento a momento nos concedes nuevas bendiciones,<br \/><\/i><i>no has retirado de nosotros tu mano generosa y te damos Gracias Se\u00f1or.<\/i><\/p><p>Todos: <i><b>Te damos Gracias Se\u00f1or<\/b><\/i><\/p><p>\u00a0(repetir<b> <i>Te damos Gracias Se\u00f1o<\/i>r<\/b> despu\u00e9s de cada oraci\u00f3n siguiente)<\/p><ul><li><i>Porque nos has hecho a tu imagen (Te damos gracias Se\u00f1or)<\/i><\/li><li><i>porque nos has elevado a un fin m\u00e1s all\u00e1 de esta vida\u00a0\u00a0<\/i><\/li><li><i>porque nos has dado un alma inmortal\u00a0<\/i><\/li><li><i>porque has hecho posible conocerte, amarte y gozar de ti para siempre<\/i><\/li><li><i>porque nos has dado tantas criaturas para nuestro servicio<\/i><\/li><li><i>porque nos has conservado y alimentado hasta este d\u00eda en tu bondad paternal<\/i><\/li><li><i>porque nos has dado a los santos ap\u00f3stoles como nuestros pastores y maestros<\/i><\/li><li><i>porque nos has redimido por la Pasi\u00f3n de tu amado Hijo<\/i><\/li><li><i>porque nos has hecho cristianos<\/i><\/li><li><i>porque nos has dado tus medios de gracia<\/i><\/li><li><i>porque nos perdonas y\u00a0sanas<\/i><\/li><li><i>porque nos has salvado del pecado y del mal<\/i><\/li><li><i>Por todos tus dones y bendiciones, naturales y sobrenaturales<\/i><\/li><li><i>por todos nuestros sufrimientos, necesidades y pruebaspor todos tus dones y bendiciones<\/i><\/li><li><i>Por nuestros parientes, benefactores, amigos<\/i><\/li><li><i>Por la familia de la humanidad <\/i><\/li><li><i>Te damos gracias ahora y por siempre<\/i><p>Finalizan todos juntos:<i> <br \/>Te damos gracias Se\u00f1or!<\/i><\/p><\/li><\/ul>\t\t\t\t\t\t\t\t<\/div>\n\t\t\t\t\t<\/div>\n\t\t\t\t<\/div>\n\t\t<div data-particle_enable=\"false\" data-particle-mobile-disabled=\"false\" class=\"elementor-element elementor-element-005d045 e-flex e-con-boxed e-con e-parent\" data-id=\"005d045\" data-element_type=\"container\" data-e-type=\"container\">\n\t\t\t\t\t<div class=\"e-con-inner\">\n\t\t\t\t<div class=\"elementor-element elementor-element-9f9d613 elementor-widget elementor-widget-image\" data-id=\"9f9d613\" data-element_type=\"widget\" data-e-type=\"widget\" data-widget_type=\"image.default\">\n\t\t\t\t\t\t\t\t\t\t\t\t\t\t\t<img decoding=\"async\" width=\"1140\" height=\"760\" src=\"https:\/\/soymigrante.com\/revista\/wp-content\/uploads\/2025\/11\/oracion-accion-de-gracias-1140x760.jpg\" class=\"attachment-large size-large wp-image-48962\" alt=\"oracion de accion de gracias\" srcset=\"https:\/\/soymigrante.com\/revista\/wp-content\/uploads\/2025\/11\/oracion-accion-de-gracias-1140x760.jpg 1140w, https:\/\/soymigrante.com\/revista\/wp-content\/uploads\/2025\/11\/oracion-accion-de-gracias-300x200.jpg 300w, https:\/\/soymigrante.com\/revista\/wp-content\/uploads\/2025\/11\/oracion-accion-de-gracias-768x512.jpg 768w, https:\/\/soymigrante.com\/revista\/wp-content\/uploads\/2025\/11\/oracion-accion-de-gracias-1536x1024.jpg 1536w, https:\/\/soymigrante.com\/revista\/wp-content\/uploads\/2025\/11\/oracion-accion-de-gracias-2048x1365.jpg 2048w, https:\/\/soymigrante.com\/revista\/wp-content\/uploads\/2025\/11\/oracion-accion-de-gracias-750x500.jpg 750w\" sizes=\"(max-width: 1140px) 100vw, 1140px\" title=\"oraci\u00f3n acci\u00f3n de gracias \u2013 SoyMigrante.com REVISTA\" \/>\t\t\t\t\t\t\t\t\t\t\t\t\t\t\t<\/div>\n\t\t\t\t\t<\/div>\n\t\t\t\t<\/div>\n\t\t<div data-particle_enable=\"false\" data-particle-mobile-disabled=\"false\" class=\"elementor-element elementor-element-6840b19 e-flex e-con-boxed e-con e-parent\" data-id=\"6840b19\" data-element_type=\"container\" data-e-type=\"container\">\n\t\t\t\t\t<div class=\"e-con-inner\">\n\t\t\t\t<div class=\"elementor-element elementor-element-904758f elementor-widget elementor-widget-heading\" data-id=\"904758f\" data-element_type=\"widget\" data-e-type=\"widget\" data-widget_type=\"heading.default\">\n\t\t\t\t\t<h3 class=\"elementor-heading-title elementor-size-default\">Salmo 138  (un lector o todos juntos)<\/h3>\t\t\t\t<\/div>\n\t\t\t\t\t<\/div>\n\t\t\t\t<\/div>\n\t\t<div data-particle_enable=\"false\" data-particle-mobile-disabled=\"false\" class=\"elementor-element elementor-element-d776d29 e-flex e-con-boxed e-con e-parent\" data-id=\"d776d29\" data-element_type=\"container\" data-e-type=\"container\">\n\t\t\t\t\t<div class=\"e-con-inner\">\n\t\t\t\t<div class=\"elementor-element elementor-element-9e11163 elementor-widget elementor-widget-text-editor\" data-id=\"9e11163\" data-element_type=\"widget\" data-e-type=\"widget\" data-widget_type=\"text-editor.default\">\n\t\t\t\t\t\t\t\t\t<p><i>Te dar\u00e9 gracias, Se\u00f1or, de todo coraz\u00f3n<br \/>te cantar\u00e9 himnos delante de los dioses.<br \/>Me arrodillar\u00e9 en direcci\u00f3n a tu santo templo<br \/>para darte gracias por tu amor y tu verdad,<br \/>pues has puesto tu nombre y tu palabra<br \/>por encima de todas las cosas.<\/i><\/p><p><i>Cuando te llam\u00e9, me respondiste,<br \/>y aumentaste mis fuerzas.<br \/><\/i><i>Todos los reyes del mundo te alabar\u00e1n<br \/><\/i><i>al escuchar tus promesas.<\/i><\/p><p><i>Alabar\u00e1n al Se\u00f1or por lo que \u00e9l ha dispuesto,<br \/>porque grande es la gloria del Se\u00f1or.<br \/>Aunque el Se\u00f1or est\u00e1 en lo alto,<br \/>se fija en el hombre humilde,<br \/>y de lejos reconoce al orgulloso.<\/i><\/p><p><i>Cuando me encuentro en peligro,<br \/>t\u00fa me mantienes con vida;<br \/>despliegas tu poder y me salvas<br \/>de la furia de mis enemigos.<\/i><\/p><p><i>\u00a1El Se\u00f1or llevar\u00e1 a feliz t\u00e9rmino<br \/>su acci\u00f3n en mi favor!<br \/>Se\u00f1or, tu amor es eterno.<br \/><br \/>Te dar\u00e9 gracias Se\u00f1or de todo coraz\u00f3n<\/i><\/p>\t\t\t\t\t\t\t\t<\/div>\n\t\t\t\t\t<\/div>\n\t\t\t\t<\/div>\n\t\t<div data-particle_enable=\"false\" data-particle-mobile-disabled=\"false\" class=\"elementor-element elementor-element-656c4ad e-flex e-con-boxed e-con e-parent\" data-id=\"656c4ad\" data-element_type=\"container\" data-e-type=\"container\">\n\t\t\t\t\t<div class=\"e-con-inner\">\n\t\t\t\t<div class=\"elementor-element elementor-element-73aefc1 elementor-widget elementor-widget-heading\" data-id=\"73aefc1\" data-element_type=\"widget\" data-e-type=\"widget\" data-widget_type=\"heading.default\">\n\t\t\t\t\t<h2 class=\"elementor-heading-title elementor-size-default\">Esta historia te podr\u00eda gustar<\/h2>\t\t\t\t<\/div>\n\t\t\t\t\t<\/div>\n\t\t\t\t<\/div>\n\t\t<div data-particle_enable=\"false\" data-particle-mobile-disabled=\"false\" class=\"elementor-element elementor-element-23cb3dc e-flex e-con-boxed e-con e-parent\" data-id=\"23cb3dc\" data-element_type=\"container\" data-e-type=\"container\">\n\t\t\t\t\t<div class=\"e-con-inner\">\n\t\t\t\t<div class=\"elementor-element elementor-element-c6a0fa2 elementor-grid-eael-col-1 elementor-grid-tablet-eael-col-2 elementor-grid-mobile-eael-col-1 elementor-widget elementor-widget-eael-post-grid\" data-id=\"c6a0fa2\" data-element_type=\"widget\" data-e-type=\"widget\" data-settings=\"{&quot;eael_post_grid_columns&quot;:&quot;eael-col-1&quot;,&quot;eael_post_grid_columns_tablet&quot;:&quot;eael-col-2&quot;,&quot;eael_post_grid_columns_mobile&quot;:&quot;eael-col-1&quot;}\" data-widget_type=\"eael-post-grid.default\">\n\t\t\t\t\t<div id=\"eael-post-grid-c6a0fa2\" class=\"eael-post-grid-container\">\n            <div class=\"eael-post-grid eael-post-appender eael-post-appender-c6a0fa2 eael-post-grid-style-one\" data-layout-mode=\"masonry\"><article class=\"eael-grid-post  eael-post-grid-column eael-pg-post-3495 category-exitos\" data-id=\"3495\">\n        <div class=\"eael-grid-post-holder\">\n            <div class=\"eael-grid-post-holder-inner\"><div class=\"eael-entry-media\"><div class=\"eael-entry-overlay fade-in\"><i class=\"far fa-hand-pointer\" aria-hidden=\"true\"><\/i><a href=\"https:\/\/soymigrante.com\/revista\/en-un-dia-de-accion-de-gracias-se-conocieron-los-migrantes-carlos-y-lidia\/\"><\/a><\/div><div class=\"eael-entry-thumbnail eael-image-ratio\">\n                <img decoding=\"async\" width=\"991\" height=\"835\" src=\"https:\/\/soymigrante.com\/revista\/wp-content\/uploads\/2023\/11\/fam-perez-45.webp\" class=\"attachment-large size-large wp-image-3496\" alt=\"\" srcset=\"https:\/\/soymigrante.com\/revista\/wp-content\/uploads\/2023\/11\/fam-perez-45.webp 991w, https:\/\/soymigrante.com\/revista\/wp-content\/uploads\/2023\/11\/fam-perez-45-300x253.webp 300w, https:\/\/soymigrante.com\/revista\/wp-content\/uploads\/2023\/11\/fam-perez-45-768x647.webp 768w, https:\/\/soymigrante.com\/revista\/wp-content\/uploads\/2023\/11\/fam-perez-45-750x632.webp 750w\" sizes=\"(max-width: 991px) 100vw, 991px\" \/>\n            <\/div>\n        <\/div><div class=\"eael-entry-wrapper\"><header class=\"eael-entry-header\"><h2 class=\"eael-entry-title\"><a class=\"eael-grid-post-link\" href=\"https:\/\/soymigrante.com\/revista\/en-un-dia-de-accion-de-gracias-se-conocieron-los-migrantes-carlos-y-lidia\/\" title=\"En D\u00eda de Acci\u00f3n de Gracias se conocieron los migrantes Carlos y Lidia\">En D\u00eda de Acci\u00f3n de Gracias se conocieron los migrantes Carlos y Lidia<\/a><\/h2><\/header><div class=\"eael-entry-content\">\n                        <div class=\"eael-grid-post-excerpt\"><a href=\"https:\/\/soymigrante.com\/revista\/en-un-dia-de-accion-de-gracias-se-conocieron-los-migrantes-carlos-y-lidia\/\" class=\"eael-post-elements-readmore-btn\">CONOCE SU HISTORIA <\/a><\/div>\n                    <\/div><\/div><\/div>\n        <\/div>\n    <\/article><\/div>\n            <div class=\"clearfix\"><\/div>\n        <\/div>\t\t\t\t<\/div>\n\t\t\t\t\t<\/div>\n\t\t\t\t<\/div>\n\t\t\t\t<\/div>\n\t\t","protected":false},"excerpt":{"rendered":"<p>Hacer oraci\u00f3n en el D\u00eda de Acci\u00f3n de Gracias puede ser algo muy espont\u00e1neo, pero tambi\u00e9n existe la opci\u00f3n de leer y meditar alguna de estas tres antiguas oraciones de gran espiritualidad con familia y amigos. El D\u00eda de Acci\u00f3n de Gracias es momento de uni\u00f3n con familia y amigos para compartir una cena, recuerdos, [&hellip;]<\/p>\n","protected":false},"author":1,"featured_media":48958,"comment_status":"open","ping_status":"open","sticky":false,"template":"","format":"standard","meta":{"_acf_changed":false,"_eb_attr":"","footnotes":""},"categories":[55,266],"tags":[],"class_list":["post-48957","post","type-post","status-publish","format-standard","has-post-thumbnail","hentry","category-bienestar","category-en-familia"],"acf":[],"aioseo_notices":[],"aioseo_head":"\n\t\t<!-- All in One SEO Pro 4.9.6.2 - aioseo.com -->\n\t<meta name=\"description\" content=\"Su mayor tesoro es su amor de familia, que les motiva a trabajar, a emprender y a impulsar a sus hijas: los migrantes Carlos y Lidia, de Concepci\u00f3n Chiquirichapa, Quetzaltenango, salen adelante en Washington D.C. Comparten una alegr\u00eda inspiradora Nacieron en el mismo pueblo, Concepci\u00f3n Chiquirichapa, Quetzaltenango; hablan el mismo idioma: maya mam; alguna vez\" \/>\n\t<meta name=\"robots\" content=\"max-snippet:-1, max-image-preview:large, max-video-preview:-1\" \/>\n\t<meta name=\"author\" content=\"SoyMigrante.com REVISTA\"\/>\n\t<link rel=\"canonical\" href=\"https:\/\/soymigrante.com\/revista\/oracion-para-el-dia-de-accion-de-gracias-elige-una-para-orar-con-familia-y-amigos\/\" \/>\n\t<meta name=\"generator\" content=\"All in One SEO Pro (AIOSEO) 4.9.6.2\" \/>\n\n\t\t<link rel=\"preconnect\" href=\"https:\/\/fonts.googleapis.com\" crossorigin>\n<link rel=\"preconnect\" href=\"https:\/\/fonts.gstatic.com\" crossorigin>\n\t\t<meta property=\"og:locale\" content=\"es_ES\" \/>\n\t\t<meta property=\"og:site_name\" content=\"SoyMigrante.com REVISTA \u2013 Nuestra misi\u00f3n es reconocer y dignificar al migrante.\" \/>\n\t\t<meta property=\"og:type\" content=\"article\" \/>\n\t\t<meta property=\"og:title\" content=\"Oraci\u00f3n para el D\u00eda de Acci\u00f3n de Gracias\" \/>\n\t\t<meta property=\"og:description\" content=\"Vive con fe, alegr\u00eda y unidad esa cena del D\u00eda de Acci\u00f3n de Gracias. Elige una de estas tres solemnes, antiguas y expresivas oraciones para agradecer y bendecir\" \/>\n\t\t<meta property=\"og:url\" content=\"https:\/\/soymigrante.com\/revista\/oracion-para-el-dia-de-accion-de-gracias-elige-una-para-orar-con-familia-y-amigos\/\" \/>\n\t\t<meta property=\"og:image\" content=\"https:\/\/soymigrante.com\/revista\/wp-content\/uploads\/2025\/11\/ORACION-DIA-DE-ACCION-DE-GRACIAS-ORACIONES-scaled.jpg\" \/>\n\t\t<meta property=\"og:image:secure_url\" content=\"https:\/\/soymigrante.com\/revista\/wp-content\/uploads\/2025\/11\/ORACION-DIA-DE-ACCION-DE-GRACIAS-ORACIONES-scaled.jpg\" \/>\n\t\t<meta property=\"og:image:width\" content=\"2560\" \/>\n\t\t<meta property=\"og:image:height\" content=\"2560\" \/>\n\t\t<meta property=\"article:published_time\" content=\"2025-11-25T11:15:44+00:00\" \/>\n\t\t<meta property=\"article:modified_time\" content=\"2025-11-25T11:16:05+00:00\" \/>\n\t\t<meta property=\"article:publisher\" content=\"https:\/\/www.facebook.com\/soymigrantecom\" \/>\n\t\t<meta name=\"twitter:card\" content=\"summary_large_image\" \/>\n\t\t<meta name=\"twitter:site\" content=\"@SoyMigrante_com\" \/>\n\t\t<meta name=\"twitter:title\" content=\"Oraci\u00f3n para el D\u00eda de Acci\u00f3n de Gracias\" \/>\n\t\t<meta name=\"twitter:description\" content=\"Vive con fe, alegr\u00eda y unidad esa cena del D\u00eda de Acci\u00f3n de Gracias. Elige una de estas tres solemnes, antiguas y expresivas oraciones para agradecer y bendecir\" \/>\n\t\t<meta name=\"twitter:creator\" content=\"@SoyMigrante_com\" \/>\n\t\t<meta name=\"twitter:image\" content=\"https:\/\/soymigrante.com\/revista\/wp-content\/uploads\/2025\/11\/ORACION-DIA-DE-ACCION-DE-GRACIAS-ORACIONES-scaled.jpg\" \/>\n\t\t<!-- All in One SEO Pro -->\r\n\t\t<title>Oraci\u00f3n para el D\u00eda de Acci\u00f3n de Gracias<\/title>\n\n","aioseo_head_json":{"title":"Oraci\u00f3n para el D\u00eda de Acci\u00f3n de Gracias","description":"Vive con fe, alegr\u00eda y unidad esa cena del D\u00eda de Acci\u00f3n de Gracias. Elige una de estas tres solemnes, antiguas y expresivas oraciones para agradecer y bendecir","canonical_url":"https:\/\/soymigrante.com\/revista\/oracion-para-el-dia-de-accion-de-gracias-elige-una-para-orar-con-familia-y-amigos\/","robots":"max-snippet:-1, max-image-preview:large, max-video-preview:-1","keywords":"","webmasterTools":{"miscellaneous":"&lt;link rel=\"preconnect\" href=\"https:\/\/fonts.googleapis.com\" crossorigin&gt;\n&lt;link rel=\"preconnect\" href=\"https:\/\/fonts.gstatic.com\" crossorigin&gt;"},"schema":null,"og:locale":"es_ES","og:site_name":"SoyMigrante.com REVISTA \u2013 Nuestra misi\u00f3n es reconocer y dignificar al migrante.","og:type":"article","og:title":"Oraci\u00f3n para el D\u00eda de Acci\u00f3n de Gracias","og:description":"Vive con fe, alegr\u00eda y unidad esa cena del D\u00eda de Acci\u00f3n de Gracias. Elige una de estas tres solemnes, antiguas y expresivas oraciones para agradecer y bendecir","og:url":"https:\/\/soymigrante.com\/revista\/oracion-para-el-dia-de-accion-de-gracias-elige-una-para-orar-con-familia-y-amigos\/","og:image":"https:\/\/soymigrante.com\/revista\/wp-content\/uploads\/2025\/11\/ORACION-DIA-DE-ACCION-DE-GRACIAS-ORACIONES-scaled.jpg","og:image:secure_url":"https:\/\/soymigrante.com\/revista\/wp-content\/uploads\/2025\/11\/ORACION-DIA-DE-ACCION-DE-GRACIAS-ORACIONES-scaled.jpg","og:image:width":2560,"og:image:height":2560,"article:published_time":"2025-11-25T11:15:44+00:00","article:modified_time":"2025-11-25T11:16:05+00:00","article:publisher":"https:\/\/www.facebook.com\/soymigrantecom","twitter:card":"summary_large_image","twitter:site":"@SoyMigrante_com","twitter:title":"Oraci\u00f3n para el D\u00eda de Acci\u00f3n de Gracias","twitter:description":"Vive con fe, alegr\u00eda y unidad esa cena del D\u00eda de Acci\u00f3n de Gracias. Elige una de estas tres solemnes, antiguas y expresivas oraciones para agradecer y bendecir","twitter:creator":"@SoyMigrante_com","twitter:image":"https:\/\/soymigrante.com\/revista\/wp-content\/uploads\/2025\/11\/ORACION-DIA-DE-ACCION-DE-GRACIAS-ORACIONES-scaled.jpg"},"aioseo_meta_data":{"post_id":"48957","title":"Oraci\u00f3n para el D\u00eda de Acci\u00f3n de Gracias","description":"Vive con fe, alegr\u00eda y unidad esa cena del D\u00eda de Acci\u00f3n de Gracias. Elige una de estas tres solemnes, antiguas y expresivas oraciones para agradecer y bendecir","keywords":null,"keyphrases":{"focus":{"keyphrase":"Oraci\u00f3n","score":60,"analysis":{"keyphraseInTitle":{"score":9,"maxScore":9,"error":0},"keyphraseInDescription":{"score":3,"maxScore":9,"error":1},"keyphraseLength":{"score":9,"maxScore":9,"error":0,"length":2},"keyphraseInURL":{"score":5,"maxScore":5,"error":0},"keyphraseInIntroduction":{"score":9,"maxScore":9,"error":0},"keyphraseInSubHeadings":{"score":3,"maxScore":9,"error":1},"keyphraseInImageAlt":{"score":3,"maxScore":9,"error":1},"keywordDensity":{"score":0,"type":"low","maxScore":9,"error":1}}},"additional":[{"keyphrase":"Acci\u00f3n de Gracias","score":67,"analysis":{"keyphraseInDescription":{"score":9,"maxScore":9,"error":0},"keyphraseLength":{"score":9,"maxScore":9,"error":0,"length":4},"keyphraseInIntroduction":{"score":9,"maxScore":9,"error":0},"keyphraseInImageAlt":{"score":3,"maxScore":9,"error":1},"keywordDensity":{"score":0,"type":"low","maxScore":9,"error":1}}},{"keyphrase":"D\u00eda de Acci\u00f3n de Gracias","score":60,"analysis":{"keyphraseInDescription":{"score":9,"maxScore":9,"error":0},"keyphraseLength":{"score":6,"maxScore":9,"error":1,"length":7},"keyphraseInIntroduction":{"score":9,"maxScore":9,"error":0},"keyphraseInImageAlt":{"score":3,"maxScore":9,"error":1},"keywordDensity":{"score":0,"type":"low","maxScore":9,"error":1}}}]},"primary_term":null,"canonical_url":null,"og_title":null,"og_description":null,"og_object_type":"default","og_image_type":"default","og_image_url":null,"og_image_width":null,"og_image_height":null,"og_image_custom_url":null,"og_image_custom_fields":null,"og_video":"","og_custom_url":null,"og_article_section":null,"og_article_tags":null,"twitter_use_og":false,"twitter_card":"default","twitter_image_type":"default","twitter_image_url":null,"twitter_image_custom_url":null,"twitter_image_custom_fields":null,"twitter_title":null,"twitter_description":null,"schema":{"blockGraphs":[],"customGraphs":[],"default":{"data":{"Article":[],"Course":[],"Dataset":[],"FAQPage":[],"Movie":[],"Person":[],"Product":[],"ProductReview":[],"Car":[],"Recipe":[],"Service":[],"SoftwareApplication":[],"WebPage":[]},"graphName":"NewsArticle","isEnabled":true},"graphs":[]},"schema_type":"default","schema_type_options":null,"pillar_content":false,"robots_default":true,"robots_noindex":false,"robots_noarchive":false,"robots_nosnippet":false,"robots_nofollow":false,"robots_noimageindex":false,"robots_noodp":false,"robots_notranslate":false,"robots_max_snippet":"-1","robots_max_videopreview":"-1","robots_max_imagepreview":"large","priority":null,"frequency":"default","local_seo":null,"seo_analyzer_scan_date":"2025-11-25 11:17:16","breadcrumb_settings":null,"limit_modified_date":false,"reviewed_by":"0","open_ai":null,"ai":{"faqs":[],"keyPoints":[],"titles":[],"descriptions":[],"socialPosts":{"email":[],"linkedin":[],"twitter":[],"facebook":[],"instagram":[]}},"created":"2025-11-25 01:28:02","updated":"2026-02-05 07:11:17"},"aioseo_breadcrumb":"<div class=\"aioseo-breadcrumbs\"><span class=\"aioseo-breadcrumb\">\n\t<a href=\"https:\/\/soymigrante.com\/revista\" title=\"Home\">Home<\/a>\n<\/span><span class=\"aioseo-breadcrumb-separator\">\u00bb<\/span><span class=\"aioseo-breadcrumb\">\n\t<a href=\"https:\/\/soymigrante.com\/revista\/category\/bienestar\/\" title=\"Bienestar\">Bienestar<\/a>\n<\/span><span class=\"aioseo-breadcrumb-separator\">\u00bb<\/span><span class=\"aioseo-breadcrumb\">\n\t<a href=\"https:\/\/soymigrante.com\/revista\/category\/bienestar\/en-familia\/\" title=\"En Familia\">En Familia<\/a>\n<\/span><span class=\"aioseo-breadcrumb-separator\">\u00bb<\/span><span class=\"aioseo-breadcrumb\">\n\tOraci\u00f3n para el D\u00eda de Acci\u00f3n de Gracias \u2013  Elige una para orar con familia y amigos\n<\/span><\/div>","aioseo_breadcrumb_json":[{"label":"Home","link":"https:\/\/soymigrante.com\/revista"},{"label":"Bienestar","link":"https:\/\/soymigrante.com\/revista\/category\/bienestar\/"},{"label":"En Familia","link":"https:\/\/soymigrante.com\/revista\/category\/bienestar\/en-familia\/"},{"label":"Oraci\u00f3n para el D\u00eda de Acci\u00f3n de Gracias &#8211;  Elige una para orar con familia y amigos","link":"https:\/\/soymigrante.com\/revista\/oracion-para-el-dia-de-accion-de-gracias-elige-una-para-orar-con-familia-y-amigos\/"}],"_links":{"self":[{"href":"https:\/\/soymigrante.com\/revista\/wp-json\/wp\/v2\/posts\/48957","targetHints":{"allow":["GET"]}}],"collection":[{"href":"https:\/\/soymigrante.com\/revista\/wp-json\/wp\/v2\/posts"}],"about":[{"href":"https:\/\/soymigrante.com\/revista\/wp-json\/wp\/v2\/types\/post"}],"author":[{"embeddable":true,"href":"https:\/\/soymigrante.com\/revista\/wp-json\/wp\/v2\/users\/1"}],"replies":[{"embeddable":true,"href":"https:\/\/soymigrante.com\/revista\/wp-json\/wp\/v2\/comments?post=48957"}],"version-history":[{"count":9,"href":"https:\/\/soymigrante.com\/revista\/wp-json\/wp\/v2\/posts\/48957\/revisions"}],"predecessor-version":[{"id":48970,"href":"https:\/\/soymigrante.com\/revista\/wp-json\/wp\/v2\/posts\/48957\/revisions\/48970"}],"wp:featuredmedia":[{"embeddable":true,"href":"https:\/\/soymigrante.com\/revista\/wp-json\/wp\/v2\/media\/48958"}],"wp:attachment":[{"href":"https:\/\/soymigrante.com\/revista\/wp-json\/wp\/v2\/media?parent=48957"}],"wp:term":[{"taxonomy":"category","embeddable":true,"href":"https:\/\/soymigrante.com\/revista\/wp-json\/wp\/v2\/categories?post=48957"},{"taxonomy":"post_tag","embeddable":true,"href":"https:\/\/soymigrante.com\/revista\/wp-json\/wp\/v2\/tags?post=48957"}],"curies":[{"name":"wp","href":"https:\/\/api.w.org\/{rel}","templated":true}]}}