{"id":48936,"date":"2025-11-24T14:39:57","date_gmt":"2025-11-24T20:39:57","guid":{"rendered":"https:\/\/soymigrante.com\/revista\/?p=48936"},"modified":"2025-11-24T14:40:06","modified_gmt":"2025-11-24T20:40:06","slug":"gala-excelencia-2025-celebra-impacto-positivo-de-guatemaltecos-en-oklahoma","status":"publish","type":"post","link":"https:\/\/soymigrante.com\/revista\/gala-excelencia-2025-celebra-impacto-positivo-de-guatemaltecos-en-oklahoma\/","title":{"rendered":"Gala Excelencia 2025 celebra impacto positivo de guatemaltecos en Oklahoma"},"content":{"rendered":"\t\t<div data-elementor-type=\"wp-post\" data-elementor-id=\"48936\" class=\"elementor elementor-48936\" data-elementor-post-type=\"post\">\n\t\t\t\t<div data-particle_enable=\"false\" data-particle-mobile-disabled=\"false\" class=\"elementor-element elementor-element-a59916d e-flex e-con-boxed e-con e-parent\" data-id=\"a59916d\" data-element_type=\"container\" data-e-type=\"container\">\n\t\t\t\t\t<div class=\"e-con-inner\">\n\t\t\t\t<div class=\"elementor-element elementor-element-46eddd0 elementor-widget elementor-widget-heading\" data-id=\"46eddd0\" data-element_type=\"widget\" data-e-type=\"widget\" data-widget_type=\"heading.default\">\n\t\t\t\t\t<h2 class=\"elementor-heading-title elementor-size-default\">Los Guatemaltecos en Oklahoma reconocen cada a\u00f1o en la Gala Excelencia los aportes de connacionales en educaci\u00f3n, aporte comunitario, artes, emprendimiento y m\u00e1s. Aqu\u00ed te presentamos a los homenajeados 2025.<\/h2>\t\t\t\t<\/div>\n\t\t\t\t\t<\/div>\n\t\t\t\t<\/div>\n\t\t<div data-particle_enable=\"false\" data-particle-mobile-disabled=\"false\" class=\"elementor-element elementor-element-1f274dc e-flex e-con-boxed e-con e-parent\" data-id=\"1f274dc\" data-element_type=\"container\" data-e-type=\"container\">\n\t\t\t\t\t<div class=\"e-con-inner\">\n\t\t\t\t<div class=\"elementor-element elementor-element-a82f78b elementor-widget elementor-widget-text-editor\" data-id=\"a82f78b\" data-element_type=\"widget\" data-e-type=\"widget\" data-widget_type=\"text-editor.default\">\n\t\t\t\t\t\t\t\t\t<p>Los migrantes guatemaltecos siempre brillan con su talento y aportes. As\u00ed lo demostrar\u00e1 la Gala Excelencia 2025 de la Asociaci\u00f3n Guatemaltecos en Oklahoma, que <a href=\"https:\/\/soymigrante.com\/revista\/premiaran-liderazgo-de-la-comunidad-guatemalteca-en-oklahoma\/\">al igual que a\u00f1os anteriores <\/a>celebra el liderazgo, talento y vocaci\u00f3n se servicio de compatriotas radicados en dicho Estado de la Uni\u00f3n Americana.<\/p>\n<p>La huella positiva de<a href=\"https:\/\/soymigrante.com\/revista\/guatemalteca-saidy-orellana-recibe-premio-angel-guardian-en-oklahoma\/\"> guatemaltecos en Oklahoma<\/a> se celebra de esta manera desde 2023 y para este a\u00f1o, esta es la lista de connacionales que ser\u00e1n reconocidos en diversos campos como el servicio comunitario, las artes, la educaci\u00f3n, cocina tradicional, salud y m\u00e1s.<br>La gala ser\u00e1 el jueves 4 de diciembre en Cantera Event Center North, Oklahoma City de 18 a 21 horas.<br><a href=\"https:\/\/www.eventbrite.com\/e\/gala-excelencia-goa-tickets-1849700737699?fbclid=IwY2xjawORoaVleHRuA2FlbQIxMABicmlkETFpZTZYTGg5RlZDTnJnMWRSc3J0YwZhcHBfaWQQMjIyMDM5MTc4ODIwMDg5MgABHkwzCF4ruZqK7AiXnGUujrKhtQp9plwbg9233J_ftcGyq-Xf69eV4q-Itnji_aem_1Y-Rjzx89lTSlCeKGrPhRg\">Entradas a la venta aqu\u00ed<\/a>.&nbsp;<\/p>\t\t\t\t\t\t\t\t<\/div>\n\t\t\t\t\t<\/div>\n\t\t\t\t<\/div>\n\t\t<div data-particle_enable=\"false\" data-particle-mobile-disabled=\"false\" class=\"elementor-element elementor-element-24df404 e-flex e-con-boxed e-con e-parent\" data-id=\"24df404\" data-element_type=\"container\" data-e-type=\"container\">\n\t\t\t\t\t<div class=\"e-con-inner\">\n\t\t\t\t<div class=\"elementor-element elementor-element-171cf87 elementor-widget elementor-widget-image\" data-id=\"171cf87\" data-element_type=\"widget\" data-e-type=\"widget\" data-widget_type=\"image.default\">\n\t\t\t\t\t\t\t\t\t\t\t\t<figure class=\"wp-caption\">\n\t\t\t\t\t\t\t\t\t\t<img fetchpriority=\"high\" decoding=\"async\" width=\"1080\" height=\"691\" src=\"https:\/\/soymigrante.com\/revista\/wp-content\/uploads\/2025\/11\/guatemaltecos-en-oklahoma.jpg\" class=\"attachment-large size-large wp-image-48942\" alt=\"Un Quetzal, ave nacional de Guatemala y una golondrina, s\u00edmbolo de la migraci\u00f3n, giran alrededor de la G de Guatemala: un emblem\u00e1tico logotipo para esta Gala Excelencia que se celebra anualmente, con el impulso de la Asociaci\u00f3n Guatemaltecos en Oklahoma (GOA es Guatemalans in Oklahoma Association)\" srcset=\"https:\/\/soymigrante.com\/revista\/wp-content\/uploads\/2025\/11\/guatemaltecos-en-oklahoma.jpg 1080w, https:\/\/soymigrante.com\/revista\/wp-content\/uploads\/2025\/11\/guatemaltecos-en-oklahoma-300x192.jpg 300w, https:\/\/soymigrante.com\/revista\/wp-content\/uploads\/2025\/11\/guatemaltecos-en-oklahoma-768x491.jpg 768w, https:\/\/soymigrante.com\/revista\/wp-content\/uploads\/2025\/11\/guatemaltecos-en-oklahoma-750x480.jpg 750w\" sizes=\"(max-width: 1080px) 100vw, 1080px\" title=\"Un Quetzal, ave nacional de Guatemala y una golondrina, s\u00edmbolo de la migraci\u00f3n, giran alrededor de la G de Guatemala: un emblem\u00e1tico logotipo para esta Gala Excelencia que se celebra anualmente, con el impulso de la Asociaci\u00f3n Guatemaltecos en Oklahoma (GOA es Guatemalans in Oklahoma Association) \u2013 SoyMigrante.com REVISTA\" \/>\t\t\t\t\t\t\t\t\t\t\t<figcaption class=\"widget-image-caption wp-caption-text\">Un Quetzal, ave nacional de Guatemala y una golondrina, s\u00edmbolo de la migraci\u00f3n, giran alrededor de la G de Guatemala: un emblem\u00e1tico logotipo para esta Gala Excelencia que se celebra anualmente, con el impulso de la Asociaci\u00f3n Guatemaltecos en Oklahoma (GOA es Guatemalans in Oklahoma Association)<\/figcaption>\n\t\t\t\t\t\t\t\t\t\t<\/figure>\n\t\t\t\t\t\t\t\t\t<\/div>\n\t\t\t\t\t<\/div>\n\t\t\t\t<\/div>\n\t\t<div data-particle_enable=\"false\" data-particle-mobile-disabled=\"false\" class=\"elementor-element elementor-element-0323d6e e-flex e-con-boxed e-con e-parent\" data-id=\"0323d6e\" data-element_type=\"container\" data-e-type=\"container\">\n\t\t\t\t\t<div class=\"e-con-inner\">\n\t\t\t\t<div class=\"elementor-element elementor-element-3e6a9e0 elementor-widget elementor-widget-text-editor\" data-id=\"3e6a9e0\" data-element_type=\"widget\" data-e-type=\"widget\" data-widget_type=\"text-editor.default\">\n\t\t\t\t\t\t\t\t\t<h3>Leocadio Barrios: Categor\u00eda emprendedor<\/h3><p>Leocadio Barrios, originario del caser\u00edo Las Brisas en Sibilia, <a href=\"https:\/\/soymigrante.com\/revista\/departamentos-de-guatemala-quetzaltenango-tiene-historia-de-500-anos\/\">Quetzaltenango<\/a>, emigr\u00f3 por primera vez a Estados Unidos en 1982. Tras a\u00f1os de trabajo en Houston y Oklahoma, decidi\u00f3 emprender y fund\u00f3 Start Tint en el a\u00f1o 2000, negocio que marc\u00f3 el inicio del crecimiento empresarial familiar.\u00a0<\/p><p>Con dedicaci\u00f3n y esfuerzo logr\u00f3 reunir a la mayor\u00eda de su familia en Estados Unidos, y hoy poseen tres negocios. Adem\u00e1s de su labor emprendedora, Leocadio se ha caracterizado por su apoyo constante a la comunidad, recaudando fondos para quienes enfrentan necesidades y contribuyendo a proyectos de desarrollo en Guatemala.<\/p>\t\t\t\t\t\t\t\t<\/div>\n\t\t\t\t\t<\/div>\n\t\t\t\t<\/div>\n\t\t<div data-particle_enable=\"false\" data-particle-mobile-disabled=\"false\" class=\"elementor-element elementor-element-ff8e314 e-flex e-con-boxed e-con e-parent\" data-id=\"ff8e314\" data-element_type=\"container\" data-e-type=\"container\">\n\t\t\t\t\t<div class=\"e-con-inner\">\n\t\t\t\t<div class=\"elementor-element elementor-element-0b14dfe elementor-widget elementor-widget-image\" data-id=\"0b14dfe\" data-element_type=\"widget\" data-e-type=\"widget\" data-widget_type=\"image.default\">\n\t\t\t\t\t\t\t\t\t\t\t\t<figure class=\"wp-caption\">\n\t\t\t\t\t\t\t\t\t\t<img decoding=\"async\" width=\"696\" height=\"483\" src=\"https:\/\/soymigrante.com\/revista\/wp-content\/uploads\/2025\/11\/leocadio-barrios-oklahoma-migrantes.jpg\" class=\"attachment-large size-large wp-image-48943\" alt=\"Leocadio Barrios es un guatemalteco emprendedor que ha triunfado gracias a su trabajo y quien a la vez participa en causas ben\u00e9ficas en la comunidad de Oklahoma.\" srcset=\"https:\/\/soymigrante.com\/revista\/wp-content\/uploads\/2025\/11\/leocadio-barrios-oklahoma-migrantes.jpg 696w, https:\/\/soymigrante.com\/revista\/wp-content\/uploads\/2025\/11\/leocadio-barrios-oklahoma-migrantes-300x208.jpg 300w\" sizes=\"(max-width: 696px) 100vw, 696px\" title=\"Leocadio Barrios es un guatemalteco emprendedor que ha triunfado gracias a su trabajo y quien a la vez participa en causas ben\u00e9ficas en la comunidad de Oklahoma. \u2013 SoyMigrante.com REVISTA\" \/>\t\t\t\t\t\t\t\t\t\t\t<figcaption class=\"widget-image-caption wp-caption-text\">Leocadio Barrios es un guatemalteco emprendedor que ha triunfado gracias a su trabajo y quien a la vez participa en causas ben\u00e9ficas en la comunidad de Oklahoma.<\/figcaption>\n\t\t\t\t\t\t\t\t\t\t<\/figure>\n\t\t\t\t\t\t\t\t\t<\/div>\n\t\t\t\t\t<\/div>\n\t\t\t\t<\/div>\n\t\t<div data-particle_enable=\"false\" data-particle-mobile-disabled=\"false\" class=\"elementor-element elementor-element-3347e29 e-flex e-con-boxed e-con e-parent\" data-id=\"3347e29\" data-element_type=\"container\" data-e-type=\"container\">\n\t\t\t\t\t<div class=\"e-con-inner\">\n\t\t\t\t<div class=\"elementor-element elementor-element-254e6b8 elementor-widget elementor-widget-text-editor\" data-id=\"254e6b8\" data-element_type=\"widget\" data-e-type=\"widget\" data-widget_type=\"text-editor.default\">\n\t\t\t\t\t\t\t\t\t<h3>Santa Mar\u00eda Cua G\u00f3mez \u2013 Categor\u00eda Artes Culinarias<\/h3><p>Santa Mar\u00eda Cua G\u00f3mez, originaria de Chuatoj, <a href=\"https:\/\/soymigrante.com\/revista\/departamentos-de-guatemala-totonicapan-la-tierra-del-gran-atanasio-tzul\/\">Totonicap\u00e1n<\/a>, creci\u00f3 hablando K\u2019iche\u2019 y aprendi\u00f3 a cocinar desde ni\u00f1a junto a su madre, desarrollando un conocimiento profundo de la cocina ancestral. Tras emigrar a Oklahoma hace 18 a\u00f1os y enfrentar dificultades laborales, inici\u00f3 su propio emprendimiento culinario vendiendo tamales y atoles frente a Feria Latina, convirti\u00e9ndose en pionera en ese espacio. Madre de seis hijos, Santa Mar\u00eda ha construido una vida basada en el esfuerzo, la constancia y el respeto por sus ra\u00edces, compartiendo sabores tradicionales que hoy forman parte de la vida comunitaria en Oklahoma.<\/p>\t\t\t\t\t\t\t\t<\/div>\n\t\t\t\t\t<\/div>\n\t\t\t\t<\/div>\n\t\t<div data-particle_enable=\"false\" data-particle-mobile-disabled=\"false\" class=\"elementor-element elementor-element-ad39f58 e-flex e-con-boxed e-con e-parent\" data-id=\"ad39f58\" data-element_type=\"container\" data-e-type=\"container\">\n\t\t\t\t\t<div class=\"e-con-inner\">\n\t\t\t\t<div class=\"elementor-element elementor-element-7747eba elementor-widget elementor-widget-image\" data-id=\"7747eba\" data-element_type=\"widget\" data-e-type=\"widget\" data-widget_type=\"image.default\">\n\t\t\t\t\t\t\t\t\t\t\t\t<figure class=\"wp-caption\">\n\t\t\t\t\t\t\t\t\t\t<img decoding=\"async\" width=\"492\" height=\"604\" src=\"https:\/\/soymigrante.com\/revista\/wp-content\/uploads\/2025\/11\/santa-maria-cua-gomez-copia.jpg\" class=\"attachment-large size-large wp-image-48944\" alt=\"Santa Mar\u00eda Cu\u00e1 G\u00f3mez, originaria de Quetzaltenango fue pionera en la venta de tamales y atoles en Oklahoma City. Por ello se le entrega el premio Guatemalteca Sobresaliente en la categor\u00eda de Tradici\u00f3n Culinaria.\" srcset=\"https:\/\/soymigrante.com\/revista\/wp-content\/uploads\/2025\/11\/santa-maria-cua-gomez-copia.jpg 492w, https:\/\/soymigrante.com\/revista\/wp-content\/uploads\/2025\/11\/santa-maria-cua-gomez-copia-244x300.jpg 244w\" sizes=\"(max-width: 492px) 100vw, 492px\" title=\"Santa Mar\u00eda Cu\u00e1 G\u00f3mez, originaria de Quetzaltenango fue pionera en la venta de tamales y atoles en Oklahoma City. Por ello se le entrega el premio Guatemalteca Sobresaliente en la categor\u00eda de Tradici\u00f3n Culinaria. \u2013 SoyMigrante.com REVISTA\" \/>\t\t\t\t\t\t\t\t\t\t\t<figcaption class=\"widget-image-caption wp-caption-text\">Santa Mar\u00eda Cu\u00e1 G\u00f3mez, originaria de Quetzaltenango fue pionera en la venta de tamales y atoles en Oklahoma City. Por ello se le entrega el premio Guatemalteca Sobresaliente en la categor\u00eda de Tradici\u00f3n Culinaria.<\/figcaption>\n\t\t\t\t\t\t\t\t\t\t<\/figure>\n\t\t\t\t\t\t\t\t\t<\/div>\n\t\t\t\t\t<\/div>\n\t\t\t\t<\/div>\n\t\t<div data-particle_enable=\"false\" data-particle-mobile-disabled=\"false\" class=\"elementor-element elementor-element-aae33ee e-flex e-con-boxed e-con e-parent\" data-id=\"aae33ee\" data-element_type=\"container\" data-e-type=\"container\">\n\t\t\t\t\t<div class=\"e-con-inner\">\n\t\t\t\t<div class=\"elementor-element elementor-element-c88768e elementor-widget elementor-widget-text-editor\" data-id=\"c88768e\" data-element_type=\"widget\" data-e-type=\"widget\" data-widget_type=\"text-editor.default\">\n\t\t\t\t\t\t\t\t\t<h3>Jessica Emily Cifuentes \u2013 Categor\u00eda Semillas de Jade: Educaci\u00f3n<\/h3><p>Jessica Emily Cifuentes, hija de padres inmigrantes guatemaltecos, creci\u00f3 en Oklahoma destac\u00e1ndose por su excelencia acad\u00e9mica y liderazgo. Becaria QuestBridge, estudi\u00f3 Ingenier\u00eda de Ciencia de Materiales en Emory University. En 2024 hizo historia al convertirse en la primera guatemalteca elegida para un cargo p\u00fablico en Oklahoma, como miembro de la Junta Escolar del Distrito 3. Comprometida con la educaci\u00f3n y la equidad, combina su labor p\u00fablica con su trabajo en cirug\u00eda card\u00edaca en INTEGRIS Heart Hospital. Jessica representa a una nueva generaci\u00f3n de l\u00edderes que abren caminos y fortalecen la voz de las comunidades inmigrantes.<\/p>\t\t\t\t\t\t\t\t<\/div>\n\t\t\t\t\t<\/div>\n\t\t\t\t<\/div>\n\t\t<div data-particle_enable=\"false\" data-particle-mobile-disabled=\"false\" class=\"elementor-element elementor-element-297f64b e-flex e-con-boxed e-con e-parent\" data-id=\"297f64b\" data-element_type=\"container\" data-e-type=\"container\">\n\t\t\t\t\t<div class=\"e-con-inner\">\n\t\t\t\t<div class=\"elementor-element elementor-element-71fcb52 elementor-widget elementor-widget-html\" data-id=\"71fcb52\" data-element_type=\"widget\" data-e-type=\"widget\" data-widget_type=\"html.default\">\n\t\t\t\t\t<iframe src=\"https:\/\/www.facebook.com\/plugins\/video.php?height=476&href=https%3A%2F%2Fwww.facebook.com%2Freel%2F991934062360721%2F&show_text=true&width=267&t=0\" width=\"267\" height=\"591\" style=\"border:none;overflow:hidden\" scrolling=\"no\" frameborder=\"0\" allowfullscreen=\"true\" allow=\"autoplay; clipboard-write; encrypted-media; picture-in-picture; web-share\" allowFullScreen=\"true\"><\/iframe>\t\t\t\t<\/div>\n\t\t\t\t\t<\/div>\n\t\t\t\t<\/div>\n\t\t<div data-particle_enable=\"false\" data-particle-mobile-disabled=\"false\" class=\"elementor-element elementor-element-157931e e-flex e-con-boxed e-con e-parent\" data-id=\"157931e\" data-element_type=\"container\" data-e-type=\"container\">\n\t\t\t\t\t<div class=\"e-con-inner\">\n\t\t\t\t<div class=\"elementor-element elementor-element-949b1a1 elementor-widget elementor-widget-text-editor\" data-id=\"949b1a1\" data-element_type=\"widget\" data-e-type=\"widget\" data-widget_type=\"text-editor.default\">\n\t\t\t\t\t\t\t\t\t<h3>Claudia Enciso \u2013 Categor\u00eda Salud<\/h3><p>Claudia Enciso, nacida en <a href=\"https:\/\/soymigrante.com\/revista\/departamentos-de-guatemala-quetzaltenango-tiene-historia-de-500-anos\/\">Quetzaltenango <\/a>y nieta del compositor Domingo Bethancourt, ha dedicado buena parte de su vida a servir a la comunidad en Oklahoma. Con 15 a\u00f1os de experiencia en Mercy Hospital, ha trabajado en \u00e1reas de salud de la mujer, c\u00e1ncer de mama y administraci\u00f3n de emergencias, contribuyendo a mejorar la calidad de atenci\u00f3n y los servicios hospitalarios.\u00a0<\/p><p>Actualmente dirige una cl\u00ednica de ginecolog\u00eda y obstetricia, donde contin\u00faa apoyando a mujeres con empat\u00eda, profesionalismo y compromiso. Su trayectoria combina vocaci\u00f3n de servicio, excelencia profesional y un profundo arraigo cultural.<\/p>\t\t\t\t\t\t\t\t<\/div>\n\t\t\t\t\t<\/div>\n\t\t\t\t<\/div>\n\t\t<div data-particle_enable=\"false\" data-particle-mobile-disabled=\"false\" class=\"elementor-element elementor-element-2dfe179 e-flex e-con-boxed e-con e-parent\" data-id=\"2dfe179\" data-element_type=\"container\" data-e-type=\"container\">\n\t\t\t\t\t<div class=\"e-con-inner\">\n\t\t\t\t<div class=\"elementor-element elementor-element-73f5fac elementor-widget elementor-widget-image\" data-id=\"73f5fac\" data-element_type=\"widget\" data-e-type=\"widget\" data-widget_type=\"image.default\">\n\t\t\t\t\t\t\t\t\t\t\t\t<figure class=\"wp-caption\">\n\t\t\t\t\t\t\t\t\t\t<img loading=\"lazy\" decoding=\"async\" width=\"555\" height=\"645\" src=\"https:\/\/soymigrante.com\/revista\/wp-content\/uploads\/2025\/11\/claudia-enciso-1.jpg\" class=\"attachment-large size-large wp-image-48947\" alt=\"La doctora Claudia Enciso es originaria de Quetzaltenango y nieta del compositor Domingo Bethancourt. Su servicio m\u00e9dico est\u00e1 llena de entrega y amor a sus pacientes.\" srcset=\"https:\/\/soymigrante.com\/revista\/wp-content\/uploads\/2025\/11\/claudia-enciso-1.jpg 555w, https:\/\/soymigrante.com\/revista\/wp-content\/uploads\/2025\/11\/claudia-enciso-1-258x300.jpg 258w\" sizes=\"(max-width: 555px) 100vw, 555px\" title=\"La doctora Claudia Enciso es originaria de Quetzaltenango y nieta del compositor Domingo Bethancourt. Su servicio m\u00e9dico est\u00e1 llena de entrega y amor a sus pacientes. \u2013 SoyMigrante.com REVISTA\" \/>\t\t\t\t\t\t\t\t\t\t\t<figcaption class=\"widget-image-caption wp-caption-text\">La doctora Claudia Enciso es originaria de Quetzaltenango y nieta del compositor Domingo Bethancourt. Su servicio a la Salud est\u00e1 lleno de entrega y amor a  toda persona que busca auxilio m\u00e9dico.<\/figcaption>\n\t\t\t\t\t\t\t\t\t\t<\/figure>\n\t\t\t\t\t\t\t\t\t<\/div>\n\t\t\t\t\t<\/div>\n\t\t\t\t<\/div>\n\t\t<div data-particle_enable=\"false\" data-particle-mobile-disabled=\"false\" class=\"elementor-element elementor-element-732430b e-flex e-con-boxed e-con e-parent\" data-id=\"732430b\" data-element_type=\"container\" data-e-type=\"container\">\n\t\t\t\t\t<div class=\"e-con-inner\">\n\t\t\t\t<div class=\"elementor-element elementor-element-95db3f6 elementor-widget elementor-widget-text-editor\" data-id=\"95db3f6\" data-element_type=\"widget\" data-e-type=\"widget\" data-widget_type=\"text-editor.default\">\n\t\t\t\t\t\t\t\t\t<h3>Dra. Katheleen Guzm\u00e1n \u2013 Categor\u00eda Educaci\u00f3n<\/h3><p>La Dra. Katheleen Guzm\u00e1n ha construido una trayectoria acad\u00e9mica excepcional desde su incorporaci\u00f3n a la Facultad de Derecho de la Universidad de Oklahoma en 1993. Fue la primera mujer en ocupar una c\u00e1tedra completa en OU Law y se desempe\u00f1\u00f3 como decana de la facultad, adem\u00e1s de recibir reconocimientos como la Medalla a la Excelencia de la Oklahoma Foundation for Excellence. Su investigaci\u00f3n aborda temas de propiedad, cultura y derecho, con m\u00faltiples citas en obras jur\u00eddicas y jurisprudencia. Con estudios en Arkansas y Yale, y experiencia como litigante y docente, su aporte acad\u00e9mico ha trascendido fronteras y generaciones.<\/p>\t\t\t\t\t\t\t\t<\/div>\n\t\t\t\t\t<\/div>\n\t\t\t\t<\/div>\n\t\t<div data-particle_enable=\"false\" data-particle-mobile-disabled=\"false\" class=\"elementor-element elementor-element-b352539 e-flex e-con-boxed e-con e-parent\" data-id=\"b352539\" data-element_type=\"container\" data-e-type=\"container\">\n\t\t\t\t\t<div class=\"e-con-inner\">\n\t\t\t\t<div class=\"elementor-element elementor-element-0b7a784 elementor-widget elementor-widget-image\" data-id=\"0b7a784\" data-element_type=\"widget\" data-e-type=\"widget\" data-widget_type=\"image.default\">\n\t\t\t\t\t\t\t\t\t\t\t\t<figure class=\"wp-caption\">\n\t\t\t\t\t\t\t\t\t\t<img loading=\"lazy\" decoding=\"async\" width=\"562\" height=\"595\" src=\"https:\/\/soymigrante.com\/revista\/wp-content\/uploads\/2025\/11\/katheleen-guzman-copia.jpg\" class=\"attachment-large size-large wp-image-48948\" alt=\"Prestigiosa abogada que fue decada durante varios a\u00f1os de la Facultad de Derecho de la Universidad de Oklahoma. Su abuelo fue guatemalteco pero ella sigue sirviendo a la comunidad chapina e hispana con gran dedicaci\u00f3n.\" srcset=\"https:\/\/soymigrante.com\/revista\/wp-content\/uploads\/2025\/11\/katheleen-guzman-copia.jpg 562w, https:\/\/soymigrante.com\/revista\/wp-content\/uploads\/2025\/11\/katheleen-guzman-copia-283x300.jpg 283w\" sizes=\"(max-width: 562px) 100vw, 562px\" title=\"Prestigiosa abogada que fue decada durante varios a\u00f1os de la Facultad de Derecho de la Universidad de Oklahoma. Su abuelo fue guatemalteco pero ella sigue sirviendo a la comunidad chapina e hispana con gran dedicaci\u00f3n. \u2013 SoyMigrante.com REVISTA\" \/>\t\t\t\t\t\t\t\t\t\t\t<figcaption class=\"widget-image-caption wp-caption-text\">Prestigiosa abogada que fue decada durante varios a\u00f1os de la Facultad de Derecho de la Universidad de Oklahoma. Su abuelo fue guatemalteco pero ella sigue sirviendo a la comunidad chapina e hispana con gran dedicaci\u00f3n.<\/figcaption>\n\t\t\t\t\t\t\t\t\t\t<\/figure>\n\t\t\t\t\t\t\t\t\t<\/div>\n\t\t\t\t\t<\/div>\n\t\t\t\t<\/div>\n\t\t<div data-particle_enable=\"false\" data-particle-mobile-disabled=\"false\" class=\"elementor-element elementor-element-eea09ed e-flex e-con-boxed e-con e-parent\" data-id=\"eea09ed\" data-element_type=\"container\" data-e-type=\"container\">\n\t\t\t\t\t<div class=\"e-con-inner\">\n\t\t\t\t<div class=\"elementor-element elementor-element-472ef4e elementor-widget elementor-widget-text-editor\" data-id=\"472ef4e\" data-element_type=\"widget\" data-e-type=\"widget\" data-widget_type=\"text-editor.default\">\n\t\t\t\t\t\t\t\t\t<h3>Rudy Ren\u00e9 Barrios &#8211; L\u00edder comunitario<\/h3><p>Rudy Ren\u00e9 Barrios, originario de Las Brisas, Sibilia, <a href=\"https:\/\/soymigrante.com\/revista\/departamentos-de-guatemala-quetzaltenango-tiene-historia-de-500-anos\/\">Quetzaltenango,<\/a> creci\u00f3 como el mayor de seis hermanos, asumiendo responsabilidades desde muy joven tras la migraci\u00f3n de su padre. A los 18 a\u00f1os emigr\u00f3 a Estados Unidos y se estableci\u00f3 en Oklahoma en 1992, donde ha vivido por m\u00e1s de tres d\u00e9cadas. Su pasi\u00f3n por la m\u00fasica lo llev\u00f3 a cofundar la <strong data-start=\"435\" data-end=\"468\">Marimba Pura Estrella Chapina<\/strong>, con m\u00e1s de 30 a\u00f1os de trayectoria. Comprometido con el bienestar comunitario, fund\u00f3 la <strong data-start=\"557\" data-end=\"584\">Asociaci\u00f3n Manos Unidas<\/strong>, impulsando m\u00e1s de 70 proyectos de recaudaci\u00f3n que han financiado obras clave en Sibilia. Tambi\u00e9n cre\u00f3 <strong data-start=\"688\" data-end=\"712\">Promociones Chapines<\/strong>, llevando entretenimiento y cultura a la comunidad guatemalteca en Oklahoma.<\/p>\t\t\t\t\t\t\t\t<\/div>\n\t\t\t\t\t<\/div>\n\t\t\t\t<\/div>\n\t\t<div data-particle_enable=\"false\" data-particle-mobile-disabled=\"false\" class=\"elementor-element elementor-element-d073337 e-flex e-con-boxed e-con e-parent\" data-id=\"d073337\" data-element_type=\"container\" data-e-type=\"container\">\n\t\t\t\t\t<div class=\"e-con-inner\">\n\t\t\t\t<div class=\"elementor-element elementor-element-db1c8e0 elementor-widget elementor-widget-image\" data-id=\"db1c8e0\" data-element_type=\"widget\" data-e-type=\"widget\" data-widget_type=\"image.default\">\n\t\t\t\t\t\t\t\t\t\t\t\t<figure class=\"wp-caption\">\n\t\t\t\t\t\t\t\t\t\t<img loading=\"lazy\" decoding=\"async\" width=\"448\" height=\"358\" src=\"https:\/\/soymigrante.com\/revista\/wp-content\/uploads\/2025\/11\/rudy-barrios.jpg\" class=\"attachment-large size-large wp-image-48949\" alt=\"Rudy Barrios es fundador de la Asociaci\u00f3n Manos Unidas, que impulsa causas ben\u00e9ficas en Guatemala.\" srcset=\"https:\/\/soymigrante.com\/revista\/wp-content\/uploads\/2025\/11\/rudy-barrios.jpg 448w, https:\/\/soymigrante.com\/revista\/wp-content\/uploads\/2025\/11\/rudy-barrios-300x240.jpg 300w\" sizes=\"(max-width: 448px) 100vw, 448px\" title=\"Rudy Barrios es fundador de la Asociaci\u00f3n Manos Unidas, que impulsa causas ben\u00e9ficas en Guatemala. \u2013 SoyMigrante.com REVISTA\" \/>\t\t\t\t\t\t\t\t\t\t\t<figcaption class=\"widget-image-caption wp-caption-text\">Rudy Barrios es fundador de la Asociaci\u00f3n Manos Unidas, que impulsa causas ben\u00e9ficas en Guatemala.<\/figcaption>\n\t\t\t\t\t\t\t\t\t\t<\/figure>\n\t\t\t\t\t\t\t\t\t<\/div>\n\t\t\t\t\t<\/div>\n\t\t\t\t<\/div>\n\t\t<div data-particle_enable=\"false\" data-particle-mobile-disabled=\"false\" class=\"elementor-element elementor-element-b155078 e-flex e-con-boxed e-con e-parent\" data-id=\"b155078\" data-element_type=\"container\" data-e-type=\"container\">\n\t\t\t\t\t<div class=\"e-con-inner\">\n\t\t\t\t<div class=\"elementor-element elementor-element-3937e01 elementor-widget elementor-widget-text-editor\" data-id=\"3937e01\" data-element_type=\"widget\" data-e-type=\"widget\" data-widget_type=\"text-editor.default\">\n\t\t\t\t\t\t\t\t\t<h3>Tropical\u00edsimo Atentado \u2013 Categor\u00eda Artes Esc\u00e9nicas<\/h3><p>Tropical\u00edsimo Atentado es un <a href=\"https:\/\/soymigrante.com\/revista\/diez-grupos-musicales-guatemaltecos-que-siguen-marcando-ritmo-dentro-y-fuera-del-pais\/\">grupo musical <\/a>que ha dejado una huella duradera en la vida cultural de la comunidad guatemalteca en Oklahoma. A lo largo de los a\u00f1os han llevado m\u00fasica, alegr\u00eda e identidad chapina a innumerables eventos, manteniendo vivas las tradiciones y el esp\u00edritu festivo que une a los migrantes lejos de casa.\u00a0<\/p><p>Su trayectoria art\u00edstica ha fortalecido el sentido de comunidad, convirti\u00e9ndolos en un referente musical para generaciones de guatemaltecos que encuentran en su sonido un pedacito de Guatemala.<\/p>\t\t\t\t\t\t\t\t<\/div>\n\t\t\t\t\t<\/div>\n\t\t\t\t<\/div>\n\t\t<div data-particle_enable=\"false\" data-particle-mobile-disabled=\"false\" class=\"elementor-element elementor-element-af282aa e-flex e-con-boxed e-con e-parent\" data-id=\"af282aa\" data-element_type=\"container\" data-e-type=\"container\">\n\t\t\t\t\t<div class=\"e-con-inner\">\n\t\t\t\t<div class=\"elementor-element elementor-element-d4592e1 elementor-widget elementor-widget-html\" data-id=\"d4592e1\" data-element_type=\"widget\" data-e-type=\"widget\" data-widget_type=\"html.default\">\n\t\t\t\t\t<iframe width=\"560\" height=\"315\" src=\"https:\/\/www.youtube.com\/embed\/PBfHigemnl0?si=of6Xqd-uhLtxa82o\" title=\"YouTube video player\" frameborder=\"0\" allow=\"accelerometer; autoplay; clipboard-write; encrypted-media; gyroscope; picture-in-picture; web-share\" referrerpolicy=\"strict-origin-when-cross-origin\" allowfullscreen><\/iframe>\t\t\t\t<\/div>\n\t\t\t\t\t<\/div>\n\t\t\t\t<\/div>\n\t\t<div data-particle_enable=\"false\" data-particle-mobile-disabled=\"false\" class=\"elementor-element elementor-element-1037015 e-flex e-con-boxed e-con e-parent\" data-id=\"1037015\" data-element_type=\"container\" data-e-type=\"container\">\n\t\t\t\t\t<div class=\"e-con-inner\">\n\t\t\t\t<div class=\"elementor-element elementor-element-7630c87 elementor-widget elementor-widget-heading\" data-id=\"7630c87\" data-element_type=\"widget\" data-e-type=\"widget\" data-widget_type=\"heading.default\">\n\t\t\t\t\t<h2 class=\"elementor-heading-title elementor-size-default\">Cualidades guatemaltecas siempre destacan<\/h2>\t\t\t\t<\/div>\n\t\t\t\t\t<\/div>\n\t\t\t\t<\/div>\n\t\t<div data-particle_enable=\"false\" data-particle-mobile-disabled=\"false\" class=\"elementor-element elementor-element-7333ca9 e-flex e-con-boxed e-con e-parent\" data-id=\"7333ca9\" data-element_type=\"container\" data-e-type=\"container\">\n\t\t\t\t\t<div class=\"e-con-inner\">\n\t\t\t\t<div class=\"elementor-element elementor-element-7906b79 elementor-grid-eael-col-3 elementor-grid-tablet-eael-col-2 elementor-grid-mobile-eael-col-1 elementor-widget elementor-widget-eael-post-grid\" data-id=\"7906b79\" data-element_type=\"widget\" data-e-type=\"widget\" data-settings=\"{&quot;eael_post_grid_columns&quot;:&quot;eael-col-3&quot;,&quot;eael_post_grid_columns_tablet&quot;:&quot;eael-col-2&quot;,&quot;eael_post_grid_columns_mobile&quot;:&quot;eael-col-1&quot;}\" data-widget_type=\"eael-post-grid.default\">\n\t\t\t\t\t<div id=\"eael-post-grid-7906b79\" class=\"eael-post-grid-container\">\n            <div class=\"eael-post-grid eael-post-appender eael-post-appender-7906b79 eael-post-grid-style-one\" data-layout-mode=\"masonry\"><article class=\"eael-grid-post  eael-post-grid-column eael-pg-post-2002 category-exitos-guatemala tags-nueva-york\" data-id=\"2002\">\n        <div class=\"eael-grid-post-holder\">\n            <div class=\"eael-grid-post-holder-inner\"><div class=\"eael-entry-media\"><div class=\"eael-entry-overlay fade-in\"><i class=\"far fa-hand-pointer\" aria-hidden=\"true\"><\/i><a href=\"https:\/\/soymigrante.com\/revista\/alvaro-batres-migrante-exitoso-nueva-york\/\"><\/a><\/div><div class=\"eael-entry-thumbnail eael-image-ratio\">\n                <img loading=\"lazy\" decoding=\"async\" width=\"1024\" height=\"728\" src=\"https:\/\/soymigrante.com\/revista\/wp-content\/uploads\/2023\/07\/Captura-de-pantalla-2023-07-29-174259-1024x728.webp\" class=\"attachment-large size-large wp-image-2019\" alt=\"\" srcset=\"https:\/\/soymigrante.com\/revista\/wp-content\/uploads\/2023\/07\/Captura-de-pantalla-2023-07-29-174259-1024x728.webp 1024w, https:\/\/soymigrante.com\/revista\/wp-content\/uploads\/2023\/07\/Captura-de-pantalla-2023-07-29-174259-300x213.webp 300w, https:\/\/soymigrante.com\/revista\/wp-content\/uploads\/2023\/07\/Captura-de-pantalla-2023-07-29-174259-768x546.webp 768w, https:\/\/soymigrante.com\/revista\/wp-content\/uploads\/2023\/07\/Captura-de-pantalla-2023-07-29-174259-120x86.webp 120w, https:\/\/soymigrante.com\/revista\/wp-content\/uploads\/2023\/07\/Captura-de-pantalla-2023-07-29-174259-350x250.webp 350w, https:\/\/soymigrante.com\/revista\/wp-content\/uploads\/2023\/07\/Captura-de-pantalla-2023-07-29-174259-750x533.webp 750w, https:\/\/soymigrante.com\/revista\/wp-content\/uploads\/2023\/07\/Captura-de-pantalla-2023-07-29-174259-1140x810.webp 1140w, https:\/\/soymigrante.com\/revista\/wp-content\/uploads\/2023\/07\/Captura-de-pantalla-2023-07-29-174259.webp 1233w\" sizes=\"(max-width: 1024px) 100vw, 1024px\" \/>\n            <\/div>\n        <\/div><div class=\"eael-entry-wrapper\"><header class=\"eael-entry-header\"><h2 class=\"eael-entry-title\"><a class=\"eael-grid-post-link\" href=\"https:\/\/soymigrante.com\/revista\/alvaro-batres-migrante-exitoso-nueva-york\/\" title=\"El viaje de \u00c1lvaro Batres: Migrante, dise\u00f1ador y emprendedor\">El viaje de \u00c1lvaro Batres: Migrante, dise\u00f1ador y emprendedor<\/a><\/h2><\/header><div class=\"eael-entry-content\">\n                        <div class=\"eael-grid-post-excerpt\"><a href=\"https:\/\/soymigrante.com\/revista\/alvaro-batres-migrante-exitoso-nueva-york\/\" class=\"eael-post-elements-readmore-btn\">CONOCE SU HISTORIA <\/a><\/div>\n                    <\/div><\/div><\/div>\n        <\/div>\n    <\/article><article class=\"eael-grid-post  eael-post-grid-column eael-pg-post-28619 category-exitos-guatemala\" data-id=\"28619\">\n        <div class=\"eael-grid-post-holder\">\n            <div class=\"eael-grid-post-holder-inner\"><div class=\"eael-entry-media\"><div class=\"eael-entry-overlay fade-in\"><i class=\"far fa-hand-pointer\" aria-hidden=\"true\"><\/i><a href=\"https:\/\/soymigrante.com\/revista\/lissett-garcia-es-sonrisa-solidaridad-fe-poesia-musica-y-servicio-en-lakeland-florida\/\"><\/a><\/div><div class=\"eael-entry-thumbnail eael-image-ratio\">\n                <img loading=\"lazy\" decoding=\"async\" width=\"973\" height=\"973\" src=\"https:\/\/soymigrante.com\/revista\/wp-content\/uploads\/2025\/03\/lissett-garcia-migrante-guatemalteca-en-florida-1.webp\" class=\"attachment-large size-large wp-image-28634\" alt=\"Mujer en una embarcaci\u00f3n con bandera de Guatemala, paisaje monta\u00f1oso y r\u00edo, cultura migrante, orgullo nacional, turismo en Guatemala, paisaje natural, mujer sonriente, vestimenta tradicional, viaje y aventura, revista SoyMigrante.\" srcset=\"https:\/\/soymigrante.com\/revista\/wp-content\/uploads\/2025\/03\/lissett-garcia-migrante-guatemalteca-en-florida-1.webp 973w, https:\/\/soymigrante.com\/revista\/wp-content\/uploads\/2025\/03\/lissett-garcia-migrante-guatemalteca-en-florida-1-300x300.jpg 300w, https:\/\/soymigrante.com\/revista\/wp-content\/uploads\/2025\/03\/lissett-garcia-migrante-guatemalteca-en-florida-1-150x150.jpg 150w, https:\/\/soymigrante.com\/revista\/wp-content\/uploads\/2025\/03\/lissett-garcia-migrante-guatemalteca-en-florida-1-768x768.jpg 768w, https:\/\/soymigrante.com\/revista\/wp-content\/uploads\/2025\/03\/lissett-garcia-migrante-guatemalteca-en-florida-1-75x75.webp 75w, https:\/\/soymigrante.com\/revista\/wp-content\/uploads\/2025\/03\/lissett-garcia-migrante-guatemalteca-en-florida-1-750x750.webp 750w\" sizes=\"(max-width: 973px) 100vw, 973px\" \/>\n            <\/div>\n        <\/div><div class=\"eael-entry-wrapper\"><header class=\"eael-entry-header\"><h2 class=\"eael-entry-title\"><a class=\"eael-grid-post-link\" href=\"https:\/\/soymigrante.com\/revista\/lissett-garcia-es-sonrisa-solidaridad-fe-poesia-musica-y-servicio-en-lakeland-florida\/\" title=\"Lissett Garc\u00eda es sonrisa, solidaridad, fe, poes\u00eda, m\u00fasica y servicio en Lakeland, Florida\">Lissett Garc\u00eda es sonrisa, solidaridad, fe, poes\u00eda, m\u00fasica y servicio en Lakeland, Florida<\/a><\/h2><\/header><div class=\"eael-entry-content\">\n                        <div class=\"eael-grid-post-excerpt\"><a href=\"https:\/\/soymigrante.com\/revista\/lissett-garcia-es-sonrisa-solidaridad-fe-poesia-musica-y-servicio-en-lakeland-florida\/\" class=\"eael-post-elements-readmore-btn\">CONOCE SU HISTORIA <\/a><\/div>\n                    <\/div><\/div><\/div>\n        <\/div>\n    <\/article><article class=\"eael-grid-post  eael-post-grid-column eael-pg-post-5082 category-lugar-de-voces\" data-id=\"5082\">\n        <div class=\"eael-grid-post-holder\">\n            <div class=\"eael-grid-post-holder-inner\"><div class=\"eael-entry-media\"><div class=\"eael-entry-overlay fade-in\"><i class=\"far fa-hand-pointer\" aria-hidden=\"true\"><\/i><a href=\"https:\/\/soymigrante.com\/revista\/guatemala-testimonio-mision-medica-limayre-gramajo-hija-migrantes\/\"><\/a><\/div><div class=\"eael-entry-thumbnail eael-image-ratio\">\n                <img loading=\"lazy\" decoding=\"async\" width=\"1024\" height=\"874\" src=\"https:\/\/soymigrante.com\/revista\/wp-content\/uploads\/2024\/02\/Mision-medica-en-Quetzaltenango-111-1024x874.webp\" class=\"attachment-large size-large wp-image-5098\" alt=\"Limayre Gramajo examina a una vecina de Quetzaltenango durante la jornada gratuita ofrecida por m\u00e9dicos estadounidenses en el occidente guatemalteco.\" srcset=\"https:\/\/soymigrante.com\/revista\/wp-content\/uploads\/2024\/02\/Mision-medica-en-Quetzaltenango-111-1024x874.webp 1024w, https:\/\/soymigrante.com\/revista\/wp-content\/uploads\/2024\/02\/Mision-medica-en-Quetzaltenango-111-300x256.webp 300w, https:\/\/soymigrante.com\/revista\/wp-content\/uploads\/2024\/02\/Mision-medica-en-Quetzaltenango-111-768x655.webp 768w, https:\/\/soymigrante.com\/revista\/wp-content\/uploads\/2024\/02\/Mision-medica-en-Quetzaltenango-111-1536x1310.webp 1536w, https:\/\/soymigrante.com\/revista\/wp-content\/uploads\/2024\/02\/Mision-medica-en-Quetzaltenango-111.webp 1920w, https:\/\/soymigrante.com\/revista\/wp-content\/uploads\/2024\/02\/Mision-medica-en-Quetzaltenango-111-750x640.webp 750w, https:\/\/soymigrante.com\/revista\/wp-content\/uploads\/2024\/02\/Mision-medica-en-Quetzaltenango-111-1140x973.webp 1140w\" sizes=\"(max-width: 1024px) 100vw, 1024px\" \/>\n            <\/div>\n        <\/div><div class=\"eael-entry-wrapper\"><header class=\"eael-entry-header\"><h2 class=\"eael-entry-title\"><a class=\"eael-grid-post-link\" href=\"https:\/\/soymigrante.com\/revista\/guatemala-testimonio-mision-medica-limayre-gramajo-hija-migrantes\/\" title=\"&#8220;Recibimos m\u00e1s de lo que dimos&#8221;: testimonio de una misi\u00f3n m\u00e9dica en Guatemala\">&#8220;Recibimos m\u00e1s de lo que dimos&#8221;: testimonio de una misi\u00f3n m\u00e9dica en Guatemala<\/a><\/h2><\/header><div class=\"eael-entry-content\">\n                        <div class=\"eael-grid-post-excerpt\"><a href=\"https:\/\/soymigrante.com\/revista\/guatemala-testimonio-mision-medica-limayre-gramajo-hija-migrantes\/\" class=\"eael-post-elements-readmore-btn\">CONOCE SU HISTORIA <\/a><\/div>\n                    <\/div><\/div><\/div>\n        <\/div>\n    <\/article><\/div>\n            <div class=\"clearfix\"><\/div>\n        <\/div>\t\t\t\t<\/div>\n\t\t\t\t\t<\/div>\n\t\t\t\t<\/div>\n\t\t\t\t<\/div>\n\t\t","protected":false},"excerpt":{"rendered":"<p>Los Guatemaltecos en Oklahoma reconocen cada a\u00f1o en la Gala Excelencia los aportes de connacionales en educaci\u00f3n, aporte comunitario, artes, emprendimiento y m\u00e1s. Aqu\u00ed te presentamos a los homenajeados 2025. Los migrantes guatemaltecos siempre brillan con su talento y aportes. As\u00ed lo demostrar\u00e1 la Gala Excelencia 2025 de la Asociaci\u00f3n Guatemaltecos en Oklahoma, que al [&hellip;]<\/p>\n","protected":false},"author":7,"featured_media":48937,"comment_status":"open","ping_status":"open","sticky":false,"template":"","format":"standard","meta":{"_acf_changed":false,"_eb_attr":"","footnotes":""},"categories":[54],"tags":[],"class_list":["post-48936","post","type-post","status-publish","format-standard","has-post-thumbnail","hentry","category-estamos-unidos"],"acf":[],"aioseo_notices":[],"aioseo_head":"\n\t\t<!-- All in One SEO Pro 4.9.6.2 - aioseo.com -->\n\t<meta name=\"description\" content=\"Me sorprend\u00ed al ver lo dif\u00edcil que es para muchas comunidades del occidente de Guatemala poder acceder a cuidado m\u00e9dico. Llegamos a puestos de salud donde, s\u00ed, ah\u00ed est\u00e1n las instalaciones, pero no hay suficientes recursos para atender a la gente. Por Limayre Gramajo Una misi\u00f3n de m\u00e9dicos voluntarios del Centro M\u00e9dico de la Universidad\" \/>\n\t<meta name=\"robots\" content=\"max-snippet:-1, max-image-preview:large, max-video-preview:-1\" \/>\n\t<meta name=\"author\" content=\"Gustavo Montenegro\"\/>\n\t<link rel=\"canonical\" href=\"https:\/\/soymigrante.com\/revista\/gala-excelencia-2025-celebra-impacto-positivo-de-guatemaltecos-en-oklahoma\/\" \/>\n\t<meta name=\"generator\" content=\"All in One SEO Pro (AIOSEO) 4.9.6.2\" \/>\n\n\t\t<link rel=\"preconnect\" href=\"https:\/\/fonts.googleapis.com\" crossorigin>\n<link rel=\"preconnect\" href=\"https:\/\/fonts.gstatic.com\" crossorigin>\n\t\t<meta property=\"og:locale\" content=\"es_ES\" \/>\n\t\t<meta property=\"og:site_name\" content=\"SoyMigrante.com REVISTA \u2013 Nuestra misi\u00f3n es reconocer y dignificar al migrante.\" \/>\n\t\t<meta property=\"og:type\" content=\"article\" \/>\n\t\t<meta property=\"og:title\" content=\"Premian impacto positivo de guatemaltecos en Oklahoma\" \/>\n\t\t<meta property=\"og:description\" content=\"Guatemaltecos en Oklahoma reconoce aportes comunitarios, art\u00edsticos, educativos y de servicio en la Gala Excelencia 2025: ellos son los homenajeados este a\u00f1o.\" \/>\n\t\t<meta property=\"og:url\" content=\"https:\/\/soymigrante.com\/revista\/gala-excelencia-2025-celebra-impacto-positivo-de-guatemaltecos-en-oklahoma\/\" \/>\n\t\t<meta property=\"og:image\" content=\"https:\/\/soymigrante.com\/revista\/wp-content\/uploads\/2025\/11\/gala-excelencia-guatemaltecos-oklahoma.png\" \/>\n\t\t<meta property=\"og:image:secure_url\" content=\"https:\/\/soymigrante.com\/revista\/wp-content\/uploads\/2025\/11\/gala-excelencia-guatemaltecos-oklahoma.png\" \/>\n\t\t<meta property=\"og:image:width\" content=\"737\" \/>\n\t\t<meta property=\"og:image:height\" content=\"728\" \/>\n\t\t<meta property=\"article:published_time\" content=\"2025-11-24T20:39:57+00:00\" \/>\n\t\t<meta property=\"article:modified_time\" content=\"2025-11-24T20:40:06+00:00\" \/>\n\t\t<meta property=\"article:publisher\" content=\"https:\/\/www.facebook.com\/soymigrantecom\" \/>\n\t\t<meta name=\"twitter:card\" content=\"summary_large_image\" \/>\n\t\t<meta name=\"twitter:site\" content=\"@SoyMigrante_com\" \/>\n\t\t<meta name=\"twitter:title\" content=\"Premian impacto positivo de guatemaltecos en Oklahoma\" \/>\n\t\t<meta name=\"twitter:description\" content=\"Guatemaltecos en Oklahoma reconoce aportes comunitarios, art\u00edsticos, educativos y de servicio en la Gala Excelencia 2025: ellos son los homenajeados este a\u00f1o.\" \/>\n\t\t<meta name=\"twitter:creator\" content=\"@SoyMigrante_com\" \/>\n\t\t<meta name=\"twitter:image\" content=\"https:\/\/soymigrante.com\/revista\/wp-content\/uploads\/2025\/11\/gala-excelencia-guatemaltecos-oklahoma.png\" \/>\n\t\t<!-- All in One SEO Pro -->\r\n\t\t<title>Premian impacto positivo de guatemaltecos en Oklahoma<\/title>\n\n","aioseo_head_json":{"title":"Premian impacto positivo de guatemaltecos en Oklahoma","description":"Guatemaltecos en Oklahoma reconoce aportes comunitarios, art\u00edsticos, educativos y de servicio en la Gala Excelencia 2025: ellos son los homenajeados este a\u00f1o.","canonical_url":"https:\/\/soymigrante.com\/revista\/gala-excelencia-2025-celebra-impacto-positivo-de-guatemaltecos-en-oklahoma\/","robots":"max-snippet:-1, max-image-preview:large, max-video-preview:-1","keywords":"","webmasterTools":{"miscellaneous":"&lt;link rel=\"preconnect\" href=\"https:\/\/fonts.googleapis.com\" crossorigin&gt;\n&lt;link rel=\"preconnect\" href=\"https:\/\/fonts.gstatic.com\" crossorigin&gt;"},"schema":null,"og:locale":"es_ES","og:site_name":"SoyMigrante.com REVISTA \u2013 Nuestra misi\u00f3n es reconocer y dignificar al migrante.","og:type":"article","og:title":"Premian impacto positivo de guatemaltecos en Oklahoma","og:description":"Guatemaltecos en Oklahoma reconoce aportes comunitarios, art\u00edsticos, educativos y de servicio en la Gala Excelencia 2025: ellos son los homenajeados este a\u00f1o.","og:url":"https:\/\/soymigrante.com\/revista\/gala-excelencia-2025-celebra-impacto-positivo-de-guatemaltecos-en-oklahoma\/","og:image":"https:\/\/soymigrante.com\/revista\/wp-content\/uploads\/2025\/11\/gala-excelencia-guatemaltecos-oklahoma.png","og:image:secure_url":"https:\/\/soymigrante.com\/revista\/wp-content\/uploads\/2025\/11\/gala-excelencia-guatemaltecos-oklahoma.png","og:image:width":737,"og:image:height":728,"article:published_time":"2025-11-24T20:39:57+00:00","article:modified_time":"2025-11-24T20:40:06+00:00","article:publisher":"https:\/\/www.facebook.com\/soymigrantecom","twitter:card":"summary_large_image","twitter:site":"@SoyMigrante_com","twitter:title":"Premian impacto positivo de guatemaltecos en Oklahoma","twitter:description":"Guatemaltecos en Oklahoma reconoce aportes comunitarios, art\u00edsticos, educativos y de servicio en la Gala Excelencia 2025: ellos son los homenajeados este a\u00f1o.","twitter:creator":"@SoyMigrante_com","twitter:image":"https:\/\/soymigrante.com\/revista\/wp-content\/uploads\/2025\/11\/gala-excelencia-guatemaltecos-oklahoma.png"},"aioseo_meta_data":{"post_id":"48936","title":"Premian impacto positivo de guatemaltecos en Oklahoma","description":"Guatemaltecos en Oklahoma reconoce aportes comunitarios, art\u00edsticos, educativos y de servicio en la Gala Excelencia 2025: ellos son los homenajeados este a\u00f1o.","keywords":null,"keyphrases":{"focus":{"keyphrase":"Guatemaltecos","score":91,"analysis":{"keyphraseInTitle":{"score":9,"maxScore":9,"error":0},"keyphraseInDescription":{"score":9,"maxScore":9,"error":0},"keyphraseLength":{"score":9,"maxScore":9,"error":0,"length":1},"keyphraseInURL":{"score":5,"maxScore":5,"error":0},"keyphraseInIntroduction":{"score":9,"maxScore":9,"error":0},"keyphraseInSubHeadings":{"score":3,"maxScore":9,"error":1},"keyphraseInImageAlt":{"score":9,"maxScore":9,"error":0},"keywordDensity":{"type":"best","score":9,"maxScore":9,"error":0}}},"additional":[{"keyphrase":"Oklahoma","score":100,"analysis":{"keyphraseInDescription":{"score":9,"maxScore":9,"error":0},"keyphraseLength":{"score":9,"maxScore":9,"error":0,"length":1},"keyphraseInIntroduction":{"score":9,"maxScore":9,"error":0},"keyphraseInImageAlt":{"score":9,"maxScore":9,"error":0},"keywordDensity":{"type":"best","score":9,"maxScore":9,"error":0}}}]},"primary_term":null,"canonical_url":null,"og_title":null,"og_description":null,"og_object_type":"default","og_image_type":"default","og_image_url":null,"og_image_width":null,"og_image_height":null,"og_image_custom_url":null,"og_image_custom_fields":null,"og_video":"","og_custom_url":null,"og_article_section":null,"og_article_tags":null,"twitter_use_og":false,"twitter_card":"default","twitter_image_type":"default","twitter_image_url":null,"twitter_image_custom_url":null,"twitter_image_custom_fields":null,"twitter_title":null,"twitter_description":null,"schema":{"blockGraphs":[],"customGraphs":[],"default":{"data":{"Article":[],"Course":[],"Dataset":[],"FAQPage":[],"Movie":[],"Person":[],"Product":[],"ProductReview":[],"Car":[],"Recipe":[],"Service":[],"SoftwareApplication":[],"WebPage":[]},"graphName":"NewsArticle","isEnabled":true},"graphs":[]},"schema_type":"default","schema_type_options":null,"pillar_content":false,"robots_default":true,"robots_noindex":false,"robots_noarchive":false,"robots_nosnippet":false,"robots_nofollow":false,"robots_noimageindex":false,"robots_noodp":false,"robots_notranslate":false,"robots_max_snippet":"-1","robots_max_videopreview":"-1","robots_max_imagepreview":"large","priority":null,"frequency":"default","local_seo":null,"seo_analyzer_scan_date":"2025-11-24 20:42:17","breadcrumb_settings":null,"limit_modified_date":false,"reviewed_by":"0","open_ai":null,"ai":{"faqs":[],"keyPoints":[],"titles":[],"descriptions":[],"socialPosts":{"email":[],"linkedin":[],"twitter":[],"facebook":[],"instagram":[]}},"created":"2025-11-24 19:08:27","updated":"2026-02-05 07:11:17"},"aioseo_breadcrumb":"<div class=\"aioseo-breadcrumbs\"><span class=\"aioseo-breadcrumb\">\n\t<a href=\"https:\/\/soymigrante.com\/revista\" title=\"Home\">Home<\/a>\n<\/span><span class=\"aioseo-breadcrumb-separator\">\u00bb<\/span><span class=\"aioseo-breadcrumb\">\n\t<a href=\"https:\/\/soymigrante.com\/revista\/category\/estamos-unidos\/\" title=\"Estamos Unidos\">Estamos Unidos<\/a>\n<\/span><span class=\"aioseo-breadcrumb-separator\">\u00bb<\/span><span class=\"aioseo-breadcrumb\">\n\tGala Excelencia 2025 celebra impacto positivo de guatemaltecos en Oklahoma\n<\/span><\/div>","aioseo_breadcrumb_json":[{"label":"Home","link":"https:\/\/soymigrante.com\/revista"},{"label":"Estamos Unidos","link":"https:\/\/soymigrante.com\/revista\/category\/estamos-unidos\/"},{"label":"Gala Excelencia 2025 celebra impacto positivo de guatemaltecos en Oklahoma","link":"https:\/\/soymigrante.com\/revista\/gala-excelencia-2025-celebra-impacto-positivo-de-guatemaltecos-en-oklahoma\/"}],"_links":{"self":[{"href":"https:\/\/soymigrante.com\/revista\/wp-json\/wp\/v2\/posts\/48936","targetHints":{"allow":["GET"]}}],"collection":[{"href":"https:\/\/soymigrante.com\/revista\/wp-json\/wp\/v2\/posts"}],"about":[{"href":"https:\/\/soymigrante.com\/revista\/wp-json\/wp\/v2\/types\/post"}],"author":[{"embeddable":true,"href":"https:\/\/soymigrante.com\/revista\/wp-json\/wp\/v2\/users\/7"}],"replies":[{"embeddable":true,"href":"https:\/\/soymigrante.com\/revista\/wp-json\/wp\/v2\/comments?post=48936"}],"version-history":[{"count":10,"href":"https:\/\/soymigrante.com\/revista\/wp-json\/wp\/v2\/posts\/48936\/revisions"}],"predecessor-version":[{"id":48956,"href":"https:\/\/soymigrante.com\/revista\/wp-json\/wp\/v2\/posts\/48936\/revisions\/48956"}],"wp:featuredmedia":[{"embeddable":true,"href":"https:\/\/soymigrante.com\/revista\/wp-json\/wp\/v2\/media\/48937"}],"wp:attachment":[{"href":"https:\/\/soymigrante.com\/revista\/wp-json\/wp\/v2\/media?parent=48936"}],"wp:term":[{"taxonomy":"category","embeddable":true,"href":"https:\/\/soymigrante.com\/revista\/wp-json\/wp\/v2\/categories?post=48936"},{"taxonomy":"post_tag","embeddable":true,"href":"https:\/\/soymigrante.com\/revista\/wp-json\/wp\/v2\/tags?post=48936"}],"curies":[{"name":"wp","href":"https:\/\/api.w.org\/{rel}","templated":true}]}}