{"id":48876,"date":"2025-11-22T06:04:00","date_gmt":"2025-11-22T12:04:00","guid":{"rendered":"https:\/\/soymigrante.com\/revista\/?p=48876"},"modified":"2026-01-31T10:36:16","modified_gmt":"2026-01-31T16:36:16","slug":"ana-urizar-madre-y-abogada-migrante-guatemalteca-publica-libro-infantil-para-su-hija-autista","status":"publish","type":"post","link":"https:\/\/soymigrante.com\/revista\/ana-urizar-madre-y-abogada-migrante-guatemalteca-publica-libro-infantil-para-su-hija-autista\/","title":{"rendered":"Ana Ur\u00edzar, madre y abogada migrante guatemalteca, publica libro infantil para su hija autista"},"content":{"rendered":"\t\t<div data-elementor-type=\"wp-post\" data-elementor-id=\"48876\" class=\"elementor elementor-48876\" data-elementor-post-type=\"post\">\n\t\t\t\t<div data-particle_enable=\"false\" data-particle-mobile-disabled=\"false\" class=\"elementor-element elementor-element-8cb850e e-flex e-con-boxed e-con e-parent\" data-id=\"8cb850e\" data-element_type=\"container\" data-e-type=\"container\">\n\t\t\t\t\t<div class=\"e-con-inner\">\n\t\t\t\t<div class=\"elementor-element elementor-element-808194d elementor-widget elementor-widget-heading\" data-id=\"808194d\" data-element_type=\"widget\" data-e-type=\"widget\" data-widget_type=\"heading.default\">\n\t\t\t\t\t<h2 class=\"elementor-heading-title elementor-size-default\">\"Si esta historia ayuda a un ni\u00f1o autista a sentirse orgulloso de ser quien es y a un padre o madre de familia a perder el miedo de buscar ayuda todo ha valido la pena\": Ana Gabriela Ur\u00edzar, abogada migratoria guatemalteca y madre de Paulina, de 6 a\u00f1os. <\/h2>\t\t\t\t<\/div>\n\t\t\t\t\t<\/div>\n\t\t\t\t<\/div>\n\t\t<div data-particle_enable=\"false\" data-particle-mobile-disabled=\"false\" class=\"elementor-element elementor-element-438c6e6 e-flex e-con-boxed e-con e-parent\" data-id=\"438c6e6\" data-element_type=\"container\" data-e-type=\"container\">\n\t\t\t\t\t<div class=\"e-con-inner\">\n\t\t\t\t<div class=\"elementor-element elementor-element-cdaaeee elementor-widget elementor-widget-text-editor\" data-id=\"cdaaeee\" data-element_type=\"widget\" data-e-type=\"widget\" data-widget_type=\"text-editor.default\">\n\t\t\t\t\t\t\t\t\t<p data-start=\"212\" data-end=\"737\"><span data-start=\"212\" data-end=\"338\">\u201cEste libro nace del amor de una madre y al ver los comentarios\u00a0 de otros padres con hijos autistas cuando empec\u00e9 a publicar mis experiencias en busca de ayuda para mi hija, deseo que sea de ayuda&#8221;.\u00a0<\/span><\/p><p data-start=\"212\" data-end=\"737\">Con esa convicci\u00f3n, <a href=\"https:\/\/soymigrante.com\/revista\/abogada-guatemalteca-ana-gabriela-urizar-orienta-defiende-y-dignifica-a-migrantes-hispanos\/\">la guatemalteca <strong data-start=\"375\" data-end=\"398\">Ana Gabriela Ur\u00edzar<\/strong>, abogada migratoria <\/a>en Nueva York y mam\u00e1 de Paulina, escribi\u00f3\u00a0<em data-start=\"457\" data-end=\"493\">Lili Learns to Use Her Superpowers<\/em>, un libro infantil que est\u00e1 disponible, EN INGL\u00c9S Y EN ESPA\u00d1OL, en Amazon.\u00a0<\/p><p data-start=\"212\" data-end=\"737\">Esta obra naci\u00f3 del deseo <a href=\"https:\/\/soymigrante.com\/revista\/eugenia-zacarias-relata-su-vivencia-de-madre-migrante-en-el-libro-cuando-el-corazon-no-emigra\/\">maternal<\/a> de acompa\u00f1ar de la mejor manera a su hija autista y tambi\u00e9n a otras familias en un camino que a veces genera mucho miedo cuando lo que se necesita es amor, informaci\u00f3n y determinaci\u00f3n.\u00a0 Y dado de la entrevista con Ana Gabriela fue tan elocuente quito mis preguntas y dejo sus valiosas palabras a continuaci\u00f3n.\u00a0<\/p>\t\t\t\t\t\t\t\t<\/div>\n\t\t\t\t\t<\/div>\n\t\t\t\t<\/div>\n\t\t<div data-particle_enable=\"false\" data-particle-mobile-disabled=\"false\" class=\"elementor-element elementor-element-247dbf6 e-flex e-con-boxed e-con e-parent\" data-id=\"247dbf6\" data-element_type=\"container\" data-e-type=\"container\">\n\t\t\t\t\t<div class=\"e-con-inner\">\n\t\t\t\t<div class=\"elementor-element elementor-element-65b6e74 elementor-widget elementor-widget-image\" data-id=\"65b6e74\" data-element_type=\"widget\" data-e-type=\"widget\" data-widget_type=\"image.default\">\n\t\t\t\t\t\t\t\t\t\t\t\t<figure class=\"wp-caption\">\n\t\t\t\t\t\t\t\t\t\t\t<a href=\"https:\/\/www.amazon.com\/-\/es\/Lily-Learns-Use-Super-Powers\/dp\/B0FWH7CXQG\">\n\t\t\t\t\t\t\t<img fetchpriority=\"high\" decoding=\"async\" width=\"820\" height=\"1024\" src=\"https:\/\/soymigrante.com\/revista\/wp-content\/uploads\/2025\/11\/lily-aprende-a-usar-sus-poderes-libro-de-ana-urizar-hija-autista-820x1024.jpg\" class=\"attachment-large size-large wp-image-48890\" alt=\"Portada del libro de Ana Gabriela Ur\u00edzar para su hija Paulina y para todos los ni\u00f1os con diagn\u00f3stico de autismo, as\u00ed como para sus familias. Actualmente est\u00e1 trabajando una versi\u00f3n al espa\u00f1ol. Disponible en ingl\u00e9s por Amazon.\" srcset=\"https:\/\/soymigrante.com\/revista\/wp-content\/uploads\/2025\/11\/lily-aprende-a-usar-sus-poderes-libro-de-ana-urizar-hija-autista-820x1024.jpg 820w, https:\/\/soymigrante.com\/revista\/wp-content\/uploads\/2025\/11\/lily-aprende-a-usar-sus-poderes-libro-de-ana-urizar-hija-autista-240x300.jpg 240w, https:\/\/soymigrante.com\/revista\/wp-content\/uploads\/2025\/11\/lily-aprende-a-usar-sus-poderes-libro-de-ana-urizar-hija-autista-768x959.jpg 768w, https:\/\/soymigrante.com\/revista\/wp-content\/uploads\/2025\/11\/lily-aprende-a-usar-sus-poderes-libro-de-ana-urizar-hija-autista-1230x1536.jpg 1230w, https:\/\/soymigrante.com\/revista\/wp-content\/uploads\/2025\/11\/lily-aprende-a-usar-sus-poderes-libro-de-ana-urizar-hija-autista-750x937.jpg 750w, https:\/\/soymigrante.com\/revista\/wp-content\/uploads\/2025\/11\/lily-aprende-a-usar-sus-poderes-libro-de-ana-urizar-hija-autista-1140x1424.jpg 1140w, https:\/\/soymigrante.com\/revista\/wp-content\/uploads\/2025\/11\/lily-aprende-a-usar-sus-poderes-libro-de-ana-urizar-hija-autista.jpg 1423w\" sizes=\"(max-width: 820px) 100vw, 820px\" title=\"Portada del libro de Ana Gabriela Ur\u00edzar para su hija Paulina y para todos los ni\u00f1os con diagn\u00f3stico de autismo, as\u00ed como para sus familias. Actualmente est\u00e1 trabajando una versi\u00f3n al espa\u00f1ol.  Disponible en ingl\u00e9s por Amazon. \u2013 SoyMigrante.com REVISTA\" \/>\t\t\t\t\t\t\t\t<\/a>\n\t\t\t\t\t\t\t\t\t\t\t<figcaption class=\"widget-image-caption wp-caption-text\">Portada del libro de Ana Gabriela Ur\u00edzar para su hija Paulina y para todos los ni\u00f1os con diagn\u00f3stico de autismo, as\u00ed como para sus familias. Actualmente est\u00e1 trabajando una versi\u00f3n al espa\u00f1ol.  Disponible en ingl\u00e9s por Amazon.<\/figcaption>\n\t\t\t\t\t\t\t\t\t\t<\/figure>\n\t\t\t\t\t\t\t\t\t<\/div>\n\t\t\t\t\t<\/div>\n\t\t\t\t<\/div>\n\t\t<div data-particle_enable=\"false\" data-particle-mobile-disabled=\"false\" class=\"elementor-element elementor-element-549d927 e-flex e-con-boxed e-con e-parent\" data-id=\"549d927\" data-element_type=\"container\" data-e-type=\"container\">\n\t\t\t\t\t<div class=\"e-con-inner\">\n\t\t\t\t<div class=\"elementor-element elementor-element-5dec4c5 elementor-widget elementor-widget-heading\" data-id=\"5dec4c5\" data-element_type=\"widget\" data-e-type=\"widget\" data-widget_type=\"heading.default\">\n\t\t\t\t\t<h2 class=\"elementor-heading-title elementor-size-default\">Testimonio de amor maternal y de admiraci\u00f3n por una ni\u00f1a maravillosa<\/h2>\t\t\t\t<\/div>\n\t\t\t\t\t<\/div>\n\t\t\t\t<\/div>\n\t\t<div data-particle_enable=\"false\" data-particle-mobile-disabled=\"false\" class=\"elementor-element elementor-element-1569124 e-flex e-con-boxed e-con e-parent\" data-id=\"1569124\" data-element_type=\"container\" data-e-type=\"container\">\n\t\t\t\t\t<div class=\"e-con-inner\">\n\t\t\t\t<div class=\"elementor-element elementor-element-288908e elementor-widget elementor-widget-text-editor\" data-id=\"288908e\" data-element_type=\"widget\" data-e-type=\"widget\" data-widget_type=\"text-editor.default\">\n\t\t\t\t\t\t\t\t\t<p><i>Cuando Paulina naci\u00f3, se desarroll\u00f3 normalmente. Camin\u00f3 al a\u00f1o, <a href=\"https:\/\/soymigrante.com\/revista\/algunas-claves-sobre-el-cuidado-de-los-ninos-de-cero-a-5-anos\/\">a los 12 o 13 meses<\/a> ya comenzaba a decir algunas palabras en ingl\u00e9s y en espa\u00f1ol. Se re\u00eda. Pero a los 18 meses fue como si hubieran apagado el switch. Dej\u00f3 de responder, de hablar, de hacer contacto visual. No quer\u00eda comer nada, ni siquiera respond\u00eda a su nombre. Le hicimos estudios. Pens\u00e9 que podr\u00eda ser autismo.<\/i><\/p><p><i>Viv\u00edamos en la ciudad de Nueva York, y ah\u00ed existe un programa llamado Early Intervention. Me mandaron a una terapista para evaluarla. Durante una visita Paulina me abraz\u00f3, y la terapista me dijo: \u201cMira, ya ves, ella no puede ser autista, porque si fuera autista no le gustar\u00eda el contacto f\u00edsico\u201d. Ahora s\u00e9 que ese es un error enorme: una idea equivocada.\u00a0<\/i><\/p><p><i>Yo sab\u00eda. Despu\u00e9s de los dos a\u00f1os y medio empeor\u00f3: no dorm\u00eda de noche, lloraba mucho, no com\u00eda. Entonces decid\u00ed buscar un diagn\u00f3stico formal. El autismo es muy prevalente ac\u00e1, en Nueva York y New Jersey. Al final encontr\u00e9 una pediatra del desarrollo, con un enfoque hol\u00edstico. Evalu\u00f3 a Paulina y la diagnostic\u00f3 con autismo nivel 1 y nivel 2.<\/i><\/p><p><i>Pens\u00e9: \u201c\u00bfNo va a tener una vida normal? \u00bfNo voy a poder hablar con ella? \u00bfVa a depender de m\u00ed para siempre?\u201d <a href=\"https:\/\/soymigrante.com\/revista\/como-mantener-serenidad-en-la-adversidad-estrategias-clave\/\">Llor\u00e9 dos semanas. Pero me levant\u00e9. Deb\u00eda hacer algo<\/a>.<\/i><\/p>\t\t\t\t\t\t\t\t<\/div>\n\t\t\t\t\t<\/div>\n\t\t\t\t<\/div>\n\t\t<div data-particle_enable=\"false\" data-particle-mobile-disabled=\"false\" class=\"elementor-element elementor-element-de5163d e-flex e-con-boxed e-con e-parent\" data-id=\"de5163d\" data-element_type=\"container\" data-e-type=\"container\">\n\t\t\t\t\t<div class=\"e-con-inner\">\n\t\t\t\t<div class=\"elementor-element elementor-element-56e68d2 elementor-widget elementor-widget-html\" data-id=\"56e68d2\" data-element_type=\"widget\" data-e-type=\"widget\" data-widget_type=\"html.default\">\n\t\t\t\t\t<iframe src=\"https:\/\/www.facebook.com\/plugins\/post.php?href=https%3A%2F%2Fwww.facebook.com%2Fgabriela.urizar.58%2Fposts%2Fpfbid0PWQLB9yetfKck8MjxAYUbVNSx9sAF6Dea4pVQ9Dbg6jy7RtiE9qF4SL1uAMjbEjel&show_text=true&width=500\" width=\"500\" height=\"644\" style=\"border:none;overflow:hidden\" scrolling=\"no\" frameborder=\"0\" allowfullscreen=\"true\" allow=\"autoplay; clipboard-write; encrypted-media; picture-in-picture; web-share\"><\/iframe>\t\t\t\t<\/div>\n\t\t\t\t\t<\/div>\n\t\t\t\t<\/div>\n\t\t<div data-particle_enable=\"false\" data-particle-mobile-disabled=\"false\" class=\"elementor-element elementor-element-1d05692 e-flex e-con-boxed e-con e-parent\" data-id=\"1d05692\" data-element_type=\"container\" data-e-type=\"container\">\n\t\t\t\t\t<div class=\"e-con-inner\">\n\t\t\t\t<div class=\"elementor-element elementor-element-929746a elementor-widget elementor-widget-heading\" data-id=\"929746a\" data-element_type=\"widget\" data-e-type=\"widget\" data-widget_type=\"heading.default\">\n\t\t\t\t\t<h3 class=\"elementor-heading-title elementor-size-default\">Emp\u00e9c\u00e9 a buscar informaci\u00f3n...<\/h3>\t\t\t\t<\/div>\n\t\t\t\t\t<\/div>\n\t\t\t\t<\/div>\n\t\t<div data-particle_enable=\"false\" data-particle-mobile-disabled=\"false\" class=\"elementor-element elementor-element-8617ff6 e-flex e-con-boxed e-con e-parent\" data-id=\"8617ff6\" data-element_type=\"container\" data-e-type=\"container\">\n\t\t\t\t\t<div class=\"e-con-inner\">\n\t\t\t\t<div class=\"elementor-element elementor-element-479dda6 elementor-widget elementor-widget-text-editor\" data-id=\"479dda6\" data-element_type=\"widget\" data-e-type=\"widget\" data-widget_type=\"text-editor.default\">\n\t\t\t\t\t\t\t\t\t<p><i>Empec\u00e9 a estudiar, a leer libros, reportes, ir a conferencias m\u00e9dicas. Descubr\u00ed estudios que mostraban mejoras en ni\u00f1os autistas cuando se les cambia la nutrici\u00f3n y se reducen toxinas.<\/i><\/p><p><i>En ex\u00e1menes Paulina sali\u00f3 con niveles baj\u00edsimos de vitamina B-12 \u2014la que oxigena el cerebro\u2014 y niveles alt\u00edsimos de c\u00e1ndida. Se le quit\u00f3 toda el az\u00facar. Nada procesado, nada de l\u00e1cteos, nada de gluten y un protocolo de 20 suplementos. En ese entonces Paulina ten\u00eda tres a\u00f1os y medio, y no hablaba. Dos semanas despu\u00e9s de iniciar la dieta y los suplementos, dijo su primera palabra. Yo llor\u00e9.<\/i><\/p><p><i>Luego comenz\u00f3 terapia de habla. Lleg\u00f3 a recibir hasta 60 horas por semana. Hoy tiene seis a\u00f1os. Asiste a una escuela regular, con ni\u00f1os promedio. Escribe, habla perfectamente. Es muy inteligente, memoriza todo al leerlo una sola vez. Es muy art\u00edstica.<\/i><\/p><p><i>Comenc\u00e9 a compartir nuestra historia en redes. Muchos padres migrantes \u2014especialmente latinos\u2014 sospechan que sus hijos puedan ser autistas, pero tienen miedo de diagnosticar a sus hijos porque sienten que es una sentencia de muerte.\u00a0<\/i><\/p>\t\t\t\t\t\t\t\t<\/div>\n\t\t\t\t\t<\/div>\n\t\t\t\t<\/div>\n\t\t<div data-particle_enable=\"false\" data-particle-mobile-disabled=\"false\" class=\"elementor-element elementor-element-9c9b1d2 e-flex e-con-boxed e-con e-parent\" data-id=\"9c9b1d2\" data-element_type=\"container\" data-e-type=\"container\">\n\t\t\t\t\t<div class=\"e-con-inner\">\n\t\t\t\t<div class=\"elementor-element elementor-element-cf052f7 elementor-widget elementor-widget-image\" data-id=\"cf052f7\" data-element_type=\"widget\" data-e-type=\"widget\" data-widget_type=\"image.default\">\n\t\t\t\t\t\t\t\t\t\t\t\t<figure class=\"wp-caption\">\n\t\t\t\t\t\t\t\t\t\t<img decoding=\"async\" width=\"651\" height=\"654\" src=\"https:\/\/soymigrante.com\/revista\/wp-content\/uploads\/2025\/11\/ana-urizar-abogada-guatemalteca-ny-libro-hija-autista-4.png\" class=\"attachment-large size-large wp-image-48891\" alt=\"Las ilustraciones del libro, de Kevin Kyle, est\u00e1n especialmente orientadas a identificarse con algunos signos propios del autismo, sin perder la dulzura infantil y el cari\u00f1o materno de la autora; lo que se busca es una identificaci\u00f3n del peque\u00f1o lector con los personajes para valorarse.\" srcset=\"https:\/\/soymigrante.com\/revista\/wp-content\/uploads\/2025\/11\/ana-urizar-abogada-guatemalteca-ny-libro-hija-autista-4.png 651w, https:\/\/soymigrante.com\/revista\/wp-content\/uploads\/2025\/11\/ana-urizar-abogada-guatemalteca-ny-libro-hija-autista-4-300x300.png 300w, https:\/\/soymigrante.com\/revista\/wp-content\/uploads\/2025\/11\/ana-urizar-abogada-guatemalteca-ny-libro-hija-autista-4-150x150.png 150w, https:\/\/soymigrante.com\/revista\/wp-content\/uploads\/2025\/11\/ana-urizar-abogada-guatemalteca-ny-libro-hija-autista-4-75x75.png 75w\" sizes=\"(max-width: 651px) 100vw, 651px\" title=\"Las ilustraciones del libro, de Kevin Kyle, est\u00e1n especialmente orientadas a identificarse con algunos signos propios del autismo, sin perder la dulzura infantil y el cari\u00f1o materno de la autora; lo que se busca es una identificaci\u00f3n del peque\u00f1o lector con los personajes para valorarse. \u2013 SoyMigrante.com REVISTA\" \/>\t\t\t\t\t\t\t\t\t\t\t<figcaption class=\"widget-image-caption wp-caption-text\">Las ilustraciones del libro, de Kevin Kyle, est\u00e1n especialmente orientadas a identificarse con algunos signos propios del autismo, sin perder la dulzura infantil y el cari\u00f1o materno de la autora; lo que se busca es una identificaci\u00f3n del peque\u00f1o lector con los personajes para valorarse.<\/figcaption>\n\t\t\t\t\t\t\t\t\t\t<\/figure>\n\t\t\t\t\t\t\t\t\t<\/div>\n\t\t\t\t\t<\/div>\n\t\t\t\t<\/div>\n\t\t<div data-particle_enable=\"false\" data-particle-mobile-disabled=\"false\" class=\"elementor-element elementor-element-4904c3f e-flex e-con-boxed e-con e-parent\" data-id=\"4904c3f\" data-element_type=\"container\" data-e-type=\"container\">\n\t\t\t\t\t<div class=\"e-con-inner\">\n\t\t\t\t<div class=\"elementor-element elementor-element-d7aa46e elementor-widget elementor-widget-heading\" data-id=\"d7aa46e\" data-element_type=\"widget\" data-e-type=\"widget\" data-widget_type=\"heading.default\">\n\t\t\t\t\t<h3 class=\"elementor-heading-title elementor-size-default\">Compartir mi historia gener\u00f3 reacciones positivas<\/h3>\t\t\t\t<\/div>\n\t\t\t\t\t<\/div>\n\t\t\t\t<\/div>\n\t\t<div data-particle_enable=\"false\" data-particle-mobile-disabled=\"false\" class=\"elementor-element elementor-element-fd7e34f e-flex e-con-boxed e-con e-parent\" data-id=\"fd7e34f\" data-element_type=\"container\" data-e-type=\"container\">\n\t\t\t\t\t<div class=\"e-con-inner\">\n\t\t\t\t<div class=\"elementor-element elementor-element-fd0fda6 elementor-widget elementor-widget-text-editor\" data-id=\"fd0fda6\" data-element_type=\"widget\" data-e-type=\"widget\" data-widget_type=\"text-editor.default\">\n\t\t\t\t\t\t\t\t\t<p><i>En un mes recib\u00ed mensajes de diez padres diciendo que mi historia les hab\u00eda dado valor para evaluar a sus hijos. Y s\u00ed, eran autistas, pero ahora entienden que mientras m\u00e1s temprano se diagnostica, mejores son las oportunidades.<\/i><\/p><p><i>Aprend\u00ed es que la neuroplasticidad es m\u00e1s alta antes de los cinco a\u00f1os.\u00a0 Por eso la terapia temprana puede ser la diferencia entre que un ni\u00f1o hable o no. Si los padres est\u00e1n en negaci\u00f3n pierden tiempo valioso.\u00a0<\/i><\/p><p><i>Y todo esto me dio valor para escribir un libro infantil.\u00a0<\/i><\/p><p><i>Yo buscaba libros para Paulina y ninguno era para ni\u00f1os como ella, que percibe todo de forma tan distinta. Pero no quer\u00eda que sonara como a un defecto o a una discapacidad. Al contrario, decid\u00ed escribir uno donde su diferencia fuera un superpoder.\u00a0<\/i><\/p><p><i>Paulina es una ni\u00f1a superdotada: tiene memoria fotogr\u00e1fica, escucha todo a volumen alto \u2014eso es un superpoder, o\u00eddo hipers\u00f3nico-. Solo hay que aprender a controlarlo. Ella a veces me preguntaba: \u201c\u00bfPor qu\u00e9 yo recibo terapia y mis amigos no?\u201d.\u00a0<\/i><\/p><p><i>Y yo le contaba historias: \u201cPorque tienes superpoderes, y te est\u00e1n ense\u00f1ando a usarlos\u201d. Eso la hizo sentir especial.<\/i><\/p>\t\t\t\t\t\t\t\t<\/div>\n\t\t\t\t\t<\/div>\n\t\t\t\t<\/div>\n\t\t<div data-particle_enable=\"false\" data-particle-mobile-disabled=\"false\" class=\"elementor-element elementor-element-4b4cd98 e-flex e-con-boxed e-con e-parent\" data-id=\"4b4cd98\" data-element_type=\"container\" data-e-type=\"container\">\n\t\t\t\t\t<div class=\"e-con-inner\">\n\t\t\t\t<div class=\"elementor-element elementor-element-50b434b elementor-grid-eael-col-1 elementor-grid-tablet-eael-col-2 elementor-grid-mobile-eael-col-1 elementor-widget elementor-widget-eael-post-grid\" data-id=\"50b434b\" data-element_type=\"widget\" data-e-type=\"widget\" data-settings=\"{&quot;eael_post_grid_columns&quot;:&quot;eael-col-1&quot;,&quot;eael_post_grid_columns_tablet&quot;:&quot;eael-col-2&quot;,&quot;eael_post_grid_columns_mobile&quot;:&quot;eael-col-1&quot;}\" data-widget_type=\"eael-post-grid.default\">\n\t\t\t\t\t<div id=\"eael-post-grid-50b434b\" class=\"eael-post-grid-container\">\n            <div class=\"eael-post-grid eael-post-appender eael-post-appender-50b434b eael-post-grid-style-one\" data-layout-mode=\"masonry\"><article class=\"eael-grid-post  eael-post-grid-column eael-pg-post-35884 category-exitos-guatemala\" data-id=\"35884\">\n        <div class=\"eael-grid-post-holder\">\n            <div class=\"eael-grid-post-holder-inner\"><div class=\"eael-entry-media\"><div class=\"eael-entry-overlay fade-in\"><i class=\"far fa-hand-pointer\" aria-hidden=\"true\"><\/i><a href=\"https:\/\/soymigrante.com\/revista\/abogada-guatemalteca-ana-gabriela-urizar-orienta-defiende-y-dignifica-a-migrantes-hispanos\/\"><\/a><\/div><div class=\"eael-entry-thumbnail eael-image-ratio\">\n                <img decoding=\"async\" width=\"1024\" height=\"1024\" src=\"https:\/\/soymigrante.com\/revista\/wp-content\/uploads\/2025\/06\/ana-gabriela-urizar-abogada-migratoria-guatemalteca-ny-1024x1024.png\" class=\"attachment-large size-large wp-image-35886\" alt=\"Migrante mujer profesional en oficina, libertad y empoderamiento, homenaje a la comunidad migrante en revista SoyMigrante.com.\" srcset=\"https:\/\/soymigrante.com\/revista\/wp-content\/uploads\/2025\/06\/ana-gabriela-urizar-abogada-migratoria-guatemalteca-ny-1024x1024.png 1024w, https:\/\/soymigrante.com\/revista\/wp-content\/uploads\/2025\/06\/ana-gabriela-urizar-abogada-migratoria-guatemalteca-ny-300x300.png 300w, https:\/\/soymigrante.com\/revista\/wp-content\/uploads\/2025\/06\/ana-gabriela-urizar-abogada-migratoria-guatemalteca-ny-150x150.png 150w, https:\/\/soymigrante.com\/revista\/wp-content\/uploads\/2025\/06\/ana-gabriela-urizar-abogada-migratoria-guatemalteca-ny-768x768.png 768w, https:\/\/soymigrante.com\/revista\/wp-content\/uploads\/2025\/06\/ana-gabriela-urizar-abogada-migratoria-guatemalteca-ny-75x75.webp 75w, https:\/\/soymigrante.com\/revista\/wp-content\/uploads\/2025\/06\/ana-gabriela-urizar-abogada-migratoria-guatemalteca-ny-750x750.webp 750w, https:\/\/soymigrante.com\/revista\/wp-content\/uploads\/2025\/06\/ana-gabriela-urizar-abogada-migratoria-guatemalteca-ny.webp 1120w\" sizes=\"(max-width: 1024px) 100vw, 1024px\" \/>\n            <\/div>\n        <\/div><div class=\"eael-entry-wrapper\"><header class=\"eael-entry-header\"><h2 class=\"eael-entry-title\"><a class=\"eael-grid-post-link\" href=\"https:\/\/soymigrante.com\/revista\/abogada-guatemalteca-ana-gabriela-urizar-orienta-defiende-y-dignifica-a-migrantes-hispanos\/\" title=\"Abogada guatemalteca Ana Gabriela Ur\u00edzar orienta, defiende y dignifica a migrantes hispanos\">Abogada guatemalteca Ana Gabriela Ur\u00edzar orienta, defiende y dignifica a migrantes hispanos<\/a><\/h2><\/header><div class=\"eael-entry-content\">\n                        <div class=\"eael-grid-post-excerpt\"><a href=\"https:\/\/soymigrante.com\/revista\/abogada-guatemalteca-ana-gabriela-urizar-orienta-defiende-y-dignifica-a-migrantes-hispanos\/\" class=\"eael-post-elements-readmore-btn\">CONOCE SU HISTORIA <\/a><\/div>\n                    <\/div><\/div><\/div>\n        <\/div>\n    <\/article><\/div>\n            <div class=\"clearfix\"><\/div>\n        <\/div>\t\t\t\t<\/div>\n\t\t\t\t\t<\/div>\n\t\t\t\t<\/div>\n\t\t<div data-particle_enable=\"false\" data-particle-mobile-disabled=\"false\" class=\"elementor-element elementor-element-281a5b9 e-flex e-con-boxed e-con e-parent\" data-id=\"281a5b9\" data-element_type=\"container\" data-e-type=\"container\">\n\t\t\t\t\t<div class=\"e-con-inner\">\n\t\t\t\t<div class=\"elementor-element elementor-element-6af82cc elementor-widget elementor-widget-heading\" data-id=\"6af82cc\" data-element_type=\"widget\" data-e-type=\"widget\" data-widget_type=\"heading.default\">\n\t\t\t\t\t<h3 class=\"elementor-heading-title elementor-size-default\">Una historia m\u00e1gica para enfrentar lo real<\/h3>\t\t\t\t<\/div>\n\t\t\t\t\t<\/div>\n\t\t\t\t<\/div>\n\t\t<div data-particle_enable=\"false\" data-particle-mobile-disabled=\"false\" class=\"elementor-element elementor-element-e0b00ed e-flex e-con-boxed e-con e-parent\" data-id=\"e0b00ed\" data-element_type=\"container\" data-e-type=\"container\">\n\t\t\t\t\t<div class=\"e-con-inner\">\n\t\t\t\t<div class=\"elementor-element elementor-element-f77656f elementor-widget elementor-widget-text-editor\" data-id=\"f77656f\" data-element_type=\"widget\" data-e-type=\"widget\" data-widget_type=\"text-editor.default\">\n\t\t\t\t\t\t\t\t\t<p><i>El libro cuenta la historia de una ni\u00f1a que visita a su mam\u00e1 cuando ella est\u00e1 embarazada y le dice que se prepare porque nacer\u00e1 con superpoderes.\u00a0<\/i><\/p><p><i>As\u00ed lo viv\u00ed yo. Me tom\u00f3 un a\u00f1o escribirlo. Cuid\u00e9 cada detalle: incluso la postura en la que se sienta la ni\u00f1a, con las piernas abiertas hacia los lados, como muchos ni\u00f1os autistas que tienen bajo tono muscular.\u00a0<\/i><\/p><p><i>Yo quer\u00eda que las familias se vieran ah\u00ed: que el libro fuera PARA ellos, no sobre ellos.<\/i><\/p><p><i>Para la ilustraci\u00f3n contrat\u00e9 una editorial llamada AstraMedia, liderada por un doctor puertorrique\u00f1o que trabaja libros infantiles enfocados en minor\u00edas.\u00a0 Y algo que me encant\u00f3 fue que \u00e9l quiso contratar a una persona con autismo para trabajar en el libro. Eso lo hace a\u00fan m\u00e1s especial.<\/i><\/p><p><i>El libro est\u00e1 disponible en <a href=\"https:\/\/www.amazon.com\/-\/es\/Lily-Learns-Use-Super-Powers\/dp\/B0FWH7CXQG\">Amazon<\/a> con versiones en INGL\u00c9S Y ESPA\u00d1OL.\u00a0<\/i><\/p><div>\u00a0<\/div>\t\t\t\t\t\t\t\t<\/div>\n\t\t\t\t\t<\/div>\n\t\t\t\t<\/div>\n\t\t<div data-particle_enable=\"false\" data-particle-mobile-disabled=\"false\" class=\"elementor-element elementor-element-77dcc11 e-flex e-con-boxed e-con e-parent\" data-id=\"77dcc11\" data-element_type=\"container\" data-e-type=\"container\">\n\t\t\t\t\t<div class=\"e-con-inner\">\n\t\t\t\t<div class=\"elementor-element elementor-element-3d88a41 elementor-invisible elementor-widget elementor-widget-testimonial\" data-id=\"3d88a41\" data-element_type=\"widget\" data-e-type=\"widget\" data-settings=\"{&quot;_animation&quot;:&quot;rotateInUpRight&quot;}\" data-widget_type=\"testimonial.default\">\n\t\t\t\t\t\t\t<div class=\"elementor-testimonial-wrapper\">\n\t\t\t\t\t\t\t<div class=\"elementor-testimonial-content\">\"Si con este proyecto puedo ayudar a que un padre pierda el miedo o que un ni\u00f1o reciba ayuda a tiempo, todo habr\u00e1 valido la pena\" <\/div>\n\t\t\t\n\t\t\t\t\t\t<div class=\"elementor-testimonial-meta elementor-has-image elementor-testimonial-image-position-aside\">\n\t\t\t\t<div class=\"elementor-testimonial-meta-inner\">\n\t\t\t\t\t\t\t\t\t\t\t<div class=\"elementor-testimonial-image\">\n\t\t\t\t\t\t\t<img loading=\"lazy\" decoding=\"async\" width=\"1398\" height=\"2048\" src=\"https:\/\/soymigrante.com\/revista\/wp-content\/uploads\/2025\/11\/516754470_10171651754405721_8691279706353078473_n.jpg\" class=\"attachment-full size-full wp-image-48892\" alt=\"Si con este proyecto puedo ayudar a que un padre pierda el miedo o que un ni\u00f1o reciba ayuda a tiempo, todo habr\u00e1 valido la pena.\" title=\"ana gabriela urizar \u2013 SoyMigrante.com REVISTA\" srcset=\"https:\/\/soymigrante.com\/revista\/wp-content\/uploads\/2025\/11\/516754470_10171651754405721_8691279706353078473_n.jpg 1398w, https:\/\/soymigrante.com\/revista\/wp-content\/uploads\/2025\/11\/516754470_10171651754405721_8691279706353078473_n-205x300.jpg 205w, https:\/\/soymigrante.com\/revista\/wp-content\/uploads\/2025\/11\/516754470_10171651754405721_8691279706353078473_n-699x1024.jpg 699w, https:\/\/soymigrante.com\/revista\/wp-content\/uploads\/2025\/11\/516754470_10171651754405721_8691279706353078473_n-768x1125.jpg 768w, https:\/\/soymigrante.com\/revista\/wp-content\/uploads\/2025\/11\/516754470_10171651754405721_8691279706353078473_n-1049x1536.jpg 1049w, https:\/\/soymigrante.com\/revista\/wp-content\/uploads\/2025\/11\/516754470_10171651754405721_8691279706353078473_n-750x1099.jpg 750w, https:\/\/soymigrante.com\/revista\/wp-content\/uploads\/2025\/11\/516754470_10171651754405721_8691279706353078473_n-1140x1670.jpg 1140w\" sizes=\"(max-width: 1398px) 100vw, 1398px\" \/>\t\t\t\t\t\t<\/div>\n\t\t\t\t\t\n\t\t\t\t\t\t\t\t\t\t<div class=\"elementor-testimonial-details\">\n\t\t\t\t\t\t\t\t\t\t\t\t\t\t<div class=\"elementor-testimonial-name\">Ana Gabriela Ur\u00edzar<\/div>\n\t\t\t\t\t\t\t\t\t\t\t\t\t\t\t\t\t\t\t\t\t\t<div class=\"elementor-testimonial-job\">Guatemalteca, abogada migratoria,\nescritora, pero sobre todo madre\namorosa.<\/div>\n\t\t\t\t\t\t\t\t\t\t\t\t\t<\/div>\n\t\t\t\t\t\t\t\t\t<\/div>\n\t\t\t<\/div>\n\t\t\t\t\t<\/div>\n\t\t\t\t\t\t<\/div>\n\t\t\t\t\t<\/div>\n\t\t\t\t<\/div>\n\t\t<div data-particle_enable=\"false\" data-particle-mobile-disabled=\"false\" class=\"elementor-element elementor-element-9f186f7 e-flex e-con-boxed e-con e-parent\" data-id=\"9f186f7\" data-element_type=\"container\" data-e-type=\"container\">\n\t\t\t\t\t<div class=\"e-con-inner\">\n\t\t\t\t<div class=\"elementor-element elementor-element-2d2355f elementor-widget elementor-widget-heading\" data-id=\"2d2355f\" data-element_type=\"widget\" data-e-type=\"widget\" data-widget_type=\"heading.default\">\n\t\t\t\t\t<h2 class=\"elementor-heading-title elementor-size-default\">Tambi\u00e9n podr\u00eda interesarte<\/h2>\t\t\t\t<\/div>\n\t\t\t\t\t<\/div>\n\t\t\t\t<\/div>\n\t\t<div data-particle_enable=\"false\" data-particle-mobile-disabled=\"false\" class=\"elementor-element elementor-element-3a9d72f e-flex e-con-boxed e-con e-parent\" data-id=\"3a9d72f\" data-element_type=\"container\" data-e-type=\"container\">\n\t\t\t\t\t<div class=\"e-con-inner\">\n\t\t\t\t<div class=\"elementor-element elementor-element-ffb1d0d elementor-grid-eael-col-3 elementor-grid-tablet-eael-col-2 elementor-grid-mobile-eael-col-1 elementor-widget elementor-widget-eael-post-grid\" data-id=\"ffb1d0d\" data-element_type=\"widget\" data-e-type=\"widget\" data-settings=\"{&quot;eael_post_grid_columns&quot;:&quot;eael-col-3&quot;,&quot;eael_post_grid_columns_tablet&quot;:&quot;eael-col-2&quot;,&quot;eael_post_grid_columns_mobile&quot;:&quot;eael-col-1&quot;}\" data-widget_type=\"eael-post-grid.default\">\n\t\t\t\t\t<div id=\"eael-post-grid-ffb1d0d\" class=\"eael-post-grid-container\">\n            <div class=\"eael-post-grid eael-post-appender eael-post-appender-ffb1d0d eael-post-grid-style-one\" data-layout-mode=\"masonry\"><article class=\"eael-grid-post  eael-post-grid-column eael-pg-post-10466 category-guate-nuestra tags-mercado-emprendedores\" data-id=\"10466\">\n        <div class=\"eael-grid-post-holder\">\n            <div class=\"eael-grid-post-holder-inner\"><div class=\"eael-entry-media\"><div class=\"eael-entry-overlay fade-in\"><i class=\"far fa-hand-pointer\" aria-hidden=\"true\"><\/i><a href=\"https:\/\/soymigrante.com\/revista\/escritor-manuel-orantes-alvarez-confecciona-relatos-que-invitan-al-cambio\/\"><\/a><\/div><div class=\"eael-entry-thumbnail eael-image-ratio\">\n                <img loading=\"lazy\" decoding=\"async\" width=\"860\" height=\"860\" src=\"https:\/\/soymigrante.com\/revista\/wp-content\/uploads\/2024\/10\/manuel-orantes-guatemalteco-escritor-migrante-3.webp\" class=\"attachment-large size-large wp-image-10542\" alt=\"Discurso de migrante latinoamericano en parque p\u00fablico, promoviendo integraci\u00f3n y cultura, con libro en mano, vestido con camiseta azul y sombrero colorido.\" srcset=\"https:\/\/soymigrante.com\/revista\/wp-content\/uploads\/2024\/10\/manuel-orantes-guatemalteco-escritor-migrante-3.webp 860w, https:\/\/soymigrante.com\/revista\/wp-content\/uploads\/2024\/10\/manuel-orantes-guatemalteco-escritor-migrante-3-300x300.webp 300w, https:\/\/soymigrante.com\/revista\/wp-content\/uploads\/2024\/10\/manuel-orantes-guatemalteco-escritor-migrante-3-150x150.webp 150w, https:\/\/soymigrante.com\/revista\/wp-content\/uploads\/2024\/10\/manuel-orantes-guatemalteco-escritor-migrante-3-768x768.webp 768w, https:\/\/soymigrante.com\/revista\/wp-content\/uploads\/2024\/10\/manuel-orantes-guatemalteco-escritor-migrante-3-75x75.webp 75w, https:\/\/soymigrante.com\/revista\/wp-content\/uploads\/2024\/10\/manuel-orantes-guatemalteco-escritor-migrante-3-750x750.webp 750w\" sizes=\"(max-width: 860px) 100vw, 860px\" \/>\n            <\/div>\n        <\/div><div class=\"eael-entry-wrapper\"><header class=\"eael-entry-header\"><h2 class=\"eael-entry-title\"><a class=\"eael-grid-post-link\" href=\"https:\/\/soymigrante.com\/revista\/escritor-manuel-orantes-alvarez-confecciona-relatos-que-invitan-al-cambio\/\" title=\"Escritor Manuel Orantes-\u00c1lvarez crea relatos que invitan a la transformaci\u00f3n personal\">Escritor Manuel Orantes-\u00c1lvarez crea relatos que invitan a la transformaci\u00f3n personal<\/a><\/h2><\/header><div class=\"eael-entry-content\">\n                        <div class=\"eael-grid-post-excerpt\"><a href=\"https:\/\/soymigrante.com\/revista\/escritor-manuel-orantes-alvarez-confecciona-relatos-que-invitan-al-cambio\/\" class=\"eael-post-elements-readmore-btn\">CONOCE SU HISTORIA <\/a><\/div>\n                    <\/div><\/div><\/div>\n        <\/div>\n    <\/article><article class=\"eael-grid-post  eael-post-grid-column eael-pg-post-38873 category-guate-nuestra tags-mercado-emprendedores\" data-id=\"38873\">\n        <div class=\"eael-grid-post-holder\">\n            <div class=\"eael-grid-post-holder-inner\"><div class=\"eael-entry-media\"><div class=\"eael-entry-overlay fade-in\"><i class=\"far fa-hand-pointer\" aria-hidden=\"true\"><\/i><a href=\"https:\/\/soymigrante.com\/revista\/los-libros-de-carmen-alicia-tienen-alma-de-pueblo-guatemalteco-y-estan-en-mercado\/\"><\/a><\/div><div class=\"eael-entry-thumbnail eael-image-ratio\">\n                <img loading=\"lazy\" decoding=\"async\" width=\"785\" height=\"785\" src=\"https:\/\/soymigrante.com\/revista\/wp-content\/uploads\/2025\/07\/mercado-emprendedora-escritora-carmen-alicia-arevalo-libros-2.webp\" class=\"attachment-large size-large wp-image-38874\" alt=\"&quot;Portada de la revista SoyMigrante.com REVISTA en un ambiente colorido con plantas y murales, destacando temas de migraci\u00f3n y cultura hispana.&quot;.\" srcset=\"https:\/\/soymigrante.com\/revista\/wp-content\/uploads\/2025\/07\/mercado-emprendedora-escritora-carmen-alicia-arevalo-libros-2.webp 785w, https:\/\/soymigrante.com\/revista\/wp-content\/uploads\/2025\/07\/mercado-emprendedora-escritora-carmen-alicia-arevalo-libros-2-300x300.jpg 300w, https:\/\/soymigrante.com\/revista\/wp-content\/uploads\/2025\/07\/mercado-emprendedora-escritora-carmen-alicia-arevalo-libros-2-150x150.jpg 150w, https:\/\/soymigrante.com\/revista\/wp-content\/uploads\/2025\/07\/mercado-emprendedora-escritora-carmen-alicia-arevalo-libros-2-768x768.jpg 768w, https:\/\/soymigrante.com\/revista\/wp-content\/uploads\/2025\/07\/mercado-emprendedora-escritora-carmen-alicia-arevalo-libros-2-75x75.webp 75w, https:\/\/soymigrante.com\/revista\/wp-content\/uploads\/2025\/07\/mercado-emprendedora-escritora-carmen-alicia-arevalo-libros-2-750x750.webp 750w\" sizes=\"(max-width: 785px) 100vw, 785px\" \/>\n            <\/div>\n        <\/div><div class=\"eael-entry-wrapper\"><header class=\"eael-entry-header\"><h2 class=\"eael-entry-title\"><a class=\"eael-grid-post-link\" href=\"https:\/\/soymigrante.com\/revista\/los-libros-de-carmen-alicia-tienen-alma-de-pueblo-guatemalteco-y-estan-en-mercado\/\" title=\"Los libros de Carmen Alicia tienen alma de pueblo guatemalteco y est\u00e1n en MERCADO\">Los libros de Carmen Alicia tienen alma de pueblo guatemalteco y est\u00e1n en MERCADO<\/a><\/h2><\/header><div class=\"eael-entry-content\">\n                        <div class=\"eael-grid-post-excerpt\"><a href=\"https:\/\/soymigrante.com\/revista\/los-libros-de-carmen-alicia-tienen-alma-de-pueblo-guatemalteco-y-estan-en-mercado\/\" class=\"eael-post-elements-readmore-btn\">CONOCE SU HISTORIA <\/a><\/div>\n                    <\/div><\/div><\/div>\n        <\/div>\n    <\/article><article class=\"eael-grid-post  eael-post-grid-column eael-pg-post-49131 category-exitos-guatemala\" data-id=\"49131\">\n        <div class=\"eael-grid-post-holder\">\n            <div class=\"eael-grid-post-holder-inner\"><div class=\"eael-entry-media\"><div class=\"eael-entry-overlay fade-in\"><i class=\"far fa-hand-pointer\" aria-hidden=\"true\"><\/i><a href=\"https:\/\/soymigrante.com\/revista\/valia-zipfel-demuestra-en-usa-su-valia-escritora-coach-conferencista-y-mas\/\"><\/a><\/div><div class=\"eael-entry-thumbnail eael-image-ratio\">\n                <img loading=\"lazy\" decoding=\"async\" width=\"421\" height=\"416\" src=\"https:\/\/soymigrante.com\/revista\/wp-content\/uploads\/2025\/12\/valia-zipfel-comunicadora-escritora-coach-conferencista-guatemalteca-en-los-angeles-2.png\" class=\"attachment-large size-large wp-image-49414\" alt=\"valia zipfel comunicadora escritora coach conferencista guatemalteca en los angeles 2\" srcset=\"https:\/\/soymigrante.com\/revista\/wp-content\/uploads\/2025\/12\/valia-zipfel-comunicadora-escritora-coach-conferencista-guatemalteca-en-los-angeles-2.png 421w, https:\/\/soymigrante.com\/revista\/wp-content\/uploads\/2025\/12\/valia-zipfel-comunicadora-escritora-coach-conferencista-guatemalteca-en-los-angeles-2-300x296.png 300w, https:\/\/soymigrante.com\/revista\/wp-content\/uploads\/2025\/12\/valia-zipfel-comunicadora-escritora-coach-conferencista-guatemalteca-en-los-angeles-2-75x75.png 75w\" sizes=\"(max-width: 421px) 100vw, 421px\" \/>\n            <\/div>\n        <\/div><div class=\"eael-entry-wrapper\"><header class=\"eael-entry-header\"><h2 class=\"eael-entry-title\"><a class=\"eael-grid-post-link\" href=\"https:\/\/soymigrante.com\/revista\/valia-zipfel-demuestra-en-usa-su-valia-escritora-coach-conferencista-y-mas\/\" title=\"Valia Zipfel demuestra en USA su val\u00eda: escritora, coach, conferencista y m\u00e1s.\">Valia Zipfel demuestra en USA su val\u00eda: escritora, coach, conferencista y m\u00e1s.<\/a><\/h2><\/header><div class=\"eael-entry-content\">\n                        <div class=\"eael-grid-post-excerpt\"><a href=\"https:\/\/soymigrante.com\/revista\/valia-zipfel-demuestra-en-usa-su-valia-escritora-coach-conferencista-y-mas\/\" class=\"eael-post-elements-readmore-btn\">CONOCE SU HISTORIA <\/a><\/div>\n                    <\/div><\/div><\/div>\n        <\/div>\n    <\/article><\/div>\n            <div class=\"clearfix\"><\/div>\n        <\/div>\t\t\t\t<\/div>\n\t\t\t\t\t<\/div>\n\t\t\t\t<\/div>\n\t\t\t\t<\/div>\n\t\t","protected":false},"excerpt":{"rendered":"<p>&#8220;Si esta historia ayuda a un ni\u00f1o autista a sentirse orgulloso de ser quien es y a un padre o madre de familia a perder el miedo de buscar ayuda todo ha valido la pena&#8221;: Ana Gabriela Ur\u00edzar, abogada migratoria guatemalteca y madre de Paulina, de 6 a\u00f1os. \u201cEste libro nace del amor de una [&hellip;]<\/p>\n","protected":false},"author":7,"featured_media":48877,"comment_status":"open","ping_status":"open","sticky":false,"template":"","format":"standard","meta":{"_acf_changed":false,"_eb_attr":"","footnotes":""},"categories":[55],"tags":[],"class_list":["post-48876","post","type-post","status-publish","format-standard","has-post-thumbnail","hentry","category-bienestar"],"acf":[],"aioseo_notices":[],"aioseo_head":"\n\t\t<!-- All in One SEO Pro 4.9.6.2 - aioseo.com -->\n\t<meta name=\"description\" content=\"Escritora y conferenista guatemalteca Valia Zipfel impulsa la revaloraci\u00f3n personal y el talento de mujeres hispanas Los Angeles. Esta es su historia.\" \/>\n\t<meta name=\"robots\" content=\"max-snippet:-1, max-image-preview:large, max-video-preview:-1\" \/>\n\t<meta name=\"author\" content=\"Gustavo Montenegro\"\/>\n\t<link rel=\"canonical\" href=\"https:\/\/soymigrante.com\/revista\/valia-zipfel-demuestra-en-usa-su-valia-escritora-coach-conferencista-y-mas\/\" \/>\n\t<meta name=\"generator\" content=\"All in One SEO Pro (AIOSEO) 4.9.6.2\" \/>\n\n\t\t<link rel=\"preconnect\" href=\"https:\/\/fonts.googleapis.com\" crossorigin>\n<link rel=\"preconnect\" href=\"https:\/\/fonts.gstatic.com\" crossorigin>\n\t\t<meta property=\"og:locale\" content=\"es_ES\" \/>\n\t\t<meta property=\"og:site_name\" content=\"SoyMigrante.com REVISTA \u2013 Nuestra misi\u00f3n es reconocer y dignificar al migrante.\" \/>\n\t\t<meta property=\"og:type\" content=\"article\" \/>\n\t\t<meta property=\"og:title\" content=\"Escritora guatemalteca Valia Zipfel demuestra en USA su val\u00eda\" \/>\n\t\t<meta property=\"og:description\" content=\"Escritora y conferenista guatemalteca Valia Zipfel impulsa la revaloraci\u00f3n personal y el talento de mujeres hispanas Los Angeles. Esta es su historia.\" \/>\n\t\t<meta property=\"og:url\" content=\"https:\/\/soymigrante.com\/revista\/valia-zipfel-demuestra-en-usa-su-valia-escritora-coach-conferencista-y-mas\/\" \/>\n\t\t<meta property=\"og:image\" content=\"https:\/\/soymigrante.com\/revista\/wp-content\/uploads\/2025\/12\/valia-zipfel-comunicadora-escritora-coach-conferencista-guatemalteca-en-los-angeles-2.png\" \/>\n\t\t<meta property=\"og:image:secure_url\" content=\"https:\/\/soymigrante.com\/revista\/wp-content\/uploads\/2025\/12\/valia-zipfel-comunicadora-escritora-coach-conferencista-guatemalteca-en-los-angeles-2.png\" \/>\n\t\t<meta property=\"og:image:width\" content=\"421\" \/>\n\t\t<meta property=\"og:image:height\" content=\"416\" \/>\n\t\t<meta property=\"article:published_time\" content=\"2025-12-01T17:26:22+00:00\" \/>\n\t\t<meta property=\"article:modified_time\" content=\"2025-12-06T03:26:25+00:00\" \/>\n\t\t<meta property=\"article:publisher\" content=\"https:\/\/www.facebook.com\/soymigrantecom\" \/>\n\t\t<meta name=\"twitter:card\" content=\"summary_large_image\" \/>\n\t\t<meta name=\"twitter:site\" content=\"@SoyMigrante_com\" \/>\n\t\t<meta name=\"twitter:title\" content=\"Escritora guatemalteca Valia Zipfel demuestra en USA su val\u00eda\" \/>\n\t\t<meta name=\"twitter:description\" content=\"Escritora y conferenista guatemalteca Valia Zipfel impulsa la revaloraci\u00f3n personal y el talento de mujeres hispanas Los Angeles. Esta es su historia.\" \/>\n\t\t<meta name=\"twitter:creator\" content=\"@SoyMigrante_com\" \/>\n\t\t<meta name=\"twitter:image\" content=\"https:\/\/soymigrante.com\/revista\/wp-content\/uploads\/2025\/12\/valia-zipfel-comunicadora-escritora-coach-conferencista-guatemalteca-en-los-angeles-2.png\" \/>\n\t\t<!-- All in One SEO Pro -->\r\n\t\t<title>Escritora guatemalteca Valia Zipfel demuestra en USA su val\u00eda<\/title>\n\n","aioseo_head_json":{"title":"Escritora guatemalteca Valia Zipfel demuestra en USA su val\u00eda","description":"Escritora y conferenista guatemalteca Valia Zipfel impulsa la revaloraci\u00f3n personal y el talento de mujeres hispanas Los Angeles. Esta es su historia.","canonical_url":"https:\/\/soymigrante.com\/revista\/valia-zipfel-demuestra-en-usa-su-valia-escritora-coach-conferencista-y-mas\/","robots":"max-snippet:-1, max-image-preview:large, max-video-preview:-1","keywords":"","webmasterTools":{"miscellaneous":"&lt;link rel=\"preconnect\" href=\"https:\/\/fonts.googleapis.com\" crossorigin&gt;\n&lt;link rel=\"preconnect\" href=\"https:\/\/fonts.gstatic.com\" crossorigin&gt;"},"schema":null,"og:locale":"es_ES","og:site_name":"SoyMigrante.com REVISTA \u2013 Nuestra misi\u00f3n es reconocer y dignificar al migrante.","og:type":"article","og:title":"Escritora guatemalteca Valia Zipfel demuestra en USA su val\u00eda","og:description":"Escritora y conferenista guatemalteca Valia Zipfel impulsa la revaloraci\u00f3n personal y el talento de mujeres hispanas Los Angeles. Esta es su historia.","og:url":"https:\/\/soymigrante.com\/revista\/valia-zipfel-demuestra-en-usa-su-valia-escritora-coach-conferencista-y-mas\/","og:image":"https:\/\/soymigrante.com\/revista\/wp-content\/uploads\/2025\/12\/valia-zipfel-comunicadora-escritora-coach-conferencista-guatemalteca-en-los-angeles-2.png","og:image:secure_url":"https:\/\/soymigrante.com\/revista\/wp-content\/uploads\/2025\/12\/valia-zipfel-comunicadora-escritora-coach-conferencista-guatemalteca-en-los-angeles-2.png","og:image:width":421,"og:image:height":416,"article:published_time":"2025-12-01T17:26:22+00:00","article:modified_time":"2025-12-06T03:26:25+00:00","article:publisher":"https:\/\/www.facebook.com\/soymigrantecom","twitter:card":"summary_large_image","twitter:site":"@SoyMigrante_com","twitter:title":"Escritora guatemalteca Valia Zipfel demuestra en USA su val\u00eda","twitter:description":"Escritora y conferenista guatemalteca Valia Zipfel impulsa la revaloraci\u00f3n personal y el talento de mujeres hispanas Los Angeles. Esta es su historia.","twitter:creator":"@SoyMigrante_com","twitter:image":"https:\/\/soymigrante.com\/revista\/wp-content\/uploads\/2025\/12\/valia-zipfel-comunicadora-escritora-coach-conferencista-guatemalteca-en-los-angeles-2.png"},"aioseo_meta_data":{"post_id":"48876","title":"Un libro para ni\u00f1os autistas con todo el amor de mam\u00e1","description":"Lili Aprende a Usar sus Superpoderes, libro infantil escrito por la abogada migrante guatemalteca Ana Ur\u00edzar en NY, para ni\u00f1os con autismo como su hija. Conoce m\u00e1s","keywords":null,"keyphrases":{"focus":{"keyphrase":"Libro","score":91,"analysis":{"keyphraseInTitle":{"score":9,"maxScore":9,"error":0},"keyphraseInDescription":{"score":9,"maxScore":9,"error":0},"keyphraseLength":{"score":9,"maxScore":9,"error":0,"length":1},"keyphraseInURL":{"score":5,"maxScore":5,"error":0},"keyphraseInIntroduction":{"score":9,"maxScore":9,"error":0},"keyphraseInSubHeadings":{"score":3,"maxScore":9,"error":1},"keyphraseInImageAlt":{"score":9,"maxScore":9,"error":0},"keywordDensity":{"type":"best","score":9,"maxScore":9,"error":0}}},"additional":[{"keyphrase":"Migrante","score":67,"analysis":{"keyphraseInDescription":{"score":9,"maxScore":9,"error":0},"keyphraseLength":{"score":9,"maxScore":9,"error":0,"length":1},"keyphraseInIntroduction":{"score":3,"maxScore":9,"error":1},"keyphraseInImageAlt":{"score":9,"maxScore":9,"error":0},"keywordDensity":{"score":0,"type":"low","maxScore":9,"error":1}}},{"keyphrase":"Abogada","score":53,"analysis":{"keyphraseInDescription":{"score":9,"maxScore":9,"error":0},"keyphraseLength":{"score":9,"maxScore":9,"error":0,"length":1},"keyphraseInIntroduction":{"score":3,"maxScore":9,"error":1},"keyphraseInImageAlt":{"score":3,"maxScore":9,"error":1},"keywordDensity":{"score":0,"type":"low","maxScore":9,"error":1}}},{"keyphrase":"Guatemalteca","score":53,"analysis":{"keyphraseInDescription":{"score":9,"maxScore":9,"error":0},"keyphraseLength":{"score":9,"maxScore":9,"error":0,"length":1},"keyphraseInIntroduction":{"score":3,"maxScore":9,"error":1},"keyphraseInImageAlt":{"score":3,"maxScore":9,"error":1},"keywordDensity":{"score":0,"type":"low","maxScore":9,"error":1}}}]},"primary_term":null,"canonical_url":null,"og_title":null,"og_description":null,"og_object_type":"default","og_image_type":"default","og_image_url":null,"og_image_width":null,"og_image_height":null,"og_image_custom_url":null,"og_image_custom_fields":null,"og_video":"","og_custom_url":null,"og_article_section":null,"og_article_tags":null,"twitter_use_og":false,"twitter_card":"default","twitter_image_type":"default","twitter_image_url":null,"twitter_image_custom_url":null,"twitter_image_custom_fields":null,"twitter_title":null,"twitter_description":null,"schema":{"blockGraphs":[],"customGraphs":[],"default":{"data":{"Article":[],"Course":[],"Dataset":[],"FAQPage":[],"Movie":[],"Person":[],"Product":[],"ProductReview":[],"Car":[],"Recipe":[],"Service":[],"SoftwareApplication":[],"WebPage":[]},"graphName":"NewsArticle","isEnabled":true},"graphs":[]},"schema_type":"default","schema_type_options":null,"pillar_content":false,"robots_default":true,"robots_noindex":false,"robots_noarchive":false,"robots_nosnippet":false,"robots_nofollow":false,"robots_noimageindex":false,"robots_noodp":false,"robots_notranslate":false,"robots_max_snippet":"-1","robots_max_videopreview":"-1","robots_max_imagepreview":"large","priority":null,"frequency":"default","local_seo":null,"seo_analyzer_scan_date":"2026-02-02 14:32:15","breadcrumb_settings":null,"limit_modified_date":false,"reviewed_by":"0","open_ai":null,"ai":{"faqs":[],"keyPoints":[],"titles":[],"descriptions":[],"socialPosts":{"email":[],"linkedin":[],"twitter":[],"facebook":[],"instagram":[]}},"created":"2025-11-21 19:09:11","updated":"2026-03-06 15:45:35"},"aioseo_breadcrumb":"<div class=\"aioseo-breadcrumbs\"><span class=\"aioseo-breadcrumb\">\n\t<a href=\"https:\/\/soymigrante.com\/revista\" title=\"Home\">Home<\/a>\n<\/span><span class=\"aioseo-breadcrumb-separator\">\u00bb<\/span><span class=\"aioseo-breadcrumb\">\n\t<a href=\"https:\/\/soymigrante.com\/revista\/category\/bienestar\/\" title=\"Bienestar\">Bienestar<\/a>\n<\/span><span class=\"aioseo-breadcrumb-separator\">\u00bb<\/span><span class=\"aioseo-breadcrumb\">\n\tAna Ur\u00edzar, madre y abogada migrante guatemalteca, publica libro infantil para su hija autista\n<\/span><\/div>","aioseo_breadcrumb_json":[{"label":"Home","link":"https:\/\/soymigrante.com\/revista"},{"label":"Bienestar","link":"https:\/\/soymigrante.com\/revista\/category\/bienestar\/"},{"label":"Ana Ur\u00edzar, madre y abogada migrante guatemalteca, publica libro infantil para su hija autista","link":"https:\/\/soymigrante.com\/revista\/ana-urizar-madre-y-abogada-migrante-guatemalteca-publica-libro-infantil-para-su-hija-autista\/"}],"_links":{"self":[{"href":"https:\/\/soymigrante.com\/revista\/wp-json\/wp\/v2\/posts\/48876","targetHints":{"allow":["GET"]}}],"collection":[{"href":"https:\/\/soymigrante.com\/revista\/wp-json\/wp\/v2\/posts"}],"about":[{"href":"https:\/\/soymigrante.com\/revista\/wp-json\/wp\/v2\/types\/post"}],"author":[{"embeddable":true,"href":"https:\/\/soymigrante.com\/revista\/wp-json\/wp\/v2\/users\/7"}],"replies":[{"embeddable":true,"href":"https:\/\/soymigrante.com\/revista\/wp-json\/wp\/v2\/comments?post=48876"}],"version-history":[{"count":22,"href":"https:\/\/soymigrante.com\/revista\/wp-json\/wp\/v2\/posts\/48876\/revisions"}],"predecessor-version":[{"id":51751,"href":"https:\/\/soymigrante.com\/revista\/wp-json\/wp\/v2\/posts\/48876\/revisions\/51751"}],"wp:featuredmedia":[{"embeddable":true,"href":"https:\/\/soymigrante.com\/revista\/wp-json\/wp\/v2\/media\/48877"}],"wp:attachment":[{"href":"https:\/\/soymigrante.com\/revista\/wp-json\/wp\/v2\/media?parent=48876"}],"wp:term":[{"taxonomy":"category","embeddable":true,"href":"https:\/\/soymigrante.com\/revista\/wp-json\/wp\/v2\/categories?post=48876"},{"taxonomy":"post_tag","embeddable":true,"href":"https:\/\/soymigrante.com\/revista\/wp-json\/wp\/v2\/tags?post=48876"}],"curies":[{"name":"wp","href":"https:\/\/api.w.org\/{rel}","templated":true}]}}