{"id":4880,"date":"2024-02-15T22:48:37","date_gmt":"2024-02-16T04:48:37","guid":{"rendered":"https:\/\/soymigrante.com\/revista\/?p=4880"},"modified":"2024-04-30T06:07:37","modified_gmt":"2024-04-30T12:07:37","slug":"migrantes-guatemaltecos-apoyaron-jornada-medica-en-occidente-del-pais","status":"publish","type":"post","link":"https:\/\/soymigrante.com\/revista\/migrantes-guatemaltecos-apoyaron-jornada-medica-en-occidente-del-pais\/","title":{"rendered":"Solidaridad migrante acompa\u00f1a misi\u00f3n de m\u00e9dicos de EE.UU. en Xela y Totonicap\u00e1n"},"content":{"rendered":"\t\t<div data-elementor-type=\"wp-post\" data-elementor-id=\"4880\" class=\"elementor elementor-4880\" data-elementor-post-type=\"post\">\n\t\t\t\t\t\t<section data-particle_enable=\"false\" data-particle-mobile-disabled=\"false\" class=\"elementor-section elementor-top-section elementor-element elementor-element-5592e8d elementor-section-boxed elementor-section-height-default elementor-section-height-default\" data-id=\"5592e8d\" data-element_type=\"section\" data-e-type=\"section\">\n\t\t\t\t\t\t<div class=\"elementor-container elementor-column-gap-default\">\n\t\t\t\t\t<div class=\"elementor-column elementor-col-100 elementor-top-column elementor-element elementor-element-74731ac\" data-id=\"74731ac\" data-element_type=\"column\" data-e-type=\"column\">\n\t\t\t<div class=\"elementor-widget-wrap elementor-element-populated\">\n\t\t\t\t\t\t<div class=\"elementor-element elementor-element-26e1cbe elementor-widget elementor-widget-heading\" data-id=\"26e1cbe\" data-element_type=\"widget\" data-e-type=\"widget\" data-widget_type=\"heading.default\">\n\t\t\t\t\t<h1 class=\"elementor-heading-title elementor-size-default\">Una misi\u00f3n m\u00e9dica  de la Universidad Estatal de Oklahoma  se desarrolla  en comunidades del occidente de Guatemala. Van m\u00e1s de 900 pacientes atendidos, de todas edades. En ella participa  Limayre Gramajo,  hija de los migrantes guatemaltecos Jairo y Sara, originarios de Quetzaltenango.<\/h1>\t\t\t\t<\/div>\n\t\t\t\t\t<\/div>\n\t\t<\/div>\n\t\t\t\t\t<\/div>\n\t\t<\/section>\n\t\t\t\t<section data-particle_enable=\"false\" data-particle-mobile-disabled=\"false\" class=\"elementor-section elementor-top-section elementor-element elementor-element-70f0684 elementor-section-boxed elementor-section-height-default elementor-section-height-default\" data-id=\"70f0684\" data-element_type=\"section\" data-e-type=\"section\">\n\t\t\t\t\t\t<div class=\"elementor-container elementor-column-gap-default\">\n\t\t\t\t\t<div class=\"elementor-column elementor-col-100 elementor-top-column elementor-element elementor-element-72c2b4a\" data-id=\"72c2b4a\" data-element_type=\"column\" data-e-type=\"column\">\n\t\t\t<div class=\"elementor-widget-wrap elementor-element-populated\">\n\t\t\t\t\t\t<div class=\"elementor-element elementor-element-9753681 elementor-widget elementor-widget-video\" data-id=\"9753681\" data-element_type=\"widget\" data-e-type=\"widget\" data-settings=\"{&quot;youtube_url&quot;:&quot;https:\\\/\\\/youtu.be\\\/pxymyjKlvTE&quot;,&quot;autoplay&quot;:&quot;yes&quot;,&quot;video_type&quot;:&quot;youtube&quot;}\" data-widget_type=\"video.default\">\n\t\t\t\t\t\t\t<div class=\"elementor-wrapper elementor-open-inline\">\n\t\t\t<div class=\"elementor-video\"><\/div>\t\t<\/div>\n\t\t\t\t\t\t<\/div>\n\t\t\t\t\t<\/div>\n\t\t<\/div>\n\t\t\t\t\t<\/div>\n\t\t<\/section>\n\t\t\t\t<section data-particle_enable=\"false\" data-particle-mobile-disabled=\"false\" class=\"elementor-section elementor-top-section elementor-element elementor-element-8ec2a3a elementor-section-boxed elementor-section-height-default elementor-section-height-default\" data-id=\"8ec2a3a\" data-element_type=\"section\" data-e-type=\"section\">\n\t\t\t\t\t\t<div class=\"elementor-container elementor-column-gap-default\">\n\t\t\t\t\t<div class=\"elementor-column elementor-col-100 elementor-top-column elementor-element elementor-element-9d0d1c1\" data-id=\"9d0d1c1\" data-element_type=\"column\" data-e-type=\"column\">\n\t\t\t<div class=\"elementor-widget-wrap elementor-element-populated\">\n\t\t\t\t\t\t<div class=\"elementor-element elementor-element-047c957 elementor-widget elementor-widget-text-editor\" data-id=\"047c957\" data-element_type=\"widget\" data-e-type=\"widget\" data-widget_type=\"text-editor.default\">\n\t\t\t\t\t\t\t\t\t<p><span style=\"font-weight: 400;\">Enfermedades respiratorias, gripes, alergias y artritis, son algunos de los cuadros detectados por la misi\u00f3n de 18 m\u00e9dicos y estudiantes de medicina que est\u00e1n por graduarse de la Universidad de Oklahoma, Estados Unidos, quienes desde el 7 de febrero efect\u00faan una misi\u00f3n m\u00e9dica en comunidades de Quetzaltenango y Totonicap\u00e1n, Guatemala.\u00a0<\/span><\/p><p>Esta misi\u00f3n cuenta con el apoyo de dicha casa de estudios, pero tambi\u00e9n de la comunidad migrante guatemalteca en Oklahoma, que don\u00f3 insumos m\u00e9dicos y tambi\u00e9n recursos que permitieron el viaje de la doctora Limayre Gramajo, estadounidense de padres guatemaltecos, cuyo mayor anhelo era servir a la comunidad de donde proviene su familia.\u00a0<span style=\"font-weight: 400; color: var( --e-global-color-text );\">\u00a0\u201cObservamos una amplia variedad de necesidades entre los pacientes, y lamentablemente se detectaron casos que requer\u00edan ex\u00e1menes adicionales debido a s\u00edntomas preocupantes asociados con posibles patolog\u00edas malignas\u201d\u00a0 dice Limayre.<\/span><\/p><p><span style=\"font-weight: 400; color: var( --e-global-color-text );\">Centros de salud de varias comunidades se han llenado de personas en busca de atenci\u00f3n m\u00e9dica. En cada d\u00eda han sido atendidas unas 100 personas, en promedio.\u00a0<\/span><span style=\"font-weight: 400; color: var( --e-global-color-text );\">&#8220;Nos llena de alegr\u00eda poder servir y estamos profundamente agradecidos por la oportunidad de compartir nuestros recursos y conocimientos con la comunidad. Queremos expresar nuestro m\u00e1s sincero agradecimiento por recibirnos con tanta hospitalidad y calidez\u201d, agrega Limayre.<\/span><\/p>\t\t\t\t\t\t\t\t<\/div>\n\t\t\t\t\t<\/div>\n\t\t<\/div>\n\t\t\t\t\t<\/div>\n\t\t<\/section>\n\t\t\t\t<section data-particle_enable=\"false\" data-particle-mobile-disabled=\"false\" class=\"elementor-section elementor-top-section elementor-element elementor-element-900416c elementor-section-boxed elementor-section-height-default elementor-section-height-default\" data-id=\"900416c\" data-element_type=\"section\" data-e-type=\"section\">\n\t\t\t\t\t\t<div class=\"elementor-container elementor-column-gap-default\">\n\t\t\t\t\t<div class=\"elementor-column elementor-col-100 elementor-top-column elementor-element elementor-element-6fab3f3\" data-id=\"6fab3f3\" data-element_type=\"column\" data-e-type=\"column\">\n\t\t\t<div class=\"elementor-widget-wrap elementor-element-populated\">\n\t\t\t\t\t\t<div class=\"elementor-element elementor-element-76f4de8 elementor-grid-eael-col-1 elementor-grid-tablet-eael-col-2 elementor-grid-mobile-eael-col-1 elementor-widget elementor-widget-eael-post-grid\" data-id=\"76f4de8\" data-element_type=\"widget\" data-e-type=\"widget\" data-settings=\"{&quot;eael_post_grid_columns&quot;:&quot;eael-col-1&quot;,&quot;eael_post_grid_columns_tablet&quot;:&quot;eael-col-2&quot;,&quot;eael_post_grid_columns_mobile&quot;:&quot;eael-col-1&quot;}\" data-widget_type=\"eael-post-grid.default\">\n\t\t\t\t\t<div id=\"eael-post-grid-76f4de8\" class=\"eael-post-grid-container\">\n            <div class=\"eael-post-grid eael-post-appender eael-post-appender-76f4de8 eael-post-grid-style-one\" data-layout-mode=\"masonry\"><article class=\"eael-grid-post  eael-post-grid-column eael-pg-post-4451 category-exitos\" data-id=\"4451\">\n        <div class=\"eael-grid-post-holder\">\n            <div class=\"eael-grid-post-holder-inner\"><div class=\"eael-entry-media\"><div class=\"eael-entry-overlay fade-in\"><i class=\"fas fa-hand-pointer\" aria-hidden=\"true\"><\/i><a href=\"https:\/\/soymigrante.com\/revista\/hija-migrantes-guatemaltecos-limayre-gramajo-medicina-mision-quetzaltenango\/\"><\/a><\/div><div class=\"eael-entry-thumbnail \">\n                <img fetchpriority=\"high\" decoding=\"async\" width=\"300\" height=\"225\" src=\"https:\/\/soymigrante.com\/revista\/wp-content\/uploads\/2024\/01\/limayre-otra-e1705507360409-300x225.webp\" class=\"attachment-medium size-medium wp-image-4460\" alt=\"\" srcset=\"https:\/\/soymigrante.com\/revista\/wp-content\/uploads\/2024\/01\/limayre-otra-e1705507360409-300x225.webp 300w, https:\/\/soymigrante.com\/revista\/wp-content\/uploads\/2024\/01\/limayre-otra-e1705507360409-768x576.webp 768w, https:\/\/soymigrante.com\/revista\/wp-content\/uploads\/2024\/01\/limayre-otra-e1705507360409-750x563.webp 750w, https:\/\/soymigrante.com\/revista\/wp-content\/uploads\/2024\/01\/limayre-otra-e1705507360409.webp 814w\" sizes=\"(max-width: 300px) 100vw, 300px\" \/>\n            <\/div>\n        <\/div><div class=\"eael-entry-wrapper\"><header class=\"eael-entry-header\"><h2 class=\"eael-entry-title\"><a class=\"eael-grid-post-link\" href=\"https:\/\/soymigrante.com\/revista\/hija-migrantes-guatemaltecos-limayre-gramajo-medicina-mision-quetzaltenango\/\" title=\"Limayre Gramajo, de familia migrante, participa con misi\u00f3n m\u00e9dica de EE.UU. en\">Limayre Gramajo, de familia migrante, participa con misi\u00f3n m\u00e9dica de EE.UU. en<\/a><\/h2><\/header><div class=\"eael-entry-content\">\n                        <div class=\"eael-grid-post-excerpt\"><p>Mejorar la salud a la comunidad migrante hispana es una...<\/p><a href=\"https:\/\/soymigrante.com\/revista\/hija-migrantes-guatemaltecos-limayre-gramajo-medicina-mision-quetzaltenango\/\" class=\"eael-post-elements-readmore-btn\">Leer m\u00e1s<\/a><\/div>\n                    <\/div><\/div><\/div>\n        <\/div>\n    <\/article><\/div>\n            <div class=\"clearfix\"><\/div>\n        <\/div>\t\t\t\t<\/div>\n\t\t\t\t\t<\/div>\n\t\t<\/div>\n\t\t\t\t\t<\/div>\n\t\t<\/section>\n\t\t\t\t<section data-particle_enable=\"false\" data-particle-mobile-disabled=\"false\" class=\"elementor-section elementor-top-section elementor-element elementor-element-db9dda1 elementor-section-boxed elementor-section-height-default elementor-section-height-default\" data-id=\"db9dda1\" data-element_type=\"section\" data-e-type=\"section\">\n\t\t\t\t\t\t<div class=\"elementor-container elementor-column-gap-default\">\n\t\t\t\t\t<div class=\"elementor-column elementor-col-100 elementor-top-column elementor-element elementor-element-c0b5fc2\" data-id=\"c0b5fc2\" data-element_type=\"column\" data-e-type=\"column\">\n\t\t\t<div class=\"elementor-widget-wrap elementor-element-populated\">\n\t\t\t\t\t\t<div class=\"elementor-element elementor-element-4d97646 elementor-widget elementor-widget-heading\" data-id=\"4d97646\" data-element_type=\"widget\" data-e-type=\"widget\" data-widget_type=\"heading.default\">\n\t\t\t\t\t<h2 class=\"elementor-heading-title elementor-size-default\">Una misi\u00f3n desde la ra\u00edz \n<\/h2>\t\t\t\t<\/div>\n\t\t\t\t\t<\/div>\n\t\t<\/div>\n\t\t\t\t\t<\/div>\n\t\t<\/section>\n\t\t\t\t<section data-particle_enable=\"false\" data-particle-mobile-disabled=\"false\" class=\"elementor-section elementor-top-section elementor-element elementor-element-6320b25 elementor-section-boxed elementor-section-height-default elementor-section-height-default\" data-id=\"6320b25\" data-element_type=\"section\" data-e-type=\"section\">\n\t\t\t\t\t\t<div class=\"elementor-container elementor-column-gap-default\">\n\t\t\t\t\t<div class=\"elementor-column elementor-col-100 elementor-top-column elementor-element elementor-element-367ebb1\" data-id=\"367ebb1\" data-element_type=\"column\" data-e-type=\"column\">\n\t\t\t<div class=\"elementor-widget-wrap elementor-element-populated\">\n\t\t\t\t\t\t<div class=\"elementor-element elementor-element-59d0fdc elementor-widget elementor-widget-text-editor\" data-id=\"59d0fdc\" data-element_type=\"widget\" data-e-type=\"widget\" data-widget_type=\"text-editor.default\">\n\t\t\t\t\t\t\t\t\t<p><span style=\"font-weight: 400; color: var( --e-global-color-text );\">&#8220;Somos estudiantes del \u00faltimo a\u00f1o de medicina. En el mes de mayo nos graduamos como m\u00e9dicos en diversas especialidades, en mi caso, como ginec\u00f3loga obstetra. Aqu\u00ed estamos ejerciendo como m\u00e9dicos y los supervisores solo se encargan de asegurar que los diagn\u00f3sticos sean adecuados&#8221;, relat\u00f3 Limayre durante un breve descanso, en una de las cl\u00ednicas m\u00f3viles instaladas.<\/span><\/p><p><span style=\"font-weight: 400;\">Esta jornada m\u00e9dica fue coordinada con la Universidad Estatal de Oklahoma, en Estados Unidos. &#8220;La universidad se encarg\u00f3 de todos los aspectos, tienen un programa de rotaciones globales donde priorizan ciertos pa\u00edses como Per\u00fa, M\u00e9xico, Costa Rica, \u00c1frica y otros lugares del mundo&#8221;.<\/span><\/p><p>Al ver esta oportunidad de atender a su gente, Limayre\u00a0decidi\u00f3 coordinar con la comunidad migrante guatemalteca radicada en Oklahoma para recaudar insumos y medicamentos para esta misi\u00f3n, as\u00ed mismo como apoyo a la universidad. &#8220;Con el respaldo de las familias en Oklahoma, logramos recaudar insumos como toallas sanitarias, jabones, cepillos de dientes y algunos medicamentos. Me movilic\u00e9 para obtener m\u00e1s recursos y traerlos a Xela&#8221; mencion\u00f3.<\/p>\t\t\t\t\t\t\t\t<\/div>\n\t\t\t\t\t<\/div>\n\t\t<\/div>\n\t\t\t\t\t<\/div>\n\t\t<\/section>\n\t\t\t\t<section data-particle_enable=\"false\" data-particle-mobile-disabled=\"false\" class=\"elementor-section elementor-top-section elementor-element elementor-element-3ea957f elementor-section-boxed elementor-section-height-default elementor-section-height-default\" data-id=\"3ea957f\" data-element_type=\"section\" data-e-type=\"section\">\n\t\t\t\t\t\t<div class=\"elementor-container elementor-column-gap-default\">\n\t\t\t\t\t<div class=\"elementor-column elementor-col-100 elementor-top-column elementor-element elementor-element-c341dcc\" data-id=\"c341dcc\" data-element_type=\"column\" data-e-type=\"column\">\n\t\t\t<div class=\"elementor-widget-wrap elementor-element-populated\">\n\t\t\t\t\t\t<div class=\"elementor-element elementor-element-9dd184e elementor-widget elementor-widget-image\" data-id=\"9dd184e\" data-element_type=\"widget\" data-e-type=\"widget\" data-widget_type=\"image.default\">\n\t\t\t\t\t\t\t\t\t\t\t\t<figure class=\"wp-caption\">\n\t\t\t\t\t\t\t\t\t\t<img decoding=\"async\" width=\"300\" height=\"300\" src=\"https:\/\/soymigrante.com\/revista\/wp-content\/uploads\/2024\/02\/Doctora-Limary-300x300.webp\" class=\"attachment-medium size-medium wp-image-4903\" alt=\"Limayre Gramajo, hija de migrantes guatemaltecos, est\u00e1 a punto de graduarse como ginec\u00f3loga obstetra gracias al apoyo de becas y pr\u00e9stamos estudiantiles. Motivada por la misi\u00f3n en Guatemala, se comprometi\u00f3 a recolectar insumos para las comunidades atendidas durante la jornada, cuenta con el respaldo solidario de la comunidad migrante guatemalteca establecida en Oklahoma\" srcset=\"https:\/\/soymigrante.com\/revista\/wp-content\/uploads\/2024\/02\/Doctora-Limary-300x300.webp 300w, https:\/\/soymigrante.com\/revista\/wp-content\/uploads\/2024\/02\/Doctora-Limary-150x150.webp 150w, https:\/\/soymigrante.com\/revista\/wp-content\/uploads\/2024\/02\/Doctora-Limary-768x768.webp 768w, https:\/\/soymigrante.com\/revista\/wp-content\/uploads\/2024\/02\/Doctora-Limary-75x75.webp 75w, https:\/\/soymigrante.com\/revista\/wp-content\/uploads\/2024\/02\/Doctora-Limary-750x750.webp 750w, https:\/\/soymigrante.com\/revista\/wp-content\/uploads\/2024\/02\/Doctora-Limary-600x600.webp 600w, https:\/\/soymigrante.com\/revista\/wp-content\/uploads\/2024\/02\/Doctora-Limary.webp 800w\" sizes=\"(max-width: 300px) 100vw, 300px\" \/>\t\t\t\t\t\t\t\t\t\t\t<figcaption class=\"widget-image-caption wp-caption-text\">Limayre Gramajo, hija de migrantes guatemaltecos, est\u00e1 a punto de graduarse como ginec\u00f3loga obstetra gracias al apoyo de becas y pr\u00e9stamos estudiantiles. Motivada por la misi\u00f3n en Guatemala, se comprometi\u00f3 a recolectar insumos para las comunidades atendidas durante la jornada, cuenta con el respaldo solidario de la comunidad migrante guatemalteca establecida en Oklahoma<\/figcaption>\n\t\t\t\t\t\t\t\t\t\t<\/figure>\n\t\t\t\t\t\t\t\t\t<\/div>\n\t\t\t\t\t<\/div>\n\t\t<\/div>\n\t\t\t\t\t<\/div>\n\t\t<\/section>\n\t\t\t\t<section data-particle_enable=\"false\" data-particle-mobile-disabled=\"false\" class=\"elementor-section elementor-top-section elementor-element elementor-element-5359868 elementor-section-boxed elementor-section-height-default elementor-section-height-default\" data-id=\"5359868\" data-element_type=\"section\" data-e-type=\"section\">\n\t\t\t\t\t\t<div class=\"elementor-container elementor-column-gap-default\">\n\t\t\t\t\t<div class=\"elementor-column elementor-col-100 elementor-top-column elementor-element elementor-element-e1769ac\" data-id=\"e1769ac\" data-element_type=\"column\" data-e-type=\"column\">\n\t\t\t<div class=\"elementor-widget-wrap elementor-element-populated\">\n\t\t\t\t\t\t<div class=\"elementor-element elementor-element-87497b0 elementor-widget elementor-widget-heading\" data-id=\"87497b0\" data-element_type=\"widget\" data-e-type=\"widget\" data-widget_type=\"heading.default\">\n\t\t\t\t\t<h2 class=\"elementor-heading-title elementor-size-default\">Recepci\u00f3n cari\u00f1osa en cada comunidad \n<\/h2>\t\t\t\t<\/div>\n\t\t\t\t\t<\/div>\n\t\t<\/div>\n\t\t\t\t\t<\/div>\n\t\t<\/section>\n\t\t\t\t<section data-particle_enable=\"false\" data-particle-mobile-disabled=\"false\" class=\"elementor-section elementor-top-section elementor-element elementor-element-6cac1a6 elementor-section-boxed elementor-section-height-default elementor-section-height-default\" data-id=\"6cac1a6\" data-element_type=\"section\" data-e-type=\"section\">\n\t\t\t\t\t\t<div class=\"elementor-container elementor-column-gap-default\">\n\t\t\t\t\t<div class=\"elementor-column elementor-col-100 elementor-top-column elementor-element elementor-element-f5bed16\" data-id=\"f5bed16\" data-element_type=\"column\" data-e-type=\"column\">\n\t\t\t<div class=\"elementor-widget-wrap elementor-element-populated\">\n\t\t\t\t\t\t<div class=\"elementor-element elementor-element-fc8d551 elementor-widget elementor-widget-text-editor\" data-id=\"fc8d551\" data-element_type=\"widget\" data-e-type=\"widget\" data-widget_type=\"text-editor.default\">\n\t\t\t\t\t\t\t\t\t<p><span style=\"font-weight: 400; color: var( --e-global-color-text );\">Con amor y entusiasmo, Limayre describi\u00f3 su llegada a las comunidades guatemaltecas. Ha sido recibida con gratitud y paciencia por todas las personas a las que ha atendido. Desde el momento en que pis\u00f3 suelo guatemalteco, se conect\u00f3 con sus ra\u00edces.\u00a0<\/span><span style=\"font-weight: 400; color: var( --e-global-color-text );\">Ella estuvo a cargo de atenci\u00f3n ginecol\u00f3gica. Ha brindado servicios como el Papanicolau y ex\u00e1menes para detectar tumores de mama.<\/span><\/p><p><span style=\"font-weight: 400;\">La intenci\u00f3n de\u00a0<\/span><span style=\"font-family: Roboto, sans-serif; font-size: 16px; font-style: normal; font-variant-ligatures: normal; font-variant-caps: normal; font-weight: 400;\">Limayre<\/span><span style=\"font-weight: 400;\">\u00a0va m\u00e1s all\u00e1 de esta misi\u00f3n. Quiere comprender la realidad de\u00a0 Guatemala y a futuro poder regresar con m\u00e1s frecuencia para ofrecer sus conocimientos m\u00e9dicos.\u00a0 Su meta a largo plazo es establecer centros de atenci\u00f3n m\u00e9dica en Guatemala en los pr\u00f3ximos diez a\u00f1os.\u00a0<\/span><span style=\"font-family: Roboto, sans-serif; font-size: 16px; font-style: normal; font-variant-ligatures: normal; font-variant-caps: normal; font-weight: 400; color: var( --e-global-color-text );\">Su pasi\u00f3n por atender a la comunidad hispana en Oklahoma se ha fortalecido con esta experiencia.<\/span><\/p><p><span style=\"font-weight: 400;\">&#8220;Todos tenemos un prop\u00f3sito y al alcanzar nuestras metas, llevamos con nosotros el orgullo de ser guatemaltecos. Por esta raz\u00f3n, es fundamental regresar y contribuir al desarrollo de nuestra comunidad en Guatemala&#8221;<\/span><\/p>\t\t\t\t\t\t\t\t<\/div>\n\t\t\t\t\t<\/div>\n\t\t<\/div>\n\t\t\t\t\t<\/div>\n\t\t<\/section>\n\t\t\t\t<section data-particle_enable=\"false\" data-particle-mobile-disabled=\"false\" class=\"elementor-section elementor-top-section elementor-element elementor-element-87bdfab elementor-section-boxed elementor-section-height-default elementor-section-height-default\" data-id=\"87bdfab\" data-element_type=\"section\" data-e-type=\"section\">\n\t\t\t\t\t\t<div class=\"elementor-container elementor-column-gap-default\">\n\t\t\t\t\t<div class=\"elementor-column elementor-col-100 elementor-top-column elementor-element elementor-element-a4b7c69\" data-id=\"a4b7c69\" data-element_type=\"column\" data-e-type=\"column\">\n\t\t\t<div class=\"elementor-widget-wrap elementor-element-populated\">\n\t\t\t\t\t\t<div class=\"elementor-element elementor-element-50c9e47 elementor-arrows-position-inside elementor-pagination-position-outside elementor-widget elementor-widget-image-carousel\" data-id=\"50c9e47\" data-element_type=\"widget\" data-e-type=\"widget\" data-settings=\"{&quot;slides_to_show&quot;:&quot;1&quot;,&quot;navigation&quot;:&quot;both&quot;,&quot;autoplay&quot;:&quot;yes&quot;,&quot;pause_on_hover&quot;:&quot;yes&quot;,&quot;pause_on_interaction&quot;:&quot;yes&quot;,&quot;autoplay_speed&quot;:5000,&quot;infinite&quot;:&quot;yes&quot;,&quot;effect&quot;:&quot;slide&quot;,&quot;speed&quot;:500}\" data-widget_type=\"image-carousel.default\">\n\t\t\t\t\t\t\t<div class=\"elementor-image-carousel-wrapper swiper\" role=\"region\" aria-roledescription=\"carousel\" aria-label=\"Carrusel de im\u00e1genes\" dir=\"ltr\">\n\t\t\t<div class=\"elementor-image-carousel swiper-wrapper\" aria-live=\"off\">\n\t\t\t\t\t\t\t\t<div class=\"swiper-slide\" role=\"group\" aria-roledescription=\"slide\" aria-label=\"1 de 5\"><figure class=\"swiper-slide-inner\"><img decoding=\"async\" class=\"swiper-slide-image\" src=\"https:\/\/soymigrante.com\/revista\/wp-content\/uploads\/2024\/02\/portada--768x473.webp\" alt=\"Limary Gramajo lidero y formo parte de la misi\u00f3n medica en los departamentos de Quetzaltenango y Totonicap\u00e1n, Guatemala\" \/><figcaption class=\"elementor-image-carousel-caption\">Limary Gramajo medica especialista en ginecolog\u00eda  lidero y formo parte de la misi\u00f3n medica en los departamentos de Quetzaltenango y Totonicap\u00e1n, Guatemala<\/figcaption><\/figure><\/div><div class=\"swiper-slide\" role=\"group\" aria-roledescription=\"slide\" aria-label=\"2 de 5\"><figure class=\"swiper-slide-inner\"><img decoding=\"async\" class=\"swiper-slide-image\" src=\"https:\/\/soymigrante.com\/revista\/wp-content\/uploads\/2024\/02\/Se-conto-con-traductores--768x473.webp\" alt=\"Durante dos semanas, m\u00e9dicos especialistas se sumaron a la jornada, brindando atenci\u00f3n a aproximadamente cien personas diariamente, incluyendo ni\u00f1os, ni\u00f1as, hombres y mujeres.\" \/><figcaption class=\"elementor-image-carousel-caption\">Durante dos semanas, m\u00e9dicos especialistas se sumaron a la jornada, brindando atenci\u00f3n a aproximadamente cien personas diariamente, incluyendo ni\u00f1os, ni\u00f1as, hombres y mujeres.<\/figcaption><\/figure><\/div><div class=\"swiper-slide\" role=\"group\" aria-roledescription=\"slide\" aria-label=\"3 de 5\"><figure class=\"swiper-slide-inner\"><img decoding=\"async\" class=\"swiper-slide-image\" src=\"https:\/\/soymigrante.com\/revista\/wp-content\/uploads\/2024\/02\/Atencion-en-totonicapan--768x473.webp\" alt=\"Las comunidades visitadas fueron Chuiquilaj\u00e1, Tierra Colorado Bajo, Las Majadas, Llanos de la Cruz, Choqu\u00ed Bajo, Trigales, Xecaracoj del municipio de Quetzaltenango y la cabecera municipal de Totonicap\u00e1n, Guatemala.\" \/><figcaption class=\"elementor-image-carousel-caption\">Las comunidades visitadas fueron Chuiquilaj\u00e1, Tierra Colorado Bajo, Las Majadas, Llanos de la Cruz, Choqu\u00ed Bajo, Trigales, Xecaracoj del municipio de Quetzaltenango y la cabecera municipal de Totonicap\u00e1n, Guatemala.\n<\/figcaption><\/figure><\/div><div class=\"swiper-slide\" role=\"group\" aria-roledescription=\"slide\" aria-label=\"4 de 5\"><figure class=\"swiper-slide-inner\"><img decoding=\"async\" class=\"swiper-slide-image\" src=\"https:\/\/soymigrante.com\/revista\/wp-content\/uploads\/2024\/02\/asitencia--768x473.webp\" alt=\"Durante la evaluaci\u00f3n o diagnostico se conto con voluntarios traductores de espa\u00f1ol a ingles para mejorar la atenci\u00f3n entre m\u00e9dicos y pacientes\" \/><figcaption class=\"elementor-image-carousel-caption\">Durante las evaluaciones diagn\u00f3sticas, se conto con la invaluable ayuda de voluntarios traductores, quienes facilitaron la comunicaci\u00f3n entre m\u00e9dicos y pacientes al ofrecer interpretaci\u00f3n en espa\u00f1ol e ingl\u00e9s. Su presencia fue fundamental para garantizar una atenci\u00f3n efectiva y comprensiva<\/figcaption><\/figure><\/div><div class=\"swiper-slide\" role=\"group\" aria-roledescription=\"slide\" aria-label=\"5 de 5\"><figure class=\"swiper-slide-inner\"><img decoding=\"async\" class=\"swiper-slide-image\" src=\"https:\/\/soymigrante.com\/revista\/wp-content\/uploads\/2024\/02\/pacientes-768x473.webp\" alt=\"La atenci\u00f3n en cada puesto de salud comenzaba con el registro de datos personales, incluyendo la medici\u00f3n del peso y la talla en el caso de los menores. Posteriormente, se dirig\u00edan al \u00e1rea de atenci\u00f3n para llevar a cabo la evaluaci\u00f3n correspondiente.\" \/><figcaption class=\"elementor-image-carousel-caption\">La atenci\u00f3n en cada puesto de salud comenzaba con el registro de datos personales, incluyendo la medici\u00f3n del peso y la talla en el caso de los menores. Posteriormente, se dirig\u00edan al \u00e1rea de atenci\u00f3n para llevar a cabo la evaluaci\u00f3n correspondiente.<\/figcaption><\/figure><\/div>\t\t\t<\/div>\n\t\t\t\t\t\t\t\t\t\t\t\t<div class=\"elementor-swiper-button elementor-swiper-button-prev\" role=\"button\" tabindex=\"0\">\n\t\t\t\t\t\t<i aria-hidden=\"true\" class=\"eicon-chevron-left\"><\/i>\t\t\t\t\t<\/div>\n\t\t\t\t\t<div class=\"elementor-swiper-button elementor-swiper-button-next\" role=\"button\" tabindex=\"0\">\n\t\t\t\t\t\t<i aria-hidden=\"true\" class=\"eicon-chevron-right\"><\/i>\t\t\t\t\t<\/div>\n\t\t\t\t\n\t\t\t\t\t\t\t\t\t<div class=\"swiper-pagination\"><\/div>\n\t\t\t\t\t\t\t\t\t<\/div>\n\t\t\t\t\t\t<\/div>\n\t\t\t\t\t<\/div>\n\t\t<\/div>\n\t\t\t\t\t<\/div>\n\t\t<\/section>\n\t\t\t\t<section data-particle_enable=\"false\" data-particle-mobile-disabled=\"false\" class=\"elementor-section elementor-top-section elementor-element elementor-element-75042fe elementor-section-boxed elementor-section-height-default elementor-section-height-default\" data-id=\"75042fe\" data-element_type=\"section\" data-e-type=\"section\">\n\t\t\t\t\t\t<div class=\"elementor-container elementor-column-gap-default\">\n\t\t\t\t\t<div class=\"elementor-column elementor-col-100 elementor-top-column elementor-element elementor-element-ec83360\" data-id=\"ec83360\" data-element_type=\"column\" data-e-type=\"column\">\n\t\t\t<div class=\"elementor-widget-wrap elementor-element-populated\">\n\t\t\t\t\t\t<div class=\"elementor-element elementor-element-a07711d elementor-widget elementor-widget-heading\" data-id=\"a07711d\" data-element_type=\"widget\" data-e-type=\"widget\" data-widget_type=\"heading.default\">\n\t\t\t\t\t<h2 class=\"elementor-heading-title elementor-size-default\">Sobre la jornada \n<\/h2>\t\t\t\t<\/div>\n\t\t\t\t\t<\/div>\n\t\t<\/div>\n\t\t\t\t\t<\/div>\n\t\t<\/section>\n\t\t\t\t<section data-particle_enable=\"false\" data-particle-mobile-disabled=\"false\" class=\"elementor-section elementor-top-section elementor-element elementor-element-639352d elementor-section-boxed elementor-section-height-default elementor-section-height-default\" data-id=\"639352d\" data-element_type=\"section\" data-e-type=\"section\">\n\t\t\t\t\t\t<div class=\"elementor-container elementor-column-gap-default\">\n\t\t\t\t\t<div class=\"elementor-column elementor-col-100 elementor-top-column elementor-element elementor-element-9d4278c\" data-id=\"9d4278c\" data-element_type=\"column\" data-e-type=\"column\">\n\t\t\t<div class=\"elementor-widget-wrap elementor-element-populated\">\n\t\t\t\t\t\t<div class=\"elementor-element elementor-element-661fa24 elementor-widget elementor-widget-text-editor\" data-id=\"661fa24\" data-element_type=\"widget\" data-e-type=\"widget\" data-widget_type=\"text-editor.default\">\n\t\t\t\t\t\t\t\t\t<p><span style=\"font-weight: 400;\">El trabajo comenz\u00f3 varias semanas antes, con la colaboraci\u00f3n tanto de la universidad como de las autoridades locales en Guatemala. Los sitios visitados incluyeron Chuiquilaj\u00e1, Tierra Colorado Bajo, Las Majadas, Llanos de la Cruz, Choqu\u00ed Bajo, Trigales, Xecaracoj del municipio de Quetzaltenango y la cabecera municipal de Totonicap\u00e1n, Guatemala.<\/span><\/p><p><span style=\"font-weight: 400;\">Las jornadas se llevaron a cabo en puestos de salud, as\u00ed como en salones e iglesias comunales. La atenci\u00f3n comenz\u00f3 con el registro de personas y se organiz\u00f3 seg\u00fan los diagn\u00f3sticos establecidos. 18 M\u00e9dicos con diversas especialidades intervinieron en casos de enfermedades respiratorias, gastrointestinales, infecciones urinarias y presi\u00f3n arterial alta.<\/span><\/p><p><span style=\"font-weight: 400;\">La doctora internista Berenice Jim\u00e9nez, quien formaba parte del equipo, mencion\u00f3: &#8220;Adem\u00e1s del importante apoyo que se necesita en las comunidades, es crucial escuchar los s\u00edntomas de los pacientes; con los medicamentos que traemos, podemos ofrecer un aporte significativo&#8221;.<\/span><\/p><p><span style=\"font-weight: 400;\">Durante las jornadas, se atendieron a un promedio de 100 pacientes diarios, lo que suma un total de 900 personas, incluyendo ni\u00f1os, ni\u00f1as, hombres y mujeres. En algunos casos, fue necesario limitar la atenci\u00f3n debido a restricciones de tiempo y recursos disponibles. Para facilitar la comunicaci\u00f3n entre pacientes y m\u00e9dicos, se cont\u00f3 con la colaboraci\u00f3n de traductores de espa\u00f1ol a ingl\u00e9s.<\/span><\/p>\t\t\t\t\t\t\t\t<\/div>\n\t\t\t\t\t<\/div>\n\t\t<\/div>\n\t\t\t\t\t<\/div>\n\t\t<\/section>\n\t\t\t\t<section data-particle_enable=\"false\" data-particle-mobile-disabled=\"false\" class=\"elementor-section elementor-top-section elementor-element elementor-element-ec90bc1 elementor-section-boxed elementor-section-height-default elementor-section-height-default\" data-id=\"ec90bc1\" data-element_type=\"section\" data-e-type=\"section\">\n\t\t\t\t\t\t<div class=\"elementor-container elementor-column-gap-default\">\n\t\t\t\t\t<div class=\"elementor-column elementor-col-100 elementor-top-column elementor-element elementor-element-acedc7f\" data-id=\"acedc7f\" data-element_type=\"column\" data-e-type=\"column\">\n\t\t\t<div class=\"elementor-widget-wrap elementor-element-populated\">\n\t\t\t\t\t\t<div class=\"elementor-element elementor-element-434067c elementor-arrows-position-inside elementor-pagination-position-outside elementor-widget elementor-widget-image-carousel\" data-id=\"434067c\" data-element_type=\"widget\" data-e-type=\"widget\" data-settings=\"{&quot;slides_to_show&quot;:&quot;1&quot;,&quot;navigation&quot;:&quot;both&quot;,&quot;autoplay&quot;:&quot;yes&quot;,&quot;pause_on_hover&quot;:&quot;yes&quot;,&quot;pause_on_interaction&quot;:&quot;yes&quot;,&quot;autoplay_speed&quot;:5000,&quot;infinite&quot;:&quot;yes&quot;,&quot;effect&quot;:&quot;slide&quot;,&quot;speed&quot;:500}\" data-widget_type=\"image-carousel.default\">\n\t\t\t\t\t\t\t<div class=\"elementor-image-carousel-wrapper swiper\" role=\"region\" aria-roledescription=\"carousel\" aria-label=\"Carrusel de im\u00e1genes\" dir=\"ltr\">\n\t\t\t<div class=\"elementor-image-carousel swiper-wrapper\" aria-live=\"off\">\n\t\t\t\t\t\t\t\t<div class=\"swiper-slide\" role=\"group\" aria-roledescription=\"slide\" aria-label=\"1 de 7\"><figure class=\"swiper-slide-inner\"><img decoding=\"async\" class=\"swiper-slide-image\" src=\"https:\/\/soymigrante.com\/revista\/wp-content\/uploads\/2024\/02\/Jornada-768x473.webp\" alt=\"Los servicios m\u00e9dicos ofrecidos abarcan diversas \u00e1reas, como medicina general, pediatr\u00eda y ginecolog\u00eda\" \/><figcaption class=\"elementor-image-carousel-caption\">Los servicios m\u00e9dicos ofrecidos abarcan diversas \u00e1reas, como medicina general, pediatr\u00eda y ginecolog\u00eda<\/figcaption><\/figure><\/div><div class=\"swiper-slide\" role=\"group\" aria-roledescription=\"slide\" aria-label=\"2 de 7\"><figure class=\"swiper-slide-inner\"><img decoding=\"async\" class=\"swiper-slide-image\" src=\"https:\/\/soymigrante.com\/revista\/wp-content\/uploads\/2024\/02\/cada-dia-se-recibio-a-mas-de-cien-pacientes-768x473.webp\" alt=\"18 m\u00e9dicos especialistas acompa\u00f1aron la jornada medica durante las dos semanas en Guatemala\" \/><figcaption class=\"elementor-image-carousel-caption\">18 m\u00e9dicos especialistas acompa\u00f1aron la jornada medica durante las dos semanas en Guatemala <\/figcaption><\/figure><\/div><div class=\"swiper-slide\" role=\"group\" aria-roledescription=\"slide\" aria-label=\"3 de 7\"><figure class=\"swiper-slide-inner\"><img decoding=\"async\" class=\"swiper-slide-image\" src=\"https:\/\/soymigrante.com\/revista\/wp-content\/uploads\/2024\/02\/entrega-de-insumos--768x473.webp\" alt=\"Insumos y medicamentos se les brindo a los pacientes de acuerdo a las necesidades identificadas\" \/><figcaption class=\"elementor-image-carousel-caption\">Insumos y medicamentos se les brindo a los pacientes de acuerdo a las necesidades identificadas <\/figcaption><\/figure><\/div><div class=\"swiper-slide\" role=\"group\" aria-roledescription=\"slide\" aria-label=\"4 de 7\"><figure class=\"swiper-slide-inner\"><img decoding=\"async\" class=\"swiper-slide-image\" src=\"https:\/\/soymigrante.com\/revista\/wp-content\/uploads\/2024\/02\/equipo-de-medicos--768x473.webp\" alt=\"En las jornadas identificaron mayormente de problemas respiratorios, gripes, alergias y artritis\" \/><figcaption class=\"elementor-image-carousel-caption\">En las jornadas identificaron mayormente de problemas respiratorios, gripes, alergias y artritis<\/figcaption><\/figure><\/div><div class=\"swiper-slide\" role=\"group\" aria-roledescription=\"slide\" aria-label=\"5 de 7\"><figure class=\"swiper-slide-inner\"><img decoding=\"async\" class=\"swiper-slide-image\" src=\"https:\/\/soymigrante.com\/revista\/wp-content\/uploads\/2024\/02\/insumos--768x473.webp\" alt=\"Medicamentos, insumos de higiene personal y otros art\u00edculos fueron donados por la comunidad migrante guatemalteca residente en Oklahoma\" \/><figcaption class=\"elementor-image-carousel-caption\">Medicamentos, insumos de higiene personal y otros art\u00edculos fueron donados por la comunidad migrante guatemalteca residente en Oklahoma <\/figcaption><\/figure><\/div><div class=\"swiper-slide\" role=\"group\" aria-roledescription=\"slide\" aria-label=\"6 de 7\"><figure class=\"swiper-slide-inner\"><img decoding=\"async\" class=\"swiper-slide-image\" src=\"https:\/\/soymigrante.com\/revista\/wp-content\/uploads\/2024\/02\/en-Totonicapan-768x473.webp\" alt=\"La atenci\u00f3n se brind\u00f3 a ni\u00f1os, ni\u00f1as, hombres y mujeres. Limary atendi\u00f3 espec\u00edficamente casos del \u00e1rea de ginecolog\u00eda\" \/><figcaption class=\"elementor-image-carousel-caption\">La atenci\u00f3n se brind\u00f3 a ni\u00f1os, ni\u00f1as, hombres y mujeres. Limary atendi\u00f3 espec\u00edficamente casos del \u00e1rea de ginecolog\u00eda <\/figcaption><\/figure><\/div><div class=\"swiper-slide\" role=\"group\" aria-roledescription=\"slide\" aria-label=\"7 de 7\"><figure class=\"swiper-slide-inner\"><img decoding=\"async\" class=\"swiper-slide-image\" src=\"https:\/\/soymigrante.com\/revista\/wp-content\/uploads\/2024\/02\/asistencia--768x473.webp\" alt=\"La atenci\u00f3n fue totalmente gratuita, en algunas comunidades se limito el registro derivado al tiempo y recursos\" \/><figcaption class=\"elementor-image-carousel-caption\">La atenci\u00f3n fue totalmente gratuita, en algunas comunidades se limito el registro derivado al tiempo y recursos <\/figcaption><\/figure><\/div>\t\t\t<\/div>\n\t\t\t\t\t\t\t\t\t\t\t\t<div class=\"elementor-swiper-button elementor-swiper-button-prev\" role=\"button\" tabindex=\"0\">\n\t\t\t\t\t\t<i aria-hidden=\"true\" class=\"eicon-chevron-left\"><\/i>\t\t\t\t\t<\/div>\n\t\t\t\t\t<div class=\"elementor-swiper-button elementor-swiper-button-next\" role=\"button\" tabindex=\"0\">\n\t\t\t\t\t\t<i aria-hidden=\"true\" class=\"eicon-chevron-right\"><\/i>\t\t\t\t\t<\/div>\n\t\t\t\t\n\t\t\t\t\t\t\t\t\t<div class=\"swiper-pagination\"><\/div>\n\t\t\t\t\t\t\t\t\t<\/div>\n\t\t\t\t\t\t<\/div>\n\t\t\t\t\t<\/div>\n\t\t<\/div>\n\t\t\t\t\t<\/div>\n\t\t<\/section>\n\t\t\t\t<section data-particle_enable=\"false\" data-particle-mobile-disabled=\"false\" class=\"elementor-section elementor-top-section elementor-element elementor-element-ace750c elementor-section-boxed elementor-section-height-default elementor-section-height-default\" data-id=\"ace750c\" data-element_type=\"section\" data-e-type=\"section\">\n\t\t\t\t\t\t<div class=\"elementor-container elementor-column-gap-default\">\n\t\t\t\t\t<div class=\"elementor-column elementor-col-100 elementor-top-column elementor-element elementor-element-bf0696e\" data-id=\"bf0696e\" data-element_type=\"column\" data-e-type=\"column\">\n\t\t\t<div class=\"elementor-widget-wrap elementor-element-populated\">\n\t\t\t\t\t\t<div class=\"elementor-element elementor-element-ba3dd13 elementor-widget elementor-widget-heading\" data-id=\"ba3dd13\" data-element_type=\"widget\" data-e-type=\"widget\" data-widget_type=\"heading.default\">\n\t\t\t\t\t<h2 class=\"elementor-heading-title elementor-size-default\">\"Necesitamos acceso a la salud\"<\/h2>\t\t\t\t<\/div>\n\t\t\t\t\t<\/div>\n\t\t<\/div>\n\t\t\t\t\t<\/div>\n\t\t<\/section>\n\t\t\t\t<section data-particle_enable=\"false\" data-particle-mobile-disabled=\"false\" class=\"elementor-section elementor-top-section elementor-element elementor-element-208fe0a elementor-section-boxed elementor-section-height-default elementor-section-height-default\" data-id=\"208fe0a\" data-element_type=\"section\" data-e-type=\"section\">\n\t\t\t\t\t\t<div class=\"elementor-container elementor-column-gap-default\">\n\t\t\t\t\t<div class=\"elementor-column elementor-col-100 elementor-top-column elementor-element elementor-element-d938787\" data-id=\"d938787\" data-element_type=\"column\" data-e-type=\"column\">\n\t\t\t<div class=\"elementor-widget-wrap elementor-element-populated\">\n\t\t\t\t\t\t<div class=\"elementor-element elementor-element-eb78137 elementor-blockquote--skin-border elementor-widget elementor-widget-blockquote\" data-id=\"eb78137\" data-element_type=\"widget\" data-e-type=\"widget\" data-widget_type=\"blockquote.default\">\n\t\t\t\t\t\t\t<blockquote class=\"elementor-blockquote\">\n\t\t\t<p class=\"elementor-blockquote__content\">\n\t\t\t\t\"Estoy profundamente agradecida por la atenci\u00f3n y dedicaci\u00f3n de los doctores. Quiero hacer un llamado a las autoridades para que respalden estas valiosas actividades, ya que la necesidad es considerable y el acceso a ellas es fundamental para nosotros\", dijo Mar\u00eda Xecaracoj, una de las pacientes atendidas.\t\t\t<\/p>\n\t\t\t\t\t\t\t<div class=\"e-q-footer\">\n\t\t\t\t\t\t\t\t\t\t\t<cite class=\"elementor-blockquote__author\">Mar\u00eda Xecaracoj <\/cite>\n\t\t\t\t\t\t\t\t\t\t\t\t\t\t<\/div>\n\t\t\t\t\t<\/blockquote>\n\t\t\t\t\t\t<\/div>\n\t\t\t\t\t<\/div>\n\t\t<\/div>\n\t\t\t\t\t<\/div>\n\t\t<\/section>\n\t\t\t\t<section data-particle_enable=\"false\" data-particle-mobile-disabled=\"false\" class=\"elementor-section elementor-top-section elementor-element elementor-element-b06b6cf elementor-section-boxed elementor-section-height-default elementor-section-height-default\" data-id=\"b06b6cf\" data-element_type=\"section\" data-e-type=\"section\">\n\t\t\t\t\t\t<div class=\"elementor-container elementor-column-gap-default\">\n\t\t\t\t\t<div class=\"elementor-column elementor-col-100 elementor-top-column elementor-element elementor-element-a4b2ee1\" data-id=\"a4b2ee1\" data-element_type=\"column\" data-e-type=\"column\">\n\t\t\t<div class=\"elementor-widget-wrap elementor-element-populated\">\n\t\t\t\t\t\t<div class=\"elementor-element elementor-element-3b12fa5 elementor-widget elementor-widget-image\" data-id=\"3b12fa5\" data-element_type=\"widget\" data-e-type=\"widget\" data-widget_type=\"image.default\">\n\t\t\t\t\t\t\t\t\t\t\t\t<figure class=\"wp-caption\">\n\t\t\t\t\t\t\t\t\t\t<img decoding=\"async\" width=\"1024\" height=\"630\" src=\"https:\/\/soymigrante.com\/revista\/wp-content\/uploads\/2024\/02\/En-totonicapan-1024x630.webp\" class=\"attachment-large size-large wp-image-4896\" alt=\"La atenci\u00f3n m\u00e9dica de la jornada requiri\u00f3 de traductores para facilitar la comunicaci\u00f3n entre m\u00e9dicos estadounidenses y pacientes guatemaltecos.\" srcset=\"https:\/\/soymigrante.com\/revista\/wp-content\/uploads\/2024\/02\/En-totonicapan-1024x630.webp 1024w, https:\/\/soymigrante.com\/revista\/wp-content\/uploads\/2024\/02\/En-totonicapan-300x185.webp 300w, https:\/\/soymigrante.com\/revista\/wp-content\/uploads\/2024\/02\/En-totonicapan-768x473.webp 768w, https:\/\/soymigrante.com\/revista\/wp-content\/uploads\/2024\/02\/En-totonicapan-750x462.webp 750w, https:\/\/soymigrante.com\/revista\/wp-content\/uploads\/2024\/02\/En-totonicapan-1140x702.webp 1140w, https:\/\/soymigrante.com\/revista\/wp-content\/uploads\/2024\/02\/En-totonicapan.webp 1300w\" sizes=\"(max-width: 1024px) 100vw, 1024px\" \/>\t\t\t\t\t\t\t\t\t\t\t<figcaption class=\"widget-image-caption wp-caption-text\">La atenci\u00f3n m\u00e9dica de la jornada requiri\u00f3 de traductores  para facilitar la comunicaci\u00f3n entre m\u00e9dicos estadounidenses y pacientes guatemaltecos.<\/figcaption>\n\t\t\t\t\t\t\t\t\t\t<\/figure>\n\t\t\t\t\t\t\t\t\t<\/div>\n\t\t\t\t\t<\/div>\n\t\t<\/div>\n\t\t\t\t\t<\/div>\n\t\t<\/section>\n\t\t\t\t<section data-particle_enable=\"false\" data-particle-mobile-disabled=\"false\" class=\"elementor-section elementor-top-section elementor-element elementor-element-8cba345 elementor-section-boxed elementor-section-height-default elementor-section-height-default\" data-id=\"8cba345\" data-element_type=\"section\" data-e-type=\"section\">\n\t\t\t\t\t\t<div class=\"elementor-container elementor-column-gap-default\">\n\t\t\t\t\t<div class=\"elementor-column elementor-col-100 elementor-top-column elementor-element elementor-element-607479a\" data-id=\"607479a\" data-element_type=\"column\" data-e-type=\"column\">\n\t\t\t<div class=\"elementor-widget-wrap elementor-element-populated\">\n\t\t\t\t\t\t<div class=\"elementor-element elementor-element-eb38b16 elementor-widget elementor-widget-heading\" data-id=\"eb38b16\" data-element_type=\"widget\" data-e-type=\"widget\" data-widget_type=\"heading.default\">\n\t\t\t\t\t<h2 class=\"elementor-heading-title elementor-size-default\">Galer\u00eda de fotos misi\u00f3n m\u00e9dica<\/h2>\t\t\t\t<\/div>\n\t\t\t\t\t<\/div>\n\t\t<\/div>\n\t\t\t\t\t<\/div>\n\t\t<\/section>\n\t\t\t\t<section data-particle_enable=\"false\" data-particle-mobile-disabled=\"false\" class=\"elementor-section elementor-top-section elementor-element elementor-element-44592a1 elementor-section-boxed elementor-section-height-default elementor-section-height-default\" data-id=\"44592a1\" data-element_type=\"section\" data-e-type=\"section\">\n\t\t\t\t\t\t<div class=\"elementor-container elementor-column-gap-default\">\n\t\t\t\t\t<div class=\"elementor-column elementor-col-100 elementor-top-column elementor-element elementor-element-8df8d24\" data-id=\"8df8d24\" data-element_type=\"column\" data-e-type=\"column\">\n\t\t\t<div class=\"elementor-widget-wrap elementor-element-populated\">\n\t\t\t\t\t\t<div class=\"elementor-element elementor-element-c01fb86 elementor-arrows-position-inside elementor-pagination-position-outside elementor-widget elementor-widget-image-carousel\" data-id=\"c01fb86\" data-element_type=\"widget\" data-e-type=\"widget\" data-settings=\"{&quot;slides_to_show&quot;:&quot;1&quot;,&quot;navigation&quot;:&quot;both&quot;,&quot;autoplay&quot;:&quot;yes&quot;,&quot;pause_on_hover&quot;:&quot;yes&quot;,&quot;pause_on_interaction&quot;:&quot;yes&quot;,&quot;autoplay_speed&quot;:5000,&quot;infinite&quot;:&quot;yes&quot;,&quot;effect&quot;:&quot;slide&quot;,&quot;speed&quot;:500}\" data-widget_type=\"image-carousel.default\">\n\t\t\t\t\t\t\t<div class=\"elementor-image-carousel-wrapper swiper\" role=\"region\" aria-roledescription=\"carousel\" aria-label=\"Carrusel de im\u00e1genes\" dir=\"ltr\">\n\t\t\t<div class=\"elementor-image-carousel swiper-wrapper\" aria-live=\"off\">\n\t\t\t\t\t\t\t\t<div class=\"swiper-slide\" role=\"group\" aria-roledescription=\"slide\" aria-label=\"1 de 8\"><figure class=\"swiper-slide-inner\"><img decoding=\"async\" class=\"swiper-slide-image\" src=\"https:\/\/soymigrante.com\/revista\/wp-content\/uploads\/2024\/02\/salida-768x768.webp\" alt=\"18 m\u00e9dicos especialistas viajan a Guatemala para brindar atenci\u00f3n medica en las a\u00e9reas de medicina general\" \/><\/figure><\/div><div class=\"swiper-slide\" role=\"group\" aria-roledescription=\"slide\" aria-label=\"2 de 8\"><figure class=\"swiper-slide-inner\"><img decoding=\"async\" class=\"swiper-slide-image\" src=\"https:\/\/soymigrante.com\/revista\/wp-content\/uploads\/2024\/02\/trabajo-768x768.webp\" alt=\"Mujeres de las comunidades asistieron a las jornadas medicas\" \/><\/figure><\/div><div class=\"swiper-slide\" role=\"group\" aria-roledescription=\"slide\" aria-label=\"3 de 8\"><figure class=\"swiper-slide-inner\"><img decoding=\"async\" class=\"swiper-slide-image\" src=\"https:\/\/soymigrante.com\/revista\/wp-content\/uploads\/2024\/02\/pacientes-768x768.webp\" alt=\"La atenci\u00f3n se brindo asistencia y orientaci\u00f3n sobre los procedimientos a seguir\" \/><\/figure><\/div><div class=\"swiper-slide\" role=\"group\" aria-roledescription=\"slide\" aria-label=\"4 de 8\"><figure class=\"swiper-slide-inner\"><img decoding=\"async\" class=\"swiper-slide-image\" src=\"https:\/\/soymigrante.com\/revista\/wp-content\/uploads\/2024\/02\/PS-Totonicapan-768x768.webp\" alt=\"La atenci\u00f3n se realizo en los puestos de salud de las comunidades de Quetzaltenango y Totonicap\u00e1n\" \/><\/figure><\/div><div class=\"swiper-slide\" role=\"group\" aria-roledescription=\"slide\" aria-label=\"5 de 8\"><figure class=\"swiper-slide-inner\"><img decoding=\"async\" class=\"swiper-slide-image\" src=\"https:\/\/soymigrante.com\/revista\/wp-content\/uploads\/2024\/02\/distribucion-768x768.webp\" alt=\"Con la recaudaci\u00f3n de insumos se procedi\u00f3 a realizar la distribuci\u00f3n exacta de los medicamentos\" \/><\/figure><\/div><div class=\"swiper-slide\" role=\"group\" aria-roledescription=\"slide\" aria-label=\"6 de 8\"><figure class=\"swiper-slide-inner\"><img decoding=\"async\" class=\"swiper-slide-image\" src=\"https:\/\/soymigrante.com\/revista\/wp-content\/uploads\/2024\/02\/P.S-quetzaltenango-768x768.webp\" alt=\"En las algunas comunidades se atendieron en los centros comunitarios\" \/><\/figure><\/div><div class=\"swiper-slide\" role=\"group\" aria-roledescription=\"slide\" aria-label=\"7 de 8\"><figure class=\"swiper-slide-inner\"><img decoding=\"async\" class=\"swiper-slide-image\" src=\"https:\/\/soymigrante.com\/revista\/wp-content\/uploads\/2024\/02\/equipo-en-totonicapan-768x768.webp\" alt=\"El equipo medico estuvo en la cabecera municipal de Totonicap\u00e1n\" \/><\/figure><\/div><div class=\"swiper-slide\" role=\"group\" aria-roledescription=\"slide\" aria-label=\"8 de 8\"><figure class=\"swiper-slide-inner\"><img decoding=\"async\" class=\"swiper-slide-image\" src=\"https:\/\/soymigrante.com\/revista\/wp-content\/uploads\/2024\/02\/equipo-768x768.webp\" alt=\"Los profesionales se grad\u00faan en mayo pr\u00f3ximo\" \/><\/figure><\/div>\t\t\t<\/div>\n\t\t\t\t\t\t\t\t\t\t\t\t<div class=\"elementor-swiper-button elementor-swiper-button-prev\" role=\"button\" tabindex=\"0\">\n\t\t\t\t\t\t<i aria-hidden=\"true\" class=\"eicon-chevron-left\"><\/i>\t\t\t\t\t<\/div>\n\t\t\t\t\t<div class=\"elementor-swiper-button elementor-swiper-button-next\" role=\"button\" tabindex=\"0\">\n\t\t\t\t\t\t<i aria-hidden=\"true\" class=\"eicon-chevron-right\"><\/i>\t\t\t\t\t<\/div>\n\t\t\t\t\n\t\t\t\t\t\t\t\t\t<div class=\"swiper-pagination\"><\/div>\n\t\t\t\t\t\t\t\t\t<\/div>\n\t\t\t\t\t\t<\/div>\n\t\t\t\t\t<\/div>\n\t\t<\/div>\n\t\t\t\t\t<\/div>\n\t\t<\/section>\n\t\t\t\t<section data-particle_enable=\"false\" data-particle-mobile-disabled=\"false\" class=\"elementor-section elementor-top-section elementor-element elementor-element-291537b elementor-section-boxed elementor-section-height-default elementor-section-height-default\" data-id=\"291537b\" data-element_type=\"section\" data-e-type=\"section\">\n\t\t\t\t\t\t<div class=\"elementor-container elementor-column-gap-default\">\n\t\t\t\t\t<div class=\"elementor-column elementor-col-100 elementor-top-column elementor-element elementor-element-bda43d0\" data-id=\"bda43d0\" data-element_type=\"column\" data-e-type=\"column\">\n\t\t\t<div class=\"elementor-widget-wrap elementor-element-populated\">\n\t\t\t\t\t\t<div class=\"elementor-element elementor-element-6215e15 elementor-testimonial--skin-default elementor-testimonial--layout-image_inline elementor-testimonial--align-center elementor-arrows-yes elementor-pagination-type-bullets elementor-widget elementor-widget-testimonial-carousel\" data-id=\"6215e15\" data-element_type=\"widget\" data-e-type=\"widget\" data-settings=\"{&quot;show_arrows&quot;:&quot;yes&quot;,&quot;pagination&quot;:&quot;bullets&quot;,&quot;speed&quot;:500,&quot;autoplay&quot;:&quot;yes&quot;,&quot;autoplay_speed&quot;:5000,&quot;loop&quot;:&quot;yes&quot;,&quot;pause_on_hover&quot;:&quot;yes&quot;,&quot;pause_on_interaction&quot;:&quot;yes&quot;,&quot;space_between&quot;:{&quot;unit&quot;:&quot;px&quot;,&quot;size&quot;:10,&quot;sizes&quot;:[]},&quot;space_between_tablet&quot;:{&quot;unit&quot;:&quot;px&quot;,&quot;size&quot;:10,&quot;sizes&quot;:[]},&quot;space_between_mobile&quot;:{&quot;unit&quot;:&quot;px&quot;,&quot;size&quot;:10,&quot;sizes&quot;:[]}}\" data-widget_type=\"testimonial-carousel.default\">\n\t\t\t\t\t\t\t\t\t\t<div class=\"elementor-main-swiper swiper\" role=\"region\" aria-roledescription=\"carousel\" aria-label=\"Diapositivas\">\n\t\t\t\t<div class=\"swiper-wrapper\">\n\t\t\t\t\t\t\t\t\t\t\t<div class=\"swiper-slide\" role=\"group\" aria-roledescription=\"slide\">\n\t\t\t\t\t\t\t\t\t<div class=\"elementor-testimonial\">\n\t\t\t\t\t\t\t<div class=\"elementor-testimonial__content\">\n\t\t\t\t\t<div class=\"elementor-testimonial__text\">\n\t\t\t\t\t\t\u201cSentir el amor y el apoyo de la poblaci\u00f3n es realmente especial, y quiero recordar a todos nuestros migrantes la importancia de nuestras ra\u00edces. Como guatemalteca de descendencia, me siento orgullosa de regresar al pa\u00eds de mis padres y contribuir con un poco de lo que Dios me ha brindado.\"\n\n\n\n\t\t\t\t\t<\/div>\n\t\t\t\t\t\t\t\t\t<\/div>\n\t\t\t\t\t\t<div class=\"elementor-testimonial__footer\">\n\t\t\t\t\t\t\t\t\t<div class=\"elementor-testimonial__image\">\n\t\t\t\t\t\t<img decoding=\"async\" src=\"https:\/\/soymigrante.com\/revista\/wp-content\/uploads\/2024\/02\/limary.webp\" alt=\"Limary Gramajo es hija de migrantes guatemaltecos, Gracias al apoyo de becas y prestamos estudiantiles Limary estar\u00e1 a punto de graduarse como ginec\u00f3loga obstetra. Desde que supo de la misi\u00f3n en Guatemala se motivo a reunir insumos para las comunidades a las que se realizaba la jornada con el apoyo de la comunidad migrante guatemalteca radicada en Oklahoma\">\n\t\t\t\t\t\t\t\t\t\t\t<\/div>\n\t\t\t\t\t\t\t\t<cite class=\"elementor-testimonial__cite\"><span class=\"elementor-testimonial__name\">Limayre Gramajo<\/span><span class=\"elementor-testimonial__title\">Ginec\u00f3loga Obstetra  <\/span><\/cite>\t\t\t<\/div>\n\t\t<\/div>\n\t\t\t\t\t\t\t\t<\/div>\n\t\t\t\t\t\t\t\t\t<\/div>\n\t\t\t\t\t\t\t<\/div>\n\t\t\t\t\t\t\t\t<\/div>\n\t\t\t\t\t<\/div>\n\t\t<\/div>\n\t\t\t\t\t<\/div>\n\t\t<\/section>\n\t\t\t\t<\/div>\n\t\t","protected":false},"excerpt":{"rendered":"<p>Una misi\u00f3n m\u00e9dica de la Universidad Estatal de Oklahoma se desarrolla en comunidades del occidente de Guatemala. Van m\u00e1s de 900 pacientes atendidos, de todas edades. En ella participa Limayre Gramajo, hija de los migrantes guatemaltecos Jairo y Sara, originarios de Quetzaltenango. https:\/\/youtu.be\/pxymyjKlvTE Enfermedades respiratorias, gripes, alergias y artritis, son algunos de los cuadros detectados [&hellip;]<\/p>\n","protected":false},"author":10,"featured_media":4912,"comment_status":"open","ping_status":"open","sticky":false,"template":"","format":"standard","meta":{"_acf_changed":false,"_eb_attr":"","footnotes":""},"categories":[54],"tags":[],"class_list":["post-4880","post","type-post","status-publish","format-standard","has-post-thumbnail","hentry","category-estamos-unidos"],"acf":[],"aioseo_notices":[],"aioseo_head":"\n\t\t<!-- All in One SEO Pro 4.9.6.2 - aioseo.com -->\n\t<meta name=\"description\" content=\"Mejorar la salud a la comunidad migrante hispana es una meta de Limayre Gramajo, quien participar\u00e1 en misi\u00f3n m\u00e9dica voluntaria de EE.UU. que estar\u00e1 en Guatemala del 7 al 19 de febrero pr\u00f3ximos. Sus padres son migrantes originarios de Sibilia y Palestina de los Altos. En el segundo a\u00f1o de secundaria naci\u00f3 el gran sue\u00f1o\" \/>\n\t<meta name=\"robots\" content=\"max-snippet:-1, max-image-preview:large, max-video-preview:-1\" \/>\n\t<meta name=\"author\" content=\"Diana Batz\"\/>\n\t<link rel=\"canonical\" href=\"https:\/\/soymigrante.com\/revista\/migrantes-guatemaltecos-apoyaron-jornada-medica-en-occidente-del-pais\/\" \/>\n\t<meta name=\"generator\" content=\"All in One SEO Pro (AIOSEO) 4.9.6.2\" \/>\n\n\t\t<link rel=\"preconnect\" href=\"https:\/\/fonts.googleapis.com\" crossorigin>\n<link rel=\"preconnect\" href=\"https:\/\/fonts.gstatic.com\" crossorigin>\n\t\t<meta property=\"og:locale\" content=\"es_ES\" \/>\n\t\t<meta property=\"og:site_name\" content=\"SoyMigrante.com REVISTA \u2013 Nuestra misi\u00f3n es reconocer y dignificar al migrante.\" \/>\n\t\t<meta property=\"og:type\" content=\"article\" \/>\n\t\t<meta property=\"og:title\" content=\"Jornada m\u00e9dica en Guatemala con ayuda de migrantes chapines\" \/>\n\t\t<meta property=\"og:description\" content=\"Limayre\" \/>\n\t\t<meta property=\"og:url\" content=\"https:\/\/soymigrante.com\/revista\/migrantes-guatemaltecos-apoyaron-jornada-medica-en-occidente-del-pais\/\" \/>\n\t\t<meta property=\"og:image\" content=\"https:\/\/soymigrante.com\/revista\/wp-content\/uploads\/2024\/02\/PORTADA-LIMARY.webp\" \/>\n\t\t<meta property=\"og:image:secure_url\" content=\"https:\/\/soymigrante.com\/revista\/wp-content\/uploads\/2024\/02\/PORTADA-LIMARY.webp\" \/>\n\t\t<meta property=\"og:image:width\" content=\"1300\" \/>\n\t\t<meta property=\"og:image:height\" content=\"800\" \/>\n\t\t<meta property=\"article:published_time\" content=\"2024-02-16T04:48:37+00:00\" \/>\n\t\t<meta property=\"article:modified_time\" content=\"2024-04-30T12:07:37+00:00\" \/>\n\t\t<meta property=\"article:publisher\" content=\"https:\/\/www.facebook.com\/soymigrantecom\" \/>\n\t\t<meta name=\"twitter:card\" content=\"summary_large_image\" \/>\n\t\t<meta name=\"twitter:site\" content=\"@SoyMigrante_com\" \/>\n\t\t<meta name=\"twitter:title\" content=\"Jornada m\u00e9dica en Guatemala con ayuda de migrantes chapines\" \/>\n\t\t<meta name=\"twitter:description\" content=\"Limayre\" \/>\n\t\t<meta name=\"twitter:creator\" content=\"@SoyMigrante_com\" \/>\n\t\t<meta name=\"twitter:image\" content=\"https:\/\/soymigrante.com\/revista\/wp-content\/uploads\/2024\/02\/PORTADA-LIMARY.webp\" \/>\n\t\t<!-- All in One SEO Pro -->\r\n\t\t<title>Jornada m\u00e9dica en Guatemala con ayuda de migrantes chapines<\/title>\n\n","aioseo_head_json":{"title":"Jornada m\u00e9dica en Guatemala con ayuda de migrantes chapines","description":"Limayre","canonical_url":"https:\/\/soymigrante.com\/revista\/migrantes-guatemaltecos-apoyaron-jornada-medica-en-occidente-del-pais\/","robots":"max-snippet:-1, max-image-preview:large, max-video-preview:-1","keywords":"","webmasterTools":{"miscellaneous":"&lt;link rel=\"preconnect\" href=\"https:\/\/fonts.googleapis.com\" crossorigin&gt;\n&lt;link rel=\"preconnect\" href=\"https:\/\/fonts.gstatic.com\" crossorigin&gt;"},"schema":null,"og:locale":"es_ES","og:site_name":"SoyMigrante.com REVISTA \u2013 Nuestra misi\u00f3n es reconocer y dignificar al migrante.","og:type":"article","og:title":"Jornada m\u00e9dica en Guatemala con ayuda de migrantes chapines","og:description":"Limayre","og:url":"https:\/\/soymigrante.com\/revista\/migrantes-guatemaltecos-apoyaron-jornada-medica-en-occidente-del-pais\/","og:image":"https:\/\/soymigrante.com\/revista\/wp-content\/uploads\/2024\/02\/PORTADA-LIMARY.webp","og:image:secure_url":"https:\/\/soymigrante.com\/revista\/wp-content\/uploads\/2024\/02\/PORTADA-LIMARY.webp","og:image:width":1300,"og:image:height":800,"article:published_time":"2024-02-16T04:48:37+00:00","article:modified_time":"2024-04-30T12:07:37+00:00","article:publisher":"https:\/\/www.facebook.com\/soymigrantecom","twitter:card":"summary_large_image","twitter:site":"@SoyMigrante_com","twitter:title":"Jornada m\u00e9dica en Guatemala con ayuda de migrantes chapines","twitter:description":"Limayre","twitter:creator":"@SoyMigrante_com","twitter:image":"https:\/\/soymigrante.com\/revista\/wp-content\/uploads\/2024\/02\/PORTADA-LIMARY.webp"},"aioseo_meta_data":{"post_id":"4880","title":"Jornada m\u00e9dica en Guatemala con ayuda de migrantes chapines","description":"Limayre","keywords":[],"keyphrases":{"focus":{"keyphrase":"Migrante","score":65,"analysis":{"keyphraseInTitle":{"score":3,"maxScore":9,"error":1},"keyphraseInDescription":{"score":3,"maxScore":9,"error":1},"keyphraseLength":{"score":9,"maxScore":9,"error":0,"length":1},"keyphraseInURL":{"score":5,"maxScore":5,"error":0},"keyphraseInIntroduction":{"score":3,"maxScore":9,"error":1},"keyphraseInSubHeadings":{"score":3,"maxScore":9,"error":1},"keyphraseInImageAlt":{"score":9,"maxScore":9,"error":0},"keywordDensity":{"type":"best","score":9,"maxScore":9,"error":0}}},"additional":[]},"primary_term":null,"canonical_url":null,"og_title":null,"og_description":null,"og_object_type":"default","og_image_type":"default","og_image_url":null,"og_image_width":null,"og_image_height":null,"og_image_custom_url":null,"og_image_custom_fields":null,"og_video":"","og_custom_url":null,"og_article_section":null,"og_article_tags":[],"twitter_use_og":false,"twitter_card":"default","twitter_image_type":"default","twitter_image_url":null,"twitter_image_custom_url":null,"twitter_image_custom_fields":null,"twitter_title":null,"twitter_description":null,"schema":{"blockGraphs":[],"customGraphs":[],"default":{"data":{"Article":[],"Course":[],"Dataset":[],"FAQPage":[],"Movie":[],"Person":[],"Product":[],"ProductReview":[],"Car":[],"Recipe":[],"Service":[],"SoftwareApplication":[],"WebPage":[]},"graphName":"BlogPosting","isEnabled":true},"graphs":[]},"schema_type":"default","schema_type_options":null,"pillar_content":false,"robots_default":true,"robots_noindex":false,"robots_noarchive":false,"robots_nosnippet":false,"robots_nofollow":false,"robots_noimageindex":false,"robots_noodp":false,"robots_notranslate":false,"robots_max_snippet":"-1","robots_max_videopreview":"-1","robots_max_imagepreview":"large","priority":null,"frequency":"default","local_seo":null,"seo_analyzer_scan_date":"2025-10-08 21:09:27","breadcrumb_settings":null,"limit_modified_date":false,"reviewed_by":null,"open_ai":null,"ai":null,"created":"2024-02-15 07:48:39","updated":"2026-02-04 10:53:49"},"aioseo_breadcrumb":"<div class=\"aioseo-breadcrumbs\"><span class=\"aioseo-breadcrumb\">\n\t<a href=\"https:\/\/soymigrante.com\/revista\" title=\"Home\">Home<\/a>\n<\/span><span class=\"aioseo-breadcrumb-separator\">\u00bb<\/span><span class=\"aioseo-breadcrumb\">\n\t<a href=\"https:\/\/soymigrante.com\/revista\/category\/estamos-unidos\/\" title=\"Estamos Unidos\">Estamos Unidos<\/a>\n<\/span><span class=\"aioseo-breadcrumb-separator\">\u00bb<\/span><span class=\"aioseo-breadcrumb\">\n\tSolidaridad migrante acompa\u00f1a misi\u00f3n de m\u00e9dicos de EE.UU. en Xela y Totonicap\u00e1n\n<\/span><\/div>","aioseo_breadcrumb_json":[{"label":"Home","link":"https:\/\/soymigrante.com\/revista"},{"label":"Estamos Unidos","link":"https:\/\/soymigrante.com\/revista\/category\/estamos-unidos\/"},{"label":"Solidaridad migrante acompa\u00f1a misi\u00f3n de m\u00e9dicos de EE.UU. en Xela y Totonicap\u00e1n","link":"https:\/\/soymigrante.com\/revista\/migrantes-guatemaltecos-apoyaron-jornada-medica-en-occidente-del-pais\/"}],"_links":{"self":[{"href":"https:\/\/soymigrante.com\/revista\/wp-json\/wp\/v2\/posts\/4880","targetHints":{"allow":["GET"]}}],"collection":[{"href":"https:\/\/soymigrante.com\/revista\/wp-json\/wp\/v2\/posts"}],"about":[{"href":"https:\/\/soymigrante.com\/revista\/wp-json\/wp\/v2\/types\/post"}],"author":[{"embeddable":true,"href":"https:\/\/soymigrante.com\/revista\/wp-json\/wp\/v2\/users\/10"}],"replies":[{"embeddable":true,"href":"https:\/\/soymigrante.com\/revista\/wp-json\/wp\/v2\/comments?post=4880"}],"version-history":[{"count":0,"href":"https:\/\/soymigrante.com\/revista\/wp-json\/wp\/v2\/posts\/4880\/revisions"}],"wp:featuredmedia":[{"embeddable":true,"href":"https:\/\/soymigrante.com\/revista\/wp-json\/wp\/v2\/media\/4912"}],"wp:attachment":[{"href":"https:\/\/soymigrante.com\/revista\/wp-json\/wp\/v2\/media?parent=4880"}],"wp:term":[{"taxonomy":"category","embeddable":true,"href":"https:\/\/soymigrante.com\/revista\/wp-json\/wp\/v2\/categories?post=4880"},{"taxonomy":"post_tag","embeddable":true,"href":"https:\/\/soymigrante.com\/revista\/wp-json\/wp\/v2\/tags?post=4880"}],"curies":[{"name":"wp","href":"https:\/\/api.w.org\/{rel}","templated":true}]}}