{"id":48797,"date":"2025-11-20T08:06:51","date_gmt":"2025-11-20T14:06:51","guid":{"rendered":"https:\/\/soymigrante.com\/revista\/?p=48797"},"modified":"2025-11-20T08:25:56","modified_gmt":"2025-11-20T14:25:56","slug":"miss-universo-2025-raschel-paz-traje-quetzalteca-emprendedora-janet-guerra-mercado","status":"publish","type":"post","link":"https:\/\/soymigrante.com\/revista\/miss-universo-2025-raschel-paz-traje-quetzalteca-emprendedora-janet-guerra-mercado\/","title":{"rendered":"Raschel Paz deslumbra en Miss Universo 2025 con traje dise\u00f1ado por emprendedora quetzalteca"},"content":{"rendered":"\t\t<div data-elementor-type=\"wp-post\" data-elementor-id=\"48797\" class=\"elementor elementor-48797\" data-elementor-post-type=\"post\">\n\t\t\t\t<div data-particle_enable=\"false\" data-particle-mobile-disabled=\"false\" class=\"elementor-element elementor-element-6cc9207d e-flex e-con-boxed e-con e-parent\" data-id=\"6cc9207d\" data-element_type=\"container\" data-e-type=\"container\">\n\t\t\t\t\t<div class=\"e-con-inner\">\n\t\t\t\t<div class=\"elementor-element elementor-element-6dd7d0f elementor-widget elementor-widget-text-editor\" data-id=\"6dd7d0f\" data-element_type=\"widget\" data-e-type=\"widget\" data-widget_type=\"text-editor.default\">\n\t\t\t\t\t\t\t\t\t\n<p> <\/p>\n\t\t\t\t\t\t\t\t<\/div>\n\t\t\t\t\t<\/div>\n\t\t\t\t<\/div>\n\t\t<div data-particle_enable=\"false\" data-particle-mobile-disabled=\"false\" class=\"elementor-element elementor-element-99eede4 e-flex e-con-boxed e-con e-parent\" data-id=\"99eede4\" data-element_type=\"container\" data-e-type=\"container\">\n\t\t\t\t\t<div class=\"e-con-inner\">\n\t\t\t\t<div class=\"elementor-element elementor-element-20b9b88 elementor-widget elementor-widget-heading\" data-id=\"20b9b88\" data-element_type=\"widget\" data-e-type=\"widget\" data-widget_type=\"heading.default\">\n\t\t\t\t\t<h2 class=\"elementor-heading-title elementor-size-default\">Raschel Paz proyecta a Guatemala ante el mundo en Miss Universo 2025 en Tailandia: en el desfile con traje nacional luci\u00f3 un dise\u00f1o de Janet Guerra, emprendedora quetzalteca, cuya tienda digital est\u00e1 abierta en SoyMigrante.com MERCADO<\/h2>\t\t\t\t<\/div>\n\t\t\t\t\t<\/div>\n\t\t\t\t<\/div>\n\t\t<div data-particle_enable=\"false\" data-particle-mobile-disabled=\"false\" class=\"elementor-element elementor-element-f446543 e-flex e-con-boxed e-con e-parent\" data-id=\"f446543\" data-element_type=\"container\" data-e-type=\"container\">\n\t\t\t\t\t<div class=\"e-con-inner\">\n\t\t\t\t<div class=\"elementor-element elementor-element-70b2ea8 elementor-widget elementor-widget-text-editor\" data-id=\"70b2ea8\" data-element_type=\"widget\" data-e-type=\"widget\" data-widget_type=\"text-editor.default\">\n\t\t\t\t\t\t\t\t\t<p>La presentaci\u00f3n del traje tradicional de Raschel Paz brill\u00f3 ante el mundo con s\u00edmbolos, textiles y tradici\u00f3n de <a href=\"https:\/\/soymigrante.com\/revista\/sabiduria-ancestral-en-nuestros-dias-astronomia-y-el-sistema-calendarico-maya\/\">Quetzaltenang<\/a>o y el Altiplano guatemalteco para proyectarlos al mundo, en el marco de su participaci\u00f3n en Miss Universe 2025, que se desarrolla en Tailandia: <a href=\"https:\/\/soymigrante.com\/revista\/10-datos-del-quetzal-que-tal-vez-ya-conocias-o-quiza-no\/\">el Quetzal<\/a>, el <a href=\"https:\/\/soymigrante.com\/revista\/sabiduria-ancestral-en-nuestros-dias-astronomia-y-el-sistema-calendarico-maya\/\">calendario maya<\/a> y sobre todo el lenguaje textil tradicional, se integran en un conjunto lleno de identidad y detalles.&nbsp;<\/p>\n<p><span style=\"font-family: Roboto, sans-serif; font-size: 22px; font-style: normal; font-variant-ligatures: normal; font-variant-caps: normal; font-weight: 400;\">\u201cEste traje no es solo un vestuario, es un relato vivo que honra a mi tierra, a mi gente y a todas las mujeres que, como yo, llevan en su esp\u00edritu la fuerza de Guatemala\u201d, dijo Miss Guatemala, al exponer con orgullo la multiculturalidad de su pa\u00eds.<\/span><\/p>\n<p>Este emblem\u00e1tico traje fue elaborado por la dise\u00f1adora quetzalteca&nbsp;<a href=\"https:\/\/soymigrante.com\/mercado\/marketplace\/seller\/profile\/jghome?srsltid=AfmBOopcanC3NXR9aXJWNvQkTpVrIo5jILJfzqWqz79RjbAusLorKRHw\" target=\"_blank\">Janet Guerra, cuya tienda digital JG Home est\u00e1 abierta SoyMigrante.com MERCADO.<\/a><\/p>\t\t\t\t\t\t\t\t<\/div>\n\t\t\t\t\t<\/div>\n\t\t\t\t<\/div>\n\t\t<div data-particle_enable=\"false\" data-particle-mobile-disabled=\"false\" class=\"elementor-element elementor-element-6ec62ca e-flex e-con-boxed e-con e-parent\" data-id=\"6ec62ca\" data-element_type=\"container\" data-e-type=\"container\">\n\t\t\t\t\t<div class=\"e-con-inner\">\n\t\t\t\t<div class=\"elementor-element elementor-element-be9b0d7 elementor-widget elementor-widget-image\" data-id=\"be9b0d7\" data-element_type=\"widget\" data-e-type=\"widget\" data-widget_type=\"image.default\">\n\t\t\t\t\t\t\t\t\t\t\t\t<figure class=\"wp-caption\">\n\t\t\t\t\t\t\t\t\t\t<img fetchpriority=\"high\" decoding=\"async\" width=\"1140\" height=\"818\" src=\"https:\/\/soymigrante.com\/revista\/wp-content\/uploads\/2025\/11\/raschel-paz-miss-universo-2025-traje-tradicional-7-1140x818.jpg\" class=\"attachment-large size-large wp-image-48805\" alt=\"Raschel Paz present\u00f3 en Miss Universo 2025 un traje nacional que integra elementos de identidad multicultural, elaborado por la dise\u00f1adora y emprendedora quetzalteca Janet Guerra, quien a trav\u00e9s de su tienda J&amp;G genera oportunidades para artesanos textiles del Occidente guatemalteco. (Foto Miss Universe 2025-Tailandia)\" srcset=\"https:\/\/soymigrante.com\/revista\/wp-content\/uploads\/2025\/11\/raschel-paz-miss-universo-2025-traje-tradicional-7-1140x818.jpg 1140w, https:\/\/soymigrante.com\/revista\/wp-content\/uploads\/2025\/11\/raschel-paz-miss-universo-2025-traje-tradicional-7-300x215.jpg 300w, https:\/\/soymigrante.com\/revista\/wp-content\/uploads\/2025\/11\/raschel-paz-miss-universo-2025-traje-tradicional-7-768x551.jpg 768w, https:\/\/soymigrante.com\/revista\/wp-content\/uploads\/2025\/11\/raschel-paz-miss-universo-2025-traje-tradicional-7-120x86.jpg 120w, https:\/\/soymigrante.com\/revista\/wp-content\/uploads\/2025\/11\/raschel-paz-miss-universo-2025-traje-tradicional-7-350x250.jpg 350w, https:\/\/soymigrante.com\/revista\/wp-content\/uploads\/2025\/11\/raschel-paz-miss-universo-2025-traje-tradicional-7-750x538.jpg 750w, https:\/\/soymigrante.com\/revista\/wp-content\/uploads\/2025\/11\/raschel-paz-miss-universo-2025-traje-tradicional-7.jpg 1344w\" sizes=\"(max-width: 1140px) 100vw, 1140px\" title=\"Raschel Paz present\u00f3 en Miss Universo 2025 un traje nacional que integra elementos de identidad multicultural, elaborado por la dise\u00f1adora y emprendedora quetzalteca Janet Guerra, quien a trav\u00e9s de su tienda J&amp;G genera oportunidades para artesanos textiles del Occidente guatemalteco. (Foto Miss Universe 2025-Tailandia) \u2013 SoyMigrante.com REVISTA\" \/>\t\t\t\t\t\t\t\t\t\t\t<figcaption class=\"widget-image-caption wp-caption-text\">Raschel Paz present\u00f3 en Miss Universo 2025 un traje nacional que integra elementos de identidad multicultural, elaborado por la dise\u00f1adora y emprendedora quetzalteca Janet Guerra, quien a trav\u00e9s de su tienda J&amp;G genera oportunidades para artesanos textiles del Occidente guatemalteco. (Foto Miss Universe 2025-Tailandia)<\/figcaption>\n\t\t\t\t\t\t\t\t\t\t<\/figure>\n\t\t\t\t\t\t\t\t\t<\/div>\n\t\t\t\t\t<\/div>\n\t\t\t\t<\/div>\n\t\t<div data-particle_enable=\"false\" data-particle-mobile-disabled=\"false\" class=\"elementor-element elementor-element-f364d71 e-flex e-con-boxed e-con e-parent\" data-id=\"f364d71\" data-element_type=\"container\" data-e-type=\"container\">\n\t\t\t\t\t<div class=\"e-con-inner\">\n\t\t\t\t<div class=\"elementor-element elementor-element-82d7d58 elementor-widget elementor-widget-text-editor\" data-id=\"82d7d58\" data-element_type=\"widget\" data-e-type=\"widget\" data-widget_type=\"text-editor.default\">\n\t\t\t\t\t\t\t\t\t<p>Guerra, cuyo sello es integrar elementos tradicionales y\u00a0 modernos en sus dise\u00f1os, describi\u00f3 el proceso creativo como un acto de entrega y un constante homenaje a Guatemala. \u201cCrear es un acto de amor\u2026 y tambi\u00e9n de valent\u00eda. Porque cuando decides mostrar tu visi\u00f3n al mundo, no todos van a aplaudir. Y est\u00e1 bien\u2026 porque no dise\u00f1o para complacer, dise\u00f1o para trascender\u201d, afirm\u00f3.\u00a0<\/p>\n<p><a href=\"https:\/\/soymigrante.com\/revista\/fortaleza-y-oportunidades-para-mujeres-tejedoras-impulsa-janet-guerra-con-jg-home\/\">Janet Guerra confecciona cada pieza con un profundo orgullo por Guatemala y genera oportunidades<\/a>: \u201cCada pieza lleva historia, ra\u00edces, s\u00edmbolos y sue\u00f1os que no son solo m\u00edos: son de todos\u201d.<\/p>\t\t\t\t\t\t\t\t<\/div>\n\t\t\t\t\t<\/div>\n\t\t\t\t<\/div>\n\t\t<div data-particle_enable=\"false\" data-particle-mobile-disabled=\"false\" class=\"elementor-element elementor-element-8339fde e-flex e-con-boxed e-con e-parent\" data-id=\"8339fde\" data-element_type=\"container\" data-e-type=\"container\">\n\t\t\t\t\t<div class=\"e-con-inner\">\n\t\t\t\t<div class=\"elementor-element elementor-element-ad1a131 elementor-widget elementor-widget-image-gallery\" data-id=\"ad1a131\" data-element_type=\"widget\" data-e-type=\"widget\" data-widget_type=\"image-gallery.default\">\n\t\t\t\t\t\t\t<div class=\"elementor-image-gallery\">\n\t\t\t<div id='gallery-3' class='gallery galleryid-48797 gallery-columns-1 gallery-size-large'><figure class='gallery-item'>\n\t\t\t<div class='gallery-icon portrait'>\n\t\t\t\t<a data-elementor-open-lightbox=\"yes\" data-elementor-lightbox-slideshow=\"ad1a131\" data-elementor-lightbox-title=\"miss universo traje guatemala por janet guerra 2\" data-elementor-lightbox-description=\"miss universo traje guatemala por janet guerra 2\" data-e-action-hash=\"#elementor-action%3Aaction%3Dlightbox%26settings%3DeyJpZCI6NDg4MDYsInVybCI6Imh0dHBzOlwvXC9zb3ltaWdyYW50ZS5jb21cL3JldmlzdGFcL3dwLWNvbnRlbnRcL3VwbG9hZHNcLzIwMjVcLzExXC9taXNzLXVuaXZlcnNvLXRyYWplLWd1YXRlbWFsYS1wb3ItamFuZXQtZ3VlcnJhLTMuanBnIiwic2xpZGVzaG93IjoiYWQxYTEzMSJ9\" href='https:\/\/soymigrante.com\/revista\/wp-content\/uploads\/2025\/11\/miss-universo-traje-guatemala-por-janet-guerra-3.jpg'><img decoding=\"async\" width=\"682\" height=\"1024\" src=\"https:\/\/soymigrante.com\/revista\/wp-content\/uploads\/2025\/11\/miss-universo-traje-guatemala-por-janet-guerra-3-682x1024.jpg\" class=\"attachment-large size-large\" alt=\"miss universo traje guatemala por janet guerra 2\" aria-describedby=\"gallery-3-48806\" srcset=\"https:\/\/soymigrante.com\/revista\/wp-content\/uploads\/2025\/11\/miss-universo-traje-guatemala-por-janet-guerra-3-682x1024.jpg 682w, https:\/\/soymigrante.com\/revista\/wp-content\/uploads\/2025\/11\/miss-universo-traje-guatemala-por-janet-guerra-3-200x300.jpg 200w, https:\/\/soymigrante.com\/revista\/wp-content\/uploads\/2025\/11\/miss-universo-traje-guatemala-por-janet-guerra-3-768x1153.jpg 768w, https:\/\/soymigrante.com\/revista\/wp-content\/uploads\/2025\/11\/miss-universo-traje-guatemala-por-janet-guerra-3-1023x1536.jpg 1023w, https:\/\/soymigrante.com\/revista\/wp-content\/uploads\/2025\/11\/miss-universo-traje-guatemala-por-janet-guerra-3-750x1126.jpg 750w, https:\/\/soymigrante.com\/revista\/wp-content\/uploads\/2025\/11\/miss-universo-traje-guatemala-por-janet-guerra-3.jpg 1066w\" sizes=\"(max-width: 682px) 100vw, 682px\" title=\"miss universo traje guatemala por janet guerra 2 \u2013 SoyMigrante.com REVISTA\" \/><\/a>\n\t\t\t<\/div>\n\t\t\t\t<figcaption class='wp-caption-text gallery-caption' id='gallery-3-48806'>\n\t\t\t\tEl traje dise\u00f1ado por Janet Guerra para Miss Universo Guatemala tiene una chaqueta de terciopelo negro inspirada con s\u00edmbolos inspirados en el traje maya ceremonial de Quetzaltenango.\n\t\t\t\t<\/figcaption><\/figure><figure class='gallery-item'>\n\t\t\t<div class='gallery-icon landscape'>\n\t\t\t\t<a data-elementor-open-lightbox=\"yes\" data-elementor-lightbox-slideshow=\"ad1a131\" data-elementor-lightbox-title=\"miss universo traje guatemala por janet guerra 4\" data-elementor-lightbox-description=\"miss universo traje guatemala por janet guerra 2\" data-e-action-hash=\"#elementor-action%3Aaction%3Dlightbox%26settings%3DeyJpZCI6NDg4MDcsInVybCI6Imh0dHBzOlwvXC9zb3ltaWdyYW50ZS5jb21cL3JldmlzdGFcL3dwLWNvbnRlbnRcL3VwbG9hZHNcLzIwMjVcLzExXC9taXNzLXVuaXZlcnNvLXRyYWplLWd1YXRlbWFsYS1wb3ItamFuZXQtZ3VlcnJhLTQuanBnIiwic2xpZGVzaG93IjoiYWQxYTEzMSJ9\" href='https:\/\/soymigrante.com\/revista\/wp-content\/uploads\/2025\/11\/miss-universo-traje-guatemala-por-janet-guerra-4.jpg'><img decoding=\"async\" width=\"1140\" height=\"763\" src=\"https:\/\/soymigrante.com\/revista\/wp-content\/uploads\/2025\/11\/miss-universo-traje-guatemala-por-janet-guerra-4-1140x763.jpg\" class=\"attachment-large size-large\" alt=\"miss universo traje guatemala por janet guerra 2\" aria-describedby=\"gallery-3-48807\" srcset=\"https:\/\/soymigrante.com\/revista\/wp-content\/uploads\/2025\/11\/miss-universo-traje-guatemala-por-janet-guerra-4-1140x763.jpg 1140w, https:\/\/soymigrante.com\/revista\/wp-content\/uploads\/2025\/11\/miss-universo-traje-guatemala-por-janet-guerra-4-300x201.jpg 300w, https:\/\/soymigrante.com\/revista\/wp-content\/uploads\/2025\/11\/miss-universo-traje-guatemala-por-janet-guerra-4-768x514.jpg 768w, https:\/\/soymigrante.com\/revista\/wp-content\/uploads\/2025\/11\/miss-universo-traje-guatemala-por-janet-guerra-4-750x502.jpg 750w, https:\/\/soymigrante.com\/revista\/wp-content\/uploads\/2025\/11\/miss-universo-traje-guatemala-por-janet-guerra-4.jpg 1356w\" sizes=\"(max-width: 1140px) 100vw, 1140px\" title=\"miss universo traje guatemala por janet guerra 4 \u2013 SoyMigrante.com REVISTA\" \/><\/a>\n\t\t\t<\/div>\n\t\t\t\t<figcaption class='wp-caption-text gallery-caption' id='gallery-3-48807'>\n\t\t\t\tEn el reverso de la chaqueta, un brocado con el Quetzal, ave nacional y la expresi\u00f3n del Himno nacional: Guatemala, tu nombre inmortal\n\t\t\t\t<\/figcaption><\/figure><figure class='gallery-item'>\n\t\t\t<div class='gallery-icon landscape'>\n\t\t\t\t<a data-elementor-open-lightbox=\"yes\" data-elementor-lightbox-slideshow=\"ad1a131\" data-elementor-lightbox-title=\"miss universo traje guatemala por janet guerra 1\" data-elementor-lightbox-description=\"miss universo traje guatemala por janet guerra 2\" data-e-action-hash=\"#elementor-action%3Aaction%3Dlightbox%26settings%3DeyJpZCI6NDg4MDgsInVybCI6Imh0dHBzOlwvXC9zb3ltaWdyYW50ZS5jb21cL3JldmlzdGFcL3dwLWNvbnRlbnRcL3VwbG9hZHNcLzIwMjVcLzExXC9taXNzLXVuaXZlcnNvLXRyYWplLWd1YXRlbWFsYS1wb3ItamFuZXQtZ3VlcnJhLTEuanBnIiwic2xpZGVzaG93IjoiYWQxYTEzMSJ9\" href='https:\/\/soymigrante.com\/revista\/wp-content\/uploads\/2025\/11\/miss-universo-traje-guatemala-por-janet-guerra-1.jpg'><img loading=\"lazy\" decoding=\"async\" width=\"1140\" height=\"762\" src=\"https:\/\/soymigrante.com\/revista\/wp-content\/uploads\/2025\/11\/miss-universo-traje-guatemala-por-janet-guerra-1-1140x762.jpg\" class=\"attachment-large size-large\" alt=\"miss universo traje guatemala por janet guerra 2\" aria-describedby=\"gallery-3-48808\" srcset=\"https:\/\/soymigrante.com\/revista\/wp-content\/uploads\/2025\/11\/miss-universo-traje-guatemala-por-janet-guerra-1-1140x762.jpg 1140w, https:\/\/soymigrante.com\/revista\/wp-content\/uploads\/2025\/11\/miss-universo-traje-guatemala-por-janet-guerra-1-300x201.jpg 300w, https:\/\/soymigrante.com\/revista\/wp-content\/uploads\/2025\/11\/miss-universo-traje-guatemala-por-janet-guerra-1-768x514.jpg 768w, https:\/\/soymigrante.com\/revista\/wp-content\/uploads\/2025\/11\/miss-universo-traje-guatemala-por-janet-guerra-1-750x502.jpg 750w, https:\/\/soymigrante.com\/revista\/wp-content\/uploads\/2025\/11\/miss-universo-traje-guatemala-por-janet-guerra-1.jpg 1440w\" sizes=\"(max-width: 1140px) 100vw, 1140px\" title=\"miss universo traje guatemala por janet guerra 1 \u2013 SoyMigrante.com REVISTA\" \/><\/a>\n\t\t\t<\/div>\n\t\t\t\t<figcaption class='wp-caption-text gallery-caption' id='gallery-3-48808'>\n\t\t\t\tEn las botas, Miss Guatemala Raschel Paz luci\u00f3 una alusi\u00f3n al Monumento a la Marimba de Quetzaltenango, con un pentagrama que representa la rica producci\u00f3n musical guatemalteca.\n\t\t\t\t<\/figcaption><\/figure><figure class='gallery-item'>\n\t\t\t<div class='gallery-icon landscape'>\n\t\t\t\t<a data-elementor-open-lightbox=\"yes\" data-elementor-lightbox-slideshow=\"ad1a131\" data-elementor-lightbox-title=\"miss universo traje guatemala por janet guerra 2\" data-elementor-lightbox-description=\"miss universo traje guatemala por janet guerra 2\" data-e-action-hash=\"#elementor-action%3Aaction%3Dlightbox%26settings%3DeyJpZCI6NDg4MDksInVybCI6Imh0dHBzOlwvXC9zb3ltaWdyYW50ZS5jb21cL3JldmlzdGFcL3dwLWNvbnRlbnRcL3VwbG9hZHNcLzIwMjVcLzExXC9taXNzLXVuaXZlcnNvLXRyYWplLWd1YXRlbWFsYS1wb3ItamFuZXQtZ3VlcnJhLTIuanBnIiwic2xpZGVzaG93IjoiYWQxYTEzMSJ9\" href='https:\/\/soymigrante.com\/revista\/wp-content\/uploads\/2025\/11\/miss-universo-traje-guatemala-por-janet-guerra-2.jpg'><img loading=\"lazy\" decoding=\"async\" width=\"1140\" height=\"762\" src=\"https:\/\/soymigrante.com\/revista\/wp-content\/uploads\/2025\/11\/miss-universo-traje-guatemala-por-janet-guerra-2-1140x762.jpg\" class=\"attachment-large size-large\" alt=\"miss universo traje guatemala por janet guerra 2\" aria-describedby=\"gallery-3-48809\" srcset=\"https:\/\/soymigrante.com\/revista\/wp-content\/uploads\/2025\/11\/miss-universo-traje-guatemala-por-janet-guerra-2-1140x762.jpg 1140w, https:\/\/soymigrante.com\/revista\/wp-content\/uploads\/2025\/11\/miss-universo-traje-guatemala-por-janet-guerra-2-300x201.jpg 300w, https:\/\/soymigrante.com\/revista\/wp-content\/uploads\/2025\/11\/miss-universo-traje-guatemala-por-janet-guerra-2-768x514.jpg 768w, https:\/\/soymigrante.com\/revista\/wp-content\/uploads\/2025\/11\/miss-universo-traje-guatemala-por-janet-guerra-2-750x502.jpg 750w, https:\/\/soymigrante.com\/revista\/wp-content\/uploads\/2025\/11\/miss-universo-traje-guatemala-por-janet-guerra-2.jpg 1440w\" sizes=\"(max-width: 1140px) 100vw, 1140px\" title=\"miss universo traje guatemala por janet guerra 2 \u2013 SoyMigrante.com REVISTA\" \/><\/a>\n\t\t\t<\/div>\n\t\t\t\t<figcaption class='wp-caption-text gallery-caption' id='gallery-3-48809'>\n\t\t\t\tRaschel Paz llevar\u00e1 en la cabeza el tradicional Ixap rojo con 13 vueltas, s\u00edmbolo de sabidur\u00eda ancestral femenina y espiritualidad.El b\u00e1culo integra las ruedas del calendario maya.\n\t\t\t\t<\/figcaption><\/figure>\n\t\t<\/div>\n\t\t<\/div>\n\t\t\t\t\t\t<\/div>\n\t\t\t\t\t<\/div>\n\t\t\t\t<\/div>\n\t\t<div data-particle_enable=\"false\" data-particle-mobile-disabled=\"false\" class=\"elementor-element elementor-element-398b39f e-flex e-con-boxed e-con e-parent\" data-id=\"398b39f\" data-element_type=\"container\" data-e-type=\"container\">\n\t\t\t\t\t<div class=\"e-con-inner\">\n\t\t\t\t<div class=\"elementor-element elementor-element-66d5365 elementor-widget elementor-widget-heading\" data-id=\"66d5365\" data-element_type=\"widget\" data-e-type=\"widget\" data-widget_type=\"heading.default\">\n\t\t\t\t\t<h3 class=\"elementor-heading-title elementor-size-default\">Admira los detalles, descritos por su dise\u00f1adora<\/h3>\t\t\t\t<\/div>\n\t\t\t\t\t<\/div>\n\t\t\t\t<\/div>\n\t\t<div data-particle_enable=\"false\" data-particle-mobile-disabled=\"false\" class=\"elementor-element elementor-element-ef7460e e-flex e-con-boxed e-con e-parent\" data-id=\"ef7460e\" data-element_type=\"container\" data-e-type=\"container\">\n\t\t\t\t\t<div class=\"e-con-inner\">\n\t\t\t\t<div class=\"elementor-element elementor-element-ec89f05 elementor-widget elementor-widget-text-editor\" data-id=\"ec89f05\" data-element_type=\"widget\" data-e-type=\"widget\" data-widget_type=\"text-editor.default\">\n\t\t\t\t\t\t\t\t\t<p>El traje nacional que luci\u00f3 Raschel Paz en Tailandia se inspira en \u201cla grandeza cultural, coraz\u00f3n del Altiplano guatemalteco,\u00a0 \u00a0cuna de mujeres y hombres que han sabido mantener viva su identidad\u201d, explic\u00f3 la dise\u00f1adora <a href=\"https:\/\/soymigrante.com\/revista\/fortaleza-y-oportunidades-para-mujeres-tejedoras-impulsa-janet-guerra-con-jg-home\/\">Janet Guerra.\u00a0<\/a><\/p>\t\t\t\t\t\t\t\t<\/div>\n\t\t\t\t\t<\/div>\n\t\t\t\t<\/div>\n\t\t<div data-particle_enable=\"false\" data-particle-mobile-disabled=\"false\" class=\"elementor-element elementor-element-29f7663 e-flex e-con-boxed e-con e-parent\" data-id=\"29f7663\" data-element_type=\"container\" data-e-type=\"container\">\n\t\t\t\t\t<div class=\"e-con-inner\">\n\t\t\t\t<div class=\"elementor-element elementor-element-85c646f elementor-widget elementor-widget-html\" data-id=\"85c646f\" data-element_type=\"widget\" data-e-type=\"widget\" data-widget_type=\"html.default\">\n\t\t\t\t\t<iframe src=\"https:\/\/www.facebook.com\/plugins\/video.php?height=476&href=https%3A%2F%2Fwww.facebook.com%2Freel%2F1385337906517454%2F&show_text=true&width=267&t=0\" width=\"267\" height=\"591\" style=\"border:none;overflow:hidden\" scrolling=\"no\" frameborder=\"0\" allowfullscreen=\"true\" allow=\"autoplay; clipboard-write; encrypted-media; picture-in-picture; web-share\" allowFullScreen=\"true\"><\/iframe>\t\t\t\t<\/div>\n\t\t\t\t\t<\/div>\n\t\t\t\t<\/div>\n\t\t<div data-particle_enable=\"false\" data-particle-mobile-disabled=\"false\" class=\"elementor-element elementor-element-576c7ce e-flex e-con-boxed e-con e-parent\" data-id=\"576c7ce\" data-element_type=\"container\" data-e-type=\"container\">\n\t\t\t\t\t<div class=\"e-con-inner\">\n\t\t\t\t<div class=\"elementor-element elementor-element-ca1dbde elementor-widget elementor-widget-heading\" data-id=\"ca1dbde\" data-element_type=\"widget\" data-e-type=\"widget\" data-widget_type=\"heading.default\">\n\t\t\t\t\t<h2 class=\"elementor-heading-title elementor-size-default\">Sobre Raschel Paz: digna representante<\/h2>\t\t\t\t<\/div>\n\t\t\t\t\t<\/div>\n\t\t\t\t<\/div>\n\t\t<div data-particle_enable=\"false\" data-particle-mobile-disabled=\"false\" class=\"elementor-element elementor-element-e97c063 e-flex e-con-boxed e-con e-parent\" data-id=\"e97c063\" data-element_type=\"container\" data-e-type=\"container\">\n\t\t\t\t\t<div class=\"e-con-inner\">\n\t\t\t\t<div class=\"elementor-element elementor-element-6d7fe4c elementor-widget elementor-widget-text-editor\" data-id=\"6d7fe4c\" data-element_type=\"widget\" data-e-type=\"widget\" data-widget_type=\"text-editor.default\">\n\t\t\t\t\t\t\t\t\t<p>Raschel Alexandra Paz Archila, de 24 a\u00f1os, fue coronada Miss Universo Guatemala 2025 el 12 de julio en <a href=\"https:\/\/soymigrante.com\/revista\/quetzaltenango-500-15-datos-que-quiza-ya-sabias-o-tal-vez-no\/\">Quetzaltenango<\/a>. Originaria de la ciudad capital, mide 1.82 metros, es licenciada en Ciencias Pol\u00edticas y Relaciones Internacionales, modelo profesional y domina espa\u00f1ol, ingl\u00e9s y alem\u00e1n.<br \/>Su carrera inici\u00f3 en 2021, superando desaf\u00edos que la impulsaron a prepararse m\u00e1s. En 2022 asisti\u00f3 a un casting de Miss Universe Guatemala, pero no fue seleccionada.<a href=\"https:\/\/soymigrante.com\/revista\/dificultades-nunca-faltan-pero-aqui-hay-claves-para-enfrentarlas\/\"> \u201cNo tom\u00e9 ese \u2018no\u2019 como una puerta cerrada, <\/a>sino como una pausa\u201d.\u00a0<\/p>\n<p>Desde entonces se dedic\u00f3 a fortalecer sus habilidades de liderazgo, aprender idiomas y formarse como vocera de causas sociales. En julio de 2025 fue electa Miss Guatemala Universo, para participar en el certamen de Tailandia.<\/p>\t\t\t\t\t\t\t\t<\/div>\n\t\t\t\t\t<\/div>\n\t\t\t\t<\/div>\n\t\t<div data-particle_enable=\"false\" data-particle-mobile-disabled=\"false\" class=\"elementor-element elementor-element-a48ef2d e-flex e-con-boxed e-con e-parent\" data-id=\"a48ef2d\" data-element_type=\"container\" data-e-type=\"container\">\n\t\t\t\t\t<div class=\"e-con-inner\">\n\t\t\t\t<div class=\"elementor-element elementor-element-2860f9b elementor-widget elementor-widget-heading\" data-id=\"2860f9b\" data-element_type=\"widget\" data-e-type=\"widget\" data-widget_type=\"heading.default\">\n\t\t\t\t\t<h2 class=\"elementor-heading-title elementor-size-default\">Conoce la historia y emprendimiento de Janet Guerra en SoyMigrante.com MERCADO<\/h2>\t\t\t\t<\/div>\n\t\t\t\t\t<\/div>\n\t\t\t\t<\/div>\n\t\t<div data-particle_enable=\"false\" data-particle-mobile-disabled=\"false\" class=\"elementor-element elementor-element-57e392e e-flex e-con-boxed e-con e-parent\" data-id=\"57e392e\" data-element_type=\"container\" data-e-type=\"container\">\n\t\t\t\t\t<div class=\"e-con-inner\">\n\t\t\t\t<div class=\"elementor-element elementor-element-7b7647a elementor-grid-eael-col-1 elementor-grid-tablet-eael-col-2 elementor-grid-mobile-eael-col-1 elementor-widget elementor-widget-eael-post-grid\" data-id=\"7b7647a\" data-element_type=\"widget\" data-e-type=\"widget\" data-settings=\"{&quot;eael_post_grid_columns&quot;:&quot;eael-col-1&quot;,&quot;eael_post_grid_columns_tablet&quot;:&quot;eael-col-2&quot;,&quot;eael_post_grid_columns_mobile&quot;:&quot;eael-col-1&quot;}\" data-widget_type=\"eael-post-grid.default\">\n\t\t\t\t\t<div id=\"eael-post-grid-7b7647a\" class=\"eael-post-grid-container\">\n            <div class=\"eael-post-grid eael-post-appender eael-post-appender-7b7647a eael-post-grid-style-one\" data-layout-mode=\"masonry\"><article class=\"eael-grid-post  eael-post-grid-column eael-pg-post-31912 category-guate-nuestra tags-mercado-emprendedores\" data-id=\"31912\">\n        <div class=\"eael-grid-post-holder\">\n            <div class=\"eael-grid-post-holder-inner\"><div class=\"eael-entry-media\"><div class=\"eael-entry-overlay fade-in\"><i class=\"far fa-hand-pointer\" aria-hidden=\"true\"><\/i><a href=\"https:\/\/soymigrante.com\/revista\/fortaleza-y-oportunidades-para-mujeres-tejedoras-impulsa-janet-guerra-con-jg-home\/\"><\/a><\/div><div class=\"eael-entry-thumbnail eael-image-ratio\">\n                <img loading=\"lazy\" decoding=\"async\" width=\"1024\" height=\"1024\" src=\"https:\/\/soymigrante.com\/revista\/wp-content\/uploads\/2025\/04\/Janet-Guerra-disenadora-quetzalteca-JG-Home-MERCADO-1024x1024.png\" class=\"attachment-large size-large wp-image-31914\" alt=\"Vendedora de textiles tradicionales, representando la cultura y el arte en productos artesanales en una feria cultural en M\u00e9xico.\" srcset=\"https:\/\/soymigrante.com\/revista\/wp-content\/uploads\/2025\/04\/Janet-Guerra-disenadora-quetzalteca-JG-Home-MERCADO-1024x1024.png 1024w, https:\/\/soymigrante.com\/revista\/wp-content\/uploads\/2025\/04\/Janet-Guerra-disenadora-quetzalteca-JG-Home-MERCADO-300x300.png 300w, https:\/\/soymigrante.com\/revista\/wp-content\/uploads\/2025\/04\/Janet-Guerra-disenadora-quetzalteca-JG-Home-MERCADO-150x150.png 150w, https:\/\/soymigrante.com\/revista\/wp-content\/uploads\/2025\/04\/Janet-Guerra-disenadora-quetzalteca-JG-Home-MERCADO-768x768.png 768w, https:\/\/soymigrante.com\/revista\/wp-content\/uploads\/2025\/04\/Janet-Guerra-disenadora-quetzalteca-JG-Home-MERCADO-75x75.webp 75w, https:\/\/soymigrante.com\/revista\/wp-content\/uploads\/2025\/04\/Janet-Guerra-disenadora-quetzalteca-JG-Home-MERCADO-750x750.png 750w, https:\/\/soymigrante.com\/revista\/wp-content\/uploads\/2025\/04\/Janet-Guerra-disenadora-quetzalteca-JG-Home-MERCADO.webp 1080w\" sizes=\"(max-width: 1024px) 100vw, 1024px\" \/>\n            <\/div>\n        <\/div><div class=\"eael-entry-wrapper\"><header class=\"eael-entry-header\"><h2 class=\"eael-entry-title\"><a class=\"eael-grid-post-link\" href=\"https:\/\/soymigrante.com\/revista\/fortaleza-y-oportunidades-para-mujeres-tejedoras-impulsa-janet-guerra-con-jg-home\/\" title=\"Dise\u00f1os originales y oportunidades para tejedoras impulsa Janet Guerra con JG Home\">Dise\u00f1os originales y oportunidades para tejedoras impulsa Janet Guerra con JG Home<\/a><\/h2><\/header><div class=\"eael-entry-content\">\n                        <div class=\"eael-grid-post-excerpt\"><a href=\"https:\/\/soymigrante.com\/revista\/fortaleza-y-oportunidades-para-mujeres-tejedoras-impulsa-janet-guerra-con-jg-home\/\" class=\"eael-post-elements-readmore-btn\">CONOCE SU HISTORIA <\/a><\/div>\n                    <\/div><\/div><\/div>\n        <\/div>\n    <\/article><\/div>\n            <div class=\"clearfix\"><\/div>\n        <\/div>\t\t\t\t<\/div>\n\t\t\t\t\t<\/div>\n\t\t\t\t<\/div>\n\t\t\t\t<\/div>\n\t\t","protected":false},"excerpt":{"rendered":"<p>Raschel Paz proyecta a Guatemala ante el mundo en Miss Universo 2025 en Tailandia: en el desfile con traje nacional luci\u00f3 un dise\u00f1o de Janet Guerra, emprendedora quetzalteca, cuya tienda digital est\u00e1 abierta en SoyMigrante.com MERCADO La presentaci\u00f3n del traje tradicional de Raschel Paz brill\u00f3 ante el mundo con s\u00edmbolos, textiles y tradici\u00f3n de Quetzaltenango [&hellip;]<\/p>\n","protected":false},"author":7,"featured_media":48799,"comment_status":"open","ping_status":"open","sticky":false,"template":"","format":"standard","meta":{"_acf_changed":false,"_eb_attr":"","footnotes":""},"categories":[58],"tags":[130],"class_list":["post-48797","post","type-post","status-publish","format-standard","has-post-thumbnail","hentry","category-guate-nuestra","tag-mercado-emprendedores"],"acf":[],"aioseo_notices":[],"aioseo_head":"\n\t\t<!-- All in One SEO Pro 4.9.6.2 - aioseo.com -->\n\t<meta name=\"description\" content=\"Una dura prueba de vida llev\u00f3 a la dise\u00f1adora de modas Janet Guerra a crear l\u00ednea JG Home que genera trabajo para madres artesanas quetzaltecas. Ahora est\u00e1 en MERCADO\" \/>\n\t<meta name=\"robots\" content=\"max-snippet:-1, max-image-preview:large, max-video-preview:-1\" \/>\n\t<meta name=\"author\" content=\"Gustavo Montenegro\"\/>\n\t<link rel=\"canonical\" href=\"https:\/\/soymigrante.com\/revista\/fortaleza-y-oportunidades-para-mujeres-tejedoras-impulsa-janet-guerra-con-jg-home\/\" \/>\n\t<meta name=\"generator\" content=\"All in One SEO Pro (AIOSEO) 4.9.6.2\" \/>\n\n\t\t<link rel=\"preconnect\" href=\"https:\/\/fonts.googleapis.com\" crossorigin>\n<link rel=\"preconnect\" href=\"https:\/\/fonts.gstatic.com\" crossorigin>\n\t\t<meta property=\"og:locale\" content=\"es_ES\" \/>\n\t\t<meta property=\"og:site_name\" content=\"SoyMigrante.com REVISTA \u2013 Nuestra misi\u00f3n es reconocer y dignificar al migrante.\" \/>\n\t\t<meta property=\"og:type\" content=\"article\" \/>\n\t\t<meta property=\"og:title\" content=\"Janet Guerra crea oportunidades para tejedoras con JG Home\" \/>\n\t\t<meta property=\"og:description\" content=\"Una dura prueba de vida llev\u00f3 a la dise\u00f1adora de modas Janet Guerra a crear l\u00ednea JG Home que genera trabajo para madres artesanas quetzaltecas. Ahora est\u00e1 en MERCADO\" \/>\n\t\t<meta property=\"og:url\" content=\"https:\/\/soymigrante.com\/revista\/fortaleza-y-oportunidades-para-mujeres-tejedoras-impulsa-janet-guerra-con-jg-home\/\" \/>\n\t\t<meta property=\"og:image\" content=\"https:\/\/soymigrante.com\/revista\/wp-content\/uploads\/2025\/04\/Janet-Guerra-disenadora-quetzalteca-JG-Home-MERCADO.webp\" \/>\n\t\t<meta property=\"og:image:secure_url\" content=\"https:\/\/soymigrante.com\/revista\/wp-content\/uploads\/2025\/04\/Janet-Guerra-disenadora-quetzalteca-JG-Home-MERCADO.webp\" \/>\n\t\t<meta property=\"og:image:width\" content=\"1080\" \/>\n\t\t<meta property=\"og:image:height\" content=\"1080\" \/>\n\t\t<meta property=\"article:published_time\" content=\"2025-04-25T20:43:54+00:00\" \/>\n\t\t<meta property=\"article:modified_time\" content=\"2025-07-21T19:22:54+00:00\" \/>\n\t\t<meta property=\"article:publisher\" content=\"https:\/\/www.facebook.com\/soymigrantecom\" \/>\n\t\t<meta name=\"twitter:card\" content=\"summary_large_image\" \/>\n\t\t<meta name=\"twitter:site\" content=\"@SoyMigrante_com\" \/>\n\t\t<meta name=\"twitter:title\" content=\"Janet Guerra crea oportunidades para tejedoras con JG Home\" \/>\n\t\t<meta name=\"twitter:description\" content=\"Una dura prueba de vida llev\u00f3 a la dise\u00f1adora de modas Janet Guerra a crear l\u00ednea JG Home que genera trabajo para madres artesanas quetzaltecas. Ahora est\u00e1 en MERCADO\" \/>\n\t\t<meta name=\"twitter:creator\" content=\"@SoyMigrante_com\" \/>\n\t\t<meta name=\"twitter:image\" content=\"https:\/\/soymigrante.com\/revista\/wp-content\/uploads\/2025\/04\/Janet-Guerra-disenadora-quetzalteca-JG-Home-MERCADO.webp\" \/>\n\t\t<!-- All in One SEO Pro -->\r\n\t\t<title>Janet Guerra crea oportunidades para tejedoras con JG Home<\/title>\n\n","aioseo_head_json":{"title":"Janet Guerra crea oportunidades para tejedoras con JG Home","description":"Una dura prueba de vida llev\u00f3 a la dise\u00f1adora de modas Janet Guerra a crear l\u00ednea JG Home que genera trabajo para madres artesanas quetzaltecas. Ahora est\u00e1 en MERCADO","canonical_url":"https:\/\/soymigrante.com\/revista\/fortaleza-y-oportunidades-para-mujeres-tejedoras-impulsa-janet-guerra-con-jg-home\/","robots":"max-snippet:-1, max-image-preview:large, max-video-preview:-1","keywords":"","webmasterTools":{"miscellaneous":"&lt;link rel=\"preconnect\" href=\"https:\/\/fonts.googleapis.com\" crossorigin&gt;\n&lt;link rel=\"preconnect\" href=\"https:\/\/fonts.gstatic.com\" crossorigin&gt;"},"schema":null,"og:locale":"es_ES","og:site_name":"SoyMigrante.com REVISTA \u2013 Nuestra misi\u00f3n es reconocer y dignificar al migrante.","og:type":"article","og:title":"Janet Guerra crea oportunidades para tejedoras con JG Home","og:description":"Una dura prueba de vida llev\u00f3 a la dise\u00f1adora de modas Janet Guerra a crear l\u00ednea JG Home que genera trabajo para madres artesanas quetzaltecas. Ahora est\u00e1 en MERCADO","og:url":"https:\/\/soymigrante.com\/revista\/fortaleza-y-oportunidades-para-mujeres-tejedoras-impulsa-janet-guerra-con-jg-home\/","og:image":"https:\/\/soymigrante.com\/revista\/wp-content\/uploads\/2025\/04\/Janet-Guerra-disenadora-quetzalteca-JG-Home-MERCADO.webp","og:image:secure_url":"https:\/\/soymigrante.com\/revista\/wp-content\/uploads\/2025\/04\/Janet-Guerra-disenadora-quetzalteca-JG-Home-MERCADO.webp","og:image:width":1080,"og:image:height":1080,"article:published_time":"2025-04-25T20:43:54+00:00","article:modified_time":"2025-07-21T19:22:54+00:00","article:publisher":"https:\/\/www.facebook.com\/soymigrantecom","twitter:card":"summary_large_image","twitter:site":"@SoyMigrante_com","twitter:title":"Janet Guerra crea oportunidades para tejedoras con JG Home","twitter:description":"Una dura prueba de vida llev\u00f3 a la dise\u00f1adora de modas Janet Guerra a crear l\u00ednea JG Home que genera trabajo para madres artesanas quetzaltecas. Ahora est\u00e1 en MERCADO","twitter:creator":"@SoyMigrante_com","twitter:image":"https:\/\/soymigrante.com\/revista\/wp-content\/uploads\/2025\/04\/Janet-Guerra-disenadora-quetzalteca-JG-Home-MERCADO.webp"},"aioseo_meta_data":{"post_id":"48797","title":"Raschel Paz luce en Miss Universo 2025 traje dise\u00f1ado en Xela","description":"Raschel Paz brilla en Miss Universo y queda en Top 20 de traje nacional, con dise\u00f1o de quetzalteca Janet Guerra, cuya tienda est\u00e1 en SoyMigrante.com MERCADO.","keywords":null,"keyphrases":{"focus":{"keyphrase":"Miss Universo","score":82,"analysis":{"keyphraseInTitle":{"score":9,"maxScore":9,"error":0},"keyphraseInDescription":{"score":9,"maxScore":9,"error":0},"keyphraseLength":{"score":9,"maxScore":9,"error":0,"length":2},"keyphraseInURL":{"score":5,"maxScore":5,"error":0},"keyphraseInIntroduction":{"score":3,"maxScore":9,"error":1},"keyphraseInSubHeadings":{"score":3,"maxScore":9,"error":1},"keyphraseInImageAlt":{"score":9,"maxScore":9,"error":0},"keywordDensity":{"type":"best","score":9,"maxScore":9,"error":0}}},"additional":[]},"primary_term":null,"canonical_url":null,"og_title":null,"og_description":null,"og_object_type":"default","og_image_type":"default","og_image_url":null,"og_image_width":null,"og_image_height":null,"og_image_custom_url":null,"og_image_custom_fields":null,"og_video":"","og_custom_url":null,"og_article_section":null,"og_article_tags":null,"twitter_use_og":false,"twitter_card":"default","twitter_image_type":"default","twitter_image_url":null,"twitter_image_custom_url":null,"twitter_image_custom_fields":null,"twitter_title":null,"twitter_description":null,"schema":{"blockGraphs":[],"customGraphs":[],"default":{"data":{"Article":[],"Course":[],"Dataset":[],"FAQPage":[],"Movie":[],"Person":[],"Product":[],"ProductReview":[],"Car":[],"Recipe":[],"Service":[],"SoftwareApplication":[],"WebPage":[]},"graphName":"NewsArticle","isEnabled":true},"graphs":[]},"schema_type":"default","schema_type_options":null,"pillar_content":false,"robots_default":true,"robots_noindex":false,"robots_noarchive":false,"robots_nosnippet":false,"robots_nofollow":false,"robots_noimageindex":false,"robots_noodp":false,"robots_notranslate":false,"robots_max_snippet":"-1","robots_max_videopreview":"-1","robots_max_imagepreview":"large","priority":null,"frequency":"default","local_seo":null,"seo_analyzer_scan_date":"2025-11-20 14:27:11","breadcrumb_settings":null,"limit_modified_date":false,"reviewed_by":"0","open_ai":null,"ai":{"faqs":[],"keyPoints":[],"titles":[],"descriptions":[],"socialPosts":{"email":[],"linkedin":[],"twitter":[],"facebook":[],"instagram":[]}},"created":"2025-11-20 12:28:11","updated":"2026-02-05 07:08:39"},"aioseo_breadcrumb":"<div class=\"aioseo-breadcrumbs\"><span class=\"aioseo-breadcrumb\">\n\t<a href=\"https:\/\/soymigrante.com\/revista\" title=\"Home\">Home<\/a>\n<\/span><span class=\"aioseo-breadcrumb-separator\">\u00bb<\/span><span class=\"aioseo-breadcrumb\">\n\t<a href=\"https:\/\/soymigrante.com\/revista\/category\/guate-nuestra\/\" title=\"Guate Nuestra\">Guate Nuestra<\/a>\n<\/span><span class=\"aioseo-breadcrumb-separator\">\u00bb<\/span><span class=\"aioseo-breadcrumb\">\n\tRaschel Paz deslumbra en Miss Universo 2025 con traje dise\u00f1ado por emprendedora quetzalteca\n<\/span><\/div>","aioseo_breadcrumb_json":[{"label":"Home","link":"https:\/\/soymigrante.com\/revista"},{"label":"Guate Nuestra","link":"https:\/\/soymigrante.com\/revista\/category\/guate-nuestra\/"},{"label":"Raschel Paz deslumbra en Miss Universo 2025 con traje dise\u00f1ado por emprendedora quetzalteca","link":"https:\/\/soymigrante.com\/revista\/miss-universo-2025-raschel-paz-traje-quetzalteca-emprendedora-janet-guerra-mercado\/"}],"_links":{"self":[{"href":"https:\/\/soymigrante.com\/revista\/wp-json\/wp\/v2\/posts\/48797","targetHints":{"allow":["GET"]}}],"collection":[{"href":"https:\/\/soymigrante.com\/revista\/wp-json\/wp\/v2\/posts"}],"about":[{"href":"https:\/\/soymigrante.com\/revista\/wp-json\/wp\/v2\/types\/post"}],"author":[{"embeddable":true,"href":"https:\/\/soymigrante.com\/revista\/wp-json\/wp\/v2\/users\/7"}],"replies":[{"embeddable":true,"href":"https:\/\/soymigrante.com\/revista\/wp-json\/wp\/v2\/comments?post=48797"}],"version-history":[{"count":19,"href":"https:\/\/soymigrante.com\/revista\/wp-json\/wp\/v2\/posts\/48797\/revisions"}],"predecessor-version":[{"id":48824,"href":"https:\/\/soymigrante.com\/revista\/wp-json\/wp\/v2\/posts\/48797\/revisions\/48824"}],"wp:featuredmedia":[{"embeddable":true,"href":"https:\/\/soymigrante.com\/revista\/wp-json\/wp\/v2\/media\/48799"}],"wp:attachment":[{"href":"https:\/\/soymigrante.com\/revista\/wp-json\/wp\/v2\/media?parent=48797"}],"wp:term":[{"taxonomy":"category","embeddable":true,"href":"https:\/\/soymigrante.com\/revista\/wp-json\/wp\/v2\/categories?post=48797"},{"taxonomy":"post_tag","embeddable":true,"href":"https:\/\/soymigrante.com\/revista\/wp-json\/wp\/v2\/tags?post=48797"}],"curies":[{"name":"wp","href":"https:\/\/api.w.org\/{rel}","templated":true}]}}