{"id":48786,"date":"2025-11-19T13:45:04","date_gmt":"2025-11-19T19:45:04","guid":{"rendered":"https:\/\/soymigrante.com\/revista\/?p=48786"},"modified":"2025-11-19T13:45:15","modified_gmt":"2025-11-19T19:45:15","slug":"dia-mundial-de-las-emprendedoras-mercado-apoya-su-creatividad-trabajo-y-amor-maternal","status":"publish","type":"post","link":"https:\/\/soymigrante.com\/revista\/dia-mundial-de-las-emprendedoras-mercado-apoya-su-creatividad-trabajo-y-amor-maternal\/","title":{"rendered":"D\u00eda Mundial de las Emprendedoras:  MERCADO apoya su creatividad, trabajo y amor maternal"},"content":{"rendered":"\t\t<div data-elementor-type=\"wp-post\" data-elementor-id=\"48786\" class=\"elementor elementor-48786\" data-elementor-post-type=\"post\">\n\t\t\t\t<div data-particle_enable=\"false\" data-particle-mobile-disabled=\"false\" class=\"elementor-element elementor-element-6db0238 e-flex e-con-boxed e-con e-parent\" data-id=\"6db0238\" data-element_type=\"container\" data-e-type=\"container\">\n\t\t\t\t\t<div class=\"e-con-inner\">\n\t\t\t\t<div class=\"elementor-element elementor-element-f3d3db7 elementor-widget elementor-widget-heading\" data-id=\"f3d3db7\" data-element_type=\"widget\" data-e-type=\"widget\" data-widget_type=\"heading.default\">\n\t\t\t\t\t<h2 class=\"elementor-heading-title elementor-size-default\">Un 28% de guatemaltecas tiene un emprendimiento con 3 a\u00f1os o menos de operaci\u00f3n: una de las cifras m\u00e1s altas de emprendimiento femenino a nivel global. En SoyMigrante.com MERCADO hay tiendas digitales de muchas guatemaltecas.<\/h2>\t\t\t\t<\/div>\n\t\t\t\t\t<\/div>\n\t\t\t\t<\/div>\n\t\t<div data-particle_enable=\"false\" data-particle-mobile-disabled=\"false\" class=\"elementor-element elementor-element-6a4d641 e-flex e-con-boxed e-con e-parent\" data-id=\"6a4d641\" data-element_type=\"container\" data-e-type=\"container\">\n\t\t\t\t\t<div class=\"e-con-inner\">\n\t\t\t\t<div class=\"elementor-element elementor-element-87b77c9 elementor-widget elementor-widget-text-editor\" data-id=\"87b77c9\" data-element_type=\"widget\" data-e-type=\"widget\" data-widget_type=\"text-editor.default\">\n\t\t\t\t\t\t\t\t\t<p>Seg\u00fan el Monitor Global de Emprendimiento, un 28% de mujeres guatemaltecas ha fundado un negocio propio en los \u00faltimos 3 a\u00f1os. Y si se habla de negocios con m\u00e1s tiempo de duraci\u00f3n, el 40% de emprendimientos son de mujeres, que a menudo se ven inspiradas por la necesidad de generar recursos a la vez que cuidar de sus familias.<\/p><p>Ese aporte econ\u00f3mico y social re\u00fane creatividad, dedicaci\u00f3n, mucho trabajo y tambi\u00e9n amor, lo cual vale reconocer en el D\u00eda Mundial de las Emprendedoras, que se conmemora cada 19 de noviembre. Las puertas de SoyMigrante.com MERCADO est\u00e1n abiertas a toda guatemalteca emprendedora que desee entrar el mundo del comercio electr\u00f3nico.<\/p>\t\t\t\t\t\t\t\t<\/div>\n\t\t\t\t\t<\/div>\n\t\t\t\t<\/div>\n\t\t<div data-particle_enable=\"false\" data-particle-mobile-disabled=\"false\" class=\"elementor-element elementor-element-4a17c74 e-flex e-con-boxed e-con e-parent\" data-id=\"4a17c74\" data-element_type=\"container\" data-e-type=\"container\">\n\t\t\t\t\t<div class=\"e-con-inner\">\n\t\t\t\t<div class=\"elementor-element elementor-element-dcbb6bb elementor-widget elementor-widget-html\" data-id=\"dcbb6bb\" data-element_type=\"widget\" data-e-type=\"widget\" data-widget_type=\"html.default\">\n\t\t\t\t\t<iframe width=\"560\" height=\"415\" src=\"https:\/\/www.youtube.com\/embed\/1H5tOGBptRk?si=2MrxtarVh1A1pGOV\" title=\"YouTube video player\" frameborder=\"0\" allow=\"accelerometer; autoplay; clipboard-write; encrypted-media; gyroscope; picture-in-picture; web-share\" referrerpolicy=\"strict-origin-when-cross-origin\" allowfullscreen><\/iframe>\t\t\t\t<\/div>\n\t\t\t\t\t<\/div>\n\t\t\t\t<\/div>\n\t\t<div data-particle_enable=\"false\" data-particle-mobile-disabled=\"false\" class=\"elementor-element elementor-element-465fd75 e-flex e-con-boxed e-con e-parent\" data-id=\"465fd75\" data-element_type=\"container\" data-e-type=\"container\">\n\t\t\t\t\t<div class=\"e-con-inner\">\n\t\t\t\t<div class=\"elementor-element elementor-element-5610b52 elementor-widget elementor-widget-heading\" data-id=\"5610b52\" data-element_type=\"widget\" data-e-type=\"widget\" data-widget_type=\"heading.default\">\n\t\t\t\t\t<h3 class=\"elementor-heading-title elementor-size-default\">Cualidades de las emprendedoras guatemaltecas<\/h3>\t\t\t\t<\/div>\n\t\t\t\t\t<\/div>\n\t\t\t\t<\/div>\n\t\t<div data-particle_enable=\"false\" data-particle-mobile-disabled=\"false\" class=\"elementor-element elementor-element-2bb8657 e-flex e-con-boxed e-con e-parent\" data-id=\"2bb8657\" data-element_type=\"container\" data-e-type=\"container\">\n\t\t\t\t\t<div class=\"e-con-inner\">\n\t\t\t\t<div class=\"elementor-element elementor-element-51e3f94 elementor-widget elementor-widget-text-editor\" data-id=\"51e3f94\" data-element_type=\"widget\" data-e-type=\"widget\" data-widget_type=\"text-editor.default\">\n\t\t\t\t\t\t\t\t\t<ul data-start=\"1083\" data-end=\"2076\"><li data-start=\"1083\" data-end=\"1314\"><p data-start=\"1085\" data-end=\"1314\"><strong data-start=\"1085\" data-end=\"1116\">Resiliencia y adaptabilidad<\/strong>: Muchas emprendedoras guatemaltecas recurren al emprendimiento como fuente alternativa de ingreso, especialmente en contextos donde el empleo formal escasea. <span class=\"\" data-state=\"closed\"><span class=\"ms-1 inline-flex max-w-full items-center relative top-[-0.094rem] animate-[show_150ms_ease-in]\" data-testid=\"webpage-citation-pill\"><a class=\"flex h-4.5 overflow-hidden rounded-xl px-2 text-[9px] font-medium transition-colors duration-150 ease-in-out text-token-text-secondary! bg-[#F4F4F4]! dark:bg-[#303030]!\" href=\"https:\/\/www.gemconsortium.org\/news\/rising-entrepreneurial-spirit-in-guatemala%3A-key-insights-from-2023-national-report?utm_source=chatgpt.com\" target=\"_blank\" rel=\"noopener\">GEM Global Entrepreneurship Monitor<\/a><\/span><\/span><\/p><\/li><li data-start=\"1315\" data-end=\"1644\"><p data-start=\"1317\" data-end=\"1644\"><strong data-start=\"1317\" data-end=\"1341\">Esp\u00edritu comunitario<\/strong>: No solo crean negocios para generar ingresos, sino tambi\u00e9n para contribuir al bienestar familiar y social. Estas iniciativas muchas veces nacen de contextos familiares o culturales donde los emprendimientos no son solo comerciales, sino herencia de tradiciones. <span class=\"\" data-state=\"closed\"><span class=\"ms-1 inline-flex max-w-full items-center relative top-[-0.094rem] animate-[show_150ms_ease-in]\" data-testid=\"webpage-citation-pill\"><a class=\"flex h-4.5 overflow-hidden rounded-xl px-2 text-[9px] font-medium transition-colors duration-150 ease-in-out text-token-text-secondary! bg-[#F4F4F4]! dark:bg-[#303030]!\" href=\"https:\/\/www.gemconsortium.org\/news\/rising-entrepreneurial-spirit-in-guatemala%3A-key-insights-from-2023-national-report?utm_source=chatgpt.com\" target=\"_blank\" rel=\"noopener\">GEM Global Entrepreneurship Monitor<\/a>\u00a0<\/span><\/span><\/p><\/li><\/ul>\t\t\t\t\t\t\t\t<\/div>\n\t\t\t\t\t<\/div>\n\t\t\t\t<\/div>\n\t\t<div data-particle_enable=\"false\" data-particle-mobile-disabled=\"false\" class=\"elementor-element elementor-element-4b8a007 e-flex e-con-boxed e-con e-parent\" data-id=\"4b8a007\" data-element_type=\"container\" data-e-type=\"container\">\n\t\t\t\t\t<div class=\"e-con-inner\">\n\t\t\t\t<div class=\"elementor-element elementor-element-d8e80cc elementor-widget elementor-widget-html\" data-id=\"d8e80cc\" data-element_type=\"widget\" data-e-type=\"widget\" data-widget_type=\"html.default\">\n\t\t\t\t\t<iframe width=\"560\" height=\"415\" src=\"https:\/\/www.youtube.com\/embed\/fhcUQkm1Mdc?si=h0goitbpBgHnHVEu\" title=\"YouTube video player\" frameborder=\"0\" allow=\"accelerometer; autoplay; clipboard-write; encrypted-media; gyroscope; picture-in-picture; web-share\" referrerpolicy=\"strict-origin-when-cross-origin\" allowfullscreen><\/iframe>\t\t\t\t<\/div>\n\t\t\t\t\t<\/div>\n\t\t\t\t<\/div>\n\t\t<div data-particle_enable=\"false\" data-particle-mobile-disabled=\"false\" class=\"elementor-element elementor-element-74ea0ec e-flex e-con-boxed e-con e-parent\" data-id=\"74ea0ec\" data-element_type=\"container\" data-e-type=\"container\">\n\t\t\t\t\t<div class=\"e-con-inner\">\n\t\t\t\t<div class=\"elementor-element elementor-element-503a15e elementor-widget elementor-widget-text-editor\" data-id=\"503a15e\" data-element_type=\"widget\" data-e-type=\"widget\" data-widget_type=\"text-editor.default\">\n\t\t\t\t\t\t\t\t\t<ul data-start=\"1083\" data-end=\"2076\"><li data-start=\"1315\" data-end=\"1644\"><strong data-start=\"1647\" data-end=\"1671\">Diversidad sectorial<\/strong>: Aunque la mayor parte de sus emprendimientos se distribuye en sectores de consumo y comercio al por menor, algunas se incluyen tambi\u00e9n en \u00e1mbitos tecnol\u00f3gicos.\u00a0\u00a0<\/li><li data-start=\"1873\" data-end=\"2076\"><p data-start=\"1875\" data-end=\"2076\"><strong data-start=\"1875\" data-end=\"1911\">Creatividad ante la informalidad<\/strong>: Muchas mujeres emprendedoras operan en la econom\u00eda informal, aprovechando redes locales (mercados, comunidades) y combinando tradiciones culturales con innovaci\u00f3n.<\/p><\/li><\/ul>\t\t\t\t\t\t\t\t<\/div>\n\t\t\t\t\t<\/div>\n\t\t\t\t<\/div>\n\t\t<div data-particle_enable=\"false\" data-particle-mobile-disabled=\"false\" class=\"elementor-element elementor-element-75467d2 e-flex e-con-boxed e-con e-parent\" data-id=\"75467d2\" data-element_type=\"container\" data-e-type=\"container\">\n\t\t\t\t\t<div class=\"e-con-inner\">\n\t\t\t\t<div class=\"elementor-element elementor-element-f367bb9 elementor-widget elementor-widget-heading\" data-id=\"f367bb9\" data-element_type=\"widget\" data-e-type=\"widget\" data-widget_type=\"heading.default\">\n\t\t\t\t\t<h3 class=\"elementor-heading-title elementor-size-default\">Productos aut\u00e9nticos elaborados por manos de guatemaltecas emprenddoras<\/h3>\t\t\t\t<\/div>\n\t\t\t\t\t<\/div>\n\t\t\t\t<\/div>\n\t\t<div data-particle_enable=\"false\" data-particle-mobile-disabled=\"false\" class=\"elementor-element elementor-element-6cbbed9 e-flex e-con-boxed e-con e-parent\" data-id=\"6cbbed9\" data-element_type=\"container\" data-e-type=\"container\">\n\t\t\t\t\t<div class=\"e-con-inner\">\n\t\t\t\t<div class=\"elementor-element elementor-element-86c1d4d elementor-grid-eael-col-1 elementor-grid-tablet-eael-col-2 elementor-grid-mobile-eael-col-1 elementor-widget elementor-widget-eael-post-grid\" data-id=\"86c1d4d\" data-element_type=\"widget\" data-e-type=\"widget\" data-settings=\"{&quot;eael_post_grid_columns&quot;:&quot;eael-col-1&quot;,&quot;eael_post_grid_columns_tablet&quot;:&quot;eael-col-2&quot;,&quot;eael_post_grid_columns_mobile&quot;:&quot;eael-col-1&quot;}\" data-widget_type=\"eael-post-grid.default\">\n\t\t\t\t\t<div id=\"eael-post-grid-86c1d4d\" class=\"eael-post-grid-container\">\n            <div class=\"eael-post-grid eael-post-appender eael-post-appender-86c1d4d eael-post-grid-style-one\" data-layout-mode=\"masonry\"><article class=\"eael-grid-post  eael-post-grid-column eael-pg-post-39764 category-guate-nuestra tags-mercado-emprendedores\" data-id=\"39764\">\n        <div class=\"eael-grid-post-holder\">\n            <div class=\"eael-grid-post-holder-inner\"><div class=\"eael-entry-media\"><div class=\"eael-entry-overlay fade-in\"><i class=\"far fa-hand-pointer\" aria-hidden=\"true\"><\/i><a href=\"https:\/\/soymigrante.com\/revista\/emprendedora-cristina-contreras-convirtio-sus-cualidades-en-menjurjes-tienda-digital-en-mercado\/\"><\/a><\/div><div class=\"eael-entry-thumbnail eael-image-ratio\">\n                <img fetchpriority=\"high\" decoding=\"async\" width=\"1024\" height=\"1024\" src=\"https:\/\/soymigrante.com\/revista\/wp-content\/uploads\/2025\/07\/menjurjes-tienda-en-soymigrante.com-mercado-1024x1024.png\" class=\"attachment-large size-large wp-image-39859\" alt=\"Aceite de cilantro y chile de Chilete en botellas grandes con etiquetado de SoyMigrante.com revista, mujer sonriente en fondo de madera mostrando productos tradicionales de la gastronom\u00eda peruana.\" srcset=\"https:\/\/soymigrante.com\/revista\/wp-content\/uploads\/2025\/07\/menjurjes-tienda-en-soymigrante.com-mercado-1024x1024.png 1024w, https:\/\/soymigrante.com\/revista\/wp-content\/uploads\/2025\/07\/menjurjes-tienda-en-soymigrante.com-mercado-300x300.png 300w, https:\/\/soymigrante.com\/revista\/wp-content\/uploads\/2025\/07\/menjurjes-tienda-en-soymigrante.com-mercado-150x150.png 150w, https:\/\/soymigrante.com\/revista\/wp-content\/uploads\/2025\/07\/menjurjes-tienda-en-soymigrante.com-mercado-768x768.png 768w, https:\/\/soymigrante.com\/revista\/wp-content\/uploads\/2025\/07\/menjurjes-tienda-en-soymigrante.com-mercado-75x75.webp 75w, https:\/\/soymigrante.com\/revista\/wp-content\/uploads\/2025\/07\/menjurjes-tienda-en-soymigrante.com-mercado-750x750.webp 750w, https:\/\/soymigrante.com\/revista\/wp-content\/uploads\/2025\/07\/menjurjes-tienda-en-soymigrante.com-mercado.webp 1080w\" sizes=\"(max-width: 1024px) 100vw, 1024px\" \/>\n            <\/div>\n        <\/div><div class=\"eael-entry-wrapper\"><header class=\"eael-entry-header\"><h2 class=\"eael-entry-title\"><a class=\"eael-grid-post-link\" href=\"https:\/\/soymigrante.com\/revista\/emprendedora-cristina-contreras-convirtio-sus-cualidades-en-menjurjes-tienda-digital-en-mercado\/\" title=\"Emprendedora Cristina Contreras convirti\u00f3 sus cualidades en Menjurjes, aceites saborizados a la venta en MERCADO\">Emprendedora Cristina Contreras convirti\u00f3 sus cualidades en Menjurjes, aceites saborizados a la venta en MERCADO<\/a><\/h2><\/header><div class=\"eael-entry-content\">\n                        <div class=\"eael-grid-post-excerpt\"><a href=\"https:\/\/soymigrante.com\/revista\/emprendedora-cristina-contreras-convirtio-sus-cualidades-en-menjurjes-tienda-digital-en-mercado\/\" class=\"eael-post-elements-readmore-btn\">CONOCE SU HISTORIA <\/a><\/div>\n                    <\/div><\/div><\/div>\n        <\/div>\n    <\/article><article class=\"eael-grid-post  eael-post-grid-column eael-pg-post-30577 category-guate-nuestra tags-mercado-emprendedores\" data-id=\"30577\">\n        <div class=\"eael-grid-post-holder\">\n            <div class=\"eael-grid-post-holder-inner\"><div class=\"eael-entry-media\"><div class=\"eael-entry-overlay fade-in\"><i class=\"far fa-hand-pointer\" aria-hidden=\"true\"><\/i><a href=\"https:\/\/soymigrante.com\/revista\/floridalia-teje-bolsas-canastas-y-hermandad-junto-a-mujeres-de-parramos-bolsos-y-bisuteria-ales-ahora-esta-en-mercado\/\"><\/a><\/div><div class=\"eael-entry-thumbnail eael-image-ratio\">\n                <img decoding=\"async\" width=\"1009\" height=\"1009\" src=\"https:\/\/soymigrante.com\/revista\/wp-content\/uploads\/2025\/04\/emprendedora-mercado-floridalia-ales-accesorios-2.webp\" class=\"attachment-large size-large wp-image-30579\" alt=\"Artesan\u00edas tejidas a mano por migrantes guatemaltecos, exhibidas en una feria cultural, promoviendo la identidad y el emprendimiento en la comunidad inmigrante.\" srcset=\"https:\/\/soymigrante.com\/revista\/wp-content\/uploads\/2025\/04\/emprendedora-mercado-floridalia-ales-accesorios-2.webp 1009w, https:\/\/soymigrante.com\/revista\/wp-content\/uploads\/2025\/04\/emprendedora-mercado-floridalia-ales-accesorios-2-300x300.jpg 300w, https:\/\/soymigrante.com\/revista\/wp-content\/uploads\/2025\/04\/emprendedora-mercado-floridalia-ales-accesorios-2-150x150.jpg 150w, https:\/\/soymigrante.com\/revista\/wp-content\/uploads\/2025\/04\/emprendedora-mercado-floridalia-ales-accesorios-2-768x768.jpg 768w, https:\/\/soymigrante.com\/revista\/wp-content\/uploads\/2025\/04\/emprendedora-mercado-floridalia-ales-accesorios-2-75x75.webp 75w, https:\/\/soymigrante.com\/revista\/wp-content\/uploads\/2025\/04\/emprendedora-mercado-floridalia-ales-accesorios-2-750x750.webp 750w\" sizes=\"(max-width: 1009px) 100vw, 1009px\" \/>\n            <\/div>\n        <\/div><div class=\"eael-entry-wrapper\"><header class=\"eael-entry-header\"><h2 class=\"eael-entry-title\"><a class=\"eael-grid-post-link\" href=\"https:\/\/soymigrante.com\/revista\/floridalia-teje-bolsas-canastas-y-hermandad-junto-a-mujeres-de-parramos-bolsos-y-bisuteria-ales-ahora-esta-en-mercado\/\" title=\"Floridalia teje bolsas, canastas y hermandad junto a mujeres de Parramos. Bolsos y Bisuteria Ale&#8217;s ahora est\u00e1 en MERCADO\">Floridalia teje bolsas, canastas y hermandad junto a mujeres de Parramos. Bolsos y Bisuteria Ale&#8217;s ahora est\u00e1 en MERCADO<\/a><\/h2><\/header><div class=\"eael-entry-content\">\n                        <div class=\"eael-grid-post-excerpt\"><a href=\"https:\/\/soymigrante.com\/revista\/floridalia-teje-bolsas-canastas-y-hermandad-junto-a-mujeres-de-parramos-bolsos-y-bisuteria-ales-ahora-esta-en-mercado\/\" class=\"eael-post-elements-readmore-btn\">CONOCE SU HISTORIA <\/a><\/div>\n                    <\/div><\/div><\/div>\n        <\/div>\n    <\/article><article class=\"eael-grid-post  eael-post-grid-column eael-pg-post-31912 category-guate-nuestra tags-mercado-emprendedores\" data-id=\"31912\">\n        <div class=\"eael-grid-post-holder\">\n            <div class=\"eael-grid-post-holder-inner\"><div class=\"eael-entry-media\"><div class=\"eael-entry-overlay fade-in\"><i class=\"far fa-hand-pointer\" aria-hidden=\"true\"><\/i><a href=\"https:\/\/soymigrante.com\/revista\/fortaleza-y-oportunidades-para-mujeres-tejedoras-impulsa-janet-guerra-con-jg-home\/\"><\/a><\/div><div class=\"eael-entry-thumbnail eael-image-ratio\">\n                <img decoding=\"async\" width=\"1024\" height=\"1024\" src=\"https:\/\/soymigrante.com\/revista\/wp-content\/uploads\/2025\/04\/Janet-Guerra-disenadora-quetzalteca-JG-Home-MERCADO-1024x1024.png\" class=\"attachment-large size-large wp-image-31914\" alt=\"Vendedora de textiles tradicionales, representando la cultura y el arte en productos artesanales en una feria cultural en M\u00e9xico.\" srcset=\"https:\/\/soymigrante.com\/revista\/wp-content\/uploads\/2025\/04\/Janet-Guerra-disenadora-quetzalteca-JG-Home-MERCADO-1024x1024.png 1024w, https:\/\/soymigrante.com\/revista\/wp-content\/uploads\/2025\/04\/Janet-Guerra-disenadora-quetzalteca-JG-Home-MERCADO-300x300.png 300w, https:\/\/soymigrante.com\/revista\/wp-content\/uploads\/2025\/04\/Janet-Guerra-disenadora-quetzalteca-JG-Home-MERCADO-150x150.png 150w, https:\/\/soymigrante.com\/revista\/wp-content\/uploads\/2025\/04\/Janet-Guerra-disenadora-quetzalteca-JG-Home-MERCADO-768x768.png 768w, https:\/\/soymigrante.com\/revista\/wp-content\/uploads\/2025\/04\/Janet-Guerra-disenadora-quetzalteca-JG-Home-MERCADO-75x75.webp 75w, https:\/\/soymigrante.com\/revista\/wp-content\/uploads\/2025\/04\/Janet-Guerra-disenadora-quetzalteca-JG-Home-MERCADO-750x750.png 750w, https:\/\/soymigrante.com\/revista\/wp-content\/uploads\/2025\/04\/Janet-Guerra-disenadora-quetzalteca-JG-Home-MERCADO.webp 1080w\" sizes=\"(max-width: 1024px) 100vw, 1024px\" \/>\n            <\/div>\n        <\/div><div class=\"eael-entry-wrapper\"><header class=\"eael-entry-header\"><h2 class=\"eael-entry-title\"><a class=\"eael-grid-post-link\" href=\"https:\/\/soymigrante.com\/revista\/fortaleza-y-oportunidades-para-mujeres-tejedoras-impulsa-janet-guerra-con-jg-home\/\" title=\"Dise\u00f1os originales y oportunidades para tejedoras impulsa Janet Guerra con JG Home\">Dise\u00f1os originales y oportunidades para tejedoras impulsa Janet Guerra con JG Home<\/a><\/h2><\/header><div class=\"eael-entry-content\">\n                        <div class=\"eael-grid-post-excerpt\"><a href=\"https:\/\/soymigrante.com\/revista\/fortaleza-y-oportunidades-para-mujeres-tejedoras-impulsa-janet-guerra-con-jg-home\/\" class=\"eael-post-elements-readmore-btn\">CONOCE SU HISTORIA <\/a><\/div>\n                    <\/div><\/div><\/div>\n        <\/div>\n    <\/article><article class=\"eael-grid-post  eael-post-grid-column eael-pg-post-35123 category-guate-nuestra tags-mercado-emprendedores\" data-id=\"35123\">\n        <div class=\"eael-grid-post-holder\">\n            <div class=\"eael-grid-post-holder-inner\"><div class=\"eael-entry-media\"><div class=\"eael-entry-overlay fade-in\"><i class=\"far fa-hand-pointer\" aria-hidden=\"true\"><\/i><a href=\"https:\/\/soymigrante.com\/revista\/altahir-esencias-aceites-y-aromas-naturales-elaborados-por-las-hermanas-gil\/\"><\/a><\/div><div class=\"eael-entry-thumbnail eael-image-ratio\">\n                <img loading=\"lazy\" decoding=\"async\" width=\"590\" height=\"590\" src=\"https:\/\/soymigrante.com\/revista\/wp-content\/uploads\/2025\/05\/altahir-soymigrante-mercado-6.webp\" class=\"attachment-large size-large wp-image-35124\" alt=\"Accesible carrito de ventas con productos de belleza en tienda f\u00edsica, atendido por dos empleadas con delantales azul turquesa, en un entorno comercial colorido y moderno.\" srcset=\"https:\/\/soymigrante.com\/revista\/wp-content\/uploads\/2025\/05\/altahir-soymigrante-mercado-6.webp 590w, https:\/\/soymigrante.com\/revista\/wp-content\/uploads\/2025\/05\/altahir-soymigrante-mercado-6-300x300.jpg 300w, https:\/\/soymigrante.com\/revista\/wp-content\/uploads\/2025\/05\/altahir-soymigrante-mercado-6-150x150.jpg 150w, https:\/\/soymigrante.com\/revista\/wp-content\/uploads\/2025\/05\/altahir-soymigrante-mercado-6-75x75.webp 75w\" sizes=\"(max-width: 590px) 100vw, 590px\" \/>\n            <\/div>\n        <\/div><div class=\"eael-entry-wrapper\"><header class=\"eael-entry-header\"><h2 class=\"eael-entry-title\"><a class=\"eael-grid-post-link\" href=\"https:\/\/soymigrante.com\/revista\/altahir-esencias-aceites-y-aromas-naturales-elaborados-por-las-hermanas-gil\/\" title=\"Altahir: esencias, aceites y aromas naturales elaborados por las hermanas Gil\">Altahir: esencias, aceites y aromas naturales elaborados por las hermanas Gil<\/a><\/h2><\/header><div class=\"eael-entry-content\">\n                        <div class=\"eael-grid-post-excerpt\"><a href=\"https:\/\/soymigrante.com\/revista\/altahir-esencias-aceites-y-aromas-naturales-elaborados-por-las-hermanas-gil\/\" class=\"eael-post-elements-readmore-btn\">CONOCE SU HISTORIA <\/a><\/div>\n                    <\/div><\/div><\/div>\n        <\/div>\n    <\/article><article class=\"eael-grid-post  eael-post-grid-column eael-pg-post-41297 category-guate-nuestra tags-mercado-emprendedores\" data-id=\"41297\">\n        <div class=\"eael-grid-post-holder\">\n            <div class=\"eael-grid-post-holder-inner\"><div class=\"eael-entry-media\"><div class=\"eael-entry-overlay fade-in\"><i class=\"far fa-hand-pointer\" aria-hidden=\"true\"><\/i><a href=\"https:\/\/soymigrante.com\/revista\/textiles-kem-colorido-e-identidad-de-adelina-nicho-desde-comalapa\/\"><\/a><\/div><div class=\"eael-entry-thumbnail eael-image-ratio\">\n                <img loading=\"lazy\" decoding=\"async\" width=\"1024\" height=\"1024\" src=\"https:\/\/soymigrante.com\/revista\/wp-content\/uploads\/2025\/08\/adelina-nicho-cumez-textiles-kem-comalapa-mercado-1-1024x1024.jpg\" class=\"attachment-large size-large wp-image-41302\" alt=\"Mujer ind\u00edgena con gafas, sonriendo y vestida con ropa colorida y patr\u00f3n tradicional, representando cultura y comunidad en un entorno natural.\" srcset=\"https:\/\/soymigrante.com\/revista\/wp-content\/uploads\/2025\/08\/adelina-nicho-cumez-textiles-kem-comalapa-mercado-1-1024x1024.jpg 1024w, https:\/\/soymigrante.com\/revista\/wp-content\/uploads\/2025\/08\/adelina-nicho-cumez-textiles-kem-comalapa-mercado-1-300x300.jpg 300w, https:\/\/soymigrante.com\/revista\/wp-content\/uploads\/2025\/08\/adelina-nicho-cumez-textiles-kem-comalapa-mercado-1-150x150.jpg 150w, https:\/\/soymigrante.com\/revista\/wp-content\/uploads\/2025\/08\/adelina-nicho-cumez-textiles-kem-comalapa-mercado-1-768x768.jpg 768w, https:\/\/soymigrante.com\/revista\/wp-content\/uploads\/2025\/08\/adelina-nicho-cumez-textiles-kem-comalapa-mercado-1-75x75.webp 75w, https:\/\/soymigrante.com\/revista\/wp-content\/uploads\/2025\/08\/adelina-nicho-cumez-textiles-kem-comalapa-mercado-1-750x750.webp 750w, https:\/\/soymigrante.com\/revista\/wp-content\/uploads\/2025\/08\/adelina-nicho-cumez-textiles-kem-comalapa-mercado-1-1140x1140.webp 1140w, https:\/\/soymigrante.com\/revista\/wp-content\/uploads\/2025\/08\/adelina-nicho-cumez-textiles-kem-comalapa-mercado-1.webp 1187w\" sizes=\"(max-width: 1024px) 100vw, 1024px\" \/>\n            <\/div>\n        <\/div><div class=\"eael-entry-wrapper\"><header class=\"eael-entry-header\"><h2 class=\"eael-entry-title\"><a class=\"eael-grid-post-link\" href=\"https:\/\/soymigrante.com\/revista\/textiles-kem-colorido-e-identidad-de-adelina-nicho-desde-comalapa\/\" title=\"Kem Textiles Mayas: colorido e identidad de Adelina Nicho desde Comalapa\">Kem Textiles Mayas: colorido e identidad de Adelina Nicho desde Comalapa<\/a><\/h2><\/header><div class=\"eael-entry-content\">\n                        <div class=\"eael-grid-post-excerpt\"><a href=\"https:\/\/soymigrante.com\/revista\/textiles-kem-colorido-e-identidad-de-adelina-nicho-desde-comalapa\/\" class=\"eael-post-elements-readmore-btn\">CONOCE SU HISTORIA <\/a><\/div>\n                    <\/div><\/div><\/div>\n        <\/div>\n    <\/article><article class=\"eael-grid-post  eael-post-grid-column eael-pg-post-47548 category-guate-nuestra tags-mercado-emprendedores\" data-id=\"47548\">\n        <div class=\"eael-grid-post-holder\">\n            <div class=\"eael-grid-post-holder-inner\"><div class=\"eael-entry-media\"><div class=\"eael-entry-overlay fade-in\"><i class=\"far fa-hand-pointer\" aria-hidden=\"true\"><\/i><a href=\"https:\/\/soymigrante.com\/revista\/tejiendo-identidad-maya-desde-san-pedro-soloma-galaxy\/\"><\/a><\/div><div class=\"eael-entry-thumbnail eael-image-ratio\">\n                <img loading=\"lazy\" decoding=\"async\" width=\"480\" height=\"360\" src=\"https:\/\/soymigrante.com\/revista\/wp-content\/uploads\/2025\/10\/tejiendo-identidad-maya-desde-san-pedro-soloma-galaxy.jpg\" class=\"attachment-large size-large wp-image-47555\" alt=\"Tejiendo identidad maya desde San Pedro Soloma | Galaxy\" srcset=\"https:\/\/soymigrante.com\/revista\/wp-content\/uploads\/2025\/10\/tejiendo-identidad-maya-desde-san-pedro-soloma-galaxy.jpg 480w, https:\/\/soymigrante.com\/revista\/wp-content\/uploads\/2025\/10\/tejiendo-identidad-maya-desde-san-pedro-soloma-galaxy-300x225.jpg 300w\" sizes=\"(max-width: 480px) 100vw, 480px\" \/>\n            <\/div>\n        <\/div><div class=\"eael-entry-wrapper\"><header class=\"eael-entry-header\"><h2 class=\"eael-entry-title\"><a class=\"eael-grid-post-link\" href=\"https:\/\/soymigrante.com\/revista\/tejiendo-identidad-maya-desde-san-pedro-soloma-galaxy\/\" title=\"Tejiendo identidad maya desde San Pedro Soloma | Galaxy\">Tejiendo identidad maya desde San Pedro Soloma | Galaxy<\/a><\/h2><\/header><div class=\"eael-entry-content\">\n                        <div class=\"eael-grid-post-excerpt\"><a href=\"https:\/\/soymigrante.com\/revista\/tejiendo-identidad-maya-desde-san-pedro-soloma-galaxy\/\" class=\"eael-post-elements-readmore-btn\">CONOCE SU HISTORIA <\/a><\/div>\n                    <\/div><\/div><\/div>\n        <\/div>\n    <\/article><\/div>\n            <div class=\"clearfix\"><\/div>\n        <\/div>\t\t\t\t<\/div>\n\t\t\t\t\t<\/div>\n\t\t\t\t<\/div>\n\t\t\t\t<\/div>\n\t\t","protected":false},"excerpt":{"rendered":"<p>Un 28% de guatemaltecas tiene un emprendimiento con 3 a\u00f1os o menos de operaci\u00f3n: una de las cifras m\u00e1s altas de emprendimiento femenino a nivel global. En SoyMigrante.com MERCADO hay tiendas digitales de muchas guatemaltecas. Seg\u00fan el Monitor Global de Emprendimiento, un 28% de mujeres guatemaltecas ha fundado un negocio propio en los \u00faltimos 3 [&hellip;]<\/p>\n","protected":false},"author":1,"featured_media":48787,"comment_status":"open","ping_status":"open","sticky":false,"template":"","format":"standard","meta":{"_acf_changed":false,"_eb_attr":"","footnotes":""},"categories":[58],"tags":[130],"class_list":["post-48786","post","type-post","status-publish","format-standard","has-post-thumbnail","hentry","category-guate-nuestra","tag-mercado-emprendedores"],"acf":[],"aioseo_notices":[],"aioseo_head":"\n\t\t<!-- All in One SEO Pro 4.9.6.2 - aioseo.com -->\n\t<meta name=\"description\" content=\"Desde San Pedro Soloma, las hermanas Nicol\u00e1s tejen con amor y orgullo la historia de su pueblo. Con Galaxy, transforman la tradici\u00f3n maya en un sue\u00f1o familiar hecho a mano.\" \/>\n\t<meta name=\"robots\" content=\"max-snippet:-1, max-image-preview:large, max-video-preview:-1\" \/>\n\t<meta name=\"author\" content=\"SoyMigrante.com REVISTA\"\/>\n\t<link rel=\"canonical\" href=\"https:\/\/soymigrante.com\/revista\/tejiendo-identidad-maya-desde-san-pedro-soloma-galaxy\/\" \/>\n\t<meta name=\"generator\" content=\"All in One SEO Pro (AIOSEO) 4.9.6.2\" \/>\n\n\t\t<link rel=\"preconnect\" href=\"https:\/\/fonts.googleapis.com\" crossorigin>\n<link rel=\"preconnect\" href=\"https:\/\/fonts.gstatic.com\" crossorigin>\n\t\t<meta property=\"og:locale\" content=\"es_ES\" \/>\n\t\t<meta property=\"og:site_name\" content=\"SoyMigrante.com REVISTA \u2013 Nuestra misi\u00f3n es reconocer y dignificar al migrante.\" \/>\n\t\t<meta property=\"og:type\" content=\"article\" \/>\n\t\t<meta property=\"og:title\" content=\"Tejiendo identidad maya desde San Pedro Soloma | Galaxy\" \/>\n\t\t<meta property=\"og:description\" content=\"Desde San Pedro Soloma, las hermanas Nicol\u00e1s tejen con amor y orgullo la historia de su pueblo. Con Galaxy, transforman la tradici\u00f3n maya en un sue\u00f1o familiar hecho a mano.\" \/>\n\t\t<meta property=\"og:url\" content=\"https:\/\/soymigrante.com\/revista\/tejiendo-identidad-maya-desde-san-pedro-soloma-galaxy\/\" \/>\n\t\t<meta property=\"og:image\" content=\"https:\/\/soymigrante.com\/revista\/wp-content\/uploads\/2025\/10\/tejiendo-identidad-maya-desde-san-pedro-soloma-galaxy.jpg\" \/>\n\t\t<meta property=\"og:image:secure_url\" content=\"https:\/\/soymigrante.com\/revista\/wp-content\/uploads\/2025\/10\/tejiendo-identidad-maya-desde-san-pedro-soloma-galaxy.jpg\" \/>\n\t\t<meta property=\"og:image:width\" content=\"480\" \/>\n\t\t<meta property=\"og:image:height\" content=\"360\" \/>\n\t\t<meta property=\"article:published_time\" content=\"2025-10-23T16:24:36+00:00\" \/>\n\t\t<meta property=\"article:modified_time\" content=\"2026-03-06T00:55:26+00:00\" \/>\n\t\t<meta property=\"article:publisher\" content=\"https:\/\/www.facebook.com\/soymigrantecom\" \/>\n\t\t<meta name=\"twitter:card\" content=\"summary_large_image\" \/>\n\t\t<meta name=\"twitter:site\" content=\"@SoyMigrante_com\" \/>\n\t\t<meta name=\"twitter:title\" content=\"Tejiendo identidad maya desde San Pedro Soloma | Galaxy\" \/>\n\t\t<meta name=\"twitter:description\" content=\"Desde San Pedro Soloma, las hermanas Nicol\u00e1s tejen con amor y orgullo la historia de su pueblo. Con Galaxy, transforman la tradici\u00f3n maya en un sue\u00f1o familiar hecho a mano.\" \/>\n\t\t<meta name=\"twitter:creator\" content=\"@SoyMigrante_com\" \/>\n\t\t<meta name=\"twitter:image\" content=\"https:\/\/soymigrante.com\/revista\/wp-content\/uploads\/2025\/10\/tejiendo-identidad-maya-desde-san-pedro-soloma-galaxy.jpg\" \/>\n\t\t<!-- All in One SEO Pro -->\r\n\t\t<title>Tejiendo identidad maya desde San Pedro Soloma | Galaxy<\/title>\n\n","aioseo_head_json":{"title":"Tejiendo identidad maya desde San Pedro Soloma | Galaxy","description":"Desde San Pedro Soloma, las hermanas Nicol\u00e1s tejen con amor y orgullo la historia de su pueblo. Con Galaxy, transforman la tradici\u00f3n maya en un sue\u00f1o familiar hecho a mano.","canonical_url":"https:\/\/soymigrante.com\/revista\/tejiendo-identidad-maya-desde-san-pedro-soloma-galaxy\/","robots":"max-snippet:-1, max-image-preview:large, max-video-preview:-1","keywords":"","webmasterTools":{"miscellaneous":"&lt;link rel=\"preconnect\" href=\"https:\/\/fonts.googleapis.com\" crossorigin&gt;\n&lt;link rel=\"preconnect\" href=\"https:\/\/fonts.gstatic.com\" crossorigin&gt;"},"schema":null,"og:locale":"es_ES","og:site_name":"SoyMigrante.com REVISTA \u2013 Nuestra misi\u00f3n es reconocer y dignificar al migrante.","og:type":"article","og:title":"Tejiendo identidad maya desde San Pedro Soloma | Galaxy","og:description":"Desde San Pedro Soloma, las hermanas Nicol\u00e1s tejen con amor y orgullo la historia de su pueblo. Con Galaxy, transforman la tradici\u00f3n maya en un sue\u00f1o familiar hecho a mano.","og:url":"https:\/\/soymigrante.com\/revista\/tejiendo-identidad-maya-desde-san-pedro-soloma-galaxy\/","og:image":"https:\/\/soymigrante.com\/revista\/wp-content\/uploads\/2025\/10\/tejiendo-identidad-maya-desde-san-pedro-soloma-galaxy.jpg","og:image:secure_url":"https:\/\/soymigrante.com\/revista\/wp-content\/uploads\/2025\/10\/tejiendo-identidad-maya-desde-san-pedro-soloma-galaxy.jpg","og:image:width":480,"og:image:height":360,"article:published_time":"2025-10-23T16:24:36+00:00","article:modified_time":"2026-03-06T00:55:26+00:00","article:publisher":"https:\/\/www.facebook.com\/soymigrantecom","twitter:card":"summary_large_image","twitter:site":"@SoyMigrante_com","twitter:title":"Tejiendo identidad maya desde San Pedro Soloma | Galaxy","twitter:description":"Desde San Pedro Soloma, las hermanas Nicol\u00e1s tejen con amor y orgullo la historia de su pueblo. Con Galaxy, transforman la tradici\u00f3n maya en un sue\u00f1o familiar hecho a mano.","twitter:creator":"@SoyMigrante_com","twitter:image":"https:\/\/soymigrante.com\/revista\/wp-content\/uploads\/2025\/10\/tejiendo-identidad-maya-desde-san-pedro-soloma-galaxy.jpg"},"aioseo_meta_data":{"post_id":"48786","title":"D\u00eda de las Emprendedoras: MERCADO apoya su esfuerzo","description":"Todos los d\u00edas son de esfuerzo, creatividad y amor maternal para las emprendedoras. Cada 19 de noviembre se celebra su gran aporte y MERCADO re\u00fane su talento.","keywords":null,"keyphrases":{"focus":{"keyphrase":"MERCADO","score":82,"analysis":{"keyphraseInTitle":{"score":9,"maxScore":9,"error":0},"keyphraseInDescription":{"score":9,"maxScore":9,"error":0},"keyphraseLength":{"score":9,"maxScore":9,"error":0,"length":1},"keyphraseInURL":{"score":5,"maxScore":5,"error":0},"keyphraseInIntroduction":{"score":3,"maxScore":9,"error":1},"keyphraseInSubHeadings":{"score":9,"maxScore":9,"error":0},"keyphraseInImageAlt":{"score":3,"maxScore":9,"error":1},"keywordDensity":{"type":"best","score":9,"maxScore":9,"error":0}}},"additional":[{"keyphrase":"Emprendedoras","score":73,"analysis":{"keyphraseInDescription":{"score":9,"maxScore":9,"error":0},"keyphraseLength":{"score":9,"maxScore":9,"error":0,"length":1},"keyphraseInIntroduction":{"score":3,"maxScore":9,"error":1},"keyphraseInImageAlt":{"score":3,"maxScore":9,"error":1},"keywordDensity":{"type":"best","score":9,"maxScore":9,"error":0}}},{"keyphrase":"Mercado","score":73,"analysis":{"keyphraseInDescription":{"score":9,"maxScore":9,"error":0},"keyphraseLength":{"score":9,"maxScore":9,"error":0,"length":1},"keyphraseInIntroduction":{"score":3,"maxScore":9,"error":1},"keyphraseInImageAlt":{"score":3,"maxScore":9,"error":1},"keywordDensity":{"type":"best","score":9,"maxScore":9,"error":0}}}]},"primary_term":null,"canonical_url":null,"og_title":null,"og_description":null,"og_object_type":"default","og_image_type":"default","og_image_url":null,"og_image_width":null,"og_image_height":null,"og_image_custom_url":null,"og_image_custom_fields":null,"og_video":"","og_custom_url":null,"og_article_section":null,"og_article_tags":null,"twitter_use_og":false,"twitter_card":"default","twitter_image_type":"default","twitter_image_url":null,"twitter_image_custom_url":null,"twitter_image_custom_fields":null,"twitter_title":null,"twitter_description":null,"schema":{"blockGraphs":[],"customGraphs":[],"default":{"data":{"Article":[],"Course":[],"Dataset":[],"FAQPage":[],"Movie":[],"Person":[],"Product":[],"ProductReview":[],"Car":[],"Recipe":[],"Service":[],"SoftwareApplication":[],"WebPage":[]},"graphName":"NewsArticle","isEnabled":true},"graphs":[]},"schema_type":"default","schema_type_options":null,"pillar_content":false,"robots_default":true,"robots_noindex":false,"robots_noarchive":false,"robots_nosnippet":false,"robots_nofollow":false,"robots_noimageindex":false,"robots_noodp":false,"robots_notranslate":false,"robots_max_snippet":"-1","robots_max_videopreview":"-1","robots_max_imagepreview":"large","priority":null,"frequency":"default","local_seo":null,"seo_analyzer_scan_date":"2025-11-19 19:47:38","breadcrumb_settings":null,"limit_modified_date":false,"reviewed_by":"0","open_ai":null,"ai":{"faqs":[],"keyPoints":[],"titles":[],"descriptions":[],"socialPosts":{"email":[],"linkedin":[],"twitter":[],"facebook":[],"instagram":[]}},"created":"2025-11-19 18:59:58","updated":"2026-02-05 07:08:39"},"aioseo_breadcrumb":"<div class=\"aioseo-breadcrumbs\"><span class=\"aioseo-breadcrumb\">\n\t<a href=\"https:\/\/soymigrante.com\/revista\" title=\"Home\">Home<\/a>\n<\/span><span class=\"aioseo-breadcrumb-separator\">\u00bb<\/span><span class=\"aioseo-breadcrumb\">\n\t<a href=\"https:\/\/soymigrante.com\/revista\/category\/guate-nuestra\/\" title=\"Guate Nuestra\">Guate Nuestra<\/a>\n<\/span><span class=\"aioseo-breadcrumb-separator\">\u00bb<\/span><span class=\"aioseo-breadcrumb\">\n\tD\u00eda Mundial de las Emprendedoras:  MERCADO apoya su creatividad, trabajo y amor maternal\n<\/span><\/div>","aioseo_breadcrumb_json":[{"label":"Home","link":"https:\/\/soymigrante.com\/revista"},{"label":"Guate Nuestra","link":"https:\/\/soymigrante.com\/revista\/category\/guate-nuestra\/"},{"label":"D\u00eda Mundial de las Emprendedoras:  MERCADO apoya su creatividad, trabajo y amor maternal","link":"https:\/\/soymigrante.com\/revista\/dia-mundial-de-las-emprendedoras-mercado-apoya-su-creatividad-trabajo-y-amor-maternal\/"}],"_links":{"self":[{"href":"https:\/\/soymigrante.com\/revista\/wp-json\/wp\/v2\/posts\/48786","targetHints":{"allow":["GET"]}}],"collection":[{"href":"https:\/\/soymigrante.com\/revista\/wp-json\/wp\/v2\/posts"}],"about":[{"href":"https:\/\/soymigrante.com\/revista\/wp-json\/wp\/v2\/types\/post"}],"author":[{"embeddable":true,"href":"https:\/\/soymigrante.com\/revista\/wp-json\/wp\/v2\/users\/1"}],"replies":[{"embeddable":true,"href":"https:\/\/soymigrante.com\/revista\/wp-json\/wp\/v2\/comments?post=48786"}],"version-history":[{"count":5,"href":"https:\/\/soymigrante.com\/revista\/wp-json\/wp\/v2\/posts\/48786\/revisions"}],"predecessor-version":[{"id":48792,"href":"https:\/\/soymigrante.com\/revista\/wp-json\/wp\/v2\/posts\/48786\/revisions\/48792"}],"wp:featuredmedia":[{"embeddable":true,"href":"https:\/\/soymigrante.com\/revista\/wp-json\/wp\/v2\/media\/48787"}],"wp:attachment":[{"href":"https:\/\/soymigrante.com\/revista\/wp-json\/wp\/v2\/media?parent=48786"}],"wp:term":[{"taxonomy":"category","embeddable":true,"href":"https:\/\/soymigrante.com\/revista\/wp-json\/wp\/v2\/categories?post=48786"},{"taxonomy":"post_tag","embeddable":true,"href":"https:\/\/soymigrante.com\/revista\/wp-json\/wp\/v2\/tags?post=48786"}],"curies":[{"name":"wp","href":"https:\/\/api.w.org\/{rel}","templated":true}]}}