{"id":4877,"date":"2024-08-23T12:23:14","date_gmt":"2024-08-23T18:23:14","guid":{"rendered":"https:\/\/soymigrante.com\/revista\/?p=4877"},"modified":"2024-08-23T12:23:15","modified_gmt":"2024-08-23T18:23:15","slug":"migrante-guatemalteca-emilia-cifuentes-ingeniera-empresaria-supera-dificultades","status":"publish","type":"post","link":"https:\/\/soymigrante.com\/revista\/migrante-guatemalteca-emilia-cifuentes-ingeniera-empresaria-supera-dificultades\/","title":{"rendered":"Emilia Cifuentes es Mrs. Guatemala Oklahoma 2024-25 por su trayectoria y aporte"},"content":{"rendered":"\t\t<div data-elementor-type=\"wp-post\" data-elementor-id=\"4877\" class=\"elementor elementor-4877\" data-elementor-post-type=\"post\">\n\t\t\t\t\t\t<section data-particle_enable=\"false\" data-particle-mobile-disabled=\"false\" class=\"elementor-section elementor-top-section elementor-element elementor-element-d386da7 elementor-section-boxed elementor-section-height-default elementor-section-height-default\" data-id=\"d386da7\" data-element_type=\"section\" data-e-type=\"section\">\n\t\t\t\t\t\t<div class=\"elementor-container elementor-column-gap-default\">\n\t\t\t\t\t<div class=\"elementor-column elementor-col-100 elementor-top-column elementor-element elementor-element-2bd1086\" data-id=\"2bd1086\" data-element_type=\"column\" data-e-type=\"column\">\n\t\t\t<div class=\"elementor-widget-wrap elementor-element-populated\">\n\t\t\t\t\t\t<div class=\"elementor-element elementor-element-ecb60ea elementor-widget elementor-widget-heading\" data-id=\"ecb60ea\" data-element_type=\"widget\" data-e-type=\"widget\" data-widget_type=\"heading.default\">\n\t\t\t\t\t<h2 class=\"elementor-heading-title elementor-size-default\">Ingeniera guatemalteca Emilia Cifuentes trabaj\u00f3 en limpieza, cocina, ventas en l\u00ednea, con fe en Dios y gran esfuerzo, hasta llegar a la compa\u00f1\u00eda familiar de bienes ra\u00edces CV Premium Properties. El 7 de septiembre ser\u00e1 coronada Mrs. Guatemala-Oklahoma<\/h2>\t\t\t\t<\/div>\n\t\t\t\t\t<\/div>\n\t\t<\/div>\n\t\t\t\t\t<\/div>\n\t\t<\/section>\n\t\t<div data-particle_enable=\"false\" data-particle-mobile-disabled=\"false\" class=\"elementor-element elementor-element-55f6e0d e-flex e-con-boxed e-con e-parent\" data-id=\"55f6e0d\" data-element_type=\"container\" data-e-type=\"container\">\n\t\t\t\t\t<div class=\"e-con-inner\">\n\t\t\t\t<div class=\"elementor-element elementor-element-24ef2de elementor-widget elementor-widget-text-editor\" data-id=\"24ef2de\" data-element_type=\"widget\" data-e-type=\"widget\" data-widget_type=\"text-editor.default\">\n\t\t\t\t\t\t\t\t\t<p>Por su trayectoria, logros y aportes a la comunidad guatemalteca en Oklahoma, la ingeniera Emilia Cifuentes, originaria de Quetzaltenango, ha sido designada Mrs. Guatemala-Oklahoma 2024-25. El evento de coronaci\u00f3n y nombramiento oficial ser\u00e1 el pr\u00f3ximo 7 de septiembre.<\/p><p>&#8220;Durante su reinado, desea llevar juguetes a los ni\u00f1os y otorgar becas para colegios a ni\u00f1as en Guatemala, demostrando su compromiso con el bienestar de su pais. Emilia representara con orgullo a la mujer guatemalteca como embajadora, destacando el valor y la fortaleza de sus ra\u00edces en cada uno de sus logros y acciones&#8221;, expone el perfil Guatemala Oklahoma Pageant.<\/p><p>Esta es una actualizaci\u00f3n de la historia de Emilia Cifuentes, cuya historia est\u00e1 llena de esfuerzo, grandes metas y aprendizajes.<\/p>\t\t\t\t\t\t\t\t<\/div>\n\t\t\t\t\t<\/div>\n\t\t\t\t<\/div>\n\t\t\t\t<section data-particle_enable=\"false\" data-particle-mobile-disabled=\"false\" class=\"elementor-section elementor-top-section elementor-element elementor-element-061b5d9 elementor-section-boxed elementor-section-height-default elementor-section-height-default\" data-id=\"061b5d9\" data-element_type=\"section\" data-e-type=\"section\">\n\t\t\t\t\t\t<div class=\"elementor-container elementor-column-gap-default\">\n\t\t\t\t\t<div class=\"elementor-column elementor-col-100 elementor-top-column elementor-element elementor-element-6d52978\" data-id=\"6d52978\" data-element_type=\"column\" data-e-type=\"column\">\n\t\t\t<div class=\"elementor-widget-wrap elementor-element-populated\">\n\t\t\t\t\t\t<div class=\"elementor-element elementor-element-0add569 elementor-widget elementor-widget-video\" data-id=\"0add569\" data-element_type=\"widget\" data-e-type=\"widget\" data-settings=\"{&quot;youtube_url&quot;:&quot;https:\\\/\\\/www.youtube.com\\\/watch?v=piBPkEeXzmE&quot;,&quot;start&quot;:33,&quot;video_type&quot;:&quot;youtube&quot;,&quot;controls&quot;:&quot;yes&quot;}\" data-widget_type=\"video.default\">\n\t\t\t\t\t\t\t<div class=\"elementor-wrapper elementor-open-inline\">\n\t\t\t<div class=\"elementor-video\"><\/div>\t\t<\/div>\n\t\t\t\t\t\t<\/div>\n\t\t\t\t\t<\/div>\n\t\t<\/div>\n\t\t\t\t\t<\/div>\n\t\t<\/section>\n\t\t<div data-particle_enable=\"false\" data-particle-mobile-disabled=\"false\" class=\"elementor-element elementor-element-97d789d e-flex e-con-boxed e-con e-parent\" data-id=\"97d789d\" data-element_type=\"container\" data-e-type=\"container\">\n\t\t\t\t\t<div class=\"e-con-inner\">\n\t\t\t\t<div class=\"elementor-element elementor-element-bb4089d elementor-widget elementor-widget-heading\" data-id=\"bb4089d\" data-element_type=\"widget\" data-e-type=\"widget\" data-widget_type=\"heading.default\">\n\t\t\t\t\t<h3 class=\"elementor-heading-title elementor-size-default\">Emprendedora y optimista<\/h3>\t\t\t\t<\/div>\n\t\t\t\t\t<\/div>\n\t\t\t\t<\/div>\n\t\t\t\t<section data-particle_enable=\"false\" data-particle-mobile-disabled=\"false\" class=\"elementor-section elementor-top-section elementor-element elementor-element-17229cd elementor-section-boxed elementor-section-height-default elementor-section-height-default\" data-id=\"17229cd\" data-element_type=\"section\" data-e-type=\"section\">\n\t\t\t\t\t\t<div class=\"elementor-container elementor-column-gap-default\">\n\t\t\t\t\t<div class=\"elementor-column elementor-col-100 elementor-top-column elementor-element elementor-element-7744980\" data-id=\"7744980\" data-element_type=\"column\" data-e-type=\"column\">\n\t\t\t<div class=\"elementor-widget-wrap elementor-element-populated\">\n\t\t\t\t\t\t<div class=\"elementor-element elementor-element-fe6053a elementor-widget elementor-widget-text-editor\" data-id=\"fe6053a\" data-element_type=\"widget\" data-e-type=\"widget\" data-widget_type=\"text-editor.default\">\n\t\t\t\t\t\t\t\t\t<p>De alguna manera la localidad rural de Clinton, Oklahoma, a donde lleg\u00f3 en 2012, se parec\u00eda a la regi\u00f3n de campo donde Emilia Cifuentes y sus hermanos vivieron su ni\u00f1ez en Tec\u00fan Um\u00e1n, San Marcos.\u00a0<\/p><p><span style=\"color: var( --e-global-color-text );\">&#8220;No viv\u00edamos en el pueblo sino en una peque\u00f1a finca en las afueras de Tec\u00fan Um\u00e1n. Solo sal\u00edamos a la escuela y la iglesia y de regreso. Eso nos ayud\u00f3 a ser unidos como familia&#8221;, relata Emilia en la entrevista, poco antes de comenzar su labor diaria.\u00a0<\/span><\/p><p>Emilia es socia en la firma CV Premium Properties, con sus tres hermanos, Alejandra, Danilo y AXel; pero con Alejandra, la mayor, reci\u00e9n abrieron una oficina de asesor\u00eda fiscal y consejer\u00eda migratoria dirigida a hispanos.<\/p><p>Este es su relato de vivencias, aprendizajes y convicciones; de sonrisas y tambi\u00e9n de etapas complicadas de la vida (que dejan vivencias, aprendizajes y convicciones, valga la repetici\u00f3n.<\/p>\t\t\t\t\t\t\t\t<\/div>\n\t\t\t\t\t<\/div>\n\t\t<\/div>\n\t\t\t\t\t<\/div>\n\t\t<\/section>\n\t\t\t\t<section data-particle_enable=\"false\" data-particle-mobile-disabled=\"false\" class=\"elementor-section elementor-top-section elementor-element elementor-element-70783b4 elementor-section-boxed elementor-section-height-default elementor-section-height-default\" data-id=\"70783b4\" data-element_type=\"section\" data-e-type=\"section\">\n\t\t\t\t\t\t<div class=\"elementor-container elementor-column-gap-default\">\n\t\t\t\t\t<div class=\"elementor-column elementor-col-100 elementor-top-column elementor-element elementor-element-f372944\" data-id=\"f372944\" data-element_type=\"column\" data-e-type=\"column\">\n\t\t\t<div class=\"elementor-widget-wrap elementor-element-populated\">\n\t\t\t\t\t\t<div class=\"elementor-element elementor-element-d1ed95d elementor-widget elementor-widget-image\" data-id=\"d1ed95d\" data-element_type=\"widget\" data-e-type=\"widget\" data-widget_type=\"image.default\">\n\t\t\t\t\t\t\t\t\t\t\t\t<figure class=\"wp-caption\">\n\t\t\t\t\t\t\t\t\t\t<img fetchpriority=\"high\" decoding=\"async\" width=\"768\" height=\"554\" src=\"https:\/\/soymigrante.com\/revista\/wp-content\/uploads\/2024\/02\/toro-toro-1024x739.webp\" class=\"attachment-large size-large wp-image-4901\" alt=\"En e023, Emilia Cifuentes al lado derecho y su hermana Alejandra fueron invitadas a la convenci\u00f3n de Toro Taxes, la franquicia hispana m\u00e1s grande en asesor\u00eda de impuestos en Estados Unidos.\" srcset=\"https:\/\/soymigrante.com\/revista\/wp-content\/uploads\/2024\/02\/toro-toro-1024x739.webp 1024w, https:\/\/soymigrante.com\/revista\/wp-content\/uploads\/2024\/02\/toro-toro-300x216.webp 300w, https:\/\/soymigrante.com\/revista\/wp-content\/uploads\/2024\/02\/toro-toro-768x554.webp 768w, https:\/\/soymigrante.com\/revista\/wp-content\/uploads\/2024\/02\/toro-toro-120x86.webp 120w, https:\/\/soymigrante.com\/revista\/wp-content\/uploads\/2024\/02\/toro-toro-750x541.webp 750w, https:\/\/soymigrante.com\/revista\/wp-content\/uploads\/2024\/02\/toro-toro-1140x822.webp 1140w, https:\/\/soymigrante.com\/revista\/wp-content\/uploads\/2024\/02\/toro-toro.webp 1170w\" sizes=\"(max-width: 768px) 100vw, 768px\" title=\"En e023, Emilia Cifuentes al lado derecho y su hermana Alejandra fueron invitadas a la convenci\u00f3n de Toro Taxes, la franquicia hispana m\u00e1s grande en asesor\u00eda de impuestos en Estados Unidos. \u2013 SoyMigrante.com REVISTA\" \/>\t\t\t\t\t\t\t\t\t\t\t<figcaption class=\"widget-image-caption wp-caption-text\">En e023, Emilia Cifuentes al lado derecho y su hermana Alejandra fueron invitadas a la convenci\u00f3n de Toro Taxes, la franquicia hispana m\u00e1s grande en asesor\u00eda de impuestos en Estados Unidos. <\/figcaption>\n\t\t\t\t\t\t\t\t\t\t<\/figure>\n\t\t\t\t\t\t\t\t\t<\/div>\n\t\t\t\t\t<\/div>\n\t\t<\/div>\n\t\t\t\t\t<\/div>\n\t\t<\/section>\n\t\t\t\t<section data-particle_enable=\"false\" data-particle-mobile-disabled=\"false\" class=\"elementor-section elementor-top-section elementor-element elementor-element-a13779b elementor-section-boxed elementor-section-height-default elementor-section-height-default\" data-id=\"a13779b\" data-element_type=\"section\" data-e-type=\"section\">\n\t\t\t\t\t\t<div class=\"elementor-container elementor-column-gap-default\">\n\t\t\t\t\t<div class=\"elementor-column elementor-col-100 elementor-top-column elementor-element elementor-element-913d266\" data-id=\"913d266\" data-element_type=\"column\" data-e-type=\"column\">\n\t\t\t<div class=\"elementor-widget-wrap elementor-element-populated\">\n\t\t\t\t\t\t<div class=\"elementor-element elementor-element-12f0624 elementor-widget elementor-widget-heading\" data-id=\"12f0624\" data-element_type=\"widget\" data-e-type=\"widget\" data-widget_type=\"heading.default\">\n\t\t\t\t\t<h2 class=\"elementor-heading-title elementor-size-default\">Oportunidad de migrar pero a empezar de cero<\/h2>\t\t\t\t<\/div>\n\t\t\t\t\t<\/div>\n\t\t<\/div>\n\t\t\t\t\t<\/div>\n\t\t<\/section>\n\t\t\t\t<section data-particle_enable=\"false\" data-particle-mobile-disabled=\"false\" class=\"elementor-section elementor-top-section elementor-element elementor-element-dd2d8fe elementor-section-boxed elementor-section-height-default elementor-section-height-default\" data-id=\"dd2d8fe\" data-element_type=\"section\" data-e-type=\"section\">\n\t\t\t\t\t\t<div class=\"elementor-container elementor-column-gap-default\">\n\t\t\t\t\t<div class=\"elementor-column elementor-col-100 elementor-top-column elementor-element elementor-element-2c4f60c\" data-id=\"2c4f60c\" data-element_type=\"column\" data-e-type=\"column\">\n\t\t\t<div class=\"elementor-widget-wrap elementor-element-populated\">\n\t\t\t\t\t\t<div class=\"elementor-element elementor-element-d6acec3 elementor-widget elementor-widget-text-editor\" data-id=\"d6acec3\" data-element_type=\"widget\" data-e-type=\"widget\" data-widget_type=\"text-editor.default\">\n\t\t\t\t\t\t\t\t\t<p><span style=\"color: var( --e-global-color-text );\">&#8220;De peque\u00f1os ven\u00edamos a EE.UU. de viaje. Siempre me gust\u00f3 y so\u00f1aba con venir a vivir aqu\u00ed. Me gradu\u00e9 de Ingenier\u00eda Civil en Guatemala, fund\u00e9 una compa\u00f1\u00eda de construcci\u00f3n, tuve a mis primeros dos hijos. Unas primas resid\u00edan en Oklahoma, nos contaron de oportunidades profesionales aqu\u00ed y nos venimos. Primero mi hermana alejandra, despu\u00e9s mis pap\u00e1s y en 2013, yo.&#8221;<\/span><\/p><p><span style=\"color: var( --e-global-color-text );\">Sin embargo, Emilia no pudo ejercer su profesi\u00f3n como tal en Oklahoma, a donde llegaron.\u00a0<\/span><span style=\"color: var( --e-global-color-text );\">Ten\u00eda que adaptarse. En aquel tiempo estaba casada, era ama de casa y madre. Se dedic\u00f3 a sus dos hijos y naci\u00f3 el m\u00e1s peque\u00f1o. &#8220;No fue f\u00e1cil. Yo estaba agradecida con Dios por la oprtunidad de vivir en EE.UU. pero hab\u00eda una barrera. El cambio de idioma y de cultura. Uno tiene que ser adaptable al cambio, a la nueva sociedad donde usted se est\u00e1 tratando de injertar&#8221;.<\/span><\/p><p>Al inicio pidieron ayuda a causa de la falta de dominio del idioma.\u00a0 &#8220;Ped\u00edamos favor que nos tradujeran en la escuela, para comprar aseguranzas, para hacer una llamada de un tr\u00e1mite, luego otra y as\u00ed. La gente ayuda pero se cansa&#8221;.<\/p>\t\t\t\t\t\t\t\t<\/div>\n\t\t\t\t\t<\/div>\n\t\t<\/div>\n\t\t\t\t\t<\/div>\n\t\t<\/section>\n\t\t<div data-particle_enable=\"false\" data-particle-mobile-disabled=\"false\" class=\"elementor-element elementor-element-1380e34 e-flex e-con-boxed e-con e-parent\" data-id=\"1380e34\" data-element_type=\"container\" data-e-type=\"container\">\n\t\t\t\t\t<div class=\"e-con-inner\">\n\t\t\t\t<div class=\"elementor-element elementor-element-48b64aa elementor-widget elementor-widget-facebook-embed\" data-id=\"48b64aa\" data-element_type=\"widget\" data-e-type=\"widget\" data-widget_type=\"facebook-embed.default\">\n\t\t\t\t\t<div style=\"min-height: 1px\" class=\"elementor-facebook-widget fb-post\" data-href=\"https:\/\/www.facebook.com\/permalink.php?story_fbid=pfbid0rw7tNJwdCJajE6wnT1gCT2rntmke5V4VWLW8BWc87ae9drVAR7jBk5f8BZp28sRdl&#038;id=100067005948006\" data-show-text=\"false\"><\/div>\t\t\t\t<\/div>\n\t\t\t\t\t<\/div>\n\t\t\t\t<\/div>\n\t\t\t\t<section data-particle_enable=\"false\" data-particle-mobile-disabled=\"false\" class=\"elementor-section elementor-top-section elementor-element elementor-element-3dd3566 elementor-section-boxed elementor-section-height-default elementor-section-height-default\" data-id=\"3dd3566\" data-element_type=\"section\" data-e-type=\"section\">\n\t\t\t\t\t\t<div class=\"elementor-container elementor-column-gap-default\">\n\t\t\t\t\t<div class=\"elementor-column elementor-col-100 elementor-top-column elementor-element elementor-element-6f81c55\" data-id=\"6f81c55\" data-element_type=\"column\" data-e-type=\"column\">\n\t\t\t<div class=\"elementor-widget-wrap elementor-element-populated\">\n\t\t\t\t\t\t<div class=\"elementor-element elementor-element-e420944 elementor-widget elementor-widget-heading\" data-id=\"e420944\" data-element_type=\"widget\" data-e-type=\"widget\" data-widget_type=\"heading.default\">\n\t\t\t\t\t<h2 class=\"elementor-heading-title elementor-size-default\">La barrera m\u00e1s grande es la \"peque\u00f1ez\"<\/h2>\t\t\t\t<\/div>\n\t\t\t\t\t<\/div>\n\t\t<\/div>\n\t\t\t\t\t<\/div>\n\t\t<\/section>\n\t\t\t\t<section data-particle_enable=\"false\" data-particle-mobile-disabled=\"false\" class=\"elementor-section elementor-top-section elementor-element elementor-element-edc41af elementor-section-boxed elementor-section-height-default elementor-section-height-default\" data-id=\"edc41af\" data-element_type=\"section\" data-e-type=\"section\">\n\t\t\t\t\t\t<div class=\"elementor-container elementor-column-gap-default\">\n\t\t\t\t\t<div class=\"elementor-column elementor-col-100 elementor-top-column elementor-element elementor-element-205d653\" data-id=\"205d653\" data-element_type=\"column\" data-e-type=\"column\">\n\t\t\t<div class=\"elementor-widget-wrap elementor-element-populated\">\n\t\t\t\t\t\t<div class=\"elementor-element elementor-element-faaf042 elementor-widget elementor-widget-text-editor\" data-id=\"faaf042\" data-element_type=\"widget\" data-e-type=\"widget\" data-widget_type=\"text-editor.default\">\n\t\t\t\t\t\t\t\t\t<p><span style=\"color: var( --e-global-color-text );\">&#8220;Es frustrante el choque cultural y el idioma es la limitante m\u00e1s grande. Yo aprend\u00ed ingl\u00e9s en guatemala, pagu\u00e9 cursos pero cuando llegamos ac\u00e1&#8230; es otro ingl\u00e9s. Y aqu\u00ed en el oeste de Oklahoma hay much\u00edsimos dichos y mo<\/span><span style=\"color: var( --e-global-color-text );\">dismos que cuesta agarrar. Y\u00a0 uno empieza a caer mal a la gente por pedir favor para llamar ac\u00e1, ir a comprar esto, tramitar aquello\u00a0<\/span><span style=\"color: var( --e-global-color-text );\">\u00bfme explico?&#8221;<br \/>Era tiempo de dejar de hacer lo mismo, para tener resultados diferentes&#8221;.<\/span><\/p><p>&#8220;Me puse a pensar: me gradu\u00e9 de ingeniera. No es f\u00e1cil. Levant\u00e9 una empresa en Guatemala, que tampoco es f\u00e1cil. Aqu\u00ed en Estados Unidos puedo cambiar y lograr.Lo primero que hice es empezar a ir a una iglesia totalmente americana. No es que sea malo tener amigos hispanos, pero uno debe forzarse a hablar y vivir en ingl\u00e9s. \u00bfY sabe qu\u00e9? La gente nos ayud\u00f3 a aprender el ingl\u00e9s&#8221;.<\/p><p>&#8220;Pero d\u00ed cuenta que uno de guatemalteco tiene el peligro de esa mentalidad de peque\u00f1ez, de &#8220;no valer mucho&#8221;, de &#8220;no poder&#8221;. Cuesta mucho volverla a deconstruir y despu\u00e9s a reonstruir una mentalidad nueva. Es dif\u00edcil. Y solo lo logras si te sumerges en otra cultura nueva, en otra forma de pensar&#8221;.<\/p><p>(-\u00a1Wooow!, le digo)<\/p><p><span style=\"color: var( --e-global-color-text );\">&#8220;S\u00ed, uno anda con verg\u00fcenza, pasando miedo, con pena y la gente ni siquiera est\u00e1 vi\u00e9ndote de mala manera. Esa &#8220;verg\u00fcenza&#8221; est\u00e1 solo en uno&#8221;, agrega.<\/span><\/p>\t\t\t\t\t\t\t\t<\/div>\n\t\t\t\t\t<\/div>\n\t\t<\/div>\n\t\t\t\t\t<\/div>\n\t\t<\/section>\n\t\t\t\t<section data-particle_enable=\"false\" data-particle-mobile-disabled=\"false\" class=\"elementor-section elementor-top-section elementor-element elementor-element-69e97a6 elementor-section-boxed elementor-section-height-default elementor-section-height-default\" data-id=\"69e97a6\" data-element_type=\"section\" data-e-type=\"section\">\n\t\t\t\t\t\t<div class=\"elementor-container elementor-column-gap-default\">\n\t\t\t\t\t<div class=\"elementor-column elementor-col-100 elementor-top-column elementor-element elementor-element-ee5dbce\" data-id=\"ee5dbce\" data-element_type=\"column\" data-e-type=\"column\">\n\t\t\t<div class=\"elementor-widget-wrap elementor-element-populated\">\n\t\t\t\t\t\t<div class=\"elementor-element elementor-element-709275c elementor-widget elementor-widget-image\" data-id=\"709275c\" data-element_type=\"widget\" data-e-type=\"widget\" data-widget_type=\"image.default\">\n\t\t\t\t\t\t\t\t\t\t\t\t<figure class=\"wp-caption\">\n\t\t\t\t\t\t\t\t\t\t<img decoding=\"async\" width=\"768\" height=\"552\" src=\"https:\/\/soymigrante.com\/revista\/wp-content\/uploads\/2024\/02\/HERMANOS-CIFUENTES-NOMBRE-1024x736.webp\" class=\"attachment-large size-large wp-image-4820\" alt=\"Hermanos migrantes: Los Hermanos Cifuentes. Juntos fundaron y conducen la compa\u00f1\u00eda CV Design and Construction, en Oklahoma. Cada uno con su historia de retos y logros, pero con una fortaleza mayor: su fe en Dios y su uni\u00f3n familiar. Alejandra, la mayor, es abogada; Emilia, es ingeniera civil; Axel es arquitecto y Danilo tambi\u00e9n es ingeniero.\" srcset=\"https:\/\/soymigrante.com\/revista\/wp-content\/uploads\/2024\/02\/HERMANOS-CIFUENTES-NOMBRE-1024x736.webp 1024w, https:\/\/soymigrante.com\/revista\/wp-content\/uploads\/2024\/02\/HERMANOS-CIFUENTES-NOMBRE-300x216.webp 300w, https:\/\/soymigrante.com\/revista\/wp-content\/uploads\/2024\/02\/HERMANOS-CIFUENTES-NOMBRE-768x552.webp 768w, https:\/\/soymigrante.com\/revista\/wp-content\/uploads\/2024\/02\/HERMANOS-CIFUENTES-NOMBRE-1536x1104.webp 1536w, https:\/\/soymigrante.com\/revista\/wp-content\/uploads\/2024\/02\/HERMANOS-CIFUENTES-NOMBRE-120x86.webp 120w, https:\/\/soymigrante.com\/revista\/wp-content\/uploads\/2024\/02\/HERMANOS-CIFUENTES-NOMBRE-750x539.webp 750w, https:\/\/soymigrante.com\/revista\/wp-content\/uploads\/2024\/02\/HERMANOS-CIFUENTES-NOMBRE-1140x819.webp 1140w, https:\/\/soymigrante.com\/revista\/wp-content\/uploads\/2024\/02\/HERMANOS-CIFUENTES-NOMBRE.webp 1918w\" sizes=\"(max-width: 768px) 100vw, 768px\" title=\"Hermanos migrantes: Los Hermanos Cifuentes. Juntos fundaron y conducen la compa\u00f1\u00eda CV Design and Construction, en Oklahoma.  Cada uno con su historia de retos y logros, pero con una fortaleza mayor: su fe en Dios y su uni\u00f3n familiar. Alejandra, la mayor, es abogada; Emilia, es ingeniera civil; Axel es arquitecto y Danilo tambi\u00e9n es ingeniero. \u2013 SoyMigrante.com REVISTA\" \/>\t\t\t\t\t\t\t\t\t\t\t<figcaption class=\"widget-image-caption wp-caption-text\">Hermanos migrantes: Los Hermanos Cifuentes. Juntos fundaron y conducen la compa\u00f1\u00eda CV Design and Construction, en Oklahoma.  Cada uno con su historia de retos y logros, pero con una fortaleza mayor: su fe en Dios y su uni\u00f3n familiar. Alejandra, la mayor, es abogada; Emilia, es ingeniera civil; Axel es arquitecto y Danilo tambi\u00e9n es ingeniero.<\/figcaption>\n\t\t\t\t\t\t\t\t\t\t<\/figure>\n\t\t\t\t\t\t\t\t\t<\/div>\n\t\t\t\t\t<\/div>\n\t\t<\/div>\n\t\t\t\t\t<\/div>\n\t\t<\/section>\n\t\t\t\t<section data-particle_enable=\"false\" data-particle-mobile-disabled=\"false\" class=\"elementor-section elementor-top-section elementor-element elementor-element-8b6595e elementor-section-boxed elementor-section-height-default elementor-section-height-default\" data-id=\"8b6595e\" data-element_type=\"section\" data-e-type=\"section\">\n\t\t\t\t\t\t<div class=\"elementor-container elementor-column-gap-default\">\n\t\t\t\t\t<div class=\"elementor-column elementor-col-100 elementor-top-column elementor-element elementor-element-3045da7\" data-id=\"3045da7\" data-element_type=\"column\" data-e-type=\"column\">\n\t\t\t<div class=\"elementor-widget-wrap elementor-element-populated\">\n\t\t\t\t\t\t<div class=\"elementor-element elementor-element-c34de1f elementor-widget elementor-widget-heading\" data-id=\"c34de1f\" data-element_type=\"widget\" data-e-type=\"widget\" data-widget_type=\"heading.default\">\n\t\t\t\t\t<h2 class=\"elementor-heading-title elementor-size-default\">Adversidades no faltan, pero tampoco la voluntad ni las ganas de triunfar<\/h2>\t\t\t\t<\/div>\n\t\t\t\t\t<\/div>\n\t\t<\/div>\n\t\t\t\t\t<\/div>\n\t\t<\/section>\n\t\t\t\t<section data-particle_enable=\"false\" data-particle-mobile-disabled=\"false\" class=\"elementor-section elementor-top-section elementor-element elementor-element-1a7b8a0 elementor-section-boxed elementor-section-height-default elementor-section-height-default\" data-id=\"1a7b8a0\" data-element_type=\"section\" data-e-type=\"section\">\n\t\t\t\t\t\t<div class=\"elementor-container elementor-column-gap-default\">\n\t\t\t\t\t<div class=\"elementor-column elementor-col-100 elementor-top-column elementor-element elementor-element-1ce9b3d\" data-id=\"1ce9b3d\" data-element_type=\"column\" data-e-type=\"column\">\n\t\t\t<div class=\"elementor-widget-wrap elementor-element-populated\">\n\t\t\t\t\t\t<div class=\"elementor-element elementor-element-fa54bfd elementor-widget elementor-widget-text-editor\" data-id=\"fa54bfd\" data-element_type=\"widget\" data-e-type=\"widget\" data-widget_type=\"text-editor.default\">\n\t\t\t\t\t\t\t\t\t<p>Emilia literalmente quem\u00f3 las naves cinco despu\u00e9s de su llegada. Es decir, apost\u00f3 todo a su vida migrante.\u00a0Vendi\u00f3 su empresa y vendi\u00f3 su casa en Guatemala para invertirlo todo en Oklahoma. Empez\u00f3 a vender cosas por Facebook. Primero era ropa y art\u00edculos, luego veh\u00edculos.<\/p><p>Abri\u00f3\u00a0<span style=\"color: var( --e-global-color-text );\">un peque\u00f1o restaurante, lo llam\u00f3\u00a0<\/span><span style=\"color: var( --e-global-color-text );\">Andy&#8217;s Grill, por sus hijos Andr\u00e9s y Andrea. Hab\u00eda mucha competencia pero ten\u00eda un toque distintivo: &#8220;No hac\u00edamos nada frito, todo a la plancha o asado. Res, cerdo y pollo, con chirmolitos, como una churrasquer\u00eda del mercado en Guatemala y a peg\u00f3. A la gente le gust\u00f3.<\/span><\/p><p><span style=\"color: var( --e-global-color-text );\">Apenas dos a\u00f1os despu\u00e9s, hacia 2014, la industria petrolera local decay\u00f3 y con ello los negocios directos e indirectos. &#8220;Cerr\u00e9 el restaurante, vend\u00ed todo, menos la parrilla. Esa todav\u00eda la guardo. Quiz\u00e1 sue\u00f1o con abrir otra vez un restaurante. Me divorci\u00e9, cerr\u00e9 un ciclo que me tard\u00e9 mucho. Pero es parte de reconstruirse, transformarse y vivir&#8221;.<\/span><\/p><p><span style=\"color: var( --e-global-color-text );\">Sola, sin trabajo, con tres ni\u00f1os en casa, sin ingreso. Recurri\u00f3 a su\u00a0 \u00fanica opci\u00f3n: &#8220;La oraci\u00f3n, de nuevo&#8221; dice Emilia con certeza. Y la respuesta vino pronto.<\/span><\/p><p>&#8220;Ofrec\u00ed servicios de limpieza de casas. Dejo en cargos en la iglesia: Mire voy a empezar una empresa, si sabe de alquien que necesite limpieza en su casa. Pero Dios abrio una puerta mucho m\u00e1s grande. Era 2016. Me contrataron para limpiar todas las instalaciones de la Iglesia. Y al ver el trabajo me recomiendan: la due\u00f1a de la Pepsi Cola en el \u00e1rea necesitaba el servicio. Luego me llaman de otra iglesia y as\u00ed fui creciendo. Y a la empresa le puse Global Construction and Cleaning: porque quer\u00eda un d\u00eda regresar a la construcci\u00f3n. Y hoy hago limpieza comercial pero tambi\u00e9n construcci\u00f3n&#8221;.<\/p>\t\t\t\t\t\t\t\t<\/div>\n\t\t\t\t\t<\/div>\n\t\t<\/div>\n\t\t\t\t\t<\/div>\n\t\t<\/section>\n\t\t\t\t<section data-particle_enable=\"false\" data-particle-mobile-disabled=\"false\" class=\"elementor-section elementor-top-section elementor-element elementor-element-dde8ce1 elementor-section-boxed elementor-section-height-default elementor-section-height-default\" data-id=\"dde8ce1\" data-element_type=\"section\" data-e-type=\"section\">\n\t\t\t\t\t\t<div class=\"elementor-container elementor-column-gap-default\">\n\t\t\t\t\t<div class=\"elementor-column elementor-col-100 elementor-top-column elementor-element elementor-element-4138fbf\" data-id=\"4138fbf\" data-element_type=\"column\" data-e-type=\"column\">\n\t\t\t<div class=\"elementor-widget-wrap elementor-element-populated\">\n\t\t\t\t\t\t<div class=\"elementor-element elementor-element-b6af160 elementor-widget elementor-widget-facebook-embed\" data-id=\"b6af160\" data-element_type=\"widget\" data-e-type=\"widget\" data-widget_type=\"facebook-embed.default\">\n\t\t\t\t\t<div style=\"min-height: 1px\" class=\"elementor-facebook-widget fb-post\" data-href=\"https:\/\/www.facebook.com\/emilia.cifuentes.146\/videos\/352072451012601\" data-show-text=\"false\"><\/div>\t\t\t\t<\/div>\n\t\t\t\t\t<\/div>\n\t\t<\/div>\n\t\t\t\t\t<\/div>\n\t\t<\/section>\n\t\t\t\t<section data-particle_enable=\"false\" data-particle-mobile-disabled=\"false\" class=\"elementor-section elementor-top-section elementor-element elementor-element-2541685 elementor-section-boxed elementor-section-height-default elementor-section-height-default\" data-id=\"2541685\" data-element_type=\"section\" data-e-type=\"section\">\n\t\t\t\t\t\t<div class=\"elementor-container elementor-column-gap-default\">\n\t\t\t\t\t<div class=\"elementor-column elementor-col-100 elementor-top-column elementor-element elementor-element-a220abd\" data-id=\"a220abd\" data-element_type=\"column\" data-e-type=\"column\">\n\t\t\t<div class=\"elementor-widget-wrap elementor-element-populated\">\n\t\t\t\t\t\t<div class=\"elementor-element elementor-element-53d5ff9 elementor-widget elementor-widget-heading\" data-id=\"53d5ff9\" data-element_type=\"widget\" data-e-type=\"widget\" data-widget_type=\"heading.default\">\n\t\t\t\t\t<h2 class=\"elementor-heading-title elementor-size-default\">As\u00ed regresa a la construcci\u00f3n<\/h2>\t\t\t\t<\/div>\n\t\t\t\t\t<\/div>\n\t\t<\/div>\n\t\t\t\t\t<\/div>\n\t\t<\/section>\n\t\t\t\t<section data-particle_enable=\"false\" data-particle-mobile-disabled=\"false\" class=\"elementor-section elementor-top-section elementor-element elementor-element-946593d elementor-section-boxed elementor-section-height-default elementor-section-height-default\" data-id=\"946593d\" data-element_type=\"section\" data-e-type=\"section\">\n\t\t\t\t\t\t<div class=\"elementor-container elementor-column-gap-default\">\n\t\t\t\t\t<div class=\"elementor-column elementor-col-100 elementor-top-column elementor-element elementor-element-f3b0dbf\" data-id=\"f3b0dbf\" data-element_type=\"column\" data-e-type=\"column\">\n\t\t\t<div class=\"elementor-widget-wrap elementor-element-populated\">\n\t\t\t\t\t\t<div class=\"elementor-element elementor-element-a0cd03e elementor-widget elementor-widget-text-editor\" data-id=\"a0cd03e\" data-element_type=\"widget\" data-e-type=\"widget\" data-widget_type=\"text-editor.default\">\n\t\t\t\t\t\t\t\t\t<p><span style=\"color: var( --e-global-color-text );\">&#8220;Mi hermano Danilo me llam\u00f3. Con Axel hab\u00edan creado su\u00a0 empresa de bienes ra\u00edces. Me dice: sos ingeniera, me ayud\u00e1s con la construcci\u00f3n y yo te pago. Aqu\u00ed los m\u00e9todos de construcci\u00f3n son diferentes&#8230; pero es de aprender, pero los fundamentos ya los ten\u00eda. Es como dice una psiquiatra, Mariana Rojas: suerte es la combinaci\u00f3n de oportunidad m\u00e1s preparaci\u00f3n. No hay tal suerte, pero s\u00ed un Dios que te gu\u00eda, pero hay que tener voluntad&#8221;.\u00a0<\/span><\/p><p><span style=\"color: var( --e-global-color-text );\">&#8220;Desde 2019 combino la construcci\u00f3n y la limpieza. Entro como socia y me encargo de log\u00edstica, contratar personal y dar seguimiento a las remodelaciones de casas. Axel hace el dise\u00f1o. Danilo administra y Alejandra da toques finales&#8221;.<\/span><\/p>\t\t\t\t\t\t\t\t<\/div>\n\t\t\t\t\t<\/div>\n\t\t<\/div>\n\t\t\t\t\t<\/div>\n\t\t<\/section>\n\t\t\t\t<section data-particle_enable=\"false\" data-particle-mobile-disabled=\"false\" class=\"elementor-section elementor-top-section elementor-element elementor-element-616249f elementor-section-boxed elementor-section-height-default elementor-section-height-default\" data-id=\"616249f\" data-element_type=\"section\" data-e-type=\"section\">\n\t\t\t\t\t\t<div class=\"elementor-container elementor-column-gap-default\">\n\t\t\t\t\t<div class=\"elementor-column elementor-col-100 elementor-top-column elementor-element elementor-element-d2cdae5\" data-id=\"d2cdae5\" data-element_type=\"column\" data-e-type=\"column\">\n\t\t\t<div class=\"elementor-widget-wrap elementor-element-populated\">\n\t\t\t\t\t\t<div class=\"elementor-element elementor-element-6384e65 elementor-widget elementor-widget-heading\" data-id=\"6384e65\" data-element_type=\"widget\" data-e-type=\"widget\" data-widget_type=\"heading.default\">\n\t\t\t\t\t<h2 class=\"elementor-heading-title elementor-size-default\">Un nuevo y doble emprendimiento<\/h2>\t\t\t\t<\/div>\n\t\t\t\t\t<\/div>\n\t\t<\/div>\n\t\t\t\t\t<\/div>\n\t\t<\/section>\n\t\t\t\t<section data-particle_enable=\"false\" data-particle-mobile-disabled=\"false\" class=\"elementor-section elementor-top-section elementor-element elementor-element-e9f471d elementor-section-boxed elementor-section-height-default elementor-section-height-default\" data-id=\"e9f471d\" data-element_type=\"section\" data-e-type=\"section\">\n\t\t\t\t\t\t<div class=\"elementor-container elementor-column-gap-default\">\n\t\t\t\t\t<div class=\"elementor-column elementor-col-100 elementor-top-column elementor-element elementor-element-6ff08b4\" data-id=\"6ff08b4\" data-element_type=\"column\" data-e-type=\"column\">\n\t\t\t<div class=\"elementor-widget-wrap elementor-element-populated\">\n\t\t\t\t\t\t<div class=\"elementor-element elementor-element-b69bb33 elementor-widget elementor-widget-text-editor\" data-id=\"b69bb33\" data-element_type=\"widget\" data-e-type=\"widget\" data-widget_type=\"text-editor.default\">\n\t\t\t\t\t\t\t\t\t<p>Las hermanas\u00a0<span style=\"color: var( --e-global-color-text );\">Emilia y Alejandra Cifuentes reci\u00e9n abrieron una franquicia de la compa\u00f1\u00eda Toro Taxes, de asesor\u00eda fiscal, con la cual asesoran a las personas para cumplir muy bien con sus impuestos y a la vez recibir beneficios. &#8220;<\/span><\/p><p style=\"font-style: normal; font-variant-ligatures: normal; font-variant-caps: normal; font-weight: 400; font-size: 16px; font-family: Roboto, sans-serif;\"><span style=\"color: var( --e-global-color-text );\">\u00a0Es la franquicia hispana m\u00e1s grande de EE.UU. Nos reunimos con los fundadores. Fue un honor. Nos invitaron a su convenci\u00f3n en Las Vegas.\u00a0 \u00a0Fuimos, preguntamos much\u00edsimo, estudiamos y abrimos la oficina en Oklahoma dirigida a centroamericanos sobre todo. Estuvimos en un entrenamiento intensivo de tres d\u00edas, casi las 24 horas. Y\u00a0 estamos en plena temporada de impuestos&#8221;.<\/span><\/p><p style=\"font-style: normal; font-variant-ligatures: normal; font-variant-caps: normal; font-weight: 400; font-size: 16px; font-family: Roboto, sans-serif;\"><span style=\"color: var( --e-global-color-text );\">Para completar el servicio, en la misma sede de asesor\u00eda de impuestos tambi\u00e9n brindan asesor\u00eda en tr\u00e1mites migratorios, en equipo con su hermana Alejandra. &#8220;Estamos creciendo pero crecemos para servir&#8221;, finaliza Emilia.<\/span><\/p>\t\t\t\t\t\t\t\t<\/div>\n\t\t\t\t\t<\/div>\n\t\t<\/div>\n\t\t\t\t\t<\/div>\n\t\t<\/section>\n\t\t\t\t<section data-particle_enable=\"false\" data-particle-mobile-disabled=\"false\" class=\"elementor-section elementor-top-section elementor-element elementor-element-d92e39e elementor-section-boxed elementor-section-height-default elementor-section-height-default\" data-id=\"d92e39e\" data-element_type=\"section\" data-e-type=\"section\">\n\t\t\t\t\t\t<div class=\"elementor-container elementor-column-gap-default\">\n\t\t\t\t\t<div class=\"elementor-column elementor-col-100 elementor-top-column elementor-element elementor-element-886bba7\" data-id=\"886bba7\" data-element_type=\"column\" data-e-type=\"column\">\n\t\t\t<div class=\"elementor-widget-wrap elementor-element-populated\">\n\t\t\t\t\t\t<div class=\"elementor-element elementor-element-62f1aed elementor-widget elementor-widget-heading\" data-id=\"62f1aed\" data-element_type=\"widget\" data-e-type=\"widget\" data-widget_type=\"heading.default\">\n\t\t\t\t\t<h2 class=\"elementor-heading-title elementor-size-default\">Caminos distintos, un mismo coraz\u00f3n<\/h2>\t\t\t\t<\/div>\n\t\t\t\t\t<\/div>\n\t\t<\/div>\n\t\t\t\t\t<\/div>\n\t\t<\/section>\n\t\t\t\t<section data-particle_enable=\"false\" data-particle-mobile-disabled=\"false\" class=\"elementor-section elementor-top-section elementor-element elementor-element-9b68dc7 elementor-section-boxed elementor-section-height-default elementor-section-height-default\" data-id=\"9b68dc7\" data-element_type=\"section\" data-e-type=\"section\">\n\t\t\t\t\t\t<div class=\"elementor-container elementor-column-gap-default\">\n\t\t\t\t\t<div class=\"elementor-column elementor-col-100 elementor-top-column elementor-element elementor-element-570ef6c\" data-id=\"570ef6c\" data-element_type=\"column\" data-e-type=\"column\">\n\t\t\t<div class=\"elementor-widget-wrap elementor-element-populated\">\n\t\t\t\t\t\t<div class=\"elementor-element elementor-element-912b4e1 elementor-grid-eael-col-3 elementor-grid-tablet-eael-col-2 elementor-grid-mobile-eael-col-1 elementor-widget elementor-widget-global elementor-global-4918 elementor-widget-eael-post-grid\" data-id=\"912b4e1\" data-element_type=\"widget\" data-e-type=\"widget\" data-settings=\"{&quot;eael_post_grid_columns&quot;:&quot;eael-col-3&quot;,&quot;eael_post_grid_columns_tablet&quot;:&quot;eael-col-2&quot;,&quot;eael_post_grid_columns_mobile&quot;:&quot;eael-col-1&quot;}\" data-widget_type=\"eael-post-grid.default\">\n\t\t\t\t\t<div id=\"eael-post-grid-912b4e1\" class=\"eael-post-grid-container\">\n            <div class=\"eael-post-grid eael-post-appender eael-post-appender-912b4e1 eael-post-grid-style-one\" data-layout-mode=\"masonry\"><article class=\"eael-grid-post  eael-post-grid-column eael-pg-post-2292 category-exitos\" data-id=\"2292\">\n        <div class=\"eael-grid-post-holder\">\n            <div class=\"eael-grid-post-holder-inner\"><div class=\"eael-entry-media\"><div class=\"eael-entry-overlay fade-in\"><i class=\"fas fa-hand-pointer\" aria-hidden=\"true\"><\/i><a href=\"https:\/\/soymigrante.com\/revista\/sandy-castillo-emprendedora-guatemalteca-eeuu\/\"><\/a><\/div><div class=\"eael-entry-thumbnail \">\n                <img decoding=\"async\" width=\"300\" height=\"240\" src=\"https:\/\/soymigrante.com\/revista\/wp-content\/uploads\/2023\/08\/sandy-300x240.webp\" class=\"attachment-medium size-medium wp-image-2295\" alt=\"\" srcset=\"https:\/\/soymigrante.com\/revista\/wp-content\/uploads\/2023\/08\/sandy-300x240.webp 300w, https:\/\/soymigrante.com\/revista\/wp-content\/uploads\/2023\/08\/sandy-768x614.webp 768w, https:\/\/soymigrante.com\/revista\/wp-content\/uploads\/2023\/08\/sandy-750x599.webp 750w, https:\/\/soymigrante.com\/revista\/wp-content\/uploads\/2023\/08\/sandy.webp 980w\" sizes=\"(max-width: 300px) 100vw, 300px\" \/>\n            <\/div>\n        <\/div><div class=\"eael-entry-wrapper\"><header class=\"eael-entry-header\"><h2 class=\"eael-entry-title\"><a class=\"eael-grid-post-link\" href=\"https:\/\/soymigrante.com\/revista\/sandy-castillo-emprendedora-guatemalteca-eeuu\/\" title=\"Sandy Castillo: De Migrante a emprendedora en EE.UU.\">Sandy Castillo: De Migrante a emprendedora en EE.UU.<\/a><\/h2><\/header><div class=\"eael-entry-content\">\n                        <div class=\"eael-grid-post-excerpt\"><a href=\"https:\/\/soymigrante.com\/revista\/sandy-castillo-emprendedora-guatemalteca-eeuu\/\" class=\"eael-post-elements-readmore-btn\">Leer m\u00e1s<\/a><\/div>\n                    <\/div><\/div><\/div>\n        <\/div>\n    <\/article><article class=\"eael-grid-post  eael-post-grid-column eael-pg-post-3329 category-exitos\" data-id=\"3329\">\n        <div class=\"eael-grid-post-holder\">\n            <div class=\"eael-grid-post-holder-inner\"><div class=\"eael-entry-media\"><div class=\"eael-entry-overlay fade-in\"><i class=\"fas fa-hand-pointer\" aria-hidden=\"true\"><\/i><a href=\"https:\/\/soymigrante.com\/revista\/los-cuadernos-y-tipicos-de-aida-migrante-guatemalteca\/\"><\/a><\/div><div class=\"eael-entry-thumbnail \">\n                <img loading=\"lazy\" decoding=\"async\" width=\"300\" height=\"300\" src=\"https:\/\/soymigrante.com\/revista\/wp-content\/uploads\/2023\/11\/Aida-Barrios-Huinil-300x300.webp\" class=\"attachment-medium size-medium wp-image-3311\" alt=\"Aida Barrios Huinil migrante guatemalteca se ha convertido en profesional actualmente imparte clases a ni\u00f1os y ni\u00f1as. Ense\u00f1a matem\u00e1ticas, espa\u00f1ol y tambi\u00e9n muestra su cultura a trav\u00e9s de cantos y cuentos en idioma mam.\" srcset=\"https:\/\/soymigrante.com\/revista\/wp-content\/uploads\/2023\/11\/Aida-Barrios-Huinil-300x300.webp 300w, https:\/\/soymigrante.com\/revista\/wp-content\/uploads\/2023\/11\/Aida-Barrios-Huinil-1024x1024.webp 1024w, https:\/\/soymigrante.com\/revista\/wp-content\/uploads\/2023\/11\/Aida-Barrios-Huinil-150x150.webp 150w, https:\/\/soymigrante.com\/revista\/wp-content\/uploads\/2023\/11\/Aida-Barrios-Huinil-768x768.webp 768w, https:\/\/soymigrante.com\/revista\/wp-content\/uploads\/2023\/11\/Aida-Barrios-Huinil-1536x1536.webp 1536w, https:\/\/soymigrante.com\/revista\/wp-content\/uploads\/2023\/11\/Aida-Barrios-Huinil-scaled.webp 1920w, https:\/\/soymigrante.com\/revista\/wp-content\/uploads\/2023\/11\/Aida-Barrios-Huinil-75x75.webp 75w, https:\/\/soymigrante.com\/revista\/wp-content\/uploads\/2023\/11\/Aida-Barrios-Huinil-750x750.webp 750w, https:\/\/soymigrante.com\/revista\/wp-content\/uploads\/2023\/11\/Aida-Barrios-Huinil-1140x1140.webp 1140w, https:\/\/soymigrante.com\/revista\/wp-content\/uploads\/2023\/11\/Aida-Barrios-Huinil-600x600.webp 600w\" sizes=\"(max-width: 300px) 100vw, 300px\" \/>\n            <\/div>\n        <\/div><div class=\"eael-entry-wrapper\"><header class=\"eael-entry-header\"><h2 class=\"eael-entry-title\"><a class=\"eael-grid-post-link\" href=\"https:\/\/soymigrante.com\/revista\/los-cuadernos-y-tipicos-de-aida-migrante-guatemalteca\/\" title=\"Migrante y emprendedora mam A\u00edda Barrios es maestra de primaria en California\">Migrante y emprendedora mam A\u00edda Barrios es maestra de primaria en California<\/a><\/h2><\/header><div class=\"eael-entry-content\">\n                        <div class=\"eael-grid-post-excerpt\"><a href=\"https:\/\/soymigrante.com\/revista\/los-cuadernos-y-tipicos-de-aida-migrante-guatemalteca\/\" class=\"eael-post-elements-readmore-btn\">Leer m\u00e1s<\/a><\/div>\n                    <\/div><\/div><\/div>\n        <\/div>\n    <\/article><article class=\"eael-grid-post  eael-post-grid-column eael-pg-post-3963 category-exitos\" data-id=\"3963\">\n        <div class=\"eael-grid-post-holder\">\n            <div class=\"eael-grid-post-holder-inner\"><div class=\"eael-entry-media\"><div class=\"eael-entry-overlay fade-in\"><i class=\"fas fa-hand-pointer\" aria-hidden=\"true\"><\/i><a href=\"https:\/\/soymigrante.com\/revista\/tirar-regalar-vender-cambiar-la-ruta-migrante-de-silvia-obregon\/\"><\/a><\/div><div class=\"eael-entry-thumbnail \">\n                <img loading=\"lazy\" decoding=\"async\" width=\"300\" height=\"253\" src=\"https:\/\/soymigrante.com\/revista\/wp-content\/uploads\/2023\/12\/silvia-colibri-volando-300x253.webp\" class=\"attachment-medium size-medium wp-image-3971\" alt=\"\" srcset=\"https:\/\/soymigrante.com\/revista\/wp-content\/uploads\/2023\/12\/silvia-colibri-volando-300x253.webp 300w, https:\/\/soymigrante.com\/revista\/wp-content\/uploads\/2023\/12\/silvia-colibri-volando-1024x863.webp 1024w, https:\/\/soymigrante.com\/revista\/wp-content\/uploads\/2023\/12\/silvia-colibri-volando-768x647.webp 768w, https:\/\/soymigrante.com\/revista\/wp-content\/uploads\/2023\/12\/silvia-colibri-volando-1536x1295.webp 1536w, https:\/\/soymigrante.com\/revista\/wp-content\/uploads\/2023\/12\/silvia-colibri-volando-750x632.webp 750w, https:\/\/soymigrante.com\/revista\/wp-content\/uploads\/2023\/12\/silvia-colibri-volando-1140x961.webp 1140w, https:\/\/soymigrante.com\/revista\/wp-content\/uploads\/2023\/12\/silvia-colibri-volando.webp 1554w\" sizes=\"(max-width: 300px) 100vw, 300px\" \/>\n            <\/div>\n        <\/div><div class=\"eael-entry-wrapper\"><header class=\"eael-entry-header\"><h2 class=\"eael-entry-title\"><a class=\"eael-grid-post-link\" href=\"https:\/\/soymigrante.com\/revista\/tirar-regalar-vender-cambiar-la-ruta-migrante-de-silvia-obregon\/\" title=\"El vuelo migrante de la emprendedora Silvia Leonora Obreg\u00f3n\">El vuelo migrante de la emprendedora Silvia Leonora Obreg\u00f3n<\/a><\/h2><\/header><div class=\"eael-entry-content\">\n                        <div class=\"eael-grid-post-excerpt\"><a href=\"https:\/\/soymigrante.com\/revista\/tirar-regalar-vender-cambiar-la-ruta-migrante-de-silvia-obregon\/\" class=\"eael-post-elements-readmore-btn\">Leer m\u00e1s<\/a><\/div>\n                    <\/div><\/div><\/div>\n        <\/div>\n    <\/article><\/div>\n            <div class=\"clearfix\"><\/div>\n        <\/div>\t\t\t\t<\/div>\n\t\t\t\t\t<\/div>\n\t\t<\/div>\n\t\t\t\t\t<\/div>\n\t\t<\/section>\n\t\t\t\t<\/div>\n\t\t","protected":false},"excerpt":{"rendered":"<p>Ingeniera guatemalteca Emilia Cifuentes trabaj\u00f3 en limpieza, cocina, ventas en l\u00ednea, con fe en Dios y gran esfuerzo, hasta llegar a la compa\u00f1\u00eda familiar de bienes ra\u00edces CV Premium Properties. El 7 de septiembre ser\u00e1 coronada Mrs. Guatemala-Oklahoma Por su trayectoria, logros y aportes a la comunidad guatemalteca en Oklahoma, la ingeniera Emilia Cifuentes, originaria [&hellip;]<\/p>\n","protected":false},"author":7,"featured_media":4878,"comment_status":"open","ping_status":"open","sticky":false,"template":"","format":"standard","meta":{"_acf_changed":false,"_eb_attr":"","footnotes":""},"categories":[50],"tags":[],"class_list":["post-4877","post","type-post","status-publish","format-standard","has-post-thumbnail","hentry","category-exitos"],"acf":[],"aioseo_notices":[],"aioseo_head":"\n\t\t<!-- All in One SEO Pro 4.9.6.2 - aioseo.com -->\n\t<meta name=\"description\" content=\"El amor lleg\u00f3 a su vida en Los Angeles y la llev\u00f3 a Nueva York. La migrante y comunicadora Silvia Obreg\u00f3n de Booth se convirti\u00f3 en emprendedora. Abri\u00f3 una tienda de joyer\u00eda y cosm\u00e9ticos en Queens, Nueva York donde genera oportunidades para mujeres hispanas. El amor existe y renueva todo Silvia Leonora Obreg\u00f3n desarroll\u00f3 una\" \/>\n\t<meta name=\"robots\" content=\"max-snippet:-1, max-image-preview:large, max-video-preview:-1\" \/>\n\t<meta name=\"author\" content=\"Gustavo Montenegro\"\/>\n\t<link rel=\"canonical\" href=\"https:\/\/soymigrante.com\/revista\/migrante-guatemalteca-emilia-cifuentes-ingeniera-empresaria-supera-dificultades\/\" \/>\n\t<meta name=\"generator\" content=\"All in One SEO Pro (AIOSEO) 4.9.6.2\" \/>\n\n\t\t<link rel=\"preconnect\" href=\"https:\/\/fonts.googleapis.com\" crossorigin>\n<link rel=\"preconnect\" href=\"https:\/\/fonts.gstatic.com\" crossorigin>\n\t\t<meta property=\"og:locale\" content=\"es_ES\" \/>\n\t\t<meta property=\"og:site_name\" content=\"SoyMigrante.com REVISTA \u2013 Nuestra misi\u00f3n es reconocer y dignificar al migrante.\" \/>\n\t\t<meta property=\"og:type\" content=\"article\" \/>\n\t\t<meta property=\"og:title\" content=\"Emilia Cifuentes es Mrs. Guatemala Oklahoma 2024: su historia\" \/>\n\t\t<meta property=\"og:description\" content=\"Emilia Cifuentes es emprendedora en Oklahoma: un camino de retos y logros que ha recorrido junto a sus hermanos. La comunidad reconoce su trayectoria y sus aportes\" \/>\n\t\t<meta property=\"og:url\" content=\"https:\/\/soymigrante.com\/revista\/migrante-guatemalteca-emilia-cifuentes-ingeniera-empresaria-supera-dificultades\/\" \/>\n\t\t<meta property=\"og:image\" content=\"https:\/\/soymigrante.com\/revista\/wp-content\/uploads\/2024\/02\/mila.webp\" \/>\n\t\t<meta property=\"og:image:secure_url\" content=\"https:\/\/soymigrante.com\/revista\/wp-content\/uploads\/2024\/02\/mila.webp\" \/>\n\t\t<meta property=\"og:image:width\" content=\"1065\" \/>\n\t\t<meta property=\"og:image:height\" content=\"886\" \/>\n\t\t<meta property=\"article:published_time\" content=\"2024-08-23T18:23:14+00:00\" \/>\n\t\t<meta property=\"article:modified_time\" content=\"2024-08-23T18:23:15+00:00\" \/>\n\t\t<meta property=\"article:publisher\" content=\"https:\/\/www.facebook.com\/soymigrantecom\" \/>\n\t\t<meta name=\"twitter:card\" content=\"summary_large_image\" \/>\n\t\t<meta name=\"twitter:site\" content=\"@SoyMigrante_com\" \/>\n\t\t<meta name=\"twitter:title\" content=\"Emilia Cifuentes es Mrs. Guatemala Oklahoma 2024: su historia\" \/>\n\t\t<meta name=\"twitter:description\" content=\"Emilia Cifuentes es emprendedora en Oklahoma: un camino de retos y logros que ha recorrido junto a sus hermanos. La comunidad reconoce su trayectoria y sus aportes\" \/>\n\t\t<meta name=\"twitter:creator\" content=\"@SoyMigrante_com\" \/>\n\t\t<meta name=\"twitter:image\" content=\"https:\/\/soymigrante.com\/revista\/wp-content\/uploads\/2024\/02\/mila.webp\" \/>\n\t\t<!-- All in One SEO Pro -->\r\n\t\t<title>Emilia Cifuentes es Mrs. Guatemala Oklahoma 2024: su historia<\/title>\n\n","aioseo_head_json":{"title":"Emilia Cifuentes es Mrs. Guatemala Oklahoma 2024: su historia","description":"Emilia Cifuentes es emprendedora en Oklahoma: un camino de retos y logros que ha recorrido junto a sus hermanos. La comunidad reconoce su trayectoria y sus aportes","canonical_url":"https:\/\/soymigrante.com\/revista\/migrante-guatemalteca-emilia-cifuentes-ingeniera-empresaria-supera-dificultades\/","robots":"max-snippet:-1, max-image-preview:large, max-video-preview:-1","keywords":"","webmasterTools":{"miscellaneous":"&lt;link rel=\"preconnect\" href=\"https:\/\/fonts.googleapis.com\" crossorigin&gt;\n&lt;link rel=\"preconnect\" href=\"https:\/\/fonts.gstatic.com\" crossorigin&gt;"},"schema":null,"og:locale":"es_ES","og:site_name":"SoyMigrante.com REVISTA \u2013 Nuestra misi\u00f3n es reconocer y dignificar al migrante.","og:type":"article","og:title":"Emilia Cifuentes es Mrs. Guatemala Oklahoma 2024: su historia","og:description":"Emilia Cifuentes es emprendedora en Oklahoma: un camino de retos y logros que ha recorrido junto a sus hermanos. La comunidad reconoce su trayectoria y sus aportes","og:url":"https:\/\/soymigrante.com\/revista\/migrante-guatemalteca-emilia-cifuentes-ingeniera-empresaria-supera-dificultades\/","og:image":"https:\/\/soymigrante.com\/revista\/wp-content\/uploads\/2024\/02\/mila.webp","og:image:secure_url":"https:\/\/soymigrante.com\/revista\/wp-content\/uploads\/2024\/02\/mila.webp","og:image:width":1065,"og:image:height":886,"article:published_time":"2024-08-23T18:23:14+00:00","article:modified_time":"2024-08-23T18:23:15+00:00","article:publisher":"https:\/\/www.facebook.com\/soymigrantecom","twitter:card":"summary_large_image","twitter:site":"@SoyMigrante_com","twitter:title":"Emilia Cifuentes es Mrs. Guatemala Oklahoma 2024: su historia","twitter:description":"Emilia Cifuentes es emprendedora en Oklahoma: un camino de retos y logros que ha recorrido junto a sus hermanos. La comunidad reconoce su trayectoria y sus aportes","twitter:creator":"@SoyMigrante_com","twitter:image":"https:\/\/soymigrante.com\/revista\/wp-content\/uploads\/2024\/02\/mila.webp"},"aioseo_meta_data":{"post_id":"4877","title":"Emilia Cifuentes es Mrs. Guatemala Oklahoma 2024: su historia","description":"Emilia Cifuentes es emprendedora en Oklahoma: un camino de retos y logros que ha recorrido junto a sus hermanos. La comunidad reconoce su trayectoria y sus aportes","keywords":null,"keyphrases":{"focus":{"keyphrase":"Migrante","score":51,"analysis":{"keyphraseInTitle":{"score":3,"maxScore":9,"error":1},"keyphraseInDescription":{"score":3,"maxScore":9,"error":1},"keyphraseLength":{"score":9,"maxScore":9,"error":0,"length":1},"keyphraseInURL":{"score":5,"maxScore":5,"error":0},"keyphraseInIntroduction":{"score":3,"maxScore":9,"error":1},"keyphraseInSubHeadings":{"score":3,"maxScore":9,"error":1},"keyphraseInImageAlt":{"score":9,"maxScore":9,"error":0},"keywordDensity":{"score":0,"type":"low","maxScore":9,"error":1}}},"additional":[{"keyphrase":"Guatemalteca","score":67,"analysis":{"keyphraseInDescription":{"score":3,"maxScore":9,"error":1},"keyphraseLength":{"score":9,"maxScore":9,"error":0,"length":1},"keyphraseInIntroduction":{"score":9,"maxScore":9,"error":0},"keyphraseInImageAlt":{"score":9,"maxScore":9,"error":0},"keywordDensity":{"score":0,"type":"low","maxScore":9,"error":1}}}]},"primary_term":null,"canonical_url":null,"og_title":null,"og_description":null,"og_object_type":"default","og_image_type":"default","og_image_url":null,"og_image_width":null,"og_image_height":null,"og_image_custom_url":null,"og_image_custom_fields":null,"og_video":"","og_custom_url":null,"og_article_section":null,"og_article_tags":null,"twitter_use_og":false,"twitter_card":"default","twitter_image_type":"default","twitter_image_url":null,"twitter_image_custom_url":null,"twitter_image_custom_fields":null,"twitter_title":null,"twitter_description":null,"schema":{"blockGraphs":[],"customGraphs":[],"default":{"data":{"Article":[],"Course":[],"Dataset":[],"FAQPage":[],"Movie":[],"Person":[],"Product":[],"ProductReview":[],"Car":[],"Recipe":[],"Service":[],"SoftwareApplication":[],"WebPage":[]},"graphName":"Article","isEnabled":true},"graphs":[]},"schema_type":"default","schema_type_options":null,"pillar_content":false,"robots_default":true,"robots_noindex":false,"robots_noarchive":false,"robots_nosnippet":false,"robots_nofollow":false,"robots_noimageindex":false,"robots_noodp":false,"robots_notranslate":false,"robots_max_snippet":"-1","robots_max_videopreview":"-1","robots_max_imagepreview":"large","priority":null,"frequency":"default","local_seo":null,"seo_analyzer_scan_date":"2025-10-08 22:42:37","breadcrumb_settings":null,"limit_modified_date":false,"reviewed_by":null,"open_ai":"{\"title\":{\"suggestions\":[],\"usage\":0},\"description\":{\"suggestions\":[],\"usage\":0}}","ai":null,"created":"2024-02-14 20:00:38","updated":"2026-02-04 12:47:50"},"aioseo_breadcrumb":"<div class=\"aioseo-breadcrumbs\"><span class=\"aioseo-breadcrumb\">\n\t<a href=\"https:\/\/soymigrante.com\/revista\" title=\"Home\">Home<\/a>\n<\/span><span class=\"aioseo-breadcrumb-separator\">\u00bb<\/span><span class=\"aioseo-breadcrumb\">\n\t<a href=\"https:\/\/soymigrante.com\/revista\/category\/exitos\/\" title=\"\u00c9xitos\">\u00c9xitos<\/a>\n<\/span><span class=\"aioseo-breadcrumb-separator\">\u00bb<\/span><span class=\"aioseo-breadcrumb\">\n\tEmilia Cifuentes es Mrs. Guatemala Oklahoma 2024-25 por su trayectoria y aporte\n<\/span><\/div>","aioseo_breadcrumb_json":[{"label":"Home","link":"https:\/\/soymigrante.com\/revista"},{"label":"\u00c9xitos","link":"https:\/\/soymigrante.com\/revista\/category\/exitos\/"},{"label":"Emilia Cifuentes es Mrs. Guatemala Oklahoma 2024-25 por su trayectoria y aporte","link":"https:\/\/soymigrante.com\/revista\/migrante-guatemalteca-emilia-cifuentes-ingeniera-empresaria-supera-dificultades\/"}],"_links":{"self":[{"href":"https:\/\/soymigrante.com\/revista\/wp-json\/wp\/v2\/posts\/4877","targetHints":{"allow":["GET"]}}],"collection":[{"href":"https:\/\/soymigrante.com\/revista\/wp-json\/wp\/v2\/posts"}],"about":[{"href":"https:\/\/soymigrante.com\/revista\/wp-json\/wp\/v2\/types\/post"}],"author":[{"embeddable":true,"href":"https:\/\/soymigrante.com\/revista\/wp-json\/wp\/v2\/users\/7"}],"replies":[{"embeddable":true,"href":"https:\/\/soymigrante.com\/revista\/wp-json\/wp\/v2\/comments?post=4877"}],"version-history":[{"count":0,"href":"https:\/\/soymigrante.com\/revista\/wp-json\/wp\/v2\/posts\/4877\/revisions"}],"wp:featuredmedia":[{"embeddable":true,"href":"https:\/\/soymigrante.com\/revista\/wp-json\/wp\/v2\/media\/4878"}],"wp:attachment":[{"href":"https:\/\/soymigrante.com\/revista\/wp-json\/wp\/v2\/media?parent=4877"}],"wp:term":[{"taxonomy":"category","embeddable":true,"href":"https:\/\/soymigrante.com\/revista\/wp-json\/wp\/v2\/categories?post=4877"},{"taxonomy":"post_tag","embeddable":true,"href":"https:\/\/soymigrante.com\/revista\/wp-json\/wp\/v2\/tags?post=4877"}],"curies":[{"name":"wp","href":"https:\/\/api.w.org\/{rel}","templated":true}]}}