{"id":48735,"date":"2025-11-18T16:24:48","date_gmt":"2025-11-18T22:24:48","guid":{"rendered":"https:\/\/soymigrante.com\/revista\/?p=48735"},"modified":"2025-11-18T16:25:55","modified_gmt":"2025-11-18T22:25:55","slug":"sabiduria-y-medicina-tradicional-se-fusionan-en-la-pomada-de-las-abuelas","status":"publish","type":"post","link":"https:\/\/soymigrante.com\/revista\/sabiduria-y-medicina-tradicional-se-fusionan-en-la-pomada-de-las-abuelas\/","title":{"rendered":"Sabidur\u00eda y medicina tradicional se fusionan en la Pomada de las Abuelas: de Quetzaltenango a MERCADO"},"content":{"rendered":"\t\t<div data-elementor-type=\"wp-post\" data-elementor-id=\"48735\" class=\"elementor elementor-48735\" data-elementor-post-type=\"post\">\n\t\t\t\t<div data-particle_enable=\"false\" data-particle-mobile-disabled=\"false\" class=\"elementor-element elementor-element-dab0441 e-flex e-con-boxed e-con e-parent\" data-id=\"dab0441\" data-element_type=\"container\" data-e-type=\"container\">\n\t\t\t\t\t<div class=\"e-con-inner\">\n\t\t\t\t<div class=\"elementor-element elementor-element-8c5113c elementor-widget elementor-widget-heading\" data-id=\"8c5113c\" data-element_type=\"widget\" data-e-type=\"widget\" data-widget_type=\"heading.default\">\n\t\t\t\t\t<h2 class=\"elementor-heading-title elementor-size-default\">La Pomada de las Abuelas es el primer producto de la tienda Casa Colibr\u00ed de Quetzaltenango, fundada por Gladys Beletzuy, en honor a la tradici\u00f3n curativa familiar.<\/h2>\t\t\t\t<\/div>\n\t\t\t\t\t<\/div>\n\t\t\t\t<\/div>\n\t\t<div data-particle_enable=\"false\" data-particle-mobile-disabled=\"false\" class=\"elementor-element elementor-element-0b71d81 e-flex e-con-boxed e-con e-parent\" data-id=\"0b71d81\" data-element_type=\"container\" data-e-type=\"container\">\n\t\t\t\t\t<div class=\"e-con-inner\">\n\t\t\t\t<div class=\"elementor-element elementor-element-cce3399 elementor-widget elementor-widget-text-editor\" data-id=\"cce3399\" data-element_type=\"widget\" data-e-type=\"widget\" data-widget_type=\"text-editor.default\">\n\t\t\t\t\t\t\t\t\t<p data-start=\"245\" data-end=\"799\"><strong data-start=\"245\" data-end=\"265\">Quetzaltenango \u2014<\/strong> Lo que comenz\u00f3 como un saber \u00edntimo, transmitido de madre a hija durante generaciones, hoy se convierte en un emprendimiento que busca ampliar el acceso a la medicina natural en Guatemala.\u00a0<\/p><p data-start=\"245\" data-end=\"799\">Gladys Beletzuy, originaria de Quetzaltenango, lanz\u00f3 recientemente <a href=\"https:\/\/soymigrante.com\/mercado\/pomada-de-las-abuelas?srsltid=AfmBOorqo9skH-Y2ySE3AXRfm4j7f_LOC30QPIO6FfAPyLiJ44tVyMfB\">su tienda Casa Colibr\u00ed en <strong data-start=\"535\" data-end=\"562\">SoyMigrante.com Mercado<\/strong>, donde est\u00e1 a la venta su primer producto: la <strong data-start=\"602\" data-end=\"627\">Pomada de las Abuelas<\/strong>,<\/a> una f\u00f3rmula completamente natural para el alivio de dolores e inflamaciones.\u00a0<\/p><p data-start=\"245\" data-end=\"799\">Para su preparaci\u00f3n se inspira en los conocimientos ancestrales de su mam\u00e1, Guadalupe una reconocida comadrona y contadora maya del tiempo, Guadalupe Racancoj, que falleci\u00f3 hace dos a\u00f1os, pero cuya sabidur\u00eda ahora puede llegar a toda Guatemala a trav\u00e9s de MERCADO.<\/p>\t\t\t\t\t\t\t\t<\/div>\n\t\t\t\t\t<\/div>\n\t\t\t\t<\/div>\n\t\t<div data-particle_enable=\"false\" data-particle-mobile-disabled=\"false\" class=\"elementor-element elementor-element-79dbd0f e-flex e-con-boxed e-con e-parent\" data-id=\"79dbd0f\" data-element_type=\"container\" data-e-type=\"container\">\n\t\t\t\t\t<div class=\"e-con-inner\">\n\t\t\t\t<div class=\"elementor-element elementor-element-f38b9a4 elementor-widget elementor-widget-image\" data-id=\"f38b9a4\" data-element_type=\"widget\" data-e-type=\"widget\" data-widget_type=\"image.default\">\n\t\t\t\t\t\t\t\t\t\t\t\t<figure class=\"wp-caption\">\n\t\t\t\t\t\t\t\t\t\t\t<a href=\"https:\/\/soymigrante.com\/mercado\/pomada-de-las-abuelas?srsltid=AfmBOorqo9skH-Y2ySE3AXRfm4j7f_LOC30QPIO6FfAPyLiJ44tVyMfB\">\n\t\t\t\t\t\t\t<img fetchpriority=\"high\" decoding=\"async\" width=\"1140\" height=\"528\" src=\"https:\/\/soymigrante.com\/revista\/wp-content\/uploads\/2025\/11\/Captura-de-pantalla-2025-11-18-160821-1140x528.png\" class=\"attachment-large size-large wp-image-48739\" alt=\"La Pomada de las Abuelas, de Casa Colibr\u00ed Quetzaltenango alivia dolores, inflamaciones y molestias por reumatismo. Est\u00e1 disponible en SoyMigrante.com MERCADO. Clic para ir a la tienda digital.\" srcset=\"https:\/\/soymigrante.com\/revista\/wp-content\/uploads\/2025\/11\/Captura-de-pantalla-2025-11-18-160821-1140x528.png 1140w, https:\/\/soymigrante.com\/revista\/wp-content\/uploads\/2025\/11\/Captura-de-pantalla-2025-11-18-160821-300x139.png 300w, https:\/\/soymigrante.com\/revista\/wp-content\/uploads\/2025\/11\/Captura-de-pantalla-2025-11-18-160821-768x356.png 768w, https:\/\/soymigrante.com\/revista\/wp-content\/uploads\/2025\/11\/Captura-de-pantalla-2025-11-18-160821-1536x711.png 1536w, https:\/\/soymigrante.com\/revista\/wp-content\/uploads\/2025\/11\/Captura-de-pantalla-2025-11-18-160821-750x347.png 750w, https:\/\/soymigrante.com\/revista\/wp-content\/uploads\/2025\/11\/Captura-de-pantalla-2025-11-18-160821.png 1955w\" sizes=\"(max-width: 1140px) 100vw, 1140px\" title=\"La Pomada de las Abuelas, de Casa Colibr\u00ed Quetzaltenango alivia dolores, inflamaciones y molestias por reumatismo. Est\u00e1 disponible en SoyMigrante.com MERCADO. Clic para ir a la tienda digital. \u2013 SoyMigrante.com REVISTA\" \/>\t\t\t\t\t\t\t\t<\/a>\n\t\t\t\t\t\t\t\t\t\t\t<figcaption class=\"widget-image-caption wp-caption-text\">La Pomada de las Abuelas, de Casa Colibr\u00ed Quetzaltenango alivia dolores, inflamaciones y molestias por reumatismo. Est\u00e1 disponible en SoyMigrante.com MERCADO. Clic para ir a la tienda digital.<\/figcaption>\n\t\t\t\t\t\t\t\t\t\t<\/figure>\n\t\t\t\t\t\t\t\t\t<\/div>\n\t\t\t\t\t<\/div>\n\t\t\t\t<\/div>\n\t\t<div data-particle_enable=\"false\" data-particle-mobile-disabled=\"false\" class=\"elementor-element elementor-element-d5fc98c e-flex e-con-boxed e-con e-parent\" data-id=\"d5fc98c\" data-element_type=\"container\" data-e-type=\"container\">\n\t\t\t\t\t<div class=\"e-con-inner\">\n\t\t\t\t<div class=\"elementor-element elementor-element-018aa68 elementor-widget elementor-widget-text-editor\" data-id=\"018aa68\" data-element_type=\"widget\" data-e-type=\"widget\" data-widget_type=\"text-editor.default\">\n\t\t\t\t\t\t\t\t\t<p data-start=\"245\" data-end=\"799\"><span data-start=\"833\" data-end=\"849\">S<a href=\"https:\/\/soymigrante.com\/mercado\/\">oyMigrante.com MERCADO es la comunidad digital<\/a> que une a emprendedores y compradores de todo el pa\u00eds, facilitando la log\u00edstica de promoci\u00f3n, pago y env\u00edo, a fin de impulsar el desarrollo econ\u00f3mico de los peque\u00f1os productores, para reducir la pobreza, generar oportunidades y contribuir a reducir la migraci\u00f3n forzada.<\/span><\/p><p data-start=\"245\" data-end=\"799\"><strong data-start=\"833\" data-end=\"849\">Casa Colibr\u00ed es un<\/strong>\u00a0espacio de sanaci\u00f3n fundado por su mam\u00e1, que combinaba ba\u00f1os tradicionales para mujeres en posparto y tambi\u00e9n como terapia para dolores corporales.\u00a0\u00a0<\/p><p data-start=\"801\" data-end=\"1267\">\u00a0\u201cMi mam\u00e1 fue comadrona durante 20 a\u00f1os y tambi\u00e9n contadora del tiempo. La pomada la cre\u00f3 ella. Yo me qued\u00e9 con la receta y la sigo elaborando, para que m\u00e1s personas se beneficien de sus propiedades naturales\u201d, dice Gladys<\/p>\t\t\t\t\t\t\t\t<\/div>\n\t\t\t\t\t<\/div>\n\t\t\t\t<\/div>\n\t\t<div data-particle_enable=\"false\" data-particle-mobile-disabled=\"false\" class=\"elementor-element elementor-element-6ddb3fc e-flex e-con-boxed e-con e-parent\" data-id=\"6ddb3fc\" data-element_type=\"container\" data-e-type=\"container\">\n\t\t\t\t\t<div class=\"e-con-inner\">\n\t\t\t\t<div class=\"elementor-element elementor-element-3724454 elementor-widget elementor-widget-image\" data-id=\"3724454\" data-element_type=\"widget\" data-e-type=\"widget\" data-widget_type=\"image.default\">\n\t\t\t\t\t\t\t\t\t\t\t\t<figure class=\"wp-caption\">\n\t\t\t\t\t\t\t\t\t\t<img decoding=\"async\" width=\"1024\" height=\"1024\" src=\"https:\/\/soymigrante.com\/revista\/wp-content\/uploads\/2025\/11\/comadrona-maya.png\" class=\"attachment-large size-large wp-image-48740\" alt=\"Gladys Beletzuy Racancoj cuenta que su mam\u00e1, Guadalupe, fue comadrona y contadora maya del tiempo que siempre cultiv\u00f3 la medicina natural y cuyo legado busca ahora prolongar. Imagen ilustrativa.\" srcset=\"https:\/\/soymigrante.com\/revista\/wp-content\/uploads\/2025\/11\/comadrona-maya.png 1024w, https:\/\/soymigrante.com\/revista\/wp-content\/uploads\/2025\/11\/comadrona-maya-300x300.png 300w, https:\/\/soymigrante.com\/revista\/wp-content\/uploads\/2025\/11\/comadrona-maya-150x150.png 150w, https:\/\/soymigrante.com\/revista\/wp-content\/uploads\/2025\/11\/comadrona-maya-768x768.png 768w, https:\/\/soymigrante.com\/revista\/wp-content\/uploads\/2025\/11\/comadrona-maya-75x75.png 75w, https:\/\/soymigrante.com\/revista\/wp-content\/uploads\/2025\/11\/comadrona-maya-750x750.png 750w\" sizes=\"(max-width: 1024px) 100vw, 1024px\" title=\"Guadalupe, fue comadrona y contadora maya del tiempo que siempre cultiv\u00f3 la medicina natural y cuyo legado busca ahora prolongar. Imagen ilustrativa. \u2013 SoyMigrante.com REVISTA\" \/>\t\t\t\t\t\t\t\t\t\t\t<figcaption class=\"widget-image-caption wp-caption-text\">Guadalupe, fue comadrona y contadora maya del tiempo que siempre cultiv\u00f3 la medicina natural y cuyo legado busca ahora prolongar. Imagen ilustrativa.<\/figcaption>\n\t\t\t\t\t\t\t\t\t\t<\/figure>\n\t\t\t\t\t\t\t\t\t<\/div>\n\t\t\t\t\t<\/div>\n\t\t\t\t<\/div>\n\t\t<div data-particle_enable=\"false\" data-particle-mobile-disabled=\"false\" class=\"elementor-element elementor-element-8b3ad8d e-flex e-con-boxed e-con e-parent\" data-id=\"8b3ad8d\" data-element_type=\"container\" data-e-type=\"container\">\n\t\t\t\t\t<div class=\"e-con-inner\">\n\t\t\t\t<div class=\"elementor-element elementor-element-2cd9ebe elementor-widget elementor-widget-text-editor\" data-id=\"2cd9ebe\" data-element_type=\"widget\" data-e-type=\"widget\" data-widget_type=\"text-editor.default\">\n\t\t\t\t\t\t\t\t\t<p data-start=\"245\" data-end=\"799\"><strong style=\"color: #000000; font-family: Mulish, sans-serif; font-size: 29px;\" data-start=\"1273\" data-end=\"1309\">Un legado medicinal que contin\u00faa<\/strong><\/p><p data-start=\"1310\" data-end=\"1771\">La Pomada de las Abuelas tiene usos m\u00faltiples y propiedades antiinflamatorias y analg\u00e9sicas. Elaborada con base de\u00a0<strong data-start=\"1417\" data-end=\"1489\">aceite de oliva y plantas medicinales como eucalipto y otras<\/strong>, sigue la receta original que la comadrona utilizaba para aliviar dolores musculares, inflamaciones y s\u00edntomas de resfr\u00edo.\u00a0<\/p><p data-start=\"1310\" data-end=\"1771\">Los ingredientes provienen de comunidades de Quetzaltenango, como Las Majadas, donde mujeres recolectoras contin\u00faan aportando plantas tradicionales a la preparaci\u00f3n.<\/p><p data-start=\"1310\" data-end=\"1771\">Para fortalecer el proyecto, Gladys decidi\u00f3 formarse como natur\u00f3pata. \u201cQuer\u00eda darle m\u00e1s validez a lo que mi mam\u00e1 hac\u00eda. Estudi\u00e9 las propiedades de las plantas, la fitoterapia, la parte cient\u00edfica detr\u00e1s de lo que ella ya sab\u00eda\u201d, cuenta.<\/p><p data-start=\"2228\" data-end=\"2535\">El hermano de Gladys\u00a0 contin\u00faa con las pr\u00e1cticas curativas ancestrales, mientras ella se dedica a la producci\u00f3n de las medicinas y al desarrollo de nuevos productos, incluidos paquetes de plantas medicinales para ba\u00f1os tradicionales, que pr\u00f3ximamente ofrecer\u00e1 en MERCADO.<\/p>\t\t\t\t\t\t\t\t<\/div>\n\t\t\t\t\t<\/div>\n\t\t\t\t<\/div>\n\t\t<div data-particle_enable=\"false\" data-particle-mobile-disabled=\"false\" class=\"elementor-element elementor-element-7a2701e e-flex e-con-boxed e-con e-parent\" data-id=\"7a2701e\" data-element_type=\"container\" data-e-type=\"container\">\n\t\t\t\t\t<div class=\"e-con-inner\">\n\t\t\t\t<div class=\"elementor-element elementor-element-c9ae7a2 elementor-widget elementor-widget-image\" data-id=\"c9ae7a2\" data-element_type=\"widget\" data-e-type=\"widget\" data-widget_type=\"image.default\">\n\t\t\t\t\t\t\t\t\t\t\t\t<figure class=\"wp-caption\">\n\t\t\t\t\t\t\t\t\t\t<img decoding=\"async\" width=\"1099\" height=\"584\" src=\"https:\/\/soymigrante.com\/revista\/wp-content\/uploads\/2025\/11\/pomada-de-las-abuelas.png\" class=\"attachment-large size-large wp-image-48741\" alt=\"Imagen ilustrativa acerca de los ingredientes naturales que se re\u00fanen en la Pomada de las Abuelas de Casa Colibr\u00ed Quetzaltenango.\" srcset=\"https:\/\/soymigrante.com\/revista\/wp-content\/uploads\/2025\/11\/pomada-de-las-abuelas.png 1099w, https:\/\/soymigrante.com\/revista\/wp-content\/uploads\/2025\/11\/pomada-de-las-abuelas-300x159.png 300w, https:\/\/soymigrante.com\/revista\/wp-content\/uploads\/2025\/11\/pomada-de-las-abuelas-768x408.png 768w, https:\/\/soymigrante.com\/revista\/wp-content\/uploads\/2025\/11\/pomada-de-las-abuelas-750x399.png 750w\" sizes=\"(max-width: 1099px) 100vw, 1099px\" title=\"Imagen ilustrativa acerca de los ingredientes naturales que se re\u00fanen en la Pomada de las Abuelas de Casa Colibr\u00ed Quetzaltenango. \u2013 SoyMigrante.com REVISTA\" \/>\t\t\t\t\t\t\t\t\t\t\t<figcaption class=\"widget-image-caption wp-caption-text\">Imagen ilustrativa acerca de los ingredientes naturales que se re\u00fanen en la Pomada de las Abuelas de Casa Colibr\u00ed Quetzaltenango.<\/figcaption>\n\t\t\t\t\t\t\t\t\t\t<\/figure>\n\t\t\t\t\t\t\t\t\t<\/div>\n\t\t\t\t\t<\/div>\n\t\t\t\t<\/div>\n\t\t<div data-particle_enable=\"false\" data-particle-mobile-disabled=\"false\" class=\"elementor-element elementor-element-f108a1d e-flex e-con-boxed e-con e-parent\" data-id=\"f108a1d\" data-element_type=\"container\" data-e-type=\"container\">\n\t\t\t\t\t<div class=\"e-con-inner\">\n\t\t\t\t<div class=\"elementor-element elementor-element-899b9c0 elementor-widget elementor-widget-heading\" data-id=\"899b9c0\" data-element_type=\"widget\" data-e-type=\"widget\" data-widget_type=\"heading.default\">\n\t\t\t\t\t<h3 class=\"elementor-heading-title elementor-size-default\">Mercado: apoyo tecnol\u00f3gico para emprendedores<\/h3>\t\t\t\t<\/div>\n\t\t\t\t\t<\/div>\n\t\t\t\t<\/div>\n\t\t<div data-particle_enable=\"false\" data-particle-mobile-disabled=\"false\" class=\"elementor-element elementor-element-813791d e-flex e-con-boxed e-con e-parent\" data-id=\"813791d\" data-element_type=\"container\" data-e-type=\"container\">\n\t\t\t\t\t<div class=\"e-con-inner\">\n\t\t\t\t<div class=\"elementor-element elementor-element-2fbcd4d elementor-widget elementor-widget-text-editor\" data-id=\"2fbcd4d\" data-element_type=\"widget\" data-e-type=\"widget\" data-widget_type=\"text-editor.default\">\n\t\t\t\t\t\t\t\t\t<p data-start=\"245\" data-end=\"799\">La entrada al comercio electr\u00f3nico, a trav\u00e9s de <a href=\"https:\/\/soymigrante.com\/mercado\/\">SoyMigrante.com MERCADO<\/a> representa para Gladys una oportunidad para compartir este legado con m\u00e1s personas. \u201cMe atrajo el apoyo a emprendedores y especialmente a madres, porque nos permite cuidar de nuestros hijos a la vez que seguimos siendo productivas\u201d, dice.<\/p><p data-start=\"2802\" data-end=\"3191\">Gladys es auditora de profesi\u00f3n. Trabaj\u00f3 en el Estado y lleg\u00f3 a dirigir la sede regional del Instituto de la V\u00edctima, pero por un traslado de plaza, perdi\u00f3 su empleo.\u00a0<\/p><p data-start=\"2802\" data-end=\"3191\">Meses despu\u00e9s, su mam\u00e1 enferm\u00f3, y la familia se volc\u00f3 de lleno a cuidarla. Tras su fallecimiento, Gladys decidi\u00f3 que la mejor manera de honrarla era mantener viva su medicina <a href=\"https:\/\/soymigrante.com\/revista\/siete-hierbas-muy-guatemaltecas-su-origen-y-uso-tradicional\/\">mediante el uso de plantas.<\/a><\/p><p data-start=\"3193\" data-end=\"3427\">\u201cMi mam\u00e1 siempre quiso que m\u00e1s personas tuvieran acceso a estas curaciones. Ahora puedo compartir su conocimiento, que no tiene efectos secundarios y que est\u00e1 respaldado tambi\u00e9n por investigaciones cient\u00edficas en fitoterapia\u201d, afirma.<\/p>\t\t\t\t\t\t\t\t<\/div>\n\t\t\t\t\t<\/div>\n\t\t\t\t<\/div>\n\t\t<div data-particle_enable=\"false\" data-particle-mobile-disabled=\"false\" class=\"elementor-element elementor-element-0750d7c e-flex e-con-boxed e-con e-parent\" data-id=\"0750d7c\" data-element_type=\"container\" data-e-type=\"container\">\n\t\t\t\t\t<div class=\"e-con-inner\">\n\t\t\t\t<div class=\"elementor-element elementor-element-5719319 elementor-widget elementor-widget-heading\" data-id=\"5719319\" data-element_type=\"widget\" data-e-type=\"widget\" data-widget_type=\"heading.default\">\n\t\t\t\t\t<h2 class=\"elementor-heading-title elementor-size-default\">M\u00e1s emprendimientos de MERCADO<\/h2>\t\t\t\t<\/div>\n\t\t\t\t\t<\/div>\n\t\t\t\t<\/div>\n\t\t<div data-particle_enable=\"false\" data-particle-mobile-disabled=\"false\" class=\"elementor-element elementor-element-7f235d5 e-flex e-con-boxed e-con e-parent\" data-id=\"7f235d5\" data-element_type=\"container\" data-e-type=\"container\">\n\t\t\t\t\t<div class=\"e-con-inner\">\n\t\t\t\t<div class=\"elementor-element elementor-element-cd215a5 elementor-grid-eael-col-3 elementor-grid-tablet-eael-col-2 elementor-grid-mobile-eael-col-1 elementor-widget elementor-widget-eael-post-grid\" data-id=\"cd215a5\" data-element_type=\"widget\" data-e-type=\"widget\" data-settings=\"{&quot;eael_post_grid_columns&quot;:&quot;eael-col-3&quot;,&quot;eael_post_grid_columns_tablet&quot;:&quot;eael-col-2&quot;,&quot;eael_post_grid_columns_mobile&quot;:&quot;eael-col-1&quot;}\" data-widget_type=\"eael-post-grid.default\">\n\t\t\t\t\t<div id=\"eael-post-grid-cd215a5\" class=\"eael-post-grid-container\">\n            <div class=\"eael-post-grid eael-post-appender eael-post-appender-cd215a5 eael-post-grid-style-one\" data-layout-mode=\"masonry\"><article class=\"eael-grid-post  eael-post-grid-column eael-pg-post-10385 category-guate-nuestra tags-mercado-emprendedores\" data-id=\"10385\">\n        <div class=\"eael-grid-post-holder\">\n            <div class=\"eael-grid-post-holder-inner\"><div class=\"eael-entry-media\"><div class=\"eael-entry-overlay fade-in\"><i class=\"far fa-hand-pointer\" aria-hidden=\"true\"><\/i><a href=\"https:\/\/soymigrante.com\/revista\/cooperativa-yax-transforma-una-planta-recicladora-en-huehuetenango-que-crea-y-genera-empleo\/\"><\/a><\/div><div class=\"eael-entry-thumbnail eael-image-ratio\">\n                <img loading=\"lazy\" decoding=\"async\" width=\"1024\" height=\"1024\" src=\"https:\/\/soymigrante.com\/revista\/wp-content\/uploads\/2024\/10\/yax-transforma-1024x1024.webp\" class=\"attachment-large size-large wp-image-10489\" alt=\"Transformaci\u00f3n social en eventos de SoyMigrante.com REVISTA, promoviendo inclusi\u00f3n y derechos de migrantes en Am\u00e9rica Latina.\" srcset=\"https:\/\/soymigrante.com\/revista\/wp-content\/uploads\/2024\/10\/yax-transforma-1024x1024.webp 1024w, https:\/\/soymigrante.com\/revista\/wp-content\/uploads\/2024\/10\/yax-transforma-300x300.webp 300w, https:\/\/soymigrante.com\/revista\/wp-content\/uploads\/2024\/10\/yax-transforma-150x150.webp 150w, https:\/\/soymigrante.com\/revista\/wp-content\/uploads\/2024\/10\/yax-transforma-768x768.webp 768w, https:\/\/soymigrante.com\/revista\/wp-content\/uploads\/2024\/10\/yax-transforma-75x75.webp 75w, https:\/\/soymigrante.com\/revista\/wp-content\/uploads\/2024\/10\/yax-transforma-750x750.webp 750w, https:\/\/soymigrante.com\/revista\/wp-content\/uploads\/2024\/10\/yax-transforma.webp 1049w\" sizes=\"(max-width: 1024px) 100vw, 1024px\" \/>\n            <\/div>\n        <\/div><div class=\"eael-entry-wrapper\"><header class=\"eael-entry-header\"><h2 class=\"eael-entry-title\"><a class=\"eael-grid-post-link\" href=\"https:\/\/soymigrante.com\/revista\/cooperativa-yax-transforma-una-planta-recicladora-en-huehuetenango-que-crea-y-genera-empleo\/\" title=\"Yax Transforma recolecta pl\u00e1stico y lo convierte en tablas, mesas, postes y&#8230; empleos\">Yax Transforma recolecta pl\u00e1stico y lo convierte en tablas, mesas, postes y&#8230; empleos<\/a><\/h2><\/header><div class=\"eael-entry-content\">\n                        <div class=\"eael-grid-post-excerpt\"><a href=\"https:\/\/soymigrante.com\/revista\/cooperativa-yax-transforma-una-planta-recicladora-en-huehuetenango-que-crea-y-genera-empleo\/\" class=\"eael-post-elements-readmore-btn\">CONOCE SU HISTORIA <\/a><\/div>\n                    <\/div><\/div><\/div>\n        <\/div>\n    <\/article><article class=\"eael-grid-post  eael-post-grid-column eael-pg-post-10732 category-guate-nuestra tags-mercado-emprendedores\" data-id=\"10732\">\n        <div class=\"eael-grid-post-holder\">\n            <div class=\"eael-grid-post-holder-inner\"><div class=\"eael-entry-media\"><div class=\"eael-entry-overlay fade-in\"><i class=\"far fa-hand-pointer\" aria-hidden=\"true\"><\/i><a href=\"https:\/\/soymigrante.com\/revista\/maderas-grissell-de-la-familia-oxom-crea-muebles-y-piezas-decorativas-en-coban\/\"><\/a><\/div><div class=\"eael-entry-thumbnail eael-image-ratio\">\n                <img loading=\"lazy\" decoding=\"async\" width=\"750\" height=\"750\" src=\"https:\/\/soymigrante.com\/revista\/wp-content\/uploads\/2024\/10\/grissell-coban.webp\" class=\"attachment-large size-large wp-image-10972\" alt=\"Espejo de pie de madera, art\u00edculos de decoraci\u00f3n y accesorios para ba\u00f1os en un espacio comercial. Muestra productos de est\u00e9tica, mobiliario y art\u00edculos de higiene personal.\" srcset=\"https:\/\/soymigrante.com\/revista\/wp-content\/uploads\/2024\/10\/grissell-coban.webp 750w, https:\/\/soymigrante.com\/revista\/wp-content\/uploads\/2024\/10\/grissell-coban-300x300.webp 300w, https:\/\/soymigrante.com\/revista\/wp-content\/uploads\/2024\/10\/grissell-coban-150x150.webp 150w, https:\/\/soymigrante.com\/revista\/wp-content\/uploads\/2024\/10\/grissell-coban-75x75.webp 75w\" sizes=\"(max-width: 750px) 100vw, 750px\" \/>\n            <\/div>\n        <\/div><div class=\"eael-entry-wrapper\"><header class=\"eael-entry-header\"><h2 class=\"eael-entry-title\"><a class=\"eael-grid-post-link\" href=\"https:\/\/soymigrante.com\/revista\/maderas-grissell-de-la-familia-oxom-crea-muebles-y-piezas-decorativas-en-coban\/\" title=\"Familia Oxom crea muebles y piezas decorativas en Maderas Gryssell que ya est\u00e1 en MERCADO\">Familia Oxom crea muebles y piezas decorativas en Maderas Gryssell que ya est\u00e1 en MERCADO<\/a><\/h2><\/header><div class=\"eael-entry-content\">\n                        <div class=\"eael-grid-post-excerpt\"><a href=\"https:\/\/soymigrante.com\/revista\/maderas-grissell-de-la-familia-oxom-crea-muebles-y-piezas-decorativas-en-coban\/\" class=\"eael-post-elements-readmore-btn\">CONOCE SU HISTORIA <\/a><\/div>\n                    <\/div><\/div><\/div>\n        <\/div>\n    <\/article><article class=\"eael-grid-post  eael-post-grid-column eael-pg-post-10940 category-guate-nuestra tags-mercado-emprendedores\" data-id=\"10940\">\n        <div class=\"eael-grid-post-holder\">\n            <div class=\"eael-grid-post-holder-inner\"><div class=\"eael-entry-media\"><div class=\"eael-entry-overlay fade-in\"><i class=\"far fa-hand-pointer\" aria-hidden=\"true\"><\/i><a href=\"https:\/\/soymigrante.com\/revista\/black-and-white-piezas-artesanales-de-mostacilla-e-ingenio\/\"><\/a><\/div><div class=\"eael-entry-thumbnail eael-image-ratio\">\n                <img loading=\"lazy\" decoding=\"async\" width=\"736\" height=\"736\" src=\"https:\/\/soymigrante.com\/revista\/wp-content\/uploads\/2024\/10\/Mostacilla-feature.webp\" class=\"attachment-large size-large wp-image-10943\" alt=\"Amuletos tradicionales de Guatemala hechos a mano con mostacillas representando cultura y protecci\u00f3n.\" srcset=\"https:\/\/soymigrante.com\/revista\/wp-content\/uploads\/2024\/10\/Mostacilla-feature.webp 736w, https:\/\/soymigrante.com\/revista\/wp-content\/uploads\/2024\/10\/Mostacilla-feature-300x300.webp 300w, https:\/\/soymigrante.com\/revista\/wp-content\/uploads\/2024\/10\/Mostacilla-feature-150x150.webp 150w, https:\/\/soymigrante.com\/revista\/wp-content\/uploads\/2024\/10\/Mostacilla-feature-75x75.webp 75w\" sizes=\"(max-width: 736px) 100vw, 736px\" \/>\n            <\/div>\n        <\/div><div class=\"eael-entry-wrapper\"><header class=\"eael-entry-header\"><h2 class=\"eael-entry-title\"><a class=\"eael-grid-post-link\" href=\"https:\/\/soymigrante.com\/revista\/black-and-white-piezas-artesanales-de-mostacilla-e-ingenio\/\" title=\"KLB Studio: mujeres mayas de Solol\u00e1 elaboran accesorios originales con mostacilla y creatividad\">KLB Studio: mujeres mayas de Solol\u00e1 elaboran accesorios originales con mostacilla y creatividad<\/a><\/h2><\/header><div class=\"eael-entry-content\">\n                        <div class=\"eael-grid-post-excerpt\"><a href=\"https:\/\/soymigrante.com\/revista\/black-and-white-piezas-artesanales-de-mostacilla-e-ingenio\/\" class=\"eael-post-elements-readmore-btn\">CONOCE SU HISTORIA <\/a><\/div>\n                    <\/div><\/div><\/div>\n        <\/div>\n    <\/article><\/div>\n            <div class=\"clearfix\"><\/div>\n        <\/div>            <div class=\"eael-load-more-button-wrap eael-force-hide\">\n                <button class=\"eael-load-more-button\" id=\"eael-load-more-btn-cd215a5\" data-widget-id=\"cd215a5\" data-widget=\"cd215a5\" data-page-id=\"48735\" data-template=\"{&quot;dir&quot;:&quot;lite&quot;,&quot;file_name&quot;:&quot;one.php&quot;,&quot;name&quot;:&quot;Post-Grid&quot;}\" data-class=\"Essential_Addons_Elementor\\Elements\\Post_Grid\" data-layout=\"masonry\" data-page=\"1\" data-args=\"orderby=author&amp;order=desc&amp;ignore_sticky_posts=1&amp;post_status=publish&amp;posts_per_page=3&amp;offset=0&amp;post_type=post&amp;tax_query%5B0%5D%5Btaxonomy%5D=post_tag&amp;tax_query%5B0%5D%5Bfield%5D=term_id&amp;tax_query%5B0%5D%5Bterms%5D%5B0%5D=130&amp;tax_query%5Brelation%5D=AND\" data-max-page=\"35\">\n                    <span class=\"eael-btn-loader button__loader\"><\/span>\n                    <span class=\"eael_load_more_text\">Load More<\/span>\n                <\/button>\n            <\/div>\n            \t\t\t\t<\/div>\n\t\t\t\t\t<\/div>\n\t\t\t\t<\/div>\n\t\t\t\t<\/div>\n\t\t","protected":false},"excerpt":{"rendered":"<p>La Pomada de las Abuelas es el primer producto de la tienda Casa Colibr\u00ed de Quetzaltenango, fundada por Gladys Beletzuy, en honor a la tradici\u00f3n curativa familiar. Quetzaltenango \u2014 Lo que comenz\u00f3 como un saber \u00edntimo, transmitido de madre a hija durante generaciones, hoy se convierte en un emprendimiento que busca ampliar el acceso a [&hellip;]<\/p>\n","protected":false},"author":1,"featured_media":48736,"comment_status":"open","ping_status":"open","sticky":false,"template":"","format":"standard","meta":{"_acf_changed":false,"_eb_attr":"","footnotes":""},"categories":[58],"tags":[130],"class_list":["post-48735","post","type-post","status-publish","format-standard","has-post-thumbnail","hentry","category-guate-nuestra","tag-mercado-emprendedores"],"acf":[],"aioseo_notices":[],"aioseo_head":"\n\t\t<!-- All in One SEO Pro 4.9.6.2 - aioseo.com -->\n\t<meta name=\"description\" content=\"KLB Studio es una asociaci\u00f3n que agrupa a creativas mujeres mayas de Solol\u00e1 que elaboran collares y otros accesorios. Ahora est\u00e1n en SoyMigrante MERCADO\" \/>\n\t<meta name=\"robots\" content=\"max-snippet:-1, max-image-preview:large, max-video-preview:-1\" \/>\n\t<meta name=\"author\" content=\"Beatriz Tercero\"\/>\n\t<link rel=\"canonical\" href=\"https:\/\/soymigrante.com\/revista\/black-and-white-piezas-artesanales-de-mostacilla-e-ingenio\/\" \/>\n\t<meta name=\"generator\" content=\"All in One SEO Pro (AIOSEO) 4.9.6.2\" \/>\n\n\t\t<link rel=\"preconnect\" href=\"https:\/\/fonts.googleapis.com\" crossorigin>\n<link rel=\"preconnect\" href=\"https:\/\/fonts.gstatic.com\" crossorigin>\n\t\t<meta property=\"og:locale\" content=\"es_ES\" \/>\n\t\t<meta property=\"og:site_name\" content=\"SoyMigrante.com REVISTA \u2013 Nuestra misi\u00f3n es reconocer y dignificar al migrante.\" \/>\n\t\t<meta property=\"og:type\" content=\"article\" \/>\n\t\t<meta property=\"og:title\" content=\"KLB Studio crea detalles artesanales con mostacilla e ingenio\" \/>\n\t\t<meta property=\"og:description\" content=\"KLB Studio es una asociaci\u00f3n que agrupa a creativas mujeres mayas de Solol\u00e1 que elaboran collares y otros accesorios. Ahora est\u00e1n en SoyMigrante MERCADO\" \/>\n\t\t<meta property=\"og:url\" content=\"https:\/\/soymigrante.com\/revista\/black-and-white-piezas-artesanales-de-mostacilla-e-ingenio\/\" \/>\n\t\t<meta property=\"og:image\" content=\"https:\/\/soymigrante.com\/revista\/wp-content\/uploads\/2024\/10\/Mostacilla-feature.webp\" \/>\n\t\t<meta property=\"og:image:secure_url\" content=\"https:\/\/soymigrante.com\/revista\/wp-content\/uploads\/2024\/10\/Mostacilla-feature.webp\" \/>\n\t\t<meta property=\"og:image:width\" content=\"736\" \/>\n\t\t<meta property=\"og:image:height\" content=\"736\" \/>\n\t\t<meta property=\"article:published_time\" content=\"2024-11-05T17:56:51+00:00\" \/>\n\t\t<meta property=\"article:modified_time\" content=\"2024-12-01T05:02:12+00:00\" \/>\n\t\t<meta property=\"article:publisher\" content=\"https:\/\/www.facebook.com\/soymigrantecom\" \/>\n\t\t<meta name=\"twitter:card\" content=\"summary_large_image\" \/>\n\t\t<meta name=\"twitter:site\" content=\"@SoyMigrante_com\" \/>\n\t\t<meta name=\"twitter:title\" content=\"KLB Studio crea detalles artesanales con mostacilla e ingenio\" \/>\n\t\t<meta name=\"twitter:description\" content=\"KLB Studio es una asociaci\u00f3n que agrupa a creativas mujeres mayas de Solol\u00e1 que elaboran collares y otros accesorios. Ahora est\u00e1n en SoyMigrante MERCADO\" \/>\n\t\t<meta name=\"twitter:creator\" content=\"@SoyMigrante_com\" \/>\n\t\t<meta name=\"twitter:image\" content=\"https:\/\/soymigrante.com\/revista\/wp-content\/uploads\/2024\/10\/Mostacilla-feature.webp\" \/>\n\t\t<!-- All in One SEO Pro -->\r\n\t\t<title>KLB Studio crea detalles artesanales con mostacilla e ingenio<\/title>\n\n","aioseo_head_json":{"title":"KLB Studio crea detalles artesanales con mostacilla e ingenio","description":"KLB Studio es una asociaci\u00f3n que agrupa a creativas mujeres mayas de Solol\u00e1 que elaboran collares y otros accesorios. Ahora est\u00e1n en SoyMigrante MERCADO","canonical_url":"https:\/\/soymigrante.com\/revista\/black-and-white-piezas-artesanales-de-mostacilla-e-ingenio\/","robots":"max-snippet:-1, max-image-preview:large, max-video-preview:-1","keywords":"","webmasterTools":{"miscellaneous":"&lt;link rel=\"preconnect\" href=\"https:\/\/fonts.googleapis.com\" crossorigin&gt;\n&lt;link rel=\"preconnect\" href=\"https:\/\/fonts.gstatic.com\" crossorigin&gt;"},"schema":null,"og:locale":"es_ES","og:site_name":"SoyMigrante.com REVISTA \u2013 Nuestra misi\u00f3n es reconocer y dignificar al migrante.","og:type":"article","og:title":"KLB Studio crea detalles artesanales con mostacilla e ingenio","og:description":"KLB Studio es una asociaci\u00f3n que agrupa a creativas mujeres mayas de Solol\u00e1 que elaboran collares y otros accesorios. Ahora est\u00e1n en SoyMigrante MERCADO","og:url":"https:\/\/soymigrante.com\/revista\/black-and-white-piezas-artesanales-de-mostacilla-e-ingenio\/","og:image":"https:\/\/soymigrante.com\/revista\/wp-content\/uploads\/2024\/10\/Mostacilla-feature.webp","og:image:secure_url":"https:\/\/soymigrante.com\/revista\/wp-content\/uploads\/2024\/10\/Mostacilla-feature.webp","og:image:width":736,"og:image:height":736,"article:published_time":"2024-11-05T17:56:51+00:00","article:modified_time":"2024-12-01T05:02:12+00:00","article:publisher":"https:\/\/www.facebook.com\/soymigrantecom","twitter:card":"summary_large_image","twitter:site":"@SoyMigrante_com","twitter:title":"KLB Studio crea detalles artesanales con mostacilla e ingenio","twitter:description":"KLB Studio es una asociaci\u00f3n que agrupa a creativas mujeres mayas de Solol\u00e1 que elaboran collares y otros accesorios. Ahora est\u00e1n en SoyMigrante MERCADO","twitter:creator":"@SoyMigrante_com","twitter:image":"https:\/\/soymigrante.com\/revista\/wp-content\/uploads\/2024\/10\/Mostacilla-feature.webp"},"aioseo_meta_data":{"post_id":"48735","title":"Sabidur\u00eda ancestral se concentra en Pomada de las Abuelas","description":"Gladys Beletzuy Racancoj conserva la sabidur\u00eda de su abuela, una comadrona quetzalteca que cultiv\u00f3 la medicina natural. Ahora est\u00e1 MERCADO.","keywords":null,"keyphrases":{"focus":{"keyphrase":"medicina tradicional","score":0,"analysis":[]}},"primary_term":null,"canonical_url":null,"og_title":null,"og_description":null,"og_object_type":"default","og_image_type":"default","og_image_url":null,"og_image_width":null,"og_image_height":null,"og_image_custom_url":null,"og_image_custom_fields":null,"og_video":"","og_custom_url":null,"og_article_section":null,"og_article_tags":null,"twitter_use_og":false,"twitter_card":"default","twitter_image_type":"default","twitter_image_url":null,"twitter_image_custom_url":null,"twitter_image_custom_fields":null,"twitter_title":null,"twitter_description":null,"schema":{"blockGraphs":[],"customGraphs":[],"default":{"data":{"Article":[],"Course":[],"Dataset":[],"FAQPage":[],"Movie":[],"Person":[],"Product":[],"ProductReview":[],"Car":[],"Recipe":[],"Service":[],"SoftwareApplication":[],"WebPage":[]},"graphName":"NewsArticle","isEnabled":true},"graphs":[]},"schema_type":"default","schema_type_options":null,"pillar_content":false,"robots_default":true,"robots_noindex":false,"robots_noarchive":false,"robots_nosnippet":false,"robots_nofollow":false,"robots_noimageindex":false,"robots_noodp":false,"robots_notranslate":false,"robots_max_snippet":"-1","robots_max_videopreview":"-1","robots_max_imagepreview":"large","priority":null,"frequency":"default","local_seo":null,"seo_analyzer_scan_date":"2026-01-30 15:26:24","breadcrumb_settings":null,"limit_modified_date":false,"reviewed_by":"0","open_ai":null,"ai":{"faqs":[],"keyPoints":[],"titles":[],"descriptions":[],"socialPosts":{"email":[],"linkedin":[],"twitter":[],"facebook":[],"instagram":[]}},"created":"2025-11-18 21:51:44","updated":"2026-02-05 07:05:16"},"aioseo_breadcrumb":"<div class=\"aioseo-breadcrumbs\"><span class=\"aioseo-breadcrumb\">\n\t<a href=\"https:\/\/soymigrante.com\/revista\" title=\"Home\">Home<\/a>\n<\/span><span class=\"aioseo-breadcrumb-separator\">\u00bb<\/span><span class=\"aioseo-breadcrumb\">\n\t<a href=\"https:\/\/soymigrante.com\/revista\/category\/guate-nuestra\/\" title=\"Guate Nuestra\">Guate Nuestra<\/a>\n<\/span><span class=\"aioseo-breadcrumb-separator\">\u00bb<\/span><span class=\"aioseo-breadcrumb\">\n\tSabidur\u00eda y medicina tradicional se fusionan en la Pomada de las Abuelas: de Quetzaltenango a MERCADO\n<\/span><\/div>","aioseo_breadcrumb_json":[{"label":"Home","link":"https:\/\/soymigrante.com\/revista"},{"label":"Guate Nuestra","link":"https:\/\/soymigrante.com\/revista\/category\/guate-nuestra\/"},{"label":"Sabidur\u00eda y medicina tradicional se fusionan en la Pomada de las Abuelas: de Quetzaltenango a MERCADO","link":"https:\/\/soymigrante.com\/revista\/sabiduria-y-medicina-tradicional-se-fusionan-en-la-pomada-de-las-abuelas\/"}],"_links":{"self":[{"href":"https:\/\/soymigrante.com\/revista\/wp-json\/wp\/v2\/posts\/48735","targetHints":{"allow":["GET"]}}],"collection":[{"href":"https:\/\/soymigrante.com\/revista\/wp-json\/wp\/v2\/posts"}],"about":[{"href":"https:\/\/soymigrante.com\/revista\/wp-json\/wp\/v2\/types\/post"}],"author":[{"embeddable":true,"href":"https:\/\/soymigrante.com\/revista\/wp-json\/wp\/v2\/users\/1"}],"replies":[{"embeddable":true,"href":"https:\/\/soymigrante.com\/revista\/wp-json\/wp\/v2\/comments?post=48735"}],"version-history":[{"count":7,"href":"https:\/\/soymigrante.com\/revista\/wp-json\/wp\/v2\/posts\/48735\/revisions"}],"predecessor-version":[{"id":48749,"href":"https:\/\/soymigrante.com\/revista\/wp-json\/wp\/v2\/posts\/48735\/revisions\/48749"}],"wp:featuredmedia":[{"embeddable":true,"href":"https:\/\/soymigrante.com\/revista\/wp-json\/wp\/v2\/media\/48736"}],"wp:attachment":[{"href":"https:\/\/soymigrante.com\/revista\/wp-json\/wp\/v2\/media?parent=48735"}],"wp:term":[{"taxonomy":"category","embeddable":true,"href":"https:\/\/soymigrante.com\/revista\/wp-json\/wp\/v2\/categories?post=48735"},{"taxonomy":"post_tag","embeddable":true,"href":"https:\/\/soymigrante.com\/revista\/wp-json\/wp\/v2\/tags?post=48735"}],"curies":[{"name":"wp","href":"https:\/\/api.w.org\/{rel}","templated":true}]}}