{"id":48711,"date":"2025-11-18T08:49:56","date_gmt":"2025-11-18T14:49:56","guid":{"rendered":"https:\/\/soymigrante.com\/revista\/?p=48711"},"modified":"2025-11-18T09:10:26","modified_gmt":"2025-11-18T15:10:26","slug":"falla-global-de-cloudflare-dificulta-acceso-a-varios-sitios-web-no-no-es-tu-senal-de-internet","status":"publish","type":"post","link":"https:\/\/soymigrante.com\/revista\/falla-global-de-cloudflare-dificulta-acceso-a-varios-sitios-web-no-no-es-tu-senal-de-internet\/","title":{"rendered":"Falla global de Cloudflare dificulta acceso a varios sitios web (no, no es tu se\u00f1al de internet)"},"content":{"rendered":"\t\t<div data-elementor-type=\"wp-post\" data-elementor-id=\"48711\" class=\"elementor elementor-48711\" data-elementor-post-type=\"post\">\n\t\t\t\t<div data-particle_enable=\"false\" data-particle-mobile-disabled=\"false\" class=\"elementor-element elementor-element-f6b88b3 e-flex e-con-boxed e-con e-parent\" data-id=\"f6b88b3\" data-element_type=\"container\" data-e-type=\"container\">\n\t\t\t\t\t<div class=\"e-con-inner\">\n\t\t\t\t<div class=\"elementor-element elementor-element-b304b46 elementor-widget elementor-widget-heading\" data-id=\"b304b46\" data-element_type=\"widget\" data-e-type=\"widget\" data-widget_type=\"heading.default\">\n\t\t\t\t\t<h2 class=\"elementor-heading-title elementor-size-default\">Cloudflare, proveedor de servicios de seguridad y navegaci\u00f3n global sufre ca\u00edda y deja a miles de sitios sin acceso, incluyendo X y Chat GPT<\/h2>\t\t\t\t<\/div>\n\t\t\t\t\t<\/div>\n\t\t\t\t<\/div>\n\t\t<div data-particle_enable=\"false\" data-particle-mobile-disabled=\"false\" class=\"elementor-element elementor-element-2fb2a84 e-flex e-con-boxed e-con e-parent\" data-id=\"2fb2a84\" data-element_type=\"container\" data-e-type=\"container\">\n\t\t\t\t\t<div class=\"e-con-inner\">\n\t\t\t\t<div class=\"elementor-element elementor-element-f5b15b3 elementor-widget elementor-widget-text-editor\" data-id=\"f5b15b3\" data-element_type=\"widget\" data-e-type=\"widget\" data-widget_type=\"text-editor.default\">\n\t\t\t\t\t\t\t\t\t<p>Una interrupci\u00f3n en la infraestructura clave de internet ha mantenido intermitencias de interrupci\u00f3n de servicio a miles de p\u00e1ginas y aplicaciones en todo el mundo durante la ma\u00f1ana de el martes 18 de noviembre. La compa\u00f1\u00eda afectada fue Cloudflare, un gigante esencial para la velocidad y estabilidad de la web.<\/p><h3>\u00bfQu\u00e9 sucedi\u00f3?<\/h3><p>Si esta ma\u00f1ana de 18 de noviembre notaste que tu internet no funcionaba bien o que algunas p\u00e1ginas muy comunes no cargaban, el problema no era tu conexi\u00f3n en casa. La falla se origin\u00f3 en Cloudflare, una compa\u00f1\u00eda que act\u00faa como una &#8220;autopista&#8221; o intermediario para que miles de sitios web lleguen a ti de manera r\u00e1pida y segura (un servicio conocido como CDN).<\/p><p>La interrupci\u00f3n comenz\u00f3 despu\u00e9s de que Cloudflare realizara un mantenimiento programado. Esto provoc\u00f3 que la &#8220;autopista&#8221; se cerrara temporalmente, impidiendo que muchos servicios llegaran a sus usuarios.<\/p><h3>Los efectos: \u00bfqui\u00e9nes se vieron afectados?<\/h3><p>Millones de usuarios. La ca\u00edda de Cloudflare tuvo un impacto inmediato en algunos de los servicios m\u00e1s utilizados a nivel mundial. Entre los afectados se encuentran:\u00a0<\/p><p>Aplicaciones de Inteligencia Artificial: El popular chatbot ChatGPT estuvo inaccesible.<\/p><p>Redes Sociales: La plataforma X (antes conocida como Twitter) report\u00f3 problemas de carga.<\/p><p>Videojuegos: Usuarios de juegos como League of Legends sufrieron interrupciones en sus partidas.<\/p><h3>Restablecimiento\u00a0<\/h3><p>El problema fue detectado y el cuerpo t\u00e9cnico de Cloudflare lo est\u00e1 resolviendo. El primer corte de servicio solo dur\u00f3 unos pocos minutos antes de que los ingenieros de Cloudflare lograran restablecer la funcionalidad. Volvi\u00f3 a caerse, pero al parecer fue por una nueva intervenci\u00f3n t\u00e9cnica.\u00a0<\/p><p>Declaraci\u00f3n Oficial: La compa\u00f1\u00eda r\u00e1pidamente abri\u00f3 una investigaci\u00f3n para determinar la causa exacta de la falla, declarando que estaban &#8220;al tanto de un problema que podr\u00eda afectar a varios clientes y lo est\u00e1n investigando&#8221;.<\/p><h3>El Debate de la Dependencia Digital<\/h3><p>Este incidente, aunque breve, ha vuelto a poner sobre la mesa la alta dependencia que tiene internet en unos pocos proveedores de servicios. Hace apenas un mes, un fallo similar en los sistemas de Amazon (Amazon Web Services, o AWS) tambi\u00e9n dej\u00f3 sin servicio a decenas de aplicaciones globalmente.<\/p><p>Expertos se\u00f1alan que, aunque estos sistemas son extremadamente confiables, su gran centralizaci\u00f3n significa que un \u00fanico fallo puede afectar de manera global a una gran porci\u00f3n del mundo digital.<\/p>\t\t\t\t\t\t\t\t<\/div>\n\t\t\t\t\t<\/div>\n\t\t\t\t<\/div>\n\t\t<div data-particle_enable=\"false\" data-particle-mobile-disabled=\"false\" class=\"elementor-element elementor-element-25b4b5d e-flex e-con-boxed e-con e-parent\" data-id=\"25b4b5d\" data-element_type=\"container\" data-e-type=\"container\">\n\t\t\t\t\t<div class=\"e-con-inner\">\n\t\t\t\t<div class=\"elementor-element elementor-element-5fa7ef9 elementor-widget elementor-widget-image\" data-id=\"5fa7ef9\" data-element_type=\"widget\" data-e-type=\"widget\" data-widget_type=\"image.default\">\n\t\t\t\t\t\t\t\t\t\t\t\t<figure class=\"wp-caption\">\n\t\t\t\t\t\t\t\t\t\t<img fetchpriority=\"high\" decoding=\"async\" width=\"1140\" height=\"463\" src=\"https:\/\/soymigrante.com\/revista\/wp-content\/uploads\/2025\/11\/Captura-de-pantalla-2025-11-18-071929-1140x463.png\" class=\"attachment-large size-large wp-image-48717\" alt=\"Este aviso apareci\u00f3 en Guatemala pero tambi\u00e9n alrededor del mundo.\" srcset=\"https:\/\/soymigrante.com\/revista\/wp-content\/uploads\/2025\/11\/Captura-de-pantalla-2025-11-18-071929-1140x463.png 1140w, https:\/\/soymigrante.com\/revista\/wp-content\/uploads\/2025\/11\/Captura-de-pantalla-2025-11-18-071929-300x122.png 300w, https:\/\/soymigrante.com\/revista\/wp-content\/uploads\/2025\/11\/Captura-de-pantalla-2025-11-18-071929-768x312.png 768w, https:\/\/soymigrante.com\/revista\/wp-content\/uploads\/2025\/11\/Captura-de-pantalla-2025-11-18-071929-1536x624.png 1536w, https:\/\/soymigrante.com\/revista\/wp-content\/uploads\/2025\/11\/Captura-de-pantalla-2025-11-18-071929-2048x832.png 2048w, https:\/\/soymigrante.com\/revista\/wp-content\/uploads\/2025\/11\/Captura-de-pantalla-2025-11-18-071929-750x305.png 750w\" sizes=\"(max-width: 1140px) 100vw, 1140px\" title=\"Este aviso apareci\u00f3 en Guatemala pero tambi\u00e9n alrededor del mundo. \u2013 SoyMigrante.com REVISTA\" \/>\t\t\t\t\t\t\t\t\t\t\t<figcaption class=\"widget-image-caption wp-caption-text\">Este aviso apareci\u00f3 en Guatemala pero tambi\u00e9n alrededor del mundo.<\/figcaption>\n\t\t\t\t\t\t\t\t\t\t<\/figure>\n\t\t\t\t\t\t\t\t\t<\/div>\n\t\t\t\t\t<\/div>\n\t\t\t\t<\/div>\n\t\t<div data-particle_enable=\"false\" data-particle-mobile-disabled=\"false\" class=\"elementor-element elementor-element-7a49f43 e-flex e-con-boxed e-con e-parent\" data-id=\"7a49f43\" data-element_type=\"container\" data-e-type=\"container\">\n\t\t\t\t\t<div class=\"e-con-inner\">\n\t\t\t\t<div class=\"elementor-element elementor-element-421cba5 elementor-grid-eael-col-3 elementor-grid-tablet-eael-col-2 elementor-grid-mobile-eael-col-1 elementor-widget elementor-widget-eael-post-grid\" data-id=\"421cba5\" data-element_type=\"widget\" data-e-type=\"widget\" data-settings=\"{&quot;eael_post_grid_columns&quot;:&quot;eael-col-3&quot;,&quot;eael_post_grid_columns_tablet&quot;:&quot;eael-col-2&quot;,&quot;eael_post_grid_columns_mobile&quot;:&quot;eael-col-1&quot;}\" data-widget_type=\"eael-post-grid.default\">\n\t\t\t\t\t<div id=\"eael-post-grid-421cba5\" class=\"eael-post-grid-container\">\n            <div class=\"eael-post-grid eael-post-appender eael-post-appender-421cba5 eael-post-grid-style-one\" data-layout-mode=\"masonry\"><article class=\"eael-grid-post  eael-post-grid-column eael-pg-post-55194 category-noticias\" data-id=\"55194\">\n        <div class=\"eael-grid-post-holder\">\n            <div class=\"eael-grid-post-holder-inner\"><div class=\"eael-entry-media\"><div class=\"eael-entry-overlay fade-in\"><i class=\"far fa-hand-pointer\" aria-hidden=\"true\"><\/i><a href=\"https:\/\/soymigrante.com\/revista\/guatemaltecos-en-estados-unidos-cifra-baja-en-2026-segun-cifras-oficiales\/\"><\/a><\/div><div class=\"eael-entry-thumbnail eael-image-ratio\">\n                <img decoding=\"async\" width=\"1024\" height=\"1024\" src=\"https:\/\/soymigrante.com\/revista\/wp-content\/uploads\/2026\/04\/guatemaltecos-en-estados-unidos-cifras-2026-de-migrantes-1-1024x1024.jpg\" class=\"attachment-large size-large wp-image-55196\" alt=\"guatemaltecos en estados unidos cifras 2026 de migrantes\" srcset=\"https:\/\/soymigrante.com\/revista\/wp-content\/uploads\/2026\/04\/guatemaltecos-en-estados-unidos-cifras-2026-de-migrantes-1-1024x1024.jpg 1024w, https:\/\/soymigrante.com\/revista\/wp-content\/uploads\/2026\/04\/guatemaltecos-en-estados-unidos-cifras-2026-de-migrantes-1-300x300.jpg 300w, https:\/\/soymigrante.com\/revista\/wp-content\/uploads\/2026\/04\/guatemaltecos-en-estados-unidos-cifras-2026-de-migrantes-1-150x150.jpg 150w, https:\/\/soymigrante.com\/revista\/wp-content\/uploads\/2026\/04\/guatemaltecos-en-estados-unidos-cifras-2026-de-migrantes-1-768x768.jpg 768w, https:\/\/soymigrante.com\/revista\/wp-content\/uploads\/2026\/04\/guatemaltecos-en-estados-unidos-cifras-2026-de-migrantes-1-75x75.jpg 75w, https:\/\/soymigrante.com\/revista\/wp-content\/uploads\/2026\/04\/guatemaltecos-en-estados-unidos-cifras-2026-de-migrantes-1-750x750.jpg 750w, https:\/\/soymigrante.com\/revista\/wp-content\/uploads\/2026\/04\/guatemaltecos-en-estados-unidos-cifras-2026-de-migrantes-1-1140x1140.jpg 1140w, https:\/\/soymigrante.com\/revista\/wp-content\/uploads\/2026\/04\/guatemaltecos-en-estados-unidos-cifras-2026-de-migrantes-1.jpg 1536w\" sizes=\"(max-width: 1024px) 100vw, 1024px\" \/>\n            <\/div>\n        <\/div><div class=\"eael-entry-wrapper\"><header class=\"eael-entry-header\"><h2 class=\"eael-entry-title\"><a class=\"eael-grid-post-link\" href=\"https:\/\/soymigrante.com\/revista\/guatemaltecos-en-estados-unidos-cifra-baja-en-2026-segun-cifras-oficiales\/\" title=\"Cifra de guatemaltecos en Estados Unidos baja a 3.39 millones en 2026, reporta red consular del Minex\">Cifra de guatemaltecos en Estados Unidos baja a 3.39 millones en 2026, reporta red consular del Minex<\/a><\/h2><\/header><div class=\"eael-entry-content\">\n                        <div class=\"eael-grid-post-excerpt\"><a href=\"https:\/\/soymigrante.com\/revista\/guatemaltecos-en-estados-unidos-cifra-baja-en-2026-segun-cifras-oficiales\/\" class=\"eael-post-elements-readmore-btn\">CONOCE SU HISTORIA <\/a><\/div>\n                    <\/div><\/div><\/div>\n        <\/div>\n    <\/article><article class=\"eael-grid-post  eael-post-grid-column eael-pg-post-50454 category-noticias\" data-id=\"50454\">\n        <div class=\"eael-grid-post-holder\">\n            <div class=\"eael-grid-post-holder-inner\"><div class=\"eael-entry-media\"><div class=\"eael-entry-overlay fade-in\"><i class=\"far fa-hand-pointer\" aria-hidden=\"true\"><\/i><a href=\"https:\/\/soymigrante.com\/revista\/convite-guatemalteco-2026-de-ano-nuevo-se-reprograma-por-lluvia\/\"><\/a><\/div><div class=\"eael-entry-thumbnail eael-image-ratio\">\n                <img decoding=\"async\" width=\"1024\" height=\"1024\" src=\"https:\/\/soymigrante.com\/revista\/wp-content\/uploads\/2026\/01\/convite-guatemalteco-suspendido-2026.jpg\" class=\"attachment-large size-large wp-image-50456\" alt=\"convite guatemalteco suspendido 2026\" srcset=\"https:\/\/soymigrante.com\/revista\/wp-content\/uploads\/2026\/01\/convite-guatemalteco-suspendido-2026.jpg 1024w, https:\/\/soymigrante.com\/revista\/wp-content\/uploads\/2026\/01\/convite-guatemalteco-suspendido-2026-300x300.jpg 300w, https:\/\/soymigrante.com\/revista\/wp-content\/uploads\/2026\/01\/convite-guatemalteco-suspendido-2026-150x150.jpg 150w, https:\/\/soymigrante.com\/revista\/wp-content\/uploads\/2026\/01\/convite-guatemalteco-suspendido-2026-768x768.jpg 768w, https:\/\/soymigrante.com\/revista\/wp-content\/uploads\/2026\/01\/convite-guatemalteco-suspendido-2026-75x75.jpg 75w, https:\/\/soymigrante.com\/revista\/wp-content\/uploads\/2026\/01\/convite-guatemalteco-suspendido-2026-750x750.jpg 750w\" sizes=\"(max-width: 1024px) 100vw, 1024px\" \/>\n            <\/div>\n        <\/div><div class=\"eael-entry-wrapper\"><header class=\"eael-entry-header\"><h2 class=\"eael-entry-title\"><a class=\"eael-grid-post-link\" href=\"https:\/\/soymigrante.com\/revista\/convite-guatemalteco-2026-de-ano-nuevo-se-reprograma-por-lluvia\/\" title=\"Se reprograma el festival de convite guatemalteco Ajudisgua de A\u00f1o Nuevo, por lluvias en Los Angeles\">Se reprograma el festival de convite guatemalteco Ajudisgua de A\u00f1o Nuevo, por lluvias en Los Angeles<\/a><\/h2><\/header><div class=\"eael-entry-content\">\n                        <div class=\"eael-grid-post-excerpt\"><a href=\"https:\/\/soymigrante.com\/revista\/convite-guatemalteco-2026-de-ano-nuevo-se-reprograma-por-lluvia\/\" class=\"eael-post-elements-readmore-btn\">CONOCE SU HISTORIA <\/a><\/div>\n                    <\/div><\/div><\/div>\n        <\/div>\n    <\/article><article class=\"eael-grid-post  eael-post-grid-column eael-pg-post-48321 category-noticias tags-remesas-migrantes\" data-id=\"48321\">\n        <div class=\"eael-grid-post-holder\">\n            <div class=\"eael-grid-post-holder-inner\"><div class=\"eael-entry-media\"><div class=\"eael-entry-overlay fade-in\"><i class=\"far fa-hand-pointer\" aria-hidden=\"true\"><\/i><a href=\"https:\/\/soymigrante.com\/revista\/migrantes-enviaron-a-guatemala-us2390-millones-en-remesas-durante-octubre-2025\/\"><\/a><\/div><div class=\"eael-entry-thumbnail eael-image-ratio\">\n                <img loading=\"lazy\" decoding=\"async\" width=\"579\" height=\"572\" src=\"https:\/\/soymigrante.com\/revista\/wp-content\/uploads\/2025\/11\/41.png\" class=\"attachment-large size-large wp-image-48328\" alt=\"migrante trabaja pensando en sus hijos\" srcset=\"https:\/\/soymigrante.com\/revista\/wp-content\/uploads\/2025\/11\/41.png 579w, https:\/\/soymigrante.com\/revista\/wp-content\/uploads\/2025\/11\/41-300x296.png 300w, https:\/\/soymigrante.com\/revista\/wp-content\/uploads\/2025\/11\/41-75x75.png 75w\" sizes=\"(max-width: 579px) 100vw, 579px\" \/>\n            <\/div>\n        <\/div><div class=\"eael-entry-wrapper\"><header class=\"eael-entry-header\"><h2 class=\"eael-entry-title\"><a class=\"eael-grid-post-link\" href=\"https:\/\/soymigrante.com\/revista\/migrantes-enviaron-a-guatemala-us2390-millones-en-remesas-durante-octubre-2025\/\" title=\"Migrantes enviaron US$2390 millones en remesas a Guatemala en octubre 2025 y superan todo el 2024\">Migrantes enviaron US$2390 millones en remesas a Guatemala en octubre 2025 y superan todo el 2024<\/a><\/h2><\/header><div class=\"eael-entry-content\">\n                        <div class=\"eael-grid-post-excerpt\"><a href=\"https:\/\/soymigrante.com\/revista\/migrantes-enviaron-a-guatemala-us2390-millones-en-remesas-durante-octubre-2025\/\" class=\"eael-post-elements-readmore-btn\">CONOCE SU HISTORIA <\/a><\/div>\n                    <\/div><\/div><\/div>\n        <\/div>\n    <\/article><\/div>\n            <div class=\"clearfix\"><\/div>\n        <\/div>            <div class=\"eael-load-more-button-wrap eael-force-hide\">\n                <button class=\"eael-load-more-button\" id=\"eael-load-more-btn-421cba5\" data-widget-id=\"421cba5\" data-widget=\"421cba5\" data-page-id=\"48711\" data-template=\"{&quot;dir&quot;:&quot;lite&quot;,&quot;file_name&quot;:&quot;one.php&quot;,&quot;name&quot;:&quot;Post-Grid&quot;}\" data-class=\"Essential_Addons_Elementor\\Elements\\Post_Grid\" data-layout=\"masonry\" data-page=\"1\" data-args=\"orderby=meta_value_num&amp;order=desc&amp;ignore_sticky_posts=1&amp;post_status=publish&amp;posts_per_page=3&amp;offset=0&amp;post_type=post&amp;tax_query%5B0%5D%5Btaxonomy%5D=category&amp;tax_query%5B0%5D%5Bfield%5D=term_id&amp;tax_query%5B0%5D%5Bterms%5D%5B0%5D=280&amp;tax_query%5Brelation%5D=AND&amp;meta_key=_eael_post_view_count\" data-max-page=\"29\">\n                    <span class=\"eael-btn-loader button__loader\"><\/span>\n                    <span class=\"eael_load_more_text\">Load More<\/span>\n                <\/button>\n            <\/div>\n            \t\t\t\t<\/div>\n\t\t\t\t\t<\/div>\n\t\t\t\t<\/div>\n\t\t\t\t<\/div>\n\t\t","protected":false},"excerpt":{"rendered":"<p>Cloudflare, proveedor de servicios de seguridad y navegaci\u00f3n global sufre ca\u00edda y deja a miles de sitios sin acceso, incluyendo X y Chat GPT Una interrupci\u00f3n en la infraestructura clave de internet ha mantenido intermitencias de interrupci\u00f3n de servicio a miles de p\u00e1ginas y aplicaciones en todo el mundo durante la ma\u00f1ana de el martes [&hellip;]<\/p>\n","protected":false},"author":7,"featured_media":48713,"comment_status":"open","ping_status":"open","sticky":false,"template":"","format":"standard","meta":{"_acf_changed":false,"_eb_attr":"","footnotes":""},"categories":[280],"tags":[],"class_list":["post-48711","post","type-post","status-publish","format-standard","has-post-thumbnail","hentry","category-noticias"],"acf":[],"aioseo_notices":[],"aioseo_head":"\n\t\t<!-- All in One SEO Pro 4.9.6.2 - aioseo.com -->\n\t<meta name=\"description\" content=\"En octubre 2025 migrantes guatemaltecos enviaron 2390 millones de d\u00f3lares: 20% m\u00e1s que en el mismo mes de 2024. Total de 10 meses rebasa al 2023. Conoce datos.\" \/>\n\t<meta name=\"robots\" content=\"max-snippet:-1, max-image-preview:large, max-video-preview:-1\" \/>\n\t<meta name=\"author\" content=\"SoyMigrante.com REVISTA\"\/>\n\t<link rel=\"canonical\" href=\"https:\/\/soymigrante.com\/revista\/migrantes-enviaron-a-guatemala-us2390-millones-en-remesas-durante-octubre-2025\/\" \/>\n\t<meta name=\"generator\" content=\"All in One SEO Pro (AIOSEO) 4.9.6.2\" \/>\n\n\t\t<link rel=\"preconnect\" href=\"https:\/\/fonts.googleapis.com\" crossorigin>\n<link rel=\"preconnect\" href=\"https:\/\/fonts.gstatic.com\" crossorigin>\n\t\t<meta property=\"og:locale\" content=\"es_ES\" \/>\n\t\t<meta property=\"og:site_name\" content=\"SoyMigrante.com REVISTA \u2013 Nuestra misi\u00f3n es reconocer y dignificar al migrante.\" \/>\n\t\t<meta property=\"og:type\" content=\"article\" \/>\n\t\t<meta property=\"og:title\" content=\"Remesas enviadas a Guatemala en 10 meses superan al 2023\" \/>\n\t\t<meta property=\"og:description\" content=\"En octubre 2025 migrantes guatemaltecos enviaron 2390 millones de d\u00f3lares: 20% m\u00e1s que en el mismo mes de 2024. Total de 10 meses rebasa al 2023. Conoce datos.\" \/>\n\t\t<meta property=\"og:url\" content=\"https:\/\/soymigrante.com\/revista\/migrantes-enviaron-a-guatemala-us2390-millones-en-remesas-durante-octubre-2025\/\" \/>\n\t\t<meta property=\"og:image\" content=\"https:\/\/soymigrante.com\/revista\/wp-content\/uploads\/2025\/11\/41.png\" \/>\n\t\t<meta property=\"og:image:secure_url\" content=\"https:\/\/soymigrante.com\/revista\/wp-content\/uploads\/2025\/11\/41.png\" \/>\n\t\t<meta property=\"og:image:width\" content=\"579\" \/>\n\t\t<meta property=\"og:image:height\" content=\"572\" \/>\n\t\t<meta property=\"article:published_time\" content=\"2025-11-10T18:19:11+00:00\" \/>\n\t\t<meta property=\"article:modified_time\" content=\"2025-12-06T16:00:47+00:00\" \/>\n\t\t<meta property=\"article:publisher\" content=\"https:\/\/www.facebook.com\/soymigrantecom\" \/>\n\t\t<meta name=\"twitter:card\" content=\"summary_large_image\" \/>\n\t\t<meta name=\"twitter:site\" content=\"@SoyMigrante_com\" \/>\n\t\t<meta name=\"twitter:title\" content=\"Remesas enviadas a Guatemala en 10 meses superan al 2023\" \/>\n\t\t<meta name=\"twitter:description\" content=\"En octubre 2025 migrantes guatemaltecos enviaron 2390 millones de d\u00f3lares: 20% m\u00e1s que en el mismo mes de 2024. Total de 10 meses rebasa al 2023. Conoce datos.\" \/>\n\t\t<meta name=\"twitter:creator\" content=\"@SoyMigrante_com\" \/>\n\t\t<meta name=\"twitter:image\" content=\"https:\/\/soymigrante.com\/revista\/wp-content\/uploads\/2025\/11\/41.png\" \/>\n\t\t<!-- All in One SEO Pro -->\r\n\t\t<title>Remesas enviadas a Guatemala en 10 meses superan al 2023<\/title>\n\n","aioseo_head_json":{"title":"Remesas enviadas a Guatemala en 10 meses superan al 2023","description":"En octubre 2025 migrantes guatemaltecos enviaron 2390 millones de d\u00f3lares: 20% m\u00e1s que en el mismo mes de 2024. Total de 10 meses rebasa al 2023. Conoce datos.","canonical_url":"https:\/\/soymigrante.com\/revista\/migrantes-enviaron-a-guatemala-us2390-millones-en-remesas-durante-octubre-2025\/","robots":"max-snippet:-1, max-image-preview:large, max-video-preview:-1","keywords":"","webmasterTools":{"miscellaneous":"&lt;link rel=\"preconnect\" href=\"https:\/\/fonts.googleapis.com\" crossorigin&gt;\n&lt;link rel=\"preconnect\" href=\"https:\/\/fonts.gstatic.com\" crossorigin&gt;"},"schema":null,"og:locale":"es_ES","og:site_name":"SoyMigrante.com REVISTA \u2013 Nuestra misi\u00f3n es reconocer y dignificar al migrante.","og:type":"article","og:title":"Remesas enviadas a Guatemala en 10 meses superan al 2023","og:description":"En octubre 2025 migrantes guatemaltecos enviaron 2390 millones de d\u00f3lares: 20% m\u00e1s que en el mismo mes de 2024. Total de 10 meses rebasa al 2023. Conoce datos.","og:url":"https:\/\/soymigrante.com\/revista\/migrantes-enviaron-a-guatemala-us2390-millones-en-remesas-durante-octubre-2025\/","og:image":"https:\/\/soymigrante.com\/revista\/wp-content\/uploads\/2025\/11\/41.png","og:image:secure_url":"https:\/\/soymigrante.com\/revista\/wp-content\/uploads\/2025\/11\/41.png","og:image:width":579,"og:image:height":572,"article:published_time":"2025-11-10T18:19:11+00:00","article:modified_time":"2025-12-06T16:00:47+00:00","article:publisher":"https:\/\/www.facebook.com\/soymigrantecom","twitter:card":"summary_large_image","twitter:site":"@SoyMigrante_com","twitter:title":"Remesas enviadas a Guatemala en 10 meses superan al 2023","twitter:description":"En octubre 2025 migrantes guatemaltecos enviaron 2390 millones de d\u00f3lares: 20% m\u00e1s que en el mismo mes de 2024. Total de 10 meses rebasa al 2023. Conoce datos.","twitter:creator":"@SoyMigrante_com","twitter:image":"https:\/\/soymigrante.com\/revista\/wp-content\/uploads\/2025\/11\/41.png"},"aioseo_meta_data":{"post_id":"48711","title":"Falla global de Cloudflare dificulta acceso a sitios web","description":"No, no es tu internet: el proveedor global Cloudflare ha reportado fallas que ha afectado acceso a miles de sitios digitales en todo el mundo.","keywords":null,"keyphrases":{"focus":{"keyphrase":"Cloudflare","score":82,"analysis":{"keyphraseInTitle":{"score":9,"maxScore":9,"error":0},"keyphraseInDescription":{"score":9,"maxScore":9,"error":0},"keyphraseLength":{"score":9,"maxScore":9,"error":0,"length":1},"keyphraseInURL":{"score":5,"maxScore":5,"error":0},"keyphraseInIntroduction":{"score":9,"maxScore":9,"error":0},"keyphraseInSubHeadings":{"score":3,"maxScore":9,"error":1},"keyphraseInImageAlt":{"score":3,"maxScore":9,"error":1},"keywordDensity":{"type":"best","score":9,"maxScore":9,"error":0}}},"additional":[]},"primary_term":null,"canonical_url":null,"og_title":null,"og_description":null,"og_object_type":"default","og_image_type":"default","og_image_url":null,"og_image_width":null,"og_image_height":null,"og_image_custom_url":null,"og_image_custom_fields":null,"og_video":"","og_custom_url":null,"og_article_section":null,"og_article_tags":null,"twitter_use_og":false,"twitter_card":"default","twitter_image_type":"default","twitter_image_url":null,"twitter_image_custom_url":null,"twitter_image_custom_fields":null,"twitter_title":null,"twitter_description":null,"schema":{"blockGraphs":[],"customGraphs":[],"default":{"data":{"Article":[],"Course":[],"Dataset":[],"FAQPage":[],"Movie":[],"Person":[],"Product":[],"ProductReview":[],"Car":[],"Recipe":[],"Service":[],"SoftwareApplication":[],"WebPage":[]},"graphName":"NewsArticle","isEnabled":true},"graphs":[]},"schema_type":"default","schema_type_options":null,"pillar_content":false,"robots_default":true,"robots_noindex":false,"robots_noarchive":false,"robots_nosnippet":false,"robots_nofollow":false,"robots_noimageindex":false,"robots_noodp":false,"robots_notranslate":false,"robots_max_snippet":"-1","robots_max_videopreview":"-1","robots_max_imagepreview":"large","priority":null,"frequency":"default","local_seo":null,"seo_analyzer_scan_date":"2025-11-18 15:11:01","breadcrumb_settings":null,"limit_modified_date":false,"reviewed_by":null,"open_ai":null,"ai":{"faqs":[],"keyPoints":[],"titles":[],"descriptions":[],"socialPosts":{"email":[],"linkedin":[],"twitter":[],"facebook":[],"instagram":[]}},"created":"2025-11-18 14:43:21","updated":"2026-02-05 07:05:16"},"aioseo_breadcrumb":"<div class=\"aioseo-breadcrumbs\"><span class=\"aioseo-breadcrumb\">\n\t<a href=\"https:\/\/soymigrante.com\/revista\" title=\"Home\">Home<\/a>\n<\/span><span class=\"aioseo-breadcrumb-separator\">\u00bb<\/span><span class=\"aioseo-breadcrumb\">\n\t<a href=\"https:\/\/soymigrante.com\/revista\/category\/noticias\/\" title=\"Noticias\">Noticias<\/a>\n<\/span><span class=\"aioseo-breadcrumb-separator\">\u00bb<\/span><span class=\"aioseo-breadcrumb\">\n\tFalla global de Cloudflare dificulta acceso a varios sitios web (no, no es tu se\u00f1al de internet)\n<\/span><\/div>","aioseo_breadcrumb_json":[{"label":"Home","link":"https:\/\/soymigrante.com\/revista"},{"label":"Noticias","link":"https:\/\/soymigrante.com\/revista\/category\/noticias\/"},{"label":"Falla global de Cloudflare dificulta acceso a varios sitios web (no, no es tu se\u00f1al de internet)","link":"https:\/\/soymigrante.com\/revista\/falla-global-de-cloudflare-dificulta-acceso-a-varios-sitios-web-no-no-es-tu-senal-de-internet\/"}],"_links":{"self":[{"href":"https:\/\/soymigrante.com\/revista\/wp-json\/wp\/v2\/posts\/48711","targetHints":{"allow":["GET"]}}],"collection":[{"href":"https:\/\/soymigrante.com\/revista\/wp-json\/wp\/v2\/posts"}],"about":[{"href":"https:\/\/soymigrante.com\/revista\/wp-json\/wp\/v2\/types\/post"}],"author":[{"embeddable":true,"href":"https:\/\/soymigrante.com\/revista\/wp-json\/wp\/v2\/users\/7"}],"replies":[{"embeddable":true,"href":"https:\/\/soymigrante.com\/revista\/wp-json\/wp\/v2\/comments?post=48711"}],"version-history":[{"count":7,"href":"https:\/\/soymigrante.com\/revista\/wp-json\/wp\/v2\/posts\/48711\/revisions"}],"predecessor-version":[{"id":48721,"href":"https:\/\/soymigrante.com\/revista\/wp-json\/wp\/v2\/posts\/48711\/revisions\/48721"}],"wp:featuredmedia":[{"embeddable":true,"href":"https:\/\/soymigrante.com\/revista\/wp-json\/wp\/v2\/media\/48713"}],"wp:attachment":[{"href":"https:\/\/soymigrante.com\/revista\/wp-json\/wp\/v2\/media?parent=48711"}],"wp:term":[{"taxonomy":"category","embeddable":true,"href":"https:\/\/soymigrante.com\/revista\/wp-json\/wp\/v2\/categories?post=48711"},{"taxonomy":"post_tag","embeddable":true,"href":"https:\/\/soymigrante.com\/revista\/wp-json\/wp\/v2\/tags?post=48711"}],"curies":[{"name":"wp","href":"https:\/\/api.w.org\/{rel}","templated":true}]}}