{"id":48696,"date":"2025-11-17T12:03:32","date_gmt":"2025-11-17T18:03:32","guid":{"rendered":"https:\/\/soymigrante.com\/revista\/?p=48696"},"modified":"2025-11-17T12:04:09","modified_gmt":"2025-11-17T18:04:09","slug":"susana-arrechea-ilumina-comunidades-guatemaltecas-con-el-sol-de-la-tecnologia","status":"publish","type":"post","link":"https:\/\/soymigrante.com\/revista\/susana-arrechea-ilumina-comunidades-guatemaltecas-con-el-sol-de-la-tecnologia\/","title":{"rendered":"Susana Arrechea ilumina comunidades guatemaltecas con el sol de la tecnolog\u00eda"},"content":{"rendered":"\t\t<div data-elementor-type=\"wp-post\" data-elementor-id=\"48696\" class=\"elementor elementor-48696\" data-elementor-post-type=\"post\">\n\t\t\t\t<div data-particle_enable=\"false\" data-particle-mobile-disabled=\"false\" class=\"elementor-element elementor-element-181d06f e-flex e-con-boxed e-con e-parent\" data-id=\"181d06f\" data-element_type=\"container\" data-e-type=\"container\">\n\t\t\t\t\t<div class=\"e-con-inner\">\n\t\t\t\t<div class=\"elementor-element elementor-element-a9591a4 elementor-widget elementor-widget-heading\" data-id=\"a9591a4\" data-element_type=\"widget\" data-e-type=\"widget\" data-widget_type=\"heading.default\">\n\t\t\t\t\t<h2 class=\"elementor-heading-title elementor-size-default\">Desde California, la ingeniera y nanocient\u00edfica guatemalteca Susana Arrechea lidera proyectos de centros comunitarios digitales con electrificacion solar y alfabetizaci\u00f3n inform\u00e1tica de mujeres ind\u00edgenas. Esta es su historia.<\/h2>\t\t\t\t<\/div>\n\t\t\t\t\t<\/div>\n\t\t\t\t<\/div>\n\t\t<div data-particle_enable=\"false\" data-particle-mobile-disabled=\"false\" class=\"elementor-element elementor-element-2c99b83 e-flex e-con-boxed e-con e-parent\" data-id=\"2c99b83\" data-element_type=\"container\" data-e-type=\"container\">\n\t\t\t\t\t<div class=\"e-con-inner\">\n\t\t\t\t<div class=\"elementor-element elementor-element-e992cf6 elementor-widget elementor-widget-text-editor\" data-id=\"e992cf6\" data-element_type=\"widget\" data-e-type=\"widget\" data-widget_type=\"text-editor.default\">\n\t\t\t\t\t\t\t\t\t<p>Hasta el cambio m\u00e1s peque\u00f1o, incluso a nivel de mol\u00e9culas, puede significar grandes diferencias, no solo en nanociencia sino tambi\u00e9n en educaci\u00f3n y proyectos sociales: esa fue la conclusi\u00f3n a la que se lleg\u00f3 al final de la conversaci\u00f3n con la ingeniera qu\u00edmica y nanocient\u00edfica guatemalteca Susana Arrechea, quien vive y trabaja en Richmond, California en la investigaci\u00f3n de desarrollo y aplicaciones de la\u00a0<a href=\"https:\/\/soymigrante.com\/revista\/lider-migrante-alfonso-perez-apoya-sirve-e-innova-con-la-energia-del-sol\/\">energ\u00eda solar.<\/a><\/p><p>Y su historia es la de una guatemalteca que encontr\u00f3 en la tecnolog\u00eda no solo una carrera profesional, sino un camino para acercar oportunidades\u00a0 de educaci\u00f3n, desarrollo y tecnolog\u00eda a las <i><a href=\"https:\/\/soymigrante.com\/revista\/safe-passage-guatemala-educacion-que-transforma-comunidades-y-futuros\/\">comunidades rurales<\/a><\/i> del pa\u00eds. Dirige proyectos de centros comunitarios digitales y alfabetizaci\u00f3n digital de mujeres ind\u00edgenas, labor por la cual recibi\u00f3 en 2024 el Premio Princesa de Girona, en Espa\u00f1a.<\/p><p>Su pasi\u00f3n por la ciencia es enorme y son varios sus logros a nivel de qu\u00edmica molecular para hacer m\u00e1s eficiente la generaci\u00f3n de energ\u00eda solar. Pero si se le pregunta por su mayor ideal, ella vuelve siempre dice: mejorar la vida de las personas. Y esta es su historia.<\/p><p>\u201cLo que hago por transformar las comunidades rurales de Guatemala a m\u00ed tambi\u00e9n me ha transformado\u201d, dice Susana Arrechea.<\/p>\t\t\t\t\t\t\t\t<\/div>\n\t\t\t\t\t<\/div>\n\t\t\t\t<\/div>\n\t\t<div data-particle_enable=\"false\" data-particle-mobile-disabled=\"false\" class=\"elementor-element elementor-element-81bf08f e-flex e-con-boxed e-con e-parent\" data-id=\"81bf08f\" data-element_type=\"container\" data-e-type=\"container\">\n\t\t\t\t\t<div class=\"e-con-inner\">\n\t\t\t\t<div class=\"elementor-element elementor-element-ded1a4e elementor-widget elementor-widget-image\" data-id=\"ded1a4e\" data-element_type=\"widget\" data-e-type=\"widget\" data-widget_type=\"image.default\">\n\t\t\t\t\t\t\t\t\t\t\t\t<figure class=\"wp-caption\">\n\t\t\t\t\t\t\t\t\t\t<img fetchpriority=\"high\" decoding=\"async\" width=\"686\" height=\"613\" src=\"https:\/\/soymigrante.com\/revista\/wp-content\/uploads\/2025\/11\/susana-arrechea-cientifica-guatemalteca-10.jpg\" class=\"attachment-large size-large wp-image-48701\" alt=\"Susana Arrechea siempre lo dice con mucha humildad y sinceridad: su mayor galard\u00f3n es cada ni\u00f1o que empieza a sentir curiosidad por la Ciencia y que empieza a so\u00f1ar con hacer una carrera cient\u00edfica tecnol\u00f3gica. Hasta la fecha ha impartido conferencias y talleras a m\u00e1s de 5 mil estudiantes; se enfoca especialmente en las ni\u00f1as y j\u00f3venes ind\u00edgenas.\" srcset=\"https:\/\/soymigrante.com\/revista\/wp-content\/uploads\/2025\/11\/susana-arrechea-cientifica-guatemalteca-10.jpg 686w, https:\/\/soymigrante.com\/revista\/wp-content\/uploads\/2025\/11\/susana-arrechea-cientifica-guatemalteca-10-300x268.jpg 300w\" sizes=\"(max-width: 686px) 100vw, 686px\" title=\"susana arrechea cient\u00edfica guatemalteca 10 \u2013 SoyMigrante.com REVISTA\" \/>\t\t\t\t\t\t\t\t\t\t\t<figcaption class=\"widget-image-caption wp-caption-text\">Susana Arrechea siempre lo dice con mucha humildad y sinceridad: su mayor galard\u00f3n es cada ni\u00f1o que empieza a sentir curiosidad por la Ciencia y que empieza a so\u00f1ar con hacer una carrera cient\u00edfica tecnol\u00f3gica.   Hasta la fecha ha impartido conferencias y talleras a m\u00e1s de 5 mil estudiantes; se enfoca especialmente en las ni\u00f1as y j\u00f3venes ind\u00edgenas.<\/figcaption>\n\t\t\t\t\t\t\t\t\t\t<\/figure>\n\t\t\t\t\t\t\t\t\t<\/div>\n\t\t\t\t\t<\/div>\n\t\t\t\t<\/div>\n\t\t<div data-particle_enable=\"false\" data-particle-mobile-disabled=\"false\" class=\"elementor-element elementor-element-087d0a6 e-flex e-con-boxed e-con e-parent\" data-id=\"087d0a6\" data-element_type=\"container\" data-e-type=\"container\">\n\t\t\t\t\t<div class=\"e-con-inner\">\n\t\t\t\t<div class=\"elementor-element elementor-element-afee36e elementor-widget elementor-widget-heading\" data-id=\"afee36e\" data-element_type=\"widget\" data-e-type=\"widget\" data-widget_type=\"heading.default\">\n\t\t\t\t\t<h3 class=\"elementor-heading-title elementor-size-default\">De la qu\u00edmica tradicional a la nanotecnolog\u00eda<\/h3>\t\t\t\t<\/div>\n\t\t\t\t\t<\/div>\n\t\t\t\t<\/div>\n\t\t<div data-particle_enable=\"false\" data-particle-mobile-disabled=\"false\" class=\"elementor-element elementor-element-cc68c49 e-flex e-con-boxed e-con e-parent\" data-id=\"cc68c49\" data-element_type=\"container\" data-e-type=\"container\">\n\t\t\t\t\t<div class=\"e-con-inner\">\n\t\t\t\t<div class=\"elementor-element elementor-element-ab267e3 elementor-widget elementor-widget-text-editor\" data-id=\"ab267e3\" data-element_type=\"widget\" data-e-type=\"widget\" data-widget_type=\"text-editor.default\">\n\t\t\t\t\t\t\t\t\t<p>Susana Arrechea estudi\u00f3 Ingenier\u00eda Qu\u00edmica en la Universidad de San Carlos de Guatemala con la convicci\u00f3n de trabajar alg\u00fan d\u00eda en productividad industrial. El buscar <a href=\"https:\/\/soymigrante.com\/revista\/becas-de-apoyo-y-certificacion-a-migrantes-retornados-brinda-el-intecap\/\">becas<\/a> en el extranjero descubri\u00f3 un nuevo universo: la nanotecnolog\u00eda aplicada a la energ\u00eda.\u00a0<\/p><p>Con una beca\u00a0 desarroll\u00f3 su maestr\u00eda y doctorado en Nanociencia en Espa\u00f1a. Una inmersi\u00f3n total. \u201cEra una qu\u00edmica\u00a0 m\u00e1s profunda, enfocada en energ\u00eda, pero todo a nivel de mol\u00e9culas, en laboratorio\u201d.\u00a0<\/p><p>Pero descubri\u00f3 all\u00ed algo que hab\u00eda normalizado en Guatemala: &#8220;La baja presencia de mujeres en ingenier\u00eda,\u00a0es parte de una desigualdad estructural: talento hay, pero tambi\u00e9n muchas barreras para que esa inteligencia llegue a las aulas: se necesita que m\u00e1s ni\u00f1as y j\u00f3venes tengan oportunidades de aprendizaje&#8221;, explica.<\/p><p>Comenz\u00f3 a trabajar en investigaci\u00f3n para p\u00e1neles solares y tambi\u00e9n su utilidad pr\u00e1ctica. Ya no solo med\u00eda mol\u00e9culas o celdas solares m\u00e1s eficientes; buscaba entender \u201cc\u00f3mo esta energ\u00eda fotovoltaica puede llegar a las comunidades, no solo desde la parte t\u00e9cnica sino tambi\u00e9n social, econ\u00f3mica y ambiental\u201d. Fue ah\u00ed donde empez\u00f3 a imaginar c\u00f3mo la ciencia pod\u00eda ser una herramienta real para <a href=\"https:\/\/soymigrante.com\/revista\/migracion-jovenes-guatemaltecos-falta-oportunidades-necesitamos-desarrollo\/\">el desarrollo, sobre todo de los ni\u00f1os y j\u00f3venes,<\/a> en Guatemala.<\/p>\t\t\t\t\t\t\t\t<\/div>\n\t\t\t\t\t<\/div>\n\t\t\t\t<\/div>\n\t\t<div data-particle_enable=\"false\" data-particle-mobile-disabled=\"false\" class=\"elementor-element elementor-element-f7b8576 e-flex e-con-boxed e-con e-parent\" data-id=\"f7b8576\" data-element_type=\"container\" data-e-type=\"container\">\n\t\t\t\t\t<div class=\"e-con-inner\">\n\t\t\t\t<div class=\"elementor-element elementor-element-a929df2 elementor-widget elementor-widget-html\" data-id=\"a929df2\" data-element_type=\"widget\" data-e-type=\"widget\" data-widget_type=\"html.default\">\n\t\t\t\t\t<iframe width=\"560\" height=\"415\" src=\"https:\/\/www.youtube.com\/embed\/d5LqP-UGql8?si=UidfF9U2DZ0Nx1OS\" title=\"YouTube video player\" frameborder=\"0\" allow=\"accelerometer; autoplay; clipboard-write; encrypted-media; gyroscope; picture-in-picture; web-share\" referrerpolicy=\"strict-origin-when-cross-origin\" allowfullscreen><\/iframe>\t\t\t\t<\/div>\n\t\t\t\t\t<\/div>\n\t\t\t\t<\/div>\n\t\t<div data-particle_enable=\"false\" data-particle-mobile-disabled=\"false\" class=\"elementor-element elementor-element-89b756b e-flex e-con-boxed e-con e-parent\" data-id=\"89b756b\" data-element_type=\"container\" data-e-type=\"container\">\n\t\t\t\t\t<div class=\"e-con-inner\">\n\t\t\t\t<div class=\"elementor-element elementor-element-562ce4f elementor-widget elementor-widget-heading\" data-id=\"562ce4f\" data-element_type=\"widget\" data-e-type=\"widget\" data-widget_type=\"heading.default\">\n\t\t\t\t\t<h3 class=\"elementor-heading-title elementor-size-default\">Nueva luz para las comunidades<\/h3>\t\t\t\t<\/div>\n\t\t\t\t\t<\/div>\n\t\t\t\t<\/div>\n\t\t<div data-particle_enable=\"false\" data-particle-mobile-disabled=\"false\" class=\"elementor-element elementor-element-e29a9a1 e-flex e-con-boxed e-con e-parent\" data-id=\"e29a9a1\" data-element_type=\"container\" data-e-type=\"container\">\n\t\t\t\t\t<div class=\"e-con-inner\">\n\t\t\t\t<div class=\"elementor-element elementor-element-88a9b54 elementor-widget elementor-widget-text-editor\" data-id=\"88a9b54\" data-element_type=\"widget\" data-e-type=\"widget\" data-widget_type=\"text-editor.default\">\n\t\t\t\t\t\t\t\t\t<p>En 2015 conoci\u00f3 a un grupo de innovadores en energ\u00eda solar en Estados Unidos. Para 2016 ya colaboraba como voluntaria para llevar sus ideas a Guatemala. Tras visitar escuelas y comunidades, identific\u00f3 una necesidad urgente: no hab\u00eda conectividad porque no hab\u00eda electricidad.\u00a0<\/p><p>En 2017 lograron lanzar su primer piloto en Santa Rosa, con apoyo de Microsoft. Instalaron p\u00e1neles solares para poder poner a funcionar un centro comunitario digital, en donde se dieron cursos a mujeres y ni\u00f1os sobre uso herramientas tecnol\u00f3gicas.<\/p><p>\u201cDe eso surge crear la empresa\u201d, cuenta. En 2019 cofund\u00f3 New Sun Road Guatemala (Camino del Nuevo Sol, podr\u00eda traducirse) una organizaci\u00f3n dedicada a instalar sistemas solares y centros de acceso tecnol\u00f3gico en \u00e1reas rurales.\u00a0<\/p>\t\t\t\t\t\t\t\t<\/div>\n\t\t\t\t\t<\/div>\n\t\t\t\t<\/div>\n\t\t<div data-particle_enable=\"false\" data-particle-mobile-disabled=\"false\" class=\"elementor-element elementor-element-c0423ec e-flex e-con-boxed e-con e-parent\" data-id=\"c0423ec\" data-element_type=\"container\" data-e-type=\"container\">\n\t\t\t\t\t<div class=\"e-con-inner\">\n\t\t\t\t<div class=\"elementor-element elementor-element-f9ce059 elementor-widget elementor-widget-facebook-page\" data-id=\"f9ce059\" data-element_type=\"widget\" data-e-type=\"widget\" data-widget_type=\"facebook-page.default\">\n\t\t\t\t\t<div class=\"elementor-facebook-widget fb-page\" data-href=\"https:\/\/www.facebook.com\/NewSunRoadGuatemala\" data-tabs=\"timeline\" data-height=\"500px\" data-width=\"500px\" data-small-header=\"false\" data-hide-cover=\"false\" data-show-facepile=\"true\" data-hide-cta=\"false\" style=\"min-height: 1px;height:500px\"><\/div>\t\t\t\t<\/div>\n\t\t\t\t\t<\/div>\n\t\t\t\t<\/div>\n\t\t<div data-particle_enable=\"false\" data-particle-mobile-disabled=\"false\" class=\"elementor-element elementor-element-f4ad076 e-flex e-con-boxed e-con e-parent\" data-id=\"f4ad076\" data-element_type=\"container\" data-e-type=\"container\">\n\t\t\t\t\t<div class=\"e-con-inner\">\n\t\t\t\t<div class=\"elementor-element elementor-element-e26e3ae elementor-widget elementor-widget-heading\" data-id=\"e26e3ae\" data-element_type=\"widget\" data-e-type=\"widget\" data-widget_type=\"heading.default\">\n\t\t\t\t\t<h3 class=\"elementor-heading-title elementor-size-default\">La conectividad salva vidas y genera futuros<\/h3>\t\t\t\t<\/div>\n\t\t\t\t\t<\/div>\n\t\t\t\t<\/div>\n\t\t<div data-particle_enable=\"false\" data-particle-mobile-disabled=\"false\" class=\"elementor-element elementor-element-8c49872 e-flex e-con-boxed e-con e-parent\" data-id=\"8c49872\" data-element_type=\"container\" data-e-type=\"container\">\n\t\t\t\t\t<div class=\"e-con-inner\">\n\t\t\t\t<div class=\"elementor-element elementor-element-a7d3ac6 elementor-widget elementor-widget-text-editor\" data-id=\"a7d3ac6\" data-element_type=\"widget\" data-e-type=\"widget\" data-widget_type=\"text-editor.default\">\n\t\t\t\t\t\t\t\t\t<p>El a\u00f1o 2020 \u2014con todo y pandemia\u2014 se convirti\u00f3 en un punto de inflexi\u00f3n. \u201cA veces pareciera que uno va un poco adelantado\u2026 hasta que ya se tiene encima una situaci\u00f3n adversa\u201d, reflexiona. La crisis sanitaria hizo evidente lo que ella llevaba a\u00f1os diciendo: la conectividad es esencial para promover la salud, para educar a la comunidad y salvar vidas.<\/p><p>En ese a\u00f1o iniciaron los Centros Comunitarios Digitales en <a href=\"https:\/\/soymigrante.com\/revista\/departamentos-de-guatemala-alta-verapaz-mosaico-cultural-y-natural\/\">Alta Verapaz<\/a>. Hubo una pausa durante la pandemia, pero hoy funcionan 30 centros, y Susana espera que pronto sean 50. Ni\u00f1as, ni\u00f1os y mujeres acuden a ellos para aprender: ya han surgido vocaciones cient\u00edficas en ese trayecto.<\/p><p>\u201cEsperamos instalar 17 centros m\u00e1s en el siguiente a\u00f1o para llevarlos a comunidades en necesidad\u201d, afirma Susana, consciente de que cada instalaci\u00f3n abre puertas educativas, laborales y sociales para miles de personas.<\/p>\t\t\t\t\t\t\t\t<\/div>\n\t\t\t\t\t<\/div>\n\t\t\t\t<\/div>\n\t\t<div data-particle_enable=\"false\" data-particle-mobile-disabled=\"false\" class=\"elementor-element elementor-element-9b7410f e-flex e-con-boxed e-con e-parent\" data-id=\"9b7410f\" data-element_type=\"container\" data-e-type=\"container\">\n\t\t\t\t\t<div class=\"e-con-inner\">\n\t\t\t\t<div class=\"elementor-element elementor-element-fad5e0c elementor-widget elementor-widget-html\" data-id=\"fad5e0c\" data-element_type=\"widget\" data-e-type=\"widget\" data-widget_type=\"html.default\">\n\t\t\t\t\t<iframe width=\"560\" height=\"415\" src=\"https:\/\/www.youtube.com\/embed\/T85UyKRZMlw?si=m2l3R2BLNJ6E8XI6\" title=\"YouTube video player\" frameborder=\"0\" allow=\"accelerometer; autoplay; clipboard-write; encrypted-media; gyroscope; picture-in-picture; web-share\" referrerpolicy=\"strict-origin-when-cross-origin\" allowfullscreen><\/iframe>\t\t\t\t<\/div>\n\t\t\t\t\t<\/div>\n\t\t\t\t<\/div>\n\t\t<div data-particle_enable=\"false\" data-particle-mobile-disabled=\"false\" class=\"elementor-element elementor-element-c236581 e-flex e-con-boxed e-con e-parent\" data-id=\"c236581\" data-element_type=\"container\" data-e-type=\"container\">\n\t\t\t\t\t<div class=\"e-con-inner\">\n\t\t\t\t<div class=\"elementor-element elementor-element-f01d41f elementor-widget elementor-widget-heading\" data-id=\"f01d41f\" data-element_type=\"widget\" data-e-type=\"widget\" data-widget_type=\"heading.default\">\n\t\t\t\t\t<h3 class=\"elementor-heading-title elementor-size-default\">Siempre guatemalteca<\/h3>\t\t\t\t<\/div>\n\t\t\t\t\t<\/div>\n\t\t\t\t<\/div>\n\t\t<div data-particle_enable=\"false\" data-particle-mobile-disabled=\"false\" class=\"elementor-element elementor-element-6361631 e-flex e-con-boxed e-con e-parent\" data-id=\"6361631\" data-element_type=\"container\" data-e-type=\"container\">\n\t\t\t\t\t<div class=\"e-con-inner\">\n\t\t\t\t<div class=\"elementor-element elementor-element-03f61b0 elementor-widget elementor-widget-text-editor\" data-id=\"03f61b0\" data-element_type=\"widget\" data-e-type=\"widget\" data-widget_type=\"text-editor.default\">\n\t\t\t\t\t\t\t\t\t<p>Aunque su trabajo la ha llevado a vivir en Espa\u00f1a y actualmente en California, su identidad nunca ha estado en disputa. \u201cYo<a href=\"https:\/\/soymigrante.com\/revista\/festival-de-las-flores-2025-enciende-colorida-primavera-en-la-antigua-guatemala\/\"> florezco<\/a> cuando estoy en Guatemala\u201d, confiesa. Recuerda c\u00f3mo, al regresar de un viaje reciente de apenas tres d\u00edas por Guatemala, rompi\u00f3 en llanto al subir al avi\u00f3n: \u201cAmo estar con mi familia y mis hijas, pero de Guatemala siempre me llevo todo en el alma: el olor, la humedad, el aire\u201d.<\/p><p>De hecho, como migrante, cuenta que siempre extra\u00f1a los sabores de la comida de su casa, las tradiciones de temporada y por supuesto el contacto con la familia. Pero ella lo que ha hecho es trasladar ese sentido guatemalteco a su propio hogar.<\/p><p>Sus hijas, de hecho, abrazan esa identidad. \u201cA veces ellas mismas dicen \u2018Yo soy guatemalteca\u2019, y eso a m\u00ed me llena de orgullo\u201d, cuenta con una sonrisa. Ese sentido de pertenencia ser\u00e1 siempre marca su Norte. O m\u00e1s bien su Oriente, donde siempre nace el Sol.<\/p><p>Actualmente, Arrechea combina su rol en New Sun Road Guatemala con trabajo especializado en New Sun Road Estados Unidos, donde impulsa proyectos de integraci\u00f3n energ\u00e9tica usando inteligencia artificial.\u00a0<\/p><p>\u201cTenemos una tecnolog\u00eda que ayuda a comunicar paneles solares, bater\u00edas, la red nacional y veh\u00edculos el\u00e9ctricos para optimizar el uso de energ\u00eda\u201d, explica.\u00a0\u00a0<\/p>\t\t\t\t\t\t\t\t<\/div>\n\t\t\t\t\t<\/div>\n\t\t\t\t<\/div>\n\t\t<div data-particle_enable=\"false\" data-particle-mobile-disabled=\"false\" class=\"elementor-element elementor-element-0b28f2f e-flex e-con-boxed e-con e-parent\" data-id=\"0b28f2f\" data-element_type=\"container\" data-e-type=\"container\">\n\t\t\t\t\t<div class=\"e-con-inner\">\n\t\t\t\t<div class=\"elementor-element elementor-element-589a97c elementor-widget elementor-widget-html\" data-id=\"589a97c\" data-element_type=\"widget\" data-e-type=\"widget\" data-widget_type=\"html.default\">\n\t\t\t\t\t<iframe width=\"560\" height=\"415\" src=\"https:\/\/www.youtube.com\/embed\/ZTALMHG8ZzU?si=KX5ojdN_f2JvxsiT\" title=\"YouTube video player\" frameborder=\"0\" allow=\"accelerometer; autoplay; clipboard-write; encrypted-media; gyroscope; picture-in-picture; web-share\" referrerpolicy=\"strict-origin-when-cross-origin\" allowfullscreen><\/iframe>\t\t\t\t<\/div>\n\t\t\t\t\t<\/div>\n\t\t\t\t<\/div>\n\t\t<div data-particle_enable=\"false\" data-particle-mobile-disabled=\"false\" class=\"elementor-element elementor-element-9ed63d5 e-flex e-con-boxed e-con e-parent\" data-id=\"9ed63d5\" data-element_type=\"container\" data-e-type=\"container\">\n\t\t\t\t\t<div class=\"e-con-inner\">\n\t\t\t\t<div class=\"elementor-element elementor-element-2645ed1 elementor-widget elementor-widget-heading\" data-id=\"2645ed1\" data-element_type=\"widget\" data-e-type=\"widget\" data-widget_type=\"heading.default\">\n\t\t\t\t\t<h3 class=\"elementor-heading-title elementor-size-default\">Su gran sue\u00f1o: impulsar peque\u00f1os cambios para grandes resultados<\/h3>\t\t\t\t<\/div>\n\t\t\t\t\t<\/div>\n\t\t\t\t<\/div>\n\t\t<div data-particle_enable=\"false\" data-particle-mobile-disabled=\"false\" class=\"elementor-element elementor-element-6711fd8 e-flex e-con-boxed e-con e-parent\" data-id=\"6711fd8\" data-element_type=\"container\" data-e-type=\"container\">\n\t\t\t\t\t<div class=\"e-con-inner\">\n\t\t\t\t<div class=\"elementor-element elementor-element-40db27c elementor-widget elementor-widget-text-editor\" data-id=\"40db27c\" data-element_type=\"widget\" data-e-type=\"widget\" data-widget_type=\"text-editor.default\">\n\t\t\t\t\t\t\t\t\t<p>Susana Arrechea piensa en el futuro con la misma valent\u00eda con la que ha construido su carrera. Cuando se le pregunta por su gran sue\u00f1o, sonr\u00ede antes de responder con honestidad:<\/p><p>\u201cMe gustar\u00eda hacer un impacto al pa\u00eds\u2026 en promoci\u00f3n de la ciencia y la tecnolog\u00eda, que haya m\u00e1s cient\u00edficos en Guatemala, m\u00e1s ciencia aplicada, m\u00e1s desarrollo para las comunidades rurales, porque all\u00ed es donde cada vida que cambia, cada inteligencia infantil que se cultiva puede hacer una enorme diferencia\u201d.<\/p><p>Y por eso, la conclusi\u00f3n, se\u00f1alada al principio se confirma: Peque\u00f1os cambios pueden significar enormes diferencias de mejora en resultados.<\/p><p>\u00a0<\/p>\t\t\t\t\t\t\t\t<\/div>\n\t\t\t\t\t<\/div>\n\t\t\t\t<\/div>\n\t\t<div data-particle_enable=\"false\" data-particle-mobile-disabled=\"false\" class=\"elementor-element elementor-element-f07f8de e-flex e-con-boxed e-con e-parent\" data-id=\"f07f8de\" data-element_type=\"container\" data-e-type=\"container\">\n\t\t\t\t\t<div class=\"e-con-inner\">\n\t\t\t\t<div class=\"elementor-element elementor-element-dada8d6 elementor-invisible elementor-widget elementor-widget-testimonial\" data-id=\"dada8d6\" data-element_type=\"widget\" data-e-type=\"widget\" data-settings=\"{&quot;_animation&quot;:&quot;rotateInUpRight&quot;}\" data-widget_type=\"testimonial.default\">\n\t\t\t\t\t\t\t<div class=\"elementor-testimonial-wrapper\">\n\t\t\t\t\t\t\t<div class=\"elementor-testimonial-content\">\"Al apoyar a las comunidades guatemaltecas yo tambi\u00e9n he aprendido mucho, de la diversidad cultural: es admirable el apoyo por el bien comunitario y como las mujeres se unen para impulsar su desarrollo, venciendo retos con una resiliencia inspiradoras\"<\/div>\n\t\t\t\n\t\t\t\t\t\t<div class=\"elementor-testimonial-meta elementor-has-image elementor-testimonial-image-position-aside\">\n\t\t\t\t<div class=\"elementor-testimonial-meta-inner\">\n\t\t\t\t\t\t\t\t\t\t\t<div class=\"elementor-testimonial-image\">\n\t\t\t\t\t\t\t<img decoding=\"async\" width=\"1536\" height=\"2048\" src=\"https:\/\/soymigrante.com\/revista\/wp-content\/uploads\/2025\/11\/susana-arrechea-cientifica-guatemalteca-14.jpg\" class=\"attachment-full size-full wp-image-48702\" alt=\"susana arrechea cient\u00edfica guatemalteca 14\" title=\"susana arrechea cient\u00edfica guatemalteca 14 \u2013 SoyMigrante.com REVISTA\" srcset=\"https:\/\/soymigrante.com\/revista\/wp-content\/uploads\/2025\/11\/susana-arrechea-cientifica-guatemalteca-14.jpg 1536w, https:\/\/soymigrante.com\/revista\/wp-content\/uploads\/2025\/11\/susana-arrechea-cientifica-guatemalteca-14-225x300.jpg 225w, https:\/\/soymigrante.com\/revista\/wp-content\/uploads\/2025\/11\/susana-arrechea-cientifica-guatemalteca-14-768x1024.jpg 768w, https:\/\/soymigrante.com\/revista\/wp-content\/uploads\/2025\/11\/susana-arrechea-cientifica-guatemalteca-14-1152x1536.jpg 1152w, https:\/\/soymigrante.com\/revista\/wp-content\/uploads\/2025\/11\/susana-arrechea-cientifica-guatemalteca-14-750x1000.jpg 750w, https:\/\/soymigrante.com\/revista\/wp-content\/uploads\/2025\/11\/susana-arrechea-cientifica-guatemalteca-14-1140x1520.jpg 1140w\" sizes=\"(max-width: 1536px) 100vw, 1536px\" \/>\t\t\t\t\t\t<\/div>\n\t\t\t\t\t\n\t\t\t\t\t\t\t\t\t\t<div class=\"elementor-testimonial-details\">\n\t\t\t\t\t\t\t\t\t\t\t\t\t\t<div class=\"elementor-testimonial-name\">Susana Arrechea<\/div>\n\t\t\t\t\t\t\t\t\t\t\t\t\t\t\t\t\t\t\t\t\t\t<div class=\"elementor-testimonial-job\">Cient\u00edfica guatemalteca radicada\nen California, desde donde impulsa\nproyectos de energ\u00eda solar y conectividad\neducativa para mujeres de m\u00e1s de 30\ncomunidades rurales de Alta Verapaz \ny otros departamentos.<\/div>\n\t\t\t\t\t\t\t\t\t\t\t\t\t<\/div>\n\t\t\t\t\t\t\t\t\t<\/div>\n\t\t\t<\/div>\n\t\t\t\t\t<\/div>\n\t\t\t\t\t\t<\/div>\n\t\t\t\t\t<\/div>\n\t\t\t\t<\/div>\n\t\t<div data-particle_enable=\"false\" data-particle-mobile-disabled=\"false\" class=\"elementor-element elementor-element-fb6e9b9 e-flex e-con-boxed e-con e-parent\" data-id=\"fb6e9b9\" data-element_type=\"container\" data-e-type=\"container\">\n\t\t\t\t\t<div class=\"e-con-inner\">\n\t\t\t\t<div class=\"elementor-element elementor-element-7d1665a elementor-widget elementor-widget-heading\" data-id=\"7d1665a\" data-element_type=\"widget\" data-e-type=\"widget\" data-widget_type=\"heading.default\">\n\t\t\t\t\t<h2 class=\"elementor-heading-title elementor-size-default\">M\u00e1s inteligencia guatemalteca sin fronteras<\/h2>\t\t\t\t<\/div>\n\t\t\t\t\t<\/div>\n\t\t\t\t<\/div>\n\t\t<div data-particle_enable=\"false\" data-particle-mobile-disabled=\"false\" class=\"elementor-element elementor-element-b38a07a e-flex e-con-boxed e-con e-parent\" data-id=\"b38a07a\" data-element_type=\"container\" data-e-type=\"container\">\n\t\t\t\t\t<div class=\"e-con-inner\">\n\t\t\t\t<div class=\"elementor-element elementor-element-ef33861 elementor-grid-eael-col-3 elementor-grid-tablet-eael-col-2 elementor-grid-mobile-eael-col-1 elementor-widget elementor-widget-eael-post-grid\" data-id=\"ef33861\" data-element_type=\"widget\" data-e-type=\"widget\" data-settings=\"{&quot;eael_post_grid_columns&quot;:&quot;eael-col-3&quot;,&quot;eael_post_grid_columns_tablet&quot;:&quot;eael-col-2&quot;,&quot;eael_post_grid_columns_mobile&quot;:&quot;eael-col-1&quot;}\" data-widget_type=\"eael-post-grid.default\">\n\t\t\t\t\t<div id=\"eael-post-grid-ef33861\" class=\"eael-post-grid-container\">\n            <div class=\"eael-post-grid eael-post-appender eael-post-appender-ef33861 eael-post-grid-style-one\" data-layout-mode=\"masonry\"><article class=\"eael-grid-post  eael-post-grid-column eael-pg-post-2709 category-exitos\" data-id=\"2709\">\n        <div class=\"eael-grid-post-holder\">\n            <div class=\"eael-grid-post-holder-inner\"><div class=\"eael-entry-media\"><div class=\"eael-entry-overlay fade-in\"><i class=\"far fa-hand-pointer\" aria-hidden=\"true\"><\/i><a href=\"https:\/\/soymigrante.com\/revista\/migrante-guatemalteca-claudia-hernandez-dignifica-a-la-mujer\/\"><\/a><\/div><div class=\"eael-entry-thumbnail eael-image-ratio\">\n                <img decoding=\"async\" width=\"1024\" height=\"660\" src=\"https:\/\/soymigrante.com\/revista\/wp-content\/uploads\/2023\/09\/clau-hern-1024x660.webp\" class=\"attachment-large size-large wp-image-2886\" alt=\"Claudia D. Hern\u00e1ndez, migrante y escritora guatemalteca.\" srcset=\"https:\/\/soymigrante.com\/revista\/wp-content\/uploads\/2023\/09\/clau-hern-1024x660.webp 1024w, https:\/\/soymigrante.com\/revista\/wp-content\/uploads\/2023\/09\/clau-hern-300x193.webp 300w, https:\/\/soymigrante.com\/revista\/wp-content\/uploads\/2023\/09\/clau-hern-768x495.webp 768w, https:\/\/soymigrante.com\/revista\/wp-content\/uploads\/2023\/09\/clau-hern-750x483.webp 750w, https:\/\/soymigrante.com\/revista\/wp-content\/uploads\/2023\/09\/clau-hern-1140x735.webp 1140w, https:\/\/soymigrante.com\/revista\/wp-content\/uploads\/2023\/09\/clau-hern.webp 1187w\" sizes=\"(max-width: 1024px) 100vw, 1024px\" \/>\n            <\/div>\n        <\/div><div class=\"eael-entry-wrapper\"><header class=\"eael-entry-header\"><h2 class=\"eael-entry-title\"><a class=\"eael-grid-post-link\" href=\"https:\/\/soymigrante.com\/revista\/migrante-guatemalteca-claudia-hernandez-dignifica-a-la-mujer\/\" title=\"Migrante guatemalteca Claudia D. Hern\u00e1ndez  dignifica a las mujeres con arte y poes\u00eda\">Migrante guatemalteca Claudia D. Hern\u00e1ndez  dignifica a las mujeres con arte y poes\u00eda<\/a><\/h2><\/header><div class=\"eael-entry-content\">\n                        <div class=\"eael-grid-post-excerpt\"><a href=\"https:\/\/soymigrante.com\/revista\/migrante-guatemalteca-claudia-hernandez-dignifica-a-la-mujer\/\" class=\"eael-post-elements-readmore-btn\">CONOCE SU HISTORIA <\/a><\/div>\n                    <\/div><\/div><\/div>\n        <\/div>\n    <\/article><article class=\"eael-grid-post  eael-post-grid-column eael-pg-post-33378 category-exitos-guatemala\" data-id=\"33378\">\n        <div class=\"eael-grid-post-holder\">\n            <div class=\"eael-grid-post-holder-inner\"><div class=\"eael-entry-media\"><div class=\"eael-entry-overlay fade-in\"><i class=\"far fa-hand-pointer\" aria-hidden=\"true\"><\/i><a href=\"https:\/\/soymigrante.com\/revista\/ingrid-sub-cuc-migrante-de-solola-estudia-su-doctorado-en-california-sobre-medicina-maya-kaqchikel\/\"><\/a><\/div><div class=\"eael-entry-thumbnail eael-image-ratio\">\n                <img loading=\"lazy\" decoding=\"async\" width=\"1024\" height=\"1024\" src=\"https:\/\/soymigrante.com\/revista\/wp-content\/uploads\/2025\/05\/ingrid-sub-cuc-solola-maya-10-1024x1024.jpg\" class=\"attachment-large size-large wp-image-33379\" alt=\"Mujer ind\u00edgena con traje tradicional en un entorno natural frente a un lago y volc\u00e1n, s\u00edmbolo de cultura, identidad y orgullo en M\u00e9xico.\" srcset=\"https:\/\/soymigrante.com\/revista\/wp-content\/uploads\/2025\/05\/ingrid-sub-cuc-solola-maya-10-1024x1024.jpg 1024w, https:\/\/soymigrante.com\/revista\/wp-content\/uploads\/2025\/05\/ingrid-sub-cuc-solola-maya-10-300x300.jpg 300w, https:\/\/soymigrante.com\/revista\/wp-content\/uploads\/2025\/05\/ingrid-sub-cuc-solola-maya-10-150x150.jpg 150w, https:\/\/soymigrante.com\/revista\/wp-content\/uploads\/2025\/05\/ingrid-sub-cuc-solola-maya-10-768x768.jpg 768w, https:\/\/soymigrante.com\/revista\/wp-content\/uploads\/2025\/05\/ingrid-sub-cuc-solola-maya-10-75x75.webp 75w, https:\/\/soymigrante.com\/revista\/wp-content\/uploads\/2025\/05\/ingrid-sub-cuc-solola-maya-10-750x750.webp 750w, https:\/\/soymigrante.com\/revista\/wp-content\/uploads\/2025\/05\/ingrid-sub-cuc-solola-maya-10-1140x1140.webp 1140w, https:\/\/soymigrante.com\/revista\/wp-content\/uploads\/2025\/05\/ingrid-sub-cuc-solola-maya-10.webp 1478w\" sizes=\"(max-width: 1024px) 100vw, 1024px\" \/>\n            <\/div>\n        <\/div><div class=\"eael-entry-wrapper\"><header class=\"eael-entry-header\"><h2 class=\"eael-entry-title\"><a class=\"eael-grid-post-link\" href=\"https:\/\/soymigrante.com\/revista\/ingrid-sub-cuc-migrante-de-solola-estudia-su-doctorado-en-california-sobre-medicina-maya-kaqchikel\/\" title=\"Ingrid Sub Cuc, migrante de Solol\u00e1, estudia su doctorado en California sobre medicina maya kaqchikel\">Ingrid Sub Cuc, migrante de Solol\u00e1, estudia su doctorado en California sobre medicina maya kaqchikel<\/a><\/h2><\/header><div class=\"eael-entry-content\">\n                        <div class=\"eael-grid-post-excerpt\"><a href=\"https:\/\/soymigrante.com\/revista\/ingrid-sub-cuc-migrante-de-solola-estudia-su-doctorado-en-california-sobre-medicina-maya-kaqchikel\/\" class=\"eael-post-elements-readmore-btn\">CONOCE SU HISTORIA <\/a><\/div>\n                    <\/div><\/div><\/div>\n        <\/div>\n    <\/article><article class=\"eael-grid-post  eael-post-grid-column eael-pg-post-47709 category-exitos-guatemala\" data-id=\"47709\">\n        <div class=\"eael-grid-post-holder\">\n            <div class=\"eael-grid-post-holder-inner\"><div class=\"eael-entry-media\"><div class=\"eael-entry-overlay fade-in\"><i class=\"far fa-hand-pointer\" aria-hidden=\"true\"><\/i><a href=\"https:\/\/soymigrante.com\/revista\/dra-alejandra-paniagua-construye-en-new-york-un-puente-entre-la-medicina-y-el-alma\/\"><\/a><\/div><div class=\"eael-entry-thumbnail eael-image-ratio\">\n                <img loading=\"lazy\" decoding=\"async\" width=\"738\" height=\"738\" src=\"https:\/\/soymigrante.com\/revista\/wp-content\/uploads\/2025\/10\/DOCTORA-ALEjandra-paniagua-psiquiatra-ny-atitlan.png\" class=\"attachment-large size-large wp-image-47710\" alt=\"DOCTORA ALEjandra paniagua psiquiatra ny atitlan\" srcset=\"https:\/\/soymigrante.com\/revista\/wp-content\/uploads\/2025\/10\/DOCTORA-ALEjandra-paniagua-psiquiatra-ny-atitlan.png 738w, https:\/\/soymigrante.com\/revista\/wp-content\/uploads\/2025\/10\/DOCTORA-ALEjandra-paniagua-psiquiatra-ny-atitlan-300x300.png 300w, https:\/\/soymigrante.com\/revista\/wp-content\/uploads\/2025\/10\/DOCTORA-ALEjandra-paniagua-psiquiatra-ny-atitlan-150x150.png 150w, https:\/\/soymigrante.com\/revista\/wp-content\/uploads\/2025\/10\/DOCTORA-ALEjandra-paniagua-psiquiatra-ny-atitlan-75x75.png 75w\" sizes=\"(max-width: 738px) 100vw, 738px\" \/>\n            <\/div>\n        <\/div><div class=\"eael-entry-wrapper\"><header class=\"eael-entry-header\"><h2 class=\"eael-entry-title\"><a class=\"eael-grid-post-link\" href=\"https:\/\/soymigrante.com\/revista\/dra-alejandra-paniagua-construye-en-new-york-un-puente-entre-la-medicina-y-el-alma\/\" title=\"Dra. Alejandra Paniagua construye en New York un puente entre la medicina y el alma\">Dra. Alejandra Paniagua construye en New York un puente entre la medicina y el alma<\/a><\/h2><\/header><div class=\"eael-entry-content\">\n                        <div class=\"eael-grid-post-excerpt\"><a href=\"https:\/\/soymigrante.com\/revista\/dra-alejandra-paniagua-construye-en-new-york-un-puente-entre-la-medicina-y-el-alma\/\" class=\"eael-post-elements-readmore-btn\">CONOCE SU HISTORIA <\/a><\/div>\n                    <\/div><\/div><\/div>\n        <\/div>\n    <\/article><\/div>\n            <div class=\"clearfix\"><\/div>\n        <\/div>\t\t\t\t<\/div>\n\t\t\t\t\t<\/div>\n\t\t\t\t<\/div>\n\t\t\t\t<\/div>\n\t\t","protected":false},"excerpt":{"rendered":"<p>Desde California, la ingeniera y nanocient\u00edfica guatemalteca Susana Arrechea lidera proyectos de centros comunitarios digitales con electrificacion solar y alfabetizaci\u00f3n inform\u00e1tica de mujeres ind\u00edgenas. Esta es su historia. Hasta el cambio m\u00e1s peque\u00f1o, incluso a nivel de mol\u00e9culas, puede significar grandes diferencias, no solo en nanociencia sino tambi\u00e9n en educaci\u00f3n y proyectos sociales: esa fue [&hellip;]<\/p>\n","protected":false},"author":7,"featured_media":48697,"comment_status":"open","ping_status":"open","sticky":false,"template":"","format":"standard","meta":{"_acf_changed":false,"_eb_attr":"","footnotes":""},"categories":[50,274],"tags":[],"class_list":["post-48696","post","type-post","status-publish","format-standard","has-post-thumbnail","hentry","category-exitos","category-guatemala"],"acf":[],"aioseo_notices":[],"aioseo_head":"\n\t\t<!-- All in One SEO Pro 4.9.6.2 - aioseo.com -->\n\t<meta name=\"description\" content=\"M\u00e9dica guatemalteca efect\u00faa estudios de posdoctorado en la Universidad de Columbia, New York, enfoc\u00e1ndose en impulsar la salud mental en Santiago Atitl\u00e1n\" \/>\n\t<meta name=\"robots\" content=\"max-snippet:-1, max-image-preview:large, max-video-preview:-1\" \/>\n\t<meta name=\"author\" content=\"Gustavo Montenegro\"\/>\n\t<link rel=\"canonical\" href=\"https:\/\/soymigrante.com\/revista\/dra-alejandra-paniagua-construye-en-new-york-un-puente-entre-la-medicina-y-el-alma\/\" \/>\n\t<meta name=\"generator\" content=\"All in One SEO Pro (AIOSEO) 4.9.6.2\" \/>\n\n\t\t<link rel=\"preconnect\" href=\"https:\/\/fonts.googleapis.com\" crossorigin>\n<link rel=\"preconnect\" href=\"https:\/\/fonts.gstatic.com\" crossorigin>\n\t\t<meta property=\"og:locale\" content=\"es_ES\" \/>\n\t\t<meta property=\"og:site_name\" content=\"SoyMigrante.com REVISTA \u2013 Nuestra misi\u00f3n es reconocer y dignificar al migrante.\" \/>\n\t\t<meta property=\"og:type\" content=\"article\" \/>\n\t\t<meta property=\"og:title\" content=\"Alejandra Paniagua crea puente entre la medicina y el alma\" \/>\n\t\t<meta property=\"og:description\" content=\"M\u00e9dica guatemalteca efect\u00faa estudios de posdoctorado en la Universidad de Columbia, New York, enfoc\u00e1ndose en impulsar la salud mental en Santiago Atitl\u00e1n\" \/>\n\t\t<meta property=\"og:url\" content=\"https:\/\/soymigrante.com\/revista\/dra-alejandra-paniagua-construye-en-new-york-un-puente-entre-la-medicina-y-el-alma\/\" \/>\n\t\t<meta property=\"og:image\" content=\"https:\/\/soymigrante.com\/revista\/wp-content\/uploads\/2025\/10\/DOCTORA-ALEjandra-paniagua-psiquiatra-ny-atitlan.png\" \/>\n\t\t<meta property=\"og:image:secure_url\" content=\"https:\/\/soymigrante.com\/revista\/wp-content\/uploads\/2025\/10\/DOCTORA-ALEjandra-paniagua-psiquiatra-ny-atitlan.png\" \/>\n\t\t<meta property=\"og:image:width\" content=\"738\" \/>\n\t\t<meta property=\"og:image:height\" content=\"738\" \/>\n\t\t<meta property=\"article:published_time\" content=\"2025-10-24T22:17:25+00:00\" \/>\n\t\t<meta property=\"article:modified_time\" content=\"2025-11-24T17:00:34+00:00\" \/>\n\t\t<meta property=\"article:publisher\" content=\"https:\/\/www.facebook.com\/soymigrantecom\" \/>\n\t\t<meta name=\"twitter:card\" content=\"summary_large_image\" \/>\n\t\t<meta name=\"twitter:site\" content=\"@SoyMigrante_com\" \/>\n\t\t<meta name=\"twitter:title\" content=\"Alejandra Paniagua crea puente entre la medicina y el alma\" \/>\n\t\t<meta name=\"twitter:description\" content=\"M\u00e9dica guatemalteca efect\u00faa estudios de posdoctorado en la Universidad de Columbia, New York, enfoc\u00e1ndose en impulsar la salud mental en Santiago Atitl\u00e1n\" \/>\n\t\t<meta name=\"twitter:creator\" content=\"@SoyMigrante_com\" \/>\n\t\t<meta name=\"twitter:image\" content=\"https:\/\/soymigrante.com\/revista\/wp-content\/uploads\/2025\/10\/DOCTORA-ALEjandra-paniagua-psiquiatra-ny-atitlan.png\" \/>\n\t\t<!-- All in One SEO Pro -->\r\n\t\t<title>Alejandra Paniagua crea puente entre la medicina y el alma<\/title>\n\n","aioseo_head_json":{"title":"Alejandra Paniagua crea puente entre la medicina y el alma","description":"M\u00e9dica guatemalteca efect\u00faa estudios de posdoctorado en la Universidad de Columbia, New York, enfoc\u00e1ndose en impulsar la salud mental en Santiago Atitl\u00e1n","canonical_url":"https:\/\/soymigrante.com\/revista\/dra-alejandra-paniagua-construye-en-new-york-un-puente-entre-la-medicina-y-el-alma\/","robots":"max-snippet:-1, max-image-preview:large, max-video-preview:-1","keywords":"","webmasterTools":{"miscellaneous":"&lt;link rel=\"preconnect\" href=\"https:\/\/fonts.googleapis.com\" crossorigin&gt;\n&lt;link rel=\"preconnect\" href=\"https:\/\/fonts.gstatic.com\" crossorigin&gt;"},"schema":null,"og:locale":"es_ES","og:site_name":"SoyMigrante.com REVISTA \u2013 Nuestra misi\u00f3n es reconocer y dignificar al migrante.","og:type":"article","og:title":"Alejandra Paniagua crea puente entre la medicina y el alma","og:description":"M\u00e9dica guatemalteca efect\u00faa estudios de posdoctorado en la Universidad de Columbia, New York, enfoc\u00e1ndose en impulsar la salud mental en Santiago Atitl\u00e1n","og:url":"https:\/\/soymigrante.com\/revista\/dra-alejandra-paniagua-construye-en-new-york-un-puente-entre-la-medicina-y-el-alma\/","og:image":"https:\/\/soymigrante.com\/revista\/wp-content\/uploads\/2025\/10\/DOCTORA-ALEjandra-paniagua-psiquiatra-ny-atitlan.png","og:image:secure_url":"https:\/\/soymigrante.com\/revista\/wp-content\/uploads\/2025\/10\/DOCTORA-ALEjandra-paniagua-psiquiatra-ny-atitlan.png","og:image:width":738,"og:image:height":738,"article:published_time":"2025-10-24T22:17:25+00:00","article:modified_time":"2025-11-24T17:00:34+00:00","article:publisher":"https:\/\/www.facebook.com\/soymigrantecom","twitter:card":"summary_large_image","twitter:site":"@SoyMigrante_com","twitter:title":"Alejandra Paniagua crea puente entre la medicina y el alma","twitter:description":"M\u00e9dica guatemalteca efect\u00faa estudios de posdoctorado en la Universidad de Columbia, New York, enfoc\u00e1ndose en impulsar la salud mental en Santiago Atitl\u00e1n","twitter:creator":"@SoyMigrante_com","twitter:image":"https:\/\/soymigrante.com\/revista\/wp-content\/uploads\/2025\/10\/DOCTORA-ALEjandra-paniagua-psiquiatra-ny-atitlan.png"},"aioseo_meta_data":{"post_id":"48696","title":"Susana Arrechea ilumina futuros con el sol de la tecnolog\u00eda","description":"Desde Richmond, California, cient\u00edfica guatemalteca Susana Arrechea impulsa la energ\u00eda solar, la conectividad y la educaci\u00f3n en comunidades rurales del pa\u00eds.","keywords":null,"keyphrases":{"focus":{"keyphrase":"Solar","score":69,"analysis":{"keyphraseInTitle":{"score":3,"maxScore":9,"error":1},"keyphraseInDescription":{"score":9,"maxScore":9,"error":0},"keyphraseLength":{"score":9,"maxScore":9,"error":0,"length":1},"keyphraseInURL":{"score":1,"maxScore":5,"error":1}}},"additional":[{"keyphrase":"Guatemaltecas","score":67,"analysis":{"keyphraseInDescription":{"score":3,"maxScore":9,"error":1},"keyphraseLength":{"score":9,"maxScore":9,"error":0,"length":1}}},{"keyphrase":"Susana","score":100,"analysis":{"keyphraseInDescription":{"score":9,"maxScore":9,"error":0},"keyphraseLength":{"score":9,"maxScore":9,"error":0,"length":1}}},{"keyphrase":"Cient\u00edfica","score":100,"analysis":{"keyphraseInDescription":{"score":9,"maxScore":9,"error":0},"keyphraseLength":{"score":9,"maxScore":9,"error":0,"length":2}}}]},"primary_term":null,"canonical_url":null,"og_title":null,"og_description":null,"og_object_type":"default","og_image_type":"default","og_image_url":null,"og_image_width":null,"og_image_height":null,"og_image_custom_url":null,"og_image_custom_fields":null,"og_video":"","og_custom_url":null,"og_article_section":null,"og_article_tags":null,"twitter_use_og":false,"twitter_card":"default","twitter_image_type":"default","twitter_image_url":null,"twitter_image_custom_url":null,"twitter_image_custom_fields":null,"twitter_title":null,"twitter_description":null,"schema":{"blockGraphs":[],"customGraphs":[],"default":{"data":{"Article":[],"Course":[],"Dataset":[],"FAQPage":[],"Movie":[],"Person":[],"Product":[],"ProductReview":[],"Car":[],"Recipe":[],"Service":[],"SoftwareApplication":[],"WebPage":[]},"graphName":"NewsArticle","isEnabled":true},"graphs":[]},"schema_type":"default","schema_type_options":null,"pillar_content":false,"robots_default":true,"robots_noindex":false,"robots_noarchive":false,"robots_nosnippet":false,"robots_nofollow":false,"robots_noimageindex":false,"robots_noodp":false,"robots_notranslate":false,"robots_max_snippet":"-1","robots_max_videopreview":"-1","robots_max_imagepreview":"large","priority":null,"frequency":"default","local_seo":null,"seo_analyzer_scan_date":"2025-11-17 18:05:41","breadcrumb_settings":null,"limit_modified_date":false,"reviewed_by":"0","open_ai":null,"ai":{"faqs":[],"keyPoints":[],"titles":[],"descriptions":[],"socialPosts":{"email":[],"linkedin":[],"twitter":[],"facebook":[],"instagram":[]}},"created":"2025-11-17 16:45:02","updated":"2026-02-05 07:05:15"},"aioseo_breadcrumb":"<div class=\"aioseo-breadcrumbs\"><span class=\"aioseo-breadcrumb\">\n\t<a href=\"https:\/\/soymigrante.com\/revista\" title=\"Home\">Home<\/a>\n<\/span><span class=\"aioseo-breadcrumb-separator\">\u00bb<\/span><span class=\"aioseo-breadcrumb\">\n\t<a href=\"https:\/\/soymigrante.com\/revista\/category\/exitos\/\" title=\"\u00c9xitos\">\u00c9xitos<\/a>\n<\/span><span class=\"aioseo-breadcrumb-separator\">\u00bb<\/span><span class=\"aioseo-breadcrumb\">\n\t<a href=\"https:\/\/soymigrante.com\/revista\/category\/exitos\/guatemala\/\" title=\"Guatemala\">Guatemala<\/a>\n<\/span><span class=\"aioseo-breadcrumb-separator\">\u00bb<\/span><span class=\"aioseo-breadcrumb\">\n\tSusana Arrechea ilumina comunidades guatemaltecas con el sol de la tecnolog\u00eda\n<\/span><\/div>","aioseo_breadcrumb_json":[{"label":"Home","link":"https:\/\/soymigrante.com\/revista"},{"label":"\u00c9xitos","link":"https:\/\/soymigrante.com\/revista\/category\/exitos\/"},{"label":"Guatemala","link":"https:\/\/soymigrante.com\/revista\/category\/exitos\/guatemala\/"},{"label":"Susana Arrechea ilumina comunidades guatemaltecas con el sol de la tecnolog\u00eda","link":"https:\/\/soymigrante.com\/revista\/susana-arrechea-ilumina-comunidades-guatemaltecas-con-el-sol-de-la-tecnologia\/"}],"_links":{"self":[{"href":"https:\/\/soymigrante.com\/revista\/wp-json\/wp\/v2\/posts\/48696","targetHints":{"allow":["GET"]}}],"collection":[{"href":"https:\/\/soymigrante.com\/revista\/wp-json\/wp\/v2\/posts"}],"about":[{"href":"https:\/\/soymigrante.com\/revista\/wp-json\/wp\/v2\/types\/post"}],"author":[{"embeddable":true,"href":"https:\/\/soymigrante.com\/revista\/wp-json\/wp\/v2\/users\/7"}],"replies":[{"embeddable":true,"href":"https:\/\/soymigrante.com\/revista\/wp-json\/wp\/v2\/comments?post=48696"}],"version-history":[{"count":5,"href":"https:\/\/soymigrante.com\/revista\/wp-json\/wp\/v2\/posts\/48696\/revisions"}],"predecessor-version":[{"id":48705,"href":"https:\/\/soymigrante.com\/revista\/wp-json\/wp\/v2\/posts\/48696\/revisions\/48705"}],"wp:featuredmedia":[{"embeddable":true,"href":"https:\/\/soymigrante.com\/revista\/wp-json\/wp\/v2\/media\/48697"}],"wp:attachment":[{"href":"https:\/\/soymigrante.com\/revista\/wp-json\/wp\/v2\/media?parent=48696"}],"wp:term":[{"taxonomy":"category","embeddable":true,"href":"https:\/\/soymigrante.com\/revista\/wp-json\/wp\/v2\/categories?post=48696"},{"taxonomy":"post_tag","embeddable":true,"href":"https:\/\/soymigrante.com\/revista\/wp-json\/wp\/v2\/tags?post=48696"}],"curies":[{"name":"wp","href":"https:\/\/api.w.org\/{rel}","templated":true}]}}