{"id":48676,"date":"2025-11-17T04:00:00","date_gmt":"2025-11-17T10:00:00","guid":{"rendered":"https:\/\/soymigrante.com\/revista\/?p=48676"},"modified":"2025-11-16T22:17:57","modified_gmt":"2025-11-17T04:17:57","slug":"jueza-federal-reitera-orden-de-permitir-acceso-de-abogados-a-centro-de-detencion-de-migrantes","status":"publish","type":"post","link":"https:\/\/soymigrante.com\/revista\/jueza-federal-reitera-orden-de-permitir-acceso-de-abogados-a-centro-de-detencion-de-migrantes\/","title":{"rendered":"Jueza federal ordena permitir acceso de abogados a centro de detenci\u00f3n de migrantes en L.A."},"content":{"rendered":"\t\t<div data-elementor-type=\"wp-post\" data-elementor-id=\"48676\" class=\"elementor elementor-48676\" data-elementor-post-type=\"post\">\n\t\t\t\t<div data-particle_enable=\"false\" data-particle-mobile-disabled=\"false\" class=\"elementor-element elementor-element-744796d e-flex e-con-boxed e-con e-parent\" data-id=\"744796d\" data-element_type=\"container\" data-e-type=\"container\">\n\t\t\t\t\t<div class=\"e-con-inner\">\n\t\t\t\t<div class=\"elementor-element elementor-element-f06e7d3 elementor-widget elementor-widget-heading\" data-id=\"f06e7d3\" data-element_type=\"widget\" data-e-type=\"widget\" data-widget_type=\"heading.default\">\n\t\t\t\t\t<h3 class=\"elementor-heading-title elementor-size-default\">Jueza federal Maame E. Frimpong lanz\u00f3 una orden judicial preliminar contra el Departamento de Seguridad Nacional y el Servicio de Inmigraci\u00f3n (ICE) al se\u00f1alar que bloquearon o entorpecieron el acceso de abogados a migrantes detenidos en Los Angeles.<\/h3>\t\t\t\t<\/div>\n\t\t\t\t\t<\/div>\n\t\t\t\t<\/div>\n\t\t<div data-particle_enable=\"false\" data-particle-mobile-disabled=\"false\" class=\"elementor-element elementor-element-e8ae6f7 e-flex e-con-boxed e-con e-parent\" data-id=\"e8ae6f7\" data-element_type=\"container\" data-e-type=\"container\">\n\t\t\t\t\t<div class=\"e-con-inner\">\n\t\t\t\t<div class=\"elementor-element elementor-element-1e7386e elementor-widget elementor-widget-text-editor\" data-id=\"1e7386e\" data-element_type=\"widget\" data-e-type=\"widget\" data-widget_type=\"text-editor.default\">\n\t\t\t\t\t\t\t\t\t<p data-start=\"276\" data-end=\"571\">Una jueza federal volvi\u00f3 a advertir, el viernes \u00faltimo, al gobierno de Estados Unidos por violar los derechos constitucionales de inmigrantes detenidos en el centro de procesamiento B-18, en el centro de <a href=\"https:\/\/soymigrante.com\/revista\/dia-del-guatemalteco-en-los-angeles-conoce-a-los-homenajeados-2025\/\">Los \u00c1ngeles<\/a>, al restringir su acceso a abogados y obstaculizar su derecho al debido proceso.<\/p><p data-start=\"573\" data-end=\"930\">La jueza <strong data-start=\"582\" data-end=\"603\">Maame E. Frimpong<\/strong> otorg\u00f3 una <strong data-start=\"615\" data-end=\"644\">orden judicial preliminar<\/strong> contra el Departamento de Seguridad Nacional (DHS) y el Servicio de Inmigraci\u00f3n y Control de Aduanas (ICE), al concluir que las agencias <strong data-start=\"782\" data-end=\"827\">probablemente violaron <a href=\"https:\/\/soymigrante.com\/revista\/derechos-de-los-migrantes-silencio-indocumentados-defensa\/\">derechos<\/a> consagrados en la Quinta Enmienda<\/strong> al impedir que las personas detenidas tengan comunicaci\u00f3n legal significativa con sus representantes.<\/p>\t\t\t\t\t\t\t\t<\/div>\n\t\t\t\t\t<\/div>\n\t\t\t\t<\/div>\n\t\t<div data-particle_enable=\"false\" data-particle-mobile-disabled=\"false\" class=\"elementor-element elementor-element-1d9159b e-flex e-con-boxed e-con e-parent\" data-id=\"1d9159b\" data-element_type=\"container\" data-e-type=\"container\">\n\t\t\t\t\t<div class=\"e-con-inner\">\n\t\t\t\t<div class=\"elementor-element elementor-element-38bb52e elementor-grid-eael-col-1 elementor-grid-tablet-eael-col-2 elementor-grid-mobile-eael-col-1 elementor-widget elementor-widget-eael-post-grid\" data-id=\"38bb52e\" data-element_type=\"widget\" data-e-type=\"widget\" data-settings=\"{&quot;eael_post_grid_columns&quot;:&quot;eael-col-1&quot;,&quot;eael_post_grid_columns_tablet&quot;:&quot;eael-col-2&quot;,&quot;eael_post_grid_columns_mobile&quot;:&quot;eael-col-1&quot;}\" data-widget_type=\"eael-post-grid.default\">\n\t\t\t\t\t<div id=\"eael-post-grid-38bb52e\" class=\"eael-post-grid-container\">\n            <div class=\"eael-post-grid eael-post-appender eael-post-appender-38bb52e eael-post-grid-style-one\" data-layout-mode=\"masonry\"><article class=\"eael-grid-post  eael-post-grid-column eael-pg-post-47369 category-noticias\" data-id=\"47369\">\n        <div class=\"eael-grid-post-holder\">\n            <div class=\"eael-grid-post-holder-inner\"><div class=\"eael-entry-media\"><div class=\"eael-entry-overlay fade-in\"><i class=\"far fa-hand-pointer\" aria-hidden=\"true\"><\/i><a href=\"https:\/\/soymigrante.com\/revista\/operativos-antimaras-en-usa-se-utilizan-para-detener-migrantes-sin-antecedentes-cuestiona-insight-crime\/\"><\/a><\/div><div class=\"eael-entry-thumbnail eael-image-ratio\">\n                <img fetchpriority=\"high\" decoding=\"async\" width=\"831\" height=\"831\" src=\"https:\/\/soymigrante.com\/revista\/wp-content\/uploads\/2025\/10\/noticias-capturas-en-nashville.png\" class=\"attachment-large size-large wp-image-47402\" alt=\"noticias capturas en nashville\" srcset=\"https:\/\/soymigrante.com\/revista\/wp-content\/uploads\/2025\/10\/noticias-capturas-en-nashville.png 831w, https:\/\/soymigrante.com\/revista\/wp-content\/uploads\/2025\/10\/noticias-capturas-en-nashville-300x300.png 300w, https:\/\/soymigrante.com\/revista\/wp-content\/uploads\/2025\/10\/noticias-capturas-en-nashville-150x150.png 150w, https:\/\/soymigrante.com\/revista\/wp-content\/uploads\/2025\/10\/noticias-capturas-en-nashville-768x768.png 768w, https:\/\/soymigrante.com\/revista\/wp-content\/uploads\/2025\/10\/noticias-capturas-en-nashville-75x75.png 75w, https:\/\/soymigrante.com\/revista\/wp-content\/uploads\/2025\/10\/noticias-capturas-en-nashville-750x750.png 750w\" sizes=\"(max-width: 831px) 100vw, 831px\" \/>\n            <\/div>\n        <\/div><div class=\"eael-entry-wrapper\"><header class=\"eael-entry-header\"><h2 class=\"eael-entry-title\"><a class=\"eael-grid-post-link\" href=\"https:\/\/soymigrante.com\/revista\/operativos-antimaras-en-usa-se-utilizan-para-detener-migrantes-sin-antecedentes-cuestiona-insight-crime\/\" title=\"Operativos antimaras en USA se utilizan para detener migrantes sin antecedentes, cuestiona Insight Crime.\">Operativos antimaras en USA se utilizan para detener migrantes sin antecedentes, cuestiona Insight Crime.<\/a><\/h2><\/header><div class=\"eael-entry-content\">\n                        <div class=\"eael-grid-post-excerpt\"><a href=\"https:\/\/soymigrante.com\/revista\/operativos-antimaras-en-usa-se-utilizan-para-detener-migrantes-sin-antecedentes-cuestiona-insight-crime\/\" class=\"eael-post-elements-readmore-btn\">CONOCE SU HISTORIA <\/a><\/div>\n                    <\/div><\/div><\/div>\n        <\/div>\n    <\/article><\/div>\n            <div class=\"clearfix\"><\/div>\n        <\/div>\t\t\t\t<\/div>\n\t\t\t\t\t<\/div>\n\t\t\t\t<\/div>\n\t\t<div data-particle_enable=\"false\" data-particle-mobile-disabled=\"false\" class=\"elementor-element elementor-element-2b0e0f3 e-flex e-con-boxed e-con e-parent\" data-id=\"2b0e0f3\" data-element_type=\"container\" data-e-type=\"container\">\n\t\t\t\t\t<div class=\"e-con-inner\">\n\t\t\t\t<div class=\"elementor-element elementor-element-fdd4069 elementor-widget elementor-widget-text-editor\" data-id=\"fdd4069\" data-element_type=\"widget\" data-e-type=\"widget\" data-widget_type=\"text-editor.default\">\n\t\t\t\t\t\t\t\t\t<p data-start=\"276\" data-end=\"571\"><span style=\"color: #000000; font-family: Mulish, sans-serif; font-size: 29px; font-weight: bold;\">Evidencia de obstrucci\u00f3n al acceso legal<\/span><\/p>\n<p data-start=\"978\" data-end=\"1267\">La decisi\u00f3n se basa en m\u00faltiples informes que describen c\u00f3mo los detenidos en B-18 han sido mantenidos en condiciones que hacen imposible <a href=\"https:\/\/soymigrante.com\/revista\/derechos-de-los-migrantes-silencio-indocumentados-defensa\/\">ejercer derechos<\/a> como hablar con un abogado: falta de acceso a tel\u00e9fonos, rechazo en las visitas presenciales y presiones para firmar documentos legales sin asesor\u00eda previa.<\/p>\n<p data-start=\"1269\" data-end=\"1570\">Los abogados tambi\u00e9n reportaron que las autoridades exig\u00edan reuniones \u201ca puerta abierta\u201d y con agentes de ICE presentes, bajo el argumento de que los defensores pod\u00edan \u201csusurrar\u201d para mantener la confidencialidad. La jueza rechaz\u00f3 este argumento del gobierno por violar est\u00e1ndares m\u00ednimos de privacidad.<\/p>\n<p data-start=\"1572\" data-end=\"1831\">El centro denominado B-18, en Los Angeles, \u2014dise\u00f1ado originalmente para detenciones breves\u2014 ha albergado por d\u00edas a personas, incluidas <strong data-start=\"1680\" data-end=\"1730\">mujeres embarazadas, adultos mayores y menores<\/strong>, muchas veces sin acceso a medicamentos, art\u00edculos de higiene o comunicaci\u00f3n con defensores legales.<\/p>\n<h3 data-start=\"1833\" data-end=\"1865\">Incumplimientos persistentes<\/h3>\n<p data-start=\"1867\" data-end=\"2024\">En julio la misma jueza ya hab\u00eda ordenado a ICE habilitar acceso a llamadas confidenciales y visitas diarias de abogados, el cumplimiento ha sido irregular:<\/p>\n<p data-start=\"1867\" data-end=\"2024\">La jueza tambi\u00e9n autoriz\u00f3 un proceso acelerado de entrega de documentos y evidencia sobre posibles violaciones a la <strong data-start=\"2553\" data-end=\"2572\">Cuarta Enmienda<\/strong>, incluyendo <a href=\"https:\/\/soymigrante.com\/revista\/contundente-mensaje-en-defensa-de-los-migrantes-emiten-los-obispos-catolicos-de-estados-unidos\/\">detenciones de migrantes sin causa probable y operativos basados en perfilamiento racial<\/a> en el sur de California. <br>Es el primer caso de redadas migratorias bajo la gesti\u00f3n de la secretaria Christy Noem que avanza a etapa de descubrimiento de pruebas.<\/p>\n<h3 data-start=\"2815\" data-end=\"2901\">Reacciones: \u201cLa Constituci\u00f3n no se detiene en la puerta de un centro de detenci\u00f3n\u201d<\/h3>\n<p data-start=\"2903\" data-end=\"3010\">El fallo provoc\u00f3 una ola de reacciones de <a href=\"https:\/\/soymigrante.com\/revista\/como-hallar-un-abogado-experto-en-migracion-aila-puede-ser-de-utilidad\/\">organizaciones legales de apoyo <\/a>a migrantes y derechos humanos.<\/p>\n<p data-start=\"3012\" data-end=\"3170\"><strong data-start=\"3012\" data-end=\"3030\">Mark Rosenbaum<\/strong>, de Public Counsel, celebr\u00f3 que la corte dejara claro que <i>\u201cel gobierno no puede encerrar a personas y cortarles el acceso a sus abogados\u201d.<\/i><\/p>\n<p data-start=\"3172\" data-end=\"3289\">Desde el <strong data-start=\"3181\" data-end=\"3224\"><a href=\"https:\/\/www.immdef.org\/news\">Immigrant Defenders Law Center <\/a><\/strong>, el director de Litigio y Defensa, <strong data-start=\"3260\" data-end=\"3280\">\u00c1lvaro M. Huerta<\/strong>, afirm\u00f3:&nbsp;<\/p>\n<p data-start=\"3172\" data-end=\"3289\"><i>\u201cEl fallo env\u00eda un mensaje rotundo: la garant\u00eda constitucional de acceso a un abogado no es condicionada. Le pertenece a todos, sin importar el idioma que hablen, el color de su piel o su estatus migratorio. El gobierno no puede aplastar derechos para ejecutar su agenda de deportaciones masivas\u201d.<\/i><\/p>\n<p data-start=\"3592\" data-end=\"3766\"><a href=\"https:\/\/action.aclu.org\/give\/pm-donate-state-and-national-work?utm_medium=pm&amp;utm_source=gs&amp;utm_campaign=nat-dig-pm-dd-int&amp;utm_content=gs-search_affiliateCA_exact-aclu%20california-c-682618487177&amp;initms_aff=nat&amp;initms_chan=pm&amp;initms=nat-dig-pm-dd-int-gs-search_affiliateCA_exact-aclu%20california-c-682618487177&amp;ms_aff=nat&amp;ms_chan=pm&amp;ms=nat-dig-pm-dd-int-gs-search_affiliateCA_exact-aclu%20california-c-682618487177&amp;gad_source=1&amp;gad_campaignid=20776114558&amp;gbraid=0AAAAADrsdOuIWGhzDYGMe0HjyKT2jGV6u&amp;gclid=Cj0KCQiAiebIBhDmARIsAE8PGNJL7etfPUlHfKB0BLrtz5eecaR1qnKFt72HDFp8ibDo2xbL2QcmlUMaAqNgEALw_wcB\">La <strong data-start=\"3595\" data-end=\"3625\">ACLU del Sur de California<\/strong><\/a> se\u00f1al\u00f3 que la negaci\u00f3n de acceso a consejer\u00eda legal forma parte de un \u201cpatr\u00f3n m\u00e1s amplio de deshumanizaci\u00f3n\u201d contra comunidades inmigrantes.<\/p>\n<p data-start=\"3768\" data-end=\"3919\"><strong data-start=\"3768\" data-end=\"3786\">Angelica Salas<\/strong>, directora de CHIRLA, afirm\u00f3 que la decisi\u00f3n \u201cayudar\u00e1 a exponer la ilegalidad del perfilamiento racial del gobierno en Los \u00c1ngeles\u201d.<\/p>\n<p data-start=\"3921\" data-end=\"4185\">Tambi\u00e9n reaccionaron organizaciones laborales como el <strong data-start=\"3975\" data-end=\"4012\">Los Angeles Worker Center Network<\/strong> y la <strong data-start=\"4018\" data-end=\"4069\">National Day Laborer Organizing Network (NDLON)<\/strong>, que calificaron la resoluci\u00f3n como una victoria contra los abusos de poder que afectan a trabajadores inmigrantes.<\/p>\n<p data-start=\"4187\" data-end=\"4387\">La presidenta de la <strong data-start=\"4207\" data-end=\"4236\">Uni\u00f3n de Campesinos (UFW)<\/strong>, <strong data-start=\"4238\" data-end=\"4255\">Teresa Romero<\/strong>, resalt\u00f3 que \u201clos trabajadores agr\u00edcolas, como todos en este pa\u00eds, tienen derecho al debido proceso, incluido acceso a un abogado\u201d.<\/p>\n<h3 data-start=\"4389\" data-end=\"4405\">Lo que sigue<\/h3>\n<p data-start=\"4407\" data-end=\"4671\">El caso contin\u00faa su curso judicial, pero la orden preliminar obliga al gobierno a <strong data-start=\"4489\" data-end=\"4513\">cumplir de inmediato<\/strong> con todos los requisitos de acceso, privacidad y comunicaci\u00f3n legal. La jueza advirti\u00f3 que cualquier nuevo incumplimiento podr\u00eda generar medidas m\u00e1s severas.<\/p>\n<p data-start=\"4673\" data-end=\"4891\">La decisi\u00f3n se suma a un creciente escrutinio sobre las pr\u00e1cticas de ICE en California, en medio de denuncias de detenciones sin orden judicial, uso excesivo de fuerza y operativos dirigidos contra comunidades latina<\/p>\t\t\t\t\t\t\t\t<\/div>\n\t\t\t\t\t<\/div>\n\t\t\t\t<\/div>\n\t\t<div data-particle_enable=\"false\" data-particle-mobile-disabled=\"false\" class=\"elementor-element elementor-element-d623ac7 e-flex e-con-boxed e-con e-parent\" data-id=\"d623ac7\" data-element_type=\"container\" data-e-type=\"container\">\n\t\t\t\t\t<div class=\"e-con-inner\">\n\t\t\t\t<div class=\"elementor-element elementor-element-0636be7 elementor-grid-eael-col-3 elementor-grid-tablet-eael-col-2 elementor-grid-mobile-eael-col-1 elementor-widget elementor-widget-eael-post-grid\" data-id=\"0636be7\" data-element_type=\"widget\" data-e-type=\"widget\" data-settings=\"{&quot;eael_post_grid_columns&quot;:&quot;eael-col-3&quot;,&quot;eael_post_grid_columns_tablet&quot;:&quot;eael-col-2&quot;,&quot;eael_post_grid_columns_mobile&quot;:&quot;eael-col-1&quot;}\" data-widget_type=\"eael-post-grid.default\">\n\t\t\t\t\t<div id=\"eael-post-grid-0636be7\" class=\"eael-post-grid-container\">\n            <div class=\"eael-post-grid eael-post-appender eael-post-appender-0636be7 eael-post-grid-style-one\" data-layout-mode=\"masonry\"><article class=\"eael-grid-post  eael-post-grid-column eael-pg-post-16944 category-recursos-migratorios\" data-id=\"16944\">\n        <div class=\"eael-grid-post-holder\">\n            <div class=\"eael-grid-post-holder-inner\"><div class=\"eael-entry-media\"><div class=\"eael-entry-overlay fade-in\"><i class=\"far fa-hand-pointer\" aria-hidden=\"true\"><\/i><a href=\"https:\/\/soymigrante.com\/revista\/todo-migrante-tiene-derechos-la-union-americana-de-libertades-civiles-recomienda\/\"><\/a><\/div><div class=\"eael-entry-thumbnail eael-image-ratio\">\n                <img decoding=\"async\" width=\"1024\" height=\"1024\" src=\"https:\/\/soymigrante.com\/revista\/wp-content\/uploads\/2024\/12\/migrantes-ruta-1-1024x1024.jpg\" class=\"attachment-large size-large wp-image-17020\" alt=\"Camino con peatones en carretera lluviosa, se\u00f1al de obra vial y l\u00edmite de velocidad de 30 km\/h, en un entorno natural y monta\u00f1oso, en la publicaci\u00f3n de SoyMigrante.com REVISTA.\" srcset=\"https:\/\/soymigrante.com\/revista\/wp-content\/uploads\/2024\/12\/migrantes-ruta-1-1024x1024.jpg 1024w, https:\/\/soymigrante.com\/revista\/wp-content\/uploads\/2024\/12\/migrantes-ruta-1-300x300.jpg 300w, https:\/\/soymigrante.com\/revista\/wp-content\/uploads\/2024\/12\/migrantes-ruta-1-150x150.jpg 150w, https:\/\/soymigrante.com\/revista\/wp-content\/uploads\/2024\/12\/migrantes-ruta-1-768x768.jpg 768w, https:\/\/soymigrante.com\/revista\/wp-content\/uploads\/2024\/12\/migrantes-ruta-1-1536x1536.jpg 1536w, https:\/\/soymigrante.com\/revista\/wp-content\/uploads\/2024\/12\/migrantes-ruta-1-2048x2048.jpg 2048w, https:\/\/soymigrante.com\/revista\/wp-content\/uploads\/2024\/12\/migrantes-ruta-1-75x75.webp 75w, https:\/\/soymigrante.com\/revista\/wp-content\/uploads\/2024\/12\/migrantes-ruta-1-750x750.webp 750w, https:\/\/soymigrante.com\/revista\/wp-content\/uploads\/2024\/12\/migrantes-ruta-1-1140x1140.webp 1140w, https:\/\/soymigrante.com\/revista\/wp-content\/uploads\/2024\/12\/migrantes-ruta-1-scaled.webp 1920w\" sizes=\"(max-width: 1024px) 100vw, 1024px\" \/>\n            <\/div>\n        <\/div><div class=\"eael-entry-wrapper\"><header class=\"eael-entry-header\"><h2 class=\"eael-entry-title\"><a class=\"eael-grid-post-link\" href=\"https:\/\/soymigrante.com\/revista\/todo-migrante-tiene-derechos-la-union-americana-de-libertades-civiles-recomienda\/\" title=\"Todo migrante tiene derechos: la Uni\u00f3n Americana de Libertades Civiles recomienda&#8230;\">Todo migrante tiene derechos: la Uni\u00f3n Americana de Libertades Civiles recomienda&#8230;<\/a><\/h2><\/header><div class=\"eael-entry-content\">\n                        <div class=\"eael-grid-post-excerpt\"><a href=\"https:\/\/soymigrante.com\/revista\/todo-migrante-tiene-derechos-la-union-americana-de-libertades-civiles-recomienda\/\" class=\"eael-post-elements-readmore-btn\">CONOCE SU HISTORIA <\/a><\/div>\n                    <\/div><\/div><\/div>\n        <\/div>\n    <\/article><article class=\"eael-grid-post  eael-post-grid-column eael-pg-post-47369 category-noticias\" data-id=\"47369\">\n        <div class=\"eael-grid-post-holder\">\n            <div class=\"eael-grid-post-holder-inner\"><div class=\"eael-entry-media\"><div class=\"eael-entry-overlay fade-in\"><i class=\"far fa-hand-pointer\" aria-hidden=\"true\"><\/i><a href=\"https:\/\/soymigrante.com\/revista\/operativos-antimaras-en-usa-se-utilizan-para-detener-migrantes-sin-antecedentes-cuestiona-insight-crime\/\"><\/a><\/div><div class=\"eael-entry-thumbnail eael-image-ratio\">\n                <img fetchpriority=\"high\" decoding=\"async\" width=\"831\" height=\"831\" src=\"https:\/\/soymigrante.com\/revista\/wp-content\/uploads\/2025\/10\/noticias-capturas-en-nashville.png\" class=\"attachment-large size-large wp-image-47402\" alt=\"noticias capturas en nashville\" srcset=\"https:\/\/soymigrante.com\/revista\/wp-content\/uploads\/2025\/10\/noticias-capturas-en-nashville.png 831w, https:\/\/soymigrante.com\/revista\/wp-content\/uploads\/2025\/10\/noticias-capturas-en-nashville-300x300.png 300w, https:\/\/soymigrante.com\/revista\/wp-content\/uploads\/2025\/10\/noticias-capturas-en-nashville-150x150.png 150w, https:\/\/soymigrante.com\/revista\/wp-content\/uploads\/2025\/10\/noticias-capturas-en-nashville-768x768.png 768w, https:\/\/soymigrante.com\/revista\/wp-content\/uploads\/2025\/10\/noticias-capturas-en-nashville-75x75.png 75w, https:\/\/soymigrante.com\/revista\/wp-content\/uploads\/2025\/10\/noticias-capturas-en-nashville-750x750.png 750w\" sizes=\"(max-width: 831px) 100vw, 831px\" \/>\n            <\/div>\n        <\/div><div class=\"eael-entry-wrapper\"><header class=\"eael-entry-header\"><h2 class=\"eael-entry-title\"><a class=\"eael-grid-post-link\" href=\"https:\/\/soymigrante.com\/revista\/operativos-antimaras-en-usa-se-utilizan-para-detener-migrantes-sin-antecedentes-cuestiona-insight-crime\/\" title=\"Operativos antimaras en USA se utilizan para detener migrantes sin antecedentes, cuestiona Insight Crime.\">Operativos antimaras en USA se utilizan para detener migrantes sin antecedentes, cuestiona Insight Crime.<\/a><\/h2><\/header><div class=\"eael-entry-content\">\n                        <div class=\"eael-grid-post-excerpt\"><a href=\"https:\/\/soymigrante.com\/revista\/operativos-antimaras-en-usa-se-utilizan-para-detener-migrantes-sin-antecedentes-cuestiona-insight-crime\/\" class=\"eael-post-elements-readmore-btn\">CONOCE SU HISTORIA <\/a><\/div>\n                    <\/div><\/div><\/div>\n        <\/div>\n    <\/article><article class=\"eael-grid-post  eael-post-grid-column eael-pg-post-48623 category-noticias\" data-id=\"48623\">\n        <div class=\"eael-grid-post-holder\">\n            <div class=\"eael-grid-post-holder-inner\"><div class=\"eael-entry-media\"><div class=\"eael-entry-overlay fade-in\"><i class=\"far fa-hand-pointer\" aria-hidden=\"true\"><\/i><a href=\"https:\/\/soymigrante.com\/revista\/contundente-mensaje-en-defensa-de-los-migrantes-emiten-los-obispos-catolicos-de-estados-unidos\/\"><\/a><\/div><div class=\"eael-entry-thumbnail eael-image-ratio\">\n                <img decoding=\"async\" width=\"1024\" height=\"1024\" src=\"https:\/\/soymigrante.com\/revista\/wp-content\/uploads\/2025\/11\/obispos-usa-cuadrado-1024x1024.jpg\" class=\"attachment-large size-large wp-image-48624\" alt=\"Conferencia general de obispos de Estados Unidos en Baltimore noviembre de 2025\" srcset=\"https:\/\/soymigrante.com\/revista\/wp-content\/uploads\/2025\/11\/obispos-usa-cuadrado-1024x1024.jpg 1024w, https:\/\/soymigrante.com\/revista\/wp-content\/uploads\/2025\/11\/obispos-usa-cuadrado-300x300.jpg 300w, https:\/\/soymigrante.com\/revista\/wp-content\/uploads\/2025\/11\/obispos-usa-cuadrado-150x150.jpg 150w, https:\/\/soymigrante.com\/revista\/wp-content\/uploads\/2025\/11\/obispos-usa-cuadrado-768x768.jpg 768w, https:\/\/soymigrante.com\/revista\/wp-content\/uploads\/2025\/11\/obispos-usa-cuadrado-75x75.jpg 75w, https:\/\/soymigrante.com\/revista\/wp-content\/uploads\/2025\/11\/obispos-usa-cuadrado-750x750.jpg 750w, https:\/\/soymigrante.com\/revista\/wp-content\/uploads\/2025\/11\/obispos-usa-cuadrado-1140x1140.jpg 1140w, https:\/\/soymigrante.com\/revista\/wp-content\/uploads\/2025\/11\/obispos-usa-cuadrado.jpg 1365w\" sizes=\"(max-width: 1024px) 100vw, 1024px\" \/>\n            <\/div>\n        <\/div><div class=\"eael-entry-wrapper\"><header class=\"eael-entry-header\"><h2 class=\"eael-entry-title\"><a class=\"eael-grid-post-link\" href=\"https:\/\/soymigrante.com\/revista\/contundente-mensaje-en-defensa-de-los-migrantes-emiten-los-obispos-catolicos-de-estados-unidos\/\" title=\"Contundente mensaje en defensa de los migrantes emiten los obispos cat\u00f3licos de Estados Unidos\">Contundente mensaje en defensa de los migrantes emiten los obispos cat\u00f3licos de Estados Unidos<\/a><\/h2><\/header><div class=\"eael-entry-content\">\n                        <div class=\"eael-grid-post-excerpt\"><a href=\"https:\/\/soymigrante.com\/revista\/contundente-mensaje-en-defensa-de-los-migrantes-emiten-los-obispos-catolicos-de-estados-unidos\/\" class=\"eael-post-elements-readmore-btn\">CONOCE SU HISTORIA <\/a><\/div>\n                    <\/div><\/div><\/div>\n        <\/div>\n    <\/article><\/div>\n            <div class=\"clearfix\"><\/div>\n        <\/div>\t\t\t\t<\/div>\n\t\t\t\t\t<\/div>\n\t\t\t\t<\/div>\n\t\t\t\t<\/div>\n\t\t","protected":false},"excerpt":{"rendered":"<p>Jueza federal Maame E. Frimpong lanz\u00f3 una orden judicial preliminar contra el Departamento de Seguridad Nacional y el Servicio de Inmigraci\u00f3n (ICE) al se\u00f1alar que bloquearon o entorpecieron el acceso de abogados a migrantes detenidos en Los Angeles. Una jueza federal volvi\u00f3 a advertir, el viernes \u00faltimo, al gobierno de Estados Unidos por violar los [&hellip;]<\/p>\n","protected":false},"author":7,"featured_media":48677,"comment_status":"open","ping_status":"open","sticky":false,"template":"","format":"standard","meta":{"_acf_changed":false,"_eb_attr":"","footnotes":""},"categories":[280],"tags":[],"class_list":["post-48676","post","type-post","status-publish","format-standard","has-post-thumbnail","hentry","category-noticias"],"acf":[],"aioseo_notices":[],"aioseo_head":"\n\t\t<!-- All in One SEO Pro 4.9.6.2 - aioseo.com -->\n\t<meta name=\"description\" content=\"\u201c\u00a1No est\u00e1n solos!\u201d: Conferencia de Obispos de Estados Unidos a los migrantes. LaIglesia denuncia perfilamiento racial, capturas arbitrarias y ret\u00f3rica agresiva.\" \/>\n\t<meta name=\"robots\" content=\"max-snippet:-1, max-image-preview:large, max-video-preview:-1\" \/>\n\t<meta name=\"author\" content=\"SoyMigrante.com REVISTA\"\/>\n\t<link rel=\"canonical\" href=\"https:\/\/soymigrante.com\/revista\/contundente-mensaje-en-defensa-de-los-migrantes-emiten-los-obispos-catolicos-de-estados-unidos\/\" \/>\n\t<meta name=\"generator\" content=\"All in One SEO Pro (AIOSEO) 4.9.6.2\" \/>\n\n\t\t<link rel=\"preconnect\" href=\"https:\/\/fonts.googleapis.com\" crossorigin>\n<link rel=\"preconnect\" href=\"https:\/\/fonts.gstatic.com\" crossorigin>\n\t\t<meta property=\"og:locale\" content=\"es_ES\" \/>\n\t\t<meta property=\"og:site_name\" content=\"SoyMigrante.com REVISTA \u2013 Nuestra misi\u00f3n es reconocer y dignificar al migrante.\" \/>\n\t\t<meta property=\"og:type\" content=\"article\" \/>\n\t\t<meta property=\"og:title\" content=\"Obispos de USA lanzan fuerte mensaje a favor de migrantes\" \/>\n\t\t<meta property=\"og:description\" content=\"\u201c\u00a1No est\u00e1n solos!\u201d: Conferencia de Obispos de Estados Unidos a los migrantes. LaIglesia denuncia perfilamiento racial, capturas arbitrarias y ret\u00f3rica agresiva.\" \/>\n\t\t<meta property=\"og:url\" content=\"https:\/\/soymigrante.com\/revista\/contundente-mensaje-en-defensa-de-los-migrantes-emiten-los-obispos-catolicos-de-estados-unidos\/\" \/>\n\t\t<meta property=\"og:image\" content=\"https:\/\/soymigrante.com\/revista\/wp-content\/uploads\/2025\/11\/obispos-usa-cuadrado.jpg\" \/>\n\t\t<meta property=\"og:image:secure_url\" content=\"https:\/\/soymigrante.com\/revista\/wp-content\/uploads\/2025\/11\/obispos-usa-cuadrado.jpg\" \/>\n\t\t<meta property=\"og:image:width\" content=\"1365\" \/>\n\t\t<meta property=\"og:image:height\" content=\"1365\" \/>\n\t\t<meta property=\"article:published_time\" content=\"2025-11-15T17:10:57+00:00\" \/>\n\t\t<meta property=\"article:modified_time\" content=\"2025-11-15T17:11:05+00:00\" \/>\n\t\t<meta property=\"article:publisher\" content=\"https:\/\/www.facebook.com\/soymigrantecom\" \/>\n\t\t<meta name=\"twitter:card\" content=\"summary_large_image\" \/>\n\t\t<meta name=\"twitter:site\" content=\"@SoyMigrante_com\" \/>\n\t\t<meta name=\"twitter:title\" content=\"Obispos de USA lanzan fuerte mensaje a favor de migrantes\" \/>\n\t\t<meta name=\"twitter:description\" content=\"\u201c\u00a1No est\u00e1n solos!\u201d: Conferencia de Obispos de Estados Unidos a los migrantes. LaIglesia denuncia perfilamiento racial, capturas arbitrarias y ret\u00f3rica agresiva.\" \/>\n\t\t<meta name=\"twitter:creator\" content=\"@SoyMigrante_com\" \/>\n\t\t<meta name=\"twitter:image\" content=\"https:\/\/soymigrante.com\/revista\/wp-content\/uploads\/2025\/11\/obispos-usa-cuadrado.jpg\" \/>\n\t\t<!-- All in One SEO Pro -->\r\n\t\t<title>Obispos de USA lanzan fuerte mensaje a favor de migrantes<\/title>\n\n","aioseo_head_json":{"title":"Obispos de USA lanzan fuerte mensaje a favor de migrantes","description":"\u201c\u00a1No est\u00e1n solos!\u201d: Conferencia de Obispos de Estados Unidos a los migrantes. LaIglesia denuncia perfilamiento racial, capturas arbitrarias y ret\u00f3rica agresiva.","canonical_url":"https:\/\/soymigrante.com\/revista\/contundente-mensaje-en-defensa-de-los-migrantes-emiten-los-obispos-catolicos-de-estados-unidos\/","robots":"max-snippet:-1, max-image-preview:large, max-video-preview:-1","keywords":"","webmasterTools":{"miscellaneous":"&lt;link rel=\"preconnect\" href=\"https:\/\/fonts.googleapis.com\" crossorigin&gt;\n&lt;link rel=\"preconnect\" href=\"https:\/\/fonts.gstatic.com\" crossorigin&gt;"},"schema":null,"og:locale":"es_ES","og:site_name":"SoyMigrante.com REVISTA \u2013 Nuestra misi\u00f3n es reconocer y dignificar al migrante.","og:type":"article","og:title":"Obispos de USA lanzan fuerte mensaje a favor de migrantes","og:description":"\u201c\u00a1No est\u00e1n solos!\u201d: Conferencia de Obispos de Estados Unidos a los migrantes. LaIglesia denuncia perfilamiento racial, capturas arbitrarias y ret\u00f3rica agresiva.","og:url":"https:\/\/soymigrante.com\/revista\/contundente-mensaje-en-defensa-de-los-migrantes-emiten-los-obispos-catolicos-de-estados-unidos\/","og:image":"https:\/\/soymigrante.com\/revista\/wp-content\/uploads\/2025\/11\/obispos-usa-cuadrado.jpg","og:image:secure_url":"https:\/\/soymigrante.com\/revista\/wp-content\/uploads\/2025\/11\/obispos-usa-cuadrado.jpg","og:image:width":1365,"og:image:height":1365,"article:published_time":"2025-11-15T17:10:57+00:00","article:modified_time":"2025-11-15T17:11:05+00:00","article:publisher":"https:\/\/www.facebook.com\/soymigrantecom","twitter:card":"summary_large_image","twitter:site":"@SoyMigrante_com","twitter:title":"Obispos de USA lanzan fuerte mensaje a favor de migrantes","twitter:description":"\u201c\u00a1No est\u00e1n solos!\u201d: Conferencia de Obispos de Estados Unidos a los migrantes. LaIglesia denuncia perfilamiento racial, capturas arbitrarias y ret\u00f3rica agresiva.","twitter:creator":"@SoyMigrante_com","twitter:image":"https:\/\/soymigrante.com\/revista\/wp-content\/uploads\/2025\/11\/obispos-usa-cuadrado.jpg"},"aioseo_meta_data":{"post_id":"48676","title":"Jueza ordena garantizar acceso de abogados de migrantes","description":"Jueza federal orden\u00f3 en julio garantizar acceso de abogados a centro de detenci\u00f3n en Los Angeles, pero 4 meses despu\u00e9s su orden a\u00fan no se cumple totalmente.","keywords":null,"keyphrases":{"focus":{"keyphrase":"migrantes","score":74,"analysis":{"keyphraseInTitle":{"score":9,"maxScore":9,"error":0},"keyphraseInDescription":{"score":3,"maxScore":9,"error":1},"keyphraseLength":{"score":9,"maxScore":9,"error":0,"length":1},"keyphraseInURL":{"score":5,"maxScore":5,"error":0},"keyphraseInIntroduction":{"score":3,"maxScore":9,"error":1},"keyphraseInSubHeadings":{"score":9,"maxScore":9,"error":0},"keyphraseInImageAlt":{"score":3,"maxScore":9,"error":1},"keywordDensity":{"type":"best","score":9,"maxScore":9,"error":0}}},"additional":[{"keyphrase":"jueza","score":87,"analysis":{"keyphraseInDescription":{"score":9,"maxScore":9,"error":0},"keyphraseLength":{"score":9,"maxScore":9,"error":0,"length":1},"keyphraseInIntroduction":{"score":9,"maxScore":9,"error":0},"keyphraseInImageAlt":{"score":3,"maxScore":9,"error":1},"keywordDensity":{"type":"best","score":9,"maxScore":9,"error":0}}}]},"primary_term":null,"canonical_url":null,"og_title":null,"og_description":null,"og_object_type":"default","og_image_type":"default","og_image_url":null,"og_image_width":null,"og_image_height":null,"og_image_custom_url":null,"og_image_custom_fields":null,"og_video":"","og_custom_url":null,"og_article_section":null,"og_article_tags":null,"twitter_use_og":false,"twitter_card":"default","twitter_image_type":"default","twitter_image_url":null,"twitter_image_custom_url":null,"twitter_image_custom_fields":null,"twitter_title":null,"twitter_description":null,"schema":{"blockGraphs":[],"customGraphs":[],"default":{"data":{"Article":[],"Course":[],"Dataset":[],"FAQPage":[],"Movie":[],"Person":[],"Product":[],"ProductReview":[],"Car":[],"Recipe":[],"Service":[],"SoftwareApplication":[],"WebPage":[]},"graphName":"NewsArticle","isEnabled":true},"graphs":[]},"schema_type":"default","schema_type_options":null,"pillar_content":false,"robots_default":true,"robots_noindex":false,"robots_noarchive":false,"robots_nosnippet":false,"robots_nofollow":false,"robots_noimageindex":false,"robots_noodp":false,"robots_notranslate":false,"robots_max_snippet":"-1","robots_max_videopreview":"-1","robots_max_imagepreview":"large","priority":null,"frequency":"default","local_seo":null,"seo_analyzer_scan_date":"2025-11-17 10:01:16","breadcrumb_settings":null,"limit_modified_date":false,"reviewed_by":"0","open_ai":null,"ai":{"faqs":[],"keyPoints":[],"titles":[],"descriptions":[],"socialPosts":{"email":[],"linkedin":[],"twitter":[],"facebook":[],"instagram":[]}},"created":"2025-11-17 03:53:30","updated":"2026-02-05 07:05:15"},"aioseo_breadcrumb":"<div class=\"aioseo-breadcrumbs\"><span class=\"aioseo-breadcrumb\">\n\t<a href=\"https:\/\/soymigrante.com\/revista\" title=\"Home\">Home<\/a>\n<\/span><span class=\"aioseo-breadcrumb-separator\">\u00bb<\/span><span class=\"aioseo-breadcrumb\">\n\t<a href=\"https:\/\/soymigrante.com\/revista\/category\/noticias\/\" title=\"Noticias\">Noticias<\/a>\n<\/span><span class=\"aioseo-breadcrumb-separator\">\u00bb<\/span><span class=\"aioseo-breadcrumb\">\n\tJueza federal ordena permitir acceso de abogados a centro de detenci\u00f3n de migrantes en L.A.\n<\/span><\/div>","aioseo_breadcrumb_json":[{"label":"Home","link":"https:\/\/soymigrante.com\/revista"},{"label":"Noticias","link":"https:\/\/soymigrante.com\/revista\/category\/noticias\/"},{"label":"Jueza federal ordena permitir acceso de abogados a centro de detenci\u00f3n de migrantes en L.A.","link":"https:\/\/soymigrante.com\/revista\/jueza-federal-reitera-orden-de-permitir-acceso-de-abogados-a-centro-de-detencion-de-migrantes\/"}],"_links":{"self":[{"href":"https:\/\/soymigrante.com\/revista\/wp-json\/wp\/v2\/posts\/48676","targetHints":{"allow":["GET"]}}],"collection":[{"href":"https:\/\/soymigrante.com\/revista\/wp-json\/wp\/v2\/posts"}],"about":[{"href":"https:\/\/soymigrante.com\/revista\/wp-json\/wp\/v2\/types\/post"}],"author":[{"embeddable":true,"href":"https:\/\/soymigrante.com\/revista\/wp-json\/wp\/v2\/users\/7"}],"replies":[{"embeddable":true,"href":"https:\/\/soymigrante.com\/revista\/wp-json\/wp\/v2\/comments?post=48676"}],"version-history":[{"count":6,"href":"https:\/\/soymigrante.com\/revista\/wp-json\/wp\/v2\/posts\/48676\/revisions"}],"predecessor-version":[{"id":48684,"href":"https:\/\/soymigrante.com\/revista\/wp-json\/wp\/v2\/posts\/48676\/revisions\/48684"}],"wp:featuredmedia":[{"embeddable":true,"href":"https:\/\/soymigrante.com\/revista\/wp-json\/wp\/v2\/media\/48677"}],"wp:attachment":[{"href":"https:\/\/soymigrante.com\/revista\/wp-json\/wp\/v2\/media?parent=48676"}],"wp:term":[{"taxonomy":"category","embeddable":true,"href":"https:\/\/soymigrante.com\/revista\/wp-json\/wp\/v2\/categories?post=48676"},{"taxonomy":"post_tag","embeddable":true,"href":"https:\/\/soymigrante.com\/revista\/wp-json\/wp\/v2\/tags?post=48676"}],"curies":[{"name":"wp","href":"https:\/\/api.w.org\/{rel}","templated":true}]}}