{"id":48633,"date":"2025-11-16T14:30:21","date_gmt":"2025-11-16T20:30:21","guid":{"rendered":"https:\/\/soymigrante.com\/revista\/?p=48633"},"modified":"2025-11-16T14:46:40","modified_gmt":"2025-11-16T20:46:40","slug":"festival-de-las-flores-2025-enciende-colorida-primavera-en-la-antigua-guatemala","status":"publish","type":"post","link":"https:\/\/soymigrante.com\/revista\/festival-de-las-flores-2025-enciende-colorida-primavera-en-la-antigua-guatemala\/","title":{"rendered":"Festival de las Flores Antigua Guatemala 2025: una primavera colonial en im\u00e1genes"},"content":{"rendered":"\t\t<div data-elementor-type=\"wp-post\" data-elementor-id=\"48633\" class=\"elementor elementor-48633\" data-elementor-post-type=\"post\">\n\t\t\t\t<div data-particle_enable=\"false\" data-particle-mobile-disabled=\"false\" class=\"elementor-element elementor-element-6005e9c e-flex e-con-boxed e-con e-parent\" data-id=\"6005e9c\" data-element_type=\"container\" data-e-type=\"container\">\n\t\t\t\t\t<div class=\"e-con-inner\">\n\t\t\t\t<div class=\"elementor-element elementor-element-ef5700a elementor-widget elementor-widget-heading\" data-id=\"ef5700a\" data-element_type=\"widget\" data-e-type=\"widget\" data-widget_type=\"heading.default\">\n\t\t\t\t\t<h2 class=\"elementor-heading-title elementor-size-default\">El Festival de las Flores convierte en jard\u00edn a la ciudad Monumento de Am\u00e9rica: pero tambi\u00e9n florece la hermandad, la alegr\u00eda, la memoria guardada en fotos de este fin de semana primaveral. Instantes para el recuerdo.<\/h2>\t\t\t\t<\/div>\n\t\t\t\t\t<\/div>\n\t\t\t\t<\/div>\n\t\t<div data-particle_enable=\"false\" data-particle-mobile-disabled=\"false\" class=\"elementor-element elementor-element-9d2af9f e-flex e-con-boxed e-con e-parent\" data-id=\"9d2af9f\" data-element_type=\"container\" data-e-type=\"container\">\n\t\t\t\t\t<div class=\"e-con-inner\">\n\t\t\t\t<div class=\"elementor-element elementor-element-ad6930b elementor-widget elementor-widget-text-editor\" data-id=\"ad6930b\" data-element_type=\"widget\" data-e-type=\"widget\" data-widget_type=\"text-editor.default\">\n\t\t\t\t\t\t\t\t\t<p><b>&#8220;El retorno de la primavera cubre los flotantes campos de azafranadas flores y esmalta de pintadas rosas\u00a0las praderas&#8221;<\/b>, escribi\u00f3 el poeta Rafael Land\u00edvar hace m\u00e1s de 240 a\u00f1os sobre la <a href=\"https:\/\/soymigrante.com\/revista\/7-datos-de-antigua-guatemala-que-seguro-ya-sabias-o-quiza-no\/\">Antigua Guatemala<\/a>, donde naci\u00f3 y cuyo recuerdo nunca olvid\u00f3, aunque muri\u00f3 en el exilio. Y esa misma ciudad colonial es maravillosa memoria de piedra que se cubre de colores en el Festival de las Flores 2025, que recorremos en fotos.<\/p><p><a href=\"https:\/\/soymigrante.com\/revista\/festival-de-las-flores-de-antigua-guatemala-siempre-sorprende-galeria-de-anos-previos\/\">Festival de las Flores<\/a> se celebra desde 2017 y este a\u00f1o toc\u00f3 en 15 y 16 de noviembre. Miles de guatemaltecos y tambi\u00e9n visitantes extranjeros se dieron cita en esta joya hist\u00f3rica y patrimonial de la humanidad.<\/p>\t\t\t\t\t\t\t\t<\/div>\n\t\t\t\t\t<\/div>\n\t\t\t\t<\/div>\n\t\t<div data-particle_enable=\"false\" data-particle-mobile-disabled=\"false\" class=\"elementor-element elementor-element-6cba9a4 e-flex e-con-boxed e-con e-parent\" data-id=\"6cba9a4\" data-element_type=\"container\" data-e-type=\"container\">\n\t\t\t\t\t<div class=\"e-con-inner\">\n\t\t\t\t<div class=\"elementor-element elementor-element-3791541 elementor-widget elementor-widget-heading\" data-id=\"3791541\" data-element_type=\"widget\" data-e-type=\"widget\" data-widget_type=\"heading.default\">\n\t\t\t\t\t<h3 class=\"elementor-heading-title elementor-size-default\">Comercios decoran sus fachadas con gran imaginaci\u00f3n<\/h3>\t\t\t\t<\/div>\n\t\t\t\t\t<\/div>\n\t\t\t\t<\/div>\n\t\t<div data-particle_enable=\"false\" data-particle-mobile-disabled=\"false\" class=\"elementor-element elementor-element-47392c4 e-flex e-con-boxed e-con e-parent\" data-id=\"47392c4\" data-element_type=\"container\" data-e-type=\"container\">\n\t\t\t\t\t<div class=\"e-con-inner\">\n\t\t\t\t<div class=\"elementor-element elementor-element-e009ee0 elementor-widget elementor-widget-image-gallery\" data-id=\"e009ee0\" data-element_type=\"widget\" data-e-type=\"widget\" data-widget_type=\"image-gallery.default\">\n\t\t\t\t\t\t\t<div class=\"elementor-image-gallery\">\n\t\t\t<div id='gallery-4' class='gallery galleryid-48633 gallery-columns-1 gallery-size-large'><figure class='gallery-item'>\n\t\t\t<div class='gallery-icon landscape'>\n\t\t\t\t<a data-elementor-open-lightbox=\"yes\" data-elementor-lightbox-slideshow=\"e009ee0\" data-elementor-lightbox-title=\"antigua guatemala festival de las flores 2025 7\" data-elementor-lightbox-description=\"antigua guatemala festival de las flores 2025 6\" data-e-action-hash=\"#elementor-action%3Aaction%3Dlightbox%26settings%3DeyJpZCI6NDg2MzksInVybCI6Imh0dHBzOlwvXC9zb3ltaWdyYW50ZS5jb21cL3JldmlzdGFcL3dwLWNvbnRlbnRcL3VwbG9hZHNcLzIwMjVcLzExXC9hbnRpZ3VhLWd1YXRlbWFsYS1mZXN0aXZhbC1kZS1sYXMtZmxvcmVzLTIwMjUtNy5qcGciLCJzbGlkZXNob3ciOiJlMDA5ZWUwIn0%3D\" href='https:\/\/soymigrante.com\/revista\/wp-content\/uploads\/2025\/11\/antigua-guatemala-festival-de-las-flores-2025-7.jpg'><img fetchpriority=\"high\" decoding=\"async\" width=\"1140\" height=\"855\" src=\"https:\/\/soymigrante.com\/revista\/wp-content\/uploads\/2025\/11\/antigua-guatemala-festival-de-las-flores-2025-7-1140x855.jpg\" class=\"attachment-large size-large\" alt=\"antigua guatemala festival de las flores 2025 6\" aria-describedby=\"gallery-4-48639\" srcset=\"https:\/\/soymigrante.com\/revista\/wp-content\/uploads\/2025\/11\/antigua-guatemala-festival-de-las-flores-2025-7-1140x855.jpg 1140w, https:\/\/soymigrante.com\/revista\/wp-content\/uploads\/2025\/11\/antigua-guatemala-festival-de-las-flores-2025-7-300x225.jpg 300w, https:\/\/soymigrante.com\/revista\/wp-content\/uploads\/2025\/11\/antigua-guatemala-festival-de-las-flores-2025-7-768x576.jpg 768w, https:\/\/soymigrante.com\/revista\/wp-content\/uploads\/2025\/11\/antigua-guatemala-festival-de-las-flores-2025-7-1536x1152.jpg 1536w, https:\/\/soymigrante.com\/revista\/wp-content\/uploads\/2025\/11\/antigua-guatemala-festival-de-las-flores-2025-7-750x563.jpg 750w, https:\/\/soymigrante.com\/revista\/wp-content\/uploads\/2025\/11\/antigua-guatemala-festival-de-las-flores-2025-7.jpg 1600w\" sizes=\"(max-width: 1140px) 100vw, 1140px\" title=\"antigua guatemala festival de las flores 2025 7 \u2013 SoyMigrante.com REVISTA\" \/><\/a>\n\t\t\t<\/div>\n\t\t\t\t<figcaption class='wp-caption-text gallery-caption' id='gallery-4-48639'>\n\t\t\t\tAnta\u00f1ones muros florecen a la vista de visitantes  y residentes\n\t\t\t\t<\/figcaption><\/figure><figure class='gallery-item'>\n\t\t\t<div class='gallery-icon portrait'>\n\t\t\t\t<a data-elementor-open-lightbox=\"yes\" data-elementor-lightbox-slideshow=\"e009ee0\" data-elementor-lightbox-title=\"antigua guatemala festival de las flores 2025 6\" data-elementor-lightbox-description=\"antigua guatemala festival de las flores 2025 6\" data-e-action-hash=\"#elementor-action%3Aaction%3Dlightbox%26settings%3DeyJpZCI6NDg2NDMsInVybCI6Imh0dHBzOlwvXC9zb3ltaWdyYW50ZS5jb21cL3JldmlzdGFcL3dwLWNvbnRlbnRcL3VwbG9hZHNcLzIwMjVcLzExXC9hbnRpZ3VhLWd1YXRlbWFsYS1mZXN0aXZhbC1kZS1sYXMtZmxvcmVzLTIwMjUtMjguanBnIiwic2xpZGVzaG93IjoiZTAwOWVlMCJ9\" href='https:\/\/soymigrante.com\/revista\/wp-content\/uploads\/2025\/11\/antigua-guatemala-festival-de-las-flores-2025-28.jpg'><img decoding=\"async\" width=\"768\" height=\"1024\" src=\"https:\/\/soymigrante.com\/revista\/wp-content\/uploads\/2025\/11\/antigua-guatemala-festival-de-las-flores-2025-28-768x1024.jpg\" class=\"attachment-large size-large\" alt=\"antigua guatemala festival de las flores 2025 6\" aria-describedby=\"gallery-4-48643\" srcset=\"https:\/\/soymigrante.com\/revista\/wp-content\/uploads\/2025\/11\/antigua-guatemala-festival-de-las-flores-2025-28-768x1024.jpg 768w, https:\/\/soymigrante.com\/revista\/wp-content\/uploads\/2025\/11\/antigua-guatemala-festival-de-las-flores-2025-28-225x300.jpg 225w, https:\/\/soymigrante.com\/revista\/wp-content\/uploads\/2025\/11\/antigua-guatemala-festival-de-las-flores-2025-28-750x1000.jpg 750w, https:\/\/soymigrante.com\/revista\/wp-content\/uploads\/2025\/11\/antigua-guatemala-festival-de-las-flores-2025-28.jpg 960w\" sizes=\"(max-width: 768px) 100vw, 768px\" title=\"antigua guatemala festival de las flores 2025 6 \u2013 SoyMigrante.com REVISTA\" \/><\/a>\n\t\t\t<\/div>\n\t\t\t\t<figcaption class='wp-caption-text gallery-caption' id='gallery-4-48643'>\n\t\t\t\tEn cada edici\u00f3n del festival hay un concurso de fachadas que reta la imaginaci\u00f3n\n\n\t\t\t\t<\/figcaption><\/figure><figure class='gallery-item'>\n\t\t\t<div class='gallery-icon portrait'>\n\t\t\t\t<a data-elementor-open-lightbox=\"yes\" data-elementor-lightbox-slideshow=\"e009ee0\" data-elementor-lightbox-title=\"antigua guatemala festival de las flores 2025 25\" data-elementor-lightbox-description=\"antigua guatemala festival de las flores 2025 6\" data-e-action-hash=\"#elementor-action%3Aaction%3Dlightbox%26settings%3DeyJpZCI6NDg2NDIsInVybCI6Imh0dHBzOlwvXC9zb3ltaWdyYW50ZS5jb21cL3JldmlzdGFcL3dwLWNvbnRlbnRcL3VwbG9hZHNcLzIwMjVcLzExXC9hbnRpZ3VhLWd1YXRlbWFsYS1mZXN0aXZhbC1kZS1sYXMtZmxvcmVzLTIwMjUtMjUuanBnIiwic2xpZGVzaG93IjoiZTAwOWVlMCJ9\" href='https:\/\/soymigrante.com\/revista\/wp-content\/uploads\/2025\/11\/antigua-guatemala-festival-de-las-flores-2025-25.jpg'><img decoding=\"async\" width=\"768\" height=\"1024\" src=\"https:\/\/soymigrante.com\/revista\/wp-content\/uploads\/2025\/11\/antigua-guatemala-festival-de-las-flores-2025-25-768x1024.jpg\" class=\"attachment-large size-large\" alt=\"antigua guatemala festival de las flores 2025 6\" aria-describedby=\"gallery-4-48642\" srcset=\"https:\/\/soymigrante.com\/revista\/wp-content\/uploads\/2025\/11\/antigua-guatemala-festival-de-las-flores-2025-25-768x1024.jpg 768w, https:\/\/soymigrante.com\/revista\/wp-content\/uploads\/2025\/11\/antigua-guatemala-festival-de-las-flores-2025-25-225x300.jpg 225w, https:\/\/soymigrante.com\/revista\/wp-content\/uploads\/2025\/11\/antigua-guatemala-festival-de-las-flores-2025-25-750x1000.jpg 750w, https:\/\/soymigrante.com\/revista\/wp-content\/uploads\/2025\/11\/antigua-guatemala-festival-de-las-flores-2025-25.jpg 960w\" sizes=\"(max-width: 768px) 100vw, 768px\" title=\"antigua guatemala festival de las flores 2025 25 \u2013 SoyMigrante.com REVISTA\" \/><\/a>\n\t\t\t<\/div>\n\t\t\t\t<figcaption class='wp-caption-text gallery-caption' id='gallery-4-48642'>\n\t\t\t\tCreatividad floreciente brinda la bienvenida en cada port\u00f3n\n\t\t\t\t<\/figcaption><\/figure><figure class='gallery-item'>\n\t\t\t<div class='gallery-icon portrait'>\n\t\t\t\t<a data-elementor-open-lightbox=\"yes\" data-elementor-lightbox-slideshow=\"e009ee0\" data-elementor-lightbox-title=\"antigua guatemala festival de las flores 2025 8\" data-elementor-lightbox-description=\"antigua guatemala festival de las flores 2025 6\" data-e-action-hash=\"#elementor-action%3Aaction%3Dlightbox%26settings%3DeyJpZCI6NDg2NDAsInVybCI6Imh0dHBzOlwvXC9zb3ltaWdyYW50ZS5jb21cL3JldmlzdGFcL3dwLWNvbnRlbnRcL3VwbG9hZHNcLzIwMjVcLzExXC9hbnRpZ3VhLWd1YXRlbWFsYS1mZXN0aXZhbC1kZS1sYXMtZmxvcmVzLTIwMjUtOC5qcGciLCJzbGlkZXNob3ciOiJlMDA5ZWUwIn0%3D\" href='https:\/\/soymigrante.com\/revista\/wp-content\/uploads\/2025\/11\/antigua-guatemala-festival-de-las-flores-2025-8.jpg'><img loading=\"lazy\" decoding=\"async\" width=\"768\" height=\"1024\" src=\"https:\/\/soymigrante.com\/revista\/wp-content\/uploads\/2025\/11\/antigua-guatemala-festival-de-las-flores-2025-8-768x1024.jpg\" class=\"attachment-large size-large\" alt=\"antigua guatemala festival de las flores 2025 6\" aria-describedby=\"gallery-4-48640\" srcset=\"https:\/\/soymigrante.com\/revista\/wp-content\/uploads\/2025\/11\/antigua-guatemala-festival-de-las-flores-2025-8-768x1024.jpg 768w, https:\/\/soymigrante.com\/revista\/wp-content\/uploads\/2025\/11\/antigua-guatemala-festival-de-las-flores-2025-8-225x300.jpg 225w, https:\/\/soymigrante.com\/revista\/wp-content\/uploads\/2025\/11\/antigua-guatemala-festival-de-las-flores-2025-8-1152x1536.jpg 1152w, https:\/\/soymigrante.com\/revista\/wp-content\/uploads\/2025\/11\/antigua-guatemala-festival-de-las-flores-2025-8-750x1000.jpg 750w, https:\/\/soymigrante.com\/revista\/wp-content\/uploads\/2025\/11\/antigua-guatemala-festival-de-las-flores-2025-8-1140x1520.jpg 1140w, https:\/\/soymigrante.com\/revista\/wp-content\/uploads\/2025\/11\/antigua-guatemala-festival-de-las-flores-2025-8.jpg 1200w\" sizes=\"(max-width: 768px) 100vw, 768px\" title=\"antigua guatemala festival de las flores 2025 8 \u2013 SoyMigrante.com REVISTA\" \/><\/a>\n\t\t\t<\/div>\n\t\t\t\t<figcaption class='wp-caption-text gallery-caption' id='gallery-4-48640'>\n\t\t\t\tLas flores dicen siempre:  bienvenido, bienvenida, pasen adelante\n\n\t\t\t\t<\/figcaption><\/figure><figure class='gallery-item'>\n\t\t\t<div class='gallery-icon portrait'>\n\t\t\t\t<a data-elementor-open-lightbox=\"yes\" data-elementor-lightbox-slideshow=\"e009ee0\" data-elementor-lightbox-title=\"antigua guatemala festival de las flores 2025 19\" data-elementor-lightbox-description=\"antigua guatemala festival de las flores 2025 6\" data-e-action-hash=\"#elementor-action%3Aaction%3Dlightbox%26settings%3DeyJpZCI6NDg2NDEsInVybCI6Imh0dHBzOlwvXC9zb3ltaWdyYW50ZS5jb21cL3JldmlzdGFcL3dwLWNvbnRlbnRcL3VwbG9hZHNcLzIwMjVcLzExXC9hbnRpZ3VhLWd1YXRlbWFsYS1mZXN0aXZhbC1kZS1sYXMtZmxvcmVzLTIwMjUtMTkuanBnIiwic2xpZGVzaG93IjoiZTAwOWVlMCJ9\" href='https:\/\/soymigrante.com\/revista\/wp-content\/uploads\/2025\/11\/antigua-guatemala-festival-de-las-flores-2025-19.jpg'><img loading=\"lazy\" decoding=\"async\" width=\"768\" height=\"1024\" src=\"https:\/\/soymigrante.com\/revista\/wp-content\/uploads\/2025\/11\/antigua-guatemala-festival-de-las-flores-2025-19-768x1024.jpg\" class=\"attachment-large size-large\" alt=\"antigua guatemala festival de las flores 2025 6\" aria-describedby=\"gallery-4-48641\" srcset=\"https:\/\/soymigrante.com\/revista\/wp-content\/uploads\/2025\/11\/antigua-guatemala-festival-de-las-flores-2025-19-768x1024.jpg 768w, https:\/\/soymigrante.com\/revista\/wp-content\/uploads\/2025\/11\/antigua-guatemala-festival-de-las-flores-2025-19-225x300.jpg 225w, https:\/\/soymigrante.com\/revista\/wp-content\/uploads\/2025\/11\/antigua-guatemala-festival-de-las-flores-2025-19-750x1000.jpg 750w, https:\/\/soymigrante.com\/revista\/wp-content\/uploads\/2025\/11\/antigua-guatemala-festival-de-las-flores-2025-19.jpg 960w\" sizes=\"(max-width: 768px) 100vw, 768px\" title=\"antigua guatemala festival de las flores 2025 19 \u2013 SoyMigrante.com REVISTA\" \/><\/a>\n\t\t\t<\/div>\n\t\t\t\t<figcaption class='wp-caption-text gallery-caption' id='gallery-4-48641'>\n\t\t\t\tPara la memoria quedan las flores del festival 2025\n\t\t\t\t<\/figcaption><\/figure><figure class='gallery-item'>\n\t\t\t<div class='gallery-icon portrait'>\n\t\t\t\t<a data-elementor-open-lightbox=\"yes\" data-elementor-lightbox-slideshow=\"e009ee0\" data-elementor-lightbox-title=\"antigua guatemala festival de las flores 2025 6\" data-elementor-lightbox-description=\"antigua guatemala festival de las flores 2025 6\" data-e-action-hash=\"#elementor-action%3Aaction%3Dlightbox%26settings%3DeyJpZCI6NDg2MzgsInVybCI6Imh0dHBzOlwvXC9zb3ltaWdyYW50ZS5jb21cL3JldmlzdGFcL3dwLWNvbnRlbnRcL3VwbG9hZHNcLzIwMjVcLzExXC9hbnRpZ3VhLWd1YXRlbWFsYS1mZXN0aXZhbC1kZS1sYXMtZmxvcmVzLTIwMjUtNi5qcGciLCJzbGlkZXNob3ciOiJlMDA5ZWUwIn0%3D\" href='https:\/\/soymigrante.com\/revista\/wp-content\/uploads\/2025\/11\/antigua-guatemala-festival-de-las-flores-2025-6.jpg'><img loading=\"lazy\" decoding=\"async\" width=\"768\" height=\"1024\" src=\"https:\/\/soymigrante.com\/revista\/wp-content\/uploads\/2025\/11\/antigua-guatemala-festival-de-las-flores-2025-6-768x1024.jpg\" class=\"attachment-large size-large\" alt=\"antigua guatemala festival de las flores 2025 6\" aria-describedby=\"gallery-4-48638\" srcset=\"https:\/\/soymigrante.com\/revista\/wp-content\/uploads\/2025\/11\/antigua-guatemala-festival-de-las-flores-2025-6-768x1024.jpg 768w, https:\/\/soymigrante.com\/revista\/wp-content\/uploads\/2025\/11\/antigua-guatemala-festival-de-las-flores-2025-6-225x300.jpg 225w, https:\/\/soymigrante.com\/revista\/wp-content\/uploads\/2025\/11\/antigua-guatemala-festival-de-las-flores-2025-6-1152x1536.jpg 1152w, https:\/\/soymigrante.com\/revista\/wp-content\/uploads\/2025\/11\/antigua-guatemala-festival-de-las-flores-2025-6-750x1000.jpg 750w, https:\/\/soymigrante.com\/revista\/wp-content\/uploads\/2025\/11\/antigua-guatemala-festival-de-las-flores-2025-6-1140x1520.jpg 1140w, https:\/\/soymigrante.com\/revista\/wp-content\/uploads\/2025\/11\/antigua-guatemala-festival-de-las-flores-2025-6.jpg 1200w\" sizes=\"(max-width: 768px) 100vw, 768px\" title=\"antigua guatemala festival de las flores 2025 6 \u2013 SoyMigrante.com REVISTA\" \/><\/a>\n\t\t\t<\/div>\n\t\t\t\t<figcaption class='wp-caption-text gallery-caption' id='gallery-4-48638'>\n\t\t\t\tNo hay adorno peque\u00f1o, todos aportan algo a la primavera antig\u00fce\u00f1a\n\t\t\t\t<\/figcaption><\/figure>\n\t\t<\/div>\n\t\t<\/div>\n\t\t\t\t\t\t<\/div>\n\t\t\t\t\t<\/div>\n\t\t\t\t<\/div>\n\t\t<div data-particle_enable=\"false\" data-particle-mobile-disabled=\"false\" class=\"elementor-element elementor-element-63d8a26 e-flex e-con-boxed e-con e-parent\" data-id=\"63d8a26\" data-element_type=\"container\" data-e-type=\"container\">\n\t\t\t\t\t<div class=\"e-con-inner\">\n\t\t\t\t<div class=\"elementor-element elementor-element-dc11b7f elementor-widget elementor-widget-heading\" data-id=\"dc11b7f\" data-element_type=\"widget\" data-e-type=\"widget\" data-widget_type=\"heading.default\">\n\t\t\t\t\t<h3 class=\"elementor-heading-title elementor-size-default\">Espacios tentadores para una selfie memorable<\/h3>\t\t\t\t<\/div>\n\t\t\t\t\t<\/div>\n\t\t\t\t<\/div>\n\t\t<div data-particle_enable=\"false\" data-particle-mobile-disabled=\"false\" class=\"elementor-element elementor-element-0999f1d e-flex e-con-boxed e-con e-parent\" data-id=\"0999f1d\" data-element_type=\"container\" data-e-type=\"container\">\n\t\t\t\t\t<div class=\"e-con-inner\">\n\t\t\t\t<div class=\"elementor-element elementor-element-41dae29 elementor-widget elementor-widget-text-editor\" data-id=\"41dae29\" data-element_type=\"widget\" data-e-type=\"widget\" data-widget_type=\"text-editor.default\">\n\t\t\t\t\t\t\t\t\t<p><a href=\"https:\/\/soymigrante.com\/revista\/un-domingo-cualquiera-es-especial-en-la-antigua-guatemala\/\">Usualmente Antigua Guatemala es<\/a> lugar que motiva guardar recuerdo de una visita con una selfie individual o grupal. O esa pregunta constante a un extra\u00f1o: \u00bfDisculpe, nos tomar\u00eda una fotograf\u00eda?&#8230;.\u00a0 Eso se multiplic\u00f3 durante los d\u00edas del <a href=\"https:\/\/soymigrante.com\/revista\/festival-de-las-flores-de-antigua-guatemala-siempre-sorprende-galeria-de-anos-previos\/\">Festival de las Flores<\/a><\/p>\t\t\t\t\t\t\t\t<\/div>\n\t\t\t\t\t<\/div>\n\t\t\t\t<\/div>\n\t\t<div data-particle_enable=\"false\" data-particle-mobile-disabled=\"false\" class=\"elementor-element elementor-element-9b3c8e9 e-flex e-con-boxed e-con e-parent\" data-id=\"9b3c8e9\" data-element_type=\"container\" data-e-type=\"container\">\n\t\t\t\t\t<div class=\"e-con-inner\">\n\t\t\t\t<div class=\"elementor-element elementor-element-3586867 elementor-widget elementor-widget-image-gallery\" data-id=\"3586867\" data-element_type=\"widget\" data-e-type=\"widget\" data-widget_type=\"image-gallery.default\">\n\t\t\t\t\t\t\t<div class=\"elementor-image-gallery\">\n\t\t\t<div id='gallery-5' class='gallery galleryid-48633 gallery-columns-1 gallery-size-large'><figure class='gallery-item'>\n\t\t\t<div class='gallery-icon portrait'>\n\t\t\t\t<a data-elementor-open-lightbox=\"yes\" data-elementor-lightbox-slideshow=\"3586867\" data-elementor-lightbox-title=\"antigua guatemala festival de las flores 2025 3\" data-elementor-lightbox-description=\"antigua guatemala festival de las flores 2025 3\" data-e-action-hash=\"#elementor-action%3Aaction%3Dlightbox%26settings%3DeyJpZCI6NDg2NDQsInVybCI6Imh0dHBzOlwvXC9zb3ltaWdyYW50ZS5jb21cL3JldmlzdGFcL3dwLWNvbnRlbnRcL3VwbG9hZHNcLzIwMjVcLzExXC9hbnRpZ3VhLWd1YXRlbWFsYS1mZXN0aXZhbC1kZS1sYXMtZmxvcmVzLTIwMjUtMy5qcGciLCJzbGlkZXNob3ciOiIzNTg2ODY3In0%3D\" href='https:\/\/soymigrante.com\/revista\/wp-content\/uploads\/2025\/11\/antigua-guatemala-festival-de-las-flores-2025-3.jpg'><img loading=\"lazy\" decoding=\"async\" width=\"768\" height=\"1024\" src=\"https:\/\/soymigrante.com\/revista\/wp-content\/uploads\/2025\/11\/antigua-guatemala-festival-de-las-flores-2025-3-768x1024.jpg\" class=\"attachment-large size-large\" alt=\"antigua guatemala festival de las flores 2025 3\" aria-describedby=\"gallery-5-48644\" srcset=\"https:\/\/soymigrante.com\/revista\/wp-content\/uploads\/2025\/11\/antigua-guatemala-festival-de-las-flores-2025-3-768x1024.jpg 768w, https:\/\/soymigrante.com\/revista\/wp-content\/uploads\/2025\/11\/antigua-guatemala-festival-de-las-flores-2025-3-225x300.jpg 225w, https:\/\/soymigrante.com\/revista\/wp-content\/uploads\/2025\/11\/antigua-guatemala-festival-de-las-flores-2025-3-750x1000.jpg 750w, https:\/\/soymigrante.com\/revista\/wp-content\/uploads\/2025\/11\/antigua-guatemala-festival-de-las-flores-2025-3.jpg 966w\" sizes=\"(max-width: 768px) 100vw, 768px\" title=\"antigua guatemala festival de las flores 2025 3 \u2013 SoyMigrante.com REVISTA\" \/><\/a>\n\t\t\t<\/div>\n\t\t\t\t<figcaption class='wp-caption-text gallery-caption' id='gallery-5-48644'>\n\t\t\t\tFresca sonrisa de la ma\u00f1ana llena de ilusi\u00f3n en una ciudad con piedras de tiempo\n\t\t\t\t<\/figcaption><\/figure><figure class='gallery-item'>\n\t\t\t<div class='gallery-icon portrait'>\n\t\t\t\t<a data-elementor-open-lightbox=\"yes\" data-elementor-lightbox-slideshow=\"3586867\" data-elementor-lightbox-title=\"antigua guatemala festival de las flores 2025 3\" data-elementor-lightbox-description=\"antigua guatemala festival de las flores 2025 3\" data-e-action-hash=\"#elementor-action%3Aaction%3Dlightbox%26settings%3DeyJpZCI6NDg2NDUsInVybCI6Imh0dHBzOlwvXC9zb3ltaWdyYW50ZS5jb21cL3JldmlzdGFcL3dwLWNvbnRlbnRcL3VwbG9hZHNcLzIwMjVcLzExXC9hbnRpZ3VhLWd1YXRlbWFsYS1mZXN0aXZhbC1kZS1sYXMtZmxvcmVzLTIwMjUtNC5qcGciLCJzbGlkZXNob3ciOiIzNTg2ODY3In0%3D\" href='https:\/\/soymigrante.com\/revista\/wp-content\/uploads\/2025\/11\/antigua-guatemala-festival-de-las-flores-2025-4.jpg'><img loading=\"lazy\" decoding=\"async\" width=\"768\" height=\"1024\" src=\"https:\/\/soymigrante.com\/revista\/wp-content\/uploads\/2025\/11\/antigua-guatemala-festival-de-las-flores-2025-4-768x1024.jpg\" class=\"attachment-large size-large\" alt=\"antigua guatemala festival de las flores 2025 3\" aria-describedby=\"gallery-5-48645\" srcset=\"https:\/\/soymigrante.com\/revista\/wp-content\/uploads\/2025\/11\/antigua-guatemala-festival-de-las-flores-2025-4-768x1024.jpg 768w, https:\/\/soymigrante.com\/revista\/wp-content\/uploads\/2025\/11\/antigua-guatemala-festival-de-las-flores-2025-4-225x300.jpg 225w, https:\/\/soymigrante.com\/revista\/wp-content\/uploads\/2025\/11\/antigua-guatemala-festival-de-las-flores-2025-4-1152x1536.jpg 1152w, https:\/\/soymigrante.com\/revista\/wp-content\/uploads\/2025\/11\/antigua-guatemala-festival-de-las-flores-2025-4-750x1000.jpg 750w, https:\/\/soymigrante.com\/revista\/wp-content\/uploads\/2025\/11\/antigua-guatemala-festival-de-las-flores-2025-4-1140x1520.jpg 1140w, https:\/\/soymigrante.com\/revista\/wp-content\/uploads\/2025\/11\/antigua-guatemala-festival-de-las-flores-2025-4.jpg 1200w\" sizes=\"(max-width: 768px) 100vw, 768px\" title=\"antigua guatemala festival de las flores 2025 3 \u2013 SoyMigrante.com REVISTA\" \/><\/a>\n\t\t\t<\/div>\n\t\t\t\t<figcaption class='wp-caption-text gallery-caption' id='gallery-5-48645'>\n\t\t\t\tUn memorable momento en la mejor compa\u00f1\u00eda que se queda anclado en el coraz\u00f3n\n\t\t\t\t<\/figcaption><\/figure><figure class='gallery-item'>\n\t\t\t<div class='gallery-icon landscape'>\n\t\t\t\t<a data-elementor-open-lightbox=\"yes\" data-elementor-lightbox-slideshow=\"3586867\" data-elementor-lightbox-title=\"antigua guatemala festival de las flores 2025 48\" data-elementor-lightbox-description=\"antigua guatemala festival de las flores 2025 3\" data-e-action-hash=\"#elementor-action%3Aaction%3Dlightbox%26settings%3DeyJpZCI6NDg2NDcsInVybCI6Imh0dHBzOlwvXC9zb3ltaWdyYW50ZS5jb21cL3JldmlzdGFcL3dwLWNvbnRlbnRcL3VwbG9hZHNcLzIwMjVcLzExXC9hbnRpZ3VhLWd1YXRlbWFsYS1mZXN0aXZhbC1kZS1sYXMtZmxvcmVzLTIwMjUtNDgtMS5qcGciLCJzbGlkZXNob3ciOiIzNTg2ODY3In0%3D\" href='https:\/\/soymigrante.com\/revista\/wp-content\/uploads\/2025\/11\/antigua-guatemala-festival-de-las-flores-2025-48-1.jpg'><img loading=\"lazy\" decoding=\"async\" width=\"1024\" height=\"1024\" src=\"https:\/\/soymigrante.com\/revista\/wp-content\/uploads\/2025\/11\/antigua-guatemala-festival-de-las-flores-2025-48-1-1024x1024.jpg\" class=\"attachment-large size-large\" alt=\"antigua guatemala festival de las flores 2025 3\" aria-describedby=\"gallery-5-48647\" srcset=\"https:\/\/soymigrante.com\/revista\/wp-content\/uploads\/2025\/11\/antigua-guatemala-festival-de-las-flores-2025-48-1-1024x1024.jpg 1024w, https:\/\/soymigrante.com\/revista\/wp-content\/uploads\/2025\/11\/antigua-guatemala-festival-de-las-flores-2025-48-1-300x300.jpg 300w, https:\/\/soymigrante.com\/revista\/wp-content\/uploads\/2025\/11\/antigua-guatemala-festival-de-las-flores-2025-48-1-150x150.jpg 150w, https:\/\/soymigrante.com\/revista\/wp-content\/uploads\/2025\/11\/antigua-guatemala-festival-de-las-flores-2025-48-1-768x768.jpg 768w, https:\/\/soymigrante.com\/revista\/wp-content\/uploads\/2025\/11\/antigua-guatemala-festival-de-las-flores-2025-48-1-75x75.jpg 75w, https:\/\/soymigrante.com\/revista\/wp-content\/uploads\/2025\/11\/antigua-guatemala-festival-de-las-flores-2025-48-1-750x750.jpg 750w, https:\/\/soymigrante.com\/revista\/wp-content\/uploads\/2025\/11\/antigua-guatemala-festival-de-las-flores-2025-48-1-1140x1140.jpg 1140w, https:\/\/soymigrante.com\/revista\/wp-content\/uploads\/2025\/11\/antigua-guatemala-festival-de-las-flores-2025-48-1.jpg 1200w\" sizes=\"(max-width: 1024px) 100vw, 1024px\" title=\"antigua guatemala festival de las flores 2025 48 \u2013 SoyMigrante.com REVISTA\" \/><\/a>\n\t\t\t<\/div>\n\t\t\t\t<figcaption class='wp-caption-text gallery-caption' id='gallery-5-48647'>\n\t\t\t\tNo pod\u00eda faltar el Quetzal de flores, en colorida estampa a bordo de un &#8220;chicken bus&#8221;\n\t\t\t\t<\/figcaption><\/figure><figure class='gallery-item'>\n\t\t\t<div class='gallery-icon portrait'>\n\t\t\t\t<a data-elementor-open-lightbox=\"yes\" data-elementor-lightbox-slideshow=\"3586867\" data-elementor-lightbox-title=\"antigua guatemala festival de las flores 2025 40\" data-elementor-lightbox-description=\"antigua guatemala festival de las flores 2025 3\" data-e-action-hash=\"#elementor-action%3Aaction%3Dlightbox%26settings%3DeyJpZCI6NDg2NDgsInVybCI6Imh0dHBzOlwvXC9zb3ltaWdyYW50ZS5jb21cL3JldmlzdGFcL3dwLWNvbnRlbnRcL3VwbG9hZHNcLzIwMjVcLzExXC9hbnRpZ3VhLWd1YXRlbWFsYS1mZXN0aXZhbC1kZS1sYXMtZmxvcmVzLTIwMjUtNDAuanBnIiwic2xpZGVzaG93IjoiMzU4Njg2NyJ9\" href='https:\/\/soymigrante.com\/revista\/wp-content\/uploads\/2025\/11\/antigua-guatemala-festival-de-las-flores-2025-40.jpg'><img loading=\"lazy\" decoding=\"async\" width=\"768\" height=\"1024\" src=\"https:\/\/soymigrante.com\/revista\/wp-content\/uploads\/2025\/11\/antigua-guatemala-festival-de-las-flores-2025-40-768x1024.jpg\" class=\"attachment-large size-large\" alt=\"antigua guatemala festival de las flores 2025 3\" aria-describedby=\"gallery-5-48648\" srcset=\"https:\/\/soymigrante.com\/revista\/wp-content\/uploads\/2025\/11\/antigua-guatemala-festival-de-las-flores-2025-40-768x1024.jpg 768w, https:\/\/soymigrante.com\/revista\/wp-content\/uploads\/2025\/11\/antigua-guatemala-festival-de-las-flores-2025-40-225x300.jpg 225w, https:\/\/soymigrante.com\/revista\/wp-content\/uploads\/2025\/11\/antigua-guatemala-festival-de-las-flores-2025-40-1152x1536.jpg 1152w, https:\/\/soymigrante.com\/revista\/wp-content\/uploads\/2025\/11\/antigua-guatemala-festival-de-las-flores-2025-40-750x1000.jpg 750w, https:\/\/soymigrante.com\/revista\/wp-content\/uploads\/2025\/11\/antigua-guatemala-festival-de-las-flores-2025-40-1140x1520.jpg 1140w, https:\/\/soymigrante.com\/revista\/wp-content\/uploads\/2025\/11\/antigua-guatemala-festival-de-las-flores-2025-40.jpg 1200w\" sizes=\"(max-width: 768px) 100vw, 768px\" title=\"antigua guatemala festival de las flores 2025 40 \u2013 SoyMigrante.com REVISTA\" \/><\/a>\n\t\t\t<\/div>\n\t\t\t\t<figcaption class='wp-caption-text gallery-caption' id='gallery-5-48648'>\n\t\t\t\tEl vocho tambi\u00e9n es infaltable, con su respectivo adorno de girasol\n\t\t\t\t<\/figcaption><\/figure><figure class='gallery-item'>\n\t\t\t<div class='gallery-icon portrait'>\n\t\t\t\t<a data-elementor-open-lightbox=\"yes\" data-elementor-lightbox-slideshow=\"3586867\" data-elementor-lightbox-title=\"antigua guatemala festival de las flores 2025 3\" data-elementor-lightbox-description=\"antigua guatemala festival de las flores 2025 3\" data-e-action-hash=\"#elementor-action%3Aaction%3Dlightbox%26settings%3DeyJpZCI6NDg2NTEsInVybCI6Imh0dHBzOlwvXC9zb3ltaWdyYW50ZS5jb21cL3JldmlzdGFcL3dwLWNvbnRlbnRcL3VwbG9hZHNcLzIwMjVcLzExXC9hbnRpZ3VhLWd1YXRlbWFsYS1mZXN0aXZhbC1kZS1sYXMtZmxvcmVzLTIwMjUtNTIuanBnIiwic2xpZGVzaG93IjoiMzU4Njg2NyJ9\" href='https:\/\/soymigrante.com\/revista\/wp-content\/uploads\/2025\/11\/antigua-guatemala-festival-de-las-flores-2025-52.jpg'><img loading=\"lazy\" decoding=\"async\" width=\"768\" height=\"1024\" src=\"https:\/\/soymigrante.com\/revista\/wp-content\/uploads\/2025\/11\/antigua-guatemala-festival-de-las-flores-2025-52-768x1024.jpg\" class=\"attachment-large size-large\" alt=\"antigua guatemala festival de las flores 2025 3\" aria-describedby=\"gallery-5-48651\" srcset=\"https:\/\/soymigrante.com\/revista\/wp-content\/uploads\/2025\/11\/antigua-guatemala-festival-de-las-flores-2025-52-768x1024.jpg 768w, https:\/\/soymigrante.com\/revista\/wp-content\/uploads\/2025\/11\/antigua-guatemala-festival-de-las-flores-2025-52-225x300.jpg 225w, https:\/\/soymigrante.com\/revista\/wp-content\/uploads\/2025\/11\/antigua-guatemala-festival-de-las-flores-2025-52-1152x1536.jpg 1152w, https:\/\/soymigrante.com\/revista\/wp-content\/uploads\/2025\/11\/antigua-guatemala-festival-de-las-flores-2025-52-750x1000.jpg 750w, https:\/\/soymigrante.com\/revista\/wp-content\/uploads\/2025\/11\/antigua-guatemala-festival-de-las-flores-2025-52-1140x1520.jpg 1140w, https:\/\/soymigrante.com\/revista\/wp-content\/uploads\/2025\/11\/antigua-guatemala-festival-de-las-flores-2025-52.jpg 1200w\" sizes=\"(max-width: 768px) 100vw, 768px\" title=\"antigua guatemala festival de las flores 2025 3 \u2013 SoyMigrante.com REVISTA\" \/><\/a>\n\t\t\t<\/div>\n\t\t\t\t<figcaption class='wp-caption-text gallery-caption' id='gallery-5-48651'>\n\t\t\t\tEl colibr\u00ed viene detr\u00e1s del Quetzal, pensando cu\u00e1l flor elegir\u00e1.\n\t\t\t\t<\/figcaption><\/figure><figure class='gallery-item'>\n\t\t\t<div class='gallery-icon landscape'>\n\t\t\t\t<a data-elementor-open-lightbox=\"yes\" data-elementor-lightbox-slideshow=\"3586867\" data-elementor-lightbox-title=\"antigua guatemala festival de las flores 2025 3\" data-elementor-lightbox-description=\"antigua guatemala festival de las flores 2025 3\" data-e-action-hash=\"#elementor-action%3Aaction%3Dlightbox%26settings%3DeyJpZCI6NDg2NTIsInVybCI6Imh0dHBzOlwvXC9zb3ltaWdyYW50ZS5jb21cL3JldmlzdGFcL3dwLWNvbnRlbnRcL3VwbG9hZHNcLzIwMjVcLzExXC9hbnRpZ3VhLWd1YXRlbWFsYS1mZXN0aXZhbC1kZS1sYXMtZmxvcmVzLTIwMjUtNTMuanBnIiwic2xpZGVzaG93IjoiMzU4Njg2NyJ9\" href='https:\/\/soymigrante.com\/revista\/wp-content\/uploads\/2025\/11\/antigua-guatemala-festival-de-las-flores-2025-53.jpg'><img loading=\"lazy\" decoding=\"async\" width=\"1140\" height=\"855\" src=\"https:\/\/soymigrante.com\/revista\/wp-content\/uploads\/2025\/11\/antigua-guatemala-festival-de-las-flores-2025-53-1140x855.jpg\" class=\"attachment-large size-large\" alt=\"antigua guatemala festival de las flores 2025 3\" aria-describedby=\"gallery-5-48652\" srcset=\"https:\/\/soymigrante.com\/revista\/wp-content\/uploads\/2025\/11\/antigua-guatemala-festival-de-las-flores-2025-53-1140x855.jpg 1140w, https:\/\/soymigrante.com\/revista\/wp-content\/uploads\/2025\/11\/antigua-guatemala-festival-de-las-flores-2025-53-300x225.jpg 300w, https:\/\/soymigrante.com\/revista\/wp-content\/uploads\/2025\/11\/antigua-guatemala-festival-de-las-flores-2025-53-768x576.jpg 768w, https:\/\/soymigrante.com\/revista\/wp-content\/uploads\/2025\/11\/antigua-guatemala-festival-de-las-flores-2025-53-1536x1152.jpg 1536w, https:\/\/soymigrante.com\/revista\/wp-content\/uploads\/2025\/11\/antigua-guatemala-festival-de-las-flores-2025-53-750x563.jpg 750w, https:\/\/soymigrante.com\/revista\/wp-content\/uploads\/2025\/11\/antigua-guatemala-festival-de-las-flores-2025-53.jpg 1600w\" sizes=\"(max-width: 1140px) 100vw, 1140px\" title=\"antigua guatemala festival de las flores 2025 3 \u2013 SoyMigrante.com REVISTA\" \/><\/a>\n\t\t\t<\/div>\n\t\t\t\t<figcaption class='wp-caption-text gallery-caption' id='gallery-5-48652'>\n\t\t\t\tAutobus mosaico: del otro lado est\u00e1 la Guatemalita de Efra\u00edn Recinos, representada con flores que son aves de paz y esperanza\n\t\t\t\t<\/figcaption><\/figure><figure class='gallery-item'>\n\t\t\t<div class='gallery-icon landscape'>\n\t\t\t\t<a data-elementor-open-lightbox=\"yes\" data-elementor-lightbox-slideshow=\"3586867\" data-elementor-lightbox-title=\"antigua guatemala festival de las flores 2025 39\" data-elementor-lightbox-description=\"antigua guatemala festival de las flores 2025 3\" data-e-action-hash=\"#elementor-action%3Aaction%3Dlightbox%26settings%3DeyJpZCI6NDg2NDYsInVybCI6Imh0dHBzOlwvXC9zb3ltaWdyYW50ZS5jb21cL3JldmlzdGFcL3dwLWNvbnRlbnRcL3VwbG9hZHNcLzIwMjVcLzExXC9hbnRpZ3VhLWd1YXRlbWFsYS1mZXN0aXZhbC1kZS1sYXMtZmxvcmVzLTIwMjUtMzkuanBnIiwic2xpZGVzaG93IjoiMzU4Njg2NyJ9\" href='https:\/\/soymigrante.com\/revista\/wp-content\/uploads\/2025\/11\/antigua-guatemala-festival-de-las-flores-2025-39.jpg'><img loading=\"lazy\" decoding=\"async\" width=\"1024\" height=\"1024\" src=\"https:\/\/soymigrante.com\/revista\/wp-content\/uploads\/2025\/11\/antigua-guatemala-festival-de-las-flores-2025-39-1024x1024.jpg\" class=\"attachment-large size-large\" alt=\"antigua guatemala festival de las flores 2025 3\" aria-describedby=\"gallery-5-48646\" srcset=\"https:\/\/soymigrante.com\/revista\/wp-content\/uploads\/2025\/11\/antigua-guatemala-festival-de-las-flores-2025-39-1024x1024.jpg 1024w, https:\/\/soymigrante.com\/revista\/wp-content\/uploads\/2025\/11\/antigua-guatemala-festival-de-las-flores-2025-39-300x300.jpg 300w, https:\/\/soymigrante.com\/revista\/wp-content\/uploads\/2025\/11\/antigua-guatemala-festival-de-las-flores-2025-39-150x150.jpg 150w, https:\/\/soymigrante.com\/revista\/wp-content\/uploads\/2025\/11\/antigua-guatemala-festival-de-las-flores-2025-39-768x768.jpg 768w, https:\/\/soymigrante.com\/revista\/wp-content\/uploads\/2025\/11\/antigua-guatemala-festival-de-las-flores-2025-39-75x75.jpg 75w, https:\/\/soymigrante.com\/revista\/wp-content\/uploads\/2025\/11\/antigua-guatemala-festival-de-las-flores-2025-39-750x750.jpg 750w, https:\/\/soymigrante.com\/revista\/wp-content\/uploads\/2025\/11\/antigua-guatemala-festival-de-las-flores-2025-39-1140x1140.jpg 1140w, https:\/\/soymigrante.com\/revista\/wp-content\/uploads\/2025\/11\/antigua-guatemala-festival-de-las-flores-2025-39.jpg 1190w\" sizes=\"(max-width: 1024px) 100vw, 1024px\" title=\"antigua guatemala festival de las flores 2025 39 \u2013 SoyMigrante.com REVISTA\" \/><\/a>\n\t\t\t<\/div>\n\t\t\t\t<figcaption class='wp-caption-text gallery-caption' id='gallery-5-48646'>\n\t\t\t\tAdi\u00f3s a una tarde perfecta en La Antigua, bienvenida la memoria de un d\u00eda feliz\n\t\t\t\t<\/figcaption><\/figure>\n\t\t<\/div>\n\t\t<\/div>\n\t\t\t\t\t\t<\/div>\n\t\t\t\t\t<\/div>\n\t\t\t\t<\/div>\n\t\t<div data-particle_enable=\"false\" data-particle-mobile-disabled=\"false\" class=\"elementor-element elementor-element-d6381f8 e-flex e-con-boxed e-con e-parent\" data-id=\"d6381f8\" data-element_type=\"container\" data-e-type=\"container\">\n\t\t\t\t\t<div class=\"e-con-inner\">\n\t\t\t\t<div class=\"elementor-element elementor-element-f0586bb elementor-widget elementor-widget-heading\" data-id=\"f0586bb\" data-element_type=\"widget\" data-e-type=\"widget\" data-widget_type=\"heading.default\">\n\t\t\t\t\t<h3 class=\"elementor-heading-title elementor-size-default\">Toques inolvidables en la joya colonial<\/h3>\t\t\t\t<\/div>\n\t\t\t\t\t<\/div>\n\t\t\t\t<\/div>\n\t\t<div data-particle_enable=\"false\" data-particle-mobile-disabled=\"false\" class=\"elementor-element elementor-element-fe349b5 e-flex e-con-boxed e-con e-parent\" data-id=\"fe349b5\" data-element_type=\"container\" data-e-type=\"container\">\n\t\t\t\t\t<div class=\"e-con-inner\">\n\t\t\t\t<div class=\"elementor-element elementor-element-95eabe4 elementor-widget elementor-widget-text-editor\" data-id=\"95eabe4\" data-element_type=\"widget\" data-e-type=\"widget\" data-widget_type=\"text-editor.default\">\n\t\t\t\t\t\t\t\t\t<p>Cuando cae la noche, la energ\u00eda de los colores no pierde su vivacidad, pues viene la iluminaci\u00f3n especial del <a href=\"https:\/\/soymigrante.com\/revista\/antigua-guatemala-arco-de-santa-catalina-tesoro-colonial-patrimonio\/\">Arco de Santa Catalina,<\/a> as\u00ed como se encienden las luces en varios frontispicios.<\/p>\n<p>Los visitantes dicen adi\u00f3s otra vez a la Antigua, a ver cu\u00e1ndo te vuelvo a ver. Siempre te recordar\u00e9 con <a href=\"https:\/\/soymigrante.com\/revista\/festival-de-las-flores-de-antigua-guatemala-siempre-sorprende-galeria-de-anos-previos\/\">tus flores sobre las piedras<\/a> del tiempo.<\/p>\t\t\t\t\t\t\t\t<\/div>\n\t\t\t\t\t<\/div>\n\t\t\t\t<\/div>\n\t\t<div data-particle_enable=\"false\" data-particle-mobile-disabled=\"false\" class=\"elementor-element elementor-element-0c005e5 e-flex e-con-boxed e-con e-parent\" data-id=\"0c005e5\" data-element_type=\"container\" data-e-type=\"container\">\n\t\t\t\t\t<div class=\"e-con-inner\">\n\t\t\t\t<div class=\"elementor-element elementor-element-e487cf0 elementor-widget elementor-widget-image-gallery\" data-id=\"e487cf0\" data-element_type=\"widget\" data-e-type=\"widget\" data-widget_type=\"image-gallery.default\">\n\t\t\t\t\t\t\t<div class=\"elementor-image-gallery\">\n\t\t\t<div id='gallery-6' class='gallery galleryid-48633 gallery-columns-1 gallery-size-large'><figure class='gallery-item'>\n\t\t\t<div class='gallery-icon portrait'>\n\t\t\t\t<a data-elementor-open-lightbox=\"yes\" data-elementor-lightbox-slideshow=\"e487cf0\" data-elementor-lightbox-title=\"antigua guatemala festival de las flores 2025 34\" data-elementor-lightbox-description=\"antigua guatemala festival de las flores 2025 3\" data-e-action-hash=\"#elementor-action%3Aaction%3Dlightbox%26settings%3DeyJpZCI6NDg2NTcsInVybCI6Imh0dHBzOlwvXC9zb3ltaWdyYW50ZS5jb21cL3JldmlzdGFcL3dwLWNvbnRlbnRcL3VwbG9hZHNcLzIwMjVcLzExXC9hbnRpZ3VhLWd1YXRlbWFsYS1mZXN0aXZhbC1kZS1sYXMtZmxvcmVzLTIwMjUtMzQuanBnIiwic2xpZGVzaG93IjoiZTQ4N2NmMCJ9\" href='https:\/\/soymigrante.com\/revista\/wp-content\/uploads\/2025\/11\/antigua-guatemala-festival-de-las-flores-2025-34.jpg'><img loading=\"lazy\" decoding=\"async\" width=\"768\" height=\"1024\" src=\"https:\/\/soymigrante.com\/revista\/wp-content\/uploads\/2025\/11\/antigua-guatemala-festival-de-las-flores-2025-34-768x1024.jpg\" class=\"attachment-large size-large\" alt=\"antigua guatemala festival de las flores 2025 3\" aria-describedby=\"gallery-6-48657\" srcset=\"https:\/\/soymigrante.com\/revista\/wp-content\/uploads\/2025\/11\/antigua-guatemala-festival-de-las-flores-2025-34-768x1024.jpg 768w, https:\/\/soymigrante.com\/revista\/wp-content\/uploads\/2025\/11\/antigua-guatemala-festival-de-las-flores-2025-34-225x300.jpg 225w, https:\/\/soymigrante.com\/revista\/wp-content\/uploads\/2025\/11\/antigua-guatemala-festival-de-las-flores-2025-34-750x1000.jpg 750w, https:\/\/soymigrante.com\/revista\/wp-content\/uploads\/2025\/11\/antigua-guatemala-festival-de-las-flores-2025-34.jpg 960w\" sizes=\"(max-width: 768px) 100vw, 768px\" title=\"antigua guatemala festival de las flores 2025 34 \u2013 SoyMigrante.com REVISTA\" \/><\/a>\n\t\t\t<\/div>\n\t\t\t\t<figcaption class='wp-caption-text gallery-caption' id='gallery-6-48657'>\n\t\t\t\tCon legendaria moneda se paga un momento de incuantificable valor\n\t\t\t\t<\/figcaption><\/figure><figure class='gallery-item'>\n\t\t\t<div class='gallery-icon portrait'>\n\t\t\t\t<a data-elementor-open-lightbox=\"yes\" data-elementor-lightbox-slideshow=\"e487cf0\" data-elementor-lightbox-title=\"antigua guatemala festival de las flores 2025 13\" data-elementor-lightbox-description=\"antigua guatemala festival de las flores 2025 3\" data-e-action-hash=\"#elementor-action%3Aaction%3Dlightbox%26settings%3DeyJpZCI6NDg2NTQsInVybCI6Imh0dHBzOlwvXC9zb3ltaWdyYW50ZS5jb21cL3JldmlzdGFcL3dwLWNvbnRlbnRcL3VwbG9hZHNcLzIwMjVcLzExXC9hbnRpZ3VhLWd1YXRlbWFsYS1mZXN0aXZhbC1kZS1sYXMtZmxvcmVzLTIwMjUtMTMuanBnIiwic2xpZGVzaG93IjoiZTQ4N2NmMCJ9\" href='https:\/\/soymigrante.com\/revista\/wp-content\/uploads\/2025\/11\/antigua-guatemala-festival-de-las-flores-2025-13.jpg'><img loading=\"lazy\" decoding=\"async\" width=\"768\" height=\"1024\" src=\"https:\/\/soymigrante.com\/revista\/wp-content\/uploads\/2025\/11\/antigua-guatemala-festival-de-las-flores-2025-13-768x1024.jpg\" class=\"attachment-large size-large\" alt=\"antigua guatemala festival de las flores 2025 3\" aria-describedby=\"gallery-6-48654\" srcset=\"https:\/\/soymigrante.com\/revista\/wp-content\/uploads\/2025\/11\/antigua-guatemala-festival-de-las-flores-2025-13-768x1024.jpg 768w, https:\/\/soymigrante.com\/revista\/wp-content\/uploads\/2025\/11\/antigua-guatemala-festival-de-las-flores-2025-13-225x300.jpg 225w, https:\/\/soymigrante.com\/revista\/wp-content\/uploads\/2025\/11\/antigua-guatemala-festival-de-las-flores-2025-13-750x1000.jpg 750w, https:\/\/soymigrante.com\/revista\/wp-content\/uploads\/2025\/11\/antigua-guatemala-festival-de-las-flores-2025-13.jpg 960w\" sizes=\"(max-width: 768px) 100vw, 768px\" title=\"antigua guatemala festival de las flores 2025 13 \u2013 SoyMigrante.com REVISTA\" \/><\/a>\n\t\t\t<\/div>\n\t\t\t\t<figcaption class='wp-caption-text gallery-caption' id='gallery-6-48654'>\n\t\t\t\tLos signos de los tiempos nos dicen que ya es tiempo de decir adi\u00f3s a otro Festival de las Flores\n\t\t\t\t<\/figcaption><\/figure><figure class='gallery-item'>\n\t\t\t<div class='gallery-icon portrait'>\n\t\t\t\t<a data-elementor-open-lightbox=\"yes\" data-elementor-lightbox-slideshow=\"e487cf0\" data-elementor-lightbox-title=\"antigua guatemala festival de las flores 2025 78\" data-elementor-lightbox-description=\"antigua guatemala festival de las flores 2025 3\" data-e-action-hash=\"#elementor-action%3Aaction%3Dlightbox%26settings%3DeyJpZCI6NDg2NTgsInVybCI6Imh0dHBzOlwvXC9zb3ltaWdyYW50ZS5jb21cL3JldmlzdGFcL3dwLWNvbnRlbnRcL3VwbG9hZHNcLzIwMjVcLzExXC9hbnRpZ3VhLWd1YXRlbWFsYS1mZXN0aXZhbC1kZS1sYXMtZmxvcmVzLTIwMjUtNzguanBnIiwic2xpZGVzaG93IjoiZTQ4N2NmMCJ9\" href='https:\/\/soymigrante.com\/revista\/wp-content\/uploads\/2025\/11\/antigua-guatemala-festival-de-las-flores-2025-78.jpg'><img loading=\"lazy\" decoding=\"async\" width=\"768\" height=\"1024\" src=\"https:\/\/soymigrante.com\/revista\/wp-content\/uploads\/2025\/11\/antigua-guatemala-festival-de-las-flores-2025-78-768x1024.jpg\" class=\"attachment-large size-large\" alt=\"antigua guatemala festival de las flores 2025 3\" aria-describedby=\"gallery-6-48658\" srcset=\"https:\/\/soymigrante.com\/revista\/wp-content\/uploads\/2025\/11\/antigua-guatemala-festival-de-las-flores-2025-78-768x1024.jpg 768w, https:\/\/soymigrante.com\/revista\/wp-content\/uploads\/2025\/11\/antigua-guatemala-festival-de-las-flores-2025-78-225x300.jpg 225w, https:\/\/soymigrante.com\/revista\/wp-content\/uploads\/2025\/11\/antigua-guatemala-festival-de-las-flores-2025-78-1152x1536.jpg 1152w, https:\/\/soymigrante.com\/revista\/wp-content\/uploads\/2025\/11\/antigua-guatemala-festival-de-las-flores-2025-78-750x1000.jpg 750w, https:\/\/soymigrante.com\/revista\/wp-content\/uploads\/2025\/11\/antigua-guatemala-festival-de-las-flores-2025-78-1140x1520.jpg 1140w, https:\/\/soymigrante.com\/revista\/wp-content\/uploads\/2025\/11\/antigua-guatemala-festival-de-las-flores-2025-78.jpg 1200w\" sizes=\"(max-width: 768px) 100vw, 768px\" title=\"antigua guatemala festival de las flores 2025 78 \u2013 SoyMigrante.com REVISTA\" \/><\/a>\n\t\t\t<\/div>\n\t\t\t\t<figcaption class='wp-caption-text gallery-caption' id='gallery-6-48658'>\n\t\t\t\tPero no sin antes habernos dejado en la pupila la sencilla belleza de la esperanza guatemalteca\n\t\t\t\t<\/figcaption><\/figure><figure class='gallery-item'>\n\t\t\t<div class='gallery-icon portrait'>\n\t\t\t\t<a data-elementor-open-lightbox=\"yes\" data-elementor-lightbox-slideshow=\"e487cf0\" data-elementor-lightbox-title=\"antigua guatemala festival de las flores 2025 10\" data-elementor-lightbox-description=\"antigua guatemala festival de las flores 2025 10\" data-e-action-hash=\"#elementor-action%3Aaction%3Dlightbox%26settings%3DeyJpZCI6NDg2NTMsInVybCI6Imh0dHBzOlwvXC9zb3ltaWdyYW50ZS5jb21cL3JldmlzdGFcL3dwLWNvbnRlbnRcL3VwbG9hZHNcLzIwMjVcLzExXC9hbnRpZ3VhLWd1YXRlbWFsYS1mZXN0aXZhbC1kZS1sYXMtZmxvcmVzLTIwMjUtMTAuanBnIiwic2xpZGVzaG93IjoiZTQ4N2NmMCJ9\" href='https:\/\/soymigrante.com\/revista\/wp-content\/uploads\/2025\/11\/antigua-guatemala-festival-de-las-flores-2025-10.jpg'><img loading=\"lazy\" decoding=\"async\" width=\"768\" height=\"1024\" src=\"https:\/\/soymigrante.com\/revista\/wp-content\/uploads\/2025\/11\/antigua-guatemala-festival-de-las-flores-2025-10-768x1024.jpg\" class=\"attachment-large size-large\" alt=\"antigua guatemala festival de las flores 2025 10\" aria-describedby=\"gallery-6-48653\" srcset=\"https:\/\/soymigrante.com\/revista\/wp-content\/uploads\/2025\/11\/antigua-guatemala-festival-de-las-flores-2025-10-768x1024.jpg 768w, https:\/\/soymigrante.com\/revista\/wp-content\/uploads\/2025\/11\/antigua-guatemala-festival-de-las-flores-2025-10-225x300.jpg 225w, https:\/\/soymigrante.com\/revista\/wp-content\/uploads\/2025\/11\/antigua-guatemala-festival-de-las-flores-2025-10-1152x1536.jpg 1152w, https:\/\/soymigrante.com\/revista\/wp-content\/uploads\/2025\/11\/antigua-guatemala-festival-de-las-flores-2025-10-750x1000.jpg 750w, https:\/\/soymigrante.com\/revista\/wp-content\/uploads\/2025\/11\/antigua-guatemala-festival-de-las-flores-2025-10-1140x1520.jpg 1140w, https:\/\/soymigrante.com\/revista\/wp-content\/uploads\/2025\/11\/antigua-guatemala-festival-de-las-flores-2025-10.jpg 1200w\" sizes=\"(max-width: 768px) 100vw, 768px\" title=\"antigua guatemala festival de las flores 2025 10 \u2013 SoyMigrante.com REVISTA\" \/><\/a>\n\t\t\t<\/div>\n\t\t\t\t<figcaption class='wp-caption-text gallery-caption' id='gallery-6-48653'>\n\t\t\t\tFrente al convento del Santo Hermano Pedro, una tejedora est\u00e1 elaborando un tejido de recuerdos\n\t\t\t\t<\/figcaption><\/figure><figure class='gallery-item'>\n\t\t\t<div class='gallery-icon portrait'>\n\t\t\t\t<a data-elementor-open-lightbox=\"yes\" data-elementor-lightbox-slideshow=\"e487cf0\" data-elementor-lightbox-title=\"antigua guatemala festival de las flores 2025 22\" data-elementor-lightbox-description=\"antigua guatemala festival de las flores 2025 3\" data-e-action-hash=\"#elementor-action%3Aaction%3Dlightbox%26settings%3DeyJpZCI6NDg2NTYsInVybCI6Imh0dHBzOlwvXC9zb3ltaWdyYW50ZS5jb21cL3JldmlzdGFcL3dwLWNvbnRlbnRcL3VwbG9hZHNcLzIwMjVcLzExXC9hbnRpZ3VhLWd1YXRlbWFsYS1mZXN0aXZhbC1kZS1sYXMtZmxvcmVzLTIwMjUtMjIuanBnIiwic2xpZGVzaG93IjoiZTQ4N2NmMCJ9\" href='https:\/\/soymigrante.com\/revista\/wp-content\/uploads\/2025\/11\/antigua-guatemala-festival-de-las-flores-2025-22.jpg'><img loading=\"lazy\" decoding=\"async\" width=\"768\" height=\"1024\" src=\"https:\/\/soymigrante.com\/revista\/wp-content\/uploads\/2025\/11\/antigua-guatemala-festival-de-las-flores-2025-22-768x1024.jpg\" class=\"attachment-large size-large\" alt=\"antigua guatemala festival de las flores 2025 3\" aria-describedby=\"gallery-6-48656\" srcset=\"https:\/\/soymigrante.com\/revista\/wp-content\/uploads\/2025\/11\/antigua-guatemala-festival-de-las-flores-2025-22-768x1024.jpg 768w, https:\/\/soymigrante.com\/revista\/wp-content\/uploads\/2025\/11\/antigua-guatemala-festival-de-las-flores-2025-22-225x300.jpg 225w, https:\/\/soymigrante.com\/revista\/wp-content\/uploads\/2025\/11\/antigua-guatemala-festival-de-las-flores-2025-22-750x1000.jpg 750w, https:\/\/soymigrante.com\/revista\/wp-content\/uploads\/2025\/11\/antigua-guatemala-festival-de-las-flores-2025-22.jpg 960w\" sizes=\"(max-width: 768px) 100vw, 768px\" title=\"antigua guatemala festival de las flores 2025 22 \u2013 SoyMigrante.com REVISTA\" \/><\/a>\n\t\t\t<\/div>\n\t\t\t\t<figcaption class='wp-caption-text gallery-caption' id='gallery-6-48656'>\n\t\t\t\tEl otro a\u00f1o volveremos pero ya ser\u00e1n otras flores, otros arreglos y nosotros mismos no seremos iguales\n\t\t\t\t<\/figcaption><\/figure><figure class='gallery-item'>\n\t\t\t<div class='gallery-icon portrait'>\n\t\t\t\t<a data-elementor-open-lightbox=\"yes\" data-elementor-lightbox-slideshow=\"e487cf0\" data-elementor-lightbox-title=\"antigua guatemala festival de las flores 2025 14\" data-elementor-lightbox-description=\"antigua guatemala festival de las flores 2025 3\" data-e-action-hash=\"#elementor-action%3Aaction%3Dlightbox%26settings%3DeyJpZCI6NDg2NTUsInVybCI6Imh0dHBzOlwvXC9zb3ltaWdyYW50ZS5jb21cL3JldmlzdGFcL3dwLWNvbnRlbnRcL3VwbG9hZHNcLzIwMjVcLzExXC9hbnRpZ3VhLWd1YXRlbWFsYS1mZXN0aXZhbC1kZS1sYXMtZmxvcmVzLTIwMjUtMTQuanBnIiwic2xpZGVzaG93IjoiZTQ4N2NmMCJ9\" href='https:\/\/soymigrante.com\/revista\/wp-content\/uploads\/2025\/11\/antigua-guatemala-festival-de-las-flores-2025-14.jpg'><img loading=\"lazy\" decoding=\"async\" width=\"768\" height=\"1024\" src=\"https:\/\/soymigrante.com\/revista\/wp-content\/uploads\/2025\/11\/antigua-guatemala-festival-de-las-flores-2025-14-768x1024.jpg\" class=\"attachment-large size-large\" alt=\"antigua guatemala festival de las flores 2025 3\" aria-describedby=\"gallery-6-48655\" srcset=\"https:\/\/soymigrante.com\/revista\/wp-content\/uploads\/2025\/11\/antigua-guatemala-festival-de-las-flores-2025-14-768x1024.jpg 768w, https:\/\/soymigrante.com\/revista\/wp-content\/uploads\/2025\/11\/antigua-guatemala-festival-de-las-flores-2025-14-225x300.jpg 225w, https:\/\/soymigrante.com\/revista\/wp-content\/uploads\/2025\/11\/antigua-guatemala-festival-de-las-flores-2025-14-750x1000.jpg 750w, https:\/\/soymigrante.com\/revista\/wp-content\/uploads\/2025\/11\/antigua-guatemala-festival-de-las-flores-2025-14.jpg 960w\" sizes=\"(max-width: 768px) 100vw, 768px\" title=\"antigua guatemala festival de las flores 2025 14 \u2013 SoyMigrante.com REVISTA\" \/><\/a>\n\t\t\t<\/div>\n\t\t\t\t<figcaption class='wp-caption-text gallery-caption' id='gallery-6-48655'>\n\t\t\t\tEl Arco de Santa Catalina iluminado parece decir \u00a1Adi\u00f3s! Festival de las Flores 2025, gracias a Dios por Guatemala y por su antigua capital que ha inspirado a poetas, pintores y tambi\u00e9n arreglistas de flores. Hasta siempre!\n\t\t\t\t<\/figcaption><\/figure>\n\t\t<\/div>\n\t\t<\/div>\n\t\t\t\t\t\t<\/div>\n\t\t\t\t\t<\/div>\n\t\t\t\t<\/div>\n\t\t<div data-particle_enable=\"false\" data-particle-mobile-disabled=\"false\" class=\"elementor-element elementor-element-0973e7a e-flex e-con-boxed e-con e-parent\" data-id=\"0973e7a\" data-element_type=\"container\" data-e-type=\"container\">\n\t\t\t\t\t<div class=\"e-con-inner\">\n\t\t\t\t<div class=\"elementor-element elementor-element-fa8f257 elementor-widget elementor-widget-heading\" data-id=\"fa8f257\" data-element_type=\"widget\" data-e-type=\"widget\" data-widget_type=\"heading.default\">\n\t\t\t\t\t<h2 class=\"elementor-heading-title elementor-size-default\">La Antigua Guatemala nunca deja de fascinar<\/h2>\t\t\t\t<\/div>\n\t\t\t\t\t<\/div>\n\t\t\t\t<\/div>\n\t\t<div data-particle_enable=\"false\" data-particle-mobile-disabled=\"false\" class=\"elementor-element elementor-element-e86a400 e-flex e-con-boxed e-con e-parent\" data-id=\"e86a400\" data-element_type=\"container\" data-e-type=\"container\">\n\t\t\t\t\t<div class=\"e-con-inner\">\n\t\t\t\t<div class=\"elementor-element elementor-element-35c1eca elementor-grid-eael-col-3 elementor-grid-tablet-eael-col-2 elementor-grid-mobile-eael-col-1 elementor-widget elementor-widget-eael-post-grid\" data-id=\"35c1eca\" data-element_type=\"widget\" data-e-type=\"widget\" data-settings=\"{&quot;eael_post_grid_columns&quot;:&quot;eael-col-3&quot;,&quot;eael_post_grid_columns_tablet&quot;:&quot;eael-col-2&quot;,&quot;eael_post_grid_columns_mobile&quot;:&quot;eael-col-1&quot;}\" data-widget_type=\"eael-post-grid.default\">\n\t\t\t\t\t<div id=\"eael-post-grid-35c1eca\" class=\"eael-post-grid-container\">\n            <div class=\"eael-post-grid eael-post-appender eael-post-appender-35c1eca eael-post-grid-style-one\" data-layout-mode=\"masonry\"><article class=\"eael-grid-post  eael-post-grid-column eael-pg-post-16311 category-guate-nuestra\" data-id=\"16311\">\n        <div class=\"eael-grid-post-holder\">\n            <div class=\"eael-grid-post-holder-inner\"><div class=\"eael-entry-media\"><div class=\"eael-entry-overlay fade-in\"><i class=\"far fa-hand-pointer\" aria-hidden=\"true\"><\/i><a href=\"https:\/\/soymigrante.com\/revista\/san-juan-del-obispo-pueblo-vecino-de-antigua-guatemala-reconocido-en-best-tourism-village-2024\/\"><\/a><\/div><div class=\"eael-entry-thumbnail eael-image-ratio\">\n                <img loading=\"lazy\" decoding=\"async\" width=\"1024\" height=\"1024\" src=\"https:\/\/soymigrante.com\/revista\/wp-content\/uploads\/2024\/12\/san-juan-del-obispo-1024x1024.jpg\" class=\"attachment-large size-large wp-image-16335\" alt=\"Antigua iglesia colonial en un pueblo mexicano, arquitectura hist\u00f3rica y cultural, turismo en M\u00e9xico, patrimonio arquitect\u00f3nico, iglesias coloniales mexicanas.\" srcset=\"https:\/\/soymigrante.com\/revista\/wp-content\/uploads\/2024\/12\/san-juan-del-obispo-1024x1024.jpg 1024w, https:\/\/soymigrante.com\/revista\/wp-content\/uploads\/2024\/12\/san-juan-del-obispo-300x300.jpg 300w, https:\/\/soymigrante.com\/revista\/wp-content\/uploads\/2024\/12\/san-juan-del-obispo-150x150.jpg 150w, https:\/\/soymigrante.com\/revista\/wp-content\/uploads\/2024\/12\/san-juan-del-obispo-768x768.jpg 768w, https:\/\/soymigrante.com\/revista\/wp-content\/uploads\/2024\/12\/san-juan-del-obispo-75x75.webp 75w, https:\/\/soymigrante.com\/revista\/wp-content\/uploads\/2024\/12\/san-juan-del-obispo-750x750.webp 750w, https:\/\/soymigrante.com\/revista\/wp-content\/uploads\/2024\/12\/san-juan-del-obispo-1140x1140.webp 1140w, https:\/\/soymigrante.com\/revista\/wp-content\/uploads\/2024\/12\/san-juan-del-obispo.webp 1173w\" sizes=\"(max-width: 1024px) 100vw, 1024px\" \/>\n            <\/div>\n        <\/div><div class=\"eael-entry-wrapper\"><header class=\"eael-entry-header\"><h2 class=\"eael-entry-title\"><a class=\"eael-grid-post-link\" href=\"https:\/\/soymigrante.com\/revista\/san-juan-del-obispo-pueblo-vecino-de-antigua-guatemala-reconocido-en-best-tourism-village-2024\/\" title=\"San Juan del Obispo,  cerca de Antigua Guatemala, es reconocido en Best Tourism Villages 2024\">San Juan del Obispo,  cerca de Antigua Guatemala, es reconocido en Best Tourism Villages 2024<\/a><\/h2><\/header><div class=\"eael-entry-content\">\n                        <div class=\"eael-grid-post-excerpt\"><a href=\"https:\/\/soymigrante.com\/revista\/san-juan-del-obispo-pueblo-vecino-de-antigua-guatemala-reconocido-en-best-tourism-village-2024\/\" class=\"eael-post-elements-readmore-btn\">CONOCE SU HISTORIA <\/a><\/div>\n                    <\/div><\/div><\/div>\n        <\/div>\n    <\/article><article class=\"eael-grid-post  eael-post-grid-column eael-pg-post-5664 category-arte-cultura-guate-nuestra tags-joyas-de-antigua-guatemala\" data-id=\"5664\">\n        <div class=\"eael-grid-post-holder\">\n            <div class=\"eael-grid-post-holder-inner\"><div class=\"eael-entry-media\"><div class=\"eael-entry-overlay fade-in\"><i class=\"far fa-hand-pointer\" aria-hidden=\"true\"><\/i><a href=\"https:\/\/soymigrante.com\/revista\/joyas-de-antigua-guatemala-7-datos-de-las-ruinas-de-santa-clara\/\"><\/a><\/div><div class=\"eael-entry-thumbnail eael-image-ratio\">\n                <img loading=\"lazy\" decoding=\"async\" width=\"888\" height=\"660\" src=\"https:\/\/soymigrante.com\/revista\/wp-content\/uploads\/2024\/03\/Captura-de-pantalla-2024-03-28-144931.webp\" class=\"attachment-large size-large wp-image-5672\" alt=\"\u00c1ngeles flanquean los lados del atrio interior de Santa Clara. N\u00f3tese el estilo de las columnas a los lados, de tipo serliano. Por eso este frontispicio es una de las mejores muestras del barroco guatemalteco.\" srcset=\"https:\/\/soymigrante.com\/revista\/wp-content\/uploads\/2024\/03\/Captura-de-pantalla-2024-03-28-144931.webp 888w, https:\/\/soymigrante.com\/revista\/wp-content\/uploads\/2024\/03\/Captura-de-pantalla-2024-03-28-144931-300x223.webp 300w, https:\/\/soymigrante.com\/revista\/wp-content\/uploads\/2024\/03\/Captura-de-pantalla-2024-03-28-144931-768x571.webp 768w, https:\/\/soymigrante.com\/revista\/wp-content\/uploads\/2024\/03\/Captura-de-pantalla-2024-03-28-144931-750x557.webp 750w\" sizes=\"(max-width: 888px) 100vw, 888px\" \/>\n            <\/div>\n        <\/div><div class=\"eael-entry-wrapper\"><header class=\"eael-entry-header\"><h2 class=\"eael-entry-title\"><a class=\"eael-grid-post-link\" href=\"https:\/\/soymigrante.com\/revista\/joyas-de-antigua-guatemala-7-datos-de-las-ruinas-de-santa-clara\/\" title=\"Joyas de Antigua Guatemala: 7 datos de las ruinas del convento de Santa Clara\">Joyas de Antigua Guatemala: 7 datos de las ruinas del convento de Santa Clara<\/a><\/h2><\/header><div class=\"eael-entry-content\">\n                        <div class=\"eael-grid-post-excerpt\"><a href=\"https:\/\/soymigrante.com\/revista\/joyas-de-antigua-guatemala-7-datos-de-las-ruinas-de-santa-clara\/\" class=\"eael-post-elements-readmore-btn\">CONOCE SU HISTORIA <\/a><\/div>\n                    <\/div><\/div><\/div>\n        <\/div>\n    <\/article><article class=\"eael-grid-post  eael-post-grid-column eael-pg-post-7600 category-guate-nuestra\" data-id=\"7600\">\n        <div class=\"eael-grid-post-holder\">\n            <div class=\"eael-grid-post-holder-inner\"><div class=\"eael-entry-media\"><div class=\"eael-entry-overlay fade-in\"><i class=\"far fa-hand-pointer\" aria-hidden=\"true\"><\/i><a href=\"https:\/\/soymigrante.com\/revista\/7-datos-de-antigua-guatemala-que-seguro-ya-sabias-o-quiza-no\/\"><\/a><\/div><div class=\"eael-entry-thumbnail eael-image-ratio\">\n                <img loading=\"lazy\" decoding=\"async\" width=\"661\" height=\"662\" src=\"https:\/\/soymigrante.com\/revista\/wp-content\/uploads\/2024\/07\/Antigua-Guatemala-Danny-Gamboa.webp\" class=\"attachment-large size-large wp-image-7610\" alt=\"Vivienda antigua decorada con proyecciones de luz y color en la noche, destacando detalles arquitect\u00f3nicos y efectos visuales para eventos culturales y festivales en M\u00e9xico.\" srcset=\"https:\/\/soymigrante.com\/revista\/wp-content\/uploads\/2024\/07\/Antigua-Guatemala-Danny-Gamboa.webp 661w, https:\/\/soymigrante.com\/revista\/wp-content\/uploads\/2024\/07\/Antigua-Guatemala-Danny-Gamboa-300x300.webp 300w, https:\/\/soymigrante.com\/revista\/wp-content\/uploads\/2024\/07\/Antigua-Guatemala-Danny-Gamboa-150x150.webp 150w, https:\/\/soymigrante.com\/revista\/wp-content\/uploads\/2024\/07\/Antigua-Guatemala-Danny-Gamboa-75x75.webp 75w\" sizes=\"(max-width: 661px) 100vw, 661px\" \/>\n            <\/div>\n        <\/div><div class=\"eael-entry-wrapper\"><header class=\"eael-entry-header\"><h2 class=\"eael-entry-title\"><a class=\"eael-grid-post-link\" href=\"https:\/\/soymigrante.com\/revista\/7-datos-de-antigua-guatemala-que-seguro-ya-sabias-o-quiza-no\/\" title=\"Antigua Guatemala: 7 datos que seguro ya conoc\u00edas (\u00a1O quiz\u00e1 no!) Aver\u00edgualo\">Antigua Guatemala: 7 datos que seguro ya conoc\u00edas (\u00a1O quiz\u00e1 no!) Aver\u00edgualo<\/a><\/h2><\/header><div class=\"eael-entry-content\">\n                        <div class=\"eael-grid-post-excerpt\"><a href=\"https:\/\/soymigrante.com\/revista\/7-datos-de-antigua-guatemala-que-seguro-ya-sabias-o-quiza-no\/\" class=\"eael-post-elements-readmore-btn\">CONOCE SU HISTORIA <\/a><\/div>\n                    <\/div><\/div><\/div>\n        <\/div>\n    <\/article><\/div>\n            <div class=\"clearfix\"><\/div>\n        <\/div>\t\t\t\t<\/div>\n\t\t\t\t\t<\/div>\n\t\t\t\t<\/div>\n\t\t\t\t<\/div>\n\t\t","protected":false},"excerpt":{"rendered":"<p>El Festival de las Flores convierte en jard\u00edn a la ciudad Monumento de Am\u00e9rica: pero tambi\u00e9n florece la hermandad, la alegr\u00eda, la memoria guardada en fotos de este fin de semana primaveral. Instantes para el recuerdo. &#8220;El retorno de la primavera cubre los flotantes campos de azafranadas flores y esmalta de pintadas rosas\u00a0las praderas&#8221;, escribi\u00f3 [&hellip;]<\/p>\n","protected":false},"author":1,"featured_media":48635,"comment_status":"open","ping_status":"open","sticky":false,"template":"","format":"standard","meta":{"_acf_changed":false,"_eb_attr":"","footnotes":""},"categories":[58],"tags":[283],"class_list":["post-48633","post","type-post","status-publish","format-standard","has-post-thumbnail","hentry","category-guate-nuestra","tag-antigua-guatemala"],"acf":[],"aioseo_notices":[],"aioseo_head":"\n\t\t<!-- All in One SEO Pro 4.9.6.2 - aioseo.com -->\n\t<meta name=\"description\" content=\"Santiago de los Caballeros fue capital de Guatemala por 281 a\u00f1os. Es majestuosa y bella, pero tambi\u00e9n sufri\u00f3 de infortunios (terremotos, erupciones, epidemias)\" \/>\n\t<meta name=\"robots\" content=\"max-snippet:-1, max-image-preview:large, max-video-preview:-1\" \/>\n\t<meta name=\"author\" content=\"Gustavo Montenegro\"\/>\n\t<link rel=\"canonical\" href=\"https:\/\/soymigrante.com\/revista\/7-datos-de-antigua-guatemala-que-seguro-ya-sabias-o-quiza-no\/\" \/>\n\t<meta name=\"generator\" content=\"All in One SEO Pro (AIOSEO) 4.9.6.2\" \/>\n\n\t\t<link rel=\"preconnect\" href=\"https:\/\/fonts.googleapis.com\" crossorigin>\n<link rel=\"preconnect\" href=\"https:\/\/fonts.gstatic.com\" crossorigin>\n\t\t<meta property=\"og:locale\" content=\"es_ES\" \/>\n\t\t<meta property=\"og:site_name\" content=\"SoyMigrante.com REVISTA \u2013 Nuestra misi\u00f3n es reconocer y dignificar al migrante.\" \/>\n\t\t<meta property=\"og:type\" content=\"article\" \/>\n\t\t<meta property=\"og:title\" content=\"Antigua Guatemala: 7 datos que seguro ya conoc\u00edas (\u00a1O quiz\u00e1 no!) Aver\u00edgualo\" \/>\n\t\t<meta property=\"og:description\" content=\"Santiago de los Caballeros fue capital de Guatemala por 281 a\u00f1os. Es majestuosa y bella, pero tambi\u00e9n sufri\u00f3 de infortunios (terremotos, erupciones, epidemias)\" \/>\n\t\t<meta property=\"og:url\" content=\"https:\/\/soymigrante.com\/revista\/7-datos-de-antigua-guatemala-que-seguro-ya-sabias-o-quiza-no\/\" \/>\n\t\t<meta property=\"og:image\" content=\"https:\/\/soymigrante.com\/revista\/wp-content\/uploads\/2024\/07\/Antigua-Guatemala-Danny-Gamboa.webp\" \/>\n\t\t<meta property=\"og:image:secure_url\" content=\"https:\/\/soymigrante.com\/revista\/wp-content\/uploads\/2024\/07\/Antigua-Guatemala-Danny-Gamboa.webp\" \/>\n\t\t<meta property=\"og:image:width\" content=\"661\" \/>\n\t\t<meta property=\"og:image:height\" content=\"662\" \/>\n\t\t<meta property=\"article:published_time\" content=\"2024-11-16T15:47:07+00:00\" \/>\n\t\t<meta property=\"article:modified_time\" content=\"2024-11-16T15:48:34+00:00\" \/>\n\t\t<meta property=\"article:publisher\" content=\"https:\/\/www.facebook.com\/soymigrantecom\" \/>\n\t\t<meta name=\"twitter:card\" content=\"summary_large_image\" \/>\n\t\t<meta name=\"twitter:site\" content=\"@SoyMigrante_com\" \/>\n\t\t<meta name=\"twitter:title\" content=\"Antigua Guatemala: 7 datos que seguro ya conoc\u00edas (\u00a1O quiz\u00e1 no!) Aver\u00edgualo\" \/>\n\t\t<meta name=\"twitter:description\" content=\"Santiago de los Caballeros fue capital de Guatemala por 281 a\u00f1os. Es majestuosa y bella, pero tambi\u00e9n sufri\u00f3 de infortunios (terremotos, erupciones, epidemias)\" \/>\n\t\t<meta name=\"twitter:creator\" content=\"@SoyMigrante_com\" \/>\n\t\t<meta name=\"twitter:image\" content=\"https:\/\/soymigrante.com\/revista\/wp-content\/uploads\/2024\/07\/Antigua-Guatemala-Danny-Gamboa.webp\" \/>\n\t\t<!-- All in One SEO Pro -->\r\n\t\t<title>Antigua Guatemala: 7 datos que seguro ya conoc\u00edas (\u00a1O quiz\u00e1 no!) Aver\u00edgualo<\/title>\n\n","aioseo_head_json":{"title":"Antigua Guatemala: 7 datos que seguro ya conoc\u00edas (\u00a1O quiz\u00e1 no!) Aver\u00edgualo","description":"Santiago de los Caballeros fue capital de Guatemala por 281 a\u00f1os. Es majestuosa y bella, pero tambi\u00e9n sufri\u00f3 de infortunios (terremotos, erupciones, epidemias)","canonical_url":"https:\/\/soymigrante.com\/revista\/7-datos-de-antigua-guatemala-que-seguro-ya-sabias-o-quiza-no\/","robots":"max-snippet:-1, max-image-preview:large, max-video-preview:-1","keywords":"","webmasterTools":{"miscellaneous":"&lt;link rel=\"preconnect\" href=\"https:\/\/fonts.googleapis.com\" crossorigin&gt;\n&lt;link rel=\"preconnect\" href=\"https:\/\/fonts.gstatic.com\" crossorigin&gt;"},"schema":null,"og:locale":"es_ES","og:site_name":"SoyMigrante.com REVISTA \u2013 Nuestra misi\u00f3n es reconocer y dignificar al migrante.","og:type":"article","og:title":"Antigua Guatemala: 7 datos que seguro ya conoc\u00edas (\u00a1O quiz\u00e1 no!) Aver\u00edgualo","og:description":"Santiago de los Caballeros fue capital de Guatemala por 281 a\u00f1os. Es majestuosa y bella, pero tambi\u00e9n sufri\u00f3 de infortunios (terremotos, erupciones, epidemias)","og:url":"https:\/\/soymigrante.com\/revista\/7-datos-de-antigua-guatemala-que-seguro-ya-sabias-o-quiza-no\/","og:image":"https:\/\/soymigrante.com\/revista\/wp-content\/uploads\/2024\/07\/Antigua-Guatemala-Danny-Gamboa.webp","og:image:secure_url":"https:\/\/soymigrante.com\/revista\/wp-content\/uploads\/2024\/07\/Antigua-Guatemala-Danny-Gamboa.webp","og:image:width":661,"og:image:height":662,"article:published_time":"2024-11-16T15:47:07+00:00","article:modified_time":"2024-11-16T15:48:34+00:00","article:publisher":"https:\/\/www.facebook.com\/soymigrantecom","twitter:card":"summary_large_image","twitter:site":"@SoyMigrante_com","twitter:title":"Antigua Guatemala: 7 datos que seguro ya conoc\u00edas (\u00a1O quiz\u00e1 no!) Aver\u00edgualo","twitter:description":"Santiago de los Caballeros fue capital de Guatemala por 281 a\u00f1os. Es majestuosa y bella, pero tambi\u00e9n sufri\u00f3 de infortunios (terremotos, erupciones, epidemias)","twitter:creator":"@SoyMigrante_com","twitter:image":"https:\/\/soymigrante.com\/revista\/wp-content\/uploads\/2024\/07\/Antigua-Guatemala-Danny-Gamboa.webp"},"aioseo_meta_data":{"post_id":"48633","title":"Festival de las Flores 2025 ilumina Antigua Guatemala","description":"Deslumbrante primavera ilumina la colonial Antigua Guatemala en el Festival de las Flores 2025: la creatividad y la riqueza natural guatemalteca crean recuerdos","keywords":null,"keyphrases":{"focus":{"keyphrase":"Antigua guatemala","score":87,"analysis":{"keyphraseInTitle":{"score":9,"maxScore":9,"error":0},"keyphraseInDescription":{"score":9,"maxScore":9,"error":0},"keyphraseLength":{"score":9,"maxScore":9,"error":0,"length":2},"keyphraseInURL":{"score":5,"maxScore":5,"error":0},"keyphraseInIntroduction":{"score":9,"maxScore":9,"error":0},"keyphraseInSubHeadings":{"score":9,"maxScore":9,"error":0},"keyphraseInImageAlt":{"score":9,"maxScore":9,"error":0},"keywordDensity":{"type":"high","score":0,"maxScore":9,"error":1}}},"additional":[{"keyphrase":"Festival de las Flores","score":80,"analysis":{"keyphraseInDescription":{"score":9,"maxScore":9,"error":0},"keyphraseLength":{"score":9,"maxScore":9,"error":0,"length":4},"keyphraseInIntroduction":{"score":9,"maxScore":9,"error":0},"keyphraseInImageAlt":{"score":9,"maxScore":9,"error":0},"keywordDensity":{"type":"high","score":0,"maxScore":9,"error":1}}},{"keyphrase":"Primavera","score":67,"analysis":{"keyphraseInDescription":{"score":9,"maxScore":9,"error":0},"keyphraseLength":{"score":9,"maxScore":9,"error":0,"length":1},"keyphraseInIntroduction":{"score":9,"maxScore":9,"error":0},"keyphraseInImageAlt":{"score":3,"maxScore":9,"error":1},"keywordDensity":{"score":0,"type":"low","maxScore":9,"error":1}}}]},"primary_term":null,"canonical_url":null,"og_title":null,"og_description":null,"og_object_type":"default","og_image_type":"default","og_image_url":null,"og_image_width":null,"og_image_height":null,"og_image_custom_url":null,"og_image_custom_fields":null,"og_video":"","og_custom_url":null,"og_article_section":null,"og_article_tags":null,"twitter_use_og":false,"twitter_card":"default","twitter_image_type":"default","twitter_image_url":null,"twitter_image_custom_url":null,"twitter_image_custom_fields":null,"twitter_title":null,"twitter_description":null,"schema":{"blockGraphs":[],"customGraphs":[],"default":{"data":{"Article":[],"Course":[],"Dataset":[],"FAQPage":[],"Movie":[],"Person":[],"Product":[],"ProductReview":[],"Car":[],"Recipe":[],"Service":[],"SoftwareApplication":[],"WebPage":[]},"graphName":"NewsArticle","isEnabled":true},"graphs":[]},"schema_type":"default","schema_type_options":null,"pillar_content":false,"robots_default":true,"robots_noindex":false,"robots_noarchive":false,"robots_nosnippet":false,"robots_nofollow":false,"robots_noimageindex":false,"robots_noodp":false,"robots_notranslate":false,"robots_max_snippet":"-1","robots_max_videopreview":"-1","robots_max_imagepreview":"large","priority":null,"frequency":"default","local_seo":null,"seo_analyzer_scan_date":"2025-11-16 20:48:09","breadcrumb_settings":null,"limit_modified_date":false,"reviewed_by":"0","open_ai":null,"ai":{"faqs":[],"keyPoints":[],"titles":[],"descriptions":[],"socialPosts":{"email":[],"linkedin":[],"twitter":[],"facebook":[],"instagram":[]}},"created":"2025-11-16 19:38:27","updated":"2026-02-05 07:05:15"},"aioseo_breadcrumb":"<div class=\"aioseo-breadcrumbs\"><span class=\"aioseo-breadcrumb\">\n\t<a href=\"https:\/\/soymigrante.com\/revista\" title=\"Home\">Home<\/a>\n<\/span><span class=\"aioseo-breadcrumb-separator\">\u00bb<\/span><span class=\"aioseo-breadcrumb\">\n\t<a href=\"https:\/\/soymigrante.com\/revista\/category\/guate-nuestra\/\" title=\"Guate Nuestra\">Guate Nuestra<\/a>\n<\/span><span class=\"aioseo-breadcrumb-separator\">\u00bb<\/span><span class=\"aioseo-breadcrumb\">\n\tFestival de las Flores Antigua Guatemala 2025: una primavera colonial en im\u00e1genes\n<\/span><\/div>","aioseo_breadcrumb_json":[{"label":"Home","link":"https:\/\/soymigrante.com\/revista"},{"label":"Guate Nuestra","link":"https:\/\/soymigrante.com\/revista\/category\/guate-nuestra\/"},{"label":"Festival de las Flores Antigua Guatemala 2025: una primavera colonial en im\u00e1genes","link":"https:\/\/soymigrante.com\/revista\/festival-de-las-flores-2025-enciende-colorida-primavera-en-la-antigua-guatemala\/"}],"_links":{"self":[{"href":"https:\/\/soymigrante.com\/revista\/wp-json\/wp\/v2\/posts\/48633","targetHints":{"allow":["GET"]}}],"collection":[{"href":"https:\/\/soymigrante.com\/revista\/wp-json\/wp\/v2\/posts"}],"about":[{"href":"https:\/\/soymigrante.com\/revista\/wp-json\/wp\/v2\/types\/post"}],"author":[{"embeddable":true,"href":"https:\/\/soymigrante.com\/revista\/wp-json\/wp\/v2\/users\/1"}],"replies":[{"embeddable":true,"href":"https:\/\/soymigrante.com\/revista\/wp-json\/wp\/v2\/comments?post=48633"}],"version-history":[{"count":16,"href":"https:\/\/soymigrante.com\/revista\/wp-json\/wp\/v2\/posts\/48633\/revisions"}],"predecessor-version":[{"id":48675,"href":"https:\/\/soymigrante.com\/revista\/wp-json\/wp\/v2\/posts\/48633\/revisions\/48675"}],"wp:featuredmedia":[{"embeddable":true,"href":"https:\/\/soymigrante.com\/revista\/wp-json\/wp\/v2\/media\/48635"}],"wp:attachment":[{"href":"https:\/\/soymigrante.com\/revista\/wp-json\/wp\/v2\/media?parent=48633"}],"wp:term":[{"taxonomy":"category","embeddable":true,"href":"https:\/\/soymigrante.com\/revista\/wp-json\/wp\/v2\/categories?post=48633"},{"taxonomy":"post_tag","embeddable":true,"href":"https:\/\/soymigrante.com\/revista\/wp-json\/wp\/v2\/tags?post=48633"}],"curies":[{"name":"wp","href":"https:\/\/api.w.org\/{rel}","templated":true}]}}