{"id":4863,"date":"2024-02-13T23:15:12","date_gmt":"2024-02-14T05:15:12","guid":{"rendered":"https:\/\/soymigrante.com\/revista\/?p=4863"},"modified":"2024-11-01T14:35:18","modified_gmt":"2024-11-01T20:35:18","slug":"migrante-guatemalteco-danilo-cifuentes-ingeniero-constructor-empresario-oklahoma","status":"publish","type":"post","link":"https:\/\/soymigrante.com\/revista\/migrante-guatemalteco-danilo-cifuentes-ingeniero-constructor-empresario-oklahoma\/","title":{"rendered":"Hermanos migrantes: Danilo Cifuentes convirti\u00f3 la crisis en cimiento para construir"},"content":{"rendered":"\t\t<div data-elementor-type=\"wp-post\" data-elementor-id=\"4863\" class=\"elementor elementor-4863\" data-elementor-post-type=\"post\">\n\t\t\t\t\t\t<section data-particle_enable=\"false\" data-particle-mobile-disabled=\"false\" class=\"elementor-section elementor-top-section elementor-element elementor-element-5ce5900 elementor-section-boxed elementor-section-height-default elementor-section-height-default\" data-id=\"5ce5900\" data-element_type=\"section\" data-e-type=\"section\">\n\t\t\t\t\t\t<div class=\"elementor-container elementor-column-gap-default\">\n\t\t\t\t\t<div class=\"elementor-column elementor-col-100 elementor-top-column elementor-element elementor-element-e5e397c\" data-id=\"e5e397c\" data-element_type=\"column\" data-e-type=\"column\">\n\t\t\t<div class=\"elementor-widget-wrap elementor-element-populated\">\n\t\t\t\t\t\t<div class=\"elementor-element elementor-element-ba13b61 elementor-widget elementor-widget-heading\" data-id=\"ba13b61\" data-element_type=\"widget\" data-e-type=\"widget\" data-widget_type=\"heading.default\">\n\t\t\t\t\t<h1 class=\"elementor-heading-title elementor-size-default\">El ingeniero Danilo Cifuentes dirige la exitosa compa\u00f1\u00eda de bienes ra\u00edces CV Premium Properties en Oklahoma junto a sus hermanos migrantes. Pero no ocurri\u00f3 de la noche a la ma\u00f1ana, requiri\u00f3 de duro trabajo y de superar una dif\u00edcil prueba. As\u00ed lo relata.<\/h1>\t\t\t\t<\/div>\n\t\t\t\t\t<\/div>\n\t\t<\/div>\n\t\t\t\t\t<\/div>\n\t\t<\/section>\n\t\t\t\t<section data-particle_enable=\"false\" data-particle-mobile-disabled=\"false\" class=\"elementor-section elementor-top-section elementor-element elementor-element-d507d70 elementor-section-boxed elementor-section-height-default elementor-section-height-default\" data-id=\"d507d70\" data-element_type=\"section\" data-e-type=\"section\">\n\t\t\t\t\t\t<div class=\"elementor-container elementor-column-gap-default\">\n\t\t\t\t\t<div class=\"elementor-column elementor-col-100 elementor-top-column elementor-element elementor-element-b5bd529\" data-id=\"b5bd529\" data-element_type=\"column\" data-e-type=\"column\">\n\t\t\t<div class=\"elementor-widget-wrap elementor-element-populated\">\n\t\t\t\t\t\t<div class=\"elementor-element elementor-element-e6c96b1 elementor-widget elementor-widget-image\" data-id=\"e6c96b1\" data-element_type=\"widget\" data-e-type=\"widget\" data-widget_type=\"image.default\">\n\t\t\t\t\t\t\t\t\t\t\t\t\t\t\t<img fetchpriority=\"high\" decoding=\"async\" width=\"768\" height=\"768\" src=\"https:\/\/soymigrante.com\/revista\/wp-content\/uploads\/2024\/02\/danilo-ifuentes-23-1024x1024.webp\" class=\"attachment-large size-large wp-image-4869\" alt=\"constructora y venta de bienes ra\u00edces en Oklahoma junto a sus tres hermanos migrantes.\" srcset=\"https:\/\/soymigrante.com\/revista\/wp-content\/uploads\/2024\/02\/danilo-ifuentes-23-1024x1024.webp 1024w, https:\/\/soymigrante.com\/revista\/wp-content\/uploads\/2024\/02\/danilo-ifuentes-23-300x300.webp 300w, https:\/\/soymigrante.com\/revista\/wp-content\/uploads\/2024\/02\/danilo-ifuentes-23-150x150.webp 150w, https:\/\/soymigrante.com\/revista\/wp-content\/uploads\/2024\/02\/danilo-ifuentes-23-768x768.webp 768w, https:\/\/soymigrante.com\/revista\/wp-content\/uploads\/2024\/02\/danilo-ifuentes-23-75x75.webp 75w, https:\/\/soymigrante.com\/revista\/wp-content\/uploads\/2024\/02\/danilo-ifuentes-23-750x750.webp 750w, https:\/\/soymigrante.com\/revista\/wp-content\/uploads\/2024\/02\/danilo-ifuentes-23-1140x1140.webp 1140w, https:\/\/soymigrante.com\/revista\/wp-content\/uploads\/2024\/02\/danilo-ifuentes-23-600x600.webp 600w, https:\/\/soymigrante.com\/revista\/wp-content\/uploads\/2024\/02\/danilo-ifuentes-23.webp 1366w\" sizes=\"(max-width: 768px) 100vw, 768px\" title=\"constructora y venta de bienes ra\u00edces en Oklahoma junto a sus tres hermanos migrantes. \u2013 SoyMigrante.com REVISTA\" \/>\t\t\t\t\t\t\t\t\t\t\t\t\t\t\t<\/div>\n\t\t\t\t\t<\/div>\n\t\t<\/div>\n\t\t\t\t\t<\/div>\n\t\t<\/section>\n\t\t\t\t<section data-particle_enable=\"false\" data-particle-mobile-disabled=\"false\" class=\"elementor-section elementor-top-section elementor-element elementor-element-42f0b89 elementor-section-boxed elementor-section-height-default elementor-section-height-default\" data-id=\"42f0b89\" data-element_type=\"section\" data-e-type=\"section\">\n\t\t\t\t\t\t<div class=\"elementor-container elementor-column-gap-default\">\n\t\t\t\t\t<div class=\"elementor-column elementor-col-100 elementor-top-column elementor-element elementor-element-c6d586a\" data-id=\"c6d586a\" data-element_type=\"column\" data-e-type=\"column\">\n\t\t\t<div class=\"elementor-widget-wrap elementor-element-populated\">\n\t\t\t\t\t\t<div class=\"elementor-element elementor-element-960dda7 elementor-widget elementor-widget-text-editor\" data-id=\"960dda7\" data-element_type=\"widget\" data-e-type=\"widget\" data-widget_type=\"text-editor.default\">\n\t\t\t\t\t\t\t\t\t<p>Todo era perfecto: Danilo Cifuentes, un ingeniero civil exitoso en Guatemala consigue a finales de 2011 la oportunidad de su vida: es contratado por una compa\u00f1\u00eda petrolera de Estados Unidos. Ten\u00eda una maestr\u00eda en estructuras que le calificaba para el puesto, grandes objetivos, experiencia.\u00a0<\/p><p>Pero de pronto este profesional guatemalteco migrante estaba, agobiado, melanc\u00f3lico, deprimido. &#8220;Antes de esa experiencia, cuando a m\u00ed me dec\u00edan que alguien estaba deprimido yo dec\u00eda, eso no existe. Hasta que lo viv\u00ed&#8221;.<\/p><p>Hoy, Danilo es un exitoso constructor y reconstructor de casas en Oklahoma. Fund\u00f3 la empresa CV Premium Properties, junto a su hermano Axel Cifuentes, y de la cual tambi\u00e9n son socias sus hermanas Alejandra y Emilia. (CV son sus apellidos: Cifuentes Villagr\u00e1n, todos migrantes originarios de Ayutla, San Marcos)<\/p><p>\u00bfC\u00f3mo se dio este salto de vida?\u00a0<span style=\"color: var( --e-global-color-text );\">Esta es la historia de una verdadera reconstrucci\u00f3n personal que tambi\u00e9n abarca la construcci\u00f3n de edificios y casas en EE.UU. y tambien en Guatemala.<\/span><\/p>\t\t\t\t\t\t\t\t<\/div>\n\t\t\t\t\t<\/div>\n\t\t<\/div>\n\t\t\t\t\t<\/div>\n\t\t<\/section>\n\t\t\t\t<section data-particle_enable=\"false\" data-particle-mobile-disabled=\"false\" class=\"elementor-section elementor-top-section elementor-element elementor-element-96a05a5 elementor-section-boxed elementor-section-height-default elementor-section-height-default\" data-id=\"96a05a5\" data-element_type=\"section\" data-e-type=\"section\">\n\t\t\t\t\t\t<div class=\"elementor-container elementor-column-gap-default\">\n\t\t\t\t\t<div class=\"elementor-column elementor-col-100 elementor-top-column elementor-element elementor-element-2062c13\" data-id=\"2062c13\" data-element_type=\"column\" data-e-type=\"column\">\n\t\t\t<div class=\"elementor-widget-wrap elementor-element-populated\">\n\t\t\t\t\t\t<div class=\"elementor-element elementor-element-bb24290 elementor-widget elementor-widget-facebook-embed\" data-id=\"bb24290\" data-element_type=\"widget\" data-e-type=\"widget\" data-widget_type=\"facebook-embed.default\">\n\t\t\t\t\t<div style=\"min-height: 1px\" class=\"elementor-facebook-widget fb-video\" data-href=\"https:\/\/www.facebook.com\/reel\/8933906490016669\" data-show-text=\"false\" data-allowfullscreen=\"false\" data-autoplay=\"false\" data-show-captions=\"false\"><\/div>\t\t\t\t<\/div>\n\t\t\t\t\t<\/div>\n\t\t<\/div>\n\t\t\t\t\t<\/div>\n\t\t<\/section>\n\t\t\t\t<section data-particle_enable=\"false\" data-particle-mobile-disabled=\"false\" class=\"elementor-section elementor-top-section elementor-element elementor-element-967dfa6 elementor-section-boxed elementor-section-height-default elementor-section-height-default\" data-id=\"967dfa6\" data-element_type=\"section\" data-e-type=\"section\">\n\t\t\t\t\t\t<div class=\"elementor-container elementor-column-gap-default\">\n\t\t\t\t\t<div class=\"elementor-column elementor-col-100 elementor-top-column elementor-element elementor-element-85e7432\" data-id=\"85e7432\" data-element_type=\"column\" data-e-type=\"column\">\n\t\t\t<div class=\"elementor-widget-wrap elementor-element-populated\">\n\t\t\t\t\t\t<div class=\"elementor-element elementor-element-c108aed elementor-widget elementor-widget-text-editor\" data-id=\"c108aed\" data-element_type=\"widget\" data-e-type=\"widget\" data-widget_type=\"text-editor.default\">\n\t\t\t\t\t\t\t\t\t<p>Publicidad en redes sociales de una de las casas remodeladas por la constructora de los hermanos Cifuentes.<\/p>\t\t\t\t\t\t\t\t<\/div>\n\t\t\t\t\t<\/div>\n\t\t<\/div>\n\t\t\t\t\t<\/div>\n\t\t<\/section>\n\t\t\t\t<section data-particle_enable=\"false\" data-particle-mobile-disabled=\"false\" class=\"elementor-section elementor-top-section elementor-element elementor-element-eac6c05 elementor-section-boxed elementor-section-height-default elementor-section-height-default\" data-id=\"eac6c05\" data-element_type=\"section\" data-e-type=\"section\">\n\t\t\t\t\t\t<div class=\"elementor-container elementor-column-gap-default\">\n\t\t\t\t\t<div class=\"elementor-column elementor-col-100 elementor-top-column elementor-element elementor-element-f9a26fa\" data-id=\"f9a26fa\" data-element_type=\"column\" data-e-type=\"column\">\n\t\t\t<div class=\"elementor-widget-wrap elementor-element-populated\">\n\t\t\t\t\t\t<div class=\"elementor-element elementor-element-5c00a56 elementor-widget elementor-widget-heading\" data-id=\"5c00a56\" data-element_type=\"widget\" data-e-type=\"widget\" data-widget_type=\"heading.default\">\n\t\t\t\t\t<h2 class=\"elementor-heading-title elementor-size-default\">La gran oportunidad se dio<\/h2>\t\t\t\t<\/div>\n\t\t\t\t\t<\/div>\n\t\t<\/div>\n\t\t\t\t\t<\/div>\n\t\t<\/section>\n\t\t\t\t<section data-particle_enable=\"false\" data-particle-mobile-disabled=\"false\" class=\"elementor-section elementor-top-section elementor-element elementor-element-c398979 elementor-section-boxed elementor-section-height-default elementor-section-height-default\" data-id=\"c398979\" data-element_type=\"section\" data-e-type=\"section\">\n\t\t\t\t\t\t<div class=\"elementor-container elementor-column-gap-default\">\n\t\t\t\t\t<div class=\"elementor-column elementor-col-100 elementor-top-column elementor-element elementor-element-bab01a3\" data-id=\"bab01a3\" data-element_type=\"column\" data-e-type=\"column\">\n\t\t\t<div class=\"elementor-widget-wrap elementor-element-populated\">\n\t\t\t\t\t\t<div class=\"elementor-element elementor-element-474c9d5 elementor-widget elementor-widget-text-editor\" data-id=\"474c9d5\" data-element_type=\"widget\" data-e-type=\"widget\" data-widget_type=\"text-editor.default\">\n\t\t\t\t\t\t\t\t\t<p><span style=\"color: var( --e-global-color-text );\">&#8220;Crecimos en San Marcos con mis hermanos. Pero despu\u00e9s nos trasladamos a Xela para estudiar. Me gradu\u00e9 en el 2011 como Ingeniero Civil de la Universidad Rafael Land\u00edvar de Quetzaltenango. Empec\u00e9 una maestr\u00eda en\u00a0<\/span><span style=\"color: var( --e-global-color-text );\">estructuras en la U. de San Carlos. Cuando me faltaban seis meses, me traslad\u00e9 a EE.UU. para trabajar en una empresa petrolera. Mi hermano, que ya trabajaba all\u00ed, me propuso y me aceptaron&#8221;.<\/span><\/p><p>A Danilo Cifuentes le toc\u00f3 dise\u00f1ar contenedores de acero para petr\u00f3leo y logr\u00f3 hacerlo con alta eficiencia. Antes de irse a EE.UU. ten\u00eda una\u00a0 constructora con la que hab\u00eda efectuado proyectos de vivienda, bodegas, incluso carreteras en el occidente de Guatemala. &#8220;Esa empresa la vend\u00ed al irme a Estados Unidos&#8221;, relata.<\/p>\t\t\t\t\t\t\t\t<\/div>\n\t\t\t\t\t<\/div>\n\t\t<\/div>\n\t\t\t\t\t<\/div>\n\t\t<\/section>\n\t\t\t\t<section data-particle_enable=\"false\" data-particle-mobile-disabled=\"false\" class=\"elementor-section elementor-top-section elementor-element elementor-element-37d1bc1 elementor-section-boxed elementor-section-height-default elementor-section-height-default\" data-id=\"37d1bc1\" data-element_type=\"section\" data-e-type=\"section\">\n\t\t\t\t\t\t<div class=\"elementor-container elementor-column-gap-default\">\n\t\t\t\t\t<div class=\"elementor-column elementor-col-100 elementor-top-column elementor-element elementor-element-2130372\" data-id=\"2130372\" data-element_type=\"column\" data-e-type=\"column\">\n\t\t\t<div class=\"elementor-widget-wrap elementor-element-populated\">\n\t\t\t\t\t\t<div class=\"elementor-element elementor-element-5b13709 elementor-widget elementor-widget-image\" data-id=\"5b13709\" data-element_type=\"widget\" data-e-type=\"widget\" data-widget_type=\"image.default\">\n\t\t\t\t\t\t\t\t\t\t\t\t<figure class=\"wp-caption\">\n\t\t\t\t\t\t\t\t\t\t<img decoding=\"async\" width=\"768\" height=\"461\" src=\"https:\/\/soymigrante.com\/revista\/wp-content\/uploads\/2024\/02\/danilon-1024x614.webp\" class=\"attachment-large size-large wp-image-4866\" alt=\"Tarjeta de presentaci\u00f3n de Danilo Cifuentes, de CV Properties. Compa\u00f1\u00eda en la cual comparten tareas y talentos. Axel dise\u00f1a; Alejandra amuebla y decora; Danilo y Emilia, ambos ingenieros civiles efect\u00faan c\u00e1lculos estructurales y efect\u00faan la remodelaci\u00f3n.\" srcset=\"https:\/\/soymigrante.com\/revista\/wp-content\/uploads\/2024\/02\/danilon-1024x614.webp 1024w, https:\/\/soymigrante.com\/revista\/wp-content\/uploads\/2024\/02\/danilon-300x180.webp 300w, https:\/\/soymigrante.com\/revista\/wp-content\/uploads\/2024\/02\/danilon-768x461.webp 768w, https:\/\/soymigrante.com\/revista\/wp-content\/uploads\/2024\/02\/danilon-750x450.webp 750w, https:\/\/soymigrante.com\/revista\/wp-content\/uploads\/2024\/02\/danilon.webp 1125w\" sizes=\"(max-width: 768px) 100vw, 768px\" title=\"Tarjeta de presentaci\u00f3n de Danilo Cifuentes, de CV Properties. Compa\u00f1\u00eda en la cual comparten tareas y talentos. Axel dise\u00f1a; Alejandra amuebla y decora; Danilo y Emilia, ambos ingenieros civiles efect\u00faan c\u00e1lculos estructurales y efect\u00faan la remodelaci\u00f3n. \u2013 SoyMigrante.com REVISTA\" \/>\t\t\t\t\t\t\t\t\t\t\t<figcaption class=\"widget-image-caption wp-caption-text\">Tarjeta de presentaci\u00f3n de Danilo Cifuentes, de CV Properties. Compa\u00f1\u00eda en la cual los 4 hermanos migrantes comparten tareas y talentos. Axel dise\u00f1a; Alejandra amuebla y decora; Danilo y Emilia, ambos ingenieros civiles efect\u00faan c\u00e1lculos estructurales y efect\u00faan la remodelaci\u00f3n.<\/figcaption>\n\t\t\t\t\t\t\t\t\t\t<\/figure>\n\t\t\t\t\t\t\t\t\t<\/div>\n\t\t\t\t\t<\/div>\n\t\t<\/div>\n\t\t\t\t\t<\/div>\n\t\t<\/section>\n\t\t\t\t<section data-particle_enable=\"false\" data-particle-mobile-disabled=\"false\" class=\"elementor-section elementor-top-section elementor-element elementor-element-a567ec1 elementor-section-boxed elementor-section-height-default elementor-section-height-default\" data-id=\"a567ec1\" data-element_type=\"section\" data-e-type=\"section\">\n\t\t\t\t\t\t<div class=\"elementor-container elementor-column-gap-default\">\n\t\t\t\t\t<div class=\"elementor-column elementor-col-100 elementor-top-column elementor-element elementor-element-03c9bda\" data-id=\"03c9bda\" data-element_type=\"column\" data-e-type=\"column\">\n\t\t\t<div class=\"elementor-widget-wrap elementor-element-populated\">\n\t\t\t\t\t\t<div class=\"elementor-element elementor-element-4bee8ad elementor-widget elementor-widget-heading\" data-id=\"4bee8ad\" data-element_type=\"widget\" data-e-type=\"widget\" data-widget_type=\"heading.default\">\n\t\t\t\t\t<h2 class=\"elementor-heading-title elementor-size-default\">Familia unida jam\u00e1s ser\u00e1 vencida<\/h2>\t\t\t\t<\/div>\n\t\t\t\t\t<\/div>\n\t\t<\/div>\n\t\t\t\t\t<\/div>\n\t\t<\/section>\n\t\t\t\t<section data-particle_enable=\"false\" data-particle-mobile-disabled=\"false\" class=\"elementor-section elementor-top-section elementor-element elementor-element-ae8d1fa elementor-section-boxed elementor-section-height-default elementor-section-height-default\" data-id=\"ae8d1fa\" data-element_type=\"section\" data-e-type=\"section\">\n\t\t\t\t\t\t<div class=\"elementor-container elementor-column-gap-default\">\n\t\t\t\t\t<div class=\"elementor-column elementor-col-100 elementor-top-column elementor-element elementor-element-34de75e\" data-id=\"34de75e\" data-element_type=\"column\" data-e-type=\"column\">\n\t\t\t<div class=\"elementor-widget-wrap elementor-element-populated\">\n\t\t\t\t\t\t<div class=\"elementor-element elementor-element-679bdb9 elementor-widget elementor-widget-text-editor\" data-id=\"679bdb9\" data-element_type=\"widget\" data-e-type=\"widget\" data-widget_type=\"text-editor.default\">\n\t\t\t\t\t\t\t\t\t<p><span style=\"color: var( --e-global-color-text );\">Danilo es el tercero de cuatro hermanos: Alejandra, Emilia, \u00e9l y Axel. Crecieron en Ayutla, San Marcos, donde estudiaron sus primeros a\u00f1os de primaria. &#8220;Mi pap\u00e1 se llama Axel Danilo Cifuentes, naci\u00f3 en Patulul; mi mam\u00e1, Leticia Villagr\u00e1n es de G\u00e9nova, Costa Cuca. Pero se conocieron en Xela. Ya nuestra familia tiene una ra\u00edz de migraci\u00f3n&#8221;.<\/span><\/p><p>Y as\u00ed en familia aprendieron el sentido del trabajo. &#8220;Mi pap\u00e1 trabaj\u00f3 desde muy joven con camiones. Yo aprend\u00ed a manejar cabezales desde los 16 a\u00f1os. Tambi\u00e9n nos ense\u00f1\u00f3 a invertir en bienes ra\u00edces. Mi mam\u00e1 nos ense\u00f1\u00f3 el valor del ahorro&#8221;, relata.\u00a0<\/p><p><b>\u00bfY por qu\u00e9 se deprimi\u00f3?\u00a0<\/b><\/p><p>&#8220;No s\u00e9, creo que era una mezcla de miedo y tristeza. La a\u00f1oranza de las amistades, la dificultad para adoptar una cultura nueva, quer\u00eda hacerlo pero extra\u00f1aba mi vida en Guatemala. Ten\u00eda un pie all\u00e1 y otro aqu\u00ed. No ten\u00eda a qu\u00e9 regresar pues la empresa la hab\u00eda vendido, el trabajo era pesad\u00edsimo pero no ganaba bien. Adem\u00e1s el proceso migratorio era tedioso: cartas y cartas, formularios, citas. Me deprim\u00ed feo.&#8221;, relata con sinceridad.<\/p><p>&#8220;Mis pap\u00e1s hablaron conmigo y me dijeron. Ten\u00e9s dos opciones: o te regresas a Guate o sal\u00eds de la depresi\u00f3n. Entonces reaccion\u00e9 y con la ayuda de Dios me levant\u00e9, empec\u00e9 a ir a una iglesia, conoc\u00ed gente,me trac\u00e9 objetivos y&#8230;&#8221;<\/p><p><b>&#8211;<\/b>\u00a1Te reinventaste!<\/p><p>&#8220;Exacto. Uno est\u00e1 lleno de &#8216;no puedo&#8217;, porque a lo largo de la vida mucha gente te ha dicho &#8216;no pod\u00e9s&#8217;. Entonces tuve mucho miedo a lo nuevo y tristeza de dejar todo atr\u00e1s. \u00a1Miedo a no poder! Entonces,\u00a0 reinventarse no es tanto aprender nuevas cosas, sino\u00a0 desaprender lo viejo&#8221;.<\/p>\t\t\t\t\t\t\t\t<\/div>\n\t\t\t\t\t<\/div>\n\t\t<\/div>\n\t\t\t\t\t<\/div>\n\t\t<\/section>\n\t\t\t\t<section data-particle_enable=\"false\" data-particle-mobile-disabled=\"false\" class=\"elementor-section elementor-top-section elementor-element elementor-element-3dcde2a elementor-section-boxed elementor-section-height-default elementor-section-height-default\" data-id=\"3dcde2a\" data-element_type=\"section\" data-e-type=\"section\">\n\t\t\t\t\t\t<div class=\"elementor-container elementor-column-gap-default\">\n\t\t\t\t\t<div class=\"elementor-column elementor-col-100 elementor-top-column elementor-element elementor-element-141fa9a\" data-id=\"141fa9a\" data-element_type=\"column\" data-e-type=\"column\">\n\t\t\t<div class=\"elementor-widget-wrap elementor-element-populated\">\n\t\t\t\t\t\t<div class=\"elementor-element elementor-element-1aebbea elementor-invisible elementor-widget elementor-widget-image\" data-id=\"1aebbea\" data-element_type=\"widget\" data-e-type=\"widget\" data-settings=\"{&quot;_animation&quot;:&quot;fadeInDown&quot;}\" data-widget_type=\"image.default\">\n\t\t\t\t\t\t\t\t\t\t\t\t<figure class=\"wp-caption\">\n\t\t\t\t\t\t\t\t\t\t<img decoding=\"async\" width=\"768\" height=\"506\" src=\"https:\/\/soymigrante.com\/revista\/wp-content\/uploads\/2024\/02\/familia-cifuentes.webp\" class=\"attachment-large size-large wp-image-4867\" alt=\"El superpoder de la uni\u00f3n familiar: Los hermanos Cifuentes no dudan en atribuir su actitud de trabajo, superaci\u00f3n y constante aprendizaje a sus padres.\" srcset=\"https:\/\/soymigrante.com\/revista\/wp-content\/uploads\/2024\/02\/familia-cifuentes.webp 960w, https:\/\/soymigrante.com\/revista\/wp-content\/uploads\/2024\/02\/familia-cifuentes-300x198.webp 300w, https:\/\/soymigrante.com\/revista\/wp-content\/uploads\/2024\/02\/familia-cifuentes-768x506.webp 768w, https:\/\/soymigrante.com\/revista\/wp-content\/uploads\/2024\/02\/familia-cifuentes-750x494.webp 750w\" sizes=\"(max-width: 768px) 100vw, 768px\" title=\"El superpoder de la uni\u00f3n familiar: Los hermanos Cifuentes no dudan en atribuir su actitud de trabajo, superaci\u00f3n y constante aprendizaje a sus padres. Para Danilo, el consejo de sus padres fue vital para reinventarse y salir adelante. \u2013 SoyMigrante.com REVISTA\" \/>\t\t\t\t\t\t\t\t\t\t\t<figcaption class=\"widget-image-caption wp-caption-text\">El superpoder de la uni\u00f3n familiar: Los hermanos Cifuentes no dudan en atribuir su actitud de trabajo, superaci\u00f3n y constante aprendizaje a sus padres. Para Danilo, el consejo de sus padres fue vital para reinventarse y salir adelante.<\/figcaption>\n\t\t\t\t\t\t\t\t\t\t<\/figure>\n\t\t\t\t\t\t\t\t\t<\/div>\n\t\t\t\t\t<\/div>\n\t\t<\/div>\n\t\t\t\t\t<\/div>\n\t\t<\/section>\n\t\t\t\t<section data-particle_enable=\"false\" data-particle-mobile-disabled=\"false\" class=\"elementor-section elementor-top-section elementor-element elementor-element-cd4c1c6 elementor-section-boxed elementor-section-height-default elementor-section-height-default\" data-id=\"cd4c1c6\" data-element_type=\"section\" data-e-type=\"section\">\n\t\t\t\t\t\t<div class=\"elementor-container elementor-column-gap-default\">\n\t\t\t\t\t<div class=\"elementor-column elementor-col-100 elementor-top-column elementor-element elementor-element-198a9b3\" data-id=\"198a9b3\" data-element_type=\"column\" data-e-type=\"column\">\n\t\t\t<div class=\"elementor-widget-wrap elementor-element-populated\">\n\t\t\t\t\t\t<div class=\"elementor-element elementor-element-47182ad elementor-widget elementor-widget-heading\" data-id=\"47182ad\" data-element_type=\"widget\" data-e-type=\"widget\" data-widget_type=\"heading.default\">\n\t\t\t\t\t<h2 class=\"elementor-heading-title elementor-size-default\">Perder el miedo a preguntar y al \"no\" <\/h2>\t\t\t\t<\/div>\n\t\t\t\t\t<\/div>\n\t\t<\/div>\n\t\t\t\t\t<\/div>\n\t\t<\/section>\n\t\t\t\t<section data-particle_enable=\"false\" data-particle-mobile-disabled=\"false\" class=\"elementor-section elementor-top-section elementor-element elementor-element-7b07f1b elementor-section-boxed elementor-section-height-default elementor-section-height-default\" data-id=\"7b07f1b\" data-element_type=\"section\" data-e-type=\"section\">\n\t\t\t\t\t\t<div class=\"elementor-container elementor-column-gap-default\">\n\t\t\t\t\t<div class=\"elementor-column elementor-col-100 elementor-top-column elementor-element elementor-element-21282ce\" data-id=\"21282ce\" data-element_type=\"column\" data-e-type=\"column\">\n\t\t\t<div class=\"elementor-widget-wrap elementor-element-populated\">\n\t\t\t\t\t\t<div class=\"elementor-element elementor-element-214fc04 elementor-widget elementor-widget-text-editor\" data-id=\"214fc04\" data-element_type=\"widget\" data-e-type=\"widget\" data-widget_type=\"text-editor.default\">\n\t\t\t\t\t\t\t\t\t<p><span style=\"color: var( --e-global-color-text );\">&#8220;Empec\u00e9 a hablar con ciudadanos americanos para\u00a0 forzarme a mejorar mi ingl\u00e9s hablado, escrito y hasta pensado.\u00a0<\/span><span style=\"color: var( --e-global-color-text );\">En un caf\u00e9, en la iglesia yo me presentaba y le preguntaba a alguien: \u00bfme podr\u00eda regalar una hora de tu semana para practicar mi ingl\u00e9s? Y la gente sol\u00eda decir s\u00ed. Extra\u00f1os ense\u00f1\u00e1ndome ingl\u00e9s&#8221;, relata Danilo.<\/span><\/p><p><span style=\"color: var( --e-global-color-text );\">Recuerdo que algunas personas eran de La Iglesia de Jesucristo de los Santos de los \u00daltimos D\u00edas. Se dieron cuenta de mi m\u00e9todo, muchos de ellos eran biling\u00fces siempre aceptaban platicar conmigo una hora. Tiempo despu\u00e9s\u00a0 me enter\u00e9 que hasta crearon una escuela de ingl\u00e9s y espa\u00f1ol a base de esa idea de conversar&#8221;.<\/span><\/p>\t\t\t\t\t\t\t\t<\/div>\n\t\t\t\t\t<\/div>\n\t\t<\/div>\n\t\t\t\t\t<\/div>\n\t\t<\/section>\n\t\t\t\t<section data-particle_enable=\"false\" data-particle-mobile-disabled=\"false\" class=\"elementor-section elementor-top-section elementor-element elementor-element-f558e24 elementor-section-boxed elementor-section-height-default elementor-section-height-default\" data-id=\"f558e24\" data-element_type=\"section\" data-e-type=\"section\">\n\t\t\t\t\t\t<div class=\"elementor-container elementor-column-gap-default\">\n\t\t\t\t\t<div class=\"elementor-column elementor-col-100 elementor-top-column elementor-element elementor-element-1f7286d\" data-id=\"1f7286d\" data-element_type=\"column\" data-e-type=\"column\">\n\t\t\t<div class=\"elementor-widget-wrap elementor-element-populated\">\n\t\t\t\t\t\t<div class=\"elementor-element elementor-element-ef59d41 elementor-widget elementor-widget-image\" data-id=\"ef59d41\" data-element_type=\"widget\" data-e-type=\"widget\" data-settings=\"{&quot;motion_fx_motion_fx_mouse&quot;:&quot;yes&quot;,&quot;motion_fx_tilt_effect&quot;:&quot;yes&quot;,&quot;motion_fx_tilt_direction&quot;:&quot;negative&quot;,&quot;motion_fx_tilt_speed&quot;:{&quot;unit&quot;:&quot;px&quot;,&quot;size&quot;:1.6,&quot;sizes&quot;:[]}}\" data-widget_type=\"image.default\">\n\t\t\t\t\t\t\t\t\t\t\t\t<figure class=\"wp-caption\">\n\t\t\t\t\t\t\t\t\t\t<img loading=\"lazy\" decoding=\"async\" width=\"768\" height=\"552\" src=\"https:\/\/soymigrante.com\/revista\/wp-content\/uploads\/2024\/02\/HERMANOS-CIFUENTES-NOMBRE-1024x736.webp\" class=\"attachment-large size-large wp-image-4820\" alt=\"Hermanos migrantes: Los Hermanos Cifuentes. Juntos fundaron y conducen la compa\u00f1\u00eda CV Design and Construction, en Oklahoma. Cada uno con su historia de retos y logros, pero con una fortaleza mayor: su fe en Dios y su uni\u00f3n familiar. Alejandra, la mayor, es abogada; Emilia, es ingeniera civil; Axel es arquitecto y Danilo tambi\u00e9n es ingeniero.\" srcset=\"https:\/\/soymigrante.com\/revista\/wp-content\/uploads\/2024\/02\/HERMANOS-CIFUENTES-NOMBRE-1024x736.webp 1024w, https:\/\/soymigrante.com\/revista\/wp-content\/uploads\/2024\/02\/HERMANOS-CIFUENTES-NOMBRE-300x216.webp 300w, https:\/\/soymigrante.com\/revista\/wp-content\/uploads\/2024\/02\/HERMANOS-CIFUENTES-NOMBRE-768x552.webp 768w, https:\/\/soymigrante.com\/revista\/wp-content\/uploads\/2024\/02\/HERMANOS-CIFUENTES-NOMBRE-1536x1104.webp 1536w, https:\/\/soymigrante.com\/revista\/wp-content\/uploads\/2024\/02\/HERMANOS-CIFUENTES-NOMBRE-120x86.webp 120w, https:\/\/soymigrante.com\/revista\/wp-content\/uploads\/2024\/02\/HERMANOS-CIFUENTES-NOMBRE-750x539.webp 750w, https:\/\/soymigrante.com\/revista\/wp-content\/uploads\/2024\/02\/HERMANOS-CIFUENTES-NOMBRE-1140x819.webp 1140w, https:\/\/soymigrante.com\/revista\/wp-content\/uploads\/2024\/02\/HERMANOS-CIFUENTES-NOMBRE.webp 1918w\" sizes=\"(max-width: 768px) 100vw, 768px\" title=\"Hermanos migrantes: Los Hermanos Cifuentes. Juntos fundaron y conducen la compa\u00f1\u00eda CV Design and Construction, en Oklahoma.  Cada uno con su historia de retos y logros, pero con una fortaleza mayor: su fe en Dios y su uni\u00f3n familiar. Alejandra, la mayor, es abogada; Emilia, es ingeniera civil; Axel es arquitecto y Danilo tambi\u00e9n es ingeniero. \u2013 SoyMigrante.com REVISTA\" \/>\t\t\t\t\t\t\t\t\t\t\t<figcaption class=\"widget-image-caption wp-caption-text\">Hermanos migrantes: Los Hermanos Cifuentes. Juntos fundaron y conducen la compa\u00f1\u00eda CV Design and Construction, en Oklahoma.  Cada uno con su historia de retos y logros, pero con una fortaleza mayor: su fe en Dios y su uni\u00f3n familiar. Alejandra, la mayor, es abogada; Emilia, es ingeniera civil; Axel es arquitecto y Danilo tambi\u00e9n es ingeniero.<\/figcaption>\n\t\t\t\t\t\t\t\t\t\t<\/figure>\n\t\t\t\t\t\t\t\t\t<\/div>\n\t\t\t\t\t<\/div>\n\t\t<\/div>\n\t\t\t\t\t<\/div>\n\t\t<\/section>\n\t\t\t\t<section data-particle_enable=\"false\" data-particle-mobile-disabled=\"false\" class=\"elementor-section elementor-top-section elementor-element elementor-element-536b39a elementor-section-boxed elementor-section-height-default elementor-section-height-default\" data-id=\"536b39a\" data-element_type=\"section\" data-e-type=\"section\">\n\t\t\t\t\t\t<div class=\"elementor-container elementor-column-gap-default\">\n\t\t\t\t\t<div class=\"elementor-column elementor-col-100 elementor-top-column elementor-element elementor-element-c5798f7\" data-id=\"c5798f7\" data-element_type=\"column\" data-e-type=\"column\">\n\t\t\t<div class=\"elementor-widget-wrap elementor-element-populated\">\n\t\t\t\t\t\t<div class=\"elementor-element elementor-element-bca6940 elementor-widget elementor-widget-heading\" data-id=\"bca6940\" data-element_type=\"widget\" data-e-type=\"widget\" data-widget_type=\"heading.default\">\n\t\t\t\t\t<h2 class=\"elementor-heading-title elementor-size-default\">Unen talentos y crean su empresa de bienes ra\u00edces en Oklahoma<\/h2>\t\t\t\t<\/div>\n\t\t\t\t\t<\/div>\n\t\t<\/div>\n\t\t\t\t\t<\/div>\n\t\t<\/section>\n\t\t\t\t<section data-particle_enable=\"false\" data-particle-mobile-disabled=\"false\" class=\"elementor-section elementor-top-section elementor-element elementor-element-d3e36a2 elementor-section-boxed elementor-section-height-default elementor-section-height-default\" data-id=\"d3e36a2\" data-element_type=\"section\" data-e-type=\"section\">\n\t\t\t\t\t\t<div class=\"elementor-container elementor-column-gap-default\">\n\t\t\t\t\t<div class=\"elementor-column elementor-col-100 elementor-top-column elementor-element elementor-element-0625e85\" data-id=\"0625e85\" data-element_type=\"column\" data-e-type=\"column\">\n\t\t\t<div class=\"elementor-widget-wrap elementor-element-populated\">\n\t\t\t\t\t\t<div class=\"elementor-element elementor-element-7543bc0 elementor-widget elementor-widget-text-editor\" data-id=\"7543bc0\" data-element_type=\"widget\" data-e-type=\"widget\" data-widget_type=\"text-editor.default\">\n\t\t\t\t\t\t\t\t\t<p><span style=\"color: var( --e-global-color-text );\">La empresa petrolera donde trabajaba Danilo, se declar\u00f3 en quiebra. Ambos hermanos ten\u00edan ya su residencia legal, pero no ten\u00edan empleo. &#8220;Con mi hermano Axel nos pusimos a analizar opciones. El es arquitecto, yo ingeniero. <a href=\"https:\/\/www.instagram.com\/cv_design_and_construction\/?hl=es\">Fundamos CV Premium Properties.<\/a> Compramos una casa muy peque\u00f1a, toda abandonada y fea. Fea, fea la casa. Vieja. Juntos hicimos un b\u00fangalo precioso y lo vendimos. La rehicimos toda. Fue un primer \u00e9xito y as\u00ed seguimos&#8221;.<\/span><\/p><p><span style=\"color: var( --e-global-color-text );\">&#8220;Aplicamos todo aquello que nos dec\u00edan mis pap\u00e1s en la escuela, en la universidad en el trabajo: \u00a1Si vas a hacer algo, hacelo con excelencia! As\u00ed empezamos con una casa, luego otra, otra y as\u00ed los clientes vieron que les ofrec\u00edamos alta calidad. Eramos guatemaltecos compitiendo con peque\u00f1as y grandes empresas estadounidenses. Se sumaron nuestras hermanas. Alejandra que es abogada; Emilia, ingeniera civil tambi\u00e9n&#8221;, cuenta.<\/span><\/p>\t\t\t\t\t\t\t\t<\/div>\n\t\t\t\t\t<\/div>\n\t\t<\/div>\n\t\t\t\t\t<\/div>\n\t\t<\/section>\n\t\t\t\t<section data-particle_enable=\"false\" data-particle-mobile-disabled=\"false\" class=\"elementor-section elementor-top-section elementor-element elementor-element-ade0d14 elementor-section-boxed elementor-section-height-default elementor-section-height-default\" data-id=\"ade0d14\" data-element_type=\"section\" data-e-type=\"section\">\n\t\t\t\t\t\t<div class=\"elementor-container elementor-column-gap-default\">\n\t\t\t\t\t<div class=\"elementor-column elementor-col-100 elementor-top-column elementor-element elementor-element-ae3865f\" data-id=\"ae3865f\" data-element_type=\"column\" data-e-type=\"column\">\n\t\t\t<div class=\"elementor-widget-wrap elementor-element-populated\">\n\t\t\t\t\t\t<div class=\"elementor-element elementor-element-09214d9 elementor-grid-3 elementor-grid-tablet-2 elementor-grid-mobile-1 elementor-posts--thumbnail-top elementor-invisible elementor-widget elementor-widget-posts\" data-id=\"09214d9\" data-element_type=\"widget\" data-e-type=\"widget\" data-settings=\"{&quot;_animation&quot;:&quot;bounceInDown&quot;,&quot;classic_columns&quot;:&quot;3&quot;,&quot;classic_columns_tablet&quot;:&quot;2&quot;,&quot;classic_columns_mobile&quot;:&quot;1&quot;,&quot;classic_row_gap&quot;:{&quot;unit&quot;:&quot;px&quot;,&quot;size&quot;:35,&quot;sizes&quot;:[]},&quot;classic_row_gap_tablet&quot;:{&quot;unit&quot;:&quot;px&quot;,&quot;size&quot;:&quot;&quot;,&quot;sizes&quot;:[]},&quot;classic_row_gap_mobile&quot;:{&quot;unit&quot;:&quot;px&quot;,&quot;size&quot;:&quot;&quot;,&quot;sizes&quot;:[]}}\" data-widget_type=\"posts.classic\">\n\t\t\t\t<div class=\"elementor-widget-container\">\n\t\t\t\t\t\t\t<div class=\"elementor-posts-container elementor-posts elementor-posts--skin-classic elementor-grid\" role=\"list\">\n\t\t\t\t<article class=\"elementor-post elementor-grid-item post-4877 post type-post status-publish format-standard has-post-thumbnail hentry category-exitos\" role=\"listitem\">\n\t\t\t\t<a class=\"elementor-post__thumbnail__link\" href=\"https:\/\/soymigrante.com\/revista\/migrante-guatemalteca-emilia-cifuentes-ingeniera-empresaria-supera-dificultades\/\" tabindex=\"-1\" >\n\t\t\t<div class=\"elementor-post__thumbnail\"><img loading=\"lazy\" decoding=\"async\" width=\"300\" height=\"250\" src=\"https:\/\/soymigrante.com\/revista\/wp-content\/uploads\/2024\/02\/mila-300x250.webp\" class=\"attachment-medium size-medium wp-image-4878\" alt=\"\" srcset=\"https:\/\/soymigrante.com\/revista\/wp-content\/uploads\/2024\/02\/mila-300x250.webp 300w, https:\/\/soymigrante.com\/revista\/wp-content\/uploads\/2024\/02\/mila-1024x852.webp 1024w, https:\/\/soymigrante.com\/revista\/wp-content\/uploads\/2024\/02\/mila-768x639.webp 768w, https:\/\/soymigrante.com\/revista\/wp-content\/uploads\/2024\/02\/mila-750x624.webp 750w, https:\/\/soymigrante.com\/revista\/wp-content\/uploads\/2024\/02\/mila.webp 1065w\" sizes=\"(max-width: 300px) 100vw, 300px\" \/><\/div>\n\t\t<\/a>\n\t\t\t\t<div class=\"elementor-post__text\">\n\t\t\t\t<h3 class=\"elementor-post__title\">\n\t\t\t<a href=\"https:\/\/soymigrante.com\/revista\/migrante-guatemalteca-emilia-cifuentes-ingeniera-empresaria-supera-dificultades\/\" >\n\t\t\t\tEmilia Cifuentes es Mrs. Guatemala Oklahoma 2024-25 por su trayectoria y aporte\t\t\t<\/a>\n\t\t<\/h3>\n\t\t\n\t\t<a class=\"elementor-post__read-more\" href=\"https:\/\/soymigrante.com\/revista\/migrante-guatemalteca-emilia-cifuentes-ingeniera-empresaria-supera-dificultades\/\" aria-label=\"M\u00e1s informaci\u00f3n sobre Emilia Cifuentes es Mrs. Guatemala Oklahoma 2024-25 por su trayectoria y aporte\" tabindex=\"-1\" >\n\t\t\tLeer m\u00e1s \u00bb\t\t<\/a>\n\n\t\t\t\t<\/div>\n\t\t\t\t<\/article>\n\t\t\t\t<article class=\"elementor-post elementor-grid-item post-4835 post type-post status-publish format-standard has-post-thumbnail hentry category-exitos\" role=\"listitem\">\n\t\t\t\t<a class=\"elementor-post__thumbnail__link\" href=\"https:\/\/soymigrante.com\/revista\/migrante-guatemalteca-alejandra-cifuentes-asesoria-legal-fiscal-oklahoma\/\" tabindex=\"-1\" >\n\t\t\t<div class=\"elementor-post__thumbnail\"><img loading=\"lazy\" decoding=\"async\" width=\"290\" height=\"300\" src=\"https:\/\/soymigrante.com\/revista\/wp-content\/uploads\/2024\/02\/WhatsApp-Image-2024-02-15-at-5.45.02-PM-290x300.webp\" class=\"attachment-medium size-medium wp-image-4926\" alt=\"Alejandra es la mayor de los cuatro hermanos migrantes Cifuentes.\" srcset=\"https:\/\/soymigrante.com\/revista\/wp-content\/uploads\/2024\/02\/WhatsApp-Image-2024-02-15-at-5.45.02-PM-290x300.webp 290w, https:\/\/soymigrante.com\/revista\/wp-content\/uploads\/2024\/02\/WhatsApp-Image-2024-02-15-at-5.45.02-PM.webp 308w\" sizes=\"(max-width: 290px) 100vw, 290px\" \/><\/div>\n\t\t<\/a>\n\t\t\t\t<div class=\"elementor-post__text\">\n\t\t\t\t<h3 class=\"elementor-post__title\">\n\t\t\t<a href=\"https:\/\/soymigrante.com\/revista\/migrante-guatemalteca-alejandra-cifuentes-asesoria-legal-fiscal-oklahoma\/\" >\n\t\t\t\tHermanos migrantes: Alejandra Cifuentes, asesora fiscal, migratoria y de bienes ra\u00edces\t\t\t<\/a>\n\t\t<\/h3>\n\t\t\n\t\t<a class=\"elementor-post__read-more\" href=\"https:\/\/soymigrante.com\/revista\/migrante-guatemalteca-alejandra-cifuentes-asesoria-legal-fiscal-oklahoma\/\" aria-label=\"M\u00e1s informaci\u00f3n sobre Hermanos migrantes: Alejandra Cifuentes, asesora fiscal, migratoria y de bienes ra\u00edces\" tabindex=\"-1\" >\n\t\t\tLeer m\u00e1s \u00bb\t\t<\/a>\n\n\t\t\t\t<\/div>\n\t\t\t\t<\/article>\n\t\t\t\t<article class=\"elementor-post elementor-grid-item post-4817 post type-post status-publish format-standard has-post-thumbnail hentry category-exitos\" role=\"listitem\">\n\t\t\t\t<a class=\"elementor-post__thumbnail__link\" href=\"https:\/\/soymigrante.com\/revista\/migrante-guatemalteco-axel-cifuentes-oklahoma-grandes-metas-transformacion\/\" tabindex=\"-1\" >\n\t\t\t<div class=\"elementor-post__thumbnail\"><img loading=\"lazy\" decoding=\"async\" width=\"300\" height=\"300\" src=\"https:\/\/soymigrante.com\/revista\/wp-content\/uploads\/2024\/02\/cifuentes-300x300.webp\" class=\"attachment-medium size-medium wp-image-4818\" alt=\"Migrante y arquitecto guatemlteco Axel Cifuentes es el tercero de cuatro hermanos que tienen su propia compa\u00f1\u00eda de bienes ra\u00edces y construcci\u00f3n en Estados Unidos, a donde \u00e9l lleg\u00f3 en 2013 por una pasant\u00eda.\" srcset=\"https:\/\/soymigrante.com\/revista\/wp-content\/uploads\/2024\/02\/cifuentes-300x300.webp 300w, https:\/\/soymigrante.com\/revista\/wp-content\/uploads\/2024\/02\/cifuentes.webp 1080w\" sizes=\"(max-width: 300px) 100vw, 300px\" \/><\/div>\n\t\t<\/a>\n\t\t\t\t<div class=\"elementor-post__text\">\n\t\t\t\t<h3 class=\"elementor-post__title\">\n\t\t\t<a href=\"https:\/\/soymigrante.com\/revista\/migrante-guatemalteco-axel-cifuentes-oklahoma-grandes-metas-transformacion\/\" >\n\t\t\t\tHermanos migrantes: el arquitecto Axel Cifuentes remodel\u00f3 su futuro\t\t\t<\/a>\n\t\t<\/h3>\n\t\t\n\t\t<a class=\"elementor-post__read-more\" href=\"https:\/\/soymigrante.com\/revista\/migrante-guatemalteco-axel-cifuentes-oklahoma-grandes-metas-transformacion\/\" aria-label=\"M\u00e1s informaci\u00f3n sobre Hermanos migrantes: el arquitecto Axel Cifuentes remodel\u00f3 su futuro\" tabindex=\"-1\" >\n\t\t\tLeer m\u00e1s \u00bb\t\t<\/a>\n\n\t\t\t\t<\/div>\n\t\t\t\t<\/article>\n\t\t\t\t<\/div>\n\t\t\n\t\t\t\t\t\t<\/div>\n\t\t\t\t<\/div>\n\t\t\t\t\t<\/div>\n\t\t<\/div>\n\t\t\t\t\t<\/div>\n\t\t<\/section>\n\t\t\t\t<section data-particle_enable=\"false\" data-particle-mobile-disabled=\"false\" class=\"elementor-section elementor-top-section elementor-element elementor-element-be103f4 elementor-section-boxed elementor-section-height-default elementor-section-height-default\" data-id=\"be103f4\" data-element_type=\"section\" data-e-type=\"section\">\n\t\t\t\t\t\t<div class=\"elementor-container elementor-column-gap-default\">\n\t\t\t\t\t<div class=\"elementor-column elementor-col-100 elementor-top-column elementor-element elementor-element-8eb5b6e\" data-id=\"8eb5b6e\" data-element_type=\"column\" data-e-type=\"column\">\n\t\t\t<div class=\"elementor-widget-wrap elementor-element-populated\">\n\t\t\t\t\t\t<div class=\"elementor-element elementor-element-bb349fb elementor-widget elementor-widget-heading\" data-id=\"bb349fb\" data-element_type=\"widget\" data-e-type=\"widget\" data-widget_type=\"heading.default\">\n\t\t\t\t\t<h2 class=\"elementor-heading-title elementor-size-default\">Servicio a migrantes guatemaltecos<\/h2>\t\t\t\t<\/div>\n\t\t\t\t\t<\/div>\n\t\t<\/div>\n\t\t\t\t\t<\/div>\n\t\t<\/section>\n\t\t\t\t<section data-particle_enable=\"false\" data-particle-mobile-disabled=\"false\" class=\"elementor-section elementor-top-section elementor-element elementor-element-ff34090 elementor-section-boxed elementor-section-height-default elementor-section-height-default\" data-id=\"ff34090\" data-element_type=\"section\" data-e-type=\"section\">\n\t\t\t\t\t\t<div class=\"elementor-container elementor-column-gap-default\">\n\t\t\t\t\t<div class=\"elementor-column elementor-col-100 elementor-top-column elementor-element elementor-element-ee39efe\" data-id=\"ee39efe\" data-element_type=\"column\" data-e-type=\"column\">\n\t\t\t<div class=\"elementor-widget-wrap elementor-element-populated\">\n\t\t\t\t\t\t<div class=\"elementor-element elementor-element-e5f60a4 elementor-widget elementor-widget-text-editor\" data-id=\"e5f60a4\" data-element_type=\"widget\" data-e-type=\"widget\" data-widget_type=\"text-editor.default\">\n\t\t\t\t\t\t\t\t\t<p>M\u00e1s all\u00e1 de la construcci\u00f3n y venta local de casas en Oklahoma, los hermanos Cifuentes van m\u00e1s all\u00e1 y tienen varios servicios disponibles para migrantes guatemaltecos que deseen asegurar el buen uso de sus recursos ya sea en la construcci\u00f3n de viviendas, en la educaci\u00f3n de sus hijos o familiares, o en la prestaci\u00f3n de servicios m\u00e9dicos privados en el pa\u00eds.<\/p><p>&#8220;Nos dimos cuenta que muchos guatemaltecos mandan y mandan dinero a Guatemala quiz\u00e1 para construir una casa, pero cuando se dan cuenta, no hay casa ni est\u00e1 todo el dinero. O no la construyeron como quer\u00edan. Algo parecido es cuando quieren que sus hijos estudien en un colegio de calidad, pero no tienen siempre qui\u00e9n se asegure de eso. Por eso creamos un servicio especial&#8221;, relata Danilo.<\/p><p>&#8220;Tenemos un equipo en Guatemala. Nosotros administramos los proyectos y le damos cuentas al migrante.<span style=\"color: var( --e-global-color-text );\">\u00a0Le conseguimos el constructor, nos encargamos de darle seguimiento. Cada semana le mostramos el avance de su vivienda. Obviamente, nuestros aliados en Guatemala son de respeto y responsabilidad. Efect\u00faan la obra de acuerdo al plano aprobado por el migrante y con los materiales que desee. Le presentamos un cat\u00e1logo y un dise\u00f1o que se ejecuta con exactitud.&#8221;, explica. Se firma un contrato legal en EE.UU. y hay plazos, garant\u00eda de calidad.<\/span><\/p><p><span style=\"color: var( --e-global-color-text );\">&#8220;Algo similar, si quiere que sus hijos est\u00e9n en un buen colegio, le presentamos opciones. Y gestionamos la admisi\u00f3n del ni\u00f1o o ni\u00f1a, pagamos sus cuotas, proveemos sus \u00fatiles, con la aprobaci\u00f3n del migrante en EE.UU, que es quien paga el servicio. Nosotros cobramos una comisi\u00f3n por hacer esa gesti\u00f3n para que no se preocupe m\u00e1s que de aconsejar al estudiante que aprenda&#8221;.<\/span><\/p><p><span style=\"color: var( --e-global-color-text );\">El sue\u00f1o de Danilo y hermanos se sigue construyendo, pero a la vez ellos ayudan a edificar el sue\u00f1o de otros connacionales guatemaltecos. Un gana gana total.<\/span><\/p>\t\t\t\t\t\t\t\t<\/div>\n\t\t\t\t\t<\/div>\n\t\t<\/div>\n\t\t\t\t\t<\/div>\n\t\t<\/section>\n\t\t\t\t<section data-particle_enable=\"false\" data-particle-mobile-disabled=\"false\" class=\"elementor-section elementor-top-section elementor-element elementor-element-1b75b88 elementor-section-boxed elementor-section-height-default elementor-section-height-default\" data-id=\"1b75b88\" data-element_type=\"section\" data-e-type=\"section\">\n\t\t\t\t\t\t<div class=\"elementor-container elementor-column-gap-default\">\n\t\t\t\t\t<div class=\"elementor-column elementor-col-100 elementor-top-column elementor-element elementor-element-8591bb0\" data-id=\"8591bb0\" data-element_type=\"column\" data-e-type=\"column\">\n\t\t\t<div class=\"elementor-widget-wrap elementor-element-populated\">\n\t\t\t\t\t\t<div class=\"elementor-element elementor-element-46a4eb6 elementor-widget elementor-widget-heading\" data-id=\"46a4eb6\" data-element_type=\"widget\" data-e-type=\"widget\" data-widget_type=\"heading.default\">\n\t\t\t\t\t<h2 class=\"elementor-heading-title elementor-size-default\">Quiz\u00e1 tambi\u00e9n podr\u00eda interesarle <\/h2>\t\t\t\t<\/div>\n\t\t\t\t\t<\/div>\n\t\t<\/div>\n\t\t\t\t\t<\/div>\n\t\t<\/section>\n\t\t\t\t<section data-particle_enable=\"false\" data-particle-mobile-disabled=\"false\" class=\"elementor-section elementor-top-section elementor-element elementor-element-e0864b7 elementor-section-boxed elementor-section-height-default elementor-section-height-default\" data-id=\"e0864b7\" data-element_type=\"section\" data-e-type=\"section\">\n\t\t\t\t\t\t<div class=\"elementor-container elementor-column-gap-default\">\n\t\t\t\t\t<div class=\"elementor-column elementor-col-100 elementor-top-column elementor-element elementor-element-fe50366\" data-id=\"fe50366\" data-element_type=\"column\" data-e-type=\"column\">\n\t\t\t<div class=\"elementor-widget-wrap elementor-element-populated\">\n\t\t\t\t\t\t<div class=\"elementor-element elementor-element-ca8254f elementor-widget elementor-widget-blfe-post-grid\" data-id=\"ca8254f\" data-element_type=\"widget\" data-e-type=\"widget\" data-settings=\"{&quot;columns&quot;:&quot;3&quot;,&quot;columns_tablet&quot;:&quot;6&quot;,&quot;columns_mobile&quot;:&quot;12&quot;,&quot;hero1_layout_column_gap&quot;:{&quot;unit&quot;:&quot;px&quot;,&quot;size&quot;:30,&quot;sizes&quot;:[]},&quot;hero1_layout_column_gap_tablet&quot;:{&quot;unit&quot;:&quot;px&quot;,&quot;size&quot;:&quot;&quot;,&quot;sizes&quot;:[]},&quot;hero1_layout_column_gap_mobile&quot;:{&quot;unit&quot;:&quot;px&quot;,&quot;size&quot;:&quot;&quot;,&quot;sizes&quot;:[]},&quot;hero1_layout_row_gap&quot;:{&quot;unit&quot;:&quot;px&quot;,&quot;size&quot;:30,&quot;sizes&quot;:[]},&quot;hero1_layout_row_gap_tablet&quot;:{&quot;unit&quot;:&quot;px&quot;,&quot;size&quot;:&quot;&quot;,&quot;sizes&quot;:[]},&quot;hero1_layout_row_gap_mobile&quot;:{&quot;unit&quot;:&quot;px&quot;,&quot;size&quot;:&quot;&quot;,&quot;sizes&quot;:[]}}\" data-widget_type=\"blfe-post-grid.hero1\">\n\t\t\t\t<div class=\"elementor-widget-container\">\n\t\t\t\t\t\n                        <div class=\"blfe-post-grid-container \">\n            \n                <div data-skin=\"hero1\" class=\"blfe-row blfe-posts-inner blfe-hero1 blfe-posts-inner blfe-col-3 blfe-col-tab-6 blfe-col-mob-12     \">\n                            <div class=\"blfe-post-grid-item\">\n            <div class=\"blfe-post-grid-item-inner blfe-modern-zoom\">\n                        <div class=\"blfe-post-grid-bg-image\">\n            <a class=\"blfe-post-grid-image-inner\" href=\"https:\/\/soymigrante.com\/revista\/diez-estrategias-para-ayudar-a-tu-hija-a-ser-una-mujer-empoderada\/\" title=\"Diez estrategias para ayudar a tu hija a ser una mujer empoderada\" rel=\"nofollow\" target=\"_blank\"><img decoding=\"async\" src=\"https:\/\/soymigrante.com\/revista\/wp-content\/uploads\/2024\/10\/madre-hija-empoderada.webp\" alt=\"Diez estrategias para ayudar a tu hija a ser una mujer empoderada\"\/><\/a>        <\/div>\n                        <div class=\"blfe-post-grid-details\">\n                    <div class=\"blfe-post-grid-details-inner\">\n                        <span class=\"blfe-post-category\"><a href=\"https:\/\/soymigrante.com\/revista\/category\/bienestar\/\">Bienestar<\/a><\/span>                        <h3 class=\"blfe-post-grid-title\">\n            <a href=\"https:\/\/soymigrante.com\/revista\/diez-estrategias-para-ayudar-a-tu-hija-a-ser-una-mujer-empoderada\/\" title=\"Diez estrategias para ayudar a tu hija a ser una mujer empoderada\" rel=\"nofollow\" target=\"_blank\">Diez estrategias para ayudar a tu hija a ser una mujer empoderada<\/a>\n            <\/h3>                                                            <div class=\"blfe-post-grid-meta\">\n                <span class=\"blfe-post-grid-author\"><i class=\"fa fa-user far fa-user\"><\/i>by <a href=\"https:\/\/soymigrante.com\/revista\/author\/beatriz-tercero\/\">Beatriz Tercero<\/a><\/span>                    <div class=\"blfe-post-meta-dot\"><\/div>\n                    <span class=\"blfe-post-grid-date\"><i class=\"fa fa-calendar-alt far fa-calendar-alt\"><\/i>09\/10\/2024<\/span>                    <div class=\"blfe-post-meta-dot\"><\/div>\n                                <\/div>\n                                                        <\/div>\n                <\/div>\n\n            <\/div>\n        <\/div>\n                <div class=\"blfe-post-grid-item\">\n            <div class=\"blfe-post-grid-item-inner blfe-modern-zoom\">\n                        <div class=\"blfe-post-grid-bg-image\">\n            <a class=\"blfe-post-grid-image-inner\" href=\"https:\/\/soymigrante.com\/revista\/cinco-de-las-carreras-con-mas-futuro-para-los-jovenes-en-la-actualidad\/\" title=\"Cinco de las carreras con m\u00e1s futuro para los j\u00f3venes en la actualidad\" rel=\"nofollow\" target=\"_blank\"><img decoding=\"async\" src=\"https:\/\/soymigrante.com\/revista\/wp-content\/uploads\/2025\/04\/Las-5-carreras-con-mas-futuro-para-los-jovenes-hoy-en-dia1-e1744131122311.webp\" alt=\"Cinco de las carreras con m\u00e1s futuro para los j\u00f3venes en la actualidad\"\/><\/a>        <\/div>\n                        <div class=\"blfe-post-grid-details\">\n                    <div class=\"blfe-post-grid-details-inner\">\n                        <span class=\"blfe-post-category\"><a href=\"https:\/\/soymigrante.com\/revista\/category\/bienestar\/\">Bienestar<\/a><\/span>                        <h3 class=\"blfe-post-grid-title\">\n            <a href=\"https:\/\/soymigrante.com\/revista\/cinco-de-las-carreras-con-mas-futuro-para-los-jovenes-en-la-actualidad\/\" title=\"Cinco de las carreras con m\u00e1s futuro para los j\u00f3venes en la actualidad\" rel=\"nofollow\" target=\"_blank\">Cinco de las carreras con m\u00e1s futuro para los j\u00f3venes en la actualidad<\/a>\n            <\/h3>                                                            <div class=\"blfe-post-grid-meta\">\n                <span class=\"blfe-post-grid-author\"><i class=\"fa fa-user far fa-user\"><\/i>by <a href=\"https:\/\/soymigrante.com\/revista\/author\/marysabel-aldana\/\">Marysabel Aldana<\/a><\/span>                    <div class=\"blfe-post-meta-dot\"><\/div>\n                    <span class=\"blfe-post-grid-date\"><i class=\"fa fa-calendar-alt far fa-calendar-alt\"><\/i>11\/04\/2025<\/span>                    <div class=\"blfe-post-meta-dot\"><\/div>\n                                <\/div>\n                                                        <\/div>\n                <\/div>\n\n            <\/div>\n        <\/div>\n                <div class=\"blfe-post-grid-item\">\n            <div class=\"blfe-post-grid-item-inner blfe-modern-zoom\">\n                        <div class=\"blfe-post-grid-bg-image\">\n            <a class=\"blfe-post-grid-image-inner\" href=\"https:\/\/soymigrante.com\/revista\/siete-recomendaciones-para-elaborar-un-presupuesto-y-no-gastar-de-mas\/\" title=\"Siete recomendaciones para elaborar un presupuesto y no gastar de m\u00e1s\" rel=\"nofollow\" target=\"_blank\"><img decoding=\"async\" src=\"https:\/\/soymigrante.com\/revista\/wp-content\/uploads\/2024\/09\/Recomendaciones-para-hacer-un-presupuesto-y-no-gastar-de-mas-e1725403512406.webp\" alt=\"Siete recomendaciones para elaborar un presupuesto y no gastar de m\u00e1s\"\/><\/a>        <\/div>\n                        <div class=\"blfe-post-grid-details\">\n                    <div class=\"blfe-post-grid-details-inner\">\n                        <span class=\"blfe-post-category\"><a href=\"https:\/\/soymigrante.com\/revista\/category\/bienestar\/\">Bienestar<\/a><\/span>                        <h3 class=\"blfe-post-grid-title\">\n            <a href=\"https:\/\/soymigrante.com\/revista\/siete-recomendaciones-para-elaborar-un-presupuesto-y-no-gastar-de-mas\/\" title=\"Siete recomendaciones para elaborar un presupuesto y no gastar de m\u00e1s\" rel=\"nofollow\" target=\"_blank\">Siete recomendaciones para elaborar un presupuesto y no gastar de m\u00e1s<\/a>\n            <\/h3>                                                            <div class=\"blfe-post-grid-meta\">\n                <span class=\"blfe-post-grid-author\"><i class=\"fa fa-user far fa-user\"><\/i>by <a href=\"https:\/\/soymigrante.com\/revista\/author\/marysabel-aldana\/\">Marysabel Aldana<\/a><\/span>                    <div class=\"blfe-post-meta-dot\"><\/div>\n                    <span class=\"blfe-post-grid-date\"><i class=\"fa fa-calendar-alt far fa-calendar-alt\"><\/i>03\/01\/2025<\/span>                    <div class=\"blfe-post-meta-dot\"><\/div>\n                                <\/div>\n                                                        <\/div>\n                <\/div>\n\n            <\/div>\n        <\/div>\n                        <\/div>\n\n                        <\/div>\n            \n                        <div class=\"blfe-post-footer\">\n                        <\/div>\n            \t\t\t\t<\/div>\n\t\t\t\t<\/div>\n\t\t\t\t\t<\/div>\n\t\t<\/div>\n\t\t\t\t\t<\/div>\n\t\t<\/section>\n\t\t\t\t<\/div>\n\t\t","protected":false},"excerpt":{"rendered":"<p>El ingeniero Danilo Cifuentes dirige la exitosa compa\u00f1\u00eda de bienes ra\u00edces CV Premium Properties en Oklahoma junto a sus hermanos migrantes. Pero no ocurri\u00f3 de<\/p>\n","protected":false},"author":7,"featured_media":4869,"comment_status":"open","ping_status":"open","sticky":false,"template":"","format":"standard","meta":{"_acf_changed":false,"_eb_attr":"","footnotes":""},"categories":[50],"tags":[],"class_list":["post-4863","post","type-post","status-publish","format-standard","has-post-thumbnail","hentry","category-exitos"],"acf":[],"aioseo_notices":[],"aioseo_head":"\n\t\t<!-- All in One SEO Pro 4.9.6.2 - aioseo.com -->\n\t<meta name=\"description\" content=\"Si deseas crear un presupuesto personal eficaz, funcional y visionario, comienza con estos pasos para evitar gastos en exceso o estar en peligro de endeudarte por calcular mal los ingresos. La mayor\u00eda de las personas necesita una manera de ver ad\u00f3nde va su dinero cada mes. Un presupuesto puede ayudarle a sentir que tiene mejor\" \/>\n\t<meta name=\"robots\" content=\"max-snippet:-1, max-image-preview:large, max-video-preview:-1\" \/>\n\t<meta name=\"author\" content=\"Gustavo Montenegro\"\/>\n\t<link rel=\"canonical\" href=\"https:\/\/soymigrante.com\/revista\/migrante-guatemalteco-danilo-cifuentes-ingeniero-constructor-empresario-oklahoma\/\" \/>\n\t<meta name=\"generator\" content=\"All in One SEO Pro (AIOSEO) 4.9.6.2\" \/>\n\n\t\t<link rel=\"preconnect\" href=\"https:\/\/fonts.googleapis.com\" crossorigin>\n<link rel=\"preconnect\" href=\"https:\/\/fonts.gstatic.com\" crossorigin>\n\t\t<meta property=\"og:locale\" content=\"es_ES\" \/>\n\t\t<meta property=\"og:site_name\" content=\"SoyMigrante.com REVISTA \u2013 Nuestra misi\u00f3n es reconocer y dignificar al migrante.\" \/>\n\t\t<meta property=\"og:type\" content=\"article\" \/>\n\t\t<meta property=\"og:title\" content=\"Hermanos migrantes: Danilo Cifuentes convirti\u00f3 la crisis en cimiento para construir\" \/>\n\t\t<meta property=\"og:description\" content=\"El ingeniero Danilo Cifuentes dirige la exitosa compa\u00f1\u00eda de bienes ra\u00edces CV Premium Properties en Oklahoma junto a sus hermanos migrantes. Pero no ocurri\u00f3 de la noche a la ma\u00f1ana, requiri\u00f3 de duro trabajo y de superar una dif\u00edcil prueba. As\u00ed lo relata. Todo era perfecto: Danilo Cifuentes, un ingeniero civil exitoso en Guatemala consigue\" \/>\n\t\t<meta property=\"og:url\" content=\"https:\/\/soymigrante.com\/revista\/migrante-guatemalteco-danilo-cifuentes-ingeniero-constructor-empresario-oklahoma\/\" \/>\n\t\t<meta property=\"og:image\" content=\"https:\/\/soymigrante.com\/revista\/wp-content\/uploads\/2024\/02\/danilo-ifuentes-23.webp\" \/>\n\t\t<meta property=\"og:image:secure_url\" content=\"https:\/\/soymigrante.com\/revista\/wp-content\/uploads\/2024\/02\/danilo-ifuentes-23.webp\" \/>\n\t\t<meta property=\"og:image:width\" content=\"1366\" \/>\n\t\t<meta property=\"og:image:height\" content=\"1366\" \/>\n\t\t<meta property=\"article:published_time\" content=\"2024-02-14T05:15:12+00:00\" \/>\n\t\t<meta property=\"article:modified_time\" content=\"2024-11-01T20:35:18+00:00\" \/>\n\t\t<meta property=\"article:publisher\" content=\"https:\/\/www.facebook.com\/soymigrantecom\" \/>\n\t\t<meta name=\"twitter:card\" content=\"summary_large_image\" \/>\n\t\t<meta name=\"twitter:site\" content=\"@SoyMigrante_com\" \/>\n\t\t<meta name=\"twitter:title\" content=\"Hermanos migrantes: Danilo Cifuentes convirti\u00f3 la crisis en cimiento para construir\" \/>\n\t\t<meta name=\"twitter:description\" content=\"El ingeniero Danilo Cifuentes dirige la exitosa compa\u00f1\u00eda de bienes ra\u00edces CV Premium Properties en Oklahoma junto a sus hermanos migrantes. Pero no ocurri\u00f3 de la noche a la ma\u00f1ana, requiri\u00f3 de duro trabajo y de superar una dif\u00edcil prueba. As\u00ed lo relata. Todo era perfecto: Danilo Cifuentes, un ingeniero civil exitoso en Guatemala consigue\" \/>\n\t\t<meta name=\"twitter:creator\" content=\"@SoyMigrante_com\" \/>\n\t\t<meta name=\"twitter:image\" content=\"https:\/\/soymigrante.com\/revista\/wp-content\/uploads\/2024\/02\/danilo-ifuentes-23.webp\" \/>\n\t\t<!-- All in One SEO Pro -->\r\n\t\t<title>Hermanos migrantes: Danilo Cifuentes convirti\u00f3 la crisis en cimiento para construir<\/title>\n\n","aioseo_head_json":{"title":"Hermanos migrantes: Danilo Cifuentes convirti\u00f3 la crisis en cimiento para construir","description":"El ingeniero Danilo Cifuentes dirige la exitosa compa\u00f1\u00eda de bienes ra\u00edces CV Premium Properties en Oklahoma junto a sus hermanos migrantes. Pero no ocurri\u00f3 de la noche a la ma\u00f1ana, requiri\u00f3 de duro trabajo y de superar una dif\u00edcil prueba. As\u00ed lo relata. Todo era perfecto: Danilo Cifuentes, un ingeniero civil exitoso en Guatemala consigue","canonical_url":"https:\/\/soymigrante.com\/revista\/migrante-guatemalteco-danilo-cifuentes-ingeniero-constructor-empresario-oklahoma\/","robots":"max-snippet:-1, max-image-preview:large, max-video-preview:-1","keywords":"","webmasterTools":{"miscellaneous":"&lt;link rel=\"preconnect\" href=\"https:\/\/fonts.googleapis.com\" crossorigin&gt;\n&lt;link rel=\"preconnect\" href=\"https:\/\/fonts.gstatic.com\" crossorigin&gt;"},"schema":null,"og:locale":"es_ES","og:site_name":"SoyMigrante.com REVISTA \u2013 Nuestra misi\u00f3n es reconocer y dignificar al migrante.","og:type":"article","og:title":"Hermanos migrantes: Danilo Cifuentes convirti\u00f3 la crisis en cimiento para construir","og:description":"El ingeniero Danilo Cifuentes dirige la exitosa compa\u00f1\u00eda de bienes ra\u00edces CV Premium Properties en Oklahoma junto a sus hermanos migrantes. Pero no ocurri\u00f3 de la noche a la ma\u00f1ana, requiri\u00f3 de duro trabajo y de superar una dif\u00edcil prueba. As\u00ed lo relata. Todo era perfecto: Danilo Cifuentes, un ingeniero civil exitoso en Guatemala consigue","og:url":"https:\/\/soymigrante.com\/revista\/migrante-guatemalteco-danilo-cifuentes-ingeniero-constructor-empresario-oklahoma\/","og:image":"https:\/\/soymigrante.com\/revista\/wp-content\/uploads\/2024\/02\/danilo-ifuentes-23.webp","og:image:secure_url":"https:\/\/soymigrante.com\/revista\/wp-content\/uploads\/2024\/02\/danilo-ifuentes-23.webp","og:image:width":1366,"og:image:height":1366,"article:published_time":"2024-02-14T05:15:12+00:00","article:modified_time":"2024-11-01T20:35:18+00:00","article:publisher":"https:\/\/www.facebook.com\/soymigrantecom","twitter:card":"summary_large_image","twitter:site":"@SoyMigrante_com","twitter:title":"Hermanos migrantes: Danilo Cifuentes convirti\u00f3 la crisis en cimiento para construir","twitter:description":"El ingeniero Danilo Cifuentes dirige la exitosa compa\u00f1\u00eda de bienes ra\u00edces CV Premium Properties en Oklahoma junto a sus hermanos migrantes. Pero no ocurri\u00f3 de la noche a la ma\u00f1ana, requiri\u00f3 de duro trabajo y de superar una dif\u00edcil prueba. As\u00ed lo relata. Todo era perfecto: Danilo Cifuentes, un ingeniero civil exitoso en Guatemala consigue","twitter:creator":"@SoyMigrante_com","twitter:image":"https:\/\/soymigrante.com\/revista\/wp-content\/uploads\/2024\/02\/danilo-ifuentes-23.webp"},"aioseo_meta_data":{"post_id":"4863","title":null,"description":null,"keywords":[],"keyphrases":{"focus":{"keyphrase":"Migrantes","score":63,"analysis":{"keyphraseInTitle":{"score":9,"maxScore":9,"error":0},"keyphraseInDescription":{"score":9,"maxScore":9,"error":0},"keyphraseLength":{"score":9,"maxScore":9,"error":0,"length":1},"keyphraseInURL":{"score":1,"maxScore":5,"error":1},"keyphraseInIntroduction":{"score":3,"maxScore":9,"error":1},"keyphraseInSubHeadings":{"score":3,"maxScore":9,"error":1},"keyphraseInImageAlt":{"score":9,"maxScore":9,"error":0},"keywordDensity":{"score":0,"type":"low","maxScore":9,"error":1}}},"additional":[]},"primary_term":null,"canonical_url":null,"og_title":null,"og_description":null,"og_object_type":"default","og_image_type":"default","og_image_url":null,"og_image_width":null,"og_image_height":null,"og_image_custom_url":null,"og_image_custom_fields":null,"og_video":"","og_custom_url":null,"og_article_section":null,"og_article_tags":[],"twitter_use_og":false,"twitter_card":"default","twitter_image_type":"default","twitter_image_url":null,"twitter_image_custom_url":null,"twitter_image_custom_fields":null,"twitter_title":null,"twitter_description":null,"schema":{"blockGraphs":[],"customGraphs":[],"default":{"data":{"Article":[],"Course":[],"Dataset":[],"FAQPage":[],"Movie":[],"Person":[],"Product":[],"ProductReview":[],"Car":[],"Recipe":[],"Service":[],"SoftwareApplication":[],"WebPage":[]},"graphName":"BlogPosting","isEnabled":true},"graphs":[]},"schema_type":"default","schema_type_options":null,"pillar_content":false,"robots_default":true,"robots_noindex":false,"robots_noarchive":false,"robots_nosnippet":false,"robots_nofollow":false,"robots_noimageindex":false,"robots_noodp":false,"robots_notranslate":false,"robots_max_snippet":"-1","robots_max_videopreview":"-1","robots_max_imagepreview":"large","priority":null,"frequency":"default","local_seo":null,"seo_analyzer_scan_date":"2025-10-08 21:09:25","breadcrumb_settings":null,"limit_modified_date":false,"reviewed_by":null,"open_ai":null,"ai":null,"created":"2024-02-14 04:14:55","updated":"2026-02-04 10:53:49"},"aioseo_breadcrumb":"<div class=\"aioseo-breadcrumbs\"><span class=\"aioseo-breadcrumb\">\n\t<a href=\"https:\/\/soymigrante.com\/revista\" title=\"Home\">Home<\/a>\n<\/span><span class=\"aioseo-breadcrumb-separator\">\u00bb<\/span><span class=\"aioseo-breadcrumb\">\n\t<a href=\"https:\/\/soymigrante.com\/revista\/category\/exitos\/\" title=\"\u00c9xitos\">\u00c9xitos<\/a>\n<\/span><span class=\"aioseo-breadcrumb-separator\">\u00bb<\/span><span class=\"aioseo-breadcrumb\">\n\tHermanos migrantes: Danilo Cifuentes convirti\u00f3 la crisis en cimiento para construir\n<\/span><\/div>","aioseo_breadcrumb_json":[{"label":"Home","link":"https:\/\/soymigrante.com\/revista"},{"label":"\u00c9xitos","link":"https:\/\/soymigrante.com\/revista\/category\/exitos\/"},{"label":"Hermanos migrantes: Danilo Cifuentes convirti\u00f3 la crisis en cimiento para construir","link":"https:\/\/soymigrante.com\/revista\/migrante-guatemalteco-danilo-cifuentes-ingeniero-constructor-empresario-oklahoma\/"}],"_links":{"self":[{"href":"https:\/\/soymigrante.com\/revista\/wp-json\/wp\/v2\/posts\/4863","targetHints":{"allow":["GET"]}}],"collection":[{"href":"https:\/\/soymigrante.com\/revista\/wp-json\/wp\/v2\/posts"}],"about":[{"href":"https:\/\/soymigrante.com\/revista\/wp-json\/wp\/v2\/types\/post"}],"author":[{"embeddable":true,"href":"https:\/\/soymigrante.com\/revista\/wp-json\/wp\/v2\/users\/7"}],"replies":[{"embeddable":true,"href":"https:\/\/soymigrante.com\/revista\/wp-json\/wp\/v2\/comments?post=4863"}],"version-history":[{"count":0,"href":"https:\/\/soymigrante.com\/revista\/wp-json\/wp\/v2\/posts\/4863\/revisions"}],"wp:featuredmedia":[{"embeddable":true,"href":"https:\/\/soymigrante.com\/revista\/wp-json\/wp\/v2\/media\/4869"}],"wp:attachment":[{"href":"https:\/\/soymigrante.com\/revista\/wp-json\/wp\/v2\/media?parent=4863"}],"wp:term":[{"taxonomy":"category","embeddable":true,"href":"https:\/\/soymigrante.com\/revista\/wp-json\/wp\/v2\/categories?post=4863"},{"taxonomy":"post_tag","embeddable":true,"href":"https:\/\/soymigrante.com\/revista\/wp-json\/wp\/v2\/tags?post=4863"}],"curies":[{"name":"wp","href":"https:\/\/api.w.org\/{rel}","templated":true}]}}