{"id":48623,"date":"2025-11-15T11:10:57","date_gmt":"2025-11-15T17:10:57","guid":{"rendered":"https:\/\/soymigrante.com\/revista\/?p=48623"},"modified":"2025-11-15T11:11:05","modified_gmt":"2025-11-15T17:11:05","slug":"contundente-mensaje-en-defensa-de-los-migrantes-emiten-los-obispos-catolicos-de-estados-unidos","status":"publish","type":"post","link":"https:\/\/soymigrante.com\/revista\/contundente-mensaje-en-defensa-de-los-migrantes-emiten-los-obispos-catolicos-de-estados-unidos\/","title":{"rendered":"Contundente mensaje en defensa de los migrantes emiten los obispos cat\u00f3licos de Estados Unidos"},"content":{"rendered":"\t\t<div data-elementor-type=\"wp-post\" data-elementor-id=\"48623\" class=\"elementor elementor-48623\" data-elementor-post-type=\"post\">\n\t\t\t\t<div data-particle_enable=\"false\" data-particle-mobile-disabled=\"false\" class=\"elementor-element elementor-element-030e3d2 e-flex e-con-boxed e-con e-parent\" data-id=\"030e3d2\" data-element_type=\"container\" data-e-type=\"container\">\n\t\t\t\t\t<div class=\"e-con-inner\">\n\t\t\t\t<div class=\"elementor-element elementor-element-a951cd7 elementor-widget elementor-widget-heading\" data-id=\"a951cd7\" data-element_type=\"widget\" data-e-type=\"widget\" data-widget_type=\"heading.default\">\n\t\t\t\t\t<h2 class=\"elementor-heading-title elementor-size-default\">En su plenaria de oto\u00f1o, la Conferencia de Obispos Cat\u00f3licos de Estados Unidos aprob\u00f3 con 216 votos un mensaje especial para expresar su preocupaci\u00f3n por abusos y perfilaci\u00f3n racial en operativos antimigrantes.<\/h2>\t\t\t\t<\/div>\n\t\t\t\t\t<\/div>\n\t\t\t\t<\/div>\n\t\t<div data-particle_enable=\"false\" data-particle-mobile-disabled=\"false\" class=\"elementor-element elementor-element-965a6f6 e-flex e-con-boxed e-con e-parent\" data-id=\"965a6f6\" data-element_type=\"container\" data-e-type=\"container\">\n\t\t\t\t\t<div class=\"e-con-inner\">\n\t\t\t\t<div class=\"elementor-element elementor-element-763effc elementor-widget elementor-widget-text-editor\" data-id=\"763effc\" data-element_type=\"widget\" data-e-type=\"widget\" data-widget_type=\"text-editor.default\">\n\t\t\t\t\t\t\t\t\t<p>Por primera vez en 12 a\u00f1os, la Conferencia de <a href=\"https:\/\/soymigrante.com\/revista\/obispos-de-ee-uu-entregan-cartas-de-migrantes-al-papa-leon\/\">Obispos de los Estados Unidos<\/a> aprueba un mensaje especial urgente para se\u00f1alar y denunciar una situaci\u00f3n que, en consenso, consideran que atenta contra principios cristianos y golpean a las comunidades de ese pa\u00eds: los operativos y redadas contra migrantes; llaman a una reforma migratoria integral y piden que no se siga separando a familias.<\/p><p>Algunos <a href=\"https:\/\/soymigrante.com\/revista\/arzobispo-de-miami-sale-en-defensa-de-los-migrantes-y-pide-respeto-a-su-dignidad\/\">obispos ya han hecho pronunciamientos<\/a>, pero esta es la primera vez que en pleno, la m\u00e1xima jerarqu\u00eda cat\u00f3lica en USA se pronuncia sobre este tema, siguiendo la indicaci\u00f3n del <a href=\"https:\/\/soymigrante.com\/revista\/leon-xiv-tiene-perfil-multicultural-y-migrante-es-el-primer-papa-nacido-en-estados-unidos-y-nacionalizado-peruano\/\">Papa Le\u00f3n XIV, nacido en Chicago y quien ha mostrado cercan\u00eda con los migrantes.<\/a><\/p>\t\t\t\t\t\t\t\t<\/div>\n\t\t\t\t\t<\/div>\n\t\t\t\t<\/div>\n\t\t<div data-particle_enable=\"false\" data-particle-mobile-disabled=\"false\" class=\"elementor-element elementor-element-1b2408c e-flex e-con-boxed e-con e-parent\" data-id=\"1b2408c\" data-element_type=\"container\" data-e-type=\"container\">\n\t\t\t\t\t<div class=\"e-con-inner\">\n\t\t\t\t<div class=\"elementor-element elementor-element-3d1c6fb elementor-widget elementor-widget-image\" data-id=\"3d1c6fb\" data-element_type=\"widget\" data-e-type=\"widget\" data-widget_type=\"image.default\">\n\t\t\t\t\t\t\t\t\t\t\t\t<figure class=\"wp-caption\">\n\t\t\t\t\t\t\t\t\t\t<img fetchpriority=\"high\" decoding=\"async\" width=\"1140\" height=\"760\" src=\"https:\/\/soymigrante.com\/revista\/wp-content\/uploads\/2025\/11\/obispos-usa-en-baltimore-comunicado-migrantes-1140x760.jpg\" class=\"attachment-large size-large wp-image-48628\" alt=\"Imagen de todos los obispos de la Iglesia Cat\u00f3lica de Estados Unidos reunidos en Baltimore. Durante esta plenaria el tema de abusos en operativos contra migrantes fue el centro de la discusi\u00f3n y llev\u00f3 a crear un pronunciamiento, que fue aprobado casi por unanimidad.\" srcset=\"https:\/\/soymigrante.com\/revista\/wp-content\/uploads\/2025\/11\/obispos-usa-en-baltimore-comunicado-migrantes-1140x760.jpg 1140w, https:\/\/soymigrante.com\/revista\/wp-content\/uploads\/2025\/11\/obispos-usa-en-baltimore-comunicado-migrantes-300x200.jpg 300w, https:\/\/soymigrante.com\/revista\/wp-content\/uploads\/2025\/11\/obispos-usa-en-baltimore-comunicado-migrantes-768x512.jpg 768w, https:\/\/soymigrante.com\/revista\/wp-content\/uploads\/2025\/11\/obispos-usa-en-baltimore-comunicado-migrantes-1536x1024.jpg 1536w, https:\/\/soymigrante.com\/revista\/wp-content\/uploads\/2025\/11\/obispos-usa-en-baltimore-comunicado-migrantes-750x500.jpg 750w, https:\/\/soymigrante.com\/revista\/wp-content\/uploads\/2025\/11\/obispos-usa-en-baltimore-comunicado-migrantes.jpg 2048w\" sizes=\"(max-width: 1140px) 100vw, 1140px\" title=\"Imagen de todos los obispos de la Iglesia Cat\u00f3lica de Estados Unidos reunidos en Baltimore. Durante esta plenaria el tema de abusos en operativos contra migrantes fue el centro de la discusi\u00f3n y llev\u00f3 a crear un pronunciamiento, que fue aprobado casi por unanimidad. \u2013 SoyMigrante.com REVISTA\" \/>\t\t\t\t\t\t\t\t\t\t\t<figcaption class=\"widget-image-caption wp-caption-text\">Imagen de todos los obispos de la Iglesia Cat\u00f3lica de Estados Unidos reunidos en Baltimore. Durante esta plenaria el tema de abusos en operativos contra migrantes fue el centro de la discusi\u00f3n y llev\u00f3 a crear un pronunciamiento, que fue aprobado casi por unanimidad.<\/figcaption>\n\t\t\t\t\t\t\t\t\t\t<\/figure>\n\t\t\t\t\t\t\t\t\t<\/div>\n\t\t\t\t\t<\/div>\n\t\t\t\t<\/div>\n\t\t<div data-particle_enable=\"false\" data-particle-mobile-disabled=\"false\" class=\"elementor-element elementor-element-f1b3946 e-flex e-con-boxed e-con e-parent\" data-id=\"f1b3946\" data-element_type=\"container\" data-e-type=\"container\">\n\t\t\t\t\t<div class=\"e-con-inner\">\n\t\t\t\t<div class=\"elementor-element elementor-element-f5c7c69 elementor-widget elementor-widget-heading\" data-id=\"f5c7c69\" data-element_type=\"widget\" data-e-type=\"widget\" data-widget_type=\"heading.default\">\n\t\t\t\t\t<h3 class=\"elementor-heading-title elementor-size-default\">Obispos deploran prejuicios y clima de temor<\/h3>\t\t\t\t<\/div>\n\t\t\t\t\t<\/div>\n\t\t\t\t<\/div>\n\t\t<div data-particle_enable=\"false\" data-particle-mobile-disabled=\"false\" class=\"elementor-element elementor-element-039ce63 e-flex e-con-boxed e-con e-parent\" data-id=\"039ce63\" data-element_type=\"container\" data-e-type=\"container\">\n\t\t\t\t\t<div class=\"e-con-inner\">\n\t\t\t\t<div class=\"elementor-element elementor-element-037de66 elementor-widget elementor-widget-text-editor\" data-id=\"037de66\" data-element_type=\"widget\" data-e-type=\"widget\" data-widget_type=\"text-editor.default\">\n\t\t\t\t\t\t\t\t\t<p>Aprobado con 216 votos a favor, 5 en contra y 3 abstenciones,<a href=\"http:\/\/accounts.google.com\/restart?authuser=0&amp;continue=https%3A%2F%2Fmail.google.com%2Fmail%2Fu%2F0%2F&amp;dsh=S-1642530070%3A1749529404589724&amp;emr=1&amp;flowEntry=ServiceLogin&amp;flowName=GlifWebSignIn&amp;followup=https%3A%2F%2Fmail.google.com%2Fmail%2Fu%2F0%2F&amp;ifkv=AdBytiMaSRLcXQ0A3IUMBKIy3R_Ph49dUA_3F63wsw6dXgHddQelGT_1UyIsM5WZPsK5jk5AbOjqpg&amp;osid=1&amp;service=mail\"> los obispos de Estados Unidos, reunidos en Baltimore, durante su plenaria de oto\u00f1o emitieron el pronunciamiento<\/a> en el cual resaltan estos puntos:<\/p><ul><li>Como pastores, los obispos de los Estados Unidos&#8230; <b>Nos inquieta ver en nuestras comunidades un clima de temor y ansiedad<\/b> ante las pr\u00e1cticas de perfilamiento y la aplicaci\u00f3n de las leyes migratorias.\u00a0<\/li><li>Nos entristece profundamente el tono que ha adoptado el debate contempor\u00e1neo<b> y la creciente denigraci\u00f3n de los inmigrantes.\u00a0<\/b><\/li><li>Nos <b>preocupan las condiciones en los centros de detenci\u00f3n<\/b> y la falta de acceso a una atenci\u00f3n pastoral adecuada. Lamentamos que algunos inmigrantes que viven en los Estados Unidos han perdido su estatus migratorio de manera arbitraria.\u00a0<\/li><li>Nos preocupan<b> las amenazas contra la santidad de los lugares de cult<\/b>o, y el car\u00e1cter especial de los hospitales y las escuelas.\u00a0<\/li><li>Nos entristece profundamente cuando nos encontramos con<b> padres que temen ser detenidos al llevar a sus hijos a la escuela o cuando intentamos consolar a familiares que ya han sido separados de sus seres queridos.\u00a0<\/b><\/li><li>A pesar de los obst\u00e1culos y prejuicios, por generaciones,<a href=\"https:\/\/soymigrante.com\/revista\/migrantes-indocumentados-aportan-us100-mil-millones-en-impuestos-a-estados-unidos\/\"> los inmigrantes han contribuido inmensamente al bienestar de nuestra naci\u00f3n.<\/a> Como obispos cat\u00f3licos, profesamos nuestro amor por nuestro pa\u00eds y oramos por su paz y prosperidad.\u00a0 Por este preciso motivo nos sentimos obligados en este entorno a elevar nuestras voces en defensa de la dignidad humana otorgada por Dios.\u00a0<\/li><\/ul>\t\t\t\t\t\t\t\t<\/div>\n\t\t\t\t\t<\/div>\n\t\t\t\t<\/div>\n\t\t<div data-particle_enable=\"false\" data-particle-mobile-disabled=\"false\" class=\"elementor-element elementor-element-ce95dbe e-flex e-con-boxed e-con e-parent\" data-id=\"ce95dbe\" data-element_type=\"container\" data-e-type=\"container\">\n\t\t\t\t\t<div class=\"e-con-inner\">\n\t\t\t\t<div class=\"elementor-element elementor-element-afb3ca9 elementor-widget elementor-widget-html\" data-id=\"afb3ca9\" data-element_type=\"widget\" data-e-type=\"widget\" data-widget_type=\"html.default\">\n\t\t\t\t\t<iframe src=\"https:\/\/www.facebook.com\/plugins\/video.php?height=476&href=https%3A%2F%2Fwww.facebook.com%2Freel%2F719226823984636%2F&show_text=true&width=267&t=0\" width=\"267\" height=\"591\" style=\"border:none;overflow:hidden\" scrolling=\"no\" frameborder=\"0\" allowfullscreen=\"true\" allow=\"autoplay; clipboard-write; encrypted-media; picture-in-picture; web-share\" allowFullScreen=\"true\"><\/iframe>\t\t\t\t<\/div>\n\t\t\t\t\t<\/div>\n\t\t\t\t<\/div>\n\t\t<div data-particle_enable=\"false\" data-particle-mobile-disabled=\"false\" class=\"elementor-element elementor-element-62c0951 e-flex e-con-boxed e-con e-parent\" data-id=\"62c0951\" data-element_type=\"container\" data-e-type=\"container\">\n\t\t\t\t\t<div class=\"e-con-inner\">\n\t\t\t\t<div class=\"elementor-element elementor-element-92c958a elementor-widget elementor-widget-heading\" data-id=\"92c958a\" data-element_type=\"widget\" data-e-type=\"widget\" data-widget_type=\"heading.default\">\n\t\t\t\t\t<h3 class=\"elementor-heading-title elementor-size-default\">Obispos abogan por una reforma migratoria integral<\/h3>\t\t\t\t<\/div>\n\t\t\t\t\t<\/div>\n\t\t\t\t<\/div>\n\t\t<div data-particle_enable=\"false\" data-particle-mobile-disabled=\"false\" class=\"elementor-element elementor-element-5c46f72 e-flex e-con-boxed e-con e-parent\" data-id=\"5c46f72\" data-element_type=\"container\" data-e-type=\"container\">\n\t\t\t\t\t<div class=\"e-con-inner\">\n\t\t\t\t<div class=\"elementor-element elementor-element-eb8a091 elementor-widget elementor-widget-text-editor\" data-id=\"eb8a091\" data-element_type=\"widget\" data-e-type=\"widget\" data-widget_type=\"text-editor.default\">\n\t\t\t\t\t\t\t\t\t<ul><li>La ense\u00f1anza cat\u00f3lica exhorta a las naciones a reconocer la dignidad fundamental de todas las personas, incluidos los inmigrantes.\u00a0\u00a0<\/li><li>Como obispos, <b>abogamos por una reforma significativa de las leyes y los procedimientos migratorios de nuestra naci\u00f3n<\/b>. La dignidad humana y la seguridad nacional no son valores en conflicto.\u00a0<\/li><li>Reconocemos que las naciones tienen la responsabilidad de controlar sus fronteras y establecer un sistema de inmigraci\u00f3n justo y ordenado por el bien com\u00fan. Sin dichos procedimientos, los inmigrantes corren el riesgo de caer en la trata de personas y en otras formas de explotaci\u00f3n. Las v\u00edas legales y seguras sirven como ant\u00eddoto frente a esos riesgos.<\/li><li>La prioridad del Se\u00f1or, como nos recuerdan los profetas, es para los m\u00e1s vulnerables: las viudas, los hu\u00e9rfanos, los pobres<b> y los migrantes<\/b> (Zacar\u00edas 7:10).\u00a0<\/li><li>La preocupaci\u00f3n de la Iglesia por el pr\u00f3jimo y <b>nuestra preocupaci\u00f3n aqu\u00ed por los inmigrantes son una respuesta al mandato del Se\u00f1or<\/b> de amar como \u00c9l nos ha amado (Juan 13:34).<\/li><li><b>A nuestros hermanos y hermanas inmigrantes, estamos con ustedes en su sufrimiento,<\/b> pues si un miembro sufre, todos sufren (1 Corintios 12:26). \u00a1No est\u00e1n solos!<\/li><li>Observamos con gratitud que tantos de <b>nuestros sacerdotes, religiosos consagrados, y fieles laicos ya est\u00e1n acompa\u00f1ando y asistiendo a inmigrantes en sus necesidades humanas b\u00e1sicas.<\/b> Exhortamos a todas las personas de buena voluntad a continuar y ampliar esos esfuerzos.\u00a0<\/li><\/ul>\t\t\t\t\t\t\t\t<\/div>\n\t\t\t\t\t<\/div>\n\t\t\t\t<\/div>\n\t\t<div data-particle_enable=\"false\" data-particle-mobile-disabled=\"false\" class=\"elementor-element elementor-element-38c2e9e e-flex e-con-boxed e-con e-parent\" data-id=\"38c2e9e\" data-element_type=\"container\" data-e-type=\"container\">\n\t\t\t\t\t<div class=\"e-con-inner\">\n\t\t\t\t<div class=\"elementor-element elementor-element-92078be elementor-widget elementor-widget-heading\" data-id=\"92078be\" data-element_type=\"widget\" data-e-type=\"widget\" data-widget_type=\"heading.default\">\n\t\t\t\t\t<h2 class=\"elementor-heading-title elementor-size-default\">Tambi\u00e9n podr\u00eda interesarte<\/h2>\t\t\t\t<\/div>\n\t\t\t\t\t<\/div>\n\t\t\t\t<\/div>\n\t\t<div data-particle_enable=\"false\" data-particle-mobile-disabled=\"false\" class=\"elementor-element elementor-element-8d59c48 e-flex e-con-boxed e-con e-parent\" data-id=\"8d59c48\" data-element_type=\"container\" data-e-type=\"container\">\n\t\t\t\t\t<div class=\"e-con-inner\">\n\t\t\t\t<div class=\"elementor-element elementor-element-b1dce75 elementor-grid-eael-col-3 elementor-grid-tablet-eael-col-2 elementor-grid-mobile-eael-col-1 elementor-widget elementor-widget-eael-post-grid\" data-id=\"b1dce75\" data-element_type=\"widget\" data-e-type=\"widget\" data-settings=\"{&quot;eael_post_grid_columns&quot;:&quot;eael-col-3&quot;,&quot;eael_post_grid_columns_tablet&quot;:&quot;eael-col-2&quot;,&quot;eael_post_grid_columns_mobile&quot;:&quot;eael-col-1&quot;}\" data-widget_type=\"eael-post-grid.default\">\n\t\t\t\t\t<div id=\"eael-post-grid-b1dce75\" class=\"eael-post-grid-container\">\n            <div class=\"eael-post-grid eael-post-appender eael-post-appender-b1dce75 eael-post-grid-style-one\" data-layout-mode=\"masonry\"><article class=\"eael-grid-post  eael-post-grid-column eael-pg-post-32922 category-estamos-unidos\" data-id=\"32922\">\n        <div class=\"eael-grid-post-holder\">\n            <div class=\"eael-grid-post-holder-inner\"><div class=\"eael-entry-media\"><div class=\"eael-entry-overlay fade-in\"><i class=\"far fa-hand-pointer\" aria-hidden=\"true\"><\/i><a href=\"https:\/\/soymigrante.com\/revista\/leon-xiv-tiene-perfil-multicultural-y-migrante-es-el-primer-papa-nacido-en-estados-unidos-y-nacionalizado-peruano\/\"><\/a><\/div><div class=\"eael-entry-thumbnail eael-image-ratio\">\n                <img decoding=\"async\" width=\"1024\" height=\"1024\" src=\"https:\/\/soymigrante.com\/revista\/wp-content\/uploads\/2025\/05\/leon-xiv-papa-nacido-en-Chicago-Estados-Unidos-de-madre-espanola-y-padre-frances-1024x1024.jpg\" class=\"attachment-large size-large wp-image-32947\" alt=\"Retrato de un arzobispo cat\u00f3lico con vestimenta lit\u00fargica en una celebraci\u00f3n religiosa, destacando la importancia de la fe y la espiritualidad en la comunidad migrante.\" srcset=\"https:\/\/soymigrante.com\/revista\/wp-content\/uploads\/2025\/05\/leon-xiv-papa-nacido-en-Chicago-Estados-Unidos-de-madre-espanola-y-padre-frances-1024x1024.jpg 1024w, https:\/\/soymigrante.com\/revista\/wp-content\/uploads\/2025\/05\/leon-xiv-papa-nacido-en-Chicago-Estados-Unidos-de-madre-espanola-y-padre-frances-300x300.jpg 300w, https:\/\/soymigrante.com\/revista\/wp-content\/uploads\/2025\/05\/leon-xiv-papa-nacido-en-Chicago-Estados-Unidos-de-madre-espanola-y-padre-frances-150x150.jpg 150w, https:\/\/soymigrante.com\/revista\/wp-content\/uploads\/2025\/05\/leon-xiv-papa-nacido-en-Chicago-Estados-Unidos-de-madre-espanola-y-padre-frances-768x768.jpg 768w, https:\/\/soymigrante.com\/revista\/wp-content\/uploads\/2025\/05\/leon-xiv-papa-nacido-en-Chicago-Estados-Unidos-de-madre-espanola-y-padre-frances-75x75.jpg 75w, https:\/\/soymigrante.com\/revista\/wp-content\/uploads\/2025\/05\/leon-xiv-papa-nacido-en-Chicago-Estados-Unidos-de-madre-espanola-y-padre-frances-750x750.jpg 750w, https:\/\/soymigrante.com\/revista\/wp-content\/uploads\/2025\/05\/leon-xiv-papa-nacido-en-Chicago-Estados-Unidos-de-madre-espanola-y-padre-frances.webp 1080w\" sizes=\"(max-width: 1024px) 100vw, 1024px\" \/>\n            <\/div>\n        <\/div><div class=\"eael-entry-wrapper\"><header class=\"eael-entry-header\"><h2 class=\"eael-entry-title\"><a class=\"eael-grid-post-link\" href=\"https:\/\/soymigrante.com\/revista\/leon-xiv-tiene-perfil-multicultural-y-migrante-es-el-primer-papa-nacido-en-estados-unidos-y-nacionalizado-peruano\/\" title=\"Leon XIV tiene perfil multicultural y migrante: es el primer papa nacido en Estados Unidos y nacionalizado peruano\">Leon XIV tiene perfil multicultural y migrante: es el primer papa nacido en Estados Unidos y nacionalizado peruano<\/a><\/h2><\/header><div class=\"eael-entry-content\">\n                        <div class=\"eael-grid-post-excerpt\"><a href=\"https:\/\/soymigrante.com\/revista\/leon-xiv-tiene-perfil-multicultural-y-migrante-es-el-primer-papa-nacido-en-estados-unidos-y-nacionalizado-peruano\/\" class=\"eael-post-elements-readmore-btn\">CONOCE SU HISTORIA <\/a><\/div>\n                    <\/div><\/div><\/div>\n        <\/div>\n    <\/article><article class=\"eael-grid-post  eael-post-grid-column eael-pg-post-9854 category-lugar-de-voces\" data-id=\"9854\">\n        <div class=\"eael-grid-post-holder\">\n            <div class=\"eael-grid-post-holder-inner\"><div class=\"eael-entry-media\"><div class=\"eael-entry-overlay fade-in\"><i class=\"far fa-hand-pointer\" aria-hidden=\"true\"><\/i><a href=\"https:\/\/soymigrante.com\/revista\/la-oracion-del-papa-francisco-por-los-migrantes\/\"><\/a><\/div><div class=\"eael-entry-thumbnail eael-image-ratio\">\n                <img decoding=\"async\" width=\"740\" height=\"747\" src=\"https:\/\/soymigrante.com\/revista\/wp-content\/uploads\/2024\/09\/exodo-johannes-sadeler.webp\" class=\"attachment-large size-large wp-image-9865\" alt=\"Migrantes en b\u00fasqueda de mejores oportunidades en Am\u00e9rica, reflejados en una obra art\u00edstica hist\u00f3rica.\" srcset=\"https:\/\/soymigrante.com\/revista\/wp-content\/uploads\/2024\/09\/exodo-johannes-sadeler.webp 740w, https:\/\/soymigrante.com\/revista\/wp-content\/uploads\/2024\/09\/exodo-johannes-sadeler-297x300.webp 297w, https:\/\/soymigrante.com\/revista\/wp-content\/uploads\/2024\/09\/exodo-johannes-sadeler-150x150.webp 150w, https:\/\/soymigrante.com\/revista\/wp-content\/uploads\/2024\/09\/exodo-johannes-sadeler-75x75.webp 75w\" sizes=\"(max-width: 740px) 100vw, 740px\" \/>\n            <\/div>\n        <\/div><div class=\"eael-entry-wrapper\"><header class=\"eael-entry-header\"><h2 class=\"eael-entry-title\"><a class=\"eael-grid-post-link\" href=\"https:\/\/soymigrante.com\/revista\/la-oracion-del-papa-francisco-por-los-migrantes\/\" title=\"La oraci\u00f3n que dej\u00f3 el Papa Francisco para los migrantes\">La oraci\u00f3n que dej\u00f3 el Papa Francisco para los migrantes<\/a><\/h2><\/header><div class=\"eael-entry-content\">\n                        <div class=\"eael-grid-post-excerpt\"><a href=\"https:\/\/soymigrante.com\/revista\/la-oracion-del-papa-francisco-por-los-migrantes\/\" class=\"eael-post-elements-readmore-btn\">CONOCE SU HISTORIA <\/a><\/div>\n                    <\/div><\/div><\/div>\n        <\/div>\n    <\/article><article class=\"eael-grid-post  eael-post-grid-column eael-pg-post-39667 category-lugar-de-voces\" data-id=\"39667\">\n        <div class=\"eael-grid-post-holder\">\n            <div class=\"eael-grid-post-holder-inner\"><div class=\"eael-entry-media\"><div class=\"eael-entry-overlay fade-in\"><i class=\"far fa-hand-pointer\" aria-hidden=\"true\"><\/i><a href=\"https:\/\/soymigrante.com\/revista\/arzobispo-de-miami-sale-en-defensa-de-los-migrantes-y-pide-respeto-a-su-dignidad\/\"><\/a><\/div><div class=\"eael-entry-thumbnail eael-image-ratio\">\n                <img loading=\"lazy\" decoding=\"async\" width=\"400\" height=\"400\" src=\"https:\/\/soymigrante.com\/revista\/wp-content\/uploads\/2025\/07\/arzobispo-thomas-wenski-miami-3.webp\" class=\"attachment-large size-large wp-image-39669\" alt=\"Reconocible l\u00edder religioso en ceremonia oficial, vestido con vestimenta eclesi\u00e1stica blanca y mitra, leyendo un texto importante en un evento p\u00fablico.\" srcset=\"https:\/\/soymigrante.com\/revista\/wp-content\/uploads\/2025\/07\/arzobispo-thomas-wenski-miami-3.webp 400w, https:\/\/soymigrante.com\/revista\/wp-content\/uploads\/2025\/07\/arzobispo-thomas-wenski-miami-3-300x300.png 300w, https:\/\/soymigrante.com\/revista\/wp-content\/uploads\/2025\/07\/arzobispo-thomas-wenski-miami-3-150x150.png 150w, https:\/\/soymigrante.com\/revista\/wp-content\/uploads\/2025\/07\/arzobispo-thomas-wenski-miami-3-75x75.png 75w\" sizes=\"(max-width: 400px) 100vw, 400px\" \/>\n            <\/div>\n        <\/div><div class=\"eael-entry-wrapper\"><header class=\"eael-entry-header\"><h2 class=\"eael-entry-title\"><a class=\"eael-grid-post-link\" href=\"https:\/\/soymigrante.com\/revista\/arzobispo-de-miami-sale-en-defensa-de-los-migrantes-y-pide-respeto-a-su-dignidad\/\" title=\"Arzobispo de Miami sale en defensa de los migrantes y pide respeto a su dignidad\">Arzobispo de Miami sale en defensa de los migrantes y pide respeto a su dignidad<\/a><\/h2><\/header><div class=\"eael-entry-content\">\n                        <div class=\"eael-grid-post-excerpt\"><a href=\"https:\/\/soymigrante.com\/revista\/arzobispo-de-miami-sale-en-defensa-de-los-migrantes-y-pide-respeto-a-su-dignidad\/\" class=\"eael-post-elements-readmore-btn\">CONOCE SU HISTORIA <\/a><\/div>\n                    <\/div><\/div><\/div>\n        <\/div>\n    <\/article><\/div>\n            <div class=\"clearfix\"><\/div>\n        <\/div>\t\t\t\t<\/div>\n\t\t\t\t\t<\/div>\n\t\t\t\t<\/div>\n\t\t\t\t<\/div>\n\t\t","protected":false},"excerpt":{"rendered":"<p>En su plenaria de oto\u00f1o, la Conferencia de Obispos Cat\u00f3licos de Estados Unidos aprob\u00f3 con 216 votos un mensaje especial para expresar su preocupaci\u00f3n por abusos y perfilaci\u00f3n racial en operativos antimigrantes. Por primera vez en 12 a\u00f1os, la Conferencia de Obispos de los Estados Unidos aprueba un mensaje especial urgente para se\u00f1alar y denunciar [&hellip;]<\/p>\n","protected":false},"author":1,"featured_media":48624,"comment_status":"open","ping_status":"open","sticky":false,"template":"","format":"standard","meta":{"_acf_changed":false,"_eb_attr":"","footnotes":""},"categories":[280],"tags":[],"class_list":["post-48623","post","type-post","status-publish","format-standard","has-post-thumbnail","hentry","category-noticias"],"acf":[],"aioseo_notices":[],"aioseo_head":"\n\t\t<!-- All in One SEO Pro 4.9.6.2 - aioseo.com -->\n\t<meta name=\"description\" content=\"Monse\u00f1or Thomas Wenski, arzobispo de Miami lanz\u00f3 un fuerte llamado en contra de abusos contra migrantes y medidas que califica de &quot;inhumanas&quot;.\" \/>\n\t<meta name=\"robots\" content=\"max-snippet:-1, max-image-preview:large, max-video-preview:-1\" \/>\n\t<meta name=\"author\" content=\"SoyMigrante.com REVISTA\"\/>\n\t<link rel=\"canonical\" href=\"https:\/\/soymigrante.com\/revista\/arzobispo-de-miami-sale-en-defensa-de-los-migrantes-y-pide-respeto-a-su-dignidad\/\" \/>\n\t<meta name=\"generator\" content=\"All in One SEO Pro (AIOSEO) 4.9.6.2\" \/>\n\n\t\t<link rel=\"preconnect\" href=\"https:\/\/fonts.googleapis.com\" crossorigin>\n<link rel=\"preconnect\" href=\"https:\/\/fonts.gstatic.com\" crossorigin>\n\t\t<meta property=\"og:locale\" content=\"es_ES\" \/>\n\t\t<meta property=\"og:site_name\" content=\"SoyMigrante.com REVISTA \u2013 Nuestra misi\u00f3n es reconocer y dignificar al migrante.\" \/>\n\t\t<meta property=\"og:type\" content=\"article\" \/>\n\t\t<meta property=\"og:title\" content=\"Arzobispo de Miami sale en defensa de los migrantes\" \/>\n\t\t<meta property=\"og:description\" content=\"Monse\u00f1or Thomas Wenski, arzobispo de Miami lanz\u00f3 un fuerte llamado en contra de abusos contra migrantes y medidas que califica de &quot;inhumanas&quot;.\" \/>\n\t\t<meta property=\"og:url\" content=\"https:\/\/soymigrante.com\/revista\/arzobispo-de-miami-sale-en-defensa-de-los-migrantes-y-pide-respeto-a-su-dignidad\/\" \/>\n\t\t<meta property=\"og:image\" content=\"https:\/\/soymigrante.com\/revista\/wp-content\/uploads\/2025\/07\/arzobispo-thomas-wenski-miami-3.webp\" \/>\n\t\t<meta property=\"og:image:secure_url\" content=\"https:\/\/soymigrante.com\/revista\/wp-content\/uploads\/2025\/07\/arzobispo-thomas-wenski-miami-3.webp\" \/>\n\t\t<meta property=\"og:image:width\" content=\"400\" \/>\n\t\t<meta property=\"og:image:height\" content=\"400\" \/>\n\t\t<meta property=\"article:published_time\" content=\"2025-07-17T22:28:27+00:00\" \/>\n\t\t<meta property=\"article:modified_time\" content=\"2025-07-17T22:31:46+00:00\" \/>\n\t\t<meta property=\"article:publisher\" content=\"https:\/\/www.facebook.com\/soymigrantecom\" \/>\n\t\t<meta name=\"twitter:card\" content=\"summary_large_image\" \/>\n\t\t<meta name=\"twitter:site\" content=\"@SoyMigrante_com\" \/>\n\t\t<meta name=\"twitter:title\" content=\"Arzobispo de Miami sale en defensa de los migrantes\" \/>\n\t\t<meta name=\"twitter:description\" content=\"Monse\u00f1or Thomas Wenski, arzobispo de Miami lanz\u00f3 un fuerte llamado en contra de abusos contra migrantes y medidas que califica de &quot;inhumanas&quot;.\" \/>\n\t\t<meta name=\"twitter:creator\" content=\"@SoyMigrante_com\" \/>\n\t\t<meta name=\"twitter:image\" content=\"https:\/\/soymigrante.com\/revista\/wp-content\/uploads\/2025\/07\/arzobispo-thomas-wenski-miami-3.webp\" \/>\n\t\t<!-- All in One SEO Pro -->\r\n\t\t<title>Arzobispo de Miami sale en defensa de los migrantes<\/title>\n\n","aioseo_head_json":{"title":"Arzobispo de Miami sale en defensa de los migrantes","description":"Monse\u00f1or Thomas Wenski, arzobispo de Miami lanz\u00f3 un fuerte llamado en contra de abusos contra migrantes y medidas que califica de \"inhumanas\".","canonical_url":"https:\/\/soymigrante.com\/revista\/arzobispo-de-miami-sale-en-defensa-de-los-migrantes-y-pide-respeto-a-su-dignidad\/","robots":"max-snippet:-1, max-image-preview:large, max-video-preview:-1","keywords":"","webmasterTools":{"miscellaneous":"&lt;link rel=\"preconnect\" href=\"https:\/\/fonts.googleapis.com\" crossorigin&gt;\n&lt;link rel=\"preconnect\" href=\"https:\/\/fonts.gstatic.com\" crossorigin&gt;"},"schema":null,"og:locale":"es_ES","og:site_name":"SoyMigrante.com REVISTA \u2013 Nuestra misi\u00f3n es reconocer y dignificar al migrante.","og:type":"article","og:title":"Arzobispo de Miami sale en defensa de los migrantes","og:description":"Monse\u00f1or Thomas Wenski, arzobispo de Miami lanz\u00f3 un fuerte llamado en contra de abusos contra migrantes y medidas que califica de &quot;inhumanas&quot;.","og:url":"https:\/\/soymigrante.com\/revista\/arzobispo-de-miami-sale-en-defensa-de-los-migrantes-y-pide-respeto-a-su-dignidad\/","og:image":"https:\/\/soymigrante.com\/revista\/wp-content\/uploads\/2025\/07\/arzobispo-thomas-wenski-miami-3.webp","og:image:secure_url":"https:\/\/soymigrante.com\/revista\/wp-content\/uploads\/2025\/07\/arzobispo-thomas-wenski-miami-3.webp","og:image:width":400,"og:image:height":400,"article:published_time":"2025-07-17T22:28:27+00:00","article:modified_time":"2025-07-17T22:31:46+00:00","article:publisher":"https:\/\/www.facebook.com\/soymigrantecom","twitter:card":"summary_large_image","twitter:site":"@SoyMigrante_com","twitter:title":"Arzobispo de Miami sale en defensa de los migrantes","twitter:description":"Monse\u00f1or Thomas Wenski, arzobispo de Miami lanz\u00f3 un fuerte llamado en contra de abusos contra migrantes y medidas que califica de &quot;inhumanas&quot;.","twitter:creator":"@SoyMigrante_com","twitter:image":"https:\/\/soymigrante.com\/revista\/wp-content\/uploads\/2025\/07\/arzobispo-thomas-wenski-miami-3.webp"},"aioseo_meta_data":{"post_id":"48623","title":"Obispos de USA lanzan fuerte mensaje a favor de migrantes","description":"\u201c\u00a1No est\u00e1n solos!\u201d: Conferencia de Obispos de Estados Unidos a los migrantes. LaIglesia denuncia perfilamiento racial, capturas arbitrarias y ret\u00f3rica agresiva.","keywords":null,"keyphrases":{"focus":{"keyphrase":"Obispos","score":100,"analysis":{"keyphraseInTitle":{"score":9,"maxScore":9,"error":0},"keyphraseInDescription":{"score":9,"maxScore":9,"error":0},"keyphraseLength":{"score":9,"maxScore":9,"error":0,"length":1},"keyphraseInURL":{"score":5,"maxScore":5,"error":0},"keyphraseInIntroduction":{"score":9,"maxScore":9,"error":0},"keyphraseInSubHeadings":{"score":9,"maxScore":9,"error":0},"keyphraseInImageAlt":{"score":9,"maxScore":9,"error":0},"keywordDensity":{"type":"best","score":9,"maxScore":9,"error":0}}},"additional":[{"keyphrase":"Migrantes","score":100,"analysis":{"keyphraseInDescription":{"score":9,"maxScore":9,"error":0},"keyphraseLength":{"score":9,"maxScore":9,"error":0,"length":1},"keyphraseInIntroduction":{"score":9,"maxScore":9,"error":0},"keyphraseInImageAlt":{"score":9,"maxScore":9,"error":0},"keywordDensity":{"type":"best","score":9,"maxScore":9,"error":0}}}]},"primary_term":null,"canonical_url":null,"og_title":null,"og_description":null,"og_object_type":"default","og_image_type":"default","og_image_url":null,"og_image_width":null,"og_image_height":null,"og_image_custom_url":null,"og_image_custom_fields":null,"og_video":"","og_custom_url":null,"og_article_section":null,"og_article_tags":null,"twitter_use_og":false,"twitter_card":"default","twitter_image_type":"default","twitter_image_url":null,"twitter_image_custom_url":null,"twitter_image_custom_fields":null,"twitter_title":null,"twitter_description":null,"schema":{"blockGraphs":[],"customGraphs":[],"default":{"data":{"Article":[],"Course":[],"Dataset":[],"FAQPage":[],"Movie":[],"Person":[],"Product":[],"ProductReview":[],"Car":[],"Recipe":[],"Service":[],"SoftwareApplication":[],"WebPage":[]},"graphName":"NewsArticle","isEnabled":true},"graphs":[]},"schema_type":"default","schema_type_options":null,"pillar_content":false,"robots_default":true,"robots_noindex":false,"robots_noarchive":false,"robots_nosnippet":false,"robots_nofollow":false,"robots_noimageindex":false,"robots_noodp":false,"robots_notranslate":false,"robots_max_snippet":"-1","robots_max_videopreview":"-1","robots_max_imagepreview":"large","priority":null,"frequency":"default","local_seo":null,"seo_analyzer_scan_date":"2025-11-15 17:12:11","breadcrumb_settings":null,"limit_modified_date":false,"reviewed_by":"0","open_ai":null,"ai":{"faqs":[],"keyPoints":[],"titles":[],"descriptions":[],"socialPosts":{"email":[],"linkedin":[],"twitter":[],"facebook":[],"instagram":[]}},"created":"2025-11-15 16:22:07","updated":"2026-02-05 07:05:14"},"aioseo_breadcrumb":"<div class=\"aioseo-breadcrumbs\"><span class=\"aioseo-breadcrumb\">\n\t<a href=\"https:\/\/soymigrante.com\/revista\" title=\"Home\">Home<\/a>\n<\/span><span class=\"aioseo-breadcrumb-separator\">\u00bb<\/span><span class=\"aioseo-breadcrumb\">\n\t<a href=\"https:\/\/soymigrante.com\/revista\/category\/noticias\/\" title=\"Noticias\">Noticias<\/a>\n<\/span><span class=\"aioseo-breadcrumb-separator\">\u00bb<\/span><span class=\"aioseo-breadcrumb\">\n\tContundente mensaje en defensa de los migrantes emiten los obispos cat\u00f3licos de Estados Unidos\n<\/span><\/div>","aioseo_breadcrumb_json":[{"label":"Home","link":"https:\/\/soymigrante.com\/revista"},{"label":"Noticias","link":"https:\/\/soymigrante.com\/revista\/category\/noticias\/"},{"label":"Contundente mensaje en defensa de los migrantes emiten los obispos cat\u00f3licos de Estados Unidos","link":"https:\/\/soymigrante.com\/revista\/contundente-mensaje-en-defensa-de-los-migrantes-emiten-los-obispos-catolicos-de-estados-unidos\/"}],"_links":{"self":[{"href":"https:\/\/soymigrante.com\/revista\/wp-json\/wp\/v2\/posts\/48623","targetHints":{"allow":["GET"]}}],"collection":[{"href":"https:\/\/soymigrante.com\/revista\/wp-json\/wp\/v2\/posts"}],"about":[{"href":"https:\/\/soymigrante.com\/revista\/wp-json\/wp\/v2\/types\/post"}],"author":[{"embeddable":true,"href":"https:\/\/soymigrante.com\/revista\/wp-json\/wp\/v2\/users\/1"}],"replies":[{"embeddable":true,"href":"https:\/\/soymigrante.com\/revista\/wp-json\/wp\/v2\/comments?post=48623"}],"version-history":[{"count":6,"href":"https:\/\/soymigrante.com\/revista\/wp-json\/wp\/v2\/posts\/48623\/revisions"}],"predecessor-version":[{"id":48632,"href":"https:\/\/soymigrante.com\/revista\/wp-json\/wp\/v2\/posts\/48623\/revisions\/48632"}],"wp:featuredmedia":[{"embeddable":true,"href":"https:\/\/soymigrante.com\/revista\/wp-json\/wp\/v2\/media\/48624"}],"wp:attachment":[{"href":"https:\/\/soymigrante.com\/revista\/wp-json\/wp\/v2\/media?parent=48623"}],"wp:term":[{"taxonomy":"category","embeddable":true,"href":"https:\/\/soymigrante.com\/revista\/wp-json\/wp\/v2\/categories?post=48623"},{"taxonomy":"post_tag","embeddable":true,"href":"https:\/\/soymigrante.com\/revista\/wp-json\/wp\/v2\/tags?post=48623"}],"curies":[{"name":"wp","href":"https:\/\/api.w.org\/{rel}","templated":true}]}}