{"id":4859,"date":"2024-02-23T17:33:33","date_gmt":"2024-02-23T23:33:33","guid":{"rendered":"https:\/\/soymigrante.com\/revista\/?p=4859"},"modified":"2024-11-01T14:55:41","modified_gmt":"2024-11-01T20:55:41","slug":"el-tacuazin-migrante-construye-casas-y-tambien-una-comunidad-digital","status":"publish","type":"post","link":"https:\/\/soymigrante.com\/revista\/el-tacuazin-migrante-construye-casas-y-tambien-una-comunidad-digital\/","title":{"rendered":"El Tacuaz\u00edn migrante construye casas y tambi\u00e9n una comunidad virtual con humor"},"content":{"rendered":"\t\t<div data-elementor-type=\"wp-post\" data-elementor-id=\"4859\" class=\"elementor elementor-4859\" data-elementor-post-type=\"post\">\n\t\t\t\t\t\t<section data-particle_enable=\"false\" data-particle-mobile-disabled=\"false\" class=\"elementor-section elementor-top-section elementor-element elementor-element-9fd33c2 elementor-section-boxed elementor-section-height-default elementor-section-height-default\" data-id=\"9fd33c2\" data-element_type=\"section\" data-e-type=\"section\">\n\t\t\t\t\t\t<div class=\"elementor-container elementor-column-gap-default\">\n\t\t\t\t\t<div class=\"elementor-column elementor-col-100 elementor-top-column elementor-element elementor-element-61f13d8\" data-id=\"61f13d8\" data-element_type=\"column\" data-e-type=\"column\">\n\t\t\t<div class=\"elementor-widget-wrap elementor-element-populated\">\n\t\t\t\t\t\t<div class=\"elementor-element elementor-element-39ceb2f elementor-widget elementor-widget-heading\" data-id=\"39ceb2f\" data-element_type=\"widget\" data-e-type=\"widget\" data-widget_type=\"heading.default\">\n\t\t\t\t\t<h1 class=\"elementor-heading-title elementor-size-default\">Jeysson Salazar, migrante originario de Ipala, Chiquimula, trabaja en una compa\u00f1\u00eda  de construcci\u00f3n en Nueva York y construye una comunidad digital en su canal El Tacuaz\u00edn Canche. Tiene medio mill\u00f3n de seguidores y sigue adelante.<\/h1>\t\t\t\t<\/div>\n\t\t\t\t\t<\/div>\n\t\t<\/div>\n\t\t\t\t\t<\/div>\n\t\t<\/section>\n\t\t\t\t<section data-particle_enable=\"false\" data-particle-mobile-disabled=\"false\" class=\"elementor-section elementor-top-section elementor-element elementor-element-10e0727 elementor-section-boxed elementor-section-height-default elementor-section-height-default\" data-id=\"10e0727\" data-element_type=\"section\" data-e-type=\"section\">\n\t\t\t\t\t\t<div class=\"elementor-container elementor-column-gap-default\">\n\t\t\t\t\t<div class=\"elementor-column elementor-col-100 elementor-top-column elementor-element elementor-element-5a243c4\" data-id=\"5a243c4\" data-element_type=\"column\" data-e-type=\"column\">\n\t\t\t<div class=\"elementor-widget-wrap elementor-element-populated\">\n\t\t\t\t\t\t<div class=\"elementor-element elementor-element-f4a7b8e elementor-widget elementor-widget-image\" data-id=\"f4a7b8e\" data-element_type=\"widget\" data-e-type=\"widget\" data-widget_type=\"image.default\">\n\t\t\t\t\t\t\t\t\t\t\t\t<figure class=\"wp-caption\">\n\t\t\t\t\t\t\t\t\t\t<img fetchpriority=\"high\" decoding=\"async\" width=\"621\" height=\"592\" src=\"https:\/\/soymigrante.com\/revista\/wp-content\/uploads\/2024\/02\/juanva.webp\" class=\"attachment-large size-large wp-image-5029\" alt=\"Por su ingenio, popularidad y tambi\u00e9n don de servicio, Jeysson Salazar fue galardonado en los Premios Guatemaltecos Usa 2024, auspiciados por el migrante Juan Valdez.\" srcset=\"https:\/\/soymigrante.com\/revista\/wp-content\/uploads\/2024\/02\/juanva.webp 621w, https:\/\/soymigrante.com\/revista\/wp-content\/uploads\/2024\/02\/juanva-300x286.webp 300w\" sizes=\"(max-width: 621px) 100vw, 621px\" \/>\t\t\t\t\t\t\t\t\t\t\t<figcaption class=\"widget-image-caption wp-caption-text\">Por su ingenio, popularidad y tambi\u00e9n don de servicio, Jeysson Salazar fue galardonado en los Premios Guatemaltecos Usa 2024, auspiciados por el migrante Juan Valdez.<\/figcaption>\n\t\t\t\t\t\t\t\t\t\t<\/figure>\n\t\t\t\t\t\t\t\t\t<\/div>\n\t\t\t\t\t<\/div>\n\t\t<\/div>\n\t\t\t\t\t<\/div>\n\t\t<\/section>\n\t\t\t\t<section data-particle_enable=\"false\" data-particle-mobile-disabled=\"false\" class=\"elementor-section elementor-top-section elementor-element elementor-element-97df428 elementor-section-boxed elementor-section-height-default elementor-section-height-default\" data-id=\"97df428\" data-element_type=\"section\" data-e-type=\"section\">\n\t\t\t\t\t\t<div class=\"elementor-container elementor-column-gap-default\">\n\t\t\t\t\t<div class=\"elementor-column elementor-col-100 elementor-top-column elementor-element elementor-element-727aa14\" data-id=\"727aa14\" data-element_type=\"column\" data-e-type=\"column\">\n\t\t\t<div class=\"elementor-widget-wrap elementor-element-populated\">\n\t\t\t\t\t\t<div class=\"elementor-element elementor-element-3db2692 elementor-widget elementor-widget-heading\" data-id=\"3db2692\" data-element_type=\"widget\" data-e-type=\"widget\" data-widget_type=\"heading.default\">\n\t\t\t\t\t<h2 class=\"elementor-heading-title elementor-size-default\">Del oriente guatemalteco a EE.UU. \n<\/h2>\t\t\t\t<\/div>\n\t\t\t\t\t<\/div>\n\t\t<\/div>\n\t\t\t\t\t<\/div>\n\t\t<\/section>\n\t\t\t\t<section data-particle_enable=\"false\" data-particle-mobile-disabled=\"false\" class=\"elementor-section elementor-top-section elementor-element elementor-element-5f882f5 elementor-section-boxed elementor-section-height-default elementor-section-height-default\" data-id=\"5f882f5\" data-element_type=\"section\" data-e-type=\"section\">\n\t\t\t\t\t\t<div class=\"elementor-container elementor-column-gap-default\">\n\t\t\t\t\t<div class=\"elementor-column elementor-col-100 elementor-top-column elementor-element elementor-element-ec5d935\" data-id=\"ec5d935\" data-element_type=\"column\" data-e-type=\"column\">\n\t\t\t<div class=\"elementor-widget-wrap elementor-element-populated\">\n\t\t\t\t\t\t<div class=\"elementor-element elementor-element-c1e8a8b elementor-widget elementor-widget-text-editor\" data-id=\"c1e8a8b\" data-element_type=\"widget\" data-e-type=\"widget\" data-widget_type=\"text-editor.default\">\n\t\t\t\t\t\t\t\t\t<p><span style=\"font-weight: 400;\">Para unos es pol\u00e9mico, para otros simplemente coloquial.&nbsp;<\/span><span style=\"font-weight: 400; color: var( --e-global-color-text );\">Jeysson Reynaldo Salazar Tobar, conocido en las redes sociales como el Tacuaz\u00edn Canche es oriundo de Ipala, Chiquimula, Guatemala. Qued\u00f3 al cuidado de sus abuelos paternos desde temprana edad.&nbsp;<\/span><\/p>\n<p><span style=\"font-weight: 400; color: var( --e-global-color-text );\">El 3 de enero de 2012, a la edad de diecis\u00e9is a\u00f1os, se reuni\u00f3 con su familia en Estados Unidos, junto a su hermano menor de once a\u00f1os.&nbsp;<\/span><span style=\"font-weight: 400; color: var( --e-global-color-text );\">A su llegada, se enfrent\u00f3 a los desaf\u00edos de adaptarse al entorno social, al idioma y al estilo de vida. &#8220;Fue especialmente dif\u00edcil dejar atr\u00e1s a mis abuelos, quienes me criaron la mayor parte de mi vida&#8221;, a\u00f1adi\u00f3.<\/span><\/p>\n<p><span style=\"font-weight: 400;\">En Estados Unidos, Jeysson ha trabajado en mantenimiento en una finca,&nbsp; en limpieza de oficinas y en los \u00faltimos cinco a\u00f1os ha laborado para una empresa constructora de viviendas en New York, donde reside. Sin embargo, a trav\u00e9s de sus videos de humor se ha dado a conocer y recientemente fue reconocido en la gala de <a href=\"https:\/\/soymigrante.com\/revista\/guatemalteco-juan-valdez-impulsa-talento-migrante-estados-unidos\/\">Premios Guatemaltecos USA 2024 impulsados por el tambi\u00e9n migrante chap\u00edn Juan Valdez.<\/a><\/span><\/p>\n<p><span style=\"font-weight: 400;\">&#8220;Hasta antes de la pandemia no ten\u00eda muchos seguidores. Mi intenci\u00f3n era presentar un humor con lenguaje chap\u00edn. No ten\u00eda una marca y se me ocurri\u00f3 el nombre de &#8220;Tacuaz\u00edn Canche&#8221;. Eleg\u00ed ese animalito porque vive en el campo guatemalteco y canche porque as\u00ed me dec\u00edan en Oriente. All\u00ed nos empezaron a reconocer&#8221;, relata.<\/span><\/p>\n<p>&nbsp;<span style=\"font-weight: 400; color: var( --e-global-color-text );\">Cada obst\u00e1culo que ha enfrentado lo ha superado gracias al apoyo de sus padres y ahora de su esposa e hijo. &#8220;Mi familia es mi mayor prioridad, por eso sigo luchando para seguir adelante&#8221;.<\/span><\/p>\t\t\t\t\t\t\t\t<\/div>\n\t\t\t\t\t<\/div>\n\t\t<\/div>\n\t\t\t\t\t<\/div>\n\t\t<\/section>\n\t\t\t\t<section data-particle_enable=\"false\" data-particle-mobile-disabled=\"false\" class=\"elementor-section elementor-top-section elementor-element elementor-element-d88e349 elementor-section-boxed elementor-section-height-default elementor-section-height-default\" data-id=\"d88e349\" data-element_type=\"section\" data-e-type=\"section\">\n\t\t\t\t\t\t<div class=\"elementor-container elementor-column-gap-default\">\n\t\t\t\t\t<div class=\"elementor-column elementor-col-100 elementor-top-column elementor-element elementor-element-b4e300b\" data-id=\"b4e300b\" data-element_type=\"column\" data-e-type=\"column\">\n\t\t\t<div class=\"elementor-widget-wrap elementor-element-populated\">\n\t\t\t\t\t\t<div class=\"elementor-element elementor-element-18cc9a4 elementor-widget elementor-widget-facebook-embed\" data-id=\"18cc9a4\" data-element_type=\"widget\" data-e-type=\"widget\" data-widget_type=\"facebook-embed.default\">\n\t\t\t\t\t<div style=\"min-height: 1px\" class=\"elementor-facebook-widget fb-post\" data-href=\"https:\/\/www.facebook.com\/100067754544587\/videos\/873735050960496\" data-show-text=\"false\"><\/div>\t\t\t\t<\/div>\n\t\t\t\t\t<\/div>\n\t\t<\/div>\n\t\t\t\t\t<\/div>\n\t\t<\/section>\n\t\t\t\t<section data-particle_enable=\"false\" data-particle-mobile-disabled=\"false\" class=\"elementor-section elementor-top-section elementor-element elementor-element-2189ecc elementor-section-boxed elementor-section-height-default elementor-section-height-default\" data-id=\"2189ecc\" data-element_type=\"section\" data-e-type=\"section\">\n\t\t\t\t\t\t<div class=\"elementor-container elementor-column-gap-default\">\n\t\t\t\t\t<div class=\"elementor-column elementor-col-100 elementor-top-column elementor-element elementor-element-c3690ac\" data-id=\"c3690ac\" data-element_type=\"column\" data-e-type=\"column\">\n\t\t\t<div class=\"elementor-widget-wrap elementor-element-populated\">\n\t\t\t\t\t\t<div class=\"elementor-element elementor-element-b507435 elementor-widget elementor-widget-heading\" data-id=\"b507435\" data-element_type=\"widget\" data-e-type=\"widget\" data-widget_type=\"heading.default\">\n\t\t\t\t\t<h2 class=\"elementor-heading-title elementor-size-default\">\"Estuve a punto de rendirme\" <\/h2>\t\t\t\t<\/div>\n\t\t\t\t\t<\/div>\n\t\t<\/div>\n\t\t\t\t\t<\/div>\n\t\t<\/section>\n\t\t\t\t<section data-particle_enable=\"false\" data-particle-mobile-disabled=\"false\" class=\"elementor-section elementor-top-section elementor-element elementor-element-e6a8fd6 elementor-section-boxed elementor-section-height-default elementor-section-height-default\" data-id=\"e6a8fd6\" data-element_type=\"section\" data-e-type=\"section\">\n\t\t\t\t\t\t<div class=\"elementor-container elementor-column-gap-default\">\n\t\t\t\t\t<div class=\"elementor-column elementor-col-100 elementor-top-column elementor-element elementor-element-663b5d1\" data-id=\"663b5d1\" data-element_type=\"column\" data-e-type=\"column\">\n\t\t\t<div class=\"elementor-widget-wrap elementor-element-populated\">\n\t\t\t\t\t\t<div class=\"elementor-element elementor-element-5410071 elementor-widget elementor-widget-text-editor\" data-id=\"5410071\" data-element_type=\"widget\" data-e-type=\"widget\" data-widget_type=\"text-editor.default\">\n\t\t\t\t\t\t\t\t\t<p><span style=\"font-weight: 400;\">Desde peque\u00f1o, el sue\u00f1o de Jeysson era aparecer en un programa de televisi\u00f3n, convertirse en un creador de contenido para YouTube y ser reconocido por su ingenio. Comenz\u00f3 a subir videos, le resultaba dif\u00edcil conseguir seguidores. No fue hasta el a\u00f1o 2020, durante la pandemia, cuando plataformas como TikTok y Facebook ganaron fuerza durante el encierro sanitario.\u00a0<\/span><\/p><p><span style=\"font-weight: 400;\">&#8220;Sub\u00eda muchos videos y no recib\u00eda mucha respuesta. Justo cuando la pandemia comenz\u00f3, empec\u00e9 a compartir videos con bromas y temas graciosos. Hubo momentos en los que estuve a punto de rendirme porque no ve\u00eda resultados, pero ten\u00eda un amigo que siempre me animaba&#8221;.<\/span><\/p><p><span style=\"font-weight: 400;\">Tacuaz\u00edn logr\u00f3 pasar de tener 300 seguidores a 10 mil. El primer video que se viraliz\u00f3 trataba sobre la m\u00fasica popular en Guatemala y c\u00f3mo esta se ve\u00eda influenciada al llegar a Estados Unidos. A partir de entonces, comenz\u00f3 a centrarse en crear contenido sobre la vida cotidiana migrante.<\/span><\/p><p><span style=\"font-weight: 400;\">&#8220;He recibido comentarios positivos sobre ese video.\u00a0 En \u00e9l, realic\u00e9 una comparaci\u00f3n entre nuestra vida en Guatemala y c\u00f3mo algunos, al llegar a este pa\u00eds, pueden modificarla con su comportamiento. Considero que era una forma de recordar nuestras ra\u00edces&#8221;, agreg\u00f3.<\/span><\/p>\t\t\t\t\t\t\t\t<\/div>\n\t\t\t\t\t<\/div>\n\t\t<\/div>\n\t\t\t\t\t<\/div>\n\t\t<\/section>\n\t\t\t\t<section data-particle_enable=\"false\" data-particle-mobile-disabled=\"false\" class=\"elementor-section elementor-top-section elementor-element elementor-element-616a21d elementor-section-boxed elementor-section-height-default elementor-section-height-default\" data-id=\"616a21d\" data-element_type=\"section\" data-e-type=\"section\">\n\t\t\t\t\t\t<div class=\"elementor-container elementor-column-gap-default\">\n\t\t\t\t\t<div class=\"elementor-column elementor-col-100 elementor-top-column elementor-element elementor-element-d5fa945\" data-id=\"d5fa945\" data-element_type=\"column\" data-e-type=\"column\">\n\t\t\t<div class=\"elementor-widget-wrap elementor-element-populated\">\n\t\t\t\t\t\t<div class=\"elementor-element elementor-element-2f41ba0 elementor-widget elementor-widget-image\" data-id=\"2f41ba0\" data-element_type=\"widget\" data-e-type=\"widget\" data-widget_type=\"image.default\">\n\t\t\t\t\t\t\t\t\t\t\t\t<figure class=\"wp-caption\">\n\t\t\t\t\t\t\t\t\t\t<img decoding=\"async\" width=\"768\" height=\"550\" src=\"https:\/\/soymigrante.com\/revista\/wp-content\/uploads\/2024\/02\/Fotografiados-junto-a-su-amigo-y-mano-derecha-Jorge-Cris-ambos-disfrutan-de-su-labor-Cris-desempena-el-papel-de-productor-mientras-Yeysson-brilla-como-actor-en-los-videos-768x550.webp\" class=\"attachment-medium_large size-medium_large wp-image-4862\" alt=\"Fotografiados junto a su amigo y mano derecha, Jorge Cris, ambos disfrutan de su labor Cris desempe\u00f1a el papel de productor mientras Yeysson brilla como actor en los videos.\" srcset=\"https:\/\/soymigrante.com\/revista\/wp-content\/uploads\/2024\/02\/Fotografiados-junto-a-su-amigo-y-mano-derecha-Jorge-Cris-ambos-disfrutan-de-su-labor-Cris-desempena-el-papel-de-productor-mientras-Yeysson-brilla-como-actor-en-los-videos-768x550.webp 768w, https:\/\/soymigrante.com\/revista\/wp-content\/uploads\/2024\/02\/Fotografiados-junto-a-su-amigo-y-mano-derecha-Jorge-Cris-ambos-disfrutan-de-su-labor-Cris-desempena-el-papel-de-productor-mientras-Yeysson-brilla-como-actor-en-los-videos-300x215.webp 300w, https:\/\/soymigrante.com\/revista\/wp-content\/uploads\/2024\/02\/Fotografiados-junto-a-su-amigo-y-mano-derecha-Jorge-Cris-ambos-disfrutan-de-su-labor-Cris-desempena-el-papel-de-productor-mientras-Yeysson-brilla-como-actor-en-los-videos-1024x733.webp 1024w, https:\/\/soymigrante.com\/revista\/wp-content\/uploads\/2024\/02\/Fotografiados-junto-a-su-amigo-y-mano-derecha-Jorge-Cris-ambos-disfrutan-de-su-labor-Cris-desempena-el-papel-de-productor-mientras-Yeysson-brilla-como-actor-en-los-videos-120x86.webp 120w, https:\/\/soymigrante.com\/revista\/wp-content\/uploads\/2024\/02\/Fotografiados-junto-a-su-amigo-y-mano-derecha-Jorge-Cris-ambos-disfrutan-de-su-labor-Cris-desempena-el-papel-de-productor-mientras-Yeysson-brilla-como-actor-en-los-videos-350x250.webp 350w, https:\/\/soymigrante.com\/revista\/wp-content\/uploads\/2024\/02\/Fotografiados-junto-a-su-amigo-y-mano-derecha-Jorge-Cris-ambos-disfrutan-de-su-labor-Cris-desempena-el-papel-de-productor-mientras-Yeysson-brilla-como-actor-en-los-videos-750x537.webp 750w, https:\/\/soymigrante.com\/revista\/wp-content\/uploads\/2024\/02\/Fotografiados-junto-a-su-amigo-y-mano-derecha-Jorge-Cris-ambos-disfrutan-de-su-labor-Cris-desempena-el-papel-de-productor-mientras-Yeysson-brilla-como-actor-en-los-videos.webp 1080w\" sizes=\"(max-width: 768px) 100vw, 768px\" \/>\t\t\t\t\t\t\t\t\t\t\t<figcaption class=\"widget-image-caption wp-caption-text\">Fotografiados junto a su amigo y mano derecha, Jorge Cris, ambos disfrutan de su labor Cris desempe\u00f1a el papel de productor mientras Yeysson brilla como actor en los videos. iene una destacada presencia en las redes sociales, con 286 mil seguidores en Facebook y medio mill\u00f3n en Tik Tok.<\/figcaption>\n\t\t\t\t\t\t\t\t\t\t<\/figure>\n\t\t\t\t\t\t\t\t\t<\/div>\n\t\t\t\t\t<\/div>\n\t\t<\/div>\n\t\t\t\t\t<\/div>\n\t\t<\/section>\n\t\t\t\t<section data-particle_enable=\"false\" data-particle-mobile-disabled=\"false\" class=\"elementor-section elementor-top-section elementor-element elementor-element-8e30433 elementor-section-boxed elementor-section-height-default elementor-section-height-default\" data-id=\"8e30433\" data-element_type=\"section\" data-e-type=\"section\">\n\t\t\t\t\t\t<div class=\"elementor-container elementor-column-gap-default\">\n\t\t\t\t\t<div class=\"elementor-column elementor-col-100 elementor-top-column elementor-element elementor-element-54b8c1f\" data-id=\"54b8c1f\" data-element_type=\"column\" data-e-type=\"column\">\n\t\t\t<div class=\"elementor-widget-wrap elementor-element-populated\">\n\t\t\t\t\t\t<div class=\"elementor-element elementor-element-0add5de elementor-widget elementor-widget-heading\" data-id=\"0add5de\" data-element_type=\"widget\" data-e-type=\"widget\" data-widget_type=\"heading.default\">\n\t\t\t\t\t<h2 class=\"elementor-heading-title elementor-size-default\">La tercera es la vencida\n<\/h2>\t\t\t\t<\/div>\n\t\t\t\t\t<\/div>\n\t\t<\/div>\n\t\t\t\t\t<\/div>\n\t\t<\/section>\n\t\t\t\t<section data-particle_enable=\"false\" data-particle-mobile-disabled=\"false\" class=\"elementor-section elementor-top-section elementor-element elementor-element-56458a0 elementor-section-boxed elementor-section-height-default elementor-section-height-default\" data-id=\"56458a0\" data-element_type=\"section\" data-e-type=\"section\">\n\t\t\t\t\t\t<div class=\"elementor-container elementor-column-gap-default\">\n\t\t\t\t\t<div class=\"elementor-column elementor-col-100 elementor-top-column elementor-element elementor-element-d43f850\" data-id=\"d43f850\" data-element_type=\"column\" data-e-type=\"column\">\n\t\t\t<div class=\"elementor-widget-wrap elementor-element-populated\">\n\t\t\t\t\t\t<div class=\"elementor-element elementor-element-aa9900d elementor-widget elementor-widget-text-editor\" data-id=\"aa9900d\" data-element_type=\"widget\" data-e-type=\"widget\" data-widget_type=\"text-editor.default\">\n\t\t\t\t\t\t\t\t\t<p><span style=\"font-weight: 400;\">Sus cuentas fueron cerradas en TikTok, donde ten\u00eda una audiencia de 200 mil seguidores. A pesar de este rev\u00e9s, pudo contar con el respaldo de una comunidad que lo apoy\u00f3 nuevamente. Perdi\u00f3 su segunda cuenta y logr\u00f3 reabrir una tercera, esta vez con m\u00e1s facilidad para reconectar con su audiencia.<\/span><\/p><p><span style=\"font-weight: 400;\">&#8220;Gan\u00e9 el coraz\u00f3n de la comunidad guatemalteca. Lamentablemente, hay quienes nos etiquetan por nuestro tama\u00f1o y nos critican por nuestro tono de piel, pero siempre he defendido a mi gente. A pesar de eso, tambi\u00e9n enfrent\u00e9 la oposici\u00f3n de aquellos que no apoyaban mi contenido y reportaron mis cuentas, lo que result\u00f3 en su cierre. Pero no me di por vencido&#8221;.<\/span><\/p><p><span style=\"font-weight: 400;\">La perseverancia y la paciencia han rendido frutos ya que el Tacuaz\u00edn cuenta actualmente con 500 mil seguidores, ahora \u00e9l sabe que cuenta con una comunidad que lo respalda, pero sabe que debe brindar contenido con ingenio y calidad.\u00a0<\/span><\/p>\t\t\t\t\t\t\t\t<\/div>\n\t\t\t\t\t<\/div>\n\t\t<\/div>\n\t\t\t\t\t<\/div>\n\t\t<\/section>\n\t\t\t\t<section data-particle_enable=\"false\" data-particle-mobile-disabled=\"false\" class=\"elementor-section elementor-top-section elementor-element elementor-element-374b896 elementor-section-boxed elementor-section-height-default elementor-section-height-default\" data-id=\"374b896\" data-element_type=\"section\" data-e-type=\"section\">\n\t\t\t\t\t\t<div class=\"elementor-container elementor-column-gap-default\">\n\t\t\t\t\t<div class=\"elementor-column elementor-col-100 elementor-top-column elementor-element elementor-element-f4569fa\" data-id=\"f4569fa\" data-element_type=\"column\" data-e-type=\"column\">\n\t\t\t<div class=\"elementor-widget-wrap elementor-element-populated\">\n\t\t\t\t\t\t<div class=\"elementor-element elementor-element-6c70924 elementor-widget elementor-widget-image\" data-id=\"6c70924\" data-element_type=\"widget\" data-e-type=\"widget\" data-widget_type=\"image.default\">\n\t\t\t\t\t\t\t\t\t\t\t\t<figure class=\"wp-caption\">\n\t\t\t\t\t\t\t\t\t\t<img decoding=\"async\" width=\"642\" height=\"413\" src=\"https:\/\/soymigrante.com\/revista\/wp-content\/uploads\/2024\/02\/Captura-de-pantalla-2024-02-23-113601.webp\" class=\"attachment-large size-large wp-image-5030\" alt=\"Jeysson Salazar, &quot;El Tacuaz\u00edn Canche&quot; elabora videos humor\u00edsticos pero est\u00e1 consciente de los retos de su pa\u00eds, por ello en 2023 particip\u00f3 en las manifestaciones frente al Consulado de Guatemala para exigir respeto a la democracia y a los resultados electorales.\" srcset=\"https:\/\/soymigrante.com\/revista\/wp-content\/uploads\/2024\/02\/Captura-de-pantalla-2024-02-23-113601.webp 642w, https:\/\/soymigrante.com\/revista\/wp-content\/uploads\/2024\/02\/Captura-de-pantalla-2024-02-23-113601-300x193.webp 300w\" sizes=\"(max-width: 642px) 100vw, 642px\" \/>\t\t\t\t\t\t\t\t\t\t\t<figcaption class=\"widget-image-caption wp-caption-text\">Jeysson Salazar, \"El Tacuaz\u00edn Canche\" elabora videos humor\u00edsticos pero est\u00e1 consciente de los retos de su pa\u00eds, por ello en 2023 particip\u00f3 en las manifestaciones frente al Consulado de Guatemala para exigir respeto a la democracia y a los resultados electorales.<\/figcaption>\n\t\t\t\t\t\t\t\t\t\t<\/figure>\n\t\t\t\t\t\t\t\t\t<\/div>\n\t\t\t\t\t<\/div>\n\t\t<\/div>\n\t\t\t\t\t<\/div>\n\t\t<\/section>\n\t\t\t\t<section data-particle_enable=\"false\" data-particle-mobile-disabled=\"false\" class=\"elementor-section elementor-top-section elementor-element elementor-element-c973108 elementor-section-boxed elementor-section-height-default elementor-section-height-default\" data-id=\"c973108\" data-element_type=\"section\" data-e-type=\"section\">\n\t\t\t\t\t\t<div class=\"elementor-container elementor-column-gap-default\">\n\t\t\t\t\t<div class=\"elementor-column elementor-col-100 elementor-top-column elementor-element elementor-element-218cdf8\" data-id=\"218cdf8\" data-element_type=\"column\" data-e-type=\"column\">\n\t\t\t<div class=\"elementor-widget-wrap elementor-element-populated\">\n\t\t\t\t\t\t<div class=\"elementor-element elementor-element-fd9569f elementor-widget elementor-widget-text-editor\" data-id=\"fd9569f\" data-element_type=\"widget\" data-e-type=\"widget\" data-widget_type=\"text-editor.default\">\n\t\t\t\t\t\t\t\t\t<p>La creaci\u00f3n de los videos est\u00e1 inspirada en la comunidad guatemalteca, y las ideas surgen tanto de los comentarios positivos como de los negativos. &#8220;Mi trabajo ha logrado que mucha gente me reconozca. Por ejemplo, en los partidos de f\u00fatbol siempre encuentro a varias personas que me reconocen y se toman fotos conmigo&#8221;<\/p><p><span style=\"font-weight: 400;\">\u201cSiempre he dicho que no soy famoso, simplemente soy conocido; mantengo los pies en la tierra. Es reconfortante cuando voy a alg\u00fan lugar y encuentro a mucha gente guatemalteca que me rodea y me dice que les gustan mis videos, me piden aut\u00f3grafos. Es hermoso sentir el aprecio de la gente y representar con orgullo la bandera de Guatemala&#8221;. A\u00f1adi\u00f3.<\/span><\/p><p><span style=\"font-weight: 400;\">Tacuaz\u00edn Canche tiene una destacada presencia en las redes sociales, con 286 mil seguidores en Facebook y medio mill\u00f3n en Tik Tok, donde resalta especialmente su conexi\u00f3n con la comunidad latinoamericana. Cuando hay juegos de la selecci\u00f3n nacional de futbol de Guatemala es infaltable su presencia y sus seguidores no dejan ir la oportunidad de fotografiarse con \u00e9l.<\/span><\/p>\t\t\t\t\t\t\t\t<\/div>\n\t\t\t\t\t<\/div>\n\t\t<\/div>\n\t\t\t\t\t<\/div>\n\t\t<\/section>\n\t\t\t\t<section data-particle_enable=\"false\" data-particle-mobile-disabled=\"false\" class=\"elementor-section elementor-top-section elementor-element elementor-element-64a6fba elementor-section-boxed elementor-section-height-default elementor-section-height-default\" data-id=\"64a6fba\" data-element_type=\"section\" data-e-type=\"section\">\n\t\t\t\t\t\t<div class=\"elementor-container elementor-column-gap-default\">\n\t\t\t\t\t<div class=\"elementor-column elementor-col-100 elementor-top-column elementor-element elementor-element-22aebc8\" data-id=\"22aebc8\" data-element_type=\"column\" data-e-type=\"column\">\n\t\t\t<div class=\"elementor-widget-wrap elementor-element-populated\">\n\t\t\t\t\t\t<div class=\"elementor-element elementor-element-a69b599 elementor-widget elementor-widget-facebook-embed\" data-id=\"a69b599\" data-element_type=\"widget\" data-e-type=\"widget\" data-widget_type=\"facebook-embed.default\">\n\t\t\t\t\t<div style=\"min-height: 1px\" class=\"elementor-facebook-widget fb-post\" data-href=\"https:\/\/www.facebook.com\/100067754544587\/videos\/1488022101772129\" data-show-text=\"true\"><\/div>\t\t\t\t<\/div>\n\t\t\t\t\t<\/div>\n\t\t<\/div>\n\t\t\t\t\t<\/div>\n\t\t<\/section>\n\t\t\t\t<section data-particle_enable=\"false\" data-particle-mobile-disabled=\"false\" class=\"elementor-section elementor-top-section elementor-element elementor-element-1b84846 elementor-section-boxed elementor-section-height-default elementor-section-height-default\" data-id=\"1b84846\" data-element_type=\"section\" data-e-type=\"section\">\n\t\t\t\t\t\t<div class=\"elementor-container elementor-column-gap-default\">\n\t\t\t\t\t<div class=\"elementor-column elementor-col-100 elementor-top-column elementor-element elementor-element-490d504\" data-id=\"490d504\" data-element_type=\"column\" data-e-type=\"column\">\n\t\t\t<div class=\"elementor-widget-wrap elementor-element-populated\">\n\t\t\t\t\t\t<div class=\"elementor-element elementor-element-84a8c27 elementor-widget elementor-widget-heading\" data-id=\"84a8c27\" data-element_type=\"widget\" data-e-type=\"widget\" data-widget_type=\"heading.default\">\n\t\t\t\t\t<h2 class=\"elementor-heading-title elementor-size-default\">En camino al \u00e9xito<\/h2>\t\t\t\t<\/div>\n\t\t\t\t\t<\/div>\n\t\t<\/div>\n\t\t\t\t\t<\/div>\n\t\t<\/section>\n\t\t\t\t<section data-particle_enable=\"false\" data-particle-mobile-disabled=\"false\" class=\"elementor-section elementor-top-section elementor-element elementor-element-eb9933a elementor-section-boxed elementor-section-height-default elementor-section-height-default\" data-id=\"eb9933a\" data-element_type=\"section\" data-e-type=\"section\">\n\t\t\t\t\t\t<div class=\"elementor-container elementor-column-gap-default\">\n\t\t\t\t\t<div class=\"elementor-column elementor-col-100 elementor-top-column elementor-element elementor-element-ef49002\" data-id=\"ef49002\" data-element_type=\"column\" data-e-type=\"column\">\n\t\t\t<div class=\"elementor-widget-wrap elementor-element-populated\">\n\t\t\t\t\t\t<div class=\"elementor-element elementor-element-edb2309 elementor-widget elementor-widget-text-editor\" data-id=\"edb2309\" data-element_type=\"widget\" data-e-type=\"widget\" data-widget_type=\"text-editor.default\">\n\t\t\t\t\t\t\t\t\t<p><span style=\"font-weight: 400;\">Sus pr\u00f3ximos proyectos se centran en el esfuerzo y la dedicaci\u00f3n hacia su familia, as\u00ed como en la creaci\u00f3n de un podcast destinado a los guatemaltecos que viven fuera de su pa\u00eds natal. &#8220;Creo firmemente que todas las personas merecen el mismo respeto y necesitan ser escuchadas&#8221;.<\/span><\/p><p><span style=\"font-weight: 400;\">El trabajo de Tacuaz\u00edn se lleva a cabo con el apoyo de su equipo de producci\u00f3n, conformado por Jorge Cris y Yonathan. &#8220;Jorge Cris es el pilar de nuestro equipo de grabaci\u00f3n. Juntos estamos creciendo, cada uno aporta lo que m\u00e1s disfruta: \u00e9l, experto en capturar momentos con su c\u00e1mara y grabar, y yo, entregado a la actuaci\u00f3n&#8221;.<\/span><\/p><p><span style=\"font-weight: 400;\">En este proyecto, se ha desarrollado una serie de siete cap\u00edtulos que retrata la traves\u00eda de los migrantes guatemaltecos desde su partida hasta su llegada a Estados Unidos. Esta serie ha despertado el inter\u00e9s por una segunda temporada.<\/span><\/p><p><span style=\"font-weight: 400;\">Cada uno de los contenidos tiene como objetivo transmitir un recuerdo sobre Guatemala \u201cPor ejemplo, puedo observar la diferencia entre los ni\u00f1os y ni\u00f1as que crecen aqu\u00ed; se dedican a otras actividades durante su infancia, mientras que en Guatemala, los juegos tradicionales como los trompos y las canicas eran parte integral de nuestra ni\u00f1ez. Es posible que esta experiencia sea dif\u00edcil de comprender para ellos.<\/span><\/p><p><span style=\"font-weight: 400;\">&#8220;Este trayecto no ha sido sencillo. Adem\u00e1s de crear contenido, tambi\u00e9n tengo otro trabajo. Sin embargo, mi esposa, mi hijo, mis padres, mis amigos y la comunidad que me sigue han sido un apoyo indispensable.&#8221;<\/span><\/p>\t\t\t\t\t\t\t\t<\/div>\n\t\t\t\t\t<\/div>\n\t\t<\/div>\n\t\t\t\t\t<\/div>\n\t\t<\/section>\n\t\t\t\t<section data-particle_enable=\"false\" data-particle-mobile-disabled=\"false\" class=\"elementor-section elementor-top-section elementor-element elementor-element-90e1f60 elementor-section-boxed elementor-section-height-default elementor-section-height-default\" data-id=\"90e1f60\" data-element_type=\"section\" data-e-type=\"section\">\n\t\t\t\t\t\t<div class=\"elementor-container elementor-column-gap-default\">\n\t\t\t\t\t<div class=\"elementor-column elementor-col-100 elementor-top-column elementor-element elementor-element-51d2871\" data-id=\"51d2871\" data-element_type=\"column\" data-e-type=\"column\">\n\t\t\t<div class=\"elementor-widget-wrap elementor-element-populated\">\n\t\t\t\t\t\t<div class=\"elementor-element elementor-element-efa77d5 elementor-arrows-position-inside elementor-pagination-position-outside elementor-widget elementor-widget-image-carousel\" data-id=\"efa77d5\" data-element_type=\"widget\" data-e-type=\"widget\" data-settings=\"{&quot;slides_to_show&quot;:&quot;1&quot;,&quot;navigation&quot;:&quot;both&quot;,&quot;autoplay&quot;:&quot;yes&quot;,&quot;pause_on_hover&quot;:&quot;yes&quot;,&quot;pause_on_interaction&quot;:&quot;yes&quot;,&quot;autoplay_speed&quot;:5000,&quot;infinite&quot;:&quot;yes&quot;,&quot;effect&quot;:&quot;slide&quot;,&quot;speed&quot;:500}\" data-widget_type=\"image-carousel.default\">\n\t\t\t\t\t\t\t<div class=\"elementor-image-carousel-wrapper swiper\" role=\"region\" aria-roledescription=\"carousel\" aria-label=\"Carrusel de im\u00e1genes\" dir=\"ltr\">\n\t\t\t<div class=\"elementor-image-carousel swiper-wrapper\" aria-live=\"off\">\n\t\t\t\t\t\t\t\t<div class=\"swiper-slide\" role=\"group\" aria-roledescription=\"slide\" aria-label=\"1 de 3\"><figure class=\"swiper-slide-inner\"><img decoding=\"async\" class=\"swiper-slide-image\" src=\"https:\/\/soymigrante.com\/revista\/wp-content\/uploads\/2024\/02\/familia--768x1114.webp\" alt=\"Una etapa que construyen junto a su esposa Berly Gir\u00f3n esposa y su hijo Jeason Salazar\" \/><figcaption class=\"elementor-image-carousel-caption\">Una etapa que construyen junto a su esposa Berly Gir\u00f3n  y su hijo Jeason Salazar\n<\/figcaption><\/figure><\/div><div class=\"swiper-slide\" role=\"group\" aria-roledescription=\"slide\" aria-label=\"2 de 3\"><figure class=\"swiper-slide-inner\"><img decoding=\"async\" class=\"swiper-slide-image\" src=\"https:\/\/soymigrante.com\/revista\/wp-content\/uploads\/2024\/02\/familia-1-768x1114.webp\" alt=\"us pr\u00f3ximos proyectos se centran en el esfuerzo y la dedicaci\u00f3n hacia su familia\" \/><figcaption class=\"elementor-image-carousel-caption\">us pr\u00f3ximos proyectos se centran en el esfuerzo y la dedicaci\u00f3n hacia su familia<\/figcaption><\/figure><\/div><div class=\"swiper-slide\" role=\"group\" aria-roledescription=\"slide\" aria-label=\"3 de 3\"><figure class=\"swiper-slide-inner\"><img decoding=\"async\" class=\"swiper-slide-image\" src=\"https:\/\/soymigrante.com\/revista\/wp-content\/uploads\/2024\/02\/junto-a-su-esposa-768x1114.webp\" alt=\"Jeysson resalta el amor hacia su familia y la gratitud por el apoyo incondicional.\" \/><figcaption class=\"elementor-image-carousel-caption\">Jeysson resalta el amor hacia su familia y la gratitud por el apoyo incondicional. <\/figcaption><\/figure><\/div>\t\t\t<\/div>\n\t\t\t\t\t\t\t\t\t\t\t\t<div class=\"elementor-swiper-button elementor-swiper-button-prev\" role=\"button\" tabindex=\"0\">\n\t\t\t\t\t\t<i aria-hidden=\"true\" class=\"eicon-chevron-left\"><\/i>\t\t\t\t\t<\/div>\n\t\t\t\t\t<div class=\"elementor-swiper-button elementor-swiper-button-next\" role=\"button\" tabindex=\"0\">\n\t\t\t\t\t\t<i aria-hidden=\"true\" class=\"eicon-chevron-right\"><\/i>\t\t\t\t\t<\/div>\n\t\t\t\t\n\t\t\t\t\t\t\t\t\t<div class=\"swiper-pagination\"><\/div>\n\t\t\t\t\t\t\t\t\t<\/div>\n\t\t\t\t\t\t<\/div>\n\t\t\t\t\t<\/div>\n\t\t<\/div>\n\t\t\t\t\t<\/div>\n\t\t<\/section>\n\t\t\t\t<section data-particle_enable=\"false\" data-particle-mobile-disabled=\"false\" class=\"elementor-section elementor-top-section elementor-element elementor-element-f3e7ebe elementor-section-boxed elementor-section-height-default elementor-section-height-default\" data-id=\"f3e7ebe\" data-element_type=\"section\" data-e-type=\"section\">\n\t\t\t\t\t\t<div class=\"elementor-container elementor-column-gap-default\">\n\t\t\t\t\t<div class=\"elementor-column elementor-col-100 elementor-top-column elementor-element elementor-element-97c8045\" data-id=\"97c8045\" data-element_type=\"column\" data-e-type=\"column\">\n\t\t\t<div class=\"elementor-widget-wrap elementor-element-populated\">\n\t\t\t\t\t\t<div class=\"elementor-element elementor-element-0f7dbbd elementor-testimonial--skin-default elementor-testimonial--layout-image_inline elementor-testimonial--align-center elementor-arrows-yes elementor-pagination-type-bullets elementor-widget elementor-widget-testimonial-carousel\" data-id=\"0f7dbbd\" data-element_type=\"widget\" data-e-type=\"widget\" data-settings=\"{&quot;show_arrows&quot;:&quot;yes&quot;,&quot;pagination&quot;:&quot;bullets&quot;,&quot;speed&quot;:500,&quot;autoplay&quot;:&quot;yes&quot;,&quot;autoplay_speed&quot;:5000,&quot;loop&quot;:&quot;yes&quot;,&quot;pause_on_hover&quot;:&quot;yes&quot;,&quot;pause_on_interaction&quot;:&quot;yes&quot;,&quot;space_between&quot;:{&quot;unit&quot;:&quot;px&quot;,&quot;size&quot;:10,&quot;sizes&quot;:[]},&quot;space_between_tablet&quot;:{&quot;unit&quot;:&quot;px&quot;,&quot;size&quot;:10,&quot;sizes&quot;:[]},&quot;space_between_mobile&quot;:{&quot;unit&quot;:&quot;px&quot;,&quot;size&quot;:10,&quot;sizes&quot;:[]}}\" data-widget_type=\"testimonial-carousel.default\">\n\t\t\t\t\t\t\t\t\t\t<div class=\"elementor-main-swiper swiper\" role=\"region\" aria-roledescription=\"carousel\" aria-label=\"Diapositivas\">\n\t\t\t\t<div class=\"swiper-wrapper\">\n\t\t\t\t\t\t\t\t\t\t\t<div class=\"swiper-slide\" role=\"group\" aria-roledescription=\"slide\">\n\t\t\t\t\t\t\t\t\t<div class=\"elementor-testimonial\">\n\t\t\t\t\t\t\t<div class=\"elementor-testimonial__content\">\n\t\t\t\t\t<div class=\"elementor-testimonial__text\">\n\t\t\t\t\t\t\"La vida migrante no es f\u00e1cil; requiere tiempo, trabajo y a veces te aleja de tu familia. Con dedicaci\u00f3n, se pueden alcanzar muchas cosas. Yo mismo no he logrado todo lo que quiero, pero mi meta es luchar junto a mi familia y mis amigos. Ha sido dif\u00edcil, pero cr\u00e9anme, cuanta m\u00e1s cuesta, mejor ser\u00e1 la recompensa.\"\n\t\t\t\t\t<\/div>\n\t\t\t\t\t\t\t\t\t<\/div>\n\t\t\t\t\t\t<div class=\"elementor-testimonial__footer\">\n\t\t\t\t\t\t\t\t\t<div class=\"elementor-testimonial__image\">\n\t\t\t\t\t\t<img decoding=\"async\" src=\"https:\/\/soymigrante.com\/revista\/wp-content\/uploads\/2024\/02\/Yeason-e1707850378111.webp\" alt=\"Jeysson Reynaldo Salazar Tobar, conocido como el Tacuaz\u00edn Canche es oriundo de Ipala, Chiquimula, Guatemala,\">\n\t\t\t\t\t\t\t\t\t\t\t<\/div>\n\t\t\t\t\t\t\t\t<cite class=\"elementor-testimonial__cite\"><span class=\"elementor-testimonial__name\">Jeysson Salzar El Tacuazin Canche<\/span><span class=\"elementor-testimonial__title\">Creador de contenido y migrante guatemalteco<\/span><\/cite>\t\t\t<\/div>\n\t\t<\/div>\n\t\t\t\t\t\t\t\t<\/div>\n\t\t\t\t\t\t\t\t\t<\/div>\n\t\t\t\t\t\t\t<\/div>\n\t\t\t\t\t\t\t\t<\/div>\n\t\t\t\t\t<\/div>\n\t\t<\/div>\n\t\t\t\t\t<\/div>\n\t\t<\/section>\n\t\t\t\t<section data-particle_enable=\"false\" data-particle-mobile-disabled=\"false\" class=\"elementor-section elementor-top-section elementor-element elementor-element-14d4a9b elementor-section-boxed elementor-section-height-default elementor-section-height-default\" data-id=\"14d4a9b\" data-element_type=\"section\" data-e-type=\"section\">\n\t\t\t\t\t\t<div class=\"elementor-container elementor-column-gap-default\">\n\t\t\t\t\t<div class=\"elementor-column elementor-col-100 elementor-top-column elementor-element elementor-element-8aa62c5\" data-id=\"8aa62c5\" data-element_type=\"column\" data-e-type=\"column\">\n\t\t\t<div class=\"elementor-widget-wrap elementor-element-populated\">\n\t\t\t\t\t\t<div class=\"elementor-element elementor-element-2452961 elementor-widget elementor-widget-heading\" data-id=\"2452961\" data-element_type=\"widget\" data-e-type=\"widget\" data-widget_type=\"heading.default\">\n\t\t\t\t\t<h2 class=\"elementor-heading-title elementor-size-default\">Lee m\u00e1s historias que inspiran...<\/h2>\t\t\t\t<\/div>\n\t\t\t\t\t<\/div>\n\t\t<\/div>\n\t\t\t\t\t<\/div>\n\t\t<\/section>\n\t\t\t\t<section data-particle_enable=\"false\" data-particle-mobile-disabled=\"false\" class=\"elementor-section elementor-top-section elementor-element elementor-element-edbecf3 elementor-section-boxed elementor-section-height-default elementor-section-height-default\" data-id=\"edbecf3\" data-element_type=\"section\" data-e-type=\"section\">\n\t\t\t\t\t\t<div class=\"elementor-container elementor-column-gap-default\">\n\t\t\t\t\t<div class=\"elementor-column elementor-col-100 elementor-top-column elementor-element elementor-element-cb73b5a\" data-id=\"cb73b5a\" data-element_type=\"column\" data-e-type=\"column\">\n\t\t\t<div class=\"elementor-widget-wrap elementor-element-populated\">\n\t\t\t\t\t\t<div class=\"elementor-element elementor-element-33cc31c elementor-grid-eael-col-2 elementor-grid-tablet-eael-col-2 elementor-grid-mobile-eael-col-1 elementor-widget elementor-widget-eael-post-grid\" data-id=\"33cc31c\" data-element_type=\"widget\" data-e-type=\"widget\" data-settings=\"{&quot;eael_post_grid_columns&quot;:&quot;eael-col-2&quot;,&quot;eael_post_grid_columns_tablet&quot;:&quot;eael-col-2&quot;,&quot;eael_post_grid_columns_mobile&quot;:&quot;eael-col-1&quot;}\" data-widget_type=\"eael-post-grid.default\">\n\t\t\t\t\t<div id=\"eael-post-grid-33cc31c\" class=\"eael-post-grid-container\">\n            <div class=\"eael-post-grid eael-post-appender eael-post-appender-33cc31c eael-post-grid-style-one\" data-layout-mode=\"masonry\"><article class=\"eael-grid-post  eael-post-grid-column eael-pg-post-4361 category-exitos\" data-id=\"4361\">\n        <div class=\"eael-grid-post-holder\">\n            <div class=\"eael-grid-post-holder-inner\"><div class=\"eael-entry-media\"><div class=\"eael-entry-overlay fade-in\"><i class=\"fas fa-long-arrow-alt-right\" aria-hidden=\"true\"><\/i><a href=\"https:\/\/soymigrante.com\/revista\/paulino-migrante-experto-tecnologia-defensor-comunidad-guatemalteca\/\"><\/a><\/div><div class=\"eael-entry-thumbnail \">\n                <img loading=\"lazy\" decoding=\"async\" width=\"300\" height=\"300\" src=\"https:\/\/soymigrante.com\/revista\/wp-content\/uploads\/2024\/01\/Juramentacion-de-la-Junta-por-circunscripcion-electoral-centro-de-tribunal-supremo-electoral-300x300.webp\" class=\"attachment-medium size-medium wp-image-4324\" alt=\"Paulino Garcia es originario de Totonicap\u00e1n, Guatemala. cumpli\u00f3 el sue\u00f1o de convertirse en un ingeniero en sistemas y por compromiso social se involucro como voluntario en varias organizaciones de atenci\u00f3n a la comunidad migrante\" srcset=\"https:\/\/soymigrante.com\/revista\/wp-content\/uploads\/2024\/01\/Juramentacion-de-la-Junta-por-circunscripcion-electoral-centro-de-tribunal-supremo-electoral-300x300.webp 300w, https:\/\/soymigrante.com\/revista\/wp-content\/uploads\/2024\/01\/Juramentacion-de-la-Junta-por-circunscripcion-electoral-centro-de-tribunal-supremo-electoral-1024x1024.webp 1024w, https:\/\/soymigrante.com\/revista\/wp-content\/uploads\/2024\/01\/Juramentacion-de-la-Junta-por-circunscripcion-electoral-centro-de-tribunal-supremo-electoral-150x150.webp 150w, https:\/\/soymigrante.com\/revista\/wp-content\/uploads\/2024\/01\/Juramentacion-de-la-Junta-por-circunscripcion-electoral-centro-de-tribunal-supremo-electoral-768x768.webp 768w, https:\/\/soymigrante.com\/revista\/wp-content\/uploads\/2024\/01\/Juramentacion-de-la-Junta-por-circunscripcion-electoral-centro-de-tribunal-supremo-electoral-75x75.webp 75w, https:\/\/soymigrante.com\/revista\/wp-content\/uploads\/2024\/01\/Juramentacion-de-la-Junta-por-circunscripcion-electoral-centro-de-tribunal-supremo-electoral-750x750.webp 750w, https:\/\/soymigrante.com\/revista\/wp-content\/uploads\/2024\/01\/Juramentacion-de-la-Junta-por-circunscripcion-electoral-centro-de-tribunal-supremo-electoral-1140x1140.webp 1140w, https:\/\/soymigrante.com\/revista\/wp-content\/uploads\/2024\/01\/Juramentacion-de-la-Junta-por-circunscripcion-electoral-centro-de-tribunal-supremo-electoral-600x600.webp 600w, https:\/\/soymigrante.com\/revista\/wp-content\/uploads\/2024\/01\/Juramentacion-de-la-Junta-por-circunscripcion-electoral-centro-de-tribunal-supremo-electoral.webp 1200w\" sizes=\"(max-width: 300px) 100vw, 300px\" \/>\n            <\/div>\n        <\/div><div class=\"eael-entry-wrapper\"><header class=\"eael-entry-header\"><h2 class=\"eael-entry-title\"><a class=\"eael-grid-post-link\" href=\"https:\/\/soymigrante.com\/revista\/paulino-migrante-experto-tecnologia-defensor-comunidad-guatemalteca\/\" title=\"Paulino Garc\u00eda: un migrante programado para servir a la comunidad guatemalteca\">Paulino Garc\u00eda: un migrante programado para servir a la comunidad guatemalteca<\/a><\/h2><\/header><\/div><\/div>\n        <\/div>\n    <\/article><article class=\"eael-grid-post  eael-post-grid-column eael-pg-post-4221 category-exitos\" data-id=\"4221\">\n        <div class=\"eael-grid-post-holder\">\n            <div class=\"eael-grid-post-holder-inner\"><div class=\"eael-entry-media\"><div class=\"eael-entry-overlay fade-in\"><i class=\"fas fa-long-arrow-alt-right\" aria-hidden=\"true\"><\/i><a href=\"https:\/\/soymigrante.com\/revista\/walter-batres-presidente-red-migrante-guatemalteca-experiencia-los-angeles\/\"><\/a><\/div><div class=\"eael-entry-thumbnail \">\n                <img loading=\"lazy\" decoding=\"async\" width=\"300\" height=\"237\" src=\"https:\/\/soymigrante.com\/revista\/wp-content\/uploads\/2024\/01\/Captura-de-pantalla-2024-01-06-122654-e1704565722939-300x237.webp\" class=\"attachment-medium size-medium wp-image-4257\" alt=\"\" srcset=\"https:\/\/soymigrante.com\/revista\/wp-content\/uploads\/2024\/01\/Captura-de-pantalla-2024-01-06-122654-e1704565722939-300x237.webp 300w, https:\/\/soymigrante.com\/revista\/wp-content\/uploads\/2024\/01\/Captura-de-pantalla-2024-01-06-122654-e1704565722939.webp 661w\" sizes=\"(max-width: 300px) 100vw, 300px\" \/>\n            <\/div>\n        <\/div><div class=\"eael-entry-wrapper\"><header class=\"eael-entry-header\"><h2 class=\"eael-entry-title\"><a class=\"eael-grid-post-link\" href=\"https:\/\/soymigrante.com\/revista\/walter-batres-presidente-red-migrante-guatemalteca-experiencia-los-angeles\/\" title=\"Una red de hermandad y servicio preside el migrante Walter Batres\">Una red de hermandad y servicio preside el migrante Walter Batres<\/a><\/h2><\/header><\/div><\/div>\n        <\/div>\n    <\/article><article class=\"eael-grid-post  eael-post-grid-column eael-pg-post-3915 category-exitos\" data-id=\"3915\">\n        <div class=\"eael-grid-post-holder\">\n            <div class=\"eael-grid-post-holder-inner\"><div class=\"eael-entry-media\"><div class=\"eael-entry-overlay fade-in\"><i class=\"fas fa-long-arrow-alt-right\" aria-hidden=\"true\"><\/i><a href=\"https:\/\/soymigrante.com\/revista\/hermanos-migrantes-guatemaltecos-barberia-migrante-maryland\/\"><\/a><\/div><div class=\"eael-entry-thumbnail \">\n                <img loading=\"lazy\" decoding=\"async\" width=\"300\" height=\"250\" src=\"https:\/\/soymigrante.com\/revista\/wp-content\/uploads\/2023\/12\/hermanos-barberos-prestige-300x250.webp\" class=\"attachment-medium size-medium wp-image-3933\" alt=\"\" srcset=\"https:\/\/soymigrante.com\/revista\/wp-content\/uploads\/2023\/12\/hermanos-barberos-prestige-300x250.webp 300w, https:\/\/soymigrante.com\/revista\/wp-content\/uploads\/2023\/12\/hermanos-barberos-prestige.webp 393w\" sizes=\"(max-width: 300px) 100vw, 300px\" \/>\n            <\/div>\n        <\/div><div class=\"eael-entry-wrapper\"><header class=\"eael-entry-header\"><h2 class=\"eael-entry-title\"><a class=\"eael-grid-post-link\" href=\"https:\/\/soymigrante.com\/revista\/hermanos-migrantes-guatemaltecos-barberia-migrante-maryland\/\" title=\"Hermanos migrantes de Olintepeque atienden su barber\u00eda en Hyattsville, Maryland\">Hermanos migrantes de Olintepeque atienden su barber\u00eda en Hyattsville, Maryland<\/a><\/h2><\/header><\/div><\/div>\n        <\/div>\n    <\/article><article class=\"eael-grid-post  eael-post-grid-column eael-pg-post-2709 category-exitos\" data-id=\"2709\">\n        <div class=\"eael-grid-post-holder\">\n            <div class=\"eael-grid-post-holder-inner\"><div class=\"eael-entry-media\"><div class=\"eael-entry-overlay fade-in\"><i class=\"fas fa-long-arrow-alt-right\" aria-hidden=\"true\"><\/i><a href=\"https:\/\/soymigrante.com\/revista\/migrante-guatemalteca-claudia-hernandez-dignifica-a-la-mujer\/\"><\/a><\/div><div class=\"eael-entry-thumbnail \">\n                <img loading=\"lazy\" decoding=\"async\" width=\"300\" height=\"193\" src=\"https:\/\/soymigrante.com\/revista\/wp-content\/uploads\/2023\/09\/clau-hern-300x193.webp\" class=\"attachment-medium size-medium wp-image-2886\" alt=\"Claudia D. Hern\u00e1ndez, migrante y escritora guatemalteca.\" srcset=\"https:\/\/soymigrante.com\/revista\/wp-content\/uploads\/2023\/09\/clau-hern-300x193.webp 300w, https:\/\/soymigrante.com\/revista\/wp-content\/uploads\/2023\/09\/clau-hern-1024x660.webp 1024w, https:\/\/soymigrante.com\/revista\/wp-content\/uploads\/2023\/09\/clau-hern-768x495.webp 768w, https:\/\/soymigrante.com\/revista\/wp-content\/uploads\/2023\/09\/clau-hern-750x483.webp 750w, https:\/\/soymigrante.com\/revista\/wp-content\/uploads\/2023\/09\/clau-hern-1140x735.webp 1140w, https:\/\/soymigrante.com\/revista\/wp-content\/uploads\/2023\/09\/clau-hern.webp 1187w\" sizes=\"(max-width: 300px) 100vw, 300px\" \/>\n            <\/div>\n        <\/div><div class=\"eael-entry-wrapper\"><header class=\"eael-entry-header\"><h2 class=\"eael-entry-title\"><a class=\"eael-grid-post-link\" href=\"https:\/\/soymigrante.com\/revista\/migrante-guatemalteca-claudia-hernandez-dignifica-a-la-mujer\/\" title=\"Migrante guatemalteca Claudia D. Hern\u00e1ndez  dignifica a las mujeres con arte y poes\u00eda\">Migrante guatemalteca Claudia D. Hern\u00e1ndez  dignifica a las mujeres con arte y poes\u00eda<\/a><\/h2><\/header><\/div><\/div>\n        <\/div>\n    <\/article><article class=\"eael-grid-post  eael-post-grid-column eael-pg-post-1695 category-exitos\" data-id=\"1695\">\n        <div class=\"eael-grid-post-holder\">\n            <div class=\"eael-grid-post-holder-inner\"><div class=\"eael-entry-media\"><div class=\"eael-entry-overlay fade-in\"><i class=\"fas fa-long-arrow-alt-right\" aria-hidden=\"true\"><\/i><a href=\"https:\/\/soymigrante.com\/revista\/ervin-hernandez-migrante-emprendedor-guatemalteco\/\"><\/a><\/div><div class=\"eael-entry-thumbnail \">\n                <img loading=\"lazy\" decoding=\"async\" width=\"300\" height=\"224\" src=\"https:\/\/soymigrante.com\/revista\/wp-content\/uploads\/2023\/06\/MIgrante-Ervin-Hernandez-300x224.webp\" class=\"attachment-medium size-medium wp-image-1697\" alt=\"Ervin Hern\u00e1ndez se march\u00f3 en 1992 y recientemente lanz\u00f3 su restaurante, Celestia, en carretera a El Salvador, ciudad de Guatemala. Fotograf\u00eda: G. Montenegro\" srcset=\"https:\/\/soymigrante.com\/revista\/wp-content\/uploads\/2023\/06\/MIgrante-Ervin-Hernandez-300x224.webp 300w, https:\/\/soymigrante.com\/revista\/wp-content\/uploads\/2023\/06\/MIgrante-Ervin-Hernandez-1024x765.webp 1024w, https:\/\/soymigrante.com\/revista\/wp-content\/uploads\/2023\/06\/MIgrante-Ervin-Hernandez-768x574.webp 768w, https:\/\/soymigrante.com\/revista\/wp-content\/uploads\/2023\/06\/MIgrante-Ervin-Hernandez-750x561.webp 750w, https:\/\/soymigrante.com\/revista\/wp-content\/uploads\/2023\/06\/MIgrante-Ervin-Hernandez-1140x852.webp 1140w, https:\/\/soymigrante.com\/revista\/wp-content\/uploads\/2023\/06\/MIgrante-Ervin-Hernandez.webp 1255w\" sizes=\"(max-width: 300px) 100vw, 300px\" \/>\n            <\/div>\n        <\/div><div class=\"eael-entry-wrapper\"><header class=\"eael-entry-header\"><h2 class=\"eael-entry-title\"><a class=\"eael-grid-post-link\" href=\"https:\/\/soymigrante.com\/revista\/ervin-hernandez-migrante-emprendedor-guatemalteco\/\" title=\"Migrante y emprendedor Ervin Hern\u00e1ndez invierte en Guatemala\">Migrante y emprendedor Ervin Hern\u00e1ndez invierte en Guatemala<\/a><\/h2><\/header><\/div><\/div>\n        <\/div>\n    <\/article><article class=\"eael-grid-post  eael-post-grid-column eael-pg-post-267 category-estamos-unidos\" data-id=\"267\">\n        <div class=\"eael-grid-post-holder\">\n            <div class=\"eael-grid-post-holder-inner\"><div class=\"eael-entry-media\"><div class=\"eael-entry-overlay fade-in\"><i class=\"fas fa-long-arrow-alt-right\" aria-hidden=\"true\"><\/i><a href=\"https:\/\/soymigrante.com\/revista\/una-ansiada-union-para-brindarse-apoyo-entre-hermanos-del-istmo\/\"><\/a><\/div><div class=\"eael-entry-thumbnail \">\n                <img loading=\"lazy\" decoding=\"async\" width=\"300\" height=\"169\" src=\"https:\/\/soymigrante.com\/revista\/wp-content\/uploads\/2023\/02\/COFECA-RECONOCE-TALENTO-300x169.webp\" class=\"attachment-medium size-medium wp-image-268\" alt=\"\" srcset=\"https:\/\/soymigrante.com\/revista\/wp-content\/uploads\/2023\/02\/COFECA-RECONOCE-TALENTO-300x169.webp 300w, https:\/\/soymigrante.com\/revista\/wp-content\/uploads\/2023\/02\/COFECA-RECONOCE-TALENTO-1024x576.jpg 1024w, https:\/\/soymigrante.com\/revista\/wp-content\/uploads\/2023\/02\/COFECA-RECONOCE-TALENTO-768x432.jpg 768w, https:\/\/soymigrante.com\/revista\/wp-content\/uploads\/2023\/02\/COFECA-RECONOCE-TALENTO-1536x864.jpg 1536w, https:\/\/soymigrante.com\/revista\/wp-content\/uploads\/2023\/02\/COFECA-RECONOCE-TALENTO-750x422.webp 750w, https:\/\/soymigrante.com\/revista\/wp-content\/uploads\/2023\/02\/COFECA-RECONOCE-TALENTO-1140x641.jpg 1140w, https:\/\/soymigrante.com\/revista\/wp-content\/uploads\/2023\/02\/COFECA-RECONOCE-TALENTO.webp 1920w\" sizes=\"(max-width: 300px) 100vw, 300px\" \/>\n            <\/div>\n        <\/div><div class=\"eael-entry-wrapper\"><header class=\"eael-entry-header\"><h2 class=\"eael-entry-title\"><a class=\"eael-grid-post-link\" href=\"https:\/\/soymigrante.com\/revista\/una-ansiada-union-para-brindarse-apoyo-entre-hermanos-del-istmo\/\" title=\"Una ansiada uni\u00f3n para brindarse apoyo entre hermanos del Istmo\">Una ansiada uni\u00f3n para brindarse apoyo entre hermanos del Istmo<\/a><\/h2><\/header><\/div><\/div>\n        <\/div>\n    <\/article><\/div>\n            <div class=\"clearfix\"><\/div>\n        <\/div>\t\t\t\t<\/div>\n\t\t\t\t\t<\/div>\n\t\t<\/div>\n\t\t\t\t\t<\/div>\n\t\t<\/section>\n\t\t\t\t<\/div>\n\t\t","protected":false},"excerpt":{"rendered":"<p>Jeysson Salazar, migrante originario de Ipala, Chiquimula, trabaja en una compa\u00f1\u00eda de construcci\u00f3n en Nueva York y construye una comunidad digital en su canal El Tacuaz\u00edn Canche. Tiene medio mill\u00f3n de seguidores y sigue adelante. Por su ingenio, popularidad y tambi\u00e9n don de servicio, Jeysson Salazar fue galardonado en los Premios Guatemaltecos Usa 2024, auspiciados [&hellip;]<\/p>\n","protected":false},"author":10,"featured_media":5027,"comment_status":"open","ping_status":"open","sticky":false,"template":"","format":"standard","meta":{"_acf_changed":false,"_eb_attr":"","footnotes":""},"categories":[50],"tags":[],"class_list":["post-4859","post","type-post","status-publish","format-standard","has-post-thumbnail","hentry","category-exitos"],"acf":[],"aioseo_notices":[],"aioseo_head":"\n\t\t<!-- All in One SEO Pro 4.9.6.2 - aioseo.com -->\n\t<meta name=\"description\" content=\"Para contactarlos puede escribir sus redes sociales.Su sede f\u00edsica est\u00e1 en 3237 W Sunset Blvd, Los Angeles, CA, United States, CaliforniaTel\u00e9fono +1 323-632-2380Correo electr\u00f3nico: cofeca@sbcglobal.net SoyMigrante.com REVISTA Editorial Somos una plataforma que busca reconocer y dignificar a los migrantes guatemaltecos en los Estados Unidos. Producimos contenidos con el fin de contribuir a\" \/>\n\t<meta name=\"robots\" content=\"max-snippet:-1, max-image-preview:large, max-video-preview:-1\" \/>\n\t<meta name=\"author\" content=\"SoyMigrante.com REVISTA\"\/>\n\t<link rel=\"canonical\" href=\"https:\/\/soymigrante.com\/revista\/una-ansiada-union-para-brindarse-apoyo-entre-hermanos-del-istmo\/\" \/>\n\t<meta name=\"generator\" content=\"All in One SEO Pro (AIOSEO) 4.9.6.2\" \/>\n\n\t\t<link rel=\"preconnect\" href=\"https:\/\/fonts.googleapis.com\" crossorigin>\n<link rel=\"preconnect\" href=\"https:\/\/fonts.gstatic.com\" crossorigin>\n\t\t<meta property=\"og:locale\" content=\"es_ES\" \/>\n\t\t<meta property=\"og:site_name\" content=\"SoyMigrante.com REVISTA \u2013 Nuestra misi\u00f3n es reconocer y dignificar al migrante.\" \/>\n\t\t<meta property=\"og:type\" content=\"article\" \/>\n\t\t<meta property=\"og:title\" content=\"Una ansiada uni\u00f3n para brindarse apoyo entre hermanos del Istmo\" \/>\n\t\t<meta property=\"og:description\" content=\"Para contactarlos puede escribir sus redes sociales.Su sede f\u00edsica est\u00e1 en 3237 W Sunset Blvd, Los Angeles, CA, United States, CaliforniaTel\u00e9fono +1 323-632-2380Correo electr\u00f3nico: cofeca@sbcglobal.net SoyMigrante.com REVISTA Editorial Somos una plataforma que busca reconocer y dignificar a los migrantes guatemaltecos en los Estados Unidos. Producimos contenidos con el fin de contribuir a\" \/>\n\t\t<meta property=\"og:url\" content=\"https:\/\/soymigrante.com\/revista\/una-ansiada-union-para-brindarse-apoyo-entre-hermanos-del-istmo\/\" \/>\n\t\t<meta property=\"og:image\" content=\"https:\/\/soymigrante.com\/revista\/wp-content\/uploads\/2023\/02\/COFECA-RECONOCE-TALENTO.webp\" \/>\n\t\t<meta property=\"og:image:secure_url\" content=\"https:\/\/soymigrante.com\/revista\/wp-content\/uploads\/2023\/02\/COFECA-RECONOCE-TALENTO.webp\" \/>\n\t\t<meta property=\"og:image:width\" content=\"1920\" \/>\n\t\t<meta property=\"og:image:height\" content=\"1080\" \/>\n\t\t<meta property=\"article:published_time\" content=\"2023-05-26T00:44:45+00:00\" \/>\n\t\t<meta property=\"article:modified_time\" content=\"2024-06-25T22:25:00+00:00\" \/>\n\t\t<meta property=\"article:publisher\" content=\"https:\/\/www.facebook.com\/soymigrantecom\" \/>\n\t\t<meta name=\"twitter:card\" content=\"summary_large_image\" \/>\n\t\t<meta name=\"twitter:site\" content=\"@SoyMigrante_com\" \/>\n\t\t<meta name=\"twitter:title\" content=\"Una ansiada uni\u00f3n para brindarse apoyo entre hermanos del Istmo\" \/>\n\t\t<meta name=\"twitter:description\" content=\"Para contactarlos puede escribir sus redes sociales.Su sede f\u00edsica est\u00e1 en 3237 W Sunset Blvd, Los Angeles, CA, United States, CaliforniaTel\u00e9fono +1 323-632-2380Correo electr\u00f3nico: cofeca@sbcglobal.net SoyMigrante.com REVISTA Editorial Somos una plataforma que busca reconocer y dignificar a los migrantes guatemaltecos en los Estados Unidos. Producimos contenidos con el fin de contribuir a\" \/>\n\t\t<meta name=\"twitter:creator\" content=\"@SoyMigrante_com\" \/>\n\t\t<meta name=\"twitter:image\" content=\"https:\/\/soymigrante.com\/revista\/wp-content\/uploads\/2023\/02\/COFECA-RECONOCE-TALENTO.webp\" \/>\n\t\t<!-- All in One SEO Pro -->\r\n\t\t<title>Una ansiada uni\u00f3n para brindarse apoyo entre hermanos del Istmo<\/title>\n\n","aioseo_head_json":{"title":"Una ansiada uni\u00f3n para brindarse apoyo entre hermanos del Istmo","description":"Para contactarlos puede escribir sus redes sociales.Su sede f\u00edsica est\u00e1 en 3237 W Sunset Blvd, Los Angeles, CA, United States, CaliforniaTel\u00e9fono +1 323-632-2380Correo electr\u00f3nico: cofeca@sbcglobal.net SoyMigrante.com REVISTA Editorial Somos una plataforma que busca reconocer y dignificar a los migrantes guatemaltecos en los Estados Unidos. Producimos contenidos con el fin de contribuir a","canonical_url":"https:\/\/soymigrante.com\/revista\/una-ansiada-union-para-brindarse-apoyo-entre-hermanos-del-istmo\/","robots":"max-snippet:-1, max-image-preview:large, max-video-preview:-1","keywords":"","webmasterTools":{"miscellaneous":"&lt;link rel=\"preconnect\" href=\"https:\/\/fonts.googleapis.com\" crossorigin&gt;\n&lt;link rel=\"preconnect\" href=\"https:\/\/fonts.gstatic.com\" crossorigin&gt;"},"schema":null,"og:locale":"es_ES","og:site_name":"SoyMigrante.com REVISTA \u2013 Nuestra misi\u00f3n es reconocer y dignificar al migrante.","og:type":"article","og:title":"Una ansiada uni\u00f3n para brindarse apoyo entre hermanos del Istmo","og:description":"Para contactarlos puede escribir sus redes sociales.Su sede f\u00edsica est\u00e1 en 3237 W Sunset Blvd, Los Angeles, CA, United States, CaliforniaTel\u00e9fono +1 323-632-2380Correo electr\u00f3nico: cofeca@sbcglobal.net SoyMigrante.com REVISTA Editorial Somos una plataforma que busca reconocer y dignificar a los migrantes guatemaltecos en los Estados Unidos. Producimos contenidos con el fin de contribuir a","og:url":"https:\/\/soymigrante.com\/revista\/una-ansiada-union-para-brindarse-apoyo-entre-hermanos-del-istmo\/","og:image":"https:\/\/soymigrante.com\/revista\/wp-content\/uploads\/2023\/02\/COFECA-RECONOCE-TALENTO.webp","og:image:secure_url":"https:\/\/soymigrante.com\/revista\/wp-content\/uploads\/2023\/02\/COFECA-RECONOCE-TALENTO.webp","og:image:width":1920,"og:image:height":1080,"article:published_time":"2023-05-26T00:44:45+00:00","article:modified_time":"2024-06-25T22:25:00+00:00","article:publisher":"https:\/\/www.facebook.com\/soymigrantecom","twitter:card":"summary_large_image","twitter:site":"@SoyMigrante_com","twitter:title":"Una ansiada uni\u00f3n para brindarse apoyo entre hermanos del Istmo","twitter:description":"Para contactarlos puede escribir sus redes sociales.Su sede f\u00edsica est\u00e1 en 3237 W Sunset Blvd, Los Angeles, CA, United States, CaliforniaTel\u00e9fono +1 323-632-2380Correo electr\u00f3nico: cofeca@sbcglobal.net SoyMigrante.com REVISTA Editorial Somos una plataforma que busca reconocer y dignificar a los migrantes guatemaltecos en los Estados Unidos. Producimos contenidos con el fin de contribuir a","twitter:creator":"@SoyMigrante_com","twitter:image":"https:\/\/soymigrante.com\/revista\/wp-content\/uploads\/2023\/02\/COFECA-RECONOCE-TALENTO.webp"},"aioseo_meta_data":{"post_id":"4859","title":"Jeysson el creativo Tacuaz\u00edn migrante guatemalteco en EE.UU.","description":"Jeysson, un creador de contenido guatemalteco migrante, tiene como objetivo mantener viva su conexi\u00f3n con sus ra\u00edces de manera creativa y entretenida.","keywords":[],"keyphrases":{"focus":{"keyphrase":"Migrante","score":82,"analysis":{"keyphraseInTitle":{"score":9,"maxScore":9,"error":0},"keyphraseInDescription":{"score":9,"maxScore":9,"error":0},"keyphraseLength":{"score":9,"maxScore":9,"error":0,"length":1},"keyphraseInURL":{"score":5,"maxScore":5,"error":0},"keyphraseInIntroduction":{"score":3,"maxScore":9,"error":1},"keyphraseInSubHeadings":{"score":3,"maxScore":9,"error":1},"keyphraseInImageAlt":{"score":9,"maxScore":9,"error":0},"keywordDensity":{"type":"best","score":9,"maxScore":9,"error":0}}},"additional":[]},"primary_term":null,"canonical_url":null,"og_title":null,"og_description":null,"og_object_type":"default","og_image_type":"default","og_image_url":null,"og_image_width":null,"og_image_height":null,"og_image_custom_url":null,"og_image_custom_fields":null,"og_video":"","og_custom_url":null,"og_article_section":null,"og_article_tags":[],"twitter_use_og":false,"twitter_card":"default","twitter_image_type":"default","twitter_image_url":null,"twitter_image_custom_url":null,"twitter_image_custom_fields":null,"twitter_title":null,"twitter_description":null,"schema":{"blockGraphs":[],"customGraphs":[],"default":{"data":{"Article":[],"Course":[],"Dataset":[],"FAQPage":[],"Movie":[],"Person":[],"Product":[],"ProductReview":[],"Car":[],"Recipe":[],"Service":[],"SoftwareApplication":[],"WebPage":[]},"graphName":"BlogPosting","isEnabled":true},"graphs":[]},"schema_type":"default","schema_type_options":null,"pillar_content":false,"robots_default":true,"robots_noindex":false,"robots_noarchive":false,"robots_nosnippet":false,"robots_nofollow":false,"robots_noimageindex":false,"robots_noodp":false,"robots_notranslate":false,"robots_max_snippet":"-1","robots_max_videopreview":"-1","robots_max_imagepreview":"large","priority":null,"frequency":"default","local_seo":null,"seo_analyzer_scan_date":"2025-10-08 21:11:41","breadcrumb_settings":null,"limit_modified_date":false,"reviewed_by":null,"open_ai":null,"ai":null,"created":"2024-02-13 17:42:09","updated":"2026-02-04 10:54:55"},"aioseo_breadcrumb":"<div class=\"aioseo-breadcrumbs\"><span class=\"aioseo-breadcrumb\">\n\t<a href=\"https:\/\/soymigrante.com\/revista\" title=\"Home\">Home<\/a>\n<\/span><span class=\"aioseo-breadcrumb-separator\">\u00bb<\/span><span class=\"aioseo-breadcrumb\">\n\t<a href=\"https:\/\/soymigrante.com\/revista\/category\/exitos\/\" title=\"\u00c9xitos\">\u00c9xitos<\/a>\n<\/span><span class=\"aioseo-breadcrumb-separator\">\u00bb<\/span><span class=\"aioseo-breadcrumb\">\n\tEl Tacuaz\u00edn migrante construye casas y tambi\u00e9n una comunidad virtual con humor\n<\/span><\/div>","aioseo_breadcrumb_json":[{"label":"Home","link":"https:\/\/soymigrante.com\/revista"},{"label":"\u00c9xitos","link":"https:\/\/soymigrante.com\/revista\/category\/exitos\/"},{"label":"El Tacuaz\u00edn migrante construye casas y tambi\u00e9n una comunidad virtual con humor","link":"https:\/\/soymigrante.com\/revista\/el-tacuazin-migrante-construye-casas-y-tambien-una-comunidad-digital\/"}],"_links":{"self":[{"href":"https:\/\/soymigrante.com\/revista\/wp-json\/wp\/v2\/posts\/4859","targetHints":{"allow":["GET"]}}],"collection":[{"href":"https:\/\/soymigrante.com\/revista\/wp-json\/wp\/v2\/posts"}],"about":[{"href":"https:\/\/soymigrante.com\/revista\/wp-json\/wp\/v2\/types\/post"}],"author":[{"embeddable":true,"href":"https:\/\/soymigrante.com\/revista\/wp-json\/wp\/v2\/users\/10"}],"replies":[{"embeddable":true,"href":"https:\/\/soymigrante.com\/revista\/wp-json\/wp\/v2\/comments?post=4859"}],"version-history":[{"count":0,"href":"https:\/\/soymigrante.com\/revista\/wp-json\/wp\/v2\/posts\/4859\/revisions"}],"wp:featuredmedia":[{"embeddable":true,"href":"https:\/\/soymigrante.com\/revista\/wp-json\/wp\/v2\/media\/5027"}],"wp:attachment":[{"href":"https:\/\/soymigrante.com\/revista\/wp-json\/wp\/v2\/media?parent=4859"}],"wp:term":[{"taxonomy":"category","embeddable":true,"href":"https:\/\/soymigrante.com\/revista\/wp-json\/wp\/v2\/categories?post=4859"},{"taxonomy":"post_tag","embeddable":true,"href":"https:\/\/soymigrante.com\/revista\/wp-json\/wp\/v2\/tags?post=4859"}],"curies":[{"name":"wp","href":"https:\/\/api.w.org\/{rel}","templated":true}]}}