{"id":48575,"date":"2025-11-14T08:35:05","date_gmt":"2025-11-14T14:35:05","guid":{"rendered":"https:\/\/soymigrante.com\/revista\/?p=48575"},"modified":"2025-11-14T08:40:18","modified_gmt":"2025-11-14T14:40:18","slug":"claves-para-valorar-a-padres-mayores-y-abuelos-incluyendo-frases-recomendadas","status":"publish","type":"post","link":"https:\/\/soymigrante.com\/revista\/claves-para-valorar-a-padres-mayores-y-abuelos-incluyendo-frases-recomendadas\/","title":{"rendered":"Claves para valorar a padres mayores y abuelos, incluyendo frases recomendadas"},"content":{"rendered":"\t\t<div data-elementor-type=\"wp-post\" data-elementor-id=\"48575\" class=\"elementor elementor-48575\" data-elementor-post-type=\"post\">\n\t\t\t\t<div data-particle_enable=\"false\" data-particle-mobile-disabled=\"false\" class=\"elementor-element elementor-element-0606214 e-flex e-con-boxed e-con e-parent\" data-id=\"0606214\" data-element_type=\"container\" data-e-type=\"container\">\n\t\t\t\t\t<div class=\"e-con-inner\">\n\t\t\t\t<div class=\"elementor-element elementor-element-3045206 elementor-widget elementor-widget-heading\" data-id=\"3045206\" data-element_type=\"widget\" data-e-type=\"widget\" data-widget_type=\"heading.default\">\n\t\t\t\t\t<h2 class=\"elementor-heading-title elementor-size-default\">Nunca est\u00e1 de m\u00e1s saber qu\u00e9 hacer, c\u00f3mo actuar, qu\u00e9 decir para hacer sentir bien a nuestros viejitos, sean padres, abuelos o t\u00edos: siempre hay una conexi\u00f3n especial y ellos tienen mucho que dar.<\/h2>\t\t\t\t<\/div>\n\t\t\t\t\t<\/div>\n\t\t\t\t<\/div>\n\t\t<div data-particle_enable=\"false\" data-particle-mobile-disabled=\"false\" class=\"elementor-element elementor-element-ed7a529 e-flex e-con-boxed e-con e-parent\" data-id=\"ed7a529\" data-element_type=\"container\" data-e-type=\"container\">\n\t\t\t\t\t<div class=\"e-con-inner\">\n\t\t\t\t<div class=\"elementor-element elementor-element-c9b22a1 elementor-widget elementor-widget-text-editor\" data-id=\"c9b22a1\" data-element_type=\"widget\" data-e-type=\"widget\" data-widget_type=\"text-editor.default\">\n\t\t\t\t\t\t\t\t\t<p data-start=\"319\" data-end=\"671\">En muchas familias, los<a href=\"https:\/\/soymigrante.com\/revista\/personajes-del-popol-vuh-xpiyacoc-el-primer-y-gran-abuelo\/\"> abuelos<\/a> son memoria viva, refugio emocional y referentes de identidad. Son testimonio de grandeza incluso a nivel espiritual. Sin embargo, a medida que envejecen, algunos experimentan un cansancio profundo, una mezcla de frustraciones acumuladas, p\u00e9rdidas, duelos y desgaste emocional. En esos momentos, valorarlos en <a href=\"https:\/\/soymigrante.com\/revista\/acuerdos-entre-padres-e-hijos-son-lo-mas-inteligente-para-fortalecer-la-familia\/\">la familia<\/a> significa reconocer su humanidad, no exigirles energ\u00eda o entusiasmo.<\/p><p data-start=\"673\" data-end=\"919\">Este art\u00edculo re\u00fane acciones concretas y frases emp\u00e1ticas para acompa\u00f1arlos de manera respetuosa y significativa.\u00a0<\/p><h2 data-start=\"926\" data-end=\"967\">1. Aceptar sus emociones sin juzgarlas<\/h2><p data-start=\"969\" data-end=\"1178\">La vejez no solo implica cambios f\u00edsicos, tambi\u00e9n emocionales. Muchos abuelos viven duelos, reducciones de su independencia, desaf\u00edos de salud, soledad o la sensaci\u00f3n de haber cumplido ya \u201ctodas sus batallas\u201d.<\/p><ul><li>Valorarlos implica aceptar esa realidad sin minimizarla.<\/li><li>Evitar frases como \u201cno diga eso\u201d, \u201custed tiene que animarse\u201d o \u201cno piense en cosas tristes\u201d. En lugar de eso mejor decir: &#8220;Es usted una persona admirable por haber logrado eso&#8221;\u00a0 o &#8220;Y a\u00fan as\u00ed sigue usted adelante, es una inspiraci\u00f3n&#8221;.<\/li><li>Ofrecer escucha real, sin corregir ni apresurar.<\/li><\/ul><p>Validar sus sentimientos: \u201cDebe ser dif\u00edcil; agradezco que me lo cuente\u201d.<\/p><p data-start=\"1465\" data-end=\"1532\"><span style=\"color: #000000; font-family: Mulish, sans-serif; font-size: 31px; font-weight: bold;\">2. Reforzar su sentido de valor y dignidad<\/span><\/p><p data-start=\"1586\" data-end=\"1737\">Cuando sienten que ya no aportan, aumenta la frustraci\u00f3n o la tristeza. Reforzar su importancia ayuda a evitar que se sientan desplazados o invisibles.<\/p><p data-start=\"1739\" data-end=\"1764\">Acciones que contribuyen:<\/p><ul><li>Pedirles <a href=\"https:\/\/soymigrante.com\/revista\/consejos-de-mamas-y-abuelas-sabiduria-que-nunca-pasa-de-moda\/\">consejo <\/a>en base a su experiencia<\/li><li>Agradecerles de manera concreta por lo que han hecho.<\/li><li>Conversar sobre episodios importantes de su vida, sus logros, sus trabajos.<\/li><li>Reconocer sus aprendizajes y su fortaleza sin idealizarlos.<\/li><\/ul><p data-start=\"1987\" data-end=\"2060\">La dignidad emocional es un elemento clave para el bienestar en la vejez.<\/p>\t\t\t\t\t\t\t\t<\/div>\n\t\t\t\t\t<\/div>\n\t\t\t\t<\/div>\n\t\t<div data-particle_enable=\"false\" data-particle-mobile-disabled=\"false\" class=\"elementor-element elementor-element-184c163 e-flex e-con-boxed e-con e-parent\" data-id=\"184c163\" data-element_type=\"container\" data-e-type=\"container\">\n\t\t\t\t\t<div class=\"e-con-inner\">\n\t\t\t\t<div class=\"elementor-element elementor-element-45dd18b elementor-widget elementor-widget-html\" data-id=\"45dd18b\" data-element_type=\"widget\" data-e-type=\"widget\" data-widget_type=\"html.default\">\n\t\t\t\t\t<iframe width=\"560\" height=\"415\" src=\"https:\/\/www.youtube.com\/embed\/Yz_G7z-yGZc?si=Kf4PllqDsvhF5ECX\" title=\"YouTube video player\" frameborder=\"0\" allow=\"accelerometer; autoplay; clipboard-write; encrypted-media; gyroscope; picture-in-picture; web-share\" referrerpolicy=\"strict-origin-when-cross-origin\" allowfullscreen><\/iframe>\t\t\t\t<\/div>\n\t\t\t\t\t<\/div>\n\t\t\t\t<\/div>\n\t\t<div data-particle_enable=\"false\" data-particle-mobile-disabled=\"false\" class=\"elementor-element elementor-element-98313a6 e-flex e-con-boxed e-con e-parent\" data-id=\"98313a6\" data-element_type=\"container\" data-e-type=\"container\">\n\t\t\t\t\t<div class=\"e-con-inner\">\n\t\t\t\t<div class=\"elementor-element elementor-element-7c9613a elementor-widget elementor-widget-text-editor\" data-id=\"7c9613a\" data-element_type=\"widget\" data-e-type=\"widget\" data-widget_type=\"text-editor.default\">\n\t\t\t\t\t\t\t\t\t<p data-start=\"319\" data-end=\"671\"><span style=\"color: #000000; font-family: Mulish, sans-serif; font-size: 31px; font-weight: bold;\">3. Crear espacios seguros para que se expresen<\/span><\/p><p data-start=\"2118\" data-end=\"2253\">Durante d\u00e9cadas, muchos aprendieron a mantener sus emociones en silencio. Hoy necesitan espacios donde hablar sin miedo a ser molestia.<\/p><ul><li>Hacer preguntas suaves y abiertas.<\/li><li>Dar tiempo para que piensen o recuerden.<\/li><li>Aceptar silencios largos como parte natural de la conversaci\u00f3n.<\/li><li>Escuchar sin intentar solucionar de inmediato.<\/li><\/ul><p data-start=\"2457\" data-end=\"2521\">El acompa\u00f1amiento emocional es una forma profunda de valoraci\u00f3n.<\/p><h2 data-start=\"2528\" data-end=\"2570\">4. Respetar su ritmo f\u00edsico y emocional<\/h2><p data-start=\"2572\" data-end=\"2727\">Cada persona mayor vive la vejez a su manera. Algunos quieren actividad constante; otros prefieren calma, rutinas suaves o simplemente compa\u00f1\u00eda silenciosa.<\/p><ul><li>No forzar actividades que no desean.<\/li><li>No imponer socializaci\u00f3n si est\u00e1n cansados.<\/li><li>Respetar sus tiempos, pausas y silencios.<\/li><li>Entender que no siempre tendr\u00e1n buen \u00e1nimo.<\/li><\/ul><p data-start=\"2929\" data-end=\"3003\">La libertad de vivir la vejez a su propio ritmo es una muestra de respeto.<\/p>\t\t\t\t\t\t\t\t<\/div>\n\t\t\t\t\t<\/div>\n\t\t\t\t<\/div>\n\t\t<div data-particle_enable=\"false\" data-particle-mobile-disabled=\"false\" class=\"elementor-element elementor-element-7600b3f e-flex e-con-boxed e-con e-parent\" data-id=\"7600b3f\" data-element_type=\"container\" data-e-type=\"container\">\n\t\t\t\t\t<div class=\"e-con-inner\">\n\t\t\t\t<div class=\"elementor-element elementor-element-8362b37 elementor-widget elementor-widget-html\" data-id=\"8362b37\" data-element_type=\"widget\" data-e-type=\"widget\" data-widget_type=\"html.default\">\n\t\t\t\t\t<iframe width=\"560\" height=\"415\" src=\"https:\/\/www.youtube.com\/embed\/DhTCfZSXrSQ?si=pkZtB7y2AcsEmuuU\" title=\"YouTube video player\" frameborder=\"0\" allow=\"accelerometer; autoplay; clipboard-write; encrypted-media; gyroscope; picture-in-picture; web-share\" referrerpolicy=\"strict-origin-when-cross-origin\" allowfullscreen><\/iframe>\t\t\t\t<\/div>\n\t\t\t\t\t<\/div>\n\t\t\t\t<\/div>\n\t\t<div data-particle_enable=\"false\" data-particle-mobile-disabled=\"false\" class=\"elementor-element elementor-element-9630093 e-flex e-con-boxed e-con e-parent\" data-id=\"9630093\" data-element_type=\"container\" data-e-type=\"container\">\n\t\t\t\t\t<div class=\"e-con-inner\">\n\t\t\t\t<div class=\"elementor-element elementor-element-cad91a4 elementor-widget elementor-widget-text-editor\" data-id=\"cad91a4\" data-element_type=\"widget\" data-e-type=\"widget\" data-widget_type=\"text-editor.default\">\n\t\t\t\t\t\t\t\t\t<p data-start=\"319\" data-end=\"671\"><span style=\"color: #000000; font-family: Mulish, sans-serif; font-size: 31px; font-weight: bold;\">5. Reconocer su historia completa, incluso lo dif\u00edcil<\/span><\/p>\n<p data-start=\"3068\" data-end=\"3246\">Muchos cargan <a href=\"https:\/\/soymigrante.com\/revista\/superar-emociones-negativas-al-migrar\/\">culpas, decisiones que lamentan o heridas del pasado<\/a>. Valorar a un abuelo cansado de la vida no es decir que \u201ctodo fue perfecto\u201d, sino reconocer su trayecto humano.<\/p>\n<ul>\n<li>Escuchar con atenci\u00f3n si quieren hablar de lo doloroso.<\/li>\n<li>Evitar juzgar decisiones tomadas en contextos muy distintos.<\/li>\n<li>Reconocer la complejidad de su camino.<\/li>\n<li>Mostrar empat\u00eda: \u201cHiciste lo mejor que pudiste con lo que ten\u00edas\u201d.<\/li>\n<\/ul>\n<p data-start=\"3473\" data-end=\"3547\">Este tipo de reconocimiento alivia tensiones que han permanecido por a\u00f1os.<\/p>\n<hr data-start=\"3549\" data-end=\"3552\">\n<h2 data-start=\"3554\" data-end=\"3604\">6. Gestos cotidianos que fortalecen la conexi\u00f3n<\/h2>\n<p data-start=\"3606\" data-end=\"3684\">Peque\u00f1os actos pueden transformar la percepci\u00f3n de valor de una persona mayor:<\/p>\n<ul>\n<li>Acompa\u00f1ar un rato sin necesidad de hablar.<\/li>\n<li>Compartir una comida sencilla.<\/li>\n<li>Salir a tomar aire o ver un atardecer.<\/li>\n<li>Revisar fotograf\u00edas familiares si lo desean.<\/li>\n<li>Escuchar m\u00fasica que les trae calma.<\/li>\n<\/ul>\n<p data-start=\"3899\" data-end=\"3986\">La presencia cotidiana, sin exigencias, es una de las formas m\u00e1s fuertes de valoraci\u00f3n.<\/p>\t\t\t\t\t\t\t\t<\/div>\n\t\t\t\t\t<\/div>\n\t\t\t\t<\/div>\n\t\t<div data-particle_enable=\"false\" data-particle-mobile-disabled=\"false\" class=\"elementor-element elementor-element-1131aa2 e-flex e-con-boxed e-con e-parent\" data-id=\"1131aa2\" data-element_type=\"container\" data-e-type=\"container\">\n\t\t\t\t\t<div class=\"e-con-inner\">\n\t\t\t\t<div class=\"elementor-element elementor-element-f37cdb1 elementor-widget elementor-widget-heading\" data-id=\"f37cdb1\" data-element_type=\"widget\" data-e-type=\"widget\" data-widget_type=\"heading.default\">\n\t\t\t\t\t<h2 class=\"elementor-heading-title elementor-size-default\">Sigue adelante, crece, vive, sonr\u00ede y cu\u00eddate<\/h2>\t\t\t\t<\/div>\n\t\t\t\t\t<\/div>\n\t\t\t\t<\/div>\n\t\t<div data-particle_enable=\"false\" data-particle-mobile-disabled=\"false\" class=\"elementor-element elementor-element-89f7179 e-flex e-con-boxed e-con e-parent\" data-id=\"89f7179\" data-element_type=\"container\" data-e-type=\"container\">\n\t\t\t\t\t<div class=\"e-con-inner\">\n\t\t\t\t<div class=\"elementor-element elementor-element-e291b06 elementor-grid-eael-col-3 elementor-grid-tablet-eael-col-2 elementor-grid-mobile-eael-col-1 elementor-widget elementor-widget-eael-post-grid\" data-id=\"e291b06\" data-element_type=\"widget\" data-e-type=\"widget\" data-settings=\"{&quot;eael_post_grid_columns&quot;:&quot;eael-col-3&quot;,&quot;eael_post_grid_columns_tablet&quot;:&quot;eael-col-2&quot;,&quot;eael_post_grid_columns_mobile&quot;:&quot;eael-col-1&quot;}\" data-widget_type=\"eael-post-grid.default\">\n\t\t\t\t\t<div id=\"eael-post-grid-e291b06\" class=\"eael-post-grid-container\">\n            <div class=\"eael-post-grid eael-post-appender eael-post-appender-e291b06 eael-post-grid-style-one\" data-layout-mode=\"masonry\"><article class=\"eael-grid-post  eael-post-grid-column eael-pg-post-45204 category-bienestar-salud-emocional\" data-id=\"45204\">\n        <div class=\"eael-grid-post-holder\">\n            <div class=\"eael-grid-post-holder-inner\"><div class=\"eael-entry-media\"><div class=\"eael-entry-overlay fade-in\"><i class=\"far fa-hand-pointer\" aria-hidden=\"true\"><\/i><a href=\"https:\/\/soymigrante.com\/revista\/por-que-la-gratitud-es-la-mejor-actitud-incluso-tiempos-dificiles\/\"><\/a><\/div><div class=\"eael-entry-thumbnail eael-image-ratio\">\n                <img fetchpriority=\"high\" decoding=\"async\" width=\"559\" height=\"559\" src=\"https:\/\/soymigrante.com\/revista\/wp-content\/uploads\/2025\/09\/gratitud-3-e1758140131618.jpg\" class=\"attachment-large size-large wp-image-45205\" alt=\"La gratitud: el escudo invisible en tiempos dif\u00edciles\" srcset=\"https:\/\/soymigrante.com\/revista\/wp-content\/uploads\/2025\/09\/gratitud-3-e1758140131618.jpg 559w, https:\/\/soymigrante.com\/revista\/wp-content\/uploads\/2025\/09\/gratitud-3-e1758140131618-300x300.jpg 300w, https:\/\/soymigrante.com\/revista\/wp-content\/uploads\/2025\/09\/gratitud-3-e1758140131618-150x150.jpg 150w, https:\/\/soymigrante.com\/revista\/wp-content\/uploads\/2025\/09\/gratitud-3-e1758140131618-75x75.jpg 75w\" sizes=\"(max-width: 559px) 100vw, 559px\" \/>\n            <\/div>\n        <\/div><div class=\"eael-entry-wrapper\"><header class=\"eael-entry-header\"><h2 class=\"eael-entry-title\"><a class=\"eael-grid-post-link\" href=\"https:\/\/soymigrante.com\/revista\/por-que-la-gratitud-es-la-mejor-actitud-incluso-tiempos-dificiles\/\" title=\"\u00bfPor qu\u00e9 la gratitud es la mejor actitud incluso tiempos dif\u00edciles?\">\u00bfPor qu\u00e9 la gratitud es la mejor actitud incluso tiempos dif\u00edciles?<\/a><\/h2><\/header><div class=\"eael-entry-content\">\n                        <div class=\"eael-grid-post-excerpt\"><a href=\"https:\/\/soymigrante.com\/revista\/por-que-la-gratitud-es-la-mejor-actitud-incluso-tiempos-dificiles\/\" class=\"eael-post-elements-readmore-btn\">CONOCE SU HISTORIA <\/a><\/div>\n                    <\/div><\/div><\/div>\n        <\/div>\n    <\/article><article class=\"eael-grid-post  eael-post-grid-column eael-pg-post-2715 category-guate-nuestra tags-en-familia\" data-id=\"2715\">\n        <div class=\"eael-grid-post-holder\">\n            <div class=\"eael-grid-post-holder-inner\"><div class=\"eael-entry-media\"><div class=\"eael-entry-overlay fade-in\"><i class=\"far fa-hand-pointer\" aria-hidden=\"true\"><\/i><a href=\"https:\/\/soymigrante.com\/revista\/la-fe-de-las-familias-acompana-a-migrantes-guatemaltecos-que-buscan-salir-adelante\/\"><\/a><\/div><div class=\"eael-entry-thumbnail eael-image-ratio\">\n                <img decoding=\"async\" width=\"1024\" height=\"682\" src=\"https:\/\/soymigrante.com\/revista\/wp-content\/uploads\/2023\/09\/Las-celebraciones-de-misa-acuden-familiares-madres-esposas-e-hijos-de-migrantes-guatemaltecos-1024x682.webp\" class=\"attachment-large size-large wp-image-2725\" alt=\"Las celebraciones de misa acuden familiares madres, esposas e hijos de migrantes guatemaltecos\" srcset=\"https:\/\/soymigrante.com\/revista\/wp-content\/uploads\/2023\/09\/Las-celebraciones-de-misa-acuden-familiares-madres-esposas-e-hijos-de-migrantes-guatemaltecos-1024x682.webp 1024w, https:\/\/soymigrante.com\/revista\/wp-content\/uploads\/2023\/09\/Las-celebraciones-de-misa-acuden-familiares-madres-esposas-e-hijos-de-migrantes-guatemaltecos-300x200.webp 300w, https:\/\/soymigrante.com\/revista\/wp-content\/uploads\/2023\/09\/Las-celebraciones-de-misa-acuden-familiares-madres-esposas-e-hijos-de-migrantes-guatemaltecos-768x512.webp 768w, https:\/\/soymigrante.com\/revista\/wp-content\/uploads\/2023\/09\/Las-celebraciones-de-misa-acuden-familiares-madres-esposas-e-hijos-de-migrantes-guatemaltecos-1536x1023.webp 1536w, https:\/\/soymigrante.com\/revista\/wp-content\/uploads\/2023\/09\/Las-celebraciones-de-misa-acuden-familiares-madres-esposas-e-hijos-de-migrantes-guatemaltecos-750x500.webp 750w, https:\/\/soymigrante.com\/revista\/wp-content\/uploads\/2023\/09\/Las-celebraciones-de-misa-acuden-familiares-madres-esposas-e-hijos-de-migrantes-guatemaltecos-1140x760.webp 1140w, https:\/\/soymigrante.com\/revista\/wp-content\/uploads\/2023\/09\/Las-celebraciones-de-misa-acuden-familiares-madres-esposas-e-hijos-de-migrantes-guatemaltecos-600x400.webp 600w, https:\/\/soymigrante.com\/revista\/wp-content\/uploads\/2023\/09\/Las-celebraciones-de-misa-acuden-familiares-madres-esposas-e-hijos-de-migrantes-guatemaltecos.webp 1600w\" sizes=\"(max-width: 1024px) 100vw, 1024px\" \/>\n            <\/div>\n        <\/div><div class=\"eael-entry-wrapper\"><header class=\"eael-entry-header\"><h2 class=\"eael-entry-title\"><a class=\"eael-grid-post-link\" href=\"https:\/\/soymigrante.com\/revista\/la-fe-de-las-familias-acompana-a-migrantes-guatemaltecos-que-buscan-salir-adelante\/\" title=\"La fe de las familias acompa\u00f1a a migrantes guatemaltecos que buscan salir adelante\">La fe de las familias acompa\u00f1a a migrantes guatemaltecos que buscan salir adelante<\/a><\/h2><\/header><div class=\"eael-entry-content\">\n                        <div class=\"eael-grid-post-excerpt\"><a href=\"https:\/\/soymigrante.com\/revista\/la-fe-de-las-familias-acompana-a-migrantes-guatemaltecos-que-buscan-salir-adelante\/\" class=\"eael-post-elements-readmore-btn\">CONOCE SU HISTORIA <\/a><\/div>\n                    <\/div><\/div><\/div>\n        <\/div>\n    <\/article><article class=\"eael-grid-post  eael-post-grid-column eael-pg-post-787 category-bienestar\" data-id=\"787\">\n        <div class=\"eael-grid-post-holder\">\n            <div class=\"eael-grid-post-holder-inner\"><div class=\"eael-entry-media\"><div class=\"eael-entry-overlay fade-in\"><i class=\"far fa-hand-pointer\" aria-hidden=\"true\"><\/i><a href=\"https:\/\/soymigrante.com\/revista\/actitud-v8-puede-ser-el-motor-del-exito\/\"><\/a><\/div><div class=\"eael-entry-thumbnail eael-image-ratio\">\n                <img decoding=\"async\" width=\"740\" height=\"538\" src=\"https:\/\/soymigrante.com\/revista\/wp-content\/uploads\/2023\/03\/4-MEJOR-ACTITUD-POSITIVA-FORD.webp\" class=\"attachment-large size-large wp-image-789\" alt=\"\" srcset=\"https:\/\/soymigrante.com\/revista\/wp-content\/uploads\/2023\/03\/4-MEJOR-ACTITUD-POSITIVA-FORD.webp 740w, https:\/\/soymigrante.com\/revista\/wp-content\/uploads\/2023\/03\/4-MEJOR-ACTITUD-POSITIVA-FORD-300x218.webp 300w, https:\/\/soymigrante.com\/revista\/wp-content\/uploads\/2023\/03\/4-MEJOR-ACTITUD-POSITIVA-FORD-120x86.webp 120w\" sizes=\"(max-width: 740px) 100vw, 740px\" \/>\n            <\/div>\n        <\/div><div class=\"eael-entry-wrapper\"><header class=\"eael-entry-header\"><h2 class=\"eael-entry-title\"><a class=\"eael-grid-post-link\" href=\"https:\/\/soymigrante.com\/revista\/actitud-v8-puede-ser-el-motor-del-exito\/\" title=\"Actitud V8 puede ser un poderoso motor del \u00e9xito\">Actitud V8 puede ser un poderoso motor del \u00e9xito<\/a><\/h2><\/header><div class=\"eael-entry-content\">\n                        <div class=\"eael-grid-post-excerpt\"><a href=\"https:\/\/soymigrante.com\/revista\/actitud-v8-puede-ser-el-motor-del-exito\/\" class=\"eael-post-elements-readmore-btn\">CONOCE SU HISTORIA <\/a><\/div>\n                    <\/div><\/div><\/div>\n        <\/div>\n    <\/article><\/div>\n            <div class=\"clearfix\"><\/div>\n        <\/div>\t\t\t\t<\/div>\n\t\t\t\t\t<\/div>\n\t\t\t\t<\/div>\n\t\t\t\t<\/div>\n\t\t","protected":false},"excerpt":{"rendered":"<p>Nunca est\u00e1 de m\u00e1s saber qu\u00e9 hacer, c\u00f3mo actuar, qu\u00e9 decir para hacer sentir bien a nuestros viejitos, sean padres, abuelos o t\u00edos: siempre hay una conexi\u00f3n especial y ellos tienen mucho que dar. En muchas familias, los abuelos son memoria viva, refugio emocional y referentes de identidad. Son testimonio de grandeza incluso a nivel [&hellip;]<\/p>\n","protected":false},"author":1,"featured_media":48576,"comment_status":"open","ping_status":"open","sticky":false,"template":"","format":"standard","meta":{"_acf_changed":false,"_eb_attr":"","footnotes":""},"categories":[55,266],"tags":[],"class_list":["post-48575","post","type-post","status-publish","format-standard","has-post-thumbnail","hentry","category-bienestar","category-en-familia"],"acf":[],"aioseo_notices":[],"aioseo_head":"\n\t\t<!-- All in One SEO Pro 4.9.6.2 - aioseo.com -->\n\t<meta name=\"description\" content=\"Uno de los maestros del pensamiento positivo relataba la an\u00e9cdota de cuando todav\u00eda no exist\u00edan los motores de 8 cilindros y no hab\u00eda manera, aparente, de lograr su construcci\u00f3n. Por Redacci\u00f3n Un emprendimiento que no funcion\u00f3, una idea que se intent\u00f3 echar adelante pero por alguna raz\u00f3n fracas\u00f3, un proyecto que se qued\u00f3 a medias\" \/>\n\t<meta name=\"robots\" content=\"max-snippet:-1, max-image-preview:large, max-video-preview:-1\" \/>\n\t<meta name=\"author\" content=\"SoyMigrante.com REVISTA\"\/>\n\t<link rel=\"canonical\" href=\"https:\/\/soymigrante.com\/revista\/actitud-v8-puede-ser-el-motor-del-exito\/\" \/>\n\t<meta name=\"generator\" content=\"All in One SEO Pro (AIOSEO) 4.9.6.2\" \/>\n\n\t\t<link rel=\"preconnect\" href=\"https:\/\/fonts.googleapis.com\" crossorigin>\n<link rel=\"preconnect\" href=\"https:\/\/fonts.gstatic.com\" crossorigin>\n\t\t<meta property=\"og:locale\" content=\"es_ES\" \/>\n\t\t<meta property=\"og:site_name\" content=\"SoyMigrante.com REVISTA \u2013 Nuestra misi\u00f3n es reconocer y dignificar al migrante.\" \/>\n\t\t<meta property=\"og:type\" content=\"article\" \/>\n\t\t<meta property=\"og:title\" content=\"Actitud V8 puede ser un poderoso motor del \u00e9xito\" \/>\n\t\t<meta property=\"og:description\" content=\"Uno de los maestros del pensamiento positivo relataba la an\u00e9cdota de cuando todav\u00eda no exist\u00edan los motores de 8 cilindros y no hab\u00eda manera, aparente, de lograr su construcci\u00f3n. Por Redacci\u00f3n Un emprendimiento que no funcion\u00f3, una idea que se intent\u00f3 echar adelante pero por alguna raz\u00f3n fracas\u00f3, un proyecto que se qued\u00f3 a medias\" \/>\n\t\t<meta property=\"og:url\" content=\"https:\/\/soymigrante.com\/revista\/actitud-v8-puede-ser-el-motor-del-exito\/\" \/>\n\t\t<meta property=\"og:image\" content=\"https:\/\/soymigrante.com\/revista\/wp-content\/uploads\/2023\/03\/4-MEJOR-ACTITUD-POSITIVA-FORD.webp\" \/>\n\t\t<meta property=\"og:image:secure_url\" content=\"https:\/\/soymigrante.com\/revista\/wp-content\/uploads\/2023\/03\/4-MEJOR-ACTITUD-POSITIVA-FORD.webp\" \/>\n\t\t<meta property=\"og:image:width\" content=\"740\" \/>\n\t\t<meta property=\"og:image:height\" content=\"538\" \/>\n\t\t<meta property=\"article:published_time\" content=\"2023-05-26T00:14:30+00:00\" \/>\n\t\t<meta property=\"article:modified_time\" content=\"2024-06-25T22:47:12+00:00\" \/>\n\t\t<meta property=\"article:publisher\" content=\"https:\/\/www.facebook.com\/soymigrantecom\" \/>\n\t\t<meta name=\"twitter:card\" content=\"summary_large_image\" \/>\n\t\t<meta name=\"twitter:site\" content=\"@SoyMigrante_com\" \/>\n\t\t<meta name=\"twitter:title\" content=\"Actitud V8 puede ser un poderoso motor del \u00e9xito\" \/>\n\t\t<meta name=\"twitter:description\" content=\"Uno de los maestros del pensamiento positivo relataba la an\u00e9cdota de cuando todav\u00eda no exist\u00edan los motores de 8 cilindros y no hab\u00eda manera, aparente, de lograr su construcci\u00f3n. Por Redacci\u00f3n Un emprendimiento que no funcion\u00f3, una idea que se intent\u00f3 echar adelante pero por alguna raz\u00f3n fracas\u00f3, un proyecto que se qued\u00f3 a medias\" \/>\n\t\t<meta name=\"twitter:creator\" content=\"@SoyMigrante_com\" \/>\n\t\t<meta name=\"twitter:image\" content=\"https:\/\/soymigrante.com\/revista\/wp-content\/uploads\/2023\/03\/4-MEJOR-ACTITUD-POSITIVA-FORD.webp\" \/>\n\t\t<!-- All in One SEO Pro -->\r\n\t\t<title>Actitud V8 puede ser un poderoso motor del \u00e9xito<\/title>\n\n","aioseo_head_json":{"title":"Actitud V8 puede ser un poderoso motor del \u00e9xito","description":"Uno de los maestros del pensamiento positivo relataba la an\u00e9cdota de cuando todav\u00eda no exist\u00edan los motores de 8 cilindros y no hab\u00eda manera, aparente, de lograr su construcci\u00f3n. Por Redacci\u00f3n Un emprendimiento que no funcion\u00f3, una idea que se intent\u00f3 echar adelante pero por alguna raz\u00f3n fracas\u00f3, un proyecto que se qued\u00f3 a medias","canonical_url":"https:\/\/soymigrante.com\/revista\/actitud-v8-puede-ser-el-motor-del-exito\/","robots":"max-snippet:-1, max-image-preview:large, max-video-preview:-1","keywords":"","webmasterTools":{"miscellaneous":"&lt;link rel=\"preconnect\" href=\"https:\/\/fonts.googleapis.com\" crossorigin&gt;\n&lt;link rel=\"preconnect\" href=\"https:\/\/fonts.gstatic.com\" crossorigin&gt;"},"schema":null,"og:locale":"es_ES","og:site_name":"SoyMigrante.com REVISTA \u2013 Nuestra misi\u00f3n es reconocer y dignificar al migrante.","og:type":"article","og:title":"Actitud V8 puede ser un poderoso motor del \u00e9xito","og:description":"Uno de los maestros del pensamiento positivo relataba la an\u00e9cdota de cuando todav\u00eda no exist\u00edan los motores de 8 cilindros y no hab\u00eda manera, aparente, de lograr su construcci\u00f3n. Por Redacci\u00f3n Un emprendimiento que no funcion\u00f3, una idea que se intent\u00f3 echar adelante pero por alguna raz\u00f3n fracas\u00f3, un proyecto que se qued\u00f3 a medias","og:url":"https:\/\/soymigrante.com\/revista\/actitud-v8-puede-ser-el-motor-del-exito\/","og:image":"https:\/\/soymigrante.com\/revista\/wp-content\/uploads\/2023\/03\/4-MEJOR-ACTITUD-POSITIVA-FORD.webp","og:image:secure_url":"https:\/\/soymigrante.com\/revista\/wp-content\/uploads\/2023\/03\/4-MEJOR-ACTITUD-POSITIVA-FORD.webp","og:image:width":740,"og:image:height":538,"article:published_time":"2023-05-26T00:14:30+00:00","article:modified_time":"2024-06-25T22:47:12+00:00","article:publisher":"https:\/\/www.facebook.com\/soymigrantecom","twitter:card":"summary_large_image","twitter:site":"@SoyMigrante_com","twitter:title":"Actitud V8 puede ser un poderoso motor del \u00e9xito","twitter:description":"Uno de los maestros del pensamiento positivo relataba la an\u00e9cdota de cuando todav\u00eda no exist\u00edan los motores de 8 cilindros y no hab\u00eda manera, aparente, de lograr su construcci\u00f3n. Por Redacci\u00f3n Un emprendimiento que no funcion\u00f3, una idea que se intent\u00f3 echar adelante pero por alguna raz\u00f3n fracas\u00f3, un proyecto que se qued\u00f3 a medias","twitter:creator":"@SoyMigrante_com","twitter:image":"https:\/\/soymigrante.com\/revista\/wp-content\/uploads\/2023\/03\/4-MEJOR-ACTITUD-POSITIVA-FORD.webp"},"aioseo_meta_data":{"post_id":"48575","title":"Claves para expresar valoraci\u00f3n a abuelos y padres mayores","description":"Los adultos mayores necesitan respeto y cari\u00f1o: esto implica acciones y expresiones. Algunas recomendaciones para actuar mejor y usar palabras adecuadas.","keywords":null,"keyphrases":{"focus":{"keyphrase":"Abuelos","score":81,"analysis":{"keyphraseInTitle":{"score":9,"maxScore":9,"error":0},"keyphraseInDescription":{"score":3,"maxScore":9,"error":1},"keyphraseLength":{"score":9,"maxScore":9,"error":0,"length":1},"keyphraseInURL":{"score":5,"maxScore":5,"error":0}}},"additional":[{"keyphrase":"Adultos mayores","score":100,"analysis":{"keyphraseInDescription":{"score":9,"maxScore":9,"error":0},"keyphraseLength":{"score":9,"maxScore":9,"error":0,"length":2}}}]},"primary_term":null,"canonical_url":null,"og_title":null,"og_description":null,"og_object_type":"default","og_image_type":"default","og_image_url":null,"og_image_width":null,"og_image_height":null,"og_image_custom_url":null,"og_image_custom_fields":null,"og_video":"","og_custom_url":null,"og_article_section":null,"og_article_tags":null,"twitter_use_og":false,"twitter_card":"default","twitter_image_type":"default","twitter_image_url":null,"twitter_image_custom_url":null,"twitter_image_custom_fields":null,"twitter_title":null,"twitter_description":null,"schema":{"blockGraphs":[],"customGraphs":[],"default":{"data":{"Article":[],"Course":[],"Dataset":[],"FAQPage":[],"Movie":[],"Person":[],"Product":[],"ProductReview":[],"Car":[],"Recipe":[],"Service":[],"SoftwareApplication":[],"WebPage":[]},"graphName":"NewsArticle","isEnabled":true},"graphs":[]},"schema_type":"default","schema_type_options":null,"pillar_content":false,"robots_default":true,"robots_noindex":false,"robots_noarchive":false,"robots_nosnippet":false,"robots_nofollow":false,"robots_noimageindex":false,"robots_noodp":false,"robots_notranslate":false,"robots_max_snippet":"-1","robots_max_videopreview":"-1","robots_max_imagepreview":"large","priority":null,"frequency":"default","local_seo":null,"seo_analyzer_scan_date":"2025-11-14 14:41:49","breadcrumb_settings":null,"limit_modified_date":false,"reviewed_by":"0","open_ai":null,"ai":{"faqs":[],"keyPoints":[],"titles":[],"descriptions":[],"socialPosts":{"email":[],"linkedin":[],"twitter":[],"facebook":[],"instagram":[]}},"created":"2025-11-14 13:36:33","updated":"2026-02-05 07:05:13"},"aioseo_breadcrumb":"<div class=\"aioseo-breadcrumbs\"><span class=\"aioseo-breadcrumb\">\n\t<a href=\"https:\/\/soymigrante.com\/revista\" title=\"Home\">Home<\/a>\n<\/span><span class=\"aioseo-breadcrumb-separator\">\u00bb<\/span><span class=\"aioseo-breadcrumb\">\n\t<a href=\"https:\/\/soymigrante.com\/revista\/category\/bienestar\/\" title=\"Bienestar\">Bienestar<\/a>\n<\/span><span class=\"aioseo-breadcrumb-separator\">\u00bb<\/span><span class=\"aioseo-breadcrumb\">\n\t<a href=\"https:\/\/soymigrante.com\/revista\/category\/bienestar\/en-familia\/\" title=\"En Familia\">En Familia<\/a>\n<\/span><span class=\"aioseo-breadcrumb-separator\">\u00bb<\/span><span class=\"aioseo-breadcrumb\">\n\tClaves para valorar a padres mayores y abuelos, incluyendo frases recomendadas\n<\/span><\/div>","aioseo_breadcrumb_json":[{"label":"Home","link":"https:\/\/soymigrante.com\/revista"},{"label":"Bienestar","link":"https:\/\/soymigrante.com\/revista\/category\/bienestar\/"},{"label":"En Familia","link":"https:\/\/soymigrante.com\/revista\/category\/bienestar\/en-familia\/"},{"label":"Claves para valorar a padres mayores y abuelos, incluyendo frases recomendadas","link":"https:\/\/soymigrante.com\/revista\/claves-para-valorar-a-padres-mayores-y-abuelos-incluyendo-frases-recomendadas\/"}],"_links":{"self":[{"href":"https:\/\/soymigrante.com\/revista\/wp-json\/wp\/v2\/posts\/48575","targetHints":{"allow":["GET"]}}],"collection":[{"href":"https:\/\/soymigrante.com\/revista\/wp-json\/wp\/v2\/posts"}],"about":[{"href":"https:\/\/soymigrante.com\/revista\/wp-json\/wp\/v2\/types\/post"}],"author":[{"embeddable":true,"href":"https:\/\/soymigrante.com\/revista\/wp-json\/wp\/v2\/users\/1"}],"replies":[{"embeddable":true,"href":"https:\/\/soymigrante.com\/revista\/wp-json\/wp\/v2\/comments?post=48575"}],"version-history":[{"count":5,"href":"https:\/\/soymigrante.com\/revista\/wp-json\/wp\/v2\/posts\/48575\/revisions"}],"predecessor-version":[{"id":48582,"href":"https:\/\/soymigrante.com\/revista\/wp-json\/wp\/v2\/posts\/48575\/revisions\/48582"}],"wp:featuredmedia":[{"embeddable":true,"href":"https:\/\/soymigrante.com\/revista\/wp-json\/wp\/v2\/media\/48576"}],"wp:attachment":[{"href":"https:\/\/soymigrante.com\/revista\/wp-json\/wp\/v2\/media?parent=48575"}],"wp:term":[{"taxonomy":"category","embeddable":true,"href":"https:\/\/soymigrante.com\/revista\/wp-json\/wp\/v2\/categories?post=48575"},{"taxonomy":"post_tag","embeddable":true,"href":"https:\/\/soymigrante.com\/revista\/wp-json\/wp\/v2\/tags?post=48575"}],"curies":[{"name":"wp","href":"https:\/\/api.w.org\/{rel}","templated":true}]}}