{"id":48564,"date":"2025-11-14T07:06:41","date_gmt":"2025-11-14T13:06:41","guid":{"rendered":"https:\/\/soymigrante.com\/revista\/?p=48564"},"modified":"2025-11-14T07:36:29","modified_gmt":"2025-11-14T13:36:29","slug":"juez-federal-ordena-liberar-a-mas-de-600-migrantes-detenidos-en-chicago","status":"publish","type":"post","link":"https:\/\/soymigrante.com\/revista\/juez-federal-ordena-liberar-a-mas-de-600-migrantes-detenidos-en-chicago\/","title":{"rendered":"Juez federal ordena liberar a m\u00e1s de 600 migrantes detenidos en Chicago"},"content":{"rendered":"\t\t<div data-elementor-type=\"wp-post\" data-elementor-id=\"48564\" class=\"elementor elementor-48564\" data-elementor-post-type=\"post\">\n\t\t\t\t<div data-particle_enable=\"false\" data-particle-mobile-disabled=\"false\" class=\"elementor-element elementor-element-555fe70 e-flex e-con-boxed e-con e-parent\" data-id=\"555fe70\" data-element_type=\"container\" data-e-type=\"container\">\n\t\t\t\t\t<div class=\"e-con-inner\">\n\t\t\t\t<div class=\"elementor-element elementor-element-5176ebf elementor-widget elementor-widget-heading\" data-id=\"5176ebf\" data-element_type=\"widget\" data-e-type=\"widget\" data-widget_type=\"heading.default\">\n\t\t\t\t\t<h2 class=\"elementor-heading-title elementor-size-default\">Por posibles ilegalidades en su detenci\u00f3n,  juez federal ordena liberar directamente a 13 personas capturadas por ICE y que otras 600 puedan salir bajo fianza antes del 21 de noviembre.<\/h2>\t\t\t\t<\/div>\n\t\t\t\t\t<\/div>\n\t\t\t\t<\/div>\n\t\t<div data-particle_enable=\"false\" data-particle-mobile-disabled=\"false\" class=\"elementor-element elementor-element-416426f e-flex e-con-boxed e-con e-parent\" data-id=\"416426f\" data-element_type=\"container\" data-e-type=\"container\">\n\t\t\t\t\t<div class=\"e-con-inner\">\n\t\t\t\t<div class=\"elementor-element elementor-element-f3738fc elementor-widget elementor-widget-text-editor\" data-id=\"f3738fc\" data-element_type=\"widget\" data-e-type=\"widget\" data-widget_type=\"text-editor.default\">\n\t\t\t\t\t\t\t\t\t<p data-start=\"149\" data-end=\"550\"><strong data-start=\"149\" data-end=\"162\">CHICAGO \u2014<\/strong> El juez federal Jeffrey Cummings, del Distrito Norte de Illinois, orden\u00f3 este jueves a la administraci\u00f3n Trump la liberaci\u00f3n de cientos de personas detenidas por el Servicio de Inmigraci\u00f3n y Control de Aduanas (ICE), tras considerar que pudieron haber sido arrestadas sin orden judicial<a href=\"https:\/\/www.google.com\/search?q=operativos+ice+soymigrante.com&amp;oq=operativos+ice+soymigrante.com&amp;gs_lcrp=EgZjaHJvbWUyBggAEEUYOdIBCDMxMjVqMGo3qAIAsAIA&amp;sourceid=chrome&amp;ie=UTF-8\"> ni causa probable, <\/a>en violaci\u00f3n del decreto de consentimiento federal conocido como <em data-start=\"534\" data-end=\"549\">Casta\u00f1\u00f3n Nava<\/em>.<\/p><p data-start=\"552\" data-end=\"919\">La resoluci\u00f3n exige la liberaci\u00f3n inmediata de <strong data-start=\"599\" data-end=\"614\">13 personas<\/strong> que el propio gobierno reconoci\u00f3 como detenidas ilegalmente, y dispone que otras <strong data-start=\"696\" data-end=\"703\">615<\/strong> ingresen a programas alternativos de supervisi\u00f3n \u2014como libertad bajo fianza o monitoreo electr\u00f3nico\u2014 a m\u00e1s tardar el <strong data-start=\"821\" data-end=\"840\">21 de noviembre<\/strong>, mientras el tribunal decide si los arrestos incumplieron el acuerdo judicial.<\/p>\t\t\t\t\t\t\t\t<\/div>\n\t\t\t\t\t<\/div>\n\t\t\t\t<\/div>\n\t\t<div data-particle_enable=\"false\" data-particle-mobile-disabled=\"false\" class=\"elementor-element elementor-element-0e3e96e e-flex e-con-boxed e-con e-parent\" data-id=\"0e3e96e\" data-element_type=\"container\" data-e-type=\"container\">\n\t\t\t\t\t<div class=\"e-con-inner\">\n\t\t\t\t<div class=\"elementor-element elementor-element-9390f22 elementor-widget elementor-widget-image\" data-id=\"9390f22\" data-element_type=\"widget\" data-e-type=\"widget\" data-widget_type=\"image.default\">\n\t\t\t\t\t\t\t\t\t\t\t\t<figure class=\"wp-caption\">\n\t\t\t\t\t\t\t\t\t\t<img fetchpriority=\"high\" decoding=\"async\" width=\"363\" height=\"379\" src=\"https:\/\/soymigrante.com\/revista\/wp-content\/uploads\/2025\/11\/chicago-ice-detenciones-migrantes-3.png\" class=\"attachment-large size-large wp-image-48569\" alt=\"La orden del juez Cummings se basa en que las detenciones cuestionadas se efectuaron sin causa probable y sin orden judicial en Chicago, lo cual contraviene un fallo previo que prohibe tales pr\u00e1cticas.\" srcset=\"https:\/\/soymigrante.com\/revista\/wp-content\/uploads\/2025\/11\/chicago-ice-detenciones-migrantes-3.png 363w, https:\/\/soymigrante.com\/revista\/wp-content\/uploads\/2025\/11\/chicago-ice-detenciones-migrantes-3-287x300.png 287w\" sizes=\"(max-width: 363px) 100vw, 363px\" title=\"La orden del juez Cummings se basa en que las detenciones cuestionadas se efectuaron sin causa probable y sin orden judicial en Chicago, lo cual contraviene un fallo previo que prohibe tales pr\u00e1cticas. \u2013 SoyMigrante.com REVISTA\" \/>\t\t\t\t\t\t\t\t\t\t\t<figcaption class=\"widget-image-caption wp-caption-text\">La orden del juez Cummings se basa en que las detenciones cuestionadas se efectuaron sin causa probable y sin orden judicial en Chicago, lo cual contraviene un fallo previo que prohibe tales pr\u00e1cticas.<\/figcaption>\n\t\t\t\t\t\t\t\t\t\t<\/figure>\n\t\t\t\t\t\t\t\t\t<\/div>\n\t\t\t\t\t<\/div>\n\t\t\t\t<\/div>\n\t\t<div data-particle_enable=\"false\" data-particle-mobile-disabled=\"false\" class=\"elementor-element elementor-element-e6397f8 e-flex e-con-boxed e-con e-parent\" data-id=\"e6397f8\" data-element_type=\"container\" data-e-type=\"container\">\n\t\t\t\t\t<div class=\"e-con-inner\">\n\t\t\t\t<div class=\"elementor-element elementor-element-09b0ec8 elementor-widget elementor-widget-text-editor\" data-id=\"09b0ec8\" data-element_type=\"widget\" data-e-type=\"widget\" data-widget_type=\"text-editor.default\">\n\t\t\t\t\t\t\t\t\t<p data-start=\"149\" data-end=\"550\">El juez Cummings tambi\u00e9n instruy\u00f3 al ICE a <strong data-start=\"964\" data-end=\"1023\">suspender deportaciones y procesos de salida voluntaria<\/strong> de quienes esperan ser liberados bajo alternativas a la detenci\u00f3n. Sin embargo documentos preliminares entregados por la administraci\u00f3n Trump indican que hasta <strong data-start=\"1172\" data-end=\"1203\">1,100 de las 1,852 personas<\/strong> detenidas en el \u00e1rea de Chicago antes del 7 de octubre podr\u00edan haber sido deportadas sin el debido proceso o forzadas a optar por la salida voluntaria para evitar estancias prolongadas en centros de detenci\u00f3n descritos como inhumanos por organizaciones civiles y que atentan contra <a href=\"https:\/\/soymigrante.com\/revista\/todo-migrante-tiene-derechos-la-union-americana-de-libertades-civiles-recomienda\/\">derechos humanos.<\/a>\u00a0<\/p><p data-start=\"1581\" data-end=\"1891\">Las 615 personas que podr\u00edan ser liberadas fueron detenidas entre el <strong data-start=\"1650\" data-end=\"1691\">11 de junio y el 7 de octubre de 2025<\/strong>. Adem\u00e1s, el Departamento de Seguridad Nacional deber\u00e1 entregar antes del <strong data-start=\"1765\" data-end=\"1784\">19 de noviembre<\/strong> un listado completo de todas las detenciones realizadas por ICE y CBP desde el 11 de junio hasta la fecha.<\/p><p data-start=\"1893\" data-end=\"2314\">Las \u00f3rdenes surgieron durante una audiencia sobre el cumplimiento del decreto de consentimiento de 2022, derivado de una demanda colectiva presentada por el <strong data-start=\"2050\" data-end=\"2105\">Centro Nacional de Justicia para Inmigrantes (NIJC)<\/strong> y la <strong data-start=\"2111\" data-end=\"2131\">ACLU de Illinois<\/strong> en representaci\u00f3n de organizaciones comunitarias y demandantes individuales que denunciaron arrestos sin fundamento legal y perfiles raciales durante la primera administraci\u00f3n Trump.<\/p>\t\t\t\t\t\t\t\t<\/div>\n\t\t\t\t\t<\/div>\n\t\t\t\t<\/div>\n\t\t<div data-particle_enable=\"false\" data-particle-mobile-disabled=\"false\" class=\"elementor-element elementor-element-fd07eff e-flex e-con-boxed e-con e-parent\" data-id=\"fd07eff\" data-element_type=\"container\" data-e-type=\"container\">\n\t\t\t\t\t<div class=\"e-con-inner\">\n\t\t\t\t<div class=\"elementor-element elementor-element-40e2e2a elementor-widget elementor-widget-html\" data-id=\"40e2e2a\" data-element_type=\"widget\" data-e-type=\"widget\" data-widget_type=\"html.default\">\n\t\t\t\t\t<iframe width=\"560\" height=\"415\" src=\"https:\/\/www.youtube.com\/embed\/H08T_q0Tgqg?si=HYaUHw79TgtWFJ0C\" title=\"YouTube video player\" frameborder=\"0\" allow=\"accelerometer; autoplay; clipboard-write; encrypted-media; gyroscope; picture-in-picture; web-share\" referrerpolicy=\"strict-origin-when-cross-origin\" allowfullscreen><\/iframe>\t\t\t\t<\/div>\n\t\t\t\t\t<\/div>\n\t\t\t\t<\/div>\n\t\t<div data-particle_enable=\"false\" data-particle-mobile-disabled=\"false\" class=\"elementor-element elementor-element-d0ab941 e-flex e-con-boxed e-con e-parent\" data-id=\"d0ab941\" data-element_type=\"container\" data-e-type=\"container\">\n\t\t\t\t\t<div class=\"e-con-inner\">\n\t\t\t\t<div class=\"elementor-element elementor-element-3853985 elementor-widget elementor-widget-text-editor\" data-id=\"3853985\" data-element_type=\"widget\" data-e-type=\"widget\" data-widget_type=\"text-editor.default\">\n\t\t\t\t\t\t\t\t\t<p data-start=\"149\" data-end=\"550\">Mark Fleming, director asociado de litigios del National Immigration Justice Center, celebr\u00f3 la decisi\u00f3n: <em data-start=\"2391\" data-end=\"2696\">\u201cAgradecemos que el juez comprenda la urgencia y haya ordenado la liberaci\u00f3n de personas que permanecen en centros de detenci\u00f3n inhumanos. Las comunidades de Chicago han sufrido traumas por acciones ca\u00f3ticas y violentas de ICE. Es posible que cientos de familias ya hayan sido separadas permanentemente\u201d<\/em>, advirti\u00f3.<\/p><p data-start=\"2709\" data-end=\"3097\">Desde la ACLU de Illinois, su subdirectora legal Michelle Garcia subray\u00f3 el alcance inmediato de la orden: <em data-start=\"2816\" data-end=\"3096\">\u201cHoy fue un buen d\u00eda. Trece personas ser\u00e1n liberadas de manera inmediata y m\u00e1s de 600 podr\u00edan volver a sus hogares en una semana mientras se determina si sus arrestos violaron el acuerdo judicial. El tribunal est\u00e1 exigiendo responsabilidades al ICE y a la CBP por violar la ley\u201d<\/em>.<\/p><p data-start=\"3099\" data-end=\"3524\">Fred Tsao, asesor principal de pol\u00edticas de la ICIRR y uno de los demandantes, calific\u00f3 el fallo como <em data-start=\"3201\" data-end=\"3268\">\u201cuna gran victoria para la comunidad y para el estado de derecho\u201d<\/em>. Se\u00f1al\u00f3 que la decisi\u00f3n <em data-start=\"3293\" data-end=\"3437\">\u201cexpone la ilegalidad con la que agentes federales han intensificado sus operativos, separando familias y sembrando terror en barrios enteros\u201d<\/em>, y a\u00f1adi\u00f3 que la resoluci\u00f3n env\u00eda un mensaje claro: <em data-start=\"3490\" data-end=\"3523\">\u201cEsta ilegalidad debe terminar\u201d<\/em>.<\/p>\t\t\t\t\t\t\t\t<\/div>\n\t\t\t\t\t<\/div>\n\t\t\t\t<\/div>\n\t\t<div data-particle_enable=\"false\" data-particle-mobile-disabled=\"false\" class=\"elementor-element elementor-element-319ee0a e-flex e-con-boxed e-con e-parent\" data-id=\"319ee0a\" data-element_type=\"container\" data-e-type=\"container\">\n\t\t\t\t\t<div class=\"e-con-inner\">\n\t\t\t\t<div class=\"elementor-element elementor-element-5d7a023 elementor-widget elementor-widget-heading\" data-id=\"5d7a023\" data-element_type=\"widget\" data-e-type=\"widget\" data-widget_type=\"heading.default\">\n\t\t\t\t\t<h2 class=\"elementor-heading-title elementor-size-default\">Tambi\u00e9n te podr\u00eda interesar<\/h2>\t\t\t\t<\/div>\n\t\t\t\t\t<\/div>\n\t\t\t\t<\/div>\n\t\t<div data-particle_enable=\"false\" data-particle-mobile-disabled=\"false\" class=\"elementor-element elementor-element-e6adb35 e-flex e-con-boxed e-con e-parent\" data-id=\"e6adb35\" data-element_type=\"container\" data-e-type=\"container\">\n\t\t\t\t\t<div class=\"e-con-inner\">\n\t\t\t\t<div class=\"elementor-element elementor-element-9afb9fc elementor-grid-eael-col-3 elementor-grid-tablet-eael-col-2 elementor-grid-mobile-eael-col-1 elementor-widget elementor-widget-eael-post-grid\" data-id=\"9afb9fc\" data-element_type=\"widget\" data-e-type=\"widget\" data-settings=\"{&quot;eael_post_grid_columns&quot;:&quot;eael-col-3&quot;,&quot;eael_post_grid_columns_tablet&quot;:&quot;eael-col-2&quot;,&quot;eael_post_grid_columns_mobile&quot;:&quot;eael-col-1&quot;}\" data-widget_type=\"eael-post-grid.default\">\n\t\t\t\t\t<div id=\"eael-post-grid-9afb9fc\" class=\"eael-post-grid-container\">\n            <div class=\"eael-post-grid eael-post-appender eael-post-appender-9afb9fc eael-post-grid-style-one\" data-layout-mode=\"masonry\"><article class=\"eael-grid-post  eael-post-grid-column eael-pg-post-25952 category-recursos-migratorios\" data-id=\"25952\">\n        <div class=\"eael-grid-post-holder\">\n            <div class=\"eael-grid-post-holder-inner\"><div class=\"eael-entry-media\"><div class=\"eael-entry-overlay fade-in\"><i class=\"far fa-hand-pointer\" aria-hidden=\"true\"><\/i><a href=\"https:\/\/soymigrante.com\/revista\/como-hallar-un-abogado-experto-en-migracion-aila-puede-ser-de-utilidad\/\"><\/a><\/div><div class=\"eael-entry-thumbnail eael-image-ratio\">\n                <img decoding=\"async\" width=\"1024\" height=\"1024\" src=\"https:\/\/soymigrante.com\/revista\/wp-content\/uploads\/2025\/02\/envato-labs-ai-60370ae9-72ee-41ea-8b19-12573c5ba9e3.webp\" class=\"attachment-large size-large wp-image-25953\" alt=\"Atractivo de un hombre profesional en una oficina moderna, vestido con traje y mostrando confianza.\" srcset=\"https:\/\/soymigrante.com\/revista\/wp-content\/uploads\/2025\/02\/envato-labs-ai-60370ae9-72ee-41ea-8b19-12573c5ba9e3.webp 1024w, https:\/\/soymigrante.com\/revista\/wp-content\/uploads\/2025\/02\/envato-labs-ai-60370ae9-72ee-41ea-8b19-12573c5ba9e3-300x300.png 300w, https:\/\/soymigrante.com\/revista\/wp-content\/uploads\/2025\/02\/envato-labs-ai-60370ae9-72ee-41ea-8b19-12573c5ba9e3-150x150.png 150w, https:\/\/soymigrante.com\/revista\/wp-content\/uploads\/2025\/02\/envato-labs-ai-60370ae9-72ee-41ea-8b19-12573c5ba9e3-768x768.png 768w, https:\/\/soymigrante.com\/revista\/wp-content\/uploads\/2025\/02\/envato-labs-ai-60370ae9-72ee-41ea-8b19-12573c5ba9e3-75x75.webp 75w, https:\/\/soymigrante.com\/revista\/wp-content\/uploads\/2025\/02\/envato-labs-ai-60370ae9-72ee-41ea-8b19-12573c5ba9e3-750x750.webp 750w\" sizes=\"(max-width: 1024px) 100vw, 1024px\" \/>\n            <\/div>\n        <\/div><div class=\"eael-entry-wrapper\"><header class=\"eael-entry-header\"><h2 class=\"eael-entry-title\"><a class=\"eael-grid-post-link\" href=\"https:\/\/soymigrante.com\/revista\/como-hallar-un-abogado-experto-en-migracion-aila-puede-ser-de-utilidad\/\" title=\"\u00bfC\u00f3mo hallar un abogado experto en migraci\u00f3n? AILA puede ser de utilidad\">\u00bfC\u00f3mo hallar un abogado experto en migraci\u00f3n? AILA puede ser de utilidad<\/a><\/h2><\/header><div class=\"eael-entry-content\">\n                        <div class=\"eael-grid-post-excerpt\"><a href=\"https:\/\/soymigrante.com\/revista\/como-hallar-un-abogado-experto-en-migracion-aila-puede-ser-de-utilidad\/\" class=\"eael-post-elements-readmore-btn\">CONOCE SU HISTORIA <\/a><\/div>\n                    <\/div><\/div><\/div>\n        <\/div>\n    <\/article><article class=\"eael-grid-post  eael-post-grid-column eael-pg-post-48433 category-exitos-guatemala\" data-id=\"48433\">\n        <div class=\"eael-grid-post-holder\">\n            <div class=\"eael-grid-post-holder-inner\"><div class=\"eael-entry-media\"><div class=\"eael-entry-overlay fade-in\"><i class=\"far fa-hand-pointer\" aria-hidden=\"true\"><\/i><a href=\"https:\/\/soymigrante.com\/revista\/defiendo-a-mi-gente-cynthia-m-fernandez-abogada-migratoria-de-raiz-guatemalteca\/\"><\/a><\/div><div class=\"eael-entry-thumbnail eael-image-ratio\">\n                <img decoding=\"async\" width=\"822\" height=\"822\" src=\"https:\/\/soymigrante.com\/revista\/wp-content\/uploads\/2025\/11\/abogada-cinthia-mazariegos-guatemalteca-en-chicago-reu-law-firm-11.jpg\" class=\"attachment-large size-large wp-image-48434\" alt=\"abogada cinthia mazariegos guatemalteca en chicago reu law firm 11\" srcset=\"https:\/\/soymigrante.com\/revista\/wp-content\/uploads\/2025\/11\/abogada-cinthia-mazariegos-guatemalteca-en-chicago-reu-law-firm-11.jpg 822w, https:\/\/soymigrante.com\/revista\/wp-content\/uploads\/2025\/11\/abogada-cinthia-mazariegos-guatemalteca-en-chicago-reu-law-firm-11-300x300.jpg 300w, https:\/\/soymigrante.com\/revista\/wp-content\/uploads\/2025\/11\/abogada-cinthia-mazariegos-guatemalteca-en-chicago-reu-law-firm-11-150x150.jpg 150w, https:\/\/soymigrante.com\/revista\/wp-content\/uploads\/2025\/11\/abogada-cinthia-mazariegos-guatemalteca-en-chicago-reu-law-firm-11-768x768.jpg 768w, https:\/\/soymigrante.com\/revista\/wp-content\/uploads\/2025\/11\/abogada-cinthia-mazariegos-guatemalteca-en-chicago-reu-law-firm-11-75x75.jpg 75w, https:\/\/soymigrante.com\/revista\/wp-content\/uploads\/2025\/11\/abogada-cinthia-mazariegos-guatemalteca-en-chicago-reu-law-firm-11-750x750.jpg 750w\" sizes=\"(max-width: 822px) 100vw, 822px\" \/>\n            <\/div>\n        <\/div><div class=\"eael-entry-wrapper\"><header class=\"eael-entry-header\"><h2 class=\"eael-entry-title\"><a class=\"eael-grid-post-link\" href=\"https:\/\/soymigrante.com\/revista\/defiendo-a-mi-gente-cynthia-m-fernandez-abogada-migratoria-de-raiz-guatemalteca\/\" title=\"&#8220;Defiendo a mi gente&#8221;: Cynthia M. Fern\u00e1ndez, abogada migratoria en Chicago, de padres guatemaltecos.\">&#8220;Defiendo a mi gente&#8221;: Cynthia M. Fern\u00e1ndez, abogada migratoria en Chicago, de padres guatemaltecos.<\/a><\/h2><\/header><div class=\"eael-entry-content\">\n                        <div class=\"eael-grid-post-excerpt\"><a href=\"https:\/\/soymigrante.com\/revista\/defiendo-a-mi-gente-cynthia-m-fernandez-abogada-migratoria-de-raiz-guatemalteca\/\" class=\"eael-post-elements-readmore-btn\">CONOCE SU HISTORIA <\/a><\/div>\n                    <\/div><\/div><\/div>\n        <\/div>\n    <\/article><article class=\"eael-grid-post  eael-post-grid-column eael-pg-post-6382 category-recursos-migratorios\" data-id=\"6382\">\n        <div class=\"eael-grid-post-holder\">\n            <div class=\"eael-grid-post-holder-inner\"><div class=\"eael-entry-media\"><div class=\"eael-entry-overlay fade-in\"><i class=\"far fa-hand-pointer\" aria-hidden=\"true\"><\/i><a href=\"https:\/\/soymigrante.com\/revista\/derechos-de-los-migrantes-silencio-indocumentados-defensa\/\"><\/a><\/div><div class=\"eael-entry-thumbnail eael-image-ratio\">\n                <img loading=\"lazy\" decoding=\"async\" width=\"1024\" height=\"1024\" src=\"https:\/\/soymigrante.com\/revista\/wp-content\/uploads\/2024\/05\/derechos-migrantes-en-estados-unidos-1024x1024.png\" class=\"attachment-large size-large wp-image-49647\" alt=\"obrero industrial hispano para ilustrar tema de derechos migrantes en estados unidos\" srcset=\"https:\/\/soymigrante.com\/revista\/wp-content\/uploads\/2024\/05\/derechos-migrantes-en-estados-unidos-1024x1024.png 1024w, https:\/\/soymigrante.com\/revista\/wp-content\/uploads\/2024\/05\/derechos-migrantes-en-estados-unidos-300x300.png 300w, https:\/\/soymigrante.com\/revista\/wp-content\/uploads\/2024\/05\/derechos-migrantes-en-estados-unidos-150x150.png 150w, https:\/\/soymigrante.com\/revista\/wp-content\/uploads\/2024\/05\/derechos-migrantes-en-estados-unidos-768x768.png 768w, https:\/\/soymigrante.com\/revista\/wp-content\/uploads\/2024\/05\/derechos-migrantes-en-estados-unidos-75x75.png 75w, https:\/\/soymigrante.com\/revista\/wp-content\/uploads\/2024\/05\/derechos-migrantes-en-estados-unidos-750x750.png 750w, https:\/\/soymigrante.com\/revista\/wp-content\/uploads\/2024\/05\/derechos-migrantes-en-estados-unidos.png 1101w\" sizes=\"(max-width: 1024px) 100vw, 1024px\" \/>\n            <\/div>\n        <\/div><div class=\"eael-entry-wrapper\"><header class=\"eael-entry-header\"><h2 class=\"eael-entry-title\"><a class=\"eael-grid-post-link\" href=\"https:\/\/soymigrante.com\/revista\/derechos-de-los-migrantes-silencio-indocumentados-defensa\/\" title=\"Migrante, tienes derechos en EE.UU., incluyendo el silencio: averigua, conoce y comparte\">Migrante, tienes derechos en EE.UU., incluyendo el silencio: averigua, conoce y comparte<\/a><\/h2><\/header><div class=\"eael-entry-content\">\n                        <div class=\"eael-grid-post-excerpt\"><a href=\"https:\/\/soymigrante.com\/revista\/derechos-de-los-migrantes-silencio-indocumentados-defensa\/\" class=\"eael-post-elements-readmore-btn\">CONOCE SU HISTORIA <\/a><\/div>\n                    <\/div><\/div><\/div>\n        <\/div>\n    <\/article><\/div>\n            <div class=\"clearfix\"><\/div>\n        <\/div>\t\t\t\t<\/div>\n\t\t\t\t\t<\/div>\n\t\t\t\t<\/div>\n\t\t\t\t<\/div>\n\t\t","protected":false},"excerpt":{"rendered":"<p>Por posibles ilegalidades en su detenci\u00f3n, juez federal ordena liberar directamente a 13 personas capturadas por ICE y que otras 600 puedan salir bajo fianza antes del 21 de noviembre. CHICAGO \u2014 El juez federal Jeffrey Cummings, del Distrito Norte de Illinois, orden\u00f3 este jueves a la administraci\u00f3n Trump la liberaci\u00f3n de cientos de personas [&hellip;]<\/p>\n","protected":false},"author":1,"featured_media":48565,"comment_status":"open","ping_status":"open","sticky":false,"template":"","format":"standard","meta":{"_acf_changed":false,"_eb_attr":"","footnotes":""},"categories":[280],"tags":[],"class_list":["post-48564","post","type-post","status-publish","format-standard","has-post-thumbnail","hentry","category-noticias"],"acf":[],"aioseo_notices":[],"aioseo_head":"\n\t\t<!-- All in One SEO Pro 4.9.6.2 - aioseo.com -->\n\t<meta name=\"description\" content=\"El Centro de Recursos Legales para migrantes, por sus siglas en ingl\u00e9s ILRC, ofrece recomendaciones para migrantes en Estados Unidos, incluso si no tienen un estatus regular. Tarjeta roja y silencio son dos recursos que pueden ser \u00fatiles. El incremento de pol\u00edticas antimigrantes en varios Estados de EE.UU. genera temores entre migrantes guatemaltecos y de\" \/>\n\t<meta name=\"robots\" content=\"max-snippet:-1, max-image-preview:large, max-video-preview:-1\" \/>\n\t<meta name=\"author\" content=\"SoyMigrante.com REVISTA\"\/>\n\t<link rel=\"canonical\" href=\"https:\/\/soymigrante.com\/revista\/juez-federal-ordena-liberar-a-mas-de-600-migrantes-detenidos-en-chicago\/\" \/>\n\t<meta name=\"generator\" content=\"All in One SEO Pro (AIOSEO) 4.9.6.2\" \/>\n\n\t\t<link rel=\"preconnect\" href=\"https:\/\/fonts.googleapis.com\" crossorigin>\n<link rel=\"preconnect\" href=\"https:\/\/fonts.gstatic.com\" crossorigin>\n\t\t<meta property=\"og:locale\" content=\"es_ES\" \/>\n\t\t<meta property=\"og:site_name\" content=\"SoyMigrante.com REVISTA \u2013 Nuestra misi\u00f3n es reconocer y dignificar al migrante.\" \/>\n\t\t<meta property=\"og:type\" content=\"article\" \/>\n\t\t<meta property=\"og:title\" content=\"Juez federal ordena liberar a migrantes detenidos en Chicago\" \/>\n\t\t<meta property=\"og:description\" content=\"La orden de liberaci\u00f3n directa favorece a 15 migrantes; a otros 600 ordena otorgarles fianza debido a posibles ilegalidades cometidas durante su detenci\u00f3n.\" \/>\n\t\t<meta property=\"og:url\" content=\"https:\/\/soymigrante.com\/revista\/juez-federal-ordena-liberar-a-mas-de-600-migrantes-detenidos-en-chicago\/\" \/>\n\t\t<meta property=\"og:image\" content=\"https:\/\/soymigrante.com\/revista\/wp-content\/uploads\/2025\/11\/chicago-ice-detenciones-migrantes-1.png\" \/>\n\t\t<meta property=\"og:image:secure_url\" content=\"https:\/\/soymigrante.com\/revista\/wp-content\/uploads\/2025\/11\/chicago-ice-detenciones-migrantes-1.png\" \/>\n\t\t<meta property=\"og:image:width\" content=\"350\" \/>\n\t\t<meta property=\"og:image:height\" content=\"350\" \/>\n\t\t<meta property=\"article:published_time\" content=\"2025-11-14T13:06:41+00:00\" \/>\n\t\t<meta property=\"article:modified_time\" content=\"2025-11-14T13:36:29+00:00\" \/>\n\t\t<meta property=\"article:publisher\" content=\"https:\/\/www.facebook.com\/soymigrantecom\" \/>\n\t\t<meta name=\"twitter:card\" content=\"summary_large_image\" \/>\n\t\t<meta name=\"twitter:site\" content=\"@SoyMigrante_com\" \/>\n\t\t<meta name=\"twitter:title\" content=\"Juez federal ordena liberar a migrantes detenidos en Chicago\" \/>\n\t\t<meta name=\"twitter:description\" content=\"La orden de liberaci\u00f3n directa favorece a 15 migrantes; a otros 600 ordena otorgarles fianza debido a posibles ilegalidades cometidas durante su detenci\u00f3n.\" \/>\n\t\t<meta name=\"twitter:creator\" content=\"@SoyMigrante_com\" \/>\n\t\t<meta name=\"twitter:image\" content=\"https:\/\/soymigrante.com\/revista\/wp-content\/uploads\/2025\/11\/chicago-ice-detenciones-migrantes-1.png\" \/>\n\t\t<!-- All in One SEO Pro -->\r\n\t\t<title>Juez federal ordena liberar a migrantes detenidos en Chicago<\/title>\n\n","aioseo_head_json":{"title":"Juez federal ordena liberar a migrantes detenidos en Chicago","description":"La orden de liberaci\u00f3n directa favorece a 15 migrantes; a otros 600 ordena otorgarles fianza debido a posibles ilegalidades cometidas durante su detenci\u00f3n.","canonical_url":"https:\/\/soymigrante.com\/revista\/juez-federal-ordena-liberar-a-mas-de-600-migrantes-detenidos-en-chicago\/","robots":"max-snippet:-1, max-image-preview:large, max-video-preview:-1","keywords":"","webmasterTools":{"miscellaneous":"&lt;link rel=\"preconnect\" href=\"https:\/\/fonts.googleapis.com\" crossorigin&gt;\n&lt;link rel=\"preconnect\" href=\"https:\/\/fonts.gstatic.com\" crossorigin&gt;"},"schema":null,"og:locale":"es_ES","og:site_name":"SoyMigrante.com REVISTA \u2013 Nuestra misi\u00f3n es reconocer y dignificar al migrante.","og:type":"article","og:title":"Juez federal ordena liberar a migrantes detenidos en Chicago","og:description":"La orden de liberaci\u00f3n directa favorece a 15 migrantes; a otros 600 ordena otorgarles fianza debido a posibles ilegalidades cometidas durante su detenci\u00f3n.","og:url":"https:\/\/soymigrante.com\/revista\/juez-federal-ordena-liberar-a-mas-de-600-migrantes-detenidos-en-chicago\/","og:image":"https:\/\/soymigrante.com\/revista\/wp-content\/uploads\/2025\/11\/chicago-ice-detenciones-migrantes-1.png","og:image:secure_url":"https:\/\/soymigrante.com\/revista\/wp-content\/uploads\/2025\/11\/chicago-ice-detenciones-migrantes-1.png","og:image:width":350,"og:image:height":350,"article:published_time":"2025-11-14T13:06:41+00:00","article:modified_time":"2025-11-14T13:36:29+00:00","article:publisher":"https:\/\/www.facebook.com\/soymigrantecom","twitter:card":"summary_large_image","twitter:site":"@SoyMigrante_com","twitter:title":"Juez federal ordena liberar a migrantes detenidos en Chicago","twitter:description":"La orden de liberaci\u00f3n directa favorece a 15 migrantes; a otros 600 ordena otorgarles fianza debido a posibles ilegalidades cometidas durante su detenci\u00f3n.","twitter:creator":"@SoyMigrante_com","twitter:image":"https:\/\/soymigrante.com\/revista\/wp-content\/uploads\/2025\/11\/chicago-ice-detenciones-migrantes-1.png"},"aioseo_meta_data":{"post_id":"48564","title":"Juez federal ordena liberar a migrantes detenidos en Chicago","description":"La orden de liberaci\u00f3n directa favorece a 15 migrantes; a otros 600 ordena otorgarles fianza debido a posibles ilegalidades cometidas durante su detenci\u00f3n.","keywords":null,"keyphrases":{"focus":{"keyphrase":"Migrantes","score":60,"analysis":{"keyphraseInTitle":{"score":9,"maxScore":9,"error":0},"keyphraseInDescription":{"score":9,"maxScore":9,"error":0},"keyphraseLength":{"score":9,"maxScore":9,"error":0,"length":1},"keyphraseInURL":{"score":5,"maxScore":5,"error":0},"keyphraseInIntroduction":{"score":3,"maxScore":9,"error":1},"keyphraseInSubHeadings":{"score":3,"maxScore":9,"error":1},"keyphraseInImageAlt":{"score":3,"maxScore":9,"error":1},"keywordDensity":{"score":0,"type":"low","maxScore":9,"error":1}}},"additional":[{"keyphrase":"Chicago","score":87,"analysis":{"keyphraseInDescription":{"score":3,"maxScore":9,"error":1},"keyphraseLength":{"score":9,"maxScore":9,"error":0,"length":1},"keyphraseInIntroduction":{"score":9,"maxScore":9,"error":0},"keyphraseInImageAlt":{"score":9,"maxScore":9,"error":0},"keywordDensity":{"type":"best","score":9,"maxScore":9,"error":0}}}]},"primary_term":null,"canonical_url":null,"og_title":null,"og_description":null,"og_object_type":"default","og_image_type":"default","og_image_url":null,"og_image_width":null,"og_image_height":null,"og_image_custom_url":null,"og_image_custom_fields":null,"og_video":"","og_custom_url":null,"og_article_section":null,"og_article_tags":null,"twitter_use_og":false,"twitter_card":"default","twitter_image_type":"default","twitter_image_url":null,"twitter_image_custom_url":null,"twitter_image_custom_fields":null,"twitter_title":null,"twitter_description":null,"schema":{"blockGraphs":[],"customGraphs":[],"default":{"data":{"Article":[],"Course":[],"Dataset":[],"FAQPage":[],"Movie":[],"Person":[],"Product":[],"ProductReview":[],"Car":[],"Recipe":[],"Service":[],"SoftwareApplication":[],"WebPage":[]},"graphName":"NewsArticle","isEnabled":true},"graphs":[]},"schema_type":"default","schema_type_options":null,"pillar_content":false,"robots_default":true,"robots_noindex":false,"robots_noarchive":false,"robots_nosnippet":false,"robots_nofollow":false,"robots_noimageindex":false,"robots_noodp":false,"robots_notranslate":false,"robots_max_snippet":"-1","robots_max_videopreview":"-1","robots_max_imagepreview":"large","priority":null,"frequency":"default","local_seo":null,"seo_analyzer_scan_date":"2025-11-14 13:38:44","breadcrumb_settings":null,"limit_modified_date":false,"reviewed_by":"0","open_ai":null,"ai":{"faqs":[],"keyPoints":[],"titles":[],"descriptions":[],"socialPosts":{"email":[],"linkedin":[],"twitter":[],"facebook":[],"instagram":[]}},"created":"2025-11-14 12:55:32","updated":"2026-02-05 07:01:15"},"aioseo_breadcrumb":"<div class=\"aioseo-breadcrumbs\"><span class=\"aioseo-breadcrumb\">\n\t<a href=\"https:\/\/soymigrante.com\/revista\" title=\"Home\">Home<\/a>\n<\/span><span class=\"aioseo-breadcrumb-separator\">\u00bb<\/span><span class=\"aioseo-breadcrumb\">\n\t<a href=\"https:\/\/soymigrante.com\/revista\/category\/noticias\/\" title=\"Noticias\">Noticias<\/a>\n<\/span><span class=\"aioseo-breadcrumb-separator\">\u00bb<\/span><span class=\"aioseo-breadcrumb\">\n\tJuez federal ordena liberar a m\u00e1s de 600 migrantes detenidos en Chicago\n<\/span><\/div>","aioseo_breadcrumb_json":[{"label":"Home","link":"https:\/\/soymigrante.com\/revista"},{"label":"Noticias","link":"https:\/\/soymigrante.com\/revista\/category\/noticias\/"},{"label":"Juez federal ordena liberar a m\u00e1s de 600 migrantes detenidos en Chicago","link":"https:\/\/soymigrante.com\/revista\/juez-federal-ordena-liberar-a-mas-de-600-migrantes-detenidos-en-chicago\/"}],"_links":{"self":[{"href":"https:\/\/soymigrante.com\/revista\/wp-json\/wp\/v2\/posts\/48564","targetHints":{"allow":["GET"]}}],"collection":[{"href":"https:\/\/soymigrante.com\/revista\/wp-json\/wp\/v2\/posts"}],"about":[{"href":"https:\/\/soymigrante.com\/revista\/wp-json\/wp\/v2\/types\/post"}],"author":[{"embeddable":true,"href":"https:\/\/soymigrante.com\/revista\/wp-json\/wp\/v2\/users\/1"}],"replies":[{"embeddable":true,"href":"https:\/\/soymigrante.com\/revista\/wp-json\/wp\/v2\/comments?post=48564"}],"version-history":[{"count":6,"href":"https:\/\/soymigrante.com\/revista\/wp-json\/wp\/v2\/posts\/48564\/revisions"}],"predecessor-version":[{"id":48574,"href":"https:\/\/soymigrante.com\/revista\/wp-json\/wp\/v2\/posts\/48564\/revisions\/48574"}],"wp:featuredmedia":[{"embeddable":true,"href":"https:\/\/soymigrante.com\/revista\/wp-json\/wp\/v2\/media\/48565"}],"wp:attachment":[{"href":"https:\/\/soymigrante.com\/revista\/wp-json\/wp\/v2\/media?parent=48564"}],"wp:term":[{"taxonomy":"category","embeddable":true,"href":"https:\/\/soymigrante.com\/revista\/wp-json\/wp\/v2\/categories?post=48564"},{"taxonomy":"post_tag","embeddable":true,"href":"https:\/\/soymigrante.com\/revista\/wp-json\/wp\/v2\/tags?post=48564"}],"curies":[{"name":"wp","href":"https:\/\/api.w.org\/{rel}","templated":true}]}}