{"id":48510,"date":"2025-11-12T20:21:34","date_gmt":"2025-11-13T02:21:34","guid":{"rendered":"https:\/\/soymigrante.com\/revista\/?p=48510"},"modified":"2025-11-12T20:29:50","modified_gmt":"2025-11-13T02:29:50","slug":"migrantes-de-barra-de-guate-impulsan-fan-fest-y-pantalla-gigante-por-partido-de-la-seleccion","status":"publish","type":"post","link":"https:\/\/soymigrante.com\/revista\/migrantes-de-barra-de-guate-impulsan-fan-fest-y-pantalla-gigante-por-partido-de-la-seleccion\/","title":{"rendered":"Migrantes de Barra de Guate impulsan Fan Fest y pantalla gigante por partido de la Selecci\u00f3n"},"content":{"rendered":"\t\t<div data-elementor-type=\"wp-post\" data-elementor-id=\"48510\" class=\"elementor elementor-48510\" data-elementor-post-type=\"post\">\n\t\t\t\t<div data-particle_enable=\"false\" data-particle-mobile-disabled=\"false\" class=\"elementor-element elementor-element-bac8b6a e-flex e-con-boxed e-con e-parent\" data-id=\"bac8b6a\" data-element_type=\"container\" data-e-type=\"container\">\n\t\t\t\t\t<div class=\"e-con-inner\">\n\t\t\t\t<div class=\"elementor-element elementor-element-b7de335 elementor-widget elementor-widget-heading\" data-id=\"b7de335\" data-element_type=\"widget\" data-e-type=\"widget\" data-widget_type=\"heading.default\">\n\t\t\t\t\t<h2 class=\"elementor-heading-title elementor-size-default\">La Barra de Guate fue fundada por migrantes guatemaltecos en USA y gracias a sus aportes se har\u00e1 un Fan Fest cerca del Estadio, con pantallas gigantes para ver el partido de la Selecci\u00f3n de Guatemala contra Panam\u00e1.<\/h2>\t\t\t\t<\/div>\n\t\t\t\t\t<\/div>\n\t\t\t\t<\/div>\n\t\t<div data-particle_enable=\"false\" data-particle-mobile-disabled=\"false\" class=\"elementor-element elementor-element-05d6293 e-flex e-con-boxed e-con e-parent\" data-id=\"05d6293\" data-element_type=\"container\" data-e-type=\"container\">\n\t\t\t\t\t<div class=\"e-con-inner\">\n\t\t\t\t<div class=\"elementor-element elementor-element-4f3b1b7 elementor-widget elementor-widget-text-editor\" data-id=\"4f3b1b7\" data-element_type=\"widget\" data-e-type=\"widget\" data-widget_type=\"text-editor.default\">\n\t\t\t\t\t\t\t\t\t<p>Con el coraz\u00f3n siempre puesto en Guatemala <a href=\"https:\/\/soymigrante.com\/revista\/por-que-siempre-emocionan-los-partidos-de-la-seleccion-de-guatemala-en-eliminatorias-mundialistas\/\">y con la azul y blanco en el alma,<\/a> migrantes guatemaltecos de La Barra de Guate recaudaron recursos para poder armar un Fan Fest <a href=\"https:\/\/soymigrante.com\/revista\/alegria-emocion-y-apoyo-de-guatemaltecos-por-la-seleccion\/\">en apoyo a la Selecci\u00f3n Nacional de Futbol, <\/a>en el decisivo partido contra Panam\u00e1 de este 13 de noviembre de 2025 en el Estadio El Tr\u00e9bol de la ciudad de<a href=\"https:\/\/soymigrante.com\/revista\/departamentos-de-guatemala-guatemala-tiene-la-mayor-area-metropolitana\/\"> Guatemala.<\/a><\/p><p>Se trata de una verdadera fiesta, que comienza a las 12 del d\u00eda, con grupos musicales, dos DJ estadounidenses, juegos inflables para ni\u00f1os, mini cuadrangular y hasta un futbol\u00edn humano, seg\u00fan inform\u00f3 <a href=\"https:\/\/soymigrante.com\/revista\/mynor-osorio-es-gerente-de-mantenimiento-de-edificio-hincha-y-actor-en-new-york\/\">Mynor Osorio, integrante y cofundador de La Barra de Guate<\/a>, desde USA.<\/p><p>El momento culminante ser\u00e1 presenciar a las 8 de la noche el partido contra Panam\u00e1 en pantallas gigantes, en el parque municipal San Francisco, cerca del estadio Manuel Felipe Carrera, de El Tr\u00e9bol, en la ciudad de Guatemala, donde se efectuar\u00e1 el encuentro.<\/p>\t\t\t\t\t\t\t\t<\/div>\n\t\t\t\t\t<\/div>\n\t\t\t\t<\/div>\n\t\t<div data-particle_enable=\"false\" data-particle-mobile-disabled=\"false\" class=\"elementor-element elementor-element-7ee9a8f e-flex e-con-boxed e-con e-parent\" data-id=\"7ee9a8f\" data-element_type=\"container\" data-e-type=\"container\">\n\t\t\t\t\t<div class=\"e-con-inner\">\n\t\t\t\t<div class=\"elementor-element elementor-element-467dafe elementor-widget elementor-widget-image\" data-id=\"467dafe\" data-element_type=\"widget\" data-e-type=\"widget\" data-widget_type=\"image.default\">\n\t\t\t\t\t\t\t\t\t\t\t\t<figure class=\"wp-caption\">\n\t\t\t\t\t\t\t\t\t\t<img fetchpriority=\"high\" decoding=\"async\" width=\"819\" height=\"1024\" src=\"https:\/\/soymigrante.com\/revista\/wp-content\/uploads\/2025\/11\/577179540_830412816512686_1818000490370652553_n-819x1024.jpg\" class=\"attachment-large size-large wp-image-48515\" alt=\"Migrantes guatemaltecos aportaron recursos para organizar el Fan Fest en las proximidades del Estado El Trebol. Un encuentro familiar de alegr\u00eda y entusiasmo en apoyo a la Selecci\u00f3n de Futbol.\" srcset=\"https:\/\/soymigrante.com\/revista\/wp-content\/uploads\/2025\/11\/577179540_830412816512686_1818000490370652553_n-819x1024.jpg 819w, https:\/\/soymigrante.com\/revista\/wp-content\/uploads\/2025\/11\/577179540_830412816512686_1818000490370652553_n-240x300.jpg 240w, https:\/\/soymigrante.com\/revista\/wp-content\/uploads\/2025\/11\/577179540_830412816512686_1818000490370652553_n-768x960.jpg 768w, https:\/\/soymigrante.com\/revista\/wp-content\/uploads\/2025\/11\/577179540_830412816512686_1818000490370652553_n-750x938.jpg 750w, https:\/\/soymigrante.com\/revista\/wp-content\/uploads\/2025\/11\/577179540_830412816512686_1818000490370652553_n.jpg 1080w\" sizes=\"(max-width: 819px) 100vw, 819px\" title=\"Migrantes guatemaltecos aportaron recursos para organizar el Fan Fest en las proximidades del Estado El Trebol. Un encuentro familiar de alegr\u00eda y entusiasmo en apoyo a la Selecci\u00f3n de Futbol. \u2013 SoyMigrante.com REVISTA\" \/>\t\t\t\t\t\t\t\t\t\t\t<figcaption class=\"widget-image-caption wp-caption-text\">Migrantes guatemaltecos aportaron recursos para organizar el Fan Fest en las proximidades del Estado El Trebol. Un encuentro familiar de alegr\u00eda y entusiasmo en apoyo a la Selecci\u00f3n de Futbol.<\/figcaption>\n\t\t\t\t\t\t\t\t\t\t<\/figure>\n\t\t\t\t\t\t\t\t\t<\/div>\n\t\t\t\t\t<\/div>\n\t\t\t\t<\/div>\n\t\t<div data-particle_enable=\"false\" data-particle-mobile-disabled=\"false\" class=\"elementor-element elementor-element-5f4314c e-flex e-con-boxed e-con e-parent\" data-id=\"5f4314c\" data-element_type=\"container\" data-e-type=\"container\">\n\t\t\t\t\t<div class=\"e-con-inner\">\n\t\t\t\t<div class=\"elementor-element elementor-element-5e29242 elementor-widget elementor-widget-heading\" data-id=\"5e29242\" data-element_type=\"widget\" data-e-type=\"widget\" data-widget_type=\"heading.default\">\n\t\t\t\t\t<h3 class=\"elementor-heading-title elementor-size-default\">Todos invitados a la fiesta en pantalla gigante<\/h3>\t\t\t\t<\/div>\n\t\t\t\t\t<\/div>\n\t\t\t\t<\/div>\n\t\t<div data-particle_enable=\"false\" data-particle-mobile-disabled=\"false\" class=\"elementor-element elementor-element-9f90568 e-flex e-con-boxed e-con e-parent\" data-id=\"9f90568\" data-element_type=\"container\" data-e-type=\"container\">\n\t\t\t\t\t<div class=\"e-con-inner\">\n\t\t\t\t<div class=\"elementor-element elementor-element-f9204f9 elementor-widget elementor-widget-text-editor\" data-id=\"f9204f9\" data-element_type=\"widget\" data-e-type=\"widget\" data-widget_type=\"text-editor.default\">\n\t\t\t\t\t\t\t\t\t<p>\u201cQuer\u00edamos que la gente que no consigui\u00f3 boletos tambi\u00e9n viviera la emoci\u00f3n del triunfo de Guatemala, que formara parte de esta alegr\u00eda colectiva\u201d, cuenta <a href=\"https:\/\/soymigrante.com\/revista\/mynor-osorio-es-gerente-de-mantenimiento-de-edificio-hincha-y-actor-en-new-york\/\">Mynor Osorio<\/a>, migrante guatemalteco radicado en Estados Unidos.<\/p><p>Los preparativos para concretar esta actividad, totalmente gratuita comenzaron hace alrededor de tres meses. No fue f\u00e1cil e incluso tuvieron que superar varios inconvenientes.\u00a0<\/p><p>Para esto contaron con el apoyo de integrantes de La Barra de Guate radicados en Guatemala. Obtuvieron la colaboraci\u00f3n de la Municipalidad de Guatemala para poder efectuar el Fan Fest en dicho parque.<\/p><p>Algunos miembros de <a href=\"https:\/\/www.instagram.com\/labarradeguate\/\">La Barra de Guate<\/a> residentes en Estados Unidos pudieron viajar para coordinar la actividad y asistir al juego. &#8220;Ten\u00edamos integrantes que tambi\u00e9n hicieron fila frente al banco para la venta de entradas. Se hizo turno por cuatro d\u00edas y aunque no se logr\u00f3 conseguir la cantidad de entradas que quer\u00edamos, <a href=\"https:\/\/www.instagram.com\/labarradeguate\/\">La Barra de Guate<\/a> estar\u00e1 presente en el Estadio, con tambores y tambi\u00e9n con esp\u00edritu deportivo de mucho respeto&#8221;, dijo Osorio.<\/p>\t\t\t\t\t\t\t\t<\/div>\n\t\t\t\t\t<\/div>\n\t\t\t\t<\/div>\n\t\t<div data-particle_enable=\"false\" data-particle-mobile-disabled=\"false\" class=\"elementor-element elementor-element-f38a024 e-flex e-con-boxed e-con e-parent\" data-id=\"f38a024\" data-element_type=\"container\" data-e-type=\"container\">\n\t\t\t\t\t<div class=\"e-con-inner\">\n\t\t\t\t<div class=\"elementor-element elementor-element-ba7c4b8 elementor-widget elementor-widget-html\" data-id=\"ba7c4b8\" data-element_type=\"widget\" data-e-type=\"widget\" data-widget_type=\"html.default\">\n\t\t\t\t\t<iframe src=\"https:\/\/www.facebook.com\/plugins\/video.php?height=476&href=https%3A%2F%2Fwww.facebook.com%2Freel%2F827130933263132%2F&show_text=true&width=267&t=0\" width=\"267\" height=\"591\" style=\"border:none;overflow:hidden\" scrolling=\"no\" frameborder=\"0\" allowfullscreen=\"true\" allow=\"autoplay; clipboard-write; encrypted-media; picture-in-picture; web-share\" allowFullScreen=\"true\"><\/iframe>\t\t\t\t<\/div>\n\t\t\t\t\t<\/div>\n\t\t\t\t<\/div>\n\t\t<div data-particle_enable=\"false\" data-particle-mobile-disabled=\"false\" class=\"elementor-element elementor-element-f1af5c7 e-flex e-con-boxed e-con e-parent\" data-id=\"f1af5c7\" data-element_type=\"container\" data-e-type=\"container\">\n\t\t\t\t\t<div class=\"e-con-inner\">\n\t\t\t\t<div class=\"elementor-element elementor-element-1b72b34 elementor-widget elementor-widget-heading\" data-id=\"1b72b34\" data-element_type=\"widget\" data-e-type=\"widget\" data-widget_type=\"heading.default\">\n\t\t\t\t\t<h3 class=\"elementor-heading-title elementor-size-default\">Una Barra de Hermandad sin fronteras<\/h3>\t\t\t\t<\/div>\n\t\t\t\t\t<\/div>\n\t\t\t\t<\/div>\n\t\t<div data-particle_enable=\"false\" data-particle-mobile-disabled=\"false\" class=\"elementor-element elementor-element-318e207 e-flex e-con-boxed e-con e-parent\" data-id=\"318e207\" data-element_type=\"container\" data-e-type=\"container\">\n\t\t\t\t\t<div class=\"e-con-inner\">\n\t\t\t\t<div class=\"elementor-element elementor-element-7ef9929 elementor-widget elementor-widget-text-editor\" data-id=\"7ef9929\" data-element_type=\"widget\" data-e-type=\"widget\" data-widget_type=\"text-editor.default\">\n\t\t\t\t\t\t\t\t\t<p>La Barra de Guate ha ido acompa\u00f1ando el avance de la Selecci\u00f3n Nacional, mayor y tambi\u00e9n la Sub 20 durante\u00a0 partidos eliminatorios celebrados en Estados Unidos pero tambi\u00e9n en otros pa\u00edses.\u00a0<\/p><p>&#8220;Queremos impulsar esta clasificaci\u00f3n, porque ser\u00e1 hist\u00f3rica, porque so\u00f1amos con ir a los partidos de Guatemala en el Mundial, que ser\u00e1 en Estados Unidos, M\u00e9xico y Canad\u00e1&#8221;, expresa Osorio con optimismo.\u00a0<\/p><p>&#8220;Por eso dijimos: hagamos una fiesta afuera del estadio, pongamos una pantalla gigante para que todos puedan verlo juntos\u201d.<\/p><p>&#8220;Muchos<a href=\"https:\/\/soymigrante.com\/revista\/aporte-economico-migrantes-guatemala\/\"> migrantes guatemaltecos<\/a> aportaron donativos para el Fan Fest y eso es lindo, porque estamos unidos en el apoyo.\u00a0 El influencer Carlos Espina, nos apoy\u00f3 con la mitad del financiamiento de toda la actividad\u201d, destaca Osorio.<\/p>\t\t\t\t\t\t\t\t<\/div>\n\t\t\t\t\t<\/div>\n\t\t\t\t<\/div>\n\t\t<div data-particle_enable=\"false\" data-particle-mobile-disabled=\"false\" class=\"elementor-element elementor-element-3685b18 e-flex e-con-boxed e-con e-parent\" data-id=\"3685b18\" data-element_type=\"container\" data-e-type=\"container\">\n\t\t\t\t\t<div class=\"e-con-inner\">\n\t\t\t\t<div class=\"elementor-element elementor-element-bf9cc52 elementor-widget elementor-widget-facebook-page\" data-id=\"bf9cc52\" data-element_type=\"widget\" data-e-type=\"widget\" data-widget_type=\"facebook-page.default\">\n\t\t\t\t\t<div class=\"elementor-facebook-widget fb-page\" data-href=\"https:\/\/www.facebook.com\/LaBarraDeGuate\" data-tabs=\"timeline\" data-height=\"500px\" data-width=\"500px\" data-small-header=\"false\" data-hide-cover=\"false\" data-show-facepile=\"true\" data-hide-cta=\"false\" style=\"min-height: 1px;height:500px\"><\/div>\t\t\t\t<\/div>\n\t\t\t\t\t<\/div>\n\t\t\t\t<\/div>\n\t\t<div data-particle_enable=\"false\" data-particle-mobile-disabled=\"false\" class=\"elementor-element elementor-element-32603ab e-flex e-con-boxed e-con e-parent\" data-id=\"32603ab\" data-element_type=\"container\" data-e-type=\"container\">\n\t\t\t\t\t<div class=\"e-con-inner\">\n\t\t\t\t<div class=\"elementor-element elementor-element-800d315 elementor-widget elementor-widget-heading\" data-id=\"800d315\" data-element_type=\"widget\" data-e-type=\"widget\" data-widget_type=\"heading.default\">\n\t\t\t\t\t<h3 class=\"elementor-heading-title elementor-size-default\">Un abrazo, un sue\u00f1o, un anhelado triunfo<\/h3>\t\t\t\t<\/div>\n\t\t\t\t\t<\/div>\n\t\t\t\t<\/div>\n\t\t<div data-particle_enable=\"false\" data-particle-mobile-disabled=\"false\" class=\"elementor-element elementor-element-802f2e9 e-flex e-con-boxed e-con e-parent\" data-id=\"802f2e9\" data-element_type=\"container\" data-e-type=\"container\">\n\t\t\t\t\t<div class=\"e-con-inner\">\n\t\t\t\t<div class=\"elementor-element elementor-element-e556583 elementor-widget elementor-widget-text-editor\" data-id=\"e556583\" data-element_type=\"widget\" data-e-type=\"widget\" data-widget_type=\"text-editor.default\">\n\t\t\t\t\t\t\t\t\t<p>La Barra de Guate, fundada por <a href=\"https:\/\/soymigrante.com\/revista\/aporte-economico-migrantes-guatemala\/\">migrantes<\/a>, re\u00fane actualmente a m\u00e1s de 490 miembros distribuidos entre Guatemala y Estados Unidos. Todos se mantienen conectados mediante un grupo de WhatsApp abierto al p\u00fablico. \u201cDesde Guatemala y Estados Unidos es posible unirse, a trav\u00e9s del link de nuestra fanpage. El grupo est\u00e1 abierto a todos los guatemaltecos\u201d, se\u00f1ala Osorio.<\/p><p>El evento no tendr\u00e1 costo de entrada y ofrecer\u00e1 una jornada familiar con m\u00fasica, comida y juegos.\u00a0 \u201cTodos est\u00e1n invitados, solo pedimos orden y hermandad, todos estamos all\u00ed para apoyar a la Selecci\u00f3n y lo podemos hacer de una manera agradable y con armon\u00eda&#8221;.<\/p><p>El Fan Fest ser\u00e1, m\u00e1s que una proyecci\u00f3n de f\u00fatbol, un reencuentro de identidades, un abrazo de hermanos. Una muestra de que el amor por Guatemala puede cruzar fronteras, encender pantallas y unir voces bajo un mismo grito:\u00a0<\/p><h1><b>\u00a1Vamos Guate, s\u00ed se puede<\/b><\/h1>\t\t\t\t\t\t\t\t<\/div>\n\t\t\t\t\t<\/div>\n\t\t\t\t<\/div>\n\t\t<div data-particle_enable=\"false\" data-particle-mobile-disabled=\"false\" class=\"elementor-element elementor-element-2d1afb7 e-flex e-con-boxed e-con e-parent\" data-id=\"2d1afb7\" data-element_type=\"container\" data-e-type=\"container\">\n\t\t\t\t\t<div class=\"e-con-inner\">\n\t\t\t\t<div class=\"elementor-element elementor-element-46db2a9 elementor-widget elementor-widget-html\" data-id=\"46db2a9\" data-element_type=\"widget\" data-e-type=\"widget\" data-widget_type=\"html.default\">\n\t\t\t\t\t<iframe src=\"https:\/\/www.google.com\/maps\/embed?pb=!1m18!1m12!1m3!1d7721.3126087228!2d-90.54146817721458!3d14.618644618261818!2m3!1f0!2f0!3f0!3m2!1i1024!2i768!4f13.1!3m3!1m2!1s0x8589a184beffffff%3A0xbbf2cfd5cbf6880a!2sSan%20Francisco!5e0!3m2!1ses!2sgt!4v1763000513271!5m2!1ses!2sgt\" width=\"600\" height=\"450\" style=\"border:0;\" allowfullscreen=\"\" loading=\"lazy\" referrerpolicy=\"no-referrer-when-downgrade\"><\/iframe>\t\t\t\t<\/div>\n\t\t\t\t\t<\/div>\n\t\t\t\t<\/div>\n\t\t<div data-particle_enable=\"false\" data-particle-mobile-disabled=\"false\" class=\"elementor-element elementor-element-17a144d e-flex e-con-boxed e-con e-parent\" data-id=\"17a144d\" data-element_type=\"container\" data-e-type=\"container\">\n\t\t\t\t\t<div class=\"e-con-inner\">\n\t\t\t\t<div class=\"elementor-element elementor-element-4d8ed58 elementor-widget elementor-widget-heading\" data-id=\"4d8ed58\" data-element_type=\"widget\" data-e-type=\"widget\" data-widget_type=\"heading.default\">\n\t\t\t\t\t<h2 class=\"elementor-heading-title elementor-size-default\">Un gran sue\u00f1o \u00a1no hay imposibles!<\/h2>\t\t\t\t<\/div>\n\t\t\t\t\t<\/div>\n\t\t\t\t<\/div>\n\t\t<div data-particle_enable=\"false\" data-particle-mobile-disabled=\"false\" class=\"elementor-element elementor-element-38f848d e-flex e-con-boxed e-con e-parent\" data-id=\"38f848d\" data-element_type=\"container\" data-e-type=\"container\">\n\t\t\t\t\t<div class=\"e-con-inner\">\n\t\t\t\t<div class=\"elementor-element elementor-element-69b65a8 elementor-grid-eael-col-3 elementor-grid-tablet-eael-col-2 elementor-grid-mobile-eael-col-1 elementor-widget elementor-widget-eael-post-grid\" data-id=\"69b65a8\" data-element_type=\"widget\" data-e-type=\"widget\" data-settings=\"{&quot;eael_post_grid_columns&quot;:&quot;eael-col-3&quot;,&quot;eael_post_grid_columns_tablet&quot;:&quot;eael-col-2&quot;,&quot;eael_post_grid_columns_mobile&quot;:&quot;eael-col-1&quot;}\" data-widget_type=\"eael-post-grid.default\">\n\t\t\t\t\t<div id=\"eael-post-grid-69b65a8\" class=\"eael-post-grid-container\">\n            <div class=\"eael-post-grid eael-post-appender eael-post-appender-69b65a8 eael-post-grid-style-one\" data-layout-mode=\"masonry\"><article class=\"eael-grid-post  eael-post-grid-column eael-pg-post-9834 category-estamos-unidos\" data-id=\"9834\">\n        <div class=\"eael-grid-post-holder\">\n            <div class=\"eael-grid-post-holder-inner\"><div class=\"eael-entry-media\"><div class=\"eael-entry-overlay fade-in\"><i class=\"far fa-hand-pointer\" aria-hidden=\"true\"><\/i><a href=\"https:\/\/soymigrante.com\/revista\/jared-solis-hijo-de-migrantes-guatemaltecos-en-misuri-es-convocado-a-seleccion-sub-17\/\"><\/a><\/div><div class=\"eael-entry-thumbnail eael-image-ratio\">\n                <img decoding=\"async\" width=\"1024\" height=\"1024\" src=\"https:\/\/soymigrante.com\/revista\/wp-content\/uploads\/2024\/09\/Seleccion-Sub17-Migrante-Guatemalteco-6-1024x1024.webp\" class=\"attachment-large size-large wp-image-9835\" alt=\"Juventud futbolista con bandera de Guatemala en campo de f\u00fatbol, promoviendo el deporte y la cultura migrante en Estados Unidos.\" srcset=\"https:\/\/soymigrante.com\/revista\/wp-content\/uploads\/2024\/09\/Seleccion-Sub17-Migrante-Guatemalteco-6-1024x1024.webp 1024w, https:\/\/soymigrante.com\/revista\/wp-content\/uploads\/2024\/09\/Seleccion-Sub17-Migrante-Guatemalteco-6-300x300.webp 300w, https:\/\/soymigrante.com\/revista\/wp-content\/uploads\/2024\/09\/Seleccion-Sub17-Migrante-Guatemalteco-6-150x150.webp 150w, https:\/\/soymigrante.com\/revista\/wp-content\/uploads\/2024\/09\/Seleccion-Sub17-Migrante-Guatemalteco-6-768x768.webp 768w, https:\/\/soymigrante.com\/revista\/wp-content\/uploads\/2024\/09\/Seleccion-Sub17-Migrante-Guatemalteco-6-75x75.webp 75w, https:\/\/soymigrante.com\/revista\/wp-content\/uploads\/2024\/09\/Seleccion-Sub17-Migrante-Guatemalteco-6-750x750.webp 750w, https:\/\/soymigrante.com\/revista\/wp-content\/uploads\/2024\/09\/Seleccion-Sub17-Migrante-Guatemalteco-6-1140x1140.webp 1140w, https:\/\/soymigrante.com\/revista\/wp-content\/uploads\/2024\/09\/Seleccion-Sub17-Migrante-Guatemalteco-6.webp 1430w\" sizes=\"(max-width: 1024px) 100vw, 1024px\" \/>\n            <\/div>\n        <\/div><div class=\"eael-entry-wrapper\"><header class=\"eael-entry-header\"><h2 class=\"eael-entry-title\"><a class=\"eael-grid-post-link\" href=\"https:\/\/soymigrante.com\/revista\/jared-solis-hijo-de-migrantes-guatemaltecos-en-misuri-es-convocado-a-seleccion-sub-17\/\" title=\"Jared Sol\u00eds, hijo de migrantes guatemaltecos en Misuri, es convocado a Selecci\u00f3n Sub-17\">Jared Sol\u00eds, hijo de migrantes guatemaltecos en Misuri, es convocado a Selecci\u00f3n Sub-17<\/a><\/h2><\/header><div class=\"eael-entry-content\">\n                        <div class=\"eael-grid-post-excerpt\"><a href=\"https:\/\/soymigrante.com\/revista\/jared-solis-hijo-de-migrantes-guatemaltecos-en-misuri-es-convocado-a-seleccion-sub-17\/\" class=\"eael-post-elements-readmore-btn\">CONOCE SU HISTORIA <\/a><\/div>\n                    <\/div><\/div><\/div>\n        <\/div>\n    <\/article><article class=\"eael-grid-post  eael-post-grid-column eael-pg-post-12682 category-exitos\" data-id=\"12682\">\n        <div class=\"eael-grid-post-holder\">\n            <div class=\"eael-grid-post-holder-inner\"><div class=\"eael-entry-media\"><div class=\"eael-entry-overlay fade-in\"><i class=\"far fa-hand-pointer\" aria-hidden=\"true\"><\/i><a href=\"https:\/\/soymigrante.com\/revista\/mynor-osorio-es-gerente-de-mantenimiento-de-edificio-hincha-y-actor-en-new-york\/\"><\/a><\/div><div class=\"eael-entry-thumbnail eael-image-ratio\">\n                <img decoding=\"async\" width=\"1024\" height=\"1024\" src=\"https:\/\/soymigrante.com\/revista\/wp-content\/uploads\/2024\/11\/mynor-osoario-migrante-ny-1024x1024.jpg\" class=\"attachment-large size-large wp-image-12684\" alt=\"Guatemalteco con bandera en marcha patri\u00f3tica, s\u00edmbolo de orgullo y celebraci\u00f3n nacional, participando en evento cultural y c\u00edvico.\" srcset=\"https:\/\/soymigrante.com\/revista\/wp-content\/uploads\/2024\/11\/mynor-osoario-migrante-ny-1024x1024.jpg 1024w, https:\/\/soymigrante.com\/revista\/wp-content\/uploads\/2024\/11\/mynor-osoario-migrante-ny-300x300.webp 300w, https:\/\/soymigrante.com\/revista\/wp-content\/uploads\/2024\/11\/mynor-osoario-migrante-ny-150x150.webp 150w, https:\/\/soymigrante.com\/revista\/wp-content\/uploads\/2024\/11\/mynor-osoario-migrante-ny-768x768.jpg 768w, https:\/\/soymigrante.com\/revista\/wp-content\/uploads\/2024\/11\/mynor-osoario-migrante-ny-75x75.webp 75w, https:\/\/soymigrante.com\/revista\/wp-content\/uploads\/2024\/11\/mynor-osoario-migrante-ny-750x750.webp 750w, https:\/\/soymigrante.com\/revista\/wp-content\/uploads\/2024\/11\/mynor-osoario-migrante-ny-1140x1140.jpg 1140w, https:\/\/soymigrante.com\/revista\/wp-content\/uploads\/2024\/11\/mynor-osoario-migrante-ny.webp 1365w\" sizes=\"(max-width: 1024px) 100vw, 1024px\" \/>\n            <\/div>\n        <\/div><div class=\"eael-entry-wrapper\"><header class=\"eael-entry-header\"><h2 class=\"eael-entry-title\"><a class=\"eael-grid-post-link\" href=\"https:\/\/soymigrante.com\/revista\/mynor-osorio-es-gerente-de-mantenimiento-de-edificio-hincha-y-actor-en-new-york\/\" title=\"Mynor Osorio es superintendente de 12 edificios, fan de f\u00fatbol y actor en New York\">Mynor Osorio es superintendente de 12 edificios, fan de f\u00fatbol y actor en New York<\/a><\/h2><\/header><div class=\"eael-entry-content\">\n                        <div class=\"eael-grid-post-excerpt\"><a href=\"https:\/\/soymigrante.com\/revista\/mynor-osorio-es-gerente-de-mantenimiento-de-edificio-hincha-y-actor-en-new-york\/\" class=\"eael-post-elements-readmore-btn\">CONOCE SU HISTORIA <\/a><\/div>\n                    <\/div><\/div><\/div>\n        <\/div>\n    <\/article><article class=\"eael-grid-post  eael-post-grid-column eael-pg-post-35806 category-estamos-unidos\" data-id=\"35806\">\n        <div class=\"eael-grid-post-holder\">\n            <div class=\"eael-grid-post-holder-inner\"><div class=\"eael-entry-media\"><div class=\"eael-entry-overlay fade-in\"><i class=\"far fa-hand-pointer\" aria-hidden=\"true\"><\/i><a href=\"https:\/\/soymigrante.com\/revista\/por-que-siempre-emocionan-los-partidos-de-la-seleccion-de-guatemala-en-eliminatorias-mundialistas\/\"><\/a><\/div><div class=\"eael-entry-thumbnail eael-image-ratio\">\n                <img loading=\"lazy\" decoding=\"async\" width=\"1024\" height=\"1024\" src=\"https:\/\/soymigrante.com\/revista\/wp-content\/uploads\/2025\/06\/572517679_825389990348302_7228509313391313617_n-1024x1024.jpg\" class=\"attachment-large size-large wp-image-48543\" alt=\"seleccion de guatemala\" srcset=\"https:\/\/soymigrante.com\/revista\/wp-content\/uploads\/2025\/06\/572517679_825389990348302_7228509313391313617_n-1024x1024.jpg 1024w, https:\/\/soymigrante.com\/revista\/wp-content\/uploads\/2025\/06\/572517679_825389990348302_7228509313391313617_n-300x300.jpg 300w, https:\/\/soymigrante.com\/revista\/wp-content\/uploads\/2025\/06\/572517679_825389990348302_7228509313391313617_n-150x150.jpg 150w, https:\/\/soymigrante.com\/revista\/wp-content\/uploads\/2025\/06\/572517679_825389990348302_7228509313391313617_n-768x768.jpg 768w, https:\/\/soymigrante.com\/revista\/wp-content\/uploads\/2025\/06\/572517679_825389990348302_7228509313391313617_n-75x75.jpg 75w, https:\/\/soymigrante.com\/revista\/wp-content\/uploads\/2025\/06\/572517679_825389990348302_7228509313391313617_n-750x750.jpg 750w, https:\/\/soymigrante.com\/revista\/wp-content\/uploads\/2025\/06\/572517679_825389990348302_7228509313391313617_n-1140x1140.jpg 1140w, https:\/\/soymigrante.com\/revista\/wp-content\/uploads\/2025\/06\/572517679_825389990348302_7228509313391313617_n.jpg 1173w\" sizes=\"(max-width: 1024px) 100vw, 1024px\" \/>\n            <\/div>\n        <\/div><div class=\"eael-entry-wrapper\"><header class=\"eael-entry-header\"><h2 class=\"eael-entry-title\"><a class=\"eael-grid-post-link\" href=\"https:\/\/soymigrante.com\/revista\/por-que-siempre-emocionan-los-partidos-de-la-seleccion-de-guatemala-en-eliminatorias-mundialistas\/\" title=\"\u00bfPor qu\u00e9 siempre emocionan tanto los partidos de la Selecci\u00f3n de Guatemala?\">\u00bfPor qu\u00e9 siempre emocionan tanto los partidos de la Selecci\u00f3n de Guatemala?<\/a><\/h2><\/header><div class=\"eael-entry-content\">\n                        <div class=\"eael-grid-post-excerpt\"><a href=\"https:\/\/soymigrante.com\/revista\/por-que-siempre-emocionan-los-partidos-de-la-seleccion-de-guatemala-en-eliminatorias-mundialistas\/\" class=\"eael-post-elements-readmore-btn\">CONOCE SU HISTORIA <\/a><\/div>\n                    <\/div><\/div><\/div>\n        <\/div>\n    <\/article><\/div>\n            <div class=\"clearfix\"><\/div>\n        <\/div>\t\t\t\t<\/div>\n\t\t\t\t\t<\/div>\n\t\t\t\t<\/div>\n\t\t\t\t<\/div>\n\t\t","protected":false},"excerpt":{"rendered":"<p>La Barra de Guate fue fundada por migrantes guatemaltecos en USA y gracias a sus aportes se har\u00e1 un Fan Fest cerca del Estadio, con pantallas gigantes para ver el partido de la Selecci\u00f3n de Guatemala contra Panam\u00e1. Con el coraz\u00f3n siempre puesto en Guatemala y con la azul y blanco en el alma, migrantes [&hellip;]<\/p>\n","protected":false},"author":7,"featured_media":48512,"comment_status":"open","ping_status":"open","sticky":false,"template":"","format":"standard","meta":{"_acf_changed":false,"_eb_attr":"","footnotes":""},"categories":[54],"tags":[],"class_list":["post-48510","post","type-post","status-publish","format-standard","has-post-thumbnail","hentry","category-estamos-unidos"],"acf":[],"aioseo_notices":[],"aioseo_head":"\n\t\t<!-- All in One SEO Pro 4.9.6.2 - aioseo.com -->\n\t<meta name=\"description\" content=\"Guatemala podr\u00eda estar un paso m\u00e1s cerca del competir en un Mundial si supera a Panam\u00e1 y Surinam en su ruta clasificatoria.\" \/>\n\t<meta name=\"robots\" content=\"max-snippet:-1, max-image-preview:large, max-video-preview:-1\" \/>\n\t<meta name=\"author\" content=\"SoyMigrante.com REVISTA\"\/>\n\t<link rel=\"canonical\" href=\"https:\/\/soymigrante.com\/revista\/por-que-siempre-emocionan-los-partidos-de-la-seleccion-de-guatemala-en-eliminatorias-mundialistas\/\" \/>\n\t<meta name=\"generator\" content=\"All in One SEO Pro (AIOSEO) 4.9.6.2\" \/>\n\n\t\t<link rel=\"preconnect\" href=\"https:\/\/fonts.googleapis.com\" crossorigin>\n<link rel=\"preconnect\" href=\"https:\/\/fonts.gstatic.com\" crossorigin>\n\t\t<meta property=\"og:locale\" content=\"es_ES\" \/>\n\t\t<meta property=\"og:site_name\" content=\"SoyMigrante.com REVISTA \u2013 Nuestra misi\u00f3n es reconocer y dignificar al migrante.\" \/>\n\t\t<meta property=\"og:type\" content=\"article\" \/>\n\t\t<meta property=\"og:title\" content=\"\u00bfPor qu\u00e9 siempre emocionan tanto los partidos de la Selecci\u00f3n de Guatemala?\" \/>\n\t\t<meta property=\"og:description\" content=\"Guatemala podr\u00eda estar un paso m\u00e1s cerca del competir en un Mundial si supera a Panam\u00e1 y Surinam en su ruta clasificatoria.\" \/>\n\t\t<meta property=\"og:url\" content=\"https:\/\/soymigrante.com\/revista\/por-que-siempre-emocionan-los-partidos-de-la-seleccion-de-guatemala-en-eliminatorias-mundialistas\/\" \/>\n\t\t<meta property=\"og:image\" content=\"https:\/\/soymigrante.com\/revista\/wp-content\/uploads\/2025\/06\/572517679_825389990348302_7228509313391313617_n.jpg\" \/>\n\t\t<meta property=\"og:image:secure_url\" content=\"https:\/\/soymigrante.com\/revista\/wp-content\/uploads\/2025\/06\/572517679_825389990348302_7228509313391313617_n.jpg\" \/>\n\t\t<meta property=\"og:image:width\" content=\"1173\" \/>\n\t\t<meta property=\"og:image:height\" content=\"1173\" \/>\n\t\t<meta property=\"article:published_time\" content=\"2025-11-13T22:22:33+00:00\" \/>\n\t\t<meta property=\"article:modified_time\" content=\"2025-11-13T22:33:34+00:00\" \/>\n\t\t<meta property=\"article:publisher\" content=\"https:\/\/www.facebook.com\/soymigrantecom\" \/>\n\t\t<meta name=\"twitter:card\" content=\"summary_large_image\" \/>\n\t\t<meta name=\"twitter:site\" content=\"@SoyMigrante_com\" \/>\n\t\t<meta name=\"twitter:title\" content=\"\u00bfPor qu\u00e9 siempre emocionan tanto los partidos de la Selecci\u00f3n de Guatemala?\" \/>\n\t\t<meta name=\"twitter:description\" content=\"Guatemala podr\u00eda estar un paso m\u00e1s cerca del competir en un Mundial si supera a Panam\u00e1 y Surinam en su ruta clasificatoria.\" \/>\n\t\t<meta name=\"twitter:creator\" content=\"@SoyMigrante_com\" \/>\n\t\t<meta name=\"twitter:image\" content=\"https:\/\/soymigrante.com\/revista\/wp-content\/uploads\/2025\/06\/572517679_825389990348302_7228509313391313617_n.jpg\" \/>\n\t\t<!-- All in One SEO Pro -->\r\n\t\t<title>\u00bfPor qu\u00e9 siempre emocionan tanto los partidos de la Selecci\u00f3n de Guatemala?<\/title>\n\n","aioseo_head_json":{"title":"\u00bfPor qu\u00e9 siempre emocionan tanto los partidos de la Selecci\u00f3n de Guatemala?","description":"Guatemala podr\u00eda estar un paso m\u00e1s cerca del competir en un Mundial si supera a Panam\u00e1 y Surinam en su ruta clasificatoria.","canonical_url":"https:\/\/soymigrante.com\/revista\/por-que-siempre-emocionan-los-partidos-de-la-seleccion-de-guatemala-en-eliminatorias-mundialistas\/","robots":"max-snippet:-1, max-image-preview:large, max-video-preview:-1","keywords":"","webmasterTools":{"miscellaneous":"&lt;link rel=\"preconnect\" href=\"https:\/\/fonts.googleapis.com\" crossorigin&gt;\n&lt;link rel=\"preconnect\" href=\"https:\/\/fonts.gstatic.com\" crossorigin&gt;"},"schema":null,"og:locale":"es_ES","og:site_name":"SoyMigrante.com REVISTA \u2013 Nuestra misi\u00f3n es reconocer y dignificar al migrante.","og:type":"article","og:title":"\u00bfPor qu\u00e9 siempre emocionan tanto los partidos de la Selecci\u00f3n de Guatemala?","og:description":"Guatemala podr\u00eda estar un paso m\u00e1s cerca del competir en un Mundial si supera a Panam\u00e1 y Surinam en su ruta clasificatoria.","og:url":"https:\/\/soymigrante.com\/revista\/por-que-siempre-emocionan-los-partidos-de-la-seleccion-de-guatemala-en-eliminatorias-mundialistas\/","og:image":"https:\/\/soymigrante.com\/revista\/wp-content\/uploads\/2025\/06\/572517679_825389990348302_7228509313391313617_n.jpg","og:image:secure_url":"https:\/\/soymigrante.com\/revista\/wp-content\/uploads\/2025\/06\/572517679_825389990348302_7228509313391313617_n.jpg","og:image:width":1173,"og:image:height":1173,"article:published_time":"2025-11-13T22:22:33+00:00","article:modified_time":"2025-11-13T22:33:34+00:00","article:publisher":"https:\/\/www.facebook.com\/soymigrantecom","twitter:card":"summary_large_image","twitter:site":"@SoyMigrante_com","twitter:title":"\u00bfPor qu\u00e9 siempre emocionan tanto los partidos de la Selecci\u00f3n de Guatemala?","twitter:description":"Guatemala podr\u00eda estar un paso m\u00e1s cerca del competir en un Mundial si supera a Panam\u00e1 y Surinam en su ruta clasificatoria.","twitter:creator":"@SoyMigrante_com","twitter:image":"https:\/\/soymigrante.com\/revista\/wp-content\/uploads\/2025\/06\/572517679_825389990348302_7228509313391313617_n.jpg"},"aioseo_meta_data":{"post_id":"48510","title":"Migrantes de La Barra de Guate arman FanFest de la Selecci\u00f3n","description":"\u00a1A triunfar ! Pantalla gigante, juegos infantiles y futillo inflable cerca de estadio El Tr\u00e9bol organiza La Barra de Guate, con apoyo de migrantes en USA.","keywords":null,"keyphrases":{"focus":{"keyphrase":"Migrantes","score":100,"analysis":{"keyphraseInTitle":{"score":9,"maxScore":9,"error":0},"keyphraseInDescription":{"score":9,"maxScore":9,"error":0},"keyphraseLength":{"score":9,"maxScore":9,"error":0,"length":1},"keyphraseInURL":{"score":5,"maxScore":5,"error":0}}},"additional":[{"keyphrase":"Selecci\u00f3n","score":67,"analysis":{"keyphraseInDescription":{"score":3,"maxScore":9,"error":1},"keyphraseLength":{"score":9,"maxScore":9,"error":0,"length":2}}},{"keyphrase":"Guate","score":100,"analysis":{"keyphraseInDescription":{"score":9,"maxScore":9,"error":0},"keyphraseLength":{"score":9,"maxScore":9,"error":0,"length":1}}},{"keyphrase":"Barra de Guate","score":100,"analysis":{"keyphraseInDescription":{"score":9,"maxScore":9,"error":0},"keyphraseLength":{"score":9,"maxScore":9,"error":0,"length":3}}}]},"primary_term":null,"canonical_url":null,"og_title":null,"og_description":null,"og_object_type":"default","og_image_type":"default","og_image_url":null,"og_image_width":null,"og_image_height":null,"og_image_custom_url":null,"og_image_custom_fields":null,"og_video":"","og_custom_url":null,"og_article_section":null,"og_article_tags":null,"twitter_use_og":false,"twitter_card":"default","twitter_image_type":"default","twitter_image_url":null,"twitter_image_custom_url":null,"twitter_image_custom_fields":null,"twitter_title":null,"twitter_description":null,"schema":{"blockGraphs":[],"customGraphs":[],"default":{"data":{"Article":[],"Course":[],"Dataset":[],"FAQPage":[],"Movie":[],"Person":[],"Product":[],"ProductReview":[],"Car":[],"Recipe":[],"Service":[],"SoftwareApplication":[],"WebPage":[]},"graphName":"NewsArticle","isEnabled":true},"graphs":[]},"schema_type":"default","schema_type_options":null,"pillar_content":false,"robots_default":true,"robots_noindex":false,"robots_noarchive":false,"robots_nosnippet":false,"robots_nofollow":false,"robots_noimageindex":false,"robots_noodp":false,"robots_notranslate":false,"robots_max_snippet":"-1","robots_max_videopreview":"-1","robots_max_imagepreview":"large","priority":null,"frequency":"default","local_seo":null,"seo_analyzer_scan_date":"2025-11-13 02:31:59","breadcrumb_settings":null,"limit_modified_date":false,"reviewed_by":"0","open_ai":null,"ai":{"faqs":[],"keyPoints":[],"titles":[],"descriptions":[],"socialPosts":{"email":[],"linkedin":[],"twitter":[],"facebook":[],"instagram":[]}},"created":"2025-11-13 01:42:44","updated":"2026-02-05 07:01:14"},"aioseo_breadcrumb":"<div class=\"aioseo-breadcrumbs\"><span class=\"aioseo-breadcrumb\">\n\t<a href=\"https:\/\/soymigrante.com\/revista\" title=\"Home\">Home<\/a>\n<\/span><span class=\"aioseo-breadcrumb-separator\">\u00bb<\/span><span class=\"aioseo-breadcrumb\">\n\t<a href=\"https:\/\/soymigrante.com\/revista\/category\/estamos-unidos\/\" title=\"Estamos Unidos\">Estamos Unidos<\/a>\n<\/span><span class=\"aioseo-breadcrumb-separator\">\u00bb<\/span><span class=\"aioseo-breadcrumb\">\n\tMigrantes de Barra de Guate impulsan Fan Fest y pantalla gigante por partido de la Selecci\u00f3n\n<\/span><\/div>","aioseo_breadcrumb_json":[{"label":"Home","link":"https:\/\/soymigrante.com\/revista"},{"label":"Estamos Unidos","link":"https:\/\/soymigrante.com\/revista\/category\/estamos-unidos\/"},{"label":"Migrantes de Barra de Guate impulsan Fan Fest y pantalla gigante por partido de la Selecci\u00f3n","link":"https:\/\/soymigrante.com\/revista\/migrantes-de-barra-de-guate-impulsan-fan-fest-y-pantalla-gigante-por-partido-de-la-seleccion\/"}],"_links":{"self":[{"href":"https:\/\/soymigrante.com\/revista\/wp-json\/wp\/v2\/posts\/48510","targetHints":{"allow":["GET"]}}],"collection":[{"href":"https:\/\/soymigrante.com\/revista\/wp-json\/wp\/v2\/posts"}],"about":[{"href":"https:\/\/soymigrante.com\/revista\/wp-json\/wp\/v2\/types\/post"}],"author":[{"embeddable":true,"href":"https:\/\/soymigrante.com\/revista\/wp-json\/wp\/v2\/users\/7"}],"replies":[{"embeddable":true,"href":"https:\/\/soymigrante.com\/revista\/wp-json\/wp\/v2\/comments?post=48510"}],"version-history":[{"count":5,"href":"https:\/\/soymigrante.com\/revista\/wp-json\/wp\/v2\/posts\/48510\/revisions"}],"predecessor-version":[{"id":48518,"href":"https:\/\/soymigrante.com\/revista\/wp-json\/wp\/v2\/posts\/48510\/revisions\/48518"}],"wp:featuredmedia":[{"embeddable":true,"href":"https:\/\/soymigrante.com\/revista\/wp-json\/wp\/v2\/media\/48512"}],"wp:attachment":[{"href":"https:\/\/soymigrante.com\/revista\/wp-json\/wp\/v2\/media?parent=48510"}],"wp:term":[{"taxonomy":"category","embeddable":true,"href":"https:\/\/soymigrante.com\/revista\/wp-json\/wp\/v2\/categories?post=48510"},{"taxonomy":"post_tag","embeddable":true,"href":"https:\/\/soymigrante.com\/revista\/wp-json\/wp\/v2\/tags?post=48510"}],"curies":[{"name":"wp","href":"https:\/\/api.w.org\/{rel}","templated":true}]}}