{"id":48450,"date":"2025-11-12T11:03:30","date_gmt":"2025-11-12T17:03:30","guid":{"rendered":"https:\/\/soymigrante.com\/revista\/?p=48450"},"modified":"2025-11-12T11:11:05","modified_gmt":"2025-11-12T17:11:05","slug":"festival-de-las-flores-de-antigua-guatemala-siempre-sorprende-galeria-de-anos-previos","status":"publish","type":"post","link":"https:\/\/soymigrante.com\/revista\/festival-de-las-flores-de-antigua-guatemala-siempre-sorprende-galeria-de-anos-previos\/","title":{"rendered":"Festival de las Flores de Antigua Guatemala  siempre sorprende: galer\u00eda hist\u00f3rica"},"content":{"rendered":"\t\t<div data-elementor-type=\"wp-post\" data-elementor-id=\"48450\" class=\"elementor elementor-48450\" data-elementor-post-type=\"post\">\n\t\t\t\t<div data-particle_enable=\"false\" data-particle-mobile-disabled=\"false\" class=\"elementor-element elementor-element-323510ca e-flex e-con-boxed e-con e-parent\" data-id=\"323510ca\" data-element_type=\"container\" data-e-type=\"container\">\n\t\t\t\t\t<div class=\"e-con-inner\">\n\t\t\t\t<div class=\"elementor-element elementor-element-6d9780f elementor-widget elementor-widget-heading\" data-id=\"6d9780f\" data-element_type=\"widget\" data-e-type=\"widget\" data-widget_type=\"heading.default\">\n\t\t\t\t\t<h2 class=\"elementor-heading-title elementor-size-default\">Iniciado en 2017, el Festival de las Flores de Antigua Guatemala es ya una tradici\u00f3n que deslumbra y atrae a miles de visitantes. A las puertas de la edici\u00f3n 2025, el 15 y 16 de noviembre recordamos im\u00e1genes hist\u00f3ricas.<\/h2>\t\t\t\t<\/div>\n\t\t\t\t\t<\/div>\n\t\t\t\t<\/div>\n\t\t<div data-particle_enable=\"false\" data-particle-mobile-disabled=\"false\" class=\"elementor-element elementor-element-3f307be e-flex e-con-boxed e-con e-parent\" data-id=\"3f307be\" data-element_type=\"container\" data-e-type=\"container\">\n\t\t\t\t\t<div class=\"e-con-inner\">\n\t\t\t\t<div class=\"elementor-element elementor-element-fc593f5 elementor-widget elementor-widget-text-editor\" data-id=\"fc593f5\" data-element_type=\"widget\" data-e-type=\"widget\" data-widget_type=\"text-editor.default\">\n\t\t\t\t\t\t\t\t\t<p>El Festival de las Flores surgi\u00f3 por iniciativa de antig\u00fce\u00f1os entusiastas que quer\u00edan honrar el nombre popular de Ciudad de las Perpetuas Rosas, de <a href=\"https:\/\/soymigrante.com\/revista\/7-datos-de-antigua-guatemala-que-seguro-ya-sabias-o-quiza-no\/\">Antigua Guatemala<\/a> o el apelativo Pa\u00eds de la Eterna Primavera, de toda <a href=\"https:\/\/soymigrante.com\/revista\/22-departamentos-de-guatemala-un-corazon-multicultural-compartido\/\">Guatemala<\/a>.<\/p>\n<p>La empresaria Andrea Contreras preside este festival, que comenz\u00f3 en 2017 con m\u00e1s sue\u00f1os que recursos, pero que se convirti\u00f3 desde entonces en un foco de atenci\u00f3n. A\u00f1o con a\u00f1o deslumbran las tem\u00e1ticas, las creaciones, los arreglos en la Ciudad Colonial.<\/p>\n<p>Frontispicios, puertas, ventanas, calles y <a href=\"https:\/\/soymigrante.com\/revista\/el-calvario-de-antigua-guatemala-una-joya-de-fe\/\">emblem\u00e1ticos monumentos antig\u00fce\u00f1os&nbsp;<\/a> se llenan de flores y por eso vale la pena ver ediciones anteriores.<\/p>\n<p><a href=\"https:\/\/festivalfloresantigua.com\/\">Para informaci\u00f3n del Festival de las Flores 2025 ir a este link oficial<\/a><\/p>\n<p>Fotograf\u00edas: Inguat y Festival de las Flores.<\/p>\t\t\t\t\t\t\t\t<\/div>\n\t\t\t\t\t<\/div>\n\t\t\t\t<\/div>\n\t\t<div data-particle_enable=\"false\" data-particle-mobile-disabled=\"false\" class=\"elementor-element elementor-element-990f4af e-flex e-con-boxed e-con e-parent\" data-id=\"990f4af\" data-element_type=\"container\" data-e-type=\"container\">\n\t\t\t\t\t<div class=\"e-con-inner\">\n\t\t\t\t<div class=\"elementor-element elementor-element-aadae70 elementor-widget elementor-widget-html\" data-id=\"aadae70\" data-element_type=\"widget\" data-e-type=\"widget\" data-widget_type=\"html.default\">\n\t\t\t\t\t<iframe src=\"https:\/\/www.facebook.com\/plugins\/post.php?href=https%3A%2F%2Fwww.facebook.com%2Fphoto.php%3Ffbid%3D1377804077042253%26set%3Da.734976641325003%26type%3D3&show_text=true&width=500\" width=\"500\" height=\"523\" style=\"border:none;overflow:hidden\" scrolling=\"no\" frameborder=\"0\" allowfullscreen=\"true\" allow=\"autoplay; clipboard-write; encrypted-media; picture-in-picture; web-share\"><\/iframe>\t\t\t\t<\/div>\n\t\t\t\t\t<\/div>\n\t\t\t\t<\/div>\n\t\t<div data-particle_enable=\"false\" data-particle-mobile-disabled=\"false\" class=\"elementor-element elementor-element-a0c0ac0 e-flex e-con-boxed e-con e-parent\" data-id=\"a0c0ac0\" data-element_type=\"container\" data-e-type=\"container\">\n\t\t\t\t\t<div class=\"e-con-inner\">\n\t\t\t\t<div class=\"elementor-element elementor-element-23ffeca elementor-widget elementor-widget-heading\" data-id=\"23ffeca\" data-element_type=\"widget\" data-e-type=\"widget\" data-widget_type=\"heading.default\">\n\t\t\t\t\t<h3 class=\"elementor-heading-title elementor-size-default\">2017: El surgimiento de una iniciativa floreciente <\/h3>\t\t\t\t<\/div>\n\t\t\t\t\t<\/div>\n\t\t\t\t<\/div>\n\t\t<div data-particle_enable=\"false\" data-particle-mobile-disabled=\"false\" class=\"elementor-element elementor-element-8453e3d e-flex e-con-boxed e-con e-parent\" data-id=\"8453e3d\" data-element_type=\"container\" data-e-type=\"container\">\n\t\t\t\t\t<div class=\"e-con-inner\">\n\t\t\t\t<div class=\"elementor-element elementor-element-7be40eb elementor-widget elementor-widget-image-gallery\" data-id=\"7be40eb\" data-element_type=\"widget\" data-e-type=\"widget\" data-widget_type=\"image-gallery.default\">\n\t\t\t\t\t\t\t<div class=\"elementor-image-gallery\">\n\t\t\t<div id='gallery-7' class='gallery galleryid-48450 gallery-columns-1 gallery-size-large'><figure class='gallery-item'>\n\t\t\t<div class='gallery-icon portrait'>\n\t\t\t\t<a data-elementor-open-lightbox=\"yes\" data-elementor-lightbox-slideshow=\"7be40eb\" data-elementor-lightbox-title=\"Seg\u00fan Andrea Contreras, presidenta del Festival, en la primera edici\u00f3n hubo m\u00e1s entusiasmo que recursos. Se sorprendi\u00f3 al pensar c\u00f3mo iban a llenar de flores el Arco de Santa Catalina... pero la participaci\u00f3n fue entusiasta. Abri\u00f3 la puerta a nuevas ediciones.\" data-elementor-lightbox-description=\"Seg\u00fan Andrea Contreras, presidenta del Festival, en la primera edici\u00f3n hubo m\u00e1s entusiasmo que recursos. Se sorprendi\u00f3 al pensar c\u00f3mo iban a llenar de flores el Arco de Santa Catalina... pero la participaci\u00f3n fue entusiasta. Abri\u00f3 la puerta a nuevas ediciones. \" data-e-action-hash=\"#elementor-action%3Aaction%3Dlightbox%26settings%3DeyJpZCI6NDg0NTQsInVybCI6Imh0dHBzOlwvXC9zb3ltaWdyYW50ZS5jb21cL3JldmlzdGFcL3dwLWNvbnRlbnRcL3VwbG9hZHNcLzIwMjVcLzExXC8yMDE3LWZlc3QuanBnIiwic2xpZGVzaG93IjoiN2JlNDBlYiJ9\" href='https:\/\/soymigrante.com\/revista\/wp-content\/uploads\/2025\/11\/2017-fest.jpg'><img fetchpriority=\"high\" decoding=\"async\" width=\"683\" height=\"1024\" src=\"https:\/\/soymigrante.com\/revista\/wp-content\/uploads\/2025\/11\/2017-fest-683x1024.jpg\" class=\"attachment-large size-large\" alt=\"Seg\u00fan Andrea Contreras, presidenta del Festival, en la primera edici\u00f3n hubo m\u00e1s entusiasmo que recursos. Se sorprendi\u00f3 al pensar c\u00f3mo iban a llenar de flores el Arco de Santa Catalina... pero la participaci\u00f3n fue entusiasta. Abri\u00f3 la puerta a nuevas ediciones.\" aria-describedby=\"gallery-7-48454\" srcset=\"https:\/\/soymigrante.com\/revista\/wp-content\/uploads\/2025\/11\/2017-fest-683x1024.jpg 683w, https:\/\/soymigrante.com\/revista\/wp-content\/uploads\/2025\/11\/2017-fest-200x300.jpg 200w, https:\/\/soymigrante.com\/revista\/wp-content\/uploads\/2025\/11\/2017-fest-768x1152.jpg 768w, https:\/\/soymigrante.com\/revista\/wp-content\/uploads\/2025\/11\/2017-fest-750x1125.jpg 750w, https:\/\/soymigrante.com\/revista\/wp-content\/uploads\/2025\/11\/2017-fest.jpg 960w\" sizes=\"(max-width: 683px) 100vw, 683px\" title=\"Seg\u00fan Andrea Contreras, presidenta del Festival, en la primera edici\u00f3n hubo m\u00e1s entusiasmo que recursos. Se sorprendi\u00f3 al pensar c\u00f3mo iban a llenar de flores el Arco de Santa Catalina... pero la participaci\u00f3n fue entusiasta. Abri\u00f3 la puerta a nuevas ediciones. \u2013 SoyMigrante.com REVISTA\" \/><\/a>\n\t\t\t<\/div>\n\t\t\t\t<figcaption class='wp-caption-text gallery-caption' id='gallery-7-48454'>\n\t\t\t\tSeg\u00fan Andrea Contreras, presidenta del Festival, en la primera edici\u00f3n hubo m\u00e1s entusiasmo que recursos. Se sorprendi\u00f3 al pensar c\u00f3mo iban a llenar de flores el Arco de Santa Catalina&#8230; pero la participaci\u00f3n fue entusiasta. Abri\u00f3 la puerta a nuevas ediciones. \n\t\t\t\t<\/figcaption><\/figure><figure class='gallery-item'>\n\t\t\t<div class='gallery-icon landscape'>\n\t\t\t\t<a data-elementor-open-lightbox=\"yes\" data-elementor-lightbox-slideshow=\"7be40eb\" data-elementor-lightbox-title=\"Restaurantes, hoteles y otros comercios se sumaron a la idea inicial de hacer brillar la primavera en Antigua Guatemala en noviembre de 2017.\" data-elementor-lightbox-description=\"Restaurantes, hoteles y otros comercios se sumaron a la idea inicial de hacer brillar la primavera en Antigua Guatemala en noviembre de 2017.\" data-e-action-hash=\"#elementor-action%3Aaction%3Dlightbox%26settings%3DeyJpZCI6NDg0NTUsInVybCI6Imh0dHBzOlwvXC9zb3ltaWdyYW50ZS5jb21cL3JldmlzdGFcL3dwLWNvbnRlbnRcL3VwbG9hZHNcLzIwMjVcLzExXC8yMDE3LmpwZyIsInNsaWRlc2hvdyI6IjdiZTQwZWIifQ%3D%3D\" href='https:\/\/soymigrante.com\/revista\/wp-content\/uploads\/2025\/11\/2017.jpg'><img decoding=\"async\" width=\"1140\" height=\"760\" src=\"https:\/\/soymigrante.com\/revista\/wp-content\/uploads\/2025\/11\/2017-1140x760.jpg\" class=\"attachment-large size-large\" alt=\"Restaurantes, hoteles y otros comercios se sumaron a la idea inicial de hacer brillar la primavera en Antigua Guatemala en noviembre de 2017.\" aria-describedby=\"gallery-7-48455\" srcset=\"https:\/\/soymigrante.com\/revista\/wp-content\/uploads\/2025\/11\/2017-1140x760.jpg 1140w, https:\/\/soymigrante.com\/revista\/wp-content\/uploads\/2025\/11\/2017-300x200.jpg 300w, https:\/\/soymigrante.com\/revista\/wp-content\/uploads\/2025\/11\/2017-768x512.jpg 768w, https:\/\/soymigrante.com\/revista\/wp-content\/uploads\/2025\/11\/2017-750x500.jpg 750w, https:\/\/soymigrante.com\/revista\/wp-content\/uploads\/2025\/11\/2017.jpg 1440w\" sizes=\"(max-width: 1140px) 100vw, 1140px\" title=\"Restaurantes, hoteles y otros comercios se sumaron a la idea inicial de hacer brillar la primavera en Antigua Guatemala en noviembre de 2017. \u2013 SoyMigrante.com REVISTA\" \/><\/a>\n\t\t\t<\/div>\n\t\t\t\t<figcaption class='wp-caption-text gallery-caption' id='gallery-7-48455'>\n\t\t\t\tRestaurantes, hoteles y otros comercios se sumaron a la idea inicial de hacer brillar la primavera en Antigua Guatemala en noviembre de 2017.\n\t\t\t\t<\/figcaption><\/figure><figure class='gallery-item'>\n\t\t\t<div class='gallery-icon landscape'>\n\t\t\t\t<a data-elementor-open-lightbox=\"yes\" data-elementor-lightbox-slideshow=\"7be40eb\" data-elementor-lightbox-title=\"La creatividad floreci\u00f3 desde el inicio del Festival de las Flores de Antigua Guatemala en 2017\" data-elementor-lightbox-description=\"La creatividad floreci\u00f3 desde el inicio del Festival de las Flores de Antigua Guatemala en 2017\" data-e-action-hash=\"#elementor-action%3Aaction%3Dlightbox%26settings%3DeyJpZCI6NDg0NTYsInVybCI6Imh0dHBzOlwvXC9zb3ltaWdyYW50ZS5jb21cL3JldmlzdGFcL3dwLWNvbnRlbnRcL3VwbG9hZHNcLzIwMjVcLzExXC8yMDE3LWRmZXN0LmpwZyIsInNsaWRlc2hvdyI6IjdiZTQwZWIifQ%3D%3D\" href='https:\/\/soymigrante.com\/revista\/wp-content\/uploads\/2025\/11\/2017-dfest.jpg'><img decoding=\"async\" width=\"1140\" height=\"760\" src=\"https:\/\/soymigrante.com\/revista\/wp-content\/uploads\/2025\/11\/2017-dfest-1140x760.jpg\" class=\"attachment-large size-large\" alt=\"La creatividad floreci\u00f3 desde el inicio del Festival de las Flores de Antigua Guatemala en 2017\" aria-describedby=\"gallery-7-48456\" srcset=\"https:\/\/soymigrante.com\/revista\/wp-content\/uploads\/2025\/11\/2017-dfest-1140x760.jpg 1140w, https:\/\/soymigrante.com\/revista\/wp-content\/uploads\/2025\/11\/2017-dfest-300x200.jpg 300w, https:\/\/soymigrante.com\/revista\/wp-content\/uploads\/2025\/11\/2017-dfest-768x512.jpg 768w, https:\/\/soymigrante.com\/revista\/wp-content\/uploads\/2025\/11\/2017-dfest-1536x1024.jpg 1536w, https:\/\/soymigrante.com\/revista\/wp-content\/uploads\/2025\/11\/2017-dfest-750x500.jpg 750w, https:\/\/soymigrante.com\/revista\/wp-content\/uploads\/2025\/11\/2017-dfest.jpg 2048w\" sizes=\"(max-width: 1140px) 100vw, 1140px\" title=\"La creatividad floreci\u00f3 desde el inicio del Festival de las Flores de Antigua Guatemala en 2017 \u2013 SoyMigrante.com REVISTA\" \/><\/a>\n\t\t\t<\/div>\n\t\t\t\t<figcaption class='wp-caption-text gallery-caption' id='gallery-7-48456'>\n\t\t\t\tLa creatividad floreci\u00f3 desde el inicio del Festival de las Flores de Antigua Guatemala en 2017\n\t\t\t\t<\/figcaption><\/figure>\n\t\t<\/div>\n\t\t<\/div>\n\t\t\t\t\t\t<\/div>\n\t\t\t\t\t<\/div>\n\t\t\t\t<\/div>\n\t\t<div data-particle_enable=\"false\" data-particle-mobile-disabled=\"false\" class=\"elementor-element elementor-element-c365b14 e-flex e-con-boxed e-con e-parent\" data-id=\"c365b14\" data-element_type=\"container\" data-e-type=\"container\">\n\t\t\t\t\t<div class=\"e-con-inner\">\n\t\t\t\t<div class=\"elementor-element elementor-element-d53129e elementor-widget elementor-widget-heading\" data-id=\"d53129e\" data-element_type=\"widget\" data-e-type=\"widget\" data-widget_type=\"heading.default\">\n\t\t\t\t\t<h3 class=\"elementor-heading-title elementor-size-default\">Festival de las Flores 2018<\/h3>\t\t\t\t<\/div>\n\t\t\t\t\t<\/div>\n\t\t\t\t<\/div>\n\t\t<div data-particle_enable=\"false\" data-particle-mobile-disabled=\"false\" class=\"elementor-element elementor-element-7d542ea e-flex e-con-boxed e-con e-parent\" data-id=\"7d542ea\" data-element_type=\"container\" data-e-type=\"container\">\n\t\t\t\t\t<div class=\"e-con-inner\">\n\t\t\t\t<div class=\"elementor-element elementor-element-63bc667 elementor-widget elementor-widget-image-gallery\" data-id=\"63bc667\" data-element_type=\"widget\" data-e-type=\"widget\" data-widget_type=\"image-gallery.default\">\n\t\t\t\t\t\t\t<div class=\"elementor-image-gallery\">\n\t\t\t<div id='gallery-8' class='gallery galleryid-48450 gallery-columns-1 gallery-size-large'><figure class='gallery-item'>\n\t\t\t<div class='gallery-icon landscape'>\n\t\t\t\t<a data-elementor-open-lightbox=\"yes\" data-elementor-lightbox-slideshow=\"63bc667\" data-elementor-lightbox-title=\"El Festival de las Flores 2018 trajo nuevas ideas y m\u00e1s participaci\u00f3n. La florida y colorida fiesta empezaba a consolidarse.\" data-elementor-lightbox-description=\"El Festival de las Flores 2018 trajo nuevas ideas y m\u00e1s participaci\u00f3n. La florida y colorida fiesta empezaba a consolidarse.\" data-e-action-hash=\"#elementor-action%3Aaction%3Dlightbox%26settings%3DeyJpZCI6NDg0NjEsInVybCI6Imh0dHBzOlwvXC9zb3ltaWdyYW50ZS5jb21cL3JldmlzdGFcL3dwLWNvbnRlbnRcL3VwbG9hZHNcLzIwMjVcLzExXC9mZXNpdHZhbC0yMjIuanBnIiwic2xpZGVzaG93IjoiNjNiYzY2NyJ9\" href='https:\/\/soymigrante.com\/revista\/wp-content\/uploads\/2025\/11\/fesitval-222.jpg'><img loading=\"lazy\" decoding=\"async\" width=\"1140\" height=\"760\" src=\"https:\/\/soymigrante.com\/revista\/wp-content\/uploads\/2025\/11\/fesitval-222-1140x760.jpg\" class=\"attachment-large size-large\" alt=\"El Festival de las Flores 2018 trajo nuevas ideas y m\u00e1s participaci\u00f3n. La florida y colorida fiesta empezaba a consolidarse.\" aria-describedby=\"gallery-8-48461\" srcset=\"https:\/\/soymigrante.com\/revista\/wp-content\/uploads\/2025\/11\/fesitval-222-1140x760.jpg 1140w, https:\/\/soymigrante.com\/revista\/wp-content\/uploads\/2025\/11\/fesitval-222-300x200.jpg 300w, https:\/\/soymigrante.com\/revista\/wp-content\/uploads\/2025\/11\/fesitval-222-768x512.jpg 768w, https:\/\/soymigrante.com\/revista\/wp-content\/uploads\/2025\/11\/fesitval-222-1536x1024.jpg 1536w, https:\/\/soymigrante.com\/revista\/wp-content\/uploads\/2025\/11\/fesitval-222-750x500.jpg 750w, https:\/\/soymigrante.com\/revista\/wp-content\/uploads\/2025\/11\/fesitval-222.jpg 2048w\" sizes=\"(max-width: 1140px) 100vw, 1140px\" title=\"El Festival de las Flores 2018 trajo nuevas ideas y m\u00e1s participaci\u00f3n. La florida y colorida fiesta empezaba a consolidarse. \u2013 SoyMigrante.com REVISTA\" \/><\/a>\n\t\t\t<\/div>\n\t\t\t\t<figcaption class='wp-caption-text gallery-caption' id='gallery-8-48461'>\n\t\t\t\tEl Festival de las Flores 2018 trajo nuevas ideas y m\u00e1s participaci\u00f3n. La florida y colorida fiesta empezaba a consolidarse.\n\t\t\t\t<\/figcaption><\/figure><figure class='gallery-item'>\n\t\t\t<div class='gallery-icon landscape'>\n\t\t\t\t<a data-elementor-open-lightbox=\"yes\" data-elementor-lightbox-slideshow=\"63bc667\" data-elementor-lightbox-title=\"La Antigua Guatemala, siempre un destino familiar, se convirti\u00f3 en escenario de memorables fotograf\u00edas en el Festival de las Flores 2018\" data-elementor-lightbox-description=\"La Antigua Guatemala, siempre un destino familiar, se convirti\u00f3 en escenario de memorables fotograf\u00edas en el Festival de las Flores 2018\" data-e-action-hash=\"#elementor-action%3Aaction%3Dlightbox%26settings%3DeyJpZCI6NDg0NTcsInVybCI6Imh0dHBzOlwvXC9zb3ltaWdyYW50ZS5jb21cL3JldmlzdGFcL3dwLWNvbnRlbnRcL3VwbG9hZHNcLzIwMjVcLzExXC9mZXN0aXZhbC0yMDE4LWRmZGYuanBnIiwic2xpZGVzaG93IjoiNjNiYzY2NyJ9\" href='https:\/\/soymigrante.com\/revista\/wp-content\/uploads\/2025\/11\/festival-2018-dfdf.jpg'><img loading=\"lazy\" decoding=\"async\" width=\"1140\" height=\"760\" src=\"https:\/\/soymigrante.com\/revista\/wp-content\/uploads\/2025\/11\/festival-2018-dfdf-1140x760.jpg\" class=\"attachment-large size-large\" alt=\"La Antigua Guatemala, siempre un destino familiar, se convirti\u00f3 en escenario de memorables fotograf\u00edas en el Festival de las Flores 2018\" aria-describedby=\"gallery-8-48457\" srcset=\"https:\/\/soymigrante.com\/revista\/wp-content\/uploads\/2025\/11\/festival-2018-dfdf-1140x760.jpg 1140w, https:\/\/soymigrante.com\/revista\/wp-content\/uploads\/2025\/11\/festival-2018-dfdf-300x200.jpg 300w, https:\/\/soymigrante.com\/revista\/wp-content\/uploads\/2025\/11\/festival-2018-dfdf-768x512.jpg 768w, https:\/\/soymigrante.com\/revista\/wp-content\/uploads\/2025\/11\/festival-2018-dfdf-1536x1024.jpg 1536w, https:\/\/soymigrante.com\/revista\/wp-content\/uploads\/2025\/11\/festival-2018-dfdf-750x500.jpg 750w, https:\/\/soymigrante.com\/revista\/wp-content\/uploads\/2025\/11\/festival-2018-dfdf.jpg 1944w\" sizes=\"(max-width: 1140px) 100vw, 1140px\" title=\"La Antigua Guatemala, siempre un destino familiar, se convirti\u00f3 en escenario de memorables fotograf\u00edas en el Festival de las Flores 2018 \u2013 SoyMigrante.com REVISTA\" \/><\/a>\n\t\t\t<\/div>\n\t\t\t\t<figcaption class='wp-caption-text gallery-caption' id='gallery-8-48457'>\n\t\t\t\tLa Antigua Guatemala, siempre un destino familiar, se convirti\u00f3 en escenario de memorables fotograf\u00edas en el Festival de las Flores 2018\n\t\t\t\t<\/figcaption><\/figure><figure class='gallery-item'>\n\t\t\t<div class='gallery-icon landscape'>\n\t\t\t\t<a data-elementor-open-lightbox=\"yes\" data-elementor-lightbox-slideshow=\"63bc667\" data-elementor-lightbox-title=\"Imaginaci\u00f3n floreciente, creatividad en marcha, cada muro y cada acera se convirti\u00f3 en lienzo para exponer la belleza floral guatemalteca\" data-elementor-lightbox-description=\"Imaginaci\u00f3n floreciente, creatividad en marcha, cada muro y cada acera se convirti\u00f3 en lienzo para exponer la belleza floral guatemalteca\" data-e-action-hash=\"#elementor-action%3Aaction%3Dlightbox%26settings%3DeyJpZCI6NDg0NTksInVybCI6Imh0dHBzOlwvXC9zb3ltaWdyYW50ZS5jb21cL3JldmlzdGFcL3dwLWNvbnRlbnRcL3VwbG9hZHNcLzIwMjVcLzExXC9mZXN0aXZhbC0yMDE4LWRmZS5qcGciLCJzbGlkZXNob3ciOiI2M2JjNjY3In0%3D\" href='https:\/\/soymigrante.com\/revista\/wp-content\/uploads\/2025\/11\/festival-2018-dfe.jpg'><img loading=\"lazy\" decoding=\"async\" width=\"1140\" height=\"760\" src=\"https:\/\/soymigrante.com\/revista\/wp-content\/uploads\/2025\/11\/festival-2018-dfe-1140x760.jpg\" class=\"attachment-large size-large\" alt=\"Imaginaci\u00f3n floreciente, creatividad en marcha, cada muro y cada acera se convirti\u00f3 en lienzo para exponer la belleza floral guatemalteca\" aria-describedby=\"gallery-8-48459\" srcset=\"https:\/\/soymigrante.com\/revista\/wp-content\/uploads\/2025\/11\/festival-2018-dfe-1140x760.jpg 1140w, https:\/\/soymigrante.com\/revista\/wp-content\/uploads\/2025\/11\/festival-2018-dfe-300x200.jpg 300w, https:\/\/soymigrante.com\/revista\/wp-content\/uploads\/2025\/11\/festival-2018-dfe-768x512.jpg 768w, https:\/\/soymigrante.com\/revista\/wp-content\/uploads\/2025\/11\/festival-2018-dfe-1536x1024.jpg 1536w, https:\/\/soymigrante.com\/revista\/wp-content\/uploads\/2025\/11\/festival-2018-dfe-750x500.jpg 750w, https:\/\/soymigrante.com\/revista\/wp-content\/uploads\/2025\/11\/festival-2018-dfe.jpg 2048w\" sizes=\"(max-width: 1140px) 100vw, 1140px\" title=\"Imaginaci\u00f3n floreciente, creatividad en marcha, cada muro y cada acera se convirti\u00f3 en lienzo para exponer la belleza floral guatemalteca \u2013 SoyMigrante.com REVISTA\" \/><\/a>\n\t\t\t<\/div>\n\t\t\t\t<figcaption class='wp-caption-text gallery-caption' id='gallery-8-48459'>\n\t\t\t\tImaginaci\u00f3n floreciente, creatividad en marcha, cada muro y cada acera se convirti\u00f3 en lienzo para exponer la belleza floral guatemalteca\n\t\t\t\t<\/figcaption><\/figure><figure class='gallery-item'>\n\t\t\t<div class='gallery-icon landscape'>\n\t\t\t\t<a data-elementor-open-lightbox=\"yes\" data-elementor-lightbox-slideshow=\"63bc667\" data-elementor-lightbox-title=\"Muros coloniales fueron lienzo de la frescura y vivacidad de las flores en el Festival de 2018\" data-elementor-lightbox-description=\"Muros coloniales fueron lienzo de la frescura y vivacidad de las flores en el Festival de 2018\" data-e-action-hash=\"#elementor-action%3Aaction%3Dlightbox%26settings%3DeyJpZCI6NDg0NjAsInVybCI6Imh0dHBzOlwvXC9zb3ltaWdyYW50ZS5jb21cL3JldmlzdGFcL3dwLWNvbnRlbnRcL3VwbG9hZHNcLzIwMjVcLzExXC9mZXN0aXZhbC0yMDE4LWRmZC5qcGciLCJzbGlkZXNob3ciOiI2M2JjNjY3In0%3D\" href='https:\/\/soymigrante.com\/revista\/wp-content\/uploads\/2025\/11\/festival-2018-dfd.jpg'><img loading=\"lazy\" decoding=\"async\" width=\"1140\" height=\"760\" src=\"https:\/\/soymigrante.com\/revista\/wp-content\/uploads\/2025\/11\/festival-2018-dfd-1140x760.jpg\" class=\"attachment-large size-large\" alt=\"Muros coloniales fueron lienzo de la frescura y vivacidad de las flores en el Festival de 2018\" aria-describedby=\"gallery-8-48460\" srcset=\"https:\/\/soymigrante.com\/revista\/wp-content\/uploads\/2025\/11\/festival-2018-dfd-1140x760.jpg 1140w, https:\/\/soymigrante.com\/revista\/wp-content\/uploads\/2025\/11\/festival-2018-dfd-300x200.jpg 300w, https:\/\/soymigrante.com\/revista\/wp-content\/uploads\/2025\/11\/festival-2018-dfd-768x512.jpg 768w, https:\/\/soymigrante.com\/revista\/wp-content\/uploads\/2025\/11\/festival-2018-dfd-1536x1024.jpg 1536w, https:\/\/soymigrante.com\/revista\/wp-content\/uploads\/2025\/11\/festival-2018-dfd-750x500.jpg 750w, https:\/\/soymigrante.com\/revista\/wp-content\/uploads\/2025\/11\/festival-2018-dfd.jpg 2048w\" sizes=\"(max-width: 1140px) 100vw, 1140px\" title=\"Muros coloniales fueron lienzo de la frescura y vivacidad de las flores en el Festival de 2018 \u2013 SoyMigrante.com REVISTA\" \/><\/a>\n\t\t\t<\/div>\n\t\t\t\t<figcaption class='wp-caption-text gallery-caption' id='gallery-8-48460'>\n\t\t\t\tMuros coloniales fueron lienzo de la frescura y vivacidad de las flores en el Festival de 2018\n\t\t\t\t<\/figcaption><\/figure>\n\t\t<\/div>\n\t\t<\/div>\n\t\t\t\t\t\t<\/div>\n\t\t\t\t\t<\/div>\n\t\t\t\t<\/div>\n\t\t<div data-particle_enable=\"false\" data-particle-mobile-disabled=\"false\" class=\"elementor-element elementor-element-924aa87 e-flex e-con-boxed e-con e-parent\" data-id=\"924aa87\" data-element_type=\"container\" data-e-type=\"container\">\n\t\t\t\t\t<div class=\"e-con-inner\">\n\t\t\t\t<div class=\"elementor-element elementor-element-e2d73eb elementor-widget elementor-widget-heading\" data-id=\"e2d73eb\" data-element_type=\"widget\" data-e-type=\"widget\" data-widget_type=\"heading.default\">\n\t\t\t\t\t<h3 class=\"elementor-heading-title elementor-size-default\">En 2019 se va perfilando la tradici\u00f3n<\/h3>\t\t\t\t<\/div>\n\t\t\t\t\t<\/div>\n\t\t\t\t<\/div>\n\t\t<div data-particle_enable=\"false\" data-particle-mobile-disabled=\"false\" class=\"elementor-element elementor-element-7dcf4a5 e-flex e-con-boxed e-con e-parent\" data-id=\"7dcf4a5\" data-element_type=\"container\" data-e-type=\"container\">\n\t\t\t\t\t<div class=\"e-con-inner\">\n\t\t\t\t<div class=\"elementor-element elementor-element-1ffc450 elementor-widget elementor-widget-image-gallery\" data-id=\"1ffc450\" data-element_type=\"widget\" data-e-type=\"widget\" data-widget_type=\"image-gallery.default\">\n\t\t\t\t\t\t\t<div class=\"elementor-image-gallery\">\n\t\t\t<div id='gallery-9' class='gallery galleryid-48450 gallery-columns-1 gallery-size-large'><figure class='gallery-item'>\n\t\t\t<div class='gallery-icon portrait'>\n\t\t\t\t<a data-elementor-open-lightbox=\"yes\" data-elementor-lightbox-slideshow=\"1ffc450\" data-elementor-lightbox-title=\"La pupila se deslumbr\u00f3 en 2019 nuevamente en el Festival de las Flores. El movimiento segu\u00eda creciendo y atrayendo m\u00e1s visitantes.\" data-elementor-lightbox-description=\"La pupila se deslumbr\u00f3 en 2019 nuevamente en el Festival de las Flores. El movimiento segu\u00eda creciendo y atrayendo m\u00e1s visitantes.\" data-e-action-hash=\"#elementor-action%3Aaction%3Dlightbox%26settings%3DeyJpZCI6NDg0NjIsInVybCI6Imh0dHBzOlwvXC9zb3ltaWdyYW50ZS5jb21cL3JldmlzdGFcL3dwLWNvbnRlbnRcL3VwbG9hZHNcLzIwMjVcLzExXC8yMDE5LWZlc3RpdmFsLWZscm9lcy5qcGciLCJzbGlkZXNob3ciOiIxZmZjNDUwIn0%3D\" href='https:\/\/soymigrante.com\/revista\/wp-content\/uploads\/2025\/11\/2019-festival-flroes.jpg'><img loading=\"lazy\" decoding=\"async\" width=\"628\" height=\"960\" src=\"https:\/\/soymigrante.com\/revista\/wp-content\/uploads\/2025\/11\/2019-festival-flroes.jpg\" class=\"attachment-large size-large\" alt=\"La pupila se deslumbr\u00f3 en 2019 nuevamente en el Festival de las Flores. El movimiento segu\u00eda creciendo y atrayendo m\u00e1s visitantes.\" aria-describedby=\"gallery-9-48462\" srcset=\"https:\/\/soymigrante.com\/revista\/wp-content\/uploads\/2025\/11\/2019-festival-flroes.jpg 628w, https:\/\/soymigrante.com\/revista\/wp-content\/uploads\/2025\/11\/2019-festival-flroes-196x300.jpg 196w\" sizes=\"(max-width: 628px) 100vw, 628px\" title=\"La pupila se deslumbr\u00f3 en 2019 nuevamente en el Festival de las Flores. El movimiento segu\u00eda creciendo y atrayendo m\u00e1s visitantes. \u2013 SoyMigrante.com REVISTA\" \/><\/a>\n\t\t\t<\/div>\n\t\t\t\t<figcaption class='wp-caption-text gallery-caption' id='gallery-9-48462'>\n\t\t\t\tLa pupila se deslumbr\u00f3 en 2019 nuevamente en el Festival de las Flores. El movimiento segu\u00eda creciendo y atrayendo m\u00e1s visitantes.\n\t\t\t\t<\/figcaption><\/figure><figure class='gallery-item'>\n\t\t\t<div class='gallery-icon portrait'>\n\t\t\t\t<a data-elementor-open-lightbox=\"yes\" data-elementor-lightbox-slideshow=\"1ffc450\" data-elementor-lightbox-title=\"La riqueza floral y multicultural de Guatemala se expone en cada Festival de las Flores\" data-elementor-lightbox-description=\"La riqueza floral y multicultural de Guatemala se expone en cada Festival de las Flores\" data-e-action-hash=\"#elementor-action%3Aaction%3Dlightbox%26settings%3DeyJpZCI6NDg0NjMsInVybCI6Imh0dHBzOlwvXC9zb3ltaWdyYW50ZS5jb21cL3JldmlzdGFcL3dwLWNvbnRlbnRcL3VwbG9hZHNcLzIwMjVcLzExXC9mZXN0aXZhbC5qcGciLCJzbGlkZXNob3ciOiIxZmZjNDUwIn0%3D\" href='https:\/\/soymigrante.com\/revista\/wp-content\/uploads\/2025\/11\/festival.jpg'><img loading=\"lazy\" decoding=\"async\" width=\"720\" height=\"960\" src=\"https:\/\/soymigrante.com\/revista\/wp-content\/uploads\/2025\/11\/festival.jpg\" class=\"attachment-large size-large\" alt=\"La riqueza floral y multicultural de Guatemala se expone en cada Festival de las Flores\" aria-describedby=\"gallery-9-48463\" srcset=\"https:\/\/soymigrante.com\/revista\/wp-content\/uploads\/2025\/11\/festival.jpg 720w, https:\/\/soymigrante.com\/revista\/wp-content\/uploads\/2025\/11\/festival-225x300.jpg 225w\" sizes=\"(max-width: 720px) 100vw, 720px\" title=\"La riqueza floral y multicultural de Guatemala se expone en cada Festival de las Flores \u2013 SoyMigrante.com REVISTA\" \/><\/a>\n\t\t\t<\/div>\n\t\t\t\t<figcaption class='wp-caption-text gallery-caption' id='gallery-9-48463'>\n\t\t\t\tLa riqueza floral y multicultural de Guatemala se expone en cada Festival de las Flores\n\t\t\t\t<\/figcaption><\/figure><figure class='gallery-item'>\n\t\t\t<div class='gallery-icon landscape'>\n\t\t\t\t<a data-elementor-open-lightbox=\"yes\" data-elementor-lightbox-slideshow=\"1ffc450\" data-elementor-lightbox-title=\"Cada a\u00f1o hay una propuesta tem\u00e1tica del Festival de las Flores. En 2019 fue El Principito de Antoine de Saint Exupery\" data-elementor-lightbox-description=\"Cada a\u00f1o hay una propuesta tem\u00e1tica del Festival de las Flores. En 2019 fue El Principito de Antoine de Saint Exupery\" data-e-action-hash=\"#elementor-action%3Aaction%3Dlightbox%26settings%3DeyJpZCI6NDg0NjQsInVybCI6Imh0dHBzOlwvXC9zb3ltaWdyYW50ZS5jb21cL3JldmlzdGFcL3dwLWNvbnRlbnRcL3VwbG9hZHNcLzIwMjVcLzExXC8yMDE5LXByaW5jaXBpdG8uanBnIiwic2xpZGVzaG93IjoiMWZmYzQ1MCJ9\" href='https:\/\/soymigrante.com\/revista\/wp-content\/uploads\/2025\/11\/2019-principito.jpg'><img loading=\"lazy\" decoding=\"async\" width=\"960\" height=\"720\" src=\"https:\/\/soymigrante.com\/revista\/wp-content\/uploads\/2025\/11\/2019-principito.jpg\" class=\"attachment-large size-large\" alt=\"Cada a\u00f1o hay una propuesta tem\u00e1tica del Festival de las Flores. En 2019 fue El Principito de Antoine de Saint Exupery\" aria-describedby=\"gallery-9-48464\" srcset=\"https:\/\/soymigrante.com\/revista\/wp-content\/uploads\/2025\/11\/2019-principito.jpg 960w, https:\/\/soymigrante.com\/revista\/wp-content\/uploads\/2025\/11\/2019-principito-300x225.jpg 300w, https:\/\/soymigrante.com\/revista\/wp-content\/uploads\/2025\/11\/2019-principito-768x576.jpg 768w, https:\/\/soymigrante.com\/revista\/wp-content\/uploads\/2025\/11\/2019-principito-750x563.jpg 750w\" sizes=\"(max-width: 960px) 100vw, 960px\" title=\"Cada a\u00f1o hay una propuesta tem\u00e1tica del Festival de las Flores. En 2019 fue El Principito de Antoine de Saint Exupery \u2013 SoyMigrante.com REVISTA\" \/><\/a>\n\t\t\t<\/div>\n\t\t\t\t<figcaption class='wp-caption-text gallery-caption' id='gallery-9-48464'>\n\t\t\t\tCada a\u00f1o hay una propuesta tem\u00e1tica del Festival de las Flores. En 2019 fue El Principito de Antoine de Saint Exupery\n\t\t\t\t<\/figcaption><\/figure><figure class='gallery-item'>\n\t\t\t<div class='gallery-icon portrait'>\n\t\t\t\t<a data-elementor-open-lightbox=\"yes\" data-elementor-lightbox-slideshow=\"1ffc450\" data-elementor-lightbox-title=\"Las calles y comercios de Antigua Guatemala se convierten en espacio para la inspiraci\u00f3n. Festival de las Flores 2019\" data-elementor-lightbox-description=\"Las calles y comercios de Antigua Guatemala se convierten en espacio para la inspiraci\u00f3n. Festival de las Flores 2019\" data-e-action-hash=\"#elementor-action%3Aaction%3Dlightbox%26settings%3DeyJpZCI6NDg0NjUsInVybCI6Imh0dHBzOlwvXC9zb3ltaWdyYW50ZS5jb21cL3JldmlzdGFcL3dwLWNvbnRlbnRcL3VwbG9hZHNcLzIwMjVcLzExXC8yMDE5LmpwZyIsInNsaWRlc2hvdyI6IjFmZmM0NTAifQ%3D%3D\" href='https:\/\/soymigrante.com\/revista\/wp-content\/uploads\/2025\/11\/2019.jpg'><img loading=\"lazy\" decoding=\"async\" width=\"720\" height=\"960\" src=\"https:\/\/soymigrante.com\/revista\/wp-content\/uploads\/2025\/11\/2019.jpg\" class=\"attachment-large size-large\" alt=\"Las calles y comercios de Antigua Guatemala se convierten en espacio para la inspiraci\u00f3n. Festival de las Flores 2019\" aria-describedby=\"gallery-9-48465\" srcset=\"https:\/\/soymigrante.com\/revista\/wp-content\/uploads\/2025\/11\/2019.jpg 720w, https:\/\/soymigrante.com\/revista\/wp-content\/uploads\/2025\/11\/2019-225x300.jpg 225w\" sizes=\"(max-width: 720px) 100vw, 720px\" title=\"Las calles y comercios de Antigua Guatemala se convierten en espacio para la inspiraci\u00f3n. Festival de las Flores 2019 \u2013 SoyMigrante.com REVISTA\" \/><\/a>\n\t\t\t<\/div>\n\t\t\t\t<figcaption class='wp-caption-text gallery-caption' id='gallery-9-48465'>\n\t\t\t\tLas calles y comercios de Antigua Guatemala se convierten en espacio para la inspiraci\u00f3n. Festival de las Flores 2019\n\t\t\t\t<\/figcaption><\/figure>\n\t\t<\/div>\n\t\t<\/div>\n\t\t\t\t\t\t<\/div>\n\t\t\t\t\t<\/div>\n\t\t\t\t<\/div>\n\t\t<div data-particle_enable=\"false\" data-particle-mobile-disabled=\"false\" class=\"elementor-element elementor-element-4e0d130 e-flex e-con-boxed e-con e-parent\" data-id=\"4e0d130\" data-element_type=\"container\" data-e-type=\"container\">\n\t\t\t\t\t<div class=\"e-con-inner\">\n\t\t\t\t<div class=\"elementor-element elementor-element-9f57949 elementor-widget elementor-widget-heading\" data-id=\"9f57949\" data-element_type=\"widget\" data-e-type=\"widget\" data-widget_type=\"heading.default\">\n\t\t\t\t\t<h3 class=\"elementor-heading-title elementor-size-default\">En el Festival de las Flores 2021 brilla la creatividad<\/h3>\t\t\t\t<\/div>\n\t\t\t\t\t<\/div>\n\t\t\t\t<\/div>\n\t\t<div data-particle_enable=\"false\" data-particle-mobile-disabled=\"false\" class=\"elementor-element elementor-element-2f7c556 e-flex e-con-boxed e-con e-parent\" data-id=\"2f7c556\" data-element_type=\"container\" data-e-type=\"container\">\n\t\t\t\t\t<div class=\"e-con-inner\">\n\t\t\t\t<div class=\"elementor-element elementor-element-7b91c34 elementor-widget elementor-widget-image-gallery\" data-id=\"7b91c34\" data-element_type=\"widget\" data-e-type=\"widget\" data-widget_type=\"image-gallery.default\">\n\t\t\t\t\t\t\t<div class=\"elementor-image-gallery\">\n\t\t\t<div id='gallery-10' class='gallery galleryid-48450 gallery-columns-1 gallery-size-large'><figure class='gallery-item'>\n\t\t\t<div class='gallery-icon portrait'>\n\t\t\t\t<a data-elementor-open-lightbox=\"yes\" data-elementor-lightbox-slideshow=\"7b91c34\" data-elementor-lightbox-title=\"En 2021 el Festival de las Flores ya se consolidaba como una tradici\u00f3n de noviembre y una cita con la belleza de la naturaleza y el patrimonio colonial.\" data-elementor-lightbox-description=\"En 2021 el Festival de las Flores ya se consolidaba como una tradici\u00f3n de noviembre y una cita con la belleza de la naturaleza y el patrimonio colonial.\" data-e-action-hash=\"#elementor-action%3Aaction%3Dlightbox%26settings%3DeyJpZCI6NDg0NjYsInVybCI6Imh0dHBzOlwvXC9zb3ltaWdyYW50ZS5jb21cL3JldmlzdGFcL3dwLWNvbnRlbnRcL3VwbG9hZHNcLzIwMjVcLzExXC8yMDIxLTM0MzQuanBnIiwic2xpZGVzaG93IjoiN2I5MWMzNCJ9\" href='https:\/\/soymigrante.com\/revista\/wp-content\/uploads\/2025\/11\/2021-3434.jpg'><img loading=\"lazy\" decoding=\"async\" width=\"883\" height=\"1024\" src=\"https:\/\/soymigrante.com\/revista\/wp-content\/uploads\/2025\/11\/2021-3434-883x1024.jpg\" class=\"attachment-large size-large\" alt=\"En 2021 el Festival de las Flores ya se consolidaba como una tradici\u00f3n de noviembre y una cita con la belleza de la naturaleza y el patrimonio colonial.\" aria-describedby=\"gallery-10-48466\" srcset=\"https:\/\/soymigrante.com\/revista\/wp-content\/uploads\/2025\/11\/2021-3434-883x1024.jpg 883w, https:\/\/soymigrante.com\/revista\/wp-content\/uploads\/2025\/11\/2021-3434-259x300.jpg 259w, https:\/\/soymigrante.com\/revista\/wp-content\/uploads\/2025\/11\/2021-3434-768x891.jpg 768w, https:\/\/soymigrante.com\/revista\/wp-content\/uploads\/2025\/11\/2021-3434-750x870.jpg 750w, https:\/\/soymigrante.com\/revista\/wp-content\/uploads\/2025\/11\/2021-3434.jpg 1080w\" sizes=\"(max-width: 883px) 100vw, 883px\" title=\"En 2021 el Festival de las Flores ya se consolidaba como una tradici\u00f3n de noviembre y una cita con la belleza de la naturaleza y el patrimonio colonial. \u2013 SoyMigrante.com REVISTA\" \/><\/a>\n\t\t\t<\/div>\n\t\t\t\t<figcaption class='wp-caption-text gallery-caption' id='gallery-10-48466'>\n\t\t\t\tEn 2021 el Festival de las Flores ya se consolidaba como una tradici\u00f3n de noviembre y una cita con la belleza de la naturaleza y el patrimonio colonial.\n\t\t\t\t<\/figcaption><\/figure><figure class='gallery-item'>\n\t\t\t<div class='gallery-icon portrait'>\n\t\t\t\t<a data-elementor-open-lightbox=\"yes\" data-elementor-lightbox-slideshow=\"7b91c34\" data-elementor-lightbox-title=\"La Eterna Primavera Guatemalteca fue la inspiraci\u00f3n de varios decorados en el Festival de las Flores 2021\" data-elementor-lightbox-description=\"La Eterna Primavera Guatemalteca fue la inspiraci\u00f3n de varios decorados en el Festival de las Flores 2021\" data-e-action-hash=\"#elementor-action%3Aaction%3Dlightbox%26settings%3DeyJpZCI6NDg0NjcsInVybCI6Imh0dHBzOlwvXC9zb3ltaWdyYW50ZS5jb21cL3JldmlzdGFcL3dwLWNvbnRlbnRcL3VwbG9hZHNcLzIwMjVcLzExXC8yMDIxLWVsLWNhcm1lbi1ob3RlbC5qcGciLCJzbGlkZXNob3ciOiI3YjkxYzM0In0%3D\" href='https:\/\/soymigrante.com\/revista\/wp-content\/uploads\/2025\/11\/2021-el-carmen-hotel.jpg'><img loading=\"lazy\" decoding=\"async\" width=\"768\" height=\"1024\" src=\"https:\/\/soymigrante.com\/revista\/wp-content\/uploads\/2025\/11\/2021-el-carmen-hotel-768x1024.jpg\" class=\"attachment-large size-large\" alt=\"La Eterna Primavera Guatemalteca fue la inspiraci\u00f3n de varios decorados en el Festival de las Flores 2021\" aria-describedby=\"gallery-10-48467\" srcset=\"https:\/\/soymigrante.com\/revista\/wp-content\/uploads\/2025\/11\/2021-el-carmen-hotel-768x1024.jpg 768w, https:\/\/soymigrante.com\/revista\/wp-content\/uploads\/2025\/11\/2021-el-carmen-hotel-225x300.jpg 225w, https:\/\/soymigrante.com\/revista\/wp-content\/uploads\/2025\/11\/2021-el-carmen-hotel-750x1000.jpg 750w, https:\/\/soymigrante.com\/revista\/wp-content\/uploads\/2025\/11\/2021-el-carmen-hotel.jpg 1080w\" sizes=\"(max-width: 768px) 100vw, 768px\" title=\"La Eterna Primavera Guatemalteca fue la inspiraci\u00f3n de varios decorados en el Festival de las Flores 2021 \u2013 SoyMigrante.com REVISTA\" \/><\/a>\n\t\t\t<\/div>\n\t\t\t\t<figcaption class='wp-caption-text gallery-caption' id='gallery-10-48467'>\n\t\t\t\tLa Eterna Primavera Guatemalteca fue la inspiraci\u00f3n de varios decorados en el Festival de las Flores 2021\n\t\t\t\t<\/figcaption><\/figure><figure class='gallery-item'>\n\t\t\t<div class='gallery-icon landscape'>\n\t\t\t\t<a data-elementor-open-lightbox=\"yes\" data-elementor-lightbox-slideshow=\"7b91c34\" data-elementor-lightbox-title=\"Nadie queda fuera de la alegr\u00eda y algarab\u00eda del Festival de las Flores\" data-elementor-lightbox-description=\"Nadie queda fuera de la alegr\u00eda y algarab\u00eda del Festival de las Flores\" data-e-action-hash=\"#elementor-action%3Aaction%3Dlightbox%26settings%3DeyJpZCI6NDg0NjgsInVybCI6Imh0dHBzOlwvXC9zb3ltaWdyYW50ZS5jb21cL3JldmlzdGFcL3dwLWNvbnRlbnRcL3VwbG9hZHNcLzIwMjVcLzExXC8yMDIxLWRmLmpwZyIsInNsaWRlc2hvdyI6IjdiOTFjMzQifQ%3D%3D\" href='https:\/\/soymigrante.com\/revista\/wp-content\/uploads\/2025\/11\/2021-df.jpg'><img loading=\"lazy\" decoding=\"async\" width=\"1080\" height=\"810\" src=\"https:\/\/soymigrante.com\/revista\/wp-content\/uploads\/2025\/11\/2021-df.jpg\" class=\"attachment-large size-large\" alt=\"Nadie queda fuera de la alegr\u00eda y algarab\u00eda del Festival de las Flores\" aria-describedby=\"gallery-10-48468\" srcset=\"https:\/\/soymigrante.com\/revista\/wp-content\/uploads\/2025\/11\/2021-df.jpg 1080w, https:\/\/soymigrante.com\/revista\/wp-content\/uploads\/2025\/11\/2021-df-300x225.jpg 300w, https:\/\/soymigrante.com\/revista\/wp-content\/uploads\/2025\/11\/2021-df-768x576.jpg 768w, https:\/\/soymigrante.com\/revista\/wp-content\/uploads\/2025\/11\/2021-df-750x563.jpg 750w\" sizes=\"(max-width: 1080px) 100vw, 1080px\" title=\"Nadie queda fuera de la alegr\u00eda y algarab\u00eda del Festival de las Flores \u2013 SoyMigrante.com REVISTA\" \/><\/a>\n\t\t\t<\/div>\n\t\t\t\t<figcaption class='wp-caption-text gallery-caption' id='gallery-10-48468'>\n\t\t\t\tNadie queda fuera de la alegr\u00eda y algarab\u00eda del Festival de las Flores\n\t\t\t\t<\/figcaption><\/figure>\n\t\t<\/div>\n\t\t<\/div>\n\t\t\t\t\t\t<\/div>\n\t\t\t\t\t<\/div>\n\t\t\t\t<\/div>\n\t\t<div data-particle_enable=\"false\" data-particle-mobile-disabled=\"false\" class=\"elementor-element elementor-element-0bbd131 e-flex e-con-boxed e-con e-parent\" data-id=\"0bbd131\" data-element_type=\"container\" data-e-type=\"container\">\n\t\t\t\t\t<div class=\"e-con-inner\">\n\t\t\t\t<div class=\"elementor-element elementor-element-7946c2f elementor-widget elementor-widget-heading\" data-id=\"7946c2f\" data-element_type=\"widget\" data-e-type=\"widget\" data-widget_type=\"heading.default\">\n\t\t\t\t\t<h3 class=\"elementor-heading-title elementor-size-default\">En 2022 fue deslumbrante el Festival de las Flores<\/h3>\t\t\t\t<\/div>\n\t\t\t\t\t<\/div>\n\t\t\t\t<\/div>\n\t\t<div data-particle_enable=\"false\" data-particle-mobile-disabled=\"false\" class=\"elementor-element elementor-element-b98dd10 e-flex e-con-boxed e-con e-parent\" data-id=\"b98dd10\" data-element_type=\"container\" data-e-type=\"container\">\n\t\t\t\t\t<div class=\"e-con-inner\">\n\t\t\t\t<div class=\"elementor-element elementor-element-ebdc2ff elementor-widget elementor-widget-image-gallery\" data-id=\"ebdc2ff\" data-element_type=\"widget\" data-e-type=\"widget\" data-widget_type=\"image-gallery.default\">\n\t\t\t\t\t\t\t<div class=\"elementor-image-gallery\">\n\t\t\t<div id='gallery-11' class='gallery galleryid-48450 gallery-columns-1 gallery-size-large'><figure class='gallery-item'>\n\t\t\t<div class='gallery-icon landscape'>\n\t\t\t\t<a data-elementor-open-lightbox=\"yes\" data-elementor-lightbox-slideshow=\"ebdc2ff\" data-elementor-lightbox-title=\"Cada a\u00f1o crece el encanto y la sorpresa en el Festival de las Flores.\" data-elementor-lightbox-description=\"Cada a\u00f1o crece el encanto y la sorpresa en el Festival de las Flores.\" data-e-action-hash=\"#elementor-action%3Aaction%3Dlightbox%26settings%3DeyJpZCI6NDg0NjksInVybCI6Imh0dHBzOlwvXC9zb3ltaWdyYW50ZS5jb21cL3JldmlzdGFcL3dwLWNvbnRlbnRcL3VwbG9hZHNcLzIwMjVcLzExXC9mZXN0aXZhbC1hbnRpZ3VhLTIwMjIuanBnIiwic2xpZGVzaG93IjoiZWJkYzJmZiJ9\" href='https:\/\/soymigrante.com\/revista\/wp-content\/uploads\/2025\/11\/festival-antigua-2022.jpg'><img loading=\"lazy\" decoding=\"async\" width=\"1140\" height=\"760\" src=\"https:\/\/soymigrante.com\/revista\/wp-content\/uploads\/2025\/11\/festival-antigua-2022-1140x760.jpg\" class=\"attachment-large size-large\" alt=\"Cada a\u00f1o crece el encanto y la sorpresa en el Festival de las Flores.\" aria-describedby=\"gallery-11-48469\" srcset=\"https:\/\/soymigrante.com\/revista\/wp-content\/uploads\/2025\/11\/festival-antigua-2022-1140x760.jpg 1140w, https:\/\/soymigrante.com\/revista\/wp-content\/uploads\/2025\/11\/festival-antigua-2022-300x200.jpg 300w, https:\/\/soymigrante.com\/revista\/wp-content\/uploads\/2025\/11\/festival-antigua-2022-768x512.jpg 768w, https:\/\/soymigrante.com\/revista\/wp-content\/uploads\/2025\/11\/festival-antigua-2022-1536x1024.jpg 1536w, https:\/\/soymigrante.com\/revista\/wp-content\/uploads\/2025\/11\/festival-antigua-2022-750x500.jpg 750w, https:\/\/soymigrante.com\/revista\/wp-content\/uploads\/2025\/11\/festival-antigua-2022.jpg 2048w\" sizes=\"(max-width: 1140px) 100vw, 1140px\" title=\"Cada a\u00f1o crece el encanto y la sorpresa en el Festival de las Flores. \u2013 SoyMigrante.com REVISTA\" \/><\/a>\n\t\t\t<\/div>\n\t\t\t\t<figcaption class='wp-caption-text gallery-caption' id='gallery-11-48469'>\n\t\t\t\tCada a\u00f1o crece el encanto y la sorpresa en el Festival de las Flores.\n\t\t\t\t<\/figcaption><\/figure><figure class='gallery-item'>\n\t\t\t<div class='gallery-icon landscape'>\n\t\t\t\t<a data-elementor-open-lightbox=\"yes\" data-elementor-lightbox-slideshow=\"ebdc2ff\" data-elementor-lightbox-title=\"Cada detalle cuenta y cada calle cuenta una historia o se convierte en recuerdo de una selfi. Festival de las Flores 2022\" data-elementor-lightbox-description=\"Cada detalle cuenta y cada calle cuenta una historia o se convierte en recuerdo de una selfi. Festival de las Flores 2022\" data-e-action-hash=\"#elementor-action%3Aaction%3Dlightbox%26settings%3DeyJpZCI6NDg0NzAsInVybCI6Imh0dHBzOlwvXC9zb3ltaWdyYW50ZS5jb21cL3JldmlzdGFcL3dwLWNvbnRlbnRcL3VwbG9hZHNcLzIwMjVcLzExXC9mZXN0aXZhbGl0by0yMDIyLWFudGlndWEuanBnIiwic2xpZGVzaG93IjoiZWJkYzJmZiJ9\" href='https:\/\/soymigrante.com\/revista\/wp-content\/uploads\/2025\/11\/festivalito-2022-antigua.jpg'><img loading=\"lazy\" decoding=\"async\" width=\"1140\" height=\"760\" src=\"https:\/\/soymigrante.com\/revista\/wp-content\/uploads\/2025\/11\/festivalito-2022-antigua-1140x760.jpg\" class=\"attachment-large size-large\" alt=\"Cada detalle cuenta y cada calle cuenta una historia o se convierte en recuerdo de una selfi. Festival de las Flores 2022\" aria-describedby=\"gallery-11-48470\" srcset=\"https:\/\/soymigrante.com\/revista\/wp-content\/uploads\/2025\/11\/festivalito-2022-antigua-1140x760.jpg 1140w, https:\/\/soymigrante.com\/revista\/wp-content\/uploads\/2025\/11\/festivalito-2022-antigua-300x200.jpg 300w, https:\/\/soymigrante.com\/revista\/wp-content\/uploads\/2025\/11\/festivalito-2022-antigua-768x512.jpg 768w, https:\/\/soymigrante.com\/revista\/wp-content\/uploads\/2025\/11\/festivalito-2022-antigua-1536x1024.jpg 1536w, https:\/\/soymigrante.com\/revista\/wp-content\/uploads\/2025\/11\/festivalito-2022-antigua-750x500.jpg 750w, https:\/\/soymigrante.com\/revista\/wp-content\/uploads\/2025\/11\/festivalito-2022-antigua.jpg 2048w\" sizes=\"(max-width: 1140px) 100vw, 1140px\" title=\"Cada detalle cuenta y cada calle cuenta una historia o se convierte en recuerdo de una selfi. Festival de las Flores 2022 \u2013 SoyMigrante.com REVISTA\" \/><\/a>\n\t\t\t<\/div>\n\t\t\t\t<figcaption class='wp-caption-text gallery-caption' id='gallery-11-48470'>\n\t\t\t\tCada detalle cuenta y cada calle cuenta una historia o se convierte en recuerdo de una selfi. Festival de las Flores 2022\n\t\t\t\t<\/figcaption><\/figure><figure class='gallery-item'>\n\t\t\t<div class='gallery-icon landscape'>\n\t\t\t\t<a data-elementor-open-lightbox=\"yes\" data-elementor-lightbox-slideshow=\"ebdc2ff\" data-elementor-lightbox-title=\"La asistencia al Festival de las Flores se ha convertido ya en una tradici\u00f3n, pero tambien un im\u00e1n que atrae turismo internacional. Festival de las Flores 2022\" data-elementor-lightbox-description=\"La asistencia al Festival de las Flores se ha convertido ya en una tradici\u00f3n, pero tambien un im\u00e1n que atrae turismo internacional. Festival de las Flores 2022\" data-e-action-hash=\"#elementor-action%3Aaction%3Dlightbox%26settings%3DeyJpZCI6NDg0NzEsInVybCI6Imh0dHBzOlwvXC9zb3ltaWdyYW50ZS5jb21cL3JldmlzdGFcL3dwLWNvbnRlbnRcL3VwbG9hZHNcLzIwMjVcLzExXC8yMDIyLWZlc3QuanBnIiwic2xpZGVzaG93IjoiZWJkYzJmZiJ9\" href='https:\/\/soymigrante.com\/revista\/wp-content\/uploads\/2025\/11\/2022-fest.jpg'><img loading=\"lazy\" decoding=\"async\" width=\"1140\" height=\"760\" src=\"https:\/\/soymigrante.com\/revista\/wp-content\/uploads\/2025\/11\/2022-fest-1140x760.jpg\" class=\"attachment-large size-large\" alt=\"La asistencia al Festival de las Flores se ha convertido ya en una tradici\u00f3n, pero tambien un im\u00e1n que atrae turismo internacional. Festival de las Flores 2022\" aria-describedby=\"gallery-11-48471\" srcset=\"https:\/\/soymigrante.com\/revista\/wp-content\/uploads\/2025\/11\/2022-fest-1140x760.jpg 1140w, https:\/\/soymigrante.com\/revista\/wp-content\/uploads\/2025\/11\/2022-fest-300x200.jpg 300w, https:\/\/soymigrante.com\/revista\/wp-content\/uploads\/2025\/11\/2022-fest-768x512.jpg 768w, https:\/\/soymigrante.com\/revista\/wp-content\/uploads\/2025\/11\/2022-fest-1536x1024.jpg 1536w, https:\/\/soymigrante.com\/revista\/wp-content\/uploads\/2025\/11\/2022-fest-750x500.jpg 750w, https:\/\/soymigrante.com\/revista\/wp-content\/uploads\/2025\/11\/2022-fest.jpg 2048w\" sizes=\"(max-width: 1140px) 100vw, 1140px\" title=\"La asistencia al Festival de las Flores se ha convertido ya en una tradici\u00f3n, pero tambien un im\u00e1n que atrae turismo internacional. Festival de las Flores 2022 \u2013 SoyMigrante.com REVISTA\" \/><\/a>\n\t\t\t<\/div>\n\t\t\t\t<figcaption class='wp-caption-text gallery-caption' id='gallery-11-48471'>\n\t\t\t\tLa asistencia al Festival de las Flores se ha convertido ya en una tradici\u00f3n, pero tambien un im\u00e1n que atrae turismo internacional. Festival de las Flores 2022\n\t\t\t\t<\/figcaption><\/figure><figure class='gallery-item'>\n\t\t\t<div class='gallery-icon landscape'>\n\t\t\t\t<a data-elementor-open-lightbox=\"yes\" data-elementor-lightbox-slideshow=\"ebdc2ff\" data-elementor-lightbox-title=\"El Jaguar en el Ayuntamiento de Antigua fue uno de los grandes atractivos del Festival de las Flores 2022\" data-elementor-lightbox-description=\"El Jaguar en el Ayuntamiento de Antigua fue uno de los grandes atractivos del Festival de las Flores 2022\" data-e-action-hash=\"#elementor-action%3Aaction%3Dlightbox%26settings%3DeyJpZCI6NDg0NzIsInVybCI6Imh0dHBzOlwvXC9zb3ltaWdyYW50ZS5jb21cL3JldmlzdGFcL3dwLWNvbnRlbnRcL3VwbG9hZHNcLzIwMjVcLzExXC9mZXN0aXZhbi0yMjIuanBnIiwic2xpZGVzaG93IjoiZWJkYzJmZiJ9\" href='https:\/\/soymigrante.com\/revista\/wp-content\/uploads\/2025\/11\/festivan-222.jpg'><img loading=\"lazy\" decoding=\"async\" width=\"1140\" height=\"760\" src=\"https:\/\/soymigrante.com\/revista\/wp-content\/uploads\/2025\/11\/festivan-222-1140x760.jpg\" class=\"attachment-large size-large\" alt=\"El Jaguar en el Ayuntamiento de Antigua fue uno de los grandes atractivos del Festival de las Flores 2022\" aria-describedby=\"gallery-11-48472\" srcset=\"https:\/\/soymigrante.com\/revista\/wp-content\/uploads\/2025\/11\/festivan-222-1140x760.jpg 1140w, https:\/\/soymigrante.com\/revista\/wp-content\/uploads\/2025\/11\/festivan-222-300x200.jpg 300w, https:\/\/soymigrante.com\/revista\/wp-content\/uploads\/2025\/11\/festivan-222-768x512.jpg 768w, https:\/\/soymigrante.com\/revista\/wp-content\/uploads\/2025\/11\/festivan-222-1536x1024.jpg 1536w, https:\/\/soymigrante.com\/revista\/wp-content\/uploads\/2025\/11\/festivan-222-750x500.jpg 750w, https:\/\/soymigrante.com\/revista\/wp-content\/uploads\/2025\/11\/festivan-222.jpg 2048w\" sizes=\"(max-width: 1140px) 100vw, 1140px\" title=\"El Jaguar en el Ayuntamiento de Antigua fue uno de los grandes atractivos del Festival de las Flores 2022 \u2013 SoyMigrante.com REVISTA\" \/><\/a>\n\t\t\t<\/div>\n\t\t\t\t<figcaption class='wp-caption-text gallery-caption' id='gallery-11-48472'>\n\t\t\t\tEl Jaguar en el Ayuntamiento de Antigua fue uno de los grandes atractivos del Festival de las Flores 2022\n\t\t\t\t<\/figcaption><\/figure>\n\t\t<\/div>\n\t\t<\/div>\n\t\t\t\t\t\t<\/div>\n\t\t\t\t\t<\/div>\n\t\t\t\t<\/div>\n\t\t<div data-particle_enable=\"false\" data-particle-mobile-disabled=\"false\" class=\"elementor-element elementor-element-aaa572e e-flex e-con-boxed e-con e-parent\" data-id=\"aaa572e\" data-element_type=\"container\" data-e-type=\"container\">\n\t\t\t\t\t<div class=\"e-con-inner\">\n\t\t\t\t<div class=\"elementor-element elementor-element-3282b61 elementor-widget elementor-widget-heading\" data-id=\"3282b61\" data-element_type=\"widget\" data-e-type=\"widget\" data-widget_type=\"heading.default\">\n\t\t\t\t\t<h3 class=\"elementor-heading-title elementor-size-default\">2023 no es la excepci\u00f3n: exitoso Festival de las Flores<\/h3>\t\t\t\t<\/div>\n\t\t\t\t\t<\/div>\n\t\t\t\t<\/div>\n\t\t<div data-particle_enable=\"false\" data-particle-mobile-disabled=\"false\" class=\"elementor-element elementor-element-5660d76 e-flex e-con-boxed e-con e-parent\" data-id=\"5660d76\" data-element_type=\"container\" data-e-type=\"container\">\n\t\t\t\t\t<div class=\"e-con-inner\">\n\t\t\t\t<div class=\"elementor-element elementor-element-21af334 elementor-widget elementor-widget-image-gallery\" data-id=\"21af334\" data-element_type=\"widget\" data-e-type=\"widget\" data-widget_type=\"image-gallery.default\">\n\t\t\t\t\t\t\t<div class=\"elementor-image-gallery\">\n\t\t\t<div id='gallery-12' class='gallery galleryid-48450 gallery-columns-1 gallery-size-large'><figure class='gallery-item'>\n\t\t\t<div class='gallery-icon landscape'>\n\t\t\t\t<a data-elementor-open-lightbox=\"yes\" data-elementor-lightbox-slideshow=\"21af334\" data-elementor-lightbox-title=\"El Parque Central de Antigua siempre es el n\u00facleo de un deslumbrante mosaico. Festival de las Flores 2023\" data-elementor-lightbox-description=\"El Parque Central de Antigua siempre es el n\u00facleo de un deslumbrante mosaico. Festival de las Flores 2023\" data-e-action-hash=\"#elementor-action%3Aaction%3Dlightbox%26settings%3DeyJpZCI6NDg0NzMsInVybCI6Imh0dHBzOlwvXC9zb3ltaWdyYW50ZS5jb21cL3JldmlzdGFcL3dwLWNvbnRlbnRcL3VwbG9hZHNcLzIwMjVcLzExXC9mZXN0aXZhbC0yMDIzLWRmLmpwZyIsInNsaWRlc2hvdyI6IjIxYWYzMzQifQ%3D%3D\" href='https:\/\/soymigrante.com\/revista\/wp-content\/uploads\/2025\/11\/festival-2023-df.jpg'><img loading=\"lazy\" decoding=\"async\" width=\"1140\" height=\"760\" src=\"https:\/\/soymigrante.com\/revista\/wp-content\/uploads\/2025\/11\/festival-2023-df-1140x760.jpg\" class=\"attachment-large size-large\" alt=\"El Parque Central de Antigua siempre es el n\u00facleo de un deslumbrante mosaico. Festival de las Flores 2023\" aria-describedby=\"gallery-12-48473\" srcset=\"https:\/\/soymigrante.com\/revista\/wp-content\/uploads\/2025\/11\/festival-2023-df-1140x760.jpg 1140w, https:\/\/soymigrante.com\/revista\/wp-content\/uploads\/2025\/11\/festival-2023-df-300x200.jpg 300w, https:\/\/soymigrante.com\/revista\/wp-content\/uploads\/2025\/11\/festival-2023-df-768x512.jpg 768w, https:\/\/soymigrante.com\/revista\/wp-content\/uploads\/2025\/11\/festival-2023-df-1536x1025.jpg 1536w, https:\/\/soymigrante.com\/revista\/wp-content\/uploads\/2025\/11\/festival-2023-df-750x500.jpg 750w, https:\/\/soymigrante.com\/revista\/wp-content\/uploads\/2025\/11\/festival-2023-df.jpg 2048w\" sizes=\"(max-width: 1140px) 100vw, 1140px\" title=\"El Parque Central de Antigua siempre es el n\u00facleo de un deslumbrante mosaico. Festival de las Flores 2023 \u2013 SoyMigrante.com REVISTA\" \/><\/a>\n\t\t\t<\/div>\n\t\t\t\t<figcaption class='wp-caption-text gallery-caption' id='gallery-12-48473'>\n\t\t\t\tEl Parque Central de Antigua siempre es el n\u00facleo de un deslumbrante mosaico. Festival de las Flores 2023\n\t\t\t\t<\/figcaption><\/figure><figure class='gallery-item'>\n\t\t\t<div class='gallery-icon landscape'>\n\t\t\t\t<a data-elementor-open-lightbox=\"yes\" data-elementor-lightbox-slideshow=\"21af334\" data-elementor-lightbox-title=\"La afluencia a cada festival es enorme y creciente. La Calle del Arco es un escenario obligado.\" data-elementor-lightbox-description=\"La afluencia a cada festival es enorme y creciente. La Calle del Arco es un escenario obligado.\" data-e-action-hash=\"#elementor-action%3Aaction%3Dlightbox%26settings%3DeyJpZCI6NDg0NzQsInVybCI6Imh0dHBzOlwvXC9zb3ltaWdyYW50ZS5jb21cL3JldmlzdGFcL3dwLWNvbnRlbnRcL3VwbG9hZHNcLzIwMjVcLzExXC9mZXN0aXZhbC0yMDIzLWRkLmpwZyIsInNsaWRlc2hvdyI6IjIxYWYzMzQifQ%3D%3D\" href='https:\/\/soymigrante.com\/revista\/wp-content\/uploads\/2025\/11\/festival-2023-dd.jpg'><img loading=\"lazy\" decoding=\"async\" width=\"1140\" height=\"641\" src=\"https:\/\/soymigrante.com\/revista\/wp-content\/uploads\/2025\/11\/festival-2023-dd-1140x641.jpg\" class=\"attachment-large size-large\" alt=\"La afluencia a cada festival es enorme y creciente. La Calle del Arco es un escenario obligado.\" aria-describedby=\"gallery-12-48474\" srcset=\"https:\/\/soymigrante.com\/revista\/wp-content\/uploads\/2025\/11\/festival-2023-dd-1140x641.jpg 1140w, https:\/\/soymigrante.com\/revista\/wp-content\/uploads\/2025\/11\/festival-2023-dd-300x169.jpg 300w, https:\/\/soymigrante.com\/revista\/wp-content\/uploads\/2025\/11\/festival-2023-dd-768x432.jpg 768w, https:\/\/soymigrante.com\/revista\/wp-content\/uploads\/2025\/11\/festival-2023-dd-1536x863.jpg 1536w, https:\/\/soymigrante.com\/revista\/wp-content\/uploads\/2025\/11\/festival-2023-dd-750x422.jpg 750w, https:\/\/soymigrante.com\/revista\/wp-content\/uploads\/2025\/11\/festival-2023-dd.jpg 2048w\" sizes=\"(max-width: 1140px) 100vw, 1140px\" title=\"La afluencia a cada festival es enorme y creciente. La Calle del Arco es un escenario obligado. \u2013 SoyMigrante.com REVISTA\" \/><\/a>\n\t\t\t<\/div>\n\t\t\t\t<figcaption class='wp-caption-text gallery-caption' id='gallery-12-48474'>\n\t\t\t\tLa afluencia a cada festival es enorme y creciente. La Calle del Arco es un escenario obligado.\n\t\t\t\t<\/figcaption><\/figure><figure class='gallery-item'>\n\t\t\t<div class='gallery-icon landscape'>\n\t\t\t\t<a data-elementor-open-lightbox=\"yes\" data-elementor-lightbox-slideshow=\"21af334\" data-elementor-lightbox-title=\"Todos le ponen color, textura, creaci\u00f3n y sobre todo coraz\u00f3n a la decoraci\u00f3n de la ciudad colonial en cada Festival de las Flores\" data-elementor-lightbox-description=\"Todos le ponen color, textura, creaci\u00f3n y sobre todo coraz\u00f3n a la decoraci\u00f3n de la ciudad colonial en cada Festival de las Flores\" data-e-action-hash=\"#elementor-action%3Aaction%3Dlightbox%26settings%3DeyJpZCI6NDg0NzUsInVybCI6Imh0dHBzOlwvXC9zb3ltaWdyYW50ZS5jb21cL3JldmlzdGFcL3dwLWNvbnRlbnRcL3VwbG9hZHNcLzIwMjVcLzExXC9mZXN0aXZhbC0yMDIzLWQuanBnIiwic2xpZGVzaG93IjoiMjFhZjMzNCJ9\" href='https:\/\/soymigrante.com\/revista\/wp-content\/uploads\/2025\/11\/festival-2023-d.jpg'><img loading=\"lazy\" decoding=\"async\" width=\"1140\" height=\"760\" src=\"https:\/\/soymigrante.com\/revista\/wp-content\/uploads\/2025\/11\/festival-2023-d-1140x760.jpg\" class=\"attachment-large size-large\" alt=\"Todos le ponen color, textura, creaci\u00f3n y sobre todo coraz\u00f3n a la decoraci\u00f3n de la ciudad colonial en cada Festival de las Flores\" aria-describedby=\"gallery-12-48475\" srcset=\"https:\/\/soymigrante.com\/revista\/wp-content\/uploads\/2025\/11\/festival-2023-d-1140x760.jpg 1140w, https:\/\/soymigrante.com\/revista\/wp-content\/uploads\/2025\/11\/festival-2023-d-300x200.jpg 300w, https:\/\/soymigrante.com\/revista\/wp-content\/uploads\/2025\/11\/festival-2023-d-768x512.jpg 768w, https:\/\/soymigrante.com\/revista\/wp-content\/uploads\/2025\/11\/festival-2023-d-1536x1025.jpg 1536w, https:\/\/soymigrante.com\/revista\/wp-content\/uploads\/2025\/11\/festival-2023-d-750x500.jpg 750w, https:\/\/soymigrante.com\/revista\/wp-content\/uploads\/2025\/11\/festival-2023-d.jpg 2048w\" sizes=\"(max-width: 1140px) 100vw, 1140px\" title=\"Todos le ponen color, textura, creaci\u00f3n y sobre todo coraz\u00f3n a la decoraci\u00f3n de la ciudad colonial en cada Festival de las Flores \u2013 SoyMigrante.com REVISTA\" \/><\/a>\n\t\t\t<\/div>\n\t\t\t\t<figcaption class='wp-caption-text gallery-caption' id='gallery-12-48475'>\n\t\t\t\tTodos le ponen color, textura, creaci\u00f3n y sobre todo coraz\u00f3n a la decoraci\u00f3n de la ciudad colonial en cada Festival de las Flores\n\t\t\t\t<\/figcaption><\/figure><figure class='gallery-item'>\n\t\t\t<div class='gallery-icon landscape'>\n\t\t\t\t<a data-elementor-open-lightbox=\"yes\" data-elementor-lightbox-slideshow=\"21af334\" data-elementor-lightbox-title=\"El tradicional &quot;amarillo antig\u00fce\u00f1o&quot; combina perfectamente con la primavera\" data-elementor-lightbox-description=\"El tradicional &quot;amarillo antig\u00fce\u00f1o&quot; combina perfectamente con la primavera\" data-e-action-hash=\"#elementor-action%3Aaction%3Dlightbox%26settings%3DeyJpZCI6NDg0NzYsInVybCI6Imh0dHBzOlwvXC9zb3ltaWdyYW50ZS5jb21cL3JldmlzdGFcL3dwLWNvbnRlbnRcL3VwbG9hZHNcLzIwMjVcLzExXC9mZXN0LTIwMjMuanBnIiwic2xpZGVzaG93IjoiMjFhZjMzNCJ9\" href='https:\/\/soymigrante.com\/revista\/wp-content\/uploads\/2025\/11\/fest-2023.jpg'><img loading=\"lazy\" decoding=\"async\" width=\"1140\" height=\"760\" src=\"https:\/\/soymigrante.com\/revista\/wp-content\/uploads\/2025\/11\/fest-2023-1140x760.jpg\" class=\"attachment-large size-large\" alt=\"El tradicional &quot;amarillo antig\u00fce\u00f1o&quot; combina perfectamente con la primavera\" aria-describedby=\"gallery-12-48476\" srcset=\"https:\/\/soymigrante.com\/revista\/wp-content\/uploads\/2025\/11\/fest-2023-1140x760.jpg 1140w, https:\/\/soymigrante.com\/revista\/wp-content\/uploads\/2025\/11\/fest-2023-300x200.jpg 300w, https:\/\/soymigrante.com\/revista\/wp-content\/uploads\/2025\/11\/fest-2023-768x512.jpg 768w, https:\/\/soymigrante.com\/revista\/wp-content\/uploads\/2025\/11\/fest-2023-1536x1024.jpg 1536w, https:\/\/soymigrante.com\/revista\/wp-content\/uploads\/2025\/11\/fest-2023-750x500.jpg 750w, https:\/\/soymigrante.com\/revista\/wp-content\/uploads\/2025\/11\/fest-2023.jpg 2048w\" sizes=\"(max-width: 1140px) 100vw, 1140px\" title=\"El tradicional &quot;amarillo antig\u00fce\u00f1o&quot; combina perfectamente con la primavera \u2013 SoyMigrante.com REVISTA\" \/><\/a>\n\t\t\t<\/div>\n\t\t\t\t<figcaption class='wp-caption-text gallery-caption' id='gallery-12-48476'>\n\t\t\t\tEl tradicional &#8220;amarillo antig\u00fce\u00f1o&#8221; combina perfectamente con la primavera\n\t\t\t\t<\/figcaption><\/figure>\n\t\t<\/div>\n\t\t<\/div>\n\t\t\t\t\t\t<\/div>\n\t\t\t\t\t<\/div>\n\t\t\t\t<\/div>\n\t\t<div data-particle_enable=\"false\" data-particle-mobile-disabled=\"false\" class=\"elementor-element elementor-element-981af42 e-flex e-con-boxed e-con e-parent\" data-id=\"981af42\" data-element_type=\"container\" data-e-type=\"container\">\n\t\t\t\t\t<div class=\"e-con-inner\">\n\t\t\t\t<div class=\"elementor-element elementor-element-4eae912 elementor-widget elementor-widget-image-gallery\" data-id=\"4eae912\" data-element_type=\"widget\" data-e-type=\"widget\" data-widget_type=\"image-gallery.default\">\n\t\t\t\t\t\t\t<div class=\"elementor-image-gallery\">\n\t\t\t<div id='gallery-13' class='gallery galleryid-48450 gallery-columns-1 gallery-size-large'><figure class='gallery-item'>\n\t\t\t<div class='gallery-icon landscape'>\n\t\t\t\t<a data-elementor-open-lightbox=\"yes\" data-elementor-lightbox-slideshow=\"4eae912\" data-elementor-lightbox-title=\"Cada a\u00f1o crece el encanto y la sorpresa en el Festival de las Flores.\" data-elementor-lightbox-description=\"Cada a\u00f1o crece el encanto y la sorpresa en el Festival de las Flores.\" data-e-action-hash=\"#elementor-action%3Aaction%3Dlightbox%26settings%3DeyJpZCI6NDg0NjksInVybCI6Imh0dHBzOlwvXC9zb3ltaWdyYW50ZS5jb21cL3JldmlzdGFcL3dwLWNvbnRlbnRcL3VwbG9hZHNcLzIwMjVcLzExXC9mZXN0aXZhbC1hbnRpZ3VhLTIwMjIuanBnIiwic2xpZGVzaG93IjoiNGVhZTkxMiJ9\" href='https:\/\/soymigrante.com\/revista\/wp-content\/uploads\/2025\/11\/festival-antigua-2022.jpg'><img loading=\"lazy\" decoding=\"async\" width=\"1140\" height=\"760\" src=\"https:\/\/soymigrante.com\/revista\/wp-content\/uploads\/2025\/11\/festival-antigua-2022-1140x760.jpg\" class=\"attachment-large size-large\" alt=\"Cada a\u00f1o crece el encanto y la sorpresa en el Festival de las Flores.\" aria-describedby=\"gallery-13-48469\" srcset=\"https:\/\/soymigrante.com\/revista\/wp-content\/uploads\/2025\/11\/festival-antigua-2022-1140x760.jpg 1140w, https:\/\/soymigrante.com\/revista\/wp-content\/uploads\/2025\/11\/festival-antigua-2022-300x200.jpg 300w, https:\/\/soymigrante.com\/revista\/wp-content\/uploads\/2025\/11\/festival-antigua-2022-768x512.jpg 768w, https:\/\/soymigrante.com\/revista\/wp-content\/uploads\/2025\/11\/festival-antigua-2022-1536x1024.jpg 1536w, https:\/\/soymigrante.com\/revista\/wp-content\/uploads\/2025\/11\/festival-antigua-2022-750x500.jpg 750w, https:\/\/soymigrante.com\/revista\/wp-content\/uploads\/2025\/11\/festival-antigua-2022.jpg 2048w\" sizes=\"(max-width: 1140px) 100vw, 1140px\" title=\"Cada a\u00f1o crece el encanto y la sorpresa en el Festival de las Flores. \u2013 SoyMigrante.com REVISTA\" \/><\/a>\n\t\t\t<\/div>\n\t\t\t\t<figcaption class='wp-caption-text gallery-caption' id='gallery-13-48469'>\n\t\t\t\tCada a\u00f1o crece el encanto y la sorpresa en el Festival de las Flores.\n\t\t\t\t<\/figcaption><\/figure><figure class='gallery-item'>\n\t\t\t<div class='gallery-icon landscape'>\n\t\t\t\t<a data-elementor-open-lightbox=\"yes\" data-elementor-lightbox-slideshow=\"4eae912\" data-elementor-lightbox-title=\"Cada detalle cuenta y cada calle cuenta una historia o se convierte en recuerdo de una selfi. Festival de las Flores 2022\" data-elementor-lightbox-description=\"Cada detalle cuenta y cada calle cuenta una historia o se convierte en recuerdo de una selfi. Festival de las Flores 2022\" data-e-action-hash=\"#elementor-action%3Aaction%3Dlightbox%26settings%3DeyJpZCI6NDg0NzAsInVybCI6Imh0dHBzOlwvXC9zb3ltaWdyYW50ZS5jb21cL3JldmlzdGFcL3dwLWNvbnRlbnRcL3VwbG9hZHNcLzIwMjVcLzExXC9mZXN0aXZhbGl0by0yMDIyLWFudGlndWEuanBnIiwic2xpZGVzaG93IjoiNGVhZTkxMiJ9\" href='https:\/\/soymigrante.com\/revista\/wp-content\/uploads\/2025\/11\/festivalito-2022-antigua.jpg'><img loading=\"lazy\" decoding=\"async\" width=\"1140\" height=\"760\" src=\"https:\/\/soymigrante.com\/revista\/wp-content\/uploads\/2025\/11\/festivalito-2022-antigua-1140x760.jpg\" class=\"attachment-large size-large\" alt=\"Cada detalle cuenta y cada calle cuenta una historia o se convierte en recuerdo de una selfi. Festival de las Flores 2022\" aria-describedby=\"gallery-13-48470\" srcset=\"https:\/\/soymigrante.com\/revista\/wp-content\/uploads\/2025\/11\/festivalito-2022-antigua-1140x760.jpg 1140w, https:\/\/soymigrante.com\/revista\/wp-content\/uploads\/2025\/11\/festivalito-2022-antigua-300x200.jpg 300w, https:\/\/soymigrante.com\/revista\/wp-content\/uploads\/2025\/11\/festivalito-2022-antigua-768x512.jpg 768w, https:\/\/soymigrante.com\/revista\/wp-content\/uploads\/2025\/11\/festivalito-2022-antigua-1536x1024.jpg 1536w, https:\/\/soymigrante.com\/revista\/wp-content\/uploads\/2025\/11\/festivalito-2022-antigua-750x500.jpg 750w, https:\/\/soymigrante.com\/revista\/wp-content\/uploads\/2025\/11\/festivalito-2022-antigua.jpg 2048w\" sizes=\"(max-width: 1140px) 100vw, 1140px\" title=\"Cada detalle cuenta y cada calle cuenta una historia o se convierte en recuerdo de una selfi. Festival de las Flores 2022 \u2013 SoyMigrante.com REVISTA\" \/><\/a>\n\t\t\t<\/div>\n\t\t\t\t<figcaption class='wp-caption-text gallery-caption' id='gallery-13-48470'>\n\t\t\t\tCada detalle cuenta y cada calle cuenta una historia o se convierte en recuerdo de una selfi. Festival de las Flores 2022\n\t\t\t\t<\/figcaption><\/figure><figure class='gallery-item'>\n\t\t\t<div class='gallery-icon landscape'>\n\t\t\t\t<a data-elementor-open-lightbox=\"yes\" data-elementor-lightbox-slideshow=\"4eae912\" data-elementor-lightbox-title=\"La asistencia al Festival de las Flores se ha convertido ya en una tradici\u00f3n, pero tambien un im\u00e1n que atrae turismo internacional. Festival de las Flores 2022\" data-elementor-lightbox-description=\"La asistencia al Festival de las Flores se ha convertido ya en una tradici\u00f3n, pero tambien un im\u00e1n que atrae turismo internacional. Festival de las Flores 2022\" data-e-action-hash=\"#elementor-action%3Aaction%3Dlightbox%26settings%3DeyJpZCI6NDg0NzEsInVybCI6Imh0dHBzOlwvXC9zb3ltaWdyYW50ZS5jb21cL3JldmlzdGFcL3dwLWNvbnRlbnRcL3VwbG9hZHNcLzIwMjVcLzExXC8yMDIyLWZlc3QuanBnIiwic2xpZGVzaG93IjoiNGVhZTkxMiJ9\" href='https:\/\/soymigrante.com\/revista\/wp-content\/uploads\/2025\/11\/2022-fest.jpg'><img loading=\"lazy\" decoding=\"async\" width=\"1140\" height=\"760\" src=\"https:\/\/soymigrante.com\/revista\/wp-content\/uploads\/2025\/11\/2022-fest-1140x760.jpg\" class=\"attachment-large size-large\" alt=\"La asistencia al Festival de las Flores se ha convertido ya en una tradici\u00f3n, pero tambien un im\u00e1n que atrae turismo internacional. Festival de las Flores 2022\" aria-describedby=\"gallery-13-48471\" srcset=\"https:\/\/soymigrante.com\/revista\/wp-content\/uploads\/2025\/11\/2022-fest-1140x760.jpg 1140w, https:\/\/soymigrante.com\/revista\/wp-content\/uploads\/2025\/11\/2022-fest-300x200.jpg 300w, https:\/\/soymigrante.com\/revista\/wp-content\/uploads\/2025\/11\/2022-fest-768x512.jpg 768w, https:\/\/soymigrante.com\/revista\/wp-content\/uploads\/2025\/11\/2022-fest-1536x1024.jpg 1536w, https:\/\/soymigrante.com\/revista\/wp-content\/uploads\/2025\/11\/2022-fest-750x500.jpg 750w, https:\/\/soymigrante.com\/revista\/wp-content\/uploads\/2025\/11\/2022-fest.jpg 2048w\" sizes=\"(max-width: 1140px) 100vw, 1140px\" title=\"La asistencia al Festival de las Flores se ha convertido ya en una tradici\u00f3n, pero tambien un im\u00e1n que atrae turismo internacional. Festival de las Flores 2022 \u2013 SoyMigrante.com REVISTA\" \/><\/a>\n\t\t\t<\/div>\n\t\t\t\t<figcaption class='wp-caption-text gallery-caption' id='gallery-13-48471'>\n\t\t\t\tLa asistencia al Festival de las Flores se ha convertido ya en una tradici\u00f3n, pero tambien un im\u00e1n que atrae turismo internacional. Festival de las Flores 2022\n\t\t\t\t<\/figcaption><\/figure><figure class='gallery-item'>\n\t\t\t<div class='gallery-icon landscape'>\n\t\t\t\t<a data-elementor-open-lightbox=\"yes\" data-elementor-lightbox-slideshow=\"4eae912\" data-elementor-lightbox-title=\"El Jaguar en el Ayuntamiento de Antigua fue uno de los grandes atractivos del Festival de las Flores 2022\" data-elementor-lightbox-description=\"El Jaguar en el Ayuntamiento de Antigua fue uno de los grandes atractivos del Festival de las Flores 2022\" data-e-action-hash=\"#elementor-action%3Aaction%3Dlightbox%26settings%3DeyJpZCI6NDg0NzIsInVybCI6Imh0dHBzOlwvXC9zb3ltaWdyYW50ZS5jb21cL3JldmlzdGFcL3dwLWNvbnRlbnRcL3VwbG9hZHNcLzIwMjVcLzExXC9mZXN0aXZhbi0yMjIuanBnIiwic2xpZGVzaG93IjoiNGVhZTkxMiJ9\" href='https:\/\/soymigrante.com\/revista\/wp-content\/uploads\/2025\/11\/festivan-222.jpg'><img loading=\"lazy\" decoding=\"async\" width=\"1140\" height=\"760\" src=\"https:\/\/soymigrante.com\/revista\/wp-content\/uploads\/2025\/11\/festivan-222-1140x760.jpg\" class=\"attachment-large size-large\" alt=\"El Jaguar en el Ayuntamiento de Antigua fue uno de los grandes atractivos del Festival de las Flores 2022\" aria-describedby=\"gallery-13-48472\" srcset=\"https:\/\/soymigrante.com\/revista\/wp-content\/uploads\/2025\/11\/festivan-222-1140x760.jpg 1140w, https:\/\/soymigrante.com\/revista\/wp-content\/uploads\/2025\/11\/festivan-222-300x200.jpg 300w, https:\/\/soymigrante.com\/revista\/wp-content\/uploads\/2025\/11\/festivan-222-768x512.jpg 768w, https:\/\/soymigrante.com\/revista\/wp-content\/uploads\/2025\/11\/festivan-222-1536x1024.jpg 1536w, https:\/\/soymigrante.com\/revista\/wp-content\/uploads\/2025\/11\/festivan-222-750x500.jpg 750w, https:\/\/soymigrante.com\/revista\/wp-content\/uploads\/2025\/11\/festivan-222.jpg 2048w\" sizes=\"(max-width: 1140px) 100vw, 1140px\" title=\"El Jaguar en el Ayuntamiento de Antigua fue uno de los grandes atractivos del Festival de las Flores 2022 \u2013 SoyMigrante.com REVISTA\" \/><\/a>\n\t\t\t<\/div>\n\t\t\t\t<figcaption class='wp-caption-text gallery-caption' id='gallery-13-48472'>\n\t\t\t\tEl Jaguar en el Ayuntamiento de Antigua fue uno de los grandes atractivos del Festival de las Flores 2022\n\t\t\t\t<\/figcaption><\/figure>\n\t\t<\/div>\n\t\t<\/div>\n\t\t\t\t\t\t<\/div>\n\t\t\t\t\t<\/div>\n\t\t\t\t<\/div>\n\t\t<div data-particle_enable=\"false\" data-particle-mobile-disabled=\"false\" class=\"elementor-element elementor-element-c683d53 e-flex e-con-boxed e-con e-parent\" data-id=\"c683d53\" data-element_type=\"container\" data-e-type=\"container\">\n\t\t\t\t\t<div class=\"e-con-inner\">\n\t\t\t\t<div class=\"elementor-element elementor-element-4123ac6 elementor-widget elementor-widget-heading\" data-id=\"4123ac6\" data-element_type=\"widget\" data-e-type=\"widget\" data-widget_type=\"heading.default\">\n\t\t\t\t\t<h2 class=\"elementor-heading-title elementor-size-default\">La Antigua Guatemala nunca deja de sorprender<\/h2>\t\t\t\t<\/div>\n\t\t\t\t\t<\/div>\n\t\t\t\t<\/div>\n\t\t<div data-particle_enable=\"false\" data-particle-mobile-disabled=\"false\" class=\"elementor-element elementor-element-99765d2 e-flex e-con-boxed e-con e-parent\" data-id=\"99765d2\" data-element_type=\"container\" data-e-type=\"container\">\n\t\t\t\t\t<div class=\"e-con-inner\">\n\t\t\t\t<div class=\"elementor-element elementor-element-28a3c3f elementor-grid-eael-col-3 elementor-grid-tablet-eael-col-2 elementor-grid-mobile-eael-col-1 elementor-widget elementor-widget-eael-post-grid\" data-id=\"28a3c3f\" data-element_type=\"widget\" data-e-type=\"widget\" data-settings=\"{&quot;eael_post_grid_columns&quot;:&quot;eael-col-3&quot;,&quot;eael_post_grid_columns_tablet&quot;:&quot;eael-col-2&quot;,&quot;eael_post_grid_columns_mobile&quot;:&quot;eael-col-1&quot;}\" data-widget_type=\"eael-post-grid.default\">\n\t\t\t\t\t<div id=\"eael-post-grid-28a3c3f\" class=\"eael-post-grid-container\">\n            <div class=\"eael-post-grid eael-post-appender eael-post-appender-28a3c3f eael-post-grid-style-two\" data-layout-mode=\"masonry\"><article class=\"eael-grid-post  eael-post-grid-column eael-pg-post-11833 category-guate-nuestra\" data-id=\"11833\">\n    <div class=\"eael-grid-post-holder\">\n        <div class=\"eael-grid-post-holder-inner\"><div class=\"eael-entry-media\"><div class=\"eael-entry-overlay fade-in\"><i class=\"far fa-hand-pointer\" aria-hidden=\"true\"><\/i><a href=\"https:\/\/soymigrante.com\/revista\/ya-viene-el-festival-de-las-flores-de-antigua-guatemala-2024\/\"><\/a><\/div><div class=\"eael-entry-thumbnail eael-image-ratio\">\n                            <img loading=\"lazy\" decoding=\"async\" width=\"1018\" height=\"1018\" src=\"https:\/\/soymigrante.com\/revista\/wp-content\/uploads\/2024\/11\/festival-de-las-flores-antigua-guatemala.webp\" class=\"attachment-large size-large wp-image-13388\" alt=\"Arco decorativo lleno de flores en un desfile tradicional, con calles empedradas y coloridos decorados en el ambiente, representa la cultura y tradiciones mexicanas en la celebraci\u00f3n.\" srcset=\"https:\/\/soymigrante.com\/revista\/wp-content\/uploads\/2024\/11\/festival-de-las-flores-antigua-guatemala.webp 1018w, https:\/\/soymigrante.com\/revista\/wp-content\/uploads\/2024\/11\/festival-de-las-flores-antigua-guatemala-300x300.jpg 300w, https:\/\/soymigrante.com\/revista\/wp-content\/uploads\/2024\/11\/festival-de-las-flores-antigua-guatemala-150x150.jpg 150w, https:\/\/soymigrante.com\/revista\/wp-content\/uploads\/2024\/11\/festival-de-las-flores-antigua-guatemala-768x768.jpg 768w, https:\/\/soymigrante.com\/revista\/wp-content\/uploads\/2024\/11\/festival-de-las-flores-antigua-guatemala-75x75.webp 75w, https:\/\/soymigrante.com\/revista\/wp-content\/uploads\/2024\/11\/festival-de-las-flores-antigua-guatemala-750x750.webp 750w\" sizes=\"(max-width: 1018px) 100vw, 1018px\" \/>\n                            <\/div>\n                    <\/div><div class=\"eael-entry-wrapper\"><header class=\"eael-entry-header\"><h2 class=\"eael-entry-title\"><a class=\"eael-grid-post-link\" href=\"https:\/\/soymigrante.com\/revista\/ya-viene-el-festival-de-las-flores-de-antigua-guatemala-2024\/\" title=\"Festival de las Flores de Antigua 2024 celebra las maravillas de Guatemala: ven a verlo\">Festival de las Flores de Antigua 2024 celebra las maravillas de Guatemala: ven a verlo<\/a><\/h2><\/header><div class=\"eael-entry-content\">\n                                <div class=\"eael-grid-post-excerpt\"><a href=\"https:\/\/soymigrante.com\/revista\/ya-viene-el-festival-de-las-flores-de-antigua-guatemala-2024\/\" class=\"eael-post-elements-readmore-btn\">CONOCE SU HISTORIA <\/a><\/div>\n                            <\/div><\/div><\/div>\n    <\/div>\n<\/article><article class=\"eael-grid-post  eael-post-grid-column eael-pg-post-5664 category-arte-cultura-guate-nuestra tags-joyas-de-antigua-guatemala\" data-id=\"5664\">\n    <div class=\"eael-grid-post-holder\">\n        <div class=\"eael-grid-post-holder-inner\"><div class=\"eael-entry-media\"><div class=\"eael-entry-overlay fade-in\"><i class=\"far fa-hand-pointer\" aria-hidden=\"true\"><\/i><a href=\"https:\/\/soymigrante.com\/revista\/joyas-de-antigua-guatemala-7-datos-de-las-ruinas-de-santa-clara\/\"><\/a><\/div><div class=\"eael-entry-thumbnail eael-image-ratio\">\n                            <img loading=\"lazy\" decoding=\"async\" width=\"888\" height=\"660\" src=\"https:\/\/soymigrante.com\/revista\/wp-content\/uploads\/2024\/03\/Captura-de-pantalla-2024-03-28-144931.webp\" class=\"attachment-large size-large wp-image-5672\" alt=\"\u00c1ngeles flanquean los lados del atrio interior de Santa Clara. N\u00f3tese el estilo de las columnas a los lados, de tipo serliano. Por eso este frontispicio es una de las mejores muestras del barroco guatemalteco.\" srcset=\"https:\/\/soymigrante.com\/revista\/wp-content\/uploads\/2024\/03\/Captura-de-pantalla-2024-03-28-144931.webp 888w, https:\/\/soymigrante.com\/revista\/wp-content\/uploads\/2024\/03\/Captura-de-pantalla-2024-03-28-144931-300x223.webp 300w, https:\/\/soymigrante.com\/revista\/wp-content\/uploads\/2024\/03\/Captura-de-pantalla-2024-03-28-144931-768x571.webp 768w, https:\/\/soymigrante.com\/revista\/wp-content\/uploads\/2024\/03\/Captura-de-pantalla-2024-03-28-144931-750x557.webp 750w\" sizes=\"(max-width: 888px) 100vw, 888px\" \/>\n                            <\/div>\n                    <\/div><div class=\"eael-entry-wrapper\"><header class=\"eael-entry-header\"><h2 class=\"eael-entry-title\"><a class=\"eael-grid-post-link\" href=\"https:\/\/soymigrante.com\/revista\/joyas-de-antigua-guatemala-7-datos-de-las-ruinas-de-santa-clara\/\" title=\"Joyas de Antigua Guatemala: 7 datos de las ruinas del convento de Santa Clara\">Joyas de Antigua Guatemala: 7 datos de las ruinas del convento de Santa Clara<\/a><\/h2><\/header><div class=\"eael-entry-content\">\n                                <div class=\"eael-grid-post-excerpt\"><a href=\"https:\/\/soymigrante.com\/revista\/joyas-de-antigua-guatemala-7-datos-de-las-ruinas-de-santa-clara\/\" class=\"eael-post-elements-readmore-btn\">CONOCE SU HISTORIA <\/a><\/div>\n                            <\/div><\/div><\/div>\n    <\/div>\n<\/article><article class=\"eael-grid-post  eael-post-grid-column eael-pg-post-7600 category-guate-nuestra\" data-id=\"7600\">\n    <div class=\"eael-grid-post-holder\">\n        <div class=\"eael-grid-post-holder-inner\"><div class=\"eael-entry-media\"><div class=\"eael-entry-overlay fade-in\"><i class=\"far fa-hand-pointer\" aria-hidden=\"true\"><\/i><a href=\"https:\/\/soymigrante.com\/revista\/7-datos-de-antigua-guatemala-que-seguro-ya-sabias-o-quiza-no\/\"><\/a><\/div><div class=\"eael-entry-thumbnail eael-image-ratio\">\n                            <img loading=\"lazy\" decoding=\"async\" width=\"661\" height=\"662\" src=\"https:\/\/soymigrante.com\/revista\/wp-content\/uploads\/2024\/07\/Antigua-Guatemala-Danny-Gamboa.webp\" class=\"attachment-large size-large wp-image-7610\" alt=\"Vivienda antigua decorada con proyecciones de luz y color en la noche, destacando detalles arquitect\u00f3nicos y efectos visuales para eventos culturales y festivales en M\u00e9xico.\" srcset=\"https:\/\/soymigrante.com\/revista\/wp-content\/uploads\/2024\/07\/Antigua-Guatemala-Danny-Gamboa.webp 661w, https:\/\/soymigrante.com\/revista\/wp-content\/uploads\/2024\/07\/Antigua-Guatemala-Danny-Gamboa-300x300.webp 300w, https:\/\/soymigrante.com\/revista\/wp-content\/uploads\/2024\/07\/Antigua-Guatemala-Danny-Gamboa-150x150.webp 150w, https:\/\/soymigrante.com\/revista\/wp-content\/uploads\/2024\/07\/Antigua-Guatemala-Danny-Gamboa-75x75.webp 75w\" sizes=\"(max-width: 661px) 100vw, 661px\" \/>\n                            <\/div>\n                    <\/div><div class=\"eael-entry-wrapper\"><header class=\"eael-entry-header\"><h2 class=\"eael-entry-title\"><a class=\"eael-grid-post-link\" href=\"https:\/\/soymigrante.com\/revista\/7-datos-de-antigua-guatemala-que-seguro-ya-sabias-o-quiza-no\/\" title=\"Antigua Guatemala: 7 datos que seguro ya conoc\u00edas (\u00a1O quiz\u00e1 no!) Aver\u00edgualo\">Antigua Guatemala: 7 datos que seguro ya conoc\u00edas (\u00a1O quiz\u00e1 no!) Aver\u00edgualo<\/a><\/h2><\/header><div class=\"eael-entry-content\">\n                                <div class=\"eael-grid-post-excerpt\"><a href=\"https:\/\/soymigrante.com\/revista\/7-datos-de-antigua-guatemala-que-seguro-ya-sabias-o-quiza-no\/\" class=\"eael-post-elements-readmore-btn\">CONOCE SU HISTORIA <\/a><\/div>\n                            <\/div><\/div><\/div>\n    <\/div>\n<\/article><\/div>\n            <div class=\"clearfix\"><\/div>\n        <\/div>\t\t\t\t<\/div>\n\t\t\t\t\t<\/div>\n\t\t\t\t<\/div>\n\t\t\t\t<\/div>\n\t\t","protected":false},"excerpt":{"rendered":"<p>Iniciado en 2017, el Festival de las Flores de Antigua Guatemala es ya una tradici\u00f3n que deslumbra y atrae a miles de visitantes. A las puertas de la edici\u00f3n 2025, el 15 y 16 de noviembre recordamos im\u00e1genes hist\u00f3ricas. El Festival de las Flores surgi\u00f3 por iniciativa de antig\u00fce\u00f1os entusiastas que quer\u00edan honrar el nombre [&hellip;]<\/p>\n","protected":false},"author":7,"featured_media":48488,"comment_status":"open","ping_status":"open","sticky":false,"template":"","format":"standard","meta":{"_acf_changed":false,"_eb_attr":"","footnotes":""},"categories":[58],"tags":[],"class_list":["post-48450","post","type-post","status-publish","format-standard","has-post-thumbnail","hentry","category-guate-nuestra"],"acf":[],"aioseo_notices":[],"aioseo_head":"\n\t\t<!-- All in One SEO Pro 4.9.6.2 - aioseo.com -->\n\t<meta name=\"description\" content=\"Santiago de los Caballeros fue capital de Guatemala por 281 a\u00f1os. Es majestuosa y bella, pero tambi\u00e9n sufri\u00f3 de infortunios (terremotos, erupciones, epidemias)\" \/>\n\t<meta name=\"robots\" content=\"max-snippet:-1, max-image-preview:large, max-video-preview:-1\" \/>\n\t<meta name=\"author\" content=\"Gustavo Montenegro\"\/>\n\t<link rel=\"canonical\" href=\"https:\/\/soymigrante.com\/revista\/7-datos-de-antigua-guatemala-que-seguro-ya-sabias-o-quiza-no\/\" \/>\n\t<meta name=\"generator\" content=\"All in One SEO Pro (AIOSEO) 4.9.6.2\" \/>\n\n\t\t<link rel=\"preconnect\" href=\"https:\/\/fonts.googleapis.com\" crossorigin>\n<link rel=\"preconnect\" href=\"https:\/\/fonts.gstatic.com\" crossorigin>\n\t\t<meta property=\"og:locale\" content=\"es_ES\" \/>\n\t\t<meta property=\"og:site_name\" content=\"SoyMigrante.com REVISTA \u2013 Nuestra misi\u00f3n es reconocer y dignificar al migrante.\" \/>\n\t\t<meta property=\"og:type\" content=\"article\" \/>\n\t\t<meta property=\"og:title\" content=\"Antigua Guatemala: 7 datos que seguro ya conoc\u00edas (\u00a1O quiz\u00e1 no!) Aver\u00edgualo\" \/>\n\t\t<meta property=\"og:description\" content=\"Santiago de los Caballeros fue capital de Guatemala por 281 a\u00f1os. Es majestuosa y bella, pero tambi\u00e9n sufri\u00f3 de infortunios (terremotos, erupciones, epidemias)\" \/>\n\t\t<meta property=\"og:url\" content=\"https:\/\/soymigrante.com\/revista\/7-datos-de-antigua-guatemala-que-seguro-ya-sabias-o-quiza-no\/\" \/>\n\t\t<meta property=\"og:image\" content=\"https:\/\/soymigrante.com\/revista\/wp-content\/uploads\/2024\/07\/Antigua-Guatemala-Danny-Gamboa.webp\" \/>\n\t\t<meta property=\"og:image:secure_url\" content=\"https:\/\/soymigrante.com\/revista\/wp-content\/uploads\/2024\/07\/Antigua-Guatemala-Danny-Gamboa.webp\" \/>\n\t\t<meta property=\"og:image:width\" content=\"661\" \/>\n\t\t<meta property=\"og:image:height\" content=\"662\" \/>\n\t\t<meta property=\"article:published_time\" content=\"2024-11-16T15:47:07+00:00\" \/>\n\t\t<meta property=\"article:modified_time\" content=\"2024-11-16T15:48:34+00:00\" \/>\n\t\t<meta property=\"article:publisher\" content=\"https:\/\/www.facebook.com\/soymigrantecom\" \/>\n\t\t<meta name=\"twitter:card\" content=\"summary_large_image\" \/>\n\t\t<meta name=\"twitter:site\" content=\"@SoyMigrante_com\" \/>\n\t\t<meta name=\"twitter:title\" content=\"Antigua Guatemala: 7 datos que seguro ya conoc\u00edas (\u00a1O quiz\u00e1 no!) Aver\u00edgualo\" \/>\n\t\t<meta name=\"twitter:description\" content=\"Santiago de los Caballeros fue capital de Guatemala por 281 a\u00f1os. Es majestuosa y bella, pero tambi\u00e9n sufri\u00f3 de infortunios (terremotos, erupciones, epidemias)\" \/>\n\t\t<meta name=\"twitter:creator\" content=\"@SoyMigrante_com\" \/>\n\t\t<meta name=\"twitter:image\" content=\"https:\/\/soymigrante.com\/revista\/wp-content\/uploads\/2024\/07\/Antigua-Guatemala-Danny-Gamboa.webp\" \/>\n\t\t<!-- All in One SEO Pro -->\r\n\t\t<title>Antigua Guatemala: 7 datos que seguro ya conoc\u00edas (\u00a1O quiz\u00e1 no!) Aver\u00edgualo<\/title>\n\n","aioseo_head_json":{"title":"Antigua Guatemala: 7 datos que seguro ya conoc\u00edas (\u00a1O quiz\u00e1 no!) Aver\u00edgualo","description":"Santiago de los Caballeros fue capital de Guatemala por 281 a\u00f1os. Es majestuosa y bella, pero tambi\u00e9n sufri\u00f3 de infortunios (terremotos, erupciones, epidemias)","canonical_url":"https:\/\/soymigrante.com\/revista\/7-datos-de-antigua-guatemala-que-seguro-ya-sabias-o-quiza-no\/","robots":"max-snippet:-1, max-image-preview:large, max-video-preview:-1","keywords":"","webmasterTools":{"miscellaneous":"&lt;link rel=\"preconnect\" href=\"https:\/\/fonts.googleapis.com\" crossorigin&gt;\n&lt;link rel=\"preconnect\" href=\"https:\/\/fonts.gstatic.com\" crossorigin&gt;"},"schema":null,"og:locale":"es_ES","og:site_name":"SoyMigrante.com REVISTA \u2013 Nuestra misi\u00f3n es reconocer y dignificar al migrante.","og:type":"article","og:title":"Antigua Guatemala: 7 datos que seguro ya conoc\u00edas (\u00a1O quiz\u00e1 no!) Aver\u00edgualo","og:description":"Santiago de los Caballeros fue capital de Guatemala por 281 a\u00f1os. Es majestuosa y bella, pero tambi\u00e9n sufri\u00f3 de infortunios (terremotos, erupciones, epidemias)","og:url":"https:\/\/soymigrante.com\/revista\/7-datos-de-antigua-guatemala-que-seguro-ya-sabias-o-quiza-no\/","og:image":"https:\/\/soymigrante.com\/revista\/wp-content\/uploads\/2024\/07\/Antigua-Guatemala-Danny-Gamboa.webp","og:image:secure_url":"https:\/\/soymigrante.com\/revista\/wp-content\/uploads\/2024\/07\/Antigua-Guatemala-Danny-Gamboa.webp","og:image:width":661,"og:image:height":662,"article:published_time":"2024-11-16T15:47:07+00:00","article:modified_time":"2024-11-16T15:48:34+00:00","article:publisher":"https:\/\/www.facebook.com\/soymigrantecom","twitter:card":"summary_large_image","twitter:site":"@SoyMigrante_com","twitter:title":"Antigua Guatemala: 7 datos que seguro ya conoc\u00edas (\u00a1O quiz\u00e1 no!) Aver\u00edgualo","twitter:description":"Santiago de los Caballeros fue capital de Guatemala por 281 a\u00f1os. Es majestuosa y bella, pero tambi\u00e9n sufri\u00f3 de infortunios (terremotos, erupciones, epidemias)","twitter:creator":"@SoyMigrante_com","twitter:image":"https:\/\/soymigrante.com\/revista\/wp-content\/uploads\/2024\/07\/Antigua-Guatemala-Danny-Gamboa.webp"},"aioseo_meta_data":{"post_id":"48450","title":"Galer\u00eda de la historia del Festival de las Flores de Antigua","description":"Antigua Guatemala, joya colonial incomparable se viste de gala en el Festival de las Flores 2025 el 15 y 16 de noviembre. Recordemos ediciones anteriores","keywords":null,"keyphrases":{"focus":{"keyphrase":"Festival de las Flores","score":87,"analysis":{"keyphraseInTitle":{"score":9,"maxScore":9,"error":0},"keyphraseInDescription":{"score":9,"maxScore":9,"error":0},"keyphraseLength":{"score":9,"maxScore":9,"error":0,"length":4},"keyphraseInURL":{"score":5,"maxScore":5,"error":0},"keyphraseInIntroduction":{"score":9,"maxScore":9,"error":0},"keyphraseInSubHeadings":{"score":9,"maxScore":9,"error":0},"keyphraseInImageAlt":{"score":9,"maxScore":9,"error":0},"keywordDensity":{"type":"high","score":0,"maxScore":9,"error":1}}},"additional":[{"keyphrase":"Antigua Guatemala","score":100,"analysis":{"keyphraseInDescription":{"score":9,"maxScore":9,"error":0},"keyphraseLength":{"score":9,"maxScore":9,"error":0,"length":2},"keyphraseInIntroduction":{"score":9,"maxScore":9,"error":0},"keyphraseInImageAlt":{"score":9,"maxScore":9,"error":0},"keywordDensity":{"type":"best","score":9,"maxScore":9,"error":0}}}]},"primary_term":null,"canonical_url":null,"og_title":null,"og_description":null,"og_object_type":"default","og_image_type":"default","og_image_url":null,"og_image_width":null,"og_image_height":null,"og_image_custom_url":null,"og_image_custom_fields":null,"og_video":"","og_custom_url":null,"og_article_section":null,"og_article_tags":null,"twitter_use_og":false,"twitter_card":"default","twitter_image_type":"default","twitter_image_url":null,"twitter_image_custom_url":null,"twitter_image_custom_fields":null,"twitter_title":null,"twitter_description":null,"schema":{"blockGraphs":[],"customGraphs":[],"default":{"data":{"Article":[],"Course":[],"Dataset":[],"FAQPage":[],"Movie":[],"Person":[],"Product":[],"ProductReview":[],"Car":[],"Recipe":[],"Service":[],"SoftwareApplication":[],"WebPage":[]},"graphName":"NewsArticle","isEnabled":true},"graphs":[]},"schema_type":"default","schema_type_options":null,"pillar_content":false,"robots_default":true,"robots_noindex":false,"robots_noarchive":false,"robots_nosnippet":false,"robots_nofollow":false,"robots_noimageindex":false,"robots_noodp":false,"robots_notranslate":false,"robots_max_snippet":"-1","robots_max_videopreview":"-1","robots_max_imagepreview":"large","priority":null,"frequency":"default","local_seo":null,"seo_analyzer_scan_date":"2025-11-12 17:13:10","breadcrumb_settings":null,"limit_modified_date":false,"reviewed_by":"0","open_ai":null,"ai":{"faqs":[],"keyPoints":[],"titles":[],"descriptions":[],"socialPosts":{"email":[],"linkedin":[],"twitter":[],"facebook":[],"instagram":[]}},"created":"2025-11-12 15:59:29","updated":"2026-02-05 07:01:14"},"aioseo_breadcrumb":"<div class=\"aioseo-breadcrumbs\"><span class=\"aioseo-breadcrumb\">\n\t<a href=\"https:\/\/soymigrante.com\/revista\" title=\"Home\">Home<\/a>\n<\/span><span class=\"aioseo-breadcrumb-separator\">\u00bb<\/span><span class=\"aioseo-breadcrumb\">\n\t<a href=\"https:\/\/soymigrante.com\/revista\/category\/guate-nuestra\/\" title=\"Guate Nuestra\">Guate Nuestra<\/a>\n<\/span><span class=\"aioseo-breadcrumb-separator\">\u00bb<\/span><span class=\"aioseo-breadcrumb\">\n\tFestival de las Flores de Antigua Guatemala  siempre sorprende: galer\u00eda hist\u00f3rica\n<\/span><\/div>","aioseo_breadcrumb_json":[{"label":"Home","link":"https:\/\/soymigrante.com\/revista"},{"label":"Guate Nuestra","link":"https:\/\/soymigrante.com\/revista\/category\/guate-nuestra\/"},{"label":"Festival de las Flores de Antigua Guatemala  siempre sorprende: galer\u00eda hist\u00f3rica","link":"https:\/\/soymigrante.com\/revista\/festival-de-las-flores-de-antigua-guatemala-siempre-sorprende-galeria-de-anos-previos\/"}],"_links":{"self":[{"href":"https:\/\/soymigrante.com\/revista\/wp-json\/wp\/v2\/posts\/48450","targetHints":{"allow":["GET"]}}],"collection":[{"href":"https:\/\/soymigrante.com\/revista\/wp-json\/wp\/v2\/posts"}],"about":[{"href":"https:\/\/soymigrante.com\/revista\/wp-json\/wp\/v2\/types\/post"}],"author":[{"embeddable":true,"href":"https:\/\/soymigrante.com\/revista\/wp-json\/wp\/v2\/users\/7"}],"replies":[{"embeddable":true,"href":"https:\/\/soymigrante.com\/revista\/wp-json\/wp\/v2\/comments?post=48450"}],"version-history":[{"count":12,"href":"https:\/\/soymigrante.com\/revista\/wp-json\/wp\/v2\/posts\/48450\/revisions"}],"predecessor-version":[{"id":48492,"href":"https:\/\/soymigrante.com\/revista\/wp-json\/wp\/v2\/posts\/48450\/revisions\/48492"}],"wp:featuredmedia":[{"embeddable":true,"href":"https:\/\/soymigrante.com\/revista\/wp-json\/wp\/v2\/media\/48488"}],"wp:attachment":[{"href":"https:\/\/soymigrante.com\/revista\/wp-json\/wp\/v2\/media?parent=48450"}],"wp:term":[{"taxonomy":"category","embeddable":true,"href":"https:\/\/soymigrante.com\/revista\/wp-json\/wp\/v2\/categories?post=48450"},{"taxonomy":"post_tag","embeddable":true,"href":"https:\/\/soymigrante.com\/revista\/wp-json\/wp\/v2\/tags?post=48450"}],"curies":[{"name":"wp","href":"https:\/\/api.w.org\/{rel}","templated":true}]}}