{"id":48433,"date":"2025-11-12T09:18:43","date_gmt":"2025-11-12T15:18:43","guid":{"rendered":"https:\/\/soymigrante.com\/revista\/?p=48433"},"modified":"2025-11-21T13:45:07","modified_gmt":"2025-11-21T19:45:07","slug":"defiendo-a-mi-gente-cynthia-m-fernandez-abogada-migratoria-de-raiz-guatemalteca","status":"publish","type":"post","link":"https:\/\/soymigrante.com\/revista\/defiendo-a-mi-gente-cynthia-m-fernandez-abogada-migratoria-de-raiz-guatemalteca\/","title":{"rendered":"&#8220;Defiendo a mi gente&#8221;: Cynthia M. Fern\u00e1ndez, abogada migratoria en Chicago, de padres guatemaltecos."},"content":{"rendered":"\t\t<div data-elementor-type=\"wp-post\" data-elementor-id=\"48433\" class=\"elementor elementor-48433\" data-elementor-post-type=\"post\">\n\t\t\t\t<div data-particle_enable=\"false\" data-particle-mobile-disabled=\"false\" class=\"elementor-element elementor-element-21d1255 e-flex e-con-boxed e-con e-parent\" data-id=\"21d1255\" data-element_type=\"container\" data-e-type=\"container\">\n\t\t\t\t\t<div class=\"e-con-inner\">\n\t\t\t\t<div class=\"elementor-element elementor-element-b0b5967 elementor-widget elementor-widget-heading\" data-id=\"b0b5967\" data-element_type=\"widget\" data-e-type=\"widget\" data-widget_type=\"heading.default\">\n\t\t\t\t\t<h2 class=\"elementor-heading-title elementor-size-default\">\"Estamos viendo cosas que nunca hab\u00edamos visto\", dice la abogada migratoria Cinthia Mazariegos, fundadora de Reu Law Firm respecto de pol\u00edticas y acciones emprendidas en USA. \"Pero seguimos defendiendo derechos\", dice.<\/h2>\t\t\t\t<\/div>\n\t\t\t\t<div class=\"elementor-element elementor-element-ee3b28d elementor-widget elementor-widget-html\" data-id=\"ee3b28d\" data-element_type=\"widget\" data-e-type=\"widget\" data-widget_type=\"html.default\">\n\t\t\t\t\t<div id=\"buzzsprout-player-18178854\"><\/div><script src=\"https:\/\/www.buzzsprout.com\/2444168\/episodes\/18178854-defensora-de-los-migrantes-la-abogada-cinthia-mazariegos-en-chicago.js?container_id=buzzsprout-player-18178854&player=small\" type=\"text\/javascript\" charset=\"utf-8\"><\/script>\t\t\t\t<\/div>\n\t\t\t\t\t<\/div>\n\t\t\t\t<\/div>\n\t\t<div data-particle_enable=\"false\" data-particle-mobile-disabled=\"false\" class=\"elementor-element elementor-element-c1047b6 e-flex e-con-boxed e-con e-parent\" data-id=\"c1047b6\" data-element_type=\"container\" data-e-type=\"container\">\n\t\t\t\t\t<div class=\"e-con-inner\">\n\t\t\t\t<div class=\"elementor-element elementor-element-e384d98 elementor-widget elementor-widget-text-editor\" data-id=\"e384d98\" data-element_type=\"widget\" data-e-type=\"widget\" data-widget_type=\"text-editor.default\">\n\t\t\t\t\t\t\t\t\t<p>Hija de migrantes guatemaltecos originarios de Retalhuleu y nacida en Chicago en 1984, la <a href=\"https:\/\/soymigrante.com\/revista\/donde-encontrar-ayuda-legal-para-tu-caso-de-migracion-en-usa\/\">abogada migratoria <\/a>Cynthia Mazariegos Fern\u00e1ndez creci\u00f3 en un hogar muy chap\u00edn en una ciudad multicultural. Es fundadora de Reu Law Firm, con oficinas en Chicago y Guatemala.\u00a0<\/p><p>Lleva m\u00e1s de una d\u00e9cada defendiendo a migrantes frente a un sistema que se ha vuelto cada vez m\u00e1s hostil. \u201cEstamos viviendo bajo Trump 2.0\u201d, dice. \u201cHay cosas que nunca hab\u00edamos visto\u201d. En esta conversaci\u00f3n, durante una visita a Guatemala, repasa sus ra\u00edces, sus a\u00f1os de formaci\u00f3n y la fuerza que la sostiene para seguir ayudando a su comunidad.<\/p>\t\t\t\t\t\t\t\t<\/div>\n\t\t\t\t\t<\/div>\n\t\t\t\t<\/div>\n\t\t<div data-particle_enable=\"false\" data-particle-mobile-disabled=\"false\" class=\"elementor-element elementor-element-f705ca2 e-flex e-con-boxed e-con e-parent\" data-id=\"f705ca2\" data-element_type=\"container\" data-e-type=\"container\">\n\t\t\t\t\t<div class=\"e-con-inner\">\n\t\t\t\t<div class=\"elementor-element elementor-element-8b26260 elementor-widget elementor-widget-image\" data-id=\"8b26260\" data-element_type=\"widget\" data-e-type=\"widget\" data-widget_type=\"image.default\">\n\t\t\t\t\t\t\t\t\t\t\t\t<figure class=\"wp-caption\">\n\t\t\t\t\t\t\t\t\t\t<img fetchpriority=\"high\" decoding=\"async\" width=\"866\" height=\"1024\" src=\"https:\/\/soymigrante.com\/revista\/wp-content\/uploads\/2025\/11\/abogada-cinthia-mazariegos-guatemalteca-en-chicago-reu-law-firm-3-866x1024.jpg\" class=\"attachment-large size-large wp-image-48441\" alt=\"El trabajo en equipo es una de las fortalezas de la abogada Cinthia M. Fern\u00e1ndez, de vestido verde. Para efectuar las investigaciones de soporte a casos migratorios su bufete Reu Law Firm cuenta con un equipo de apoyo en Chicago y otro en Guatemala.\" srcset=\"https:\/\/soymigrante.com\/revista\/wp-content\/uploads\/2025\/11\/abogada-cinthia-mazariegos-guatemalteca-en-chicago-reu-law-firm-3-866x1024.jpg 866w, https:\/\/soymigrante.com\/revista\/wp-content\/uploads\/2025\/11\/abogada-cinthia-mazariegos-guatemalteca-en-chicago-reu-law-firm-3-254x300.jpg 254w, https:\/\/soymigrante.com\/revista\/wp-content\/uploads\/2025\/11\/abogada-cinthia-mazariegos-guatemalteca-en-chicago-reu-law-firm-3-768x908.jpg 768w, https:\/\/soymigrante.com\/revista\/wp-content\/uploads\/2025\/11\/abogada-cinthia-mazariegos-guatemalteca-en-chicago-reu-law-firm-3-750x887.jpg 750w, https:\/\/soymigrante.com\/revista\/wp-content\/uploads\/2025\/11\/abogada-cinthia-mazariegos-guatemalteca-en-chicago-reu-law-firm-3.jpg 900w\" sizes=\"(max-width: 866px) 100vw, 866px\" title=\"El trabajo en equipo es una de las fortalezas de la abogada Cinthia M. Fern\u00e1ndez, de vestido verde. Para efectuar las investigaciones de soporte a casos migratorios su bufete Reu Law Firm cuenta con un equipo de apoyo en Chicago y otro en Guatemala. \u2013 SoyMigrante.com REVISTA\" \/>\t\t\t\t\t\t\t\t\t\t\t<figcaption class=\"widget-image-caption wp-caption-text\">El trabajo en equipo es una de las fortalezas de la abogada Cinthia M. Fern\u00e1ndez, de vestido verde. Para efectuar las investigaciones de soporte a casos migratorios su bufete Reu Law Firm cuenta con un equipo de apoyo en Chicago y otro en Guatemala.<\/figcaption>\n\t\t\t\t\t\t\t\t\t\t<\/figure>\n\t\t\t\t\t\t\t\t\t<\/div>\n\t\t\t\t\t<\/div>\n\t\t\t\t<\/div>\n\t\t<div data-particle_enable=\"false\" data-particle-mobile-disabled=\"false\" class=\"elementor-element elementor-element-849d127 e-flex e-con-boxed e-con e-parent\" data-id=\"849d127\" data-element_type=\"container\" data-e-type=\"container\">\n\t\t\t\t\t<div class=\"e-con-inner\">\n\t\t\t\t<div class=\"elementor-element elementor-element-c1dedd1 elementor-widget elementor-widget-text-editor\" data-id=\"c1dedd1\" data-element_type=\"widget\" data-e-type=\"widget\" data-widget_type=\"text-editor.default\">\n\t\t\t\t\t\t\t\t\t<p><b>\u00bfD\u00f3nde naciste, Cynthia?<\/b><\/p><p>En Chicago, en 1984. Mis pap\u00e1s migraron en el 83, por la guerra civil en Guatemala. Mi pap\u00e1, David Mazariegos, era estudiante de Medicina. Mi mam\u00e1, Dalila, Mazariegos. Ambos originarios de Retalhuleu. La violencia pol\u00edtica oblig\u00f3 a que mi pap\u00e1 migrara para salvar la vida.<\/p><p><b>\u00bfC\u00f3mo fue crecer en un hogar guatemalteco en Chicago?<\/b><\/p><p>En los 80 era raro, porque all\u00e1 en Guatemala hab\u00eda personas que se odiaban por la guerra, pero aqu\u00ed en Chicago se encontraban, compart\u00edan y se ayudaban. Se romp\u00eda la rivalidad. Crec\u00ed rodeada de guatemaltecos e hispanos. En mi casa hab\u00eda tamales, pepi\u00e1n y fiambre.\u00a0<\/p><p>Desde los 6 a\u00f1os empec\u00e9 a venir a Guatemala. Conozco casi toda Guatemala. Pero batall\u00e9 con algo: Los gringos dec\u00edan que no era americana por mi origen y mi color de piel; cuando iba a Guatemala, me dec\u00edan que no era guatemalteca porque no hablaba bien el espa\u00f1ol.<\/p><p><b>\u00bfC\u00f3mo empez\u00f3 tu inter\u00e9s por el derecho?<\/b><\/p><p>Desde ni\u00f1a dec\u00eda que iba a ser <a href=\"https:\/\/soymigrante.com\/revista\/donde-encontrar-ayuda-legal-para-tu-caso-de-migracion-en-usa\/\">abogada<\/a>. Yo miraba ciertas situaciones injustas y quer\u00eda defender a la gente. Mi pap\u00e1 siempre nos inculc\u00f3 el servicio a los dem\u00e1s. Cuando sal\u00ed de High School quer\u00eda entrar a Loyola University.\u00a0<\/p><p>Una maestra me dijo: \u201cGente como t\u00fa no va ah\u00ed\u201d. No s\u00e9 si quiso decir &#8220;pobre&#8221; o &#8220;hispana&#8221;, pero le dije: \u201cYo all\u00ed voy a ir\u201d. Mis padres me apoyaron con todo. Obtuve el t\u00edtulo de Latin American Studies.<\/p>\t\t\t\t\t\t\t\t<\/div>\n\t\t\t\t\t<\/div>\n\t\t\t\t<\/div>\n\t\t<div data-particle_enable=\"false\" data-particle-mobile-disabled=\"false\" class=\"elementor-element elementor-element-7ae52b0 e-flex e-con-boxed e-con e-parent\" data-id=\"7ae52b0\" data-element_type=\"container\" data-e-type=\"container\">\n\t\t\t\t\t<div class=\"e-con-inner\">\n\t\t\t\t<div class=\"elementor-element elementor-element-3a04793 elementor-widget elementor-widget-image\" data-id=\"3a04793\" data-element_type=\"widget\" data-e-type=\"widget\" data-widget_type=\"image.default\">\n\t\t\t\t\t\t\t\t\t\t\t\t<figure class=\"wp-caption\">\n\t\t\t\t\t\t\t\t\t\t<img decoding=\"async\" width=\"1140\" height=\"742\" src=\"https:\/\/soymigrante.com\/revista\/wp-content\/uploads\/2025\/11\/abogada-cinthia-mazariegos-guatemalteca-en-chicago-reu-law-firm-7-1140x742.jpg\" class=\"attachment-large size-large wp-image-48442\" alt=\"La identidad guatemalteca est\u00e1 en la ra\u00edz de las convicciones de la abogada Cinthia Mazariegos Fern\u00e1ndez para defender casos migratorios de hispanos y por supuesto, de Guatemaltecos, en Chicago, USA.\" srcset=\"https:\/\/soymigrante.com\/revista\/wp-content\/uploads\/2025\/11\/abogada-cinthia-mazariegos-guatemalteca-en-chicago-reu-law-firm-7-1140x742.jpg 1140w, https:\/\/soymigrante.com\/revista\/wp-content\/uploads\/2025\/11\/abogada-cinthia-mazariegos-guatemalteca-en-chicago-reu-law-firm-7-300x195.jpg 300w, https:\/\/soymigrante.com\/revista\/wp-content\/uploads\/2025\/11\/abogada-cinthia-mazariegos-guatemalteca-en-chicago-reu-law-firm-7-768x500.jpg 768w, https:\/\/soymigrante.com\/revista\/wp-content\/uploads\/2025\/11\/abogada-cinthia-mazariegos-guatemalteca-en-chicago-reu-law-firm-7-750x488.jpg 750w, https:\/\/soymigrante.com\/revista\/wp-content\/uploads\/2025\/11\/abogada-cinthia-mazariegos-guatemalteca-en-chicago-reu-law-firm-7.jpg 1200w\" sizes=\"(max-width: 1140px) 100vw, 1140px\" title=\"La identidad guatemalteca est\u00e1 en la ra\u00edz de las convicciones de la abogada Cinthia Mazariegos Fern\u00e1ndez para defender casos migratorios de hispanos y por supuesto, de Guatemaltecos, en Chicago, USA. \u2013 SoyMigrante.com REVISTA\" \/>\t\t\t\t\t\t\t\t\t\t\t<figcaption class=\"widget-image-caption wp-caption-text\">La identidad guatemalteca est\u00e1 en la ra\u00edz de las convicciones de la abogada Cinthia Mazariegos Fern\u00e1ndez para defender casos migratorios de hispanos y por supuesto, de Guatemaltecos, en Chicago, USA.<\/figcaption>\n\t\t\t\t\t\t\t\t\t\t<\/figure>\n\t\t\t\t\t\t\t\t\t<\/div>\n\t\t\t\t\t<\/div>\n\t\t\t\t<\/div>\n\t\t<div data-particle_enable=\"false\" data-particle-mobile-disabled=\"false\" class=\"elementor-element elementor-element-c77e65d e-flex e-con-boxed e-con e-parent\" data-id=\"c77e65d\" data-element_type=\"container\" data-e-type=\"container\">\n\t\t\t\t\t<div class=\"e-con-inner\">\n\t\t\t\t<div class=\"elementor-element elementor-element-e06c755 elementor-widget elementor-widget-text-editor\" data-id=\"e06c755\" data-element_type=\"widget\" data-e-type=\"widget\" data-widget_type=\"text-editor.default\">\n\t\t\t\t\t\t\t\t\t<p><b>\u00bfY lograste entrar?<\/b><\/p>\n<p>S\u00ed. Era una escuela jesuita. Me quedaba a 45 minutos de la casa, ten\u00eda que tomar un bus, un tren y caminar. Era la \u00fanica hispana, de 500 estudiantes.&nbsp;<\/p>\n<p>A menudo me trataban mal, me hac\u00edan <a href=\"https:\/\/soymigrante.com\/revista\/como-detectar-y-prevenir-acoso-escolar-bullying-contra-ninos-migrantes\/\">bullying<\/a> por mi color de piel. Me dec\u00edan que mi mam\u00e1 era la de la limpieza, que no deb\u00eda estar all\u00ed. Y no estaba becada: mi padres me pagaban la colegiatura de la universidad.&nbsp;&nbsp;<\/p>\n<p>Yo lloraba. Despu\u00e9s de un par de meses yo le dec\u00eda a mis pap\u00e1s que ya no quer\u00eda seguir. Pero ellos me dijeron: \u201cNo. Te quedas. \u00bfVas para ser amigos o para estudiar?\u201d. Y yo le dije: \u201c\u00a1Estudiar!\u201d. Aquella firmeza fue clave para que yo me enfocara, dejara de poner atenci\u00f3n a aquella gente y me propuse: \u201cYo voy a ser la abogada que hable espa\u00f1ol y para defender a quienes sufren discriminaci\u00f3n\u201d. Me gradu\u00e9 en Leyes de la Universidad De Paul, de Chicago.<\/p>\n<p><b>\u00bfCu\u00e1ndo empez\u00f3 tu convicci\u00f3n de ayuda a los migrantes?<\/b><\/p>\n<p>En De Paul tuve un curso de Social Justice, e hice trabajo comunitario en el <a href=\"https:\/\/centroromero.org\/\">Centro Romero, de Chicago<\/a>, fundado por refugiados salvadore\u00f1os. Fui a pedir trabajo y me dijeron: \u201cCipota, nosotros no tomamos cipotas\u201d. Pero les rogu\u00e9, les dije que trabajar\u00eda mucho y al final me aceptaron.&nbsp;<\/p>\n<p>Ayudaba con casos de asilo, <a href=\"https:\/\/soymigrante.com\/revista\/lideres-de-red-migrante-son-recibidos-en-casa-blanca-y-reiteran-la-esperanza-de-un-tps-para-guatemala\/\">TPS,<\/a> redactaba testimonios, entrevistaba gente. Trabajaba con un abogado que solo hablaba ingl\u00e9s, as\u00ed que yo traduc\u00eda para los clientes. Un d\u00eda le dije: \u201c\u00bfPor qu\u00e9 no tenemos un abogado que hable espa\u00f1ol, si toda nuestra gente habla <a href=\"https:\/\/soymigrante.com\/revista\/mes-de-la-herencia-hispana-un-mismo-idioma-con-muchos-rostros-y-voces\/\">espa\u00f1ol<\/a>?\u201d. Me respondi\u00f3: \u201cEs que no tenemos\u201d. Entonces dije otra vez: \u201cYo voy a ser la abogada que hable espa\u00f1ol\u201d.&nbsp;&nbsp;<\/p>\t\t\t\t\t\t\t\t<\/div>\n\t\t\t\t\t<\/div>\n\t\t\t\t<\/div>\n\t\t<div data-particle_enable=\"false\" data-particle-mobile-disabled=\"false\" class=\"elementor-element elementor-element-d380b8b e-flex e-con-boxed e-con e-parent\" data-id=\"d380b8b\" data-element_type=\"container\" data-e-type=\"container\">\n\t\t\t\t\t<div class=\"e-con-inner\">\n\t\t\t\t<div class=\"elementor-element elementor-element-768b849 elementor-widget elementor-widget-image\" data-id=\"768b849\" data-element_type=\"widget\" data-e-type=\"widget\" data-widget_type=\"image.default\">\n\t\t\t\t\t\t\t\t\t\t\t\t<figure class=\"wp-caption\">\n\t\t\t\t\t\t\t\t\t\t<img decoding=\"async\" width=\"900\" height=\"732\" src=\"https:\/\/soymigrante.com\/revista\/wp-content\/uploads\/2025\/11\/abogada-cinthia-mazariegos-guatemalteca-en-chicago-reu-law-firm-14.jpg\" class=\"attachment-large size-large wp-image-48443\" alt=\"Nunca se olvida de Guatemala. En octubre de 2025, la abogada migratoria Cinthia Mazariegos Fern\u00e1ndez estuvo en Guatemala para participar en un foro de donantes para proyectos ben\u00e9ficos, as\u00ed como para visitar algunas iniciativas educativas impulsadas por la organizaci\u00f3n Guatemaya Alliance.\" srcset=\"https:\/\/soymigrante.com\/revista\/wp-content\/uploads\/2025\/11\/abogada-cinthia-mazariegos-guatemalteca-en-chicago-reu-law-firm-14.jpg 900w, https:\/\/soymigrante.com\/revista\/wp-content\/uploads\/2025\/11\/abogada-cinthia-mazariegos-guatemalteca-en-chicago-reu-law-firm-14-300x244.jpg 300w, https:\/\/soymigrante.com\/revista\/wp-content\/uploads\/2025\/11\/abogada-cinthia-mazariegos-guatemalteca-en-chicago-reu-law-firm-14-768x625.jpg 768w, https:\/\/soymigrante.com\/revista\/wp-content\/uploads\/2025\/11\/abogada-cinthia-mazariegos-guatemalteca-en-chicago-reu-law-firm-14-750x610.jpg 750w\" sizes=\"(max-width: 900px) 100vw, 900px\" title=\"Nunca se olvida de Guatemala. En octubre de 2025, la abogada migratoria  Cinthia Mazariegos Fern\u00e1ndez estuvo en Guatemala para participar en un foro de donantes para proyectos ben\u00e9ficos, as\u00ed como para visitar algunas iniciativas educativas impulsadas por la organizaci\u00f3n Guatemaya Alliance. \u2013 SoyMigrante.com REVISTA\" \/>\t\t\t\t\t\t\t\t\t\t\t<figcaption class=\"widget-image-caption wp-caption-text\">Nunca se olvida de Guatemala. En octubre de 2025, la abogada migratoria  Cinthia Mazariegos Fern\u00e1ndez estuvo en Guatemala para participar en un foro de donantes para proyectos ben\u00e9ficos, as\u00ed como para visitar algunas iniciativas educativas impulsadas por la organizaci\u00f3n Guatemaya Alliance. <\/figcaption>\n\t\t\t\t\t\t\t\t\t\t<\/figure>\n\t\t\t\t\t\t\t\t\t<\/div>\n\t\t\t\t\t<\/div>\n\t\t\t\t<\/div>\n\t\t<div data-particle_enable=\"false\" data-particle-mobile-disabled=\"false\" class=\"elementor-element elementor-element-ccd7ea9 e-flex e-con-boxed e-con e-parent\" data-id=\"ccd7ea9\" data-element_type=\"container\" data-e-type=\"container\">\n\t\t\t\t\t<div class=\"e-con-inner\">\n\t\t\t\t<div class=\"elementor-element elementor-element-28d0548 elementor-widget elementor-widget-text-editor\" data-id=\"28d0548\" data-element_type=\"widget\" data-e-type=\"widget\" data-widget_type=\"text-editor.default\">\n\t\t\t\t\t\t\t\t\t<p><b>\u00bfEn\u00a0 qu\u00e9 momento inicia tu labor profesional como abogada migrante?<\/b><\/p><p>Me gradu\u00e9 en 2012 y obtuve mi licencia en 2013. Algo m\u00e1s me impuls\u00f3: darme cuenta que la justicia no siempre es justicia. Porque a menudo no trabaja para<a href=\"https:\/\/soymigrante.com\/revista\/mes-de-la-herencia-hispana-un-mismo-idioma-con-muchos-rostros-y-voces\/\"> la gente hispana,<\/a> porque no hay quien los defienda en ingl\u00e9s y espa\u00f1ol.\u00a0<\/p><p>Las leyes pueden ser muy complejas, pero tambi\u00e9n <a href=\"https:\/\/soymigrante.com\/revista\/derechos-de-los-migrantes-silencio-indocumentados-defensa\/\">hay oportunidades<\/a>\u00a0y derechos, para pelear casos en cortes. Y eso es lo que empec\u00e9 a hacer y sigo haciendo.<\/p><p><b>\u00bfQu\u00e9 te ha ense\u00f1ado la pr\u00e1ctica como abogada migratoria?<\/b><\/p><p>Que tienes que tener humanidad. Nadie es solo un caso m\u00e1s. Nadie es solo un n\u00famero m\u00e1s. Cada persona es alguien que merece tu completa atenci\u00f3n.<\/p><p><b>\u00bfQu\u00e9 tipo de casos atiendes?<\/b><\/p><p>De todo tipo. Veo muchos de mujeres ind\u00edgenas guatemaltecas que solicitan asilo por violencia. Al entrevistarlas, muchas lo ven como algo &#8220;normal&#8221;. Y cuando les pregunto, me dicen: \u201cS\u00ed me pegaba\u201d. Entonces tengo que explicarles que eso no es normal.\u00a0<\/p><p>Tambi\u00e9n me toca ayudarles a reconstruir su historia, para el expediente, a veces bas\u00e1ndonos en qu\u00e9 cosecha era o en sucesos como huracanes. Todo eso para que su testimonio de solicitante de asilo tenga sentido para el juez.<\/p><p><b>\u00bfC\u00f3mo ves la situaci\u00f3n migratoria actual en Estados Unidos?<\/b><\/p><p>Horrible. Vivimos bajo Trump 2.0. <a href=\"https:\/\/soymigrante.com\/revista\/operativos-antimaras-en-usa-se-utilizan-para-detener-migrantes-sin-antecedentes-cuestiona-insight-crime\/\">Hay cosas que nunca hab\u00edamos visto<\/a>. Bajo el primer Trump sufr\u00ed mucho porque mi esposo no ten\u00eda estatus migratorio; ahora ya lo tiene, pero aun as\u00ed la situaci\u00f3n es peor. Hay m\u00e1s ataques, m\u00e1s represalias. Hay d\u00edas en que digo: todo lo que hago no importa, igual los van a deportar&#8230;. hay d\u00edas muy duros. Pero hay que retomar el \u00e1nimo.<\/p>\t\t\t\t\t\t\t\t<\/div>\n\t\t\t\t\t<\/div>\n\t\t\t\t<\/div>\n\t\t<div data-particle_enable=\"false\" data-particle-mobile-disabled=\"false\" class=\"elementor-element elementor-element-0785191 e-flex e-con-boxed e-con e-parent\" data-id=\"0785191\" data-element_type=\"container\" data-e-type=\"container\">\n\t\t\t\t\t<div class=\"e-con-inner\">\n\t\t\t\t<div class=\"elementor-element elementor-element-b0ca46d elementor-widget elementor-widget-image\" data-id=\"b0ca46d\" data-element_type=\"widget\" data-e-type=\"widget\" data-widget_type=\"image.default\">\n\t\t\t\t\t\t\t\t\t\t\t\t<figure class=\"wp-caption\">\n\t\t\t\t\t\t\t\t\t\t<img loading=\"lazy\" decoding=\"async\" width=\"1024\" height=\"576\" src=\"https:\/\/soymigrante.com\/revista\/wp-content\/uploads\/2025\/11\/guatemaya-alliance-2.jpg\" class=\"attachment-large size-large wp-image-48444\" alt=\"La abogada Cinthia M. Fern\u00e1ndez, nacida en Chicago de padres guatemaltecos, ha visitado Guatemala desde ni\u00f1a y esto le ha permitido conocer realidades, identificarse con las necesidades de comunidades de provincia y a la vez tener muy claro el impacto de la migraci\u00f3n. Aqu\u00ed, junto a Guatemaya Alliance, Cinthia visit\u00f3 proyectos en Huehuetenango en octubre de 2025:\" srcset=\"https:\/\/soymigrante.com\/revista\/wp-content\/uploads\/2025\/11\/guatemaya-alliance-2.jpg 1024w, https:\/\/soymigrante.com\/revista\/wp-content\/uploads\/2025\/11\/guatemaya-alliance-2-300x169.jpg 300w, https:\/\/soymigrante.com\/revista\/wp-content\/uploads\/2025\/11\/guatemaya-alliance-2-768x432.jpg 768w, https:\/\/soymigrante.com\/revista\/wp-content\/uploads\/2025\/11\/guatemaya-alliance-2-750x422.jpg 750w\" sizes=\"(max-width: 1024px) 100vw, 1024px\" title=\"La abogada Cinthia M. Fern\u00e1ndez, nacida en Chicago de padres guatemaltecos, ha visitado Guatemala desde ni\u00f1a y esto le ha permitido conocer realidades, identificarse con las necesidades de comunidades de provincia y a la vez tener muy claro el impacto de la migraci\u00f3n. Aqu\u00ed, junto a Guatemaya Alliance, Cinthia visit\u00f3 proyectos en Huehuetenango en octubre de 2025: \u2013 SoyMigrante.com REVISTA\" \/>\t\t\t\t\t\t\t\t\t\t\t<figcaption class=\"widget-image-caption wp-caption-text\">La abogada Cinthia M. Fern\u00e1ndez, nacida en Chicago de padres guatemaltecos, ha visitado Guatemala desde ni\u00f1a y esto le ha permitido conocer realidades, identificarse con las necesidades de comunidades de provincia y a la vez tener muy claro el impacto de la migraci\u00f3n. Aqu\u00ed, junto a Guatemaya Alliance, Cinthia visit\u00f3 proyectos en Huehuetenango en octubre de 2025:<\/figcaption>\n\t\t\t\t\t\t\t\t\t\t<\/figure>\n\t\t\t\t\t\t\t\t\t<\/div>\n\t\t\t\t\t<\/div>\n\t\t\t\t<\/div>\n\t\t<div data-particle_enable=\"false\" data-particle-mobile-disabled=\"false\" class=\"elementor-element elementor-element-1193776 e-flex e-con-boxed e-con e-parent\" data-id=\"1193776\" data-element_type=\"container\" data-e-type=\"container\">\n\t\t\t\t\t<div class=\"e-con-inner\">\n\t\t\t\t<div class=\"elementor-element elementor-element-342528b elementor-widget elementor-widget-text-editor\" data-id=\"342528b\" data-element_type=\"widget\" data-e-type=\"widget\" data-widget_type=\"text-editor.default\">\n\t\t\t\t\t\t\t\t\t<p><b>\u00bfQu\u00e9 es lo que te anima a continuar?<\/b><\/p>\n<p>Cada vida cuenta. Cada persona tiene una dignidad, una familia, seres queridos. Veo que soy la \u00fanica que puede defender a esa persona en ese momento. Y tengo que poner la mirada en que la justicia puede llegar. Vamos a pelear el caso en la Corte Federal, y ah\u00ed s\u00ed vamos a ganar.<\/p>\n<p><b>\u00bfY c\u00f3mo enfrentas el desgaste emocional?<\/b><\/p>\n<p>Mi pap\u00e1 y mi pastor siempre me dicen: ora m\u00e1s, no te desanimes. Pero s\u00ed, es duro ver gente llorar todos los d\u00edas. Tengo el caso de una mujer guatemalteca, ind\u00edgena, que habla mam, dulce, peque\u00f1ita. No hizo nada malo, pero la arrestaron por la fuerza y apunt\u00e1ndole con pistolas.&nbsp;<\/p>\n<p>Ella sigue detenida desde el 4 de junio. Y seguimos tratando de liberarla. Porque solo est\u00e1 aqu\u00ed en USA para trabajar, para salir adelante, no ha hecho nada malo.<\/p>\n<p><b>\u00bfTu pap\u00e1 sigue siendo tu consejero?<\/b><\/p>\n<p>\u2014S\u00ed. Trabaja conmigo. \u00c9l siempre me inspira. Recuerdo que me dec\u00eda: \u201cSi entiendes ingl\u00e9s, tienes la responsabilidad de ayudar a los que no lo hablan\u201d.&nbsp;<\/p>\n<p><b>\u00bfC\u00f3mo es hoy Reu Law Firm?<\/b><\/p>\n<p>Tengo mi compa\u00f1\u00eda en Guatemala y en Chicago. Cinco empleadas all\u00e1 y cinco aqu\u00ed. Todos tenemos el coraz\u00f3n de ayudar. Este equipo se encarga de recopilar la informaci\u00f3n de las personas, su testimonio, corroborar datos y crear un expediente s\u00f3lido para poder ayudarle a que se quede en Estados Unidos. La gente no viene aqu\u00ed por un gusto, viene porque necesita salir adelante, porque huye de la violencia y de la pobreza.<\/p>\n<p><b>\u00bfCu\u00e1l es tu gran sue\u00f1o?<\/b><\/p>\n<p>\u2014Seguir impulsando organizaciones como <a href=\"https:\/\/www.google.com\/search?q=guatemaya+alliance&amp;oq=guatemaya+alliance&amp;gs_lcrp=EgZjaHJvbWUyBggAEEUYOTIGCAEQRRg9MgYIAhBFGD0yBggDEEUYPdIBCDIzMjhqMGo3qAIAsAIA&amp;sourceid=chrome&amp;ie=UTF-8\">Guatemaya Alliance, <\/a>que impulsa la mejora educativa y social en las comunidades de Huehuetenango,&nbsp; Ah\u00ed puedo contribuir a hacer un bien que no depende de las leyes.<\/p>\n<div>&nbsp;<\/div>\t\t\t\t\t\t\t\t<\/div>\n\t\t\t\t\t<\/div>\n\t\t\t\t<\/div>\n\t\t<div data-particle_enable=\"false\" data-particle-mobile-disabled=\"false\" class=\"elementor-element elementor-element-d28fee9 e-flex e-con-boxed e-con e-parent\" data-id=\"d28fee9\" data-element_type=\"container\" data-e-type=\"container\">\n\t\t\t\t\t<div class=\"e-con-inner\">\n\t\t\t\t<div class=\"elementor-element elementor-element-e982acc elementor-widget elementor-widget-html\" data-id=\"e982acc\" data-element_type=\"widget\" data-e-type=\"widget\" data-widget_type=\"html.default\">\n\t\t\t\t\t<blockquote class=\"tiktok-embed\" cite=\"https:\/\/www.tiktok.com\/@attorneycynthiagruporeu\/video\/7555527923290164535\" data-video-id=\"7555527923290164535\" style=\"max-width: 605px;min-width: 325px;\" > <section> <a target=\"_blank\" title=\"@attorneycynthiagruporeu\" href=\"https:\/\/www.tiktok.com\/@attorneycynthiagruporeu?refer=embed\">@attorneycynthiagruporeu<\/a> Si es detenido por inmigraci\u00f3n, d\u00edgale a su familia, lo m\u00e1s pronto posible, su n\u00famero de a y d\u00f3nde est\u00e1 detenido para que se le haga m\u00e1s f\u00e1cil el abogado poder visitarlo y trabajar en su caso. <a title=\"immigrationlawyer\" target=\"_blank\" href=\"https:\/\/www.tiktok.com\/tag\/immigrationlawyer?refer=embed\">#immigrationlawyer<\/a> <a title=\"abogadodeinmigracion\" target=\"_blank\" href=\"https:\/\/www.tiktok.com\/tag\/abogadodeinmigracion?refer=embed\">#abogadodeinmigracion<\/a> <a title=\"abogadadeinmigracion\" target=\"_blank\" href=\"https:\/\/www.tiktok.com\/tag\/abogadadeinmigracion?refer=embed\">#abogadadeinmigracion<\/a> <a title=\"ningunserhumanoesilegal\" target=\"_blank\" href=\"https:\/\/www.tiktok.com\/tag\/ningunserhumanoesilegal?refer=embed\">#ningunserhumanoesilegal<\/a> <a title=\"kyr\" target=\"_blank\" href=\"https:\/\/www.tiktok.com\/tag\/kyr?refer=embed\">#KYR<\/a> <a target=\"_blank\" title=\"\u266c original sound - Attorney Cynthia M Fernandez\" href=\"https:\/\/www.tiktok.com\/music\/original-sound-7555527961068227341?refer=embed\">\u266c original sound - Attorney Cynthia M Fernandez<\/a> <\/section> <\/blockquote> <script async src=\"https:\/\/www.tiktok.com\/embed.js\"><\/script>\t\t\t\t<\/div>\n\t\t\t\t\t<\/div>\n\t\t\t\t<\/div>\n\t\t\t\t<\/div>\n\t\t","protected":false},"excerpt":{"rendered":"<p>&#8220;Estamos viendo cosas que nunca hab\u00edamos visto&#8221;, dice la abogada migratoria Cinthia Mazariegos, fundadora de Reu Law Firm respecto de pol\u00edticas y acciones emprendidas en USA. &#8220;Pero seguimos defendiendo derechos&#8221;, dice. Hija de migrantes guatemaltecos originarios de Retalhuleu y nacida en Chicago en 1984, la abogada migratoria Cynthia Mazariegos Fern\u00e1ndez creci\u00f3 en un hogar muy [&hellip;]<\/p>\n","protected":false},"author":7,"featured_media":48434,"comment_status":"open","ping_status":"open","sticky":false,"template":"","format":"standard","meta":{"_acf_changed":false,"_eb_attr":"","footnotes":""},"categories":[50,274],"tags":[],"class_list":["post-48433","post","type-post","status-publish","format-standard","has-post-thumbnail","hentry","category-exitos","category-guatemala"],"acf":[],"aioseo_notices":[],"aioseo_head":"\n\t\t<!-- All in One SEO Pro 4.9.6.2 - aioseo.com -->\n\t<meta name=\"description\" content=\"Hija de migrantes guatemaltecos, la abogada Cynthia Mazariegos vela por los derechos de migrantes desde Chicago; e impulsa la educaci\u00f3n en Guatemala.\" \/>\n\t<meta name=\"robots\" content=\"max-snippet:-1, max-image-preview:large, max-video-preview:-1\" \/>\n\t<meta name=\"author\" content=\"Gustavo Montenegro\"\/>\n\t<link rel=\"canonical\" href=\"https:\/\/soymigrante.com\/revista\/defiendo-a-mi-gente-cynthia-m-fernandez-abogada-migratoria-de-raiz-guatemalteca\/\" \/>\n\t<meta name=\"generator\" content=\"All in One SEO Pro (AIOSEO) 4.9.6.2\" \/>\n\n\t\t<link rel=\"preconnect\" href=\"https:\/\/fonts.googleapis.com\" crossorigin>\n<link rel=\"preconnect\" href=\"https:\/\/fonts.gstatic.com\" crossorigin>\n\t\t<meta property=\"og:locale\" content=\"es_ES\" \/>\n\t\t<meta property=\"og:site_name\" content=\"SoyMigrante.com REVISTA \u2013 Nuestra misi\u00f3n es reconocer y dignificar al migrante.\" \/>\n\t\t<meta property=\"og:type\" content=\"article\" \/>\n\t\t<meta property=\"og:title\" content=\"&quot;Defiendo a mi gente&quot;: Cynthia Mazariegos abogada migratoria\" \/>\n\t\t<meta property=\"og:description\" content=\"Hija de migrantes guatemaltecos, la abogada Cynthia Mazariegos vela por los derechos de migrantes desde Chicago; e impulsa la educaci\u00f3n en Guatemala.\" \/>\n\t\t<meta property=\"og:url\" content=\"https:\/\/soymigrante.com\/revista\/defiendo-a-mi-gente-cynthia-m-fernandez-abogada-migratoria-de-raiz-guatemalteca\/\" \/>\n\t\t<meta property=\"og:image\" content=\"https:\/\/soymigrante.com\/revista\/wp-content\/uploads\/2025\/11\/abogada-cinthia-mazariegos-guatemalteca-en-chicago-reu-law-firm-11.jpg\" \/>\n\t\t<meta property=\"og:image:secure_url\" content=\"https:\/\/soymigrante.com\/revista\/wp-content\/uploads\/2025\/11\/abogada-cinthia-mazariegos-guatemalteca-en-chicago-reu-law-firm-11.jpg\" \/>\n\t\t<meta property=\"og:image:width\" content=\"822\" \/>\n\t\t<meta property=\"og:image:height\" content=\"822\" \/>\n\t\t<meta property=\"article:published_time\" content=\"2025-11-12T15:18:43+00:00\" \/>\n\t\t<meta property=\"article:modified_time\" content=\"2025-11-21T19:45:07+00:00\" \/>\n\t\t<meta property=\"article:publisher\" content=\"https:\/\/www.facebook.com\/soymigrantecom\" \/>\n\t\t<meta name=\"twitter:card\" content=\"summary_large_image\" \/>\n\t\t<meta name=\"twitter:site\" content=\"@SoyMigrante_com\" \/>\n\t\t<meta name=\"twitter:title\" content=\"&quot;Defiendo a mi gente&quot;: Cynthia Mazariegos abogada migratoria\" \/>\n\t\t<meta name=\"twitter:description\" content=\"Hija de migrantes guatemaltecos, la abogada Cynthia Mazariegos vela por los derechos de migrantes desde Chicago; e impulsa la educaci\u00f3n en Guatemala.\" \/>\n\t\t<meta name=\"twitter:creator\" content=\"@SoyMigrante_com\" \/>\n\t\t<meta name=\"twitter:image\" content=\"https:\/\/soymigrante.com\/revista\/wp-content\/uploads\/2025\/11\/abogada-cinthia-mazariegos-guatemalteca-en-chicago-reu-law-firm-11.jpg\" \/>\n\t\t<!-- All in One SEO Pro -->\r\n\t\t<title>&quot;Defiendo a mi gente&quot;: Cynthia Mazariegos abogada migratoria<\/title>\n\n","aioseo_head_json":{"title":"\"Defiendo a mi gente\": Cynthia Mazariegos abogada migratoria","description":"Hija de migrantes guatemaltecos, la abogada Cynthia Mazariegos vela por los derechos de migrantes desde Chicago; e impulsa la educaci\u00f3n en Guatemala.","canonical_url":"https:\/\/soymigrante.com\/revista\/defiendo-a-mi-gente-cynthia-m-fernandez-abogada-migratoria-de-raiz-guatemalteca\/","robots":"max-snippet:-1, max-image-preview:large, max-video-preview:-1","keywords":"","webmasterTools":{"miscellaneous":"&lt;link rel=\"preconnect\" href=\"https:\/\/fonts.googleapis.com\" crossorigin&gt;\n&lt;link rel=\"preconnect\" href=\"https:\/\/fonts.gstatic.com\" crossorigin&gt;"},"schema":null,"og:locale":"es_ES","og:site_name":"SoyMigrante.com REVISTA \u2013 Nuestra misi\u00f3n es reconocer y dignificar al migrante.","og:type":"article","og:title":"&quot;Defiendo a mi gente&quot;: Cynthia Mazariegos abogada migratoria","og:description":"Hija de migrantes guatemaltecos, la abogada Cynthia Mazariegos vela por los derechos de migrantes desde Chicago; e impulsa la educaci\u00f3n en Guatemala.","og:url":"https:\/\/soymigrante.com\/revista\/defiendo-a-mi-gente-cynthia-m-fernandez-abogada-migratoria-de-raiz-guatemalteca\/","og:image":"https:\/\/soymigrante.com\/revista\/wp-content\/uploads\/2025\/11\/abogada-cinthia-mazariegos-guatemalteca-en-chicago-reu-law-firm-11.jpg","og:image:secure_url":"https:\/\/soymigrante.com\/revista\/wp-content\/uploads\/2025\/11\/abogada-cinthia-mazariegos-guatemalteca-en-chicago-reu-law-firm-11.jpg","og:image:width":822,"og:image:height":822,"article:published_time":"2025-11-12T15:18:43+00:00","article:modified_time":"2025-11-21T19:45:07+00:00","article:publisher":"https:\/\/www.facebook.com\/soymigrantecom","twitter:card":"summary_large_image","twitter:site":"@SoyMigrante_com","twitter:title":"&quot;Defiendo a mi gente&quot;: Cynthia Mazariegos abogada migratoria","twitter:description":"Hija de migrantes guatemaltecos, la abogada Cynthia Mazariegos vela por los derechos de migrantes desde Chicago; e impulsa la educaci\u00f3n en Guatemala.","twitter:creator":"@SoyMigrante_com","twitter:image":"https:\/\/soymigrante.com\/revista\/wp-content\/uploads\/2025\/11\/abogada-cinthia-mazariegos-guatemalteca-en-chicago-reu-law-firm-11.jpg"},"aioseo_meta_data":{"post_id":"48433","title":"\"Defiendo a mi gente\": Cynthia Mazariegos abogada migratoria","description":"Hija de migrantes guatemaltecos, la abogada Cynthia Mazariegos vela por los derechos de migrantes desde Chicago; e impulsa la educaci\u00f3n en Guatemala.","keywords":null,"keyphrases":{"focus":{"keyphrase":"abogada","score":91,"analysis":{"keyphraseInTitle":{"score":9,"maxScore":9,"error":0},"keyphraseInDescription":{"score":9,"maxScore":9,"error":0},"keyphraseLength":{"score":9,"maxScore":9,"error":0,"length":1},"keyphraseInURL":{"score":5,"maxScore":5,"error":0},"keyphraseInIntroduction":{"score":9,"maxScore":9,"error":0},"keyphraseInSubHeadings":{"score":3,"maxScore":9,"error":1},"keyphraseInImageAlt":{"score":9,"maxScore":9,"error":0},"keywordDensity":{"type":"best","score":9,"maxScore":9,"error":0}}},"additional":[{"keyphrase":"migratoria","score":67,"analysis":{"keyphraseInDescription":{"score":3,"maxScore":9,"error":1},"keyphraseLength":{"score":9,"maxScore":9,"error":0,"length":1},"keyphraseInIntroduction":{"score":9,"maxScore":9,"error":0},"keyphraseInImageAlt":{"score":9,"maxScore":9,"error":0},"keywordDensity":{"score":0,"type":"low","maxScore":9,"error":1}}},{"keyphrase":"migrantes","score":67,"analysis":{"keyphraseInDescription":{"score":9,"maxScore":9,"error":0},"keyphraseLength":{"score":9,"maxScore":9,"error":0,"length":1},"keyphraseInIntroduction":{"score":9,"maxScore":9,"error":0},"keyphraseInImageAlt":{"score":3,"maxScore":9,"error":1},"keywordDensity":{"score":0,"type":"low","maxScore":9,"error":1}}}]},"primary_term":null,"canonical_url":null,"og_title":null,"og_description":null,"og_object_type":"default","og_image_type":"default","og_image_url":null,"og_image_width":null,"og_image_height":null,"og_image_custom_url":null,"og_image_custom_fields":null,"og_video":"","og_custom_url":null,"og_article_section":null,"og_article_tags":null,"twitter_use_og":false,"twitter_card":"default","twitter_image_type":"default","twitter_image_url":null,"twitter_image_custom_url":null,"twitter_image_custom_fields":null,"twitter_title":null,"twitter_description":null,"schema":{"blockGraphs":[],"customGraphs":[],"default":{"data":{"Article":[],"Course":[],"Dataset":[],"FAQPage":[],"Movie":[],"Person":[],"Product":[],"ProductReview":[],"Car":[],"Recipe":[],"Service":[],"SoftwareApplication":[],"WebPage":[]},"graphName":"NewsArticle","isEnabled":true},"graphs":[]},"schema_type":"default","schema_type_options":null,"pillar_content":false,"robots_default":true,"robots_noindex":false,"robots_noarchive":false,"robots_nosnippet":false,"robots_nofollow":false,"robots_noimageindex":false,"robots_noodp":false,"robots_notranslate":false,"robots_max_snippet":"-1","robots_max_videopreview":"-1","robots_max_imagepreview":"large","priority":null,"frequency":"default","local_seo":null,"seo_analyzer_scan_date":"2025-11-21 19:46:10","breadcrumb_settings":null,"limit_modified_date":false,"reviewed_by":"0","open_ai":null,"ai":{"faqs":[],"keyPoints":[],"titles":[],"descriptions":[],"socialPosts":{"email":[],"linkedin":[],"twitter":[],"facebook":[],"instagram":[]}},"created":"2025-11-12 04:59:36","updated":"2026-02-05 07:01:12"},"aioseo_breadcrumb":"<div class=\"aioseo-breadcrumbs\"><span class=\"aioseo-breadcrumb\">\n\t<a href=\"https:\/\/soymigrante.com\/revista\" title=\"Home\">Home<\/a>\n<\/span><span class=\"aioseo-breadcrumb-separator\">\u00bb<\/span><span class=\"aioseo-breadcrumb\">\n\t<a href=\"https:\/\/soymigrante.com\/revista\/category\/exitos\/\" title=\"\u00c9xitos\">\u00c9xitos<\/a>\n<\/span><span class=\"aioseo-breadcrumb-separator\">\u00bb<\/span><span class=\"aioseo-breadcrumb\">\n\t<a href=\"https:\/\/soymigrante.com\/revista\/category\/exitos\/guatemala\/\" title=\"Guatemala\">Guatemala<\/a>\n<\/span><span class=\"aioseo-breadcrumb-separator\">\u00bb<\/span><span class=\"aioseo-breadcrumb\">\n\t\u201cDefiendo a mi gente\u201d: Cynthia M. Fern\u00e1ndez, abogada migratoria en Chicago, de padres guatemaltecos.\n<\/span><\/div>","aioseo_breadcrumb_json":[{"label":"Home","link":"https:\/\/soymigrante.com\/revista"},{"label":"\u00c9xitos","link":"https:\/\/soymigrante.com\/revista\/category\/exitos\/"},{"label":"Guatemala","link":"https:\/\/soymigrante.com\/revista\/category\/exitos\/guatemala\/"},{"label":"&#8220;Defiendo a mi gente&#8221;: Cynthia M. Fern\u00e1ndez, abogada migratoria en Chicago, de padres guatemaltecos.","link":"https:\/\/soymigrante.com\/revista\/defiendo-a-mi-gente-cynthia-m-fernandez-abogada-migratoria-de-raiz-guatemalteca\/"}],"_links":{"self":[{"href":"https:\/\/soymigrante.com\/revista\/wp-json\/wp\/v2\/posts\/48433","targetHints":{"allow":["GET"]}}],"collection":[{"href":"https:\/\/soymigrante.com\/revista\/wp-json\/wp\/v2\/posts"}],"about":[{"href":"https:\/\/soymigrante.com\/revista\/wp-json\/wp\/v2\/types\/post"}],"author":[{"embeddable":true,"href":"https:\/\/soymigrante.com\/revista\/wp-json\/wp\/v2\/users\/7"}],"replies":[{"embeddable":true,"href":"https:\/\/soymigrante.com\/revista\/wp-json\/wp\/v2\/comments?post=48433"}],"version-history":[{"count":21,"href":"https:\/\/soymigrante.com\/revista\/wp-json\/wp\/v2\/posts\/48433\/revisions"}],"predecessor-version":[{"id":48880,"href":"https:\/\/soymigrante.com\/revista\/wp-json\/wp\/v2\/posts\/48433\/revisions\/48880"}],"wp:featuredmedia":[{"embeddable":true,"href":"https:\/\/soymigrante.com\/revista\/wp-json\/wp\/v2\/media\/48434"}],"wp:attachment":[{"href":"https:\/\/soymigrante.com\/revista\/wp-json\/wp\/v2\/media?parent=48433"}],"wp:term":[{"taxonomy":"category","embeddable":true,"href":"https:\/\/soymigrante.com\/revista\/wp-json\/wp\/v2\/categories?post=48433"},{"taxonomy":"post_tag","embeddable":true,"href":"https:\/\/soymigrante.com\/revista\/wp-json\/wp\/v2\/tags?post=48433"}],"curies":[{"name":"wp","href":"https:\/\/api.w.org\/{rel}","templated":true}]}}