{"id":48394,"date":"2025-11-11T12:19:23","date_gmt":"2025-11-11T18:19:23","guid":{"rendered":"https:\/\/soymigrante.com\/revista\/?p=48394"},"modified":"2025-11-11T19:40:23","modified_gmt":"2025-11-12T01:40:23","slug":"hispanos-protestan-pacificamente-en-smith-county-texas-por-politicas-antimigrantes","status":"publish","type":"post","link":"https:\/\/soymigrante.com\/revista\/hispanos-protestan-pacificamente-en-smith-county-texas-por-politicas-antimigrantes\/","title":{"rendered":"Hispanos protestan pac\u00edficamente en Smith County, Texas, por pol\u00edticas antimigrantes"},"content":{"rendered":"\t\t<div data-elementor-type=\"wp-post\" data-elementor-id=\"48394\" class=\"elementor elementor-48394\" data-elementor-post-type=\"post\">\n\t\t\t\t<div data-particle_enable=\"false\" data-particle-mobile-disabled=\"false\" class=\"elementor-element elementor-element-7302612 e-flex e-con-boxed e-con e-parent\" data-id=\"7302612\" data-element_type=\"container\" data-e-type=\"container\">\n\t\t\t\t\t<div class=\"e-con-inner\">\n\t\t\t\t<div class=\"elementor-element elementor-element-6beb880 elementor-widget elementor-widget-heading\" data-id=\"6beb880\" data-element_type=\"widget\" data-e-type=\"widget\" data-widget_type=\"heading.default\">\n\t\t\t\t\t<h2 class=\"elementor-heading-title elementor-size-default\">Pobladores hispanos de Tyler, Smith County, Texas volvieron a manifestarse pac\u00edficamente debido al anuncio de colaboraci\u00f3n de la polic\u00eda local con agentes migratorios, lo cual consideran un riesgo de redadas y perfilaci\u00f3n racial.<\/h2>\t\t\t\t<\/div>\n\t\t\t\t\t<\/div>\n\t\t\t\t<\/div>\n\t\t<div data-particle_enable=\"false\" data-particle-mobile-disabled=\"false\" class=\"elementor-element elementor-element-407b9ad e-flex e-con-boxed e-con e-parent\" data-id=\"407b9ad\" data-element_type=\"container\" data-e-type=\"container\">\n\t\t\t\t\t<div class=\"e-con-inner\">\n\t\t\t\t<div class=\"elementor-element elementor-element-1a7588b elementor-widget elementor-widget-text-editor\" data-id=\"1a7588b\" data-element_type=\"widget\" data-e-type=\"widget\" data-widget_type=\"text-editor.default\">\n\t\t\t\t\t\t\t\t\t<p data-start=\"461\" data-end=\"778\">Con una gran mayor\u00eda de consignas en ingl\u00e9s,\u00a0 alrededor de 300 personas se congregaron para una caminata de protesta pac\u00edfica,\u00a0 el centro de Tyler, Texas, para protestar contra la decisi\u00f3n del condado de Smith de aceptar fondos federales destinados a fortalecer su cooperaci\u00f3n con la agencia de Inmigraci\u00f3n y Control de Aduanas (ICE, por sus siglas en ingl\u00e9s), lo cual consideran atentatorio contra <a href=\"https:\/\/soymigrante.com\/revista\/todo-migrante-tiene-derechos-la-union-americana-de-libertades-civiles-recomienda\/\">derechos migrantes.<\/a><\/p><p data-start=\"461\" data-end=\"778\">&#8220;Somos hijos de migrantes&#8221;, &#8220;Ning\u00fan migrante debe ser ilegal&#8221;, &#8220;Los migrantes hacen grande a Am\u00e9rica&#8221;, fueron algunas de las expresiones en pancartas portadas por los manifestantes, entre los cuales hab\u00eda hombres, mujeres, j\u00f3venes y ni\u00f1os, la mayor\u00eda <a href=\"https:\/\/soymigrante.com\/revista\/por-que-y-desde-cuando-existe-el-mes-de-la-herencia-hispana-en-usa\/\">hispanos<\/a>, pero tambi\u00e9n pertenecientes a otras comunidades.<\/p>\t\t\t\t\t\t\t\t<\/div>\n\t\t\t\t\t<\/div>\n\t\t\t\t<\/div>\n\t\t<div data-particle_enable=\"false\" data-particle-mobile-disabled=\"false\" class=\"elementor-element elementor-element-c5bc648 e-flex e-con-boxed e-con e-parent\" data-id=\"c5bc648\" data-element_type=\"container\" data-e-type=\"container\">\n\t\t\t\t\t<div class=\"e-con-inner\">\n\t\t\t\t<div class=\"elementor-element elementor-element-8c3a937 elementor-widget elementor-widget-image\" data-id=\"8c3a937\" data-element_type=\"widget\" data-e-type=\"widget\" data-widget_type=\"image.default\">\n\t\t\t\t\t\t\t\t\t\t\t\t<figure class=\"wp-caption\">\n\t\t\t\t\t\t\t\t\t\t<img fetchpriority=\"high\" decoding=\"async\" width=\"635\" height=\"557\" src=\"https:\/\/soymigrante.com\/revista\/wp-content\/uploads\/2025\/11\/protesta-migrantes-hispanos-texas-11.png\" class=\"attachment-large size-large wp-image-48400\" alt=\"Por calles del centro de Tyler, Texas se desarrollo la caminata de manifestaci\u00f3n pac\u00edfica en contra de la colaboraci\u00f3n del condado con agencias de migraci\u00f3n. (Foto captura de video)\" srcset=\"https:\/\/soymigrante.com\/revista\/wp-content\/uploads\/2025\/11\/protesta-migrantes-hispanos-texas-11.png 635w, https:\/\/soymigrante.com\/revista\/wp-content\/uploads\/2025\/11\/protesta-migrantes-hispanos-texas-11-300x263.png 300w\" sizes=\"(max-width: 635px) 100vw, 635px\" title=\"Por calles del centro de Tyler, Texas se desarrollo la caminata de manifestaci\u00f3n pac\u00edfica en contra de la colaboraci\u00f3n del condado con agencias de migraci\u00f3n. (Foto captura de video) \u2013 SoyMigrante.com REVISTA\" \/>\t\t\t\t\t\t\t\t\t\t\t<figcaption class=\"widget-image-caption wp-caption-text\">Por calles del centro de Tyler, Texas se desarrollo la caminata de manifestaci\u00f3n pac\u00edfica en contra de la colaboraci\u00f3n del condado con agencias de migraci\u00f3n. (Foto captura de video)<\/figcaption>\n\t\t\t\t\t\t\t\t\t\t<\/figure>\n\t\t\t\t\t\t\t\t\t<\/div>\n\t\t\t\t\t<\/div>\n\t\t\t\t<\/div>\n\t\t<div data-particle_enable=\"false\" data-particle-mobile-disabled=\"false\" class=\"elementor-element elementor-element-e74ddcb e-flex e-con-boxed e-con e-parent\" data-id=\"e74ddcb\" data-element_type=\"container\" data-e-type=\"container\">\n\t\t\t\t\t<div class=\"e-con-inner\">\n\t\t\t\t<div class=\"elementor-element elementor-element-c28b2fb elementor-widget elementor-widget-heading\" data-id=\"c28b2fb\" data-element_type=\"widget\" data-e-type=\"widget\" data-widget_type=\"heading.default\">\n\t\t\t\t\t<h3 class=\"elementor-heading-title elementor-size-default\">Polic\u00eda recibir\u00e1 fondos a cambio de colaboraci\u00f3n<\/h3>\t\t\t\t<\/div>\n\t\t\t\t\t<\/div>\n\t\t\t\t<\/div>\n\t\t<div data-particle_enable=\"false\" data-particle-mobile-disabled=\"false\" class=\"elementor-element elementor-element-4baa31b e-flex e-con-boxed e-con e-parent\" data-id=\"4baa31b\" data-element_type=\"container\" data-e-type=\"container\">\n\t\t\t\t\t<div class=\"e-con-inner\">\n\t\t\t\t<div class=\"elementor-element elementor-element-7c80692 elementor-widget elementor-widget-text-editor\" data-id=\"7c80692\" data-element_type=\"widget\" data-e-type=\"widget\" data-widget_type=\"text-editor.default\">\n\t\t\t\t\t\t\t\t\t<p data-start=\"461\" data-end=\"778\">La manifestaci\u00f3n se llev\u00f3 a cabo este martes 11 de noviembre, frente a los edificios del tribunal del condado, en las esquinas de North Spring Avenue y East Ferguson Street, el mismo lugar donde dos d\u00edas antes los comisionados aprobaron por unanimidad un acuerdo con ICE bajo el programa 287(g).\u00a0<\/p><p data-start=\"461\" data-end=\"778\">Este convenio permite al departamento del sheriff recibir reembolsos federales por costos de patrullaje, combustible y horas extra vinculadas a tareas migratorias. Lo cual es cuestionado por grupos hispanos, que temen sufrir abusos de violencia en <a href=\"https:\/\/soymigrante.com\/revista\/operativos-antimaras-en-usa-se-utilizan-para-detener-migrantes-sin-antecedentes-cuestiona-insight-crime\/\">operativos de agentes enmascarados.\u00a0<\/a><\/p>\t\t\t\t\t\t\t\t<\/div>\n\t\t\t\t\t<\/div>\n\t\t\t\t<\/div>\n\t\t<div data-particle_enable=\"false\" data-particle-mobile-disabled=\"false\" class=\"elementor-element elementor-element-da2d5cd e-flex e-con-boxed e-con e-parent\" data-id=\"da2d5cd\" data-element_type=\"container\" data-e-type=\"container\">\n\t\t\t\t\t<div class=\"e-con-inner\">\n\t\t\t\t<div class=\"elementor-element elementor-element-edc7723 elementor-widget elementor-widget-html\" data-id=\"edc7723\" data-element_type=\"widget\" data-e-type=\"widget\" data-widget_type=\"html.default\">\n\t\t\t\t\t<iframe src=\"https:\/\/www.facebook.com\/plugins\/video.php?height=476&href=https%3A%2F%2Fwww.facebook.com%2Fpablo.higuerosdurini%2Fvideos%2F2056230441831978%2F&show_text=true&width=267&t=0\" width=\"267\" height=\"591\" style=\"border:none;overflow:hidden\" scrolling=\"no\" frameborder=\"0\" allowfullscreen=\"true\" allow=\"autoplay; clipboard-write; encrypted-media; picture-in-picture; web-share\" allowFullScreen=\"true\"><\/iframe>\t\t\t\t<\/div>\n\t\t\t\t\t<\/div>\n\t\t\t\t<\/div>\n\t\t<div data-particle_enable=\"false\" data-particle-mobile-disabled=\"false\" class=\"elementor-element elementor-element-fcdd364 e-flex e-con-boxed e-con e-parent\" data-id=\"fcdd364\" data-element_type=\"container\" data-e-type=\"container\">\n\t\t\t\t\t<div class=\"e-con-inner\">\n\t\t\t\t<div class=\"elementor-element elementor-element-d1ec1fe elementor-widget elementor-widget-heading\" data-id=\"d1ec1fe\" data-element_type=\"widget\" data-e-type=\"widget\" data-widget_type=\"heading.default\">\n\t\t\t\t\t<h3 class=\"elementor-heading-title elementor-size-default\">Repudio a violencia y criminalizaci\u00f3n de migrantes<\/h3>\t\t\t\t<\/div>\n\t\t\t\t\t<\/div>\n\t\t\t\t<\/div>\n\t\t<div data-particle_enable=\"false\" data-particle-mobile-disabled=\"false\" class=\"elementor-element elementor-element-b56e2ab e-flex e-con-boxed e-con e-parent\" data-id=\"b56e2ab\" data-element_type=\"container\" data-e-type=\"container\">\n\t\t\t\t\t<div class=\"e-con-inner\">\n\t\t\t\t<div class=\"elementor-element elementor-element-0031da6 elementor-widget elementor-widget-text-editor\" data-id=\"0031da6\" data-element_type=\"widget\" data-e-type=\"widget\" data-widget_type=\"text-editor.default\">\n\t\t\t\t\t\t\t\t\t<p data-start=\"461\" data-end=\"778\">Aunque el condado mantiene una relaci\u00f3n con ICE desde 2017, este nuevo convenio ampl\u00eda su alcance mediante el modelo de <em data-start=\"1386\" data-end=\"1398\">Task Force<\/em>, que faculta a los agentes locales a realizar tareas migratorias durante patrullajes rutinarios, no solo dentro de las c\u00e1rceles.<\/p>\n<p data-start=\"1266\" data-end=\"1624\">Para muchos residentes, eso significa un paso m\u00e1s hacia <a href=\"https:\/\/soymigrante.com\/revista\/operativos-antimaras-en-usa-se-utilizan-para-detener-migrantes-sin-antecedentes-cuestiona-insight-crime\/\">la criminalizaci\u00f3n de los inmigrantes y la realizaci\u00f3n de operativos violentos en contra de hispanos<\/a>, debido a estereotipos raciales.<\/p>\n<p data-start=\"1626\" data-end=\"2067\">\u201cSmith County acaba de enviar el mensaje de que est\u00e1 dispuesto a convertir su capacidad local en una polic\u00eda migratoria federal, a pesar del historial de abusos y excesos de ICE\u201d, dijo Stephanie Olson, copresidenta de Indivisible Smith County, uno de los grupos que organiz\u00f3 la protesta junto a la East Texas Organizing Coalition.&nbsp;<\/p>\n<p data-start=\"1626\" data-end=\"2067\">\u201cEstamos profundamente decepcionados de que los comisionados no se pusieran del lado de la comunidad hispana\u201d.<\/p>\t\t\t\t\t\t\t\t<\/div>\n\t\t\t\t\t<\/div>\n\t\t\t\t<\/div>\n\t\t<div data-particle_enable=\"false\" data-particle-mobile-disabled=\"false\" class=\"elementor-element elementor-element-6f29d92 e-flex e-con-boxed e-con e-parent\" data-id=\"6f29d92\" data-element_type=\"container\" data-e-type=\"container\">\n\t\t\t\t\t<div class=\"e-con-inner\">\n\t\t\t\t<div class=\"elementor-element elementor-element-fe38fa9 elementor-widget elementor-widget-image-gallery\" data-id=\"fe38fa9\" data-element_type=\"widget\" data-e-type=\"widget\" data-widget_type=\"image-gallery.default\">\n\t\t\t\t\t\t\t<div class=\"elementor-image-gallery\">\n\t\t\t<div id='gallery-14' class='gallery galleryid-48394 gallery-columns-1 gallery-size-large'><figure class='gallery-item'>\n\t\t\t<div class='gallery-icon portrait'>\n\t\t\t\t<a data-elementor-open-lightbox=\"yes\" data-elementor-lightbox-slideshow=\"fe38fa9\" data-elementor-lightbox-title=\"Soy hija de migrantes, dice esta pancarta, durante la caminata de protesta  contra medidas policiales consideradas antimigrantes. Captura de pantalla.\" data-elementor-lightbox-description=\"Soy hija de migrantes, dice esta pancarta, durante la caminata de protesta  contra medidas policiales consideradas antimigrantes. Captura de pantalla.\" data-e-action-hash=\"#elementor-action%3Aaction%3Dlightbox%26settings%3DeyJpZCI6NDg0MDEsInVybCI6Imh0dHBzOlwvXC9zb3ltaWdyYW50ZS5jb21cL3JldmlzdGFcL3dwLWNvbnRlbnRcL3VwbG9hZHNcLzIwMjVcLzExXC9wcm90ZXN0YS1taWdyYW50ZXMtaGlzcGFub3MtdGV4YXMtNC5wbmciLCJzbGlkZXNob3ciOiJmZTM4ZmE5In0%3D\" href='https:\/\/soymigrante.com\/revista\/wp-content\/uploads\/2025\/11\/protesta-migrantes-hispanos-texas-4.png'><img decoding=\"async\" width=\"606\" height=\"850\" src=\"https:\/\/soymigrante.com\/revista\/wp-content\/uploads\/2025\/11\/protesta-migrantes-hispanos-texas-4.png\" class=\"attachment-large size-large\" alt=\"Soy hija de migrantes, dice esta pancarta, durante la caminata de protesta contra medidas policiales consideradas antimigrantes. Captura de pantalla.\" aria-describedby=\"gallery-14-48401\" srcset=\"https:\/\/soymigrante.com\/revista\/wp-content\/uploads\/2025\/11\/protesta-migrantes-hispanos-texas-4.png 606w, https:\/\/soymigrante.com\/revista\/wp-content\/uploads\/2025\/11\/protesta-migrantes-hispanos-texas-4-214x300.png 214w, https:\/\/soymigrante.com\/revista\/wp-content\/uploads\/2025\/11\/protesta-migrantes-hispanos-texas-4-360x504.png 360w\" sizes=\"(max-width: 606px) 100vw, 606px\" title=\"Soy hija de migrantes, dice esta pancarta, durante la caminata de protesta  contra medidas policiales consideradas antimigrantes. Captura de pantalla. \u2013 SoyMigrante.com REVISTA\" \/><\/a>\n\t\t\t<\/div>\n\t\t\t\t<figcaption class='wp-caption-text gallery-caption' id='gallery-14-48401'>\n\t\t\t\tSoy hija de migrantes, dice esta pancarta, durante la caminata de protesta  contra medidas policiales consideradas antimigrantes. Captura de pantalla.\n\t\t\t\t<\/figcaption><\/figure><figure class='gallery-item'>\n\t\t\t<div class='gallery-icon landscape'>\n\t\t\t\t<a data-elementor-open-lightbox=\"yes\" data-elementor-lightbox-slideshow=\"fe38fa9\" data-elementor-lightbox-title=\"Nosotros no somos criminales, dice este letrero. Verg\u00fcenza, dice otro, sostenido durante la protesta pac\u00edfica en Tyler, Texas. Foto captura de pantalla.\" data-elementor-lightbox-description=\"Nosotros no somos criminales, dice este letrero. Verg\u00fcenza, dice otro, sostenido durante la protesta pac\u00edfica en Tyler, Texas. Foto captura de pantalla.\" data-e-action-hash=\"#elementor-action%3Aaction%3Dlightbox%26settings%3DeyJpZCI6NDg0MDIsInVybCI6Imh0dHBzOlwvXC9zb3ltaWdyYW50ZS5jb21cL3JldmlzdGFcL3dwLWNvbnRlbnRcL3VwbG9hZHNcLzIwMjVcLzExXC9wcm90ZXN0YS1taWdyYW50ZXMtaGlzcGFub3MtdGV4YXMtOS5wbmciLCJzbGlkZXNob3ciOiJmZTM4ZmE5In0%3D\" href='https:\/\/soymigrante.com\/revista\/wp-content\/uploads\/2025\/11\/protesta-migrantes-hispanos-texas-9.png'><img decoding=\"async\" width=\"611\" height=\"567\" src=\"https:\/\/soymigrante.com\/revista\/wp-content\/uploads\/2025\/11\/protesta-migrantes-hispanos-texas-9.png\" class=\"attachment-large size-large\" alt=\"Nosotros no somos criminales, dice este letrero. Verg\u00fcenza, dice otro, sostenido durante la protesta pac\u00edfica en Tyler, Texas. Foto captura de pantalla.\" aria-describedby=\"gallery-14-48402\" srcset=\"https:\/\/soymigrante.com\/revista\/wp-content\/uploads\/2025\/11\/protesta-migrantes-hispanos-texas-9.png 611w, https:\/\/soymigrante.com\/revista\/wp-content\/uploads\/2025\/11\/protesta-migrantes-hispanos-texas-9-300x278.png 300w\" sizes=\"(max-width: 611px) 100vw, 611px\" title=\"Nosotros no somos criminales, dice este letrero. Verg\u00fcenza, dice otro, sostenido durante la protesta pac\u00edfica en Tyler, Texas. Foto captura de pantalla. \u2013 SoyMigrante.com REVISTA\" \/><\/a>\n\t\t\t<\/div>\n\t\t\t\t<figcaption class='wp-caption-text gallery-caption' id='gallery-14-48402'>\n\t\t\t\tNosotros no somos criminales, dice este letrero. Verg\u00fcenza, dice otro, sostenido durante la protesta pac\u00edfica en Tyler, Texas. Foto captura de pantalla.\n\t\t\t\t<\/figcaption><\/figure><figure class='gallery-item'>\n\t\t\t<div class='gallery-icon portrait'>\n\t\t\t\t<a data-elementor-open-lightbox=\"yes\" data-elementor-lightbox-slideshow=\"fe38fa9\" data-elementor-lightbox-title=\"Nadie es ilegal, dejen a los migrantes trabajar en paz, fueron algunas de las consignas gritadas en la manifestaci\u00f3n pac\u00edfica. Captura de pantalla..\" data-elementor-lightbox-description=\"Nadie es ilegal, dejen a los migrantes trabajar en paz, fueron algunas de las consignas gritadas en la manifestaci\u00f3n pac\u00edfica. Captura de pantalla..\" data-e-action-hash=\"#elementor-action%3Aaction%3Dlightbox%26settings%3DeyJpZCI6NDg0MDMsInVybCI6Imh0dHBzOlwvXC9zb3ltaWdyYW50ZS5jb21cL3JldmlzdGFcL3dwLWNvbnRlbnRcL3VwbG9hZHNcLzIwMjVcLzExXC9wcm90ZXN0YS1taWdyYW50ZXMtaGlzcGFub3MtdGV4YXMtMTMucG5nIiwic2xpZGVzaG93IjoiZmUzOGZhOSJ9\" href='https:\/\/soymigrante.com\/revista\/wp-content\/uploads\/2025\/11\/protesta-migrantes-hispanos-texas-13.png'><img loading=\"lazy\" decoding=\"async\" width=\"630\" height=\"657\" src=\"https:\/\/soymigrante.com\/revista\/wp-content\/uploads\/2025\/11\/protesta-migrantes-hispanos-texas-13.png\" class=\"attachment-large size-large\" alt=\"Nadie es ilegal, dejen a los migrantes trabajar en paz, fueron algunas de las consignas gritadas en la manifestaci\u00f3n pac\u00edfica. Captura de pantalla..\" aria-describedby=\"gallery-14-48403\" srcset=\"https:\/\/soymigrante.com\/revista\/wp-content\/uploads\/2025\/11\/protesta-migrantes-hispanos-texas-13.png 630w, https:\/\/soymigrante.com\/revista\/wp-content\/uploads\/2025\/11\/protesta-migrantes-hispanos-texas-13-288x300.png 288w\" sizes=\"(max-width: 630px) 100vw, 630px\" title=\"Nadie es ilegal, dejen a los migrantes trabajar en paz, fueron algunas de las consignas gritadas en la manifestaci\u00f3n pac\u00edfica. Captura de pantalla.. \u2013 SoyMigrante.com REVISTA\" \/><\/a>\n\t\t\t<\/div>\n\t\t\t\t<figcaption class='wp-caption-text gallery-caption' id='gallery-14-48403'>\n\t\t\t\tNadie es ilegal, dejen a los migrantes trabajar en paz, fueron algunas de las consignas gritadas en la manifestaci\u00f3n pac\u00edfica. Captura de pantalla..\n\t\t\t\t<\/figcaption><\/figure><figure class='gallery-item'>\n\t\t\t<div class='gallery-icon portrait'>\n\t\t\t\t<a data-elementor-open-lightbox=\"yes\" data-elementor-lightbox-slideshow=\"fe38fa9\" data-elementor-lightbox-title=\"Pobladores de todas las edades se dieron cita en el centro c\u00edvico de Tyler, Smith County, Texas, para reclamar contra el acuerdo de colaboraci\u00f3n de la polic\u00eda local con agencias antimigrantes a cambio de fondos federales. Foto captura de pantalla.\" data-elementor-lightbox-description=\"#image_title #separator_sa\" data-e-action-hash=\"#elementor-action%3Aaction%3Dlightbox%26settings%3DeyJpZCI6NDg0MDQsInVybCI6Imh0dHBzOlwvXC9zb3ltaWdyYW50ZS5jb21cL3JldmlzdGFcL3dwLWNvbnRlbnRcL3VwbG9hZHNcLzIwMjVcLzExXC9wcm90ZXN0YS1taWdyYW50ZXMtaGlzcGFub3MtdGV4YXMtMTUucG5nIiwic2xpZGVzaG93IjoiZmUzOGZhOSJ9\" href='https:\/\/soymigrante.com\/revista\/wp-content\/uploads\/2025\/11\/protesta-migrantes-hispanos-texas-15.png'><img loading=\"lazy\" decoding=\"async\" width=\"620\" height=\"696\" src=\"https:\/\/soymigrante.com\/revista\/wp-content\/uploads\/2025\/11\/protesta-migrantes-hispanos-texas-15.png\" class=\"attachment-large size-large\" alt=\"Pobladores de todas las edades se dieron cita en el centro c\u00edvico de Tyler, Smith County, Texas, para reclamar contra el acuerdo de colaboraci\u00f3n de la polic\u00eda local con agencias antimigrantes a cambio de fondos federales. Foto captura de pantalla.\" aria-describedby=\"gallery-14-48404\" srcset=\"https:\/\/soymigrante.com\/revista\/wp-content\/uploads\/2025\/11\/protesta-migrantes-hispanos-texas-15.png 620w, https:\/\/soymigrante.com\/revista\/wp-content\/uploads\/2025\/11\/protesta-migrantes-hispanos-texas-15-267x300.png 267w\" sizes=\"(max-width: 620px) 100vw, 620px\" title=\"Pobladores de todas las edades se dieron cita en el centro c\u00edvico de Tyler, Smith County, Texas, para reclamar contra el acuerdo de colaboraci\u00f3n de la polic\u00eda local con agencias antimigrantes a cambio de fondos federales. Foto captura de pantalla. \u2013 SoyMigrante.com REVISTA\" \/><\/a>\n\t\t\t<\/div>\n\t\t\t\t<figcaption class='wp-caption-text gallery-caption' id='gallery-14-48404'>\n\t\t\t\tPobladores de todas las edades se dieron cita en el centro c\u00edvico de Tyler, Smith County, Texas, para reclamar contra el acuerdo de colaboraci\u00f3n de la polic\u00eda local con agencias antimigrantes a cambio de fondos federales. Foto captura de pantalla.\n\t\t\t\t<\/figcaption><\/figure>\n\t\t<\/div>\n\t\t<\/div>\n\t\t\t\t\t\t<\/div>\n\t\t\t\t\t<\/div>\n\t\t\t\t<\/div>\n\t\t<div data-particle_enable=\"false\" data-particle-mobile-disabled=\"false\" class=\"elementor-element elementor-element-1a12a3e e-flex e-con-boxed e-con e-parent\" data-id=\"1a12a3e\" data-element_type=\"container\" data-e-type=\"container\">\n\t\t\t\t\t<div class=\"e-con-inner\">\n\t\t\t\t<div class=\"elementor-element elementor-element-9511f11 elementor-widget elementor-widget-heading\" data-id=\"9511f11\" data-element_type=\"widget\" data-e-type=\"widget\" data-widget_type=\"heading.default\">\n\t\t\t\t\t<h3 class=\"elementor-heading-title elementor-size-default\">Temen y rechazan perfilaci\u00f3n discriminatoria<\/h3>\t\t\t\t<\/div>\n\t\t\t\t\t<\/div>\n\t\t\t\t<\/div>\n\t\t<div data-particle_enable=\"false\" data-particle-mobile-disabled=\"false\" class=\"elementor-element elementor-element-55d98fd e-flex e-con-boxed e-con e-parent\" data-id=\"55d98fd\" data-element_type=\"container\" data-e-type=\"container\">\n\t\t\t\t\t<div class=\"e-con-inner\">\n\t\t\t\t<div class=\"elementor-element elementor-element-9d5f29e elementor-widget elementor-widget-text-editor\" data-id=\"9d5f29e\" data-element_type=\"widget\" data-e-type=\"widget\" data-widget_type=\"text-editor.default\">\n\t\t\t\t\t\t\t\t\t<p data-start=\"461\" data-end=\"778\">Kristen Hardin-Sigler, activista local y fundadora de la coalici\u00f3n organizadora, expres\u00f3 que el miedo no debe paralizar a la comunidad.<\/p><p data-start=\"2106\" data-end=\"2652\">\u201cEstoy aterrada, pero debo enfrentar ese temor y actuar. Hoy sentamos un precedente: que la gente no debe tener miedo\u201d, afirm\u00f3.<br data-start=\"2371\" data-end=\"2374\" \/>A\u00f1adi\u00f3 que las nuevas medidas puedan llevar a la detenci\u00f3n de personas inocentes nacidas en EE.UU.. \u201cMis hijos son visiblemente morenos, y estamos aterrados&#8221;, dijo.<\/p><p data-start=\"2106\" data-end=\"2652\">El sheriff del condado, Larry Smith, defendi\u00f3 la medida afirmando que no representa un cambio de pol\u00edtica, sino una mejora operativa.<\/p><p data-start=\"2910\" data-end=\"3408\">\u201cNuestra posici\u00f3n sobre la aplicaci\u00f3n de leyes migratorias no ha cambiado. Seguimos enfocados en proteger a la comunidad y actuar dentro de los l\u00edmites legales\u201d, se\u00f1al\u00f3.\u00a0<\/p><p data-start=\"2910\" data-end=\"3408\">La del jueves no fue la primera protesta sobre el tema. D\u00edas antes, otro grupo se hab\u00eda manifestado frente al tribunal del condado, y desde abril varias organizaciones locales han expresado su rechazo a cualquier ampliaci\u00f3n de la cooperaci\u00f3n entre ICE y el sheriff.<\/p><p data-start=\"3710\" data-end=\"3910\">La movilizaci\u00f3n de Tyler refleja el creciente malestar de comunidades hispanas y aliadas en Texas, que temen que estos acuerdos aumenten el clima de temor y desconfianza hacia las autoridades locales.<\/p>\t\t\t\t\t\t\t\t<\/div>\n\t\t\t\t\t<\/div>\n\t\t\t\t<\/div>\n\t\t<div data-particle_enable=\"false\" data-particle-mobile-disabled=\"false\" class=\"elementor-element elementor-element-3ef61af e-flex e-con-boxed e-con e-parent\" data-id=\"3ef61af\" data-element_type=\"container\" data-e-type=\"container\">\n\t\t\t\t\t<div class=\"e-con-inner\">\n\t\t\t\t<div class=\"elementor-element elementor-element-238f543 elementor-widget elementor-widget-heading\" data-id=\"238f543\" data-element_type=\"widget\" data-e-type=\"widget\" data-widget_type=\"heading.default\">\n\t\t\t\t\t<h2 class=\"elementor-heading-title elementor-size-default\">M\u00e1s art\u00edculo que podr\u00edan interesarte<\/h2>\t\t\t\t<\/div>\n\t\t\t\t\t<\/div>\n\t\t\t\t<\/div>\n\t\t<div data-particle_enable=\"false\" data-particle-mobile-disabled=\"false\" class=\"elementor-element elementor-element-f5f3246 e-flex e-con-boxed e-con e-parent\" data-id=\"f5f3246\" data-element_type=\"container\" data-e-type=\"container\">\n\t\t\t\t\t<div class=\"e-con-inner\">\n\t\t\t\t<div class=\"elementor-element elementor-element-1d9c67d elementor-grid-eael-col-3 elementor-grid-tablet-eael-col-2 elementor-grid-mobile-eael-col-1 elementor-widget elementor-widget-eael-post-grid\" data-id=\"1d9c67d\" data-element_type=\"widget\" data-e-type=\"widget\" data-settings=\"{&quot;eael_post_grid_columns&quot;:&quot;eael-col-3&quot;,&quot;eael_post_grid_columns_tablet&quot;:&quot;eael-col-2&quot;,&quot;eael_post_grid_columns_mobile&quot;:&quot;eael-col-1&quot;}\" data-widget_type=\"eael-post-grid.default\">\n\t\t\t\t\t<div id=\"eael-post-grid-1d9c67d\" class=\"eael-post-grid-container\">\n            <div class=\"eael-post-grid eael-post-appender eael-post-appender-1d9c67d eael-post-grid-style-one\" data-layout-mode=\"masonry\"><article class=\"eael-grid-post  eael-post-grid-column eael-pg-post-16944 category-recursos-migratorios\" data-id=\"16944\">\n        <div class=\"eael-grid-post-holder\">\n            <div class=\"eael-grid-post-holder-inner\"><div class=\"eael-entry-media\"><div class=\"eael-entry-overlay fade-in\"><i class=\"far fa-hand-pointer\" aria-hidden=\"true\"><\/i><a href=\"https:\/\/soymigrante.com\/revista\/todo-migrante-tiene-derechos-la-union-americana-de-libertades-civiles-recomienda\/\"><\/a><\/div><div class=\"eael-entry-thumbnail eael-image-ratio\">\n                <img loading=\"lazy\" decoding=\"async\" width=\"1024\" height=\"1024\" src=\"https:\/\/soymigrante.com\/revista\/wp-content\/uploads\/2024\/12\/migrantes-ruta-1-1024x1024.jpg\" class=\"attachment-large size-large wp-image-17020\" alt=\"Camino con peatones en carretera lluviosa, se\u00f1al de obra vial y l\u00edmite de velocidad de 30 km\/h, en un entorno natural y monta\u00f1oso, en la publicaci\u00f3n de SoyMigrante.com REVISTA.\" srcset=\"https:\/\/soymigrante.com\/revista\/wp-content\/uploads\/2024\/12\/migrantes-ruta-1-1024x1024.jpg 1024w, https:\/\/soymigrante.com\/revista\/wp-content\/uploads\/2024\/12\/migrantes-ruta-1-300x300.jpg 300w, https:\/\/soymigrante.com\/revista\/wp-content\/uploads\/2024\/12\/migrantes-ruta-1-150x150.jpg 150w, https:\/\/soymigrante.com\/revista\/wp-content\/uploads\/2024\/12\/migrantes-ruta-1-768x768.jpg 768w, https:\/\/soymigrante.com\/revista\/wp-content\/uploads\/2024\/12\/migrantes-ruta-1-1536x1536.jpg 1536w, https:\/\/soymigrante.com\/revista\/wp-content\/uploads\/2024\/12\/migrantes-ruta-1-2048x2048.jpg 2048w, https:\/\/soymigrante.com\/revista\/wp-content\/uploads\/2024\/12\/migrantes-ruta-1-75x75.webp 75w, https:\/\/soymigrante.com\/revista\/wp-content\/uploads\/2024\/12\/migrantes-ruta-1-750x750.webp 750w, https:\/\/soymigrante.com\/revista\/wp-content\/uploads\/2024\/12\/migrantes-ruta-1-1140x1140.webp 1140w, https:\/\/soymigrante.com\/revista\/wp-content\/uploads\/2024\/12\/migrantes-ruta-1-scaled.webp 1920w\" sizes=\"(max-width: 1024px) 100vw, 1024px\" \/>\n            <\/div>\n        <\/div><div class=\"eael-entry-wrapper\"><header class=\"eael-entry-header\"><h2 class=\"eael-entry-title\"><a class=\"eael-grid-post-link\" href=\"https:\/\/soymigrante.com\/revista\/todo-migrante-tiene-derechos-la-union-americana-de-libertades-civiles-recomienda\/\" title=\"Todo migrante tiene derechos: la Uni\u00f3n Americana de Libertades Civiles recomienda&#8230;\">Todo migrante tiene derechos: la Uni\u00f3n Americana de Libertades Civiles recomienda&#8230;<\/a><\/h2><\/header><div class=\"eael-entry-content\">\n                        <div class=\"eael-grid-post-excerpt\"><a href=\"https:\/\/soymigrante.com\/revista\/todo-migrante-tiene-derechos-la-union-americana-de-libertades-civiles-recomienda\/\" class=\"eael-post-elements-readmore-btn\">CONOCE SU HISTORIA <\/a><\/div>\n                    <\/div><\/div><\/div>\n        <\/div>\n    <\/article><article class=\"eael-grid-post  eael-post-grid-column eael-pg-post-23045 category-estamos-unidos\" data-id=\"23045\">\n        <div class=\"eael-grid-post-holder\">\n            <div class=\"eael-grid-post-holder-inner\"><div class=\"eael-entry-media\"><div class=\"eael-entry-overlay fade-in\"><i class=\"far fa-hand-pointer\" aria-hidden=\"true\"><\/i><a href=\"https:\/\/soymigrante.com\/revista\/abogada-orienta-a-guatemaltecos-sobre-derechos-y-politicas-migratorias-de-ee-uu\/\"><\/a><\/div><div class=\"eael-entry-thumbnail eael-image-ratio\">\n                <img loading=\"lazy\" decoding=\"async\" width=\"1024\" height=\"1024\" src=\"https:\/\/soymigrante.com\/revista\/wp-content\/uploads\/2025\/01\/TRABADOR-MIGRANTE-1024x1024.jpg\" class=\"attachment-large size-large wp-image-23065\" alt=\"Joven migrante con sombrero observando el atardecer en un campo, simbolizando la esperanza y la lucha de los migrantes en sus comunidades.\" srcset=\"https:\/\/soymigrante.com\/revista\/wp-content\/uploads\/2025\/01\/TRABADOR-MIGRANTE-1024x1024.jpg 1024w, https:\/\/soymigrante.com\/revista\/wp-content\/uploads\/2025\/01\/TRABADOR-MIGRANTE-300x300.jpg 300w, https:\/\/soymigrante.com\/revista\/wp-content\/uploads\/2025\/01\/TRABADOR-MIGRANTE-150x150.jpg 150w, https:\/\/soymigrante.com\/revista\/wp-content\/uploads\/2025\/01\/TRABADOR-MIGRANTE-768x768.jpg 768w, https:\/\/soymigrante.com\/revista\/wp-content\/uploads\/2025\/01\/TRABADOR-MIGRANTE-1536x1536.jpg 1536w, https:\/\/soymigrante.com\/revista\/wp-content\/uploads\/2025\/01\/TRABADOR-MIGRANTE-2048x2048.jpg 2048w, https:\/\/soymigrante.com\/revista\/wp-content\/uploads\/2025\/01\/TRABADOR-MIGRANTE-75x75.webp 75w, https:\/\/soymigrante.com\/revista\/wp-content\/uploads\/2025\/01\/TRABADOR-MIGRANTE-750x750.webp 750w, https:\/\/soymigrante.com\/revista\/wp-content\/uploads\/2025\/01\/TRABADOR-MIGRANTE-1140x1140.webp 1140w, https:\/\/soymigrante.com\/revista\/wp-content\/uploads\/2025\/01\/TRABADOR-MIGRANTE-scaled.webp 1920w\" sizes=\"(max-width: 1024px) 100vw, 1024px\" \/>\n            <\/div>\n        <\/div><div class=\"eael-entry-wrapper\"><header class=\"eael-entry-header\"><h2 class=\"eael-entry-title\"><a class=\"eael-grid-post-link\" href=\"https:\/\/soymigrante.com\/revista\/abogada-orienta-a-guatemaltecos-sobre-derechos-y-politicas-migratorias-de-ee-uu\/\" title=\"Abogada orienta a guatemaltecos sobre derechos y pol\u00edticas migratorias de EE.UU.\">Abogada orienta a guatemaltecos sobre derechos y pol\u00edticas migratorias de EE.UU.<\/a><\/h2><\/header><div class=\"eael-entry-content\">\n                        <div class=\"eael-grid-post-excerpt\"><a href=\"https:\/\/soymigrante.com\/revista\/abogada-orienta-a-guatemaltecos-sobre-derechos-y-politicas-migratorias-de-ee-uu\/\" class=\"eael-post-elements-readmore-btn\">CONOCE SU HISTORIA <\/a><\/div>\n                    <\/div><\/div><\/div>\n        <\/div>\n    <\/article><article class=\"eael-grid-post  eael-post-grid-column eael-pg-post-6217 category-estamos-unidos\" data-id=\"6217\">\n        <div class=\"eael-grid-post-holder\">\n            <div class=\"eael-grid-post-holder-inner\"><div class=\"eael-entry-media\"><div class=\"eael-entry-overlay fade-in\"><i class=\"far fa-hand-pointer\" aria-hidden=\"true\"><\/i><a href=\"https:\/\/soymigrante.com\/revista\/temor-y-rechazo-genera-proyecto-de-ley-antimigrantes-de-oklahoma\/\"><\/a><\/div><div class=\"eael-entry-thumbnail eael-image-ratio\">\n                <img loading=\"lazy\" decoding=\"async\" width=\"1024\" height=\"701\" src=\"https:\/\/soymigrante.com\/revista\/wp-content\/uploads\/2024\/04\/foto-aracely-lopez-fb-1024x701.webp\" class=\"attachment-large size-large wp-image-6218\" alt=\"Manifestaci\u00f3n de inmigrantes frente a un edificio gubernamental, promoviendo derechos y apoyo para estudiantes inmigrantes en EE.UU. y M\u00e9xico, en el contexto de la revista SoyMigrante.com REVISTA.\" srcset=\"https:\/\/soymigrante.com\/revista\/wp-content\/uploads\/2024\/04\/foto-aracely-lopez-fb-1024x701.webp 1024w, https:\/\/soymigrante.com\/revista\/wp-content\/uploads\/2024\/04\/foto-aracely-lopez-fb-300x205.webp 300w, https:\/\/soymigrante.com\/revista\/wp-content\/uploads\/2024\/04\/foto-aracely-lopez-fb-768x526.webp 768w, https:\/\/soymigrante.com\/revista\/wp-content\/uploads\/2024\/04\/foto-aracely-lopez-fb-750x513.webp 750w, https:\/\/soymigrante.com\/revista\/wp-content\/uploads\/2024\/04\/foto-aracely-lopez-fb-1140x780.webp 1140w, https:\/\/soymigrante.com\/revista\/wp-content\/uploads\/2024\/04\/foto-aracely-lopez-fb.webp 1147w\" sizes=\"(max-width: 1024px) 100vw, 1024px\" \/>\n            <\/div>\n        <\/div><div class=\"eael-entry-wrapper\"><header class=\"eael-entry-header\"><h2 class=\"eael-entry-title\"><a class=\"eael-grid-post-link\" href=\"https:\/\/soymigrante.com\/revista\/temor-y-rechazo-genera-proyecto-de-ley-antimigrantes-de-oklahoma\/\" title=\"Hispanos se unen para expresar rechazo a ley antimigrantes de Oklahoma\">Hispanos se unen para expresar rechazo a ley antimigrantes de Oklahoma<\/a><\/h2><\/header><div class=\"eael-entry-content\">\n                        <div class=\"eael-grid-post-excerpt\"><a href=\"https:\/\/soymigrante.com\/revista\/temor-y-rechazo-genera-proyecto-de-ley-antimigrantes-de-oklahoma\/\" class=\"eael-post-elements-readmore-btn\">CONOCE SU HISTORIA <\/a><\/div>\n                    <\/div><\/div><\/div>\n        <\/div>\n    <\/article><\/div>\n            <div class=\"clearfix\"><\/div>\n        <\/div>\t\t\t\t<\/div>\n\t\t\t\t\t<\/div>\n\t\t\t\t<\/div>\n\t\t\t\t<\/div>\n\t\t","protected":false},"excerpt":{"rendered":"<p>Pobladores hispanos de Tyler, Smith County, Texas volvieron a manifestarse pac\u00edficamente debido al anuncio de colaboraci\u00f3n de la polic\u00eda local con agentes migratorios, lo cual consideran un riesgo de redadas y perfilaci\u00f3n racial. Con una gran mayor\u00eda de consignas en ingl\u00e9s,\u00a0 alrededor de 300 personas se congregaron para una caminata de protesta pac\u00edfica,\u00a0 el centro [&hellip;]<\/p>\n","protected":false},"author":7,"featured_media":48395,"comment_status":"open","ping_status":"open","sticky":false,"template":"","format":"standard","meta":{"_acf_changed":false,"_eb_attr":"","footnotes":""},"categories":[280],"tags":[],"class_list":["post-48394","post","type-post","status-publish","format-standard","has-post-thumbnail","hentry","category-noticias"],"acf":[],"aioseo_notices":[],"aioseo_head":"\n\t\t<!-- All in One SEO Pro 4.9.6.2 - aioseo.com -->\n\t<meta name=\"description\" content=\"Gobernador de Oklahoma debe decidir si aprueba la Ley 4156, con medidas antimigrantes aprobadas por el Congreso y el Senado estatal. Migrantes hispanos expresan su rechazo en manifestaciones pac\u00edficas y peticiones escritas. El Senado de Oklahoma aprob\u00f3 el proyecto de ley 4156, que establece nuevas medidas contra migrantes indocumentados y la decisi\u00f3n de ponerla en\" \/>\n\t<meta name=\"robots\" content=\"max-snippet:-1, max-image-preview:large, max-video-preview:-1\" \/>\n\t<meta name=\"author\" content=\"Gustavo Montenegro\"\/>\n\t<link rel=\"canonical\" href=\"https:\/\/soymigrante.com\/revista\/hispanos-protestan-pacificamente-en-smith-county-texas-por-politicas-antimigrantes\/\" \/>\n\t<meta name=\"generator\" content=\"All in One SEO Pro (AIOSEO) 4.9.6.2\" \/>\n\n\t\t<link rel=\"preconnect\" href=\"https:\/\/fonts.googleapis.com\" crossorigin>\n<link rel=\"preconnect\" href=\"https:\/\/fonts.gstatic.com\" crossorigin>\n\t\t<meta property=\"og:locale\" content=\"es_ES\" \/>\n\t\t<meta property=\"og:site_name\" content=\"SoyMigrante.com REVISTA \u2013 Nuestra misi\u00f3n es reconocer y dignificar al migrante.\" \/>\n\t\t<meta property=\"og:type\" content=\"article\" \/>\n\t\t<meta property=\"og:title\" content=\"Protesta pac\u00edfica en Texas contra medidas antimigrantes\" \/>\n\t\t<meta property=\"og:description\" content=\"Con pancartas, gritos y reclamos por apoyo de polic\u00eda local a agentes migratorios, pobladores de Smith County vuelven a exigir fin al acoso contra migrantes hispanos.\" \/>\n\t\t<meta property=\"og:url\" content=\"https:\/\/soymigrante.com\/revista\/hispanos-protestan-pacificamente-en-smith-county-texas-por-politicas-antimigrantes\/\" \/>\n\t\t<meta property=\"og:image\" content=\"https:\/\/soymigrante.com\/revista\/wp-content\/uploads\/2025\/11\/protesta-migrantes-hispanos-texas-2.png\" \/>\n\t\t<meta property=\"og:image:secure_url\" content=\"https:\/\/soymigrante.com\/revista\/wp-content\/uploads\/2025\/11\/protesta-migrantes-hispanos-texas-2.png\" \/>\n\t\t<meta property=\"og:image:width\" content=\"630\" \/>\n\t\t<meta property=\"og:image:height\" content=\"630\" \/>\n\t\t<meta property=\"article:published_time\" content=\"2025-11-11T18:19:23+00:00\" \/>\n\t\t<meta property=\"article:modified_time\" content=\"2025-11-12T01:40:23+00:00\" \/>\n\t\t<meta property=\"article:publisher\" content=\"https:\/\/www.facebook.com\/soymigrantecom\" \/>\n\t\t<meta name=\"twitter:card\" content=\"summary_large_image\" \/>\n\t\t<meta name=\"twitter:site\" content=\"@SoyMigrante_com\" \/>\n\t\t<meta name=\"twitter:title\" content=\"Protesta pac\u00edfica en Texas contra medidas antimigrantes\" \/>\n\t\t<meta name=\"twitter:description\" content=\"Con pancartas, gritos y reclamos por apoyo de polic\u00eda local a agentes migratorios, pobladores de Smith County vuelven a exigir fin al acoso contra migrantes hispanos.\" \/>\n\t\t<meta name=\"twitter:creator\" content=\"@SoyMigrante_com\" \/>\n\t\t<meta name=\"twitter:image\" content=\"https:\/\/soymigrante.com\/revista\/wp-content\/uploads\/2025\/11\/protesta-migrantes-hispanos-texas-2.png\" \/>\n\t\t<!-- All in One SEO Pro -->\r\n\t\t<title>Protesta pac\u00edfica en Texas contra medidas antimigrantes<\/title>\n\n","aioseo_head_json":{"title":"Protesta pac\u00edfica en Texas contra medidas antimigrantes","description":"Con pancartas, gritos y reclamos por apoyo de polic\u00eda local a agentes migratorios, pobladores de Smith County vuelven a exigir fin al acoso contra migrantes hispanos.","canonical_url":"https:\/\/soymigrante.com\/revista\/hispanos-protestan-pacificamente-en-smith-county-texas-por-politicas-antimigrantes\/","robots":"max-snippet:-1, max-image-preview:large, max-video-preview:-1","keywords":"","webmasterTools":{"miscellaneous":"&lt;link rel=\"preconnect\" href=\"https:\/\/fonts.googleapis.com\" crossorigin&gt;\n&lt;link rel=\"preconnect\" href=\"https:\/\/fonts.gstatic.com\" crossorigin&gt;"},"schema":null,"og:locale":"es_ES","og:site_name":"SoyMigrante.com REVISTA \u2013 Nuestra misi\u00f3n es reconocer y dignificar al migrante.","og:type":"article","og:title":"Protesta pac\u00edfica en Texas contra medidas antimigrantes","og:description":"Con pancartas, gritos y reclamos por apoyo de polic\u00eda local a agentes migratorios, pobladores de Smith County vuelven a exigir fin al acoso contra migrantes hispanos.","og:url":"https:\/\/soymigrante.com\/revista\/hispanos-protestan-pacificamente-en-smith-county-texas-por-politicas-antimigrantes\/","og:image":"https:\/\/soymigrante.com\/revista\/wp-content\/uploads\/2025\/11\/protesta-migrantes-hispanos-texas-2.png","og:image:secure_url":"https:\/\/soymigrante.com\/revista\/wp-content\/uploads\/2025\/11\/protesta-migrantes-hispanos-texas-2.png","og:image:width":630,"og:image:height":630,"article:published_time":"2025-11-11T18:19:23+00:00","article:modified_time":"2025-11-12T01:40:23+00:00","article:publisher":"https:\/\/www.facebook.com\/soymigrantecom","twitter:card":"summary_large_image","twitter:site":"@SoyMigrante_com","twitter:title":"Protesta pac\u00edfica en Texas contra medidas antimigrantes","twitter:description":"Con pancartas, gritos y reclamos por apoyo de polic\u00eda local a agentes migratorios, pobladores de Smith County vuelven a exigir fin al acoso contra migrantes hispanos.","twitter:creator":"@SoyMigrante_com","twitter:image":"https:\/\/soymigrante.com\/revista\/wp-content\/uploads\/2025\/11\/protesta-migrantes-hispanos-texas-2.png"},"aioseo_meta_data":{"post_id":"48394","title":"Protesta pac\u00edfica en Texas contra medidas antimigrantes","description":"Con pancartas, gritos y reclamos por apoyo de polic\u00eda local a agentes migratorios, pobladores de Smith County vuelven a exigir fin al acoso contra migrantes hispanos.","keywords":null,"keyphrases":{"focus":{"keyphrase":"Hispanos Smith County","score":0,"analysis":[]}},"primary_term":null,"canonical_url":null,"og_title":null,"og_description":null,"og_object_type":"default","og_image_type":"default","og_image_url":null,"og_image_width":null,"og_image_height":null,"og_image_custom_url":null,"og_image_custom_fields":null,"og_video":"","og_custom_url":null,"og_article_section":null,"og_article_tags":null,"twitter_use_og":false,"twitter_card":"default","twitter_image_type":"default","twitter_image_url":null,"twitter_image_custom_url":null,"twitter_image_custom_fields":null,"twitter_title":null,"twitter_description":null,"schema":{"blockGraphs":[],"customGraphs":[],"default":{"data":{"Article":[],"Course":[],"Dataset":[],"FAQPage":[],"Movie":[],"Person":[],"Product":[],"ProductReview":[],"Car":[],"Recipe":[],"Service":[],"SoftwareApplication":[],"WebPage":[]},"graphName":"NewsArticle","isEnabled":true},"graphs":[]},"schema_type":"default","schema_type_options":null,"pillar_content":false,"robots_default":true,"robots_noindex":false,"robots_noarchive":false,"robots_nosnippet":false,"robots_nofollow":false,"robots_noimageindex":false,"robots_noodp":false,"robots_notranslate":false,"robots_max_snippet":"-1","robots_max_videopreview":"-1","robots_max_imagepreview":"large","priority":null,"frequency":"default","local_seo":null,"seo_analyzer_scan_date":"2026-01-30 14:33:29","breadcrumb_settings":null,"limit_modified_date":false,"reviewed_by":"0","open_ai":null,"ai":{"faqs":[],"keyPoints":[],"titles":[],"descriptions":[],"socialPosts":{"email":[],"linkedin":[],"twitter":[],"facebook":[],"instagram":[]}},"created":"2025-11-11 17:48:17","updated":"2026-02-05 07:01:12"},"aioseo_breadcrumb":"<div class=\"aioseo-breadcrumbs\"><span class=\"aioseo-breadcrumb\">\n\t<a href=\"https:\/\/soymigrante.com\/revista\" title=\"Home\">Home<\/a>\n<\/span><span class=\"aioseo-breadcrumb-separator\">\u00bb<\/span><span class=\"aioseo-breadcrumb\">\n\t<a href=\"https:\/\/soymigrante.com\/revista\/category\/noticias\/\" title=\"Noticias\">Noticias<\/a>\n<\/span><span class=\"aioseo-breadcrumb-separator\">\u00bb<\/span><span class=\"aioseo-breadcrumb\">\n\tHispanos protestan pac\u00edficamente en Smith County, Texas, por pol\u00edticas antimigrantes\n<\/span><\/div>","aioseo_breadcrumb_json":[{"label":"Home","link":"https:\/\/soymigrante.com\/revista"},{"label":"Noticias","link":"https:\/\/soymigrante.com\/revista\/category\/noticias\/"},{"label":"Hispanos protestan pac\u00edficamente en Smith County, Texas, por pol\u00edticas antimigrantes","link":"https:\/\/soymigrante.com\/revista\/hispanos-protestan-pacificamente-en-smith-county-texas-por-politicas-antimigrantes\/"}],"_links":{"self":[{"href":"https:\/\/soymigrante.com\/revista\/wp-json\/wp\/v2\/posts\/48394","targetHints":{"allow":["GET"]}}],"collection":[{"href":"https:\/\/soymigrante.com\/revista\/wp-json\/wp\/v2\/posts"}],"about":[{"href":"https:\/\/soymigrante.com\/revista\/wp-json\/wp\/v2\/types\/post"}],"author":[{"embeddable":true,"href":"https:\/\/soymigrante.com\/revista\/wp-json\/wp\/v2\/users\/7"}],"replies":[{"embeddable":true,"href":"https:\/\/soymigrante.com\/revista\/wp-json\/wp\/v2\/comments?post=48394"}],"version-history":[{"count":7,"href":"https:\/\/soymigrante.com\/revista\/wp-json\/wp\/v2\/posts\/48394\/revisions"}],"predecessor-version":[{"id":48408,"href":"https:\/\/soymigrante.com\/revista\/wp-json\/wp\/v2\/posts\/48394\/revisions\/48408"}],"wp:featuredmedia":[{"embeddable":true,"href":"https:\/\/soymigrante.com\/revista\/wp-json\/wp\/v2\/media\/48395"}],"wp:attachment":[{"href":"https:\/\/soymigrante.com\/revista\/wp-json\/wp\/v2\/media?parent=48394"}],"wp:term":[{"taxonomy":"category","embeddable":true,"href":"https:\/\/soymigrante.com\/revista\/wp-json\/wp\/v2\/categories?post=48394"},{"taxonomy":"post_tag","embeddable":true,"href":"https:\/\/soymigrante.com\/revista\/wp-json\/wp\/v2\/tags?post=48394"}],"curies":[{"name":"wp","href":"https:\/\/api.w.org\/{rel}","templated":true}]}}