{"id":48376,"date":"2025-11-11T10:14:51","date_gmt":"2025-11-11T16:14:51","guid":{"rendered":"https:\/\/soymigrante.com\/revista\/?p=48376"},"modified":"2025-11-11T12:48:50","modified_gmt":"2025-11-11T18:48:50","slug":"emprendedor-luis-galindo-desafia-barreras-con-rosarios-y-collares-la-vision-del-tocar","status":"publish","type":"post","link":"https:\/\/soymigrante.com\/revista\/emprendedor-luis-galindo-desafia-barreras-con-rosarios-y-collares-la-vision-del-tocar\/","title":{"rendered":"Emprendedor Luis Galindo desaf\u00eda barreras con rosarios y collares La Visi\u00f3n del Tocar"},"content":{"rendered":"\t\t<div data-elementor-type=\"wp-post\" data-elementor-id=\"48376\" class=\"elementor elementor-48376\" data-elementor-post-type=\"post\">\n\t\t\t\t<div data-particle_enable=\"false\" data-particle-mobile-disabled=\"false\" class=\"elementor-element elementor-element-a9abed5 e-flex e-con-boxed e-con e-parent\" data-id=\"a9abed5\" data-element_type=\"container\" data-e-type=\"container\">\n\t\t\t\t\t<div class=\"e-con-inner\">\n\t\t\t\t<div class=\"elementor-element elementor-element-343c755 elementor-widget elementor-widget-heading\" data-id=\"343c755\" data-element_type=\"widget\" data-e-type=\"widget\" data-widget_type=\"heading.default\">\n\t\t\t\t\t<h2 class=\"elementor-heading-title elementor-size-default\">\"Hay que aprender a desaprender para aprender otra vez\", dice Luis Galindo, quien perdi\u00f3 la vista hace 4 a\u00f1os a causa de glaucoma. Hoy elabora, al tacto, bisuter\u00eda y rosarios que vende en su tienda digital La Visi\u00f3n del Tocar en MERCADO.<\/h2>\t\t\t\t<\/div>\n\t\t\t\t<div class=\"elementor-element elementor-element-b55f339 elementor-widget elementor-widget-html\" data-id=\"b55f339\" data-element_type=\"widget\" data-e-type=\"widget\" data-widget_type=\"html.default\">\n\t\t\t\t\t<div id=\"buzzsprout-player-18171916\"><\/div><script src=\"https:\/\/www.buzzsprout.com\/2444168\/episodes\/18171916-la-vision-del-tocar-tienda-digital-de-accesorios-de-luis-galindo-no-vidente.js?container_id=buzzsprout-player-18171916&player=small\" type=\"text\/javascript\" charset=\"utf-8\"><\/script>\t\t\t\t<\/div>\n\t\t\t\t\t<\/div>\n\t\t\t\t<\/div>\n\t\t<div data-particle_enable=\"false\" data-particle-mobile-disabled=\"false\" class=\"elementor-element elementor-element-ddf0494 e-flex e-con-boxed e-con e-parent\" data-id=\"ddf0494\" data-element_type=\"container\" data-e-type=\"container\">\n\t\t\t\t\t<div class=\"e-con-inner\">\n\t\t\t\t<div class=\"elementor-element elementor-element-50dc971 elementor-widget elementor-widget-text-editor\" data-id=\"50dc971\" data-element_type=\"widget\" data-e-type=\"widget\" data-widget_type=\"text-editor.default\">\n\t\t\t\t\t\t\t\t\t<p data-start=\"372\" data-end=\"825\">Hace cuatro a\u00f1os, Luis Galindo fue diagnosticado de glaucoma, padecimiento que le ocasion\u00f3 p\u00e9rdida de un 90% de su<a href=\"https:\/\/soymigrante.com\/revista\/consejopara-cuidar-tus-ojos-en-el-trabajo-en-casa-y-en-la-calle\/\"> vista<\/a>. Luis trabaj\u00f3 como administrador de gasolineras por muchos a\u00f1os. En 2019 tuvo un accidente que amenazaba con no permitirle caminar m\u00e1s. Pero volvi\u00f3 a caminar.\u00a0 En 2021, el glaucoma se alz\u00f3 como otra<a href=\"https:\/\/soymigrante.com\/revista\/dificultades-nunca-faltan-pero-aqui-hay-claves-para-enfrentarlas\/\"> barrera,<\/a> pero tampoco se iba a dejar vencer.<\/p><p data-start=\"372\" data-end=\"825\">&#8220;Yo\u00a0 soy una persona muy activa. No me pod\u00eda quedar sin hacer nada. No tengo una jubilaci\u00f3n. Tengo que seguir trabajando para aportar en mi casa. Cierto,\u00a0 <a href=\"https:\/\/soymigrante.com\/revista\/consejos-para-parejas-migrantes-no-discutir-o-tratar-temas-delicados-frente-a-los-hijos\/\">tengo el apoyo de mi esposa<\/a>, pero jam\u00e1s la voy a dejar sola; tambi\u00e9n mis hijos me apoyan. Todos los d\u00edas veo qu\u00e9 hago por ganarme el pan. Y por eso elaboro pulseras, collares y rosarios, para poder tener ingresos&#8221;, relata el emprendedor guatemalteco.<\/p>\t\t\t\t\t\t\t\t<\/div>\n\t\t\t\t\t<\/div>\n\t\t\t\t<\/div>\n\t\t<div data-particle_enable=\"false\" data-particle-mobile-disabled=\"false\" class=\"elementor-element elementor-element-745a10f e-flex e-con-boxed e-con e-parent\" data-id=\"745a10f\" data-element_type=\"container\" data-e-type=\"container\">\n\t\t\t\t\t<div class=\"e-con-inner\">\n\t\t\t\t<div class=\"elementor-element elementor-element-1693c8b elementor-widget elementor-widget-image\" data-id=\"1693c8b\" data-element_type=\"widget\" data-e-type=\"widget\" data-widget_type=\"image.default\">\n\t\t\t\t\t\t\t\t\t\t\t\t<figure class=\"wp-caption\">\n\t\t\t\t\t\t\t\t\t\t\t<a href=\"https:\/\/soymigrante.com\/mercado\/marketplace\/lavisiondeltocar\">\n\t\t\t\t\t\t\t<img fetchpriority=\"high\" decoding=\"async\" width=\"737\" height=\"844\" src=\"https:\/\/soymigrante.com\/revista\/wp-content\/uploads\/2025\/11\/emprendedor-luis-galindo-la-vision-del-tocar-6.jpg\" class=\"attachment-large size-large wp-image-48383\" alt=\"La familia de Luis Galindo tom\u00f3 fotograf\u00edas para esta nota promocional de la tienda digital La Visi\u00f3n del Tocar, que \u00e9l cre\u00f3 para vender los collares, denarios y rosarios que elabora. A causa del glaucoma, perdi\u00f3 m\u00e1s del 90% de su visi\u00f3n, pero mediante el tacto clasifica y arma sus piezas artesanales. Para ir a su tienda en SoyMigrante.com MERCADO, CLIC EN LA IMAGEN.\" srcset=\"https:\/\/soymigrante.com\/revista\/wp-content\/uploads\/2025\/11\/emprendedor-luis-galindo-la-vision-del-tocar-6.jpg 737w, https:\/\/soymigrante.com\/revista\/wp-content\/uploads\/2025\/11\/emprendedor-luis-galindo-la-vision-del-tocar-6-262x300.jpg 262w\" sizes=\"(max-width: 737px) 100vw, 737px\" title=\"La familia de Luis Galindo tom\u00f3 fotograf\u00edas para esta nota promocional de la tienda digital La Visi\u00f3n del Tocar, que \u00e9l cre\u00f3 para vender los collares, denarios y rosarios que elabora. A causa del glaucoma, perdi\u00f3 m\u00e1s del 90% de su visi\u00f3n, pero mediante el tacto clasifica y arma sus piezas artesanales.  Para ir a su tienda en SoyMigrante.com MERCADO, CLIC EN LA IMAGEN. \u2013 SoyMigrante.com REVISTA\" \/>\t\t\t\t\t\t\t\t<\/a>\n\t\t\t\t\t\t\t\t\t\t\t<figcaption class=\"widget-image-caption wp-caption-text\">La familia de Luis Galindo tom\u00f3 fotograf\u00edas para esta nota promocional de la tienda digital La Visi\u00f3n del Tocar, que \u00e9l cre\u00f3 para vender los collares, denarios y rosarios que elabora. A causa del glaucoma, perdi\u00f3 m\u00e1s del 90% de su visi\u00f3n, pero mediante el tacto clasifica y arma sus piezas artesanales.  Para ir a su tienda en SoyMigrante.com MERCADO, CLIC EN LA IMAGEN.<\/figcaption>\n\t\t\t\t\t\t\t\t\t\t<\/figure>\n\t\t\t\t\t\t\t\t\t<\/div>\n\t\t\t\t\t<\/div>\n\t\t\t\t<\/div>\n\t\t<div data-particle_enable=\"false\" data-particle-mobile-disabled=\"false\" class=\"elementor-element elementor-element-27eceba e-flex e-con-boxed e-con e-parent\" data-id=\"27eceba\" data-element_type=\"container\" data-e-type=\"container\">\n\t\t\t\t\t<div class=\"e-con-inner\">\n\t\t\t\t<div class=\"elementor-element elementor-element-250547b elementor-widget elementor-widget-heading\" data-id=\"250547b\" data-element_type=\"widget\" data-e-type=\"widget\" data-widget_type=\"heading.default\">\n\t\t\t\t\t<h3 class=\"elementor-heading-title elementor-size-default\">Elabora collares, rosarios y m\u00e1s accesorios<\/h3>\t\t\t\t<\/div>\n\t\t\t\t\t<\/div>\n\t\t\t\t<\/div>\n\t\t<div data-particle_enable=\"false\" data-particle-mobile-disabled=\"false\" class=\"elementor-element elementor-element-55ab9dd e-flex e-con-boxed e-con e-parent\" data-id=\"55ab9dd\" data-element_type=\"container\" data-e-type=\"container\">\n\t\t\t\t\t<div class=\"e-con-inner\">\n\t\t\t\t<div class=\"elementor-element elementor-element-0e8038e elementor-widget elementor-widget-text-editor\" data-id=\"0e8038e\" data-element_type=\"widget\" data-e-type=\"widget\" data-widget_type=\"text-editor.default\">\n\t\t\t\t\t\t\t\t\t<p data-start=\"372\" data-end=\"825\">Luis fund\u00f3 <a href=\"https:\/\/soymigrante.com\/mercado\/marketplace\/lavisiondeltocar\">La Visi\u00f3n del Tocar, tienda digital que ahora est\u00e1 en SoyMigrante.com MERCADO<\/a>: la comunidad que une a emprendedores y compradores de toda Guatemala, facilitando log\u00edstica de env\u00edo y pago para impulsar el desarrollo y la econom\u00eda comunitaria, proveyendo una plataforma con tecnolog\u00eda de punta.\u00a0<\/p><p data-start=\"372\" data-end=\"825\">&#8220;Para quienes tenemos capacidades diferentes, <a href=\"https:\/\/soymigrante.com\/mercado\/\">SoyMigrante.com MERCADO <\/a>es una puerta de oportunidades&#8221;, dice Luis, quien cuenta con el apoyo de su esposa Liliana y sus tres\u00a0 hijos Luis Enrique, Juliana y Alexandra, por lo cual el mensaje de sus piezas tambi\u00e9n abarca la fundamental importancia de la uni\u00f3n familiar.<\/p>\t\t\t\t\t\t\t\t<\/div>\n\t\t\t\t\t<\/div>\n\t\t\t\t<\/div>\n\t\t<div data-particle_enable=\"false\" data-particle-mobile-disabled=\"false\" class=\"elementor-element elementor-element-6be2e7b e-flex e-con-boxed e-con e-parent\" data-id=\"6be2e7b\" data-element_type=\"container\" data-e-type=\"container\">\n\t\t\t\t\t<div class=\"e-con-inner\">\n\t\t\t\t<div class=\"elementor-element elementor-element-42bc33f elementor-widget elementor-widget-image\" data-id=\"42bc33f\" data-element_type=\"widget\" data-e-type=\"widget\" data-widget_type=\"image.default\">\n\t\t\t\t\t\t\t\t\t\t\t\t<figure class=\"wp-caption\">\n\t\t\t\t\t\t\t\t\t\t\t<a href=\"https:\/\/soymigrante.com\/mercado\/marketplace\/lavisiondeltocar\">\n\t\t\t\t\t\t\t<img decoding=\"async\" width=\"1140\" height=\"502\" src=\"https:\/\/soymigrante.com\/revista\/wp-content\/uploads\/2025\/11\/LA-VISION-DEL-tocar-luis-galindo-mercado-1140x502.png\" class=\"attachment-large size-large wp-image-48384\" alt=\"Estas son algunas de las piezas elaboradas a mano por Luis Galindo, quien enfrenta discapacidad visual pero a la vez traza un mensaje de fortaleza, fe y resiliencia en cada pieza. Eso es lo que les da verdadero significado. CLIC PARA IR A SU TIENDA EN MERCADO.\" srcset=\"https:\/\/soymigrante.com\/revista\/wp-content\/uploads\/2025\/11\/LA-VISION-DEL-tocar-luis-galindo-mercado-1140x502.png 1140w, https:\/\/soymigrante.com\/revista\/wp-content\/uploads\/2025\/11\/LA-VISION-DEL-tocar-luis-galindo-mercado-300x132.png 300w, https:\/\/soymigrante.com\/revista\/wp-content\/uploads\/2025\/11\/LA-VISION-DEL-tocar-luis-galindo-mercado-768x338.png 768w, https:\/\/soymigrante.com\/revista\/wp-content\/uploads\/2025\/11\/LA-VISION-DEL-tocar-luis-galindo-mercado-750x330.png 750w, https:\/\/soymigrante.com\/revista\/wp-content\/uploads\/2025\/11\/LA-VISION-DEL-tocar-luis-galindo-mercado.png 1417w\" sizes=\"(max-width: 1140px) 100vw, 1140px\" title=\"Estas son algunas de las piezas elaboradas a mano por Luis Galindo, quien enfrenta discapacidad visual  pero a la vez traza un mensaje de fortaleza, fe y resiliencia en cada pieza. Eso es lo que les da verdadero significado. CLIC PARA IR A SU TIENDA EN MERCADO. \u2013 SoyMigrante.com REVISTA\" \/>\t\t\t\t\t\t\t\t<\/a>\n\t\t\t\t\t\t\t\t\t\t\t<figcaption class=\"widget-image-caption wp-caption-text\">Estas son algunas de las piezas elaboradas a mano por Luis Galindo, quien enfrenta discapacidad visual  pero a la vez traza un mensaje de fortaleza, fe y resiliencia en cada pieza. Eso es lo que les da verdadero significado. CLIC PARA IR A SU TIENDA EN MERCADO.<\/figcaption>\n\t\t\t\t\t\t\t\t\t\t<\/figure>\n\t\t\t\t\t\t\t\t\t<\/div>\n\t\t\t\t\t<\/div>\n\t\t\t\t<\/div>\n\t\t<div data-particle_enable=\"false\" data-particle-mobile-disabled=\"false\" class=\"elementor-element elementor-element-837f0cf e-flex e-con-boxed e-con e-parent\" data-id=\"837f0cf\" data-element_type=\"container\" data-e-type=\"container\">\n\t\t\t\t\t<div class=\"e-con-inner\">\n\t\t\t\t<div class=\"elementor-element elementor-element-b1b8041 elementor-align-center elementor-widget elementor-widget-global elementor-global-14402 elementor-widget-button\" data-id=\"b1b8041\" data-element_type=\"widget\" data-e-type=\"widget\" data-widget_type=\"button.default\">\n\t\t\t\t\t\t\t\t\t\t<a class=\"elementor-button elementor-button-link elementor-size-sm\" href=\"https:\/\/soymigrante.com\/mercado\/marketplace\/seller\/register\">\n\t\t\t\t\t\t<span class=\"elementor-button-content-wrapper\">\n\t\t\t\t\t\t<span class=\"elementor-button-icon\">\n\t\t\t\t<i aria-hidden=\"true\" class=\"fas fa-cart-arrow-down\"><\/i>\t\t\t<\/span>\n\t\t\t\t\t\t\t\t\t<span class=\"elementor-button-text\">\u00bfERES EMPRENDEDOR Y QUIERES ENTRAR AL COMERCIO DIGITAL? NO ESPERES M\u00c1S Y  ABRE TU TIENDA DIGITAL  EN SOYMIGRANTE.COM\/MERCADO <\/span>\n\t\t\t\t\t<\/span>\n\t\t\t\t\t<\/a>\n\t\t\t\t\t\t\t\t<\/div>\n\t\t\t\t\t<\/div>\n\t\t\t\t<\/div>\n\t\t<div data-particle_enable=\"false\" data-particle-mobile-disabled=\"false\" class=\"elementor-element elementor-element-ce70d79 e-flex e-con-boxed e-con e-parent\" data-id=\"ce70d79\" data-element_type=\"container\" data-e-type=\"container\">\n\t\t\t\t\t<div class=\"e-con-inner\">\n\t\t\t\t<div class=\"elementor-element elementor-element-4aa696c elementor-widget elementor-widget-heading\" data-id=\"4aa696c\" data-element_type=\"widget\" data-e-type=\"widget\" data-widget_type=\"heading.default\">\n\t\t\t\t\t<h3 class=\"elementor-heading-title elementor-size-default\">Con f\u00e9 y decisi\u00f3n Luis transforma su habilidad<\/h3>\t\t\t\t<\/div>\n\t\t\t\t\t<\/div>\n\t\t\t\t<\/div>\n\t\t<div data-particle_enable=\"false\" data-particle-mobile-disabled=\"false\" class=\"elementor-element elementor-element-04ec3a2 e-flex e-con-boxed e-con e-parent\" data-id=\"04ec3a2\" data-element_type=\"container\" data-e-type=\"container\">\n\t\t\t\t\t<div class=\"e-con-inner\">\n\t\t\t\t<div class=\"elementor-element elementor-element-75f633b elementor-widget elementor-widget-text-editor\" data-id=\"75f633b\" data-element_type=\"widget\" data-e-type=\"widget\" data-widget_type=\"text-editor.default\">\n\t\t\t\t\t\t\t\t\t<p data-start=\"372\" data-end=\"825\">El diagn\u00f3stico de hace 4 a\u00f1os fue para Luis Galindo el inicio de una transformaci\u00f3n desafiante. Ingres\u00f3 al <span data-start=\"1190\" data-end=\"1263\">Centro de Rehabilitaci\u00f3n para el Adulto Mayor con Discapacidad Visual<\/span>, del<a href=\"https:\/\/prociegosysordos.org.gt\/QuienesSomos.php\"> Benem\u00e9rito Comit\u00e9 Pro Ciegos y Sordos de Guatemala.\u00a0<\/a><\/p><p data-start=\"372\" data-end=\"825\">All\u00ed aprendi\u00f3 a elaborar rosarios, denarios, collares, pulseras y aretes, piezas que hoy forman parte de su cat\u00e1logo. Los elabora al tacto, un sentido que ha afinado al m\u00e1ximo. \u201cHay que <a href=\"https:\/\/soymigrante.com\/revista\/herramientas-para-el-aprendizaje-tarde-o-temprano-te-servira\/\">aprender<\/a> a desaprender para volver a aprender\u201d, dice. \u201cAntes hac\u00eda las cosas de una forma, ahora las hago de otra\u201d.<\/p><p data-start=\"1565\" data-end=\"1915\"><a href=\"https:\/\/soymigrante.com\/revista\/como-mantener-serenidad-en-la-adversidad-estrategias-clave\/\">La fe tambi\u00e9n ha sido su aliada<\/a>. \u201cDios lo prepara a uno\u201d, reflexiona Luis al recordar los golpes que lo forjaron. En 2019 sufri\u00f3 un accidente que le da\u00f1\u00f3 cuatro v\u00e9rtebras. \u201cMe dijeron que en un a\u00f1o y medio con terapia tal vez iba a empezar a caminar. A los tres meses ya estaba caminando. Eso me sirvi\u00f3 para saber que uno puede vencer los obst\u00e1culos\u201d.<\/p>\t\t\t\t\t\t\t\t<\/div>\n\t\t\t\t\t<\/div>\n\t\t\t\t<\/div>\n\t\t<div data-particle_enable=\"false\" data-particle-mobile-disabled=\"false\" class=\"elementor-element elementor-element-c80817d e-flex e-con-boxed e-con e-parent\" data-id=\"c80817d\" data-element_type=\"container\" data-e-type=\"container\">\n\t\t\t\t\t<div class=\"e-con-inner\">\n\t\t\t\t<div class=\"elementor-element elementor-element-e258889 elementor-widget elementor-widget-image\" data-id=\"e258889\" data-element_type=\"widget\" data-e-type=\"widget\" data-widget_type=\"image.default\">\n\t\t\t\t\t\t\t\t\t\t\t\t<figure class=\"wp-caption\">\n\t\t\t\t\t\t\t\t\t\t<img decoding=\"async\" width=\"1140\" height=\"475\" src=\"https:\/\/soymigrante.com\/revista\/wp-content\/uploads\/2025\/11\/emprendedor-luis-galindo-la-vision-del-tocar-10-1140x475.jpg\" class=\"attachment-large size-large wp-image-48385\" alt=\"En la Escuela del Comit\u00e9 Prociegos y Sordos de Guatemala se invit\u00f3 a emprendedores artesanos con capacidades diferentes a abrir sus tiendas digitales en SoyMigrante.com MERCADO, como un aporte a la econom\u00eda comunitaria y al desarrollo de peque\u00f1os negocios de art\u00edculos elaborados a mano. La tienda La Visi\u00f3n del Tocar, de Luis Galindo, surge a partir de esa convocatoria, la cual est\u00e1 abierta para todos.\" srcset=\"https:\/\/soymigrante.com\/revista\/wp-content\/uploads\/2025\/11\/emprendedor-luis-galindo-la-vision-del-tocar-10-1140x475.jpg 1140w, https:\/\/soymigrante.com\/revista\/wp-content\/uploads\/2025\/11\/emprendedor-luis-galindo-la-vision-del-tocar-10-300x125.jpg 300w, https:\/\/soymigrante.com\/revista\/wp-content\/uploads\/2025\/11\/emprendedor-luis-galindo-la-vision-del-tocar-10-768x320.jpg 768w, https:\/\/soymigrante.com\/revista\/wp-content\/uploads\/2025\/11\/emprendedor-luis-galindo-la-vision-del-tocar-10-750x312.jpg 750w, https:\/\/soymigrante.com\/revista\/wp-content\/uploads\/2025\/11\/emprendedor-luis-galindo-la-vision-del-tocar-10.jpg 1280w\" sizes=\"(max-width: 1140px) 100vw, 1140px\" title=\"En la Escuela del Comit\u00e9 Prociegos y Sordos de Guatemala se invit\u00f3 a emprendedores artesanos con capacidades diferentes a abrir sus tiendas digitales en SoyMigrante.com MERCADO, como un aporte a la econom\u00eda comunitaria y al desarrollo de peque\u00f1os negocios de art\u00edculos elaborados a mano. La tienda La Visi\u00f3n del Tocar, de Luis Galindo, surge a partir de esa convocatoria, la cual est\u00e1 abierta para todos. \u2013 SoyMigrante.com REVISTA\" \/>\t\t\t\t\t\t\t\t\t\t\t<figcaption class=\"widget-image-caption wp-caption-text\">En la Escuela del Comit\u00e9 Prociegos y Sordos de Guatemala se invit\u00f3 a emprendedores artesanos con capacidades diferentes a abrir sus tiendas digitales en SoyMigrante.com MERCADO, como un aporte a la econom\u00eda comunitaria y al desarrollo de peque\u00f1os negocios de art\u00edculos elaborados a mano. La tienda La Visi\u00f3n del Tocar, de Luis Galindo, surge a partir de esa convocatoria, la cual est\u00e1 abierta para todos. <\/figcaption>\n\t\t\t\t\t\t\t\t\t\t<\/figure>\n\t\t\t\t\t\t\t\t\t<\/div>\n\t\t\t\t\t<\/div>\n\t\t\t\t<\/div>\n\t\t<div data-particle_enable=\"false\" data-particle-mobile-disabled=\"false\" class=\"elementor-element elementor-element-7e9ad5f e-flex e-con-boxed e-con e-parent\" data-id=\"7e9ad5f\" data-element_type=\"container\" data-e-type=\"container\">\n\t\t\t\t\t<div class=\"e-con-inner\">\n\t\t\t\t<div class=\"elementor-element elementor-element-20894d0 elementor-widget elementor-widget-heading\" data-id=\"20894d0\" data-element_type=\"widget\" data-e-type=\"widget\" data-widget_type=\"heading.default\">\n\t\t\t\t\t<h3 class=\"elementor-heading-title elementor-size-default\">Las puertas de MERCADO est\u00e1n abiertas a todos<\/h3>\t\t\t\t<\/div>\n\t\t\t\t\t<\/div>\n\t\t\t\t<\/div>\n\t\t<div data-particle_enable=\"false\" data-particle-mobile-disabled=\"false\" class=\"elementor-element elementor-element-26a1b92 e-flex e-con-boxed e-con e-parent\" data-id=\"26a1b92\" data-element_type=\"container\" data-e-type=\"container\">\n\t\t\t\t\t<div class=\"e-con-inner\">\n\t\t\t\t<div class=\"elementor-element elementor-element-9c1319f elementor-widget elementor-widget-text-editor\" data-id=\"9c1319f\" data-element_type=\"widget\" data-e-type=\"widget\" data-widget_type=\"text-editor.default\">\n\t\t\t\t\t\t\t\t\t<p data-start=\"372\" data-end=\"825\">Como se mencion\u00f3 antes, en su trabajo artesanal, el tacto es su herramienta esencial. Distingue los materiales por textura, tama\u00f1o, forma: sabe cu\u00e1ndo es madera, pl\u00e1stico o fantas\u00eda. Su esposa lo apoya para comprar cuentas y colores.\u00a0 Ordena los materiales y dise\u00f1a visualizando en la imaginaci\u00f3n: \u201cSi quiero un collar rojo, con cuentas blancas,\u00a0 lo voy haciendo en orden, sintiendo tama\u00f1os, texturas\u201d, explica.<\/p><p data-start=\"2274\" data-end=\"2800\">Luis se integr\u00f3 a\u00a0<strong data-start=\"2382\" data-end=\"2405\"><a href=\"https:\/\/soymigrante.com\/mercado\/\">SoyMigrante.com MERCADO<\/a><\/strong>\u00a0motivado por una presentaci\u00f3n e invitaci\u00f3n que se efectu\u00f3 en la Escuela del Comit\u00e9 ProCiegos y Sordos de Guatemala. \u201cEsta plataforma nos ayuda un mont\u00f3n a quienes no sabemos de tecnolog\u00eda. Es sencilla de manejar y llega a toda Guatemala. Primero Dios, as\u00ed llegar\u00e9 a m\u00e1s personas\u201d, expresa.<\/p>\t\t\t\t\t\t\t\t<\/div>\n\t\t\t\t\t<\/div>\n\t\t\t\t<\/div>\n\t\t<div data-particle_enable=\"false\" data-particle-mobile-disabled=\"false\" class=\"elementor-element elementor-element-0b928f4 e-flex e-con-boxed e-con e-parent\" data-id=\"0b928f4\" data-element_type=\"container\" data-e-type=\"container\">\n\t\t\t\t\t<div class=\"e-con-inner\">\n\t\t\t\t<div class=\"elementor-element elementor-element-6178e12 elementor-invisible elementor-widget elementor-widget-testimonial\" data-id=\"6178e12\" data-element_type=\"widget\" data-e-type=\"widget\" data-settings=\"{&quot;_animation&quot;:&quot;rotateInUpRight&quot;}\" data-widget_type=\"testimonial.default\">\n\t\t\t\t\t\t\t<div class=\"elementor-testimonial-wrapper\">\n\t\t\t\t\t\t\t<div class=\"elementor-testimonial-content\">\"Hago collares, aretes, rosarios, d\u00e9cimas, pero tambi\u00e9n aprend\u00ed hace a\u00f1os a reparar planchas y otros aparatos: tengo buena memoria y lo hago por tacto. No puedo quedarme sin hacer nada, quiero ser productivo y \u00fatil a mi familia. Nunca me dejo vencer\".<\/div>\n\t\t\t\n\t\t\t\t\t\t<div class=\"elementor-testimonial-meta elementor-has-image elementor-testimonial-image-position-aside\">\n\t\t\t\t<div class=\"elementor-testimonial-meta-inner\">\n\t\t\t\t\t\t\t\t\t\t\t<div class=\"elementor-testimonial-image\">\n\t\t\t\t\t\t\t<a href=\"https:\/\/soymigrante.com\/mercado\/\"><img loading=\"lazy\" decoding=\"async\" width=\"737\" height=\"991\" src=\"https:\/\/soymigrante.com\/revista\/wp-content\/uploads\/2025\/11\/emprendedor-luis-galindo-la-vision-del-tocar-3.jpg\" class=\"attachment-full size-full wp-image-48387\" alt=\"emprendedor luis galindo la vision del tocar 3\" title=\"emprendedor luis galindo la vision del tocar 3 \u2013 SoyMigrante.com REVISTA\" srcset=\"https:\/\/soymigrante.com\/revista\/wp-content\/uploads\/2025\/11\/emprendedor-luis-galindo-la-vision-del-tocar-3.jpg 737w, https:\/\/soymigrante.com\/revista\/wp-content\/uploads\/2025\/11\/emprendedor-luis-galindo-la-vision-del-tocar-3-223x300.jpg 223w\" sizes=\"(max-width: 737px) 100vw, 737px\" \/><\/a>\t\t\t\t\t\t<\/div>\n\t\t\t\t\t\n\t\t\t\t\t\t\t\t\t\t<div class=\"elementor-testimonial-details\">\n\t\t\t\t\t\t\t\t\t\t\t\t\t\t<a class=\"elementor-testimonial-name\" href=\"https:\/\/soymigrante.com\/mercado\/\">Luis Galindo<\/a>\n\t\t\t\t\t\t\t\t\t\t\t\t\t\t\t\t\t\t\t\t\t\t<a class=\"elementor-testimonial-job\" href=\"https:\/\/soymigrante.com\/mercado\/\">Emprendedor guatemalteco\ncon discapacidad visual desde hace\n4 a\u00f1os a causa de glaucoma.\nEs fundador de La Visi\u00f3n del Tocar,\ncuya tienda digital est\u00e1 en\nSoyMigrante.com MERCADO<\/a>\n\t\t\t\t\t\t\t\t\t\t\t\t\t<\/div>\n\t\t\t\t\t\t\t\t\t<\/div>\n\t\t\t<\/div>\n\t\t\t\t\t<\/div>\n\t\t\t\t\t\t<\/div>\n\t\t\t\t\t<\/div>\n\t\t\t\t<\/div>\n\t\t<div data-particle_enable=\"false\" data-particle-mobile-disabled=\"false\" class=\"elementor-element elementor-element-b7976e9 e-flex e-con-boxed e-con e-parent\" data-id=\"b7976e9\" data-element_type=\"container\" data-e-type=\"container\">\n\t\t\t\t\t<div class=\"e-con-inner\">\n\t\t\t\t<div class=\"elementor-element elementor-element-147f99d elementor-align-center elementor-widget elementor-widget-global elementor-global-14402 elementor-widget-button\" data-id=\"147f99d\" data-element_type=\"widget\" data-e-type=\"widget\" data-widget_type=\"button.default\">\n\t\t\t\t\t\t\t\t\t\t<a class=\"elementor-button elementor-button-link elementor-size-sm\" href=\"https:\/\/soymigrante.com\/mercado\/marketplace\/seller\/register\">\n\t\t\t\t\t\t<span class=\"elementor-button-content-wrapper\">\n\t\t\t\t\t\t<span class=\"elementor-button-icon\">\n\t\t\t\t<i aria-hidden=\"true\" class=\"fas fa-cart-arrow-down\"><\/i>\t\t\t<\/span>\n\t\t\t\t\t\t\t\t\t<span class=\"elementor-button-text\">\u00bfERES EMPRENDEDOR Y QUIERES ENTRAR AL COMERCIO DIGITAL? NO ESPERES M\u00c1S Y  ABRE TU TIENDA DIGITAL  EN SOYMIGRANTE.COM\/MERCADO <\/span>\n\t\t\t\t\t<\/span>\n\t\t\t\t\t<\/a>\n\t\t\t\t\t\t\t\t<\/div>\n\t\t\t\t\t<\/div>\n\t\t\t\t<\/div>\n\t\t<div data-particle_enable=\"false\" data-particle-mobile-disabled=\"false\" class=\"elementor-element elementor-element-9ba9344 e-flex e-con-boxed e-con e-parent\" data-id=\"9ba9344\" data-element_type=\"container\" data-e-type=\"container\">\n\t\t\t\t\t<div class=\"e-con-inner\">\n\t\t\t\t<div class=\"elementor-element elementor-element-4683846 elementor-widget elementor-widget-heading\" data-id=\"4683846\" data-element_type=\"widget\" data-e-type=\"widget\" data-widget_type=\"heading.default\">\n\t\t\t\t\t<h3 class=\"elementor-heading-title elementor-size-default\">Poderoso mensaje de vida<\/h3>\t\t\t\t<\/div>\n\t\t\t\t\t<\/div>\n\t\t\t\t<\/div>\n\t\t<div data-particle_enable=\"false\" data-particle-mobile-disabled=\"false\" class=\"elementor-element elementor-element-05549fd e-flex e-con-boxed e-con e-parent\" data-id=\"05549fd\" data-element_type=\"container\" data-e-type=\"container\">\n\t\t\t\t\t<div class=\"e-con-inner\">\n\t\t\t\t<div class=\"elementor-element elementor-element-c197413 elementor-widget elementor-widget-text-editor\" data-id=\"c197413\" data-element_type=\"widget\" data-e-type=\"widget\" data-widget_type=\"text-editor.default\">\n\t\t\t\t\t\t\t\t\t<p data-start=\"372\" data-end=\"825\">El brillo de las piezas elaboradas a mano por Luis Galindo no solo est\u00e1 en los colores o materiales, sino en la historia que encierran: en el ejemplo de fortaleza que transmiten de origen.\u00a0 Cada collar, cada rosario, cada pulsera es una prueba de que la perseverancia y la capacidad de transformaci\u00f3n personal pueden convertir la adversidad en arte.\u00a0<\/p><p data-start=\"372\" data-end=\"825\">De hecho a veces Luis Galindo acude a vender sus productos en algunas iglesias, pero en ocasiones esta iniciativa se ve dificultada por personas que ya tienen negocios instalados. &#8220;Pero lo que hago es irme a otra iglesia. Siempre hay gente que te ayuda en otro lugar&#8221;, expresa.\u00a0<\/p><p data-start=\"372\" data-end=\"825\">Al fin y al cabo su objetivo es ser productivo, seguir vigente y seguir siendo proveedor de recursos en casa.\u00a0 \u201cTodos los d\u00edas veo qu\u00e9 hago por ganarme el pan\u201d, dice. Y en ese gesto cotidiano, humilde y luminoso, <span data-start=\"3142\" data-end=\"3232\">Luis Galindo confirma que la visi\u00f3n fundamental no est\u00e1 solo en los ojos, sino en el coraz\u00f3n<b>.<\/b><\/span><\/p>\t\t\t\t\t\t\t\t<\/div>\n\t\t\t\t\t<\/div>\n\t\t\t\t<\/div>\n\t\t<div data-particle_enable=\"false\" data-particle-mobile-disabled=\"false\" class=\"elementor-element elementor-element-41dda2d e-flex e-con-boxed e-con e-parent\" data-id=\"41dda2d\" data-element_type=\"container\" data-e-type=\"container\">\n\t\t\t\t\t<div class=\"e-con-inner\">\n\t\t\t\t<div class=\"elementor-element elementor-element-803cfec elementor-widget elementor-widget-image\" data-id=\"803cfec\" data-element_type=\"widget\" data-e-type=\"widget\" data-widget_type=\"image.default\">\n\t\t\t\t\t\t\t\t\t\t\t\t<figure class=\"wp-caption\">\n\t\t\t\t\t\t\t\t\t\t<img loading=\"lazy\" decoding=\"async\" width=\"737\" height=\"904\" src=\"https:\/\/soymigrante.com\/revista\/wp-content\/uploads\/2025\/11\/emprendedor-luis-galindo-la-vision-del-tocar-4.jpg\" class=\"attachment-large size-large wp-image-48386\" alt=\"Cada pieza surgida de las manos de Luis Galindo y disponible en la tienda digital La Visi\u00f3n del Tocar, en SoyMigrante.com MERCADO es una lecci\u00f3n de resiliencia, esperanza, fe y amor familiar. Si gustas apoyarlo comprando sus productos, clic en la imagen para ir a su tienda.\" srcset=\"https:\/\/soymigrante.com\/revista\/wp-content\/uploads\/2025\/11\/emprendedor-luis-galindo-la-vision-del-tocar-4.jpg 737w, https:\/\/soymigrante.com\/revista\/wp-content\/uploads\/2025\/11\/emprendedor-luis-galindo-la-vision-del-tocar-4-245x300.jpg 245w\" sizes=\"(max-width: 737px) 100vw, 737px\" title=\"Cada pieza surgida de las manos de Luis Galindo y disponible en la tienda digital La Visi\u00f3n del Tocar, en SoyMigrante.com MERCADO es una lecci\u00f3n de resiliencia, esperanza, fe y amor familiar.  Si gustas apoyarlo comprando sus productos, clic en la imagen para ir a su tienda. \u2013 SoyMigrante.com REVISTA\" \/>\t\t\t\t\t\t\t\t\t\t\t<figcaption class=\"widget-image-caption wp-caption-text\">Cada pieza surgida de las manos de Luis Galindo y disponible en la tienda digital La Visi\u00f3n del Tocar, en SoyMigrante.com MERCADO es una lecci\u00f3n de resiliencia, esperanza, fe y amor familiar.  Si gustas apoyarlo comprando sus productos, clic en la imagen para ir a su tienda.<\/figcaption>\n\t\t\t\t\t\t\t\t\t\t<\/figure>\n\t\t\t\t\t\t\t\t\t<\/div>\n\t\t\t\t\t<\/div>\n\t\t\t\t<\/div>\n\t\t<div data-particle_enable=\"false\" data-particle-mobile-disabled=\"false\" class=\"elementor-element elementor-element-4572f2f e-flex e-con-boxed e-con e-parent\" data-id=\"4572f2f\" data-element_type=\"container\" data-e-type=\"container\">\n\t\t\t\t\t<div class=\"e-con-inner\">\n\t\t\t\t<div class=\"elementor-element elementor-element-ff553ad elementor-widget elementor-widget-heading\" data-id=\"ff553ad\" data-element_type=\"widget\" data-e-type=\"widget\" data-widget_type=\"heading.default\">\n\t\t\t\t\t<h2 class=\"elementor-heading-title elementor-size-default\">Detr\u00e1s de cada emprendimiento siempre hay una gran historia<\/h2>\t\t\t\t<\/div>\n\t\t\t\t\t<\/div>\n\t\t\t\t<\/div>\n\t\t<div data-particle_enable=\"false\" data-particle-mobile-disabled=\"false\" class=\"elementor-element elementor-element-7b919da e-flex e-con-boxed e-con e-parent\" data-id=\"7b919da\" data-element_type=\"container\" data-e-type=\"container\">\n\t\t\t\t\t<div class=\"e-con-inner\">\n\t\t\t\t<div class=\"elementor-element elementor-element-5ffd169 elementor-grid-eael-col-3 elementor-grid-tablet-eael-col-2 elementor-grid-mobile-eael-col-1 elementor-widget elementor-widget-eael-post-grid\" data-id=\"5ffd169\" data-element_type=\"widget\" data-e-type=\"widget\" data-settings=\"{&quot;eael_post_grid_columns&quot;:&quot;eael-col-3&quot;,&quot;eael_post_grid_columns_tablet&quot;:&quot;eael-col-2&quot;,&quot;eael_post_grid_columns_mobile&quot;:&quot;eael-col-1&quot;}\" data-widget_type=\"eael-post-grid.default\">\n\t\t\t\t\t<div id=\"eael-post-grid-5ffd169\" class=\"eael-post-grid-container\">\n            <div class=\"eael-post-grid eael-post-appender eael-post-appender-5ffd169 eael-post-grid-style-one\" data-layout-mode=\"masonry\"><article class=\"eael-grid-post  eael-post-grid-column eael-pg-post-10385 category-guate-nuestra tags-mercado-emprendedores\" data-id=\"10385\">\n        <div class=\"eael-grid-post-holder\">\n            <div class=\"eael-grid-post-holder-inner\"><div class=\"eael-entry-media\"><div class=\"eael-entry-overlay fade-in\"><i class=\"far fa-hand-pointer\" aria-hidden=\"true\"><\/i><a href=\"https:\/\/soymigrante.com\/revista\/cooperativa-yax-transforma-una-planta-recicladora-en-huehuetenango-que-crea-y-genera-empleo\/\"><\/a><\/div><div class=\"eael-entry-thumbnail eael-image-ratio\">\n                <img loading=\"lazy\" decoding=\"async\" width=\"1024\" height=\"1024\" src=\"https:\/\/soymigrante.com\/revista\/wp-content\/uploads\/2024\/10\/yax-transforma-1024x1024.webp\" class=\"attachment-large size-large wp-image-10489\" alt=\"Transformaci\u00f3n social en eventos de SoyMigrante.com REVISTA, promoviendo inclusi\u00f3n y derechos de migrantes en Am\u00e9rica Latina.\" srcset=\"https:\/\/soymigrante.com\/revista\/wp-content\/uploads\/2024\/10\/yax-transforma-1024x1024.webp 1024w, https:\/\/soymigrante.com\/revista\/wp-content\/uploads\/2024\/10\/yax-transforma-300x300.webp 300w, https:\/\/soymigrante.com\/revista\/wp-content\/uploads\/2024\/10\/yax-transforma-150x150.webp 150w, https:\/\/soymigrante.com\/revista\/wp-content\/uploads\/2024\/10\/yax-transforma-768x768.webp 768w, https:\/\/soymigrante.com\/revista\/wp-content\/uploads\/2024\/10\/yax-transforma-75x75.webp 75w, https:\/\/soymigrante.com\/revista\/wp-content\/uploads\/2024\/10\/yax-transforma-750x750.webp 750w, https:\/\/soymigrante.com\/revista\/wp-content\/uploads\/2024\/10\/yax-transforma.webp 1049w\" sizes=\"(max-width: 1024px) 100vw, 1024px\" \/>\n            <\/div>\n        <\/div><div class=\"eael-entry-wrapper\"><header class=\"eael-entry-header\"><h2 class=\"eael-entry-title\"><a class=\"eael-grid-post-link\" href=\"https:\/\/soymigrante.com\/revista\/cooperativa-yax-transforma-una-planta-recicladora-en-huehuetenango-que-crea-y-genera-empleo\/\" title=\"Yax Transforma recolecta pl\u00e1stico y lo convierte en tablas, mesas, postes y&#8230; empleos\">Yax Transforma recolecta pl\u00e1stico y lo convierte en tablas, mesas, postes y&#8230; empleos<\/a><\/h2><\/header><div class=\"eael-entry-content\">\n                        <div class=\"eael-grid-post-excerpt\"><a href=\"https:\/\/soymigrante.com\/revista\/cooperativa-yax-transforma-una-planta-recicladora-en-huehuetenango-que-crea-y-genera-empleo\/\" class=\"eael-post-elements-readmore-btn\">CONOCE SU HISTORIA <\/a><\/div>\n                    <\/div><\/div><\/div>\n        <\/div>\n    <\/article><article class=\"eael-grid-post  eael-post-grid-column eael-pg-post-10732 category-guate-nuestra tags-mercado-emprendedores\" data-id=\"10732\">\n        <div class=\"eael-grid-post-holder\">\n            <div class=\"eael-grid-post-holder-inner\"><div class=\"eael-entry-media\"><div class=\"eael-entry-overlay fade-in\"><i class=\"far fa-hand-pointer\" aria-hidden=\"true\"><\/i><a href=\"https:\/\/soymigrante.com\/revista\/maderas-grissell-de-la-familia-oxom-crea-muebles-y-piezas-decorativas-en-coban\/\"><\/a><\/div><div class=\"eael-entry-thumbnail eael-image-ratio\">\n                <img loading=\"lazy\" decoding=\"async\" width=\"750\" height=\"750\" src=\"https:\/\/soymigrante.com\/revista\/wp-content\/uploads\/2024\/10\/grissell-coban.webp\" class=\"attachment-large size-large wp-image-10972\" alt=\"Espejo de pie de madera, art\u00edculos de decoraci\u00f3n y accesorios para ba\u00f1os en un espacio comercial. Muestra productos de est\u00e9tica, mobiliario y art\u00edculos de higiene personal.\" srcset=\"https:\/\/soymigrante.com\/revista\/wp-content\/uploads\/2024\/10\/grissell-coban.webp 750w, https:\/\/soymigrante.com\/revista\/wp-content\/uploads\/2024\/10\/grissell-coban-300x300.webp 300w, https:\/\/soymigrante.com\/revista\/wp-content\/uploads\/2024\/10\/grissell-coban-150x150.webp 150w, https:\/\/soymigrante.com\/revista\/wp-content\/uploads\/2024\/10\/grissell-coban-75x75.webp 75w\" sizes=\"(max-width: 750px) 100vw, 750px\" \/>\n            <\/div>\n        <\/div><div class=\"eael-entry-wrapper\"><header class=\"eael-entry-header\"><h2 class=\"eael-entry-title\"><a class=\"eael-grid-post-link\" href=\"https:\/\/soymigrante.com\/revista\/maderas-grissell-de-la-familia-oxom-crea-muebles-y-piezas-decorativas-en-coban\/\" title=\"Familia Oxom crea muebles y piezas decorativas en Maderas Gryssell que ya est\u00e1 en MERCADO\">Familia Oxom crea muebles y piezas decorativas en Maderas Gryssell que ya est\u00e1 en MERCADO<\/a><\/h2><\/header><div class=\"eael-entry-content\">\n                        <div class=\"eael-grid-post-excerpt\"><a href=\"https:\/\/soymigrante.com\/revista\/maderas-grissell-de-la-familia-oxom-crea-muebles-y-piezas-decorativas-en-coban\/\" class=\"eael-post-elements-readmore-btn\">CONOCE SU HISTORIA <\/a><\/div>\n                    <\/div><\/div><\/div>\n        <\/div>\n    <\/article><article class=\"eael-grid-post  eael-post-grid-column eael-pg-post-10940 category-guate-nuestra tags-mercado-emprendedores\" data-id=\"10940\">\n        <div class=\"eael-grid-post-holder\">\n            <div class=\"eael-grid-post-holder-inner\"><div class=\"eael-entry-media\"><div class=\"eael-entry-overlay fade-in\"><i class=\"far fa-hand-pointer\" aria-hidden=\"true\"><\/i><a href=\"https:\/\/soymigrante.com\/revista\/black-and-white-piezas-artesanales-de-mostacilla-e-ingenio\/\"><\/a><\/div><div class=\"eael-entry-thumbnail eael-image-ratio\">\n                <img loading=\"lazy\" decoding=\"async\" width=\"736\" height=\"736\" src=\"https:\/\/soymigrante.com\/revista\/wp-content\/uploads\/2024\/10\/Mostacilla-feature.webp\" class=\"attachment-large size-large wp-image-10943\" alt=\"Amuletos tradicionales de Guatemala hechos a mano con mostacillas representando cultura y protecci\u00f3n.\" srcset=\"https:\/\/soymigrante.com\/revista\/wp-content\/uploads\/2024\/10\/Mostacilla-feature.webp 736w, https:\/\/soymigrante.com\/revista\/wp-content\/uploads\/2024\/10\/Mostacilla-feature-300x300.webp 300w, https:\/\/soymigrante.com\/revista\/wp-content\/uploads\/2024\/10\/Mostacilla-feature-150x150.webp 150w, https:\/\/soymigrante.com\/revista\/wp-content\/uploads\/2024\/10\/Mostacilla-feature-75x75.webp 75w\" sizes=\"(max-width: 736px) 100vw, 736px\" \/>\n            <\/div>\n        <\/div><div class=\"eael-entry-wrapper\"><header class=\"eael-entry-header\"><h2 class=\"eael-entry-title\"><a class=\"eael-grid-post-link\" href=\"https:\/\/soymigrante.com\/revista\/black-and-white-piezas-artesanales-de-mostacilla-e-ingenio\/\" title=\"KLB Studio: mujeres mayas de Solol\u00e1 elaboran accesorios originales con mostacilla y creatividad\">KLB Studio: mujeres mayas de Solol\u00e1 elaboran accesorios originales con mostacilla y creatividad<\/a><\/h2><\/header><div class=\"eael-entry-content\">\n                        <div class=\"eael-grid-post-excerpt\"><a href=\"https:\/\/soymigrante.com\/revista\/black-and-white-piezas-artesanales-de-mostacilla-e-ingenio\/\" class=\"eael-post-elements-readmore-btn\">CONOCE SU HISTORIA <\/a><\/div>\n                    <\/div><\/div><\/div>\n        <\/div>\n    <\/article><\/div>\n            <div class=\"clearfix\"><\/div>\n        <\/div>            <div class=\"eael-load-more-button-wrap eael-force-hide\">\n                <button class=\"eael-load-more-button\" id=\"eael-load-more-btn-5ffd169\" data-widget-id=\"5ffd169\" data-widget=\"5ffd169\" data-page-id=\"48376\" data-template=\"{&quot;dir&quot;:&quot;lite&quot;,&quot;file_name&quot;:&quot;one.php&quot;,&quot;name&quot;:&quot;Post-Grid&quot;}\" data-class=\"Essential_Addons_Elementor\\Elements\\Post_Grid\" data-layout=\"masonry\" data-page=\"1\" data-args=\"orderby=author&amp;order=desc&amp;ignore_sticky_posts=1&amp;post_status=publish&amp;posts_per_page=3&amp;offset=0&amp;post_type=post&amp;tax_query%5B0%5D%5Btaxonomy%5D=post_tag&amp;tax_query%5B0%5D%5Bfield%5D=term_id&amp;tax_query%5B0%5D%5Bterms%5D%5B0%5D=130&amp;tax_query%5Brelation%5D=AND\" data-max-page=\"35\">\n                    <span class=\"eael-btn-loader button__loader\"><\/span>\n                    <span class=\"eael_load_more_text\">Load More<\/span>\n                <\/button>\n            <\/div>\n            \t\t\t\t<\/div>\n\t\t\t\t\t<\/div>\n\t\t\t\t<\/div>\n\t\t\t\t<\/div>\n\t\t","protected":false},"excerpt":{"rendered":"<p>&#8220;Hay que aprender a desaprender para aprender otra vez&#8221;, dice Luis Galindo, quien perdi\u00f3 la vista hace 4 a\u00f1os a causa de glaucoma. Hoy elabora, al tacto, bisuter\u00eda y rosarios que vende en su tienda digital La Visi\u00f3n del Tocar en MERCADO. Hace cuatro a\u00f1os, Luis Galindo fue diagnosticado de glaucoma, padecimiento que le ocasion\u00f3 [&hellip;]<\/p>\n","protected":false},"author":7,"featured_media":48377,"comment_status":"open","ping_status":"open","sticky":false,"template":"","format":"standard","meta":{"_acf_changed":false,"_eb_attr":"","footnotes":""},"categories":[58],"tags":[130],"class_list":["post-48376","post","type-post","status-publish","format-standard","has-post-thumbnail","hentry","category-guate-nuestra","tag-mercado-emprendedores"],"acf":[],"aioseo_notices":[],"aioseo_head":"\n\t\t<!-- All in One SEO Pro 4.9.6.2 - aioseo.com -->\n\t<meta name=\"description\" content=\"KLB Studio es una asociaci\u00f3n que agrupa a creativas mujeres mayas de Solol\u00e1 que elaboran collares y otros accesorios. Ahora est\u00e1n en SoyMigrante MERCADO\" \/>\n\t<meta name=\"robots\" content=\"max-snippet:-1, max-image-preview:large, max-video-preview:-1\" \/>\n\t<meta name=\"author\" content=\"Beatriz Tercero\"\/>\n\t<link rel=\"canonical\" href=\"https:\/\/soymigrante.com\/revista\/black-and-white-piezas-artesanales-de-mostacilla-e-ingenio\/\" \/>\n\t<meta name=\"generator\" content=\"All in One SEO Pro (AIOSEO) 4.9.6.2\" \/>\n\n\t\t<link rel=\"preconnect\" href=\"https:\/\/fonts.googleapis.com\" crossorigin>\n<link rel=\"preconnect\" href=\"https:\/\/fonts.gstatic.com\" crossorigin>\n\t\t<meta property=\"og:locale\" content=\"es_ES\" \/>\n\t\t<meta property=\"og:site_name\" content=\"SoyMigrante.com REVISTA \u2013 Nuestra misi\u00f3n es reconocer y dignificar al migrante.\" \/>\n\t\t<meta property=\"og:type\" content=\"article\" \/>\n\t\t<meta property=\"og:title\" content=\"KLB Studio crea detalles artesanales con mostacilla e ingenio\" \/>\n\t\t<meta property=\"og:description\" content=\"KLB Studio es una asociaci\u00f3n que agrupa a creativas mujeres mayas de Solol\u00e1 que elaboran collares y otros accesorios. Ahora est\u00e1n en SoyMigrante MERCADO\" \/>\n\t\t<meta property=\"og:url\" content=\"https:\/\/soymigrante.com\/revista\/black-and-white-piezas-artesanales-de-mostacilla-e-ingenio\/\" \/>\n\t\t<meta property=\"og:image\" content=\"https:\/\/soymigrante.com\/revista\/wp-content\/uploads\/2024\/10\/Mostacilla-feature.webp\" \/>\n\t\t<meta property=\"og:image:secure_url\" content=\"https:\/\/soymigrante.com\/revista\/wp-content\/uploads\/2024\/10\/Mostacilla-feature.webp\" \/>\n\t\t<meta property=\"og:image:width\" content=\"736\" \/>\n\t\t<meta property=\"og:image:height\" content=\"736\" \/>\n\t\t<meta property=\"article:published_time\" content=\"2024-11-05T17:56:51+00:00\" \/>\n\t\t<meta property=\"article:modified_time\" content=\"2024-12-01T05:02:12+00:00\" \/>\n\t\t<meta property=\"article:publisher\" content=\"https:\/\/www.facebook.com\/soymigrantecom\" \/>\n\t\t<meta name=\"twitter:card\" content=\"summary_large_image\" \/>\n\t\t<meta name=\"twitter:site\" content=\"@SoyMigrante_com\" \/>\n\t\t<meta name=\"twitter:title\" content=\"KLB Studio crea detalles artesanales con mostacilla e ingenio\" \/>\n\t\t<meta name=\"twitter:description\" content=\"KLB Studio es una asociaci\u00f3n que agrupa a creativas mujeres mayas de Solol\u00e1 que elaboran collares y otros accesorios. Ahora est\u00e1n en SoyMigrante MERCADO\" \/>\n\t\t<meta name=\"twitter:creator\" content=\"@SoyMigrante_com\" \/>\n\t\t<meta name=\"twitter:image\" content=\"https:\/\/soymigrante.com\/revista\/wp-content\/uploads\/2024\/10\/Mostacilla-feature.webp\" \/>\n\t\t<!-- All in One SEO Pro -->\r\n\t\t<title>KLB Studio crea detalles artesanales con mostacilla e ingenio<\/title>\n\n","aioseo_head_json":{"title":"KLB Studio crea detalles artesanales con mostacilla e ingenio","description":"KLB Studio es una asociaci\u00f3n que agrupa a creativas mujeres mayas de Solol\u00e1 que elaboran collares y otros accesorios. Ahora est\u00e1n en SoyMigrante MERCADO","canonical_url":"https:\/\/soymigrante.com\/revista\/black-and-white-piezas-artesanales-de-mostacilla-e-ingenio\/","robots":"max-snippet:-1, max-image-preview:large, max-video-preview:-1","keywords":"","webmasterTools":{"miscellaneous":"&lt;link rel=\"preconnect\" href=\"https:\/\/fonts.googleapis.com\" crossorigin&gt;\n&lt;link rel=\"preconnect\" href=\"https:\/\/fonts.gstatic.com\" crossorigin&gt;"},"schema":null,"og:locale":"es_ES","og:site_name":"SoyMigrante.com REVISTA \u2013 Nuestra misi\u00f3n es reconocer y dignificar al migrante.","og:type":"article","og:title":"KLB Studio crea detalles artesanales con mostacilla e ingenio","og:description":"KLB Studio es una asociaci\u00f3n que agrupa a creativas mujeres mayas de Solol\u00e1 que elaboran collares y otros accesorios. Ahora est\u00e1n en SoyMigrante MERCADO","og:url":"https:\/\/soymigrante.com\/revista\/black-and-white-piezas-artesanales-de-mostacilla-e-ingenio\/","og:image":"https:\/\/soymigrante.com\/revista\/wp-content\/uploads\/2024\/10\/Mostacilla-feature.webp","og:image:secure_url":"https:\/\/soymigrante.com\/revista\/wp-content\/uploads\/2024\/10\/Mostacilla-feature.webp","og:image:width":736,"og:image:height":736,"article:published_time":"2024-11-05T17:56:51+00:00","article:modified_time":"2024-12-01T05:02:12+00:00","article:publisher":"https:\/\/www.facebook.com\/soymigrantecom","twitter:card":"summary_large_image","twitter:site":"@SoyMigrante_com","twitter:title":"KLB Studio crea detalles artesanales con mostacilla e ingenio","twitter:description":"KLB Studio es una asociaci\u00f3n que agrupa a creativas mujeres mayas de Solol\u00e1 que elaboran collares y otros accesorios. Ahora est\u00e1n en SoyMigrante MERCADO","twitter:creator":"@SoyMigrante_com","twitter:image":"https:\/\/soymigrante.com\/revista\/wp-content\/uploads\/2024\/10\/Mostacilla-feature.webp"},"aioseo_meta_data":{"post_id":"48376","title":"Fe y fortaleza gu\u00edan emprendimiento La Visi\u00f3n del Tocar","description":"Luis Galindo perdi\u00f3 la vista por glaucoma. Elabora collares y rosarios para aportar a su familia. Su tienda digital La Visi\u00f3n del Tocar est\u00e1 en MERCADO","keywords":null,"keyphrases":{"focus":{"keyphrase":"Emprendedor","score":63,"analysis":{"keyphraseInTitle":{"score":3,"maxScore":9,"error":1},"keyphraseInDescription":{"score":3,"maxScore":9,"error":1},"keyphraseLength":{"score":9,"maxScore":9,"error":0,"length":1},"keyphraseInURL":{"score":5,"maxScore":5,"error":0}}},"additional":[{"keyphrase":"Mercado","score":100,"analysis":{"keyphraseInDescription":{"score":9,"maxScore":9,"error":0},"keyphraseLength":{"score":9,"maxScore":9,"error":0,"length":1}}},{"keyphrase":"Tienda","score":100,"analysis":{"keyphraseInDescription":{"score":9,"maxScore":9,"error":0},"keyphraseLength":{"score":9,"maxScore":9,"error":0,"length":1}}}]},"primary_term":null,"canonical_url":null,"og_title":null,"og_description":null,"og_object_type":"default","og_image_type":"default","og_image_url":null,"og_image_width":null,"og_image_height":null,"og_image_custom_url":null,"og_image_custom_fields":null,"og_video":"","og_custom_url":null,"og_article_section":null,"og_article_tags":null,"twitter_use_og":false,"twitter_card":"default","twitter_image_type":"default","twitter_image_url":null,"twitter_image_custom_url":null,"twitter_image_custom_fields":null,"twitter_title":null,"twitter_description":null,"schema":{"blockGraphs":[],"customGraphs":[],"default":{"data":{"Article":[],"Course":[],"Dataset":[],"FAQPage":[],"Movie":[],"Person":[],"Product":[],"ProductReview":[],"Car":[],"Recipe":[],"Service":[],"SoftwareApplication":[],"WebPage":[]},"graphName":"NewsArticle","isEnabled":true},"graphs":[]},"schema_type":"default","schema_type_options":null,"pillar_content":false,"robots_default":true,"robots_noindex":false,"robots_noarchive":false,"robots_nosnippet":false,"robots_nofollow":false,"robots_noimageindex":false,"robots_noodp":false,"robots_notranslate":false,"robots_max_snippet":"-1","robots_max_videopreview":"-1","robots_max_imagepreview":"large","priority":null,"frequency":"default","local_seo":null,"seo_analyzer_scan_date":"2025-11-11 18:50:31","breadcrumb_settings":null,"limit_modified_date":false,"reviewed_by":"0","open_ai":null,"ai":{"faqs":[],"keyPoints":[],"titles":[],"descriptions":[],"socialPosts":{"email":[],"linkedin":[],"twitter":[],"facebook":[],"instagram":[]}},"created":"2025-11-11 14:21:29","updated":"2026-02-05 07:01:11"},"aioseo_breadcrumb":"<div class=\"aioseo-breadcrumbs\"><span class=\"aioseo-breadcrumb\">\n\t<a href=\"https:\/\/soymigrante.com\/revista\" title=\"Home\">Home<\/a>\n<\/span><span class=\"aioseo-breadcrumb-separator\">\u00bb<\/span><span class=\"aioseo-breadcrumb\">\n\t<a href=\"https:\/\/soymigrante.com\/revista\/category\/guate-nuestra\/\" title=\"Guate Nuestra\">Guate Nuestra<\/a>\n<\/span><span class=\"aioseo-breadcrumb-separator\">\u00bb<\/span><span class=\"aioseo-breadcrumb\">\n\tEmprendedor Luis Galindo desaf\u00eda barreras con rosarios y collares La Visi\u00f3n del Tocar\n<\/span><\/div>","aioseo_breadcrumb_json":[{"label":"Home","link":"https:\/\/soymigrante.com\/revista"},{"label":"Guate Nuestra","link":"https:\/\/soymigrante.com\/revista\/category\/guate-nuestra\/"},{"label":"Emprendedor Luis Galindo desaf\u00eda barreras con rosarios y collares La Visi\u00f3n del Tocar","link":"https:\/\/soymigrante.com\/revista\/emprendedor-luis-galindo-desafia-barreras-con-rosarios-y-collares-la-vision-del-tocar\/"}],"_links":{"self":[{"href":"https:\/\/soymigrante.com\/revista\/wp-json\/wp\/v2\/posts\/48376","targetHints":{"allow":["GET"]}}],"collection":[{"href":"https:\/\/soymigrante.com\/revista\/wp-json\/wp\/v2\/posts"}],"about":[{"href":"https:\/\/soymigrante.com\/revista\/wp-json\/wp\/v2\/types\/post"}],"author":[{"embeddable":true,"href":"https:\/\/soymigrante.com\/revista\/wp-json\/wp\/v2\/users\/7"}],"replies":[{"embeddable":true,"href":"https:\/\/soymigrante.com\/revista\/wp-json\/wp\/v2\/comments?post=48376"}],"version-history":[{"count":19,"href":"https:\/\/soymigrante.com\/revista\/wp-json\/wp\/v2\/posts\/48376\/revisions"}],"predecessor-version":[{"id":48417,"href":"https:\/\/soymigrante.com\/revista\/wp-json\/wp\/v2\/posts\/48376\/revisions\/48417"}],"wp:featuredmedia":[{"embeddable":true,"href":"https:\/\/soymigrante.com\/revista\/wp-json\/wp\/v2\/media\/48377"}],"wp:attachment":[{"href":"https:\/\/soymigrante.com\/revista\/wp-json\/wp\/v2\/media?parent=48376"}],"wp:term":[{"taxonomy":"category","embeddable":true,"href":"https:\/\/soymigrante.com\/revista\/wp-json\/wp\/v2\/categories?post=48376"},{"taxonomy":"post_tag","embeddable":true,"href":"https:\/\/soymigrante.com\/revista\/wp-json\/wp\/v2\/tags?post=48376"}],"curies":[{"name":"wp","href":"https:\/\/api.w.org\/{rel}","templated":true}]}}